{"id":5203,"date":"2024-07-08T12:53:59","date_gmt":"2024-07-08T12:53:59","guid":{"rendered":"https:\/\/thefortune.one\/?p=5203"},"modified":"2024-07-08T12:53:59","modified_gmt":"2024-07-08T12:53:59","slug":"agenda-de-politica-camara-se-prepara-para-votar-regulamentacao-da-reforma-tributaria","status":"publish","type":"post","link":"https:\/\/thefortune.one\/pt\/agenda-de-politica-camara-se-prepara-para-votar-regulamentacao-da-reforma-tributaria\/","title":{"rendered":"Agenda de pol\u00edtica: C\u00e2mara se prepara para votar regulamenta\u00e7\u00e3o da reforma tribut\u00e1ria"},"content":{"rendered":"<p>Parecer elaborado pelo grupo de trabalho foi apresentado na semana passada e ainda deve ter ajustes<\/p>\n\n\n\n<figure class=\"wp-block-image size-full\"><img fetchpriority=\"high\" decoding=\"async\" width=\"300\" height=\"300\" src=\"https:\/\/thefortune.one\/wp-content\/uploads\/2024\/07\/image-3.png\" alt=\"\" class=\"wp-image-5204\" srcset=\"https:\/\/thefortune.one\/wp-content\/uploads\/2024\/07\/image-3.png 300w, https:\/\/thefortune.one\/wp-content\/uploads\/2024\/07\/image-3-150x150.png 150w, https:\/\/thefortune.one\/wp-content\/uploads\/2024\/07\/image-3-12x12.png 12w\" sizes=\"(max-width: 300px) 100vw, 300px\" \/><\/figure>\n\n\n\n<p><a href=\"https:\/\/web.whatsapp.com\/send?text=Agenda%20de%20pol%C3%ADtica:%20C%C3%A2mara%20se%20prepara%20para%20votar%20regulamenta%C3%A7%C3%A3o%20da%20reforma%20tribut%C3%A1ria%20https%3A%2F%2Finteligenciafinanceira.com.br%2Fmercado-financeiro%2Feconomia%2Fagenda-de-politica-camara-se-prepara-para-votar-regulamentacao-da-reforma-tributaria%2F\" target=\"_blank\" rel=\"noreferrer noopener\"><\/a><a href=\"https:\/\/www.linkedin.com\/sharing\/share-offsite\/?url=https%3A%2F%2Finteligenciafinanceira.com.br%2Fmercado-financeiro%2Feconomia%2Fagenda-de-politica-camara-se-prepara-para-votar-regulamentacao-da-reforma-tributaria%2F&amp;title=Agenda%20de%20pol%C3%ADtica:%20C%C3%A2mara%20se%20prepara%20para%20votar%20regulamenta%C3%A7%C3%A3o%20da%20reforma%20tribut%C3%A1ria\" target=\"_blank\" rel=\"noreferrer noopener\"><\/a><a href=\"https:\/\/t.me\/share\/url?url=https%3A%2F%2Finteligenciafinanceira.com.br%2Fmercado-financeiro%2Feconomia%2Fagenda-de-politica-camara-se-prepara-para-votar-regulamentacao-da-reforma-tributaria%2F&amp;text=Agenda%20de%20pol%C3%ADtica:%20C%C3%A2mara%20se%20prepara%20para%20votar%20regulamenta%C3%A7%C3%A3o%20da%20reforma%20tribut%C3%A1ria\" target=\"_blank\" rel=\"noreferrer noopener\"><\/a><a href=\"https:\/\/twitter.com\/intent\/tweet?text=Agenda%20de%20pol%C3%ADtica:%20C%C3%A2mara%20se%20prepara%20para%20votar%20regulamenta%C3%A7%C3%A3o%20da%20reforma%20tribut%C3%A1ria&amp;url=https%3A%2F%2Finteligenciafinanceira.com.br%2Fmercado-financeiro%2Feconomia%2Fagenda-de-politica-camara-se-prepara-para-votar-regulamentacao-da-reforma-tributaria%2F&amp;\" target=\"_blank\" rel=\"noreferrer noopener\"><\/a><a href=\"https:\/\/www.facebook.com\/sharer\/sharer.php?u=https%3A%2F%2Finteligenciafinanceira.com.br%2Fmercado-financeiro%2Feconomia%2Fagenda-de-politica-camara-se-prepara-para-votar-regulamentacao-da-reforma-tributaria%2F\" target=\"_blank\" rel=\"noreferrer noopener\"><\/a><a href=\"mailto:?subject=Agenda%20de%20pol%C3%ADtica:%20C%C3%A2mara%20se%20prepara%20para%20votar%20regulamenta%C3%A7%C3%A3o%20da%20reforma%20tribut%C3%A1ria&amp;body=Veja%20mais%20em%20https%3A%2F%2Finteligenciafinanceira.com.br%2Fmercado-financeiro%2Feconomia%2Fagenda-de-politica-camara-se-prepara-para-votar-regulamentacao-da-reforma-tributaria%2F\" target=\"_blank\" rel=\"noreferrer noopener\"><\/a><a href=\"https:\/\/inteligenciafinanceira.com.br\/mercado-financeiro\/economia\/agenda-de-politica-camara-se-prepara-para-votar-regulamentacao-da-reforma-tributaria\/#copy_link\"><\/a><\/p>\n\n\n\n<p>\u00c0s v\u00e9speras do recesso parlamentar, as aten\u00e7\u00f5es est\u00e3o voltadas ao plen\u00e1rio da C\u00e2mara, onde deve ocorrer, entre quarta (10) e quinta-feira (11), a vota\u00e7\u00e3o do texto principal da regulamenta\u00e7\u00e3o da reforma tribut\u00e1ria. O parecer elaborado pelo grupo de trabalho foi apresentado na semana passada e ainda deve ter ajustes.<\/p>\n\n\n\n<p>Integrantes do GT devem se reunir com bancadas partid\u00e1rias e tem\u00e1ticas, ouvir sugest\u00f5es e negociar mudan\u00e7as. Ficaram de fora pontos pol\u00eamicos nessa vers\u00e3o inicial, como a inclus\u00e3o de carnes na cesta b\u00e1sica nacional.<\/p>\n\n\n\n<p>Apesar de Arthur Lira (PP-AL) ter sinalizado que a vota\u00e7\u00e3o do segundo texto da regulamenta\u00e7\u00e3o da tribut\u00e1ria ocorreria a partir de agosto, os membros do GT apresentar\u00e3o o parecer nesta segunda-feira (8). O presidente da Casa tamb\u00e9m pretende colocar em vota\u00e7\u00e3o a reforma do novo Ensino M\u00e9dio, que volta \u00e0 C\u00e2mara ap\u00f3s mudan\u00e7as feitas pelos senadores.<\/p>\n\n\n\n<h2 class=\"wp-block-heading\" id=\"h-agenda-do-senado\">Agenda do Senado<\/h2>\n\n\n\n<p>No Senado, Rodrigo Pacheco (PSD-MG) pretende apresentar e votar o texto do projeto que estabelece novas regras para o pagamento da d\u00edvida dos Estados com a Uni\u00e3o. A expectativa, segundo interlocutores do presidente do Senado, \u00e9 que a vota\u00e7\u00e3o aconte\u00e7a na quinta-feira (11).<\/p>\n\n\n\n<p>A proposta de emenda \u00e0 Constitui\u00e7\u00e3o (PEC) que confere autonomia financeira ao Banco Central volta \u00e0 pauta de quarta-feira (10) da Comiss\u00e3o de Constitui\u00e7\u00e3o e Justi\u00e7a (CCJ).<\/p>\n\n\n\n<p>O presidente Luiz In\u00e1cio Lula da Silva (PT) tem compromissos fora do pa\u00eds. Ele participar\u00e1 da 64\u00aa C\u00fapula de Chefes de Estado do Mercosul e Estados Associados, no Paraguai, e tamb\u00e9m viaja para Bol\u00edvia, onde deve se encontrar com o presidente Luis Arce.<\/p>\n\n\n\n<p>Abaixo, os principais eventos previstos:<\/p>\n\n\n\n<p><strong>Pal\u00e1cio do Planalto<\/strong><\/p>\n\n\n\n<p>\u2013 Segunda-feira (8): Lula viaja ao Paraguai para participar da 64\u00aa C\u00fapula de Chefes de Estado do Mercosul e Estados Associados;<\/p>\n\n\n\n<p>\u2013 Ter\u00e7a-feira (9): Presidente vai a Santa Cruz de La Sierra, na Bol\u00edvia, para visita oficial e encontro bilateral com o presidente Luis Arce.<\/p>\n\n\n\n<p><strong>C\u00e2mara dos Deputados<\/strong><\/p>\n\n\n\n<p>\u2013 Segunda-feira (8): Expectativa para apresenta\u00e7\u00e3o do parecer sobre o segundo projeto sobre a regulamenta\u00e7\u00e3o da reforma tribut\u00e1ria;<\/p>\n\n\n\n<p>\u2013 Quarta (10) e quinta-feira (11): Previs\u00e3o de vota\u00e7\u00e3o do texto principal da regulamenta\u00e7\u00e3o da reforma tribut\u00e1ria;<\/p>\n\n\n\n<p>\u2013 Quarta-feira (10): Ministro dos Portos e Aeroportos Silvio Costa Filho deve comparecer ao colegiado de turismo para apresentar as prioridades da pasta;<\/p>\n\n\n\n<p>\u2013 Quarta-feira (10): Ministro dos Direitos Humanos, Silvio Almeida toma caf\u00e9 da manh\u00e3 com integrantes da comiss\u00e3o de direitos humanos.<\/p>\n\n\n\n<p><strong>Senado Federal<\/strong><\/p>\n\n\n\n<p>\u2013 Segunda-feira (8): Rodrigo Pacheco deve protocolar proposta de renegocia\u00e7\u00e3o de d\u00edvidas dos Estados;<\/p>\n\n\n\n<p>\u2013 Ter\u00e7a-feira (9): Comiss\u00e3o Tempor\u00e1ria sobre Intelig\u00eancia Artificial vota o relat\u00f3rio do senador Eduardo Gomes (PL-TO);<\/p>\n\n\n\n<p>\u2013 Ter\u00e7a-feira (9): Conselho de \u00c9tica tem reuni\u00e3o marcada para a an\u00e1lise de 19 itens. A maior parte das peti\u00e7\u00f5es solicitam a abertura de procedimento disciplinar contra parlamentares, como os senadores Fl\u00e1vio Bolsonaro (PL-RJ), Jorge Kajuru (PSB-GO), Marcos do Val (Podemos-ES), Randolfe Rodrigues (sem partido-AP), Davi Alcolumbre (Uni\u00e3o-AP) e o presidente do Senado, Rodrigo Pacheco;<\/p>\n\n\n\n<p>\u2013 Ter\u00e7a-feira (9): Pauta da Comiss\u00e3o de Assuntos Econ\u00f4micos (CAE) prev\u00ea a delibera\u00e7\u00e3o do projeto que regulamenta o mercado de cigarros eletr\u00f4nicos no pa\u00eds;<\/p>\n\n\n\n<p>\u2013 Quarta-feira (10): Comiss\u00e3o de Constitui\u00e7\u00e3o e Justi\u00e7a (CCJ) pode votar proposta de emenda \u00e0 Constitui\u00e7\u00e3o (PEC) que confere autonomia financeira ao Banco Central;<\/p>\n\n\n\n<p>\u2013 Quinta-feira (11): Expectativa para vota\u00e7\u00e3o do projeto com novas regras de renegocia\u00e7\u00e3o das d\u00edvidas dos Estados com a Uni\u00e3o;<\/p>\n\n\n\n<p><strong>Judici\u00e1rio<\/strong><\/p>\n\n\n\n<p>O STF est\u00e1 em recesso. O plant\u00e3o est\u00e1 dividido entre o vice-presidente, ministro Edson Fachin, que responde pela presid\u00eancia entre 1\u00ba e 16 de julho, e o presidente, ministro Lu\u00eds Roberto Barroso, que assume os trabalhos entre os dias 17 e 31 de julho.<\/p>\n\n\n\n<p>Gilmar Mendes, Dias Toffoli, Alexandre de Moraes e Andr\u00e9 Mendon\u00e7a trabalhar\u00e3o normalmente.<\/p>\n\n\n\n<p>Fonte:<a href=\"https:\/\/inteligenciafinanceira.com.br\/mercado-financeiro\/economia\/agenda-de-politica-camara-se-prepara-para-votar-regulamentacao-da-reforma-tributaria\/\">https:\/\/inteligenciafinanceira.com.br\/mercado-financeiro\/economia\/agenda-de-politica-camara-se-prepara-para-votar-regulamentacao-da-reforma-tributaria\/<\/a><\/p>","protected":false},"excerpt":{"rendered":"<p>Parecer elaborado pelo grupo de trabalho foi apresentado na semana passada e ainda deve ter ajustes \u00c0s v\u00e9speras do recesso parlamentar, as aten\u00e7\u00f5es est\u00e3o voltadas ao plen\u00e1rio da C\u00e2mara, onde deve ocorrer, entre quarta (10) e quinta-feira (11), a vota\u00e7\u00e3o do texto principal da regulamenta\u00e7\u00e3o da reforma tribut\u00e1ria. O parecer elaborado pelo grupo de trabalho [&hellip;]<\/p>\n","protected":false},"author":3,"featured_media":5205,"comment_status":"open","ping_status":"open","sticky":false,"template":"","format":"standard","meta":{"_joinchat":[],"footnotes":""},"categories":[1],"tags":[],"class_list":["post-5203","post","type-post","status-publish","format-standard","has-post-thumbnail","hentry","category-the-fortune-one"],"yoast_head":"<!-- This site is optimized with the Yoast SEO plugin v27.5 - https:\/\/yoast.com\/product\/yoast-seo-wordpress\/ -->\n<title>Agenda de pol\u00edtica: C\u00e2mara se prepara para votar regulamenta\u00e7\u00e3o da reforma tribut\u00e1ria - The Fortune.one<\/title>\n<meta name=\"description\" content=\"Somos especialistas em gest\u00e3o patrimonial, op\u00e7\u00f5es de investimentos para diversos perfis, nosso diferencial \u00e9 comprovado com resultados.\" \/>\n<meta name=\"robots\" content=\"index, follow, max-snippet:-1, max-image-preview:large, max-video-preview:-1\" \/>\n<link rel=\"canonical\" href=\"https:\/\/thefortune.one\/pt\/agenda-de-politica-camara-se-prepara-para-votar-regulamentacao-da-reforma-tributaria\/\" \/>\n<meta property=\"og:locale\" content=\"pt_BR\" \/>\n<meta property=\"og:type\" content=\"article\" \/>\n<meta property=\"og:title\" content=\"Agenda de pol\u00edtica: C\u00e2mara se prepara para votar regulamenta\u00e7\u00e3o da reforma tribut\u00e1ria - The Fortune.one\" \/>\n<meta property=\"og:description\" content=\"Somos especialistas em gest\u00e3o patrimonial, op\u00e7\u00f5es de investimentos para diversos perfis, nosso diferencial \u00e9 comprovado com resultados.\" \/>\n<meta property=\"og:url\" content=\"https:\/\/thefortune.one\/pt\/agenda-de-politica-camara-se-prepara-para-votar-regulamentacao-da-reforma-tributaria\/\" \/>\n<meta property=\"og:site_name\" content=\"The Fortune.one\" \/>\n<meta property=\"article:published_time\" content=\"2024-07-08T12:53:59+00:00\" \/>\n<meta property=\"og:image\" content=\"https:\/\/thefortune.one\/wp-content\/uploads\/2024\/07\/bvv.jpg\" \/>\n\t<meta property=\"og:image:width\" content=\"300\" \/>\n\t<meta property=\"og:image:height\" content=\"300\" \/>\n\t<meta property=\"og:image:type\" content=\"image\/jpeg\" \/>\n<meta name=\"author\" content=\"bianca\" \/>\n<meta name=\"twitter:card\" content=\"summary_large_image\" \/>\n<meta name=\"twitter:label1\" content=\"Escrito por\" \/>\n\t<meta name=\"twitter:data1\" content=\"bianca\" \/>\n\t<meta name=\"twitter:label2\" content=\"Est. tempo de leitura\" \/>\n\t<meta name=\"twitter:data2\" content=\"3 minutos\" \/>\n<script type=\"application\/ld+json\" class=\"yoast-schema-graph\">{\"@context\":\"https:\\\/\\\/schema.org\",\"@graph\":[{\"@type\":\"Article\",\"@id\":\"https:\\\/\\\/thefortune.one\\\/pt\\\/agenda-de-politica-camara-se-prepara-para-votar-regulamentacao-da-reforma-tributaria\\\/#article\",\"isPartOf\":{\"@id\":\"https:\\\/\\\/thefortune.one\\\/pt\\\/agenda-de-politica-camara-se-prepara-para-votar-regulamentacao-da-reforma-tributaria\\\/\"},\"author\":{\"name\":\"bianca\",\"@id\":\"https:\\\/\\\/thefortune.one\\\/pt\\\/#\\\/schema\\\/person\\\/6cd8fe72a627d36caabf41815984a16f\"},\"headline\":\"Agenda de pol\u00edtica: C\u00e2mara se prepara para votar regulamenta\u00e7\u00e3o da reforma tribut\u00e1ria\",\"datePublished\":\"2024-07-08T12:53:59+00:00\",\"mainEntityOfPage\":{\"@id\":\"https:\\\/\\\/thefortune.one\\\/pt\\\/agenda-de-politica-camara-se-prepara-para-votar-regulamentacao-da-reforma-tributaria\\\/\"},\"wordCount\":683,\"commentCount\":0,\"publisher\":{\"@id\":\"https:\\\/\\\/thefortune.one\\\/pt\\\/#organization\"},\"image\":{\"@id\":\"https:\\\/\\\/thefortune.one\\\/pt\\\/agenda-de-politica-camara-se-prepara-para-votar-regulamentacao-da-reforma-tributaria\\\/#primaryimage\"},\"thumbnailUrl\":\"https:\\\/\\\/thefortune.one\\\/wp-content\\\/uploads\\\/2024\\\/07\\\/bvv.jpg\",\"articleSection\":[\"The Fortune.one\"],\"inLanguage\":\"pt-BR\",\"potentialAction\":[{\"@type\":\"CommentAction\",\"name\":\"Comment\",\"target\":[\"https:\\\/\\\/thefortune.one\\\/pt\\\/agenda-de-politica-camara-se-prepara-para-votar-regulamentacao-da-reforma-tributaria\\\/#respond\"]}]},{\"@type\":\"WebPage\",\"@id\":\"https:\\\/\\\/thefortune.one\\\/pt\\\/agenda-de-politica-camara-se-prepara-para-votar-regulamentacao-da-reforma-tributaria\\\/\",\"url\":\"https:\\\/\\\/thefortune.one\\\/pt\\\/agenda-de-politica-camara-se-prepara-para-votar-regulamentacao-da-reforma-tributaria\\\/\",\"name\":\"Agenda de pol\u00edtica: C\u00e2mara se prepara para votar regulamenta\u00e7\u00e3o da reforma tribut\u00e1ria - The Fortune.one\",\"isPartOf\":{\"@id\":\"https:\\\/\\\/thefortune.one\\\/pt\\\/#website\"},\"primaryImageOfPage\":{\"@id\":\"https:\\\/\\\/thefortune.one\\\/pt\\\/agenda-de-politica-camara-se-prepara-para-votar-regulamentacao-da-reforma-tributaria\\\/#primaryimage\"},\"image\":{\"@id\":\"https:\\\/\\\/thefortune.one\\\/pt\\\/agenda-de-politica-camara-se-prepara-para-votar-regulamentacao-da-reforma-tributaria\\\/#primaryimage\"},\"thumbnailUrl\":\"https:\\\/\\\/thefortune.one\\\/wp-content\\\/uploads\\\/2024\\\/07\\\/bvv.jpg\",\"datePublished\":\"2024-07-08T12:53:59+00:00\",\"description\":\"Somos especialistas em gest\u00e3o patrimonial, op\u00e7\u00f5es de investimentos para diversos perfis, nosso diferencial \u00e9 comprovado com resultados.\",\"breadcrumb\":{\"@id\":\"https:\\\/\\\/thefortune.one\\\/pt\\\/agenda-de-politica-camara-se-prepara-para-votar-regulamentacao-da-reforma-tributaria\\\/#breadcrumb\"},\"inLanguage\":\"pt-BR\",\"potentialAction\":[{\"@type\":\"ReadAction\",\"target\":[\"https:\\\/\\\/thefortune.one\\\/pt\\\/agenda-de-politica-camara-se-prepara-para-votar-regulamentacao-da-reforma-tributaria\\\/\"]}]},{\"@type\":\"ImageObject\",\"inLanguage\":\"pt-BR\",\"@id\":\"https:\\\/\\\/thefortune.one\\\/pt\\\/agenda-de-politica-camara-se-prepara-para-votar-regulamentacao-da-reforma-tributaria\\\/#primaryimage\",\"url\":\"https:\\\/\\\/thefortune.one\\\/wp-content\\\/uploads\\\/2024\\\/07\\\/bvv.jpg\",\"contentUrl\":\"https:\\\/\\\/thefortune.one\\\/wp-content\\\/uploads\\\/2024\\\/07\\\/bvv.jpg\",\"width\":300,\"height\":300},{\"@type\":\"BreadcrumbList\",\"@id\":\"https:\\\/\\\/thefortune.one\\\/pt\\\/agenda-de-politica-camara-se-prepara-para-votar-regulamentacao-da-reforma-tributaria\\\/#breadcrumb\",\"itemListElement\":[{\"@type\":\"ListItem\",\"position\":1,\"name\":\"In\u00edcio\",\"item\":\"https:\\\/\\\/thefortune.one\\\/pt\\\/\"},{\"@type\":\"ListItem\",\"position\":2,\"name\":\"Agenda de pol\u00edtica: C\u00e2mara se prepara para votar regulamenta\u00e7\u00e3o da reforma tribut\u00e1ria\"}]},{\"@type\":\"WebSite\",\"@id\":\"https:\\\/\\\/thefortune.one\\\/pt\\\/#website\",\"url\":\"https:\\\/\\\/thefortune.one\\\/pt\\\/\",\"name\":\"The Fortune.one\",\"description\":\"Gestora de Recursos Especializada em Private Equity\",\"publisher\":{\"@id\":\"https:\\\/\\\/thefortune.one\\\/pt\\\/#organization\"},\"potentialAction\":[{\"@type\":\"SearchAction\",\"target\":{\"@type\":\"EntryPoint\",\"urlTemplate\":\"https:\\\/\\\/thefortune.one\\\/pt\\\/?s={search_term_string}\"},\"query-input\":{\"@type\":\"PropertyValueSpecification\",\"valueRequired\":true,\"valueName\":\"search_term_string\"}}],\"inLanguage\":\"pt-BR\"},{\"@type\":\"Organization\",\"@id\":\"https:\\\/\\\/thefortune.one\\\/pt\\\/#organization\",\"name\":\"The Fortune One\",\"url\":\"https:\\\/\\\/thefortune.one\\\/pt\\\/\",\"logo\":{\"@type\":\"ImageObject\",\"inLanguage\":\"pt-BR\",\"@id\":\"https:\\\/\\\/thefortune.one\\\/pt\\\/#\\\/schema\\\/logo\\\/image\\\/\",\"url\":\"https:\\\/\\\/thefortune.one\\\/wp-content\\\/uploads\\\/2022\\\/11\\\/cropped-cropped-1651682701199-1.jpg\",\"contentUrl\":\"https:\\\/\\\/thefortune.one\\\/wp-content\\\/uploads\\\/2022\\\/11\\\/cropped-cropped-1651682701199-1.jpg\",\"width\":369,\"height\":421,\"caption\":\"The Fortune One\"},\"image\":{\"@id\":\"https:\\\/\\\/thefortune.one\\\/pt\\\/#\\\/schema\\\/logo\\\/image\\\/\"}},{\"@type\":\"Person\",\"@id\":\"https:\\\/\\\/thefortune.one\\\/pt\\\/#\\\/schema\\\/person\\\/6cd8fe72a627d36caabf41815984a16f\",\"name\":\"bianca\",\"image\":{\"@type\":\"ImageObject\",\"inLanguage\":\"pt-BR\",\"@id\":\"https:\\\/\\\/secure.gravatar.com\\\/avatar\\\/66cd7b00d93410555e00d1e6a911a86de0cd0cfa4f83a2f8b47eddc2968c98af?s=96&d=mm&r=g\",\"url\":\"https:\\\/\\\/secure.gravatar.com\\\/avatar\\\/66cd7b00d93410555e00d1e6a911a86de0cd0cfa4f83a2f8b47eddc2968c98af?s=96&d=mm&r=g\",\"contentUrl\":\"https:\\\/\\\/secure.gravatar.com\\\/avatar\\\/66cd7b00d93410555e00d1e6a911a86de0cd0cfa4f83a2f8b47eddc2968c98af?s=96&d=mm&r=g\",\"caption\":\"bianca\"},\"url\":\"https:\\\/\\\/thefortune.one\\\/pt\\\/author\\\/bianca\\\/\"}]}<\/script>\n<!-- \/ Yoast SEO plugin. -->","yoast_head_json":{"title":"Agenda de pol\u00edtica: C\u00e2mara se prepara para votar regulamenta\u00e7\u00e3o da reforma tribut\u00e1ria - The Fortune.one","description":"Somos especialistas em gest\u00e3o patrimonial, op\u00e7\u00f5es de investimentos para diversos perfis, nosso diferencial \u00e9 comprovado com resultados.","robots":{"index":"index","follow":"follow","max-snippet":"max-snippet:-1","max-image-preview":"max-image-preview:large","max-video-preview":"max-video-preview:-1"},"canonical":"https:\/\/thefortune.one\/pt\/agenda-de-politica-camara-se-prepara-para-votar-regulamentacao-da-reforma-tributaria\/","og_locale":"pt_BR","og_type":"article","og_title":"Agenda de pol\u00edtica: C\u00e2mara se prepara para votar regulamenta\u00e7\u00e3o da reforma tribut\u00e1ria - The Fortune.one","og_description":"Somos especialistas em gest\u00e3o patrimonial, op\u00e7\u00f5es de investimentos para diversos perfis, nosso diferencial \u00e9 comprovado com resultados.","og_url":"https:\/\/thefortune.one\/pt\/agenda-de-politica-camara-se-prepara-para-votar-regulamentacao-da-reforma-tributaria\/","og_site_name":"The Fortune.one","article_published_time":"2024-07-08T12:53:59+00:00","og_image":[{"width":300,"height":300,"url":"https:\/\/thefortune.one\/wp-content\/uploads\/2024\/07\/bvv.jpg","type":"image\/jpeg"}],"author":"bianca","twitter_card":"summary_large_image","twitter_misc":{"Escrito por":"bianca","Est. tempo de leitura":"3 minutos"},"schema":{"@context":"https:\/\/schema.org","@graph":[{"@type":"Article","@id":"https:\/\/thefortune.one\/pt\/agenda-de-politica-camara-se-prepara-para-votar-regulamentacao-da-reforma-tributaria\/#article","isPartOf":{"@id":"https:\/\/thefortune.one\/pt\/agenda-de-politica-camara-se-prepara-para-votar-regulamentacao-da-reforma-tributaria\/"},"author":{"name":"bianca","@id":"https:\/\/thefortune.one\/pt\/#\/schema\/person\/6cd8fe72a627d36caabf41815984a16f"},"headline":"Agenda de pol\u00edtica: C\u00e2mara se prepara para votar regulamenta\u00e7\u00e3o da reforma tribut\u00e1ria","datePublished":"2024-07-08T12:53:59+00:00","mainEntityOfPage":{"@id":"https:\/\/thefortune.one\/pt\/agenda-de-politica-camara-se-prepara-para-votar-regulamentacao-da-reforma-tributaria\/"},"wordCount":683,"commentCount":0,"publisher":{"@id":"https:\/\/thefortune.one\/pt\/#organization"},"image":{"@id":"https:\/\/thefortune.one\/pt\/agenda-de-politica-camara-se-prepara-para-votar-regulamentacao-da-reforma-tributaria\/#primaryimage"},"thumbnailUrl":"https:\/\/thefortune.one\/wp-content\/uploads\/2024\/07\/bvv.jpg","articleSection":["The Fortune.one"],"inLanguage":"pt-BR","potentialAction":[{"@type":"CommentAction","name":"Comment","target":["https:\/\/thefortune.one\/pt\/agenda-de-politica-camara-se-prepara-para-votar-regulamentacao-da-reforma-tributaria\/#respond"]}]},{"@type":"WebPage","@id":"https:\/\/thefortune.one\/pt\/agenda-de-politica-camara-se-prepara-para-votar-regulamentacao-da-reforma-tributaria\/","url":"https:\/\/thefortune.one\/pt\/agenda-de-politica-camara-se-prepara-para-votar-regulamentacao-da-reforma-tributaria\/","name":"Agenda de pol\u00edtica: C\u00e2mara se prepara para votar regulamenta\u00e7\u00e3o da reforma tribut\u00e1ria - The Fortune.one","isPartOf":{"@id":"https:\/\/thefortune.one\/pt\/#website"},"primaryImageOfPage":{"@id":"https:\/\/thefortune.one\/pt\/agenda-de-politica-camara-se-prepara-para-votar-regulamentacao-da-reforma-tributaria\/#primaryimage"},"image":{"@id":"https:\/\/thefortune.one\/pt\/agenda-de-politica-camara-se-prepara-para-votar-regulamentacao-da-reforma-tributaria\/#primaryimage"},"thumbnailUrl":"https:\/\/thefortune.one\/wp-content\/uploads\/2024\/07\/bvv.jpg","datePublished":"2024-07-08T12:53:59+00:00","description":"Somos especialistas em gest\u00e3o patrimonial, op\u00e7\u00f5es de investimentos para diversos perfis, nosso diferencial \u00e9 comprovado com resultados.","breadcrumb":{"@id":"https:\/\/thefortune.one\/pt\/agenda-de-politica-camara-se-prepara-para-votar-regulamentacao-da-reforma-tributaria\/#breadcrumb"},"inLanguage":"pt-BR","potentialAction":[{"@type":"ReadAction","target":["https:\/\/thefortune.one\/pt\/agenda-de-politica-camara-se-prepara-para-votar-regulamentacao-da-reforma-tributaria\/"]}]},{"@type":"ImageObject","inLanguage":"pt-BR","@id":"https:\/\/thefortune.one\/pt\/agenda-de-politica-camara-se-prepara-para-votar-regulamentacao-da-reforma-tributaria\/#primaryimage","url":"https:\/\/thefortune.one\/wp-content\/uploads\/2024\/07\/bvv.jpg","contentUrl":"https:\/\/thefortune.one\/wp-content\/uploads\/2024\/07\/bvv.jpg","width":300,"height":300},{"@type":"BreadcrumbList","@id":"https:\/\/thefortune.one\/pt\/agenda-de-politica-camara-se-prepara-para-votar-regulamentacao-da-reforma-tributaria\/#breadcrumb","itemListElement":[{"@type":"ListItem","position":1,"name":"In\u00edcio","item":"https:\/\/thefortune.one\/pt\/"},{"@type":"ListItem","position":2,"name":"Agenda de pol\u00edtica: C\u00e2mara se prepara para votar regulamenta\u00e7\u00e3o da reforma tribut\u00e1ria"}]},{"@type":"WebSite","@id":"https:\/\/thefortune.one\/pt\/#website","url":"https:\/\/thefortune.one\/pt\/","name":"The Fortune.one","description":"Gestora de Recursos Especializada em Private Equity","publisher":{"@id":"https:\/\/thefortune.one\/pt\/#organization"},"potentialAction":[{"@type":"SearchAction","target":{"@type":"EntryPoint","urlTemplate":"https:\/\/thefortune.one\/pt\/?s={search_term_string}"},"query-input":{"@type":"PropertyValueSpecification","valueRequired":true,"valueName":"search_term_string"}}],"inLanguage":"pt-BR"},{"@type":"Organization","@id":"https:\/\/thefortune.one\/pt\/#organization","name":"The Fortune One","url":"https:\/\/thefortune.one\/pt\/","logo":{"@type":"ImageObject","inLanguage":"pt-BR","@id":"https:\/\/thefortune.one\/pt\/#\/schema\/logo\/image\/","url":"https:\/\/thefortune.one\/wp-content\/uploads\/2022\/11\/cropped-cropped-1651682701199-1.jpg","contentUrl":"https:\/\/thefortune.one\/wp-content\/uploads\/2022\/11\/cropped-cropped-1651682701199-1.jpg","width":369,"height":421,"caption":"The Fortune One"},"image":{"@id":"https:\/\/thefortune.one\/pt\/#\/schema\/logo\/image\/"}},{"@type":"Person","@id":"https:\/\/thefortune.one\/pt\/#\/schema\/person\/6cd8fe72a627d36caabf41815984a16f","name":"bianca","image":{"@type":"ImageObject","inLanguage":"pt-BR","@id":"https:\/\/secure.gravatar.com\/avatar\/66cd7b00d93410555e00d1e6a911a86de0cd0cfa4f83a2f8b47eddc2968c98af?s=96&d=mm&r=g","url":"https:\/\/secure.gravatar.com\/avatar\/66cd7b00d93410555e00d1e6a911a86de0cd0cfa4f83a2f8b47eddc2968c98af?s=96&d=mm&r=g","contentUrl":"https:\/\/secure.gravatar.com\/avatar\/66cd7b00d93410555e00d1e6a911a86de0cd0cfa4f83a2f8b47eddc2968c98af?s=96&d=mm&r=g","caption":"bianca"},"url":"https:\/\/thefortune.one\/pt\/author\/bianca\/"}]}},"_links":{"self":[{"href":"https:\/\/thefortune.one\/pt\/wp-json\/wp\/v2\/posts\/5203","targetHints":{"allow":["GET"]}}],"collection":[{"href":"https:\/\/thefortune.one\/pt\/wp-json\/wp\/v2\/posts"}],"about":[{"href":"https:\/\/thefortune.one\/pt\/wp-json\/wp\/v2\/types\/post"}],"author":[{"embeddable":true,"href":"https:\/\/thefortune.one\/pt\/wp-json\/wp\/v2\/users\/3"}],"replies":[{"embeddable":true,"href":"https:\/\/thefortune.one\/pt\/wp-json\/wp\/v2\/comments?post=5203"}],"version-history":[{"count":1,"href":"https:\/\/thefortune.one\/pt\/wp-json\/wp\/v2\/posts\/5203\/revisions"}],"predecessor-version":[{"id":5206,"href":"https:\/\/thefortune.one\/pt\/wp-json\/wp\/v2\/posts\/5203\/revisions\/5206"}],"wp:featuredmedia":[{"embeddable":true,"href":"https:\/\/thefortune.one\/pt\/wp-json\/wp\/v2\/media\/5205"}],"wp:attachment":[{"href":"https:\/\/thefortune.one\/pt\/wp-json\/wp\/v2\/media?parent=5203"}],"wp:term":[{"taxonomy":"category","embeddable":true,"href":"https:\/\/thefortune.one\/pt\/wp-json\/wp\/v2\/categories?post=5203"},{"taxonomy":"post_tag","embeddable":true,"href":"https:\/\/thefortune.one\/pt\/wp-json\/wp\/v2\/tags?post=5203"}],"curies":[{"name":"wp","href":"https:\/\/api.w.org\/{rel}","templated":true}]}}