{"id":5125,"date":"2024-06-14T12:42:16","date_gmt":"2024-06-14T12:42:16","guid":{"rendered":"https:\/\/thefortune.one\/?p=5125"},"modified":"2024-06-14T12:42:16","modified_gmt":"2024-06-14T12:42:16","slug":"apos-reacao-negativa-do-mercado-a-declaracoes-de-lula-haddad-fala-em-revisar-gastos-do-governo","status":"publish","type":"post","link":"https:\/\/thefortune.one\/pt\/apos-reacao-negativa-do-mercado-a-declaracoes-de-lula-haddad-fala-em-revisar-gastos-do-governo\/","title":{"rendered":"Ap\u00f3s rea\u00e7\u00e3o negativa do mercado a declara\u00e7\u00f5es de Lula, Haddad fala em revisar gastos do governo"},"content":{"rendered":"\n<p>D\u00f3lar subiu depois que Lula disse n\u00e3o pensar economia de forma apertada de medidas sociais. Moeda passou a operar em queda depois da fala do ministro da Fazenda.<\/p>\n\n\n\n<figure class=\"wp-block-image size-full\"><img fetchpriority=\"high\" decoding=\"async\" width=\"600\" height=\"400\" src=\"https:\/\/thefortune.one\/wp-content\/uploads\/2024\/06\/image-6.png\" alt=\"\" class=\"wp-image-5126\" srcset=\"https:\/\/thefortune.one\/wp-content\/uploads\/2024\/06\/image-6.png 600w, https:\/\/thefortune.one\/wp-content\/uploads\/2024\/06\/image-6-300x200.png 300w, https:\/\/thefortune.one\/wp-content\/uploads\/2024\/06\/image-6-18x12.png 18w\" sizes=\"(max-width: 600px) 100vw, 600px\" \/><\/figure>\n\n\n\n<p>O ministro da Fazenda,&nbsp;<a class=\"\" href=\"https:\/\/g1.globo.com\/politica\/politico\/fernando-haddad\/\">Fernando Haddad<\/a>, afirmou nesta quinta-feira (13) que a equipe econ\u00f4mica do governo vai intensificar a agenda de trabalho em rela\u00e7\u00e3o aos gastos p\u00fablicos, e que deve focar, nas pr\u00f3ximas semanas, na revis\u00e3o de despesas.<\/p>\n\n\n\n<p>O ministro da Fazenda deu as declara\u00e7\u00f5es depois de\u00a0<a class=\"\" href=\"https:\/\/g1.globo.com\/economia\/noticia\/2024\/06\/12\/dolar-ibovespa.ghtml\">o mercado financeiro ter reagido negativamente<\/a>\u00a0a falas do presidente\u00a0<a class=\"\" href=\"https:\/\/g1.globo.com\/tudo-sobre\/luiz-inacio-lula-da-silva\/\">Luiz In\u00e1cio Lula da Silva<\/a>\u00a0(<a class=\"\" href=\"https:\/\/g1.globo.com\/politica\/partido\/pt\/\">PT<\/a>), que afirmou nesta quarta-feira (12)\u00a0<a class=\"\" href=\"https:\/\/g1.globo.com\/politica\/noticia\/2024\/06\/12\/apesar-da-critica-de-ambientalistas-lula-volta-a-defender-exploracao-de-petroleo-na-margem-equatorial-fazer-respeitando-o-meio-ambiente.ghtml\">n\u00e3o pensar a economia do pa\u00eds de forma apartada de medidas voltadas ao desenvolvimento social<\/a>.<\/p>\n\n\n\n<p><strong>&#8220;Eu tenho dito isso, queremos tamb\u00e9m rever o gasto prim\u00e1rio, estamos dispostos a cortar privil\u00e9gios. J\u00e1 voltaram \u00e0 tona v\u00e1rios temas que est\u00e3o sendo discutidos de novo, o que \u00e9 bom, como supersal\u00e1rios, como corre\u00e7\u00e3o de benef\u00edcios que est\u00e3o sendo praticados ao arrepio da lei, melhoria dos cadastros, isso voltou para mesa, e n\u00f3s achamos que \u00e9 \u00f3timo isso acontecer porque vai facilitando o trabalho de entregar as contas&#8221;, declarou Haddad.<\/strong><\/p>\n\n\n\n<p>Ap\u00f3s a declara\u00e7\u00e3o de Lula desta quarta, o d\u00f3lar subiu, avan\u00e7ou 0,86%. Nesta quinta,&nbsp;<a class=\"\" href=\"https:\/\/g1.globo.com\/economia\/noticia\/2024\/06\/13\/dolar-ibovespa.ghtml\">depois que Haddad falou em revis\u00e3o de gastos, a moeda interrompeu uma sequ\u00eancia de alta<\/a>. \u00c0s 12h54, o d\u00f3lar operava em queda de 0,56%, cotado a R$ 5,4066.<\/p>\n\n\n\n<p>Segundo a ministra do Planejamento,&nbsp;<a class=\"\" href=\"https:\/\/g1.globo.com\/politica\/politico\/simone-tebet\/\">Simone Tebet<\/a>, a revis\u00e3o dos gastos do governo faz do planejamento para o ano de 2025, cujo projeto de lei or\u00e7ament\u00e1ria deve ser enviado em agosto.<\/p>\n\n\n\n<blockquote class=\"wp-block-quote is-layout-flow wp-block-quote-is-layout-flow\">\n<p>&#8220;Quando n\u00f3s estamos falando de gastos tribut\u00e1rios, de revis\u00e3o desses gastos &#8211;seja pela \u00f3tica da qualidade dos gastos p\u00fablicos, seja pela \u00f3tica do corte de gastos p\u00fablicos&#8211;, n\u00f3s estamos trabalhando por um futuro que est\u00e1 chegando, que \u00e9 o ano de 2025&#8221;, afirmou<\/p>\n\n\n\n<h2 class=\"wp-block-heading\">Aumento de receitas<\/h2>\n\n\n\n<p>Fernando Haddad afirmou que as medidas para reduzir gastos podem ser &#8220;administrativas&#8221;, sem a necessidade de enviar um projeto de lei ao Congresso Nacional. &#8220;Se depender de lei, evidentemente para impactar 2025, tem que ser aprovado esse ano&#8221;, completou.<\/p>\n\n\n\n<p>Para Tebet, h\u00e1 um card\u00e1pio de op\u00e7\u00f5es para equilibrar as contas p\u00fablicas pelo lado das despesas. No entanto, a ministra reconheceu que h\u00e1 poucas op\u00e7\u00f5es para aumento de receita. &#8220;\u00c9 \u00f3bvio que come\u00e7a a se exaurir sobre a \u00f3tica da receita&#8221;, declarou.<\/p>\n\n\n\n<blockquote class=\"wp-block-quote is-layout-flow wp-block-quote-is-layout-flow\">\n<p>&#8220;Em que pese isso, n\u00f3s temos um dever de casa agora sobre o lado das despesas. Se os planos A, B, C e D j\u00e1 est\u00e3o se exaurindo para n\u00e3o aumentar a carga tribut\u00e1ria pela receita, sob a \u00f3tica das despesas n\u00f3s temos plano A, B, C, D e E&#8221;, formulados pela \u00e1rea econ\u00f4mica do governo, disse.<\/p>\n\n\n\n<p>A proposta de cortar os valores m\u00ednimos de investimento em sa\u00fade e educa\u00e7\u00e3o, contudo, \u00e9 um plano que est\u00e1 &#8220;no final do alfabeto&#8221; de ideias do governo. &#8220;A gente tem muita coisa antes a\u00ed para trabalhar&#8221;, disse Tebet.<\/p>\n\n\n\n<p>Haddad e Tebet se reuniram na sede do\u00a0<a class=\"\" href=\"https:\/\/g1.globo.com\/tudo-sobre\/ministerio-da-fazenda\/\">Minist\u00e9rio da Fazenda<\/a>, em Bras\u00edlia, na manh\u00e3 desta quinta. Estavam na pauta:<\/p>\n\n\n\n<ul class=\"wp-block-list\">\n<li><a class=\"\" href=\"https:\/\/g1.globo.com\/economia\/noticia\/2024\/06\/13\/equipe-economica-vai-apoiar-senado-na-aprovacao-de-medidas-para-compensar-desoneracao-diz-haddad.ghtml\">a rela\u00e7\u00e3o com o Senado, ap\u00f3s a devolu\u00e7\u00e3o da medida provis\u00f3ria que limitou a compensa\u00e7\u00e3o de cr\u00e9ditos de PIS\/Cofins;<\/a><\/li>\n\n\n\n<li>o Or\u00e7amento Federal de 2025, que pode incluir a agenda de despesas do governo;<\/li>\n\n\n\n<li>parecer pr\u00e9vio do\u00a0<a class=\"\" href=\"https:\/\/g1.globo.com\/tudo-sobre\/tribunal-de-contas-da-uniao\/\">Tribunal de Contas da Uni\u00e3o<\/a>\u00a0(TCU) sobre as contas do governo em 2023,\u00a0<a class=\"\" href=\"https:\/\/g1.globo.com\/politica\/noticia\/2024\/06\/12\/relator-no-tcu-vota-pela-aprovacao-com-ressalvas-das-contas-do-governo-lula-em-2023.ghtml\">aprovado com ressalvas na quarta-feira\u00a0<\/a>(12).<\/li>\n<\/ul>\n\n\n\n<h2 class=\"wp-block-heading\">&#8216;D\u00f3lar vai cair&#8217;, projeta Alckmin<\/h2>\n\n\n\n<p>Em um evento no Rio de Janeiro, o presidente em exerc\u00edcio,&nbsp;<a class=\"\" href=\"https:\/\/g1.globo.com\/politica\/politico\/geraldo-alckmin\/\">Geraldo Alckmin<\/a>, disse acreditar que o d\u00f3lar vai cair nas pr\u00f3ximas semanas. Ele tamb\u00e9m declarou que o presidente Lula, que est\u00e1 em viagem ao exterior, tem compromisso com as regras fiscais do pa\u00eds.<\/p>\n\n\n\n<blockquote class=\"wp-block-quote is-layout-flow wp-block-quote-is-layout-flow\">\n<p>\u201cN\u00f3s temos absoluta confian\u00e7a de que o d\u00f3lar vai cair. Isso \u00e9 uma coisa moment\u00e2nea. O governo do presidente Lula tem compromisso com o arcabou\u00e7o fiscal. Ali\u00e1s, a quest\u00e3o da medida provis\u00f3ria [que altera regras do PIS\/Cofins] \u00e9 exatamente para, de um lado, cumprir a responsabilidade fiscal, que \u00e9 compromisso do governo brasileiro&#8221;, disse<\/p>\n<cite>Fonte:<a href=\"https:\/\/g1.globo.com\/economia\/noticia\/2024\/06\/13\/apos-reacao-negativa-do-mercado-a-falas-de-lula-haddad-fala-em-revisar-gastos-do-governo.ghtml\">https:\/\/g1.globo.com\/economia\/noticia\/2024\/06\/13\/apos-reacao-negativa-do-mercado-a-falas-de-lula-haddad-fala-em-revisar-gastos-do-governo.ghtml<\/a><\/cite><\/blockquote>\n<\/blockquote>\n<\/blockquote>\n","protected":false},"excerpt":{"rendered":"<p>D\u00f3lar subiu depois que Lula disse n\u00e3o pensar economia de forma apertada de medidas sociais. Moeda passou a operar em queda depois da fala do ministro da Fazenda. O ministro da Fazenda,&nbsp;Fernando Haddad, afirmou nesta quinta-feira (13) que a equipe econ\u00f4mica do governo vai intensificar a agenda de trabalho em rela\u00e7\u00e3o aos gastos p\u00fablicos, e [&hellip;]<\/p>\n","protected":false},"author":3,"featured_media":5127,"comment_status":"open","ping_status":"open","sticky":false,"template":"","format":"standard","meta":{"_joinchat":[],"footnotes":""},"categories":[1],"tags":[],"class_list":["post-5125","post","type-post","status-publish","format-standard","has-post-thumbnail","hentry","category-the-fortune-one"],"yoast_head":"<!-- This site is optimized with the Yoast SEO plugin v27.5 - https:\/\/yoast.com\/product\/yoast-seo-wordpress\/ -->\n<title>Ap\u00f3s rea\u00e7\u00e3o negativa do mercado a declara\u00e7\u00f5es de Lula, Haddad fala em revisar gastos do governo - The Fortune.one<\/title>\n<meta name=\"description\" content=\"Somos especialistas em gest\u00e3o patrimonial, op\u00e7\u00f5es de investimentos para diversos perfis, nosso diferencial \u00e9 comprovado com resultados.\" \/>\n<meta name=\"robots\" content=\"index, follow, max-snippet:-1, max-image-preview:large, max-video-preview:-1\" \/>\n<link rel=\"canonical\" href=\"https:\/\/thefortune.one\/pt\/apos-reacao-negativa-do-mercado-a-declaracoes-de-lula-haddad-fala-em-revisar-gastos-do-governo\/\" \/>\n<meta property=\"og:locale\" content=\"pt_BR\" \/>\n<meta property=\"og:type\" content=\"article\" \/>\n<meta property=\"og:title\" content=\"Ap\u00f3s rea\u00e7\u00e3o negativa do mercado a declara\u00e7\u00f5es de Lula, Haddad fala em revisar gastos do governo - The Fortune.one\" \/>\n<meta property=\"og:description\" content=\"Somos especialistas em gest\u00e3o patrimonial, op\u00e7\u00f5es de investimentos para diversos perfis, nosso diferencial \u00e9 comprovado com resultados.\" \/>\n<meta property=\"og:url\" content=\"https:\/\/thefortune.one\/pt\/apos-reacao-negativa-do-mercado-a-declaracoes-de-lula-haddad-fala-em-revisar-gastos-do-governo\/\" \/>\n<meta property=\"og:site_name\" content=\"The Fortune.one\" \/>\n<meta property=\"article:published_time\" content=\"2024-06-14T12:42:16+00:00\" \/>\n<meta property=\"og:image\" content=\"https:\/\/thefortune.one\/wp-content\/uploads\/2024\/06\/bc.png\" \/>\n\t<meta property=\"og:image:width\" content=\"600\" \/>\n\t<meta property=\"og:image:height\" content=\"400\" \/>\n\t<meta property=\"og:image:type\" content=\"image\/png\" \/>\n<meta name=\"author\" content=\"bianca\" \/>\n<meta name=\"twitter:card\" content=\"summary_large_image\" \/>\n<meta name=\"twitter:label1\" content=\"Escrito por\" \/>\n\t<meta name=\"twitter:data1\" content=\"bianca\" \/>\n\t<meta name=\"twitter:label2\" content=\"Est. tempo de leitura\" \/>\n\t<meta name=\"twitter:data2\" content=\"4 minutos\" \/>\n<script type=\"application\/ld+json\" class=\"yoast-schema-graph\">{\"@context\":\"https:\\\/\\\/schema.org\",\"@graph\":[{\"@type\":\"Article\",\"@id\":\"https:\\\/\\\/thefortune.one\\\/pt\\\/apos-reacao-negativa-do-mercado-a-declaracoes-de-lula-haddad-fala-em-revisar-gastos-do-governo\\\/#article\",\"isPartOf\":{\"@id\":\"https:\\\/\\\/thefortune.one\\\/pt\\\/apos-reacao-negativa-do-mercado-a-declaracoes-de-lula-haddad-fala-em-revisar-gastos-do-governo\\\/\"},\"author\":{\"name\":\"bianca\",\"@id\":\"https:\\\/\\\/thefortune.one\\\/pt\\\/#\\\/schema\\\/person\\\/6cd8fe72a627d36caabf41815984a16f\"},\"headline\":\"Ap\u00f3s rea\u00e7\u00e3o negativa do mercado a declara\u00e7\u00f5es de Lula, Haddad fala em revisar gastos do governo\",\"datePublished\":\"2024-06-14T12:42:16+00:00\",\"mainEntityOfPage\":{\"@id\":\"https:\\\/\\\/thefortune.one\\\/pt\\\/apos-reacao-negativa-do-mercado-a-declaracoes-de-lula-haddad-fala-em-revisar-gastos-do-governo\\\/\"},\"wordCount\":745,\"commentCount\":0,\"publisher\":{\"@id\":\"https:\\\/\\\/thefortune.one\\\/pt\\\/#organization\"},\"image\":{\"@id\":\"https:\\\/\\\/thefortune.one\\\/pt\\\/apos-reacao-negativa-do-mercado-a-declaracoes-de-lula-haddad-fala-em-revisar-gastos-do-governo\\\/#primaryimage\"},\"thumbnailUrl\":\"https:\\\/\\\/thefortune.one\\\/wp-content\\\/uploads\\\/2024\\\/06\\\/bc.png\",\"articleSection\":[\"The Fortune.one\"],\"inLanguage\":\"pt-BR\",\"potentialAction\":[{\"@type\":\"CommentAction\",\"name\":\"Comment\",\"target\":[\"https:\\\/\\\/thefortune.one\\\/pt\\\/apos-reacao-negativa-do-mercado-a-declaracoes-de-lula-haddad-fala-em-revisar-gastos-do-governo\\\/#respond\"]}]},{\"@type\":\"WebPage\",\"@id\":\"https:\\\/\\\/thefortune.one\\\/pt\\\/apos-reacao-negativa-do-mercado-a-declaracoes-de-lula-haddad-fala-em-revisar-gastos-do-governo\\\/\",\"url\":\"https:\\\/\\\/thefortune.one\\\/pt\\\/apos-reacao-negativa-do-mercado-a-declaracoes-de-lula-haddad-fala-em-revisar-gastos-do-governo\\\/\",\"name\":\"Ap\u00f3s rea\u00e7\u00e3o negativa do mercado a declara\u00e7\u00f5es de Lula, Haddad fala em revisar gastos do governo - The Fortune.one\",\"isPartOf\":{\"@id\":\"https:\\\/\\\/thefortune.one\\\/pt\\\/#website\"},\"primaryImageOfPage\":{\"@id\":\"https:\\\/\\\/thefortune.one\\\/pt\\\/apos-reacao-negativa-do-mercado-a-declaracoes-de-lula-haddad-fala-em-revisar-gastos-do-governo\\\/#primaryimage\"},\"image\":{\"@id\":\"https:\\\/\\\/thefortune.one\\\/pt\\\/apos-reacao-negativa-do-mercado-a-declaracoes-de-lula-haddad-fala-em-revisar-gastos-do-governo\\\/#primaryimage\"},\"thumbnailUrl\":\"https:\\\/\\\/thefortune.one\\\/wp-content\\\/uploads\\\/2024\\\/06\\\/bc.png\",\"datePublished\":\"2024-06-14T12:42:16+00:00\",\"description\":\"Somos especialistas em gest\u00e3o patrimonial, op\u00e7\u00f5es de investimentos para diversos perfis, nosso diferencial \u00e9 comprovado com resultados.\",\"breadcrumb\":{\"@id\":\"https:\\\/\\\/thefortune.one\\\/pt\\\/apos-reacao-negativa-do-mercado-a-declaracoes-de-lula-haddad-fala-em-revisar-gastos-do-governo\\\/#breadcrumb\"},\"inLanguage\":\"pt-BR\",\"potentialAction\":[{\"@type\":\"ReadAction\",\"target\":[\"https:\\\/\\\/thefortune.one\\\/pt\\\/apos-reacao-negativa-do-mercado-a-declaracoes-de-lula-haddad-fala-em-revisar-gastos-do-governo\\\/\"]}]},{\"@type\":\"ImageObject\",\"inLanguage\":\"pt-BR\",\"@id\":\"https:\\\/\\\/thefortune.one\\\/pt\\\/apos-reacao-negativa-do-mercado-a-declaracoes-de-lula-haddad-fala-em-revisar-gastos-do-governo\\\/#primaryimage\",\"url\":\"https:\\\/\\\/thefortune.one\\\/wp-content\\\/uploads\\\/2024\\\/06\\\/bc.png\",\"contentUrl\":\"https:\\\/\\\/thefortune.one\\\/wp-content\\\/uploads\\\/2024\\\/06\\\/bc.png\",\"width\":600,\"height\":400},{\"@type\":\"BreadcrumbList\",\"@id\":\"https:\\\/\\\/thefortune.one\\\/pt\\\/apos-reacao-negativa-do-mercado-a-declaracoes-de-lula-haddad-fala-em-revisar-gastos-do-governo\\\/#breadcrumb\",\"itemListElement\":[{\"@type\":\"ListItem\",\"position\":1,\"name\":\"In\u00edcio\",\"item\":\"https:\\\/\\\/thefortune.one\\\/pt\\\/\"},{\"@type\":\"ListItem\",\"position\":2,\"name\":\"Ap\u00f3s rea\u00e7\u00e3o negativa do mercado a declara\u00e7\u00f5es de Lula, Haddad fala em revisar gastos do governo\"}]},{\"@type\":\"WebSite\",\"@id\":\"https:\\\/\\\/thefortune.one\\\/pt\\\/#website\",\"url\":\"https:\\\/\\\/thefortune.one\\\/pt\\\/\",\"name\":\"The Fortune.one\",\"description\":\"Gestora de Recursos Especializada em Private Equity\",\"publisher\":{\"@id\":\"https:\\\/\\\/thefortune.one\\\/pt\\\/#organization\"},\"potentialAction\":[{\"@type\":\"SearchAction\",\"target\":{\"@type\":\"EntryPoint\",\"urlTemplate\":\"https:\\\/\\\/thefortune.one\\\/pt\\\/?s={search_term_string}\"},\"query-input\":{\"@type\":\"PropertyValueSpecification\",\"valueRequired\":true,\"valueName\":\"search_term_string\"}}],\"inLanguage\":\"pt-BR\"},{\"@type\":\"Organization\",\"@id\":\"https:\\\/\\\/thefortune.one\\\/pt\\\/#organization\",\"name\":\"The Fortune One\",\"url\":\"https:\\\/\\\/thefortune.one\\\/pt\\\/\",\"logo\":{\"@type\":\"ImageObject\",\"inLanguage\":\"pt-BR\",\"@id\":\"https:\\\/\\\/thefortune.one\\\/pt\\\/#\\\/schema\\\/logo\\\/image\\\/\",\"url\":\"https:\\\/\\\/thefortune.one\\\/wp-content\\\/uploads\\\/2022\\\/11\\\/cropped-cropped-1651682701199-1.jpg\",\"contentUrl\":\"https:\\\/\\\/thefortune.one\\\/wp-content\\\/uploads\\\/2022\\\/11\\\/cropped-cropped-1651682701199-1.jpg\",\"width\":369,\"height\":421,\"caption\":\"The Fortune One\"},\"image\":{\"@id\":\"https:\\\/\\\/thefortune.one\\\/pt\\\/#\\\/schema\\\/logo\\\/image\\\/\"}},{\"@type\":\"Person\",\"@id\":\"https:\\\/\\\/thefortune.one\\\/pt\\\/#\\\/schema\\\/person\\\/6cd8fe72a627d36caabf41815984a16f\",\"name\":\"bianca\",\"image\":{\"@type\":\"ImageObject\",\"inLanguage\":\"pt-BR\",\"@id\":\"https:\\\/\\\/secure.gravatar.com\\\/avatar\\\/66cd7b00d93410555e00d1e6a911a86de0cd0cfa4f83a2f8b47eddc2968c98af?s=96&d=mm&r=g\",\"url\":\"https:\\\/\\\/secure.gravatar.com\\\/avatar\\\/66cd7b00d93410555e00d1e6a911a86de0cd0cfa4f83a2f8b47eddc2968c98af?s=96&d=mm&r=g\",\"contentUrl\":\"https:\\\/\\\/secure.gravatar.com\\\/avatar\\\/66cd7b00d93410555e00d1e6a911a86de0cd0cfa4f83a2f8b47eddc2968c98af?s=96&d=mm&r=g\",\"caption\":\"bianca\"},\"url\":\"https:\\\/\\\/thefortune.one\\\/pt\\\/author\\\/bianca\\\/\"}]}<\/script>\n<!-- \/ Yoast SEO plugin. -->","yoast_head_json":{"title":"Ap\u00f3s rea\u00e7\u00e3o negativa do mercado a declara\u00e7\u00f5es de Lula, Haddad fala em revisar gastos do governo - The Fortune.one","description":"Somos especialistas em gest\u00e3o patrimonial, op\u00e7\u00f5es de investimentos para diversos perfis, nosso diferencial \u00e9 comprovado com resultados.","robots":{"index":"index","follow":"follow","max-snippet":"max-snippet:-1","max-image-preview":"max-image-preview:large","max-video-preview":"max-video-preview:-1"},"canonical":"https:\/\/thefortune.one\/pt\/apos-reacao-negativa-do-mercado-a-declaracoes-de-lula-haddad-fala-em-revisar-gastos-do-governo\/","og_locale":"pt_BR","og_type":"article","og_title":"Ap\u00f3s rea\u00e7\u00e3o negativa do mercado a declara\u00e7\u00f5es de Lula, Haddad fala em revisar gastos do governo - The Fortune.one","og_description":"Somos especialistas em gest\u00e3o patrimonial, op\u00e7\u00f5es de investimentos para diversos perfis, nosso diferencial \u00e9 comprovado com resultados.","og_url":"https:\/\/thefortune.one\/pt\/apos-reacao-negativa-do-mercado-a-declaracoes-de-lula-haddad-fala-em-revisar-gastos-do-governo\/","og_site_name":"The Fortune.one","article_published_time":"2024-06-14T12:42:16+00:00","og_image":[{"width":600,"height":400,"url":"https:\/\/thefortune.one\/wp-content\/uploads\/2024\/06\/bc.png","type":"image\/png"}],"author":"bianca","twitter_card":"summary_large_image","twitter_misc":{"Escrito por":"bianca","Est. tempo de leitura":"4 minutos"},"schema":{"@context":"https:\/\/schema.org","@graph":[{"@type":"Article","@id":"https:\/\/thefortune.one\/pt\/apos-reacao-negativa-do-mercado-a-declaracoes-de-lula-haddad-fala-em-revisar-gastos-do-governo\/#article","isPartOf":{"@id":"https:\/\/thefortune.one\/pt\/apos-reacao-negativa-do-mercado-a-declaracoes-de-lula-haddad-fala-em-revisar-gastos-do-governo\/"},"author":{"name":"bianca","@id":"https:\/\/thefortune.one\/pt\/#\/schema\/person\/6cd8fe72a627d36caabf41815984a16f"},"headline":"Ap\u00f3s rea\u00e7\u00e3o negativa do mercado a declara\u00e7\u00f5es de Lula, Haddad fala em revisar gastos do governo","datePublished":"2024-06-14T12:42:16+00:00","mainEntityOfPage":{"@id":"https:\/\/thefortune.one\/pt\/apos-reacao-negativa-do-mercado-a-declaracoes-de-lula-haddad-fala-em-revisar-gastos-do-governo\/"},"wordCount":745,"commentCount":0,"publisher":{"@id":"https:\/\/thefortune.one\/pt\/#organization"},"image":{"@id":"https:\/\/thefortune.one\/pt\/apos-reacao-negativa-do-mercado-a-declaracoes-de-lula-haddad-fala-em-revisar-gastos-do-governo\/#primaryimage"},"thumbnailUrl":"https:\/\/thefortune.one\/wp-content\/uploads\/2024\/06\/bc.png","articleSection":["The Fortune.one"],"inLanguage":"pt-BR","potentialAction":[{"@type":"CommentAction","name":"Comment","target":["https:\/\/thefortune.one\/pt\/apos-reacao-negativa-do-mercado-a-declaracoes-de-lula-haddad-fala-em-revisar-gastos-do-governo\/#respond"]}]},{"@type":"WebPage","@id":"https:\/\/thefortune.one\/pt\/apos-reacao-negativa-do-mercado-a-declaracoes-de-lula-haddad-fala-em-revisar-gastos-do-governo\/","url":"https:\/\/thefortune.one\/pt\/apos-reacao-negativa-do-mercado-a-declaracoes-de-lula-haddad-fala-em-revisar-gastos-do-governo\/","name":"Ap\u00f3s rea\u00e7\u00e3o negativa do mercado a declara\u00e7\u00f5es de Lula, Haddad fala em revisar gastos do governo - The Fortune.one","isPartOf":{"@id":"https:\/\/thefortune.one\/pt\/#website"},"primaryImageOfPage":{"@id":"https:\/\/thefortune.one\/pt\/apos-reacao-negativa-do-mercado-a-declaracoes-de-lula-haddad-fala-em-revisar-gastos-do-governo\/#primaryimage"},"image":{"@id":"https:\/\/thefortune.one\/pt\/apos-reacao-negativa-do-mercado-a-declaracoes-de-lula-haddad-fala-em-revisar-gastos-do-governo\/#primaryimage"},"thumbnailUrl":"https:\/\/thefortune.one\/wp-content\/uploads\/2024\/06\/bc.png","datePublished":"2024-06-14T12:42:16+00:00","description":"Somos especialistas em gest\u00e3o patrimonial, op\u00e7\u00f5es de investimentos para diversos perfis, nosso diferencial \u00e9 comprovado com resultados.","breadcrumb":{"@id":"https:\/\/thefortune.one\/pt\/apos-reacao-negativa-do-mercado-a-declaracoes-de-lula-haddad-fala-em-revisar-gastos-do-governo\/#breadcrumb"},"inLanguage":"pt-BR","potentialAction":[{"@type":"ReadAction","target":["https:\/\/thefortune.one\/pt\/apos-reacao-negativa-do-mercado-a-declaracoes-de-lula-haddad-fala-em-revisar-gastos-do-governo\/"]}]},{"@type":"ImageObject","inLanguage":"pt-BR","@id":"https:\/\/thefortune.one\/pt\/apos-reacao-negativa-do-mercado-a-declaracoes-de-lula-haddad-fala-em-revisar-gastos-do-governo\/#primaryimage","url":"https:\/\/thefortune.one\/wp-content\/uploads\/2024\/06\/bc.png","contentUrl":"https:\/\/thefortune.one\/wp-content\/uploads\/2024\/06\/bc.png","width":600,"height":400},{"@type":"BreadcrumbList","@id":"https:\/\/thefortune.one\/pt\/apos-reacao-negativa-do-mercado-a-declaracoes-de-lula-haddad-fala-em-revisar-gastos-do-governo\/#breadcrumb","itemListElement":[{"@type":"ListItem","position":1,"name":"In\u00edcio","item":"https:\/\/thefortune.one\/pt\/"},{"@type":"ListItem","position":2,"name":"Ap\u00f3s rea\u00e7\u00e3o negativa do mercado a declara\u00e7\u00f5es de Lula, Haddad fala em revisar gastos do governo"}]},{"@type":"WebSite","@id":"https:\/\/thefortune.one\/pt\/#website","url":"https:\/\/thefortune.one\/pt\/","name":"The Fortune.one","description":"Gestora de Recursos Especializada em Private Equity","publisher":{"@id":"https:\/\/thefortune.one\/pt\/#organization"},"potentialAction":[{"@type":"SearchAction","target":{"@type":"EntryPoint","urlTemplate":"https:\/\/thefortune.one\/pt\/?s={search_term_string}"},"query-input":{"@type":"PropertyValueSpecification","valueRequired":true,"valueName":"search_term_string"}}],"inLanguage":"pt-BR"},{"@type":"Organization","@id":"https:\/\/thefortune.one\/pt\/#organization","name":"The Fortune One","url":"https:\/\/thefortune.one\/pt\/","logo":{"@type":"ImageObject","inLanguage":"pt-BR","@id":"https:\/\/thefortune.one\/pt\/#\/schema\/logo\/image\/","url":"https:\/\/thefortune.one\/wp-content\/uploads\/2022\/11\/cropped-cropped-1651682701199-1.jpg","contentUrl":"https:\/\/thefortune.one\/wp-content\/uploads\/2022\/11\/cropped-cropped-1651682701199-1.jpg","width":369,"height":421,"caption":"The Fortune One"},"image":{"@id":"https:\/\/thefortune.one\/pt\/#\/schema\/logo\/image\/"}},{"@type":"Person","@id":"https:\/\/thefortune.one\/pt\/#\/schema\/person\/6cd8fe72a627d36caabf41815984a16f","name":"bianca","image":{"@type":"ImageObject","inLanguage":"pt-BR","@id":"https:\/\/secure.gravatar.com\/avatar\/66cd7b00d93410555e00d1e6a911a86de0cd0cfa4f83a2f8b47eddc2968c98af?s=96&d=mm&r=g","url":"https:\/\/secure.gravatar.com\/avatar\/66cd7b00d93410555e00d1e6a911a86de0cd0cfa4f83a2f8b47eddc2968c98af?s=96&d=mm&r=g","contentUrl":"https:\/\/secure.gravatar.com\/avatar\/66cd7b00d93410555e00d1e6a911a86de0cd0cfa4f83a2f8b47eddc2968c98af?s=96&d=mm&r=g","caption":"bianca"},"url":"https:\/\/thefortune.one\/pt\/author\/bianca\/"}]}},"_links":{"self":[{"href":"https:\/\/thefortune.one\/pt\/wp-json\/wp\/v2\/posts\/5125","targetHints":{"allow":["GET"]}}],"collection":[{"href":"https:\/\/thefortune.one\/pt\/wp-json\/wp\/v2\/posts"}],"about":[{"href":"https:\/\/thefortune.one\/pt\/wp-json\/wp\/v2\/types\/post"}],"author":[{"embeddable":true,"href":"https:\/\/thefortune.one\/pt\/wp-json\/wp\/v2\/users\/3"}],"replies":[{"embeddable":true,"href":"https:\/\/thefortune.one\/pt\/wp-json\/wp\/v2\/comments?post=5125"}],"version-history":[{"count":1,"href":"https:\/\/thefortune.one\/pt\/wp-json\/wp\/v2\/posts\/5125\/revisions"}],"predecessor-version":[{"id":5128,"href":"https:\/\/thefortune.one\/pt\/wp-json\/wp\/v2\/posts\/5125\/revisions\/5128"}],"wp:featuredmedia":[{"embeddable":true,"href":"https:\/\/thefortune.one\/pt\/wp-json\/wp\/v2\/media\/5127"}],"wp:attachment":[{"href":"https:\/\/thefortune.one\/pt\/wp-json\/wp\/v2\/media?parent=5125"}],"wp:term":[{"taxonomy":"category","embeddable":true,"href":"https:\/\/thefortune.one\/pt\/wp-json\/wp\/v2\/categories?post=5125"},{"taxonomy":"post_tag","embeddable":true,"href":"https:\/\/thefortune.one\/pt\/wp-json\/wp\/v2\/tags?post=5125"}],"curies":[{"name":"wp","href":"https:\/\/api.w.org\/{rel}","templated":true}]}}