{"id":5107,"date":"2024-06-07T12:35:42","date_gmt":"2024-06-07T12:35:42","guid":{"rendered":"https:\/\/thefortune.one\/?p=5107"},"modified":"2024-06-07T12:35:42","modified_gmt":"2024-06-07T12:35:42","slug":"bc-da-alemanha-faz-alerta-sobre-inflacao-e-reduz-perspectiva-de-crescimento-para-2024","status":"publish","type":"post","link":"https:\/\/thefortune.one\/pt\/bc-da-alemanha-faz-alerta-sobre-inflacao-e-reduz-perspectiva-de-crescimento-para-2024\/","title":{"rendered":"BC da Alemanha faz alerta sobre infla\u00e7\u00e3o e reduz perspectiva de crescimento para 2024"},"content":{"rendered":"<p>A infla\u00e7\u00e3o est\u00e1 persistente, especialmente no caso dos servi\u00e7os, onde o forte crescimento dos sal\u00e1rios e as press\u00f5es de custos s\u00e3o fatores importantes, disse o Bundesbak em atualiza\u00e7\u00e3o semestral de suas proje\u00e7\u00f5es<\/p>\n\n\n\n<figure class=\"wp-block-image size-large\"><img fetchpriority=\"high\" decoding=\"async\" width=\"1024\" height=\"682\" src=\"https:\/\/thefortune.one\/wp-content\/uploads\/2024\/06\/image-5-1024x682.png\" alt=\"\" class=\"wp-image-5108\" srcset=\"https:\/\/thefortune.one\/wp-content\/uploads\/2024\/06\/image-5-1024x682.png 1024w, https:\/\/thefortune.one\/wp-content\/uploads\/2024\/06\/image-5-300x200.png 300w, https:\/\/thefortune.one\/wp-content\/uploads\/2024\/06\/image-5-768x512.png 768w, https:\/\/thefortune.one\/wp-content\/uploads\/2024\/06\/image-5-18x12.png 18w, https:\/\/thefortune.one\/wp-content\/uploads\/2024\/06\/image-5.png 1280w\" sizes=\"(max-width: 1024px) 100vw, 1024px\" \/><\/figure>\n\n\n\n<p>Frankfurt\/Berlim (Reuters) \u2013 A press\u00e3o dos sal\u00e1rios significa que a infla\u00e7\u00e3o est\u00e1 se mostrando persistente, disse o banco central da Alemanha nesta sexta-feira (7), um dia depois de o Banco Central Europeu (BCE) fazer seu primeiro corte nas taxas de juros desde 2019.<\/p>\n\n\n\n<p><br>O alerta da maior economia da Europa deve refor\u00e7ar expectativas de que as taxas de juros podem cair lentamente. A infla\u00e7\u00e3o caiu de dois d\u00edgitos no final de 2022, mas a \u201c\u00faltima milha\u201d est\u00e1 se mostrando complicada, tanto na zona do euro quanto nos Estados Unidos.<\/p>\n\n\n\n<p><br>\u201cA infla\u00e7\u00e3o est\u00e1 se mostrando persistente, especialmente no caso dos servi\u00e7os, onde o forte crescimento dos sal\u00e1rios e as press\u00f5es de custo resultantes s\u00e3o fatores importantes\u201d, disse o Bundesbank em uma atualiza\u00e7\u00e3o semestral de suas proje\u00e7\u00f5es econ\u00f4micas.\u00a0\u201cOs sal\u00e1rios negociados devem aumentar de forma particularmente acentuada este ano\u201d, acrescentou.<\/p>\n\n\n\n<p>O banco agora v\u00ea a infla\u00e7\u00e3o na Alemanha em 2,8% este ano, acima da previs\u00e3o de 2,7% de seis meses atr\u00e1s, e o crescimento em apenas 0,3%, ante estimativa de 0,4% feita em dezembro.<\/p>\n\n\n\n<p><br>\u201cEmbora a taxa de infla\u00e7\u00e3o na Alemanha continue a diminuir, o ritmo \u00e9 moderado\u201d, disse o presidente do Bundesbank, Joachim Nagel. \u201cN\u00f3s, no Conselho do BCE, n\u00e3o estamos dirigindo no piloto autom\u00e1tico quando se trata de cortes nas taxas de juros.\u201d<\/p>\n\n\n\n<p><br>A equipe do BCE apresentou nesta semana previs\u00f5es para a infla\u00e7\u00e3o da zona do euro, que agora deve ficar acima da meta de 2% do banco at\u00e9 o final do pr\u00f3ximo ano.<\/p>\n\n\n\n<h2 class=\"wp-block-heading\">Recupera\u00e7\u00e3o lenta<\/h2>\n\n\n\n<p><br>A economia alem\u00e3 foi a mais fraca entre as grandes da zona do euro no ano passado, uma vez que os altos custos de energia, a fraqueza das encomendas globais e as taxas de juros em n\u00edveis recordes cobraram seu pre\u00e7o.<\/p>\n\n\n\n<p><br>No entanto, o Ministro da Economia da Alemanha, Robert Habeck, deu um tom mais otimista nesta sexta-feira, dizendo que \u201cse tudo correr bem\u201d o crescimento econ\u00f4mico poder\u00e1 chegar a 1,5% em 2025.<br>Em discurso em um evento para empresas familiares, Habeck disse que os problemas econ\u00f4micos dos \u00faltimos dois anos \u2013 um aumento acentuado nos pre\u00e7os da energia e a infla\u00e7\u00e3o elevada devido \u00e0 guerra na Ucr\u00e2nia \u2013 est\u00e3o \u201csob controle\u201d, o que agora abriria caminho para o crescimento.<\/p>\n\n\n\n<p>Enquanto isso, novos dados da Alemanha sobre a produ\u00e7\u00e3o industrial e o com\u00e9rcio para abril forneceram um quadro misto.<\/p>\n\n\n\n<p>Embora as exporta\u00e7\u00f5es tenham mantido sua tend\u00eancia de alta, aumentando 1,6% em abril em compara\u00e7\u00e3o com o m\u00eas anterior, a produ\u00e7\u00e3o industrial caiu 0,1% na base mensal, apontando para uma recupera\u00e7\u00e3o econ\u00f4mica lenta. O super\u00e1vit comercial permaneceu quase inalterado em 22,1 bilh\u00f5es de euros.<\/p>\n\n\n\n<p><br>Os dados \u201caumentam os temores de que o crescimento econ\u00f4mico geral ser\u00e1 fraco no segundo trimestre\u201d, disse Thomas Gitzel, economista-chefe do VP Bank. \u201cUma produ\u00e7\u00e3o mais alta no setor requer inicialmente um crescimento mais forte na entrada de pedidos.\u201d<\/p>\n\n\n\n<p>Fonte?<a href=\"https:\/\/www.infomoney.com.br\/economia\/bc-da-alemanha-faz-alerta-sobre-inflacao-e-reduz-perspectiva-de-crescimento-para-2024\/\">https:\/\/www.infomoney.com.br\/economia\/bc-da-alemanha-faz-alerta-sobre-inflacao-e-reduz-perspectiva-de-crescimento-para-2024\/<\/a><\/p>\n\n\n\n<p><\/p>\n\n\n\n<p><\/p>\n\n\n\n<p><img decoding=\"async\" src=\"https:\/\/ads.stickyadstv.com\/auto-user-sync?_fw_gdpr=0&amp;_fw_gdpr_consent=\"><img decoding=\"async\" src=\"https:\/\/ads.stickyadstv.com\/user-matching?id=2545&amp;_fw_gdpr=0&amp;_fw_gdpr_consent=\"><\/p>","protected":false},"excerpt":{"rendered":"<p>A infla\u00e7\u00e3o est\u00e1 persistente, especialmente no caso dos servi\u00e7os, onde o forte crescimento dos sal\u00e1rios e as press\u00f5es de custos s\u00e3o fatores importantes, disse o Bundesbak em atualiza\u00e7\u00e3o semestral de suas proje\u00e7\u00f5es Frankfurt\/Berlim (Reuters) \u2013 A press\u00e3o dos sal\u00e1rios significa que a infla\u00e7\u00e3o est\u00e1 se mostrando persistente, disse o banco central da Alemanha nesta sexta-feira [&hellip;]<\/p>\n","protected":false},"author":3,"featured_media":5109,"comment_status":"open","ping_status":"open","sticky":false,"template":"","format":"standard","meta":{"_joinchat":[],"footnotes":""},"categories":[1],"tags":[],"class_list":["post-5107","post","type-post","status-publish","format-standard","has-post-thumbnail","hentry","category-the-fortune-one"],"yoast_head":"<!-- This site is optimized with the Yoast SEO plugin v27.5 - https:\/\/yoast.com\/product\/yoast-seo-wordpress\/ -->\n<title>BC da Alemanha faz alerta sobre infla\u00e7\u00e3o e reduz perspectiva de crescimento para 2024 - The Fortune.one<\/title>\n<meta name=\"description\" content=\"Somos especialistas em gest\u00e3o patrimonial, op\u00e7\u00f5es de investimentos para diversos perfis, nosso diferencial \u00e9 comprovado com resultados.\" \/>\n<meta name=\"robots\" content=\"index, follow, max-snippet:-1, max-image-preview:large, max-video-preview:-1\" \/>\n<link rel=\"canonical\" href=\"https:\/\/thefortune.one\/pt\/bc-da-alemanha-faz-alerta-sobre-inflacao-e-reduz-perspectiva-de-crescimento-para-2024\/\" \/>\n<meta property=\"og:locale\" content=\"pt_BR\" \/>\n<meta property=\"og:type\" content=\"article\" \/>\n<meta property=\"og:title\" content=\"BC da Alemanha faz alerta sobre infla\u00e7\u00e3o e reduz perspectiva de crescimento para 2024 - The Fortune.one\" \/>\n<meta property=\"og:description\" content=\"Somos especialistas em gest\u00e3o patrimonial, op\u00e7\u00f5es de investimentos para diversos perfis, nosso diferencial \u00e9 comprovado com resultados.\" \/>\n<meta property=\"og:url\" content=\"https:\/\/thefortune.one\/pt\/bc-da-alemanha-faz-alerta-sobre-inflacao-e-reduz-perspectiva-de-crescimento-para-2024\/\" \/>\n<meta property=\"og:site_name\" content=\"The Fortune.one\" \/>\n<meta property=\"article:published_time\" content=\"2024-06-07T12:35:42+00:00\" \/>\n<meta property=\"og:image\" content=\"https:\/\/thefortune.one\/wp-content\/uploads\/2024\/06\/zz.png\" \/>\n\t<meta property=\"og:image:width\" content=\"1024\" \/>\n\t<meta property=\"og:image:height\" content=\"682\" \/>\n\t<meta property=\"og:image:type\" content=\"image\/png\" \/>\n<meta name=\"author\" content=\"bianca\" \/>\n<meta name=\"twitter:card\" content=\"summary_large_image\" \/>\n<meta name=\"twitter:label1\" content=\"Escrito por\" \/>\n\t<meta name=\"twitter:data1\" content=\"bianca\" \/>\n\t<meta name=\"twitter:label2\" content=\"Est. tempo de leitura\" \/>\n\t<meta name=\"twitter:data2\" content=\"3 minutos\" \/>\n<script type=\"application\/ld+json\" class=\"yoast-schema-graph\">{\"@context\":\"https:\\\/\\\/schema.org\",\"@graph\":[{\"@type\":\"Article\",\"@id\":\"https:\\\/\\\/thefortune.one\\\/pt\\\/bc-da-alemanha-faz-alerta-sobre-inflacao-e-reduz-perspectiva-de-crescimento-para-2024\\\/#article\",\"isPartOf\":{\"@id\":\"https:\\\/\\\/thefortune.one\\\/pt\\\/bc-da-alemanha-faz-alerta-sobre-inflacao-e-reduz-perspectiva-de-crescimento-para-2024\\\/\"},\"author\":{\"name\":\"bianca\",\"@id\":\"https:\\\/\\\/thefortune.one\\\/pt\\\/#\\\/schema\\\/person\\\/6cd8fe72a627d36caabf41815984a16f\"},\"headline\":\"BC da Alemanha faz alerta sobre infla\u00e7\u00e3o e reduz perspectiva de crescimento para 2024\",\"datePublished\":\"2024-06-07T12:35:42+00:00\",\"mainEntityOfPage\":{\"@id\":\"https:\\\/\\\/thefortune.one\\\/pt\\\/bc-da-alemanha-faz-alerta-sobre-inflacao-e-reduz-perspectiva-de-crescimento-para-2024\\\/\"},\"wordCount\":560,\"commentCount\":0,\"publisher\":{\"@id\":\"https:\\\/\\\/thefortune.one\\\/pt\\\/#organization\"},\"image\":{\"@id\":\"https:\\\/\\\/thefortune.one\\\/pt\\\/bc-da-alemanha-faz-alerta-sobre-inflacao-e-reduz-perspectiva-de-crescimento-para-2024\\\/#primaryimage\"},\"thumbnailUrl\":\"https:\\\/\\\/thefortune.one\\\/wp-content\\\/uploads\\\/2024\\\/06\\\/zz.png\",\"articleSection\":[\"The Fortune.one\"],\"inLanguage\":\"pt-BR\",\"potentialAction\":[{\"@type\":\"CommentAction\",\"name\":\"Comment\",\"target\":[\"https:\\\/\\\/thefortune.one\\\/pt\\\/bc-da-alemanha-faz-alerta-sobre-inflacao-e-reduz-perspectiva-de-crescimento-para-2024\\\/#respond\"]}]},{\"@type\":\"WebPage\",\"@id\":\"https:\\\/\\\/thefortune.one\\\/pt\\\/bc-da-alemanha-faz-alerta-sobre-inflacao-e-reduz-perspectiva-de-crescimento-para-2024\\\/\",\"url\":\"https:\\\/\\\/thefortune.one\\\/pt\\\/bc-da-alemanha-faz-alerta-sobre-inflacao-e-reduz-perspectiva-de-crescimento-para-2024\\\/\",\"name\":\"BC da Alemanha faz alerta sobre infla\u00e7\u00e3o e reduz perspectiva de crescimento para 2024 - The Fortune.one\",\"isPartOf\":{\"@id\":\"https:\\\/\\\/thefortune.one\\\/pt\\\/#website\"},\"primaryImageOfPage\":{\"@id\":\"https:\\\/\\\/thefortune.one\\\/pt\\\/bc-da-alemanha-faz-alerta-sobre-inflacao-e-reduz-perspectiva-de-crescimento-para-2024\\\/#primaryimage\"},\"image\":{\"@id\":\"https:\\\/\\\/thefortune.one\\\/pt\\\/bc-da-alemanha-faz-alerta-sobre-inflacao-e-reduz-perspectiva-de-crescimento-para-2024\\\/#primaryimage\"},\"thumbnailUrl\":\"https:\\\/\\\/thefortune.one\\\/wp-content\\\/uploads\\\/2024\\\/06\\\/zz.png\",\"datePublished\":\"2024-06-07T12:35:42+00:00\",\"description\":\"Somos especialistas em gest\u00e3o patrimonial, op\u00e7\u00f5es de investimentos para diversos perfis, nosso diferencial \u00e9 comprovado com resultados.\",\"breadcrumb\":{\"@id\":\"https:\\\/\\\/thefortune.one\\\/pt\\\/bc-da-alemanha-faz-alerta-sobre-inflacao-e-reduz-perspectiva-de-crescimento-para-2024\\\/#breadcrumb\"},\"inLanguage\":\"pt-BR\",\"potentialAction\":[{\"@type\":\"ReadAction\",\"target\":[\"https:\\\/\\\/thefortune.one\\\/pt\\\/bc-da-alemanha-faz-alerta-sobre-inflacao-e-reduz-perspectiva-de-crescimento-para-2024\\\/\"]}]},{\"@type\":\"ImageObject\",\"inLanguage\":\"pt-BR\",\"@id\":\"https:\\\/\\\/thefortune.one\\\/pt\\\/bc-da-alemanha-faz-alerta-sobre-inflacao-e-reduz-perspectiva-de-crescimento-para-2024\\\/#primaryimage\",\"url\":\"https:\\\/\\\/thefortune.one\\\/wp-content\\\/uploads\\\/2024\\\/06\\\/zz.png\",\"contentUrl\":\"https:\\\/\\\/thefortune.one\\\/wp-content\\\/uploads\\\/2024\\\/06\\\/zz.png\",\"width\":1024,\"height\":682},{\"@type\":\"BreadcrumbList\",\"@id\":\"https:\\\/\\\/thefortune.one\\\/pt\\\/bc-da-alemanha-faz-alerta-sobre-inflacao-e-reduz-perspectiva-de-crescimento-para-2024\\\/#breadcrumb\",\"itemListElement\":[{\"@type\":\"ListItem\",\"position\":1,\"name\":\"In\u00edcio\",\"item\":\"https:\\\/\\\/thefortune.one\\\/pt\\\/\"},{\"@type\":\"ListItem\",\"position\":2,\"name\":\"BC da Alemanha faz alerta sobre infla\u00e7\u00e3o e reduz perspectiva de crescimento para 2024\"}]},{\"@type\":\"WebSite\",\"@id\":\"https:\\\/\\\/thefortune.one\\\/pt\\\/#website\",\"url\":\"https:\\\/\\\/thefortune.one\\\/pt\\\/\",\"name\":\"The Fortune.one\",\"description\":\"Gestora de Recursos Especializada em Private Equity\",\"publisher\":{\"@id\":\"https:\\\/\\\/thefortune.one\\\/pt\\\/#organization\"},\"potentialAction\":[{\"@type\":\"SearchAction\",\"target\":{\"@type\":\"EntryPoint\",\"urlTemplate\":\"https:\\\/\\\/thefortune.one\\\/pt\\\/?s={search_term_string}\"},\"query-input\":{\"@type\":\"PropertyValueSpecification\",\"valueRequired\":true,\"valueName\":\"search_term_string\"}}],\"inLanguage\":\"pt-BR\"},{\"@type\":\"Organization\",\"@id\":\"https:\\\/\\\/thefortune.one\\\/pt\\\/#organization\",\"name\":\"The Fortune One\",\"url\":\"https:\\\/\\\/thefortune.one\\\/pt\\\/\",\"logo\":{\"@type\":\"ImageObject\",\"inLanguage\":\"pt-BR\",\"@id\":\"https:\\\/\\\/thefortune.one\\\/pt\\\/#\\\/schema\\\/logo\\\/image\\\/\",\"url\":\"https:\\\/\\\/thefortune.one\\\/wp-content\\\/uploads\\\/2022\\\/11\\\/cropped-cropped-1651682701199-1.jpg\",\"contentUrl\":\"https:\\\/\\\/thefortune.one\\\/wp-content\\\/uploads\\\/2022\\\/11\\\/cropped-cropped-1651682701199-1.jpg\",\"width\":369,\"height\":421,\"caption\":\"The Fortune One\"},\"image\":{\"@id\":\"https:\\\/\\\/thefortune.one\\\/pt\\\/#\\\/schema\\\/logo\\\/image\\\/\"}},{\"@type\":\"Person\",\"@id\":\"https:\\\/\\\/thefortune.one\\\/pt\\\/#\\\/schema\\\/person\\\/6cd8fe72a627d36caabf41815984a16f\",\"name\":\"bianca\",\"image\":{\"@type\":\"ImageObject\",\"inLanguage\":\"pt-BR\",\"@id\":\"https:\\\/\\\/secure.gravatar.com\\\/avatar\\\/66cd7b00d93410555e00d1e6a911a86de0cd0cfa4f83a2f8b47eddc2968c98af?s=96&d=mm&r=g\",\"url\":\"https:\\\/\\\/secure.gravatar.com\\\/avatar\\\/66cd7b00d93410555e00d1e6a911a86de0cd0cfa4f83a2f8b47eddc2968c98af?s=96&d=mm&r=g\",\"contentUrl\":\"https:\\\/\\\/secure.gravatar.com\\\/avatar\\\/66cd7b00d93410555e00d1e6a911a86de0cd0cfa4f83a2f8b47eddc2968c98af?s=96&d=mm&r=g\",\"caption\":\"bianca\"},\"url\":\"https:\\\/\\\/thefortune.one\\\/pt\\\/author\\\/bianca\\\/\"}]}<\/script>\n<!-- \/ Yoast SEO plugin. -->","yoast_head_json":{"title":"BC da Alemanha faz alerta sobre infla\u00e7\u00e3o e reduz perspectiva de crescimento para 2024 - The Fortune.one","description":"Somos especialistas em gest\u00e3o patrimonial, op\u00e7\u00f5es de investimentos para diversos perfis, nosso diferencial \u00e9 comprovado com resultados.","robots":{"index":"index","follow":"follow","max-snippet":"max-snippet:-1","max-image-preview":"max-image-preview:large","max-video-preview":"max-video-preview:-1"},"canonical":"https:\/\/thefortune.one\/pt\/bc-da-alemanha-faz-alerta-sobre-inflacao-e-reduz-perspectiva-de-crescimento-para-2024\/","og_locale":"pt_BR","og_type":"article","og_title":"BC da Alemanha faz alerta sobre infla\u00e7\u00e3o e reduz perspectiva de crescimento para 2024 - The Fortune.one","og_description":"Somos especialistas em gest\u00e3o patrimonial, op\u00e7\u00f5es de investimentos para diversos perfis, nosso diferencial \u00e9 comprovado com resultados.","og_url":"https:\/\/thefortune.one\/pt\/bc-da-alemanha-faz-alerta-sobre-inflacao-e-reduz-perspectiva-de-crescimento-para-2024\/","og_site_name":"The Fortune.one","article_published_time":"2024-06-07T12:35:42+00:00","og_image":[{"width":1024,"height":682,"url":"https:\/\/thefortune.one\/wp-content\/uploads\/2024\/06\/zz.png","type":"image\/png"}],"author":"bianca","twitter_card":"summary_large_image","twitter_misc":{"Escrito por":"bianca","Est. tempo de leitura":"3 minutos"},"schema":{"@context":"https:\/\/schema.org","@graph":[{"@type":"Article","@id":"https:\/\/thefortune.one\/pt\/bc-da-alemanha-faz-alerta-sobre-inflacao-e-reduz-perspectiva-de-crescimento-para-2024\/#article","isPartOf":{"@id":"https:\/\/thefortune.one\/pt\/bc-da-alemanha-faz-alerta-sobre-inflacao-e-reduz-perspectiva-de-crescimento-para-2024\/"},"author":{"name":"bianca","@id":"https:\/\/thefortune.one\/pt\/#\/schema\/person\/6cd8fe72a627d36caabf41815984a16f"},"headline":"BC da Alemanha faz alerta sobre infla\u00e7\u00e3o e reduz perspectiva de crescimento para 2024","datePublished":"2024-06-07T12:35:42+00:00","mainEntityOfPage":{"@id":"https:\/\/thefortune.one\/pt\/bc-da-alemanha-faz-alerta-sobre-inflacao-e-reduz-perspectiva-de-crescimento-para-2024\/"},"wordCount":560,"commentCount":0,"publisher":{"@id":"https:\/\/thefortune.one\/pt\/#organization"},"image":{"@id":"https:\/\/thefortune.one\/pt\/bc-da-alemanha-faz-alerta-sobre-inflacao-e-reduz-perspectiva-de-crescimento-para-2024\/#primaryimage"},"thumbnailUrl":"https:\/\/thefortune.one\/wp-content\/uploads\/2024\/06\/zz.png","articleSection":["The Fortune.one"],"inLanguage":"pt-BR","potentialAction":[{"@type":"CommentAction","name":"Comment","target":["https:\/\/thefortune.one\/pt\/bc-da-alemanha-faz-alerta-sobre-inflacao-e-reduz-perspectiva-de-crescimento-para-2024\/#respond"]}]},{"@type":"WebPage","@id":"https:\/\/thefortune.one\/pt\/bc-da-alemanha-faz-alerta-sobre-inflacao-e-reduz-perspectiva-de-crescimento-para-2024\/","url":"https:\/\/thefortune.one\/pt\/bc-da-alemanha-faz-alerta-sobre-inflacao-e-reduz-perspectiva-de-crescimento-para-2024\/","name":"BC da Alemanha faz alerta sobre infla\u00e7\u00e3o e reduz perspectiva de crescimento para 2024 - The Fortune.one","isPartOf":{"@id":"https:\/\/thefortune.one\/pt\/#website"},"primaryImageOfPage":{"@id":"https:\/\/thefortune.one\/pt\/bc-da-alemanha-faz-alerta-sobre-inflacao-e-reduz-perspectiva-de-crescimento-para-2024\/#primaryimage"},"image":{"@id":"https:\/\/thefortune.one\/pt\/bc-da-alemanha-faz-alerta-sobre-inflacao-e-reduz-perspectiva-de-crescimento-para-2024\/#primaryimage"},"thumbnailUrl":"https:\/\/thefortune.one\/wp-content\/uploads\/2024\/06\/zz.png","datePublished":"2024-06-07T12:35:42+00:00","description":"Somos especialistas em gest\u00e3o patrimonial, op\u00e7\u00f5es de investimentos para diversos perfis, nosso diferencial \u00e9 comprovado com resultados.","breadcrumb":{"@id":"https:\/\/thefortune.one\/pt\/bc-da-alemanha-faz-alerta-sobre-inflacao-e-reduz-perspectiva-de-crescimento-para-2024\/#breadcrumb"},"inLanguage":"pt-BR","potentialAction":[{"@type":"ReadAction","target":["https:\/\/thefortune.one\/pt\/bc-da-alemanha-faz-alerta-sobre-inflacao-e-reduz-perspectiva-de-crescimento-para-2024\/"]}]},{"@type":"ImageObject","inLanguage":"pt-BR","@id":"https:\/\/thefortune.one\/pt\/bc-da-alemanha-faz-alerta-sobre-inflacao-e-reduz-perspectiva-de-crescimento-para-2024\/#primaryimage","url":"https:\/\/thefortune.one\/wp-content\/uploads\/2024\/06\/zz.png","contentUrl":"https:\/\/thefortune.one\/wp-content\/uploads\/2024\/06\/zz.png","width":1024,"height":682},{"@type":"BreadcrumbList","@id":"https:\/\/thefortune.one\/pt\/bc-da-alemanha-faz-alerta-sobre-inflacao-e-reduz-perspectiva-de-crescimento-para-2024\/#breadcrumb","itemListElement":[{"@type":"ListItem","position":1,"name":"In\u00edcio","item":"https:\/\/thefortune.one\/pt\/"},{"@type":"ListItem","position":2,"name":"BC da Alemanha faz alerta sobre infla\u00e7\u00e3o e reduz perspectiva de crescimento para 2024"}]},{"@type":"WebSite","@id":"https:\/\/thefortune.one\/pt\/#website","url":"https:\/\/thefortune.one\/pt\/","name":"The Fortune.one","description":"Gestora de Recursos Especializada em Private Equity","publisher":{"@id":"https:\/\/thefortune.one\/pt\/#organization"},"potentialAction":[{"@type":"SearchAction","target":{"@type":"EntryPoint","urlTemplate":"https:\/\/thefortune.one\/pt\/?s={search_term_string}"},"query-input":{"@type":"PropertyValueSpecification","valueRequired":true,"valueName":"search_term_string"}}],"inLanguage":"pt-BR"},{"@type":"Organization","@id":"https:\/\/thefortune.one\/pt\/#organization","name":"The Fortune One","url":"https:\/\/thefortune.one\/pt\/","logo":{"@type":"ImageObject","inLanguage":"pt-BR","@id":"https:\/\/thefortune.one\/pt\/#\/schema\/logo\/image\/","url":"https:\/\/thefortune.one\/wp-content\/uploads\/2022\/11\/cropped-cropped-1651682701199-1.jpg","contentUrl":"https:\/\/thefortune.one\/wp-content\/uploads\/2022\/11\/cropped-cropped-1651682701199-1.jpg","width":369,"height":421,"caption":"The Fortune One"},"image":{"@id":"https:\/\/thefortune.one\/pt\/#\/schema\/logo\/image\/"}},{"@type":"Person","@id":"https:\/\/thefortune.one\/pt\/#\/schema\/person\/6cd8fe72a627d36caabf41815984a16f","name":"bianca","image":{"@type":"ImageObject","inLanguage":"pt-BR","@id":"https:\/\/secure.gravatar.com\/avatar\/66cd7b00d93410555e00d1e6a911a86de0cd0cfa4f83a2f8b47eddc2968c98af?s=96&d=mm&r=g","url":"https:\/\/secure.gravatar.com\/avatar\/66cd7b00d93410555e00d1e6a911a86de0cd0cfa4f83a2f8b47eddc2968c98af?s=96&d=mm&r=g","contentUrl":"https:\/\/secure.gravatar.com\/avatar\/66cd7b00d93410555e00d1e6a911a86de0cd0cfa4f83a2f8b47eddc2968c98af?s=96&d=mm&r=g","caption":"bianca"},"url":"https:\/\/thefortune.one\/pt\/author\/bianca\/"}]}},"_links":{"self":[{"href":"https:\/\/thefortune.one\/pt\/wp-json\/wp\/v2\/posts\/5107","targetHints":{"allow":["GET"]}}],"collection":[{"href":"https:\/\/thefortune.one\/pt\/wp-json\/wp\/v2\/posts"}],"about":[{"href":"https:\/\/thefortune.one\/pt\/wp-json\/wp\/v2\/types\/post"}],"author":[{"embeddable":true,"href":"https:\/\/thefortune.one\/pt\/wp-json\/wp\/v2\/users\/3"}],"replies":[{"embeddable":true,"href":"https:\/\/thefortune.one\/pt\/wp-json\/wp\/v2\/comments?post=5107"}],"version-history":[{"count":1,"href":"https:\/\/thefortune.one\/pt\/wp-json\/wp\/v2\/posts\/5107\/revisions"}],"predecessor-version":[{"id":5110,"href":"https:\/\/thefortune.one\/pt\/wp-json\/wp\/v2\/posts\/5107\/revisions\/5110"}],"wp:featuredmedia":[{"embeddable":true,"href":"https:\/\/thefortune.one\/pt\/wp-json\/wp\/v2\/media\/5109"}],"wp:attachment":[{"href":"https:\/\/thefortune.one\/pt\/wp-json\/wp\/v2\/media?parent=5107"}],"wp:term":[{"taxonomy":"category","embeddable":true,"href":"https:\/\/thefortune.one\/pt\/wp-json\/wp\/v2\/categories?post=5107"},{"taxonomy":"post_tag","embeddable":true,"href":"https:\/\/thefortune.one\/pt\/wp-json\/wp\/v2\/tags?post=5107"}],"curies":[{"name":"wp","href":"https:\/\/api.w.org\/{rel}","templated":true}]}}