{"id":5070,"date":"2024-05-24T13:15:58","date_gmt":"2024-05-24T13:15:58","guid":{"rendered":"https:\/\/thefortune.one\/?p=5070"},"modified":"2024-05-24T13:15:58","modified_gmt":"2024-05-24T13:15:58","slug":"lula-admite-que-deve-vetar-fim-do-remessa-conforme-mas-diz-estar-disposto-a-negociar-com-lira","status":"publish","type":"post","link":"https:\/\/thefortune.one\/pt\/lula-admite-que-deve-vetar-fim-do-remessa-conforme-mas-diz-estar-disposto-a-negociar-com-lira\/","title":{"rendered":"Lula admite que deve vetar fim do Remessa Conforme, mas diz estar disposto a negociar com Lira"},"content":{"rendered":"\n<p>Na vis\u00e3o do presidente, a classe m\u00e9dia possui esse benef\u00edcio porque tem condi\u00e7\u00f5es de viajar para o exterior e fazer compras de produtos internacionais com isen\u00e7\u00e3o de imposto<\/p>\n\n\n\n<figure class=\"wp-block-image size-full is-resized\"><img fetchpriority=\"high\" decoding=\"async\" width=\"300\" height=\"300\" src=\"https:\/\/thefortune.one\/wp-content\/uploads\/2024\/05\/image.png\" alt=\"\" class=\"wp-image-5072\" style=\"width:389px;height:auto\" srcset=\"https:\/\/thefortune.one\/wp-content\/uploads\/2024\/05\/image.png 300w, https:\/\/thefortune.one\/wp-content\/uploads\/2024\/05\/image-150x150.png 150w, https:\/\/thefortune.one\/wp-content\/uploads\/2024\/05\/image-12x12.png 12w\" sizes=\"(max-width: 300px) 100vw, 300px\" \/><\/figure>\n\n\n\n<p><a href=\"https:\/\/web.whatsapp.com\/send?text=Lula%20admite%20que%20deve%20vetar%20fim%20do%20Remessa%20Conforme,%20mas%20diz%20estar%20disposto%20a%20negociar%20com%20Lira%20https%3A%2F%2Finteligenciafinanceira.com.br%2Fmercado-financeiro%2Fpolitica%2Flula-veto-remessa-conforme%2F\" target=\"_blank\" rel=\"noreferrer noopener\"><\/a><a href=\"https:\/\/www.linkedin.com\/sharing\/share-offsite\/?url=https%3A%2F%2Finteligenciafinanceira.com.br%2Fmercado-financeiro%2Fpolitica%2Flula-veto-remessa-conforme%2F&amp;title=Lula%20admite%20que%20deve%20vetar%20fim%20do%20Remessa%20Conforme,%20mas%20diz%20estar%20disposto%20a%20negociar%20com%20Lira\" target=\"_blank\" rel=\"noreferrer noopener\"><\/a><a href=\"https:\/\/t.me\/share\/url?url=https%3A%2F%2Finteligenciafinanceira.com.br%2Fmercado-financeiro%2Fpolitica%2Flula-veto-remessa-conforme%2F&amp;text=Lula%20admite%20que%20deve%20vetar%20fim%20do%20Remessa%20Conforme,%20mas%20diz%20estar%20disposto%20a%20negociar%20com%20Lira\" target=\"_blank\" rel=\"noreferrer noopener\"><\/a><a href=\"https:\/\/twitter.com\/intent\/tweet?text=Lula%20admite%20que%20deve%20vetar%20fim%20do%20Remessa%20Conforme,%20mas%20diz%20estar%20disposto%20a%20negociar%20com%20Lira&amp;url=https%3A%2F%2Finteligenciafinanceira.com.br%2Fmercado-financeiro%2Fpolitica%2Flula-veto-remessa-conforme%2F&amp;\" target=\"_blank\" rel=\"noreferrer noopener\"><\/a><a href=\"https:\/\/www.facebook.com\/sharer\/sharer.php?u=https%3A%2F%2Finteligenciafinanceira.com.br%2Fmercado-financeiro%2Fpolitica%2Flula-veto-remessa-conforme%2F\" target=\"_blank\" rel=\"noreferrer noopener\"><\/a><a href=\"mailto:?subject=Lula%20admite%20que%20deve%20vetar%20fim%20do%20Remessa%20Conforme,%20mas%20diz%20estar%20disposto%20a%20negociar%20com%20Lira&amp;body=Veja%20mais%20em%20https%3A%2F%2Finteligenciafinanceira.com.br%2Fmercado-financeiro%2Fpolitica%2Flula-veto-remessa-conforme%2F\" target=\"_blank\" rel=\"noreferrer noopener\"><\/a><a href=\"https:\/\/inteligenciafinanceira.com.br\/mercado-financeiro\/politica\/lula-veto-remessa-conforme\/#copy_link\"><\/a><\/p>\n\n\n\n<p>O presidente Luiz In\u00e1cio Lula da Silva admitiu nesta quinta-feira (23) que deve vetar eventual decis\u00e3o do Congresso Nacional de acabar com a isen\u00e7\u00e3o para&nbsp;<a href=\"https:\/\/inteligenciafinanceira.com.br\/investimentos\/remessa-conforme\/\" target=\"_blank\" rel=\"noreferrer noopener\">remessas internacionais de at\u00e9 US$ 50<\/a>.<\/p>\n\n\n\n<p>Apesar disso, Lula indicou que est\u00e1 disposto a \u201cnegociar\u201d com o presidente da C\u00e2mara, Arthur Lira (PP-AL), que est\u00e1 alinhado ao setor no varejo e trabalha pessoalmente para derrubar a isen\u00e7\u00e3o.<\/p>\n\n\n\n<p>\u201cN\u00e3o tem nenhum encontro previsto [com Lira], mas se ele quiser conversar [sobre isso], eu estou \u00e0 disposi\u00e7\u00e3o. A tend\u00eancia \u00e9 vetar [o fim da isen\u00e7\u00e3o], mas a tend\u00eancia tamb\u00e9m pode ser negociar\u201d, disse Lula, aos jornalistas, antes de receber o presidente do Benim, Patrice Talon, que faz uma visita de Estado ao Brasil nesta quinta.<\/p>\n\n\n\n<p>Como seria sua vida se a infla\u00e7\u00e3o hoje fosse de 200%? Inscreva-se e confira os bastidores do plano econ\u00f4mico que tirou o Brasil da hiperinfla\u00e7\u00e3o.<\/p>\n\n\n\n<h2 class=\"wp-block-heading\" id=\"h-tem-muita-bugiganga\">\u2018Tem muita bugiganga\u2019<\/h2>\n\n\n\n<p>Em seguida, Lula contrariou o seu vice-presidente e ministro do Desenvolvimento, da Ind\u00fastria e Com\u00e9rcio (Mdic), Geraldo Alckmin (PSB), \u2013 que tamb\u00e9m est\u00e1 defendendo a posi\u00e7\u00e3o do varejo brasileiro \u2013 e avaliou que o fim da isen\u00e7\u00e3o para remessas internacionais s\u00f3 vai prejudicar \u201cpessoas pobres\u201d.<\/p>\n\n\n\n<p>Na vis\u00e3o de Lula, a classe m\u00e9dia possui esse benef\u00edcio porque tem condi\u00e7\u00f5es de viajar para o exterior e fazer compras de produtos internacionais com isen\u00e7\u00e3o de imposto.<\/p>\n\n\n\n<p>\u201cVeja, quem \u00e9 que compra essas coisas? S\u00e3o mulheres, jovens, e tem muita bugiganga. Nem sei se essas bugigangas competem com coisas brasileiras, nem sei. Mas temos dois tipos de gente que n\u00e3o paga imposto. As pessoas que viajam, com isen\u00e7\u00e3o no free shop, que n\u00e3o pagam, e as pessoas de classe m\u00e9dia. Como voc\u00ea vai proibir pessoas pobres, meninas e mo\u00e7as que querem comprar uma bugiganga, um neg\u00f3cio de cabelo, sabe?\u201d, questionou o presidente.<\/p>\n\n\n\n<p>Por fim, Lula contou que levou esse argumento justamente ao vice-presidente Geraldo Alckmin. Por isso, ele defendeu que \u00e9 importante \u201cencontrar uma sa\u00edda\u201d sem prejudicar um ou outro.<\/p>\n\n\n\n<p>\u201cQuando discuti, eu falei com Alckmin: minha mulher compra, sua mulher compra, sua filha compra, todo mundo compra, a filha do Lira compra. Ent\u00e3o precisamos tentar ver um jeito de n\u00e3o tentar ajudar uns prejudicando outros e fazer uma coisa uniforme. Estamos dispostos a negociar e encontrar uma sa\u00edda\u201d, concluiu.<\/p>\n\n\n\n<h2 class=\"wp-block-heading\" id=\"h-remessa-conforme\">Remessa Conforme<\/h2>\n\n\n\n<p>Inclu\u00edda no projeto da Mobilidade Verde e Inova\u00e7\u00e3o (Mover), a retomada do imposto de importa\u00e7\u00e3o em compras internacionais tem dividido as bancadas \u2013 chegou a colocar o PT e o governo em lados opostos \u2013 e determinou o adiamento da vota\u00e7\u00e3o da proposta nas \u00faltimas semanas.<\/p>\n\n\n\n<p>Na ter\u00e7a-feira (21), o presidente da C\u00e2mara, Arthur Lira (PP-AL), sinalizou que aguardaria a tentativa de constru\u00e7\u00e3o de um acordo. Pontuou que, se os parlamentares n\u00e3o chegassem a um consenso, a medida seria definida no voto.<\/p>\n\n\n\n<p>As empresas do segmento varejista reclamam que a isen\u00e7\u00e3o para remessas internacionais cria uma competi\u00e7\u00e3o desigual para as empresas brasileiras. Para esse grupo, \u00e9 necess\u00e1rio aprovar a medida para evitar que empresas como Shopee, Alibaba e Shein canibalizem o mercado varejista.<\/p>\n\n\n\n<p>Para se ter uma ideia, empres\u00e1rios como Fl\u00e1vio Rocha, da&nbsp;<a href=\"https:\/\/inteligenciafinanceira.com.br\/investimentos\/guararapes-guar3-riachuelo-midway\/\">Riachuelo<\/a>, e S\u00e9rgio Zimerman, da Petz, visitaram Bras\u00edlia, na semana passada, para defender publicamente a cobran\u00e7a.<\/p>\n\n\n\n<p>Os marketplaces, por outro lado, t\u00eam se posicionado contra o fim da isen\u00e7\u00e3o, com o argumento de que o imposto inviabilizar\u00e1 os neg\u00f3cios e que a maioria dos produtos \u00e9 consumida por fam\u00edlias de baixa renda.<\/p>\n\n\n\n<p>Fonte:<a href=\"https:\/\/inteligenciafinanceira.com.br\/mercado-financeiro\/politica\/lula-veto-remessa-conforme\/\">https:\/\/inteligenciafinanceira.com.br\/mercado-financeiro\/politica\/lula-veto-remessa-conforme\/<\/a><\/p>\n","protected":false},"excerpt":{"rendered":"<p>Na vis\u00e3o do presidente, a classe m\u00e9dia possui esse benef\u00edcio porque tem condi\u00e7\u00f5es de viajar para o exterior e fazer compras de produtos internacionais com isen\u00e7\u00e3o de imposto O presidente Luiz In\u00e1cio Lula da Silva admitiu nesta quinta-feira (23) que deve vetar eventual decis\u00e3o do Congresso Nacional de acabar com a isen\u00e7\u00e3o para&nbsp;remessas internacionais de [&hellip;]<\/p>\n","protected":false},"author":3,"featured_media":5071,"comment_status":"open","ping_status":"open","sticky":false,"template":"","format":"standard","meta":{"_joinchat":[],"footnotes":""},"categories":[1],"tags":[],"class_list":["post-5070","post","type-post","status-publish","format-standard","has-post-thumbnail","hentry","category-the-fortune-one"],"yoast_head":"<!-- This site is optimized with the Yoast SEO plugin v27.5 - https:\/\/yoast.com\/product\/yoast-seo-wordpress\/ -->\n<title>Lula admite que deve vetar fim do Remessa Conforme, mas diz estar disposto a negociar com Lira - The Fortune.one<\/title>\n<meta name=\"description\" content=\"Somos especialistas em gest\u00e3o patrimonial, op\u00e7\u00f5es de investimentos para diversos perfis, nosso diferencial \u00e9 comprovado com resultados.\" \/>\n<meta name=\"robots\" content=\"index, follow, max-snippet:-1, max-image-preview:large, max-video-preview:-1\" \/>\n<link rel=\"canonical\" href=\"https:\/\/thefortune.one\/pt\/lula-admite-que-deve-vetar-fim-do-remessa-conforme-mas-diz-estar-disposto-a-negociar-com-lira\/\" \/>\n<meta property=\"og:locale\" content=\"pt_BR\" \/>\n<meta property=\"og:type\" content=\"article\" \/>\n<meta property=\"og:title\" content=\"Lula admite que deve vetar fim do Remessa Conforme, mas diz estar disposto a negociar com Lira - The Fortune.one\" \/>\n<meta property=\"og:description\" content=\"Somos especialistas em gest\u00e3o patrimonial, op\u00e7\u00f5es de investimentos para diversos perfis, nosso diferencial \u00e9 comprovado com resultados.\" \/>\n<meta property=\"og:url\" content=\"https:\/\/thefortune.one\/pt\/lula-admite-que-deve-vetar-fim-do-remessa-conforme-mas-diz-estar-disposto-a-negociar-com-lira\/\" \/>\n<meta property=\"og:site_name\" content=\"The Fortune.one\" \/>\n<meta property=\"article:published_time\" content=\"2024-05-24T13:15:58+00:00\" \/>\n<meta property=\"og:image\" content=\"https:\/\/thefortune.one\/wp-content\/uploads\/2024\/05\/lulu.jpg\" \/>\n\t<meta property=\"og:image:width\" content=\"300\" \/>\n\t<meta property=\"og:image:height\" content=\"300\" \/>\n\t<meta property=\"og:image:type\" content=\"image\/jpeg\" \/>\n<meta name=\"author\" content=\"bianca\" \/>\n<meta name=\"twitter:card\" content=\"summary_large_image\" \/>\n<meta name=\"twitter:label1\" content=\"Escrito por\" \/>\n\t<meta name=\"twitter:data1\" content=\"bianca\" \/>\n\t<meta name=\"twitter:label2\" content=\"Est. tempo de leitura\" \/>\n\t<meta name=\"twitter:data2\" content=\"3 minutos\" \/>\n<script type=\"application\/ld+json\" class=\"yoast-schema-graph\">{\"@context\":\"https:\\\/\\\/schema.org\",\"@graph\":[{\"@type\":\"Article\",\"@id\":\"https:\\\/\\\/thefortune.one\\\/pt\\\/lula-admite-que-deve-vetar-fim-do-remessa-conforme-mas-diz-estar-disposto-a-negociar-com-lira\\\/#article\",\"isPartOf\":{\"@id\":\"https:\\\/\\\/thefortune.one\\\/pt\\\/lula-admite-que-deve-vetar-fim-do-remessa-conforme-mas-diz-estar-disposto-a-negociar-com-lira\\\/\"},\"author\":{\"name\":\"bianca\",\"@id\":\"https:\\\/\\\/thefortune.one\\\/pt\\\/#\\\/schema\\\/person\\\/6cd8fe72a627d36caabf41815984a16f\"},\"headline\":\"Lula admite que deve vetar fim do Remessa Conforme, mas diz estar disposto a negociar com Lira\",\"datePublished\":\"2024-05-24T13:15:58+00:00\",\"mainEntityOfPage\":{\"@id\":\"https:\\\/\\\/thefortune.one\\\/pt\\\/lula-admite-que-deve-vetar-fim-do-remessa-conforme-mas-diz-estar-disposto-a-negociar-com-lira\\\/\"},\"wordCount\":660,\"commentCount\":0,\"publisher\":{\"@id\":\"https:\\\/\\\/thefortune.one\\\/pt\\\/#organization\"},\"image\":{\"@id\":\"https:\\\/\\\/thefortune.one\\\/pt\\\/lula-admite-que-deve-vetar-fim-do-remessa-conforme-mas-diz-estar-disposto-a-negociar-com-lira\\\/#primaryimage\"},\"thumbnailUrl\":\"https:\\\/\\\/thefortune.one\\\/wp-content\\\/uploads\\\/2024\\\/05\\\/lulu.jpg\",\"articleSection\":[\"The Fortune.one\"],\"inLanguage\":\"pt-BR\",\"potentialAction\":[{\"@type\":\"CommentAction\",\"name\":\"Comment\",\"target\":[\"https:\\\/\\\/thefortune.one\\\/pt\\\/lula-admite-que-deve-vetar-fim-do-remessa-conforme-mas-diz-estar-disposto-a-negociar-com-lira\\\/#respond\"]}]},{\"@type\":\"WebPage\",\"@id\":\"https:\\\/\\\/thefortune.one\\\/pt\\\/lula-admite-que-deve-vetar-fim-do-remessa-conforme-mas-diz-estar-disposto-a-negociar-com-lira\\\/\",\"url\":\"https:\\\/\\\/thefortune.one\\\/pt\\\/lula-admite-que-deve-vetar-fim-do-remessa-conforme-mas-diz-estar-disposto-a-negociar-com-lira\\\/\",\"name\":\"Lula admite que deve vetar fim do Remessa Conforme, mas diz estar disposto a negociar com Lira - The Fortune.one\",\"isPartOf\":{\"@id\":\"https:\\\/\\\/thefortune.one\\\/pt\\\/#website\"},\"primaryImageOfPage\":{\"@id\":\"https:\\\/\\\/thefortune.one\\\/pt\\\/lula-admite-que-deve-vetar-fim-do-remessa-conforme-mas-diz-estar-disposto-a-negociar-com-lira\\\/#primaryimage\"},\"image\":{\"@id\":\"https:\\\/\\\/thefortune.one\\\/pt\\\/lula-admite-que-deve-vetar-fim-do-remessa-conforme-mas-diz-estar-disposto-a-negociar-com-lira\\\/#primaryimage\"},\"thumbnailUrl\":\"https:\\\/\\\/thefortune.one\\\/wp-content\\\/uploads\\\/2024\\\/05\\\/lulu.jpg\",\"datePublished\":\"2024-05-24T13:15:58+00:00\",\"description\":\"Somos especialistas em gest\u00e3o patrimonial, op\u00e7\u00f5es de investimentos para diversos perfis, nosso diferencial \u00e9 comprovado com resultados.\",\"breadcrumb\":{\"@id\":\"https:\\\/\\\/thefortune.one\\\/pt\\\/lula-admite-que-deve-vetar-fim-do-remessa-conforme-mas-diz-estar-disposto-a-negociar-com-lira\\\/#breadcrumb\"},\"inLanguage\":\"pt-BR\",\"potentialAction\":[{\"@type\":\"ReadAction\",\"target\":[\"https:\\\/\\\/thefortune.one\\\/pt\\\/lula-admite-que-deve-vetar-fim-do-remessa-conforme-mas-diz-estar-disposto-a-negociar-com-lira\\\/\"]}]},{\"@type\":\"ImageObject\",\"inLanguage\":\"pt-BR\",\"@id\":\"https:\\\/\\\/thefortune.one\\\/pt\\\/lula-admite-que-deve-vetar-fim-do-remessa-conforme-mas-diz-estar-disposto-a-negociar-com-lira\\\/#primaryimage\",\"url\":\"https:\\\/\\\/thefortune.one\\\/wp-content\\\/uploads\\\/2024\\\/05\\\/lulu.jpg\",\"contentUrl\":\"https:\\\/\\\/thefortune.one\\\/wp-content\\\/uploads\\\/2024\\\/05\\\/lulu.jpg\",\"width\":300,\"height\":300},{\"@type\":\"BreadcrumbList\",\"@id\":\"https:\\\/\\\/thefortune.one\\\/pt\\\/lula-admite-que-deve-vetar-fim-do-remessa-conforme-mas-diz-estar-disposto-a-negociar-com-lira\\\/#breadcrumb\",\"itemListElement\":[{\"@type\":\"ListItem\",\"position\":1,\"name\":\"In\u00edcio\",\"item\":\"https:\\\/\\\/thefortune.one\\\/pt\\\/\"},{\"@type\":\"ListItem\",\"position\":2,\"name\":\"Lula admite que deve vetar fim do Remessa Conforme, mas diz estar disposto a negociar com Lira\"}]},{\"@type\":\"WebSite\",\"@id\":\"https:\\\/\\\/thefortune.one\\\/pt\\\/#website\",\"url\":\"https:\\\/\\\/thefortune.one\\\/pt\\\/\",\"name\":\"The Fortune.one\",\"description\":\"Gestora de Recursos Especializada em Private Equity\",\"publisher\":{\"@id\":\"https:\\\/\\\/thefortune.one\\\/pt\\\/#organization\"},\"potentialAction\":[{\"@type\":\"SearchAction\",\"target\":{\"@type\":\"EntryPoint\",\"urlTemplate\":\"https:\\\/\\\/thefortune.one\\\/pt\\\/?s={search_term_string}\"},\"query-input\":{\"@type\":\"PropertyValueSpecification\",\"valueRequired\":true,\"valueName\":\"search_term_string\"}}],\"inLanguage\":\"pt-BR\"},{\"@type\":\"Organization\",\"@id\":\"https:\\\/\\\/thefortune.one\\\/pt\\\/#organization\",\"name\":\"The Fortune One\",\"url\":\"https:\\\/\\\/thefortune.one\\\/pt\\\/\",\"logo\":{\"@type\":\"ImageObject\",\"inLanguage\":\"pt-BR\",\"@id\":\"https:\\\/\\\/thefortune.one\\\/pt\\\/#\\\/schema\\\/logo\\\/image\\\/\",\"url\":\"https:\\\/\\\/thefortune.one\\\/wp-content\\\/uploads\\\/2022\\\/11\\\/cropped-cropped-1651682701199-1.jpg\",\"contentUrl\":\"https:\\\/\\\/thefortune.one\\\/wp-content\\\/uploads\\\/2022\\\/11\\\/cropped-cropped-1651682701199-1.jpg\",\"width\":369,\"height\":421,\"caption\":\"The Fortune One\"},\"image\":{\"@id\":\"https:\\\/\\\/thefortune.one\\\/pt\\\/#\\\/schema\\\/logo\\\/image\\\/\"}},{\"@type\":\"Person\",\"@id\":\"https:\\\/\\\/thefortune.one\\\/pt\\\/#\\\/schema\\\/person\\\/6cd8fe72a627d36caabf41815984a16f\",\"name\":\"bianca\",\"image\":{\"@type\":\"ImageObject\",\"inLanguage\":\"pt-BR\",\"@id\":\"https:\\\/\\\/secure.gravatar.com\\\/avatar\\\/66cd7b00d93410555e00d1e6a911a86de0cd0cfa4f83a2f8b47eddc2968c98af?s=96&d=mm&r=g\",\"url\":\"https:\\\/\\\/secure.gravatar.com\\\/avatar\\\/66cd7b00d93410555e00d1e6a911a86de0cd0cfa4f83a2f8b47eddc2968c98af?s=96&d=mm&r=g\",\"contentUrl\":\"https:\\\/\\\/secure.gravatar.com\\\/avatar\\\/66cd7b00d93410555e00d1e6a911a86de0cd0cfa4f83a2f8b47eddc2968c98af?s=96&d=mm&r=g\",\"caption\":\"bianca\"},\"url\":\"https:\\\/\\\/thefortune.one\\\/pt\\\/author\\\/bianca\\\/\"}]}<\/script>\n<!-- \/ Yoast SEO plugin. -->","yoast_head_json":{"title":"Lula admite que deve vetar fim do Remessa Conforme, mas diz estar disposto a negociar com Lira - The Fortune.one","description":"Somos especialistas em gest\u00e3o patrimonial, op\u00e7\u00f5es de investimentos para diversos perfis, nosso diferencial \u00e9 comprovado com resultados.","robots":{"index":"index","follow":"follow","max-snippet":"max-snippet:-1","max-image-preview":"max-image-preview:large","max-video-preview":"max-video-preview:-1"},"canonical":"https:\/\/thefortune.one\/pt\/lula-admite-que-deve-vetar-fim-do-remessa-conforme-mas-diz-estar-disposto-a-negociar-com-lira\/","og_locale":"pt_BR","og_type":"article","og_title":"Lula admite que deve vetar fim do Remessa Conforme, mas diz estar disposto a negociar com Lira - The Fortune.one","og_description":"Somos especialistas em gest\u00e3o patrimonial, op\u00e7\u00f5es de investimentos para diversos perfis, nosso diferencial \u00e9 comprovado com resultados.","og_url":"https:\/\/thefortune.one\/pt\/lula-admite-que-deve-vetar-fim-do-remessa-conforme-mas-diz-estar-disposto-a-negociar-com-lira\/","og_site_name":"The Fortune.one","article_published_time":"2024-05-24T13:15:58+00:00","og_image":[{"width":300,"height":300,"url":"https:\/\/thefortune.one\/wp-content\/uploads\/2024\/05\/lulu.jpg","type":"image\/jpeg"}],"author":"bianca","twitter_card":"summary_large_image","twitter_misc":{"Escrito por":"bianca","Est. tempo de leitura":"3 minutos"},"schema":{"@context":"https:\/\/schema.org","@graph":[{"@type":"Article","@id":"https:\/\/thefortune.one\/pt\/lula-admite-que-deve-vetar-fim-do-remessa-conforme-mas-diz-estar-disposto-a-negociar-com-lira\/#article","isPartOf":{"@id":"https:\/\/thefortune.one\/pt\/lula-admite-que-deve-vetar-fim-do-remessa-conforme-mas-diz-estar-disposto-a-negociar-com-lira\/"},"author":{"name":"bianca","@id":"https:\/\/thefortune.one\/pt\/#\/schema\/person\/6cd8fe72a627d36caabf41815984a16f"},"headline":"Lula admite que deve vetar fim do Remessa Conforme, mas diz estar disposto a negociar com Lira","datePublished":"2024-05-24T13:15:58+00:00","mainEntityOfPage":{"@id":"https:\/\/thefortune.one\/pt\/lula-admite-que-deve-vetar-fim-do-remessa-conforme-mas-diz-estar-disposto-a-negociar-com-lira\/"},"wordCount":660,"commentCount":0,"publisher":{"@id":"https:\/\/thefortune.one\/pt\/#organization"},"image":{"@id":"https:\/\/thefortune.one\/pt\/lula-admite-que-deve-vetar-fim-do-remessa-conforme-mas-diz-estar-disposto-a-negociar-com-lira\/#primaryimage"},"thumbnailUrl":"https:\/\/thefortune.one\/wp-content\/uploads\/2024\/05\/lulu.jpg","articleSection":["The Fortune.one"],"inLanguage":"pt-BR","potentialAction":[{"@type":"CommentAction","name":"Comment","target":["https:\/\/thefortune.one\/pt\/lula-admite-que-deve-vetar-fim-do-remessa-conforme-mas-diz-estar-disposto-a-negociar-com-lira\/#respond"]}]},{"@type":"WebPage","@id":"https:\/\/thefortune.one\/pt\/lula-admite-que-deve-vetar-fim-do-remessa-conforme-mas-diz-estar-disposto-a-negociar-com-lira\/","url":"https:\/\/thefortune.one\/pt\/lula-admite-que-deve-vetar-fim-do-remessa-conforme-mas-diz-estar-disposto-a-negociar-com-lira\/","name":"Lula admite que deve vetar fim do Remessa Conforme, mas diz estar disposto a negociar com Lira - The Fortune.one","isPartOf":{"@id":"https:\/\/thefortune.one\/pt\/#website"},"primaryImageOfPage":{"@id":"https:\/\/thefortune.one\/pt\/lula-admite-que-deve-vetar-fim-do-remessa-conforme-mas-diz-estar-disposto-a-negociar-com-lira\/#primaryimage"},"image":{"@id":"https:\/\/thefortune.one\/pt\/lula-admite-que-deve-vetar-fim-do-remessa-conforme-mas-diz-estar-disposto-a-negociar-com-lira\/#primaryimage"},"thumbnailUrl":"https:\/\/thefortune.one\/wp-content\/uploads\/2024\/05\/lulu.jpg","datePublished":"2024-05-24T13:15:58+00:00","description":"Somos especialistas em gest\u00e3o patrimonial, op\u00e7\u00f5es de investimentos para diversos perfis, nosso diferencial \u00e9 comprovado com resultados.","breadcrumb":{"@id":"https:\/\/thefortune.one\/pt\/lula-admite-que-deve-vetar-fim-do-remessa-conforme-mas-diz-estar-disposto-a-negociar-com-lira\/#breadcrumb"},"inLanguage":"pt-BR","potentialAction":[{"@type":"ReadAction","target":["https:\/\/thefortune.one\/pt\/lula-admite-que-deve-vetar-fim-do-remessa-conforme-mas-diz-estar-disposto-a-negociar-com-lira\/"]}]},{"@type":"ImageObject","inLanguage":"pt-BR","@id":"https:\/\/thefortune.one\/pt\/lula-admite-que-deve-vetar-fim-do-remessa-conforme-mas-diz-estar-disposto-a-negociar-com-lira\/#primaryimage","url":"https:\/\/thefortune.one\/wp-content\/uploads\/2024\/05\/lulu.jpg","contentUrl":"https:\/\/thefortune.one\/wp-content\/uploads\/2024\/05\/lulu.jpg","width":300,"height":300},{"@type":"BreadcrumbList","@id":"https:\/\/thefortune.one\/pt\/lula-admite-que-deve-vetar-fim-do-remessa-conforme-mas-diz-estar-disposto-a-negociar-com-lira\/#breadcrumb","itemListElement":[{"@type":"ListItem","position":1,"name":"In\u00edcio","item":"https:\/\/thefortune.one\/pt\/"},{"@type":"ListItem","position":2,"name":"Lula admite que deve vetar fim do Remessa Conforme, mas diz estar disposto a negociar com Lira"}]},{"@type":"WebSite","@id":"https:\/\/thefortune.one\/pt\/#website","url":"https:\/\/thefortune.one\/pt\/","name":"The Fortune.one","description":"Gestora de Recursos Especializada em Private Equity","publisher":{"@id":"https:\/\/thefortune.one\/pt\/#organization"},"potentialAction":[{"@type":"SearchAction","target":{"@type":"EntryPoint","urlTemplate":"https:\/\/thefortune.one\/pt\/?s={search_term_string}"},"query-input":{"@type":"PropertyValueSpecification","valueRequired":true,"valueName":"search_term_string"}}],"inLanguage":"pt-BR"},{"@type":"Organization","@id":"https:\/\/thefortune.one\/pt\/#organization","name":"The Fortune One","url":"https:\/\/thefortune.one\/pt\/","logo":{"@type":"ImageObject","inLanguage":"pt-BR","@id":"https:\/\/thefortune.one\/pt\/#\/schema\/logo\/image\/","url":"https:\/\/thefortune.one\/wp-content\/uploads\/2022\/11\/cropped-cropped-1651682701199-1.jpg","contentUrl":"https:\/\/thefortune.one\/wp-content\/uploads\/2022\/11\/cropped-cropped-1651682701199-1.jpg","width":369,"height":421,"caption":"The Fortune One"},"image":{"@id":"https:\/\/thefortune.one\/pt\/#\/schema\/logo\/image\/"}},{"@type":"Person","@id":"https:\/\/thefortune.one\/pt\/#\/schema\/person\/6cd8fe72a627d36caabf41815984a16f","name":"bianca","image":{"@type":"ImageObject","inLanguage":"pt-BR","@id":"https:\/\/secure.gravatar.com\/avatar\/66cd7b00d93410555e00d1e6a911a86de0cd0cfa4f83a2f8b47eddc2968c98af?s=96&d=mm&r=g","url":"https:\/\/secure.gravatar.com\/avatar\/66cd7b00d93410555e00d1e6a911a86de0cd0cfa4f83a2f8b47eddc2968c98af?s=96&d=mm&r=g","contentUrl":"https:\/\/secure.gravatar.com\/avatar\/66cd7b00d93410555e00d1e6a911a86de0cd0cfa4f83a2f8b47eddc2968c98af?s=96&d=mm&r=g","caption":"bianca"},"url":"https:\/\/thefortune.one\/pt\/author\/bianca\/"}]}},"_links":{"self":[{"href":"https:\/\/thefortune.one\/pt\/wp-json\/wp\/v2\/posts\/5070","targetHints":{"allow":["GET"]}}],"collection":[{"href":"https:\/\/thefortune.one\/pt\/wp-json\/wp\/v2\/posts"}],"about":[{"href":"https:\/\/thefortune.one\/pt\/wp-json\/wp\/v2\/types\/post"}],"author":[{"embeddable":true,"href":"https:\/\/thefortune.one\/pt\/wp-json\/wp\/v2\/users\/3"}],"replies":[{"embeddable":true,"href":"https:\/\/thefortune.one\/pt\/wp-json\/wp\/v2\/comments?post=5070"}],"version-history":[{"count":1,"href":"https:\/\/thefortune.one\/pt\/wp-json\/wp\/v2\/posts\/5070\/revisions"}],"predecessor-version":[{"id":5073,"href":"https:\/\/thefortune.one\/pt\/wp-json\/wp\/v2\/posts\/5070\/revisions\/5073"}],"wp:featuredmedia":[{"embeddable":true,"href":"https:\/\/thefortune.one\/pt\/wp-json\/wp\/v2\/media\/5071"}],"wp:attachment":[{"href":"https:\/\/thefortune.one\/pt\/wp-json\/wp\/v2\/media?parent=5070"}],"wp:term":[{"taxonomy":"category","embeddable":true,"href":"https:\/\/thefortune.one\/pt\/wp-json\/wp\/v2\/categories?post=5070"},{"taxonomy":"post_tag","embeddable":true,"href":"https:\/\/thefortune.one\/pt\/wp-json\/wp\/v2\/tags?post=5070"}],"curies":[{"name":"wp","href":"https:\/\/api.w.org\/{rel}","templated":true}]}}