{"id":5022,"date":"2024-04-30T13:18:58","date_gmt":"2024-04-30T13:18:58","guid":{"rendered":"https:\/\/thefortune.one\/?p=5022"},"modified":"2024-04-30T13:18:58","modified_gmt":"2024-04-30T13:18:58","slug":"desoneracao-traz-risco-de-nova-reforma-da-previdencia-em-tres-anos-diz-haddad","status":"publish","type":"post","link":"https:\/\/thefortune.one\/pt\/desoneracao-traz-risco-de-nova-reforma-da-previdencia-em-tres-anos-diz-haddad\/","title":{"rendered":"Desonera\u00e7\u00e3o traz risco de nova reforma da Previd\u00eancia em tr\u00eas anos, diz Haddad"},"content":{"rendered":"\n<p>Apesar da advert\u00eancia, o ministro se disse confiante em um acordo para resolver o impasse entre os Poderes Executivo, Legislativo e Judici\u00e1rio<a href=\"https:\/\/web.whatsapp.com\/send?text=Desonera%C3%A7%C3%A3o%20traz%20risco%20de%20nova%20reforma%20da%20Previd%C3%AAncia%20em%20tr%C3%AAs%20anos,%20diz%20Haddad%20https%3A%2F%2Finteligenciafinanceira.com.br%2Fmercado-financeiro%2Feconomia%2Fdesoneracao-traz-risco-de-nova-reforma-da-previdencia-em-tres-anos-diz-haddad%2F\" target=\"_blank\" rel=\"noreferrer noopener\"><\/a><a href=\"https:\/\/www.linkedin.com\/sharing\/share-offsite\/?url=https%3A%2F%2Finteligenciafinanceira.com.br%2Fmercado-financeiro%2Feconomia%2Fdesoneracao-traz-risco-de-nova-reforma-da-previdencia-em-tres-anos-diz-haddad%2F&amp;title=Desonera%C3%A7%C3%A3o%20traz%20risco%20de%20nova%20reforma%20da%20Previd%C3%AAncia%20em%20tr%C3%AAs%20anos,%20diz%20Haddad\" target=\"_blank\" rel=\"noreferrer noopener\"><\/a><a href=\"https:\/\/t.me\/share\/url?url=https%3A%2F%2Finteligenciafinanceira.com.br%2Fmercado-financeiro%2Feconomia%2Fdesoneracao-traz-risco-de-nova-reforma-da-previdencia-em-tres-anos-diz-haddad%2F&amp;text=Desonera%C3%A7%C3%A3o%20traz%20risco%20de%20nova%20reforma%20da%20Previd%C3%AAncia%20em%20tr%C3%AAs%20anos,%20diz%20Haddad\" target=\"_blank\" rel=\"noreferrer noopener\"><\/a><a href=\"https:\/\/twitter.com\/intent\/tweet?text=Desonera%C3%A7%C3%A3o%20traz%20risco%20de%20nova%20reforma%20da%20Previd%C3%AAncia%20em%20tr%C3%AAs%20anos,%20diz%20Haddad&amp;url=https%3A%2F%2Finteligenciafinanceira.com.br%2Fmercado-financeiro%2Feconomia%2Fdesoneracao-traz-risco-de-nova-reforma-da-previdencia-em-tres-anos-diz-haddad%2F&amp;\" target=\"_blank\" rel=\"noreferrer noopener\"><\/a><a href=\"https:\/\/www.facebook.com\/sharer\/sharer.php?u=https%3A%2F%2Finteligenciafinanceira.com.br%2Fmercado-financeiro%2Feconomia%2Fdesoneracao-traz-risco-de-nova-reforma-da-previdencia-em-tres-anos-diz-haddad%2F\" target=\"_blank\" rel=\"noreferrer noopener\"><\/a><a href=\"mailto:?subject=Desonera%C3%A7%C3%A3o%20traz%20risco%20de%20nova%20reforma%20da%20Previd%C3%AAncia%20em%20tr%C3%AAs%20anos,%20diz%20Haddad&amp;body=Veja%20mais%20em%20https%3A%2F%2Finteligenciafinanceira.com.br%2Fmercado-financeiro%2Feconomia%2Fdesoneracao-traz-risco-de-nova-reforma-da-previdencia-em-tres-anos-diz-haddad%2F\" target=\"_blank\" rel=\"noreferrer noopener\"><\/a><a href=\"https:\/\/inteligenciafinanceira.com.br\/mercado-financeiro\/economia\/desoneracao-traz-risco-de-nova-reforma-da-previdencia-em-tres-anos-diz-haddad\/#copy_link\"><\/a><\/p>\n\n\n\n<figure class=\"wp-block-image is-resized\"><img decoding=\"async\" src=\"https:\/\/inteligenciafinanceira.com.br\/wp-content\/uploads\/2024\/04\/programa-acredita2_mcamgo_abr_22042024-27red.jpg?w=396\" alt=\"Desonera\u00e7\u00e3o traz risco de nova reforma da Previd\u00eancia em tr\u00eas anos, diz Haddad\" style=\"width:575px;height:auto\" \/><figcaption class=\"wp-element-caption\">Fernando Haddad, ministro da Fazenda Foto: Marcelo Camargo\/Ag\u00eancia Brasil<\/figcaption><\/figure>\n\n\n\n<p>A manuten\u00e7\u00e3o da desonera\u00e7\u00e3o da folha de pagamento para 17 setores da economia e da desonera\u00e7\u00e3o para pequenos munic\u00edpios traz o risco de uma nova reforma da Previd\u00eancia em tr\u00eas anos, disse na noite o ministro da Fazenda, Fernando Haddad. Ele disse que o placar de 5 a 0 no Supremo Tribunal Federal (STF)&nbsp;<a href=\"https:\/\/agenciabrasil.ebc.com.br\/justica\/noticia\/2024-04\/fux-pede-vista-e-interrompe-julgamento-da-desonera%C3%A7%C3%A3o-da-folha\" target=\"_blank\" rel=\"noreferrer noopener\">no julgamento da liminar que suspendeu a desonera\u00e7\u00e3o<\/a>&nbsp;mostra a necessidade de acordos para evitar mais preju\u00edzos \u00e0 Previd\u00eancia Social.<\/p>\n\n\n\n<blockquote class=\"wp-block-quote is-layout-flow wp-block-quote-is-layout-flow\">\n<p>\u201cEstamos desde outubro tentando conversar com os [17] setores e os munic\u00edpios. O placar do Supremo deixa claro que temos de encontrar um caminho para n\u00e3o prejudicar a Previd\u00eancia. Ou daqui a tr\u00eas anos vai ter de fazer outra reforma da Previd\u00eancia, se n\u00e3o tiver receita. A receita da Previd\u00eancia \u00e9 sagrada, para pagar os aposentados. N\u00e3o d\u00e1 para brincar com essa coisa\u201d, disse o ministro ao retornar de reuni\u00e3o com o presidente Luiz In\u00e1cio Lula da Silva.<\/p>\n\n\n\n<p>Apesar da advert\u00eancia, o ministro se disse confiante em um acordo para resolver o impasse entre os Poderes Executivo, Legislativo e Judici\u00e1rio. Apesar das&nbsp;<a href=\"https:\/\/agenciabrasil.ebc.com.br\/justica\/noticia\/2024-04\/senado-recorre-ao-stf-para-manter-desoneracao-da-folha-de-pagamento\" target=\"_blank\" rel=\"noreferrer noopener\">recentes cr\u00edticas do presidente do Senado<\/a>, Rodrigo Pacheco (PSD-MG), ao governo por ter recorrido ao Supremo, Haddad afirmou que o di\u00e1logo trar\u00e1 resultados. \u201cTem dado muito resultado o nosso di\u00e1logo com o Congresso e com o Judici\u00e1rio. O Pacheco segue sendo um aliado\u201d, destacou o ministro.<\/p>\n\n\n\n<p>O ministro esclareceu entrevista publicada neste fim de semana pelo jornal&nbsp;<em>Folha de S.Paulo<\/em>, em que cobrou o Congresso pela busca do equil\u00edbrio nas contas p\u00fablicas. Na entrevista, Haddad disse que o Congresso quer governar numa esp\u00e9cie de parlamentarismo, sem assumir as responsabilidades pelo aumento de gastos provocados pelas pautas-bomba.<\/p>\n\n\n\n<p>\u201cO que eu estava dizendo na entrevista \u00e9 que, como o Congresso ganhou prerrogativas, era importante que as mesmas pr\u00e1ticas de respeito \u00e0 lei fiscal deveriam ser de todos: Executivo, Legislativo e Judici\u00e1rio, que \u00e9 o pacto que eu venho falando desde o come\u00e7o do ano. Vamos fazer um pacto para a gente acertar as contas e continuar evoluindo\u201d, concluiu Haddad.<\/p>\n\n\n\n<h2 class=\"wp-block-heading\" id=\"h-impacto\">Impacto<\/h2>\n\n\n\n<p>No fim do ano passado, o Congresso aprovou o projeto de lei da desonera\u00e7\u00e3o que prorrogava, at\u00e9 2027, a troca da contribui\u00e7\u00e3o previdenci\u00e1ria \u2013 correspondente a 20% da folha de pagamento \u2013 por uma al\u00edquota entre 1% e 4,5% sobre a receita bruta de empresas de 17 setores da economia. O projeto tamb\u00e9m cortou de 20% para 8% a al\u00edquota das contribui\u00e7\u00f5es ao INSS por parte dos munic\u00edpios com at\u00e9 156 mil habitantes.<\/p>\n\n\n\n<p>A desonera\u00e7\u00e3o da folha de pagamento tem impacto de cerca de R$ 9 bilh\u00f5es por ano \u00e0 Previd\u00eancia Social. A ajuda aos pequenos munic\u00edpios far\u00e1 o governo deixar de arrecadar R$ 10 bilh\u00f5es por ano. O presidente Luiz In\u00e1cio Lula da Silva vetou o projeto, mas o Congresso derrubou o veto ainda em dezembro do ano passado.<\/p>\n\n\n\n<p>Na semana passada, com base em uma a\u00e7\u00e3o da Advocacia-Geral da Uni\u00e3o), o ministro do STF Cristiano Zanin&nbsp;<a href=\"https:\/\/agenciabrasil.ebc.com.br\/justica\/noticia\/2024-04\/zanin-acata-pedido-do-governo-e-suspende-desoneracao-da-folha\" target=\"_blank\" rel=\"noreferrer noopener\">concedeu liminar suspendendo a desonera\u00e7\u00e3o da folha<\/a>&nbsp;e submeteu sua decis\u00e3o ao plen\u00e1rio. Cinco dos 11 ministros votaram por confirmar a suspens\u00e3o, mas&nbsp;<a href=\"https:\/\/agenciabrasil.ebc.com.br\/justica\/noticia\/2024-04\/fux-pede-vista-e-interrompe-julgamento-da-desonera%C3%A7%C3%A3o-da-folha\" target=\"_blank\" rel=\"noreferrer noopener\">Luiz Fux pediu vista e interrompeu a an\u00e1lise<\/a>. Ele tem at\u00e9 90 dias para liberar o processo.<\/p>\n\n\n\n<p>Mais cedo, o ministro das Rela\u00e7\u00f5es Institucionais, Alexandre Padilha, reuniu-se com Haddad no Minist\u00e9rio da Fazenda. Ao sair do encontro, Padilha disse a decis\u00e3o do STF cria um ambiente mais prop\u00edcio para um novo meio-termo entre o governo, o Congresso e os representantes dos 17 setores e das prefeituras.<\/p>\n\n\n\n<p>\u201cCombinamos com Haddad para darmos continuidade na mesa de negocia\u00e7\u00e3o dos munic\u00edpios sobre a quest\u00e3o da d\u00edvida previdenci\u00e1ria. J\u00e1 iniciamos di\u00e1logo com as tr\u00eas entidades e vamos manter essa mesa de negocia\u00e7\u00e3o\u201d, destacou Padilha.<\/p>\n\n\n\n<p>Fonte:<a href=\"https:\/\/inteligenciafinanceira.com.br\/mercado-financeiro\/economia\/desoneracao-traz-risco-de-nova-reforma-da-previdencia-em-tres-anos-diz-haddad\/\">https:\/\/inteligenciafinanceira.com.br\/mercado-financeiro\/economia\/desoneracao-traz-risco-de-nova-reforma-da-previdencia-em-tres-anos-diz-haddad\/<\/a><\/p>\n<\/blockquote>\n","protected":false},"excerpt":{"rendered":"<p>Apesar da advert\u00eancia, o ministro se disse confiante em um acordo para resolver o impasse entre os Poderes Executivo, Legislativo e Judici\u00e1rio A manuten\u00e7\u00e3o da desonera\u00e7\u00e3o da folha de pagamento para 17 setores da economia e da desonera\u00e7\u00e3o para pequenos munic\u00edpios traz o risco de uma nova reforma da Previd\u00eancia em tr\u00eas anos, disse na [&hellip;]<\/p>\n","protected":false},"author":3,"featured_media":5023,"comment_status":"open","ping_status":"open","sticky":false,"template":"","format":"standard","meta":{"_joinchat":[],"footnotes":""},"categories":[1],"tags":[],"class_list":["post-5022","post","type-post","status-publish","format-standard","has-post-thumbnail","hentry","category-the-fortune-one"],"yoast_head":"<!-- This site is optimized with the Yoast SEO plugin v27.5 - https:\/\/yoast.com\/product\/yoast-seo-wordpress\/ -->\n<title>Desonera\u00e7\u00e3o traz risco de nova reforma da Previd\u00eancia em tr\u00eas anos, diz Haddad - The Fortune.one<\/title>\n<meta name=\"description\" content=\"Somos especialistas em gest\u00e3o patrimonial, op\u00e7\u00f5es de investimentos para diversos perfis, nosso diferencial \u00e9 comprovado com resultados.\" \/>\n<meta name=\"robots\" content=\"index, follow, max-snippet:-1, max-image-preview:large, max-video-preview:-1\" \/>\n<link rel=\"canonical\" href=\"https:\/\/thefortune.one\/pt\/desoneracao-traz-risco-de-nova-reforma-da-previdencia-em-tres-anos-diz-haddad\/\" \/>\n<meta property=\"og:locale\" content=\"pt_BR\" \/>\n<meta property=\"og:type\" content=\"article\" \/>\n<meta property=\"og:title\" content=\"Desonera\u00e7\u00e3o traz risco de nova reforma da Previd\u00eancia em tr\u00eas anos, diz Haddad - The Fortune.one\" \/>\n<meta property=\"og:description\" content=\"Somos especialistas em gest\u00e3o patrimonial, op\u00e7\u00f5es de investimentos para diversos perfis, nosso diferencial \u00e9 comprovado com resultados.\" \/>\n<meta property=\"og:url\" content=\"https:\/\/thefortune.one\/pt\/desoneracao-traz-risco-de-nova-reforma-da-previdencia-em-tres-anos-diz-haddad\/\" \/>\n<meta property=\"og:site_name\" content=\"The Fortune.one\" \/>\n<meta property=\"article:published_time\" content=\"2024-04-30T13:18:58+00:00\" \/>\n<meta property=\"og:image\" content=\"https:\/\/thefortune.one\/wp-content\/uploads\/2024\/04\/bv.jpg\" \/>\n\t<meta property=\"og:image:width\" content=\"396\" \/>\n\t<meta property=\"og:image:height\" content=\"263\" \/>\n\t<meta property=\"og:image:type\" content=\"image\/jpeg\" \/>\n<meta name=\"author\" content=\"bianca\" \/>\n<meta name=\"twitter:card\" content=\"summary_large_image\" \/>\n<meta name=\"twitter:label1\" content=\"Escrito por\" \/>\n\t<meta name=\"twitter:data1\" content=\"bianca\" \/>\n\t<meta name=\"twitter:label2\" content=\"Est. tempo de leitura\" \/>\n\t<meta name=\"twitter:data2\" content=\"3 minutos\" \/>\n<script type=\"application\/ld+json\" class=\"yoast-schema-graph\">{\"@context\":\"https:\\\/\\\/schema.org\",\"@graph\":[{\"@type\":\"Article\",\"@id\":\"https:\\\/\\\/thefortune.one\\\/pt\\\/desoneracao-traz-risco-de-nova-reforma-da-previdencia-em-tres-anos-diz-haddad\\\/#article\",\"isPartOf\":{\"@id\":\"https:\\\/\\\/thefortune.one\\\/pt\\\/desoneracao-traz-risco-de-nova-reforma-da-previdencia-em-tres-anos-diz-haddad\\\/\"},\"author\":{\"name\":\"bianca\",\"@id\":\"https:\\\/\\\/thefortune.one\\\/pt\\\/#\\\/schema\\\/person\\\/6cd8fe72a627d36caabf41815984a16f\"},\"headline\":\"Desonera\u00e7\u00e3o traz risco de nova reforma da Previd\u00eancia em tr\u00eas anos, diz Haddad\",\"datePublished\":\"2024-04-30T13:18:58+00:00\",\"mainEntityOfPage\":{\"@id\":\"https:\\\/\\\/thefortune.one\\\/pt\\\/desoneracao-traz-risco-de-nova-reforma-da-previdencia-em-tres-anos-diz-haddad\\\/\"},\"wordCount\":711,\"commentCount\":0,\"publisher\":{\"@id\":\"https:\\\/\\\/thefortune.one\\\/pt\\\/#organization\"},\"image\":{\"@id\":\"https:\\\/\\\/thefortune.one\\\/pt\\\/desoneracao-traz-risco-de-nova-reforma-da-previdencia-em-tres-anos-diz-haddad\\\/#primaryimage\"},\"thumbnailUrl\":\"https:\\\/\\\/thefortune.one\\\/wp-content\\\/uploads\\\/2024\\\/04\\\/bv.jpg\",\"articleSection\":[\"The Fortune.one\"],\"inLanguage\":\"pt-BR\",\"potentialAction\":[{\"@type\":\"CommentAction\",\"name\":\"Comment\",\"target\":[\"https:\\\/\\\/thefortune.one\\\/pt\\\/desoneracao-traz-risco-de-nova-reforma-da-previdencia-em-tres-anos-diz-haddad\\\/#respond\"]}]},{\"@type\":\"WebPage\",\"@id\":\"https:\\\/\\\/thefortune.one\\\/pt\\\/desoneracao-traz-risco-de-nova-reforma-da-previdencia-em-tres-anos-diz-haddad\\\/\",\"url\":\"https:\\\/\\\/thefortune.one\\\/pt\\\/desoneracao-traz-risco-de-nova-reforma-da-previdencia-em-tres-anos-diz-haddad\\\/\",\"name\":\"Desonera\u00e7\u00e3o traz risco de nova reforma da Previd\u00eancia em tr\u00eas anos, diz Haddad - The Fortune.one\",\"isPartOf\":{\"@id\":\"https:\\\/\\\/thefortune.one\\\/pt\\\/#website\"},\"primaryImageOfPage\":{\"@id\":\"https:\\\/\\\/thefortune.one\\\/pt\\\/desoneracao-traz-risco-de-nova-reforma-da-previdencia-em-tres-anos-diz-haddad\\\/#primaryimage\"},\"image\":{\"@id\":\"https:\\\/\\\/thefortune.one\\\/pt\\\/desoneracao-traz-risco-de-nova-reforma-da-previdencia-em-tres-anos-diz-haddad\\\/#primaryimage\"},\"thumbnailUrl\":\"https:\\\/\\\/thefortune.one\\\/wp-content\\\/uploads\\\/2024\\\/04\\\/bv.jpg\",\"datePublished\":\"2024-04-30T13:18:58+00:00\",\"description\":\"Somos especialistas em gest\u00e3o patrimonial, op\u00e7\u00f5es de investimentos para diversos perfis, nosso diferencial \u00e9 comprovado com resultados.\",\"breadcrumb\":{\"@id\":\"https:\\\/\\\/thefortune.one\\\/pt\\\/desoneracao-traz-risco-de-nova-reforma-da-previdencia-em-tres-anos-diz-haddad\\\/#breadcrumb\"},\"inLanguage\":\"pt-BR\",\"potentialAction\":[{\"@type\":\"ReadAction\",\"target\":[\"https:\\\/\\\/thefortune.one\\\/pt\\\/desoneracao-traz-risco-de-nova-reforma-da-previdencia-em-tres-anos-diz-haddad\\\/\"]}]},{\"@type\":\"ImageObject\",\"inLanguage\":\"pt-BR\",\"@id\":\"https:\\\/\\\/thefortune.one\\\/pt\\\/desoneracao-traz-risco-de-nova-reforma-da-previdencia-em-tres-anos-diz-haddad\\\/#primaryimage\",\"url\":\"https:\\\/\\\/thefortune.one\\\/wp-content\\\/uploads\\\/2024\\\/04\\\/bv.jpg\",\"contentUrl\":\"https:\\\/\\\/thefortune.one\\\/wp-content\\\/uploads\\\/2024\\\/04\\\/bv.jpg\",\"width\":396,\"height\":263},{\"@type\":\"BreadcrumbList\",\"@id\":\"https:\\\/\\\/thefortune.one\\\/pt\\\/desoneracao-traz-risco-de-nova-reforma-da-previdencia-em-tres-anos-diz-haddad\\\/#breadcrumb\",\"itemListElement\":[{\"@type\":\"ListItem\",\"position\":1,\"name\":\"In\u00edcio\",\"item\":\"https:\\\/\\\/thefortune.one\\\/pt\\\/\"},{\"@type\":\"ListItem\",\"position\":2,\"name\":\"Desonera\u00e7\u00e3o traz risco de nova reforma da Previd\u00eancia em tr\u00eas anos, diz Haddad\"}]},{\"@type\":\"WebSite\",\"@id\":\"https:\\\/\\\/thefortune.one\\\/pt\\\/#website\",\"url\":\"https:\\\/\\\/thefortune.one\\\/pt\\\/\",\"name\":\"The Fortune.one\",\"description\":\"Gestora de Recursos Especializada em Private Equity\",\"publisher\":{\"@id\":\"https:\\\/\\\/thefortune.one\\\/pt\\\/#organization\"},\"potentialAction\":[{\"@type\":\"SearchAction\",\"target\":{\"@type\":\"EntryPoint\",\"urlTemplate\":\"https:\\\/\\\/thefortune.one\\\/pt\\\/?s={search_term_string}\"},\"query-input\":{\"@type\":\"PropertyValueSpecification\",\"valueRequired\":true,\"valueName\":\"search_term_string\"}}],\"inLanguage\":\"pt-BR\"},{\"@type\":\"Organization\",\"@id\":\"https:\\\/\\\/thefortune.one\\\/pt\\\/#organization\",\"name\":\"The Fortune One\",\"url\":\"https:\\\/\\\/thefortune.one\\\/pt\\\/\",\"logo\":{\"@type\":\"ImageObject\",\"inLanguage\":\"pt-BR\",\"@id\":\"https:\\\/\\\/thefortune.one\\\/pt\\\/#\\\/schema\\\/logo\\\/image\\\/\",\"url\":\"https:\\\/\\\/thefortune.one\\\/wp-content\\\/uploads\\\/2022\\\/11\\\/cropped-cropped-1651682701199-1.jpg\",\"contentUrl\":\"https:\\\/\\\/thefortune.one\\\/wp-content\\\/uploads\\\/2022\\\/11\\\/cropped-cropped-1651682701199-1.jpg\",\"width\":369,\"height\":421,\"caption\":\"The Fortune One\"},\"image\":{\"@id\":\"https:\\\/\\\/thefortune.one\\\/pt\\\/#\\\/schema\\\/logo\\\/image\\\/\"}},{\"@type\":\"Person\",\"@id\":\"https:\\\/\\\/thefortune.one\\\/pt\\\/#\\\/schema\\\/person\\\/6cd8fe72a627d36caabf41815984a16f\",\"name\":\"bianca\",\"image\":{\"@type\":\"ImageObject\",\"inLanguage\":\"pt-BR\",\"@id\":\"https:\\\/\\\/secure.gravatar.com\\\/avatar\\\/66cd7b00d93410555e00d1e6a911a86de0cd0cfa4f83a2f8b47eddc2968c98af?s=96&d=mm&r=g\",\"url\":\"https:\\\/\\\/secure.gravatar.com\\\/avatar\\\/66cd7b00d93410555e00d1e6a911a86de0cd0cfa4f83a2f8b47eddc2968c98af?s=96&d=mm&r=g\",\"contentUrl\":\"https:\\\/\\\/secure.gravatar.com\\\/avatar\\\/66cd7b00d93410555e00d1e6a911a86de0cd0cfa4f83a2f8b47eddc2968c98af?s=96&d=mm&r=g\",\"caption\":\"bianca\"},\"url\":\"https:\\\/\\\/thefortune.one\\\/pt\\\/author\\\/bianca\\\/\"}]}<\/script>\n<!-- \/ Yoast SEO plugin. -->","yoast_head_json":{"title":"Desonera\u00e7\u00e3o traz risco de nova reforma da Previd\u00eancia em tr\u00eas anos, diz Haddad - The Fortune.one","description":"Somos especialistas em gest\u00e3o patrimonial, op\u00e7\u00f5es de investimentos para diversos perfis, nosso diferencial \u00e9 comprovado com resultados.","robots":{"index":"index","follow":"follow","max-snippet":"max-snippet:-1","max-image-preview":"max-image-preview:large","max-video-preview":"max-video-preview:-1"},"canonical":"https:\/\/thefortune.one\/pt\/desoneracao-traz-risco-de-nova-reforma-da-previdencia-em-tres-anos-diz-haddad\/","og_locale":"pt_BR","og_type":"article","og_title":"Desonera\u00e7\u00e3o traz risco de nova reforma da Previd\u00eancia em tr\u00eas anos, diz Haddad - The Fortune.one","og_description":"Somos especialistas em gest\u00e3o patrimonial, op\u00e7\u00f5es de investimentos para diversos perfis, nosso diferencial \u00e9 comprovado com resultados.","og_url":"https:\/\/thefortune.one\/pt\/desoneracao-traz-risco-de-nova-reforma-da-previdencia-em-tres-anos-diz-haddad\/","og_site_name":"The Fortune.one","article_published_time":"2024-04-30T13:18:58+00:00","og_image":[{"width":396,"height":263,"url":"https:\/\/thefortune.one\/wp-content\/uploads\/2024\/04\/bv.jpg","type":"image\/jpeg"}],"author":"bianca","twitter_card":"summary_large_image","twitter_misc":{"Escrito por":"bianca","Est. tempo de leitura":"3 minutos"},"schema":{"@context":"https:\/\/schema.org","@graph":[{"@type":"Article","@id":"https:\/\/thefortune.one\/pt\/desoneracao-traz-risco-de-nova-reforma-da-previdencia-em-tres-anos-diz-haddad\/#article","isPartOf":{"@id":"https:\/\/thefortune.one\/pt\/desoneracao-traz-risco-de-nova-reforma-da-previdencia-em-tres-anos-diz-haddad\/"},"author":{"name":"bianca","@id":"https:\/\/thefortune.one\/pt\/#\/schema\/person\/6cd8fe72a627d36caabf41815984a16f"},"headline":"Desonera\u00e7\u00e3o traz risco de nova reforma da Previd\u00eancia em tr\u00eas anos, diz Haddad","datePublished":"2024-04-30T13:18:58+00:00","mainEntityOfPage":{"@id":"https:\/\/thefortune.one\/pt\/desoneracao-traz-risco-de-nova-reforma-da-previdencia-em-tres-anos-diz-haddad\/"},"wordCount":711,"commentCount":0,"publisher":{"@id":"https:\/\/thefortune.one\/pt\/#organization"},"image":{"@id":"https:\/\/thefortune.one\/pt\/desoneracao-traz-risco-de-nova-reforma-da-previdencia-em-tres-anos-diz-haddad\/#primaryimage"},"thumbnailUrl":"https:\/\/thefortune.one\/wp-content\/uploads\/2024\/04\/bv.jpg","articleSection":["The Fortune.one"],"inLanguage":"pt-BR","potentialAction":[{"@type":"CommentAction","name":"Comment","target":["https:\/\/thefortune.one\/pt\/desoneracao-traz-risco-de-nova-reforma-da-previdencia-em-tres-anos-diz-haddad\/#respond"]}]},{"@type":"WebPage","@id":"https:\/\/thefortune.one\/pt\/desoneracao-traz-risco-de-nova-reforma-da-previdencia-em-tres-anos-diz-haddad\/","url":"https:\/\/thefortune.one\/pt\/desoneracao-traz-risco-de-nova-reforma-da-previdencia-em-tres-anos-diz-haddad\/","name":"Desonera\u00e7\u00e3o traz risco de nova reforma da Previd\u00eancia em tr\u00eas anos, diz Haddad - The Fortune.one","isPartOf":{"@id":"https:\/\/thefortune.one\/pt\/#website"},"primaryImageOfPage":{"@id":"https:\/\/thefortune.one\/pt\/desoneracao-traz-risco-de-nova-reforma-da-previdencia-em-tres-anos-diz-haddad\/#primaryimage"},"image":{"@id":"https:\/\/thefortune.one\/pt\/desoneracao-traz-risco-de-nova-reforma-da-previdencia-em-tres-anos-diz-haddad\/#primaryimage"},"thumbnailUrl":"https:\/\/thefortune.one\/wp-content\/uploads\/2024\/04\/bv.jpg","datePublished":"2024-04-30T13:18:58+00:00","description":"Somos especialistas em gest\u00e3o patrimonial, op\u00e7\u00f5es de investimentos para diversos perfis, nosso diferencial \u00e9 comprovado com resultados.","breadcrumb":{"@id":"https:\/\/thefortune.one\/pt\/desoneracao-traz-risco-de-nova-reforma-da-previdencia-em-tres-anos-diz-haddad\/#breadcrumb"},"inLanguage":"pt-BR","potentialAction":[{"@type":"ReadAction","target":["https:\/\/thefortune.one\/pt\/desoneracao-traz-risco-de-nova-reforma-da-previdencia-em-tres-anos-diz-haddad\/"]}]},{"@type":"ImageObject","inLanguage":"pt-BR","@id":"https:\/\/thefortune.one\/pt\/desoneracao-traz-risco-de-nova-reforma-da-previdencia-em-tres-anos-diz-haddad\/#primaryimage","url":"https:\/\/thefortune.one\/wp-content\/uploads\/2024\/04\/bv.jpg","contentUrl":"https:\/\/thefortune.one\/wp-content\/uploads\/2024\/04\/bv.jpg","width":396,"height":263},{"@type":"BreadcrumbList","@id":"https:\/\/thefortune.one\/pt\/desoneracao-traz-risco-de-nova-reforma-da-previdencia-em-tres-anos-diz-haddad\/#breadcrumb","itemListElement":[{"@type":"ListItem","position":1,"name":"In\u00edcio","item":"https:\/\/thefortune.one\/pt\/"},{"@type":"ListItem","position":2,"name":"Desonera\u00e7\u00e3o traz risco de nova reforma da Previd\u00eancia em tr\u00eas anos, diz Haddad"}]},{"@type":"WebSite","@id":"https:\/\/thefortune.one\/pt\/#website","url":"https:\/\/thefortune.one\/pt\/","name":"The Fortune.one","description":"Gestora de Recursos Especializada em Private Equity","publisher":{"@id":"https:\/\/thefortune.one\/pt\/#organization"},"potentialAction":[{"@type":"SearchAction","target":{"@type":"EntryPoint","urlTemplate":"https:\/\/thefortune.one\/pt\/?s={search_term_string}"},"query-input":{"@type":"PropertyValueSpecification","valueRequired":true,"valueName":"search_term_string"}}],"inLanguage":"pt-BR"},{"@type":"Organization","@id":"https:\/\/thefortune.one\/pt\/#organization","name":"The Fortune One","url":"https:\/\/thefortune.one\/pt\/","logo":{"@type":"ImageObject","inLanguage":"pt-BR","@id":"https:\/\/thefortune.one\/pt\/#\/schema\/logo\/image\/","url":"https:\/\/thefortune.one\/wp-content\/uploads\/2022\/11\/cropped-cropped-1651682701199-1.jpg","contentUrl":"https:\/\/thefortune.one\/wp-content\/uploads\/2022\/11\/cropped-cropped-1651682701199-1.jpg","width":369,"height":421,"caption":"The Fortune One"},"image":{"@id":"https:\/\/thefortune.one\/pt\/#\/schema\/logo\/image\/"}},{"@type":"Person","@id":"https:\/\/thefortune.one\/pt\/#\/schema\/person\/6cd8fe72a627d36caabf41815984a16f","name":"bianca","image":{"@type":"ImageObject","inLanguage":"pt-BR","@id":"https:\/\/secure.gravatar.com\/avatar\/66cd7b00d93410555e00d1e6a911a86de0cd0cfa4f83a2f8b47eddc2968c98af?s=96&d=mm&r=g","url":"https:\/\/secure.gravatar.com\/avatar\/66cd7b00d93410555e00d1e6a911a86de0cd0cfa4f83a2f8b47eddc2968c98af?s=96&d=mm&r=g","contentUrl":"https:\/\/secure.gravatar.com\/avatar\/66cd7b00d93410555e00d1e6a911a86de0cd0cfa4f83a2f8b47eddc2968c98af?s=96&d=mm&r=g","caption":"bianca"},"url":"https:\/\/thefortune.one\/pt\/author\/bianca\/"}]}},"_links":{"self":[{"href":"https:\/\/thefortune.one\/pt\/wp-json\/wp\/v2\/posts\/5022","targetHints":{"allow":["GET"]}}],"collection":[{"href":"https:\/\/thefortune.one\/pt\/wp-json\/wp\/v2\/posts"}],"about":[{"href":"https:\/\/thefortune.one\/pt\/wp-json\/wp\/v2\/types\/post"}],"author":[{"embeddable":true,"href":"https:\/\/thefortune.one\/pt\/wp-json\/wp\/v2\/users\/3"}],"replies":[{"embeddable":true,"href":"https:\/\/thefortune.one\/pt\/wp-json\/wp\/v2\/comments?post=5022"}],"version-history":[{"count":1,"href":"https:\/\/thefortune.one\/pt\/wp-json\/wp\/v2\/posts\/5022\/revisions"}],"predecessor-version":[{"id":5024,"href":"https:\/\/thefortune.one\/pt\/wp-json\/wp\/v2\/posts\/5022\/revisions\/5024"}],"wp:featuredmedia":[{"embeddable":true,"href":"https:\/\/thefortune.one\/pt\/wp-json\/wp\/v2\/media\/5023"}],"wp:attachment":[{"href":"https:\/\/thefortune.one\/pt\/wp-json\/wp\/v2\/media?parent=5022"}],"wp:term":[{"taxonomy":"category","embeddable":true,"href":"https:\/\/thefortune.one\/pt\/wp-json\/wp\/v2\/categories?post=5022"},{"taxonomy":"post_tag","embeddable":true,"href":"https:\/\/thefortune.one\/pt\/wp-json\/wp\/v2\/tags?post=5022"}],"curies":[{"name":"wp","href":"https:\/\/api.w.org\/{rel}","templated":true}]}}