{"id":4920,"date":"2024-04-23T13:22:42","date_gmt":"2024-04-23T13:22:42","guid":{"rendered":"https:\/\/thefortune.one\/?p=4920"},"modified":"2024-04-23T13:22:42","modified_gmt":"2024-04-23T13:22:42","slug":"ameaca-de-pauta-bomba-no-congresso-lula-cobra-acao-de-alckmin-e-haddad-no-legislativo","status":"publish","type":"post","link":"https:\/\/thefortune.one\/pt\/ameaca-de-pauta-bomba-no-congresso-lula-cobra-acao-de-alckmin-e-haddad-no-legislativo\/","title":{"rendered":"Amea\u00e7a de pauta-bomba no Congresso: Lula cobra a\u00e7\u00e3o de Alckmin e Haddad no Legislativo"},"content":{"rendered":"<p>Cobran\u00e7as p\u00fablicas feitas pelo petista a ministros evidenciaram a press\u00e3o de propostas do Legislativo sobre as contas do Executivo<a href=\"https:\/\/web.whatsapp.com\/send?text=Amea%C3%A7a%20de%20pauta-bomba%20no%20Congresso:%20Lula%20cobra%20a%C3%A7%C3%A3o%20de%20Alckmin%20e%20Haddad%20no%20Legislativo%20https%3A%2F%2Finteligenciafinanceira.com.br%2Fmercado-financeiro%2Feconomia%2Flula-cobra-acao-de-alckmin-e-haddad-no-congresso%2F\" target=\"_blank\" rel=\"noreferrer noopener\"><\/a><a href=\"https:\/\/www.linkedin.com\/sharing\/share-offsite\/?url=https%3A%2F%2Finteligenciafinanceira.com.br%2Fmercado-financeiro%2Feconomia%2Flula-cobra-acao-de-alckmin-e-haddad-no-congresso%2F&amp;title=Amea%C3%A7a%20de%20pauta-bomba%20no%20Congresso:%20Lula%20cobra%20a%C3%A7%C3%A3o%20de%20Alckmin%20e%20Haddad%20no%20Legislativo\" target=\"_blank\" rel=\"noreferrer noopener\"><\/a><a href=\"https:\/\/t.me\/share\/url?url=https%3A%2F%2Finteligenciafinanceira.com.br%2Fmercado-financeiro%2Feconomia%2Flula-cobra-acao-de-alckmin-e-haddad-no-congresso%2F&amp;text=Amea%C3%A7a%20de%20pauta-bomba%20no%20Congresso:%20Lula%20cobra%20a%C3%A7%C3%A3o%20de%20Alckmin%20e%20Haddad%20no%20Legislativo\" target=\"_blank\" rel=\"noreferrer noopener\"><\/a><a href=\"https:\/\/twitter.com\/intent\/tweet?text=Amea%C3%A7a%20de%20pauta-bomba%20no%20Congresso:%20Lula%20cobra%20a%C3%A7%C3%A3o%20de%20Alckmin%20e%20Haddad%20no%20Legislativo&amp;url=https%3A%2F%2Finteligenciafinanceira.com.br%2Fmercado-financeiro%2Feconomia%2Flula-cobra-acao-de-alckmin-e-haddad-no-congresso%2F&amp;\" target=\"_blank\" rel=\"noreferrer noopener\"><\/a><a href=\"https:\/\/www.facebook.com\/sharer\/sharer.php?u=https%3A%2F%2Finteligenciafinanceira.com.br%2Fmercado-financeiro%2Feconomia%2Flula-cobra-acao-de-alckmin-e-haddad-no-congresso%2F\" target=\"_blank\" rel=\"noreferrer noopener\"><\/a><a href=\"mailto:?subject=Amea%C3%A7a%20de%20pauta-bomba%20no%20Congresso:%20Lula%20cobra%20a%C3%A7%C3%A3o%20de%20Alckmin%20e%20Haddad%20no%20Legislativo&amp;body=Veja%20mais%20em%20https%3A%2F%2Finteligenciafinanceira.com.br%2Fmercado-financeiro%2Feconomia%2Flula-cobra-acao-de-alckmin-e-haddad-no-congresso%2F\" target=\"_blank\" rel=\"noreferrer noopener\"><\/a><a href=\"https:\/\/inteligenciafinanceira.com.br\/mercado-financeiro\/economia\/lula-cobra-acao-de-alckmin-e-haddad-no-congresso\/#copy_link\"><\/a><\/p>\n\n\n\n<figure class=\"wp-block-image\"><img decoding=\"async\" src=\"https:\/\/inteligenciafinanceira.com.br\/wp-content\/uploads\/2024\/04\/programa-acredita2_mcamgo_abr_22042024-8gr.jpg?w=396\" alt=\"Amea\u00e7a de pauta-bomba no Congresso: Lula cobra a\u00e7\u00e3o de Alckmin e Haddad no Legislativo\" \/><figcaption class=\"wp-element-caption\">O presidente Luiz In\u00e1cio Lula da Silva participa do lan\u00e7amento do Programa Acredita, em cerim\u00f4nia no Pal\u00e1cio do Planalto Foto: Marcelo Camargo\/Ag\u00eancia Brasil<\/figcaption><\/figure>\n\n\n\n<p>O governo Lula passou a enfrentar uma amea\u00e7a de pauta-bomba no Congresso sem conseguir se acertar com os presidentes da C\u00e2mara, Arthur Lira (PP-AL), e do Senado, Rodrigo Pacheco (PSD-MG), que det\u00eam o poder de controlar as vota\u00e7\u00f5es no plen\u00e1rio das Casas. A entrada do pr\u00f3prio presidente Luiz In\u00e1cio Lula da Silva na articula\u00e7\u00e3o pol\u00edtica, a revis\u00e3o de vetos \u2013 como admitiu o l\u00edder do governo no Congresso, senador Randolfe Rodrigues (sem partido-AP) \u2013 e cobran\u00e7as feitas ontem pelo petista a ministros evidenciaram a press\u00e3o de propostas do Legislativo sobre as contas do Executivo.<\/p>\n\n\n\n<p>Lula cobrou seus ministros publicamente para tentar melhorar a rela\u00e7\u00e3o com o Congresso. Citou o vice-presidente e ministro do Desenvolvimento, Ind\u00fastria, Com\u00e9rcio e Servi\u00e7os, Geraldo Alckmin, e os titulares da Fazenda, Fernando Haddad, do Desenvolvimento e Assist\u00eancia Social, Wellington Dias, e da Casa Civil, Rui Costa. O presidente reclamou da falta de articula\u00e7\u00e3o pol\u00edtica ao mencionar que o PT tem poucos congressistas num universo de 513 deputados e 81 senadores.<\/p>\n\n\n\n<p>\u201cIsso significa que o Alckmin tem de ser mais \u00e1gil, tem de conversar mais. O Haddad tem de, sabe, ao inv\u00e9s de ler um livro, ele tem de perder algumas horas conversando no Senado e na C\u00e2mara. O Wellington, o Rui Costa (t\u00eam de) passar uma parte do tempo conversando\u201d, declarou Lula, ao lado de Haddad, durante o lan\u00e7amento do programa Acredita, para concess\u00e3o de cr\u00e9dito, no Pal\u00e1cio do Planalto. O presidente continuou. \u201cConversa com bancada A, com bancada B. \u00c9 dif\u00edcil, mas a gente n\u00e3o pode reclamar porque a pol\u00edtica \u00e9 exatamente assim. Ou voc\u00ea faz assim ou n\u00e3o entra na pol\u00edtica\u201d, afirmou Lula.<\/p>\n\n\n\n<p>Ap\u00f3s viagem aos Estados Unidos, Haddad antecipou sua volta ao Brasil para buscar um entendimento com o Congresso. Na avalia\u00e7\u00e3o do governo, quanto antes o ministro estiver em Bras\u00edlia, maior a chance de evitar que mais itens sejam inclu\u00eddos na pauta-bomba.<\/p>\n\n\n\n<p>Um dia antes de cobrar empenho de seus auxiliares para ajudar na interlocu\u00e7\u00e3o com a C\u00e2mara e o Senado, Lula conversou com Lira, no Pal\u00e1cio da Alvorada, e disse a ele que os problemas na articula\u00e7\u00e3o pol\u00edtica do governo com o Congresso seriam resolvidos.<\/p>\n\n\n\n<p>Randolfe afirmou que o presidente vai buscar o di\u00e1logo com Lira e Pacheco. \u201cA articula\u00e7\u00e3o nas duas Casas est\u00e1 arrumada, mas \u00e9 sempre bom requisitar a participa\u00e7\u00e3o do presidente Lula nas negocia\u00e7\u00f5es\u201d, declarou o senador, ontem, durante entrevista \u00e0 GloboNews.<\/p>\n\n\n\n<h2 class=\"wp-block-heading\" id=\"h-participacao\">Participa\u00e7\u00e3o<\/h2>\n\n\n\n<p>Lula quer que Alckmin e ministros entrem em campo, antes de cada vota\u00e7\u00e3o considerada decisiva \u2013 como as leis complementares da reforma tribut\u00e1ria, por exemplo \u2013 para dirimir d\u00favidas e tentar promover o entendimento. O clima est\u00e1 conflagrado no Congresso desde que Lula vetou R$ 5,6 bilh\u00f5es em emendas parlamentares de comiss\u00e3o.<\/p>\n\n\n\n<p>Lira n\u00e3o conversa com o ministro das Rela\u00e7\u00f5es Institucionais, Alexandre Padilha, encarregado da articula\u00e7\u00e3o pol\u00edtica do Planalto, desde novembro do ano passado. O presidente da C\u00e2mara garantiu a Lula, por\u00e9m, que n\u00e3o amea\u00e7ou instalar cinco Comiss\u00f5es Parlamentares de Inqu\u00e9rito (CPIs) para atrapalhar o governo. Afirmou que somente pediu aos l\u00edderes dos partidos para apresentarem o que estava pendente para ir a plen\u00e1rio. Mas reclamou que Padilha \u201cn\u00e3o cumpre acordos\u201d e se queixou da \u201cdescoordena\u00e7\u00e3o\u201d do governo. No \u00faltimo dia 11, Lira chamou Padilha de \u201cincompetente\u201d. Lula defendeu o trabalho do ministro.<\/p>\n\n\n\n<p>Segundo c\u00e1lculos do governo, projetos em tramita\u00e7\u00e3o no Legislativo podem gerar despesas extras de R$ 70 bilh\u00f5es aos cofres p\u00fablicos neste ano. A maior parte viria de um projeto patrocinado por Pacheco, a chamada Proposta de Emenda \u00e0 Constitui\u00e7\u00e3o (PEC) do Quinqu\u00eanio, que concede um b\u00f4nus de 5% para ju\u00edzes, procuradores e promotores a cada cinco anos de trabalho.<\/p>\n\n\n\n<h2 class=\"wp-block-heading\" id=\"h-emendas\">Emendas<\/h2>\n\n\n\n<p>O pagamento desse benef\u00edcio \u2013 que a Comiss\u00e3o de Constitui\u00e7\u00e3o e Justi\u00e7a do Senado prop\u00f4s estender para outras carreiras p\u00fablicas \u2013 tem impacto anual estimado em R$ 40 bilh\u00f5es. Al\u00e9m da PEC do Quinqu\u00eanio, a desonera\u00e7\u00e3o previdenci\u00e1ria de munic\u00edpios e o Programa Emergencial de Retomada do Setor de Eventos (Perse) preocupam o Planalto.<\/p>\n\n\n\n<p>Randolfe disse ontem que o governo pode liberar parte do valor dos R$ 5,6 bilh\u00f5es vetados em emendas. \u201cO governo est\u00e1 \u00e0 disposi\u00e7\u00e3o para ceder parte deste veto, para atender \u00e0s reivindica\u00e7\u00f5es do Congresso\u201d, afirmou. Parlamentares est\u00e3o descontentes com a lentid\u00e3o da libera\u00e7\u00e3o de emendas pelo governo, que barrou o cronograma para empenho de todos os repasses ligados \u00e0 sa\u00fade e \u00e0 assist\u00eancia social aprovado pelos congressistas na Lei de Diretrizes Or\u00e7ament\u00e1rias (LDO).<\/p>\n\n\n\n<p>Randolfe afirmou que a aprecia\u00e7\u00e3o dos vetos presidenciais pelo Congresso, amanh\u00e3, se dar\u00e1 em sess\u00e3o \u201cexitosa\u201d. \u201cO governo est\u00e1 disposto a ceder parcialmente sobre os recursos a serem liberados nas emendas parlamentares\u201d, insistiu o l\u00edder. \u201cEstamos construindo um acordo com o conjunto de vetos. S\u00e3o 32 vetos que n\u00f3s devemos apreciar, que estamos dispostos a enfrentar com o apoio de nossa base.\u201d<\/p>\n\n\n\n<h2 class=\"wp-block-heading\" id=\"h-pec-do-quinquenio\">PEC do Quinqu\u00eanio<\/h2>\n\n\n\n<p>O governo negocia com Pacheco e com o relator da PEC do Quinqu\u00eanio, senador Eduardo Gomes (PL-TO), a possibilidade de alterar o texto da proposta no plen\u00e1rio da Casa, restringindo as categorias beneficiadas pelo adicional por tempo de servi\u00e7o. O l\u00edder do governo no Senado, Jaques Wagner (PT-BA), foi destacado para a miss\u00e3o. H\u00e1, ainda, uma articula\u00e7\u00e3o do Planalto com senadores da base governista para tentar convenc\u00ea-los de que a PEC acabou abrangendo muitas carreiras, o que levaria a um impacto fiscal muito grande.<\/p>\n\n\n\n<p>Apesar de Wagner estar dedicado a negociar a proposta, existe um grupo no governo c\u00e9tico sobre a possibilidade de a proposta avan\u00e7ar. Na Secretaria de Rela\u00e7\u00f5es Institucionais, h\u00e1 a interpreta\u00e7\u00e3o de que Pacheco est\u00e1 pressionado por integrantes do Judici\u00e1rio, setor onde tem bom tr\u00e2nsito, a dar andamento \u00e0 proposta, mas que n\u00e3o a levar\u00e1 at\u00e9 o fim.<\/p>\n\n\n\n<p>Em entrevista ao&nbsp;<em>Estad\u00e3o\/Broadcast<\/em>, o senador Veneziano Vital do R\u00eago (MDB-PB), que \u00e9 vice-presidente do Senado e votou a favor da PEC na CCJ, disse estar disposto a discutir seu posicionamento no plen\u00e1rio da Casa. \u201cTenho de ter responsabilidade. Estamos vivendo um momento em que o governo e n\u00f3s, enquanto agentes pol\u00edticos, nos deparamos com essa realidade fiscal. N\u00e3o podemos desconhec\u00ea-la.\u201d<\/p>\n\n\n\n<p>Para que a PEC n\u00e3o seja aprovada, o governo precisa que ao menos 31 senadores se ausentem ou votem contra o texto. Antes de ser votada em plen\u00e1rio, a PEC passar\u00e1 por cinco sess\u00f5es de debates.<\/p>\n\n\n\n<p>Fonte:<a href=\"https:\/\/inteligenciafinanceira.com.br\/mercado-financeiro\/economia\/lula-cobra-acao-de-alckmin-e-haddad-no-congresso\/\">https:\/\/inteligenciafinanceira.com.br\/mercado-financeiro\/economia\/lula-cobra-acao-de-alckmin-e-haddad-no-congresso\/<\/a><\/p>","protected":false},"excerpt":{"rendered":"<p>Cobran\u00e7as p\u00fablicas feitas pelo petista a ministros evidenciaram a press\u00e3o de propostas do Legislativo sobre as contas do Executivo O governo Lula passou a enfrentar uma amea\u00e7a de pauta-bomba no Congresso sem conseguir se acertar com os presidentes da C\u00e2mara, Arthur Lira (PP-AL), e do Senado, Rodrigo Pacheco (PSD-MG), que det\u00eam o poder de controlar [&hellip;]<\/p>\n","protected":false},"author":3,"featured_media":4921,"comment_status":"open","ping_status":"open","sticky":false,"template":"","format":"standard","meta":{"_joinchat":[],"footnotes":""},"categories":[1],"tags":[],"class_list":["post-4920","post","type-post","status-publish","format-standard","has-post-thumbnail","hentry","category-the-fortune-one"],"yoast_head":"<!-- This site is optimized with the Yoast SEO plugin v27.5 - https:\/\/yoast.com\/product\/yoast-seo-wordpress\/ -->\n<title>Amea\u00e7a de pauta-bomba no Congresso: Lula cobra a\u00e7\u00e3o de Alckmin e Haddad no Legislativo - The Fortune.one<\/title>\n<meta name=\"description\" content=\"Somos especialistas em gest\u00e3o patrimonial, op\u00e7\u00f5es de investimentos para diversos perfis, nosso diferencial \u00e9 comprovado com resultados.\" \/>\n<meta name=\"robots\" content=\"index, follow, max-snippet:-1, max-image-preview:large, max-video-preview:-1\" \/>\n<link rel=\"canonical\" href=\"https:\/\/thefortune.one\/pt\/ameaca-de-pauta-bomba-no-congresso-lula-cobra-acao-de-alckmin-e-haddad-no-legislativo\/\" \/>\n<meta property=\"og:locale\" content=\"pt_BR\" \/>\n<meta property=\"og:type\" content=\"article\" \/>\n<meta property=\"og:title\" content=\"Amea\u00e7a de pauta-bomba no Congresso: Lula cobra a\u00e7\u00e3o de Alckmin e Haddad no Legislativo - The Fortune.one\" \/>\n<meta property=\"og:description\" content=\"Somos especialistas em gest\u00e3o patrimonial, op\u00e7\u00f5es de investimentos para diversos perfis, nosso diferencial \u00e9 comprovado com resultados.\" \/>\n<meta property=\"og:url\" content=\"https:\/\/thefortune.one\/pt\/ameaca-de-pauta-bomba-no-congresso-lula-cobra-acao-de-alckmin-e-haddad-no-legislativo\/\" \/>\n<meta property=\"og:site_name\" content=\"The Fortune.one\" \/>\n<meta property=\"article:published_time\" content=\"2024-04-23T13:22:42+00:00\" \/>\n<meta property=\"og:image\" content=\"https:\/\/thefortune.one\/wp-content\/uploads\/2024\/04\/for.jpg\" \/>\n\t<meta property=\"og:image:width\" content=\"396\" \/>\n\t<meta property=\"og:image:height\" content=\"263\" \/>\n\t<meta property=\"og:image:type\" content=\"image\/jpeg\" \/>\n<meta name=\"author\" content=\"bianca\" \/>\n<meta name=\"twitter:card\" content=\"summary_large_image\" \/>\n<meta name=\"twitter:label1\" content=\"Escrito por\" \/>\n\t<meta name=\"twitter:data1\" content=\"bianca\" \/>\n\t<meta name=\"twitter:label2\" content=\"Est. tempo de leitura\" \/>\n\t<meta name=\"twitter:data2\" content=\"6 minutos\" \/>\n<script type=\"application\/ld+json\" class=\"yoast-schema-graph\">{\"@context\":\"https:\\\/\\\/schema.org\",\"@graph\":[{\"@type\":\"Article\",\"@id\":\"https:\\\/\\\/thefortune.one\\\/pt\\\/ameaca-de-pauta-bomba-no-congresso-lula-cobra-acao-de-alckmin-e-haddad-no-legislativo\\\/#article\",\"isPartOf\":{\"@id\":\"https:\\\/\\\/thefortune.one\\\/pt\\\/ameaca-de-pauta-bomba-no-congresso-lula-cobra-acao-de-alckmin-e-haddad-no-legislativo\\\/\"},\"author\":{\"name\":\"bianca\",\"@id\":\"https:\\\/\\\/thefortune.one\\\/pt\\\/#\\\/schema\\\/person\\\/6cd8fe72a627d36caabf41815984a16f\"},\"headline\":\"Amea\u00e7a de pauta-bomba no Congresso: Lula cobra a\u00e7\u00e3o de Alckmin e Haddad no Legislativo\",\"datePublished\":\"2024-04-23T13:22:42+00:00\",\"mainEntityOfPage\":{\"@id\":\"https:\\\/\\\/thefortune.one\\\/pt\\\/ameaca-de-pauta-bomba-no-congresso-lula-cobra-acao-de-alckmin-e-haddad-no-legislativo\\\/\"},\"wordCount\":1203,\"commentCount\":0,\"publisher\":{\"@id\":\"https:\\\/\\\/thefortune.one\\\/pt\\\/#organization\"},\"image\":{\"@id\":\"https:\\\/\\\/thefortune.one\\\/pt\\\/ameaca-de-pauta-bomba-no-congresso-lula-cobra-acao-de-alckmin-e-haddad-no-legislativo\\\/#primaryimage\"},\"thumbnailUrl\":\"https:\\\/\\\/thefortune.one\\\/wp-content\\\/uploads\\\/2024\\\/04\\\/for.jpg\",\"articleSection\":[\"The Fortune.one\"],\"inLanguage\":\"pt-BR\",\"potentialAction\":[{\"@type\":\"CommentAction\",\"name\":\"Comment\",\"target\":[\"https:\\\/\\\/thefortune.one\\\/pt\\\/ameaca-de-pauta-bomba-no-congresso-lula-cobra-acao-de-alckmin-e-haddad-no-legislativo\\\/#respond\"]}]},{\"@type\":\"WebPage\",\"@id\":\"https:\\\/\\\/thefortune.one\\\/pt\\\/ameaca-de-pauta-bomba-no-congresso-lula-cobra-acao-de-alckmin-e-haddad-no-legislativo\\\/\",\"url\":\"https:\\\/\\\/thefortune.one\\\/pt\\\/ameaca-de-pauta-bomba-no-congresso-lula-cobra-acao-de-alckmin-e-haddad-no-legislativo\\\/\",\"name\":\"Amea\u00e7a de pauta-bomba no Congresso: Lula cobra a\u00e7\u00e3o de Alckmin e Haddad no Legislativo - The Fortune.one\",\"isPartOf\":{\"@id\":\"https:\\\/\\\/thefortune.one\\\/pt\\\/#website\"},\"primaryImageOfPage\":{\"@id\":\"https:\\\/\\\/thefortune.one\\\/pt\\\/ameaca-de-pauta-bomba-no-congresso-lula-cobra-acao-de-alckmin-e-haddad-no-legislativo\\\/#primaryimage\"},\"image\":{\"@id\":\"https:\\\/\\\/thefortune.one\\\/pt\\\/ameaca-de-pauta-bomba-no-congresso-lula-cobra-acao-de-alckmin-e-haddad-no-legislativo\\\/#primaryimage\"},\"thumbnailUrl\":\"https:\\\/\\\/thefortune.one\\\/wp-content\\\/uploads\\\/2024\\\/04\\\/for.jpg\",\"datePublished\":\"2024-04-23T13:22:42+00:00\",\"description\":\"Somos especialistas em gest\u00e3o patrimonial, op\u00e7\u00f5es de investimentos para diversos perfis, nosso diferencial \u00e9 comprovado com resultados.\",\"breadcrumb\":{\"@id\":\"https:\\\/\\\/thefortune.one\\\/pt\\\/ameaca-de-pauta-bomba-no-congresso-lula-cobra-acao-de-alckmin-e-haddad-no-legislativo\\\/#breadcrumb\"},\"inLanguage\":\"pt-BR\",\"potentialAction\":[{\"@type\":\"ReadAction\",\"target\":[\"https:\\\/\\\/thefortune.one\\\/pt\\\/ameaca-de-pauta-bomba-no-congresso-lula-cobra-acao-de-alckmin-e-haddad-no-legislativo\\\/\"]}]},{\"@type\":\"ImageObject\",\"inLanguage\":\"pt-BR\",\"@id\":\"https:\\\/\\\/thefortune.one\\\/pt\\\/ameaca-de-pauta-bomba-no-congresso-lula-cobra-acao-de-alckmin-e-haddad-no-legislativo\\\/#primaryimage\",\"url\":\"https:\\\/\\\/thefortune.one\\\/wp-content\\\/uploads\\\/2024\\\/04\\\/for.jpg\",\"contentUrl\":\"https:\\\/\\\/thefortune.one\\\/wp-content\\\/uploads\\\/2024\\\/04\\\/for.jpg\",\"width\":396,\"height\":263},{\"@type\":\"BreadcrumbList\",\"@id\":\"https:\\\/\\\/thefortune.one\\\/pt\\\/ameaca-de-pauta-bomba-no-congresso-lula-cobra-acao-de-alckmin-e-haddad-no-legislativo\\\/#breadcrumb\",\"itemListElement\":[{\"@type\":\"ListItem\",\"position\":1,\"name\":\"In\u00edcio\",\"item\":\"https:\\\/\\\/thefortune.one\\\/pt\\\/\"},{\"@type\":\"ListItem\",\"position\":2,\"name\":\"Amea\u00e7a de pauta-bomba no Congresso: Lula cobra a\u00e7\u00e3o de Alckmin e Haddad no Legislativo\"}]},{\"@type\":\"WebSite\",\"@id\":\"https:\\\/\\\/thefortune.one\\\/pt\\\/#website\",\"url\":\"https:\\\/\\\/thefortune.one\\\/pt\\\/\",\"name\":\"The Fortune.one\",\"description\":\"Gestora de Recursos Especializada em Private Equity\",\"publisher\":{\"@id\":\"https:\\\/\\\/thefortune.one\\\/pt\\\/#organization\"},\"potentialAction\":[{\"@type\":\"SearchAction\",\"target\":{\"@type\":\"EntryPoint\",\"urlTemplate\":\"https:\\\/\\\/thefortune.one\\\/pt\\\/?s={search_term_string}\"},\"query-input\":{\"@type\":\"PropertyValueSpecification\",\"valueRequired\":true,\"valueName\":\"search_term_string\"}}],\"inLanguage\":\"pt-BR\"},{\"@type\":\"Organization\",\"@id\":\"https:\\\/\\\/thefortune.one\\\/pt\\\/#organization\",\"name\":\"The Fortune One\",\"url\":\"https:\\\/\\\/thefortune.one\\\/pt\\\/\",\"logo\":{\"@type\":\"ImageObject\",\"inLanguage\":\"pt-BR\",\"@id\":\"https:\\\/\\\/thefortune.one\\\/pt\\\/#\\\/schema\\\/logo\\\/image\\\/\",\"url\":\"https:\\\/\\\/thefortune.one\\\/wp-content\\\/uploads\\\/2022\\\/11\\\/cropped-cropped-1651682701199-1.jpg\",\"contentUrl\":\"https:\\\/\\\/thefortune.one\\\/wp-content\\\/uploads\\\/2022\\\/11\\\/cropped-cropped-1651682701199-1.jpg\",\"width\":369,\"height\":421,\"caption\":\"The Fortune One\"},\"image\":{\"@id\":\"https:\\\/\\\/thefortune.one\\\/pt\\\/#\\\/schema\\\/logo\\\/image\\\/\"}},{\"@type\":\"Person\",\"@id\":\"https:\\\/\\\/thefortune.one\\\/pt\\\/#\\\/schema\\\/person\\\/6cd8fe72a627d36caabf41815984a16f\",\"name\":\"bianca\",\"image\":{\"@type\":\"ImageObject\",\"inLanguage\":\"pt-BR\",\"@id\":\"https:\\\/\\\/secure.gravatar.com\\\/avatar\\\/66cd7b00d93410555e00d1e6a911a86de0cd0cfa4f83a2f8b47eddc2968c98af?s=96&d=mm&r=g\",\"url\":\"https:\\\/\\\/secure.gravatar.com\\\/avatar\\\/66cd7b00d93410555e00d1e6a911a86de0cd0cfa4f83a2f8b47eddc2968c98af?s=96&d=mm&r=g\",\"contentUrl\":\"https:\\\/\\\/secure.gravatar.com\\\/avatar\\\/66cd7b00d93410555e00d1e6a911a86de0cd0cfa4f83a2f8b47eddc2968c98af?s=96&d=mm&r=g\",\"caption\":\"bianca\"},\"url\":\"https:\\\/\\\/thefortune.one\\\/pt\\\/author\\\/bianca\\\/\"}]}<\/script>\n<!-- \/ Yoast SEO plugin. -->","yoast_head_json":{"title":"Amea\u00e7a de pauta-bomba no Congresso: Lula cobra a\u00e7\u00e3o de Alckmin e Haddad no Legislativo - The Fortune.one","description":"Somos especialistas em gest\u00e3o patrimonial, op\u00e7\u00f5es de investimentos para diversos perfis, nosso diferencial \u00e9 comprovado com resultados.","robots":{"index":"index","follow":"follow","max-snippet":"max-snippet:-1","max-image-preview":"max-image-preview:large","max-video-preview":"max-video-preview:-1"},"canonical":"https:\/\/thefortune.one\/pt\/ameaca-de-pauta-bomba-no-congresso-lula-cobra-acao-de-alckmin-e-haddad-no-legislativo\/","og_locale":"pt_BR","og_type":"article","og_title":"Amea\u00e7a de pauta-bomba no Congresso: Lula cobra a\u00e7\u00e3o de Alckmin e Haddad no Legislativo - The Fortune.one","og_description":"Somos especialistas em gest\u00e3o patrimonial, op\u00e7\u00f5es de investimentos para diversos perfis, nosso diferencial \u00e9 comprovado com resultados.","og_url":"https:\/\/thefortune.one\/pt\/ameaca-de-pauta-bomba-no-congresso-lula-cobra-acao-de-alckmin-e-haddad-no-legislativo\/","og_site_name":"The Fortune.one","article_published_time":"2024-04-23T13:22:42+00:00","og_image":[{"width":396,"height":263,"url":"https:\/\/thefortune.one\/wp-content\/uploads\/2024\/04\/for.jpg","type":"image\/jpeg"}],"author":"bianca","twitter_card":"summary_large_image","twitter_misc":{"Escrito por":"bianca","Est. tempo de leitura":"6 minutos"},"schema":{"@context":"https:\/\/schema.org","@graph":[{"@type":"Article","@id":"https:\/\/thefortune.one\/pt\/ameaca-de-pauta-bomba-no-congresso-lula-cobra-acao-de-alckmin-e-haddad-no-legislativo\/#article","isPartOf":{"@id":"https:\/\/thefortune.one\/pt\/ameaca-de-pauta-bomba-no-congresso-lula-cobra-acao-de-alckmin-e-haddad-no-legislativo\/"},"author":{"name":"bianca","@id":"https:\/\/thefortune.one\/pt\/#\/schema\/person\/6cd8fe72a627d36caabf41815984a16f"},"headline":"Amea\u00e7a de pauta-bomba no Congresso: Lula cobra a\u00e7\u00e3o de Alckmin e Haddad no Legislativo","datePublished":"2024-04-23T13:22:42+00:00","mainEntityOfPage":{"@id":"https:\/\/thefortune.one\/pt\/ameaca-de-pauta-bomba-no-congresso-lula-cobra-acao-de-alckmin-e-haddad-no-legislativo\/"},"wordCount":1203,"commentCount":0,"publisher":{"@id":"https:\/\/thefortune.one\/pt\/#organization"},"image":{"@id":"https:\/\/thefortune.one\/pt\/ameaca-de-pauta-bomba-no-congresso-lula-cobra-acao-de-alckmin-e-haddad-no-legislativo\/#primaryimage"},"thumbnailUrl":"https:\/\/thefortune.one\/wp-content\/uploads\/2024\/04\/for.jpg","articleSection":["The Fortune.one"],"inLanguage":"pt-BR","potentialAction":[{"@type":"CommentAction","name":"Comment","target":["https:\/\/thefortune.one\/pt\/ameaca-de-pauta-bomba-no-congresso-lula-cobra-acao-de-alckmin-e-haddad-no-legislativo\/#respond"]}]},{"@type":"WebPage","@id":"https:\/\/thefortune.one\/pt\/ameaca-de-pauta-bomba-no-congresso-lula-cobra-acao-de-alckmin-e-haddad-no-legislativo\/","url":"https:\/\/thefortune.one\/pt\/ameaca-de-pauta-bomba-no-congresso-lula-cobra-acao-de-alckmin-e-haddad-no-legislativo\/","name":"Amea\u00e7a de pauta-bomba no Congresso: Lula cobra a\u00e7\u00e3o de Alckmin e Haddad no Legislativo - The Fortune.one","isPartOf":{"@id":"https:\/\/thefortune.one\/pt\/#website"},"primaryImageOfPage":{"@id":"https:\/\/thefortune.one\/pt\/ameaca-de-pauta-bomba-no-congresso-lula-cobra-acao-de-alckmin-e-haddad-no-legislativo\/#primaryimage"},"image":{"@id":"https:\/\/thefortune.one\/pt\/ameaca-de-pauta-bomba-no-congresso-lula-cobra-acao-de-alckmin-e-haddad-no-legislativo\/#primaryimage"},"thumbnailUrl":"https:\/\/thefortune.one\/wp-content\/uploads\/2024\/04\/for.jpg","datePublished":"2024-04-23T13:22:42+00:00","description":"Somos especialistas em gest\u00e3o patrimonial, op\u00e7\u00f5es de investimentos para diversos perfis, nosso diferencial \u00e9 comprovado com resultados.","breadcrumb":{"@id":"https:\/\/thefortune.one\/pt\/ameaca-de-pauta-bomba-no-congresso-lula-cobra-acao-de-alckmin-e-haddad-no-legislativo\/#breadcrumb"},"inLanguage":"pt-BR","potentialAction":[{"@type":"ReadAction","target":["https:\/\/thefortune.one\/pt\/ameaca-de-pauta-bomba-no-congresso-lula-cobra-acao-de-alckmin-e-haddad-no-legislativo\/"]}]},{"@type":"ImageObject","inLanguage":"pt-BR","@id":"https:\/\/thefortune.one\/pt\/ameaca-de-pauta-bomba-no-congresso-lula-cobra-acao-de-alckmin-e-haddad-no-legislativo\/#primaryimage","url":"https:\/\/thefortune.one\/wp-content\/uploads\/2024\/04\/for.jpg","contentUrl":"https:\/\/thefortune.one\/wp-content\/uploads\/2024\/04\/for.jpg","width":396,"height":263},{"@type":"BreadcrumbList","@id":"https:\/\/thefortune.one\/pt\/ameaca-de-pauta-bomba-no-congresso-lula-cobra-acao-de-alckmin-e-haddad-no-legislativo\/#breadcrumb","itemListElement":[{"@type":"ListItem","position":1,"name":"In\u00edcio","item":"https:\/\/thefortune.one\/pt\/"},{"@type":"ListItem","position":2,"name":"Amea\u00e7a de pauta-bomba no Congresso: Lula cobra a\u00e7\u00e3o de Alckmin e Haddad no Legislativo"}]},{"@type":"WebSite","@id":"https:\/\/thefortune.one\/pt\/#website","url":"https:\/\/thefortune.one\/pt\/","name":"The Fortune.one","description":"Gestora de Recursos Especializada em Private Equity","publisher":{"@id":"https:\/\/thefortune.one\/pt\/#organization"},"potentialAction":[{"@type":"SearchAction","target":{"@type":"EntryPoint","urlTemplate":"https:\/\/thefortune.one\/pt\/?s={search_term_string}"},"query-input":{"@type":"PropertyValueSpecification","valueRequired":true,"valueName":"search_term_string"}}],"inLanguage":"pt-BR"},{"@type":"Organization","@id":"https:\/\/thefortune.one\/pt\/#organization","name":"The Fortune One","url":"https:\/\/thefortune.one\/pt\/","logo":{"@type":"ImageObject","inLanguage":"pt-BR","@id":"https:\/\/thefortune.one\/pt\/#\/schema\/logo\/image\/","url":"https:\/\/thefortune.one\/wp-content\/uploads\/2022\/11\/cropped-cropped-1651682701199-1.jpg","contentUrl":"https:\/\/thefortune.one\/wp-content\/uploads\/2022\/11\/cropped-cropped-1651682701199-1.jpg","width":369,"height":421,"caption":"The Fortune One"},"image":{"@id":"https:\/\/thefortune.one\/pt\/#\/schema\/logo\/image\/"}},{"@type":"Person","@id":"https:\/\/thefortune.one\/pt\/#\/schema\/person\/6cd8fe72a627d36caabf41815984a16f","name":"bianca","image":{"@type":"ImageObject","inLanguage":"pt-BR","@id":"https:\/\/secure.gravatar.com\/avatar\/66cd7b00d93410555e00d1e6a911a86de0cd0cfa4f83a2f8b47eddc2968c98af?s=96&d=mm&r=g","url":"https:\/\/secure.gravatar.com\/avatar\/66cd7b00d93410555e00d1e6a911a86de0cd0cfa4f83a2f8b47eddc2968c98af?s=96&d=mm&r=g","contentUrl":"https:\/\/secure.gravatar.com\/avatar\/66cd7b00d93410555e00d1e6a911a86de0cd0cfa4f83a2f8b47eddc2968c98af?s=96&d=mm&r=g","caption":"bianca"},"url":"https:\/\/thefortune.one\/pt\/author\/bianca\/"}]}},"_links":{"self":[{"href":"https:\/\/thefortune.one\/pt\/wp-json\/wp\/v2\/posts\/4920","targetHints":{"allow":["GET"]}}],"collection":[{"href":"https:\/\/thefortune.one\/pt\/wp-json\/wp\/v2\/posts"}],"about":[{"href":"https:\/\/thefortune.one\/pt\/wp-json\/wp\/v2\/types\/post"}],"author":[{"embeddable":true,"href":"https:\/\/thefortune.one\/pt\/wp-json\/wp\/v2\/users\/3"}],"replies":[{"embeddable":true,"href":"https:\/\/thefortune.one\/pt\/wp-json\/wp\/v2\/comments?post=4920"}],"version-history":[{"count":1,"href":"https:\/\/thefortune.one\/pt\/wp-json\/wp\/v2\/posts\/4920\/revisions"}],"predecessor-version":[{"id":4922,"href":"https:\/\/thefortune.one\/pt\/wp-json\/wp\/v2\/posts\/4920\/revisions\/4922"}],"wp:featuredmedia":[{"embeddable":true,"href":"https:\/\/thefortune.one\/pt\/wp-json\/wp\/v2\/media\/4921"}],"wp:attachment":[{"href":"https:\/\/thefortune.one\/pt\/wp-json\/wp\/v2\/media?parent=4920"}],"wp:term":[{"taxonomy":"category","embeddable":true,"href":"https:\/\/thefortune.one\/pt\/wp-json\/wp\/v2\/categories?post=4920"},{"taxonomy":"post_tag","embeddable":true,"href":"https:\/\/thefortune.one\/pt\/wp-json\/wp\/v2\/tags?post=4920"}],"curies":[{"name":"wp","href":"https:\/\/api.w.org\/{rel}","templated":true}]}}