{"id":4905,"date":"2024-04-16T12:43:07","date_gmt":"2024-04-16T12:43:07","guid":{"rendered":"https:\/\/thefortune.one\/?p=4905"},"modified":"2024-04-16T12:43:07","modified_gmt":"2024-04-16T12:43:07","slug":"haddad-confirma-meta-fiscal-de-deficit-zero-para-2025-e-salario-minimo-de-r-1-502","status":"publish","type":"post","link":"https:\/\/thefortune.one\/pt\/haddad-confirma-meta-fiscal-de-deficit-zero-para-2025-e-salario-minimo-de-r-1-502\/","title":{"rendered":"Haddad confirma meta fiscal de d\u00e9ficit zero para 2025 e sal\u00e1rio m\u00ednimo de R$ 1.502"},"content":{"rendered":"<p>H\u00e1 um ano, a equipe econ\u00f4mica havia estabelecido que buscaria fazer um super\u00e1vit de 0,5% do Produto Interno Bruto (PIB) em 2025<a href=\"https:\/\/web.whatsapp.com\/send?text=Haddad%20confirma%20meta%20fiscal%20de%20d%C3%A9ficit%20zero%20para%202025%20e%20sal%C3%A1rio%20m%C3%ADnimo%20de%20R$%201.502%20https%3A%2F%2Finteligenciafinanceira.com.br%2Fmercado-financeiro%2Feconomia%2Fhaddad-confirma-meta-fiscal-de-deficit-zero-para-2025-e-salario-minimo-de-r-1-502%2F\" target=\"_blank\" rel=\"noreferrer noopener\"><\/a><a href=\"https:\/\/www.linkedin.com\/sharing\/share-offsite\/?url=https%3A%2F%2Finteligenciafinanceira.com.br%2Fmercado-financeiro%2Feconomia%2Fhaddad-confirma-meta-fiscal-de-deficit-zero-para-2025-e-salario-minimo-de-r-1-502%2F&amp;title=Haddad%20confirma%20meta%20fiscal%20de%20d%C3%A9ficit%20zero%20para%202025%20e%20sal%C3%A1rio%20m%C3%ADnimo%20de%20R$%201.502\" target=\"_blank\" rel=\"noreferrer noopener\"><\/a><a href=\"https:\/\/t.me\/share\/url?url=https%3A%2F%2Finteligenciafinanceira.com.br%2Fmercado-financeiro%2Feconomia%2Fhaddad-confirma-meta-fiscal-de-deficit-zero-para-2025-e-salario-minimo-de-r-1-502%2F&amp;text=Haddad%20confirma%20meta%20fiscal%20de%20d%C3%A9ficit%20zero%20para%202025%20e%20sal%C3%A1rio%20m%C3%ADnimo%20de%20R$%201.502\" target=\"_blank\" rel=\"noreferrer noopener\"><\/a><a href=\"https:\/\/twitter.com\/intent\/tweet?text=Haddad%20confirma%20meta%20fiscal%20de%20d%C3%A9ficit%20zero%20para%202025%20e%20sal%C3%A1rio%20m%C3%ADnimo%20de%20R$%201.502&amp;url=https%3A%2F%2Finteligenciafinanceira.com.br%2Fmercado-financeiro%2Feconomia%2Fhaddad-confirma-meta-fiscal-de-deficit-zero-para-2025-e-salario-minimo-de-r-1-502%2F&amp;\" target=\"_blank\" rel=\"noreferrer noopener\"><\/a><a href=\"https:\/\/www.facebook.com\/sharer\/sharer.php?u=https%3A%2F%2Finteligenciafinanceira.com.br%2Fmercado-financeiro%2Feconomia%2Fhaddad-confirma-meta-fiscal-de-deficit-zero-para-2025-e-salario-minimo-de-r-1-502%2F\" target=\"_blank\" rel=\"noreferrer noopener\"><\/a><a href=\"mailto:?subject=Haddad%20confirma%20meta%20fiscal%20de%20d%C3%A9ficit%20zero%20para%202025%20e%20sal%C3%A1rio%20m%C3%ADnimo%20de%20R$%201.502&amp;body=Veja%20mais%20em%20https%3A%2F%2Finteligenciafinanceira.com.br%2Fmercado-financeiro%2Feconomia%2Fhaddad-confirma-meta-fiscal-de-deficit-zero-para-2025-e-salario-minimo-de-r-1-502%2F\" target=\"_blank\" rel=\"noreferrer noopener\"><\/a><a href=\"https:\/\/inteligenciafinanceira.com.br\/mercado-financeiro\/economia\/haddad-confirma-meta-fiscal-de-deficit-zero-para-2025-e-salario-minimo-de-r-1-502\/#copy_link\"><\/a><\/p>\n\n\n\n<figure class=\"wp-block-image\"><img decoding=\"async\" src=\"https:\/\/inteligenciafinanceira.com.br\/wp-content\/uploads\/2023\/08\/img_3774.jpg?w=396\" alt=\"Haddad confirma meta fiscal de d\u00e9ficit zero para 2025 e sal\u00e1rio m\u00ednimo de R$ 1.502\" \/><figcaption class=\"wp-element-caption\">Ministro da Fazenda, Fernando Haddad. Foto: Wilson Dias\/Ag\u00eancia Brasil<\/figcaption><\/figure>\n\n\n\n<p>O ministro da Fazenda,&nbsp;<a href=\"https:\/\/inteligenciafinanceira.com.br\/investimentos\/fernando-haddad\/\">Fernando Haddad<\/a>, confirmou no per\u00edodo da tarde desta segunda-feira, 15, que o governo definiu a meta fiscal do pr\u00f3ximo ano como d\u00e9ficit prim\u00e1rio zero, assim como o alvo deste ano, conforme mostrou mais cedo o Broadcast, sistema de not\u00edcias em tempo real do Grupo Estado.<\/p>\n\n\n\n<p>H\u00e1 um ano, a equipe econ\u00f4mica havia estabelecido que buscaria fazer um super\u00e1vit de 0,5% do Produto Interno Bruto (PIB) em 2025.<\/p>\n\n\n\n<p>A confirma\u00e7\u00e3o foi dada em entrevista \u00e0 GloboNews. Haddad pediu desculpas por antecipar os n\u00fameros antes da divulga\u00e7\u00e3o pelo Minist\u00e9rio do Planejamento, que ir\u00e1 divulgar o projeto de Lei de Diretrizes Or\u00e7ament\u00e1rias (PLDO) \u00e0s 16h30, mas argumentou que os n\u00fameros j\u00e1 haviam sido \u201cvazados\u201d \u00e0 imprensa.<\/p>\n\n\n\n<p>Haddad confirmou tamb\u00e9m que a proje\u00e7\u00e3o para o sal\u00e1rio m\u00ednimo no pr\u00f3ximo ano \u00e9 de R$ 1.502.<\/p>\n\n\n\n<p>Haddad foi questionado se, com a decis\u00e3o de revisar a meta de 2025, o presidente da Rep\u00fablica, Luiz In\u00e1cio Lula da Silva, teria desistido de fazer super\u00e1vits neste mandato. O ministro rebateu, contudo, que ainda haver\u00e1 2026 para buscar esse alvo.<\/p>\n\n\n\n<h2 class=\"wp-block-heading\" id=\"h-haddad-levou-a-lula-desejo-de-campos-neto-de-fazer-transicao-mais-longa-no-bc\">Haddad levou a Lula desejo de Campos Neto de fazer transi\u00e7\u00e3o mais longa no BC<\/h2>\n\n\n\n<p>O ministro da Fazenda disse que levou ao presidente da Rep\u00fablica, Luiz In\u00e1cio Lula da Silva, o desejo do atual presidente do Banco Central (BC), Roberto Campos Neto, de fazer uma transi\u00e7\u00e3o mais longa na substitui\u00e7\u00e3o do comando da autoridade monet\u00e1ria.<\/p>\n\n\n\n<p>\u201cEst\u00e1 tudo sendo feito de maneira bastante civilizada, e vai ser feita a transi\u00e7\u00e3o de maneira muito tranquila\u201d.<br>Haddad afirmou que Campos Neto defende que seja anunciado um substituto antecipadamente para que a transi\u00e7\u00e3o de poder seja mais prolongada.<\/p>\n\n\n\n<p>O ministro refor\u00e7ou que, nas quatro vezes em que foi ouvido por Lula sobre indica\u00e7\u00f5es ao BC, houve defini\u00e7\u00e3o de nomes conforme crit\u00e9rios t\u00e9cnicos, de personalidade e de capacidade de comunica\u00e7\u00e3o e di\u00e1logo.<\/p>\n\n\n\n<p>\u201cN\u00e3o penso que Lula mudar\u00e1 sua diretriz de escolher grandes nomes para o Banco Central, inclusive substituto de Campos Neto\u201d, disse Haddad, ao refor\u00e7ar que n\u00e3o viu nenhuma das indica\u00e7\u00f5es do governo ao BC sendo questionadas.<\/p>\n\n\n\n<p>O ministro repetiu ainda que o governo enfrentou um desafio in\u00e9dito de conviver com um presidente da autoridade monet\u00e1ria que foi escolhido pela gest\u00e3o anterior, mas refor\u00e7ou que sempre procurou conviver com o Banco Central da melhor forma poss\u00edvel.<\/p>\n\n\n\n<h2 class=\"wp-block-heading\" id=\"h-retomada-de-patamar-de-arrecadacao-em-relacao-ao-pib-para-18-5\">Retomada de patamar de arrecada\u00e7\u00e3o em rela\u00e7\u00e3o ao PIB para 18,5%<\/h2>\n\n\n\n<p>Fernando Haddad tamb\u00e9m afirmou que a equipe econ\u00f4mica tem trabalhado para retomar o patamar de 18,5% de arrecada\u00e7\u00e3o em rela\u00e7\u00e3o ao Produto Interno Bruto (PIB).<\/p>\n\n\n\n<p>Ele disse ainda que continuar\u00e3o sendo revistos os gastos tribut\u00e1rios para equalizar as contas p\u00fablicas, de uma forma que a despesa caia menos que 19% e ainda assim seja poss\u00edvel cumprir as regras fiscais.<\/p>\n\n\n\n<p>\u00c0s v\u00e9speras da divulga\u00e7\u00e3o do Projeto de Lei de Diretrizes Or\u00e7ament\u00e1rias (PLDO) de 2025, Haddad refor\u00e7ou que o quadro de d\u00e9ficit n\u00e3o \u00e9 novidade no Pa\u00eds e que desde 2015 o Brasil enfrenta este cen\u00e1rio estrutural nas contas p\u00fablicas. O ministro repetiu que o esfor\u00e7o \u00e9 para colocar ordem no quadro fiscal.<\/p>\n\n\n\n<p>Haddad citou ainda que a decis\u00e3o do Supremo Tribunal Federal (STF) sobre a revis\u00e3o da vida toda permitiu manter a meta prim\u00e1ria de d\u00e9ficit zero em 2025, que ser\u00e1 divulgada \u00e0s 16h30 (de Bras\u00edlia) no PLDO. Ele afirmou que, sem essa medida, haveria d\u00e9ficit nas contas no ano que vem.<\/p>\n\n\n\n<p>Fonte:https:\/\/inteligenciafinanceira.com.br\/mercado-financeiro\/economia\/haddad-confirma-meta-fiscal-de-deficit-zero-para-2025-e-salario-minimo-de-r-1-502\/<\/p>","protected":false},"excerpt":{"rendered":"<p>H\u00e1 um ano, a equipe econ\u00f4mica havia estabelecido que buscaria fazer um super\u00e1vit de 0,5% do Produto Interno Bruto (PIB) em 2025 O ministro da Fazenda,&nbsp;Fernando Haddad, confirmou no per\u00edodo da tarde desta segunda-feira, 15, que o governo definiu a meta fiscal do pr\u00f3ximo ano como d\u00e9ficit prim\u00e1rio zero, assim como o alvo deste ano, [&hellip;]<\/p>\n","protected":false},"author":3,"featured_media":4906,"comment_status":"open","ping_status":"open","sticky":false,"template":"","format":"standard","meta":{"_joinchat":[],"footnotes":""},"categories":[1],"tags":[],"class_list":["post-4905","post","type-post","status-publish","format-standard","has-post-thumbnail","hentry","category-the-fortune-one"],"yoast_head":"<!-- This site is optimized with the Yoast SEO plugin v27.5 - https:\/\/yoast.com\/product\/yoast-seo-wordpress\/ -->\n<title>Haddad confirma meta fiscal de d\u00e9ficit zero para 2025 e sal\u00e1rio m\u00ednimo de R$ 1.502 - The Fortune.one<\/title>\n<meta name=\"description\" content=\"Somos especialistas em gest\u00e3o patrimonial, op\u00e7\u00f5es de investimentos para diversos perfis, nosso diferencial \u00e9 comprovado com resultados.\" \/>\n<meta name=\"robots\" content=\"index, follow, max-snippet:-1, max-image-preview:large, max-video-preview:-1\" \/>\n<link rel=\"canonical\" href=\"https:\/\/thefortune.one\/pt\/haddad-confirma-meta-fiscal-de-deficit-zero-para-2025-e-salario-minimo-de-r-1-502\/\" \/>\n<meta property=\"og:locale\" content=\"pt_BR\" \/>\n<meta property=\"og:type\" content=\"article\" \/>\n<meta property=\"og:title\" content=\"Haddad confirma meta fiscal de d\u00e9ficit zero para 2025 e sal\u00e1rio m\u00ednimo de R$ 1.502 - The Fortune.one\" \/>\n<meta property=\"og:description\" content=\"Somos especialistas em gest\u00e3o patrimonial, op\u00e7\u00f5es de investimentos para diversos perfis, nosso diferencial \u00e9 comprovado com resultados.\" \/>\n<meta property=\"og:url\" content=\"https:\/\/thefortune.one\/pt\/haddad-confirma-meta-fiscal-de-deficit-zero-para-2025-e-salario-minimo-de-r-1-502\/\" \/>\n<meta property=\"og:site_name\" content=\"The Fortune.one\" \/>\n<meta property=\"article:published_time\" content=\"2024-04-16T12:43:07+00:00\" \/>\n<meta property=\"og:image\" content=\"https:\/\/thefortune.one\/wp-content\/uploads\/2024\/04\/yy.jpg\" \/>\n\t<meta property=\"og:image:width\" content=\"395\" \/>\n\t<meta property=\"og:image:height\" content=\"297\" \/>\n\t<meta property=\"og:image:type\" content=\"image\/jpeg\" \/>\n<meta name=\"author\" content=\"bianca\" \/>\n<meta name=\"twitter:card\" content=\"summary_large_image\" \/>\n<meta name=\"twitter:label1\" content=\"Escrito por\" \/>\n\t<meta name=\"twitter:data1\" content=\"bianca\" \/>\n\t<meta name=\"twitter:label2\" content=\"Est. tempo de leitura\" \/>\n\t<meta name=\"twitter:data2\" content=\"3 minutos\" \/>\n<script type=\"application\/ld+json\" class=\"yoast-schema-graph\">{\"@context\":\"https:\\\/\\\/schema.org\",\"@graph\":[{\"@type\":\"Article\",\"@id\":\"https:\\\/\\\/thefortune.one\\\/pt\\\/haddad-confirma-meta-fiscal-de-deficit-zero-para-2025-e-salario-minimo-de-r-1-502\\\/#article\",\"isPartOf\":{\"@id\":\"https:\\\/\\\/thefortune.one\\\/pt\\\/haddad-confirma-meta-fiscal-de-deficit-zero-para-2025-e-salario-minimo-de-r-1-502\\\/\"},\"author\":{\"name\":\"bianca\",\"@id\":\"https:\\\/\\\/thefortune.one\\\/pt\\\/#\\\/schema\\\/person\\\/6cd8fe72a627d36caabf41815984a16f\"},\"headline\":\"Haddad confirma meta fiscal de d\u00e9ficit zero para 2025 e sal\u00e1rio m\u00ednimo de R$ 1.502\",\"datePublished\":\"2024-04-16T12:43:07+00:00\",\"mainEntityOfPage\":{\"@id\":\"https:\\\/\\\/thefortune.one\\\/pt\\\/haddad-confirma-meta-fiscal-de-deficit-zero-para-2025-e-salario-minimo-de-r-1-502\\\/\"},\"wordCount\":667,\"commentCount\":0,\"publisher\":{\"@id\":\"https:\\\/\\\/thefortune.one\\\/pt\\\/#organization\"},\"image\":{\"@id\":\"https:\\\/\\\/thefortune.one\\\/pt\\\/haddad-confirma-meta-fiscal-de-deficit-zero-para-2025-e-salario-minimo-de-r-1-502\\\/#primaryimage\"},\"thumbnailUrl\":\"https:\\\/\\\/thefortune.one\\\/wp-content\\\/uploads\\\/2024\\\/04\\\/yy.jpg\",\"articleSection\":[\"The Fortune.one\"],\"inLanguage\":\"pt-BR\",\"potentialAction\":[{\"@type\":\"CommentAction\",\"name\":\"Comment\",\"target\":[\"https:\\\/\\\/thefortune.one\\\/pt\\\/haddad-confirma-meta-fiscal-de-deficit-zero-para-2025-e-salario-minimo-de-r-1-502\\\/#respond\"]}]},{\"@type\":\"WebPage\",\"@id\":\"https:\\\/\\\/thefortune.one\\\/pt\\\/haddad-confirma-meta-fiscal-de-deficit-zero-para-2025-e-salario-minimo-de-r-1-502\\\/\",\"url\":\"https:\\\/\\\/thefortune.one\\\/pt\\\/haddad-confirma-meta-fiscal-de-deficit-zero-para-2025-e-salario-minimo-de-r-1-502\\\/\",\"name\":\"Haddad confirma meta fiscal de d\u00e9ficit zero para 2025 e sal\u00e1rio m\u00ednimo de R$ 1.502 - The Fortune.one\",\"isPartOf\":{\"@id\":\"https:\\\/\\\/thefortune.one\\\/pt\\\/#website\"},\"primaryImageOfPage\":{\"@id\":\"https:\\\/\\\/thefortune.one\\\/pt\\\/haddad-confirma-meta-fiscal-de-deficit-zero-para-2025-e-salario-minimo-de-r-1-502\\\/#primaryimage\"},\"image\":{\"@id\":\"https:\\\/\\\/thefortune.one\\\/pt\\\/haddad-confirma-meta-fiscal-de-deficit-zero-para-2025-e-salario-minimo-de-r-1-502\\\/#primaryimage\"},\"thumbnailUrl\":\"https:\\\/\\\/thefortune.one\\\/wp-content\\\/uploads\\\/2024\\\/04\\\/yy.jpg\",\"datePublished\":\"2024-04-16T12:43:07+00:00\",\"description\":\"Somos especialistas em gest\u00e3o patrimonial, op\u00e7\u00f5es de investimentos para diversos perfis, nosso diferencial \u00e9 comprovado com resultados.\",\"breadcrumb\":{\"@id\":\"https:\\\/\\\/thefortune.one\\\/pt\\\/haddad-confirma-meta-fiscal-de-deficit-zero-para-2025-e-salario-minimo-de-r-1-502\\\/#breadcrumb\"},\"inLanguage\":\"pt-BR\",\"potentialAction\":[{\"@type\":\"ReadAction\",\"target\":[\"https:\\\/\\\/thefortune.one\\\/pt\\\/haddad-confirma-meta-fiscal-de-deficit-zero-para-2025-e-salario-minimo-de-r-1-502\\\/\"]}]},{\"@type\":\"ImageObject\",\"inLanguage\":\"pt-BR\",\"@id\":\"https:\\\/\\\/thefortune.one\\\/pt\\\/haddad-confirma-meta-fiscal-de-deficit-zero-para-2025-e-salario-minimo-de-r-1-502\\\/#primaryimage\",\"url\":\"https:\\\/\\\/thefortune.one\\\/wp-content\\\/uploads\\\/2024\\\/04\\\/yy.jpg\",\"contentUrl\":\"https:\\\/\\\/thefortune.one\\\/wp-content\\\/uploads\\\/2024\\\/04\\\/yy.jpg\",\"width\":395,\"height\":297},{\"@type\":\"BreadcrumbList\",\"@id\":\"https:\\\/\\\/thefortune.one\\\/pt\\\/haddad-confirma-meta-fiscal-de-deficit-zero-para-2025-e-salario-minimo-de-r-1-502\\\/#breadcrumb\",\"itemListElement\":[{\"@type\":\"ListItem\",\"position\":1,\"name\":\"In\u00edcio\",\"item\":\"https:\\\/\\\/thefortune.one\\\/pt\\\/\"},{\"@type\":\"ListItem\",\"position\":2,\"name\":\"Haddad confirma meta fiscal de d\u00e9ficit zero para 2025 e sal\u00e1rio m\u00ednimo de R$ 1.502\"}]},{\"@type\":\"WebSite\",\"@id\":\"https:\\\/\\\/thefortune.one\\\/pt\\\/#website\",\"url\":\"https:\\\/\\\/thefortune.one\\\/pt\\\/\",\"name\":\"The Fortune.one\",\"description\":\"Gestora de Recursos Especializada em Private Equity\",\"publisher\":{\"@id\":\"https:\\\/\\\/thefortune.one\\\/pt\\\/#organization\"},\"potentialAction\":[{\"@type\":\"SearchAction\",\"target\":{\"@type\":\"EntryPoint\",\"urlTemplate\":\"https:\\\/\\\/thefortune.one\\\/pt\\\/?s={search_term_string}\"},\"query-input\":{\"@type\":\"PropertyValueSpecification\",\"valueRequired\":true,\"valueName\":\"search_term_string\"}}],\"inLanguage\":\"pt-BR\"},{\"@type\":\"Organization\",\"@id\":\"https:\\\/\\\/thefortune.one\\\/pt\\\/#organization\",\"name\":\"The Fortune One\",\"url\":\"https:\\\/\\\/thefortune.one\\\/pt\\\/\",\"logo\":{\"@type\":\"ImageObject\",\"inLanguage\":\"pt-BR\",\"@id\":\"https:\\\/\\\/thefortune.one\\\/pt\\\/#\\\/schema\\\/logo\\\/image\\\/\",\"url\":\"https:\\\/\\\/thefortune.one\\\/wp-content\\\/uploads\\\/2022\\\/11\\\/cropped-cropped-1651682701199-1.jpg\",\"contentUrl\":\"https:\\\/\\\/thefortune.one\\\/wp-content\\\/uploads\\\/2022\\\/11\\\/cropped-cropped-1651682701199-1.jpg\",\"width\":369,\"height\":421,\"caption\":\"The Fortune One\"},\"image\":{\"@id\":\"https:\\\/\\\/thefortune.one\\\/pt\\\/#\\\/schema\\\/logo\\\/image\\\/\"}},{\"@type\":\"Person\",\"@id\":\"https:\\\/\\\/thefortune.one\\\/pt\\\/#\\\/schema\\\/person\\\/6cd8fe72a627d36caabf41815984a16f\",\"name\":\"bianca\",\"image\":{\"@type\":\"ImageObject\",\"inLanguage\":\"pt-BR\",\"@id\":\"https:\\\/\\\/secure.gravatar.com\\\/avatar\\\/66cd7b00d93410555e00d1e6a911a86de0cd0cfa4f83a2f8b47eddc2968c98af?s=96&d=mm&r=g\",\"url\":\"https:\\\/\\\/secure.gravatar.com\\\/avatar\\\/66cd7b00d93410555e00d1e6a911a86de0cd0cfa4f83a2f8b47eddc2968c98af?s=96&d=mm&r=g\",\"contentUrl\":\"https:\\\/\\\/secure.gravatar.com\\\/avatar\\\/66cd7b00d93410555e00d1e6a911a86de0cd0cfa4f83a2f8b47eddc2968c98af?s=96&d=mm&r=g\",\"caption\":\"bianca\"},\"url\":\"https:\\\/\\\/thefortune.one\\\/pt\\\/author\\\/bianca\\\/\"}]}<\/script>\n<!-- \/ Yoast SEO plugin. -->","yoast_head_json":{"title":"Haddad confirma meta fiscal de d\u00e9ficit zero para 2025 e sal\u00e1rio m\u00ednimo de R$ 1.502 - The Fortune.one","description":"Somos especialistas em gest\u00e3o patrimonial, op\u00e7\u00f5es de investimentos para diversos perfis, nosso diferencial \u00e9 comprovado com resultados.","robots":{"index":"index","follow":"follow","max-snippet":"max-snippet:-1","max-image-preview":"max-image-preview:large","max-video-preview":"max-video-preview:-1"},"canonical":"https:\/\/thefortune.one\/pt\/haddad-confirma-meta-fiscal-de-deficit-zero-para-2025-e-salario-minimo-de-r-1-502\/","og_locale":"pt_BR","og_type":"article","og_title":"Haddad confirma meta fiscal de d\u00e9ficit zero para 2025 e sal\u00e1rio m\u00ednimo de R$ 1.502 - The Fortune.one","og_description":"Somos especialistas em gest\u00e3o patrimonial, op\u00e7\u00f5es de investimentos para diversos perfis, nosso diferencial \u00e9 comprovado com resultados.","og_url":"https:\/\/thefortune.one\/pt\/haddad-confirma-meta-fiscal-de-deficit-zero-para-2025-e-salario-minimo-de-r-1-502\/","og_site_name":"The Fortune.one","article_published_time":"2024-04-16T12:43:07+00:00","og_image":[{"width":395,"height":297,"url":"https:\/\/thefortune.one\/wp-content\/uploads\/2024\/04\/yy.jpg","type":"image\/jpeg"}],"author":"bianca","twitter_card":"summary_large_image","twitter_misc":{"Escrito por":"bianca","Est. tempo de leitura":"3 minutos"},"schema":{"@context":"https:\/\/schema.org","@graph":[{"@type":"Article","@id":"https:\/\/thefortune.one\/pt\/haddad-confirma-meta-fiscal-de-deficit-zero-para-2025-e-salario-minimo-de-r-1-502\/#article","isPartOf":{"@id":"https:\/\/thefortune.one\/pt\/haddad-confirma-meta-fiscal-de-deficit-zero-para-2025-e-salario-minimo-de-r-1-502\/"},"author":{"name":"bianca","@id":"https:\/\/thefortune.one\/pt\/#\/schema\/person\/6cd8fe72a627d36caabf41815984a16f"},"headline":"Haddad confirma meta fiscal de d\u00e9ficit zero para 2025 e sal\u00e1rio m\u00ednimo de R$ 1.502","datePublished":"2024-04-16T12:43:07+00:00","mainEntityOfPage":{"@id":"https:\/\/thefortune.one\/pt\/haddad-confirma-meta-fiscal-de-deficit-zero-para-2025-e-salario-minimo-de-r-1-502\/"},"wordCount":667,"commentCount":0,"publisher":{"@id":"https:\/\/thefortune.one\/pt\/#organization"},"image":{"@id":"https:\/\/thefortune.one\/pt\/haddad-confirma-meta-fiscal-de-deficit-zero-para-2025-e-salario-minimo-de-r-1-502\/#primaryimage"},"thumbnailUrl":"https:\/\/thefortune.one\/wp-content\/uploads\/2024\/04\/yy.jpg","articleSection":["The Fortune.one"],"inLanguage":"pt-BR","potentialAction":[{"@type":"CommentAction","name":"Comment","target":["https:\/\/thefortune.one\/pt\/haddad-confirma-meta-fiscal-de-deficit-zero-para-2025-e-salario-minimo-de-r-1-502\/#respond"]}]},{"@type":"WebPage","@id":"https:\/\/thefortune.one\/pt\/haddad-confirma-meta-fiscal-de-deficit-zero-para-2025-e-salario-minimo-de-r-1-502\/","url":"https:\/\/thefortune.one\/pt\/haddad-confirma-meta-fiscal-de-deficit-zero-para-2025-e-salario-minimo-de-r-1-502\/","name":"Haddad confirma meta fiscal de d\u00e9ficit zero para 2025 e sal\u00e1rio m\u00ednimo de R$ 1.502 - The Fortune.one","isPartOf":{"@id":"https:\/\/thefortune.one\/pt\/#website"},"primaryImageOfPage":{"@id":"https:\/\/thefortune.one\/pt\/haddad-confirma-meta-fiscal-de-deficit-zero-para-2025-e-salario-minimo-de-r-1-502\/#primaryimage"},"image":{"@id":"https:\/\/thefortune.one\/pt\/haddad-confirma-meta-fiscal-de-deficit-zero-para-2025-e-salario-minimo-de-r-1-502\/#primaryimage"},"thumbnailUrl":"https:\/\/thefortune.one\/wp-content\/uploads\/2024\/04\/yy.jpg","datePublished":"2024-04-16T12:43:07+00:00","description":"Somos especialistas em gest\u00e3o patrimonial, op\u00e7\u00f5es de investimentos para diversos perfis, nosso diferencial \u00e9 comprovado com resultados.","breadcrumb":{"@id":"https:\/\/thefortune.one\/pt\/haddad-confirma-meta-fiscal-de-deficit-zero-para-2025-e-salario-minimo-de-r-1-502\/#breadcrumb"},"inLanguage":"pt-BR","potentialAction":[{"@type":"ReadAction","target":["https:\/\/thefortune.one\/pt\/haddad-confirma-meta-fiscal-de-deficit-zero-para-2025-e-salario-minimo-de-r-1-502\/"]}]},{"@type":"ImageObject","inLanguage":"pt-BR","@id":"https:\/\/thefortune.one\/pt\/haddad-confirma-meta-fiscal-de-deficit-zero-para-2025-e-salario-minimo-de-r-1-502\/#primaryimage","url":"https:\/\/thefortune.one\/wp-content\/uploads\/2024\/04\/yy.jpg","contentUrl":"https:\/\/thefortune.one\/wp-content\/uploads\/2024\/04\/yy.jpg","width":395,"height":297},{"@type":"BreadcrumbList","@id":"https:\/\/thefortune.one\/pt\/haddad-confirma-meta-fiscal-de-deficit-zero-para-2025-e-salario-minimo-de-r-1-502\/#breadcrumb","itemListElement":[{"@type":"ListItem","position":1,"name":"In\u00edcio","item":"https:\/\/thefortune.one\/pt\/"},{"@type":"ListItem","position":2,"name":"Haddad confirma meta fiscal de d\u00e9ficit zero para 2025 e sal\u00e1rio m\u00ednimo de R$ 1.502"}]},{"@type":"WebSite","@id":"https:\/\/thefortune.one\/pt\/#website","url":"https:\/\/thefortune.one\/pt\/","name":"The Fortune.one","description":"Gestora de Recursos Especializada em Private Equity","publisher":{"@id":"https:\/\/thefortune.one\/pt\/#organization"},"potentialAction":[{"@type":"SearchAction","target":{"@type":"EntryPoint","urlTemplate":"https:\/\/thefortune.one\/pt\/?s={search_term_string}"},"query-input":{"@type":"PropertyValueSpecification","valueRequired":true,"valueName":"search_term_string"}}],"inLanguage":"pt-BR"},{"@type":"Organization","@id":"https:\/\/thefortune.one\/pt\/#organization","name":"The Fortune One","url":"https:\/\/thefortune.one\/pt\/","logo":{"@type":"ImageObject","inLanguage":"pt-BR","@id":"https:\/\/thefortune.one\/pt\/#\/schema\/logo\/image\/","url":"https:\/\/thefortune.one\/wp-content\/uploads\/2022\/11\/cropped-cropped-1651682701199-1.jpg","contentUrl":"https:\/\/thefortune.one\/wp-content\/uploads\/2022\/11\/cropped-cropped-1651682701199-1.jpg","width":369,"height":421,"caption":"The Fortune One"},"image":{"@id":"https:\/\/thefortune.one\/pt\/#\/schema\/logo\/image\/"}},{"@type":"Person","@id":"https:\/\/thefortune.one\/pt\/#\/schema\/person\/6cd8fe72a627d36caabf41815984a16f","name":"bianca","image":{"@type":"ImageObject","inLanguage":"pt-BR","@id":"https:\/\/secure.gravatar.com\/avatar\/66cd7b00d93410555e00d1e6a911a86de0cd0cfa4f83a2f8b47eddc2968c98af?s=96&d=mm&r=g","url":"https:\/\/secure.gravatar.com\/avatar\/66cd7b00d93410555e00d1e6a911a86de0cd0cfa4f83a2f8b47eddc2968c98af?s=96&d=mm&r=g","contentUrl":"https:\/\/secure.gravatar.com\/avatar\/66cd7b00d93410555e00d1e6a911a86de0cd0cfa4f83a2f8b47eddc2968c98af?s=96&d=mm&r=g","caption":"bianca"},"url":"https:\/\/thefortune.one\/pt\/author\/bianca\/"}]}},"_links":{"self":[{"href":"https:\/\/thefortune.one\/pt\/wp-json\/wp\/v2\/posts\/4905","targetHints":{"allow":["GET"]}}],"collection":[{"href":"https:\/\/thefortune.one\/pt\/wp-json\/wp\/v2\/posts"}],"about":[{"href":"https:\/\/thefortune.one\/pt\/wp-json\/wp\/v2\/types\/post"}],"author":[{"embeddable":true,"href":"https:\/\/thefortune.one\/pt\/wp-json\/wp\/v2\/users\/3"}],"replies":[{"embeddable":true,"href":"https:\/\/thefortune.one\/pt\/wp-json\/wp\/v2\/comments?post=4905"}],"version-history":[{"count":1,"href":"https:\/\/thefortune.one\/pt\/wp-json\/wp\/v2\/posts\/4905\/revisions"}],"predecessor-version":[{"id":4907,"href":"https:\/\/thefortune.one\/pt\/wp-json\/wp\/v2\/posts\/4905\/revisions\/4907"}],"wp:featuredmedia":[{"embeddable":true,"href":"https:\/\/thefortune.one\/pt\/wp-json\/wp\/v2\/media\/4906"}],"wp:attachment":[{"href":"https:\/\/thefortune.one\/pt\/wp-json\/wp\/v2\/media?parent=4905"}],"wp:term":[{"taxonomy":"category","embeddable":true,"href":"https:\/\/thefortune.one\/pt\/wp-json\/wp\/v2\/categories?post=4905"},{"taxonomy":"post_tag","embeddable":true,"href":"https:\/\/thefortune.one\/pt\/wp-json\/wp\/v2\/tags?post=4905"}],"curies":[{"name":"wp","href":"https:\/\/api.w.org\/{rel}","templated":true}]}}