{"id":4834,"date":"2024-03-21T13:17:37","date_gmt":"2024-03-21T13:17:37","guid":{"rendered":"https:\/\/thefortune.one\/?p=4834"},"modified":"2024-03-21T13:17:37","modified_gmt":"2024-03-21T13:17:37","slug":"prefeitura-de-sao-paulo-envia-projeto-a-camara-em-novo-passo-para-privatizacao-da-sabesp-sbsp3","status":"publish","type":"post","link":"https:\/\/thefortune.one\/pt\/prefeitura-de-sao-paulo-envia-projeto-a-camara-em-novo-passo-para-privatizacao-da-sabesp-sbsp3\/","title":{"rendered":"Prefeitura de S\u00e3o Paulo envia projeto \u00e0 C\u00e2mara em novo passo para privatiza\u00e7\u00e3o da Sabesp (SBSP3)"},"content":{"rendered":"<p>Projeto prev\u00ea que o Executivo poder\u00e1 autorizar a substitui\u00e7\u00e3o do contrato vigente de presta\u00e7\u00e3o de servi\u00e7os de abastecimento de \u00e1gua e esgotamento sanit\u00e1rio<a href=\"https:\/\/web.whatsapp.com\/send?text=Prefeitura%20de%20S%C3%A3o%20Paulo%20envia%20projeto%20%C3%A0%20C%C3%A2mara%20em%20novo%20passo%20para%20privatiza%C3%A7%C3%A3o%20da%20Sabesp%20(SBSP3)%20https%3A%2F%2Finteligenciafinanceira.com.br%2Fmercado-financeiro%2Feconomia%2Fprefeitura-de-sao-paulo-envia-projeto-a-camara-em-novo-passo-para-privatizacao-da-sabesp-sbsp3%2F\" target=\"_blank\" rel=\"noreferrer noopener\"><\/a><a href=\"https:\/\/www.linkedin.com\/sharing\/share-offsite\/?url=https%3A%2F%2Finteligenciafinanceira.com.br%2Fmercado-financeiro%2Feconomia%2Fprefeitura-de-sao-paulo-envia-projeto-a-camara-em-novo-passo-para-privatizacao-da-sabesp-sbsp3%2F&amp;title=Prefeitura%20de%20S%C3%A3o%20Paulo%20envia%20projeto%20%C3%A0%20C%C3%A2mara%20em%20novo%20passo%20para%20privatiza%C3%A7%C3%A3o%20da%20Sabesp%20(SBSP3)\" target=\"_blank\" rel=\"noreferrer noopener\"><\/a><a href=\"https:\/\/t.me\/share\/url?url=https%3A%2F%2Finteligenciafinanceira.com.br%2Fmercado-financeiro%2Feconomia%2Fprefeitura-de-sao-paulo-envia-projeto-a-camara-em-novo-passo-para-privatizacao-da-sabesp-sbsp3%2F&amp;text=Prefeitura%20de%20S%C3%A3o%20Paulo%20envia%20projeto%20%C3%A0%20C%C3%A2mara%20em%20novo%20passo%20para%20privatiza%C3%A7%C3%A3o%20da%20Sabesp%20(SBSP3)\" target=\"_blank\" rel=\"noreferrer noopener\"><\/a><a href=\"https:\/\/twitter.com\/intent\/tweet?text=Prefeitura%20de%20S%C3%A3o%20Paulo%20envia%20projeto%20%C3%A0%20C%C3%A2mara%20em%20novo%20passo%20para%20privatiza%C3%A7%C3%A3o%20da%20Sabesp%20(SBSP3)&amp;url=https%3A%2F%2Finteligenciafinanceira.com.br%2Fmercado-financeiro%2Feconomia%2Fprefeitura-de-sao-paulo-envia-projeto-a-camara-em-novo-passo-para-privatizacao-da-sabesp-sbsp3%2F&amp;\" target=\"_blank\" rel=\"noreferrer noopener\"><\/a><a href=\"https:\/\/www.facebook.com\/sharer\/sharer.php?u=https%3A%2F%2Finteligenciafinanceira.com.br%2Fmercado-financeiro%2Feconomia%2Fprefeitura-de-sao-paulo-envia-projeto-a-camara-em-novo-passo-para-privatizacao-da-sabesp-sbsp3%2F\" target=\"_blank\" rel=\"noreferrer noopener\"><\/a><a href=\"mailto:?subject=Prefeitura%20de%20S%C3%A3o%20Paulo%20envia%20projeto%20%C3%A0%20C%C3%A2mara%20em%20novo%20passo%20para%20privatiza%C3%A7%C3%A3o%20da%20Sabesp%20(SBSP3)&amp;body=Veja%20mais%20em%20https%3A%2F%2Finteligenciafinanceira.com.br%2Fmercado-financeiro%2Feconomia%2Fprefeitura-de-sao-paulo-envia-projeto-a-camara-em-novo-passo-para-privatizacao-da-sabesp-sbsp3%2F\" target=\"_blank\" rel=\"noreferrer noopener\"><\/a><a href=\"https:\/\/inteligenciafinanceira.com.br\/mercado-financeiro\/economia\/prefeitura-de-sao-paulo-envia-projeto-a-camara-em-novo-passo-para-privatizacao-da-sabesp-sbsp3\/#copy_link\"><\/a><\/p>\n\n\n\n<figure class=\"wp-block-image\"><img decoding=\"async\" src=\"https:\/\/inteligenciafinanceira.com.br\/wp-content\/uploads\/2023\/05\/logo-sabesp-sbsp3.jpg?w=396\" alt=\"Prefeitura de S\u00e3o Paulo envia projeto \u00e0 C\u00e2mara em novo passo para privatiza\u00e7\u00e3o da Sabesp (SBSP3)\" \/><figcaption class=\"wp-element-caption\">Detalhe de site da Sabesp (SBSP3). Foto: Rafael Henrique\/ SOPA Images\/Reuters<\/figcaption><\/figure>\n\n\n\n<p>A Prefeitura de S\u00e3o Paulo enviou na ter\u00e7a-feira (19) \u00e0 C\u00e2mara Municipal o projeto de lei 163\/2024. A medida autoriza o Poder Executivo a firmar conv\u00eanios de servi\u00e7os de saneamento por meio de entidade de governan\u00e7a metropolitana ou Unidade Regional de \u00c1gua e Esgoto (Urae).<\/p>\n\n\n\n<p>Por outro lado, sugere a revoga\u00e7\u00e3o do texto que determina que esses servi\u00e7os s\u00f3 poderiam ser prestados pela\u00a0<a href=\"https:\/\/inteligenciafinanceira.com.br\/investimentos\/sabesp-sbsp3\/\" target=\"_blank\" rel=\"noreferrer noopener\">Sabesp (SBSP3)<\/a>. Essa mudan\u00e7a \u00e9 um dos pr\u00e9-requisitos para a desestatiza\u00e7\u00e3o da companhia de saneamento.<\/p>\n\n\n\n<p>O projeto prev\u00ea que o Executivo poder\u00e1 autorizar a substitui\u00e7\u00e3o do contrato vigente de presta\u00e7\u00e3o de servi\u00e7os de abastecimento de \u00e1gua e esgotamento sanit\u00e1rio, em contrato de concess\u00e3o, desde que demonstrada o benef\u00edcio da \u201csubstitui\u00e7\u00e3o para o munic\u00edpio\u201d.<\/p>\n\n\n\n<p>Caso a substitui\u00e7\u00e3o inclua altera\u00e7\u00e3o de prazo, dever\u00e1 ser assegurada uma contrapartida financeira ao munic\u00edpio ou a majora\u00e7\u00e3o do porcentual destinado ao Fundo Municipal de Saneamento Ambiental e Infraestrutura (FMSAI).<\/p>\n\n\n\n<p>Em caso de contrapartida financeira, os recursos ser\u00e3o destinados ao FMSAI e reservados unicamente para investimentos, proibido o uso para custeio.<\/p>\n\n\n\n<p>O projeto destaca tamb\u00e9m que os contratos e ajustes celebrados devem obrigatoriamente resguardar as prerrogativas e vantagens conferidas ao munic\u00edpio pelo contrato vigente de presta\u00e7\u00e3o de servi\u00e7os de abastecimento de \u00e1gua e esgotamento sanit\u00e1rio. Entre elas, a previs\u00e3o de universaliza\u00e7\u00e3o dos servi\u00e7os de \u00e1gua e esgoto at\u00e9 2029 e manuten\u00e7\u00e3o da tarifa social.<\/p>\n\n\n\n<p>Al\u00e9m disso, devem manter a destina\u00e7\u00e3o de, ao menos, 7,5% da receita bruta obtida a partir da explora\u00e7\u00e3o dos servi\u00e7os de abastecimento de \u00e1gua e esgotamento para o Fundo Municipal de Saneamento Ambiental e Infraestrutura (FMSAI).<\/p>\n\n\n\n<p>Enquanto isso, pelo menos 13% da receita devem ser usados para investir em a\u00e7\u00f5es de saneamento b\u00e1sico e ambiental de interesse do munic\u00edpio.<\/p>\n\n\n\n<p>\u201cA Sabesp e o munic\u00edpio pactuar\u00e3o o t\u00e9rmino do conv\u00eanio atualmente existente, pelo qual a Sabesp destina a totalidade dos valores a ela pagos pelo munic\u00edpio, descontados os tributos incidentes, \u00e0 realiza\u00e7\u00e3o de a\u00e7\u00f5es em saneamento b\u00e1sico e ambiental de interesse do munic\u00edpio\u201d, diz o projeto.<\/p>\n\n\n\n<h2 class=\"wp-block-heading\" id=\"h-privatizacao\">Privatiza\u00e7\u00e3o<\/h2>\n\n\n\n<p>Em relat\u00f3rio, o Ita\u00fa BBA destaca que este \u00e9 mais um passo necess\u00e1rio no processo de privatiza\u00e7\u00e3o da Sabesp, principalmente considerando a relev\u00e2ncia da cidade de S\u00e3o Paulo, que representa cerca de 45% do faturamento da empresa.<\/p>\n\n\n\n<p>\u201cNo geral, os principais pontos do projeto de lei vieram alinhados com as nossas expectativas\u201d, escrevem os analistas Marcelo S\u00e1, Fillipe Andrade, Luiza Candiota e Victor Cunha.<\/p>\n\n\n\n<p>J\u00e1 o Safra avalia que o projeto de lei evidencia que as negocia\u00e7\u00f5es com a cidade de S\u00e3o Paulo est\u00e3o progredindo bem, o que \u00e9 fundamental para o processo de privatiza\u00e7\u00e3o da Sabesp.<\/p>\n\n\n\n<p>Contudo, segundo o banco, a inclus\u00e3o de uma potencial compensa\u00e7\u00e3o financeira no caso de prorroga\u00e7\u00e3o do contrato seria equivalente a uma taxa de concess\u00e3o, e isso teria que ser considerado no&nbsp;<a href=\"https:\/\/inteligenciafinanceira.com.br\/glossario-financeiro\/valuation\/\">valuation <\/a>&nbsp;da companhia antes da privatiza\u00e7\u00e3o.<\/p>\n\n\n\n<p>Fonte:https:\/\/inteligenciafinanceira.com.br\/mercado-financeiro\/economia\/prefeitura-de-sao-paulo-envia-projeto-a-camara-em-novo-passo-para-privatizacao-da-sabesp-sbsp3\/<\/p>","protected":false},"excerpt":{"rendered":"<p>Projeto prev\u00ea que o Executivo poder\u00e1 autorizar a substitui\u00e7\u00e3o do contrato vigente de presta\u00e7\u00e3o de servi\u00e7os de abastecimento de \u00e1gua e esgotamento sanit\u00e1rio A Prefeitura de S\u00e3o Paulo enviou na ter\u00e7a-feira (19) \u00e0 C\u00e2mara Municipal o projeto de lei 163\/2024. A medida autoriza o Poder Executivo a firmar conv\u00eanios de servi\u00e7os de saneamento por meio [&hellip;]<\/p>\n","protected":false},"author":3,"featured_media":4835,"comment_status":"open","ping_status":"open","sticky":false,"template":"","format":"standard","meta":{"_joinchat":[],"footnotes":""},"categories":[1],"tags":[],"class_list":["post-4834","post","type-post","status-publish","format-standard","has-post-thumbnail","hentry","category-the-fortune-one"],"yoast_head":"<!-- This site is optimized with the Yoast SEO plugin v27.5 - https:\/\/yoast.com\/product\/yoast-seo-wordpress\/ -->\n<title>Prefeitura de S\u00e3o Paulo envia projeto \u00e0 C\u00e2mara em novo passo para privatiza\u00e7\u00e3o da Sabesp (SBSP3) - The Fortune.one<\/title>\n<meta name=\"description\" content=\"Somos especialistas em gest\u00e3o patrimonial, op\u00e7\u00f5es de investimentos para diversos perfis, nosso diferencial \u00e9 comprovado com resultados.\" \/>\n<meta name=\"robots\" content=\"index, follow, max-snippet:-1, max-image-preview:large, max-video-preview:-1\" \/>\n<link rel=\"canonical\" href=\"https:\/\/thefortune.one\/pt\/prefeitura-de-sao-paulo-envia-projeto-a-camara-em-novo-passo-para-privatizacao-da-sabesp-sbsp3\/\" \/>\n<meta property=\"og:locale\" content=\"pt_BR\" \/>\n<meta property=\"og:type\" content=\"article\" \/>\n<meta property=\"og:title\" content=\"Prefeitura de S\u00e3o Paulo envia projeto \u00e0 C\u00e2mara em novo passo para privatiza\u00e7\u00e3o da Sabesp (SBSP3) - The Fortune.one\" \/>\n<meta property=\"og:description\" content=\"Somos especialistas em gest\u00e3o patrimonial, op\u00e7\u00f5es de investimentos para diversos perfis, nosso diferencial \u00e9 comprovado com resultados.\" \/>\n<meta property=\"og:url\" content=\"https:\/\/thefortune.one\/pt\/prefeitura-de-sao-paulo-envia-projeto-a-camara-em-novo-passo-para-privatizacao-da-sabesp-sbsp3\/\" \/>\n<meta property=\"og:site_name\" content=\"The Fortune.one\" \/>\n<meta property=\"article:published_time\" content=\"2024-03-21T13:17:37+00:00\" \/>\n<meta property=\"og:image\" content=\"https:\/\/thefortune.one\/wp-content\/uploads\/2024\/03\/sabe.jpg\" \/>\n\t<meta property=\"og:image:width\" content=\"396\" \/>\n\t<meta property=\"og:image:height\" content=\"264\" \/>\n\t<meta property=\"og:image:type\" content=\"image\/jpeg\" \/>\n<meta name=\"author\" content=\"bianca\" \/>\n<meta name=\"twitter:card\" content=\"summary_large_image\" \/>\n<meta name=\"twitter:label1\" content=\"Escrito por\" \/>\n\t<meta name=\"twitter:data1\" content=\"bianca\" \/>\n\t<meta name=\"twitter:label2\" content=\"Est. tempo de leitura\" \/>\n\t<meta name=\"twitter:data2\" content=\"3 minutos\" \/>\n<script type=\"application\/ld+json\" class=\"yoast-schema-graph\">{\"@context\":\"https:\\\/\\\/schema.org\",\"@graph\":[{\"@type\":\"Article\",\"@id\":\"https:\\\/\\\/thefortune.one\\\/pt\\\/prefeitura-de-sao-paulo-envia-projeto-a-camara-em-novo-passo-para-privatizacao-da-sabesp-sbsp3\\\/#article\",\"isPartOf\":{\"@id\":\"https:\\\/\\\/thefortune.one\\\/pt\\\/prefeitura-de-sao-paulo-envia-projeto-a-camara-em-novo-passo-para-privatizacao-da-sabesp-sbsp3\\\/\"},\"author\":{\"name\":\"bianca\",\"@id\":\"https:\\\/\\\/thefortune.one\\\/pt\\\/#\\\/schema\\\/person\\\/6cd8fe72a627d36caabf41815984a16f\"},\"headline\":\"Prefeitura de S\u00e3o Paulo envia projeto \u00e0 C\u00e2mara em novo passo para privatiza\u00e7\u00e3o da Sabesp (SBSP3)\",\"datePublished\":\"2024-03-21T13:17:37+00:00\",\"mainEntityOfPage\":{\"@id\":\"https:\\\/\\\/thefortune.one\\\/pt\\\/prefeitura-de-sao-paulo-envia-projeto-a-camara-em-novo-passo-para-privatizacao-da-sabesp-sbsp3\\\/\"},\"wordCount\":580,\"commentCount\":0,\"publisher\":{\"@id\":\"https:\\\/\\\/thefortune.one\\\/pt\\\/#organization\"},\"image\":{\"@id\":\"https:\\\/\\\/thefortune.one\\\/pt\\\/prefeitura-de-sao-paulo-envia-projeto-a-camara-em-novo-passo-para-privatizacao-da-sabesp-sbsp3\\\/#primaryimage\"},\"thumbnailUrl\":\"https:\\\/\\\/thefortune.one\\\/wp-content\\\/uploads\\\/2024\\\/03\\\/sabe.jpg\",\"articleSection\":[\"The Fortune.one\"],\"inLanguage\":\"pt-BR\",\"potentialAction\":[{\"@type\":\"CommentAction\",\"name\":\"Comment\",\"target\":[\"https:\\\/\\\/thefortune.one\\\/pt\\\/prefeitura-de-sao-paulo-envia-projeto-a-camara-em-novo-passo-para-privatizacao-da-sabesp-sbsp3\\\/#respond\"]}]},{\"@type\":\"WebPage\",\"@id\":\"https:\\\/\\\/thefortune.one\\\/pt\\\/prefeitura-de-sao-paulo-envia-projeto-a-camara-em-novo-passo-para-privatizacao-da-sabesp-sbsp3\\\/\",\"url\":\"https:\\\/\\\/thefortune.one\\\/pt\\\/prefeitura-de-sao-paulo-envia-projeto-a-camara-em-novo-passo-para-privatizacao-da-sabesp-sbsp3\\\/\",\"name\":\"Prefeitura de S\u00e3o Paulo envia projeto \u00e0 C\u00e2mara em novo passo para privatiza\u00e7\u00e3o da Sabesp (SBSP3) - The Fortune.one\",\"isPartOf\":{\"@id\":\"https:\\\/\\\/thefortune.one\\\/pt\\\/#website\"},\"primaryImageOfPage\":{\"@id\":\"https:\\\/\\\/thefortune.one\\\/pt\\\/prefeitura-de-sao-paulo-envia-projeto-a-camara-em-novo-passo-para-privatizacao-da-sabesp-sbsp3\\\/#primaryimage\"},\"image\":{\"@id\":\"https:\\\/\\\/thefortune.one\\\/pt\\\/prefeitura-de-sao-paulo-envia-projeto-a-camara-em-novo-passo-para-privatizacao-da-sabesp-sbsp3\\\/#primaryimage\"},\"thumbnailUrl\":\"https:\\\/\\\/thefortune.one\\\/wp-content\\\/uploads\\\/2024\\\/03\\\/sabe.jpg\",\"datePublished\":\"2024-03-21T13:17:37+00:00\",\"description\":\"Somos especialistas em gest\u00e3o patrimonial, op\u00e7\u00f5es de investimentos para diversos perfis, nosso diferencial \u00e9 comprovado com resultados.\",\"breadcrumb\":{\"@id\":\"https:\\\/\\\/thefortune.one\\\/pt\\\/prefeitura-de-sao-paulo-envia-projeto-a-camara-em-novo-passo-para-privatizacao-da-sabesp-sbsp3\\\/#breadcrumb\"},\"inLanguage\":\"pt-BR\",\"potentialAction\":[{\"@type\":\"ReadAction\",\"target\":[\"https:\\\/\\\/thefortune.one\\\/pt\\\/prefeitura-de-sao-paulo-envia-projeto-a-camara-em-novo-passo-para-privatizacao-da-sabesp-sbsp3\\\/\"]}]},{\"@type\":\"ImageObject\",\"inLanguage\":\"pt-BR\",\"@id\":\"https:\\\/\\\/thefortune.one\\\/pt\\\/prefeitura-de-sao-paulo-envia-projeto-a-camara-em-novo-passo-para-privatizacao-da-sabesp-sbsp3\\\/#primaryimage\",\"url\":\"https:\\\/\\\/thefortune.one\\\/wp-content\\\/uploads\\\/2024\\\/03\\\/sabe.jpg\",\"contentUrl\":\"https:\\\/\\\/thefortune.one\\\/wp-content\\\/uploads\\\/2024\\\/03\\\/sabe.jpg\",\"width\":396,\"height\":264},{\"@type\":\"BreadcrumbList\",\"@id\":\"https:\\\/\\\/thefortune.one\\\/pt\\\/prefeitura-de-sao-paulo-envia-projeto-a-camara-em-novo-passo-para-privatizacao-da-sabesp-sbsp3\\\/#breadcrumb\",\"itemListElement\":[{\"@type\":\"ListItem\",\"position\":1,\"name\":\"In\u00edcio\",\"item\":\"https:\\\/\\\/thefortune.one\\\/pt\\\/\"},{\"@type\":\"ListItem\",\"position\":2,\"name\":\"Prefeitura de S\u00e3o Paulo envia projeto \u00e0 C\u00e2mara em novo passo para privatiza\u00e7\u00e3o da Sabesp (SBSP3)\"}]},{\"@type\":\"WebSite\",\"@id\":\"https:\\\/\\\/thefortune.one\\\/pt\\\/#website\",\"url\":\"https:\\\/\\\/thefortune.one\\\/pt\\\/\",\"name\":\"The Fortune.one\",\"description\":\"Gestora de Recursos Especializada em Private Equity\",\"publisher\":{\"@id\":\"https:\\\/\\\/thefortune.one\\\/pt\\\/#organization\"},\"potentialAction\":[{\"@type\":\"SearchAction\",\"target\":{\"@type\":\"EntryPoint\",\"urlTemplate\":\"https:\\\/\\\/thefortune.one\\\/pt\\\/?s={search_term_string}\"},\"query-input\":{\"@type\":\"PropertyValueSpecification\",\"valueRequired\":true,\"valueName\":\"search_term_string\"}}],\"inLanguage\":\"pt-BR\"},{\"@type\":\"Organization\",\"@id\":\"https:\\\/\\\/thefortune.one\\\/pt\\\/#organization\",\"name\":\"The Fortune One\",\"url\":\"https:\\\/\\\/thefortune.one\\\/pt\\\/\",\"logo\":{\"@type\":\"ImageObject\",\"inLanguage\":\"pt-BR\",\"@id\":\"https:\\\/\\\/thefortune.one\\\/pt\\\/#\\\/schema\\\/logo\\\/image\\\/\",\"url\":\"https:\\\/\\\/thefortune.one\\\/wp-content\\\/uploads\\\/2022\\\/11\\\/cropped-cropped-1651682701199-1.jpg\",\"contentUrl\":\"https:\\\/\\\/thefortune.one\\\/wp-content\\\/uploads\\\/2022\\\/11\\\/cropped-cropped-1651682701199-1.jpg\",\"width\":369,\"height\":421,\"caption\":\"The Fortune One\"},\"image\":{\"@id\":\"https:\\\/\\\/thefortune.one\\\/pt\\\/#\\\/schema\\\/logo\\\/image\\\/\"}},{\"@type\":\"Person\",\"@id\":\"https:\\\/\\\/thefortune.one\\\/pt\\\/#\\\/schema\\\/person\\\/6cd8fe72a627d36caabf41815984a16f\",\"name\":\"bianca\",\"image\":{\"@type\":\"ImageObject\",\"inLanguage\":\"pt-BR\",\"@id\":\"https:\\\/\\\/secure.gravatar.com\\\/avatar\\\/66cd7b00d93410555e00d1e6a911a86de0cd0cfa4f83a2f8b47eddc2968c98af?s=96&d=mm&r=g\",\"url\":\"https:\\\/\\\/secure.gravatar.com\\\/avatar\\\/66cd7b00d93410555e00d1e6a911a86de0cd0cfa4f83a2f8b47eddc2968c98af?s=96&d=mm&r=g\",\"contentUrl\":\"https:\\\/\\\/secure.gravatar.com\\\/avatar\\\/66cd7b00d93410555e00d1e6a911a86de0cd0cfa4f83a2f8b47eddc2968c98af?s=96&d=mm&r=g\",\"caption\":\"bianca\"},\"url\":\"https:\\\/\\\/thefortune.one\\\/pt\\\/author\\\/bianca\\\/\"}]}<\/script>\n<!-- \/ Yoast SEO plugin. -->","yoast_head_json":{"title":"Prefeitura de S\u00e3o Paulo envia projeto \u00e0 C\u00e2mara em novo passo para privatiza\u00e7\u00e3o da Sabesp (SBSP3) - The Fortune.one","description":"Somos especialistas em gest\u00e3o patrimonial, op\u00e7\u00f5es de investimentos para diversos perfis, nosso diferencial \u00e9 comprovado com resultados.","robots":{"index":"index","follow":"follow","max-snippet":"max-snippet:-1","max-image-preview":"max-image-preview:large","max-video-preview":"max-video-preview:-1"},"canonical":"https:\/\/thefortune.one\/pt\/prefeitura-de-sao-paulo-envia-projeto-a-camara-em-novo-passo-para-privatizacao-da-sabesp-sbsp3\/","og_locale":"pt_BR","og_type":"article","og_title":"Prefeitura de S\u00e3o Paulo envia projeto \u00e0 C\u00e2mara em novo passo para privatiza\u00e7\u00e3o da Sabesp (SBSP3) - The Fortune.one","og_description":"Somos especialistas em gest\u00e3o patrimonial, op\u00e7\u00f5es de investimentos para diversos perfis, nosso diferencial \u00e9 comprovado com resultados.","og_url":"https:\/\/thefortune.one\/pt\/prefeitura-de-sao-paulo-envia-projeto-a-camara-em-novo-passo-para-privatizacao-da-sabesp-sbsp3\/","og_site_name":"The Fortune.one","article_published_time":"2024-03-21T13:17:37+00:00","og_image":[{"width":396,"height":264,"url":"https:\/\/thefortune.one\/wp-content\/uploads\/2024\/03\/sabe.jpg","type":"image\/jpeg"}],"author":"bianca","twitter_card":"summary_large_image","twitter_misc":{"Escrito por":"bianca","Est. tempo de leitura":"3 minutos"},"schema":{"@context":"https:\/\/schema.org","@graph":[{"@type":"Article","@id":"https:\/\/thefortune.one\/pt\/prefeitura-de-sao-paulo-envia-projeto-a-camara-em-novo-passo-para-privatizacao-da-sabesp-sbsp3\/#article","isPartOf":{"@id":"https:\/\/thefortune.one\/pt\/prefeitura-de-sao-paulo-envia-projeto-a-camara-em-novo-passo-para-privatizacao-da-sabesp-sbsp3\/"},"author":{"name":"bianca","@id":"https:\/\/thefortune.one\/pt\/#\/schema\/person\/6cd8fe72a627d36caabf41815984a16f"},"headline":"Prefeitura de S\u00e3o Paulo envia projeto \u00e0 C\u00e2mara em novo passo para privatiza\u00e7\u00e3o da Sabesp (SBSP3)","datePublished":"2024-03-21T13:17:37+00:00","mainEntityOfPage":{"@id":"https:\/\/thefortune.one\/pt\/prefeitura-de-sao-paulo-envia-projeto-a-camara-em-novo-passo-para-privatizacao-da-sabesp-sbsp3\/"},"wordCount":580,"commentCount":0,"publisher":{"@id":"https:\/\/thefortune.one\/pt\/#organization"},"image":{"@id":"https:\/\/thefortune.one\/pt\/prefeitura-de-sao-paulo-envia-projeto-a-camara-em-novo-passo-para-privatizacao-da-sabesp-sbsp3\/#primaryimage"},"thumbnailUrl":"https:\/\/thefortune.one\/wp-content\/uploads\/2024\/03\/sabe.jpg","articleSection":["The Fortune.one"],"inLanguage":"pt-BR","potentialAction":[{"@type":"CommentAction","name":"Comment","target":["https:\/\/thefortune.one\/pt\/prefeitura-de-sao-paulo-envia-projeto-a-camara-em-novo-passo-para-privatizacao-da-sabesp-sbsp3\/#respond"]}]},{"@type":"WebPage","@id":"https:\/\/thefortune.one\/pt\/prefeitura-de-sao-paulo-envia-projeto-a-camara-em-novo-passo-para-privatizacao-da-sabesp-sbsp3\/","url":"https:\/\/thefortune.one\/pt\/prefeitura-de-sao-paulo-envia-projeto-a-camara-em-novo-passo-para-privatizacao-da-sabesp-sbsp3\/","name":"Prefeitura de S\u00e3o Paulo envia projeto \u00e0 C\u00e2mara em novo passo para privatiza\u00e7\u00e3o da Sabesp (SBSP3) - The Fortune.one","isPartOf":{"@id":"https:\/\/thefortune.one\/pt\/#website"},"primaryImageOfPage":{"@id":"https:\/\/thefortune.one\/pt\/prefeitura-de-sao-paulo-envia-projeto-a-camara-em-novo-passo-para-privatizacao-da-sabesp-sbsp3\/#primaryimage"},"image":{"@id":"https:\/\/thefortune.one\/pt\/prefeitura-de-sao-paulo-envia-projeto-a-camara-em-novo-passo-para-privatizacao-da-sabesp-sbsp3\/#primaryimage"},"thumbnailUrl":"https:\/\/thefortune.one\/wp-content\/uploads\/2024\/03\/sabe.jpg","datePublished":"2024-03-21T13:17:37+00:00","description":"Somos especialistas em gest\u00e3o patrimonial, op\u00e7\u00f5es de investimentos para diversos perfis, nosso diferencial \u00e9 comprovado com resultados.","breadcrumb":{"@id":"https:\/\/thefortune.one\/pt\/prefeitura-de-sao-paulo-envia-projeto-a-camara-em-novo-passo-para-privatizacao-da-sabesp-sbsp3\/#breadcrumb"},"inLanguage":"pt-BR","potentialAction":[{"@type":"ReadAction","target":["https:\/\/thefortune.one\/pt\/prefeitura-de-sao-paulo-envia-projeto-a-camara-em-novo-passo-para-privatizacao-da-sabesp-sbsp3\/"]}]},{"@type":"ImageObject","inLanguage":"pt-BR","@id":"https:\/\/thefortune.one\/pt\/prefeitura-de-sao-paulo-envia-projeto-a-camara-em-novo-passo-para-privatizacao-da-sabesp-sbsp3\/#primaryimage","url":"https:\/\/thefortune.one\/wp-content\/uploads\/2024\/03\/sabe.jpg","contentUrl":"https:\/\/thefortune.one\/wp-content\/uploads\/2024\/03\/sabe.jpg","width":396,"height":264},{"@type":"BreadcrumbList","@id":"https:\/\/thefortune.one\/pt\/prefeitura-de-sao-paulo-envia-projeto-a-camara-em-novo-passo-para-privatizacao-da-sabesp-sbsp3\/#breadcrumb","itemListElement":[{"@type":"ListItem","position":1,"name":"In\u00edcio","item":"https:\/\/thefortune.one\/pt\/"},{"@type":"ListItem","position":2,"name":"Prefeitura de S\u00e3o Paulo envia projeto \u00e0 C\u00e2mara em novo passo para privatiza\u00e7\u00e3o da Sabesp (SBSP3)"}]},{"@type":"WebSite","@id":"https:\/\/thefortune.one\/pt\/#website","url":"https:\/\/thefortune.one\/pt\/","name":"The Fortune.one","description":"Gestora de Recursos Especializada em Private Equity","publisher":{"@id":"https:\/\/thefortune.one\/pt\/#organization"},"potentialAction":[{"@type":"SearchAction","target":{"@type":"EntryPoint","urlTemplate":"https:\/\/thefortune.one\/pt\/?s={search_term_string}"},"query-input":{"@type":"PropertyValueSpecification","valueRequired":true,"valueName":"search_term_string"}}],"inLanguage":"pt-BR"},{"@type":"Organization","@id":"https:\/\/thefortune.one\/pt\/#organization","name":"The Fortune One","url":"https:\/\/thefortune.one\/pt\/","logo":{"@type":"ImageObject","inLanguage":"pt-BR","@id":"https:\/\/thefortune.one\/pt\/#\/schema\/logo\/image\/","url":"https:\/\/thefortune.one\/wp-content\/uploads\/2022\/11\/cropped-cropped-1651682701199-1.jpg","contentUrl":"https:\/\/thefortune.one\/wp-content\/uploads\/2022\/11\/cropped-cropped-1651682701199-1.jpg","width":369,"height":421,"caption":"The Fortune One"},"image":{"@id":"https:\/\/thefortune.one\/pt\/#\/schema\/logo\/image\/"}},{"@type":"Person","@id":"https:\/\/thefortune.one\/pt\/#\/schema\/person\/6cd8fe72a627d36caabf41815984a16f","name":"bianca","image":{"@type":"ImageObject","inLanguage":"pt-BR","@id":"https:\/\/secure.gravatar.com\/avatar\/66cd7b00d93410555e00d1e6a911a86de0cd0cfa4f83a2f8b47eddc2968c98af?s=96&d=mm&r=g","url":"https:\/\/secure.gravatar.com\/avatar\/66cd7b00d93410555e00d1e6a911a86de0cd0cfa4f83a2f8b47eddc2968c98af?s=96&d=mm&r=g","contentUrl":"https:\/\/secure.gravatar.com\/avatar\/66cd7b00d93410555e00d1e6a911a86de0cd0cfa4f83a2f8b47eddc2968c98af?s=96&d=mm&r=g","caption":"bianca"},"url":"https:\/\/thefortune.one\/pt\/author\/bianca\/"}]}},"_links":{"self":[{"href":"https:\/\/thefortune.one\/pt\/wp-json\/wp\/v2\/posts\/4834","targetHints":{"allow":["GET"]}}],"collection":[{"href":"https:\/\/thefortune.one\/pt\/wp-json\/wp\/v2\/posts"}],"about":[{"href":"https:\/\/thefortune.one\/pt\/wp-json\/wp\/v2\/types\/post"}],"author":[{"embeddable":true,"href":"https:\/\/thefortune.one\/pt\/wp-json\/wp\/v2\/users\/3"}],"replies":[{"embeddable":true,"href":"https:\/\/thefortune.one\/pt\/wp-json\/wp\/v2\/comments?post=4834"}],"version-history":[{"count":1,"href":"https:\/\/thefortune.one\/pt\/wp-json\/wp\/v2\/posts\/4834\/revisions"}],"predecessor-version":[{"id":4836,"href":"https:\/\/thefortune.one\/pt\/wp-json\/wp\/v2\/posts\/4834\/revisions\/4836"}],"wp:featuredmedia":[{"embeddable":true,"href":"https:\/\/thefortune.one\/pt\/wp-json\/wp\/v2\/media\/4835"}],"wp:attachment":[{"href":"https:\/\/thefortune.one\/pt\/wp-json\/wp\/v2\/media?parent=4834"}],"wp:term":[{"taxonomy":"category","embeddable":true,"href":"https:\/\/thefortune.one\/pt\/wp-json\/wp\/v2\/categories?post=4834"},{"taxonomy":"post_tag","embeddable":true,"href":"https:\/\/thefortune.one\/pt\/wp-json\/wp\/v2\/tags?post=4834"}],"curies":[{"name":"wp","href":"https:\/\/api.w.org\/{rel}","templated":true}]}}