{"id":4814,"date":"2024-03-15T12:50:37","date_gmt":"2024-03-15T12:50:37","guid":{"rendered":"https:\/\/thefortune.one\/?p=4814"},"modified":"2024-03-15T12:50:37","modified_gmt":"2024-03-15T12:50:37","slug":"lula-diz-que-discutira-com-integrantes-do-governo-mecanismos-para-baixar-preco-dos-alimentos","status":"publish","type":"post","link":"https:\/\/thefortune.one\/pt\/lula-diz-que-discutira-com-integrantes-do-governo-mecanismos-para-baixar-preco-dos-alimentos\/","title":{"rendered":"Lula diz que discutir\u00e1 com integrantes do governo mecanismos para baixar pre\u00e7o dos alimentos"},"content":{"rendered":"<p>As condi\u00e7\u00f5es clim\u00e1ticas desfavor\u00e1veis est\u00e3o por tr\u00e1s dos aumentos nos alimentos nessa virada de 2023 para 2024<a href=\"https:\/\/web.whatsapp.com\/send?text=Lula%20diz%20que%20discutir%C3%A1%20com%20integrantes%20do%20governo%20mecanismos%20para%20baixar%20pre%C3%A7o%20dos%20alimentos%20https%3A%2F%2Finteligenciafinanceira.com.br%2Fmercado-financeiro%2Feconomia%2Flula-mecanismos-baixar-preco-dos-alimentos%2F\" target=\"_blank\" rel=\"noreferrer noopener\"><\/a><a href=\"https:\/\/www.linkedin.com\/sharing\/share-offsite\/?url=https%3A%2F%2Finteligenciafinanceira.com.br%2Fmercado-financeiro%2Feconomia%2Flula-mecanismos-baixar-preco-dos-alimentos%2F&amp;title=Lula%20diz%20que%20discutir%C3%A1%20com%20integrantes%20do%20governo%20mecanismos%20para%20baixar%20pre%C3%A7o%20dos%20alimentos\" target=\"_blank\" rel=\"noreferrer noopener\"><\/a><a href=\"https:\/\/t.me\/share\/url?url=https%3A%2F%2Finteligenciafinanceira.com.br%2Fmercado-financeiro%2Feconomia%2Flula-mecanismos-baixar-preco-dos-alimentos%2F&amp;text=Lula%20diz%20que%20discutir%C3%A1%20com%20integrantes%20do%20governo%20mecanismos%20para%20baixar%20pre%C3%A7o%20dos%20alimentos\" target=\"_blank\" rel=\"noreferrer noopener\"><\/a><a href=\"https:\/\/twitter.com\/intent\/tweet?text=Lula%20diz%20que%20discutir%C3%A1%20com%20integrantes%20do%20governo%20mecanismos%20para%20baixar%20pre%C3%A7o%20dos%20alimentos&amp;url=https%3A%2F%2Finteligenciafinanceira.com.br%2Fmercado-financeiro%2Feconomia%2Flula-mecanismos-baixar-preco-dos-alimentos%2F&amp;\" target=\"_blank\" rel=\"noreferrer noopener\"><\/a><a href=\"https:\/\/www.facebook.com\/sharer\/sharer.php?u=https%3A%2F%2Finteligenciafinanceira.com.br%2Fmercado-financeiro%2Feconomia%2Flula-mecanismos-baixar-preco-dos-alimentos%2F\" target=\"_blank\" rel=\"noreferrer noopener\"><\/a><a href=\"mailto:?subject=Lula%20diz%20que%20discutir%C3%A1%20com%20integrantes%20do%20governo%20mecanismos%20para%20baixar%20pre%C3%A7o%20dos%20alimentos&amp;body=Veja%20mais%20em%20https%3A%2F%2Finteligenciafinanceira.com.br%2Fmercado-financeiro%2Feconomia%2Flula-mecanismos-baixar-preco-dos-alimentos%2F\" target=\"_blank\" rel=\"noreferrer noopener\"><\/a><a href=\"https:\/\/inteligenciafinanceira.com.br\/mercado-financeiro\/economia\/lula-mecanismos-baixar-preco-dos-alimentos\/#copy_link\"><\/a><\/p>\n\n\n\n<figure class=\"wp-block-image\"><img decoding=\"async\" src=\"https:\/\/inteligenciafinanceira.com.br\/wp-content\/uploads\/2024\/03\/presidente-lula.jpg?w=396\" alt=\"Lula diz que discutir\u00e1 com integrantes do governo mecanismos para baixar pre\u00e7o dos alimentos\" \/><figcaption class=\"wp-element-caption\">O presidente Lula durante evento em Minas Gerais. Foto: Ricardo Stuckert\/PR<\/figcaption><\/figure>\n\n\n\n<p>O presidente da Rep\u00fablica, Luiz In\u00e1cio Lula da Silva, afirmou que discutir\u00e1 com integrantes do governo mecanismos para a redu\u00e7\u00e3o do pre\u00e7o dos alimentos. Segundo o chefe do Executivo, a reuni\u00e3o ter\u00e1 como foco a produ\u00e7\u00e3o desses produtos.<\/p>\n\n\n\n<p>\u201cAgora pela manh\u00e3 vamos falar sobre a produ\u00e7\u00e3o de alimentos e o que faremos para baixar o pre\u00e7o desses produtos\u201d, publicou o presidente na rede social X, antigo Twitter, na manh\u00e3 desta quinta-feira (14).<\/p>\n\n\n\n<p>Participam do encontro desta quinta-feira, os ministros da Agricultura e Pecu\u00e1ria, Carlos F\u00e1varo, do Desenvolvimento Agr\u00e1rio e Agricultura Familiar, Paulo Teixeira, da Casa Civil, Rui Costa, e da Fazenda, Fernando Haddad. Tamb\u00e9m est\u00e3o na reuni\u00e3o o presidente da Companhia Nacional de Abastecimento (Conab), Edegar Pretto, e o secret\u00e1rio de Pol\u00edtica Agr\u00edcola do Minist\u00e9rio da Agricultura, Neri Geller.<\/p>\n\n\n\n<p>A reuni\u00e3o ocorre como continuidade de um encontro do chefe do Executivo no in\u00edcio da semana sobre o tema. Ap\u00f3s a agenda na segunda-feira (11), F\u00e1varo afirmou que Lula queria entender porque os alimentos tiveram alta em janeiro e fevereiro e quais medidas poderiam ser tomadas.<\/p>\n\n\n\n<p>A infla\u00e7\u00e3o do grupo Alimenta\u00e7\u00e3o e Bebidas saiu de um aumento de 1,38% em janeiro para alta de 0,95% em fevereiro&nbsp;<a href=\"https:\/\/inteligenciafinanceira.com.br\/mercado-financeiro\/ipca\/inflacao-ipca-hoje-fevereiro-2024\/\" target=\"_blank\" rel=\"noreferrer noopener\">dentro do \u00cdndice Nacional de Pre\u00e7os ao Consumidor Amplo (IPCA) divulgado no in\u00edcio da semana. O grupo contribuiu com 0,20 ponto porcentual para a taxa de 0,83% do IPCA do \u00faltimo m\u00eas.<\/a><\/p>\n\n\n\n<p>Na avalia\u00e7\u00e3o do gerente do Sistema Nacional de&nbsp;<a href=\"https:\/\/inteligenciafinanceira.com.br\/cotacao-do-dia\/\">\u00cdndices<\/a>&nbsp;de Pre\u00e7os do Instituto Brasileiro de Geografia e Estat\u00edstica (IBGE), Andr\u00e9 Almeida, as condi\u00e7\u00f5es clim\u00e1ticas desfavor\u00e1veis est\u00e3o por tr\u00e1s dos aumentos nos alimentos nessa virada de 2023 para 2024.<\/p>\n\n\n\n<h2 class=\"wp-block-heading\" id=\"h-industria-automotiva\">Ind\u00fastria automotiva<\/h2>\n\n\n\n<p>Ap\u00f3s o encontro com foco no agro, o presidente se re\u00fane \u00e0s 15 horas com executivos de montadoras. De acordo com a publica\u00e7\u00e3o do chefe do Executivo, a agenda ir\u00e1 tratar dos crescentes investimentos da ind\u00fastria automobil\u00edstica no Brasil em biocombust\u00edveis e carros el\u00e9tricos.<\/p>\n\n\n\n<p>Conforme mostrou o Broadcast (sistema de not\u00edcias em tempo real do Grupo Estado) na semana passada, a Associa\u00e7\u00e3o Nacional dos Fabricantes de Ve\u00edculos Automotores (Anfavea) prev\u00ea mais de R$ 100 bilh\u00f5es em investimentos at\u00e9 2029, no maior ciclo do setor na hist\u00f3ria.<\/p>\n\n\n\n<p>O governo j\u00e1 conta mais de R$ 95 bilh\u00f5es em investimentos de montadoras, incluindo planos j\u00e1 anunciados ou ampliados por fabricantes como Volkswagen, General Motors (GM), Stellantis e Hyundai.<\/p>\n\n\n\n<p>Os investimentos v\u00eam na esteira do programa federal de apoio \u00e0 ind\u00fastria automotiva, o Mover, que liberou R$ 19,3 bilh\u00f5es, at\u00e9 2028, para as montadoras lan\u00e7arem carros mais seguros e menos poluentes. Tamb\u00e9m seguem a prorroga\u00e7\u00e3o, por mais sete anos, dos incentivos regionais \u00e0 produ\u00e7\u00e3o de ve\u00edculos.<\/p>\n\n\n\n<p>Estar\u00e3o presentes no encontro com Lula desta quinta-feira o CEO da Volkswagen do Brasil, Ciro Possobom; o presidente da Toyota do Brasil, Evandro Maggio; o CEO e presidente da Scania para a Am\u00e9rica Latina, Christopher Podgorski; o presidente do Conselho da BYD Brasil, Alexandre Baldy; e o presidente da Stellantis para a Am\u00e9rica do Sul, Emanuele Capellano.<\/p>\n\n\n\n<p>Tamb\u00e9m participam o ex-presidente do&nbsp;<a href=\"https:\/\/inteligenciafinanceira.com.br\/glossario-financeiro\/bndes\/\">BNDES <\/a>&nbsp;e professor da Unicamp, Luciano Coutinho; o presidente da IndustriALL-Brasil e diretor-executivo do Sindicato dos Metal\u00fargicos do ABC, Aroaldo Oliveira; o diretor-presidente da Uni\u00e3o da Ind\u00fastria de Cana-de-A\u00e7\u00facar e Bioenergia (Unica), Evandro Gussi; o presidente da Bioenergia Brasil, M\u00e1rio Campos; e o conselheiro da Associa\u00e7\u00e3o Brasileira do Biog\u00e1s (ABiog\u00e1s) e diretor da Cocal, Carlos Ubiratan Garms.<\/p>\n\n\n\n<p>Fonte:https:\/\/inteligenciafinanceira.com.br\/mercado-financeiro\/economia\/lula-mecanismos-baixar-preco-dos-alimentos\/<\/p>","protected":false},"excerpt":{"rendered":"<p>As condi\u00e7\u00f5es clim\u00e1ticas desfavor\u00e1veis est\u00e3o por tr\u00e1s dos aumentos nos alimentos nessa virada de 2023 para 2024 O presidente da Rep\u00fablica, Luiz In\u00e1cio Lula da Silva, afirmou que discutir\u00e1 com integrantes do governo mecanismos para a redu\u00e7\u00e3o do pre\u00e7o dos alimentos. Segundo o chefe do Executivo, a reuni\u00e3o ter\u00e1 como foco a produ\u00e7\u00e3o desses produtos. [&hellip;]<\/p>\n","protected":false},"author":3,"featured_media":4815,"comment_status":"open","ping_status":"open","sticky":false,"template":"","format":"standard","meta":{"_joinchat":[],"footnotes":""},"categories":[1],"tags":[],"class_list":["post-4814","post","type-post","status-publish","format-standard","has-post-thumbnail","hentry","category-the-fortune-one"],"yoast_head":"<!-- This site is optimized with the Yoast SEO plugin v27.5 - https:\/\/yoast.com\/product\/yoast-seo-wordpress\/ -->\n<title>Lula diz que discutir\u00e1 com integrantes do governo mecanismos para baixar pre\u00e7o dos alimentos - The Fortune.one<\/title>\n<meta name=\"description\" content=\"Somos especialistas em gest\u00e3o patrimonial, op\u00e7\u00f5es de investimentos para diversos perfis, nosso diferencial \u00e9 comprovado com resultados.\" \/>\n<meta name=\"robots\" content=\"index, follow, max-snippet:-1, max-image-preview:large, max-video-preview:-1\" \/>\n<link rel=\"canonical\" href=\"https:\/\/thefortune.one\/pt\/lula-diz-que-discutira-com-integrantes-do-governo-mecanismos-para-baixar-preco-dos-alimentos\/\" \/>\n<meta property=\"og:locale\" content=\"pt_BR\" \/>\n<meta property=\"og:type\" content=\"article\" \/>\n<meta property=\"og:title\" content=\"Lula diz que discutir\u00e1 com integrantes do governo mecanismos para baixar pre\u00e7o dos alimentos - The Fortune.one\" \/>\n<meta property=\"og:description\" content=\"Somos especialistas em gest\u00e3o patrimonial, op\u00e7\u00f5es de investimentos para diversos perfis, nosso diferencial \u00e9 comprovado com resultados.\" \/>\n<meta property=\"og:url\" content=\"https:\/\/thefortune.one\/pt\/lula-diz-que-discutira-com-integrantes-do-governo-mecanismos-para-baixar-preco-dos-alimentos\/\" \/>\n<meta property=\"og:site_name\" content=\"The Fortune.one\" \/>\n<meta property=\"article:published_time\" content=\"2024-03-15T12:50:37+00:00\" \/>\n<meta property=\"og:image\" content=\"https:\/\/thefortune.one\/wp-content\/uploads\/2024\/03\/lu.jpg\" \/>\n\t<meta property=\"og:image:width\" content=\"396\" \/>\n\t<meta property=\"og:image:height\" content=\"256\" \/>\n\t<meta property=\"og:image:type\" content=\"image\/jpeg\" \/>\n<meta name=\"author\" content=\"bianca\" \/>\n<meta name=\"twitter:card\" content=\"summary_large_image\" \/>\n<meta name=\"twitter:label1\" content=\"Escrito por\" \/>\n\t<meta name=\"twitter:data1\" content=\"bianca\" \/>\n\t<meta name=\"twitter:label2\" content=\"Est. tempo de leitura\" \/>\n\t<meta name=\"twitter:data2\" content=\"3 minutos\" \/>\n<script type=\"application\/ld+json\" class=\"yoast-schema-graph\">{\"@context\":\"https:\\\/\\\/schema.org\",\"@graph\":[{\"@type\":\"Article\",\"@id\":\"https:\\\/\\\/thefortune.one\\\/pt\\\/lula-diz-que-discutira-com-integrantes-do-governo-mecanismos-para-baixar-preco-dos-alimentos\\\/#article\",\"isPartOf\":{\"@id\":\"https:\\\/\\\/thefortune.one\\\/pt\\\/lula-diz-que-discutira-com-integrantes-do-governo-mecanismos-para-baixar-preco-dos-alimentos\\\/\"},\"author\":{\"name\":\"bianca\",\"@id\":\"https:\\\/\\\/thefortune.one\\\/pt\\\/#\\\/schema\\\/person\\\/6cd8fe72a627d36caabf41815984a16f\"},\"headline\":\"Lula diz que discutir\u00e1 com integrantes do governo mecanismos para baixar pre\u00e7o dos alimentos\",\"datePublished\":\"2024-03-15T12:50:37+00:00\",\"mainEntityOfPage\":{\"@id\":\"https:\\\/\\\/thefortune.one\\\/pt\\\/lula-diz-que-discutira-com-integrantes-do-governo-mecanismos-para-baixar-preco-dos-alimentos\\\/\"},\"wordCount\":662,\"commentCount\":0,\"publisher\":{\"@id\":\"https:\\\/\\\/thefortune.one\\\/pt\\\/#organization\"},\"image\":{\"@id\":\"https:\\\/\\\/thefortune.one\\\/pt\\\/lula-diz-que-discutira-com-integrantes-do-governo-mecanismos-para-baixar-preco-dos-alimentos\\\/#primaryimage\"},\"thumbnailUrl\":\"https:\\\/\\\/thefortune.one\\\/wp-content\\\/uploads\\\/2024\\\/03\\\/lu.jpg\",\"articleSection\":[\"The Fortune.one\"],\"inLanguage\":\"pt-BR\",\"potentialAction\":[{\"@type\":\"CommentAction\",\"name\":\"Comment\",\"target\":[\"https:\\\/\\\/thefortune.one\\\/pt\\\/lula-diz-que-discutira-com-integrantes-do-governo-mecanismos-para-baixar-preco-dos-alimentos\\\/#respond\"]}]},{\"@type\":\"WebPage\",\"@id\":\"https:\\\/\\\/thefortune.one\\\/pt\\\/lula-diz-que-discutira-com-integrantes-do-governo-mecanismos-para-baixar-preco-dos-alimentos\\\/\",\"url\":\"https:\\\/\\\/thefortune.one\\\/pt\\\/lula-diz-que-discutira-com-integrantes-do-governo-mecanismos-para-baixar-preco-dos-alimentos\\\/\",\"name\":\"Lula diz que discutir\u00e1 com integrantes do governo mecanismos para baixar pre\u00e7o dos alimentos - The Fortune.one\",\"isPartOf\":{\"@id\":\"https:\\\/\\\/thefortune.one\\\/pt\\\/#website\"},\"primaryImageOfPage\":{\"@id\":\"https:\\\/\\\/thefortune.one\\\/pt\\\/lula-diz-que-discutira-com-integrantes-do-governo-mecanismos-para-baixar-preco-dos-alimentos\\\/#primaryimage\"},\"image\":{\"@id\":\"https:\\\/\\\/thefortune.one\\\/pt\\\/lula-diz-que-discutira-com-integrantes-do-governo-mecanismos-para-baixar-preco-dos-alimentos\\\/#primaryimage\"},\"thumbnailUrl\":\"https:\\\/\\\/thefortune.one\\\/wp-content\\\/uploads\\\/2024\\\/03\\\/lu.jpg\",\"datePublished\":\"2024-03-15T12:50:37+00:00\",\"description\":\"Somos especialistas em gest\u00e3o patrimonial, op\u00e7\u00f5es de investimentos para diversos perfis, nosso diferencial \u00e9 comprovado com resultados.\",\"breadcrumb\":{\"@id\":\"https:\\\/\\\/thefortune.one\\\/pt\\\/lula-diz-que-discutira-com-integrantes-do-governo-mecanismos-para-baixar-preco-dos-alimentos\\\/#breadcrumb\"},\"inLanguage\":\"pt-BR\",\"potentialAction\":[{\"@type\":\"ReadAction\",\"target\":[\"https:\\\/\\\/thefortune.one\\\/pt\\\/lula-diz-que-discutira-com-integrantes-do-governo-mecanismos-para-baixar-preco-dos-alimentos\\\/\"]}]},{\"@type\":\"ImageObject\",\"inLanguage\":\"pt-BR\",\"@id\":\"https:\\\/\\\/thefortune.one\\\/pt\\\/lula-diz-que-discutira-com-integrantes-do-governo-mecanismos-para-baixar-preco-dos-alimentos\\\/#primaryimage\",\"url\":\"https:\\\/\\\/thefortune.one\\\/wp-content\\\/uploads\\\/2024\\\/03\\\/lu.jpg\",\"contentUrl\":\"https:\\\/\\\/thefortune.one\\\/wp-content\\\/uploads\\\/2024\\\/03\\\/lu.jpg\",\"width\":396,\"height\":256},{\"@type\":\"BreadcrumbList\",\"@id\":\"https:\\\/\\\/thefortune.one\\\/pt\\\/lula-diz-que-discutira-com-integrantes-do-governo-mecanismos-para-baixar-preco-dos-alimentos\\\/#breadcrumb\",\"itemListElement\":[{\"@type\":\"ListItem\",\"position\":1,\"name\":\"In\u00edcio\",\"item\":\"https:\\\/\\\/thefortune.one\\\/pt\\\/\"},{\"@type\":\"ListItem\",\"position\":2,\"name\":\"Lula diz que discutir\u00e1 com integrantes do governo mecanismos para baixar pre\u00e7o dos alimentos\"}]},{\"@type\":\"WebSite\",\"@id\":\"https:\\\/\\\/thefortune.one\\\/pt\\\/#website\",\"url\":\"https:\\\/\\\/thefortune.one\\\/pt\\\/\",\"name\":\"The Fortune.one\",\"description\":\"Gestora de Recursos Especializada em Private Equity\",\"publisher\":{\"@id\":\"https:\\\/\\\/thefortune.one\\\/pt\\\/#organization\"},\"potentialAction\":[{\"@type\":\"SearchAction\",\"target\":{\"@type\":\"EntryPoint\",\"urlTemplate\":\"https:\\\/\\\/thefortune.one\\\/pt\\\/?s={search_term_string}\"},\"query-input\":{\"@type\":\"PropertyValueSpecification\",\"valueRequired\":true,\"valueName\":\"search_term_string\"}}],\"inLanguage\":\"pt-BR\"},{\"@type\":\"Organization\",\"@id\":\"https:\\\/\\\/thefortune.one\\\/pt\\\/#organization\",\"name\":\"The Fortune One\",\"url\":\"https:\\\/\\\/thefortune.one\\\/pt\\\/\",\"logo\":{\"@type\":\"ImageObject\",\"inLanguage\":\"pt-BR\",\"@id\":\"https:\\\/\\\/thefortune.one\\\/pt\\\/#\\\/schema\\\/logo\\\/image\\\/\",\"url\":\"https:\\\/\\\/thefortune.one\\\/wp-content\\\/uploads\\\/2022\\\/11\\\/cropped-cropped-1651682701199-1.jpg\",\"contentUrl\":\"https:\\\/\\\/thefortune.one\\\/wp-content\\\/uploads\\\/2022\\\/11\\\/cropped-cropped-1651682701199-1.jpg\",\"width\":369,\"height\":421,\"caption\":\"The Fortune One\"},\"image\":{\"@id\":\"https:\\\/\\\/thefortune.one\\\/pt\\\/#\\\/schema\\\/logo\\\/image\\\/\"}},{\"@type\":\"Person\",\"@id\":\"https:\\\/\\\/thefortune.one\\\/pt\\\/#\\\/schema\\\/person\\\/6cd8fe72a627d36caabf41815984a16f\",\"name\":\"bianca\",\"image\":{\"@type\":\"ImageObject\",\"inLanguage\":\"pt-BR\",\"@id\":\"https:\\\/\\\/secure.gravatar.com\\\/avatar\\\/66cd7b00d93410555e00d1e6a911a86de0cd0cfa4f83a2f8b47eddc2968c98af?s=96&d=mm&r=g\",\"url\":\"https:\\\/\\\/secure.gravatar.com\\\/avatar\\\/66cd7b00d93410555e00d1e6a911a86de0cd0cfa4f83a2f8b47eddc2968c98af?s=96&d=mm&r=g\",\"contentUrl\":\"https:\\\/\\\/secure.gravatar.com\\\/avatar\\\/66cd7b00d93410555e00d1e6a911a86de0cd0cfa4f83a2f8b47eddc2968c98af?s=96&d=mm&r=g\",\"caption\":\"bianca\"},\"url\":\"https:\\\/\\\/thefortune.one\\\/pt\\\/author\\\/bianca\\\/\"}]}<\/script>\n<!-- \/ Yoast SEO plugin. -->","yoast_head_json":{"title":"Lula diz que discutir\u00e1 com integrantes do governo mecanismos para baixar pre\u00e7o dos alimentos - The Fortune.one","description":"Somos especialistas em gest\u00e3o patrimonial, op\u00e7\u00f5es de investimentos para diversos perfis, nosso diferencial \u00e9 comprovado com resultados.","robots":{"index":"index","follow":"follow","max-snippet":"max-snippet:-1","max-image-preview":"max-image-preview:large","max-video-preview":"max-video-preview:-1"},"canonical":"https:\/\/thefortune.one\/pt\/lula-diz-que-discutira-com-integrantes-do-governo-mecanismos-para-baixar-preco-dos-alimentos\/","og_locale":"pt_BR","og_type":"article","og_title":"Lula diz que discutir\u00e1 com integrantes do governo mecanismos para baixar pre\u00e7o dos alimentos - The Fortune.one","og_description":"Somos especialistas em gest\u00e3o patrimonial, op\u00e7\u00f5es de investimentos para diversos perfis, nosso diferencial \u00e9 comprovado com resultados.","og_url":"https:\/\/thefortune.one\/pt\/lula-diz-que-discutira-com-integrantes-do-governo-mecanismos-para-baixar-preco-dos-alimentos\/","og_site_name":"The Fortune.one","article_published_time":"2024-03-15T12:50:37+00:00","og_image":[{"width":396,"height":256,"url":"https:\/\/thefortune.one\/wp-content\/uploads\/2024\/03\/lu.jpg","type":"image\/jpeg"}],"author":"bianca","twitter_card":"summary_large_image","twitter_misc":{"Escrito por":"bianca","Est. tempo de leitura":"3 minutos"},"schema":{"@context":"https:\/\/schema.org","@graph":[{"@type":"Article","@id":"https:\/\/thefortune.one\/pt\/lula-diz-que-discutira-com-integrantes-do-governo-mecanismos-para-baixar-preco-dos-alimentos\/#article","isPartOf":{"@id":"https:\/\/thefortune.one\/pt\/lula-diz-que-discutira-com-integrantes-do-governo-mecanismos-para-baixar-preco-dos-alimentos\/"},"author":{"name":"bianca","@id":"https:\/\/thefortune.one\/pt\/#\/schema\/person\/6cd8fe72a627d36caabf41815984a16f"},"headline":"Lula diz que discutir\u00e1 com integrantes do governo mecanismos para baixar pre\u00e7o dos alimentos","datePublished":"2024-03-15T12:50:37+00:00","mainEntityOfPage":{"@id":"https:\/\/thefortune.one\/pt\/lula-diz-que-discutira-com-integrantes-do-governo-mecanismos-para-baixar-preco-dos-alimentos\/"},"wordCount":662,"commentCount":0,"publisher":{"@id":"https:\/\/thefortune.one\/pt\/#organization"},"image":{"@id":"https:\/\/thefortune.one\/pt\/lula-diz-que-discutira-com-integrantes-do-governo-mecanismos-para-baixar-preco-dos-alimentos\/#primaryimage"},"thumbnailUrl":"https:\/\/thefortune.one\/wp-content\/uploads\/2024\/03\/lu.jpg","articleSection":["The Fortune.one"],"inLanguage":"pt-BR","potentialAction":[{"@type":"CommentAction","name":"Comment","target":["https:\/\/thefortune.one\/pt\/lula-diz-que-discutira-com-integrantes-do-governo-mecanismos-para-baixar-preco-dos-alimentos\/#respond"]}]},{"@type":"WebPage","@id":"https:\/\/thefortune.one\/pt\/lula-diz-que-discutira-com-integrantes-do-governo-mecanismos-para-baixar-preco-dos-alimentos\/","url":"https:\/\/thefortune.one\/pt\/lula-diz-que-discutira-com-integrantes-do-governo-mecanismos-para-baixar-preco-dos-alimentos\/","name":"Lula diz que discutir\u00e1 com integrantes do governo mecanismos para baixar pre\u00e7o dos alimentos - The Fortune.one","isPartOf":{"@id":"https:\/\/thefortune.one\/pt\/#website"},"primaryImageOfPage":{"@id":"https:\/\/thefortune.one\/pt\/lula-diz-que-discutira-com-integrantes-do-governo-mecanismos-para-baixar-preco-dos-alimentos\/#primaryimage"},"image":{"@id":"https:\/\/thefortune.one\/pt\/lula-diz-que-discutira-com-integrantes-do-governo-mecanismos-para-baixar-preco-dos-alimentos\/#primaryimage"},"thumbnailUrl":"https:\/\/thefortune.one\/wp-content\/uploads\/2024\/03\/lu.jpg","datePublished":"2024-03-15T12:50:37+00:00","description":"Somos especialistas em gest\u00e3o patrimonial, op\u00e7\u00f5es de investimentos para diversos perfis, nosso diferencial \u00e9 comprovado com resultados.","breadcrumb":{"@id":"https:\/\/thefortune.one\/pt\/lula-diz-que-discutira-com-integrantes-do-governo-mecanismos-para-baixar-preco-dos-alimentos\/#breadcrumb"},"inLanguage":"pt-BR","potentialAction":[{"@type":"ReadAction","target":["https:\/\/thefortune.one\/pt\/lula-diz-que-discutira-com-integrantes-do-governo-mecanismos-para-baixar-preco-dos-alimentos\/"]}]},{"@type":"ImageObject","inLanguage":"pt-BR","@id":"https:\/\/thefortune.one\/pt\/lula-diz-que-discutira-com-integrantes-do-governo-mecanismos-para-baixar-preco-dos-alimentos\/#primaryimage","url":"https:\/\/thefortune.one\/wp-content\/uploads\/2024\/03\/lu.jpg","contentUrl":"https:\/\/thefortune.one\/wp-content\/uploads\/2024\/03\/lu.jpg","width":396,"height":256},{"@type":"BreadcrumbList","@id":"https:\/\/thefortune.one\/pt\/lula-diz-que-discutira-com-integrantes-do-governo-mecanismos-para-baixar-preco-dos-alimentos\/#breadcrumb","itemListElement":[{"@type":"ListItem","position":1,"name":"In\u00edcio","item":"https:\/\/thefortune.one\/pt\/"},{"@type":"ListItem","position":2,"name":"Lula diz que discutir\u00e1 com integrantes do governo mecanismos para baixar pre\u00e7o dos alimentos"}]},{"@type":"WebSite","@id":"https:\/\/thefortune.one\/pt\/#website","url":"https:\/\/thefortune.one\/pt\/","name":"The Fortune.one","description":"Gestora de Recursos Especializada em Private Equity","publisher":{"@id":"https:\/\/thefortune.one\/pt\/#organization"},"potentialAction":[{"@type":"SearchAction","target":{"@type":"EntryPoint","urlTemplate":"https:\/\/thefortune.one\/pt\/?s={search_term_string}"},"query-input":{"@type":"PropertyValueSpecification","valueRequired":true,"valueName":"search_term_string"}}],"inLanguage":"pt-BR"},{"@type":"Organization","@id":"https:\/\/thefortune.one\/pt\/#organization","name":"The Fortune One","url":"https:\/\/thefortune.one\/pt\/","logo":{"@type":"ImageObject","inLanguage":"pt-BR","@id":"https:\/\/thefortune.one\/pt\/#\/schema\/logo\/image\/","url":"https:\/\/thefortune.one\/wp-content\/uploads\/2022\/11\/cropped-cropped-1651682701199-1.jpg","contentUrl":"https:\/\/thefortune.one\/wp-content\/uploads\/2022\/11\/cropped-cropped-1651682701199-1.jpg","width":369,"height":421,"caption":"The Fortune One"},"image":{"@id":"https:\/\/thefortune.one\/pt\/#\/schema\/logo\/image\/"}},{"@type":"Person","@id":"https:\/\/thefortune.one\/pt\/#\/schema\/person\/6cd8fe72a627d36caabf41815984a16f","name":"bianca","image":{"@type":"ImageObject","inLanguage":"pt-BR","@id":"https:\/\/secure.gravatar.com\/avatar\/66cd7b00d93410555e00d1e6a911a86de0cd0cfa4f83a2f8b47eddc2968c98af?s=96&d=mm&r=g","url":"https:\/\/secure.gravatar.com\/avatar\/66cd7b00d93410555e00d1e6a911a86de0cd0cfa4f83a2f8b47eddc2968c98af?s=96&d=mm&r=g","contentUrl":"https:\/\/secure.gravatar.com\/avatar\/66cd7b00d93410555e00d1e6a911a86de0cd0cfa4f83a2f8b47eddc2968c98af?s=96&d=mm&r=g","caption":"bianca"},"url":"https:\/\/thefortune.one\/pt\/author\/bianca\/"}]}},"_links":{"self":[{"href":"https:\/\/thefortune.one\/pt\/wp-json\/wp\/v2\/posts\/4814","targetHints":{"allow":["GET"]}}],"collection":[{"href":"https:\/\/thefortune.one\/pt\/wp-json\/wp\/v2\/posts"}],"about":[{"href":"https:\/\/thefortune.one\/pt\/wp-json\/wp\/v2\/types\/post"}],"author":[{"embeddable":true,"href":"https:\/\/thefortune.one\/pt\/wp-json\/wp\/v2\/users\/3"}],"replies":[{"embeddable":true,"href":"https:\/\/thefortune.one\/pt\/wp-json\/wp\/v2\/comments?post=4814"}],"version-history":[{"count":1,"href":"https:\/\/thefortune.one\/pt\/wp-json\/wp\/v2\/posts\/4814\/revisions"}],"predecessor-version":[{"id":4816,"href":"https:\/\/thefortune.one\/pt\/wp-json\/wp\/v2\/posts\/4814\/revisions\/4816"}],"wp:featuredmedia":[{"embeddable":true,"href":"https:\/\/thefortune.one\/pt\/wp-json\/wp\/v2\/media\/4815"}],"wp:attachment":[{"href":"https:\/\/thefortune.one\/pt\/wp-json\/wp\/v2\/media?parent=4814"}],"wp:term":[{"taxonomy":"category","embeddable":true,"href":"https:\/\/thefortune.one\/pt\/wp-json\/wp\/v2\/categories?post=4814"},{"taxonomy":"post_tag","embeddable":true,"href":"https:\/\/thefortune.one\/pt\/wp-json\/wp\/v2\/tags?post=4814"}],"curies":[{"name":"wp","href":"https:\/\/api.w.org\/{rel}","templated":true}]}}