{"id":4794,"date":"2024-03-12T13:20:02","date_gmt":"2024-03-12T13:20:02","guid":{"rendered":"https:\/\/thefortune.one\/?p=4794"},"modified":"2024-03-12T13:20:02","modified_gmt":"2024-03-12T13:20:02","slug":"balanca-comercial-tem-superavit-de-us-1522-bilhao-na-2a-semana-de-marco","status":"publish","type":"post","link":"https:\/\/thefortune.one\/pt\/balanca-comercial-tem-superavit-de-us-1522-bilhao-na-2a-semana-de-marco\/","title":{"rendered":"Balan\u00e7a comercial tem super\u00e1vit de US$ 1,522 bilh\u00e3o na 2\u00aa semana de mar\u00e7o"},"content":{"rendered":"<p>Valor foi alcan\u00e7ado com exporta\u00e7\u00f5es de US$ 6,910 bilh\u00f5es e importa\u00e7\u00f5es de US$ 5,388 bilh\u00f5es; no m\u00eas, o super\u00e1vit acumulado \u00e9 de US$ 2,104 bilh\u00f5es e no ano, de US$ 14,046 bilh\u00f5es<\/p>\n\n\n\n<figure class=\"wp-block-image size-full\"><img fetchpriority=\"high\" decoding=\"async\" width=\"860\" height=\"570\" src=\"https:\/\/thefortune.one\/wp-content\/uploads\/2024\/03\/image-2.png\" alt=\"\" class=\"wp-image-4795\" srcset=\"https:\/\/thefortune.one\/wp-content\/uploads\/2024\/03\/image-2.png 860w, https:\/\/thefortune.one\/wp-content\/uploads\/2024\/03\/image-2-300x199.png 300w, https:\/\/thefortune.one\/wp-content\/uploads\/2024\/03\/image-2-768x509.png 768w, https:\/\/thefortune.one\/wp-content\/uploads\/2024\/03\/image-2-18x12.png 18w\" sizes=\"(max-width: 860px) 100vw, 860px\" \/><\/figure>\n\n\n\n<p>A balan\u00e7a comercial brasileira registrou super\u00e1vit comercial de US$ 1,522 bilh\u00e3o na segunda semana de mar\u00e7o (dias 4 a 10). De acordo com dados da Secretaria de Com\u00e9rcio Exterior do Minist\u00e9rio do Desenvolvimento, Ind\u00fastria, Com\u00e9rcio e Servi\u00e7os (MDIC) divulgados nesta segunda-feira (11) o valor foi alcan\u00e7ado com exporta\u00e7\u00f5es de US$ 6,910 bilh\u00f5es e importa\u00e7\u00f5es de US$ 5,388 bilh\u00f5es.<\/p>\n\n\n\n<p>No m\u00eas, o super\u00e1vit acumulado \u00e9 de US$ 2,104 bilh\u00f5es e no ano, de US$ 14,046 bilh\u00f5es. Na primeira semana de mar\u00e7o (de 1\u00ba a 3), o saldo foi de US$ 581,4 milh\u00f5es.<\/p>\n\n\n\n<p>At\u00e9 a segunda semana do m\u00eas, a m\u00e9dia di\u00e1ria das exporta\u00e7\u00f5es registrou aumento de 0,9% na compara\u00e7\u00e3o com a m\u00e9dia di\u00e1ria do per\u00edodo em 2023, com queda de US$ 26,51 milh\u00f5es (-6,8%) em Agropecu\u00e1ria; recuo de US$ 9,94 milh\u00f5es (-2,7%) em Ind\u00fastria Extrativa e alta de US$ 49,26 milh\u00f5es (7,5%) em produtos da Ind\u00fastria de Transforma\u00e7\u00e3o.<\/p>\n\n\n\n<p>J\u00e1 as importa\u00e7\u00f5es igualmente tiveram crescimento, de 13,5% no per\u00edodo, tamb\u00e9m na compara\u00e7\u00e3o pela m\u00e9dia di\u00e1ria, com avan\u00e7o de US$ 6,43 milh\u00f5es (34,8%) em Agropecu\u00e1ria; alta de US$ 44,68 milh\u00f5es (71,8%) em Ind\u00fastria Extrativa e crescimento de US$ 77,4 milh\u00f5es (8,9%) em produtos da Ind\u00fastria de Transforma\u00e7\u00e3o.<\/p>\n\n\n\n<p>Fonte:https:\/\/www.infomoney.com.br\/economia\/balanca-comercial-tem-superavit-de-us-1522-bilhao-na-2a-semana-de-marco\/<\/p>","protected":false},"excerpt":{"rendered":"<p>Valor foi alcan\u00e7ado com exporta\u00e7\u00f5es de US$ 6,910 bilh\u00f5es e importa\u00e7\u00f5es de US$ 5,388 bilh\u00f5es; no m\u00eas, o super\u00e1vit acumulado \u00e9 de US$ 2,104 bilh\u00f5es e no ano, de US$ 14,046 bilh\u00f5es A balan\u00e7a comercial brasileira registrou super\u00e1vit comercial de US$ 1,522 bilh\u00e3o na segunda semana de mar\u00e7o (dias 4 a 10). De acordo com [&hellip;]<\/p>\n","protected":false},"author":3,"featured_media":4796,"comment_status":"open","ping_status":"open","sticky":false,"template":"","format":"standard","meta":{"_joinchat":[],"footnotes":""},"categories":[1],"tags":[],"class_list":["post-4794","post","type-post","status-publish","format-standard","has-post-thumbnail","hentry","category-the-fortune-one"],"yoast_head":"<!-- This site is optimized with the Yoast SEO plugin v27.5 - https:\/\/yoast.com\/product\/yoast-seo-wordpress\/ -->\n<title>Balan\u00e7a comercial tem super\u00e1vit de US$ 1,522 bilh\u00e3o na 2\u00aa semana de mar\u00e7o - The Fortune.one<\/title>\n<meta name=\"description\" content=\"Somos especialistas em gest\u00e3o patrimonial, op\u00e7\u00f5es de investimentos para diversos perfis, nosso diferencial \u00e9 comprovado com resultados.\" \/>\n<meta name=\"robots\" content=\"index, follow, max-snippet:-1, max-image-preview:large, max-video-preview:-1\" \/>\n<link rel=\"canonical\" href=\"https:\/\/thefortune.one\/pt\/balanca-comercial-tem-superavit-de-us-1522-bilhao-na-2a-semana-de-marco\/\" \/>\n<meta property=\"og:locale\" content=\"pt_BR\" \/>\n<meta property=\"og:type\" content=\"article\" \/>\n<meta property=\"og:title\" content=\"Balan\u00e7a comercial tem super\u00e1vit de US$ 1,522 bilh\u00e3o na 2\u00aa semana de mar\u00e7o - The Fortune.one\" \/>\n<meta property=\"og:description\" content=\"Somos especialistas em gest\u00e3o patrimonial, op\u00e7\u00f5es de investimentos para diversos perfis, nosso diferencial \u00e9 comprovado com resultados.\" \/>\n<meta property=\"og:url\" content=\"https:\/\/thefortune.one\/pt\/balanca-comercial-tem-superavit-de-us-1522-bilhao-na-2a-semana-de-marco\/\" \/>\n<meta property=\"og:site_name\" content=\"The Fortune.one\" \/>\n<meta property=\"article:published_time\" content=\"2024-03-12T13:20:02+00:00\" \/>\n<meta property=\"og:image\" content=\"https:\/\/thefortune.one\/wp-content\/uploads\/2024\/03\/barco.jpg\" \/>\n\t<meta property=\"og:image:width\" content=\"860\" \/>\n\t<meta property=\"og:image:height\" content=\"570\" \/>\n\t<meta property=\"og:image:type\" content=\"image\/jpeg\" \/>\n<meta name=\"author\" content=\"bianca\" \/>\n<meta name=\"twitter:card\" content=\"summary_large_image\" \/>\n<meta name=\"twitter:label1\" content=\"Escrito por\" \/>\n\t<meta name=\"twitter:data1\" content=\"bianca\" \/>\n\t<meta name=\"twitter:label2\" content=\"Est. tempo de leitura\" \/>\n\t<meta name=\"twitter:data2\" content=\"1 minuto\" \/>\n<script type=\"application\/ld+json\" class=\"yoast-schema-graph\">{\"@context\":\"https:\\\/\\\/schema.org\",\"@graph\":[{\"@type\":\"Article\",\"@id\":\"https:\\\/\\\/thefortune.one\\\/pt\\\/balanca-comercial-tem-superavit-de-us-1522-bilhao-na-2a-semana-de-marco\\\/#article\",\"isPartOf\":{\"@id\":\"https:\\\/\\\/thefortune.one\\\/pt\\\/balanca-comercial-tem-superavit-de-us-1522-bilhao-na-2a-semana-de-marco\\\/\"},\"author\":{\"name\":\"bianca\",\"@id\":\"https:\\\/\\\/thefortune.one\\\/pt\\\/#\\\/schema\\\/person\\\/6cd8fe72a627d36caabf41815984a16f\"},\"headline\":\"Balan\u00e7a comercial tem super\u00e1vit de US$ 1,522 bilh\u00e3o na 2\u00aa semana de mar\u00e7o\",\"datePublished\":\"2024-03-12T13:20:02+00:00\",\"mainEntityOfPage\":{\"@id\":\"https:\\\/\\\/thefortune.one\\\/pt\\\/balanca-comercial-tem-superavit-de-us-1522-bilhao-na-2a-semana-de-marco\\\/\"},\"wordCount\":279,\"commentCount\":0,\"publisher\":{\"@id\":\"https:\\\/\\\/thefortune.one\\\/pt\\\/#organization\"},\"image\":{\"@id\":\"https:\\\/\\\/thefortune.one\\\/pt\\\/balanca-comercial-tem-superavit-de-us-1522-bilhao-na-2a-semana-de-marco\\\/#primaryimage\"},\"thumbnailUrl\":\"https:\\\/\\\/thefortune.one\\\/wp-content\\\/uploads\\\/2024\\\/03\\\/barco.jpg\",\"articleSection\":[\"The Fortune.one\"],\"inLanguage\":\"pt-BR\",\"potentialAction\":[{\"@type\":\"CommentAction\",\"name\":\"Comment\",\"target\":[\"https:\\\/\\\/thefortune.one\\\/pt\\\/balanca-comercial-tem-superavit-de-us-1522-bilhao-na-2a-semana-de-marco\\\/#respond\"]}]},{\"@type\":\"WebPage\",\"@id\":\"https:\\\/\\\/thefortune.one\\\/pt\\\/balanca-comercial-tem-superavit-de-us-1522-bilhao-na-2a-semana-de-marco\\\/\",\"url\":\"https:\\\/\\\/thefortune.one\\\/pt\\\/balanca-comercial-tem-superavit-de-us-1522-bilhao-na-2a-semana-de-marco\\\/\",\"name\":\"Balan\u00e7a comercial tem super\u00e1vit de US$ 1,522 bilh\u00e3o na 2\u00aa semana de mar\u00e7o - The Fortune.one\",\"isPartOf\":{\"@id\":\"https:\\\/\\\/thefortune.one\\\/pt\\\/#website\"},\"primaryImageOfPage\":{\"@id\":\"https:\\\/\\\/thefortune.one\\\/pt\\\/balanca-comercial-tem-superavit-de-us-1522-bilhao-na-2a-semana-de-marco\\\/#primaryimage\"},\"image\":{\"@id\":\"https:\\\/\\\/thefortune.one\\\/pt\\\/balanca-comercial-tem-superavit-de-us-1522-bilhao-na-2a-semana-de-marco\\\/#primaryimage\"},\"thumbnailUrl\":\"https:\\\/\\\/thefortune.one\\\/wp-content\\\/uploads\\\/2024\\\/03\\\/barco.jpg\",\"datePublished\":\"2024-03-12T13:20:02+00:00\",\"description\":\"Somos especialistas em gest\u00e3o patrimonial, op\u00e7\u00f5es de investimentos para diversos perfis, nosso diferencial \u00e9 comprovado com resultados.\",\"breadcrumb\":{\"@id\":\"https:\\\/\\\/thefortune.one\\\/pt\\\/balanca-comercial-tem-superavit-de-us-1522-bilhao-na-2a-semana-de-marco\\\/#breadcrumb\"},\"inLanguage\":\"pt-BR\",\"potentialAction\":[{\"@type\":\"ReadAction\",\"target\":[\"https:\\\/\\\/thefortune.one\\\/pt\\\/balanca-comercial-tem-superavit-de-us-1522-bilhao-na-2a-semana-de-marco\\\/\"]}]},{\"@type\":\"ImageObject\",\"inLanguage\":\"pt-BR\",\"@id\":\"https:\\\/\\\/thefortune.one\\\/pt\\\/balanca-comercial-tem-superavit-de-us-1522-bilhao-na-2a-semana-de-marco\\\/#primaryimage\",\"url\":\"https:\\\/\\\/thefortune.one\\\/wp-content\\\/uploads\\\/2024\\\/03\\\/barco.jpg\",\"contentUrl\":\"https:\\\/\\\/thefortune.one\\\/wp-content\\\/uploads\\\/2024\\\/03\\\/barco.jpg\",\"width\":860,\"height\":570},{\"@type\":\"BreadcrumbList\",\"@id\":\"https:\\\/\\\/thefortune.one\\\/pt\\\/balanca-comercial-tem-superavit-de-us-1522-bilhao-na-2a-semana-de-marco\\\/#breadcrumb\",\"itemListElement\":[{\"@type\":\"ListItem\",\"position\":1,\"name\":\"In\u00edcio\",\"item\":\"https:\\\/\\\/thefortune.one\\\/pt\\\/\"},{\"@type\":\"ListItem\",\"position\":2,\"name\":\"Balan\u00e7a comercial tem super\u00e1vit de US$ 1,522 bilh\u00e3o na 2\u00aa semana de mar\u00e7o\"}]},{\"@type\":\"WebSite\",\"@id\":\"https:\\\/\\\/thefortune.one\\\/pt\\\/#website\",\"url\":\"https:\\\/\\\/thefortune.one\\\/pt\\\/\",\"name\":\"The Fortune.one\",\"description\":\"Gestora de Recursos Especializada em Private Equity\",\"publisher\":{\"@id\":\"https:\\\/\\\/thefortune.one\\\/pt\\\/#organization\"},\"potentialAction\":[{\"@type\":\"SearchAction\",\"target\":{\"@type\":\"EntryPoint\",\"urlTemplate\":\"https:\\\/\\\/thefortune.one\\\/pt\\\/?s={search_term_string}\"},\"query-input\":{\"@type\":\"PropertyValueSpecification\",\"valueRequired\":true,\"valueName\":\"search_term_string\"}}],\"inLanguage\":\"pt-BR\"},{\"@type\":\"Organization\",\"@id\":\"https:\\\/\\\/thefortune.one\\\/pt\\\/#organization\",\"name\":\"The Fortune One\",\"url\":\"https:\\\/\\\/thefortune.one\\\/pt\\\/\",\"logo\":{\"@type\":\"ImageObject\",\"inLanguage\":\"pt-BR\",\"@id\":\"https:\\\/\\\/thefortune.one\\\/pt\\\/#\\\/schema\\\/logo\\\/image\\\/\",\"url\":\"https:\\\/\\\/thefortune.one\\\/wp-content\\\/uploads\\\/2022\\\/11\\\/cropped-cropped-1651682701199-1.jpg\",\"contentUrl\":\"https:\\\/\\\/thefortune.one\\\/wp-content\\\/uploads\\\/2022\\\/11\\\/cropped-cropped-1651682701199-1.jpg\",\"width\":369,\"height\":421,\"caption\":\"The Fortune One\"},\"image\":{\"@id\":\"https:\\\/\\\/thefortune.one\\\/pt\\\/#\\\/schema\\\/logo\\\/image\\\/\"}},{\"@type\":\"Person\",\"@id\":\"https:\\\/\\\/thefortune.one\\\/pt\\\/#\\\/schema\\\/person\\\/6cd8fe72a627d36caabf41815984a16f\",\"name\":\"bianca\",\"image\":{\"@type\":\"ImageObject\",\"inLanguage\":\"pt-BR\",\"@id\":\"https:\\\/\\\/secure.gravatar.com\\\/avatar\\\/66cd7b00d93410555e00d1e6a911a86de0cd0cfa4f83a2f8b47eddc2968c98af?s=96&d=mm&r=g\",\"url\":\"https:\\\/\\\/secure.gravatar.com\\\/avatar\\\/66cd7b00d93410555e00d1e6a911a86de0cd0cfa4f83a2f8b47eddc2968c98af?s=96&d=mm&r=g\",\"contentUrl\":\"https:\\\/\\\/secure.gravatar.com\\\/avatar\\\/66cd7b00d93410555e00d1e6a911a86de0cd0cfa4f83a2f8b47eddc2968c98af?s=96&d=mm&r=g\",\"caption\":\"bianca\"},\"url\":\"https:\\\/\\\/thefortune.one\\\/pt\\\/author\\\/bianca\\\/\"}]}<\/script>\n<!-- \/ Yoast SEO plugin. -->","yoast_head_json":{"title":"Balan\u00e7a comercial tem super\u00e1vit de US$ 1,522 bilh\u00e3o na 2\u00aa semana de mar\u00e7o - The Fortune.one","description":"Somos especialistas em gest\u00e3o patrimonial, op\u00e7\u00f5es de investimentos para diversos perfis, nosso diferencial \u00e9 comprovado com resultados.","robots":{"index":"index","follow":"follow","max-snippet":"max-snippet:-1","max-image-preview":"max-image-preview:large","max-video-preview":"max-video-preview:-1"},"canonical":"https:\/\/thefortune.one\/pt\/balanca-comercial-tem-superavit-de-us-1522-bilhao-na-2a-semana-de-marco\/","og_locale":"pt_BR","og_type":"article","og_title":"Balan\u00e7a comercial tem super\u00e1vit de US$ 1,522 bilh\u00e3o na 2\u00aa semana de mar\u00e7o - The Fortune.one","og_description":"Somos especialistas em gest\u00e3o patrimonial, op\u00e7\u00f5es de investimentos para diversos perfis, nosso diferencial \u00e9 comprovado com resultados.","og_url":"https:\/\/thefortune.one\/pt\/balanca-comercial-tem-superavit-de-us-1522-bilhao-na-2a-semana-de-marco\/","og_site_name":"The Fortune.one","article_published_time":"2024-03-12T13:20:02+00:00","og_image":[{"width":860,"height":570,"url":"https:\/\/thefortune.one\/wp-content\/uploads\/2024\/03\/barco.jpg","type":"image\/jpeg"}],"author":"bianca","twitter_card":"summary_large_image","twitter_misc":{"Escrito por":"bianca","Est. tempo de leitura":"1 minuto"},"schema":{"@context":"https:\/\/schema.org","@graph":[{"@type":"Article","@id":"https:\/\/thefortune.one\/pt\/balanca-comercial-tem-superavit-de-us-1522-bilhao-na-2a-semana-de-marco\/#article","isPartOf":{"@id":"https:\/\/thefortune.one\/pt\/balanca-comercial-tem-superavit-de-us-1522-bilhao-na-2a-semana-de-marco\/"},"author":{"name":"bianca","@id":"https:\/\/thefortune.one\/pt\/#\/schema\/person\/6cd8fe72a627d36caabf41815984a16f"},"headline":"Balan\u00e7a comercial tem super\u00e1vit de US$ 1,522 bilh\u00e3o na 2\u00aa semana de mar\u00e7o","datePublished":"2024-03-12T13:20:02+00:00","mainEntityOfPage":{"@id":"https:\/\/thefortune.one\/pt\/balanca-comercial-tem-superavit-de-us-1522-bilhao-na-2a-semana-de-marco\/"},"wordCount":279,"commentCount":0,"publisher":{"@id":"https:\/\/thefortune.one\/pt\/#organization"},"image":{"@id":"https:\/\/thefortune.one\/pt\/balanca-comercial-tem-superavit-de-us-1522-bilhao-na-2a-semana-de-marco\/#primaryimage"},"thumbnailUrl":"https:\/\/thefortune.one\/wp-content\/uploads\/2024\/03\/barco.jpg","articleSection":["The Fortune.one"],"inLanguage":"pt-BR","potentialAction":[{"@type":"CommentAction","name":"Comment","target":["https:\/\/thefortune.one\/pt\/balanca-comercial-tem-superavit-de-us-1522-bilhao-na-2a-semana-de-marco\/#respond"]}]},{"@type":"WebPage","@id":"https:\/\/thefortune.one\/pt\/balanca-comercial-tem-superavit-de-us-1522-bilhao-na-2a-semana-de-marco\/","url":"https:\/\/thefortune.one\/pt\/balanca-comercial-tem-superavit-de-us-1522-bilhao-na-2a-semana-de-marco\/","name":"Balan\u00e7a comercial tem super\u00e1vit de US$ 1,522 bilh\u00e3o na 2\u00aa semana de mar\u00e7o - The Fortune.one","isPartOf":{"@id":"https:\/\/thefortune.one\/pt\/#website"},"primaryImageOfPage":{"@id":"https:\/\/thefortune.one\/pt\/balanca-comercial-tem-superavit-de-us-1522-bilhao-na-2a-semana-de-marco\/#primaryimage"},"image":{"@id":"https:\/\/thefortune.one\/pt\/balanca-comercial-tem-superavit-de-us-1522-bilhao-na-2a-semana-de-marco\/#primaryimage"},"thumbnailUrl":"https:\/\/thefortune.one\/wp-content\/uploads\/2024\/03\/barco.jpg","datePublished":"2024-03-12T13:20:02+00:00","description":"Somos especialistas em gest\u00e3o patrimonial, op\u00e7\u00f5es de investimentos para diversos perfis, nosso diferencial \u00e9 comprovado com resultados.","breadcrumb":{"@id":"https:\/\/thefortune.one\/pt\/balanca-comercial-tem-superavit-de-us-1522-bilhao-na-2a-semana-de-marco\/#breadcrumb"},"inLanguage":"pt-BR","potentialAction":[{"@type":"ReadAction","target":["https:\/\/thefortune.one\/pt\/balanca-comercial-tem-superavit-de-us-1522-bilhao-na-2a-semana-de-marco\/"]}]},{"@type":"ImageObject","inLanguage":"pt-BR","@id":"https:\/\/thefortune.one\/pt\/balanca-comercial-tem-superavit-de-us-1522-bilhao-na-2a-semana-de-marco\/#primaryimage","url":"https:\/\/thefortune.one\/wp-content\/uploads\/2024\/03\/barco.jpg","contentUrl":"https:\/\/thefortune.one\/wp-content\/uploads\/2024\/03\/barco.jpg","width":860,"height":570},{"@type":"BreadcrumbList","@id":"https:\/\/thefortune.one\/pt\/balanca-comercial-tem-superavit-de-us-1522-bilhao-na-2a-semana-de-marco\/#breadcrumb","itemListElement":[{"@type":"ListItem","position":1,"name":"In\u00edcio","item":"https:\/\/thefortune.one\/pt\/"},{"@type":"ListItem","position":2,"name":"Balan\u00e7a comercial tem super\u00e1vit de US$ 1,522 bilh\u00e3o na 2\u00aa semana de mar\u00e7o"}]},{"@type":"WebSite","@id":"https:\/\/thefortune.one\/pt\/#website","url":"https:\/\/thefortune.one\/pt\/","name":"The Fortune.one","description":"Gestora de Recursos Especializada em Private Equity","publisher":{"@id":"https:\/\/thefortune.one\/pt\/#organization"},"potentialAction":[{"@type":"SearchAction","target":{"@type":"EntryPoint","urlTemplate":"https:\/\/thefortune.one\/pt\/?s={search_term_string}"},"query-input":{"@type":"PropertyValueSpecification","valueRequired":true,"valueName":"search_term_string"}}],"inLanguage":"pt-BR"},{"@type":"Organization","@id":"https:\/\/thefortune.one\/pt\/#organization","name":"The Fortune One","url":"https:\/\/thefortune.one\/pt\/","logo":{"@type":"ImageObject","inLanguage":"pt-BR","@id":"https:\/\/thefortune.one\/pt\/#\/schema\/logo\/image\/","url":"https:\/\/thefortune.one\/wp-content\/uploads\/2022\/11\/cropped-cropped-1651682701199-1.jpg","contentUrl":"https:\/\/thefortune.one\/wp-content\/uploads\/2022\/11\/cropped-cropped-1651682701199-1.jpg","width":369,"height":421,"caption":"The Fortune One"},"image":{"@id":"https:\/\/thefortune.one\/pt\/#\/schema\/logo\/image\/"}},{"@type":"Person","@id":"https:\/\/thefortune.one\/pt\/#\/schema\/person\/6cd8fe72a627d36caabf41815984a16f","name":"bianca","image":{"@type":"ImageObject","inLanguage":"pt-BR","@id":"https:\/\/secure.gravatar.com\/avatar\/66cd7b00d93410555e00d1e6a911a86de0cd0cfa4f83a2f8b47eddc2968c98af?s=96&d=mm&r=g","url":"https:\/\/secure.gravatar.com\/avatar\/66cd7b00d93410555e00d1e6a911a86de0cd0cfa4f83a2f8b47eddc2968c98af?s=96&d=mm&r=g","contentUrl":"https:\/\/secure.gravatar.com\/avatar\/66cd7b00d93410555e00d1e6a911a86de0cd0cfa4f83a2f8b47eddc2968c98af?s=96&d=mm&r=g","caption":"bianca"},"url":"https:\/\/thefortune.one\/pt\/author\/bianca\/"}]}},"_links":{"self":[{"href":"https:\/\/thefortune.one\/pt\/wp-json\/wp\/v2\/posts\/4794","targetHints":{"allow":["GET"]}}],"collection":[{"href":"https:\/\/thefortune.one\/pt\/wp-json\/wp\/v2\/posts"}],"about":[{"href":"https:\/\/thefortune.one\/pt\/wp-json\/wp\/v2\/types\/post"}],"author":[{"embeddable":true,"href":"https:\/\/thefortune.one\/pt\/wp-json\/wp\/v2\/users\/3"}],"replies":[{"embeddable":true,"href":"https:\/\/thefortune.one\/pt\/wp-json\/wp\/v2\/comments?post=4794"}],"version-history":[{"count":1,"href":"https:\/\/thefortune.one\/pt\/wp-json\/wp\/v2\/posts\/4794\/revisions"}],"predecessor-version":[{"id":4797,"href":"https:\/\/thefortune.one\/pt\/wp-json\/wp\/v2\/posts\/4794\/revisions\/4797"}],"wp:featuredmedia":[{"embeddable":true,"href":"https:\/\/thefortune.one\/pt\/wp-json\/wp\/v2\/media\/4796"}],"wp:attachment":[{"href":"https:\/\/thefortune.one\/pt\/wp-json\/wp\/v2\/media?parent=4794"}],"wp:term":[{"taxonomy":"category","embeddable":true,"href":"https:\/\/thefortune.one\/pt\/wp-json\/wp\/v2\/categories?post=4794"},{"taxonomy":"post_tag","embeddable":true,"href":"https:\/\/thefortune.one\/pt\/wp-json\/wp\/v2\/tags?post=4794"}],"curies":[{"name":"wp","href":"https:\/\/api.w.org\/{rel}","templated":true}]}}