{"id":4791,"date":"2024-03-11T12:54:40","date_gmt":"2024-03-11T12:54:40","guid":{"rendered":"https:\/\/thefortune.one\/?p=4791"},"modified":"2024-03-11T12:54:40","modified_gmt":"2024-03-11T12:54:40","slug":"stf-valida-fim-de-isencao-fiscal-de-petroleo-na-zona-franca-de-manaus","status":"publish","type":"post","link":"https:\/\/thefortune.one\/pt\/stf-valida-fim-de-isencao-fiscal-de-petroleo-na-zona-franca-de-manaus\/","title":{"rendered":"STF valida fim de isen\u00e7\u00e3o fiscal de petr\u00f3leo na Zona Franca de Manaus"},"content":{"rendered":"<p>Prevaleceu o voto do relator, Lu\u00eds Roberto Barroso, que entende que bens do setor de petr\u00f3leo n\u00e3o est\u00e3o abrigados no campo dos incentivos fiscais tutelados pela Constitui\u00e7\u00e3o<a href=\"https:\/\/web.whatsapp.com\/send?text=STF%20valida%20fim%20de%20isen%C3%A7%C3%A3o%20fiscal%20de%20petr%C3%B3leo%20na%20Zona%20Franca%20de%20Manaus%20https%3A%2F%2Finteligenciafinanceira.com.br%2Fmercado-financeiro%2Feconomia%2Fstf-valida-fim-de-isencao-fiscal-de-petroleo-na-zona-franca-de-manaus%2F\" target=\"_blank\" rel=\"noreferrer noopener\"><\/a><a href=\"https:\/\/www.linkedin.com\/sharing\/share-offsite\/?url=https%3A%2F%2Finteligenciafinanceira.com.br%2Fmercado-financeiro%2Feconomia%2Fstf-valida-fim-de-isencao-fiscal-de-petroleo-na-zona-franca-de-manaus%2F&amp;title=STF%20valida%20fim%20de%20isen%C3%A7%C3%A3o%20fiscal%20de%20petr%C3%B3leo%20na%20Zona%20Franca%20de%20Manaus\" target=\"_blank\" rel=\"noreferrer noopener\"><\/a><a href=\"https:\/\/t.me\/share\/url?url=https%3A%2F%2Finteligenciafinanceira.com.br%2Fmercado-financeiro%2Feconomia%2Fstf-valida-fim-de-isencao-fiscal-de-petroleo-na-zona-franca-de-manaus%2F&amp;text=STF%20valida%20fim%20de%20isen%C3%A7%C3%A3o%20fiscal%20de%20petr%C3%B3leo%20na%20Zona%20Franca%20de%20Manaus\" target=\"_blank\" rel=\"noreferrer noopener\"><\/a><a href=\"https:\/\/twitter.com\/intent\/tweet?text=STF%20valida%20fim%20de%20isen%C3%A7%C3%A3o%20fiscal%20de%20petr%C3%B3leo%20na%20Zona%20Franca%20de%20Manaus&amp;url=https%3A%2F%2Finteligenciafinanceira.com.br%2Fmercado-financeiro%2Feconomia%2Fstf-valida-fim-de-isencao-fiscal-de-petroleo-na-zona-franca-de-manaus%2F&amp;\" target=\"_blank\" rel=\"noreferrer noopener\"><\/a><a href=\"https:\/\/www.facebook.com\/sharer\/sharer.php?u=https%3A%2F%2Finteligenciafinanceira.com.br%2Fmercado-financeiro%2Feconomia%2Fstf-valida-fim-de-isencao-fiscal-de-petroleo-na-zona-franca-de-manaus%2F\" target=\"_blank\" rel=\"noreferrer noopener\"><\/a><a href=\"mailto:?subject=STF%20valida%20fim%20de%20isen%C3%A7%C3%A3o%20fiscal%20de%20petr%C3%B3leo%20na%20Zona%20Franca%20de%20Manaus&amp;body=Veja%20mais%20em%20https%3A%2F%2Finteligenciafinanceira.com.br%2Fmercado-financeiro%2Feconomia%2Fstf-valida-fim-de-isencao-fiscal-de-petroleo-na-zona-franca-de-manaus%2F\" target=\"_blank\" rel=\"noreferrer noopener\"><\/a><a href=\"https:\/\/inteligenciafinanceira.com.br\/mercado-financeiro\/economia\/stf-valida-fim-de-isencao-fiscal-de-petroleo-na-zona-franca-de-manaus\/#copy_link\"><\/a><\/p>\n\n\n\n<figure class=\"wp-block-image is-resized\"><img decoding=\"async\" src=\"https:\/\/inteligenciafinanceira.com.br\/wp-content\/uploads\/2023\/10\/petroleo.jpg?w=396\" alt=\"STF valida fim de isen\u00e7\u00e3o fiscal de petr\u00f3leo na Zona Franca de Manaus\" style=\"width:629px;height:auto\" \/><\/figure>\n\n\n\n<p>O&nbsp;<a href=\"https:\/\/inteligenciafinanceira.com.br\/investimentos\/stf\/\" target=\"_blank\" rel=\"noreferrer noopener\">Supremo Tribunal Federal (STF)<\/a>&nbsp;formou maioria para validar a lei que exclui as opera\u00e7\u00f5es com petr\u00f3leo e derivados do regime fiscal da Zona Franca de Manaus. Com isso, ser\u00e1 mantida a incid\u00eancia do Imposto de Importa\u00e7\u00e3o e do Imposto sobre Produtos Industrializados (IPI) sobre essas opera\u00e7\u00f5es.<\/p>\n\n\n\n<p>O julgamento \u00e9 realizado no plen\u00e1rio virtual at\u00e9 a meia-noite desta sexta-feira, 8, e h\u00e1 sete dos 11 votos a favor da norma.<\/p>\n\n\n\n<p>A a\u00e7\u00e3o foi ajuizada pelo Cidadania, que alegou que a medida, prevista em lei de 2021, produzir\u00e1 \u201cefeitos devastadores\u201d para a ind\u00fastria do petr\u00f3leo na regi\u00e3o e para a pr\u00f3pria \u00e1rea de livre com\u00e9rcio. Segundo a legenda, a lei pode somente aumentar o n\u00edvel dos incentivos, nunca elimin\u00e1-los ou reduzi-los.<\/p>\n\n\n\n<p>A Constitui\u00e7\u00e3o garante a preserva\u00e7\u00e3o das caracter\u00edsticas \u201cde \u00e1rea livre de com\u00e9rcio, de exporta\u00e7\u00e3o e importa\u00e7\u00e3o, e de incentivos fiscais\u201d da Zona Franca de Manaus at\u00e9 2073.<\/p>\n\n\n\n<p>RECOMENDADO PARA VOC\u00ca<\/p>\n\n\n\n<ul class=\"wp-block-list\" id=\"R3recommendContainer\">\n<li><a href=\"https:\/\/inteligenciafinanceira.com.br\/financas\/financas-pessoais\/cnc-endividamento-e-inadimplencia-do-consumidor-brasileiro-caem-em-fevereiro\/\">CNC: endividamento e inadimpl\u00eancia do consumidor brasileiro caem em fevereiro<\/a><\/li>\n\n\n\n<li><a href=\"https:\/\/inteligenciafinanceira.com.br\/mercado-financeiro\/economia\/enquanto-organiza-a-casa-americanas-amer3-espera-alta-de-20-nas-vendas-da-pascoa-em-2024\/\">Enquanto organiza a casa, Americanas (AMER3) espera alta de 20% nas vendas da P\u00e1scoa em 2024<\/a><\/li>\n\n\n\n<li><a href=\"https:\/\/inteligenciafinanceira.com.br\/mercado-financeiro\/negocios\/conselho-da-vale-vale3-decide-trocar-ceo-no-final-do-ano-em-vitoria-parcial-para-o-governo\/\">Conselho da Vale (VALE3) decide trocar CEO no final do ano, em vit\u00f3ria parcial para o governo<\/a><\/li>\n<\/ul>\n\n\n\n<p>Prevaleceu o voto do relator, Lu\u00eds Roberto Barroso. Ele entende que os bens do setor de petr\u00f3leo n\u00e3o est\u00e3o abrigados no campo dos incentivos fiscais tutelados pela Constitui\u00e7\u00e3o.<\/p>\n\n\n\n<p>Isso porque a reda\u00e7\u00e3o original do decreto-lei de 1967, que regula a Zona Franca de Manaus e foi alterado pela lei de 2021, j\u00e1 exclu\u00eda as opera\u00e7\u00f5es com petr\u00f3leo e derivados do regime fiscal. Assim, a lei s\u00f3 teria explicitado a exclus\u00e3o e n\u00e3o teria causado a redu\u00e7\u00e3o de nenhum benef\u00edcio fiscal.<\/p>\n\n\n\n<p>\u201cA norma questionada reproduziu o mesmo teor das exce\u00e7\u00f5es ao tratamento fiscal favorecido naquela regi\u00e3o, em vigor desde 1967, em rela\u00e7\u00e3o \u00e0s exporta\u00e7\u00f5es ou reexporta\u00e7\u00f5es, \u00e0s importa\u00e7\u00f5es e \u00e0s opera\u00e7\u00f5es realizadas com petr\u00f3leo e derivados, com vistas a neutralizar poss\u00edvel assimetria tribut\u00e1ria na importa\u00e7\u00e3o de combust\u00edveis\u201d, afirmou Barroso em seu voto.<\/p>\n\n\n\n<h2 class=\"wp-block-heading\" id=\"h-divergencia\">Diverg\u00eancia<\/h2>\n\n\n\n<p>Para o ministro Dias Toffoli, a exce\u00e7\u00e3o prevista no decreto-lei de 1967 dizia respeito somente aos lubrificantes e combust\u00edveis l\u00edquidos e gasosos de petr\u00f3leo.<\/p>\n\n\n\n<p>\u201cOu seja, ele n\u00e3o citava o bem \u2018petr\u00f3leo\u2019 isoladamente considerado (o qual n\u00e3o se confunde com os produtos dele derivados)\u201d, afirmou o ministro, que foi vencido no julgamento. Ele foi seguido pelo ministro Luiz Fux e, em parte, pelo ministro K\u00e1ssio Nunes Marques.<\/p>\n\n\n\n<p>\u201cComo o item \u2018petr\u00f3leo\u2019 n\u00e3o estava excepcionado pela reda\u00e7\u00e3o original, era ele sim alcan\u00e7ado pelos incentivos fiscais estabelecidos para a Zona Franca de Manaus. N\u00e3o poderia, portanto, o legislador, por meio da lei ora questionada (Lei n\u00ba 14.183\/21) revogar a aplica\u00e7\u00e3o desses incentivos em favor das opera\u00e7\u00f5es com petr\u00f3leo\u201d, argumentou Toffoli.<\/p>\n\n\n\n<p>Al\u00e9m disso, alegou o ministro, no momento em que a Constitui\u00e7\u00e3o foi promulgada, em 1988, j\u00e1 existiam leis que favoreciam as opera\u00e7\u00f5es com petr\u00f3leo e derivados. Por isso, o benef\u00edcio n\u00e3o poderia ser exclu\u00eddo por lei ordin\u00e1ria.<\/p>\n\n\n\n<p>Fonte:https:\/\/inteligenciafinanceira.com.br\/mercado-financeiro\/economia\/stf-valida-fim-de-isencao-fiscal-de-petroleo-na-zona-franca-de-manaus\/<\/p>","protected":false},"excerpt":{"rendered":"<p>Prevaleceu o voto do relator, Lu\u00eds Roberto Barroso, que entende que bens do setor de petr\u00f3leo n\u00e3o est\u00e3o abrigados no campo dos incentivos fiscais tutelados pela Constitui\u00e7\u00e3o O&nbsp;Supremo Tribunal Federal (STF)&nbsp;formou maioria para validar a lei que exclui as opera\u00e7\u00f5es com petr\u00f3leo e derivados do regime fiscal da Zona Franca de Manaus. Com isso, ser\u00e1 [&hellip;]<\/p>\n","protected":false},"author":3,"featured_media":4792,"comment_status":"open","ping_status":"open","sticky":false,"template":"","format":"standard","meta":{"_joinchat":[],"footnotes":""},"categories":[1],"tags":[],"class_list":["post-4791","post","type-post","status-publish","format-standard","has-post-thumbnail","hentry","category-the-fortune-one"],"yoast_head":"<!-- This site is optimized with the Yoast SEO plugin v27.5 - https:\/\/yoast.com\/product\/yoast-seo-wordpress\/ -->\n<title>STF valida fim de isen\u00e7\u00e3o fiscal de petr\u00f3leo na Zona Franca de Manaus - The Fortune.one<\/title>\n<meta name=\"description\" content=\"Somos especialistas em gest\u00e3o patrimonial, op\u00e7\u00f5es de investimentos para diversos perfis, nosso diferencial \u00e9 comprovado com resultados.\" \/>\n<meta name=\"robots\" content=\"index, follow, max-snippet:-1, max-image-preview:large, max-video-preview:-1\" \/>\n<link rel=\"canonical\" href=\"https:\/\/thefortune.one\/pt\/stf-valida-fim-de-isencao-fiscal-de-petroleo-na-zona-franca-de-manaus\/\" \/>\n<meta property=\"og:locale\" content=\"pt_BR\" \/>\n<meta property=\"og:type\" content=\"article\" \/>\n<meta property=\"og:title\" content=\"STF valida fim de isen\u00e7\u00e3o fiscal de petr\u00f3leo na Zona Franca de Manaus - The Fortune.one\" \/>\n<meta property=\"og:description\" content=\"Somos especialistas em gest\u00e3o patrimonial, op\u00e7\u00f5es de investimentos para diversos perfis, nosso diferencial \u00e9 comprovado com resultados.\" \/>\n<meta property=\"og:url\" content=\"https:\/\/thefortune.one\/pt\/stf-valida-fim-de-isencao-fiscal-de-petroleo-na-zona-franca-de-manaus\/\" \/>\n<meta property=\"og:site_name\" content=\"The Fortune.one\" \/>\n<meta property=\"article:published_time\" content=\"2024-03-11T12:54:40+00:00\" \/>\n<meta property=\"og:image\" content=\"https:\/\/thefortune.one\/wp-content\/uploads\/2024\/03\/st.jpg\" \/>\n\t<meta property=\"og:image:width\" content=\"396\" \/>\n\t<meta property=\"og:image:height\" content=\"294\" \/>\n\t<meta property=\"og:image:type\" content=\"image\/jpeg\" \/>\n<meta name=\"author\" content=\"bianca\" \/>\n<meta name=\"twitter:card\" content=\"summary_large_image\" \/>\n<meta name=\"twitter:label1\" content=\"Escrito por\" \/>\n\t<meta name=\"twitter:data1\" content=\"bianca\" \/>\n\t<meta name=\"twitter:label2\" content=\"Est. tempo de leitura\" \/>\n\t<meta name=\"twitter:data2\" content=\"3 minutos\" \/>\n<script type=\"application\/ld+json\" class=\"yoast-schema-graph\">{\"@context\":\"https:\\\/\\\/schema.org\",\"@graph\":[{\"@type\":\"Article\",\"@id\":\"https:\\\/\\\/thefortune.one\\\/pt\\\/stf-valida-fim-de-isencao-fiscal-de-petroleo-na-zona-franca-de-manaus\\\/#article\",\"isPartOf\":{\"@id\":\"https:\\\/\\\/thefortune.one\\\/pt\\\/stf-valida-fim-de-isencao-fiscal-de-petroleo-na-zona-franca-de-manaus\\\/\"},\"author\":{\"name\":\"bianca\",\"@id\":\"https:\\\/\\\/thefortune.one\\\/pt\\\/#\\\/schema\\\/person\\\/6cd8fe72a627d36caabf41815984a16f\"},\"headline\":\"STF valida fim de isen\u00e7\u00e3o fiscal de petr\u00f3leo na Zona Franca de Manaus\",\"datePublished\":\"2024-03-11T12:54:40+00:00\",\"mainEntityOfPage\":{\"@id\":\"https:\\\/\\\/thefortune.one\\\/pt\\\/stf-valida-fim-de-isencao-fiscal-de-petroleo-na-zona-franca-de-manaus\\\/\"},\"wordCount\":597,\"commentCount\":0,\"publisher\":{\"@id\":\"https:\\\/\\\/thefortune.one\\\/pt\\\/#organization\"},\"image\":{\"@id\":\"https:\\\/\\\/thefortune.one\\\/pt\\\/stf-valida-fim-de-isencao-fiscal-de-petroleo-na-zona-franca-de-manaus\\\/#primaryimage\"},\"thumbnailUrl\":\"https:\\\/\\\/thefortune.one\\\/wp-content\\\/uploads\\\/2024\\\/03\\\/st.jpg\",\"articleSection\":[\"The Fortune.one\"],\"inLanguage\":\"pt-BR\",\"potentialAction\":[{\"@type\":\"CommentAction\",\"name\":\"Comment\",\"target\":[\"https:\\\/\\\/thefortune.one\\\/pt\\\/stf-valida-fim-de-isencao-fiscal-de-petroleo-na-zona-franca-de-manaus\\\/#respond\"]}]},{\"@type\":\"WebPage\",\"@id\":\"https:\\\/\\\/thefortune.one\\\/pt\\\/stf-valida-fim-de-isencao-fiscal-de-petroleo-na-zona-franca-de-manaus\\\/\",\"url\":\"https:\\\/\\\/thefortune.one\\\/pt\\\/stf-valida-fim-de-isencao-fiscal-de-petroleo-na-zona-franca-de-manaus\\\/\",\"name\":\"STF valida fim de isen\u00e7\u00e3o fiscal de petr\u00f3leo na Zona Franca de Manaus - The Fortune.one\",\"isPartOf\":{\"@id\":\"https:\\\/\\\/thefortune.one\\\/pt\\\/#website\"},\"primaryImageOfPage\":{\"@id\":\"https:\\\/\\\/thefortune.one\\\/pt\\\/stf-valida-fim-de-isencao-fiscal-de-petroleo-na-zona-franca-de-manaus\\\/#primaryimage\"},\"image\":{\"@id\":\"https:\\\/\\\/thefortune.one\\\/pt\\\/stf-valida-fim-de-isencao-fiscal-de-petroleo-na-zona-franca-de-manaus\\\/#primaryimage\"},\"thumbnailUrl\":\"https:\\\/\\\/thefortune.one\\\/wp-content\\\/uploads\\\/2024\\\/03\\\/st.jpg\",\"datePublished\":\"2024-03-11T12:54:40+00:00\",\"description\":\"Somos especialistas em gest\u00e3o patrimonial, op\u00e7\u00f5es de investimentos para diversos perfis, nosso diferencial \u00e9 comprovado com resultados.\",\"breadcrumb\":{\"@id\":\"https:\\\/\\\/thefortune.one\\\/pt\\\/stf-valida-fim-de-isencao-fiscal-de-petroleo-na-zona-franca-de-manaus\\\/#breadcrumb\"},\"inLanguage\":\"pt-BR\",\"potentialAction\":[{\"@type\":\"ReadAction\",\"target\":[\"https:\\\/\\\/thefortune.one\\\/pt\\\/stf-valida-fim-de-isencao-fiscal-de-petroleo-na-zona-franca-de-manaus\\\/\"]}]},{\"@type\":\"ImageObject\",\"inLanguage\":\"pt-BR\",\"@id\":\"https:\\\/\\\/thefortune.one\\\/pt\\\/stf-valida-fim-de-isencao-fiscal-de-petroleo-na-zona-franca-de-manaus\\\/#primaryimage\",\"url\":\"https:\\\/\\\/thefortune.one\\\/wp-content\\\/uploads\\\/2024\\\/03\\\/st.jpg\",\"contentUrl\":\"https:\\\/\\\/thefortune.one\\\/wp-content\\\/uploads\\\/2024\\\/03\\\/st.jpg\",\"width\":396,\"height\":294},{\"@type\":\"BreadcrumbList\",\"@id\":\"https:\\\/\\\/thefortune.one\\\/pt\\\/stf-valida-fim-de-isencao-fiscal-de-petroleo-na-zona-franca-de-manaus\\\/#breadcrumb\",\"itemListElement\":[{\"@type\":\"ListItem\",\"position\":1,\"name\":\"In\u00edcio\",\"item\":\"https:\\\/\\\/thefortune.one\\\/pt\\\/\"},{\"@type\":\"ListItem\",\"position\":2,\"name\":\"STF valida fim de isen\u00e7\u00e3o fiscal de petr\u00f3leo na Zona Franca de Manaus\"}]},{\"@type\":\"WebSite\",\"@id\":\"https:\\\/\\\/thefortune.one\\\/pt\\\/#website\",\"url\":\"https:\\\/\\\/thefortune.one\\\/pt\\\/\",\"name\":\"The Fortune.one\",\"description\":\"Gestora de Recursos Especializada em Private Equity\",\"publisher\":{\"@id\":\"https:\\\/\\\/thefortune.one\\\/pt\\\/#organization\"},\"potentialAction\":[{\"@type\":\"SearchAction\",\"target\":{\"@type\":\"EntryPoint\",\"urlTemplate\":\"https:\\\/\\\/thefortune.one\\\/pt\\\/?s={search_term_string}\"},\"query-input\":{\"@type\":\"PropertyValueSpecification\",\"valueRequired\":true,\"valueName\":\"search_term_string\"}}],\"inLanguage\":\"pt-BR\"},{\"@type\":\"Organization\",\"@id\":\"https:\\\/\\\/thefortune.one\\\/pt\\\/#organization\",\"name\":\"The Fortune One\",\"url\":\"https:\\\/\\\/thefortune.one\\\/pt\\\/\",\"logo\":{\"@type\":\"ImageObject\",\"inLanguage\":\"pt-BR\",\"@id\":\"https:\\\/\\\/thefortune.one\\\/pt\\\/#\\\/schema\\\/logo\\\/image\\\/\",\"url\":\"https:\\\/\\\/thefortune.one\\\/wp-content\\\/uploads\\\/2022\\\/11\\\/cropped-cropped-1651682701199-1.jpg\",\"contentUrl\":\"https:\\\/\\\/thefortune.one\\\/wp-content\\\/uploads\\\/2022\\\/11\\\/cropped-cropped-1651682701199-1.jpg\",\"width\":369,\"height\":421,\"caption\":\"The Fortune One\"},\"image\":{\"@id\":\"https:\\\/\\\/thefortune.one\\\/pt\\\/#\\\/schema\\\/logo\\\/image\\\/\"}},{\"@type\":\"Person\",\"@id\":\"https:\\\/\\\/thefortune.one\\\/pt\\\/#\\\/schema\\\/person\\\/6cd8fe72a627d36caabf41815984a16f\",\"name\":\"bianca\",\"image\":{\"@type\":\"ImageObject\",\"inLanguage\":\"pt-BR\",\"@id\":\"https:\\\/\\\/secure.gravatar.com\\\/avatar\\\/66cd7b00d93410555e00d1e6a911a86de0cd0cfa4f83a2f8b47eddc2968c98af?s=96&d=mm&r=g\",\"url\":\"https:\\\/\\\/secure.gravatar.com\\\/avatar\\\/66cd7b00d93410555e00d1e6a911a86de0cd0cfa4f83a2f8b47eddc2968c98af?s=96&d=mm&r=g\",\"contentUrl\":\"https:\\\/\\\/secure.gravatar.com\\\/avatar\\\/66cd7b00d93410555e00d1e6a911a86de0cd0cfa4f83a2f8b47eddc2968c98af?s=96&d=mm&r=g\",\"caption\":\"bianca\"},\"url\":\"https:\\\/\\\/thefortune.one\\\/pt\\\/author\\\/bianca\\\/\"}]}<\/script>\n<!-- \/ Yoast SEO plugin. -->","yoast_head_json":{"title":"STF valida fim de isen\u00e7\u00e3o fiscal de petr\u00f3leo na Zona Franca de Manaus - The Fortune.one","description":"Somos especialistas em gest\u00e3o patrimonial, op\u00e7\u00f5es de investimentos para diversos perfis, nosso diferencial \u00e9 comprovado com resultados.","robots":{"index":"index","follow":"follow","max-snippet":"max-snippet:-1","max-image-preview":"max-image-preview:large","max-video-preview":"max-video-preview:-1"},"canonical":"https:\/\/thefortune.one\/pt\/stf-valida-fim-de-isencao-fiscal-de-petroleo-na-zona-franca-de-manaus\/","og_locale":"pt_BR","og_type":"article","og_title":"STF valida fim de isen\u00e7\u00e3o fiscal de petr\u00f3leo na Zona Franca de Manaus - The Fortune.one","og_description":"Somos especialistas em gest\u00e3o patrimonial, op\u00e7\u00f5es de investimentos para diversos perfis, nosso diferencial \u00e9 comprovado com resultados.","og_url":"https:\/\/thefortune.one\/pt\/stf-valida-fim-de-isencao-fiscal-de-petroleo-na-zona-franca-de-manaus\/","og_site_name":"The Fortune.one","article_published_time":"2024-03-11T12:54:40+00:00","og_image":[{"width":396,"height":294,"url":"https:\/\/thefortune.one\/wp-content\/uploads\/2024\/03\/st.jpg","type":"image\/jpeg"}],"author":"bianca","twitter_card":"summary_large_image","twitter_misc":{"Escrito por":"bianca","Est. tempo de leitura":"3 minutos"},"schema":{"@context":"https:\/\/schema.org","@graph":[{"@type":"Article","@id":"https:\/\/thefortune.one\/pt\/stf-valida-fim-de-isencao-fiscal-de-petroleo-na-zona-franca-de-manaus\/#article","isPartOf":{"@id":"https:\/\/thefortune.one\/pt\/stf-valida-fim-de-isencao-fiscal-de-petroleo-na-zona-franca-de-manaus\/"},"author":{"name":"bianca","@id":"https:\/\/thefortune.one\/pt\/#\/schema\/person\/6cd8fe72a627d36caabf41815984a16f"},"headline":"STF valida fim de isen\u00e7\u00e3o fiscal de petr\u00f3leo na Zona Franca de Manaus","datePublished":"2024-03-11T12:54:40+00:00","mainEntityOfPage":{"@id":"https:\/\/thefortune.one\/pt\/stf-valida-fim-de-isencao-fiscal-de-petroleo-na-zona-franca-de-manaus\/"},"wordCount":597,"commentCount":0,"publisher":{"@id":"https:\/\/thefortune.one\/pt\/#organization"},"image":{"@id":"https:\/\/thefortune.one\/pt\/stf-valida-fim-de-isencao-fiscal-de-petroleo-na-zona-franca-de-manaus\/#primaryimage"},"thumbnailUrl":"https:\/\/thefortune.one\/wp-content\/uploads\/2024\/03\/st.jpg","articleSection":["The Fortune.one"],"inLanguage":"pt-BR","potentialAction":[{"@type":"CommentAction","name":"Comment","target":["https:\/\/thefortune.one\/pt\/stf-valida-fim-de-isencao-fiscal-de-petroleo-na-zona-franca-de-manaus\/#respond"]}]},{"@type":"WebPage","@id":"https:\/\/thefortune.one\/pt\/stf-valida-fim-de-isencao-fiscal-de-petroleo-na-zona-franca-de-manaus\/","url":"https:\/\/thefortune.one\/pt\/stf-valida-fim-de-isencao-fiscal-de-petroleo-na-zona-franca-de-manaus\/","name":"STF valida fim de isen\u00e7\u00e3o fiscal de petr\u00f3leo na Zona Franca de Manaus - The Fortune.one","isPartOf":{"@id":"https:\/\/thefortune.one\/pt\/#website"},"primaryImageOfPage":{"@id":"https:\/\/thefortune.one\/pt\/stf-valida-fim-de-isencao-fiscal-de-petroleo-na-zona-franca-de-manaus\/#primaryimage"},"image":{"@id":"https:\/\/thefortune.one\/pt\/stf-valida-fim-de-isencao-fiscal-de-petroleo-na-zona-franca-de-manaus\/#primaryimage"},"thumbnailUrl":"https:\/\/thefortune.one\/wp-content\/uploads\/2024\/03\/st.jpg","datePublished":"2024-03-11T12:54:40+00:00","description":"Somos especialistas em gest\u00e3o patrimonial, op\u00e7\u00f5es de investimentos para diversos perfis, nosso diferencial \u00e9 comprovado com resultados.","breadcrumb":{"@id":"https:\/\/thefortune.one\/pt\/stf-valida-fim-de-isencao-fiscal-de-petroleo-na-zona-franca-de-manaus\/#breadcrumb"},"inLanguage":"pt-BR","potentialAction":[{"@type":"ReadAction","target":["https:\/\/thefortune.one\/pt\/stf-valida-fim-de-isencao-fiscal-de-petroleo-na-zona-franca-de-manaus\/"]}]},{"@type":"ImageObject","inLanguage":"pt-BR","@id":"https:\/\/thefortune.one\/pt\/stf-valida-fim-de-isencao-fiscal-de-petroleo-na-zona-franca-de-manaus\/#primaryimage","url":"https:\/\/thefortune.one\/wp-content\/uploads\/2024\/03\/st.jpg","contentUrl":"https:\/\/thefortune.one\/wp-content\/uploads\/2024\/03\/st.jpg","width":396,"height":294},{"@type":"BreadcrumbList","@id":"https:\/\/thefortune.one\/pt\/stf-valida-fim-de-isencao-fiscal-de-petroleo-na-zona-franca-de-manaus\/#breadcrumb","itemListElement":[{"@type":"ListItem","position":1,"name":"In\u00edcio","item":"https:\/\/thefortune.one\/pt\/"},{"@type":"ListItem","position":2,"name":"STF valida fim de isen\u00e7\u00e3o fiscal de petr\u00f3leo na Zona Franca de Manaus"}]},{"@type":"WebSite","@id":"https:\/\/thefortune.one\/pt\/#website","url":"https:\/\/thefortune.one\/pt\/","name":"The Fortune.one","description":"Gestora de Recursos Especializada em Private Equity","publisher":{"@id":"https:\/\/thefortune.one\/pt\/#organization"},"potentialAction":[{"@type":"SearchAction","target":{"@type":"EntryPoint","urlTemplate":"https:\/\/thefortune.one\/pt\/?s={search_term_string}"},"query-input":{"@type":"PropertyValueSpecification","valueRequired":true,"valueName":"search_term_string"}}],"inLanguage":"pt-BR"},{"@type":"Organization","@id":"https:\/\/thefortune.one\/pt\/#organization","name":"The Fortune One","url":"https:\/\/thefortune.one\/pt\/","logo":{"@type":"ImageObject","inLanguage":"pt-BR","@id":"https:\/\/thefortune.one\/pt\/#\/schema\/logo\/image\/","url":"https:\/\/thefortune.one\/wp-content\/uploads\/2022\/11\/cropped-cropped-1651682701199-1.jpg","contentUrl":"https:\/\/thefortune.one\/wp-content\/uploads\/2022\/11\/cropped-cropped-1651682701199-1.jpg","width":369,"height":421,"caption":"The Fortune One"},"image":{"@id":"https:\/\/thefortune.one\/pt\/#\/schema\/logo\/image\/"}},{"@type":"Person","@id":"https:\/\/thefortune.one\/pt\/#\/schema\/person\/6cd8fe72a627d36caabf41815984a16f","name":"bianca","image":{"@type":"ImageObject","inLanguage":"pt-BR","@id":"https:\/\/secure.gravatar.com\/avatar\/66cd7b00d93410555e00d1e6a911a86de0cd0cfa4f83a2f8b47eddc2968c98af?s=96&d=mm&r=g","url":"https:\/\/secure.gravatar.com\/avatar\/66cd7b00d93410555e00d1e6a911a86de0cd0cfa4f83a2f8b47eddc2968c98af?s=96&d=mm&r=g","contentUrl":"https:\/\/secure.gravatar.com\/avatar\/66cd7b00d93410555e00d1e6a911a86de0cd0cfa4f83a2f8b47eddc2968c98af?s=96&d=mm&r=g","caption":"bianca"},"url":"https:\/\/thefortune.one\/pt\/author\/bianca\/"}]}},"_links":{"self":[{"href":"https:\/\/thefortune.one\/pt\/wp-json\/wp\/v2\/posts\/4791","targetHints":{"allow":["GET"]}}],"collection":[{"href":"https:\/\/thefortune.one\/pt\/wp-json\/wp\/v2\/posts"}],"about":[{"href":"https:\/\/thefortune.one\/pt\/wp-json\/wp\/v2\/types\/post"}],"author":[{"embeddable":true,"href":"https:\/\/thefortune.one\/pt\/wp-json\/wp\/v2\/users\/3"}],"replies":[{"embeddable":true,"href":"https:\/\/thefortune.one\/pt\/wp-json\/wp\/v2\/comments?post=4791"}],"version-history":[{"count":1,"href":"https:\/\/thefortune.one\/pt\/wp-json\/wp\/v2\/posts\/4791\/revisions"}],"predecessor-version":[{"id":4793,"href":"https:\/\/thefortune.one\/pt\/wp-json\/wp\/v2\/posts\/4791\/revisions\/4793"}],"wp:featuredmedia":[{"embeddable":true,"href":"https:\/\/thefortune.one\/pt\/wp-json\/wp\/v2\/media\/4792"}],"wp:attachment":[{"href":"https:\/\/thefortune.one\/pt\/wp-json\/wp\/v2\/media?parent=4791"}],"wp:term":[{"taxonomy":"category","embeddable":true,"href":"https:\/\/thefortune.one\/pt\/wp-json\/wp\/v2\/categories?post=4791"},{"taxonomy":"post_tag","embeddable":true,"href":"https:\/\/thefortune.one\/pt\/wp-json\/wp\/v2\/tags?post=4791"}],"curies":[{"name":"wp","href":"https:\/\/api.w.org\/{rel}","templated":true}]}}