{"id":4785,"date":"2024-03-07T12:28:08","date_gmt":"2024-03-07T12:28:08","guid":{"rendered":"https:\/\/thefortune.one\/?p=4785"},"modified":"2024-03-07T12:28:08","modified_gmt":"2024-03-07T12:28:08","slug":"padilha-nao-vamos-retirar-mais-nada-da-mp-sobre-desoneracao","status":"publish","type":"post","link":"https:\/\/thefortune.one\/pt\/padilha-nao-vamos-retirar-mais-nada-da-mp-sobre-desoneracao\/","title":{"rendered":"Padilha: n\u00e3o vamos retirar mais nada da MP sobre desonera\u00e7\u00e3o"},"content":{"rendered":"<p>Ministro das Rela\u00e7\u00f5es Institucionais falou em negociar uma proposta sustent\u00e1vel para o setor de eventos<a href=\"https:\/\/web.whatsapp.com\/send?text=Padilha:%20n%C3%A3o%20vamos%20retirar%20mais%20nada%20da%20MP%20sobre%20desonera%C3%A7%C3%A3o%20https%3A%2F%2Finteligenciafinanceira.com.br%2Fmercado-financeiro%2Fpolitica%2Fpadilha-nao-vamos-retirar-mais-nada-da-mp-sobre-desoneracao%2F\" target=\"_blank\" rel=\"noreferrer noopener\"><\/a><a href=\"https:\/\/www.linkedin.com\/sharing\/share-offsite\/?url=https%3A%2F%2Finteligenciafinanceira.com.br%2Fmercado-financeiro%2Fpolitica%2Fpadilha-nao-vamos-retirar-mais-nada-da-mp-sobre-desoneracao%2F&amp;title=Padilha:%20n%C3%A3o%20vamos%20retirar%20mais%20nada%20da%20MP%20sobre%20desonera%C3%A7%C3%A3o\" target=\"_blank\" rel=\"noreferrer noopener\"><\/a><a href=\"https:\/\/t.me\/share\/url?url=https%3A%2F%2Finteligenciafinanceira.com.br%2Fmercado-financeiro%2Fpolitica%2Fpadilha-nao-vamos-retirar-mais-nada-da-mp-sobre-desoneracao%2F&amp;text=Padilha:%20n%C3%A3o%20vamos%20retirar%20mais%20nada%20da%20MP%20sobre%20desonera%C3%A7%C3%A3o\" target=\"_blank\" rel=\"noreferrer noopener\"><\/a><a href=\"https:\/\/twitter.com\/intent\/tweet?text=Padilha:%20n%C3%A3o%20vamos%20retirar%20mais%20nada%20da%20MP%20sobre%20desonera%C3%A7%C3%A3o&amp;url=https%3A%2F%2Finteligenciafinanceira.com.br%2Fmercado-financeiro%2Fpolitica%2Fpadilha-nao-vamos-retirar-mais-nada-da-mp-sobre-desoneracao%2F&amp;\" target=\"_blank\" rel=\"noreferrer noopener\"><\/a><a href=\"https:\/\/www.facebook.com\/sharer\/sharer.php?u=https%3A%2F%2Finteligenciafinanceira.com.br%2Fmercado-financeiro%2Fpolitica%2Fpadilha-nao-vamos-retirar-mais-nada-da-mp-sobre-desoneracao%2F\" target=\"_blank\" rel=\"noreferrer noopener\"><\/a><a href=\"mailto:?subject=Padilha:%20n%C3%A3o%20vamos%20retirar%20mais%20nada%20da%20MP%20sobre%20desonera%C3%A7%C3%A3o&amp;body=Veja%20mais%20em%20https%3A%2F%2Finteligenciafinanceira.com.br%2Fmercado-financeiro%2Fpolitica%2Fpadilha-nao-vamos-retirar-mais-nada-da-mp-sobre-desoneracao%2F\" target=\"_blank\" rel=\"noreferrer noopener\"><\/a><a href=\"https:\/\/inteligenciafinanceira.com.br\/mercado-financeiro\/politica\/padilha-nao-vamos-retirar-mais-nada-da-mp-sobre-desoneracao\/#copy_link\"><\/a><\/p>\n\n\n\n<figure class=\"wp-block-image\"><img decoding=\"async\" src=\"https:\/\/inteligenciafinanceira.com.br\/wp-content\/uploads\/2023\/12\/vac_abr1611235168red.jpg?w=396\" alt=\"Padilha: n\u00e3o vamos retirar mais nada da MP sobre desonera\u00e7\u00e3o\" \/><figcaption class=\"wp-element-caption\">Alexandre Padilha, ministro das Rela\u00e7\u00f5es Institucionais do governo Lula Foto: Valter Campanato\/Ag\u00eancia Brasil<\/figcaption><\/figure>\n\n\n\n<p>O ministro das Rela\u00e7\u00f5es Institucionais, Alexandre Padilha, disse nesta ter\u00e7a-feira (5) que o&nbsp;<a href=\"https:\/\/inteligenciafinanceira.com.br\/investimentos\/governo-federal\/\" target=\"_blank\" rel=\"noreferrer noopener\">governo<\/a>&nbsp;n\u00e3o far\u00e1 mais altera\u00e7\u00f5es na medida provis\u00f3ria que interrompeu a reonera\u00e7\u00e3o da folha de pagamentos \u2013 o que significa que o Perse, programa de apoio ao setor de eventos criado na pandemia e mantido nos anos seguintes pelo Congresso, continuar\u00e1 sem validade. Padilha falou em negociar uma proposta sustent\u00e1vel para o setor.<\/p>\n\n\n\n<p>O ministro das Rela\u00e7\u00f5es Institucionais falou na porta do Pal\u00e1cio da Alvorada, onde o presidente Luiz In\u00e1cio Lula da Silva receber\u00e1 l\u00edderes do Senado nesta noite. Tamb\u00e9m participar\u00e3o ministros e o presidente da Casa, Rodrigo Pacheco. De acordo com Padilha a reuni\u00e3o ser\u00e1 para agradecer ao Senado pela aprova\u00e7\u00e3o de projetos do governo no ano passado.<\/p>\n\n\n\n<h2 class=\"wp-block-heading\" id=\"h-lula-fez-convite-para-zema\">Lula fez convite para Zema<\/h2>\n\n\n\n<p>O ministro das Rela\u00e7\u00f5es Institucionais tamb\u00e9m disse que o presidente Luiz In\u00e1cio Lula da Silva convidou o governador de Minas Gerais, Romeu Zema, para uma reuni\u00e3o em Bras\u00edlia na quarta-feira (6). Um prov\u00e1vel tema da conversa, se ela de fato acontecer, ser\u00e1 a d\u00edvida de Minas Gerais com a Uni\u00e3o.<\/p>\n\n\n\n<p>Lula esteve em Minas Gerais em fevereiro. Zema participou de um ato p\u00fablico com o presidente, apesar de os dois serem advers\u00e1rios pol\u00edticos. Tamb\u00e9m havia pedido uma reuni\u00e3o com o petista, o que n\u00e3o aconteceu na \u00e9poca.<\/p>\n\n\n\n<p>Zema tenta recuperar espa\u00e7o na discuss\u00e3o sobre a d\u00edvida de seu Estado. O debate foi puxado pelo presidente do Senado, Rodrigo Pacheco, em canal direto com Lula e sem a participa\u00e7\u00e3o do governador. Pacheco dever\u00e1 ser candidato ao comando do Executivo mineiro em 2026.<\/p>\n\n\n\n<h2 class=\"wp-block-heading\" id=\"h-vetos-a-ldo-serao-discutidos-logo\">Vetos \u00e0 LDO ser\u00e3o discutidos logo<\/h2>\n\n\n\n<p>Padilha voltou a mencionar que haver\u00e1 uma reuni\u00e3o com integrantes da Comiss\u00e3o Mista de Or\u00e7amento em 7 de mar\u00e7o para discutir vetos do governo \u00e0 Lei de Diretrizes Or\u00e7ament\u00e1rias (LDO).<\/p>\n\n\n\n<p>Ele tamb\u00e9m voltou a dizer que \u00e9 necess\u00e1rio esperar o relat\u00f3rio de receitas e despesas do governo, que ser\u00e1 divulgado no dia 22, para discutir vetos e eventuais altera\u00e7\u00f5es no Or\u00e7amento deste ano.<\/p>\n\n\n\n<p>Fonte:https:\/\/inteligenciafinanceira.com.br\/mercado-financeiro\/politica\/padilha-nao-vamos-retirar-mais-nada-da-mp-sobre-desoneracao\/<\/p>","protected":false},"excerpt":{"rendered":"<p>Ministro das Rela\u00e7\u00f5es Institucionais falou em negociar uma proposta sustent\u00e1vel para o setor de eventos O ministro das Rela\u00e7\u00f5es Institucionais, Alexandre Padilha, disse nesta ter\u00e7a-feira (5) que o&nbsp;governo&nbsp;n\u00e3o far\u00e1 mais altera\u00e7\u00f5es na medida provis\u00f3ria que interrompeu a reonera\u00e7\u00e3o da folha de pagamentos \u2013 o que significa que o Perse, programa de apoio ao setor de [&hellip;]<\/p>\n","protected":false},"author":3,"featured_media":4786,"comment_status":"open","ping_status":"open","sticky":false,"template":"","format":"standard","meta":{"_joinchat":[],"footnotes":""},"categories":[1],"tags":[],"class_list":["post-4785","post","type-post","status-publish","format-standard","has-post-thumbnail","hentry","category-the-fortune-one"],"yoast_head":"<!-- This site is optimized with the Yoast SEO plugin v27.5 - https:\/\/yoast.com\/product\/yoast-seo-wordpress\/ -->\n<title>Padilha: n\u00e3o vamos retirar mais nada da MP sobre desonera\u00e7\u00e3o - The Fortune.one<\/title>\n<meta name=\"description\" content=\"Somos especialistas em gest\u00e3o patrimonial, op\u00e7\u00f5es de investimentos para diversos perfis, nosso diferencial \u00e9 comprovado com resultados.\" \/>\n<meta name=\"robots\" content=\"index, follow, max-snippet:-1, max-image-preview:large, max-video-preview:-1\" \/>\n<link rel=\"canonical\" href=\"https:\/\/thefortune.one\/pt\/padilha-nao-vamos-retirar-mais-nada-da-mp-sobre-desoneracao\/\" \/>\n<meta property=\"og:locale\" content=\"pt_BR\" \/>\n<meta property=\"og:type\" content=\"article\" \/>\n<meta property=\"og:title\" content=\"Padilha: n\u00e3o vamos retirar mais nada da MP sobre desonera\u00e7\u00e3o - The Fortune.one\" \/>\n<meta property=\"og:description\" content=\"Somos especialistas em gest\u00e3o patrimonial, op\u00e7\u00f5es de investimentos para diversos perfis, nosso diferencial \u00e9 comprovado com resultados.\" \/>\n<meta property=\"og:url\" content=\"https:\/\/thefortune.one\/pt\/padilha-nao-vamos-retirar-mais-nada-da-mp-sobre-desoneracao\/\" \/>\n<meta property=\"og:site_name\" content=\"The Fortune.one\" \/>\n<meta property=\"article:published_time\" content=\"2024-03-07T12:28:08+00:00\" \/>\n<meta property=\"og:image\" content=\"https:\/\/thefortune.one\/wp-content\/uploads\/2024\/03\/padi.jpg\" \/>\n\t<meta property=\"og:image:width\" content=\"396\" \/>\n\t<meta property=\"og:image:height\" content=\"264\" \/>\n\t<meta property=\"og:image:type\" content=\"image\/jpeg\" \/>\n<meta name=\"author\" content=\"bianca\" \/>\n<meta name=\"twitter:card\" content=\"summary_large_image\" \/>\n<meta name=\"twitter:label1\" content=\"Escrito por\" \/>\n\t<meta name=\"twitter:data1\" content=\"bianca\" \/>\n\t<meta name=\"twitter:label2\" content=\"Est. tempo de leitura\" \/>\n\t<meta name=\"twitter:data2\" content=\"2 minutos\" \/>\n<script type=\"application\/ld+json\" class=\"yoast-schema-graph\">{\"@context\":\"https:\\\/\\\/schema.org\",\"@graph\":[{\"@type\":\"Article\",\"@id\":\"https:\\\/\\\/thefortune.one\\\/pt\\\/padilha-nao-vamos-retirar-mais-nada-da-mp-sobre-desoneracao\\\/#article\",\"isPartOf\":{\"@id\":\"https:\\\/\\\/thefortune.one\\\/pt\\\/padilha-nao-vamos-retirar-mais-nada-da-mp-sobre-desoneracao\\\/\"},\"author\":{\"name\":\"bianca\",\"@id\":\"https:\\\/\\\/thefortune.one\\\/pt\\\/#\\\/schema\\\/person\\\/6cd8fe72a627d36caabf41815984a16f\"},\"headline\":\"Padilha: n\u00e3o vamos retirar mais nada da MP sobre desonera\u00e7\u00e3o\",\"datePublished\":\"2024-03-07T12:28:08+00:00\",\"mainEntityOfPage\":{\"@id\":\"https:\\\/\\\/thefortune.one\\\/pt\\\/padilha-nao-vamos-retirar-mais-nada-da-mp-sobre-desoneracao\\\/\"},\"wordCount\":418,\"commentCount\":0,\"publisher\":{\"@id\":\"https:\\\/\\\/thefortune.one\\\/pt\\\/#organization\"},\"image\":{\"@id\":\"https:\\\/\\\/thefortune.one\\\/pt\\\/padilha-nao-vamos-retirar-mais-nada-da-mp-sobre-desoneracao\\\/#primaryimage\"},\"thumbnailUrl\":\"https:\\\/\\\/thefortune.one\\\/wp-content\\\/uploads\\\/2024\\\/03\\\/padi.jpg\",\"articleSection\":[\"The Fortune.one\"],\"inLanguage\":\"pt-BR\",\"potentialAction\":[{\"@type\":\"CommentAction\",\"name\":\"Comment\",\"target\":[\"https:\\\/\\\/thefortune.one\\\/pt\\\/padilha-nao-vamos-retirar-mais-nada-da-mp-sobre-desoneracao\\\/#respond\"]}]},{\"@type\":\"WebPage\",\"@id\":\"https:\\\/\\\/thefortune.one\\\/pt\\\/padilha-nao-vamos-retirar-mais-nada-da-mp-sobre-desoneracao\\\/\",\"url\":\"https:\\\/\\\/thefortune.one\\\/pt\\\/padilha-nao-vamos-retirar-mais-nada-da-mp-sobre-desoneracao\\\/\",\"name\":\"Padilha: n\u00e3o vamos retirar mais nada da MP sobre desonera\u00e7\u00e3o - The Fortune.one\",\"isPartOf\":{\"@id\":\"https:\\\/\\\/thefortune.one\\\/pt\\\/#website\"},\"primaryImageOfPage\":{\"@id\":\"https:\\\/\\\/thefortune.one\\\/pt\\\/padilha-nao-vamos-retirar-mais-nada-da-mp-sobre-desoneracao\\\/#primaryimage\"},\"image\":{\"@id\":\"https:\\\/\\\/thefortune.one\\\/pt\\\/padilha-nao-vamos-retirar-mais-nada-da-mp-sobre-desoneracao\\\/#primaryimage\"},\"thumbnailUrl\":\"https:\\\/\\\/thefortune.one\\\/wp-content\\\/uploads\\\/2024\\\/03\\\/padi.jpg\",\"datePublished\":\"2024-03-07T12:28:08+00:00\",\"description\":\"Somos especialistas em gest\u00e3o patrimonial, op\u00e7\u00f5es de investimentos para diversos perfis, nosso diferencial \u00e9 comprovado com resultados.\",\"breadcrumb\":{\"@id\":\"https:\\\/\\\/thefortune.one\\\/pt\\\/padilha-nao-vamos-retirar-mais-nada-da-mp-sobre-desoneracao\\\/#breadcrumb\"},\"inLanguage\":\"pt-BR\",\"potentialAction\":[{\"@type\":\"ReadAction\",\"target\":[\"https:\\\/\\\/thefortune.one\\\/pt\\\/padilha-nao-vamos-retirar-mais-nada-da-mp-sobre-desoneracao\\\/\"]}]},{\"@type\":\"ImageObject\",\"inLanguage\":\"pt-BR\",\"@id\":\"https:\\\/\\\/thefortune.one\\\/pt\\\/padilha-nao-vamos-retirar-mais-nada-da-mp-sobre-desoneracao\\\/#primaryimage\",\"url\":\"https:\\\/\\\/thefortune.one\\\/wp-content\\\/uploads\\\/2024\\\/03\\\/padi.jpg\",\"contentUrl\":\"https:\\\/\\\/thefortune.one\\\/wp-content\\\/uploads\\\/2024\\\/03\\\/padi.jpg\",\"width\":396,\"height\":264},{\"@type\":\"BreadcrumbList\",\"@id\":\"https:\\\/\\\/thefortune.one\\\/pt\\\/padilha-nao-vamos-retirar-mais-nada-da-mp-sobre-desoneracao\\\/#breadcrumb\",\"itemListElement\":[{\"@type\":\"ListItem\",\"position\":1,\"name\":\"In\u00edcio\",\"item\":\"https:\\\/\\\/thefortune.one\\\/pt\\\/\"},{\"@type\":\"ListItem\",\"position\":2,\"name\":\"Padilha: n\u00e3o vamos retirar mais nada da MP sobre desonera\u00e7\u00e3o\"}]},{\"@type\":\"WebSite\",\"@id\":\"https:\\\/\\\/thefortune.one\\\/pt\\\/#website\",\"url\":\"https:\\\/\\\/thefortune.one\\\/pt\\\/\",\"name\":\"The Fortune.one\",\"description\":\"Gestora de Recursos Especializada em Private Equity\",\"publisher\":{\"@id\":\"https:\\\/\\\/thefortune.one\\\/pt\\\/#organization\"},\"potentialAction\":[{\"@type\":\"SearchAction\",\"target\":{\"@type\":\"EntryPoint\",\"urlTemplate\":\"https:\\\/\\\/thefortune.one\\\/pt\\\/?s={search_term_string}\"},\"query-input\":{\"@type\":\"PropertyValueSpecification\",\"valueRequired\":true,\"valueName\":\"search_term_string\"}}],\"inLanguage\":\"pt-BR\"},{\"@type\":\"Organization\",\"@id\":\"https:\\\/\\\/thefortune.one\\\/pt\\\/#organization\",\"name\":\"The Fortune One\",\"url\":\"https:\\\/\\\/thefortune.one\\\/pt\\\/\",\"logo\":{\"@type\":\"ImageObject\",\"inLanguage\":\"pt-BR\",\"@id\":\"https:\\\/\\\/thefortune.one\\\/pt\\\/#\\\/schema\\\/logo\\\/image\\\/\",\"url\":\"https:\\\/\\\/thefortune.one\\\/wp-content\\\/uploads\\\/2022\\\/11\\\/cropped-cropped-1651682701199-1.jpg\",\"contentUrl\":\"https:\\\/\\\/thefortune.one\\\/wp-content\\\/uploads\\\/2022\\\/11\\\/cropped-cropped-1651682701199-1.jpg\",\"width\":369,\"height\":421,\"caption\":\"The Fortune One\"},\"image\":{\"@id\":\"https:\\\/\\\/thefortune.one\\\/pt\\\/#\\\/schema\\\/logo\\\/image\\\/\"}},{\"@type\":\"Person\",\"@id\":\"https:\\\/\\\/thefortune.one\\\/pt\\\/#\\\/schema\\\/person\\\/6cd8fe72a627d36caabf41815984a16f\",\"name\":\"bianca\",\"image\":{\"@type\":\"ImageObject\",\"inLanguage\":\"pt-BR\",\"@id\":\"https:\\\/\\\/secure.gravatar.com\\\/avatar\\\/66cd7b00d93410555e00d1e6a911a86de0cd0cfa4f83a2f8b47eddc2968c98af?s=96&d=mm&r=g\",\"url\":\"https:\\\/\\\/secure.gravatar.com\\\/avatar\\\/66cd7b00d93410555e00d1e6a911a86de0cd0cfa4f83a2f8b47eddc2968c98af?s=96&d=mm&r=g\",\"contentUrl\":\"https:\\\/\\\/secure.gravatar.com\\\/avatar\\\/66cd7b00d93410555e00d1e6a911a86de0cd0cfa4f83a2f8b47eddc2968c98af?s=96&d=mm&r=g\",\"caption\":\"bianca\"},\"url\":\"https:\\\/\\\/thefortune.one\\\/pt\\\/author\\\/bianca\\\/\"}]}<\/script>\n<!-- \/ Yoast SEO plugin. -->","yoast_head_json":{"title":"Padilha: n\u00e3o vamos retirar mais nada da MP sobre desonera\u00e7\u00e3o - The Fortune.one","description":"Somos especialistas em gest\u00e3o patrimonial, op\u00e7\u00f5es de investimentos para diversos perfis, nosso diferencial \u00e9 comprovado com resultados.","robots":{"index":"index","follow":"follow","max-snippet":"max-snippet:-1","max-image-preview":"max-image-preview:large","max-video-preview":"max-video-preview:-1"},"canonical":"https:\/\/thefortune.one\/pt\/padilha-nao-vamos-retirar-mais-nada-da-mp-sobre-desoneracao\/","og_locale":"pt_BR","og_type":"article","og_title":"Padilha: n\u00e3o vamos retirar mais nada da MP sobre desonera\u00e7\u00e3o - The Fortune.one","og_description":"Somos especialistas em gest\u00e3o patrimonial, op\u00e7\u00f5es de investimentos para diversos perfis, nosso diferencial \u00e9 comprovado com resultados.","og_url":"https:\/\/thefortune.one\/pt\/padilha-nao-vamos-retirar-mais-nada-da-mp-sobre-desoneracao\/","og_site_name":"The Fortune.one","article_published_time":"2024-03-07T12:28:08+00:00","og_image":[{"width":396,"height":264,"url":"https:\/\/thefortune.one\/wp-content\/uploads\/2024\/03\/padi.jpg","type":"image\/jpeg"}],"author":"bianca","twitter_card":"summary_large_image","twitter_misc":{"Escrito por":"bianca","Est. tempo de leitura":"2 minutos"},"schema":{"@context":"https:\/\/schema.org","@graph":[{"@type":"Article","@id":"https:\/\/thefortune.one\/pt\/padilha-nao-vamos-retirar-mais-nada-da-mp-sobre-desoneracao\/#article","isPartOf":{"@id":"https:\/\/thefortune.one\/pt\/padilha-nao-vamos-retirar-mais-nada-da-mp-sobre-desoneracao\/"},"author":{"name":"bianca","@id":"https:\/\/thefortune.one\/pt\/#\/schema\/person\/6cd8fe72a627d36caabf41815984a16f"},"headline":"Padilha: n\u00e3o vamos retirar mais nada da MP sobre desonera\u00e7\u00e3o","datePublished":"2024-03-07T12:28:08+00:00","mainEntityOfPage":{"@id":"https:\/\/thefortune.one\/pt\/padilha-nao-vamos-retirar-mais-nada-da-mp-sobre-desoneracao\/"},"wordCount":418,"commentCount":0,"publisher":{"@id":"https:\/\/thefortune.one\/pt\/#organization"},"image":{"@id":"https:\/\/thefortune.one\/pt\/padilha-nao-vamos-retirar-mais-nada-da-mp-sobre-desoneracao\/#primaryimage"},"thumbnailUrl":"https:\/\/thefortune.one\/wp-content\/uploads\/2024\/03\/padi.jpg","articleSection":["The Fortune.one"],"inLanguage":"pt-BR","potentialAction":[{"@type":"CommentAction","name":"Comment","target":["https:\/\/thefortune.one\/pt\/padilha-nao-vamos-retirar-mais-nada-da-mp-sobre-desoneracao\/#respond"]}]},{"@type":"WebPage","@id":"https:\/\/thefortune.one\/pt\/padilha-nao-vamos-retirar-mais-nada-da-mp-sobre-desoneracao\/","url":"https:\/\/thefortune.one\/pt\/padilha-nao-vamos-retirar-mais-nada-da-mp-sobre-desoneracao\/","name":"Padilha: n\u00e3o vamos retirar mais nada da MP sobre desonera\u00e7\u00e3o - The Fortune.one","isPartOf":{"@id":"https:\/\/thefortune.one\/pt\/#website"},"primaryImageOfPage":{"@id":"https:\/\/thefortune.one\/pt\/padilha-nao-vamos-retirar-mais-nada-da-mp-sobre-desoneracao\/#primaryimage"},"image":{"@id":"https:\/\/thefortune.one\/pt\/padilha-nao-vamos-retirar-mais-nada-da-mp-sobre-desoneracao\/#primaryimage"},"thumbnailUrl":"https:\/\/thefortune.one\/wp-content\/uploads\/2024\/03\/padi.jpg","datePublished":"2024-03-07T12:28:08+00:00","description":"Somos especialistas em gest\u00e3o patrimonial, op\u00e7\u00f5es de investimentos para diversos perfis, nosso diferencial \u00e9 comprovado com resultados.","breadcrumb":{"@id":"https:\/\/thefortune.one\/pt\/padilha-nao-vamos-retirar-mais-nada-da-mp-sobre-desoneracao\/#breadcrumb"},"inLanguage":"pt-BR","potentialAction":[{"@type":"ReadAction","target":["https:\/\/thefortune.one\/pt\/padilha-nao-vamos-retirar-mais-nada-da-mp-sobre-desoneracao\/"]}]},{"@type":"ImageObject","inLanguage":"pt-BR","@id":"https:\/\/thefortune.one\/pt\/padilha-nao-vamos-retirar-mais-nada-da-mp-sobre-desoneracao\/#primaryimage","url":"https:\/\/thefortune.one\/wp-content\/uploads\/2024\/03\/padi.jpg","contentUrl":"https:\/\/thefortune.one\/wp-content\/uploads\/2024\/03\/padi.jpg","width":396,"height":264},{"@type":"BreadcrumbList","@id":"https:\/\/thefortune.one\/pt\/padilha-nao-vamos-retirar-mais-nada-da-mp-sobre-desoneracao\/#breadcrumb","itemListElement":[{"@type":"ListItem","position":1,"name":"In\u00edcio","item":"https:\/\/thefortune.one\/pt\/"},{"@type":"ListItem","position":2,"name":"Padilha: n\u00e3o vamos retirar mais nada da MP sobre desonera\u00e7\u00e3o"}]},{"@type":"WebSite","@id":"https:\/\/thefortune.one\/pt\/#website","url":"https:\/\/thefortune.one\/pt\/","name":"The Fortune.one","description":"Gestora de Recursos Especializada em Private Equity","publisher":{"@id":"https:\/\/thefortune.one\/pt\/#organization"},"potentialAction":[{"@type":"SearchAction","target":{"@type":"EntryPoint","urlTemplate":"https:\/\/thefortune.one\/pt\/?s={search_term_string}"},"query-input":{"@type":"PropertyValueSpecification","valueRequired":true,"valueName":"search_term_string"}}],"inLanguage":"pt-BR"},{"@type":"Organization","@id":"https:\/\/thefortune.one\/pt\/#organization","name":"The Fortune One","url":"https:\/\/thefortune.one\/pt\/","logo":{"@type":"ImageObject","inLanguage":"pt-BR","@id":"https:\/\/thefortune.one\/pt\/#\/schema\/logo\/image\/","url":"https:\/\/thefortune.one\/wp-content\/uploads\/2022\/11\/cropped-cropped-1651682701199-1.jpg","contentUrl":"https:\/\/thefortune.one\/wp-content\/uploads\/2022\/11\/cropped-cropped-1651682701199-1.jpg","width":369,"height":421,"caption":"The Fortune One"},"image":{"@id":"https:\/\/thefortune.one\/pt\/#\/schema\/logo\/image\/"}},{"@type":"Person","@id":"https:\/\/thefortune.one\/pt\/#\/schema\/person\/6cd8fe72a627d36caabf41815984a16f","name":"bianca","image":{"@type":"ImageObject","inLanguage":"pt-BR","@id":"https:\/\/secure.gravatar.com\/avatar\/66cd7b00d93410555e00d1e6a911a86de0cd0cfa4f83a2f8b47eddc2968c98af?s=96&d=mm&r=g","url":"https:\/\/secure.gravatar.com\/avatar\/66cd7b00d93410555e00d1e6a911a86de0cd0cfa4f83a2f8b47eddc2968c98af?s=96&d=mm&r=g","contentUrl":"https:\/\/secure.gravatar.com\/avatar\/66cd7b00d93410555e00d1e6a911a86de0cd0cfa4f83a2f8b47eddc2968c98af?s=96&d=mm&r=g","caption":"bianca"},"url":"https:\/\/thefortune.one\/pt\/author\/bianca\/"}]}},"_links":{"self":[{"href":"https:\/\/thefortune.one\/pt\/wp-json\/wp\/v2\/posts\/4785","targetHints":{"allow":["GET"]}}],"collection":[{"href":"https:\/\/thefortune.one\/pt\/wp-json\/wp\/v2\/posts"}],"about":[{"href":"https:\/\/thefortune.one\/pt\/wp-json\/wp\/v2\/types\/post"}],"author":[{"embeddable":true,"href":"https:\/\/thefortune.one\/pt\/wp-json\/wp\/v2\/users\/3"}],"replies":[{"embeddable":true,"href":"https:\/\/thefortune.one\/pt\/wp-json\/wp\/v2\/comments?post=4785"}],"version-history":[{"count":1,"href":"https:\/\/thefortune.one\/pt\/wp-json\/wp\/v2\/posts\/4785\/revisions"}],"predecessor-version":[{"id":4787,"href":"https:\/\/thefortune.one\/pt\/wp-json\/wp\/v2\/posts\/4785\/revisions\/4787"}],"wp:featuredmedia":[{"embeddable":true,"href":"https:\/\/thefortune.one\/pt\/wp-json\/wp\/v2\/media\/4786"}],"wp:attachment":[{"href":"https:\/\/thefortune.one\/pt\/wp-json\/wp\/v2\/media?parent=4785"}],"wp:term":[{"taxonomy":"category","embeddable":true,"href":"https:\/\/thefortune.one\/pt\/wp-json\/wp\/v2\/categories?post=4785"},{"taxonomy":"post_tag","embeddable":true,"href":"https:\/\/thefortune.one\/pt\/wp-json\/wp\/v2\/tags?post=4785"}],"curies":[{"name":"wp","href":"https:\/\/api.w.org\/{rel}","templated":true}]}}