{"id":4782,"date":"2024-03-06T13:45:39","date_gmt":"2024-03-06T13:45:39","guid":{"rendered":"https:\/\/thefortune.one\/?p=4782"},"modified":"2024-03-06T13:45:39","modified_gmt":"2024-03-06T13:45:39","slug":"queda-na-aprovacao-de-lula-na-economia-acende-sinal-de-alerta-para-2026","status":"publish","type":"post","link":"https:\/\/thefortune.one\/pt\/queda-na-aprovacao-de-lula-na-economia-acende-sinal-de-alerta-para-2026\/","title":{"rendered":"Queda na aprova\u00e7\u00e3o de Lula na economia acende sinal de alerta para 2026"},"content":{"rendered":"<figure class=\"wp-block-image size-full\"><img fetchpriority=\"high\" decoding=\"async\" width=\"900\" height=\"506\" src=\"https:\/\/thefortune.one\/wp-content\/uploads\/2024\/03\/image-1.png\" alt=\"\" class=\"wp-image-4783\" srcset=\"https:\/\/thefortune.one\/wp-content\/uploads\/2024\/03\/image-1.png 900w, https:\/\/thefortune.one\/wp-content\/uploads\/2024\/03\/image-1-300x169.png 300w, https:\/\/thefortune.one\/wp-content\/uploads\/2024\/03\/image-1-768x432.png 768w, https:\/\/thefortune.one\/wp-content\/uploads\/2024\/03\/image-1-18x10.png 18w\" sizes=\"(max-width: 900px) 100vw, 900px\" \/><\/figure>\n\n\n\n<p>A avalia\u00e7\u00e3o positiva do governo Lula passou de 40%, em fevereiro de 2023, para 35%, em fevereiro de 2024, enquanto a negativa foi de 20% para 34% no mesmo per\u00edodo. Dois fatores s\u00e3o apontados pela pesquisa Genial\/Quaest, divulgada nesta quarta (6), um crescimento na insatisfa\u00e7\u00e3o entre os evang\u00e9licos e a percep\u00e7\u00e3o geral sobre a economia. O segundo ponto deveria acender um sinal de alerta para a comunica\u00e7\u00e3o do governo.<\/p>\n\n\n\n<p>O descontentamento de evang\u00e9licos com as declara\u00e7\u00f5es de Lula sobre Israel por conta do conflito em Gaza s\u00e3o conjunturais e devem perder for\u00e7a em algum momento. Vai ser substitu\u00edda por outra pol\u00eamica, certamente, uma vez que o bolsonarismo usa parte desse grupo demogr\u00e1fico como seu ar\u00edete.<\/p>\n\n\n\n<p>Mas se a percep\u00e7\u00e3o sobre a economia estivesse melhor entre os evang\u00e9licos, principalmente os da classe m\u00e9dia baixa, eles pr\u00f3prios estariam menos cr\u00edticos ao governo.<\/p>\n\n\n\n<p>O IPCA, a infla\u00e7\u00e3o ao consumidor, freou, registrando 4,62% no ano passado &#8211; ficando abaixo do teto da meta pela primeira vez em dois anos. Em 2022, ela foi de 5,79% e, em 2021, 10,06%. Houve queda significativa em itens como carne &#8211; apesar do mimimi bolsonarista, a picanha caiu sim, em m\u00e9dia, segundo o IBGE, no ano passado.<\/p>\n\n\n\n<p>Mas, tirando a Faria Lima, ningu\u00e9m come teto de meta. No geral, os pre\u00e7os se mantiveram em patamares elevados ap\u00f3s as altas dos \u00faltimos anos. Isso sem contar os aumentos conjunturais devido ao clima horroroso. As perdas para a agricultura trazidas pelo El Ni\u00f1o agravado pelas mudan\u00e7as clim\u00e1ticas fizeram com que a alimenta\u00e7\u00e3o em domic\u00edlio ficasse mais cara para os brasileiros nos \u00faltimos meses.<\/p>\n\n\n\n<p>A carne continua caindo, mas a batata, cenoura e o feij\u00e3o, por exemplo, cacetaram sem d\u00f3 o bolso do consumidor. E o pre\u00e7o de alimentos afeta mais a classe trabalhadora, que tem nele um dos principais itens de seu or\u00e7amento: se a infla\u00e7\u00e3o geral de janeiro ficou em 0,42%, a alta do custo de comer em casa subiu 1,81%, segundo o IPCA.<\/p>\n\n\n\n<p>Enquanto isso, a taxa de desemprego no Brasil foi de 7,6% no trimestre encerrado em janeiro, segundo a Pesquisa Nacional por Amostra de Domic\u00edlios (PNAD) Cont\u00ednua do IBGE. No mesmo trimestre de 2023, a taxa era de 8,4%, e no mesmo per\u00edodo em 2022, 11,2%. Estamos na menor taxa para o per\u00edodo desde janeiro de 2015.<\/p>\n\n\n\n<p>Ao mesmo tempo em que a popula\u00e7\u00e3o ocupada aumentou, a renda m\u00e9dia avan\u00e7ou 3,8% no primeiro ano de Lula.<\/p>\n\n\n\n<p>Contudo, infla\u00e7\u00e3o menor n\u00e3o significa que pre\u00e7os voltaram a patamares anteriores ao salto inflacion\u00e1rio de 2021 e 2022. Tampouco o aumento na renda compensou a corros\u00e3o do poder de compra trazida pela infla\u00e7\u00e3o. Ou seja, a economia est\u00e1 melhor e com perspectivas melhores, mas isso n\u00e3o se traduziu, necessariamente, em percep\u00e7\u00e3o de melhora pelos trabalhadores.<\/p>\n\n\n\n<p>Novamente, trabalhadores n\u00e3o comem Reforma Tribut\u00e1ria, nem arcabou\u00e7o fiscal.<\/p>\n\n\n\n<p>A pesquisa Genial\/Quaest mostra que a popula\u00e7\u00e3o sentiu a alta do IPCA de janeiro: questionados sobre os pre\u00e7os dos alimentos no \u00faltimo m\u00eas, 73% afirmam que eles subiram. A alta em contas foi sentida por 63% e dos combust\u00edveis por 51%.<\/p>\n\n\n\n<p>O sentimento sobre os problemas de hoje gera uma releitura inclusive sobre os de ontem. Para 38%, a economia piorou nos \u00faltimos 12 meses, 34% dizem que ela se manteve est\u00e1vel e 26%, que melhorou. Em agosto de 2023, eram 34% que diziam que ela tinha melhorado, 39% que se mantinha est\u00e1vel e 23% que piorou. A diferen\u00e7a entre os dois momentos era, principalmente, os pre\u00e7os.<\/p>\n\n\n\n<p>A maior parte (46%) ainda se mostra otimista com a melhora da economia nos pr\u00f3ximos 12 meses, frente a 31% que acha que vai piorar e 19% que se manter\u00e1 como est\u00e1. Mas em dezembro do ano passado, eram 55% os otimistas e 25% os pessimistas.<\/p>\n\n\n\n<p>Lula, se quiser a reelei\u00e7\u00e3o, precisa aprender com a situa\u00e7\u00e3o nos Estados Unidos. Por l\u00e1, a infla\u00e7\u00e3o caiu, a renda est\u00e1 subindo e o desemprego est\u00e1 bem baixo. Mesmo assim, Joe Biden ter\u00e1 problemas para vencer Donald Trump por conta da corros\u00e3o do poder de compra e, portanto, da queda na qualidade de vida. Por mais que esse BO tivesse sido gestado no governo Trump e n\u00e3o no dele.<\/p>\n\n\n\n<p>Isso sem contar que os EUA vivem uma ultrapolariza\u00e7\u00e3o com cristaliza\u00e7\u00e3o de pontos de vista que s\u00e3o imperme\u00e1veis \u00e0 informa\u00e7\u00e3o. Se para um naco significativo dos republicanos, Biden perdeu e assumiu ilegalmente a Presid\u00eancia, a melhora de indicadores econ\u00f4micos, que \u00e9 um fato, \u00e9 mais facilmente tratado por trumpistas como fake news sob argumentos estapaf\u00fardios.<\/p>\n\n\n\n<p>A economia ainda \u00e9 a chave para a reelei\u00e7\u00e3o de Biden, e o partido democrata vai bombar intensamente propagandas mostrando que a vida melhorou sob o atual presidente e piorou sob o anterior. Uma vez que esse ganho n\u00e3o foi estrondoso, a Biden vai ter que mostrar (e convencer) o trabalhador, principalmente os chamados blue collars, os oper\u00e1rios, que eles est\u00e3o melhores com ele.<\/p>\n\n\n\n<p>Se a melhora nos indicadores econ\u00f4micos, que de fato ocorreu, n\u00e3o se traduzir em um salto significativo para a vida da classe m\u00e9dia no Brasil, tal como ocorreu nos seus dois primeiros mandatos, o que jogou sua popularidade nas alturas, Lula ter\u00e1 que seguir pelo caminho da campanha de Biden e mostrar que a vida melhorou.<\/p>\n\n\n\n<p>Nos EUA, democratas se arrependem, dizendo que isso deveria ter sido feito com for\u00e7a desde 2022, dois anos antes. No Brasil, faltam pouco mais de dois anos para as elei\u00e7\u00f5es gerais de 2026.<\/p>\n\n\n\n<p>Elei\u00e7\u00f5es mostram que o pov\u00e3o n\u00e3o quer saber quem \u00e9 o culpado por n\u00e3o conseguir comprar o brinquedo para os filhos, pois culpa sempre o gerente de plant\u00e3o. A maior parte dos eleitores n\u00e3o deu as costas a Jair pelas acusa\u00e7\u00f5es de &#8220;golpista&#8221; e &#8220;genocida&#8221;, mas pelo Bolsocaro. Isso precisa ser levado em conta pelo gerente de hoje na hora de escolher a prioridade de sua comunica\u00e7\u00e3o ao pa\u00eds.<\/p>\n\n\n\n<p>Fonte:https:\/\/noticias.uol.com.br\/colunas\/leonardo-sakamoto\/2024\/03\/06\/queda-na-aprovacao-de-lula-na-economia-acende-sinal-de-alerta-para-2026.htm<\/p>","protected":false},"excerpt":{"rendered":"<p>A avalia\u00e7\u00e3o positiva do governo Lula passou de 40%, em fevereiro de 2023, para 35%, em fevereiro de 2024, enquanto a negativa foi de 20% para 34% no mesmo per\u00edodo. Dois fatores s\u00e3o apontados pela pesquisa Genial\/Quaest, divulgada nesta quarta (6), um crescimento na insatisfa\u00e7\u00e3o entre os evang\u00e9licos e a percep\u00e7\u00e3o geral sobre a economia. [&hellip;]<\/p>\n","protected":false},"author":3,"featured_media":4783,"comment_status":"open","ping_status":"open","sticky":false,"template":"","format":"standard","meta":{"_joinchat":[],"footnotes":""},"categories":[1],"tags":[],"class_list":["post-4782","post","type-post","status-publish","format-standard","has-post-thumbnail","hentry","category-the-fortune-one"],"yoast_head":"<!-- This site is optimized with the Yoast SEO plugin v27.5 - https:\/\/yoast.com\/product\/yoast-seo-wordpress\/ -->\n<title>Queda na aprova\u00e7\u00e3o de Lula na economia acende sinal de alerta para 2026 - The Fortune.one<\/title>\n<meta name=\"description\" content=\"Somos especialistas em gest\u00e3o patrimonial, op\u00e7\u00f5es de investimentos para diversos perfis, nosso diferencial \u00e9 comprovado com resultados.\" \/>\n<meta name=\"robots\" content=\"index, follow, max-snippet:-1, max-image-preview:large, max-video-preview:-1\" \/>\n<link rel=\"canonical\" href=\"https:\/\/thefortune.one\/pt\/queda-na-aprovacao-de-lula-na-economia-acende-sinal-de-alerta-para-2026\/\" \/>\n<meta property=\"og:locale\" content=\"pt_BR\" \/>\n<meta property=\"og:type\" content=\"article\" \/>\n<meta property=\"og:title\" content=\"Queda na aprova\u00e7\u00e3o de Lula na economia acende sinal de alerta para 2026 - The Fortune.one\" \/>\n<meta property=\"og:description\" content=\"Somos especialistas em gest\u00e3o patrimonial, op\u00e7\u00f5es de investimentos para diversos perfis, nosso diferencial \u00e9 comprovado com resultados.\" \/>\n<meta property=\"og:url\" content=\"https:\/\/thefortune.one\/pt\/queda-na-aprovacao-de-lula-na-economia-acende-sinal-de-alerta-para-2026\/\" \/>\n<meta property=\"og:site_name\" content=\"The Fortune.one\" \/>\n<meta property=\"article:published_time\" content=\"2024-03-06T13:45:39+00:00\" \/>\n<meta property=\"og:image\" content=\"https:\/\/thefortune.one\/wp-content\/uploads\/2024\/03\/image-1.png\" \/>\n\t<meta property=\"og:image:width\" content=\"900\" \/>\n\t<meta property=\"og:image:height\" content=\"506\" \/>\n\t<meta property=\"og:image:type\" content=\"image\/png\" \/>\n<meta name=\"author\" content=\"bianca\" \/>\n<meta name=\"twitter:card\" content=\"summary_large_image\" \/>\n<meta name=\"twitter:label1\" content=\"Escrito por\" \/>\n\t<meta name=\"twitter:data1\" content=\"bianca\" \/>\n\t<meta name=\"twitter:label2\" content=\"Est. tempo de leitura\" \/>\n\t<meta name=\"twitter:data2\" content=\"5 minutos\" \/>\n<script type=\"application\/ld+json\" class=\"yoast-schema-graph\">{\"@context\":\"https:\\\/\\\/schema.org\",\"@graph\":[{\"@type\":\"Article\",\"@id\":\"https:\\\/\\\/thefortune.one\\\/pt\\\/queda-na-aprovacao-de-lula-na-economia-acende-sinal-de-alerta-para-2026\\\/#article\",\"isPartOf\":{\"@id\":\"https:\\\/\\\/thefortune.one\\\/pt\\\/queda-na-aprovacao-de-lula-na-economia-acende-sinal-de-alerta-para-2026\\\/\"},\"author\":{\"name\":\"bianca\",\"@id\":\"https:\\\/\\\/thefortune.one\\\/pt\\\/#\\\/schema\\\/person\\\/6cd8fe72a627d36caabf41815984a16f\"},\"headline\":\"Queda na aprova\u00e7\u00e3o de Lula na economia acende sinal de alerta para 2026\",\"datePublished\":\"2024-03-06T13:45:39+00:00\",\"mainEntityOfPage\":{\"@id\":\"https:\\\/\\\/thefortune.one\\\/pt\\\/queda-na-aprovacao-de-lula-na-economia-acende-sinal-de-alerta-para-2026\\\/\"},\"wordCount\":1033,\"commentCount\":0,\"publisher\":{\"@id\":\"https:\\\/\\\/thefortune.one\\\/pt\\\/#organization\"},\"image\":{\"@id\":\"https:\\\/\\\/thefortune.one\\\/pt\\\/queda-na-aprovacao-de-lula-na-economia-acende-sinal-de-alerta-para-2026\\\/#primaryimage\"},\"thumbnailUrl\":\"https:\\\/\\\/thefortune.one\\\/wp-content\\\/uploads\\\/2024\\\/03\\\/image-1.png\",\"articleSection\":[\"The Fortune.one\"],\"inLanguage\":\"pt-BR\",\"potentialAction\":[{\"@type\":\"CommentAction\",\"name\":\"Comment\",\"target\":[\"https:\\\/\\\/thefortune.one\\\/pt\\\/queda-na-aprovacao-de-lula-na-economia-acende-sinal-de-alerta-para-2026\\\/#respond\"]}]},{\"@type\":\"WebPage\",\"@id\":\"https:\\\/\\\/thefortune.one\\\/pt\\\/queda-na-aprovacao-de-lula-na-economia-acende-sinal-de-alerta-para-2026\\\/\",\"url\":\"https:\\\/\\\/thefortune.one\\\/pt\\\/queda-na-aprovacao-de-lula-na-economia-acende-sinal-de-alerta-para-2026\\\/\",\"name\":\"Queda na aprova\u00e7\u00e3o de Lula na economia acende sinal de alerta para 2026 - The Fortune.one\",\"isPartOf\":{\"@id\":\"https:\\\/\\\/thefortune.one\\\/pt\\\/#website\"},\"primaryImageOfPage\":{\"@id\":\"https:\\\/\\\/thefortune.one\\\/pt\\\/queda-na-aprovacao-de-lula-na-economia-acende-sinal-de-alerta-para-2026\\\/#primaryimage\"},\"image\":{\"@id\":\"https:\\\/\\\/thefortune.one\\\/pt\\\/queda-na-aprovacao-de-lula-na-economia-acende-sinal-de-alerta-para-2026\\\/#primaryimage\"},\"thumbnailUrl\":\"https:\\\/\\\/thefortune.one\\\/wp-content\\\/uploads\\\/2024\\\/03\\\/image-1.png\",\"datePublished\":\"2024-03-06T13:45:39+00:00\",\"description\":\"Somos especialistas em gest\u00e3o patrimonial, op\u00e7\u00f5es de investimentos para diversos perfis, nosso diferencial \u00e9 comprovado com resultados.\",\"breadcrumb\":{\"@id\":\"https:\\\/\\\/thefortune.one\\\/pt\\\/queda-na-aprovacao-de-lula-na-economia-acende-sinal-de-alerta-para-2026\\\/#breadcrumb\"},\"inLanguage\":\"pt-BR\",\"potentialAction\":[{\"@type\":\"ReadAction\",\"target\":[\"https:\\\/\\\/thefortune.one\\\/pt\\\/queda-na-aprovacao-de-lula-na-economia-acende-sinal-de-alerta-para-2026\\\/\"]}]},{\"@type\":\"ImageObject\",\"inLanguage\":\"pt-BR\",\"@id\":\"https:\\\/\\\/thefortune.one\\\/pt\\\/queda-na-aprovacao-de-lula-na-economia-acende-sinal-de-alerta-para-2026\\\/#primaryimage\",\"url\":\"https:\\\/\\\/thefortune.one\\\/wp-content\\\/uploads\\\/2024\\\/03\\\/image-1.png\",\"contentUrl\":\"https:\\\/\\\/thefortune.one\\\/wp-content\\\/uploads\\\/2024\\\/03\\\/image-1.png\",\"width\":900,\"height\":506},{\"@type\":\"BreadcrumbList\",\"@id\":\"https:\\\/\\\/thefortune.one\\\/pt\\\/queda-na-aprovacao-de-lula-na-economia-acende-sinal-de-alerta-para-2026\\\/#breadcrumb\",\"itemListElement\":[{\"@type\":\"ListItem\",\"position\":1,\"name\":\"In\u00edcio\",\"item\":\"https:\\\/\\\/thefortune.one\\\/pt\\\/\"},{\"@type\":\"ListItem\",\"position\":2,\"name\":\"Queda na aprova\u00e7\u00e3o de Lula na economia acende sinal de alerta para 2026\"}]},{\"@type\":\"WebSite\",\"@id\":\"https:\\\/\\\/thefortune.one\\\/pt\\\/#website\",\"url\":\"https:\\\/\\\/thefortune.one\\\/pt\\\/\",\"name\":\"The Fortune.one\",\"description\":\"Gestora de Recursos Especializada em Private Equity\",\"publisher\":{\"@id\":\"https:\\\/\\\/thefortune.one\\\/pt\\\/#organization\"},\"potentialAction\":[{\"@type\":\"SearchAction\",\"target\":{\"@type\":\"EntryPoint\",\"urlTemplate\":\"https:\\\/\\\/thefortune.one\\\/pt\\\/?s={search_term_string}\"},\"query-input\":{\"@type\":\"PropertyValueSpecification\",\"valueRequired\":true,\"valueName\":\"search_term_string\"}}],\"inLanguage\":\"pt-BR\"},{\"@type\":\"Organization\",\"@id\":\"https:\\\/\\\/thefortune.one\\\/pt\\\/#organization\",\"name\":\"The Fortune One\",\"url\":\"https:\\\/\\\/thefortune.one\\\/pt\\\/\",\"logo\":{\"@type\":\"ImageObject\",\"inLanguage\":\"pt-BR\",\"@id\":\"https:\\\/\\\/thefortune.one\\\/pt\\\/#\\\/schema\\\/logo\\\/image\\\/\",\"url\":\"https:\\\/\\\/thefortune.one\\\/wp-content\\\/uploads\\\/2022\\\/11\\\/cropped-cropped-1651682701199-1.jpg\",\"contentUrl\":\"https:\\\/\\\/thefortune.one\\\/wp-content\\\/uploads\\\/2022\\\/11\\\/cropped-cropped-1651682701199-1.jpg\",\"width\":369,\"height\":421,\"caption\":\"The Fortune One\"},\"image\":{\"@id\":\"https:\\\/\\\/thefortune.one\\\/pt\\\/#\\\/schema\\\/logo\\\/image\\\/\"}},{\"@type\":\"Person\",\"@id\":\"https:\\\/\\\/thefortune.one\\\/pt\\\/#\\\/schema\\\/person\\\/6cd8fe72a627d36caabf41815984a16f\",\"name\":\"bianca\",\"image\":{\"@type\":\"ImageObject\",\"inLanguage\":\"pt-BR\",\"@id\":\"https:\\\/\\\/secure.gravatar.com\\\/avatar\\\/66cd7b00d93410555e00d1e6a911a86de0cd0cfa4f83a2f8b47eddc2968c98af?s=96&d=mm&r=g\",\"url\":\"https:\\\/\\\/secure.gravatar.com\\\/avatar\\\/66cd7b00d93410555e00d1e6a911a86de0cd0cfa4f83a2f8b47eddc2968c98af?s=96&d=mm&r=g\",\"contentUrl\":\"https:\\\/\\\/secure.gravatar.com\\\/avatar\\\/66cd7b00d93410555e00d1e6a911a86de0cd0cfa4f83a2f8b47eddc2968c98af?s=96&d=mm&r=g\",\"caption\":\"bianca\"},\"url\":\"https:\\\/\\\/thefortune.one\\\/pt\\\/author\\\/bianca\\\/\"}]}<\/script>\n<!-- \/ Yoast SEO plugin. -->","yoast_head_json":{"title":"Queda na aprova\u00e7\u00e3o de Lula na economia acende sinal de alerta para 2026 - The Fortune.one","description":"Somos especialistas em gest\u00e3o patrimonial, op\u00e7\u00f5es de investimentos para diversos perfis, nosso diferencial \u00e9 comprovado com resultados.","robots":{"index":"index","follow":"follow","max-snippet":"max-snippet:-1","max-image-preview":"max-image-preview:large","max-video-preview":"max-video-preview:-1"},"canonical":"https:\/\/thefortune.one\/pt\/queda-na-aprovacao-de-lula-na-economia-acende-sinal-de-alerta-para-2026\/","og_locale":"pt_BR","og_type":"article","og_title":"Queda na aprova\u00e7\u00e3o de Lula na economia acende sinal de alerta para 2026 - The Fortune.one","og_description":"Somos especialistas em gest\u00e3o patrimonial, op\u00e7\u00f5es de investimentos para diversos perfis, nosso diferencial \u00e9 comprovado com resultados.","og_url":"https:\/\/thefortune.one\/pt\/queda-na-aprovacao-de-lula-na-economia-acende-sinal-de-alerta-para-2026\/","og_site_name":"The Fortune.one","article_published_time":"2024-03-06T13:45:39+00:00","og_image":[{"width":900,"height":506,"url":"https:\/\/thefortune.one\/wp-content\/uploads\/2024\/03\/image-1.png","type":"image\/png"}],"author":"bianca","twitter_card":"summary_large_image","twitter_misc":{"Escrito por":"bianca","Est. tempo de leitura":"5 minutos"},"schema":{"@context":"https:\/\/schema.org","@graph":[{"@type":"Article","@id":"https:\/\/thefortune.one\/pt\/queda-na-aprovacao-de-lula-na-economia-acende-sinal-de-alerta-para-2026\/#article","isPartOf":{"@id":"https:\/\/thefortune.one\/pt\/queda-na-aprovacao-de-lula-na-economia-acende-sinal-de-alerta-para-2026\/"},"author":{"name":"bianca","@id":"https:\/\/thefortune.one\/pt\/#\/schema\/person\/6cd8fe72a627d36caabf41815984a16f"},"headline":"Queda na aprova\u00e7\u00e3o de Lula na economia acende sinal de alerta para 2026","datePublished":"2024-03-06T13:45:39+00:00","mainEntityOfPage":{"@id":"https:\/\/thefortune.one\/pt\/queda-na-aprovacao-de-lula-na-economia-acende-sinal-de-alerta-para-2026\/"},"wordCount":1033,"commentCount":0,"publisher":{"@id":"https:\/\/thefortune.one\/pt\/#organization"},"image":{"@id":"https:\/\/thefortune.one\/pt\/queda-na-aprovacao-de-lula-na-economia-acende-sinal-de-alerta-para-2026\/#primaryimage"},"thumbnailUrl":"https:\/\/thefortune.one\/wp-content\/uploads\/2024\/03\/image-1.png","articleSection":["The Fortune.one"],"inLanguage":"pt-BR","potentialAction":[{"@type":"CommentAction","name":"Comment","target":["https:\/\/thefortune.one\/pt\/queda-na-aprovacao-de-lula-na-economia-acende-sinal-de-alerta-para-2026\/#respond"]}]},{"@type":"WebPage","@id":"https:\/\/thefortune.one\/pt\/queda-na-aprovacao-de-lula-na-economia-acende-sinal-de-alerta-para-2026\/","url":"https:\/\/thefortune.one\/pt\/queda-na-aprovacao-de-lula-na-economia-acende-sinal-de-alerta-para-2026\/","name":"Queda na aprova\u00e7\u00e3o de Lula na economia acende sinal de alerta para 2026 - The Fortune.one","isPartOf":{"@id":"https:\/\/thefortune.one\/pt\/#website"},"primaryImageOfPage":{"@id":"https:\/\/thefortune.one\/pt\/queda-na-aprovacao-de-lula-na-economia-acende-sinal-de-alerta-para-2026\/#primaryimage"},"image":{"@id":"https:\/\/thefortune.one\/pt\/queda-na-aprovacao-de-lula-na-economia-acende-sinal-de-alerta-para-2026\/#primaryimage"},"thumbnailUrl":"https:\/\/thefortune.one\/wp-content\/uploads\/2024\/03\/image-1.png","datePublished":"2024-03-06T13:45:39+00:00","description":"Somos especialistas em gest\u00e3o patrimonial, op\u00e7\u00f5es de investimentos para diversos perfis, nosso diferencial \u00e9 comprovado com resultados.","breadcrumb":{"@id":"https:\/\/thefortune.one\/pt\/queda-na-aprovacao-de-lula-na-economia-acende-sinal-de-alerta-para-2026\/#breadcrumb"},"inLanguage":"pt-BR","potentialAction":[{"@type":"ReadAction","target":["https:\/\/thefortune.one\/pt\/queda-na-aprovacao-de-lula-na-economia-acende-sinal-de-alerta-para-2026\/"]}]},{"@type":"ImageObject","inLanguage":"pt-BR","@id":"https:\/\/thefortune.one\/pt\/queda-na-aprovacao-de-lula-na-economia-acende-sinal-de-alerta-para-2026\/#primaryimage","url":"https:\/\/thefortune.one\/wp-content\/uploads\/2024\/03\/image-1.png","contentUrl":"https:\/\/thefortune.one\/wp-content\/uploads\/2024\/03\/image-1.png","width":900,"height":506},{"@type":"BreadcrumbList","@id":"https:\/\/thefortune.one\/pt\/queda-na-aprovacao-de-lula-na-economia-acende-sinal-de-alerta-para-2026\/#breadcrumb","itemListElement":[{"@type":"ListItem","position":1,"name":"In\u00edcio","item":"https:\/\/thefortune.one\/pt\/"},{"@type":"ListItem","position":2,"name":"Queda na aprova\u00e7\u00e3o de Lula na economia acende sinal de alerta para 2026"}]},{"@type":"WebSite","@id":"https:\/\/thefortune.one\/pt\/#website","url":"https:\/\/thefortune.one\/pt\/","name":"The Fortune.one","description":"Gestora de Recursos Especializada em Private Equity","publisher":{"@id":"https:\/\/thefortune.one\/pt\/#organization"},"potentialAction":[{"@type":"SearchAction","target":{"@type":"EntryPoint","urlTemplate":"https:\/\/thefortune.one\/pt\/?s={search_term_string}"},"query-input":{"@type":"PropertyValueSpecification","valueRequired":true,"valueName":"search_term_string"}}],"inLanguage":"pt-BR"},{"@type":"Organization","@id":"https:\/\/thefortune.one\/pt\/#organization","name":"The Fortune One","url":"https:\/\/thefortune.one\/pt\/","logo":{"@type":"ImageObject","inLanguage":"pt-BR","@id":"https:\/\/thefortune.one\/pt\/#\/schema\/logo\/image\/","url":"https:\/\/thefortune.one\/wp-content\/uploads\/2022\/11\/cropped-cropped-1651682701199-1.jpg","contentUrl":"https:\/\/thefortune.one\/wp-content\/uploads\/2022\/11\/cropped-cropped-1651682701199-1.jpg","width":369,"height":421,"caption":"The Fortune One"},"image":{"@id":"https:\/\/thefortune.one\/pt\/#\/schema\/logo\/image\/"}},{"@type":"Person","@id":"https:\/\/thefortune.one\/pt\/#\/schema\/person\/6cd8fe72a627d36caabf41815984a16f","name":"bianca","image":{"@type":"ImageObject","inLanguage":"pt-BR","@id":"https:\/\/secure.gravatar.com\/avatar\/66cd7b00d93410555e00d1e6a911a86de0cd0cfa4f83a2f8b47eddc2968c98af?s=96&d=mm&r=g","url":"https:\/\/secure.gravatar.com\/avatar\/66cd7b00d93410555e00d1e6a911a86de0cd0cfa4f83a2f8b47eddc2968c98af?s=96&d=mm&r=g","contentUrl":"https:\/\/secure.gravatar.com\/avatar\/66cd7b00d93410555e00d1e6a911a86de0cd0cfa4f83a2f8b47eddc2968c98af?s=96&d=mm&r=g","caption":"bianca"},"url":"https:\/\/thefortune.one\/pt\/author\/bianca\/"}]}},"_links":{"self":[{"href":"https:\/\/thefortune.one\/pt\/wp-json\/wp\/v2\/posts\/4782","targetHints":{"allow":["GET"]}}],"collection":[{"href":"https:\/\/thefortune.one\/pt\/wp-json\/wp\/v2\/posts"}],"about":[{"href":"https:\/\/thefortune.one\/pt\/wp-json\/wp\/v2\/types\/post"}],"author":[{"embeddable":true,"href":"https:\/\/thefortune.one\/pt\/wp-json\/wp\/v2\/users\/3"}],"replies":[{"embeddable":true,"href":"https:\/\/thefortune.one\/pt\/wp-json\/wp\/v2\/comments?post=4782"}],"version-history":[{"count":1,"href":"https:\/\/thefortune.one\/pt\/wp-json\/wp\/v2\/posts\/4782\/revisions"}],"predecessor-version":[{"id":4784,"href":"https:\/\/thefortune.one\/pt\/wp-json\/wp\/v2\/posts\/4782\/revisions\/4784"}],"wp:featuredmedia":[{"embeddable":true,"href":"https:\/\/thefortune.one\/pt\/wp-json\/wp\/v2\/media\/4783"}],"wp:attachment":[{"href":"https:\/\/thefortune.one\/pt\/wp-json\/wp\/v2\/media?parent=4782"}],"wp:term":[{"taxonomy":"category","embeddable":true,"href":"https:\/\/thefortune.one\/pt\/wp-json\/wp\/v2\/categories?post=4782"},{"taxonomy":"post_tag","embeddable":true,"href":"https:\/\/thefortune.one\/pt\/wp-json\/wp\/v2\/tags?post=4782"}],"curies":[{"name":"wp","href":"https:\/\/api.w.org\/{rel}","templated":true}]}}