{"id":4767,"date":"2024-02-27T12:37:13","date_gmt":"2024-02-27T12:37:13","guid":{"rendered":"https:\/\/thefortune.one\/?p=4767"},"modified":"2024-02-27T12:37:13","modified_gmt":"2024-02-27T12:37:13","slug":"governo-lula-nao-vai-vender-imoveis-para-aumentar-arrecadacao-diz-ministra","status":"publish","type":"post","link":"https:\/\/thefortune.one\/pt\/governo-lula-nao-vai-vender-imoveis-para-aumentar-arrecadacao-diz-ministra\/","title":{"rendered":"Governo Lula n\u00e3o vai vender im\u00f3veis para aumentar arrecada\u00e7\u00e3o, diz ministra"},"content":{"rendered":"<p>Programa visa dar diversos tipos de destina\u00e7\u00f5es a ativos da administra\u00e7\u00e3o federal que hoje n\u00e3o t\u00eam uso adequado<a href=\"https:\/\/web.whatsapp.com\/send?text=Governo%20Lula%20n%C3%A3o%20vai%20vender%20im%C3%B3veis%20para%20aumentar%20arrecada%C3%A7%C3%A3o,%20diz%20ministra%20https%3A%2F%2Finteligenciafinanceira.com.br%2Fmercado-financeiro%2Fpolitica%2Fimoveis-da-uniao-arrecadacao-governo-lula%2F\" target=\"_blank\" rel=\"noreferrer noopener\"><\/a><a href=\"https:\/\/www.linkedin.com\/sharing\/share-offsite\/?url=https%3A%2F%2Finteligenciafinanceira.com.br%2Fmercado-financeiro%2Fpolitica%2Fimoveis-da-uniao-arrecadacao-governo-lula%2F&amp;title=Governo%20Lula%20n%C3%A3o%20vai%20vender%20im%C3%B3veis%20para%20aumentar%20arrecada%C3%A7%C3%A3o,%20diz%20ministra\" target=\"_blank\" rel=\"noreferrer noopener\"><\/a><a href=\"https:\/\/t.me\/share\/url?url=https%3A%2F%2Finteligenciafinanceira.com.br%2Fmercado-financeiro%2Fpolitica%2Fimoveis-da-uniao-arrecadacao-governo-lula%2F&amp;text=Governo%20Lula%20n%C3%A3o%20vai%20vender%20im%C3%B3veis%20para%20aumentar%20arrecada%C3%A7%C3%A3o,%20diz%20ministra\" target=\"_blank\" rel=\"noreferrer noopener\"><\/a><a href=\"https:\/\/twitter.com\/intent\/tweet?text=Governo%20Lula%20n%C3%A3o%20vai%20vender%20im%C3%B3veis%20para%20aumentar%20arrecada%C3%A7%C3%A3o,%20diz%20ministra&amp;url=https%3A%2F%2Finteligenciafinanceira.com.br%2Fmercado-financeiro%2Fpolitica%2Fimoveis-da-uniao-arrecadacao-governo-lula%2F&amp;\" target=\"_blank\" rel=\"noreferrer noopener\"><\/a><a href=\"https:\/\/www.facebook.com\/sharer\/sharer.php?u=https%3A%2F%2Finteligenciafinanceira.com.br%2Fmercado-financeiro%2Fpolitica%2Fimoveis-da-uniao-arrecadacao-governo-lula%2F\" target=\"_blank\" rel=\"noreferrer noopener\"><\/a><a href=\"mailto:?subject=Governo%20Lula%20n%C3%A3o%20vai%20vender%20im%C3%B3veis%20para%20aumentar%20arrecada%C3%A7%C3%A3o,%20diz%20ministra&amp;body=Veja%20mais%20em%20https%3A%2F%2Finteligenciafinanceira.com.br%2Fmercado-financeiro%2Fpolitica%2Fimoveis-da-uniao-arrecadacao-governo-lula%2F\" target=\"_blank\" rel=\"noreferrer noopener\"><\/a><a href=\"https:\/\/inteligenciafinanceira.com.br\/mercado-financeiro\/politica\/imoveis-da-uniao-arrecadacao-governo-lula\/#copy_link\"><\/a><\/p>\n\n\n\n<figure class=\"wp-block-image\"><img decoding=\"async\" src=\"https:\/\/inteligenciafinanceira.com.br\/wp-content\/uploads\/2024\/02\/ministra-gestao-esther-dweck.jpg?w=396\" alt=\"Governo Lula n\u00e3o vai vender im\u00f3veis para aumentar arrecada\u00e7\u00e3o, diz ministra\" \/><figcaption class=\"wp-element-caption\">A ministra da Gest\u00e3o e Inova\u00e7\u00e3o em Servi\u00e7os P\u00fablicos, Esther Dweck, durante coletiva, no minist\u00e9rio da Fazenda. Foto: Valter Campanato\/Ag\u00eancia Brasil<\/figcaption><\/figure>\n\n\n\n<p>A ministra de Gest\u00e3o e da Inova\u00e7\u00e3o em Servi\u00e7os P\u00fablicos, Esther Dweck, afirmou nesta segunda-feira (26) que&nbsp;<a href=\"https:\/\/inteligenciafinanceira.com.br\/investimentos\/governo-federal\/\" target=\"_blank\" rel=\"noreferrer noopener\">a vis\u00e3o do governo Lula<\/a>&nbsp;n\u00e3o \u00e9 de vender im\u00f3veis da Uni\u00e3o para aumentar arrecada\u00e7\u00e3o, entendimento que, segundo ela, \u00e9 compartilhado pelo&nbsp;<a href=\"https:\/\/inteligenciafinanceira.com.br\/investimentos\/fernando-haddad\/\" target=\"_blank\" rel=\"noreferrer noopener\">ministro da Fazenda, Fernando Haddad.<\/a><\/p>\n\n\n\n<p>A pasta de Dweck detalhou nesta segunda o programa de democratiza\u00e7\u00e3o de im\u00f3veis da Uni\u00e3o, que visa dar diversos tipos de destina\u00e7\u00f5es a ativos do governo que hoje n\u00e3o t\u00eam uso adequado.<\/p>\n\n\n\n<p>No governo Bolsonaro, o ent\u00e3o ministro da Economia, Paulo Guedes, tamb\u00e9m focou no potencial desses im\u00f3veis, mas principalmente sob a \u00f3tica de aliena\u00e7\u00e3o, chegando a propagar que o valor das vendas poderia atingir R$ 1 trilh\u00e3o.<\/p>\n\n\n\n<p>Esther Dweck foi perguntada sobre esse potencial em coletiva de imprensa, mas qualificou o n\u00famero como \u201csuperestimado\u201d em rela\u00e7\u00e3o ao que realmente poderia render de arrecada\u00e7\u00e3o ao Tesouro, j\u00e1 que nem todos os ativos contabilizados nessa cifra s\u00e3o pass\u00edveis de venda<\/p>\n\n\n\n<p>\u201cEstamos trabalhando com im\u00f3veis que de fato podem ter uma destina\u00e7\u00e3o\u201d, disse a ministra da Gest\u00e3o.<\/p>\n\n\n\n<h2 class=\"wp-block-heading\" id=\"h-deficit-zero\">D\u00e9ficit zero<\/h2>\n\n\n\n<p>Sob o impacto fiscal do programa, dentro do contexto em que Haddad persegue a meta de zerar o d\u00e9ficit do resultado prim\u00e1rio, Dweck garantiu que a pol\u00edtica n\u00e3o ir\u00e1 aumentar gastos.<\/p>\n\n\n\n<p>Segundo ela, o potencial \u00e9 justamente na dire\u00e7\u00e3o contr\u00e1ria, de redu\u00e7\u00e3o de custos para o governo.<\/p>\n\n\n\n<p>Ela citou, por exemplo, que o uso de terrenos da Uni\u00e3o no Minha Casa, Minha Vida (MCMV) pode baratear \u201cde forma consider\u00e1vel\u201d um empreendimento do programa habitacional.<\/p>\n\n\n\n<p>Al\u00e9m disso, defendeu que, em algumas modalidades, ativos poder\u00e3o passar por um processo de valoriza\u00e7\u00e3o, o que amplia o valor do patrim\u00f4nio p\u00fablico.<\/p>\n\n\n\n<h2 class=\"wp-block-heading\" id=\"h-economia-de-recursos\">Economia de recursos<\/h2>\n\n\n\n<p>O ministro da Casa Civil, Rui Costa, acrescentou, por sua vez, que qualquer economia de recursos alcan\u00e7ada ser\u00e1 vertida em aumento de meta dos programas.<\/p>\n\n\n\n<p>Por exemplo, se o uso de um terreno da Uni\u00e3o torna um empreendimento do MCMV mais barato para o governo, o valor economizado ser\u00e1 usado para o lan\u00e7amento de mais unidades.<\/p>\n\n\n\n<p>Apesar de refor\u00e7ar que n\u00e3o h\u00e1 vi\u00e9s arrecadat\u00f3rio, Costa n\u00e3o descartou a possibilidade de alguns dos im\u00f3veis serem leiloados em troca de recurso financeiro que entrar\u00e1 no caixa da Uni\u00e3o.<\/p>\n\n\n\n<p>Citou, por exemplo, ativos que est\u00e3o em \u00e1reas muito valorizadas.<\/p>\n\n\n\n<p>O ministro pontuou, no entanto, que, para certos casos, o leil\u00e3o pode ser feito na modalidade de permuta, em que a iniciativa privada arremata um pr\u00e9dio ou terreno, oferecendo servi\u00e7os em troca \u2013 nesse caso, a contabilidade n\u00e3o entraria no caixa da Uni\u00e3o.<\/p>\n\n\n\n<p>\u201cEstamos alavancando programas\u201d, disse Costa, segundo quem o programa tem fun\u00e7\u00e3o tamb\u00e9m de atrair um volume \u201csubstantivo\u201d de recursos privados.<\/p>\n\n\n\n<p>Fonte:https:\/\/inteligenciafinanceira.com.br\/mercado-financeiro\/politica\/imoveis-da-uniao-arrecadacao-governo-lula\/<\/p>","protected":false},"excerpt":{"rendered":"<p>Programa visa dar diversos tipos de destina\u00e7\u00f5es a ativos da administra\u00e7\u00e3o federal que hoje n\u00e3o t\u00eam uso adequado A ministra de Gest\u00e3o e da Inova\u00e7\u00e3o em Servi\u00e7os P\u00fablicos, Esther Dweck, afirmou nesta segunda-feira (26) que&nbsp;a vis\u00e3o do governo Lula&nbsp;n\u00e3o \u00e9 de vender im\u00f3veis da Uni\u00e3o para aumentar arrecada\u00e7\u00e3o, entendimento que, segundo ela, \u00e9 compartilhado pelo&nbsp;ministro [&hellip;]<\/p>\n","protected":false},"author":3,"featured_media":4768,"comment_status":"open","ping_status":"open","sticky":false,"template":"","format":"standard","meta":{"_joinchat":[],"footnotes":""},"categories":[1],"tags":[],"class_list":["post-4767","post","type-post","status-publish","format-standard","has-post-thumbnail","hentry","category-the-fortune-one"],"yoast_head":"<!-- This site is optimized with the Yoast SEO plugin v27.5 - https:\/\/yoast.com\/product\/yoast-seo-wordpress\/ -->\n<title>Governo Lula n\u00e3o vai vender im\u00f3veis para aumentar arrecada\u00e7\u00e3o, diz ministra - The Fortune.one<\/title>\n<meta name=\"description\" content=\"Somos especialistas em gest\u00e3o patrimonial, op\u00e7\u00f5es de investimentos para diversos perfis, nosso diferencial \u00e9 comprovado com resultados.\" \/>\n<meta name=\"robots\" content=\"index, follow, max-snippet:-1, max-image-preview:large, max-video-preview:-1\" \/>\n<link rel=\"canonical\" href=\"https:\/\/thefortune.one\/pt\/governo-lula-nao-vai-vender-imoveis-para-aumentar-arrecadacao-diz-ministra\/\" \/>\n<meta property=\"og:locale\" content=\"pt_BR\" \/>\n<meta property=\"og:type\" content=\"article\" \/>\n<meta property=\"og:title\" content=\"Governo Lula n\u00e3o vai vender im\u00f3veis para aumentar arrecada\u00e7\u00e3o, diz ministra - The Fortune.one\" \/>\n<meta property=\"og:description\" content=\"Somos especialistas em gest\u00e3o patrimonial, op\u00e7\u00f5es de investimentos para diversos perfis, nosso diferencial \u00e9 comprovado com resultados.\" \/>\n<meta property=\"og:url\" content=\"https:\/\/thefortune.one\/pt\/governo-lula-nao-vai-vender-imoveis-para-aumentar-arrecadacao-diz-ministra\/\" \/>\n<meta property=\"og:site_name\" content=\"The Fortune.one\" \/>\n<meta property=\"article:published_time\" content=\"2024-02-27T12:37:13+00:00\" \/>\n<meta property=\"og:image\" content=\"https:\/\/thefortune.one\/wp-content\/uploads\/2024\/02\/imoveis.jpg\" \/>\n\t<meta property=\"og:image:width\" content=\"396\" \/>\n\t<meta property=\"og:image:height\" content=\"264\" \/>\n\t<meta property=\"og:image:type\" content=\"image\/jpeg\" \/>\n<meta name=\"author\" content=\"bianca\" \/>\n<meta name=\"twitter:card\" content=\"summary_large_image\" \/>\n<meta name=\"twitter:label1\" content=\"Escrito por\" \/>\n\t<meta name=\"twitter:data1\" content=\"bianca\" \/>\n\t<meta name=\"twitter:label2\" content=\"Est. tempo de leitura\" \/>\n\t<meta name=\"twitter:data2\" content=\"3 minutos\" \/>\n<script type=\"application\/ld+json\" class=\"yoast-schema-graph\">{\"@context\":\"https:\\\/\\\/schema.org\",\"@graph\":[{\"@type\":\"Article\",\"@id\":\"https:\\\/\\\/thefortune.one\\\/pt\\\/governo-lula-nao-vai-vender-imoveis-para-aumentar-arrecadacao-diz-ministra\\\/#article\",\"isPartOf\":{\"@id\":\"https:\\\/\\\/thefortune.one\\\/pt\\\/governo-lula-nao-vai-vender-imoveis-para-aumentar-arrecadacao-diz-ministra\\\/\"},\"author\":{\"name\":\"bianca\",\"@id\":\"https:\\\/\\\/thefortune.one\\\/pt\\\/#\\\/schema\\\/person\\\/6cd8fe72a627d36caabf41815984a16f\"},\"headline\":\"Governo Lula n\u00e3o vai vender im\u00f3veis para aumentar arrecada\u00e7\u00e3o, diz ministra\",\"datePublished\":\"2024-02-27T12:37:13+00:00\",\"mainEntityOfPage\":{\"@id\":\"https:\\\/\\\/thefortune.one\\\/pt\\\/governo-lula-nao-vai-vender-imoveis-para-aumentar-arrecadacao-diz-ministra\\\/\"},\"wordCount\":560,\"commentCount\":0,\"publisher\":{\"@id\":\"https:\\\/\\\/thefortune.one\\\/pt\\\/#organization\"},\"image\":{\"@id\":\"https:\\\/\\\/thefortune.one\\\/pt\\\/governo-lula-nao-vai-vender-imoveis-para-aumentar-arrecadacao-diz-ministra\\\/#primaryimage\"},\"thumbnailUrl\":\"https:\\\/\\\/thefortune.one\\\/wp-content\\\/uploads\\\/2024\\\/02\\\/imoveis.jpg\",\"articleSection\":[\"The Fortune.one\"],\"inLanguage\":\"pt-BR\",\"potentialAction\":[{\"@type\":\"CommentAction\",\"name\":\"Comment\",\"target\":[\"https:\\\/\\\/thefortune.one\\\/pt\\\/governo-lula-nao-vai-vender-imoveis-para-aumentar-arrecadacao-diz-ministra\\\/#respond\"]}]},{\"@type\":\"WebPage\",\"@id\":\"https:\\\/\\\/thefortune.one\\\/pt\\\/governo-lula-nao-vai-vender-imoveis-para-aumentar-arrecadacao-diz-ministra\\\/\",\"url\":\"https:\\\/\\\/thefortune.one\\\/pt\\\/governo-lula-nao-vai-vender-imoveis-para-aumentar-arrecadacao-diz-ministra\\\/\",\"name\":\"Governo Lula n\u00e3o vai vender im\u00f3veis para aumentar arrecada\u00e7\u00e3o, diz ministra - The Fortune.one\",\"isPartOf\":{\"@id\":\"https:\\\/\\\/thefortune.one\\\/pt\\\/#website\"},\"primaryImageOfPage\":{\"@id\":\"https:\\\/\\\/thefortune.one\\\/pt\\\/governo-lula-nao-vai-vender-imoveis-para-aumentar-arrecadacao-diz-ministra\\\/#primaryimage\"},\"image\":{\"@id\":\"https:\\\/\\\/thefortune.one\\\/pt\\\/governo-lula-nao-vai-vender-imoveis-para-aumentar-arrecadacao-diz-ministra\\\/#primaryimage\"},\"thumbnailUrl\":\"https:\\\/\\\/thefortune.one\\\/wp-content\\\/uploads\\\/2024\\\/02\\\/imoveis.jpg\",\"datePublished\":\"2024-02-27T12:37:13+00:00\",\"description\":\"Somos especialistas em gest\u00e3o patrimonial, op\u00e7\u00f5es de investimentos para diversos perfis, nosso diferencial \u00e9 comprovado com resultados.\",\"breadcrumb\":{\"@id\":\"https:\\\/\\\/thefortune.one\\\/pt\\\/governo-lula-nao-vai-vender-imoveis-para-aumentar-arrecadacao-diz-ministra\\\/#breadcrumb\"},\"inLanguage\":\"pt-BR\",\"potentialAction\":[{\"@type\":\"ReadAction\",\"target\":[\"https:\\\/\\\/thefortune.one\\\/pt\\\/governo-lula-nao-vai-vender-imoveis-para-aumentar-arrecadacao-diz-ministra\\\/\"]}]},{\"@type\":\"ImageObject\",\"inLanguage\":\"pt-BR\",\"@id\":\"https:\\\/\\\/thefortune.one\\\/pt\\\/governo-lula-nao-vai-vender-imoveis-para-aumentar-arrecadacao-diz-ministra\\\/#primaryimage\",\"url\":\"https:\\\/\\\/thefortune.one\\\/wp-content\\\/uploads\\\/2024\\\/02\\\/imoveis.jpg\",\"contentUrl\":\"https:\\\/\\\/thefortune.one\\\/wp-content\\\/uploads\\\/2024\\\/02\\\/imoveis.jpg\",\"width\":396,\"height\":264},{\"@type\":\"BreadcrumbList\",\"@id\":\"https:\\\/\\\/thefortune.one\\\/pt\\\/governo-lula-nao-vai-vender-imoveis-para-aumentar-arrecadacao-diz-ministra\\\/#breadcrumb\",\"itemListElement\":[{\"@type\":\"ListItem\",\"position\":1,\"name\":\"In\u00edcio\",\"item\":\"https:\\\/\\\/thefortune.one\\\/pt\\\/\"},{\"@type\":\"ListItem\",\"position\":2,\"name\":\"Governo Lula n\u00e3o vai vender im\u00f3veis para aumentar arrecada\u00e7\u00e3o, diz ministra\"}]},{\"@type\":\"WebSite\",\"@id\":\"https:\\\/\\\/thefortune.one\\\/pt\\\/#website\",\"url\":\"https:\\\/\\\/thefortune.one\\\/pt\\\/\",\"name\":\"The Fortune.one\",\"description\":\"Gestora de Recursos Especializada em Private Equity\",\"publisher\":{\"@id\":\"https:\\\/\\\/thefortune.one\\\/pt\\\/#organization\"},\"potentialAction\":[{\"@type\":\"SearchAction\",\"target\":{\"@type\":\"EntryPoint\",\"urlTemplate\":\"https:\\\/\\\/thefortune.one\\\/pt\\\/?s={search_term_string}\"},\"query-input\":{\"@type\":\"PropertyValueSpecification\",\"valueRequired\":true,\"valueName\":\"search_term_string\"}}],\"inLanguage\":\"pt-BR\"},{\"@type\":\"Organization\",\"@id\":\"https:\\\/\\\/thefortune.one\\\/pt\\\/#organization\",\"name\":\"The Fortune One\",\"url\":\"https:\\\/\\\/thefortune.one\\\/pt\\\/\",\"logo\":{\"@type\":\"ImageObject\",\"inLanguage\":\"pt-BR\",\"@id\":\"https:\\\/\\\/thefortune.one\\\/pt\\\/#\\\/schema\\\/logo\\\/image\\\/\",\"url\":\"https:\\\/\\\/thefortune.one\\\/wp-content\\\/uploads\\\/2022\\\/11\\\/cropped-cropped-1651682701199-1.jpg\",\"contentUrl\":\"https:\\\/\\\/thefortune.one\\\/wp-content\\\/uploads\\\/2022\\\/11\\\/cropped-cropped-1651682701199-1.jpg\",\"width\":369,\"height\":421,\"caption\":\"The Fortune One\"},\"image\":{\"@id\":\"https:\\\/\\\/thefortune.one\\\/pt\\\/#\\\/schema\\\/logo\\\/image\\\/\"}},{\"@type\":\"Person\",\"@id\":\"https:\\\/\\\/thefortune.one\\\/pt\\\/#\\\/schema\\\/person\\\/6cd8fe72a627d36caabf41815984a16f\",\"name\":\"bianca\",\"image\":{\"@type\":\"ImageObject\",\"inLanguage\":\"pt-BR\",\"@id\":\"https:\\\/\\\/secure.gravatar.com\\\/avatar\\\/66cd7b00d93410555e00d1e6a911a86de0cd0cfa4f83a2f8b47eddc2968c98af?s=96&d=mm&r=g\",\"url\":\"https:\\\/\\\/secure.gravatar.com\\\/avatar\\\/66cd7b00d93410555e00d1e6a911a86de0cd0cfa4f83a2f8b47eddc2968c98af?s=96&d=mm&r=g\",\"contentUrl\":\"https:\\\/\\\/secure.gravatar.com\\\/avatar\\\/66cd7b00d93410555e00d1e6a911a86de0cd0cfa4f83a2f8b47eddc2968c98af?s=96&d=mm&r=g\",\"caption\":\"bianca\"},\"url\":\"https:\\\/\\\/thefortune.one\\\/pt\\\/author\\\/bianca\\\/\"}]}<\/script>\n<!-- \/ Yoast SEO plugin. -->","yoast_head_json":{"title":"Governo Lula n\u00e3o vai vender im\u00f3veis para aumentar arrecada\u00e7\u00e3o, diz ministra - The Fortune.one","description":"Somos especialistas em gest\u00e3o patrimonial, op\u00e7\u00f5es de investimentos para diversos perfis, nosso diferencial \u00e9 comprovado com resultados.","robots":{"index":"index","follow":"follow","max-snippet":"max-snippet:-1","max-image-preview":"max-image-preview:large","max-video-preview":"max-video-preview:-1"},"canonical":"https:\/\/thefortune.one\/pt\/governo-lula-nao-vai-vender-imoveis-para-aumentar-arrecadacao-diz-ministra\/","og_locale":"pt_BR","og_type":"article","og_title":"Governo Lula n\u00e3o vai vender im\u00f3veis para aumentar arrecada\u00e7\u00e3o, diz ministra - The Fortune.one","og_description":"Somos especialistas em gest\u00e3o patrimonial, op\u00e7\u00f5es de investimentos para diversos perfis, nosso diferencial \u00e9 comprovado com resultados.","og_url":"https:\/\/thefortune.one\/pt\/governo-lula-nao-vai-vender-imoveis-para-aumentar-arrecadacao-diz-ministra\/","og_site_name":"The Fortune.one","article_published_time":"2024-02-27T12:37:13+00:00","og_image":[{"width":396,"height":264,"url":"https:\/\/thefortune.one\/wp-content\/uploads\/2024\/02\/imoveis.jpg","type":"image\/jpeg"}],"author":"bianca","twitter_card":"summary_large_image","twitter_misc":{"Escrito por":"bianca","Est. tempo de leitura":"3 minutos"},"schema":{"@context":"https:\/\/schema.org","@graph":[{"@type":"Article","@id":"https:\/\/thefortune.one\/pt\/governo-lula-nao-vai-vender-imoveis-para-aumentar-arrecadacao-diz-ministra\/#article","isPartOf":{"@id":"https:\/\/thefortune.one\/pt\/governo-lula-nao-vai-vender-imoveis-para-aumentar-arrecadacao-diz-ministra\/"},"author":{"name":"bianca","@id":"https:\/\/thefortune.one\/pt\/#\/schema\/person\/6cd8fe72a627d36caabf41815984a16f"},"headline":"Governo Lula n\u00e3o vai vender im\u00f3veis para aumentar arrecada\u00e7\u00e3o, diz ministra","datePublished":"2024-02-27T12:37:13+00:00","mainEntityOfPage":{"@id":"https:\/\/thefortune.one\/pt\/governo-lula-nao-vai-vender-imoveis-para-aumentar-arrecadacao-diz-ministra\/"},"wordCount":560,"commentCount":0,"publisher":{"@id":"https:\/\/thefortune.one\/pt\/#organization"},"image":{"@id":"https:\/\/thefortune.one\/pt\/governo-lula-nao-vai-vender-imoveis-para-aumentar-arrecadacao-diz-ministra\/#primaryimage"},"thumbnailUrl":"https:\/\/thefortune.one\/wp-content\/uploads\/2024\/02\/imoveis.jpg","articleSection":["The Fortune.one"],"inLanguage":"pt-BR","potentialAction":[{"@type":"CommentAction","name":"Comment","target":["https:\/\/thefortune.one\/pt\/governo-lula-nao-vai-vender-imoveis-para-aumentar-arrecadacao-diz-ministra\/#respond"]}]},{"@type":"WebPage","@id":"https:\/\/thefortune.one\/pt\/governo-lula-nao-vai-vender-imoveis-para-aumentar-arrecadacao-diz-ministra\/","url":"https:\/\/thefortune.one\/pt\/governo-lula-nao-vai-vender-imoveis-para-aumentar-arrecadacao-diz-ministra\/","name":"Governo Lula n\u00e3o vai vender im\u00f3veis para aumentar arrecada\u00e7\u00e3o, diz ministra - The Fortune.one","isPartOf":{"@id":"https:\/\/thefortune.one\/pt\/#website"},"primaryImageOfPage":{"@id":"https:\/\/thefortune.one\/pt\/governo-lula-nao-vai-vender-imoveis-para-aumentar-arrecadacao-diz-ministra\/#primaryimage"},"image":{"@id":"https:\/\/thefortune.one\/pt\/governo-lula-nao-vai-vender-imoveis-para-aumentar-arrecadacao-diz-ministra\/#primaryimage"},"thumbnailUrl":"https:\/\/thefortune.one\/wp-content\/uploads\/2024\/02\/imoveis.jpg","datePublished":"2024-02-27T12:37:13+00:00","description":"Somos especialistas em gest\u00e3o patrimonial, op\u00e7\u00f5es de investimentos para diversos perfis, nosso diferencial \u00e9 comprovado com resultados.","breadcrumb":{"@id":"https:\/\/thefortune.one\/pt\/governo-lula-nao-vai-vender-imoveis-para-aumentar-arrecadacao-diz-ministra\/#breadcrumb"},"inLanguage":"pt-BR","potentialAction":[{"@type":"ReadAction","target":["https:\/\/thefortune.one\/pt\/governo-lula-nao-vai-vender-imoveis-para-aumentar-arrecadacao-diz-ministra\/"]}]},{"@type":"ImageObject","inLanguage":"pt-BR","@id":"https:\/\/thefortune.one\/pt\/governo-lula-nao-vai-vender-imoveis-para-aumentar-arrecadacao-diz-ministra\/#primaryimage","url":"https:\/\/thefortune.one\/wp-content\/uploads\/2024\/02\/imoveis.jpg","contentUrl":"https:\/\/thefortune.one\/wp-content\/uploads\/2024\/02\/imoveis.jpg","width":396,"height":264},{"@type":"BreadcrumbList","@id":"https:\/\/thefortune.one\/pt\/governo-lula-nao-vai-vender-imoveis-para-aumentar-arrecadacao-diz-ministra\/#breadcrumb","itemListElement":[{"@type":"ListItem","position":1,"name":"In\u00edcio","item":"https:\/\/thefortune.one\/pt\/"},{"@type":"ListItem","position":2,"name":"Governo Lula n\u00e3o vai vender im\u00f3veis para aumentar arrecada\u00e7\u00e3o, diz ministra"}]},{"@type":"WebSite","@id":"https:\/\/thefortune.one\/pt\/#website","url":"https:\/\/thefortune.one\/pt\/","name":"The Fortune.one","description":"Gestora de Recursos Especializada em Private Equity","publisher":{"@id":"https:\/\/thefortune.one\/pt\/#organization"},"potentialAction":[{"@type":"SearchAction","target":{"@type":"EntryPoint","urlTemplate":"https:\/\/thefortune.one\/pt\/?s={search_term_string}"},"query-input":{"@type":"PropertyValueSpecification","valueRequired":true,"valueName":"search_term_string"}}],"inLanguage":"pt-BR"},{"@type":"Organization","@id":"https:\/\/thefortune.one\/pt\/#organization","name":"The Fortune One","url":"https:\/\/thefortune.one\/pt\/","logo":{"@type":"ImageObject","inLanguage":"pt-BR","@id":"https:\/\/thefortune.one\/pt\/#\/schema\/logo\/image\/","url":"https:\/\/thefortune.one\/wp-content\/uploads\/2022\/11\/cropped-cropped-1651682701199-1.jpg","contentUrl":"https:\/\/thefortune.one\/wp-content\/uploads\/2022\/11\/cropped-cropped-1651682701199-1.jpg","width":369,"height":421,"caption":"The Fortune One"},"image":{"@id":"https:\/\/thefortune.one\/pt\/#\/schema\/logo\/image\/"}},{"@type":"Person","@id":"https:\/\/thefortune.one\/pt\/#\/schema\/person\/6cd8fe72a627d36caabf41815984a16f","name":"bianca","image":{"@type":"ImageObject","inLanguage":"pt-BR","@id":"https:\/\/secure.gravatar.com\/avatar\/66cd7b00d93410555e00d1e6a911a86de0cd0cfa4f83a2f8b47eddc2968c98af?s=96&d=mm&r=g","url":"https:\/\/secure.gravatar.com\/avatar\/66cd7b00d93410555e00d1e6a911a86de0cd0cfa4f83a2f8b47eddc2968c98af?s=96&d=mm&r=g","contentUrl":"https:\/\/secure.gravatar.com\/avatar\/66cd7b00d93410555e00d1e6a911a86de0cd0cfa4f83a2f8b47eddc2968c98af?s=96&d=mm&r=g","caption":"bianca"},"url":"https:\/\/thefortune.one\/pt\/author\/bianca\/"}]}},"_links":{"self":[{"href":"https:\/\/thefortune.one\/pt\/wp-json\/wp\/v2\/posts\/4767","targetHints":{"allow":["GET"]}}],"collection":[{"href":"https:\/\/thefortune.one\/pt\/wp-json\/wp\/v2\/posts"}],"about":[{"href":"https:\/\/thefortune.one\/pt\/wp-json\/wp\/v2\/types\/post"}],"author":[{"embeddable":true,"href":"https:\/\/thefortune.one\/pt\/wp-json\/wp\/v2\/users\/3"}],"replies":[{"embeddable":true,"href":"https:\/\/thefortune.one\/pt\/wp-json\/wp\/v2\/comments?post=4767"}],"version-history":[{"count":1,"href":"https:\/\/thefortune.one\/pt\/wp-json\/wp\/v2\/posts\/4767\/revisions"}],"predecessor-version":[{"id":4769,"href":"https:\/\/thefortune.one\/pt\/wp-json\/wp\/v2\/posts\/4767\/revisions\/4769"}],"wp:featuredmedia":[{"embeddable":true,"href":"https:\/\/thefortune.one\/pt\/wp-json\/wp\/v2\/media\/4768"}],"wp:attachment":[{"href":"https:\/\/thefortune.one\/pt\/wp-json\/wp\/v2\/media?parent=4767"}],"wp:term":[{"taxonomy":"category","embeddable":true,"href":"https:\/\/thefortune.one\/pt\/wp-json\/wp\/v2\/categories?post=4767"},{"taxonomy":"post_tag","embeddable":true,"href":"https:\/\/thefortune.one\/pt\/wp-json\/wp\/v2\/tags?post=4767"}],"curies":[{"name":"wp","href":"https:\/\/api.w.org\/{rel}","templated":true}]}}