{"id":4758,"date":"2024-02-22T13:14:53","date_gmt":"2024-02-22T13:14:53","guid":{"rendered":"https:\/\/thefortune.one\/?p=4758"},"modified":"2024-02-22T13:14:53","modified_gmt":"2024-02-22T13:14:53","slug":"ata-mostra-que-fed-nao-quer-cortar-juro-antes-de-mais-confianca-na-queda-da-inflacao","status":"publish","type":"post","link":"https:\/\/thefortune.one\/pt\/ata-mostra-que-fed-nao-quer-cortar-juro-antes-de-mais-confianca-na-queda-da-inflacao\/","title":{"rendered":"Ata mostra que Fed n\u00e3o quer cortar juro antes de mais confian\u00e7a na queda da infla\u00e7\u00e3o"},"content":{"rendered":"<p>Participantes da reuni\u00e3o do Fed destacaram que a trajet\u00f3ria dos juros depender\u00e1 de dados futuros, a evolu\u00e7\u00e3o do cen\u00e1rio e o equil\u00edbrio de riscos<a href=\"https:\/\/web.whatsapp.com\/send?text=Ata%20mostra%20que%20Fed%20n%C3%A3o%20quer%20cortar%20juro%20antes%20de%20mais%20confian%C3%A7a%20na%20queda%20da%20infla%C3%A7%C3%A3o%20https%3A%2F%2Finteligenciafinanceira.com.br%2Fmercado-financeiro%2Feconomia%2Fata-mostra-que-fed-nao-quer-cortar-juro-antes-de-mais-confianca-na-queda-da-inflacao%2F\" target=\"_blank\" rel=\"noreferrer noopener\"><\/a><a href=\"https:\/\/www.linkedin.com\/sharing\/share-offsite\/?url=https%3A%2F%2Finteligenciafinanceira.com.br%2Fmercado-financeiro%2Feconomia%2Fata-mostra-que-fed-nao-quer-cortar-juro-antes-de-mais-confianca-na-queda-da-inflacao%2F&amp;title=Ata%20mostra%20que%20Fed%20n%C3%A3o%20quer%20cortar%20juro%20antes%20de%20mais%20confian%C3%A7a%20na%20queda%20da%20infla%C3%A7%C3%A3o\" target=\"_blank\" rel=\"noreferrer noopener\"><\/a><a href=\"https:\/\/t.me\/share\/url?url=https%3A%2F%2Finteligenciafinanceira.com.br%2Fmercado-financeiro%2Feconomia%2Fata-mostra-que-fed-nao-quer-cortar-juro-antes-de-mais-confianca-na-queda-da-inflacao%2F&amp;text=Ata%20mostra%20que%20Fed%20n%C3%A3o%20quer%20cortar%20juro%20antes%20de%20mais%20confian%C3%A7a%20na%20queda%20da%20infla%C3%A7%C3%A3o\" target=\"_blank\" rel=\"noreferrer noopener\"><\/a><a href=\"https:\/\/twitter.com\/intent\/tweet?text=Ata%20mostra%20que%20Fed%20n%C3%A3o%20quer%20cortar%20juro%20antes%20de%20mais%20confian%C3%A7a%20na%20queda%20da%20infla%C3%A7%C3%A3o&amp;url=https%3A%2F%2Finteligenciafinanceira.com.br%2Fmercado-financeiro%2Feconomia%2Fata-mostra-que-fed-nao-quer-cortar-juro-antes-de-mais-confianca-na-queda-da-inflacao%2F&amp;\" target=\"_blank\" rel=\"noreferrer noopener\"><\/a><a href=\"https:\/\/www.facebook.com\/sharer\/sharer.php?u=https%3A%2F%2Finteligenciafinanceira.com.br%2Fmercado-financeiro%2Feconomia%2Fata-mostra-que-fed-nao-quer-cortar-juro-antes-de-mais-confianca-na-queda-da-inflacao%2F\" target=\"_blank\" rel=\"noreferrer noopener\"><\/a><a href=\"mailto:?subject=Ata%20mostra%20que%20Fed%20n%C3%A3o%20quer%20cortar%20juro%20antes%20de%20mais%20confian%C3%A7a%20na%20queda%20da%20infla%C3%A7%C3%A3o&amp;body=Veja%20mais%20em%20https%3A%2F%2Finteligenciafinanceira.com.br%2Fmercado-financeiro%2Feconomia%2Fata-mostra-que-fed-nao-quer-cortar-juro-antes-de-mais-confianca-na-queda-da-inflacao%2F\" target=\"_blank\" rel=\"noreferrer noopener\"><\/a><a href=\"https:\/\/inteligenciafinanceira.com.br\/mercado-financeiro\/economia\/ata-mostra-que-fed-nao-quer-cortar-juro-antes-de-mais-confianca-na-queda-da-inflacao\/#copy_link\"><\/a><\/p>\n\n\n\n<figure class=\"wp-block-image\"><img decoding=\"async\" src=\"https:\/\/inteligenciafinanceira.com.br\/wp-content\/uploads\/2022\/07\/2001-02-26T120000Z_1581068187_PBEAHULDJEE_RTRMADP_3_FEDERAL-RESERVE.jpg?w=396\" alt=\"Ata mostra que Fed n\u00e3o quer cortar juro antes de mais confian\u00e7a na queda da infla\u00e7\u00e3o\" \/><figcaption class=\"wp-element-caption\">O pr\u00e9dio do U.S. Federal Reserve Building em Washington, D.C. \u2013 Foto: Reuters<\/figcaption><\/figure>\n\n\n\n<p>Na reuni\u00e3o de pol\u00edtica monet\u00e1ria de janeiro, dirigentes do&nbsp;<a href=\"https:\/\/inteligenciafinanceira.com.br\/investimentos\/fed-federal-reserve\/\" target=\"_blank\" rel=\"noreferrer noopener\">Federal Reserve (Fed, o banco central norte-americano)<\/a>&nbsp;sinalizaram n\u00e3o ser apropriado cortar juros at\u00e9 que se tenha maior confian\u00e7a de que a infla\u00e7\u00e3o retornar\u00e1 \u00e0 meta de 2% ao ano, segundo a ata do encontro, realizado em 30 e 31 de janeiro, quando a taxa b\u00e1sica de juros foi mantida na faixa entre 5,25% e 5,50%.<\/p>\n\n\n\n<p>A ata foi publicada nesta quarta-feira, 21. No entanto, os membros do Fed notaram que as taxas de juros provavelmente j\u00e1 chegaram ao pico neste ciclo de aperto monet\u00e1rio.<\/p>\n\n\n\n<p>\u201cMuitos\u201d deles ressaltaram que as decis\u00f5es passadas e as atuais melhoras nas condi\u00e7\u00f5es de oferta est\u00e3o \u201ctrabalhando juntas para levar oferta e demanda a maior equil\u00edbrio\u201d. \u201cV\u00e1rios\u201d dirigentes enfatizaram a import\u00e2ncia de continuar comunicando claramente a sua postura guiada por dados.<\/p>\n\n\n\n<h2 class=\"wp-block-heading\" id=\"h-atividade\">Atividade<\/h2>\n\n\n\n<p>Os dirigentes do Fed tamb\u00e9m observaram, na \u00faltima reuni\u00e3o de pol\u00edtica monet\u00e1ria, que recentes indicadores econ\u00f4micos sugeriam uma expans\u00e3o em ritmo s\u00f3lido da atividade. Al\u00e9m da forte demanda, muitos dos participantes atribuem o crescimento a desdobramentos favor\u00e1veis do lado da oferta.<\/p>\n\n\n\n<p>Segundo a ata, eles ponderaram que a for\u00e7a inesperada no crescimento do Produto Interno Bruto (PIB) real no quarto trimestre refletia exporta\u00e7\u00f5es l\u00edquidas e investimento em estoques maiores do que esperado \u2013 fatores que tendem a ser vol\u00e1teis e d\u00e3o poucos sinais sobre o crescimento futuro. \u201cAinda assim, o consumo continua crescendo em ritmo s\u00f3lido\u201d, afirma o texto.<\/p>\n\n\n\n<h2 class=\"wp-block-heading\" id=\"h-mercado-de-trabalho\">Mercado de trabalho<\/h2>\n\n\n\n<p>Os dirigentes do&nbsp;<a href=\"https:\/\/inteligenciafinanceira.com.br\/glossario-financeiro\/fed\/\">Federal Reserve <\/a>&nbsp;avaliaram ainda que os dados dispon\u00edveis na reuni\u00e3o de 30 a 31 de janeiro indicaram que o crescimento do PIB real dos EUA foi s\u00f3lido no quarto trimestre de 2023, mas abaixo do forte desempenho do terceiro trimestre.<\/p>\n\n\n\n<p>Em rela\u00e7\u00e3o ao mercado de trabalho, as condi\u00e7\u00f5es continuaram restritivas, por\u00e9m mostraram mais sinais de abrandamento.<\/p>\n\n\n\n<p>A procura e a oferta de trabalho continuaram a se mover gradualmente com um melhor alinhamento, notaram os membros.<\/p>\n\n\n\n<p>O ritmo m\u00e9dio mensal de ganhos de emprego na folha de pagamento n\u00e3o agr\u00edcola no quarto trimestre foi mais lento do que no terceiro trimestre, ponderaram os dirigentes. Mesmo assim, o ritmo segue forte.<\/p>\n\n\n\n<h2 class=\"wp-block-heading\" id=\"h-exterior\">Exterior<\/h2>\n\n\n\n<p>Os membros do BC norte-americano observaram que o crescimento econ\u00f4mico externo permaneceu moderado no quarto trimestre.<\/p>\n\n\n\n<p>Nas economias estrangeiras avan\u00e7adas, um aperto significativo da pol\u00edtica monet\u00e1ria ao longo \u00faltimos dois anos, a eros\u00e3o dos rendimentos reais das fam\u00edlias devido \u00e0s elevadas taxas de infla\u00e7\u00e3o e as repercuss\u00f5es do choque de energia do ano passado na Europa continuaram a pesar sobre a atividade econ\u00f4mica.<\/p>\n\n\n\n<p>Na China, o recuo do setor imobili\u00e1rio e a confian\u00e7a deprimida do consumidor seguiu como fator de press\u00e3o.<\/p>\n\n\n\n<p>Fonte:https:\/\/inteligenciafinanceira.com.br\/mercado-financeiro\/economia\/ata-mostra-que-fed-nao-quer-cortar-juro-antes-de-mais-confianca-na-queda-da-inflacao\/<\/p>","protected":false},"excerpt":{"rendered":"<p>Participantes da reuni\u00e3o do Fed destacaram que a trajet\u00f3ria dos juros depender\u00e1 de dados futuros, a evolu\u00e7\u00e3o do cen\u00e1rio e o equil\u00edbrio de riscos Na reuni\u00e3o de pol\u00edtica monet\u00e1ria de janeiro, dirigentes do&nbsp;Federal Reserve (Fed, o banco central norte-americano)&nbsp;sinalizaram n\u00e3o ser apropriado cortar juros at\u00e9 que se tenha maior confian\u00e7a de que a infla\u00e7\u00e3o retornar\u00e1 [&hellip;]<\/p>\n","protected":false},"author":3,"featured_media":4759,"comment_status":"open","ping_status":"open","sticky":false,"template":"","format":"standard","meta":{"_joinchat":[],"footnotes":""},"categories":[1],"tags":[],"class_list":["post-4758","post","type-post","status-publish","format-standard","has-post-thumbnail","hentry","category-the-fortune-one"],"yoast_head":"<!-- This site is optimized with the Yoast SEO plugin v27.5 - https:\/\/yoast.com\/product\/yoast-seo-wordpress\/ -->\n<title>Ata mostra que Fed n\u00e3o quer cortar juro antes de mais confian\u00e7a na queda da infla\u00e7\u00e3o - The Fortune.one<\/title>\n<meta name=\"description\" content=\"Somos especialistas em gest\u00e3o patrimonial, op\u00e7\u00f5es de investimentos para diversos perfis, nosso diferencial \u00e9 comprovado com resultados.\" \/>\n<meta name=\"robots\" content=\"index, follow, max-snippet:-1, max-image-preview:large, max-video-preview:-1\" \/>\n<link rel=\"canonical\" href=\"https:\/\/thefortune.one\/pt\/ata-mostra-que-fed-nao-quer-cortar-juro-antes-de-mais-confianca-na-queda-da-inflacao\/\" \/>\n<meta property=\"og:locale\" content=\"pt_BR\" \/>\n<meta property=\"og:type\" content=\"article\" \/>\n<meta property=\"og:title\" content=\"Ata mostra que Fed n\u00e3o quer cortar juro antes de mais confian\u00e7a na queda da infla\u00e7\u00e3o - The Fortune.one\" \/>\n<meta property=\"og:description\" content=\"Somos especialistas em gest\u00e3o patrimonial, op\u00e7\u00f5es de investimentos para diversos perfis, nosso diferencial \u00e9 comprovado com resultados.\" \/>\n<meta property=\"og:url\" content=\"https:\/\/thefortune.one\/pt\/ata-mostra-que-fed-nao-quer-cortar-juro-antes-de-mais-confianca-na-queda-da-inflacao\/\" \/>\n<meta property=\"og:site_name\" content=\"The Fortune.one\" \/>\n<meta property=\"article:published_time\" content=\"2024-02-22T13:14:53+00:00\" \/>\n<meta property=\"og:image\" content=\"https:\/\/thefortune.one\/wp-content\/uploads\/2024\/02\/caste.jpg\" \/>\n\t<meta property=\"og:image:width\" content=\"395\" \/>\n\t<meta property=\"og:image:height\" content=\"222\" \/>\n\t<meta property=\"og:image:type\" content=\"image\/jpeg\" \/>\n<meta name=\"author\" content=\"bianca\" \/>\n<meta name=\"twitter:card\" content=\"summary_large_image\" \/>\n<meta name=\"twitter:label1\" content=\"Escrito por\" \/>\n\t<meta name=\"twitter:data1\" content=\"bianca\" \/>\n\t<meta name=\"twitter:label2\" content=\"Est. tempo de leitura\" \/>\n\t<meta name=\"twitter:data2\" content=\"3 minutos\" \/>\n<script type=\"application\/ld+json\" class=\"yoast-schema-graph\">{\"@context\":\"https:\\\/\\\/schema.org\",\"@graph\":[{\"@type\":\"Article\",\"@id\":\"https:\\\/\\\/thefortune.one\\\/pt\\\/ata-mostra-que-fed-nao-quer-cortar-juro-antes-de-mais-confianca-na-queda-da-inflacao\\\/#article\",\"isPartOf\":{\"@id\":\"https:\\\/\\\/thefortune.one\\\/pt\\\/ata-mostra-que-fed-nao-quer-cortar-juro-antes-de-mais-confianca-na-queda-da-inflacao\\\/\"},\"author\":{\"name\":\"bianca\",\"@id\":\"https:\\\/\\\/thefortune.one\\\/pt\\\/#\\\/schema\\\/person\\\/6cd8fe72a627d36caabf41815984a16f\"},\"headline\":\"Ata mostra que Fed n\u00e3o quer cortar juro antes de mais confian\u00e7a na queda da infla\u00e7\u00e3o\",\"datePublished\":\"2024-02-22T13:14:53+00:00\",\"mainEntityOfPage\":{\"@id\":\"https:\\\/\\\/thefortune.one\\\/pt\\\/ata-mostra-que-fed-nao-quer-cortar-juro-antes-de-mais-confianca-na-queda-da-inflacao\\\/\"},\"wordCount\":546,\"commentCount\":0,\"publisher\":{\"@id\":\"https:\\\/\\\/thefortune.one\\\/pt\\\/#organization\"},\"image\":{\"@id\":\"https:\\\/\\\/thefortune.one\\\/pt\\\/ata-mostra-que-fed-nao-quer-cortar-juro-antes-de-mais-confianca-na-queda-da-inflacao\\\/#primaryimage\"},\"thumbnailUrl\":\"https:\\\/\\\/thefortune.one\\\/wp-content\\\/uploads\\\/2024\\\/02\\\/caste.jpg\",\"articleSection\":[\"The Fortune.one\"],\"inLanguage\":\"pt-BR\",\"potentialAction\":[{\"@type\":\"CommentAction\",\"name\":\"Comment\",\"target\":[\"https:\\\/\\\/thefortune.one\\\/pt\\\/ata-mostra-que-fed-nao-quer-cortar-juro-antes-de-mais-confianca-na-queda-da-inflacao\\\/#respond\"]}]},{\"@type\":\"WebPage\",\"@id\":\"https:\\\/\\\/thefortune.one\\\/pt\\\/ata-mostra-que-fed-nao-quer-cortar-juro-antes-de-mais-confianca-na-queda-da-inflacao\\\/\",\"url\":\"https:\\\/\\\/thefortune.one\\\/pt\\\/ata-mostra-que-fed-nao-quer-cortar-juro-antes-de-mais-confianca-na-queda-da-inflacao\\\/\",\"name\":\"Ata mostra que Fed n\u00e3o quer cortar juro antes de mais confian\u00e7a na queda da infla\u00e7\u00e3o - The Fortune.one\",\"isPartOf\":{\"@id\":\"https:\\\/\\\/thefortune.one\\\/pt\\\/#website\"},\"primaryImageOfPage\":{\"@id\":\"https:\\\/\\\/thefortune.one\\\/pt\\\/ata-mostra-que-fed-nao-quer-cortar-juro-antes-de-mais-confianca-na-queda-da-inflacao\\\/#primaryimage\"},\"image\":{\"@id\":\"https:\\\/\\\/thefortune.one\\\/pt\\\/ata-mostra-que-fed-nao-quer-cortar-juro-antes-de-mais-confianca-na-queda-da-inflacao\\\/#primaryimage\"},\"thumbnailUrl\":\"https:\\\/\\\/thefortune.one\\\/wp-content\\\/uploads\\\/2024\\\/02\\\/caste.jpg\",\"datePublished\":\"2024-02-22T13:14:53+00:00\",\"description\":\"Somos especialistas em gest\u00e3o patrimonial, op\u00e7\u00f5es de investimentos para diversos perfis, nosso diferencial \u00e9 comprovado com resultados.\",\"breadcrumb\":{\"@id\":\"https:\\\/\\\/thefortune.one\\\/pt\\\/ata-mostra-que-fed-nao-quer-cortar-juro-antes-de-mais-confianca-na-queda-da-inflacao\\\/#breadcrumb\"},\"inLanguage\":\"pt-BR\",\"potentialAction\":[{\"@type\":\"ReadAction\",\"target\":[\"https:\\\/\\\/thefortune.one\\\/pt\\\/ata-mostra-que-fed-nao-quer-cortar-juro-antes-de-mais-confianca-na-queda-da-inflacao\\\/\"]}]},{\"@type\":\"ImageObject\",\"inLanguage\":\"pt-BR\",\"@id\":\"https:\\\/\\\/thefortune.one\\\/pt\\\/ata-mostra-que-fed-nao-quer-cortar-juro-antes-de-mais-confianca-na-queda-da-inflacao\\\/#primaryimage\",\"url\":\"https:\\\/\\\/thefortune.one\\\/wp-content\\\/uploads\\\/2024\\\/02\\\/caste.jpg\",\"contentUrl\":\"https:\\\/\\\/thefortune.one\\\/wp-content\\\/uploads\\\/2024\\\/02\\\/caste.jpg\",\"width\":395,\"height\":222},{\"@type\":\"BreadcrumbList\",\"@id\":\"https:\\\/\\\/thefortune.one\\\/pt\\\/ata-mostra-que-fed-nao-quer-cortar-juro-antes-de-mais-confianca-na-queda-da-inflacao\\\/#breadcrumb\",\"itemListElement\":[{\"@type\":\"ListItem\",\"position\":1,\"name\":\"In\u00edcio\",\"item\":\"https:\\\/\\\/thefortune.one\\\/pt\\\/\"},{\"@type\":\"ListItem\",\"position\":2,\"name\":\"Ata mostra que Fed n\u00e3o quer cortar juro antes de mais confian\u00e7a na queda da infla\u00e7\u00e3o\"}]},{\"@type\":\"WebSite\",\"@id\":\"https:\\\/\\\/thefortune.one\\\/pt\\\/#website\",\"url\":\"https:\\\/\\\/thefortune.one\\\/pt\\\/\",\"name\":\"The Fortune.one\",\"description\":\"Gestora de Recursos Especializada em Private Equity\",\"publisher\":{\"@id\":\"https:\\\/\\\/thefortune.one\\\/pt\\\/#organization\"},\"potentialAction\":[{\"@type\":\"SearchAction\",\"target\":{\"@type\":\"EntryPoint\",\"urlTemplate\":\"https:\\\/\\\/thefortune.one\\\/pt\\\/?s={search_term_string}\"},\"query-input\":{\"@type\":\"PropertyValueSpecification\",\"valueRequired\":true,\"valueName\":\"search_term_string\"}}],\"inLanguage\":\"pt-BR\"},{\"@type\":\"Organization\",\"@id\":\"https:\\\/\\\/thefortune.one\\\/pt\\\/#organization\",\"name\":\"The Fortune One\",\"url\":\"https:\\\/\\\/thefortune.one\\\/pt\\\/\",\"logo\":{\"@type\":\"ImageObject\",\"inLanguage\":\"pt-BR\",\"@id\":\"https:\\\/\\\/thefortune.one\\\/pt\\\/#\\\/schema\\\/logo\\\/image\\\/\",\"url\":\"https:\\\/\\\/thefortune.one\\\/wp-content\\\/uploads\\\/2022\\\/11\\\/cropped-cropped-1651682701199-1.jpg\",\"contentUrl\":\"https:\\\/\\\/thefortune.one\\\/wp-content\\\/uploads\\\/2022\\\/11\\\/cropped-cropped-1651682701199-1.jpg\",\"width\":369,\"height\":421,\"caption\":\"The Fortune One\"},\"image\":{\"@id\":\"https:\\\/\\\/thefortune.one\\\/pt\\\/#\\\/schema\\\/logo\\\/image\\\/\"}},{\"@type\":\"Person\",\"@id\":\"https:\\\/\\\/thefortune.one\\\/pt\\\/#\\\/schema\\\/person\\\/6cd8fe72a627d36caabf41815984a16f\",\"name\":\"bianca\",\"image\":{\"@type\":\"ImageObject\",\"inLanguage\":\"pt-BR\",\"@id\":\"https:\\\/\\\/secure.gravatar.com\\\/avatar\\\/66cd7b00d93410555e00d1e6a911a86de0cd0cfa4f83a2f8b47eddc2968c98af?s=96&d=mm&r=g\",\"url\":\"https:\\\/\\\/secure.gravatar.com\\\/avatar\\\/66cd7b00d93410555e00d1e6a911a86de0cd0cfa4f83a2f8b47eddc2968c98af?s=96&d=mm&r=g\",\"contentUrl\":\"https:\\\/\\\/secure.gravatar.com\\\/avatar\\\/66cd7b00d93410555e00d1e6a911a86de0cd0cfa4f83a2f8b47eddc2968c98af?s=96&d=mm&r=g\",\"caption\":\"bianca\"},\"url\":\"https:\\\/\\\/thefortune.one\\\/pt\\\/author\\\/bianca\\\/\"}]}<\/script>\n<!-- \/ Yoast SEO plugin. -->","yoast_head_json":{"title":"Ata mostra que Fed n\u00e3o quer cortar juro antes de mais confian\u00e7a na queda da infla\u00e7\u00e3o - The Fortune.one","description":"Somos especialistas em gest\u00e3o patrimonial, op\u00e7\u00f5es de investimentos para diversos perfis, nosso diferencial \u00e9 comprovado com resultados.","robots":{"index":"index","follow":"follow","max-snippet":"max-snippet:-1","max-image-preview":"max-image-preview:large","max-video-preview":"max-video-preview:-1"},"canonical":"https:\/\/thefortune.one\/pt\/ata-mostra-que-fed-nao-quer-cortar-juro-antes-de-mais-confianca-na-queda-da-inflacao\/","og_locale":"pt_BR","og_type":"article","og_title":"Ata mostra que Fed n\u00e3o quer cortar juro antes de mais confian\u00e7a na queda da infla\u00e7\u00e3o - The Fortune.one","og_description":"Somos especialistas em gest\u00e3o patrimonial, op\u00e7\u00f5es de investimentos para diversos perfis, nosso diferencial \u00e9 comprovado com resultados.","og_url":"https:\/\/thefortune.one\/pt\/ata-mostra-que-fed-nao-quer-cortar-juro-antes-de-mais-confianca-na-queda-da-inflacao\/","og_site_name":"The Fortune.one","article_published_time":"2024-02-22T13:14:53+00:00","og_image":[{"width":395,"height":222,"url":"https:\/\/thefortune.one\/wp-content\/uploads\/2024\/02\/caste.jpg","type":"image\/jpeg"}],"author":"bianca","twitter_card":"summary_large_image","twitter_misc":{"Escrito por":"bianca","Est. tempo de leitura":"3 minutos"},"schema":{"@context":"https:\/\/schema.org","@graph":[{"@type":"Article","@id":"https:\/\/thefortune.one\/pt\/ata-mostra-que-fed-nao-quer-cortar-juro-antes-de-mais-confianca-na-queda-da-inflacao\/#article","isPartOf":{"@id":"https:\/\/thefortune.one\/pt\/ata-mostra-que-fed-nao-quer-cortar-juro-antes-de-mais-confianca-na-queda-da-inflacao\/"},"author":{"name":"bianca","@id":"https:\/\/thefortune.one\/pt\/#\/schema\/person\/6cd8fe72a627d36caabf41815984a16f"},"headline":"Ata mostra que Fed n\u00e3o quer cortar juro antes de mais confian\u00e7a na queda da infla\u00e7\u00e3o","datePublished":"2024-02-22T13:14:53+00:00","mainEntityOfPage":{"@id":"https:\/\/thefortune.one\/pt\/ata-mostra-que-fed-nao-quer-cortar-juro-antes-de-mais-confianca-na-queda-da-inflacao\/"},"wordCount":546,"commentCount":0,"publisher":{"@id":"https:\/\/thefortune.one\/pt\/#organization"},"image":{"@id":"https:\/\/thefortune.one\/pt\/ata-mostra-que-fed-nao-quer-cortar-juro-antes-de-mais-confianca-na-queda-da-inflacao\/#primaryimage"},"thumbnailUrl":"https:\/\/thefortune.one\/wp-content\/uploads\/2024\/02\/caste.jpg","articleSection":["The Fortune.one"],"inLanguage":"pt-BR","potentialAction":[{"@type":"CommentAction","name":"Comment","target":["https:\/\/thefortune.one\/pt\/ata-mostra-que-fed-nao-quer-cortar-juro-antes-de-mais-confianca-na-queda-da-inflacao\/#respond"]}]},{"@type":"WebPage","@id":"https:\/\/thefortune.one\/pt\/ata-mostra-que-fed-nao-quer-cortar-juro-antes-de-mais-confianca-na-queda-da-inflacao\/","url":"https:\/\/thefortune.one\/pt\/ata-mostra-que-fed-nao-quer-cortar-juro-antes-de-mais-confianca-na-queda-da-inflacao\/","name":"Ata mostra que Fed n\u00e3o quer cortar juro antes de mais confian\u00e7a na queda da infla\u00e7\u00e3o - The Fortune.one","isPartOf":{"@id":"https:\/\/thefortune.one\/pt\/#website"},"primaryImageOfPage":{"@id":"https:\/\/thefortune.one\/pt\/ata-mostra-que-fed-nao-quer-cortar-juro-antes-de-mais-confianca-na-queda-da-inflacao\/#primaryimage"},"image":{"@id":"https:\/\/thefortune.one\/pt\/ata-mostra-que-fed-nao-quer-cortar-juro-antes-de-mais-confianca-na-queda-da-inflacao\/#primaryimage"},"thumbnailUrl":"https:\/\/thefortune.one\/wp-content\/uploads\/2024\/02\/caste.jpg","datePublished":"2024-02-22T13:14:53+00:00","description":"Somos especialistas em gest\u00e3o patrimonial, op\u00e7\u00f5es de investimentos para diversos perfis, nosso diferencial \u00e9 comprovado com resultados.","breadcrumb":{"@id":"https:\/\/thefortune.one\/pt\/ata-mostra-que-fed-nao-quer-cortar-juro-antes-de-mais-confianca-na-queda-da-inflacao\/#breadcrumb"},"inLanguage":"pt-BR","potentialAction":[{"@type":"ReadAction","target":["https:\/\/thefortune.one\/pt\/ata-mostra-que-fed-nao-quer-cortar-juro-antes-de-mais-confianca-na-queda-da-inflacao\/"]}]},{"@type":"ImageObject","inLanguage":"pt-BR","@id":"https:\/\/thefortune.one\/pt\/ata-mostra-que-fed-nao-quer-cortar-juro-antes-de-mais-confianca-na-queda-da-inflacao\/#primaryimage","url":"https:\/\/thefortune.one\/wp-content\/uploads\/2024\/02\/caste.jpg","contentUrl":"https:\/\/thefortune.one\/wp-content\/uploads\/2024\/02\/caste.jpg","width":395,"height":222},{"@type":"BreadcrumbList","@id":"https:\/\/thefortune.one\/pt\/ata-mostra-que-fed-nao-quer-cortar-juro-antes-de-mais-confianca-na-queda-da-inflacao\/#breadcrumb","itemListElement":[{"@type":"ListItem","position":1,"name":"In\u00edcio","item":"https:\/\/thefortune.one\/pt\/"},{"@type":"ListItem","position":2,"name":"Ata mostra que Fed n\u00e3o quer cortar juro antes de mais confian\u00e7a na queda da infla\u00e7\u00e3o"}]},{"@type":"WebSite","@id":"https:\/\/thefortune.one\/pt\/#website","url":"https:\/\/thefortune.one\/pt\/","name":"The Fortune.one","description":"Gestora de Recursos Especializada em Private Equity","publisher":{"@id":"https:\/\/thefortune.one\/pt\/#organization"},"potentialAction":[{"@type":"SearchAction","target":{"@type":"EntryPoint","urlTemplate":"https:\/\/thefortune.one\/pt\/?s={search_term_string}"},"query-input":{"@type":"PropertyValueSpecification","valueRequired":true,"valueName":"search_term_string"}}],"inLanguage":"pt-BR"},{"@type":"Organization","@id":"https:\/\/thefortune.one\/pt\/#organization","name":"The Fortune One","url":"https:\/\/thefortune.one\/pt\/","logo":{"@type":"ImageObject","inLanguage":"pt-BR","@id":"https:\/\/thefortune.one\/pt\/#\/schema\/logo\/image\/","url":"https:\/\/thefortune.one\/wp-content\/uploads\/2022\/11\/cropped-cropped-1651682701199-1.jpg","contentUrl":"https:\/\/thefortune.one\/wp-content\/uploads\/2022\/11\/cropped-cropped-1651682701199-1.jpg","width":369,"height":421,"caption":"The Fortune One"},"image":{"@id":"https:\/\/thefortune.one\/pt\/#\/schema\/logo\/image\/"}},{"@type":"Person","@id":"https:\/\/thefortune.one\/pt\/#\/schema\/person\/6cd8fe72a627d36caabf41815984a16f","name":"bianca","image":{"@type":"ImageObject","inLanguage":"pt-BR","@id":"https:\/\/secure.gravatar.com\/avatar\/66cd7b00d93410555e00d1e6a911a86de0cd0cfa4f83a2f8b47eddc2968c98af?s=96&d=mm&r=g","url":"https:\/\/secure.gravatar.com\/avatar\/66cd7b00d93410555e00d1e6a911a86de0cd0cfa4f83a2f8b47eddc2968c98af?s=96&d=mm&r=g","contentUrl":"https:\/\/secure.gravatar.com\/avatar\/66cd7b00d93410555e00d1e6a911a86de0cd0cfa4f83a2f8b47eddc2968c98af?s=96&d=mm&r=g","caption":"bianca"},"url":"https:\/\/thefortune.one\/pt\/author\/bianca\/"}]}},"_links":{"self":[{"href":"https:\/\/thefortune.one\/pt\/wp-json\/wp\/v2\/posts\/4758","targetHints":{"allow":["GET"]}}],"collection":[{"href":"https:\/\/thefortune.one\/pt\/wp-json\/wp\/v2\/posts"}],"about":[{"href":"https:\/\/thefortune.one\/pt\/wp-json\/wp\/v2\/types\/post"}],"author":[{"embeddable":true,"href":"https:\/\/thefortune.one\/pt\/wp-json\/wp\/v2\/users\/3"}],"replies":[{"embeddable":true,"href":"https:\/\/thefortune.one\/pt\/wp-json\/wp\/v2\/comments?post=4758"}],"version-history":[{"count":1,"href":"https:\/\/thefortune.one\/pt\/wp-json\/wp\/v2\/posts\/4758\/revisions"}],"predecessor-version":[{"id":4760,"href":"https:\/\/thefortune.one\/pt\/wp-json\/wp\/v2\/posts\/4758\/revisions\/4760"}],"wp:featuredmedia":[{"embeddable":true,"href":"https:\/\/thefortune.one\/pt\/wp-json\/wp\/v2\/media\/4759"}],"wp:attachment":[{"href":"https:\/\/thefortune.one\/pt\/wp-json\/wp\/v2\/media?parent=4758"}],"wp:term":[{"taxonomy":"category","embeddable":true,"href":"https:\/\/thefortune.one\/pt\/wp-json\/wp\/v2\/categories?post=4758"},{"taxonomy":"post_tag","embeddable":true,"href":"https:\/\/thefortune.one\/pt\/wp-json\/wp\/v2\/tags?post=4758"}],"curies":[{"name":"wp","href":"https:\/\/api.w.org\/{rel}","templated":true}]}}