{"id":4726,"date":"2024-02-16T13:34:47","date_gmt":"2024-02-16T13:34:47","guid":{"rendered":"https:\/\/thefortune.one\/?p=4726"},"modified":"2024-02-16T13:34:47","modified_gmt":"2024-02-16T13:34:47","slug":"como-tarcisio-de-freitas-avalia-o-avanco-da-privatizacao-da-sabesp-sbsp3","status":"publish","type":"post","link":"https:\/\/thefortune.one\/pt\/como-tarcisio-de-freitas-avalia-o-avanco-da-privatizacao-da-sabesp-sbsp3\/","title":{"rendered":"Como Tarc\u00edsio de Freitas avalia o avan\u00e7o da privatiza\u00e7\u00e3o da Sabesp (SBSP3)"},"content":{"rendered":"<p>O governador de S\u00e3o Paulo explicou os pr\u00f3ximos passos do processo<\/p>\n\n\n\n<p><a href=\"https:\/\/web.whatsapp.com\/send?text=Como%20Tarc%C3%ADsio%20de%20Freitas%20avalia%20o%20avan%C3%A7o%20da%20privatiza%C3%A7%C3%A3o%20da%20Sabesp%20(SBSP3)%20https%3A%2F%2Finteligenciafinanceira.com.br%2Fmercado-financeiro%2Feconomia%2Ftarcisio-privatizacao-da-sabesp-sbsp3-proximos-passos%2F\" rel=\"noreferrer noopener\" target=\"_blank\"><\/a><a href=\"https:\/\/www.linkedin.com\/sharing\/share-offsite\/?url=https%3A%2F%2Finteligenciafinanceira.com.br%2Fmercado-financeiro%2Feconomia%2Ftarcisio-privatizacao-da-sabesp-sbsp3-proximos-passos%2F&amp;title=Como%20Tarc%C3%ADsio%20de%20Freitas%20avalia%20o%20avan%C3%A7o%20da%20privatiza%C3%A7%C3%A3o%20da%20Sabesp%20(SBSP3)\" rel=\"noreferrer noopener\" target=\"_blank\"><\/a><a href=\"https:\/\/t.me\/share\/url?url=https%3A%2F%2Finteligenciafinanceira.com.br%2Fmercado-financeiro%2Feconomia%2Ftarcisio-privatizacao-da-sabesp-sbsp3-proximos-passos%2F&amp;text=Como%20Tarc%C3%ADsio%20de%20Freitas%20avalia%20o%20avan%C3%A7o%20da%20privatiza%C3%A7%C3%A3o%20da%20Sabesp%20(SBSP3)\" rel=\"noreferrer noopener\" target=\"_blank\"><\/a><a href=\"https:\/\/twitter.com\/intent\/tweet?text=Como%20Tarc%C3%ADsio%20de%20Freitas%20avalia%20o%20avan%C3%A7o%20da%20privatiza%C3%A7%C3%A3o%20da%20Sabesp%20(SBSP3)&amp;url=https%3A%2F%2Finteligenciafinanceira.com.br%2Fmercado-financeiro%2Feconomia%2Ftarcisio-privatizacao-da-sabesp-sbsp3-proximos-passos%2F&amp;\" rel=\"noreferrer noopener\" target=\"_blank\"><\/a><a href=\"https:\/\/www.facebook.com\/sharer\/sharer.php?u=https%3A%2F%2Finteligenciafinanceira.com.br%2Fmercado-financeiro%2Feconomia%2Ftarcisio-privatizacao-da-sabesp-sbsp3-proximos-passos%2F\" rel=\"noreferrer noopener\" target=\"_blank\"><\/a><a href=\"mailto:?subject=Como%20Tarc%C3%ADsio%20de%20Freitas%20avalia%20o%20avan%C3%A7o%20da%20privatiza%C3%A7%C3%A3o%20da%20Sabesp%20(SBSP3)&amp;body=Veja%20mais%20em%20https%3A%2F%2Finteligenciafinanceira.com.br%2Fmercado-financeiro%2Feconomia%2Ftarcisio-privatizacao-da-sabesp-sbsp3-proximos-passos%2F\" rel=\"noreferrer noopener\" target=\"_blank\"><\/a><a href=\"https:\/\/inteligenciafinanceira.com.br\/mercado-financeiro\/economia\/tarcisio-privatizacao-da-sabesp-sbsp3-proximos-passos\/#copy_link\"><\/a><\/p>\n\n\n\n<figure class=\"wp-block-image is-resized\"><img decoding=\"async\" src=\"https:\/\/inteligenciafinanceira.com.br\/wp-content\/uploads\/2024\/02\/governador-tarcisio-freitas-privatizacao-sabesp-sbsp3.jpg?w=396\" alt=\"Como Tarc\u00edsio de Freitas avalia o avan\u00e7o da privatiza\u00e7\u00e3o da Sabesp (SBSP3)\" style=\"width:531px;height:auto\" \/><figcaption class=\"wp-element-caption\">O governador Tarc\u00edsio de Freitas detalha o que vem pela frente no processo de privatiza\u00e7\u00e3o da Sabesp (SBSP3): Foto: Marcelo S. Camargo\/Governo do Estado de SP<\/figcaption><\/figure>\n\n\n\n<p>O governador de S\u00e3o Paulo, Tarc\u00edsio de Freitas (Republicanos), anunciou na quinta-feira (15)&nbsp;<a href=\"https:\/\/inteligenciafinanceira.com.br\/mercado-financeiro\/acoes\/sabesp-sbsp3-sobe-apos-inicio-de-consulta-para-privatizacao\/\" target=\"_blank\" rel=\"noreferrer noopener\">a abertura de consulta p\u00fablica para debater o novo contrato de concess\u00e3o da Sabesp (SBSP3).<\/a><\/p>\n\n\n\n<p>Em coletiva no Pal\u00e1cio dos Bandeirantes, ele destacou que o processo de privatiza\u00e7\u00e3o segue o cronograma estabelecido pelo Estado.<\/p>\n\n\n\n<p>De acordo com Tarc\u00edsio, a consulta p\u00fablica ter\u00e1 sete sess\u00f5es presenciais, e uma de modo virtual \u201cpara quem n\u00e3o teve condi\u00e7\u00f5es de participar de nenhuma das anteriores\u201d.<\/p>\n\n\n\n<p>A ideia \u00e9 que o processo leve 30 dias.<\/p>\n\n\n\n<p>Segundo o governador, al\u00e9m do contrato, ser\u00e3o discutidos os 375 anexos t\u00e9cnicos \u2013 um para cada munic\u00edpio atendido pela Sabesp \u2013 e o regimento interno da URAE-1.<\/p>\n\n\n\n<p>\u201cAssim como a nova regula\u00e7\u00e3o tarif\u00e1ria e o plano de investimentos que inclui a universaliza\u00e7\u00e3o, redu\u00e7\u00e3o de perdas, moderniza\u00e7\u00e3o das redes de abastecimento, automa\u00e7\u00e3o, tratamento avan\u00e7ado de esgoto e melhoria da resili\u00eancia h\u00eddrica, entre outros\u201d, diz nota.<\/p>\n\n\n\n<h2 class=\"wp-block-heading\" id=\"h-cumprimento-de-metas\">Cumprimento de metas<\/h2>\n\n\n\n<p><a href=\"https:\/\/inteligenciafinanceira.com.br\/mercado-financeiro\/economia\/privatizada-sabesp-sbsp3-maior-empresa-de-saneamento-do-mundo\/\" target=\"_blank\" rel=\"noreferrer noopener\">A secret\u00e1ria de Meio Ambiente, Infraestrutura e Log\u00edstica, Nat\u00e1lia Resende,<\/a>&nbsp;que tamb\u00e9m participou da coletiva, afirmou que, no contrato atual da Sabesp n\u00e3o existem \u201cpenalidades muito bem definidas\u201d.<\/p>\n\n\n\n<p>Enquanto o novo modelo contar\u00e1 com um sistema melhor estruturado para garantir o cumprimento de metas da companhia.<\/p>\n\n\n\n<p>Mas h\u00e1 um \u201csistema de penalidades bem definidas\u201d para regular o cumprimento de metas das empresas.<\/p>\n\n\n\n<p>As penalidades, segundo apresenta\u00e7\u00e3o do governo, incidir\u00e3o sobre tarifas da companhia \u201cde modo a criar incentivos necess\u00e1rios para cumprimento contratual\u201d.<\/p>\n\n\n\n<p>A secret\u00e1ria tamb\u00e9m voltou a afirmar que a privatiza\u00e7\u00e3o vai garantir uma redu\u00e7\u00e3o da tarifa da \u00e1gua, mudando a l\u00f3gica tarif\u00e1ria da empresa.<\/p>\n\n\n\n<p>Segundo ela, investimentos tamb\u00e9m ser\u00e3o incorporados \u00e0 tarifa ap\u00f3s realiza\u00e7\u00e3o das obras.<\/p>\n\n\n\n<p>Fonte:https:\/\/inteligenciafinanceira.com.br\/mercado-financeiro\/economia\/tarcisio-privatizacao-da-sabesp-sbsp3-proximos-passos\/<\/p>","protected":false},"excerpt":{"rendered":"<p>O governador de S\u00e3o Paulo explicou os pr\u00f3ximos passos do processo O governador de S\u00e3o Paulo, Tarc\u00edsio de Freitas (Republicanos), anunciou na quinta-feira (15)&nbsp;a abertura de consulta p\u00fablica para debater o novo contrato de concess\u00e3o da Sabesp (SBSP3). Em coletiva no Pal\u00e1cio dos Bandeirantes, ele destacou que o processo de privatiza\u00e7\u00e3o segue o cronograma estabelecido [&hellip;]<\/p>\n","protected":false},"author":3,"featured_media":4727,"comment_status":"open","ping_status":"open","sticky":false,"template":"","format":"standard","meta":{"_joinchat":[],"footnotes":""},"categories":[1],"tags":[],"class_list":["post-4726","post","type-post","status-publish","format-standard","has-post-thumbnail","hentry","category-the-fortune-one"],"yoast_head":"<!-- This site is optimized with the Yoast SEO plugin v27.5 - https:\/\/yoast.com\/product\/yoast-seo-wordpress\/ -->\n<title>Como Tarc\u00edsio de Freitas avalia o avan\u00e7o da privatiza\u00e7\u00e3o da Sabesp (SBSP3) - The Fortune.one<\/title>\n<meta name=\"description\" content=\"Somos especialistas em gest\u00e3o patrimonial, op\u00e7\u00f5es de investimentos para diversos perfis, nosso diferencial \u00e9 comprovado com resultados.\" \/>\n<meta name=\"robots\" content=\"index, follow, max-snippet:-1, max-image-preview:large, max-video-preview:-1\" \/>\n<link rel=\"canonical\" href=\"https:\/\/thefortune.one\/pt\/como-tarcisio-de-freitas-avalia-o-avanco-da-privatizacao-da-sabesp-sbsp3\/\" \/>\n<meta property=\"og:locale\" content=\"pt_BR\" \/>\n<meta property=\"og:type\" content=\"article\" \/>\n<meta property=\"og:title\" content=\"Como Tarc\u00edsio de Freitas avalia o avan\u00e7o da privatiza\u00e7\u00e3o da Sabesp (SBSP3) - The Fortune.one\" \/>\n<meta property=\"og:description\" content=\"Somos especialistas em gest\u00e3o patrimonial, op\u00e7\u00f5es de investimentos para diversos perfis, nosso diferencial \u00e9 comprovado com resultados.\" \/>\n<meta property=\"og:url\" content=\"https:\/\/thefortune.one\/pt\/como-tarcisio-de-freitas-avalia-o-avanco-da-privatizacao-da-sabesp-sbsp3\/\" \/>\n<meta property=\"og:site_name\" content=\"The Fortune.one\" \/>\n<meta property=\"article:published_time\" content=\"2024-02-16T13:34:47+00:00\" \/>\n<meta property=\"og:image\" content=\"https:\/\/thefortune.one\/wp-content\/uploads\/2024\/02\/tarsio-de-fre.jpg\" \/>\n\t<meta property=\"og:image:width\" content=\"396\" \/>\n\t<meta property=\"og:image:height\" content=\"264\" \/>\n\t<meta property=\"og:image:type\" content=\"image\/jpeg\" \/>\n<meta name=\"author\" content=\"bianca\" \/>\n<meta name=\"twitter:card\" content=\"summary_large_image\" \/>\n<meta name=\"twitter:label1\" content=\"Escrito por\" \/>\n\t<meta name=\"twitter:data1\" content=\"bianca\" \/>\n\t<meta name=\"twitter:label2\" content=\"Est. tempo de leitura\" \/>\n\t<meta name=\"twitter:data2\" content=\"2 minutos\" \/>\n<script type=\"application\/ld+json\" class=\"yoast-schema-graph\">{\"@context\":\"https:\\\/\\\/schema.org\",\"@graph\":[{\"@type\":\"Article\",\"@id\":\"https:\\\/\\\/thefortune.one\\\/pt\\\/como-tarcisio-de-freitas-avalia-o-avanco-da-privatizacao-da-sabesp-sbsp3\\\/#article\",\"isPartOf\":{\"@id\":\"https:\\\/\\\/thefortune.one\\\/pt\\\/como-tarcisio-de-freitas-avalia-o-avanco-da-privatizacao-da-sabesp-sbsp3\\\/\"},\"author\":{\"name\":\"bianca\",\"@id\":\"https:\\\/\\\/thefortune.one\\\/pt\\\/#\\\/schema\\\/person\\\/6cd8fe72a627d36caabf41815984a16f\"},\"headline\":\"Como Tarc\u00edsio de Freitas avalia o avan\u00e7o da privatiza\u00e7\u00e3o da Sabesp (SBSP3)\",\"datePublished\":\"2024-02-16T13:34:47+00:00\",\"mainEntityOfPage\":{\"@id\":\"https:\\\/\\\/thefortune.one\\\/pt\\\/como-tarcisio-de-freitas-avalia-o-avanco-da-privatizacao-da-sabesp-sbsp3\\\/\"},\"wordCount\":370,\"commentCount\":0,\"publisher\":{\"@id\":\"https:\\\/\\\/thefortune.one\\\/pt\\\/#organization\"},\"image\":{\"@id\":\"https:\\\/\\\/thefortune.one\\\/pt\\\/como-tarcisio-de-freitas-avalia-o-avanco-da-privatizacao-da-sabesp-sbsp3\\\/#primaryimage\"},\"thumbnailUrl\":\"https:\\\/\\\/thefortune.one\\\/wp-content\\\/uploads\\\/2024\\\/02\\\/tarsio-de-fre.jpg\",\"articleSection\":[\"The Fortune.one\"],\"inLanguage\":\"pt-BR\",\"potentialAction\":[{\"@type\":\"CommentAction\",\"name\":\"Comment\",\"target\":[\"https:\\\/\\\/thefortune.one\\\/pt\\\/como-tarcisio-de-freitas-avalia-o-avanco-da-privatizacao-da-sabesp-sbsp3\\\/#respond\"]}]},{\"@type\":\"WebPage\",\"@id\":\"https:\\\/\\\/thefortune.one\\\/pt\\\/como-tarcisio-de-freitas-avalia-o-avanco-da-privatizacao-da-sabesp-sbsp3\\\/\",\"url\":\"https:\\\/\\\/thefortune.one\\\/pt\\\/como-tarcisio-de-freitas-avalia-o-avanco-da-privatizacao-da-sabesp-sbsp3\\\/\",\"name\":\"Como Tarc\u00edsio de Freitas avalia o avan\u00e7o da privatiza\u00e7\u00e3o da Sabesp (SBSP3) - The Fortune.one\",\"isPartOf\":{\"@id\":\"https:\\\/\\\/thefortune.one\\\/pt\\\/#website\"},\"primaryImageOfPage\":{\"@id\":\"https:\\\/\\\/thefortune.one\\\/pt\\\/como-tarcisio-de-freitas-avalia-o-avanco-da-privatizacao-da-sabesp-sbsp3\\\/#primaryimage\"},\"image\":{\"@id\":\"https:\\\/\\\/thefortune.one\\\/pt\\\/como-tarcisio-de-freitas-avalia-o-avanco-da-privatizacao-da-sabesp-sbsp3\\\/#primaryimage\"},\"thumbnailUrl\":\"https:\\\/\\\/thefortune.one\\\/wp-content\\\/uploads\\\/2024\\\/02\\\/tarsio-de-fre.jpg\",\"datePublished\":\"2024-02-16T13:34:47+00:00\",\"description\":\"Somos especialistas em gest\u00e3o patrimonial, op\u00e7\u00f5es de investimentos para diversos perfis, nosso diferencial \u00e9 comprovado com resultados.\",\"breadcrumb\":{\"@id\":\"https:\\\/\\\/thefortune.one\\\/pt\\\/como-tarcisio-de-freitas-avalia-o-avanco-da-privatizacao-da-sabesp-sbsp3\\\/#breadcrumb\"},\"inLanguage\":\"pt-BR\",\"potentialAction\":[{\"@type\":\"ReadAction\",\"target\":[\"https:\\\/\\\/thefortune.one\\\/pt\\\/como-tarcisio-de-freitas-avalia-o-avanco-da-privatizacao-da-sabesp-sbsp3\\\/\"]}]},{\"@type\":\"ImageObject\",\"inLanguage\":\"pt-BR\",\"@id\":\"https:\\\/\\\/thefortune.one\\\/pt\\\/como-tarcisio-de-freitas-avalia-o-avanco-da-privatizacao-da-sabesp-sbsp3\\\/#primaryimage\",\"url\":\"https:\\\/\\\/thefortune.one\\\/wp-content\\\/uploads\\\/2024\\\/02\\\/tarsio-de-fre.jpg\",\"contentUrl\":\"https:\\\/\\\/thefortune.one\\\/wp-content\\\/uploads\\\/2024\\\/02\\\/tarsio-de-fre.jpg\",\"width\":396,\"height\":264},{\"@type\":\"BreadcrumbList\",\"@id\":\"https:\\\/\\\/thefortune.one\\\/pt\\\/como-tarcisio-de-freitas-avalia-o-avanco-da-privatizacao-da-sabesp-sbsp3\\\/#breadcrumb\",\"itemListElement\":[{\"@type\":\"ListItem\",\"position\":1,\"name\":\"In\u00edcio\",\"item\":\"https:\\\/\\\/thefortune.one\\\/pt\\\/\"},{\"@type\":\"ListItem\",\"position\":2,\"name\":\"Como Tarc\u00edsio de Freitas avalia o avan\u00e7o da privatiza\u00e7\u00e3o da Sabesp (SBSP3)\"}]},{\"@type\":\"WebSite\",\"@id\":\"https:\\\/\\\/thefortune.one\\\/pt\\\/#website\",\"url\":\"https:\\\/\\\/thefortune.one\\\/pt\\\/\",\"name\":\"The Fortune.one\",\"description\":\"Gestora de Recursos Especializada em Private Equity\",\"publisher\":{\"@id\":\"https:\\\/\\\/thefortune.one\\\/pt\\\/#organization\"},\"potentialAction\":[{\"@type\":\"SearchAction\",\"target\":{\"@type\":\"EntryPoint\",\"urlTemplate\":\"https:\\\/\\\/thefortune.one\\\/pt\\\/?s={search_term_string}\"},\"query-input\":{\"@type\":\"PropertyValueSpecification\",\"valueRequired\":true,\"valueName\":\"search_term_string\"}}],\"inLanguage\":\"pt-BR\"},{\"@type\":\"Organization\",\"@id\":\"https:\\\/\\\/thefortune.one\\\/pt\\\/#organization\",\"name\":\"The Fortune One\",\"url\":\"https:\\\/\\\/thefortune.one\\\/pt\\\/\",\"logo\":{\"@type\":\"ImageObject\",\"inLanguage\":\"pt-BR\",\"@id\":\"https:\\\/\\\/thefortune.one\\\/pt\\\/#\\\/schema\\\/logo\\\/image\\\/\",\"url\":\"https:\\\/\\\/thefortune.one\\\/wp-content\\\/uploads\\\/2022\\\/11\\\/cropped-cropped-1651682701199-1.jpg\",\"contentUrl\":\"https:\\\/\\\/thefortune.one\\\/wp-content\\\/uploads\\\/2022\\\/11\\\/cropped-cropped-1651682701199-1.jpg\",\"width\":369,\"height\":421,\"caption\":\"The Fortune One\"},\"image\":{\"@id\":\"https:\\\/\\\/thefortune.one\\\/pt\\\/#\\\/schema\\\/logo\\\/image\\\/\"}},{\"@type\":\"Person\",\"@id\":\"https:\\\/\\\/thefortune.one\\\/pt\\\/#\\\/schema\\\/person\\\/6cd8fe72a627d36caabf41815984a16f\",\"name\":\"bianca\",\"image\":{\"@type\":\"ImageObject\",\"inLanguage\":\"pt-BR\",\"@id\":\"https:\\\/\\\/secure.gravatar.com\\\/avatar\\\/66cd7b00d93410555e00d1e6a911a86de0cd0cfa4f83a2f8b47eddc2968c98af?s=96&d=mm&r=g\",\"url\":\"https:\\\/\\\/secure.gravatar.com\\\/avatar\\\/66cd7b00d93410555e00d1e6a911a86de0cd0cfa4f83a2f8b47eddc2968c98af?s=96&d=mm&r=g\",\"contentUrl\":\"https:\\\/\\\/secure.gravatar.com\\\/avatar\\\/66cd7b00d93410555e00d1e6a911a86de0cd0cfa4f83a2f8b47eddc2968c98af?s=96&d=mm&r=g\",\"caption\":\"bianca\"},\"url\":\"https:\\\/\\\/thefortune.one\\\/pt\\\/author\\\/bianca\\\/\"}]}<\/script>\n<!-- \/ Yoast SEO plugin. -->","yoast_head_json":{"title":"Como Tarc\u00edsio de Freitas avalia o avan\u00e7o da privatiza\u00e7\u00e3o da Sabesp (SBSP3) - The Fortune.one","description":"Somos especialistas em gest\u00e3o patrimonial, op\u00e7\u00f5es de investimentos para diversos perfis, nosso diferencial \u00e9 comprovado com resultados.","robots":{"index":"index","follow":"follow","max-snippet":"max-snippet:-1","max-image-preview":"max-image-preview:large","max-video-preview":"max-video-preview:-1"},"canonical":"https:\/\/thefortune.one\/pt\/como-tarcisio-de-freitas-avalia-o-avanco-da-privatizacao-da-sabesp-sbsp3\/","og_locale":"pt_BR","og_type":"article","og_title":"Como Tarc\u00edsio de Freitas avalia o avan\u00e7o da privatiza\u00e7\u00e3o da Sabesp (SBSP3) - The Fortune.one","og_description":"Somos especialistas em gest\u00e3o patrimonial, op\u00e7\u00f5es de investimentos para diversos perfis, nosso diferencial \u00e9 comprovado com resultados.","og_url":"https:\/\/thefortune.one\/pt\/como-tarcisio-de-freitas-avalia-o-avanco-da-privatizacao-da-sabesp-sbsp3\/","og_site_name":"The Fortune.one","article_published_time":"2024-02-16T13:34:47+00:00","og_image":[{"width":396,"height":264,"url":"https:\/\/thefortune.one\/wp-content\/uploads\/2024\/02\/tarsio-de-fre.jpg","type":"image\/jpeg"}],"author":"bianca","twitter_card":"summary_large_image","twitter_misc":{"Escrito por":"bianca","Est. tempo de leitura":"2 minutos"},"schema":{"@context":"https:\/\/schema.org","@graph":[{"@type":"Article","@id":"https:\/\/thefortune.one\/pt\/como-tarcisio-de-freitas-avalia-o-avanco-da-privatizacao-da-sabesp-sbsp3\/#article","isPartOf":{"@id":"https:\/\/thefortune.one\/pt\/como-tarcisio-de-freitas-avalia-o-avanco-da-privatizacao-da-sabesp-sbsp3\/"},"author":{"name":"bianca","@id":"https:\/\/thefortune.one\/pt\/#\/schema\/person\/6cd8fe72a627d36caabf41815984a16f"},"headline":"Como Tarc\u00edsio de Freitas avalia o avan\u00e7o da privatiza\u00e7\u00e3o da Sabesp (SBSP3)","datePublished":"2024-02-16T13:34:47+00:00","mainEntityOfPage":{"@id":"https:\/\/thefortune.one\/pt\/como-tarcisio-de-freitas-avalia-o-avanco-da-privatizacao-da-sabesp-sbsp3\/"},"wordCount":370,"commentCount":0,"publisher":{"@id":"https:\/\/thefortune.one\/pt\/#organization"},"image":{"@id":"https:\/\/thefortune.one\/pt\/como-tarcisio-de-freitas-avalia-o-avanco-da-privatizacao-da-sabesp-sbsp3\/#primaryimage"},"thumbnailUrl":"https:\/\/thefortune.one\/wp-content\/uploads\/2024\/02\/tarsio-de-fre.jpg","articleSection":["The Fortune.one"],"inLanguage":"pt-BR","potentialAction":[{"@type":"CommentAction","name":"Comment","target":["https:\/\/thefortune.one\/pt\/como-tarcisio-de-freitas-avalia-o-avanco-da-privatizacao-da-sabesp-sbsp3\/#respond"]}]},{"@type":"WebPage","@id":"https:\/\/thefortune.one\/pt\/como-tarcisio-de-freitas-avalia-o-avanco-da-privatizacao-da-sabesp-sbsp3\/","url":"https:\/\/thefortune.one\/pt\/como-tarcisio-de-freitas-avalia-o-avanco-da-privatizacao-da-sabesp-sbsp3\/","name":"Como Tarc\u00edsio de Freitas avalia o avan\u00e7o da privatiza\u00e7\u00e3o da Sabesp (SBSP3) - The Fortune.one","isPartOf":{"@id":"https:\/\/thefortune.one\/pt\/#website"},"primaryImageOfPage":{"@id":"https:\/\/thefortune.one\/pt\/como-tarcisio-de-freitas-avalia-o-avanco-da-privatizacao-da-sabesp-sbsp3\/#primaryimage"},"image":{"@id":"https:\/\/thefortune.one\/pt\/como-tarcisio-de-freitas-avalia-o-avanco-da-privatizacao-da-sabesp-sbsp3\/#primaryimage"},"thumbnailUrl":"https:\/\/thefortune.one\/wp-content\/uploads\/2024\/02\/tarsio-de-fre.jpg","datePublished":"2024-02-16T13:34:47+00:00","description":"Somos especialistas em gest\u00e3o patrimonial, op\u00e7\u00f5es de investimentos para diversos perfis, nosso diferencial \u00e9 comprovado com resultados.","breadcrumb":{"@id":"https:\/\/thefortune.one\/pt\/como-tarcisio-de-freitas-avalia-o-avanco-da-privatizacao-da-sabesp-sbsp3\/#breadcrumb"},"inLanguage":"pt-BR","potentialAction":[{"@type":"ReadAction","target":["https:\/\/thefortune.one\/pt\/como-tarcisio-de-freitas-avalia-o-avanco-da-privatizacao-da-sabesp-sbsp3\/"]}]},{"@type":"ImageObject","inLanguage":"pt-BR","@id":"https:\/\/thefortune.one\/pt\/como-tarcisio-de-freitas-avalia-o-avanco-da-privatizacao-da-sabesp-sbsp3\/#primaryimage","url":"https:\/\/thefortune.one\/wp-content\/uploads\/2024\/02\/tarsio-de-fre.jpg","contentUrl":"https:\/\/thefortune.one\/wp-content\/uploads\/2024\/02\/tarsio-de-fre.jpg","width":396,"height":264},{"@type":"BreadcrumbList","@id":"https:\/\/thefortune.one\/pt\/como-tarcisio-de-freitas-avalia-o-avanco-da-privatizacao-da-sabesp-sbsp3\/#breadcrumb","itemListElement":[{"@type":"ListItem","position":1,"name":"In\u00edcio","item":"https:\/\/thefortune.one\/pt\/"},{"@type":"ListItem","position":2,"name":"Como Tarc\u00edsio de Freitas avalia o avan\u00e7o da privatiza\u00e7\u00e3o da Sabesp (SBSP3)"}]},{"@type":"WebSite","@id":"https:\/\/thefortune.one\/pt\/#website","url":"https:\/\/thefortune.one\/pt\/","name":"The Fortune.one","description":"Gestora de Recursos Especializada em Private Equity","publisher":{"@id":"https:\/\/thefortune.one\/pt\/#organization"},"potentialAction":[{"@type":"SearchAction","target":{"@type":"EntryPoint","urlTemplate":"https:\/\/thefortune.one\/pt\/?s={search_term_string}"},"query-input":{"@type":"PropertyValueSpecification","valueRequired":true,"valueName":"search_term_string"}}],"inLanguage":"pt-BR"},{"@type":"Organization","@id":"https:\/\/thefortune.one\/pt\/#organization","name":"The Fortune One","url":"https:\/\/thefortune.one\/pt\/","logo":{"@type":"ImageObject","inLanguage":"pt-BR","@id":"https:\/\/thefortune.one\/pt\/#\/schema\/logo\/image\/","url":"https:\/\/thefortune.one\/wp-content\/uploads\/2022\/11\/cropped-cropped-1651682701199-1.jpg","contentUrl":"https:\/\/thefortune.one\/wp-content\/uploads\/2022\/11\/cropped-cropped-1651682701199-1.jpg","width":369,"height":421,"caption":"The Fortune One"},"image":{"@id":"https:\/\/thefortune.one\/pt\/#\/schema\/logo\/image\/"}},{"@type":"Person","@id":"https:\/\/thefortune.one\/pt\/#\/schema\/person\/6cd8fe72a627d36caabf41815984a16f","name":"bianca","image":{"@type":"ImageObject","inLanguage":"pt-BR","@id":"https:\/\/secure.gravatar.com\/avatar\/66cd7b00d93410555e00d1e6a911a86de0cd0cfa4f83a2f8b47eddc2968c98af?s=96&d=mm&r=g","url":"https:\/\/secure.gravatar.com\/avatar\/66cd7b00d93410555e00d1e6a911a86de0cd0cfa4f83a2f8b47eddc2968c98af?s=96&d=mm&r=g","contentUrl":"https:\/\/secure.gravatar.com\/avatar\/66cd7b00d93410555e00d1e6a911a86de0cd0cfa4f83a2f8b47eddc2968c98af?s=96&d=mm&r=g","caption":"bianca"},"url":"https:\/\/thefortune.one\/pt\/author\/bianca\/"}]}},"_links":{"self":[{"href":"https:\/\/thefortune.one\/pt\/wp-json\/wp\/v2\/posts\/4726","targetHints":{"allow":["GET"]}}],"collection":[{"href":"https:\/\/thefortune.one\/pt\/wp-json\/wp\/v2\/posts"}],"about":[{"href":"https:\/\/thefortune.one\/pt\/wp-json\/wp\/v2\/types\/post"}],"author":[{"embeddable":true,"href":"https:\/\/thefortune.one\/pt\/wp-json\/wp\/v2\/users\/3"}],"replies":[{"embeddable":true,"href":"https:\/\/thefortune.one\/pt\/wp-json\/wp\/v2\/comments?post=4726"}],"version-history":[{"count":1,"href":"https:\/\/thefortune.one\/pt\/wp-json\/wp\/v2\/posts\/4726\/revisions"}],"predecessor-version":[{"id":4728,"href":"https:\/\/thefortune.one\/pt\/wp-json\/wp\/v2\/posts\/4726\/revisions\/4728"}],"wp:featuredmedia":[{"embeddable":true,"href":"https:\/\/thefortune.one\/pt\/wp-json\/wp\/v2\/media\/4727"}],"wp:attachment":[{"href":"https:\/\/thefortune.one\/pt\/wp-json\/wp\/v2\/media?parent=4726"}],"wp:term":[{"taxonomy":"category","embeddable":true,"href":"https:\/\/thefortune.one\/pt\/wp-json\/wp\/v2\/categories?post=4726"},{"taxonomy":"post_tag","embeddable":true,"href":"https:\/\/thefortune.one\/pt\/wp-json\/wp\/v2\/tags?post=4726"}],"curies":[{"name":"wp","href":"https:\/\/api.w.org\/{rel}","templated":true}]}}