{"id":4670,"date":"2024-01-31T12:32:44","date_gmt":"2024-01-31T12:32:44","guid":{"rendered":"https:\/\/thefortune.one\/?p=4670"},"modified":"2024-01-31T12:32:44","modified_gmt":"2024-01-31T12:32:44","slug":"apos-reuniao-com-haddad-favaro-diz-que-bndes-anunciara-ampliacao-de-recursos-ao-agronegocio","status":"publish","type":"post","link":"https:\/\/thefortune.one\/pt\/apos-reuniao-com-haddad-favaro-diz-que-bndes-anunciara-ampliacao-de-recursos-ao-agronegocio\/","title":{"rendered":"Ap\u00f3s reuni\u00e3o com Haddad, F\u00e1varo diz que BNDES anunciar\u00e1 amplia\u00e7\u00e3o de recursos ao agroneg\u00f3cio"},"content":{"rendered":"<p>H\u00e1 expectativa de que o BNDES anuncie novo aporte de R$ 4 bilh\u00f5es para financiamento de investimentos agropecu\u00e1rios<\/p>\n\n\n\n<p><a href=\"https:\/\/web.whatsapp.com\/send?text=Ap%C3%B3s%20reuni%C3%A3o%20com%20Haddad,%20F%C3%A1varo%20diz%20que%20BNDES%20anunciar%C3%A1%20amplia%C3%A7%C3%A3o%20de%20recursos%20ao%20agroneg%C3%B3cio%20https%3A%2F%2Finteligenciafinanceira.com.br%2Fmercado-financeiro%2Feconomia%2Fapos-reuniao-com-haddad-favaro-diz-que-bndes-anunciara-ampliacao-de-recursos-ao-agronegocio%2F\" rel=\"noreferrer noopener\" target=\"_blank\"><\/a><a href=\"https:\/\/www.linkedin.com\/sharing\/share-offsite\/?url=https%3A%2F%2Finteligenciafinanceira.com.br%2Fmercado-financeiro%2Feconomia%2Fapos-reuniao-com-haddad-favaro-diz-que-bndes-anunciara-ampliacao-de-recursos-ao-agronegocio%2F&amp;title=Ap%C3%B3s%20reuni%C3%A3o%20com%20Haddad,%20F%C3%A1varo%20diz%20que%20BNDES%20anunciar%C3%A1%20amplia%C3%A7%C3%A3o%20de%20recursos%20ao%20agroneg%C3%B3cio\" rel=\"noreferrer noopener\" target=\"_blank\"><\/a><a href=\"https:\/\/t.me\/share\/url?url=https%3A%2F%2Finteligenciafinanceira.com.br%2Fmercado-financeiro%2Feconomia%2Fapos-reuniao-com-haddad-favaro-diz-que-bndes-anunciara-ampliacao-de-recursos-ao-agronegocio%2F&amp;text=Ap%C3%B3s%20reuni%C3%A3o%20com%20Haddad,%20F%C3%A1varo%20diz%20que%20BNDES%20anunciar%C3%A1%20amplia%C3%A7%C3%A3o%20de%20recursos%20ao%20agroneg%C3%B3cio\" rel=\"noreferrer noopener\" target=\"_blank\"><\/a><a href=\"https:\/\/twitter.com\/intent\/tweet?text=Ap%C3%B3s%20reuni%C3%A3o%20com%20Haddad,%20F%C3%A1varo%20diz%20que%20BNDES%20anunciar%C3%A1%20amplia%C3%A7%C3%A3o%20de%20recursos%20ao%20agroneg%C3%B3cio&amp;url=https%3A%2F%2Finteligenciafinanceira.com.br%2Fmercado-financeiro%2Feconomia%2Fapos-reuniao-com-haddad-favaro-diz-que-bndes-anunciara-ampliacao-de-recursos-ao-agronegocio%2F&amp;\" rel=\"noreferrer noopener\" target=\"_blank\"><\/a><a href=\"https:\/\/www.facebook.com\/sharer\/sharer.php?u=https%3A%2F%2Finteligenciafinanceira.com.br%2Fmercado-financeiro%2Feconomia%2Fapos-reuniao-com-haddad-favaro-diz-que-bndes-anunciara-ampliacao-de-recursos-ao-agronegocio%2F\" rel=\"noreferrer noopener\" target=\"_blank\"><\/a><a href=\"mailto:?subject=Ap%C3%B3s%20reuni%C3%A3o%20com%20Haddad,%20F%C3%A1varo%20diz%20que%20BNDES%20anunciar%C3%A1%20amplia%C3%A7%C3%A3o%20de%20recursos%20ao%20agroneg%C3%B3cio&amp;body=Veja%20mais%20em%20https%3A%2F%2Finteligenciafinanceira.com.br%2Fmercado-financeiro%2Feconomia%2Fapos-reuniao-com-haddad-favaro-diz-que-bndes-anunciara-ampliacao-de-recursos-ao-agronegocio%2F\" rel=\"noreferrer noopener\" target=\"_blank\"><\/a><a href=\"https:\/\/inteligenciafinanceira.com.br\/mercado-financeiro\/economia\/apos-reuniao-com-haddad-favaro-diz-que-bndes-anunciara-ampliacao-de-recursos-ao-agronegocio\/#copy_link\"><\/a><\/p>\n\n\n\n<figure class=\"wp-block-image\"><img decoding=\"async\" src=\"https:\/\/inteligenciafinanceira.com.br\/wp-content\/uploads\/2023\/07\/Carlos-Favaro.jpg?w=833&amp;h=469&amp;crop=1\" alt=\"Ap\u00f3s reuni\u00e3o com Haddad, F\u00e1varo diz que BNDES anunciar\u00e1 amplia\u00e7\u00e3o de recursos ao agroneg\u00f3cio\" \/><figcaption class=\"wp-element-caption\">Carlos F\u00e1varo, ministro da Agricultura. Foto: Andr\u00e9 Ribeiro\/Futura Press\/Estad\u00e3o Conte\u00fado<\/figcaption><\/figure>\n\n\n\n<p>O ministro da Agricultura, Carlos F\u00e1varo, confirmou que o Banco Nacional de Desenvolvimento Econ\u00f4mico e Social (<a href=\"https:\/\/inteligenciafinanceira.com.br\/glossario-financeiro\/bndes\/\">BNDES <\/a>) anunciar\u00e1 amplia\u00e7\u00e3o de recursos ao&nbsp;<a href=\"https:\/\/inteligenciafinanceira.com.br\/investimentos\/agronegocio\/\" target=\"_blank\" rel=\"noreferrer noopener\">agroneg\u00f3cio<\/a>.<\/p>\n\n\n\n<p>\u201cO BNDES est\u00e1 preparando an\u00fancios. No dia 2, dever\u00e1 ter algum an\u00fancio. Medidas estruturantes vir\u00e3o depois do levantamento da equipe econ\u00f4mica de endividamento do setor e custos\u201d, afirmou F\u00e1varo ap\u00f3s reuni\u00e3o com o ministro da Fazenda, Fernando Haddad, nesta ter\u00e7a-feira.<\/p>\n\n\n\n<p>Segundo o ministro, o BNDES tamb\u00e9m ser\u00e1 chamado pelo presidente da Rep\u00fablica, Luiz In\u00e1cio Lula da Silva, para discutir a crise enfrentada pelo agro. F\u00e1varo se reunir\u00e1 com o presidente do BNDES, Aloizio Mercadante, na pr\u00f3xima sexta-feira, 2, no Rio de Janeiro.<\/p>\n\n\n\n<p>Conforme mostrou o Broadcast Agro (sistema de not\u00edcias em tempo real do Grupo Estado), h\u00e1 expectativa de que o BNDES anuncie novo aporte de R$ 4 bilh\u00f5es para financiamento de investimentos agropecu\u00e1rios dentro da linha BNDES Cr\u00e9dito Rural, com custo fixo em d\u00f3lares americanos (TFBD).<\/p>\n\n\n\n<p>O banco de fomento tamb\u00e9m deve criar uma linha dolarizada para custeio agropecu\u00e1rio, com recursos voltados diretamente a produtores afetados pela quebra de safra ou a revendas para refinanciarem o custeio.<\/p>\n\n\n\n<p>Fonte:https:\/\/inteligenciafinanceira.com.br\/mercado-financeiro\/economia\/apos-reuniao-com-haddad-favaro-diz-que-bndes-anunciara-ampliacao-de-recursos-ao-agronegocio\/<\/p>","protected":false},"excerpt":{"rendered":"<p>H\u00e1 expectativa de que o BNDES anuncie novo aporte de R$ 4 bilh\u00f5es para financiamento de investimentos agropecu\u00e1rios O ministro da Agricultura, Carlos F\u00e1varo, confirmou que o Banco Nacional de Desenvolvimento Econ\u00f4mico e Social (BNDES ) anunciar\u00e1 amplia\u00e7\u00e3o de recursos ao&nbsp;agroneg\u00f3cio. \u201cO BNDES est\u00e1 preparando an\u00fancios. No dia 2, dever\u00e1 ter algum an\u00fancio. Medidas estruturantes [&hellip;]<\/p>\n","protected":false},"author":3,"featured_media":4671,"comment_status":"open","ping_status":"open","sticky":false,"template":"","format":"standard","meta":{"_joinchat":[],"footnotes":""},"categories":[1],"tags":[],"class_list":["post-4670","post","type-post","status-publish","format-standard","has-post-thumbnail","hentry","category-the-fortune-one"],"yoast_head":"<!-- This site is optimized with the Yoast SEO plugin v27.5 - https:\/\/yoast.com\/product\/yoast-seo-wordpress\/ -->\n<title>Ap\u00f3s reuni\u00e3o com Haddad, F\u00e1varo diz que BNDES anunciar\u00e1 amplia\u00e7\u00e3o de recursos ao agroneg\u00f3cio - The Fortune.one<\/title>\n<meta name=\"description\" content=\"Somos especialistas em gest\u00e3o patrimonial, op\u00e7\u00f5es de investimentos para diversos perfis, nosso diferencial \u00e9 comprovado com resultados.\" \/>\n<meta name=\"robots\" content=\"index, follow, max-snippet:-1, max-image-preview:large, max-video-preview:-1\" \/>\n<link rel=\"canonical\" href=\"https:\/\/thefortune.one\/pt\/apos-reuniao-com-haddad-favaro-diz-que-bndes-anunciara-ampliacao-de-recursos-ao-agronegocio\/\" \/>\n<meta property=\"og:locale\" content=\"pt_BR\" \/>\n<meta property=\"og:type\" content=\"article\" \/>\n<meta property=\"og:title\" content=\"Ap\u00f3s reuni\u00e3o com Haddad, F\u00e1varo diz que BNDES anunciar\u00e1 amplia\u00e7\u00e3o de recursos ao agroneg\u00f3cio - The Fortune.one\" \/>\n<meta property=\"og:description\" content=\"Somos especialistas em gest\u00e3o patrimonial, op\u00e7\u00f5es de investimentos para diversos perfis, nosso diferencial \u00e9 comprovado com resultados.\" \/>\n<meta property=\"og:url\" content=\"https:\/\/thefortune.one\/pt\/apos-reuniao-com-haddad-favaro-diz-que-bndes-anunciara-ampliacao-de-recursos-ao-agronegocio\/\" \/>\n<meta property=\"og:site_name\" content=\"The Fortune.one\" \/>\n<meta property=\"article:published_time\" content=\"2024-01-31T12:32:44+00:00\" \/>\n<meta property=\"og:image\" content=\"https:\/\/thefortune.one\/wp-content\/uploads\/2024\/01\/ae.jpg\" \/>\n\t<meta property=\"og:image:width\" content=\"833\" \/>\n\t<meta property=\"og:image:height\" content=\"469\" \/>\n\t<meta property=\"og:image:type\" content=\"image\/jpeg\" \/>\n<meta name=\"author\" content=\"bianca\" \/>\n<meta name=\"twitter:card\" content=\"summary_large_image\" \/>\n<meta name=\"twitter:label1\" content=\"Escrito por\" \/>\n\t<meta name=\"twitter:data1\" content=\"bianca\" \/>\n\t<meta name=\"twitter:label2\" content=\"Est. tempo de leitura\" \/>\n\t<meta name=\"twitter:data2\" content=\"1 minuto\" \/>\n<script type=\"application\/ld+json\" class=\"yoast-schema-graph\">{\"@context\":\"https:\\\/\\\/schema.org\",\"@graph\":[{\"@type\":\"Article\",\"@id\":\"https:\\\/\\\/thefortune.one\\\/pt\\\/apos-reuniao-com-haddad-favaro-diz-que-bndes-anunciara-ampliacao-de-recursos-ao-agronegocio\\\/#article\",\"isPartOf\":{\"@id\":\"https:\\\/\\\/thefortune.one\\\/pt\\\/apos-reuniao-com-haddad-favaro-diz-que-bndes-anunciara-ampliacao-de-recursos-ao-agronegocio\\\/\"},\"author\":{\"name\":\"bianca\",\"@id\":\"https:\\\/\\\/thefortune.one\\\/pt\\\/#\\\/schema\\\/person\\\/6cd8fe72a627d36caabf41815984a16f\"},\"headline\":\"Ap\u00f3s reuni\u00e3o com Haddad, F\u00e1varo diz que BNDES anunciar\u00e1 amplia\u00e7\u00e3o de recursos ao agroneg\u00f3cio\",\"datePublished\":\"2024-01-31T12:32:44+00:00\",\"mainEntityOfPage\":{\"@id\":\"https:\\\/\\\/thefortune.one\\\/pt\\\/apos-reuniao-com-haddad-favaro-diz-que-bndes-anunciara-ampliacao-de-recursos-ao-agronegocio\\\/\"},\"wordCount\":264,\"commentCount\":0,\"publisher\":{\"@id\":\"https:\\\/\\\/thefortune.one\\\/pt\\\/#organization\"},\"image\":{\"@id\":\"https:\\\/\\\/thefortune.one\\\/pt\\\/apos-reuniao-com-haddad-favaro-diz-que-bndes-anunciara-ampliacao-de-recursos-ao-agronegocio\\\/#primaryimage\"},\"thumbnailUrl\":\"https:\\\/\\\/thefortune.one\\\/wp-content\\\/uploads\\\/2024\\\/01\\\/ae.jpg\",\"articleSection\":[\"The Fortune.one\"],\"inLanguage\":\"pt-BR\",\"potentialAction\":[{\"@type\":\"CommentAction\",\"name\":\"Comment\",\"target\":[\"https:\\\/\\\/thefortune.one\\\/pt\\\/apos-reuniao-com-haddad-favaro-diz-que-bndes-anunciara-ampliacao-de-recursos-ao-agronegocio\\\/#respond\"]}]},{\"@type\":\"WebPage\",\"@id\":\"https:\\\/\\\/thefortune.one\\\/pt\\\/apos-reuniao-com-haddad-favaro-diz-que-bndes-anunciara-ampliacao-de-recursos-ao-agronegocio\\\/\",\"url\":\"https:\\\/\\\/thefortune.one\\\/pt\\\/apos-reuniao-com-haddad-favaro-diz-que-bndes-anunciara-ampliacao-de-recursos-ao-agronegocio\\\/\",\"name\":\"Ap\u00f3s reuni\u00e3o com Haddad, F\u00e1varo diz que BNDES anunciar\u00e1 amplia\u00e7\u00e3o de recursos ao agroneg\u00f3cio - The Fortune.one\",\"isPartOf\":{\"@id\":\"https:\\\/\\\/thefortune.one\\\/pt\\\/#website\"},\"primaryImageOfPage\":{\"@id\":\"https:\\\/\\\/thefortune.one\\\/pt\\\/apos-reuniao-com-haddad-favaro-diz-que-bndes-anunciara-ampliacao-de-recursos-ao-agronegocio\\\/#primaryimage\"},\"image\":{\"@id\":\"https:\\\/\\\/thefortune.one\\\/pt\\\/apos-reuniao-com-haddad-favaro-diz-que-bndes-anunciara-ampliacao-de-recursos-ao-agronegocio\\\/#primaryimage\"},\"thumbnailUrl\":\"https:\\\/\\\/thefortune.one\\\/wp-content\\\/uploads\\\/2024\\\/01\\\/ae.jpg\",\"datePublished\":\"2024-01-31T12:32:44+00:00\",\"description\":\"Somos especialistas em gest\u00e3o patrimonial, op\u00e7\u00f5es de investimentos para diversos perfis, nosso diferencial \u00e9 comprovado com resultados.\",\"breadcrumb\":{\"@id\":\"https:\\\/\\\/thefortune.one\\\/pt\\\/apos-reuniao-com-haddad-favaro-diz-que-bndes-anunciara-ampliacao-de-recursos-ao-agronegocio\\\/#breadcrumb\"},\"inLanguage\":\"pt-BR\",\"potentialAction\":[{\"@type\":\"ReadAction\",\"target\":[\"https:\\\/\\\/thefortune.one\\\/pt\\\/apos-reuniao-com-haddad-favaro-diz-que-bndes-anunciara-ampliacao-de-recursos-ao-agronegocio\\\/\"]}]},{\"@type\":\"ImageObject\",\"inLanguage\":\"pt-BR\",\"@id\":\"https:\\\/\\\/thefortune.one\\\/pt\\\/apos-reuniao-com-haddad-favaro-diz-que-bndes-anunciara-ampliacao-de-recursos-ao-agronegocio\\\/#primaryimage\",\"url\":\"https:\\\/\\\/thefortune.one\\\/wp-content\\\/uploads\\\/2024\\\/01\\\/ae.jpg\",\"contentUrl\":\"https:\\\/\\\/thefortune.one\\\/wp-content\\\/uploads\\\/2024\\\/01\\\/ae.jpg\",\"width\":833,\"height\":469},{\"@type\":\"BreadcrumbList\",\"@id\":\"https:\\\/\\\/thefortune.one\\\/pt\\\/apos-reuniao-com-haddad-favaro-diz-que-bndes-anunciara-ampliacao-de-recursos-ao-agronegocio\\\/#breadcrumb\",\"itemListElement\":[{\"@type\":\"ListItem\",\"position\":1,\"name\":\"In\u00edcio\",\"item\":\"https:\\\/\\\/thefortune.one\\\/pt\\\/\"},{\"@type\":\"ListItem\",\"position\":2,\"name\":\"Ap\u00f3s reuni\u00e3o com Haddad, F\u00e1varo diz que BNDES anunciar\u00e1 amplia\u00e7\u00e3o de recursos ao agroneg\u00f3cio\"}]},{\"@type\":\"WebSite\",\"@id\":\"https:\\\/\\\/thefortune.one\\\/pt\\\/#website\",\"url\":\"https:\\\/\\\/thefortune.one\\\/pt\\\/\",\"name\":\"The Fortune.one\",\"description\":\"Gestora de Recursos Especializada em Private Equity\",\"publisher\":{\"@id\":\"https:\\\/\\\/thefortune.one\\\/pt\\\/#organization\"},\"potentialAction\":[{\"@type\":\"SearchAction\",\"target\":{\"@type\":\"EntryPoint\",\"urlTemplate\":\"https:\\\/\\\/thefortune.one\\\/pt\\\/?s={search_term_string}\"},\"query-input\":{\"@type\":\"PropertyValueSpecification\",\"valueRequired\":true,\"valueName\":\"search_term_string\"}}],\"inLanguage\":\"pt-BR\"},{\"@type\":\"Organization\",\"@id\":\"https:\\\/\\\/thefortune.one\\\/pt\\\/#organization\",\"name\":\"The Fortune One\",\"url\":\"https:\\\/\\\/thefortune.one\\\/pt\\\/\",\"logo\":{\"@type\":\"ImageObject\",\"inLanguage\":\"pt-BR\",\"@id\":\"https:\\\/\\\/thefortune.one\\\/pt\\\/#\\\/schema\\\/logo\\\/image\\\/\",\"url\":\"https:\\\/\\\/thefortune.one\\\/wp-content\\\/uploads\\\/2022\\\/11\\\/cropped-cropped-1651682701199-1.jpg\",\"contentUrl\":\"https:\\\/\\\/thefortune.one\\\/wp-content\\\/uploads\\\/2022\\\/11\\\/cropped-cropped-1651682701199-1.jpg\",\"width\":369,\"height\":421,\"caption\":\"The Fortune One\"},\"image\":{\"@id\":\"https:\\\/\\\/thefortune.one\\\/pt\\\/#\\\/schema\\\/logo\\\/image\\\/\"}},{\"@type\":\"Person\",\"@id\":\"https:\\\/\\\/thefortune.one\\\/pt\\\/#\\\/schema\\\/person\\\/6cd8fe72a627d36caabf41815984a16f\",\"name\":\"bianca\",\"image\":{\"@type\":\"ImageObject\",\"inLanguage\":\"pt-BR\",\"@id\":\"https:\\\/\\\/secure.gravatar.com\\\/avatar\\\/66cd7b00d93410555e00d1e6a911a86de0cd0cfa4f83a2f8b47eddc2968c98af?s=96&d=mm&r=g\",\"url\":\"https:\\\/\\\/secure.gravatar.com\\\/avatar\\\/66cd7b00d93410555e00d1e6a911a86de0cd0cfa4f83a2f8b47eddc2968c98af?s=96&d=mm&r=g\",\"contentUrl\":\"https:\\\/\\\/secure.gravatar.com\\\/avatar\\\/66cd7b00d93410555e00d1e6a911a86de0cd0cfa4f83a2f8b47eddc2968c98af?s=96&d=mm&r=g\",\"caption\":\"bianca\"},\"url\":\"https:\\\/\\\/thefortune.one\\\/pt\\\/author\\\/bianca\\\/\"}]}<\/script>\n<!-- \/ Yoast SEO plugin. -->","yoast_head_json":{"title":"Ap\u00f3s reuni\u00e3o com Haddad, F\u00e1varo diz que BNDES anunciar\u00e1 amplia\u00e7\u00e3o de recursos ao agroneg\u00f3cio - The Fortune.one","description":"Somos especialistas em gest\u00e3o patrimonial, op\u00e7\u00f5es de investimentos para diversos perfis, nosso diferencial \u00e9 comprovado com resultados.","robots":{"index":"index","follow":"follow","max-snippet":"max-snippet:-1","max-image-preview":"max-image-preview:large","max-video-preview":"max-video-preview:-1"},"canonical":"https:\/\/thefortune.one\/pt\/apos-reuniao-com-haddad-favaro-diz-que-bndes-anunciara-ampliacao-de-recursos-ao-agronegocio\/","og_locale":"pt_BR","og_type":"article","og_title":"Ap\u00f3s reuni\u00e3o com Haddad, F\u00e1varo diz que BNDES anunciar\u00e1 amplia\u00e7\u00e3o de recursos ao agroneg\u00f3cio - The Fortune.one","og_description":"Somos especialistas em gest\u00e3o patrimonial, op\u00e7\u00f5es de investimentos para diversos perfis, nosso diferencial \u00e9 comprovado com resultados.","og_url":"https:\/\/thefortune.one\/pt\/apos-reuniao-com-haddad-favaro-diz-que-bndes-anunciara-ampliacao-de-recursos-ao-agronegocio\/","og_site_name":"The Fortune.one","article_published_time":"2024-01-31T12:32:44+00:00","og_image":[{"width":833,"height":469,"url":"https:\/\/thefortune.one\/wp-content\/uploads\/2024\/01\/ae.jpg","type":"image\/jpeg"}],"author":"bianca","twitter_card":"summary_large_image","twitter_misc":{"Escrito por":"bianca","Est. tempo de leitura":"1 minuto"},"schema":{"@context":"https:\/\/schema.org","@graph":[{"@type":"Article","@id":"https:\/\/thefortune.one\/pt\/apos-reuniao-com-haddad-favaro-diz-que-bndes-anunciara-ampliacao-de-recursos-ao-agronegocio\/#article","isPartOf":{"@id":"https:\/\/thefortune.one\/pt\/apos-reuniao-com-haddad-favaro-diz-que-bndes-anunciara-ampliacao-de-recursos-ao-agronegocio\/"},"author":{"name":"bianca","@id":"https:\/\/thefortune.one\/pt\/#\/schema\/person\/6cd8fe72a627d36caabf41815984a16f"},"headline":"Ap\u00f3s reuni\u00e3o com Haddad, F\u00e1varo diz que BNDES anunciar\u00e1 amplia\u00e7\u00e3o de recursos ao agroneg\u00f3cio","datePublished":"2024-01-31T12:32:44+00:00","mainEntityOfPage":{"@id":"https:\/\/thefortune.one\/pt\/apos-reuniao-com-haddad-favaro-diz-que-bndes-anunciara-ampliacao-de-recursos-ao-agronegocio\/"},"wordCount":264,"commentCount":0,"publisher":{"@id":"https:\/\/thefortune.one\/pt\/#organization"},"image":{"@id":"https:\/\/thefortune.one\/pt\/apos-reuniao-com-haddad-favaro-diz-que-bndes-anunciara-ampliacao-de-recursos-ao-agronegocio\/#primaryimage"},"thumbnailUrl":"https:\/\/thefortune.one\/wp-content\/uploads\/2024\/01\/ae.jpg","articleSection":["The Fortune.one"],"inLanguage":"pt-BR","potentialAction":[{"@type":"CommentAction","name":"Comment","target":["https:\/\/thefortune.one\/pt\/apos-reuniao-com-haddad-favaro-diz-que-bndes-anunciara-ampliacao-de-recursos-ao-agronegocio\/#respond"]}]},{"@type":"WebPage","@id":"https:\/\/thefortune.one\/pt\/apos-reuniao-com-haddad-favaro-diz-que-bndes-anunciara-ampliacao-de-recursos-ao-agronegocio\/","url":"https:\/\/thefortune.one\/pt\/apos-reuniao-com-haddad-favaro-diz-que-bndes-anunciara-ampliacao-de-recursos-ao-agronegocio\/","name":"Ap\u00f3s reuni\u00e3o com Haddad, F\u00e1varo diz que BNDES anunciar\u00e1 amplia\u00e7\u00e3o de recursos ao agroneg\u00f3cio - The Fortune.one","isPartOf":{"@id":"https:\/\/thefortune.one\/pt\/#website"},"primaryImageOfPage":{"@id":"https:\/\/thefortune.one\/pt\/apos-reuniao-com-haddad-favaro-diz-que-bndes-anunciara-ampliacao-de-recursos-ao-agronegocio\/#primaryimage"},"image":{"@id":"https:\/\/thefortune.one\/pt\/apos-reuniao-com-haddad-favaro-diz-que-bndes-anunciara-ampliacao-de-recursos-ao-agronegocio\/#primaryimage"},"thumbnailUrl":"https:\/\/thefortune.one\/wp-content\/uploads\/2024\/01\/ae.jpg","datePublished":"2024-01-31T12:32:44+00:00","description":"Somos especialistas em gest\u00e3o patrimonial, op\u00e7\u00f5es de investimentos para diversos perfis, nosso diferencial \u00e9 comprovado com resultados.","breadcrumb":{"@id":"https:\/\/thefortune.one\/pt\/apos-reuniao-com-haddad-favaro-diz-que-bndes-anunciara-ampliacao-de-recursos-ao-agronegocio\/#breadcrumb"},"inLanguage":"pt-BR","potentialAction":[{"@type":"ReadAction","target":["https:\/\/thefortune.one\/pt\/apos-reuniao-com-haddad-favaro-diz-que-bndes-anunciara-ampliacao-de-recursos-ao-agronegocio\/"]}]},{"@type":"ImageObject","inLanguage":"pt-BR","@id":"https:\/\/thefortune.one\/pt\/apos-reuniao-com-haddad-favaro-diz-que-bndes-anunciara-ampliacao-de-recursos-ao-agronegocio\/#primaryimage","url":"https:\/\/thefortune.one\/wp-content\/uploads\/2024\/01\/ae.jpg","contentUrl":"https:\/\/thefortune.one\/wp-content\/uploads\/2024\/01\/ae.jpg","width":833,"height":469},{"@type":"BreadcrumbList","@id":"https:\/\/thefortune.one\/pt\/apos-reuniao-com-haddad-favaro-diz-que-bndes-anunciara-ampliacao-de-recursos-ao-agronegocio\/#breadcrumb","itemListElement":[{"@type":"ListItem","position":1,"name":"In\u00edcio","item":"https:\/\/thefortune.one\/pt\/"},{"@type":"ListItem","position":2,"name":"Ap\u00f3s reuni\u00e3o com Haddad, F\u00e1varo diz que BNDES anunciar\u00e1 amplia\u00e7\u00e3o de recursos ao agroneg\u00f3cio"}]},{"@type":"WebSite","@id":"https:\/\/thefortune.one\/pt\/#website","url":"https:\/\/thefortune.one\/pt\/","name":"The Fortune.one","description":"Gestora de Recursos Especializada em Private Equity","publisher":{"@id":"https:\/\/thefortune.one\/pt\/#organization"},"potentialAction":[{"@type":"SearchAction","target":{"@type":"EntryPoint","urlTemplate":"https:\/\/thefortune.one\/pt\/?s={search_term_string}"},"query-input":{"@type":"PropertyValueSpecification","valueRequired":true,"valueName":"search_term_string"}}],"inLanguage":"pt-BR"},{"@type":"Organization","@id":"https:\/\/thefortune.one\/pt\/#organization","name":"The Fortune One","url":"https:\/\/thefortune.one\/pt\/","logo":{"@type":"ImageObject","inLanguage":"pt-BR","@id":"https:\/\/thefortune.one\/pt\/#\/schema\/logo\/image\/","url":"https:\/\/thefortune.one\/wp-content\/uploads\/2022\/11\/cropped-cropped-1651682701199-1.jpg","contentUrl":"https:\/\/thefortune.one\/wp-content\/uploads\/2022\/11\/cropped-cropped-1651682701199-1.jpg","width":369,"height":421,"caption":"The Fortune One"},"image":{"@id":"https:\/\/thefortune.one\/pt\/#\/schema\/logo\/image\/"}},{"@type":"Person","@id":"https:\/\/thefortune.one\/pt\/#\/schema\/person\/6cd8fe72a627d36caabf41815984a16f","name":"bianca","image":{"@type":"ImageObject","inLanguage":"pt-BR","@id":"https:\/\/secure.gravatar.com\/avatar\/66cd7b00d93410555e00d1e6a911a86de0cd0cfa4f83a2f8b47eddc2968c98af?s=96&d=mm&r=g","url":"https:\/\/secure.gravatar.com\/avatar\/66cd7b00d93410555e00d1e6a911a86de0cd0cfa4f83a2f8b47eddc2968c98af?s=96&d=mm&r=g","contentUrl":"https:\/\/secure.gravatar.com\/avatar\/66cd7b00d93410555e00d1e6a911a86de0cd0cfa4f83a2f8b47eddc2968c98af?s=96&d=mm&r=g","caption":"bianca"},"url":"https:\/\/thefortune.one\/pt\/author\/bianca\/"}]}},"_links":{"self":[{"href":"https:\/\/thefortune.one\/pt\/wp-json\/wp\/v2\/posts\/4670","targetHints":{"allow":["GET"]}}],"collection":[{"href":"https:\/\/thefortune.one\/pt\/wp-json\/wp\/v2\/posts"}],"about":[{"href":"https:\/\/thefortune.one\/pt\/wp-json\/wp\/v2\/types\/post"}],"author":[{"embeddable":true,"href":"https:\/\/thefortune.one\/pt\/wp-json\/wp\/v2\/users\/3"}],"replies":[{"embeddable":true,"href":"https:\/\/thefortune.one\/pt\/wp-json\/wp\/v2\/comments?post=4670"}],"version-history":[{"count":1,"href":"https:\/\/thefortune.one\/pt\/wp-json\/wp\/v2\/posts\/4670\/revisions"}],"predecessor-version":[{"id":4672,"href":"https:\/\/thefortune.one\/pt\/wp-json\/wp\/v2\/posts\/4670\/revisions\/4672"}],"wp:featuredmedia":[{"embeddable":true,"href":"https:\/\/thefortune.one\/pt\/wp-json\/wp\/v2\/media\/4671"}],"wp:attachment":[{"href":"https:\/\/thefortune.one\/pt\/wp-json\/wp\/v2\/media?parent=4670"}],"wp:term":[{"taxonomy":"category","embeddable":true,"href":"https:\/\/thefortune.one\/pt\/wp-json\/wp\/v2\/categories?post=4670"},{"taxonomy":"post_tag","embeddable":true,"href":"https:\/\/thefortune.one\/pt\/wp-json\/wp\/v2\/tags?post=4670"}],"curies":[{"name":"wp","href":"https:\/\/api.w.org\/{rel}","templated":true}]}}