{"id":4515,"date":"2024-01-05T13:13:44","date_gmt":"2024-01-05T13:13:44","guid":{"rendered":"https:\/\/thefortune.one\/?p=4515"},"modified":"2024-01-05T13:13:44","modified_gmt":"2024-01-05T13:13:44","slug":"como-foi-o-primeiro-ano-de-lula-3-na-economia-e-quais-sao-os-desafios-para-2024","status":"publish","type":"post","link":"https:\/\/thefortune.one\/pt\/como-foi-o-primeiro-ano-de-lula-3-na-economia-e-quais-sao-os-desafios-para-2024\/","title":{"rendered":"Como foi o primeiro ano de Lula 3 na economia \u2014 e quais s\u00e3o os desafios para 2024"},"content":{"rendered":"<p>Governo aprovou reforma tribut\u00e1ria hist\u00f3rica e conseguiu cumprir as promessas de elevar o sal\u00e1rio m\u00ednimo e o Bolsa Fam\u00edlia, mas ainda enfrenta d\u00e9ficit expressivo nas contas p\u00fablicas e desconfian\u00e7a sobre o arcabou\u00e7o fiscal.<\/p>\n\n\n\n<figure class=\"wp-block-image size-full\"><img fetchpriority=\"high\" decoding=\"async\" width=\"1008\" height=\"672\" src=\"https:\/\/thefortune.one\/wp-content\/uploads\/2024\/01\/image-2.png\" alt=\"\" class=\"wp-image-4516\" srcset=\"https:\/\/thefortune.one\/wp-content\/uploads\/2024\/01\/image-2.png 1008w, https:\/\/thefortune.one\/wp-content\/uploads\/2024\/01\/image-2-300x200.png 300w, https:\/\/thefortune.one\/wp-content\/uploads\/2024\/01\/image-2-768x512.png 768w, https:\/\/thefortune.one\/wp-content\/uploads\/2024\/01\/image-2-18x12.png 18w\" sizes=\"(max-width: 1008px) 100vw, 1008px\" \/><\/figure>\n\n\n\n<p>A agenda econ\u00f4mica deu a t\u00f4nica do primeiro ano do terceiro mandato de&nbsp;<a class=\"\" href=\"https:\/\/g1.globo.com\/tudo-sobre\/luiz-inacio-lula-da-silva\/\">Luiz In\u00e1cio Lula da Silva<\/a>&nbsp;(<a class=\"\" href=\"https:\/\/g1.globo.com\/politica\/partido\/pt\/\">PT<\/a>), e deve ser o foco deste ano tamb\u00e9m.<\/p>\n\n\n\n<p>Tanto que o ministro da Fazenda, Fernando Haddad, atrasou o recesso de r\u00e9veillon para anunciar, a tr\u00eas dias do fim de 2023,&nbsp;<a class=\"\" href=\"https:\/\/g1.globo.com\/economia\/noticia\/2023\/12\/28\/haddad-anuncia-mais-medidas-para-equilibrar-contas-publicas-e-atingir-meta-de-deficit-zero-em-2024.ghtml\">um novo pacote de medidas econ\u00f4micas para tentar zerar o d\u00e9ficit das contas p\u00fablicas federais.<\/a><\/p>\n\n\n\n<p>Ao longo do ano, coube a Haddad criar um plano para desatar uma bomba nas contas p\u00fablicas, enquanto equilibrava a press\u00e3o de membros do PT por uma acelera\u00e7\u00e3o nos investimentos. Entre vit\u00f3rias e deslizes, ainda restam muitas d\u00favidas e desafios para 2024.<\/p>\n\n\n\n<p><strong>Os destaques at\u00e9 aqui:<\/strong><\/p>\n\n\n\n<ul class=\"wp-block-list\">\n<li>foi criada&nbsp;<strong>uma nova regra fiscal que reduziu o risco de endividamento descontrolado do pa\u00eds<\/strong>&nbsp;\u2014 e tamb\u00e9m amenizou as tens\u00f5es do mercado financeiro;<\/li>\n\n\n\n<li>foi&nbsp;<strong>aprovada uma reforma tribut\u00e1ria hist\u00f3rica<\/strong>, discutida h\u00e1 mais de 30 anos no Congresso;<\/li>\n\n\n\n<li>foram cumpridas as promessas de campanha de conceder&nbsp;<strong>aumento real ao sal\u00e1rio m\u00ednimo e de reajuste do Bolsa Fam\u00edlia para R$ 600;<\/strong><\/li>\n\n\n\n<li>foram&nbsp;<strong>mantidas a meta de infla\u00e7\u00e3o e a autonomia do Banco Central<\/strong>, que ajudaram a manter comportadas as expectativas e deram seguran\u00e7a ao BC para&nbsp;<strong>iniciar o ciclo de corte nos juros<\/strong>;<\/li>\n\n\n\n<li>foram criadas medidas de aumento da arrecada\u00e7\u00e3o, em busca de&nbsp;<strong>perseguir a meta de zerar o d\u00e9ficit nas contas em 2024;<\/strong><\/li>\n\n\n\n<li>houve&nbsp;<strong>avers\u00e3o \u00e0 discuss\u00e3o sobre revis\u00e3o e corte de gastos<\/strong>, o que afasta a possibilidade de cumprir o d\u00e9ficit zero e amplia a perspectiva de endividamento do pa\u00eds;<\/li>\n\n\n\n<li>foram priorizadas a&nbsp;<strong>cria\u00e7\u00e3o de novas taxas, a corre\u00e7\u00e3o de distor\u00e7\u00f5es tribut\u00e1rias e a retirada de benef\u00edcios fiscais;<\/strong><\/li>\n\n\n\n<li><strong>n\u00e3o h\u00e1 clareza sobre um plano B para perseguir o super\u00e1vit fiscal<\/strong>, com medidas que dependem de um Congresso avesso ao aumento de impostos;<\/li>\n\n\n\n<li><strong>resultados de PIB surpreenderam<\/strong>&nbsp;com suporte de incentivos fiscais (como os benef\u00edcios sociais), mas&nbsp;<strong>a atividade iniciou desacelera\u00e7\u00e3o<\/strong>&nbsp;junto com outras economias globais.<\/li>\n<\/ul>\n\n\n\n<p>O\u00a0<strong>g1<\/strong>\u00a0ouviu economistas e cientistas pol\u00edticos para entender o balan\u00e7o final da economia no primeiro ano de Lula 3, e quais devem ser as prioridades do governo para 2024.<\/p>\n\n\n\n<p>Abaixo, ser\u00e1 poss\u00edvel entender os avan\u00e7os e os entraves em grandes temas da economia. Ser\u00e3o tratados os seguintes temas:<\/p>\n\n\n\n<ul class=\"wp-block-list\">\n<li><a class=\"\" href=\"https:\/\/g1.globo.com\/economia\/noticia\/2024\/01\/03\/como-foi-o-primeiro-ano-de-lula-3-na-economia-e-quais-sao-os-desafios-para-2024.ghtml#surpresas\"><strong>PIB, infla\u00e7\u00e3o e juros: as surpresas positivas<\/strong><\/a><\/li>\n\n\n\n<li><a class=\"\" href=\"https:\/\/g1.globo.com\/economia\/noticia\/2024\/01\/03\/como-foi-o-primeiro-ano-de-lula-3-na-economia-e-quais-sao-os-desafios-para-2024.ghtml#crise\"><strong>Crise fiscal e a aprova\u00e7\u00e3o do arcabou\u00e7o<\/strong><\/a><\/li>\n\n\n\n<li><a class=\"\" href=\"https:\/\/g1.globo.com\/economia\/noticia\/2024\/01\/03\/como-foi-o-primeiro-ano-de-lula-3-na-economia-e-quais-sao-os-desafios-para-2024.ghtml#duvidas\"><strong>As d\u00favidas sobre o arcabou\u00e7o<\/strong><\/a><\/li>\n\n\n\n<li><a class=\"\" href=\"https:\/\/g1.globo.com\/economia\/noticia\/2024\/01\/03\/como-foi-o-primeiro-ano-de-lula-3-na-economia-e-quais-sao-os-desafios-para-2024.ghtml#novafase\"><strong>Nova fase da reforma tribut\u00e1ria<\/strong><\/a><\/li>\n\n\n\n<li><a class=\"\" href=\"https:\/\/g1.globo.com\/economia\/noticia\/2024\/01\/03\/como-foi-o-primeiro-ano-de-lula-3-na-economia-e-quais-sao-os-desafios-para-2024.ghtml#perspectivas\"><strong>As perspectivas, com um PIB em desacelera\u00e7\u00e3o<\/strong><\/a><\/li>\n<\/ul>\n\n\n\n<h2 class=\"wp-block-heading\">PIB, infla\u00e7\u00e3o e juros: as surpresas positivas<\/h2>\n\n\n\n<p>Os resultados finais da macroeconomia ainda n\u00e3o sa\u00edram, mas j\u00e1 est\u00e3o muito distantes&nbsp;<a class=\"\" href=\"https:\/\/g1.globo.com\/economia\/noticia\/2023\/01\/02\/mercado-financeiro-baixa-de-564percent-para-562percent-estimativa-de-inflacao-para-2022.ghtml\">do primeiro boletim Focus de 2023.<\/a>&nbsp;O relat\u00f3rio do Banco Central analisa, semana a semana, as proje\u00e7\u00f5es do mercado financeiro para o fim do ano.<\/p>\n\n\n\n<p>Em janeiro do ano passado, os analistas apostavam em&nbsp;<strong>um Produto Interno Bruto (PIB) na casa dos 0,8%. A infla\u00e7\u00e3o prevista era de 5,31%. Os juros, de 12,25% ao ano.<\/strong><\/p>\n\n\n\n<p>O\u00a0<a class=\"\" href=\"https:\/\/g1.globo.com\/economia\/noticia\/2024\/01\/02\/mercado-financeiro-preve-inflacao-de-39percent-dolar-a-r-5-e-crescimento-de-152percent-para-a-economia-em-2024.ghtml\">primeiro Focus de 2024<\/a>\u00a0espera\u00a0<strong>alta de 2,92% para o PIB e infla\u00e7\u00e3o final de 4,46%<\/strong>, dentro da meta estabelecida pelo Conselho Monet\u00e1rio Nacional (CMN). A taxa b\u00e1sica de juros<a class=\"\" href=\"https:\/\/g1.globo.com\/economia\/noticia\/2023\/12\/13\/copom-corta-taxa-selic-de-1225percent-para-1175percent-ao-ano-na-ultima-reuniao-de-2023.ghtml\">\u00a0j\u00e1 terminou o ano em 11,75% ao ano<\/a>, meio ponto percentual abaixo do previsto.<\/p>\n\n\n\n<p><strong>&#8221;Os economistas t\u00eam debatido que talvez n\u00e3o estejamos captando algumas mudan\u00e7as estruturais nos \u00faltimos anos. Com as reformas que foram feitas de 2016 para c\u00e1, ficou mais dif\u00edcil medir a nova capacidade de crescimento da economia brasileira.&#8221;<\/strong><\/p>\n\n\n\n<p>\u2014 Alessandra Ribeiro, economista e s\u00f3cia da Tend\u00eancias Consultoria<\/p>\n\n\n\n<p>\u00c9 bem verdade que 2023 foi \u201caben\u00e7oado\u201d com&nbsp;<a class=\"\" href=\"https:\/\/g1.globo.com\/economia\/noticia\/2023\/12\/05\/pib-do-brasil-cresce-01percent-no-3-trimestre-de-2023-diz-ibge.ghtml\">uma supersafra agr\u00edcola, que deve crescer 16% no ano<\/a>&nbsp;e puxar atividades correlatas em outros setores \u2014 caso de transportes, ind\u00fastria extrativa etc.<\/p>\n\n\n\n<p>A safra tamb\u00e9m ajudou a&nbsp;<a class=\"\" href=\"https:\/\/g1.globo.com\/economia\/noticia\/2023\/12\/12\/ipca-sobe-028percent-em-novembro.ghtml\">reduzir os pre\u00e7os dos alimentos, que conduziram a desinfla\u00e7\u00e3o deste ano<\/a>. O grupo de Alimenta\u00e7\u00e3o e bebidas, que costuma representar 20% do \u00cdndice de Pre\u00e7os ao Consumidor Amplo (IPCA), teve defla\u00e7\u00e3o em quatro meses seguidos (e s\u00f3 recentemente voltou a subir).<\/p>\n\n\n\n<p>A queda do pre\u00e7o de commodities neste ano tamb\u00e9m ajudou a desinflacionar a economia, reduzindo a press\u00e3o de combust\u00edveis na infla\u00e7\u00e3o j\u00e1 no segundo semestre.<\/p>\n\n\n\n<p>Foi o cen\u00e1rio mais comportado, com a percep\u00e7\u00e3o que a demanda vinha enfraquecendo ao longo do ano e com uma sa\u00edda proposta para a crise fiscal (saiba mais abaixo) que&nbsp;<strong>o Banco Central pode iniciar os cortes na taxa b\u00e1sica de juros, a Selic, com mais velocidade do que o mercado previa.<\/strong><\/p>\n\n\n\n<p>Em vez de cortes de 0,25 p.p., foram realizados cortes de 0,5 p.p. em cada reuni\u00e3o. E, na virada do ano, discute-se (com cautela) a possibilidade de acelerar o passo neste ano.<\/p>\n\n\n\n<h2 class=\"wp-block-heading\">Crise fiscal e a aprova\u00e7\u00e3o do arcabou\u00e7o<\/h2>\n\n\n\n<p>Por mais que a economia brasileira tenha surpreendido em 2023, n\u00e3o h\u00e1 especialista que n\u00e3o fa\u00e7a a ressalva da situa\u00e7\u00e3o das contas p\u00fablicas.&nbsp;<strong>O resultado prim\u00e1rio no ano \u2014 diferen\u00e7a entre arrecada\u00e7\u00e3o e gastos \u2014&nbsp;<\/strong><a class=\"\" href=\"https:\/\/g1.globo.com\/economia\/noticia\/2023\/12\/27\/contas-no-vermelho-governo-registra-deficit-de-r-1146-bilhoes-de-janeiro-a-novembro-de-2023-segundo-tesouro.ghtml\"><strong>deve ficar negativo, na casa dos R$ 125 bilh\u00f5es.<\/strong><\/a><\/p>\n\n\n\n<p>J\u00e1 em 2022, ningu\u00e9m esperava que o pa\u00eds pudesse ter super\u00e1vit no ano que termina. O governo Jair Bolsonaro conseguiu fechar seu \u00faltimo ano no azul com fatores que sairiam da conta para o ano seguinte, independentemente de quem fosse eleito presidente.<\/p>\n\n\n\n<ul class=\"wp-block-list\">\n<li>A reabertura da economia ap\u00f3s a pandemia de Covid-19 e a normaliza\u00e7\u00e3o das cadeias produtivas&nbsp;<strong>fizeram explodir o pre\u00e7o das commodities em 2022.<\/strong>&nbsp;Isso ajudou a arrecada\u00e7\u00e3o do pa\u00eds, que \u00e9 grande exportador de soja, min\u00e9rios e petr\u00f3leo.<\/li>\n\n\n\n<li>A infla\u00e7\u00e3o em 2022 tamb\u00e9m foi mais alta, o que&nbsp;<strong>eleva a arrecada\u00e7\u00e3o porque aumenta a fatia de impostos no pre\u00e7o de itens consumidos pela popula\u00e7\u00e3o.<\/strong><\/li>\n\n\n\n<li>Por fim, Bolsonaro ainda se beneficiou de uma&nbsp;<strong>antecipa\u00e7\u00e3o de receitas com dividendos de estatais<\/strong>, que melhoraram pontualmente o caixa da Uni\u00e3o.<\/li>\n<\/ul>\n\n\n\n<p>E mais: na tentativa de se reeleger,\u00a0<strong>Bolsonaro fez um pacote de impulsos \u00e0 economia, furando o teto de gastos.<\/strong>\u00a0Entram os vouchers a taxistas e caminhoneiros, o ajuste do Aux\u00edlio Brasil e o teto do ICMS para combust\u00edveis \u2014 esse que seria compensado apenas no ano seguinte.<\/p>\n\n\n\n<p>Ao assumir o governo, Lula precisou gastar capital pol\u00edtico antes mesmo de assumir para corrigir o Or\u00e7amento da Uni\u00e3o, que n\u00e3o tinha destinado recursos m\u00ednimos para o funcionamento do Estado.&nbsp;<a class=\"\" href=\"https:\/\/g1.globo.com\/politica\/noticia\/2022\/12\/21\/congresso-promulga-pec-que-amplia-teto-de-gastos-por-1-ano-e-permite.ghtml\">A PEC da Transi\u00e7\u00e3o abriu os espa\u00e7os, mas tamb\u00e9m gerou amplia\u00e7\u00e3o expressiva dos gastos no ano.<\/a><\/p>\n\n\n\n<p>Aumento de gasto \u00e9 um trauma dos agentes financeiros com governos do PT, e houve um estado de alerta quando a PEC foi aprovada. Para piorar a situa\u00e7\u00e3o, Lula iniciou&nbsp;<a class=\"\" href=\"https:\/\/g1.globo.com\/economia\/noticia\/2023\/02\/07\/lula-x-banco-central-entenda-as-criticas-do-presidente-e-os-efeitos-da-briga-na-economia.ghtml\">uma cruzada contra o mercado financeiro e, em seguida, contra o presidente do Banco Central<\/a>, Roberto Campos Neto.<\/p>\n\n\n\n<p>A impress\u00e3o dos agentes era de que Lula viraria as costas para os fundamentos ortodoxos e faria um governo \u201cgast\u00e3o\u201d.&nbsp;Em mar\u00e7o, o d\u00f3lar esbarrava em R$ 5,40, e o Ibovespa perdeu os 100 mil pontos.<\/p>\n\n\n\n<p>O clima s\u00f3 melhorou quando o ministro da Fazenda, Fernando Haddad,&nbsp;<a class=\"\" href=\"https:\/\/g1.globo.com\/economia\/noticia\/2023\/03\/30\/arcabouco-fiscal-equipe-economica-divulga-a-proposta-para-substituir-o-teto-de-gastos.ghtml\">apresentou as bases do arcabou\u00e7o fiscal.<\/a>&nbsp;A nova regra limita o aumento de despesas ao crescimento das receitas do pa\u00eds, algo que afasta o temor do mercado de que pol\u00edticas de amplia\u00e7\u00e3o de gastos causasse um endividamento desenfreado.<\/p>\n\n\n\n<p>Em geral, um pa\u00eds que tem d\u00edvida mais alta \u2014 e com trajet\u00f3ria descontrolada \u2014 gera receio de investidores internacionais. As consequ\u00eancias s\u00e3o muitas:\u00a0fuga de d\u00f3lares e piora no c\u00e2mbio, que causam piora da expectativa de infla\u00e7\u00e3o e demandam taxas de juros mais altas para atrair os recursos de volta.<\/p>\n\n\n\n<p>Para Fernando Rocha, economista-chefe da JGP, o arcabou\u00e7o \u00e9 um primeiro passo, que ainda ser\u00e1 monitorado pelos agentes: \u201ccreio que o mercado ainda d\u00e1 o benef\u00edcio da d\u00favida, porque muitos pa\u00edses ainda precisam de impulsos fiscais para combater os efeitos da Covid-19\u201d.<\/p>\n\n\n\n<p>Daqui dois ou tr\u00eas anos, se a quest\u00e3o n\u00e3o for endere\u00e7ada, vai produzir um efeito bem negativo. O que tranquiliza \u00e9 que o ministro Haddad parece compreender o problema.<\/p>\n\n\n\n<h2 class=\"wp-block-heading\">As d\u00favidas sobre o arcabou\u00e7o<\/h2>\n\n\n\n<p>Na vis\u00e3o dos analistas, o arcabou\u00e7o fiscal cumpriu o papel de sinalizar que o governo vai perseguir uma disciplina com as contas p\u00fablicas. O receio que permanece, por\u00e9m,&nbsp;<strong>\u00e9 a avers\u00e3o do governo federal de depender exclusivamente do aumento de receita para cumprir as metas fiscais.<\/strong><\/p>\n\n\n\n<p>Haddad empilhou algumas vit\u00f3rias no Congresso Nacional que o ajudar\u00e3o na miss\u00e3o de, ao menos, reduzir o d\u00e9ficit p\u00fablico em 2024. A meta \u00e9 zer\u00e1-lo.<\/p>\n\n\n\n<p>Entre as a\u00e7\u00f5es para impulsionar as receitas, est\u00e3o:<\/p>\n\n\n\n<ul class=\"wp-block-list\">\n<li>a&nbsp;<a class=\"\" href=\"https:\/\/g1.globo.com\/politica\/noticia\/2023\/11\/29\/senado-aprova-projeto-que-taxa-offshores-e-fundos-exclusivos.ghtml\">tributa\u00e7\u00e3o de investimentos no exterior<\/a>&nbsp;(offshores) e de&nbsp;<a class=\"\" href=\"https:\/\/g1.globo.com\/politica\/noticia\/2023\/11\/29\/senado-aprova-projeto-que-taxa-offshores-e-fundos-exclusivos.ghtml\">fundos exclusivos<\/a>;<\/li>\n\n\n\n<li>a retomada de regra que favorece o governo&nbsp;<a class=\"\" href=\"https:\/\/g1.globo.com\/politica\/noticia\/2023\/08\/30\/senado-aprova-texto-base-do-projeto-que-favorece-governo-em-votacoes-no-carf.ghtml\">em julgamentos no Conselho Administrativo De Recursos Fiscais (Carf)<\/a>;<\/li>\n\n\n\n<li>a&nbsp;<a class=\"\" href=\"https:\/\/g1.globo.com\/politica\/noticia\/2023\/11\/29\/subvencao-do-icms-mp-deve-ser-votada-na-segunda-semana-de-dezembro-dizem-lideres.ghtml\">MP das subven\u00e7\u00f5es do ICMS<\/a>&nbsp;e;<\/li>\n\n\n\n<li>a&nbsp;<a class=\"\" href=\"https:\/\/g1.globo.com\/politica\/noticia\/2023\/11\/22\/comissao-do-senado-proposta-que-taxa-mercado-de-apostas-esportivas-online.ghtml\">taxa\u00e7\u00e3o do mercado de apostas eletr\u00f4nicas<\/a>&nbsp;em jogos esportivos.<\/li>\n<\/ul>\n\n\n\n<p>No apagar das luzes de 2023, o ministro ainda anunciou&nbsp;<a class=\"\" href=\"https:\/\/g1.globo.com\/economia\/noticia\/2023\/12\/28\/haddad-anuncia-mais-medidas-para-equilibrar-contas-publicas-e-atingir-meta-de-deficit-zero-em-2024.ghtml\">uma Medida Provis\u00f3ria contra o chamado \u201cgasto tribut\u00e1rio\u201d<\/a>, com revis\u00e3o de compensa\u00e7\u00f5es de empresas e revis\u00e3o de benef\u00edcios tribut\u00e1rios. A medida tem pontos que foram mal recebidos, e podem criar algum ru\u00eddo na rela\u00e7\u00e3o que Haddad criou com o Congresso em 2023.<\/p>\n\n\n\n<p>A grande cr\u00edtica \u00e9 de que o governo tem se mostrado avesso ao corte de gastos para complementar o ganho de receitas. A \u00fanica iniciativa do tipo \u00e9&nbsp;<a class=\"\" href=\"https:\/\/g1.globo.com\/economia\/noticia\/2023\/09\/17\/governo-cria-grupo-para-revisar-gastos-publicos-e-vai-incluir-avaliacoes-de-politicas-no-orcamento-diz-secretario.ghtml\">um grupo de trabalho para revisar gastos p\u00fablicos federais comandado pelo Minist\u00e9rio do Planejamento<\/a>, que foca na inefici\u00eancia de despesas.<\/p>\n\n\n\n<p>O mercado acha pouco, e n\u00e3o acredita que ser\u00e1 poss\u00edvel zerar o d\u00e9ficit em 2024. A pr\u00f3pria Tend\u00eancias Consultoria espera algo como 0,8% do PIB negativo para o ano, algo como R$ 90 bilh\u00f5es.<\/p>\n\n\n\n<p>\u201cMuitos pontos dessa agenda fazem sentido e corrigem distor\u00e7\u00f5es antigas. Mas parte das medidas batem nesse Congresso que n\u00e3o est\u00e1 alinhado com essa pauta e voltam. A conta n\u00e3o fecha\u201d, diz a economista Alessandra Ribeiro.<\/p>\n\n\n\n<p>Para Fernando Rocha, da JGP, o governo tem tido altos e baixos na condu\u00e7\u00e3o fiscal. Se, por um lado, \u00e9 positiva a preocupa\u00e7\u00e3o com a quest\u00e3o, o especialista critica o pedido do governo para que fosse inserido na Lei de Diretrizes Or\u00e7ament\u00e1rias (LDO) um limite para contingenciamento que, na pr\u00e1tica, evita um corte de cerca de R$ 30 bilh\u00f5es em despesas no pr\u00f3ximo ano.<\/p>\n\n\n\n<p>O ideal seria valer o que est\u00e1 no arcabou\u00e7o, doa a quem doer. Quando se abrem exce\u00e7\u00f5es assim, o compromisso acaba fragilizado.<\/p>\n\n\n\n<p>\u2014 Fernando Rocha, economista-chefe da JGP<\/p>\n\n\n\n<p>Rocha explica que o principal fator para manter a credibilidade do arcabou\u00e7o \u00e9 o empenho em manter as metas e a sinaliza\u00e7\u00e3o \u00e0 frente, inclusive com os objetivos de gasto alinhados a uma maior efici\u00eancia da economia.<\/p>\n\n\n\n<p>\u201cSe o governo se limitar ao aumento de receita para custear o gasto, acaba onerando o setor produtivo, diminui o potencial de crescimento e a capacidade de poupan\u00e7a da economia\u201d, afirma.<\/p>\n\n\n\n<h2 class=\"wp-block-heading\">Nova fase da reforma tribut\u00e1ria<\/h2>\n\n\n\n<p>Ao lado do arcabou\u00e7o fiscal,&nbsp;<a class=\"\" href=\"https:\/\/g1.globo.com\/politica\/noticia\/2023\/12\/15\/camara-reforma-tributaria.ghtml\">a maior vit\u00f3ria da equipe econ\u00f4mica em 2023 foi a aprova\u00e7\u00e3o da reforma tribut\u00e1ria.<\/a>&nbsp;O texto foi discutido durante 30 anos por sucessivos governos e dentro do governo, sem nunca ter sa\u00eddo do papel.<\/p>\n\n\n\n<p>Em resumo, a PEC transforma cinco tributos em apenas dois Impostos sobre Valor Agregado (IVAs) \u2014 um gerenciado pela Uni\u00e3o, e outro com gest\u00e3o compartilhada entre estados e munic\u00edpios. O sistema simplifica o recolhimento e pagamento de impostos, e d\u00e1 efici\u00eancia sem precedentes ao sistema.&nbsp;<a class=\"\" href=\"https:\/\/g1.globo.com\/politica\/noticia\/2023\/12\/15\/entenda-em-7-pontos-a-reforma-tributaria.ghtml\"><strong><em>(Entenda aqui a reforma em 7 pontos)<\/em><\/strong><\/a><\/p>\n\n\n\n<p>O Brasil amadureceu, sabe que precisava enfrentar essa agenda que \u00e9 a mais importante das reformas porque organiza o sistema produtivo, coloca o Brasil em compasso com o que tem de mais moderno no mundo.<\/p>\n\n\n\n<p>\u2014 Fernando Haddad, ministro da Fazenda<\/p>\n\n\n\n<p>Mas a reforma n\u00e3o terminou, e est\u00e1 dividida em duas novas fases:<\/p>\n\n\n\n<ul class=\"wp-block-list\">\n<li>A reforma aprovada trata do consumo e foi instaurada apenas em bases gerais. Em 2024,&nbsp;<strong>uma lei complementar dar\u00e1 a defini\u00e7\u00e3o ao texto.<\/strong>&nbsp;Ser\u00e3o decididos todos os detalhes, como a al\u00edquota geral do IVA, quais itens estar\u00e3o isentos, quais integrar\u00e3o o Imposto Seletivo etc.<\/li>\n\n\n\n<li><strong>Ter\u00e1 in\u00edcio o desdobramento da reforma tribut\u00e1ria sobre a renda.<\/strong>&nbsp;O governo ainda n\u00e3o divulgou a proposta, mas deve atacar lucros e dividendos de empresas, al\u00e9m de Imposto de Renda das pessoas f\u00edsicas e jur\u00eddicas.<\/li>\n<\/ul>\n\n\n\n<p>A reforma do IR \u00e9 uma das diretrizes do presidente Luiz In\u00e1cio Lula da Silva, que tem declarado que\u00a0<strong>vai colocar o \u201cpobre no or\u00e7amento\u201d e o \u201crico no imposto de renda\u201d.<\/strong>\u00a0Segundo especialistas, essa ser\u00e1 uma oportunidade corrigir distor\u00e7\u00f5es e promover mais justi\u00e7a no sistema de impostos brasileiro.<\/p>\n\n\n\n<h2 class=\"wp-block-heading\">As perspectivas, com um PIB em desacelera\u00e7\u00e3o<\/h2>\n\n\n\n<p>Apesar de um resultado surpreendente no primeiro semestre,&nbsp;<a class=\"\" href=\"https:\/\/g1.globo.com\/economia\/noticia\/2023\/12\/05\/pib-do-brasil-cresce-01percent-no-3-trimestre-de-2023-diz-ibge.ghtml\">o Produto Interno Bruto (PIB) do Brasil cresceu apenas 0,1% no terceiro trimestre de 2023.<\/a>&nbsp;\u00c9 uma marca de que a desacelera\u00e7\u00e3o da economia est\u00e1 chegando.<\/p>\n\n\n\n<p>O governo Lula tem um claro desafio para 2024, que \u00e9\u00a0<strong>sustentar uma economia em baixa sem ceder \u00e0 tenta\u00e7\u00e3o de um impulso por meio do gasto p\u00fablico.<\/strong>\u00a0O presidente deu v\u00e1rios sinais de que essa seria sua vontade ao longo do ano passado, mas Haddad sempre veio a p\u00fablico para refor\u00e7ar o compromisso com a agenda de seu minist\u00e9rio.<\/p>\n\n\n\n<p>De acordo com Lucas de Arag\u00e3o, cientista pol\u00edtico e s\u00f3cio da Arko Advice, essa dualidade entre Lula e Haddad deve seguir neste ano, mas os agentes econ\u00f4micos perceberam que existe uma frente de di\u00e1logo com o ministro que \u00e9 \u201cmais pragm\u00e1tica e mais racional\u201d.<\/p>\n\n\n\n<p>Investidores de mais longo prazo est\u00e3o ficando mais vacinados com a pol\u00edtica brasileira, percebendo que nem tudo que \u00e9 prometido vira realidade. Hoje, o Brasil tem um poder muito fragmentado, muito compartilhado. Ningu\u00e9m manda sozinho.<\/p>\n\n\n\n<p>\u2014 Lucas de Arag\u00e3o, cientista pol\u00edtico e s\u00f3cio da Arko Advice<\/p>\n\n\n\n<p>Arag\u00e3o afirma ainda que o primeiro ano de Lula teve \u201cpouca qualidade\u201d na articula\u00e7\u00e3o pol\u00edtica, em uma rela\u00e7\u00e3o confusa com o Congresso Nacional. E acrescenta que os quadros mais tradicionais do PT demoraram a entender que a din\u00e2mica entre a Presid\u00eancia e os parlamentares mudou.<\/p>\n\n\n\n<p>Ajustar esse tr\u00e2nsito deve ser uma das a\u00e7\u00f5es para o pr\u00f3ximo ano, j\u00e1 que a agenda econ\u00f4mica fica mais complexa daqui em diante. Isso porque o arcabou\u00e7o fiscal era absolutamente necess\u00e1rio, e uma reforma tribut\u00e1ria sobre o consumo era um assunto mais amadurecido da agenda.<\/p>\n\n\n\n<p>O analista destaca que os pr\u00f3ximos passos de Haddad para cumprir as metas do arcabou\u00e7o fiscal, por exemplo, devem ter mais resist\u00eancia do Congresso. E, para al\u00e9m do que j\u00e1 foi sinalizado, n\u00e3o se sabe quais planos extras est\u00e3o sendo estudados pelo governo para equalizar a situa\u00e7\u00e3o.<\/p>\n\n\n\n<p>\u201cA crise fiscal e a solu\u00e7\u00e3o proposta pelo arcabou\u00e7o n\u00e3o est\u00e3o equalizadas na cabe\u00e7a do mercado financeiro. O investidor v\u00ea muita oportunidade no Brasil, mas ainda somos um pa\u00eds politicamente imprevis\u00edvel\u201d, diz.<\/p>\n\n\n\n<p>O Brasil n\u00e3o precisa ser \u00f3timo para continuar atraindo o interesse do mercado, mas precisa fazer o \u2018dever de casa\u2019 e passar de ano.<\/p>\n\n\n\n<p>\u2014 Lucas de Arag\u00e3o, cientista pol\u00edtico e s\u00f3cio da Arko Advice<\/p>\n\n\n\n<p>Para Alessandra Ribeiro, da Tend\u00eancias Consultoria, h\u00e1 o desafio extra de uma desacelera\u00e7\u00e3o da economia global. Por aqui, o Banco Central iniciou um ciclo de cortes das taxas de juros,\u00a0<strong>mas em economias desenvolvidas ainda est\u00e3o em manuten\u00e7\u00e3o ou subida.<\/strong><\/p>\n\n\n\n<p>E os efeitos de juros demoram a aparecer. Alessandra ressalta que os resultados da atividade econ\u00f4mica no segundo semestre j\u00e1 mostram sinais de impacto em segmentos mais sens\u00edveis \u00e0 pol\u00edtica monet\u00e1ria.&nbsp;<strong>E a situa\u00e7\u00e3o deve piorar at\u00e9 meados de 2024, para s\u00f3 depois melhorar com os cortes da Selic.<\/strong><\/p>\n\n\n\n<p>\u201cAinda leva um tempo para vermos a ind\u00fastria e a constru\u00e7\u00e3o civil com comportamento melhor. Ano que vem ter\u00e1 um PIB com din\u00e2mica diferente deste ano, em que se destacaram a agropecu\u00e1ria e os servi\u00e7os\u201d, afirma.<\/p>\n\n\n\n<p>\u201cAt\u00e9 aqui, tivemos uma economia mundial tamb\u00e9m mais resiliente do que se imaginava, com EUA crescendo acima do esperado, PIB da zona do euro tamb\u00e9m melhor. Com juros altos, esse cen\u00e1rio pode mudar em 2024.\u201d<\/p>\n\n\n\n<p>Fonte:https:\/\/g1.globo.com\/economia\/noticia\/2024\/01\/03\/como-foi-o-primeiro-ano-de-lula-3-na-economia-e-quais-sao-os-desafios-para-2024.ghtml<\/p>","protected":false},"excerpt":{"rendered":"<p>Governo aprovou reforma tribut\u00e1ria hist\u00f3rica e conseguiu cumprir as promessas de elevar o sal\u00e1rio m\u00ednimo e o Bolsa Fam\u00edlia, mas ainda enfrenta d\u00e9ficit expressivo nas contas p\u00fablicas e desconfian\u00e7a sobre o arcabou\u00e7o fiscal. A agenda econ\u00f4mica deu a t\u00f4nica do primeiro ano do terceiro mandato de&nbsp;Luiz In\u00e1cio Lula da Silva&nbsp;(PT), e deve ser o foco [&hellip;]<\/p>\n","protected":false},"author":3,"featured_media":4517,"comment_status":"open","ping_status":"open","sticky":false,"template":"","format":"standard","meta":{"_joinchat":[],"footnotes":""},"categories":[1],"tags":[],"class_list":["post-4515","post","type-post","status-publish","format-standard","has-post-thumbnail","hentry","category-the-fortune-one"],"yoast_head":"<!-- This site is optimized with the Yoast SEO plugin v27.5 - https:\/\/yoast.com\/product\/yoast-seo-wordpress\/ -->\n<title>Como foi o primeiro ano de Lula 3 na economia \u2014 e quais s\u00e3o os desafios para 2024 - The Fortune.one<\/title>\n<meta name=\"description\" content=\"Somos especialistas em gest\u00e3o patrimonial, op\u00e7\u00f5es de investimentos para diversos perfis, nosso diferencial \u00e9 comprovado com resultados.\" \/>\n<meta name=\"robots\" content=\"index, follow, max-snippet:-1, max-image-preview:large, max-video-preview:-1\" \/>\n<link rel=\"canonical\" href=\"https:\/\/thefortune.one\/pt\/como-foi-o-primeiro-ano-de-lula-3-na-economia-e-quais-sao-os-desafios-para-2024\/\" \/>\n<meta property=\"og:locale\" content=\"pt_BR\" \/>\n<meta property=\"og:type\" content=\"article\" \/>\n<meta property=\"og:title\" content=\"Como foi o primeiro ano de Lula 3 na economia \u2014 e quais s\u00e3o os desafios para 2024 - The Fortune.one\" \/>\n<meta property=\"og:description\" content=\"Somos especialistas em gest\u00e3o patrimonial, op\u00e7\u00f5es de investimentos para diversos perfis, nosso diferencial \u00e9 comprovado com resultados.\" \/>\n<meta property=\"og:url\" content=\"https:\/\/thefortune.one\/pt\/como-foi-o-primeiro-ano-de-lula-3-na-economia-e-quais-sao-os-desafios-para-2024\/\" \/>\n<meta property=\"og:site_name\" content=\"The Fortune.one\" \/>\n<meta property=\"article:published_time\" content=\"2024-01-05T13:13:44+00:00\" \/>\n<meta property=\"og:image\" content=\"https:\/\/thefortune.one\/wp-content\/uploads\/2024\/01\/ar.jpg\" \/>\n\t<meta property=\"og:image:width\" content=\"1008\" \/>\n\t<meta property=\"og:image:height\" content=\"672\" \/>\n\t<meta property=\"og:image:type\" content=\"image\/jpeg\" \/>\n<meta name=\"author\" content=\"bianca\" \/>\n<meta name=\"twitter:card\" content=\"summary_large_image\" \/>\n<meta name=\"twitter:label1\" content=\"Escrito por\" \/>\n\t<meta name=\"twitter:data1\" content=\"bianca\" \/>\n\t<meta name=\"twitter:label2\" content=\"Est. tempo de leitura\" \/>\n\t<meta name=\"twitter:data2\" content=\"14 minutos\" \/>\n<script type=\"application\/ld+json\" class=\"yoast-schema-graph\">{\"@context\":\"https:\\\/\\\/schema.org\",\"@graph\":[{\"@type\":\"Article\",\"@id\":\"https:\\\/\\\/thefortune.one\\\/pt\\\/como-foi-o-primeiro-ano-de-lula-3-na-economia-e-quais-sao-os-desafios-para-2024\\\/#article\",\"isPartOf\":{\"@id\":\"https:\\\/\\\/thefortune.one\\\/pt\\\/como-foi-o-primeiro-ano-de-lula-3-na-economia-e-quais-sao-os-desafios-para-2024\\\/\"},\"author\":{\"name\":\"bianca\",\"@id\":\"https:\\\/\\\/thefortune.one\\\/pt\\\/#\\\/schema\\\/person\\\/6cd8fe72a627d36caabf41815984a16f\"},\"headline\":\"Como foi o primeiro ano de Lula 3 na economia \u2014 e quais s\u00e3o os desafios para 2024\",\"datePublished\":\"2024-01-05T13:13:44+00:00\",\"mainEntityOfPage\":{\"@id\":\"https:\\\/\\\/thefortune.one\\\/pt\\\/como-foi-o-primeiro-ano-de-lula-3-na-economia-e-quais-sao-os-desafios-para-2024\\\/\"},\"wordCount\":2911,\"commentCount\":0,\"publisher\":{\"@id\":\"https:\\\/\\\/thefortune.one\\\/pt\\\/#organization\"},\"image\":{\"@id\":\"https:\\\/\\\/thefortune.one\\\/pt\\\/como-foi-o-primeiro-ano-de-lula-3-na-economia-e-quais-sao-os-desafios-para-2024\\\/#primaryimage\"},\"thumbnailUrl\":\"https:\\\/\\\/thefortune.one\\\/wp-content\\\/uploads\\\/2024\\\/01\\\/ar.jpg\",\"articleSection\":[\"The Fortune.one\"],\"inLanguage\":\"pt-BR\",\"potentialAction\":[{\"@type\":\"CommentAction\",\"name\":\"Comment\",\"target\":[\"https:\\\/\\\/thefortune.one\\\/pt\\\/como-foi-o-primeiro-ano-de-lula-3-na-economia-e-quais-sao-os-desafios-para-2024\\\/#respond\"]}]},{\"@type\":\"WebPage\",\"@id\":\"https:\\\/\\\/thefortune.one\\\/pt\\\/como-foi-o-primeiro-ano-de-lula-3-na-economia-e-quais-sao-os-desafios-para-2024\\\/\",\"url\":\"https:\\\/\\\/thefortune.one\\\/pt\\\/como-foi-o-primeiro-ano-de-lula-3-na-economia-e-quais-sao-os-desafios-para-2024\\\/\",\"name\":\"Como foi o primeiro ano de Lula 3 na economia \u2014 e quais s\u00e3o os desafios para 2024 - The Fortune.one\",\"isPartOf\":{\"@id\":\"https:\\\/\\\/thefortune.one\\\/pt\\\/#website\"},\"primaryImageOfPage\":{\"@id\":\"https:\\\/\\\/thefortune.one\\\/pt\\\/como-foi-o-primeiro-ano-de-lula-3-na-economia-e-quais-sao-os-desafios-para-2024\\\/#primaryimage\"},\"image\":{\"@id\":\"https:\\\/\\\/thefortune.one\\\/pt\\\/como-foi-o-primeiro-ano-de-lula-3-na-economia-e-quais-sao-os-desafios-para-2024\\\/#primaryimage\"},\"thumbnailUrl\":\"https:\\\/\\\/thefortune.one\\\/wp-content\\\/uploads\\\/2024\\\/01\\\/ar.jpg\",\"datePublished\":\"2024-01-05T13:13:44+00:00\",\"description\":\"Somos especialistas em gest\u00e3o patrimonial, op\u00e7\u00f5es de investimentos para diversos perfis, nosso diferencial \u00e9 comprovado com resultados.\",\"breadcrumb\":{\"@id\":\"https:\\\/\\\/thefortune.one\\\/pt\\\/como-foi-o-primeiro-ano-de-lula-3-na-economia-e-quais-sao-os-desafios-para-2024\\\/#breadcrumb\"},\"inLanguage\":\"pt-BR\",\"potentialAction\":[{\"@type\":\"ReadAction\",\"target\":[\"https:\\\/\\\/thefortune.one\\\/pt\\\/como-foi-o-primeiro-ano-de-lula-3-na-economia-e-quais-sao-os-desafios-para-2024\\\/\"]}]},{\"@type\":\"ImageObject\",\"inLanguage\":\"pt-BR\",\"@id\":\"https:\\\/\\\/thefortune.one\\\/pt\\\/como-foi-o-primeiro-ano-de-lula-3-na-economia-e-quais-sao-os-desafios-para-2024\\\/#primaryimage\",\"url\":\"https:\\\/\\\/thefortune.one\\\/wp-content\\\/uploads\\\/2024\\\/01\\\/ar.jpg\",\"contentUrl\":\"https:\\\/\\\/thefortune.one\\\/wp-content\\\/uploads\\\/2024\\\/01\\\/ar.jpg\",\"width\":1008,\"height\":672},{\"@type\":\"BreadcrumbList\",\"@id\":\"https:\\\/\\\/thefortune.one\\\/pt\\\/como-foi-o-primeiro-ano-de-lula-3-na-economia-e-quais-sao-os-desafios-para-2024\\\/#breadcrumb\",\"itemListElement\":[{\"@type\":\"ListItem\",\"position\":1,\"name\":\"In\u00edcio\",\"item\":\"https:\\\/\\\/thefortune.one\\\/pt\\\/\"},{\"@type\":\"ListItem\",\"position\":2,\"name\":\"Como foi o primeiro ano de Lula 3 na economia \u2014 e quais s\u00e3o os desafios para 2024\"}]},{\"@type\":\"WebSite\",\"@id\":\"https:\\\/\\\/thefortune.one\\\/pt\\\/#website\",\"url\":\"https:\\\/\\\/thefortune.one\\\/pt\\\/\",\"name\":\"The Fortune.one\",\"description\":\"Gestora de Recursos Especializada em Private Equity\",\"publisher\":{\"@id\":\"https:\\\/\\\/thefortune.one\\\/pt\\\/#organization\"},\"potentialAction\":[{\"@type\":\"SearchAction\",\"target\":{\"@type\":\"EntryPoint\",\"urlTemplate\":\"https:\\\/\\\/thefortune.one\\\/pt\\\/?s={search_term_string}\"},\"query-input\":{\"@type\":\"PropertyValueSpecification\",\"valueRequired\":true,\"valueName\":\"search_term_string\"}}],\"inLanguage\":\"pt-BR\"},{\"@type\":\"Organization\",\"@id\":\"https:\\\/\\\/thefortune.one\\\/pt\\\/#organization\",\"name\":\"The Fortune One\",\"url\":\"https:\\\/\\\/thefortune.one\\\/pt\\\/\",\"logo\":{\"@type\":\"ImageObject\",\"inLanguage\":\"pt-BR\",\"@id\":\"https:\\\/\\\/thefortune.one\\\/pt\\\/#\\\/schema\\\/logo\\\/image\\\/\",\"url\":\"https:\\\/\\\/thefortune.one\\\/wp-content\\\/uploads\\\/2022\\\/11\\\/cropped-cropped-1651682701199-1.jpg\",\"contentUrl\":\"https:\\\/\\\/thefortune.one\\\/wp-content\\\/uploads\\\/2022\\\/11\\\/cropped-cropped-1651682701199-1.jpg\",\"width\":369,\"height\":421,\"caption\":\"The Fortune One\"},\"image\":{\"@id\":\"https:\\\/\\\/thefortune.one\\\/pt\\\/#\\\/schema\\\/logo\\\/image\\\/\"}},{\"@type\":\"Person\",\"@id\":\"https:\\\/\\\/thefortune.one\\\/pt\\\/#\\\/schema\\\/person\\\/6cd8fe72a627d36caabf41815984a16f\",\"name\":\"bianca\",\"image\":{\"@type\":\"ImageObject\",\"inLanguage\":\"pt-BR\",\"@id\":\"https:\\\/\\\/secure.gravatar.com\\\/avatar\\\/66cd7b00d93410555e00d1e6a911a86de0cd0cfa4f83a2f8b47eddc2968c98af?s=96&d=mm&r=g\",\"url\":\"https:\\\/\\\/secure.gravatar.com\\\/avatar\\\/66cd7b00d93410555e00d1e6a911a86de0cd0cfa4f83a2f8b47eddc2968c98af?s=96&d=mm&r=g\",\"contentUrl\":\"https:\\\/\\\/secure.gravatar.com\\\/avatar\\\/66cd7b00d93410555e00d1e6a911a86de0cd0cfa4f83a2f8b47eddc2968c98af?s=96&d=mm&r=g\",\"caption\":\"bianca\"},\"url\":\"https:\\\/\\\/thefortune.one\\\/pt\\\/author\\\/bianca\\\/\"}]}<\/script>\n<!-- \/ Yoast SEO plugin. -->","yoast_head_json":{"title":"Como foi o primeiro ano de Lula 3 na economia \u2014 e quais s\u00e3o os desafios para 2024 - The Fortune.one","description":"Somos especialistas em gest\u00e3o patrimonial, op\u00e7\u00f5es de investimentos para diversos perfis, nosso diferencial \u00e9 comprovado com resultados.","robots":{"index":"index","follow":"follow","max-snippet":"max-snippet:-1","max-image-preview":"max-image-preview:large","max-video-preview":"max-video-preview:-1"},"canonical":"https:\/\/thefortune.one\/pt\/como-foi-o-primeiro-ano-de-lula-3-na-economia-e-quais-sao-os-desafios-para-2024\/","og_locale":"pt_BR","og_type":"article","og_title":"Como foi o primeiro ano de Lula 3 na economia \u2014 e quais s\u00e3o os desafios para 2024 - The Fortune.one","og_description":"Somos especialistas em gest\u00e3o patrimonial, op\u00e7\u00f5es de investimentos para diversos perfis, nosso diferencial \u00e9 comprovado com resultados.","og_url":"https:\/\/thefortune.one\/pt\/como-foi-o-primeiro-ano-de-lula-3-na-economia-e-quais-sao-os-desafios-para-2024\/","og_site_name":"The Fortune.one","article_published_time":"2024-01-05T13:13:44+00:00","og_image":[{"width":1008,"height":672,"url":"https:\/\/thefortune.one\/wp-content\/uploads\/2024\/01\/ar.jpg","type":"image\/jpeg"}],"author":"bianca","twitter_card":"summary_large_image","twitter_misc":{"Escrito por":"bianca","Est. tempo de leitura":"14 minutos"},"schema":{"@context":"https:\/\/schema.org","@graph":[{"@type":"Article","@id":"https:\/\/thefortune.one\/pt\/como-foi-o-primeiro-ano-de-lula-3-na-economia-e-quais-sao-os-desafios-para-2024\/#article","isPartOf":{"@id":"https:\/\/thefortune.one\/pt\/como-foi-o-primeiro-ano-de-lula-3-na-economia-e-quais-sao-os-desafios-para-2024\/"},"author":{"name":"bianca","@id":"https:\/\/thefortune.one\/pt\/#\/schema\/person\/6cd8fe72a627d36caabf41815984a16f"},"headline":"Como foi o primeiro ano de Lula 3 na economia \u2014 e quais s\u00e3o os desafios para 2024","datePublished":"2024-01-05T13:13:44+00:00","mainEntityOfPage":{"@id":"https:\/\/thefortune.one\/pt\/como-foi-o-primeiro-ano-de-lula-3-na-economia-e-quais-sao-os-desafios-para-2024\/"},"wordCount":2911,"commentCount":0,"publisher":{"@id":"https:\/\/thefortune.one\/pt\/#organization"},"image":{"@id":"https:\/\/thefortune.one\/pt\/como-foi-o-primeiro-ano-de-lula-3-na-economia-e-quais-sao-os-desafios-para-2024\/#primaryimage"},"thumbnailUrl":"https:\/\/thefortune.one\/wp-content\/uploads\/2024\/01\/ar.jpg","articleSection":["The Fortune.one"],"inLanguage":"pt-BR","potentialAction":[{"@type":"CommentAction","name":"Comment","target":["https:\/\/thefortune.one\/pt\/como-foi-o-primeiro-ano-de-lula-3-na-economia-e-quais-sao-os-desafios-para-2024\/#respond"]}]},{"@type":"WebPage","@id":"https:\/\/thefortune.one\/pt\/como-foi-o-primeiro-ano-de-lula-3-na-economia-e-quais-sao-os-desafios-para-2024\/","url":"https:\/\/thefortune.one\/pt\/como-foi-o-primeiro-ano-de-lula-3-na-economia-e-quais-sao-os-desafios-para-2024\/","name":"Como foi o primeiro ano de Lula 3 na economia \u2014 e quais s\u00e3o os desafios para 2024 - The Fortune.one","isPartOf":{"@id":"https:\/\/thefortune.one\/pt\/#website"},"primaryImageOfPage":{"@id":"https:\/\/thefortune.one\/pt\/como-foi-o-primeiro-ano-de-lula-3-na-economia-e-quais-sao-os-desafios-para-2024\/#primaryimage"},"image":{"@id":"https:\/\/thefortune.one\/pt\/como-foi-o-primeiro-ano-de-lula-3-na-economia-e-quais-sao-os-desafios-para-2024\/#primaryimage"},"thumbnailUrl":"https:\/\/thefortune.one\/wp-content\/uploads\/2024\/01\/ar.jpg","datePublished":"2024-01-05T13:13:44+00:00","description":"Somos especialistas em gest\u00e3o patrimonial, op\u00e7\u00f5es de investimentos para diversos perfis, nosso diferencial \u00e9 comprovado com resultados.","breadcrumb":{"@id":"https:\/\/thefortune.one\/pt\/como-foi-o-primeiro-ano-de-lula-3-na-economia-e-quais-sao-os-desafios-para-2024\/#breadcrumb"},"inLanguage":"pt-BR","potentialAction":[{"@type":"ReadAction","target":["https:\/\/thefortune.one\/pt\/como-foi-o-primeiro-ano-de-lula-3-na-economia-e-quais-sao-os-desafios-para-2024\/"]}]},{"@type":"ImageObject","inLanguage":"pt-BR","@id":"https:\/\/thefortune.one\/pt\/como-foi-o-primeiro-ano-de-lula-3-na-economia-e-quais-sao-os-desafios-para-2024\/#primaryimage","url":"https:\/\/thefortune.one\/wp-content\/uploads\/2024\/01\/ar.jpg","contentUrl":"https:\/\/thefortune.one\/wp-content\/uploads\/2024\/01\/ar.jpg","width":1008,"height":672},{"@type":"BreadcrumbList","@id":"https:\/\/thefortune.one\/pt\/como-foi-o-primeiro-ano-de-lula-3-na-economia-e-quais-sao-os-desafios-para-2024\/#breadcrumb","itemListElement":[{"@type":"ListItem","position":1,"name":"In\u00edcio","item":"https:\/\/thefortune.one\/pt\/"},{"@type":"ListItem","position":2,"name":"Como foi o primeiro ano de Lula 3 na economia \u2014 e quais s\u00e3o os desafios para 2024"}]},{"@type":"WebSite","@id":"https:\/\/thefortune.one\/pt\/#website","url":"https:\/\/thefortune.one\/pt\/","name":"The Fortune.one","description":"Gestora de Recursos Especializada em Private Equity","publisher":{"@id":"https:\/\/thefortune.one\/pt\/#organization"},"potentialAction":[{"@type":"SearchAction","target":{"@type":"EntryPoint","urlTemplate":"https:\/\/thefortune.one\/pt\/?s={search_term_string}"},"query-input":{"@type":"PropertyValueSpecification","valueRequired":true,"valueName":"search_term_string"}}],"inLanguage":"pt-BR"},{"@type":"Organization","@id":"https:\/\/thefortune.one\/pt\/#organization","name":"The Fortune One","url":"https:\/\/thefortune.one\/pt\/","logo":{"@type":"ImageObject","inLanguage":"pt-BR","@id":"https:\/\/thefortune.one\/pt\/#\/schema\/logo\/image\/","url":"https:\/\/thefortune.one\/wp-content\/uploads\/2022\/11\/cropped-cropped-1651682701199-1.jpg","contentUrl":"https:\/\/thefortune.one\/wp-content\/uploads\/2022\/11\/cropped-cropped-1651682701199-1.jpg","width":369,"height":421,"caption":"The Fortune One"},"image":{"@id":"https:\/\/thefortune.one\/pt\/#\/schema\/logo\/image\/"}},{"@type":"Person","@id":"https:\/\/thefortune.one\/pt\/#\/schema\/person\/6cd8fe72a627d36caabf41815984a16f","name":"bianca","image":{"@type":"ImageObject","inLanguage":"pt-BR","@id":"https:\/\/secure.gravatar.com\/avatar\/66cd7b00d93410555e00d1e6a911a86de0cd0cfa4f83a2f8b47eddc2968c98af?s=96&d=mm&r=g","url":"https:\/\/secure.gravatar.com\/avatar\/66cd7b00d93410555e00d1e6a911a86de0cd0cfa4f83a2f8b47eddc2968c98af?s=96&d=mm&r=g","contentUrl":"https:\/\/secure.gravatar.com\/avatar\/66cd7b00d93410555e00d1e6a911a86de0cd0cfa4f83a2f8b47eddc2968c98af?s=96&d=mm&r=g","caption":"bianca"},"url":"https:\/\/thefortune.one\/pt\/author\/bianca\/"}]}},"_links":{"self":[{"href":"https:\/\/thefortune.one\/pt\/wp-json\/wp\/v2\/posts\/4515","targetHints":{"allow":["GET"]}}],"collection":[{"href":"https:\/\/thefortune.one\/pt\/wp-json\/wp\/v2\/posts"}],"about":[{"href":"https:\/\/thefortune.one\/pt\/wp-json\/wp\/v2\/types\/post"}],"author":[{"embeddable":true,"href":"https:\/\/thefortune.one\/pt\/wp-json\/wp\/v2\/users\/3"}],"replies":[{"embeddable":true,"href":"https:\/\/thefortune.one\/pt\/wp-json\/wp\/v2\/comments?post=4515"}],"version-history":[{"count":1,"href":"https:\/\/thefortune.one\/pt\/wp-json\/wp\/v2\/posts\/4515\/revisions"}],"predecessor-version":[{"id":4518,"href":"https:\/\/thefortune.one\/pt\/wp-json\/wp\/v2\/posts\/4515\/revisions\/4518"}],"wp:featuredmedia":[{"embeddable":true,"href":"https:\/\/thefortune.one\/pt\/wp-json\/wp\/v2\/media\/4517"}],"wp:attachment":[{"href":"https:\/\/thefortune.one\/pt\/wp-json\/wp\/v2\/media?parent=4515"}],"wp:term":[{"taxonomy":"category","embeddable":true,"href":"https:\/\/thefortune.one\/pt\/wp-json\/wp\/v2\/categories?post=4515"},{"taxonomy":"post_tag","embeddable":true,"href":"https:\/\/thefortune.one\/pt\/wp-json\/wp\/v2\/tags?post=4515"}],"curies":[{"name":"wp","href":"https:\/\/api.w.org\/{rel}","templated":true}]}}