{"id":4411,"date":"2023-12-15T13:22:23","date_gmt":"2023-12-15T13:22:23","guid":{"rendered":"https:\/\/thefortune.one\/?p=4411"},"modified":"2023-12-15T13:22:24","modified_gmt":"2023-12-15T13:22:24","slug":"o-objetivo-continua-o-mesmo-alcancar-a-dolarizacao-diz-ministro-da-economia-da-argentina","status":"publish","type":"post","link":"https:\/\/thefortune.one\/pt\/o-objetivo-continua-o-mesmo-alcancar-a-dolarizacao-diz-ministro-da-economia-da-argentina\/","title":{"rendered":"&#8216;O objetivo continua o mesmo, alcan\u00e7ar a dolariza\u00e7\u00e3o&#8217;, diz ministro da Economia da Argentina"},"content":{"rendered":"<h2 class=\"wp-block-heading\">Em entrevista a um canal de TV local, Luis Caputo tamb\u00e9m confirmou que o fechamento do Banco Central \u00e9 uma das bandeiras do governo e voltou a afirmar que a infla\u00e7\u00e3o \u00e9 a \u201cpior heran\u00e7a\u201d<\/h2>\n\n\n\n<figure class=\"wp-block-image size-full\"><img fetchpriority=\"high\" decoding=\"async\" width=\"888\" height=\"592\" src=\"https:\/\/thefortune.one\/wp-content\/uploads\/2023\/12\/image-9.png\" alt=\"\" class=\"wp-image-4412\" srcset=\"https:\/\/thefortune.one\/wp-content\/uploads\/2023\/12\/image-9.png 888w, https:\/\/thefortune.one\/wp-content\/uploads\/2023\/12\/image-9-300x200.png 300w, https:\/\/thefortune.one\/wp-content\/uploads\/2023\/12\/image-9-768x512.png 768w, https:\/\/thefortune.one\/wp-content\/uploads\/2023\/12\/image-9-18x12.png 18w\" sizes=\"(max-width: 888px) 100vw, 888px\" \/><\/figure>\n\n\n\n<p>Depois de apresentar nesta ter\u00e7a-feira&nbsp;<a class=\"\" href=\"https:\/\/oglobo.globo.com\/economia\/noticia\/2023\/12\/14\/repatriacao-de-capital-pacote-de-medidas-beneficia-quem-botar-dinheiro-em-bancos-argentinos-diz-caputo.ghtml\">a<\/a><a class=\"\" href=\"https:\/\/oglobo.globo.com\/economia\/noticia\/2023\/12\/14\/repatriacao-de-capital-pacote-de-medidas-beneficia-quem-botar-dinheiro-em-bancos-argentinos-diz-caputo.ghtml\">s principais medidas econ\u00f4micas do governo de Javier Milei<\/a>, o ministro da Economia da&nbsp;<a class=\"\" href=\"https:\/\/oglobo.globo.com\/tudo-sobre\/pais\/argentina\">Argentina<\/a>, Luis Caputo, disse em entrevista exclusiva \u00e0 emissora de TV LN+ que a infla\u00e7\u00e3o sobe 1% diariamente e voltou a afirmar que essa \u00e9 &#8220;a pior heran\u00e7a da hist\u00f3ria&#8221;. Caputo confirmou ainda o objetivo de alcan\u00e7ar a dolariza\u00e7\u00e3o, embora tenha esclarecido que sua prioridade \u00e9 estabilizar a situa\u00e7\u00e3o do pa\u00eds.<\/p>\n\n\n\n<ul class=\"wp-block-list\">\n<li><strong>Entenda:<\/strong>&nbsp;<a class=\"\" href=\"https:\/\/oglobo.globo.com\/economia\/noticia\/2023\/12\/13\/milei-desvaloriza-ainda-mais-o-peso-e-cortas-subsidios-mas-pacote-argentino-deixa-duvidas.ghtml\">Milei desvaloriza ainda mais o peso e corta subs\u00eddios, mas pacote argentino deixa d\u00favidas<\/a><\/li>\n\n\n\n<li><strong>Infla\u00e7\u00e3o, pobreza, escassez de d\u00f3lares e d\u00e9ficit fiscal:&nbsp;<\/strong><a class=\"\" href=\"https:\/\/oglobo.globo.com\/economia\/noticia\/2023\/12\/10\/inflacao-pobreza-escassez-de-dolares-e-deficit-fiscal-a-heranca-economica-do-governo-fernandez.ghtml\">A heran\u00e7a econ\u00f4mica do governo Fern\u00e1ndez<\/a><\/li>\n<\/ul>\n\n\n\n<p>O ministro anunciou tamb\u00e9m que est\u00e1 trabalhando em um decreto de desregulamenta\u00e7\u00e3o abrangente que incluir\u00e1 reformas estruturais, como o voto \u00fanico e a elimina\u00e7\u00e3o das Prim\u00e1rias Abertas Simult\u00e2neas e Obrigat\u00f3rias (PASO), entre outras medidas.<\/p>\n\n\n\n<p>\u2014 Nosso objetivo \u00e9 resolver a cat\u00e1strofe que herdamos. O objetivo continua o mesmo, alcan\u00e7ar a dolariza\u00e7\u00e3o. O presidente n\u00e3o mente, gostaria que ficasse claro, porque temos de ter um verdadeiro contrato com o povo \u2014 explicou ao LN+ \u2014 Estamos com um paciente que est\u00e1 em terapia intensiva.<\/p>\n\n\n\n<h3 class=\"wp-block-heading\">Javier Milei toma posse na Argentina; veja fotos da cerim\u00f4nia<\/h3>\n\n\n\n<figure class=\"wp-block-image size-full\"><img decoding=\"async\" width=\"648\" height=\"248\" src=\"https:\/\/thefortune.one\/wp-content\/uploads\/2023\/12\/image-11.png\" alt=\"\" class=\"wp-image-4414\" srcset=\"https:\/\/thefortune.one\/wp-content\/uploads\/2023\/12\/image-11.png 648w, https:\/\/thefortune.one\/wp-content\/uploads\/2023\/12\/image-11-300x115.png 300w, https:\/\/thefortune.one\/wp-content\/uploads\/2023\/12\/image-11-18x7.png 18w\" sizes=\"(max-width: 648px) 100vw, 648px\" \/><\/figure>\n\n\n\n<p>O ministro fez uma an\u00e1lise sobre a atual situa\u00e7\u00e3o econ\u00f4mica do pa\u00eds.<\/p>\n\n\n\n<p>\u2014 Se voc\u00ea anualizar os \u00faltimos 15 dias, j\u00e1 estamos com uma infla\u00e7\u00e3o de 3.700%, a uma taxa de 1% ao dia. Se analisados, \u200b\u200bos n\u00fameros n\u00e3o s\u00e3o exagerados. Estamos numa cat\u00e1strofe, o que foi herdado \u00e9 a pior heran\u00e7a da hist\u00f3ria.<\/p>\n\n\n\n<p>Nesse sentido, Caputo assegurou que apesar dos planos de dolariza\u00e7\u00e3o e fechamento do Banco Central ainda serem as bandeiras do governo, o ponto de partida hoje \u00e9 &#8220;controlar o caos&#8221;. O ministro explicou que o governo come\u00e7ou com um cl\u00e1ssico plano de estabiliza\u00e7\u00e3o ortodoxo e assegurou estar confiante.<\/p>\n\n\n\n<ul class=\"wp-block-list\">\n<li><strong>Vai viajar para a Argentina?&nbsp;<\/strong><a class=\"\" href=\"https:\/\/oglobo.globo.com\/economia\/noticia\/2023\/12\/14\/vai-viajar-para-a-argentina-antes-de-embarcar-veja-como-desvalorizacao-do-peso-afeta-o-cambio.ghtml\">Antes de embarcar, veja como desvaloriza\u00e7\u00e3o do peso afeta o c\u00e2mbio<\/a><\/li>\n<\/ul>\n\n\n\n<p>\u2014 O cora\u00e7\u00e3o do programa sempre foi fiscal, minha concord\u00e2ncia com o presidente nisso foi absoluta, ele sempre disse e reconheceu que, dado os 20 pontos de financiamento do d\u00e9ficit com emiss\u00e3o monet\u00e1ria, ficou muito dif\u00edcil sair da armadilha. Dentro do programa de estabiliza\u00e7\u00e3o temos essa \u00e2ncora fiscal necess\u00e1ria para reduzir a infla\u00e7\u00e3o, e o Banco Central a complementou com medidas monet\u00e1rias. Estamos garantindo a independ\u00eancia do Banco Central e reduzindo as emiss\u00f5es \u2014 detalhou.<\/p>\n\n\n\n<p>Caputo confirmou que a secretaria Jur\u00eddica e T\u00e9cnica est\u00e1 atualmente trabalhando em um decreto de desregulamenta\u00e7\u00e3o abrangente.<\/p>\n\n\n\n<ul class=\"wp-block-list\">\n<li><strong>&#8216;Cheguei ao caixa, e dinheiro n\u00e3o deu&#8217;:<\/strong>&nbsp;<a class=\"\" href=\"https:\/\/oglobo.globo.com\/economia\/noticia\/2023\/12\/12\/tensao-nos-supermercados-argentinos-milei-da-sinal-verde-para-remarcacoes-e-precos-disparam-a-espera-de-pacote-economico.ghtml\">Remarca\u00e7\u00f5es disparam nos supermercados argentinos \u00e0 espera de pacote econ\u00f4mico<\/a><\/li>\n<\/ul>\n\n\n\n<p>\u2014 Est\u00e1 focada em maior transpar\u00eancia, reformas estruturais, vota\u00e7\u00e3o \u00fanica, elimina\u00e7\u00e3o da PASO e financiamento da pol\u00edtica \u2014 explicou \u2014 A reforma do Estado procura simplificar a vida. Tendo como objetivo tornar transparentes as coisas que hoje todos sabemos que s\u00e3o um tanto nebulosas \u2014 destacou.<\/p>\n\n\n\n<p>Crise econ\u00f4mica avassala Argentina; veja imagens<\/p>\n\n\n\n<figure class=\"wp-block-image size-full\"><img decoding=\"async\" width=\"323\" height=\"182\" src=\"https:\/\/thefortune.one\/wp-content\/uploads\/2023\/12\/image-12.png\" alt=\"\" class=\"wp-image-4415\" srcset=\"https:\/\/thefortune.one\/wp-content\/uploads\/2023\/12\/image-12.png 323w, https:\/\/thefortune.one\/wp-content\/uploads\/2023\/12\/image-12-300x169.png 300w, https:\/\/thefortune.one\/wp-content\/uploads\/2023\/12\/image-12-18x10.png 18w\" sizes=\"(max-width: 323px) 100vw, 323px\" \/><\/figure>\n\n\n\n<p>Caputo descartou uma nova desvaloriza\u00e7\u00e3o do c\u00e2mbio no curto prazo.<\/p>\n\n\n\n<p>No in\u00edcio da semana, em mensagem gravada, o ministro apresentou uma s\u00e9rie de medidas econ\u00f4micas e antecipou a desvaloriza\u00e7\u00e3o do peso, os cortes nas despesas p\u00fablicas, a redu\u00e7\u00e3o &#8220;ao m\u00ednimo&#8221; das transfer\u00eancias para as prov\u00edncias, a paralisa\u00e7\u00e3o das obras p\u00fablicas \u2014 com exce\u00e7\u00e3o daqueles que est\u00e3o em curso \u2014 e a elimina\u00e7\u00e3o dos subs\u00eddios aos transportes, \u00e0 energia e ao refor\u00e7o da assist\u00eancia social.<\/p>\n\n\n\n<ul class=\"wp-block-list\">\n<li><strong>Ap\u00f3s desvaloriza\u00e7\u00e3o do d\u00f3lar:<\/strong>&nbsp;<a class=\"\" href=\"https:\/\/oglobo.globo.com\/economia\/noticia\/2023\/12\/13\/apos-desvalorizacao-do-dolar-entenda-como-fica-o-cambio-na-argentina.ghtml\">entenda como fica o c\u00e2mbio na Argentina<\/a><\/li>\n<\/ul>\n\n\n\n<p>O eixo central da mensagem do ministro foi o aumento do d\u00f3lar oficial de 400 pesos, que Sergio Massa havia deixado, para 800 pesos.<\/p>\n\n\n\n<h2 class=\"wp-block-heading\">Empr\u00e9stimo&nbsp;<a class=\"\" href=\"https:\/\/oglobo.globo.com\/tudo-sobre\/organizacao-esportiva\/caf\">CAF<\/a><\/h2>\n\n\n\n<p>As declara\u00e7\u00f5es de Caputo foram feitas depois de confirmar que a Argentina receber\u00e1 financiamento do Banco de Desenvolvimento da Am\u00e9rica Latina e do Caribe (CAF) para efetuar um pagamento de US$ 913 milh\u00f5es ao Fundo Monet\u00e1rio Internacional (FMI) na pr\u00f3xima semana, conforme confirmado por duas fontes familiarizadas com o assunto \u00e0 ag\u00eancia Reuters.<\/p>\n\n\n\n<p>O novo ministro da Economia reuniu-se na segunda-feira com o presidente executivo da CAF, Sergio D\u00edaz-Granados, e fechou um empr\u00e9stimo de US$ 1 bilh\u00e3o. O financiamento do banco de desenvolvimento deve ser aprovado pelo conselho de administra\u00e7\u00e3o do credor.<\/p>\n\n\n\n<p>Fonte:https:\/\/oglobo.globo.com\/economia\/noticia\/2023\/12\/15\/o-objetivo-continua-o-mesmo-alcancar-a-dolarizacao-diz-ministro-da-economia-da-argentina.ghtml<\/p>","protected":false},"excerpt":{"rendered":"<p>Em entrevista a um canal de TV local, Luis Caputo tamb\u00e9m confirmou que o fechamento do Banco Central \u00e9 uma das bandeiras do governo e voltou a afirmar que a infla\u00e7\u00e3o \u00e9 a \u201cpior heran\u00e7a\u201d Depois de apresentar nesta ter\u00e7a-feira&nbsp;as principais medidas econ\u00f4micas do governo de Javier Milei, o ministro da Economia da&nbsp;Argentina, Luis Caputo, [&hellip;]<\/p>\n","protected":false},"author":3,"featured_media":4416,"comment_status":"open","ping_status":"open","sticky":false,"template":"","format":"standard","meta":{"_joinchat":[],"footnotes":""},"categories":[1],"tags":[],"class_list":["post-4411","post","type-post","status-publish","format-standard","has-post-thumbnail","hentry","category-the-fortune-one"],"yoast_head":"<!-- This site is optimized with the Yoast SEO plugin v27.5 - https:\/\/yoast.com\/product\/yoast-seo-wordpress\/ -->\n<title>&#039;O objetivo continua o mesmo, alcan\u00e7ar a dolariza\u00e7\u00e3o&#039;, diz ministro da Economia da Argentina - The Fortune.one<\/title>\n<meta name=\"description\" content=\"Somos especialistas em gest\u00e3o patrimonial, op\u00e7\u00f5es de investimentos para diversos perfis, nosso diferencial \u00e9 comprovado com resultados.\" \/>\n<meta name=\"robots\" content=\"index, follow, max-snippet:-1, max-image-preview:large, max-video-preview:-1\" \/>\n<link rel=\"canonical\" href=\"https:\/\/thefortune.one\/pt\/o-objetivo-continua-o-mesmo-alcancar-a-dolarizacao-diz-ministro-da-economia-da-argentina\/\" \/>\n<meta property=\"og:locale\" content=\"pt_BR\" \/>\n<meta property=\"og:type\" content=\"article\" \/>\n<meta property=\"og:title\" content=\"&#039;O objetivo continua o mesmo, alcan\u00e7ar a dolariza\u00e7\u00e3o&#039;, diz ministro da Economia da Argentina - The Fortune.one\" \/>\n<meta property=\"og:description\" content=\"Somos especialistas em gest\u00e3o patrimonial, op\u00e7\u00f5es de investimentos para diversos perfis, nosso diferencial \u00e9 comprovado com resultados.\" \/>\n<meta property=\"og:url\" content=\"https:\/\/thefortune.one\/pt\/o-objetivo-continua-o-mesmo-alcancar-a-dolarizacao-diz-ministro-da-economia-da-argentina\/\" \/>\n<meta property=\"og:site_name\" content=\"The Fortune.one\" \/>\n<meta property=\"article:published_time\" content=\"2023-12-15T13:22:23+00:00\" \/>\n<meta property=\"article:modified_time\" content=\"2023-12-15T13:22:24+00:00\" \/>\n<meta property=\"og:image\" content=\"https:\/\/thefortune.one\/wp-content\/uploads\/2023\/12\/azul.png\" \/>\n\t<meta property=\"og:image:width\" content=\"888\" \/>\n\t<meta property=\"og:image:height\" content=\"592\" \/>\n\t<meta property=\"og:image:type\" content=\"image\/png\" \/>\n<meta name=\"author\" content=\"bianca\" \/>\n<meta name=\"twitter:card\" content=\"summary_large_image\" \/>\n<meta name=\"twitter:label1\" content=\"Escrito por\" \/>\n\t<meta name=\"twitter:data1\" content=\"bianca\" \/>\n\t<meta name=\"twitter:label2\" content=\"Est. tempo de leitura\" \/>\n\t<meta name=\"twitter:data2\" content=\"4 minutos\" \/>\n<script type=\"application\/ld+json\" class=\"yoast-schema-graph\">{\"@context\":\"https:\\\/\\\/schema.org\",\"@graph\":[{\"@type\":\"Article\",\"@id\":\"https:\\\/\\\/thefortune.one\\\/pt\\\/o-objetivo-continua-o-mesmo-alcancar-a-dolarizacao-diz-ministro-da-economia-da-argentina\\\/#article\",\"isPartOf\":{\"@id\":\"https:\\\/\\\/thefortune.one\\\/pt\\\/o-objetivo-continua-o-mesmo-alcancar-a-dolarizacao-diz-ministro-da-economia-da-argentina\\\/\"},\"author\":{\"name\":\"bianca\",\"@id\":\"https:\\\/\\\/thefortune.one\\\/pt\\\/#\\\/schema\\\/person\\\/6cd8fe72a627d36caabf41815984a16f\"},\"headline\":\"&#8216;O objetivo continua o mesmo, alcan\u00e7ar a dolariza\u00e7\u00e3o&#8217;, diz ministro da Economia da Argentina\",\"datePublished\":\"2023-12-15T13:22:23+00:00\",\"dateModified\":\"2023-12-15T13:22:24+00:00\",\"mainEntityOfPage\":{\"@id\":\"https:\\\/\\\/thefortune.one\\\/pt\\\/o-objetivo-continua-o-mesmo-alcancar-a-dolarizacao-diz-ministro-da-economia-da-argentina\\\/\"},\"wordCount\":818,\"commentCount\":0,\"publisher\":{\"@id\":\"https:\\\/\\\/thefortune.one\\\/pt\\\/#organization\"},\"image\":{\"@id\":\"https:\\\/\\\/thefortune.one\\\/pt\\\/o-objetivo-continua-o-mesmo-alcancar-a-dolarizacao-diz-ministro-da-economia-da-argentina\\\/#primaryimage\"},\"thumbnailUrl\":\"https:\\\/\\\/thefortune.one\\\/wp-content\\\/uploads\\\/2023\\\/12\\\/azul.png\",\"articleSection\":[\"The Fortune.one\"],\"inLanguage\":\"pt-BR\",\"potentialAction\":[{\"@type\":\"CommentAction\",\"name\":\"Comment\",\"target\":[\"https:\\\/\\\/thefortune.one\\\/pt\\\/o-objetivo-continua-o-mesmo-alcancar-a-dolarizacao-diz-ministro-da-economia-da-argentina\\\/#respond\"]}]},{\"@type\":\"WebPage\",\"@id\":\"https:\\\/\\\/thefortune.one\\\/pt\\\/o-objetivo-continua-o-mesmo-alcancar-a-dolarizacao-diz-ministro-da-economia-da-argentina\\\/\",\"url\":\"https:\\\/\\\/thefortune.one\\\/pt\\\/o-objetivo-continua-o-mesmo-alcancar-a-dolarizacao-diz-ministro-da-economia-da-argentina\\\/\",\"name\":\"'O objetivo continua o mesmo, alcan\u00e7ar a dolariza\u00e7\u00e3o', diz ministro da Economia da Argentina - The Fortune.one\",\"isPartOf\":{\"@id\":\"https:\\\/\\\/thefortune.one\\\/pt\\\/#website\"},\"primaryImageOfPage\":{\"@id\":\"https:\\\/\\\/thefortune.one\\\/pt\\\/o-objetivo-continua-o-mesmo-alcancar-a-dolarizacao-diz-ministro-da-economia-da-argentina\\\/#primaryimage\"},\"image\":{\"@id\":\"https:\\\/\\\/thefortune.one\\\/pt\\\/o-objetivo-continua-o-mesmo-alcancar-a-dolarizacao-diz-ministro-da-economia-da-argentina\\\/#primaryimage\"},\"thumbnailUrl\":\"https:\\\/\\\/thefortune.one\\\/wp-content\\\/uploads\\\/2023\\\/12\\\/azul.png\",\"datePublished\":\"2023-12-15T13:22:23+00:00\",\"dateModified\":\"2023-12-15T13:22:24+00:00\",\"description\":\"Somos especialistas em gest\u00e3o patrimonial, op\u00e7\u00f5es de investimentos para diversos perfis, nosso diferencial \u00e9 comprovado com resultados.\",\"breadcrumb\":{\"@id\":\"https:\\\/\\\/thefortune.one\\\/pt\\\/o-objetivo-continua-o-mesmo-alcancar-a-dolarizacao-diz-ministro-da-economia-da-argentina\\\/#breadcrumb\"},\"inLanguage\":\"pt-BR\",\"potentialAction\":[{\"@type\":\"ReadAction\",\"target\":[\"https:\\\/\\\/thefortune.one\\\/pt\\\/o-objetivo-continua-o-mesmo-alcancar-a-dolarizacao-diz-ministro-da-economia-da-argentina\\\/\"]}]},{\"@type\":\"ImageObject\",\"inLanguage\":\"pt-BR\",\"@id\":\"https:\\\/\\\/thefortune.one\\\/pt\\\/o-objetivo-continua-o-mesmo-alcancar-a-dolarizacao-diz-ministro-da-economia-da-argentina\\\/#primaryimage\",\"url\":\"https:\\\/\\\/thefortune.one\\\/wp-content\\\/uploads\\\/2023\\\/12\\\/azul.png\",\"contentUrl\":\"https:\\\/\\\/thefortune.one\\\/wp-content\\\/uploads\\\/2023\\\/12\\\/azul.png\",\"width\":888,\"height\":592},{\"@type\":\"BreadcrumbList\",\"@id\":\"https:\\\/\\\/thefortune.one\\\/pt\\\/o-objetivo-continua-o-mesmo-alcancar-a-dolarizacao-diz-ministro-da-economia-da-argentina\\\/#breadcrumb\",\"itemListElement\":[{\"@type\":\"ListItem\",\"position\":1,\"name\":\"In\u00edcio\",\"item\":\"https:\\\/\\\/thefortune.one\\\/pt\\\/\"},{\"@type\":\"ListItem\",\"position\":2,\"name\":\"&#8216;O objetivo continua o mesmo, alcan\u00e7ar a dolariza\u00e7\u00e3o&#8217;, diz ministro da Economia da Argentina\"}]},{\"@type\":\"WebSite\",\"@id\":\"https:\\\/\\\/thefortune.one\\\/pt\\\/#website\",\"url\":\"https:\\\/\\\/thefortune.one\\\/pt\\\/\",\"name\":\"The Fortune.one\",\"description\":\"Gestora de Recursos Especializada em Private Equity\",\"publisher\":{\"@id\":\"https:\\\/\\\/thefortune.one\\\/pt\\\/#organization\"},\"potentialAction\":[{\"@type\":\"SearchAction\",\"target\":{\"@type\":\"EntryPoint\",\"urlTemplate\":\"https:\\\/\\\/thefortune.one\\\/pt\\\/?s={search_term_string}\"},\"query-input\":{\"@type\":\"PropertyValueSpecification\",\"valueRequired\":true,\"valueName\":\"search_term_string\"}}],\"inLanguage\":\"pt-BR\"},{\"@type\":\"Organization\",\"@id\":\"https:\\\/\\\/thefortune.one\\\/pt\\\/#organization\",\"name\":\"The Fortune One\",\"url\":\"https:\\\/\\\/thefortune.one\\\/pt\\\/\",\"logo\":{\"@type\":\"ImageObject\",\"inLanguage\":\"pt-BR\",\"@id\":\"https:\\\/\\\/thefortune.one\\\/pt\\\/#\\\/schema\\\/logo\\\/image\\\/\",\"url\":\"https:\\\/\\\/thefortune.one\\\/wp-content\\\/uploads\\\/2022\\\/11\\\/cropped-cropped-1651682701199-1.jpg\",\"contentUrl\":\"https:\\\/\\\/thefortune.one\\\/wp-content\\\/uploads\\\/2022\\\/11\\\/cropped-cropped-1651682701199-1.jpg\",\"width\":369,\"height\":421,\"caption\":\"The Fortune One\"},\"image\":{\"@id\":\"https:\\\/\\\/thefortune.one\\\/pt\\\/#\\\/schema\\\/logo\\\/image\\\/\"}},{\"@type\":\"Person\",\"@id\":\"https:\\\/\\\/thefortune.one\\\/pt\\\/#\\\/schema\\\/person\\\/6cd8fe72a627d36caabf41815984a16f\",\"name\":\"bianca\",\"image\":{\"@type\":\"ImageObject\",\"inLanguage\":\"pt-BR\",\"@id\":\"https:\\\/\\\/secure.gravatar.com\\\/avatar\\\/66cd7b00d93410555e00d1e6a911a86de0cd0cfa4f83a2f8b47eddc2968c98af?s=96&d=mm&r=g\",\"url\":\"https:\\\/\\\/secure.gravatar.com\\\/avatar\\\/66cd7b00d93410555e00d1e6a911a86de0cd0cfa4f83a2f8b47eddc2968c98af?s=96&d=mm&r=g\",\"contentUrl\":\"https:\\\/\\\/secure.gravatar.com\\\/avatar\\\/66cd7b00d93410555e00d1e6a911a86de0cd0cfa4f83a2f8b47eddc2968c98af?s=96&d=mm&r=g\",\"caption\":\"bianca\"},\"url\":\"https:\\\/\\\/thefortune.one\\\/pt\\\/author\\\/bianca\\\/\"}]}<\/script>\n<!-- \/ Yoast SEO plugin. -->","yoast_head_json":{"title":"'O objetivo continua o mesmo, alcan\u00e7ar a dolariza\u00e7\u00e3o', diz ministro da Economia da Argentina - The Fortune.one","description":"Somos especialistas em gest\u00e3o patrimonial, op\u00e7\u00f5es de investimentos para diversos perfis, nosso diferencial \u00e9 comprovado com resultados.","robots":{"index":"index","follow":"follow","max-snippet":"max-snippet:-1","max-image-preview":"max-image-preview:large","max-video-preview":"max-video-preview:-1"},"canonical":"https:\/\/thefortune.one\/pt\/o-objetivo-continua-o-mesmo-alcancar-a-dolarizacao-diz-ministro-da-economia-da-argentina\/","og_locale":"pt_BR","og_type":"article","og_title":"'O objetivo continua o mesmo, alcan\u00e7ar a dolariza\u00e7\u00e3o', diz ministro da Economia da Argentina - The Fortune.one","og_description":"Somos especialistas em gest\u00e3o patrimonial, op\u00e7\u00f5es de investimentos para diversos perfis, nosso diferencial \u00e9 comprovado com resultados.","og_url":"https:\/\/thefortune.one\/pt\/o-objetivo-continua-o-mesmo-alcancar-a-dolarizacao-diz-ministro-da-economia-da-argentina\/","og_site_name":"The Fortune.one","article_published_time":"2023-12-15T13:22:23+00:00","article_modified_time":"2023-12-15T13:22:24+00:00","og_image":[{"width":888,"height":592,"url":"https:\/\/thefortune.one\/wp-content\/uploads\/2023\/12\/azul.png","type":"image\/png"}],"author":"bianca","twitter_card":"summary_large_image","twitter_misc":{"Escrito por":"bianca","Est. tempo de leitura":"4 minutos"},"schema":{"@context":"https:\/\/schema.org","@graph":[{"@type":"Article","@id":"https:\/\/thefortune.one\/pt\/o-objetivo-continua-o-mesmo-alcancar-a-dolarizacao-diz-ministro-da-economia-da-argentina\/#article","isPartOf":{"@id":"https:\/\/thefortune.one\/pt\/o-objetivo-continua-o-mesmo-alcancar-a-dolarizacao-diz-ministro-da-economia-da-argentina\/"},"author":{"name":"bianca","@id":"https:\/\/thefortune.one\/pt\/#\/schema\/person\/6cd8fe72a627d36caabf41815984a16f"},"headline":"&#8216;O objetivo continua o mesmo, alcan\u00e7ar a dolariza\u00e7\u00e3o&#8217;, diz ministro da Economia da Argentina","datePublished":"2023-12-15T13:22:23+00:00","dateModified":"2023-12-15T13:22:24+00:00","mainEntityOfPage":{"@id":"https:\/\/thefortune.one\/pt\/o-objetivo-continua-o-mesmo-alcancar-a-dolarizacao-diz-ministro-da-economia-da-argentina\/"},"wordCount":818,"commentCount":0,"publisher":{"@id":"https:\/\/thefortune.one\/pt\/#organization"},"image":{"@id":"https:\/\/thefortune.one\/pt\/o-objetivo-continua-o-mesmo-alcancar-a-dolarizacao-diz-ministro-da-economia-da-argentina\/#primaryimage"},"thumbnailUrl":"https:\/\/thefortune.one\/wp-content\/uploads\/2023\/12\/azul.png","articleSection":["The Fortune.one"],"inLanguage":"pt-BR","potentialAction":[{"@type":"CommentAction","name":"Comment","target":["https:\/\/thefortune.one\/pt\/o-objetivo-continua-o-mesmo-alcancar-a-dolarizacao-diz-ministro-da-economia-da-argentina\/#respond"]}]},{"@type":"WebPage","@id":"https:\/\/thefortune.one\/pt\/o-objetivo-continua-o-mesmo-alcancar-a-dolarizacao-diz-ministro-da-economia-da-argentina\/","url":"https:\/\/thefortune.one\/pt\/o-objetivo-continua-o-mesmo-alcancar-a-dolarizacao-diz-ministro-da-economia-da-argentina\/","name":"'O objetivo continua o mesmo, alcan\u00e7ar a dolariza\u00e7\u00e3o', diz ministro da Economia da Argentina - The Fortune.one","isPartOf":{"@id":"https:\/\/thefortune.one\/pt\/#website"},"primaryImageOfPage":{"@id":"https:\/\/thefortune.one\/pt\/o-objetivo-continua-o-mesmo-alcancar-a-dolarizacao-diz-ministro-da-economia-da-argentina\/#primaryimage"},"image":{"@id":"https:\/\/thefortune.one\/pt\/o-objetivo-continua-o-mesmo-alcancar-a-dolarizacao-diz-ministro-da-economia-da-argentina\/#primaryimage"},"thumbnailUrl":"https:\/\/thefortune.one\/wp-content\/uploads\/2023\/12\/azul.png","datePublished":"2023-12-15T13:22:23+00:00","dateModified":"2023-12-15T13:22:24+00:00","description":"Somos especialistas em gest\u00e3o patrimonial, op\u00e7\u00f5es de investimentos para diversos perfis, nosso diferencial \u00e9 comprovado com resultados.","breadcrumb":{"@id":"https:\/\/thefortune.one\/pt\/o-objetivo-continua-o-mesmo-alcancar-a-dolarizacao-diz-ministro-da-economia-da-argentina\/#breadcrumb"},"inLanguage":"pt-BR","potentialAction":[{"@type":"ReadAction","target":["https:\/\/thefortune.one\/pt\/o-objetivo-continua-o-mesmo-alcancar-a-dolarizacao-diz-ministro-da-economia-da-argentina\/"]}]},{"@type":"ImageObject","inLanguage":"pt-BR","@id":"https:\/\/thefortune.one\/pt\/o-objetivo-continua-o-mesmo-alcancar-a-dolarizacao-diz-ministro-da-economia-da-argentina\/#primaryimage","url":"https:\/\/thefortune.one\/wp-content\/uploads\/2023\/12\/azul.png","contentUrl":"https:\/\/thefortune.one\/wp-content\/uploads\/2023\/12\/azul.png","width":888,"height":592},{"@type":"BreadcrumbList","@id":"https:\/\/thefortune.one\/pt\/o-objetivo-continua-o-mesmo-alcancar-a-dolarizacao-diz-ministro-da-economia-da-argentina\/#breadcrumb","itemListElement":[{"@type":"ListItem","position":1,"name":"In\u00edcio","item":"https:\/\/thefortune.one\/pt\/"},{"@type":"ListItem","position":2,"name":"&#8216;O objetivo continua o mesmo, alcan\u00e7ar a dolariza\u00e7\u00e3o&#8217;, diz ministro da Economia da Argentina"}]},{"@type":"WebSite","@id":"https:\/\/thefortune.one\/pt\/#website","url":"https:\/\/thefortune.one\/pt\/","name":"The Fortune.one","description":"Gestora de Recursos Especializada em Private Equity","publisher":{"@id":"https:\/\/thefortune.one\/pt\/#organization"},"potentialAction":[{"@type":"SearchAction","target":{"@type":"EntryPoint","urlTemplate":"https:\/\/thefortune.one\/pt\/?s={search_term_string}"},"query-input":{"@type":"PropertyValueSpecification","valueRequired":true,"valueName":"search_term_string"}}],"inLanguage":"pt-BR"},{"@type":"Organization","@id":"https:\/\/thefortune.one\/pt\/#organization","name":"The Fortune One","url":"https:\/\/thefortune.one\/pt\/","logo":{"@type":"ImageObject","inLanguage":"pt-BR","@id":"https:\/\/thefortune.one\/pt\/#\/schema\/logo\/image\/","url":"https:\/\/thefortune.one\/wp-content\/uploads\/2022\/11\/cropped-cropped-1651682701199-1.jpg","contentUrl":"https:\/\/thefortune.one\/wp-content\/uploads\/2022\/11\/cropped-cropped-1651682701199-1.jpg","width":369,"height":421,"caption":"The Fortune One"},"image":{"@id":"https:\/\/thefortune.one\/pt\/#\/schema\/logo\/image\/"}},{"@type":"Person","@id":"https:\/\/thefortune.one\/pt\/#\/schema\/person\/6cd8fe72a627d36caabf41815984a16f","name":"bianca","image":{"@type":"ImageObject","inLanguage":"pt-BR","@id":"https:\/\/secure.gravatar.com\/avatar\/66cd7b00d93410555e00d1e6a911a86de0cd0cfa4f83a2f8b47eddc2968c98af?s=96&d=mm&r=g","url":"https:\/\/secure.gravatar.com\/avatar\/66cd7b00d93410555e00d1e6a911a86de0cd0cfa4f83a2f8b47eddc2968c98af?s=96&d=mm&r=g","contentUrl":"https:\/\/secure.gravatar.com\/avatar\/66cd7b00d93410555e00d1e6a911a86de0cd0cfa4f83a2f8b47eddc2968c98af?s=96&d=mm&r=g","caption":"bianca"},"url":"https:\/\/thefortune.one\/pt\/author\/bianca\/"}]}},"_links":{"self":[{"href":"https:\/\/thefortune.one\/pt\/wp-json\/wp\/v2\/posts\/4411","targetHints":{"allow":["GET"]}}],"collection":[{"href":"https:\/\/thefortune.one\/pt\/wp-json\/wp\/v2\/posts"}],"about":[{"href":"https:\/\/thefortune.one\/pt\/wp-json\/wp\/v2\/types\/post"}],"author":[{"embeddable":true,"href":"https:\/\/thefortune.one\/pt\/wp-json\/wp\/v2\/users\/3"}],"replies":[{"embeddable":true,"href":"https:\/\/thefortune.one\/pt\/wp-json\/wp\/v2\/comments?post=4411"}],"version-history":[{"count":1,"href":"https:\/\/thefortune.one\/pt\/wp-json\/wp\/v2\/posts\/4411\/revisions"}],"predecessor-version":[{"id":4417,"href":"https:\/\/thefortune.one\/pt\/wp-json\/wp\/v2\/posts\/4411\/revisions\/4417"}],"wp:featuredmedia":[{"embeddable":true,"href":"https:\/\/thefortune.one\/pt\/wp-json\/wp\/v2\/media\/4416"}],"wp:attachment":[{"href":"https:\/\/thefortune.one\/pt\/wp-json\/wp\/v2\/media?parent=4411"}],"wp:term":[{"taxonomy":"category","embeddable":true,"href":"https:\/\/thefortune.one\/pt\/wp-json\/wp\/v2\/categories?post=4411"},{"taxonomy":"post_tag","embeddable":true,"href":"https:\/\/thefortune.one\/pt\/wp-json\/wp\/v2\/tags?post=4411"}],"curies":[{"name":"wp","href":"https:\/\/api.w.org\/{rel}","templated":true}]}}