{"id":4404,"date":"2023-12-13T12:45:17","date_gmt":"2023-12-13T12:45:17","guid":{"rendered":"https:\/\/thefortune.one\/?p=4404"},"modified":"2023-12-13T12:45:17","modified_gmt":"2023-12-13T12:45:17","slug":"os-motivos-que-fazem-o-mercado-apostar-em-mais-um-corte-na-selic","status":"publish","type":"post","link":"https:\/\/thefortune.one\/pt\/os-motivos-que-fazem-o-mercado-apostar-em-mais-um-corte-na-selic\/","title":{"rendered":"Os motivos que fazem o mercado apostar em mais um corte na Selic"},"content":{"rendered":"<p class=\"has-text-align-center\">Mercado projeta que o ano encerre com a Taxa Selic em 11,75%, a menor dos \u00faltimos 21 meses, e uma infla\u00e7\u00e3o de 4,51%<\/p>\n\n\n\n<figure class=\"wp-block-image size-large\"><img fetchpriority=\"high\" decoding=\"async\" width=\"1024\" height=\"576\" src=\"https:\/\/thefortune.one\/wp-content\/uploads\/2023\/12\/image-8-1024x576.png\" alt=\"\" class=\"wp-image-4405\" srcset=\"https:\/\/thefortune.one\/wp-content\/uploads\/2023\/12\/image-8-1024x576.png 1024w, https:\/\/thefortune.one\/wp-content\/uploads\/2023\/12\/image-8-300x169.png 300w, https:\/\/thefortune.one\/wp-content\/uploads\/2023\/12\/image-8-768x432.png 768w, https:\/\/thefortune.one\/wp-content\/uploads\/2023\/12\/image-8-18x10.png 18w, https:\/\/thefortune.one\/wp-content\/uploads\/2023\/12\/image-8.png 1280w\" sizes=\"(max-width: 1024px) 100vw, 1024px\" \/><\/figure>\n\n\n\n<p>Segundo o \u00faltimo Boletim Focus, divulgado no dia 11, um dia antes do in\u00edcio da reuni\u00e3o do Comit\u00ea de Pol\u00edtica Monet\u00e1ria (Copom), a expectativa do mercado \u00e9 que o ano de 2023 encerre com a Taxa Selic em 11,75% e uma infla\u00e7\u00e3o de 4,51%. Essa expectativa considera que h\u00e1 espa\u00e7o para mais um corte de 0,50 ponto percentual na taxa de juros. Se confirmado, esse ser\u00e1 o menor patamar da Selic dos \u00faltimos meses.<\/p>\n\n\n\n<p>O \u00faltimo encontro do Comit\u00ea de Pol\u00edtica Monet\u00e1ria (Copom) decidiu pela redu\u00e7\u00e3o da Selic para 12,25%, marcando o terceiro corte consecutivo. Desde ent\u00e3o, indicadores econ\u00f4micos apontam para uma melhora no cen\u00e1rio com o andamento de algumas pautas fiscais, como a aprova\u00e7\u00e3o da Proposta de Emenda \u00e0 Constitui\u00e7\u00e3o (PEC) da reforma tribut\u00e1ria pelo Senado Federal, e de medidas que visam aumentar a arrecada\u00e7\u00e3o federal, como a aprova\u00e7\u00e3o da taxa\u00e7\u00e3o dos fundos exclusivos e offshore.<\/p>\n\n\n\n<p>O Ministro da Fazenda, Fernando Haddad, expressou sua esperan\u00e7a de que a Selic caia para 11,75%, alegando a queda da infla\u00e7\u00e3o e a deprecia\u00e7\u00e3o do d\u00f3lar como fatores favor\u00e1veis para mais um corte na Selic.<\/p>\n\n\n\n<p>O presidente do Banco Central, Roberto Campos Neto, tamb\u00e9m deu indicativos positivos para a continuidade de cortes ao avaliar os recentes dados de infla\u00e7\u00e3o. Um ponto de destaque nas declara\u00e7\u00f5es do presidente do BC foi a observa\u00e7\u00e3o de que a infla\u00e7\u00e3o de servi\u00e7os brasileira ficou abaixo da dos Estados Unidos pela primeira vez em muitos anos. Essa constata\u00e7\u00e3o, segundo Campos Neto, cria espa\u00e7o para a redu\u00e7\u00e3o dos juros e refor\u00e7a a busca pela converg\u00eancia.<\/p>\n\n\n\n<p>Ele afirmou que o pa\u00eds est\u00e1 no caminho para ficar dentro da meta estabelecida para 2023 e 2024, considerando apropriado o ritmo de cortes nos juros promovido pela autoridade monet\u00e1ria, mas alertou que o \u201cprocesso de desinfla\u00e7\u00e3o n\u00e3o est\u00e1 ganho, mas est\u00e1 se encaminhando conforme o esperado\u201d, durante um evento da Frente Parlamentar do Empreendedorismo.<\/p>\n\n\n\n<p>De acordo com o \u00cdndice Equus de Precifica\u00e7\u00e3o da Selic (IEPS) da Equus Capital, a probabilidade de corte indicada pelo mercado, neste momento, \u00e9 de 98,0%. Na semana anterior, este percentual era maior, <\/p>\n\n\n\n<p>de 98,9%. \u00a0Entre os dados, est\u00e3o as negocia\u00e7\u00f5es de Contrato de Op\u00e7\u00e3o de Copom que formam grandes \u201cpalpites\u201d coletivos sobre como a taxa Selic vai (ou deveria) se comportar no futuro. Esses contratos s\u00e3o uma forma dos investidores mostrarem o que eles acreditam que ocorrer\u00e1 nas reuni\u00f5es futuras do Copom. Na semana passada, existiam 42.485 contratos em aberto. Agora, este n\u00famero subiu para 43.325, aumentode 2,0% na \u00faltima semana. \u201cO aumento moderado no n\u00famero de contratos reflete uma estabiliza\u00e7\u00e3o no interesse do mercado em rela\u00e7\u00e3o \u00e0s pol\u00edticas do Banco Central e aos indicadores econ\u00f4micos vigentes. Este crescimento de apenas 2,0% na \u00faltima semana sugere que, embora exista uma conscientiza\u00e7\u00e3o cont\u00ednua sobre as mudan\u00e7as potenciais na taxa Selic, o ambiente de incerteza e expectativa em rela\u00e7\u00e3o ao futuro da pol\u00edtica monet\u00e1ria parece estar se equilibrando\u201d, avalia Felipe Uchida, diretor do departamento de an\u00e1lises quantitativas e s\u00f3cio da Equus Capital.<\/p>\n\n\n\n<p>Apesar de alguns riscos no cen\u00e1rio fiscal e as incertezas globais, \u00e9 un\u00e2nime entre os economistas o corte de 0,50 ponto percentual na \u00faltima reuni\u00e3o do ano. Segundo Cristiane Quartaroli, economista do <\/p>\n\n\n\n<p>Banco Ouribank, o Banco Central dever\u00e1 manter o atual ritmo de corte da Selic. \u201cO Banco Central iniciou essa trajet\u00f3ria de diminui\u00e7\u00e3o da taxa b\u00e1sica de juros, mencionando-a em seus \u00faltimos comunicados , na ata e nos pronunciamentos p\u00f3s-decis\u00e3o. Diante desse contexto, n\u00e3o se espera que a institui\u00e7\u00e3o modifique o ritmo de corte neste momento\u201d.<\/p>\n\n\n\n<p>Apesar de manter o ritmo no corte, a economista alerta que embora os dados de infla\u00e7\u00e3o tenham apresentado uma redu\u00e7\u00e3o significativa desde meados do ano, ainda estamos diante de uma proje\u00e7\u00e3o inflacion\u00e1ria acima da meta, tanto para 2023 quanto para 2024.<\/p>\n\n\n\n<p>Segundo Daniel Mariga, o ponto principal ser\u00e1 qual o tom da ata para os pr\u00f3ximos anos. \u201cSe continuarmos com as falas de continuidade no corte de juros, devemos ter uma melhora na performance tanto da bolsa quanto para ativos de renda fixa atrelados ao IPCA e prefixados.<\/p>\n\n\n\n<p>Caso vier com um tom mais duro, teremos um final de ano conturbado\u201d, diz. Nos Estados Unidos, a expectativa \u00e9 de manuten\u00e7\u00e3o da taxa de juros ap\u00f3s os dados do relat\u00f3rio de empregos (payroll) registar cria\u00e7\u00e3o de empregos maior que o esperado. \u201cSeria muito bom termos cortes nos EUA, assim como temos no Brasil, mas dificilmente isso ocorrer\u00e1 no curto prazo\u201d, diz. Isso porque a economia norte americana ainda est\u00e1 aquecida, com um alto n\u00famero de empregos. \u201cProvavelmente, a taxa de juros deve permanecer nos n\u00edveis elevados por um tempo. \u201cA taxa de juros elevada por mais tempo nos EUA pode atrair fluxo de investimentos para a na\u00e7\u00e3o norte-americana, tendo em vista a redu\u00e7\u00e3o do diferencial de juros, o que contribuiria negativamente para o c\u00e2mbio e pressionaria os pre\u00e7os no Brasil. \u201cO Brasil acaba perdendo um pouco da atratividade internacional, o que faz com que os grandes fundos de pens\u00e3o destinem menos recursos ao Brasil. Por\u00e9m, ainda temos uma das maiores taxas de juros reais do mundo, mostrando espa\u00e7o para cortes na Selic atual\u201d, pontua.<\/p>\n\n\n\n<p>Para Gustavo Cruz, estrategista da RB Investimentos, a decis\u00e3o que se desenha para a \u00faltima reuni\u00e3o do ano j\u00e1 est\u00e1 posta na mesa. No entanto, o especialista sugere cautela na reuni\u00e3o de janeiro. \u201c\u00c9 desafiador prever qual seria a abordagem mais apropriada, especialmente considerando que a ideia de um corte mais expressivo j\u00e1 em janeiro, na primeira reuni\u00e3o de 2024, pode n\u00e3o ser a melhor op\u00e7\u00e3o, dada a altern\u00e2ncia e volatilidade do cen\u00e1rio econ\u00f4mico\u201d, diz.<\/p>\n\n\n\n<p>Fonte:https:\/\/veja.abril.com.br\/economia\/os-motivos-que-fazem-o-mercado-apostar-em-mais-um-corte-na-selic\/<\/p>\n\n\n\n<p><\/p>\n\n\n\n<p><\/p>\n\n\n\n<p><\/p>\n\n\n\n<p><\/p>\n\n\n\n<p><\/p>\n\n\n\n<p><\/p>\n\n\n\n<p><\/p>\n\n\n\n<p><\/p>\n\n\n\n<p><\/p>\n\n\n\n<p><\/p>","protected":false},"excerpt":{"rendered":"<p>Mercado projeta que o ano encerre com a Taxa Selic em 11,75%, a menor dos \u00faltimos 21 meses, e uma infla\u00e7\u00e3o de 4,51% Segundo o \u00faltimo Boletim Focus, divulgado no dia 11, um dia antes do in\u00edcio da reuni\u00e3o do Comit\u00ea de Pol\u00edtica Monet\u00e1ria (Copom), a expectativa do mercado \u00e9 que o ano de 2023 [&hellip;]<\/p>\n","protected":false},"author":3,"featured_media":4406,"comment_status":"open","ping_status":"open","sticky":false,"template":"","format":"standard","meta":{"_joinchat":[],"footnotes":""},"categories":[1],"tags":[],"class_list":["post-4404","post","type-post","status-publish","format-standard","has-post-thumbnail","hentry","category-the-fortune-one"],"yoast_head":"<!-- This site is optimized with the Yoast SEO plugin v27.5 - https:\/\/yoast.com\/product\/yoast-seo-wordpress\/ -->\n<title>Os motivos que fazem o mercado apostar em mais um corte na Selic - The Fortune.one<\/title>\n<meta name=\"description\" content=\"Somos especialistas em gest\u00e3o patrimonial, op\u00e7\u00f5es de investimentos para diversos perfis, nosso diferencial \u00e9 comprovado com resultados.\" \/>\n<meta name=\"robots\" content=\"index, follow, max-snippet:-1, max-image-preview:large, max-video-preview:-1\" \/>\n<link rel=\"canonical\" href=\"https:\/\/thefortune.one\/pt\/os-motivos-que-fazem-o-mercado-apostar-em-mais-um-corte-na-selic\/\" \/>\n<meta property=\"og:locale\" content=\"pt_BR\" \/>\n<meta property=\"og:type\" content=\"article\" \/>\n<meta property=\"og:title\" content=\"Os motivos que fazem o mercado apostar em mais um corte na Selic - The Fortune.one\" \/>\n<meta property=\"og:description\" content=\"Somos especialistas em gest\u00e3o patrimonial, op\u00e7\u00f5es de investimentos para diversos perfis, nosso diferencial \u00e9 comprovado com resultados.\" \/>\n<meta property=\"og:url\" content=\"https:\/\/thefortune.one\/pt\/os-motivos-que-fazem-o-mercado-apostar-em-mais-um-corte-na-selic\/\" \/>\n<meta property=\"og:site_name\" content=\"The Fortune.one\" \/>\n<meta property=\"article:published_time\" content=\"2023-12-13T12:45:17+00:00\" \/>\n<meta property=\"og:image\" content=\"https:\/\/thefortune.one\/wp-content\/uploads\/2023\/12\/doi.jpg\" \/>\n\t<meta property=\"og:image:width\" content=\"1280\" \/>\n\t<meta property=\"og:image:height\" content=\"720\" \/>\n\t<meta property=\"og:image:type\" content=\"image\/jpeg\" \/>\n<meta name=\"author\" content=\"bianca\" \/>\n<meta name=\"twitter:card\" content=\"summary_large_image\" \/>\n<meta name=\"twitter:label1\" content=\"Escrito por\" \/>\n\t<meta name=\"twitter:data1\" content=\"bianca\" \/>\n\t<meta name=\"twitter:label2\" content=\"Est. tempo de leitura\" \/>\n\t<meta name=\"twitter:data2\" content=\"5 minutos\" \/>\n<script type=\"application\/ld+json\" class=\"yoast-schema-graph\">{\"@context\":\"https:\\\/\\\/schema.org\",\"@graph\":[{\"@type\":\"Article\",\"@id\":\"https:\\\/\\\/thefortune.one\\\/pt\\\/os-motivos-que-fazem-o-mercado-apostar-em-mais-um-corte-na-selic\\\/#article\",\"isPartOf\":{\"@id\":\"https:\\\/\\\/thefortune.one\\\/pt\\\/os-motivos-que-fazem-o-mercado-apostar-em-mais-um-corte-na-selic\\\/\"},\"author\":{\"name\":\"bianca\",\"@id\":\"https:\\\/\\\/thefortune.one\\\/pt\\\/#\\\/schema\\\/person\\\/6cd8fe72a627d36caabf41815984a16f\"},\"headline\":\"Os motivos que fazem o mercado apostar em mais um corte na Selic\",\"datePublished\":\"2023-12-13T12:45:17+00:00\",\"mainEntityOfPage\":{\"@id\":\"https:\\\/\\\/thefortune.one\\\/pt\\\/os-motivos-que-fazem-o-mercado-apostar-em-mais-um-corte-na-selic\\\/\"},\"wordCount\":1028,\"commentCount\":0,\"publisher\":{\"@id\":\"https:\\\/\\\/thefortune.one\\\/pt\\\/#organization\"},\"image\":{\"@id\":\"https:\\\/\\\/thefortune.one\\\/pt\\\/os-motivos-que-fazem-o-mercado-apostar-em-mais-um-corte-na-selic\\\/#primaryimage\"},\"thumbnailUrl\":\"https:\\\/\\\/thefortune.one\\\/wp-content\\\/uploads\\\/2023\\\/12\\\/doi.jpg\",\"articleSection\":[\"The Fortune.one\"],\"inLanguage\":\"pt-BR\",\"potentialAction\":[{\"@type\":\"CommentAction\",\"name\":\"Comment\",\"target\":[\"https:\\\/\\\/thefortune.one\\\/pt\\\/os-motivos-que-fazem-o-mercado-apostar-em-mais-um-corte-na-selic\\\/#respond\"]}]},{\"@type\":\"WebPage\",\"@id\":\"https:\\\/\\\/thefortune.one\\\/pt\\\/os-motivos-que-fazem-o-mercado-apostar-em-mais-um-corte-na-selic\\\/\",\"url\":\"https:\\\/\\\/thefortune.one\\\/pt\\\/os-motivos-que-fazem-o-mercado-apostar-em-mais-um-corte-na-selic\\\/\",\"name\":\"Os motivos que fazem o mercado apostar em mais um corte na Selic - The Fortune.one\",\"isPartOf\":{\"@id\":\"https:\\\/\\\/thefortune.one\\\/pt\\\/#website\"},\"primaryImageOfPage\":{\"@id\":\"https:\\\/\\\/thefortune.one\\\/pt\\\/os-motivos-que-fazem-o-mercado-apostar-em-mais-um-corte-na-selic\\\/#primaryimage\"},\"image\":{\"@id\":\"https:\\\/\\\/thefortune.one\\\/pt\\\/os-motivos-que-fazem-o-mercado-apostar-em-mais-um-corte-na-selic\\\/#primaryimage\"},\"thumbnailUrl\":\"https:\\\/\\\/thefortune.one\\\/wp-content\\\/uploads\\\/2023\\\/12\\\/doi.jpg\",\"datePublished\":\"2023-12-13T12:45:17+00:00\",\"description\":\"Somos especialistas em gest\u00e3o patrimonial, op\u00e7\u00f5es de investimentos para diversos perfis, nosso diferencial \u00e9 comprovado com resultados.\",\"breadcrumb\":{\"@id\":\"https:\\\/\\\/thefortune.one\\\/pt\\\/os-motivos-que-fazem-o-mercado-apostar-em-mais-um-corte-na-selic\\\/#breadcrumb\"},\"inLanguage\":\"pt-BR\",\"potentialAction\":[{\"@type\":\"ReadAction\",\"target\":[\"https:\\\/\\\/thefortune.one\\\/pt\\\/os-motivos-que-fazem-o-mercado-apostar-em-mais-um-corte-na-selic\\\/\"]}]},{\"@type\":\"ImageObject\",\"inLanguage\":\"pt-BR\",\"@id\":\"https:\\\/\\\/thefortune.one\\\/pt\\\/os-motivos-que-fazem-o-mercado-apostar-em-mais-um-corte-na-selic\\\/#primaryimage\",\"url\":\"https:\\\/\\\/thefortune.one\\\/wp-content\\\/uploads\\\/2023\\\/12\\\/doi.jpg\",\"contentUrl\":\"https:\\\/\\\/thefortune.one\\\/wp-content\\\/uploads\\\/2023\\\/12\\\/doi.jpg\",\"width\":1280,\"height\":720},{\"@type\":\"BreadcrumbList\",\"@id\":\"https:\\\/\\\/thefortune.one\\\/pt\\\/os-motivos-que-fazem-o-mercado-apostar-em-mais-um-corte-na-selic\\\/#breadcrumb\",\"itemListElement\":[{\"@type\":\"ListItem\",\"position\":1,\"name\":\"In\u00edcio\",\"item\":\"https:\\\/\\\/thefortune.one\\\/pt\\\/\"},{\"@type\":\"ListItem\",\"position\":2,\"name\":\"Os motivos que fazem o mercado apostar em mais um corte na Selic\"}]},{\"@type\":\"WebSite\",\"@id\":\"https:\\\/\\\/thefortune.one\\\/pt\\\/#website\",\"url\":\"https:\\\/\\\/thefortune.one\\\/pt\\\/\",\"name\":\"The Fortune.one\",\"description\":\"Gestora de Recursos Especializada em Private Equity\",\"publisher\":{\"@id\":\"https:\\\/\\\/thefortune.one\\\/pt\\\/#organization\"},\"potentialAction\":[{\"@type\":\"SearchAction\",\"target\":{\"@type\":\"EntryPoint\",\"urlTemplate\":\"https:\\\/\\\/thefortune.one\\\/pt\\\/?s={search_term_string}\"},\"query-input\":{\"@type\":\"PropertyValueSpecification\",\"valueRequired\":true,\"valueName\":\"search_term_string\"}}],\"inLanguage\":\"pt-BR\"},{\"@type\":\"Organization\",\"@id\":\"https:\\\/\\\/thefortune.one\\\/pt\\\/#organization\",\"name\":\"The Fortune One\",\"url\":\"https:\\\/\\\/thefortune.one\\\/pt\\\/\",\"logo\":{\"@type\":\"ImageObject\",\"inLanguage\":\"pt-BR\",\"@id\":\"https:\\\/\\\/thefortune.one\\\/pt\\\/#\\\/schema\\\/logo\\\/image\\\/\",\"url\":\"https:\\\/\\\/thefortune.one\\\/wp-content\\\/uploads\\\/2022\\\/11\\\/cropped-cropped-1651682701199-1.jpg\",\"contentUrl\":\"https:\\\/\\\/thefortune.one\\\/wp-content\\\/uploads\\\/2022\\\/11\\\/cropped-cropped-1651682701199-1.jpg\",\"width\":369,\"height\":421,\"caption\":\"The Fortune One\"},\"image\":{\"@id\":\"https:\\\/\\\/thefortune.one\\\/pt\\\/#\\\/schema\\\/logo\\\/image\\\/\"}},{\"@type\":\"Person\",\"@id\":\"https:\\\/\\\/thefortune.one\\\/pt\\\/#\\\/schema\\\/person\\\/6cd8fe72a627d36caabf41815984a16f\",\"name\":\"bianca\",\"image\":{\"@type\":\"ImageObject\",\"inLanguage\":\"pt-BR\",\"@id\":\"https:\\\/\\\/secure.gravatar.com\\\/avatar\\\/66cd7b00d93410555e00d1e6a911a86de0cd0cfa4f83a2f8b47eddc2968c98af?s=96&d=mm&r=g\",\"url\":\"https:\\\/\\\/secure.gravatar.com\\\/avatar\\\/66cd7b00d93410555e00d1e6a911a86de0cd0cfa4f83a2f8b47eddc2968c98af?s=96&d=mm&r=g\",\"contentUrl\":\"https:\\\/\\\/secure.gravatar.com\\\/avatar\\\/66cd7b00d93410555e00d1e6a911a86de0cd0cfa4f83a2f8b47eddc2968c98af?s=96&d=mm&r=g\",\"caption\":\"bianca\"},\"url\":\"https:\\\/\\\/thefortune.one\\\/pt\\\/author\\\/bianca\\\/\"}]}<\/script>\n<!-- \/ Yoast SEO plugin. -->","yoast_head_json":{"title":"Os motivos que fazem o mercado apostar em mais um corte na Selic - The Fortune.one","description":"Somos especialistas em gest\u00e3o patrimonial, op\u00e7\u00f5es de investimentos para diversos perfis, nosso diferencial \u00e9 comprovado com resultados.","robots":{"index":"index","follow":"follow","max-snippet":"max-snippet:-1","max-image-preview":"max-image-preview:large","max-video-preview":"max-video-preview:-1"},"canonical":"https:\/\/thefortune.one\/pt\/os-motivos-que-fazem-o-mercado-apostar-em-mais-um-corte-na-selic\/","og_locale":"pt_BR","og_type":"article","og_title":"Os motivos que fazem o mercado apostar em mais um corte na Selic - The Fortune.one","og_description":"Somos especialistas em gest\u00e3o patrimonial, op\u00e7\u00f5es de investimentos para diversos perfis, nosso diferencial \u00e9 comprovado com resultados.","og_url":"https:\/\/thefortune.one\/pt\/os-motivos-que-fazem-o-mercado-apostar-em-mais-um-corte-na-selic\/","og_site_name":"The Fortune.one","article_published_time":"2023-12-13T12:45:17+00:00","og_image":[{"width":1280,"height":720,"url":"https:\/\/thefortune.one\/wp-content\/uploads\/2023\/12\/doi.jpg","type":"image\/jpeg"}],"author":"bianca","twitter_card":"summary_large_image","twitter_misc":{"Escrito por":"bianca","Est. tempo de leitura":"5 minutos"},"schema":{"@context":"https:\/\/schema.org","@graph":[{"@type":"Article","@id":"https:\/\/thefortune.one\/pt\/os-motivos-que-fazem-o-mercado-apostar-em-mais-um-corte-na-selic\/#article","isPartOf":{"@id":"https:\/\/thefortune.one\/pt\/os-motivos-que-fazem-o-mercado-apostar-em-mais-um-corte-na-selic\/"},"author":{"name":"bianca","@id":"https:\/\/thefortune.one\/pt\/#\/schema\/person\/6cd8fe72a627d36caabf41815984a16f"},"headline":"Os motivos que fazem o mercado apostar em mais um corte na Selic","datePublished":"2023-12-13T12:45:17+00:00","mainEntityOfPage":{"@id":"https:\/\/thefortune.one\/pt\/os-motivos-que-fazem-o-mercado-apostar-em-mais-um-corte-na-selic\/"},"wordCount":1028,"commentCount":0,"publisher":{"@id":"https:\/\/thefortune.one\/pt\/#organization"},"image":{"@id":"https:\/\/thefortune.one\/pt\/os-motivos-que-fazem-o-mercado-apostar-em-mais-um-corte-na-selic\/#primaryimage"},"thumbnailUrl":"https:\/\/thefortune.one\/wp-content\/uploads\/2023\/12\/doi.jpg","articleSection":["The Fortune.one"],"inLanguage":"pt-BR","potentialAction":[{"@type":"CommentAction","name":"Comment","target":["https:\/\/thefortune.one\/pt\/os-motivos-que-fazem-o-mercado-apostar-em-mais-um-corte-na-selic\/#respond"]}]},{"@type":"WebPage","@id":"https:\/\/thefortune.one\/pt\/os-motivos-que-fazem-o-mercado-apostar-em-mais-um-corte-na-selic\/","url":"https:\/\/thefortune.one\/pt\/os-motivos-que-fazem-o-mercado-apostar-em-mais-um-corte-na-selic\/","name":"Os motivos que fazem o mercado apostar em mais um corte na Selic - The Fortune.one","isPartOf":{"@id":"https:\/\/thefortune.one\/pt\/#website"},"primaryImageOfPage":{"@id":"https:\/\/thefortune.one\/pt\/os-motivos-que-fazem-o-mercado-apostar-em-mais-um-corte-na-selic\/#primaryimage"},"image":{"@id":"https:\/\/thefortune.one\/pt\/os-motivos-que-fazem-o-mercado-apostar-em-mais-um-corte-na-selic\/#primaryimage"},"thumbnailUrl":"https:\/\/thefortune.one\/wp-content\/uploads\/2023\/12\/doi.jpg","datePublished":"2023-12-13T12:45:17+00:00","description":"Somos especialistas em gest\u00e3o patrimonial, op\u00e7\u00f5es de investimentos para diversos perfis, nosso diferencial \u00e9 comprovado com resultados.","breadcrumb":{"@id":"https:\/\/thefortune.one\/pt\/os-motivos-que-fazem-o-mercado-apostar-em-mais-um-corte-na-selic\/#breadcrumb"},"inLanguage":"pt-BR","potentialAction":[{"@type":"ReadAction","target":["https:\/\/thefortune.one\/pt\/os-motivos-que-fazem-o-mercado-apostar-em-mais-um-corte-na-selic\/"]}]},{"@type":"ImageObject","inLanguage":"pt-BR","@id":"https:\/\/thefortune.one\/pt\/os-motivos-que-fazem-o-mercado-apostar-em-mais-um-corte-na-selic\/#primaryimage","url":"https:\/\/thefortune.one\/wp-content\/uploads\/2023\/12\/doi.jpg","contentUrl":"https:\/\/thefortune.one\/wp-content\/uploads\/2023\/12\/doi.jpg","width":1280,"height":720},{"@type":"BreadcrumbList","@id":"https:\/\/thefortune.one\/pt\/os-motivos-que-fazem-o-mercado-apostar-em-mais-um-corte-na-selic\/#breadcrumb","itemListElement":[{"@type":"ListItem","position":1,"name":"In\u00edcio","item":"https:\/\/thefortune.one\/pt\/"},{"@type":"ListItem","position":2,"name":"Os motivos que fazem o mercado apostar em mais um corte na Selic"}]},{"@type":"WebSite","@id":"https:\/\/thefortune.one\/pt\/#website","url":"https:\/\/thefortune.one\/pt\/","name":"The Fortune.one","description":"Gestora de Recursos Especializada em Private Equity","publisher":{"@id":"https:\/\/thefortune.one\/pt\/#organization"},"potentialAction":[{"@type":"SearchAction","target":{"@type":"EntryPoint","urlTemplate":"https:\/\/thefortune.one\/pt\/?s={search_term_string}"},"query-input":{"@type":"PropertyValueSpecification","valueRequired":true,"valueName":"search_term_string"}}],"inLanguage":"pt-BR"},{"@type":"Organization","@id":"https:\/\/thefortune.one\/pt\/#organization","name":"The Fortune One","url":"https:\/\/thefortune.one\/pt\/","logo":{"@type":"ImageObject","inLanguage":"pt-BR","@id":"https:\/\/thefortune.one\/pt\/#\/schema\/logo\/image\/","url":"https:\/\/thefortune.one\/wp-content\/uploads\/2022\/11\/cropped-cropped-1651682701199-1.jpg","contentUrl":"https:\/\/thefortune.one\/wp-content\/uploads\/2022\/11\/cropped-cropped-1651682701199-1.jpg","width":369,"height":421,"caption":"The Fortune One"},"image":{"@id":"https:\/\/thefortune.one\/pt\/#\/schema\/logo\/image\/"}},{"@type":"Person","@id":"https:\/\/thefortune.one\/pt\/#\/schema\/person\/6cd8fe72a627d36caabf41815984a16f","name":"bianca","image":{"@type":"ImageObject","inLanguage":"pt-BR","@id":"https:\/\/secure.gravatar.com\/avatar\/66cd7b00d93410555e00d1e6a911a86de0cd0cfa4f83a2f8b47eddc2968c98af?s=96&d=mm&r=g","url":"https:\/\/secure.gravatar.com\/avatar\/66cd7b00d93410555e00d1e6a911a86de0cd0cfa4f83a2f8b47eddc2968c98af?s=96&d=mm&r=g","contentUrl":"https:\/\/secure.gravatar.com\/avatar\/66cd7b00d93410555e00d1e6a911a86de0cd0cfa4f83a2f8b47eddc2968c98af?s=96&d=mm&r=g","caption":"bianca"},"url":"https:\/\/thefortune.one\/pt\/author\/bianca\/"}]}},"_links":{"self":[{"href":"https:\/\/thefortune.one\/pt\/wp-json\/wp\/v2\/posts\/4404","targetHints":{"allow":["GET"]}}],"collection":[{"href":"https:\/\/thefortune.one\/pt\/wp-json\/wp\/v2\/posts"}],"about":[{"href":"https:\/\/thefortune.one\/pt\/wp-json\/wp\/v2\/types\/post"}],"author":[{"embeddable":true,"href":"https:\/\/thefortune.one\/pt\/wp-json\/wp\/v2\/users\/3"}],"replies":[{"embeddable":true,"href":"https:\/\/thefortune.one\/pt\/wp-json\/wp\/v2\/comments?post=4404"}],"version-history":[{"count":1,"href":"https:\/\/thefortune.one\/pt\/wp-json\/wp\/v2\/posts\/4404\/revisions"}],"predecessor-version":[{"id":4407,"href":"https:\/\/thefortune.one\/pt\/wp-json\/wp\/v2\/posts\/4404\/revisions\/4407"}],"wp:featuredmedia":[{"embeddable":true,"href":"https:\/\/thefortune.one\/pt\/wp-json\/wp\/v2\/media\/4406"}],"wp:attachment":[{"href":"https:\/\/thefortune.one\/pt\/wp-json\/wp\/v2\/media?parent=4404"}],"wp:term":[{"taxonomy":"category","embeddable":true,"href":"https:\/\/thefortune.one\/pt\/wp-json\/wp\/v2\/categories?post=4404"},{"taxonomy":"post_tag","embeddable":true,"href":"https:\/\/thefortune.one\/pt\/wp-json\/wp\/v2\/tags?post=4404"}],"curies":[{"name":"wp","href":"https:\/\/api.w.org\/{rel}","templated":true}]}}