{"id":4396,"date":"2023-12-11T12:24:03","date_gmt":"2023-12-11T12:24:03","guid":{"rendered":"https:\/\/thefortune.one\/?p=4396"},"modified":"2023-12-11T12:24:03","modified_gmt":"2023-12-11T12:24:03","slug":"fernando-haddad-governo-tera-de-aprovar-meia-duzia-de-medidas-na-semana-que-vem","status":"publish","type":"post","link":"https:\/\/thefortune.one\/pt\/fernando-haddad-governo-tera-de-aprovar-meia-duzia-de-medidas-na-semana-que-vem\/","title":{"rendered":"Fernando Haddad: \u2018Governo ter\u00e1 de aprovar meia d\u00fazia de medidas na semana que vem\u2019"},"content":{"rendered":"<p>Para ministro da Fazendo, semana ser\u00e1 fundamental para ritmo das contas p\u00fablicas em 2024<\/p>\n\n\n\n<figure class=\"wp-block-image size-full\"><img fetchpriority=\"high\" decoding=\"async\" width=\"833\" height=\"469\" src=\"https:\/\/thefortune.one\/wp-content\/uploads\/2023\/12\/image-6.png\" alt=\"\" class=\"wp-image-4397\" srcset=\"https:\/\/thefortune.one\/wp-content\/uploads\/2023\/12\/image-6.png 833w, https:\/\/thefortune.one\/wp-content\/uploads\/2023\/12\/image-6-300x169.png 300w, https:\/\/thefortune.one\/wp-content\/uploads\/2023\/12\/image-6-768x432.png 768w, https:\/\/thefortune.one\/wp-content\/uploads\/2023\/12\/image-6-18x10.png 18w\" sizes=\"(max-width: 833px) 100vw, 833px\" \/><\/figure>\n\n\n\n<p>O\u00a0<strong><a href=\"https:\/\/inteligenciafinanceira.com.br\/web-stories\/ministro-da-fazenda\/\">ministro da Fazenda<\/a><\/strong>,\u00a0<strong>Fernando Haddad<\/strong>, afirmou que a pr\u00f3xima semana ser\u00e1 fundamental para o governo em 2024. Ele destacou a\u00a0<strong><a href=\"https:\/\/inteligenciafinanceira.com.br\/mercado-financeiro\/economia\/reforma-tributaria-precisara-de-novas-leis-para-entrar-em-pratica-entenda\/\">reforma tribut\u00e1ria<\/a><\/strong>, que precisa passar por nova vota\u00e7\u00e3o na C\u00e2mara para ser promulgada, e as demais medidas para incrementar a receita, como a\u00a0<strong>medida provis\u00f3ria da subven\u00e7\u00e3o estadual<\/strong>. Essas a\u00e7\u00f5es, somadas a outras j\u00e1 aprovadas, criar\u00e3o um ambiente mais favor\u00e1vel para a queda dos juros.<\/p>\n\n\n\n<p>\u201cTudo isso esta sendo feito a dur\u00edssimas penas, talvez poucos possam imaginar a luta que \u00e9 aprovar essas medidas. Semana que vem ser\u00e1 decisiva para 2024. O governo ter\u00e1 de aprovar meia d\u00fazia de medidas que est\u00e3o maduras e precisam avan\u00e7ar para garantir um or\u00e7amento mais consistente\u201d, disse ao encerrar sua fala em mesa que discutiu a pol\u00edtica econ\u00f4mica do governo Lula na Confer\u00eancia Eleitoral do PT.<\/p>\n\n\n\n<p>Ele ainda frisou que o presidente Lula continua sendo o \u201ccraque\u201d do time, que conduz o direcionamento das pol\u00edticas do governo.<\/p>\n\n\n\n<h2 class=\"wp-block-heading\" id=\"h-reforma-tributaria-sera-crucial-diz-fernando-haddad\">Reforma tribut\u00e1ria ser\u00e1 crucial, diz Fernando Haddad<\/h2>\n\n\n\n<p>O ministro destacou que a aprova\u00e7\u00e3o da reforma tribut\u00e1ria global ser\u00e1 crucial para ordenar o sistema, eliminando distor\u00e7\u00f5es que afetam a competitividade e s\u00e3o regressivas.<\/p>\n\n\n\n<p>Fernando Haddad tamb\u00e9m fez um&nbsp;<a href=\"https:\/\/inteligenciafinanceira.com.br\/glossario-financeiro\/balanco\/\">balan\u00e7o <\/a>&nbsp;de medidas j\u00e1 aprovadas, como a retomada do voto de qualidade no Carf e a taxa\u00e7\u00e3o de fundos exclusivos e offshore.<\/p>\n\n\n\n<p>\u201cParalelamente, criamos condi\u00e7\u00f5es para exigir da autoridade monet\u00e1ria a redu\u00e7\u00e3o dos juros. Os juros precisam cair no Brasil\u201d, disse.<\/p>\n\n\n\n<h2 class=\"wp-block-heading\" id=\"h-bc-e-hawkish\">\u2018BC \u00e9 hawkish\u2019<\/h2>\n\n\n\n<p>Fernando Haddad fez uma an\u00e1lise sobre a composi\u00e7\u00e3o do Congresso, mais conservador. Ele disse estar apenas constando fatos e que n\u00e3o h\u00e1 base progressista no Brasil, o que dificulta o avan\u00e7o de propostas mais progressistas.<\/p>\n\n\n\n<p>Ele tamb\u00e9m falou sobre o conservadorismo no Banco Central, que demorou a iniciar o ciclo de corte de juros, mas destacou que a&nbsp;<a href=\"https:\/\/inteligenciafinanceira.com.br\/glossario-financeiro\/taxa-selic\/\">Selic <\/a>&nbsp;deve cair mais 0,50 ponto porcentual na pr\u00f3xima semana, quando o Comit\u00ea de Pol\u00edtica Monet\u00e1ria (Copom) volta a se reunir nos dias 12 e 13 de dezembro. \u201cA diretoria do BC n\u00e3o \u00e9 arejada, \u00e9 hawkish\u201d, disse.<\/p>\n\n\n\n<p>Haddad come\u00e7ou sua fala com um apanhado sobre o que foi feito ao longo do governo Bolsonaro, recapitulando com mais \u00eanfase a redu\u00e7\u00e3o nas al\u00edquotas do ICMS para provocar a redu\u00e7\u00e3o do pre\u00e7o da gasolina em ano eleitoral, que acabou trazendo efeitos perversos para as contas dos governos regionais.<\/p>\n\n\n\n<p>Ele ainda destacou a PEC da Transi\u00e7\u00e3o, que abriu um espa\u00e7o bilion\u00e1rio no or\u00e7amento de 2023 que permitiu, nas palavras dele, \u201crecolocar o pobre no Or\u00e7amento\u201d.<\/p>\n\n\n\n<p><strong>Com informa\u00e7\u00f5es da Ag\u00eancia Estado.<\/strong><\/p>\n\n\n\n<p>Fonte:https:\/\/inteligenciafinanceira.com.br\/mercado-financeiro\/fernando-haddad-governo-tera-de-aprovar-meia-duzia-de-medidas-na-semana-que-vem\/<\/p>","protected":false},"excerpt":{"rendered":"<p>Para ministro da Fazendo, semana ser\u00e1 fundamental para ritmo das contas p\u00fablicas em 2024 O\u00a0ministro da Fazenda,\u00a0Fernando Haddad, afirmou que a pr\u00f3xima semana ser\u00e1 fundamental para o governo em 2024. Ele destacou a\u00a0reforma tribut\u00e1ria, que precisa passar por nova vota\u00e7\u00e3o na C\u00e2mara para ser promulgada, e as demais medidas para incrementar a receita, como a\u00a0medida [&hellip;]<\/p>\n","protected":false},"author":3,"featured_media":4398,"comment_status":"open","ping_status":"open","sticky":false,"template":"","format":"standard","meta":{"_joinchat":[],"footnotes":""},"categories":[1],"tags":[],"class_list":["post-4396","post","type-post","status-publish","format-standard","has-post-thumbnail","hentry","category-the-fortune-one"],"yoast_head":"<!-- This site is optimized with the Yoast SEO plugin v27.5 - https:\/\/yoast.com\/product\/yoast-seo-wordpress\/ -->\n<title>Fernando Haddad: \u2018Governo ter\u00e1 de aprovar meia d\u00fazia de medidas na semana que vem\u2019 - The Fortune.one<\/title>\n<meta name=\"description\" content=\"Somos especialistas em gest\u00e3o patrimonial, op\u00e7\u00f5es de investimentos para diversos perfis, nosso diferencial \u00e9 comprovado com resultados.\" \/>\n<meta name=\"robots\" content=\"index, follow, max-snippet:-1, max-image-preview:large, max-video-preview:-1\" \/>\n<link rel=\"canonical\" href=\"https:\/\/thefortune.one\/pt\/fernando-haddad-governo-tera-de-aprovar-meia-duzia-de-medidas-na-semana-que-vem\/\" \/>\n<meta property=\"og:locale\" content=\"pt_BR\" \/>\n<meta property=\"og:type\" content=\"article\" \/>\n<meta property=\"og:title\" content=\"Fernando Haddad: \u2018Governo ter\u00e1 de aprovar meia d\u00fazia de medidas na semana que vem\u2019 - The Fortune.one\" \/>\n<meta property=\"og:description\" content=\"Somos especialistas em gest\u00e3o patrimonial, op\u00e7\u00f5es de investimentos para diversos perfis, nosso diferencial \u00e9 comprovado com resultados.\" \/>\n<meta property=\"og:url\" content=\"https:\/\/thefortune.one\/pt\/fernando-haddad-governo-tera-de-aprovar-meia-duzia-de-medidas-na-semana-que-vem\/\" \/>\n<meta property=\"og:site_name\" content=\"The Fortune.one\" \/>\n<meta property=\"article:published_time\" content=\"2023-12-11T12:24:03+00:00\" \/>\n<meta property=\"og:image\" content=\"https:\/\/thefortune.one\/wp-content\/uploads\/2023\/12\/haaa.jpg\" \/>\n\t<meta property=\"og:image:width\" content=\"833\" \/>\n\t<meta property=\"og:image:height\" content=\"469\" \/>\n\t<meta property=\"og:image:type\" content=\"image\/jpeg\" \/>\n<meta name=\"author\" content=\"bianca\" \/>\n<meta name=\"twitter:card\" content=\"summary_large_image\" \/>\n<meta name=\"twitter:label1\" content=\"Escrito por\" \/>\n\t<meta name=\"twitter:data1\" content=\"bianca\" \/>\n\t<meta name=\"twitter:label2\" content=\"Est. tempo de leitura\" \/>\n\t<meta name=\"twitter:data2\" content=\"2 minutos\" \/>\n<script type=\"application\/ld+json\" class=\"yoast-schema-graph\">{\"@context\":\"https:\\\/\\\/schema.org\",\"@graph\":[{\"@type\":\"Article\",\"@id\":\"https:\\\/\\\/thefortune.one\\\/pt\\\/fernando-haddad-governo-tera-de-aprovar-meia-duzia-de-medidas-na-semana-que-vem\\\/#article\",\"isPartOf\":{\"@id\":\"https:\\\/\\\/thefortune.one\\\/pt\\\/fernando-haddad-governo-tera-de-aprovar-meia-duzia-de-medidas-na-semana-que-vem\\\/\"},\"author\":{\"name\":\"bianca\",\"@id\":\"https:\\\/\\\/thefortune.one\\\/pt\\\/#\\\/schema\\\/person\\\/6cd8fe72a627d36caabf41815984a16f\"},\"headline\":\"Fernando Haddad: \u2018Governo ter\u00e1 de aprovar meia d\u00fazia de medidas na semana que vem\u2019\",\"datePublished\":\"2023-12-11T12:24:03+00:00\",\"mainEntityOfPage\":{\"@id\":\"https:\\\/\\\/thefortune.one\\\/pt\\\/fernando-haddad-governo-tera-de-aprovar-meia-duzia-de-medidas-na-semana-que-vem\\\/\"},\"wordCount\":491,\"commentCount\":0,\"publisher\":{\"@id\":\"https:\\\/\\\/thefortune.one\\\/pt\\\/#organization\"},\"image\":{\"@id\":\"https:\\\/\\\/thefortune.one\\\/pt\\\/fernando-haddad-governo-tera-de-aprovar-meia-duzia-de-medidas-na-semana-que-vem\\\/#primaryimage\"},\"thumbnailUrl\":\"https:\\\/\\\/thefortune.one\\\/wp-content\\\/uploads\\\/2023\\\/12\\\/haaa.jpg\",\"articleSection\":[\"The Fortune.one\"],\"inLanguage\":\"pt-BR\",\"potentialAction\":[{\"@type\":\"CommentAction\",\"name\":\"Comment\",\"target\":[\"https:\\\/\\\/thefortune.one\\\/pt\\\/fernando-haddad-governo-tera-de-aprovar-meia-duzia-de-medidas-na-semana-que-vem\\\/#respond\"]}]},{\"@type\":\"WebPage\",\"@id\":\"https:\\\/\\\/thefortune.one\\\/pt\\\/fernando-haddad-governo-tera-de-aprovar-meia-duzia-de-medidas-na-semana-que-vem\\\/\",\"url\":\"https:\\\/\\\/thefortune.one\\\/pt\\\/fernando-haddad-governo-tera-de-aprovar-meia-duzia-de-medidas-na-semana-que-vem\\\/\",\"name\":\"Fernando Haddad: \u2018Governo ter\u00e1 de aprovar meia d\u00fazia de medidas na semana que vem\u2019 - The Fortune.one\",\"isPartOf\":{\"@id\":\"https:\\\/\\\/thefortune.one\\\/pt\\\/#website\"},\"primaryImageOfPage\":{\"@id\":\"https:\\\/\\\/thefortune.one\\\/pt\\\/fernando-haddad-governo-tera-de-aprovar-meia-duzia-de-medidas-na-semana-que-vem\\\/#primaryimage\"},\"image\":{\"@id\":\"https:\\\/\\\/thefortune.one\\\/pt\\\/fernando-haddad-governo-tera-de-aprovar-meia-duzia-de-medidas-na-semana-que-vem\\\/#primaryimage\"},\"thumbnailUrl\":\"https:\\\/\\\/thefortune.one\\\/wp-content\\\/uploads\\\/2023\\\/12\\\/haaa.jpg\",\"datePublished\":\"2023-12-11T12:24:03+00:00\",\"description\":\"Somos especialistas em gest\u00e3o patrimonial, op\u00e7\u00f5es de investimentos para diversos perfis, nosso diferencial \u00e9 comprovado com resultados.\",\"breadcrumb\":{\"@id\":\"https:\\\/\\\/thefortune.one\\\/pt\\\/fernando-haddad-governo-tera-de-aprovar-meia-duzia-de-medidas-na-semana-que-vem\\\/#breadcrumb\"},\"inLanguage\":\"pt-BR\",\"potentialAction\":[{\"@type\":\"ReadAction\",\"target\":[\"https:\\\/\\\/thefortune.one\\\/pt\\\/fernando-haddad-governo-tera-de-aprovar-meia-duzia-de-medidas-na-semana-que-vem\\\/\"]}]},{\"@type\":\"ImageObject\",\"inLanguage\":\"pt-BR\",\"@id\":\"https:\\\/\\\/thefortune.one\\\/pt\\\/fernando-haddad-governo-tera-de-aprovar-meia-duzia-de-medidas-na-semana-que-vem\\\/#primaryimage\",\"url\":\"https:\\\/\\\/thefortune.one\\\/wp-content\\\/uploads\\\/2023\\\/12\\\/haaa.jpg\",\"contentUrl\":\"https:\\\/\\\/thefortune.one\\\/wp-content\\\/uploads\\\/2023\\\/12\\\/haaa.jpg\",\"width\":833,\"height\":469},{\"@type\":\"BreadcrumbList\",\"@id\":\"https:\\\/\\\/thefortune.one\\\/pt\\\/fernando-haddad-governo-tera-de-aprovar-meia-duzia-de-medidas-na-semana-que-vem\\\/#breadcrumb\",\"itemListElement\":[{\"@type\":\"ListItem\",\"position\":1,\"name\":\"In\u00edcio\",\"item\":\"https:\\\/\\\/thefortune.one\\\/pt\\\/\"},{\"@type\":\"ListItem\",\"position\":2,\"name\":\"Fernando Haddad: \u2018Governo ter\u00e1 de aprovar meia d\u00fazia de medidas na semana que vem\u2019\"}]},{\"@type\":\"WebSite\",\"@id\":\"https:\\\/\\\/thefortune.one\\\/pt\\\/#website\",\"url\":\"https:\\\/\\\/thefortune.one\\\/pt\\\/\",\"name\":\"The Fortune.one\",\"description\":\"Gestora de Recursos Especializada em Private Equity\",\"publisher\":{\"@id\":\"https:\\\/\\\/thefortune.one\\\/pt\\\/#organization\"},\"potentialAction\":[{\"@type\":\"SearchAction\",\"target\":{\"@type\":\"EntryPoint\",\"urlTemplate\":\"https:\\\/\\\/thefortune.one\\\/pt\\\/?s={search_term_string}\"},\"query-input\":{\"@type\":\"PropertyValueSpecification\",\"valueRequired\":true,\"valueName\":\"search_term_string\"}}],\"inLanguage\":\"pt-BR\"},{\"@type\":\"Organization\",\"@id\":\"https:\\\/\\\/thefortune.one\\\/pt\\\/#organization\",\"name\":\"The Fortune One\",\"url\":\"https:\\\/\\\/thefortune.one\\\/pt\\\/\",\"logo\":{\"@type\":\"ImageObject\",\"inLanguage\":\"pt-BR\",\"@id\":\"https:\\\/\\\/thefortune.one\\\/pt\\\/#\\\/schema\\\/logo\\\/image\\\/\",\"url\":\"https:\\\/\\\/thefortune.one\\\/wp-content\\\/uploads\\\/2022\\\/11\\\/cropped-cropped-1651682701199-1.jpg\",\"contentUrl\":\"https:\\\/\\\/thefortune.one\\\/wp-content\\\/uploads\\\/2022\\\/11\\\/cropped-cropped-1651682701199-1.jpg\",\"width\":369,\"height\":421,\"caption\":\"The Fortune One\"},\"image\":{\"@id\":\"https:\\\/\\\/thefortune.one\\\/pt\\\/#\\\/schema\\\/logo\\\/image\\\/\"}},{\"@type\":\"Person\",\"@id\":\"https:\\\/\\\/thefortune.one\\\/pt\\\/#\\\/schema\\\/person\\\/6cd8fe72a627d36caabf41815984a16f\",\"name\":\"bianca\",\"image\":{\"@type\":\"ImageObject\",\"inLanguage\":\"pt-BR\",\"@id\":\"https:\\\/\\\/secure.gravatar.com\\\/avatar\\\/66cd7b00d93410555e00d1e6a911a86de0cd0cfa4f83a2f8b47eddc2968c98af?s=96&d=mm&r=g\",\"url\":\"https:\\\/\\\/secure.gravatar.com\\\/avatar\\\/66cd7b00d93410555e00d1e6a911a86de0cd0cfa4f83a2f8b47eddc2968c98af?s=96&d=mm&r=g\",\"contentUrl\":\"https:\\\/\\\/secure.gravatar.com\\\/avatar\\\/66cd7b00d93410555e00d1e6a911a86de0cd0cfa4f83a2f8b47eddc2968c98af?s=96&d=mm&r=g\",\"caption\":\"bianca\"},\"url\":\"https:\\\/\\\/thefortune.one\\\/pt\\\/author\\\/bianca\\\/\"}]}<\/script>\n<!-- \/ Yoast SEO plugin. -->","yoast_head_json":{"title":"Fernando Haddad: \u2018Governo ter\u00e1 de aprovar meia d\u00fazia de medidas na semana que vem\u2019 - The Fortune.one","description":"Somos especialistas em gest\u00e3o patrimonial, op\u00e7\u00f5es de investimentos para diversos perfis, nosso diferencial \u00e9 comprovado com resultados.","robots":{"index":"index","follow":"follow","max-snippet":"max-snippet:-1","max-image-preview":"max-image-preview:large","max-video-preview":"max-video-preview:-1"},"canonical":"https:\/\/thefortune.one\/pt\/fernando-haddad-governo-tera-de-aprovar-meia-duzia-de-medidas-na-semana-que-vem\/","og_locale":"pt_BR","og_type":"article","og_title":"Fernando Haddad: \u2018Governo ter\u00e1 de aprovar meia d\u00fazia de medidas na semana que vem\u2019 - The Fortune.one","og_description":"Somos especialistas em gest\u00e3o patrimonial, op\u00e7\u00f5es de investimentos para diversos perfis, nosso diferencial \u00e9 comprovado com resultados.","og_url":"https:\/\/thefortune.one\/pt\/fernando-haddad-governo-tera-de-aprovar-meia-duzia-de-medidas-na-semana-que-vem\/","og_site_name":"The Fortune.one","article_published_time":"2023-12-11T12:24:03+00:00","og_image":[{"width":833,"height":469,"url":"https:\/\/thefortune.one\/wp-content\/uploads\/2023\/12\/haaa.jpg","type":"image\/jpeg"}],"author":"bianca","twitter_card":"summary_large_image","twitter_misc":{"Escrito por":"bianca","Est. tempo de leitura":"2 minutos"},"schema":{"@context":"https:\/\/schema.org","@graph":[{"@type":"Article","@id":"https:\/\/thefortune.one\/pt\/fernando-haddad-governo-tera-de-aprovar-meia-duzia-de-medidas-na-semana-que-vem\/#article","isPartOf":{"@id":"https:\/\/thefortune.one\/pt\/fernando-haddad-governo-tera-de-aprovar-meia-duzia-de-medidas-na-semana-que-vem\/"},"author":{"name":"bianca","@id":"https:\/\/thefortune.one\/pt\/#\/schema\/person\/6cd8fe72a627d36caabf41815984a16f"},"headline":"Fernando Haddad: \u2018Governo ter\u00e1 de aprovar meia d\u00fazia de medidas na semana que vem\u2019","datePublished":"2023-12-11T12:24:03+00:00","mainEntityOfPage":{"@id":"https:\/\/thefortune.one\/pt\/fernando-haddad-governo-tera-de-aprovar-meia-duzia-de-medidas-na-semana-que-vem\/"},"wordCount":491,"commentCount":0,"publisher":{"@id":"https:\/\/thefortune.one\/pt\/#organization"},"image":{"@id":"https:\/\/thefortune.one\/pt\/fernando-haddad-governo-tera-de-aprovar-meia-duzia-de-medidas-na-semana-que-vem\/#primaryimage"},"thumbnailUrl":"https:\/\/thefortune.one\/wp-content\/uploads\/2023\/12\/haaa.jpg","articleSection":["The Fortune.one"],"inLanguage":"pt-BR","potentialAction":[{"@type":"CommentAction","name":"Comment","target":["https:\/\/thefortune.one\/pt\/fernando-haddad-governo-tera-de-aprovar-meia-duzia-de-medidas-na-semana-que-vem\/#respond"]}]},{"@type":"WebPage","@id":"https:\/\/thefortune.one\/pt\/fernando-haddad-governo-tera-de-aprovar-meia-duzia-de-medidas-na-semana-que-vem\/","url":"https:\/\/thefortune.one\/pt\/fernando-haddad-governo-tera-de-aprovar-meia-duzia-de-medidas-na-semana-que-vem\/","name":"Fernando Haddad: \u2018Governo ter\u00e1 de aprovar meia d\u00fazia de medidas na semana que vem\u2019 - The Fortune.one","isPartOf":{"@id":"https:\/\/thefortune.one\/pt\/#website"},"primaryImageOfPage":{"@id":"https:\/\/thefortune.one\/pt\/fernando-haddad-governo-tera-de-aprovar-meia-duzia-de-medidas-na-semana-que-vem\/#primaryimage"},"image":{"@id":"https:\/\/thefortune.one\/pt\/fernando-haddad-governo-tera-de-aprovar-meia-duzia-de-medidas-na-semana-que-vem\/#primaryimage"},"thumbnailUrl":"https:\/\/thefortune.one\/wp-content\/uploads\/2023\/12\/haaa.jpg","datePublished":"2023-12-11T12:24:03+00:00","description":"Somos especialistas em gest\u00e3o patrimonial, op\u00e7\u00f5es de investimentos para diversos perfis, nosso diferencial \u00e9 comprovado com resultados.","breadcrumb":{"@id":"https:\/\/thefortune.one\/pt\/fernando-haddad-governo-tera-de-aprovar-meia-duzia-de-medidas-na-semana-que-vem\/#breadcrumb"},"inLanguage":"pt-BR","potentialAction":[{"@type":"ReadAction","target":["https:\/\/thefortune.one\/pt\/fernando-haddad-governo-tera-de-aprovar-meia-duzia-de-medidas-na-semana-que-vem\/"]}]},{"@type":"ImageObject","inLanguage":"pt-BR","@id":"https:\/\/thefortune.one\/pt\/fernando-haddad-governo-tera-de-aprovar-meia-duzia-de-medidas-na-semana-que-vem\/#primaryimage","url":"https:\/\/thefortune.one\/wp-content\/uploads\/2023\/12\/haaa.jpg","contentUrl":"https:\/\/thefortune.one\/wp-content\/uploads\/2023\/12\/haaa.jpg","width":833,"height":469},{"@type":"BreadcrumbList","@id":"https:\/\/thefortune.one\/pt\/fernando-haddad-governo-tera-de-aprovar-meia-duzia-de-medidas-na-semana-que-vem\/#breadcrumb","itemListElement":[{"@type":"ListItem","position":1,"name":"In\u00edcio","item":"https:\/\/thefortune.one\/pt\/"},{"@type":"ListItem","position":2,"name":"Fernando Haddad: \u2018Governo ter\u00e1 de aprovar meia d\u00fazia de medidas na semana que vem\u2019"}]},{"@type":"WebSite","@id":"https:\/\/thefortune.one\/pt\/#website","url":"https:\/\/thefortune.one\/pt\/","name":"The Fortune.one","description":"Gestora de Recursos Especializada em Private Equity","publisher":{"@id":"https:\/\/thefortune.one\/pt\/#organization"},"potentialAction":[{"@type":"SearchAction","target":{"@type":"EntryPoint","urlTemplate":"https:\/\/thefortune.one\/pt\/?s={search_term_string}"},"query-input":{"@type":"PropertyValueSpecification","valueRequired":true,"valueName":"search_term_string"}}],"inLanguage":"pt-BR"},{"@type":"Organization","@id":"https:\/\/thefortune.one\/pt\/#organization","name":"The Fortune One","url":"https:\/\/thefortune.one\/pt\/","logo":{"@type":"ImageObject","inLanguage":"pt-BR","@id":"https:\/\/thefortune.one\/pt\/#\/schema\/logo\/image\/","url":"https:\/\/thefortune.one\/wp-content\/uploads\/2022\/11\/cropped-cropped-1651682701199-1.jpg","contentUrl":"https:\/\/thefortune.one\/wp-content\/uploads\/2022\/11\/cropped-cropped-1651682701199-1.jpg","width":369,"height":421,"caption":"The Fortune One"},"image":{"@id":"https:\/\/thefortune.one\/pt\/#\/schema\/logo\/image\/"}},{"@type":"Person","@id":"https:\/\/thefortune.one\/pt\/#\/schema\/person\/6cd8fe72a627d36caabf41815984a16f","name":"bianca","image":{"@type":"ImageObject","inLanguage":"pt-BR","@id":"https:\/\/secure.gravatar.com\/avatar\/66cd7b00d93410555e00d1e6a911a86de0cd0cfa4f83a2f8b47eddc2968c98af?s=96&d=mm&r=g","url":"https:\/\/secure.gravatar.com\/avatar\/66cd7b00d93410555e00d1e6a911a86de0cd0cfa4f83a2f8b47eddc2968c98af?s=96&d=mm&r=g","contentUrl":"https:\/\/secure.gravatar.com\/avatar\/66cd7b00d93410555e00d1e6a911a86de0cd0cfa4f83a2f8b47eddc2968c98af?s=96&d=mm&r=g","caption":"bianca"},"url":"https:\/\/thefortune.one\/pt\/author\/bianca\/"}]}},"_links":{"self":[{"href":"https:\/\/thefortune.one\/pt\/wp-json\/wp\/v2\/posts\/4396","targetHints":{"allow":["GET"]}}],"collection":[{"href":"https:\/\/thefortune.one\/pt\/wp-json\/wp\/v2\/posts"}],"about":[{"href":"https:\/\/thefortune.one\/pt\/wp-json\/wp\/v2\/types\/post"}],"author":[{"embeddable":true,"href":"https:\/\/thefortune.one\/pt\/wp-json\/wp\/v2\/users\/3"}],"replies":[{"embeddable":true,"href":"https:\/\/thefortune.one\/pt\/wp-json\/wp\/v2\/comments?post=4396"}],"version-history":[{"count":1,"href":"https:\/\/thefortune.one\/pt\/wp-json\/wp\/v2\/posts\/4396\/revisions"}],"predecessor-version":[{"id":4399,"href":"https:\/\/thefortune.one\/pt\/wp-json\/wp\/v2\/posts\/4396\/revisions\/4399"}],"wp:featuredmedia":[{"embeddable":true,"href":"https:\/\/thefortune.one\/pt\/wp-json\/wp\/v2\/media\/4398"}],"wp:attachment":[{"href":"https:\/\/thefortune.one\/pt\/wp-json\/wp\/v2\/media?parent=4396"}],"wp:term":[{"taxonomy":"category","embeddable":true,"href":"https:\/\/thefortune.one\/pt\/wp-json\/wp\/v2\/categories?post=4396"},{"taxonomy":"post_tag","embeddable":true,"href":"https:\/\/thefortune.one\/pt\/wp-json\/wp\/v2\/tags?post=4396"}],"curies":[{"name":"wp","href":"https:\/\/api.w.org\/{rel}","templated":true}]}}