{"id":4383,"date":"2023-12-06T13:05:16","date_gmt":"2023-12-06T13:05:16","guid":{"rendered":"https:\/\/thefortune.one\/?p=4383"},"modified":"2023-12-06T13:05:16","modified_gmt":"2023-12-06T13:05:16","slug":"contas-publicas-registram-deficit-de-r-114-bi-em-2023-no-ano","status":"publish","type":"post","link":"https:\/\/thefortune.one\/pt\/contas-publicas-registram-deficit-de-r-114-bi-em-2023-no-ano\/","title":{"rendered":"Contas p\u00fablicas registram d\u00e9ficit de R$ 114 bi em 2023 no ano"},"content":{"rendered":"<p>Montante equivale a 1,08% do PIB, acima dos 0,97% at\u00e9 setembro; no m\u00eas as contas registraram super\u00e1vit de R$ 14,8 bilh\u00f5es<\/p>\n\n\n\n<figure class=\"wp-block-image size-large\"><img fetchpriority=\"high\" decoding=\"async\" width=\"1024\" height=\"576\" src=\"https:\/\/thefortune.one\/wp-content\/uploads\/2023\/12\/image-3-1024x576.png\" alt=\"\" class=\"wp-image-4384\" srcset=\"https:\/\/thefortune.one\/wp-content\/uploads\/2023\/12\/image-3-1024x576.png 1024w, https:\/\/thefortune.one\/wp-content\/uploads\/2023\/12\/image-3-300x169.png 300w, https:\/\/thefortune.one\/wp-content\/uploads\/2023\/12\/image-3-768x432.png 768w, https:\/\/thefortune.one\/wp-content\/uploads\/2023\/12\/image-3-18x10.png 18w, https:\/\/thefortune.one\/wp-content\/uploads\/2023\/12\/image-3.png 1040w\" sizes=\"(max-width: 1024px) 100vw, 1024px\" \/><\/figure>\n\n\n\n<p>As contas p\u00fablicas do Brasil registraram super\u00e1vit prim\u00e1rio de 14,8 bilh\u00f5es de reais em outubro, ante super\u00e1vit de 27,1 bilh\u00f5es de reais em outubro de 2022. No acumulado do ano, entretanto, o d\u00e9ficit \u00e9 de 114,2 bilh\u00f5es de reais, equivalente a 1,08% do PIB. At\u00e9 setembro, a d\u00edvida estava em 0,97% do PIB.<\/p>\n\n\n\n<p>\u00a0No m\u00eas passado, a \u00e1rea econ\u00f4mica do governo aumentou a proje\u00e7\u00e3o do rombo para este ano, subindo de 141,4 bilh\u00f5es de reais para 177,4 bilh\u00f5es de reais, ou seja, de 1,3% para 1,7% do PIB.\u00a0<\/p>\n\n\n\n<p>O aumento do rombo nas contas p\u00fablicas mostra a dificuldade do governo Lula na quest\u00e3o fiscal. No come\u00e7o do ano, o ministro da Fazenda, Fernando Haddad, tinha como objetivo entregar o d\u00e9ficit em <\/p>\n\n\n\n<p>100 bilh\u00f5es de reais em 2023 \u2013 algo em torno de 1% do Produto Interno Bruto (PIB). J\u00e1 para 2024, a meta do governo \u2014 estipulada no novo arcabou\u00e7o fiscal \u2014 \u00e9 de zerar o d\u00e9ficit nas contas. . A\u00a0meta j\u00e1 foi colocada em d\u00favida\u00a0pelo pr\u00f3prio presidente\u00a0Lula\u00a0(PT).<\/p>\n\n\n\n<p>O super\u00e1vit prim\u00e1rio considera que as receitas superaram as despesas, sem considerar o pagamento de juros da d\u00edvida p\u00fablica. No caso do d\u00e9ficit, a l\u00f3gica \u00e9 oposta.<\/p>\n\n\n\n<p>Fonte:https:\/\/veja.abril.com.br\/economia\/contas-publicas-registram-deficit-de-r-114-bi-em-2023-no-ano\/<\/p>\n\n\n\n<p><\/p>\n\n\n\n<p><\/p>\n\n\n\n<p><\/p>\n\n\n\n<p><\/p>\n\n\n\n<p><\/p>\n\n\n\n<p><\/p>","protected":false},"excerpt":{"rendered":"<p>Montante equivale a 1,08% do PIB, acima dos 0,97% at\u00e9 setembro; no m\u00eas as contas registraram super\u00e1vit de R$ 14,8 bilh\u00f5es As contas p\u00fablicas do Brasil registraram super\u00e1vit prim\u00e1rio de 14,8 bilh\u00f5es de reais em outubro, ante super\u00e1vit de 27,1 bilh\u00f5es de reais em outubro de 2022. No acumulado do ano, entretanto, o d\u00e9ficit \u00e9 [&hellip;]<\/p>\n","protected":false},"author":3,"featured_media":4385,"comment_status":"open","ping_status":"open","sticky":false,"template":"","format":"standard","meta":{"_joinchat":[],"footnotes":""},"categories":[1],"tags":[],"class_list":["post-4383","post","type-post","status-publish","format-standard","has-post-thumbnail","hentry","category-the-fortune-one"],"yoast_head":"<!-- This site is optimized with the Yoast SEO plugin v27.5 - https:\/\/yoast.com\/product\/yoast-seo-wordpress\/ -->\n<title>Contas p\u00fablicas registram d\u00e9ficit de R$ 114 bi em 2023 no ano - The Fortune.one<\/title>\n<meta name=\"description\" content=\"Somos especialistas em gest\u00e3o patrimonial, op\u00e7\u00f5es de investimentos para diversos perfis, nosso diferencial \u00e9 comprovado com resultados.\" \/>\n<meta name=\"robots\" content=\"index, follow, max-snippet:-1, max-image-preview:large, max-video-preview:-1\" \/>\n<link rel=\"canonical\" href=\"https:\/\/thefortune.one\/pt\/contas-publicas-registram-deficit-de-r-114-bi-em-2023-no-ano\/\" \/>\n<meta property=\"og:locale\" content=\"pt_BR\" \/>\n<meta property=\"og:type\" content=\"article\" \/>\n<meta property=\"og:title\" content=\"Contas p\u00fablicas registram d\u00e9ficit de R$ 114 bi em 2023 no ano - The Fortune.one\" \/>\n<meta property=\"og:description\" content=\"Somos especialistas em gest\u00e3o patrimonial, op\u00e7\u00f5es de investimentos para diversos perfis, nosso diferencial \u00e9 comprovado com resultados.\" \/>\n<meta property=\"og:url\" content=\"https:\/\/thefortune.one\/pt\/contas-publicas-registram-deficit-de-r-114-bi-em-2023-no-ano\/\" \/>\n<meta property=\"og:site_name\" content=\"The Fortune.one\" \/>\n<meta property=\"article:published_time\" content=\"2023-12-06T13:05:16+00:00\" \/>\n<meta property=\"og:image\" content=\"https:\/\/thefortune.one\/wp-content\/uploads\/2023\/12\/nota-de-20.jpg\" \/>\n\t<meta property=\"og:image:width\" content=\"1040\" \/>\n\t<meta property=\"og:image:height\" content=\"585\" \/>\n\t<meta property=\"og:image:type\" content=\"image\/jpeg\" \/>\n<meta name=\"author\" content=\"bianca\" \/>\n<meta name=\"twitter:card\" content=\"summary_large_image\" \/>\n<meta name=\"twitter:label1\" content=\"Escrito por\" \/>\n\t<meta name=\"twitter:data1\" content=\"bianca\" \/>\n\t<meta name=\"twitter:label2\" content=\"Est. tempo de leitura\" \/>\n\t<meta name=\"twitter:data2\" content=\"1 minuto\" \/>\n<script type=\"application\/ld+json\" class=\"yoast-schema-graph\">{\"@context\":\"https:\\\/\\\/schema.org\",\"@graph\":[{\"@type\":\"Article\",\"@id\":\"https:\\\/\\\/thefortune.one\\\/pt\\\/contas-publicas-registram-deficit-de-r-114-bi-em-2023-no-ano\\\/#article\",\"isPartOf\":{\"@id\":\"https:\\\/\\\/thefortune.one\\\/pt\\\/contas-publicas-registram-deficit-de-r-114-bi-em-2023-no-ano\\\/\"},\"author\":{\"name\":\"bianca\",\"@id\":\"https:\\\/\\\/thefortune.one\\\/pt\\\/#\\\/schema\\\/person\\\/6cd8fe72a627d36caabf41815984a16f\"},\"headline\":\"Contas p\u00fablicas registram d\u00e9ficit de R$ 114 bi em 2023 no ano\",\"datePublished\":\"2023-12-06T13:05:16+00:00\",\"mainEntityOfPage\":{\"@id\":\"https:\\\/\\\/thefortune.one\\\/pt\\\/contas-publicas-registram-deficit-de-r-114-bi-em-2023-no-ano\\\/\"},\"wordCount\":250,\"commentCount\":0,\"publisher\":{\"@id\":\"https:\\\/\\\/thefortune.one\\\/pt\\\/#organization\"},\"image\":{\"@id\":\"https:\\\/\\\/thefortune.one\\\/pt\\\/contas-publicas-registram-deficit-de-r-114-bi-em-2023-no-ano\\\/#primaryimage\"},\"thumbnailUrl\":\"https:\\\/\\\/thefortune.one\\\/wp-content\\\/uploads\\\/2023\\\/12\\\/nota-de-20.jpg\",\"articleSection\":[\"The Fortune.one\"],\"inLanguage\":\"pt-BR\",\"potentialAction\":[{\"@type\":\"CommentAction\",\"name\":\"Comment\",\"target\":[\"https:\\\/\\\/thefortune.one\\\/pt\\\/contas-publicas-registram-deficit-de-r-114-bi-em-2023-no-ano\\\/#respond\"]}]},{\"@type\":\"WebPage\",\"@id\":\"https:\\\/\\\/thefortune.one\\\/pt\\\/contas-publicas-registram-deficit-de-r-114-bi-em-2023-no-ano\\\/\",\"url\":\"https:\\\/\\\/thefortune.one\\\/pt\\\/contas-publicas-registram-deficit-de-r-114-bi-em-2023-no-ano\\\/\",\"name\":\"Contas p\u00fablicas registram d\u00e9ficit de R$ 114 bi em 2023 no ano - The Fortune.one\",\"isPartOf\":{\"@id\":\"https:\\\/\\\/thefortune.one\\\/pt\\\/#website\"},\"primaryImageOfPage\":{\"@id\":\"https:\\\/\\\/thefortune.one\\\/pt\\\/contas-publicas-registram-deficit-de-r-114-bi-em-2023-no-ano\\\/#primaryimage\"},\"image\":{\"@id\":\"https:\\\/\\\/thefortune.one\\\/pt\\\/contas-publicas-registram-deficit-de-r-114-bi-em-2023-no-ano\\\/#primaryimage\"},\"thumbnailUrl\":\"https:\\\/\\\/thefortune.one\\\/wp-content\\\/uploads\\\/2023\\\/12\\\/nota-de-20.jpg\",\"datePublished\":\"2023-12-06T13:05:16+00:00\",\"description\":\"Somos especialistas em gest\u00e3o patrimonial, op\u00e7\u00f5es de investimentos para diversos perfis, nosso diferencial \u00e9 comprovado com resultados.\",\"breadcrumb\":{\"@id\":\"https:\\\/\\\/thefortune.one\\\/pt\\\/contas-publicas-registram-deficit-de-r-114-bi-em-2023-no-ano\\\/#breadcrumb\"},\"inLanguage\":\"pt-BR\",\"potentialAction\":[{\"@type\":\"ReadAction\",\"target\":[\"https:\\\/\\\/thefortune.one\\\/pt\\\/contas-publicas-registram-deficit-de-r-114-bi-em-2023-no-ano\\\/\"]}]},{\"@type\":\"ImageObject\",\"inLanguage\":\"pt-BR\",\"@id\":\"https:\\\/\\\/thefortune.one\\\/pt\\\/contas-publicas-registram-deficit-de-r-114-bi-em-2023-no-ano\\\/#primaryimage\",\"url\":\"https:\\\/\\\/thefortune.one\\\/wp-content\\\/uploads\\\/2023\\\/12\\\/nota-de-20.jpg\",\"contentUrl\":\"https:\\\/\\\/thefortune.one\\\/wp-content\\\/uploads\\\/2023\\\/12\\\/nota-de-20.jpg\",\"width\":1040,\"height\":585},{\"@type\":\"BreadcrumbList\",\"@id\":\"https:\\\/\\\/thefortune.one\\\/pt\\\/contas-publicas-registram-deficit-de-r-114-bi-em-2023-no-ano\\\/#breadcrumb\",\"itemListElement\":[{\"@type\":\"ListItem\",\"position\":1,\"name\":\"In\u00edcio\",\"item\":\"https:\\\/\\\/thefortune.one\\\/pt\\\/\"},{\"@type\":\"ListItem\",\"position\":2,\"name\":\"Contas p\u00fablicas registram d\u00e9ficit de R$ 114 bi em 2023 no ano\"}]},{\"@type\":\"WebSite\",\"@id\":\"https:\\\/\\\/thefortune.one\\\/pt\\\/#website\",\"url\":\"https:\\\/\\\/thefortune.one\\\/pt\\\/\",\"name\":\"The Fortune.one\",\"description\":\"Gestora de Recursos Especializada em Private Equity\",\"publisher\":{\"@id\":\"https:\\\/\\\/thefortune.one\\\/pt\\\/#organization\"},\"potentialAction\":[{\"@type\":\"SearchAction\",\"target\":{\"@type\":\"EntryPoint\",\"urlTemplate\":\"https:\\\/\\\/thefortune.one\\\/pt\\\/?s={search_term_string}\"},\"query-input\":{\"@type\":\"PropertyValueSpecification\",\"valueRequired\":true,\"valueName\":\"search_term_string\"}}],\"inLanguage\":\"pt-BR\"},{\"@type\":\"Organization\",\"@id\":\"https:\\\/\\\/thefortune.one\\\/pt\\\/#organization\",\"name\":\"The Fortune One\",\"url\":\"https:\\\/\\\/thefortune.one\\\/pt\\\/\",\"logo\":{\"@type\":\"ImageObject\",\"inLanguage\":\"pt-BR\",\"@id\":\"https:\\\/\\\/thefortune.one\\\/pt\\\/#\\\/schema\\\/logo\\\/image\\\/\",\"url\":\"https:\\\/\\\/thefortune.one\\\/wp-content\\\/uploads\\\/2022\\\/11\\\/cropped-cropped-1651682701199-1.jpg\",\"contentUrl\":\"https:\\\/\\\/thefortune.one\\\/wp-content\\\/uploads\\\/2022\\\/11\\\/cropped-cropped-1651682701199-1.jpg\",\"width\":369,\"height\":421,\"caption\":\"The Fortune One\"},\"image\":{\"@id\":\"https:\\\/\\\/thefortune.one\\\/pt\\\/#\\\/schema\\\/logo\\\/image\\\/\"}},{\"@type\":\"Person\",\"@id\":\"https:\\\/\\\/thefortune.one\\\/pt\\\/#\\\/schema\\\/person\\\/6cd8fe72a627d36caabf41815984a16f\",\"name\":\"bianca\",\"image\":{\"@type\":\"ImageObject\",\"inLanguage\":\"pt-BR\",\"@id\":\"https:\\\/\\\/secure.gravatar.com\\\/avatar\\\/66cd7b00d93410555e00d1e6a911a86de0cd0cfa4f83a2f8b47eddc2968c98af?s=96&d=mm&r=g\",\"url\":\"https:\\\/\\\/secure.gravatar.com\\\/avatar\\\/66cd7b00d93410555e00d1e6a911a86de0cd0cfa4f83a2f8b47eddc2968c98af?s=96&d=mm&r=g\",\"contentUrl\":\"https:\\\/\\\/secure.gravatar.com\\\/avatar\\\/66cd7b00d93410555e00d1e6a911a86de0cd0cfa4f83a2f8b47eddc2968c98af?s=96&d=mm&r=g\",\"caption\":\"bianca\"},\"url\":\"https:\\\/\\\/thefortune.one\\\/pt\\\/author\\\/bianca\\\/\"}]}<\/script>\n<!-- \/ Yoast SEO plugin. -->","yoast_head_json":{"title":"Contas p\u00fablicas registram d\u00e9ficit de R$ 114 bi em 2023 no ano - The Fortune.one","description":"Somos especialistas em gest\u00e3o patrimonial, op\u00e7\u00f5es de investimentos para diversos perfis, nosso diferencial \u00e9 comprovado com resultados.","robots":{"index":"index","follow":"follow","max-snippet":"max-snippet:-1","max-image-preview":"max-image-preview:large","max-video-preview":"max-video-preview:-1"},"canonical":"https:\/\/thefortune.one\/pt\/contas-publicas-registram-deficit-de-r-114-bi-em-2023-no-ano\/","og_locale":"pt_BR","og_type":"article","og_title":"Contas p\u00fablicas registram d\u00e9ficit de R$ 114 bi em 2023 no ano - The Fortune.one","og_description":"Somos especialistas em gest\u00e3o patrimonial, op\u00e7\u00f5es de investimentos para diversos perfis, nosso diferencial \u00e9 comprovado com resultados.","og_url":"https:\/\/thefortune.one\/pt\/contas-publicas-registram-deficit-de-r-114-bi-em-2023-no-ano\/","og_site_name":"The Fortune.one","article_published_time":"2023-12-06T13:05:16+00:00","og_image":[{"width":1040,"height":585,"url":"https:\/\/thefortune.one\/wp-content\/uploads\/2023\/12\/nota-de-20.jpg","type":"image\/jpeg"}],"author":"bianca","twitter_card":"summary_large_image","twitter_misc":{"Escrito por":"bianca","Est. tempo de leitura":"1 minuto"},"schema":{"@context":"https:\/\/schema.org","@graph":[{"@type":"Article","@id":"https:\/\/thefortune.one\/pt\/contas-publicas-registram-deficit-de-r-114-bi-em-2023-no-ano\/#article","isPartOf":{"@id":"https:\/\/thefortune.one\/pt\/contas-publicas-registram-deficit-de-r-114-bi-em-2023-no-ano\/"},"author":{"name":"bianca","@id":"https:\/\/thefortune.one\/pt\/#\/schema\/person\/6cd8fe72a627d36caabf41815984a16f"},"headline":"Contas p\u00fablicas registram d\u00e9ficit de R$ 114 bi em 2023 no ano","datePublished":"2023-12-06T13:05:16+00:00","mainEntityOfPage":{"@id":"https:\/\/thefortune.one\/pt\/contas-publicas-registram-deficit-de-r-114-bi-em-2023-no-ano\/"},"wordCount":250,"commentCount":0,"publisher":{"@id":"https:\/\/thefortune.one\/pt\/#organization"},"image":{"@id":"https:\/\/thefortune.one\/pt\/contas-publicas-registram-deficit-de-r-114-bi-em-2023-no-ano\/#primaryimage"},"thumbnailUrl":"https:\/\/thefortune.one\/wp-content\/uploads\/2023\/12\/nota-de-20.jpg","articleSection":["The Fortune.one"],"inLanguage":"pt-BR","potentialAction":[{"@type":"CommentAction","name":"Comment","target":["https:\/\/thefortune.one\/pt\/contas-publicas-registram-deficit-de-r-114-bi-em-2023-no-ano\/#respond"]}]},{"@type":"WebPage","@id":"https:\/\/thefortune.one\/pt\/contas-publicas-registram-deficit-de-r-114-bi-em-2023-no-ano\/","url":"https:\/\/thefortune.one\/pt\/contas-publicas-registram-deficit-de-r-114-bi-em-2023-no-ano\/","name":"Contas p\u00fablicas registram d\u00e9ficit de R$ 114 bi em 2023 no ano - The Fortune.one","isPartOf":{"@id":"https:\/\/thefortune.one\/pt\/#website"},"primaryImageOfPage":{"@id":"https:\/\/thefortune.one\/pt\/contas-publicas-registram-deficit-de-r-114-bi-em-2023-no-ano\/#primaryimage"},"image":{"@id":"https:\/\/thefortune.one\/pt\/contas-publicas-registram-deficit-de-r-114-bi-em-2023-no-ano\/#primaryimage"},"thumbnailUrl":"https:\/\/thefortune.one\/wp-content\/uploads\/2023\/12\/nota-de-20.jpg","datePublished":"2023-12-06T13:05:16+00:00","description":"Somos especialistas em gest\u00e3o patrimonial, op\u00e7\u00f5es de investimentos para diversos perfis, nosso diferencial \u00e9 comprovado com resultados.","breadcrumb":{"@id":"https:\/\/thefortune.one\/pt\/contas-publicas-registram-deficit-de-r-114-bi-em-2023-no-ano\/#breadcrumb"},"inLanguage":"pt-BR","potentialAction":[{"@type":"ReadAction","target":["https:\/\/thefortune.one\/pt\/contas-publicas-registram-deficit-de-r-114-bi-em-2023-no-ano\/"]}]},{"@type":"ImageObject","inLanguage":"pt-BR","@id":"https:\/\/thefortune.one\/pt\/contas-publicas-registram-deficit-de-r-114-bi-em-2023-no-ano\/#primaryimage","url":"https:\/\/thefortune.one\/wp-content\/uploads\/2023\/12\/nota-de-20.jpg","contentUrl":"https:\/\/thefortune.one\/wp-content\/uploads\/2023\/12\/nota-de-20.jpg","width":1040,"height":585},{"@type":"BreadcrumbList","@id":"https:\/\/thefortune.one\/pt\/contas-publicas-registram-deficit-de-r-114-bi-em-2023-no-ano\/#breadcrumb","itemListElement":[{"@type":"ListItem","position":1,"name":"In\u00edcio","item":"https:\/\/thefortune.one\/pt\/"},{"@type":"ListItem","position":2,"name":"Contas p\u00fablicas registram d\u00e9ficit de R$ 114 bi em 2023 no ano"}]},{"@type":"WebSite","@id":"https:\/\/thefortune.one\/pt\/#website","url":"https:\/\/thefortune.one\/pt\/","name":"The Fortune.one","description":"Gestora de Recursos Especializada em Private Equity","publisher":{"@id":"https:\/\/thefortune.one\/pt\/#organization"},"potentialAction":[{"@type":"SearchAction","target":{"@type":"EntryPoint","urlTemplate":"https:\/\/thefortune.one\/pt\/?s={search_term_string}"},"query-input":{"@type":"PropertyValueSpecification","valueRequired":true,"valueName":"search_term_string"}}],"inLanguage":"pt-BR"},{"@type":"Organization","@id":"https:\/\/thefortune.one\/pt\/#organization","name":"The Fortune One","url":"https:\/\/thefortune.one\/pt\/","logo":{"@type":"ImageObject","inLanguage":"pt-BR","@id":"https:\/\/thefortune.one\/pt\/#\/schema\/logo\/image\/","url":"https:\/\/thefortune.one\/wp-content\/uploads\/2022\/11\/cropped-cropped-1651682701199-1.jpg","contentUrl":"https:\/\/thefortune.one\/wp-content\/uploads\/2022\/11\/cropped-cropped-1651682701199-1.jpg","width":369,"height":421,"caption":"The Fortune One"},"image":{"@id":"https:\/\/thefortune.one\/pt\/#\/schema\/logo\/image\/"}},{"@type":"Person","@id":"https:\/\/thefortune.one\/pt\/#\/schema\/person\/6cd8fe72a627d36caabf41815984a16f","name":"bianca","image":{"@type":"ImageObject","inLanguage":"pt-BR","@id":"https:\/\/secure.gravatar.com\/avatar\/66cd7b00d93410555e00d1e6a911a86de0cd0cfa4f83a2f8b47eddc2968c98af?s=96&d=mm&r=g","url":"https:\/\/secure.gravatar.com\/avatar\/66cd7b00d93410555e00d1e6a911a86de0cd0cfa4f83a2f8b47eddc2968c98af?s=96&d=mm&r=g","contentUrl":"https:\/\/secure.gravatar.com\/avatar\/66cd7b00d93410555e00d1e6a911a86de0cd0cfa4f83a2f8b47eddc2968c98af?s=96&d=mm&r=g","caption":"bianca"},"url":"https:\/\/thefortune.one\/pt\/author\/bianca\/"}]}},"_links":{"self":[{"href":"https:\/\/thefortune.one\/pt\/wp-json\/wp\/v2\/posts\/4383","targetHints":{"allow":["GET"]}}],"collection":[{"href":"https:\/\/thefortune.one\/pt\/wp-json\/wp\/v2\/posts"}],"about":[{"href":"https:\/\/thefortune.one\/pt\/wp-json\/wp\/v2\/types\/post"}],"author":[{"embeddable":true,"href":"https:\/\/thefortune.one\/pt\/wp-json\/wp\/v2\/users\/3"}],"replies":[{"embeddable":true,"href":"https:\/\/thefortune.one\/pt\/wp-json\/wp\/v2\/comments?post=4383"}],"version-history":[{"count":1,"href":"https:\/\/thefortune.one\/pt\/wp-json\/wp\/v2\/posts\/4383\/revisions"}],"predecessor-version":[{"id":4386,"href":"https:\/\/thefortune.one\/pt\/wp-json\/wp\/v2\/posts\/4383\/revisions\/4386"}],"wp:featuredmedia":[{"embeddable":true,"href":"https:\/\/thefortune.one\/pt\/wp-json\/wp\/v2\/media\/4385"}],"wp:attachment":[{"href":"https:\/\/thefortune.one\/pt\/wp-json\/wp\/v2\/media?parent=4383"}],"wp:term":[{"taxonomy":"category","embeddable":true,"href":"https:\/\/thefortune.one\/pt\/wp-json\/wp\/v2\/categories?post=4383"},{"taxonomy":"post_tag","embeddable":true,"href":"https:\/\/thefortune.one\/pt\/wp-json\/wp\/v2\/tags?post=4383"}],"curies":[{"name":"wp","href":"https:\/\/api.w.org\/{rel}","templated":true}]}}