{"id":4365,"date":"2023-11-30T13:10:22","date_gmt":"2023-11-30T13:10:22","guid":{"rendered":"https:\/\/thefortune.one\/?p=4365"},"modified":"2023-11-30T13:10:22","modified_gmt":"2023-11-30T13:10:22","slug":"stf-mantem-modulacao-de-decisao-que-validou-terceirizacao-de-atividade-fim","status":"publish","type":"post","link":"https:\/\/thefortune.one\/pt\/stf-mantem-modulacao-de-decisao-que-validou-terceirizacao-de-atividade-fim\/","title":{"rendered":"STF mant\u00e9m modula\u00e7\u00e3o de decis\u00e3o que validou terceiriza\u00e7\u00e3o de atividade-fim"},"content":{"rendered":"<p>Os ministros entenderam que a discuss\u00e3o ficou &#8216;prejudicada&#8217; porque j\u00e1 acabou o prazo para propor a\u00e7\u00f5es rescis\u00f3rias<\/p>\n\n\n\n<figure class=\"wp-block-image size-full\"><img fetchpriority=\"high\" decoding=\"async\" width=\"833\" height=\"469\" src=\"https:\/\/thefortune.one\/wp-content\/uploads\/2023\/11\/image-12.png\" alt=\"\" class=\"wp-image-4366\" srcset=\"https:\/\/thefortune.one\/wp-content\/uploads\/2023\/11\/image-12.png 833w, https:\/\/thefortune.one\/wp-content\/uploads\/2023\/11\/image-12-300x169.png 300w, https:\/\/thefortune.one\/wp-content\/uploads\/2023\/11\/image-12-768x432.png 768w, https:\/\/thefortune.one\/wp-content\/uploads\/2023\/11\/image-12-18x10.png 18w\" sizes=\"(max-width: 833px) 100vw, 833px\" \/><\/figure>\n\n\n\n<p>O Supremo Tribunal Federal (STF) decidiu manter a modula\u00e7\u00e3o de efeitos da decis\u00e3o que validou a terceiriza\u00e7\u00e3o de atividade-fim. De acordo com esse entendimento, as condena\u00e7\u00f5es por terceiriza\u00e7\u00e3o il\u00edcita que ocorreram at\u00e9 a data do julgamento do m\u00e9rito, em 2018, n\u00e3o podem ser revistas. Os ministros entenderam que a discuss\u00e3o ficou \u201cprejudicada\u201d porque j\u00e1 acabou o prazo para propor a\u00e7\u00f5es rescis\u00f3rias (que tem como objetivo desfazer os efeitos de senten\u00e7a j\u00e1 transitada em julgado), que \u00e9 de dois anos.<\/p>\n\n\n\n<p>Foi definido, ainda, que os trabalhadores que receberam indeniza\u00e7\u00f5es de boa-f\u00e9 de empresas condenadas por terceiriza\u00e7\u00e3o il\u00edcita n\u00e3o podem ser obrigados a devolver os valores. O julgamento foi realizado na sess\u00e3o desta quarta-feira (29).<\/p>\n\n\n\n<p>A Corte julgou recurso da Celulose Nipo Brasileira (Cenibra) e da Associa\u00e7\u00e3o Brasileira do Agroneg\u00f3cio (Abag) contra o limite temporal definido pelo Supremo para questionar as condena\u00e7\u00f5es anteriores ao julgamento do STF que permitiu a terceiriza\u00e7\u00e3o da atividade-fim.<\/p>\n\n\n\n<h2 class=\"wp-block-heading\" id=\"h-analise-anterior\">An\u00e1lise anterior<\/h2>\n\n\n\n<p>Em an\u00e1lise anterior, a Corte decidiu que a tese favor\u00e1vel \u00e0 terceiriza\u00e7\u00e3o se aplicava somente ao futuro e aos processos que estavam em curso na data de conclus\u00e3o do julgamento do m\u00e9rito (30 de agosto de 2018). O objetivo foi evitar o ajuizamento de milhares de a\u00e7\u00f5es rescis\u00f3rias. O Tribunal Superior do Trabalho (TST) j\u00e1 havia proferido 326 mil decis\u00f5es condenando empresas que terceirizaram sua atividade-fim.<\/p>\n\n\n\n<p>As recorrentes alegaram que n\u00e3o houve qu\u00f3rum suficiente para definir a tese da modula\u00e7\u00e3o. Isso porque a lei estabelece que a modula\u00e7\u00e3o de efeitos das decis\u00f5es devem ser definidas por, no m\u00ednimo, oito votos, ou dois ter\u00e7os da composi\u00e7\u00e3o da Corte. Na \u00e9poca, o placar ficou em 7 a 4 pela modula\u00e7\u00e3o vencedora, proposta pelo relator, Luiz Fux.<\/p>\n\n\n\n<p>Fonte:https:\/\/inteligenciafinanceira.com.br\/mercado-financeiro\/economia\/stf-mantem-modulacao-de-decisao-que-validou-terceirizacao-de-atividade-fim\/<\/p>","protected":false},"excerpt":{"rendered":"<p>Os ministros entenderam que a discuss\u00e3o ficou &#8216;prejudicada&#8217; porque j\u00e1 acabou o prazo para propor a\u00e7\u00f5es rescis\u00f3rias O Supremo Tribunal Federal (STF) decidiu manter a modula\u00e7\u00e3o de efeitos da decis\u00e3o que validou a terceiriza\u00e7\u00e3o de atividade-fim. De acordo com esse entendimento, as condena\u00e7\u00f5es por terceiriza\u00e7\u00e3o il\u00edcita que ocorreram at\u00e9 a data do julgamento do m\u00e9rito, [&hellip;]<\/p>\n","protected":false},"author":3,"featured_media":4367,"comment_status":"open","ping_status":"open","sticky":false,"template":"","format":"standard","meta":{"_joinchat":[],"footnotes":""},"categories":[1],"tags":[],"class_list":["post-4365","post","type-post","status-publish","format-standard","has-post-thumbnail","hentry","category-the-fortune-one"],"yoast_head":"<!-- This site is optimized with the Yoast SEO plugin v27.5 - https:\/\/yoast.com\/product\/yoast-seo-wordpress\/ -->\n<title>STF mant\u00e9m modula\u00e7\u00e3o de decis\u00e3o que validou terceiriza\u00e7\u00e3o de atividade-fim - The Fortune.one<\/title>\n<meta name=\"description\" content=\"Somos especialistas em gest\u00e3o patrimonial, op\u00e7\u00f5es de investimentos para diversos perfis, nosso diferencial \u00e9 comprovado com resultados.\" \/>\n<meta name=\"robots\" content=\"index, follow, max-snippet:-1, max-image-preview:large, max-video-preview:-1\" \/>\n<link rel=\"canonical\" href=\"https:\/\/thefortune.one\/pt\/stf-mantem-modulacao-de-decisao-que-validou-terceirizacao-de-atividade-fim\/\" \/>\n<meta property=\"og:locale\" content=\"pt_BR\" \/>\n<meta property=\"og:type\" content=\"article\" \/>\n<meta property=\"og:title\" content=\"STF mant\u00e9m modula\u00e7\u00e3o de decis\u00e3o que validou terceiriza\u00e7\u00e3o de atividade-fim - The Fortune.one\" \/>\n<meta property=\"og:description\" content=\"Somos especialistas em gest\u00e3o patrimonial, op\u00e7\u00f5es de investimentos para diversos perfis, nosso diferencial \u00e9 comprovado com resultados.\" \/>\n<meta property=\"og:url\" content=\"https:\/\/thefortune.one\/pt\/stf-mantem-modulacao-de-decisao-que-validou-terceirizacao-de-atividade-fim\/\" \/>\n<meta property=\"og:site_name\" content=\"The Fortune.one\" \/>\n<meta property=\"article:published_time\" content=\"2023-11-30T13:10:22+00:00\" \/>\n<meta property=\"og:image\" content=\"https:\/\/thefortune.one\/wp-content\/uploads\/2023\/11\/estatua.jpg\" \/>\n\t<meta property=\"og:image:width\" content=\"833\" \/>\n\t<meta property=\"og:image:height\" content=\"469\" \/>\n\t<meta property=\"og:image:type\" content=\"image\/jpeg\" \/>\n<meta name=\"author\" content=\"bianca\" \/>\n<meta name=\"twitter:card\" content=\"summary_large_image\" \/>\n<meta name=\"twitter:label1\" content=\"Escrito por\" \/>\n\t<meta name=\"twitter:data1\" content=\"bianca\" \/>\n\t<meta name=\"twitter:label2\" content=\"Est. tempo de leitura\" \/>\n\t<meta name=\"twitter:data2\" content=\"2 minutos\" \/>\n<script type=\"application\/ld+json\" class=\"yoast-schema-graph\">{\"@context\":\"https:\\\/\\\/schema.org\",\"@graph\":[{\"@type\":\"Article\",\"@id\":\"https:\\\/\\\/thefortune.one\\\/pt\\\/stf-mantem-modulacao-de-decisao-que-validou-terceirizacao-de-atividade-fim\\\/#article\",\"isPartOf\":{\"@id\":\"https:\\\/\\\/thefortune.one\\\/pt\\\/stf-mantem-modulacao-de-decisao-que-validou-terceirizacao-de-atividade-fim\\\/\"},\"author\":{\"name\":\"bianca\",\"@id\":\"https:\\\/\\\/thefortune.one\\\/pt\\\/#\\\/schema\\\/person\\\/6cd8fe72a627d36caabf41815984a16f\"},\"headline\":\"STF mant\u00e9m modula\u00e7\u00e3o de decis\u00e3o que validou terceiriza\u00e7\u00e3o de atividade-fim\",\"datePublished\":\"2023-11-30T13:10:22+00:00\",\"mainEntityOfPage\":{\"@id\":\"https:\\\/\\\/thefortune.one\\\/pt\\\/stf-mantem-modulacao-de-decisao-que-validou-terceirizacao-de-atividade-fim\\\/\"},\"wordCount\":349,\"commentCount\":0,\"publisher\":{\"@id\":\"https:\\\/\\\/thefortune.one\\\/pt\\\/#organization\"},\"image\":{\"@id\":\"https:\\\/\\\/thefortune.one\\\/pt\\\/stf-mantem-modulacao-de-decisao-que-validou-terceirizacao-de-atividade-fim\\\/#primaryimage\"},\"thumbnailUrl\":\"https:\\\/\\\/thefortune.one\\\/wp-content\\\/uploads\\\/2023\\\/11\\\/estatua.jpg\",\"articleSection\":[\"The Fortune.one\"],\"inLanguage\":\"pt-BR\",\"potentialAction\":[{\"@type\":\"CommentAction\",\"name\":\"Comment\",\"target\":[\"https:\\\/\\\/thefortune.one\\\/pt\\\/stf-mantem-modulacao-de-decisao-que-validou-terceirizacao-de-atividade-fim\\\/#respond\"]}]},{\"@type\":\"WebPage\",\"@id\":\"https:\\\/\\\/thefortune.one\\\/pt\\\/stf-mantem-modulacao-de-decisao-que-validou-terceirizacao-de-atividade-fim\\\/\",\"url\":\"https:\\\/\\\/thefortune.one\\\/pt\\\/stf-mantem-modulacao-de-decisao-que-validou-terceirizacao-de-atividade-fim\\\/\",\"name\":\"STF mant\u00e9m modula\u00e7\u00e3o de decis\u00e3o que validou terceiriza\u00e7\u00e3o de atividade-fim - The Fortune.one\",\"isPartOf\":{\"@id\":\"https:\\\/\\\/thefortune.one\\\/pt\\\/#website\"},\"primaryImageOfPage\":{\"@id\":\"https:\\\/\\\/thefortune.one\\\/pt\\\/stf-mantem-modulacao-de-decisao-que-validou-terceirizacao-de-atividade-fim\\\/#primaryimage\"},\"image\":{\"@id\":\"https:\\\/\\\/thefortune.one\\\/pt\\\/stf-mantem-modulacao-de-decisao-que-validou-terceirizacao-de-atividade-fim\\\/#primaryimage\"},\"thumbnailUrl\":\"https:\\\/\\\/thefortune.one\\\/wp-content\\\/uploads\\\/2023\\\/11\\\/estatua.jpg\",\"datePublished\":\"2023-11-30T13:10:22+00:00\",\"description\":\"Somos especialistas em gest\u00e3o patrimonial, op\u00e7\u00f5es de investimentos para diversos perfis, nosso diferencial \u00e9 comprovado com resultados.\",\"breadcrumb\":{\"@id\":\"https:\\\/\\\/thefortune.one\\\/pt\\\/stf-mantem-modulacao-de-decisao-que-validou-terceirizacao-de-atividade-fim\\\/#breadcrumb\"},\"inLanguage\":\"pt-BR\",\"potentialAction\":[{\"@type\":\"ReadAction\",\"target\":[\"https:\\\/\\\/thefortune.one\\\/pt\\\/stf-mantem-modulacao-de-decisao-que-validou-terceirizacao-de-atividade-fim\\\/\"]}]},{\"@type\":\"ImageObject\",\"inLanguage\":\"pt-BR\",\"@id\":\"https:\\\/\\\/thefortune.one\\\/pt\\\/stf-mantem-modulacao-de-decisao-que-validou-terceirizacao-de-atividade-fim\\\/#primaryimage\",\"url\":\"https:\\\/\\\/thefortune.one\\\/wp-content\\\/uploads\\\/2023\\\/11\\\/estatua.jpg\",\"contentUrl\":\"https:\\\/\\\/thefortune.one\\\/wp-content\\\/uploads\\\/2023\\\/11\\\/estatua.jpg\",\"width\":833,\"height\":469},{\"@type\":\"BreadcrumbList\",\"@id\":\"https:\\\/\\\/thefortune.one\\\/pt\\\/stf-mantem-modulacao-de-decisao-que-validou-terceirizacao-de-atividade-fim\\\/#breadcrumb\",\"itemListElement\":[{\"@type\":\"ListItem\",\"position\":1,\"name\":\"In\u00edcio\",\"item\":\"https:\\\/\\\/thefortune.one\\\/pt\\\/\"},{\"@type\":\"ListItem\",\"position\":2,\"name\":\"STF mant\u00e9m modula\u00e7\u00e3o de decis\u00e3o que validou terceiriza\u00e7\u00e3o de atividade-fim\"}]},{\"@type\":\"WebSite\",\"@id\":\"https:\\\/\\\/thefortune.one\\\/pt\\\/#website\",\"url\":\"https:\\\/\\\/thefortune.one\\\/pt\\\/\",\"name\":\"The Fortune.one\",\"description\":\"Gestora de Recursos Especializada em Private Equity\",\"publisher\":{\"@id\":\"https:\\\/\\\/thefortune.one\\\/pt\\\/#organization\"},\"potentialAction\":[{\"@type\":\"SearchAction\",\"target\":{\"@type\":\"EntryPoint\",\"urlTemplate\":\"https:\\\/\\\/thefortune.one\\\/pt\\\/?s={search_term_string}\"},\"query-input\":{\"@type\":\"PropertyValueSpecification\",\"valueRequired\":true,\"valueName\":\"search_term_string\"}}],\"inLanguage\":\"pt-BR\"},{\"@type\":\"Organization\",\"@id\":\"https:\\\/\\\/thefortune.one\\\/pt\\\/#organization\",\"name\":\"The Fortune One\",\"url\":\"https:\\\/\\\/thefortune.one\\\/pt\\\/\",\"logo\":{\"@type\":\"ImageObject\",\"inLanguage\":\"pt-BR\",\"@id\":\"https:\\\/\\\/thefortune.one\\\/pt\\\/#\\\/schema\\\/logo\\\/image\\\/\",\"url\":\"https:\\\/\\\/thefortune.one\\\/wp-content\\\/uploads\\\/2022\\\/11\\\/cropped-cropped-1651682701199-1.jpg\",\"contentUrl\":\"https:\\\/\\\/thefortune.one\\\/wp-content\\\/uploads\\\/2022\\\/11\\\/cropped-cropped-1651682701199-1.jpg\",\"width\":369,\"height\":421,\"caption\":\"The Fortune One\"},\"image\":{\"@id\":\"https:\\\/\\\/thefortune.one\\\/pt\\\/#\\\/schema\\\/logo\\\/image\\\/\"}},{\"@type\":\"Person\",\"@id\":\"https:\\\/\\\/thefortune.one\\\/pt\\\/#\\\/schema\\\/person\\\/6cd8fe72a627d36caabf41815984a16f\",\"name\":\"bianca\",\"image\":{\"@type\":\"ImageObject\",\"inLanguage\":\"pt-BR\",\"@id\":\"https:\\\/\\\/secure.gravatar.com\\\/avatar\\\/66cd7b00d93410555e00d1e6a911a86de0cd0cfa4f83a2f8b47eddc2968c98af?s=96&d=mm&r=g\",\"url\":\"https:\\\/\\\/secure.gravatar.com\\\/avatar\\\/66cd7b00d93410555e00d1e6a911a86de0cd0cfa4f83a2f8b47eddc2968c98af?s=96&d=mm&r=g\",\"contentUrl\":\"https:\\\/\\\/secure.gravatar.com\\\/avatar\\\/66cd7b00d93410555e00d1e6a911a86de0cd0cfa4f83a2f8b47eddc2968c98af?s=96&d=mm&r=g\",\"caption\":\"bianca\"},\"url\":\"https:\\\/\\\/thefortune.one\\\/pt\\\/author\\\/bianca\\\/\"}]}<\/script>\n<!-- \/ Yoast SEO plugin. -->","yoast_head_json":{"title":"STF mant\u00e9m modula\u00e7\u00e3o de decis\u00e3o que validou terceiriza\u00e7\u00e3o de atividade-fim - The Fortune.one","description":"Somos especialistas em gest\u00e3o patrimonial, op\u00e7\u00f5es de investimentos para diversos perfis, nosso diferencial \u00e9 comprovado com resultados.","robots":{"index":"index","follow":"follow","max-snippet":"max-snippet:-1","max-image-preview":"max-image-preview:large","max-video-preview":"max-video-preview:-1"},"canonical":"https:\/\/thefortune.one\/pt\/stf-mantem-modulacao-de-decisao-que-validou-terceirizacao-de-atividade-fim\/","og_locale":"pt_BR","og_type":"article","og_title":"STF mant\u00e9m modula\u00e7\u00e3o de decis\u00e3o que validou terceiriza\u00e7\u00e3o de atividade-fim - The Fortune.one","og_description":"Somos especialistas em gest\u00e3o patrimonial, op\u00e7\u00f5es de investimentos para diversos perfis, nosso diferencial \u00e9 comprovado com resultados.","og_url":"https:\/\/thefortune.one\/pt\/stf-mantem-modulacao-de-decisao-que-validou-terceirizacao-de-atividade-fim\/","og_site_name":"The Fortune.one","article_published_time":"2023-11-30T13:10:22+00:00","og_image":[{"width":833,"height":469,"url":"https:\/\/thefortune.one\/wp-content\/uploads\/2023\/11\/estatua.jpg","type":"image\/jpeg"}],"author":"bianca","twitter_card":"summary_large_image","twitter_misc":{"Escrito por":"bianca","Est. tempo de leitura":"2 minutos"},"schema":{"@context":"https:\/\/schema.org","@graph":[{"@type":"Article","@id":"https:\/\/thefortune.one\/pt\/stf-mantem-modulacao-de-decisao-que-validou-terceirizacao-de-atividade-fim\/#article","isPartOf":{"@id":"https:\/\/thefortune.one\/pt\/stf-mantem-modulacao-de-decisao-que-validou-terceirizacao-de-atividade-fim\/"},"author":{"name":"bianca","@id":"https:\/\/thefortune.one\/pt\/#\/schema\/person\/6cd8fe72a627d36caabf41815984a16f"},"headline":"STF mant\u00e9m modula\u00e7\u00e3o de decis\u00e3o que validou terceiriza\u00e7\u00e3o de atividade-fim","datePublished":"2023-11-30T13:10:22+00:00","mainEntityOfPage":{"@id":"https:\/\/thefortune.one\/pt\/stf-mantem-modulacao-de-decisao-que-validou-terceirizacao-de-atividade-fim\/"},"wordCount":349,"commentCount":0,"publisher":{"@id":"https:\/\/thefortune.one\/pt\/#organization"},"image":{"@id":"https:\/\/thefortune.one\/pt\/stf-mantem-modulacao-de-decisao-que-validou-terceirizacao-de-atividade-fim\/#primaryimage"},"thumbnailUrl":"https:\/\/thefortune.one\/wp-content\/uploads\/2023\/11\/estatua.jpg","articleSection":["The Fortune.one"],"inLanguage":"pt-BR","potentialAction":[{"@type":"CommentAction","name":"Comment","target":["https:\/\/thefortune.one\/pt\/stf-mantem-modulacao-de-decisao-que-validou-terceirizacao-de-atividade-fim\/#respond"]}]},{"@type":"WebPage","@id":"https:\/\/thefortune.one\/pt\/stf-mantem-modulacao-de-decisao-que-validou-terceirizacao-de-atividade-fim\/","url":"https:\/\/thefortune.one\/pt\/stf-mantem-modulacao-de-decisao-que-validou-terceirizacao-de-atividade-fim\/","name":"STF mant\u00e9m modula\u00e7\u00e3o de decis\u00e3o que validou terceiriza\u00e7\u00e3o de atividade-fim - The Fortune.one","isPartOf":{"@id":"https:\/\/thefortune.one\/pt\/#website"},"primaryImageOfPage":{"@id":"https:\/\/thefortune.one\/pt\/stf-mantem-modulacao-de-decisao-que-validou-terceirizacao-de-atividade-fim\/#primaryimage"},"image":{"@id":"https:\/\/thefortune.one\/pt\/stf-mantem-modulacao-de-decisao-que-validou-terceirizacao-de-atividade-fim\/#primaryimage"},"thumbnailUrl":"https:\/\/thefortune.one\/wp-content\/uploads\/2023\/11\/estatua.jpg","datePublished":"2023-11-30T13:10:22+00:00","description":"Somos especialistas em gest\u00e3o patrimonial, op\u00e7\u00f5es de investimentos para diversos perfis, nosso diferencial \u00e9 comprovado com resultados.","breadcrumb":{"@id":"https:\/\/thefortune.one\/pt\/stf-mantem-modulacao-de-decisao-que-validou-terceirizacao-de-atividade-fim\/#breadcrumb"},"inLanguage":"pt-BR","potentialAction":[{"@type":"ReadAction","target":["https:\/\/thefortune.one\/pt\/stf-mantem-modulacao-de-decisao-que-validou-terceirizacao-de-atividade-fim\/"]}]},{"@type":"ImageObject","inLanguage":"pt-BR","@id":"https:\/\/thefortune.one\/pt\/stf-mantem-modulacao-de-decisao-que-validou-terceirizacao-de-atividade-fim\/#primaryimage","url":"https:\/\/thefortune.one\/wp-content\/uploads\/2023\/11\/estatua.jpg","contentUrl":"https:\/\/thefortune.one\/wp-content\/uploads\/2023\/11\/estatua.jpg","width":833,"height":469},{"@type":"BreadcrumbList","@id":"https:\/\/thefortune.one\/pt\/stf-mantem-modulacao-de-decisao-que-validou-terceirizacao-de-atividade-fim\/#breadcrumb","itemListElement":[{"@type":"ListItem","position":1,"name":"In\u00edcio","item":"https:\/\/thefortune.one\/pt\/"},{"@type":"ListItem","position":2,"name":"STF mant\u00e9m modula\u00e7\u00e3o de decis\u00e3o que validou terceiriza\u00e7\u00e3o de atividade-fim"}]},{"@type":"WebSite","@id":"https:\/\/thefortune.one\/pt\/#website","url":"https:\/\/thefortune.one\/pt\/","name":"The Fortune.one","description":"Gestora de Recursos Especializada em Private Equity","publisher":{"@id":"https:\/\/thefortune.one\/pt\/#organization"},"potentialAction":[{"@type":"SearchAction","target":{"@type":"EntryPoint","urlTemplate":"https:\/\/thefortune.one\/pt\/?s={search_term_string}"},"query-input":{"@type":"PropertyValueSpecification","valueRequired":true,"valueName":"search_term_string"}}],"inLanguage":"pt-BR"},{"@type":"Organization","@id":"https:\/\/thefortune.one\/pt\/#organization","name":"The Fortune One","url":"https:\/\/thefortune.one\/pt\/","logo":{"@type":"ImageObject","inLanguage":"pt-BR","@id":"https:\/\/thefortune.one\/pt\/#\/schema\/logo\/image\/","url":"https:\/\/thefortune.one\/wp-content\/uploads\/2022\/11\/cropped-cropped-1651682701199-1.jpg","contentUrl":"https:\/\/thefortune.one\/wp-content\/uploads\/2022\/11\/cropped-cropped-1651682701199-1.jpg","width":369,"height":421,"caption":"The Fortune One"},"image":{"@id":"https:\/\/thefortune.one\/pt\/#\/schema\/logo\/image\/"}},{"@type":"Person","@id":"https:\/\/thefortune.one\/pt\/#\/schema\/person\/6cd8fe72a627d36caabf41815984a16f","name":"bianca","image":{"@type":"ImageObject","inLanguage":"pt-BR","@id":"https:\/\/secure.gravatar.com\/avatar\/66cd7b00d93410555e00d1e6a911a86de0cd0cfa4f83a2f8b47eddc2968c98af?s=96&d=mm&r=g","url":"https:\/\/secure.gravatar.com\/avatar\/66cd7b00d93410555e00d1e6a911a86de0cd0cfa4f83a2f8b47eddc2968c98af?s=96&d=mm&r=g","contentUrl":"https:\/\/secure.gravatar.com\/avatar\/66cd7b00d93410555e00d1e6a911a86de0cd0cfa4f83a2f8b47eddc2968c98af?s=96&d=mm&r=g","caption":"bianca"},"url":"https:\/\/thefortune.one\/pt\/author\/bianca\/"}]}},"_links":{"self":[{"href":"https:\/\/thefortune.one\/pt\/wp-json\/wp\/v2\/posts\/4365","targetHints":{"allow":["GET"]}}],"collection":[{"href":"https:\/\/thefortune.one\/pt\/wp-json\/wp\/v2\/posts"}],"about":[{"href":"https:\/\/thefortune.one\/pt\/wp-json\/wp\/v2\/types\/post"}],"author":[{"embeddable":true,"href":"https:\/\/thefortune.one\/pt\/wp-json\/wp\/v2\/users\/3"}],"replies":[{"embeddable":true,"href":"https:\/\/thefortune.one\/pt\/wp-json\/wp\/v2\/comments?post=4365"}],"version-history":[{"count":1,"href":"https:\/\/thefortune.one\/pt\/wp-json\/wp\/v2\/posts\/4365\/revisions"}],"predecessor-version":[{"id":4368,"href":"https:\/\/thefortune.one\/pt\/wp-json\/wp\/v2\/posts\/4365\/revisions\/4368"}],"wp:featuredmedia":[{"embeddable":true,"href":"https:\/\/thefortune.one\/pt\/wp-json\/wp\/v2\/media\/4367"}],"wp:attachment":[{"href":"https:\/\/thefortune.one\/pt\/wp-json\/wp\/v2\/media?parent=4365"}],"wp:term":[{"taxonomy":"category","embeddable":true,"href":"https:\/\/thefortune.one\/pt\/wp-json\/wp\/v2\/categories?post=4365"},{"taxonomy":"post_tag","embeddable":true,"href":"https:\/\/thefortune.one\/pt\/wp-json\/wp\/v2\/tags?post=4365"}],"curies":[{"name":"wp","href":"https:\/\/api.w.org\/{rel}","templated":true}]}}