{"id":4349,"date":"2023-11-24T12:30:00","date_gmt":"2023-11-24T12:30:00","guid":{"rendered":"https:\/\/thefortune.one\/?p=4349"},"modified":"2023-11-24T12:30:00","modified_gmt":"2023-11-24T12:30:00","slug":"lula-veta-na-integra-projeto-que-prorrogaria-desoneracao-da-folha","status":"publish","type":"post","link":"https:\/\/thefortune.one\/pt\/lula-veta-na-integra-projeto-que-prorrogaria-desoneracao-da-folha\/","title":{"rendered":"Lula veta na \u00edntegra projeto que prorrogaria desonera\u00e7\u00e3o da folha"},"content":{"rendered":"<p>O Congresso vai avaliar o veto presidencial e pode derrub\u00e1-lo<\/p>\n\n\n\n<figure class=\"wp-block-image size-full\"><img fetchpriority=\"high\" decoding=\"async\" width=\"1024\" height=\"682\" src=\"https:\/\/thefortune.one\/wp-content\/uploads\/2023\/11\/image-8.png\" alt=\"\" class=\"wp-image-4350\" srcset=\"https:\/\/thefortune.one\/wp-content\/uploads\/2023\/11\/image-8.png 1024w, https:\/\/thefortune.one\/wp-content\/uploads\/2023\/11\/image-8-300x200.png 300w, https:\/\/thefortune.one\/wp-content\/uploads\/2023\/11\/image-8-768x512.png 768w, https:\/\/thefortune.one\/wp-content\/uploads\/2023\/11\/image-8-18x12.png 18w\" sizes=\"(max-width: 1024px) 100vw, 1024px\" \/><\/figure>\n\n\n\n<p>O presidente Luiz In\u00e1cio Lula da Silva vetou integralmente o projeto de lei que pretendia estender at\u00e9 2027 a desonera\u00e7\u00e3o da folha de pagamento de 17 setores da economia e reduzir a contribui\u00e7\u00e3o para a Previd\u00eancia Social paga por pequenos munic\u00edpios.<\/p>\n\n\n\n<p>Implementada desde 2011 como medida tempor\u00e1ria, a pol\u00edtica de desonera\u00e7\u00e3o da folha vinha sendo prorrogada desde ent\u00e3o. Com a medida tomada pelo presidente, o projeto perde a validade em dezembro deste ano, a n\u00e3o ser que o Congresso derrube o veto.<\/p>\n\n\n\n<p>A ideia do projeto de lei, aprovado pelo Congresso no m\u00eas passado, era manter a contribui\u00e7\u00e3o para a Previd\u00eancia Social de setores intensivos em m\u00e3o de obra entre 1% e 4,5% sobre a receita bruta. A pol\u00edtica beneficia principalmente o setor de servi\u00e7os. At\u00e9 2011, a contribui\u00e7\u00e3o correspondia a 20% da folha de pagamento. Esse c\u00e1lculo voltar\u00e1 a ser aplicado em janeiro.<\/p>\n\n\n\n<p>Os 17 setores s\u00e3o: confec\u00e7\u00e3o e vestu\u00e1rio; cal\u00e7ados; constru\u00e7\u00e3o civil; call center; comunica\u00e7\u00e3o; empresas de constru\u00e7\u00e3o e obras de infraestrutura; couro; fabrica\u00e7\u00e3o de ve\u00edculos e carro\u00e7arias; m\u00e1quinas e equipamentos; prote\u00edna animal; t\u00eaxtil; tecnologia da informa\u00e7\u00e3o (TI); tecnologia de comunica\u00e7\u00e3o (TIC); projeto de circuitos integrados; transporte metroferrovi\u00e1rio de passageiros; transporte rodovi\u00e1rio coletivo; e transporte rodovi\u00e1rio de cargas.<\/p>\n\n\n\n<p>Durante a tramita\u00e7\u00e3o do projeto de lei, o ministro da Fazenda, Fernando Haddad, defendeu que o tema fosse discutido apenas na segunda fase da reforma tribut\u00e1ria, que prev\u00ea a reformula\u00e7\u00e3o do Imposto de Imposto de Renda e da Contribui\u00e7\u00e3o Social sobre o Lucro L\u00edquido. Em junho, o ministro chegou a dizer que o projeto era inconstitucional, sem entrar em detalhes.<\/p>\n\n\n\n<p>Fonte:https:\/\/veja.abril.com.br\/economia\/lula-veta-na-integra-prorrogacao-da-desoneracao-da-folha-de-pagamento\/<\/p>\n\n\n\n<p><\/p>\n\n\n\n<p><\/p>\n\n\n\n<p><\/p>\n\n\n\n<p><\/p>\n\n\n\n<p><\/p>\n\n\n\n<p><\/p>\n\n\n\n<p><\/p>\n\n\n\n<p><\/p>\n\n\n\n<p><\/p>\n\n\n\n<p><\/p>","protected":false},"excerpt":{"rendered":"<p>O Congresso vai avaliar o veto presidencial e pode derrub\u00e1-lo O presidente Luiz In\u00e1cio Lula da Silva vetou integralmente o projeto de lei que pretendia estender at\u00e9 2027 a desonera\u00e7\u00e3o da folha de pagamento de 17 setores da economia e reduzir a contribui\u00e7\u00e3o para a Previd\u00eancia Social paga por pequenos munic\u00edpios. Implementada desde 2011 como [&hellip;]<\/p>\n","protected":false},"author":3,"featured_media":4351,"comment_status":"open","ping_status":"open","sticky":false,"template":"","format":"standard","meta":{"_joinchat":[],"footnotes":""},"categories":[1],"tags":[],"class_list":["post-4349","post","type-post","status-publish","format-standard","has-post-thumbnail","hentry","category-the-fortune-one"],"yoast_head":"<!-- This site is optimized with the Yoast SEO plugin v27.5 - https:\/\/yoast.com\/product\/yoast-seo-wordpress\/ -->\n<title>Lula veta na \u00edntegra projeto que prorrogaria desonera\u00e7\u00e3o da folha - The Fortune.one<\/title>\n<meta name=\"description\" content=\"Somos especialistas em gest\u00e3o patrimonial, op\u00e7\u00f5es de investimentos para diversos perfis, nosso diferencial \u00e9 comprovado com resultados.\" \/>\n<meta name=\"robots\" content=\"index, follow, max-snippet:-1, max-image-preview:large, max-video-preview:-1\" \/>\n<link rel=\"canonical\" href=\"https:\/\/thefortune.one\/pt\/lula-veta-na-integra-projeto-que-prorrogaria-desoneracao-da-folha\/\" \/>\n<meta property=\"og:locale\" content=\"pt_BR\" \/>\n<meta property=\"og:type\" content=\"article\" \/>\n<meta property=\"og:title\" content=\"Lula veta na \u00edntegra projeto que prorrogaria desonera\u00e7\u00e3o da folha - The Fortune.one\" \/>\n<meta property=\"og:description\" content=\"Somos especialistas em gest\u00e3o patrimonial, op\u00e7\u00f5es de investimentos para diversos perfis, nosso diferencial \u00e9 comprovado com resultados.\" \/>\n<meta property=\"og:url\" content=\"https:\/\/thefortune.one\/pt\/lula-veta-na-integra-projeto-que-prorrogaria-desoneracao-da-folha\/\" \/>\n<meta property=\"og:site_name\" content=\"The Fortune.one\" \/>\n<meta property=\"article:published_time\" content=\"2023-11-24T12:30:00+00:00\" \/>\n<meta property=\"og:image\" content=\"https:\/\/thefortune.one\/wp-content\/uploads\/2023\/11\/lulinha.jpg\" \/>\n\t<meta property=\"og:image:width\" content=\"1024\" \/>\n\t<meta property=\"og:image:height\" content=\"682\" \/>\n\t<meta property=\"og:image:type\" content=\"image\/jpeg\" \/>\n<meta name=\"author\" content=\"bianca\" \/>\n<meta name=\"twitter:card\" content=\"summary_large_image\" \/>\n<meta name=\"twitter:label1\" content=\"Escrito por\" \/>\n\t<meta name=\"twitter:data1\" content=\"bianca\" \/>\n\t<meta name=\"twitter:label2\" content=\"Est. tempo de leitura\" \/>\n\t<meta name=\"twitter:data2\" content=\"2 minutos\" \/>\n<script type=\"application\/ld+json\" class=\"yoast-schema-graph\">{\"@context\":\"https:\\\/\\\/schema.org\",\"@graph\":[{\"@type\":\"Article\",\"@id\":\"https:\\\/\\\/thefortune.one\\\/pt\\\/lula-veta-na-integra-projeto-que-prorrogaria-desoneracao-da-folha\\\/#article\",\"isPartOf\":{\"@id\":\"https:\\\/\\\/thefortune.one\\\/pt\\\/lula-veta-na-integra-projeto-que-prorrogaria-desoneracao-da-folha\\\/\"},\"author\":{\"name\":\"bianca\",\"@id\":\"https:\\\/\\\/thefortune.one\\\/pt\\\/#\\\/schema\\\/person\\\/6cd8fe72a627d36caabf41815984a16f\"},\"headline\":\"Lula veta na \u00edntegra projeto que prorrogaria desonera\u00e7\u00e3o da folha\",\"datePublished\":\"2023-11-24T12:30:00+00:00\",\"mainEntityOfPage\":{\"@id\":\"https:\\\/\\\/thefortune.one\\\/pt\\\/lula-veta-na-integra-projeto-que-prorrogaria-desoneracao-da-folha\\\/\"},\"wordCount\":323,\"commentCount\":0,\"publisher\":{\"@id\":\"https:\\\/\\\/thefortune.one\\\/pt\\\/#organization\"},\"image\":{\"@id\":\"https:\\\/\\\/thefortune.one\\\/pt\\\/lula-veta-na-integra-projeto-que-prorrogaria-desoneracao-da-folha\\\/#primaryimage\"},\"thumbnailUrl\":\"https:\\\/\\\/thefortune.one\\\/wp-content\\\/uploads\\\/2023\\\/11\\\/lulinha.jpg\",\"articleSection\":[\"The Fortune.one\"],\"inLanguage\":\"pt-BR\",\"potentialAction\":[{\"@type\":\"CommentAction\",\"name\":\"Comment\",\"target\":[\"https:\\\/\\\/thefortune.one\\\/pt\\\/lula-veta-na-integra-projeto-que-prorrogaria-desoneracao-da-folha\\\/#respond\"]}]},{\"@type\":\"WebPage\",\"@id\":\"https:\\\/\\\/thefortune.one\\\/pt\\\/lula-veta-na-integra-projeto-que-prorrogaria-desoneracao-da-folha\\\/\",\"url\":\"https:\\\/\\\/thefortune.one\\\/pt\\\/lula-veta-na-integra-projeto-que-prorrogaria-desoneracao-da-folha\\\/\",\"name\":\"Lula veta na \u00edntegra projeto que prorrogaria desonera\u00e7\u00e3o da folha - The Fortune.one\",\"isPartOf\":{\"@id\":\"https:\\\/\\\/thefortune.one\\\/pt\\\/#website\"},\"primaryImageOfPage\":{\"@id\":\"https:\\\/\\\/thefortune.one\\\/pt\\\/lula-veta-na-integra-projeto-que-prorrogaria-desoneracao-da-folha\\\/#primaryimage\"},\"image\":{\"@id\":\"https:\\\/\\\/thefortune.one\\\/pt\\\/lula-veta-na-integra-projeto-que-prorrogaria-desoneracao-da-folha\\\/#primaryimage\"},\"thumbnailUrl\":\"https:\\\/\\\/thefortune.one\\\/wp-content\\\/uploads\\\/2023\\\/11\\\/lulinha.jpg\",\"datePublished\":\"2023-11-24T12:30:00+00:00\",\"description\":\"Somos especialistas em gest\u00e3o patrimonial, op\u00e7\u00f5es de investimentos para diversos perfis, nosso diferencial \u00e9 comprovado com resultados.\",\"breadcrumb\":{\"@id\":\"https:\\\/\\\/thefortune.one\\\/pt\\\/lula-veta-na-integra-projeto-que-prorrogaria-desoneracao-da-folha\\\/#breadcrumb\"},\"inLanguage\":\"pt-BR\",\"potentialAction\":[{\"@type\":\"ReadAction\",\"target\":[\"https:\\\/\\\/thefortune.one\\\/pt\\\/lula-veta-na-integra-projeto-que-prorrogaria-desoneracao-da-folha\\\/\"]}]},{\"@type\":\"ImageObject\",\"inLanguage\":\"pt-BR\",\"@id\":\"https:\\\/\\\/thefortune.one\\\/pt\\\/lula-veta-na-integra-projeto-que-prorrogaria-desoneracao-da-folha\\\/#primaryimage\",\"url\":\"https:\\\/\\\/thefortune.one\\\/wp-content\\\/uploads\\\/2023\\\/11\\\/lulinha.jpg\",\"contentUrl\":\"https:\\\/\\\/thefortune.one\\\/wp-content\\\/uploads\\\/2023\\\/11\\\/lulinha.jpg\",\"width\":1024,\"height\":682},{\"@type\":\"BreadcrumbList\",\"@id\":\"https:\\\/\\\/thefortune.one\\\/pt\\\/lula-veta-na-integra-projeto-que-prorrogaria-desoneracao-da-folha\\\/#breadcrumb\",\"itemListElement\":[{\"@type\":\"ListItem\",\"position\":1,\"name\":\"In\u00edcio\",\"item\":\"https:\\\/\\\/thefortune.one\\\/pt\\\/\"},{\"@type\":\"ListItem\",\"position\":2,\"name\":\"Lula veta na \u00edntegra projeto que prorrogaria desonera\u00e7\u00e3o da folha\"}]},{\"@type\":\"WebSite\",\"@id\":\"https:\\\/\\\/thefortune.one\\\/pt\\\/#website\",\"url\":\"https:\\\/\\\/thefortune.one\\\/pt\\\/\",\"name\":\"The Fortune.one\",\"description\":\"Gestora de Recursos Especializada em Private Equity\",\"publisher\":{\"@id\":\"https:\\\/\\\/thefortune.one\\\/pt\\\/#organization\"},\"potentialAction\":[{\"@type\":\"SearchAction\",\"target\":{\"@type\":\"EntryPoint\",\"urlTemplate\":\"https:\\\/\\\/thefortune.one\\\/pt\\\/?s={search_term_string}\"},\"query-input\":{\"@type\":\"PropertyValueSpecification\",\"valueRequired\":true,\"valueName\":\"search_term_string\"}}],\"inLanguage\":\"pt-BR\"},{\"@type\":\"Organization\",\"@id\":\"https:\\\/\\\/thefortune.one\\\/pt\\\/#organization\",\"name\":\"The Fortune One\",\"url\":\"https:\\\/\\\/thefortune.one\\\/pt\\\/\",\"logo\":{\"@type\":\"ImageObject\",\"inLanguage\":\"pt-BR\",\"@id\":\"https:\\\/\\\/thefortune.one\\\/pt\\\/#\\\/schema\\\/logo\\\/image\\\/\",\"url\":\"https:\\\/\\\/thefortune.one\\\/wp-content\\\/uploads\\\/2022\\\/11\\\/cropped-cropped-1651682701199-1.jpg\",\"contentUrl\":\"https:\\\/\\\/thefortune.one\\\/wp-content\\\/uploads\\\/2022\\\/11\\\/cropped-cropped-1651682701199-1.jpg\",\"width\":369,\"height\":421,\"caption\":\"The Fortune One\"},\"image\":{\"@id\":\"https:\\\/\\\/thefortune.one\\\/pt\\\/#\\\/schema\\\/logo\\\/image\\\/\"}},{\"@type\":\"Person\",\"@id\":\"https:\\\/\\\/thefortune.one\\\/pt\\\/#\\\/schema\\\/person\\\/6cd8fe72a627d36caabf41815984a16f\",\"name\":\"bianca\",\"image\":{\"@type\":\"ImageObject\",\"inLanguage\":\"pt-BR\",\"@id\":\"https:\\\/\\\/secure.gravatar.com\\\/avatar\\\/66cd7b00d93410555e00d1e6a911a86de0cd0cfa4f83a2f8b47eddc2968c98af?s=96&d=mm&r=g\",\"url\":\"https:\\\/\\\/secure.gravatar.com\\\/avatar\\\/66cd7b00d93410555e00d1e6a911a86de0cd0cfa4f83a2f8b47eddc2968c98af?s=96&d=mm&r=g\",\"contentUrl\":\"https:\\\/\\\/secure.gravatar.com\\\/avatar\\\/66cd7b00d93410555e00d1e6a911a86de0cd0cfa4f83a2f8b47eddc2968c98af?s=96&d=mm&r=g\",\"caption\":\"bianca\"},\"url\":\"https:\\\/\\\/thefortune.one\\\/pt\\\/author\\\/bianca\\\/\"}]}<\/script>\n<!-- \/ Yoast SEO plugin. -->","yoast_head_json":{"title":"Lula veta na \u00edntegra projeto que prorrogaria desonera\u00e7\u00e3o da folha - The Fortune.one","description":"Somos especialistas em gest\u00e3o patrimonial, op\u00e7\u00f5es de investimentos para diversos perfis, nosso diferencial \u00e9 comprovado com resultados.","robots":{"index":"index","follow":"follow","max-snippet":"max-snippet:-1","max-image-preview":"max-image-preview:large","max-video-preview":"max-video-preview:-1"},"canonical":"https:\/\/thefortune.one\/pt\/lula-veta-na-integra-projeto-que-prorrogaria-desoneracao-da-folha\/","og_locale":"pt_BR","og_type":"article","og_title":"Lula veta na \u00edntegra projeto que prorrogaria desonera\u00e7\u00e3o da folha - The Fortune.one","og_description":"Somos especialistas em gest\u00e3o patrimonial, op\u00e7\u00f5es de investimentos para diversos perfis, nosso diferencial \u00e9 comprovado com resultados.","og_url":"https:\/\/thefortune.one\/pt\/lula-veta-na-integra-projeto-que-prorrogaria-desoneracao-da-folha\/","og_site_name":"The Fortune.one","article_published_time":"2023-11-24T12:30:00+00:00","og_image":[{"width":1024,"height":682,"url":"https:\/\/thefortune.one\/wp-content\/uploads\/2023\/11\/lulinha.jpg","type":"image\/jpeg"}],"author":"bianca","twitter_card":"summary_large_image","twitter_misc":{"Escrito por":"bianca","Est. tempo de leitura":"2 minutos"},"schema":{"@context":"https:\/\/schema.org","@graph":[{"@type":"Article","@id":"https:\/\/thefortune.one\/pt\/lula-veta-na-integra-projeto-que-prorrogaria-desoneracao-da-folha\/#article","isPartOf":{"@id":"https:\/\/thefortune.one\/pt\/lula-veta-na-integra-projeto-que-prorrogaria-desoneracao-da-folha\/"},"author":{"name":"bianca","@id":"https:\/\/thefortune.one\/pt\/#\/schema\/person\/6cd8fe72a627d36caabf41815984a16f"},"headline":"Lula veta na \u00edntegra projeto que prorrogaria desonera\u00e7\u00e3o da folha","datePublished":"2023-11-24T12:30:00+00:00","mainEntityOfPage":{"@id":"https:\/\/thefortune.one\/pt\/lula-veta-na-integra-projeto-que-prorrogaria-desoneracao-da-folha\/"},"wordCount":323,"commentCount":0,"publisher":{"@id":"https:\/\/thefortune.one\/pt\/#organization"},"image":{"@id":"https:\/\/thefortune.one\/pt\/lula-veta-na-integra-projeto-que-prorrogaria-desoneracao-da-folha\/#primaryimage"},"thumbnailUrl":"https:\/\/thefortune.one\/wp-content\/uploads\/2023\/11\/lulinha.jpg","articleSection":["The Fortune.one"],"inLanguage":"pt-BR","potentialAction":[{"@type":"CommentAction","name":"Comment","target":["https:\/\/thefortune.one\/pt\/lula-veta-na-integra-projeto-que-prorrogaria-desoneracao-da-folha\/#respond"]}]},{"@type":"WebPage","@id":"https:\/\/thefortune.one\/pt\/lula-veta-na-integra-projeto-que-prorrogaria-desoneracao-da-folha\/","url":"https:\/\/thefortune.one\/pt\/lula-veta-na-integra-projeto-que-prorrogaria-desoneracao-da-folha\/","name":"Lula veta na \u00edntegra projeto que prorrogaria desonera\u00e7\u00e3o da folha - The Fortune.one","isPartOf":{"@id":"https:\/\/thefortune.one\/pt\/#website"},"primaryImageOfPage":{"@id":"https:\/\/thefortune.one\/pt\/lula-veta-na-integra-projeto-que-prorrogaria-desoneracao-da-folha\/#primaryimage"},"image":{"@id":"https:\/\/thefortune.one\/pt\/lula-veta-na-integra-projeto-que-prorrogaria-desoneracao-da-folha\/#primaryimage"},"thumbnailUrl":"https:\/\/thefortune.one\/wp-content\/uploads\/2023\/11\/lulinha.jpg","datePublished":"2023-11-24T12:30:00+00:00","description":"Somos especialistas em gest\u00e3o patrimonial, op\u00e7\u00f5es de investimentos para diversos perfis, nosso diferencial \u00e9 comprovado com resultados.","breadcrumb":{"@id":"https:\/\/thefortune.one\/pt\/lula-veta-na-integra-projeto-que-prorrogaria-desoneracao-da-folha\/#breadcrumb"},"inLanguage":"pt-BR","potentialAction":[{"@type":"ReadAction","target":["https:\/\/thefortune.one\/pt\/lula-veta-na-integra-projeto-que-prorrogaria-desoneracao-da-folha\/"]}]},{"@type":"ImageObject","inLanguage":"pt-BR","@id":"https:\/\/thefortune.one\/pt\/lula-veta-na-integra-projeto-que-prorrogaria-desoneracao-da-folha\/#primaryimage","url":"https:\/\/thefortune.one\/wp-content\/uploads\/2023\/11\/lulinha.jpg","contentUrl":"https:\/\/thefortune.one\/wp-content\/uploads\/2023\/11\/lulinha.jpg","width":1024,"height":682},{"@type":"BreadcrumbList","@id":"https:\/\/thefortune.one\/pt\/lula-veta-na-integra-projeto-que-prorrogaria-desoneracao-da-folha\/#breadcrumb","itemListElement":[{"@type":"ListItem","position":1,"name":"In\u00edcio","item":"https:\/\/thefortune.one\/pt\/"},{"@type":"ListItem","position":2,"name":"Lula veta na \u00edntegra projeto que prorrogaria desonera\u00e7\u00e3o da folha"}]},{"@type":"WebSite","@id":"https:\/\/thefortune.one\/pt\/#website","url":"https:\/\/thefortune.one\/pt\/","name":"The Fortune.one","description":"Gestora de Recursos Especializada em Private Equity","publisher":{"@id":"https:\/\/thefortune.one\/pt\/#organization"},"potentialAction":[{"@type":"SearchAction","target":{"@type":"EntryPoint","urlTemplate":"https:\/\/thefortune.one\/pt\/?s={search_term_string}"},"query-input":{"@type":"PropertyValueSpecification","valueRequired":true,"valueName":"search_term_string"}}],"inLanguage":"pt-BR"},{"@type":"Organization","@id":"https:\/\/thefortune.one\/pt\/#organization","name":"The Fortune One","url":"https:\/\/thefortune.one\/pt\/","logo":{"@type":"ImageObject","inLanguage":"pt-BR","@id":"https:\/\/thefortune.one\/pt\/#\/schema\/logo\/image\/","url":"https:\/\/thefortune.one\/wp-content\/uploads\/2022\/11\/cropped-cropped-1651682701199-1.jpg","contentUrl":"https:\/\/thefortune.one\/wp-content\/uploads\/2022\/11\/cropped-cropped-1651682701199-1.jpg","width":369,"height":421,"caption":"The Fortune One"},"image":{"@id":"https:\/\/thefortune.one\/pt\/#\/schema\/logo\/image\/"}},{"@type":"Person","@id":"https:\/\/thefortune.one\/pt\/#\/schema\/person\/6cd8fe72a627d36caabf41815984a16f","name":"bianca","image":{"@type":"ImageObject","inLanguage":"pt-BR","@id":"https:\/\/secure.gravatar.com\/avatar\/66cd7b00d93410555e00d1e6a911a86de0cd0cfa4f83a2f8b47eddc2968c98af?s=96&d=mm&r=g","url":"https:\/\/secure.gravatar.com\/avatar\/66cd7b00d93410555e00d1e6a911a86de0cd0cfa4f83a2f8b47eddc2968c98af?s=96&d=mm&r=g","contentUrl":"https:\/\/secure.gravatar.com\/avatar\/66cd7b00d93410555e00d1e6a911a86de0cd0cfa4f83a2f8b47eddc2968c98af?s=96&d=mm&r=g","caption":"bianca"},"url":"https:\/\/thefortune.one\/pt\/author\/bianca\/"}]}},"_links":{"self":[{"href":"https:\/\/thefortune.one\/pt\/wp-json\/wp\/v2\/posts\/4349","targetHints":{"allow":["GET"]}}],"collection":[{"href":"https:\/\/thefortune.one\/pt\/wp-json\/wp\/v2\/posts"}],"about":[{"href":"https:\/\/thefortune.one\/pt\/wp-json\/wp\/v2\/types\/post"}],"author":[{"embeddable":true,"href":"https:\/\/thefortune.one\/pt\/wp-json\/wp\/v2\/users\/3"}],"replies":[{"embeddable":true,"href":"https:\/\/thefortune.one\/pt\/wp-json\/wp\/v2\/comments?post=4349"}],"version-history":[{"count":1,"href":"https:\/\/thefortune.one\/pt\/wp-json\/wp\/v2\/posts\/4349\/revisions"}],"predecessor-version":[{"id":4352,"href":"https:\/\/thefortune.one\/pt\/wp-json\/wp\/v2\/posts\/4349\/revisions\/4352"}],"wp:featuredmedia":[{"embeddable":true,"href":"https:\/\/thefortune.one\/pt\/wp-json\/wp\/v2\/media\/4351"}],"wp:attachment":[{"href":"https:\/\/thefortune.one\/pt\/wp-json\/wp\/v2\/media?parent=4349"}],"wp:term":[{"taxonomy":"category","embeddable":true,"href":"https:\/\/thefortune.one\/pt\/wp-json\/wp\/v2\/categories?post=4349"},{"taxonomy":"post_tag","embeddable":true,"href":"https:\/\/thefortune.one\/pt\/wp-json\/wp\/v2\/tags?post=4349"}],"curies":[{"name":"wp","href":"https:\/\/api.w.org\/{rel}","templated":true}]}}