{"id":4283,"date":"2023-10-30T12:36:30","date_gmt":"2023-10-30T12:36:30","guid":{"rendered":"https:\/\/thefortune.one\/?p=4283"},"modified":"2023-10-30T12:36:30","modified_gmt":"2023-10-30T12:36:30","slug":"risco-fiscal-falas-de-lula-geram-incerteza-crucial-sobre-arcabouco-veja-o-que-dizem-os-economistas","status":"publish","type":"post","link":"https:\/\/thefortune.one\/pt\/risco-fiscal-falas-de-lula-geram-incerteza-crucial-sobre-arcabouco-veja-o-que-dizem-os-economistas\/","title":{"rendered":"Risco fiscal: Falas de Lula geram incerteza crucial sobre arcabou\u00e7o; veja o que dizem os economistas"},"content":{"rendered":"<p>Por\u00a0<a href=\"https:\/\/www.moneytimes.com.br\/author\/juliana-americo\/\">Juliana Am\u00e9rico<\/a><\/p>\n\n\n\n<figure class=\"wp-block-image\" id=\"attachment_978119\"><img decoding=\"async\" src=\"https:\/\/media.moneytimes.com.br\/uploads\/2023\/10\/lula-fiscal.jpg\" alt=\"Lula Fiscal\" class=\"wp-image-978119\" \/><figcaption class=\"wp-element-caption\">Mais cedo, Lula disse que o governo \u201cdificilmente\u201d vai conseguir cumprir com a meta do arcabou\u00e7o fiscal de zerar o d\u00e9ficit em 2024. (Imagem: Marcelo Camargo\/Ag\u00eancia Brasil)<\/figcaption><\/figure>\n\n\n\n<p>O presidente<strong>&nbsp;Luiz In\u00e1cio Lula da Silva<\/strong>&nbsp;jogou uma bomba no mercado nesta sexta-feira (27) ao declarar que \u201cdificilmente\u201d o governo vai conseguir atingir a meta do arcabou\u00e7o fiscal de zerar o d\u00e9ficit p\u00fablico em 2024.<\/p>\n\n\n\n<p>Durante um encontro realizado com a imprensa,&nbsp;<strong><a href=\"https:\/\/www.moneytimes.com.br\/tag\/lula\/\">Lula<\/a>&nbsp;<\/strong>disse que vai fazer o que puder para cumprir com a meta estabelecida no&nbsp;<strong><a href=\"https:\/\/www.moneytimes.com.br\/tag\/arcabouco-fiscal\/\">arcabou\u00e7o fiscal<\/a><\/strong>, mas que n\u00e3o quer come\u00e7ar o ano que vem fazendo cortes de bilh\u00f5es de reais em investimentos e obras.<\/p>\n\n\n\n<p>\u201cTudo que a gente puder fazer para cumprir a meta fiscal a gente vai fazer. O que eu posso dizer \u00e9 que ela n\u00e3o precisa ser zero, a gente n\u00e3o precisa disso. Eu n\u00e3o vou estabelecer uma meta&nbsp;<strong><a href=\"https:\/\/www.moneytimes.com.br\/tag\/fiscal\">fiscal<\/a>&nbsp;<\/strong>que me obrigue a come\u00e7ar o ano fazendo corte de bilh\u00f5es nas obras que s\u00e3o priorit\u00e1rias para este pa\u00eds\u201d, disse.<\/p>\n\n\n\n<ul class=\"wp-block-list\">\n<li><a href=\"https:\/\/www.moneytimes.com.br\/lula-coloca-trabalho-de-haddad-em-cheque-e-admite-que-dificilmente-ira-zerar-a-meta-fiscal\/\">Lula coloca trabalho de Haddad em cheque e admite que \u2018dificilmente\u2019 ir\u00e1 zerar a meta fiscal<\/a><\/li>\n<\/ul>\n\n\n\n<h2 class=\"wp-block-heading\">Mercado reage mal \u00e0 fala de Lula<\/h2>\n\n\n\n<p>O&nbsp;<strong>Ibovespa<\/strong>&nbsp;(<strong>IBOV)<\/strong>, que passava o dia sem dire\u00e7\u00e3o definida, firmou queda ap\u00f3s a fala de Lula. Por volta das 15h24, o principal \u00edndice da Bolsa recuava 1,59%, aos 112.957 mil pontos.<\/p>\n\n\n\n<ul class=\"wp-block-list\">\n<li><a href=\"https:\/\/www.moneytimes.com.br\/ibovespa-fala-de-lula-empurra-bolsa-para-baixo\/\">Ibovespa: Fala de Lula empurra Bolsa para baixo; juros futuros aceleram ganhos<\/a><\/li>\n<\/ul>\n\n\n\n<p>Os economistas destacam que a declara\u00e7\u00e3o gera desconfian\u00e7as e coloca em cheque todo o trabalho do&nbsp;<strong><a href=\"https:\/\/www.moneytimes.com.br\/tag\/ministerio-da-fazenda\">Minist\u00e9rio da Fazenda<\/a><\/strong>.<\/p>\n\n\n\n<p>Carlos Kawall, s\u00f3cio-fundador da Oriz Partners, afirma que, no fundo, o presidente disse que o arcabou\u00e7o fiscal n\u00e3o vale de nada e que ele parece preferir mudar a meta do que fazer contingenciamento. \u201cAs falas s\u00e3o desrespeitosas com trabalho de Haddad para zerar d\u00e9ficit\u201d, aponta.<\/p>\n\n\n\n<ul class=\"wp-block-list\">\n<li><strong>Vale pagar\u00e1 R$ 2,33 por a\u00e7\u00e3o em dividendos e JCP:&nbsp;<\/strong>\u00e9 hora de comprar as a\u00e7\u00f5es da mineradora para aproveitar os proventos?&nbsp;<a href=\"https:\/\/www.youtube.com\/watch?v=lPD0NQrGBPE\"><strong>Confira a resposta do analista Ruy Hungria no Giro do Mercado desta sexta-feira (27):<\/strong><\/a><\/li>\n<\/ul>\n\n\n\n<figure class=\"wp-block-embed is-type-rich is-provider-embed-handler wp-block-embed-embed-handler\"><div class=\"wp-block-embed__wrapper\">\nhttps:\/\/youtube.com\/watch?v=lPD0NQrGBPE%3Ffeature%3Doembed\n<\/div><\/figure>\n\n\n\n<p>J\u00e1 Gustavo Cruz, estrategista-chefe da RB Investimentos, diz que a declara\u00e7\u00e3o pega mal para a percep\u00e7\u00e3o de risco no Brasil e lembra que n\u00e3o foi o mercado que determinou a meta, mas sim a equipe econ\u00f4mica com o aval do pr\u00f3prio Lula.<\/p>\n\n\n\n<p>Em sua fala, o presidente aproveitou para alfinetar o mercado, ao dizer que \u201co mercado \u00e9 ganancioso\u201d e que fica cobrando uma meta que acredita que vai ser realmente cumprida. Ele tamb\u00e9m destacou que n\u00e3o \u00e9 um problema se o Brasil tiver d\u00e9ficit de 0,5% ou 0,25% do Produto Interno Bruto (PIB).<\/p>\n\n\n\n<p>\u201cQuando ele diz que se tiver d\u00e9ficit de 0,5% ou 0,25% n\u00e3o \u00e9 nada, sabemos que n\u00e3o \u00e9 verdade\u201d, destaca Cruz.<\/p>\n\n\n\n<p>Silvio Campos Neto, analista na Tend\u00eancias Consultoria, avalia que as falas elevam a desconfian\u00e7a que j\u00e1 existia e p\u00f5em uma incerteza crucial na amarra colocada no arcabou\u00e7o.<\/p>\n\n\n\n<p>Por fim, Felipe Salto, economista-chefe da Warren Rena, lembra que a fala de hoje n\u00e3o \u00e9 novidade para ningu\u00e9m. \u201cApenas refor\u00e7a o discurso de preserva\u00e7\u00e3o de investimentos p\u00fablicos, em linha com as diretrizes do atual governo\u201d, diz.<\/p>\n\n\n\n<h2 class=\"wp-block-heading\">Entenda a meta fiscal<\/h2>\n\n\n\n<p>Quando anunciou o projeto do arcabou\u00e7o fiscal, o ministro&nbsp;<strong><a href=\"https:\/\/www.moneytimes.com.br\/tag\/fernando-haddad\/\">Fernando Haddad<\/a><\/strong>&nbsp;se comprometeu a zerar o d\u00e9ficit p\u00fablico j\u00e1 no ano de 2024. Al\u00e9m disso, a proje\u00e7\u00e3o \u00e9 de super\u00e1vit nos anos seguintes.<\/p>\n\n\n\n<p>No entanto, para atingir a meta, a equipe econ\u00f4mica precisa aumentar a arrecada\u00e7\u00e3o da Uni\u00e3o. Nesta semana, a C\u00e2mara dos Deputados aprovou o projeto de taxa\u00e7\u00e3o de fundos offshore e exclusivos, mas outros textos importantes para a Fazenda est\u00e3o em an\u00e1lise.<\/p>\n\n\n\n<p>Fonte:https:\/\/www.moneytimes.com.br\/risco-fiscal-falas-de-lula-geram-incerteza-crucial-sobre-arcabouco-veja-o-que-dizem-os-economistas\/<\/p>","protected":false},"excerpt":{"rendered":"<p>Por\u00a0Juliana Am\u00e9rico O presidente&nbsp;Luiz In\u00e1cio Lula da Silva&nbsp;jogou uma bomba no mercado nesta sexta-feira (27) ao declarar que \u201cdificilmente\u201d o governo vai conseguir atingir a meta do arcabou\u00e7o fiscal de zerar o d\u00e9ficit p\u00fablico em 2024. Durante um encontro realizado com a imprensa,&nbsp;Lula&nbsp;disse que vai fazer o que puder para cumprir com a meta estabelecida [&hellip;]<\/p>\n","protected":false},"author":3,"featured_media":4285,"comment_status":"open","ping_status":"open","sticky":false,"template":"","format":"standard","meta":{"_joinchat":[],"footnotes":""},"categories":[1],"tags":[],"class_list":["post-4283","post","type-post","status-publish","format-standard","has-post-thumbnail","hentry","category-the-fortune-one"],"yoast_head":"<!-- This site is optimized with the Yoast SEO plugin v27.5 - https:\/\/yoast.com\/product\/yoast-seo-wordpress\/ -->\n<title>Risco fiscal: Falas de Lula geram incerteza crucial sobre arcabou\u00e7o; veja o que dizem os economistas - The Fortune.one<\/title>\n<meta name=\"description\" content=\"Somos especialistas em gest\u00e3o patrimonial, op\u00e7\u00f5es de investimentos para diversos perfis, nosso diferencial \u00e9 comprovado com resultados.\" \/>\n<meta name=\"robots\" content=\"index, follow, max-snippet:-1, max-image-preview:large, max-video-preview:-1\" \/>\n<link rel=\"canonical\" href=\"https:\/\/thefortune.one\/pt\/risco-fiscal-falas-de-lula-geram-incerteza-crucial-sobre-arcabouco-veja-o-que-dizem-os-economistas\/\" \/>\n<meta property=\"og:locale\" content=\"pt_BR\" \/>\n<meta property=\"og:type\" content=\"article\" \/>\n<meta property=\"og:title\" content=\"Risco fiscal: Falas de Lula geram incerteza crucial sobre arcabou\u00e7o; veja o que dizem os economistas - The Fortune.one\" \/>\n<meta property=\"og:description\" content=\"Somos especialistas em gest\u00e3o patrimonial, op\u00e7\u00f5es de investimentos para diversos perfis, nosso diferencial \u00e9 comprovado com resultados.\" \/>\n<meta property=\"og:url\" content=\"https:\/\/thefortune.one\/pt\/risco-fiscal-falas-de-lula-geram-incerteza-crucial-sobre-arcabouco-veja-o-que-dizem-os-economistas\/\" \/>\n<meta property=\"og:site_name\" content=\"The Fortune.one\" \/>\n<meta property=\"article:published_time\" content=\"2023-10-30T12:36:30+00:00\" \/>\n<meta property=\"og:image\" content=\"https:\/\/thefortune.one\/wp-content\/uploads\/2023\/10\/lula-inacio.jpg\" \/>\n\t<meta property=\"og:image:width\" content=\"1280\" \/>\n\t<meta property=\"og:image:height\" content=\"680\" \/>\n\t<meta property=\"og:image:type\" content=\"image\/jpeg\" \/>\n<meta name=\"author\" content=\"bianca\" \/>\n<meta name=\"twitter:card\" content=\"summary_large_image\" \/>\n<meta name=\"twitter:label1\" content=\"Escrito por\" \/>\n\t<meta name=\"twitter:data1\" content=\"bianca\" \/>\n\t<meta name=\"twitter:label2\" content=\"Est. tempo de leitura\" \/>\n\t<meta name=\"twitter:data2\" content=\"3 minutos\" \/>\n<script type=\"application\/ld+json\" class=\"yoast-schema-graph\">{\"@context\":\"https:\\\/\\\/schema.org\",\"@graph\":[{\"@type\":\"Article\",\"@id\":\"https:\\\/\\\/thefortune.one\\\/pt\\\/risco-fiscal-falas-de-lula-geram-incerteza-crucial-sobre-arcabouco-veja-o-que-dizem-os-economistas\\\/#article\",\"isPartOf\":{\"@id\":\"https:\\\/\\\/thefortune.one\\\/pt\\\/risco-fiscal-falas-de-lula-geram-incerteza-crucial-sobre-arcabouco-veja-o-que-dizem-os-economistas\\\/\"},\"author\":{\"name\":\"bianca\",\"@id\":\"https:\\\/\\\/thefortune.one\\\/pt\\\/#\\\/schema\\\/person\\\/6cd8fe72a627d36caabf41815984a16f\"},\"headline\":\"Risco fiscal: Falas de Lula geram incerteza crucial sobre arcabou\u00e7o; veja o que dizem os economistas\",\"datePublished\":\"2023-10-30T12:36:30+00:00\",\"mainEntityOfPage\":{\"@id\":\"https:\\\/\\\/thefortune.one\\\/pt\\\/risco-fiscal-falas-de-lula-geram-incerteza-crucial-sobre-arcabouco-veja-o-que-dizem-os-economistas\\\/\"},\"wordCount\":684,\"commentCount\":0,\"publisher\":{\"@id\":\"https:\\\/\\\/thefortune.one\\\/pt\\\/#organization\"},\"image\":{\"@id\":\"https:\\\/\\\/thefortune.one\\\/pt\\\/risco-fiscal-falas-de-lula-geram-incerteza-crucial-sobre-arcabouco-veja-o-que-dizem-os-economistas\\\/#primaryimage\"},\"thumbnailUrl\":\"https:\\\/\\\/thefortune.one\\\/wp-content\\\/uploads\\\/2023\\\/10\\\/lula-inacio.jpg\",\"articleSection\":[\"The Fortune.one\"],\"inLanguage\":\"pt-BR\",\"potentialAction\":[{\"@type\":\"CommentAction\",\"name\":\"Comment\",\"target\":[\"https:\\\/\\\/thefortune.one\\\/pt\\\/risco-fiscal-falas-de-lula-geram-incerteza-crucial-sobre-arcabouco-veja-o-que-dizem-os-economistas\\\/#respond\"]}]},{\"@type\":\"WebPage\",\"@id\":\"https:\\\/\\\/thefortune.one\\\/pt\\\/risco-fiscal-falas-de-lula-geram-incerteza-crucial-sobre-arcabouco-veja-o-que-dizem-os-economistas\\\/\",\"url\":\"https:\\\/\\\/thefortune.one\\\/pt\\\/risco-fiscal-falas-de-lula-geram-incerteza-crucial-sobre-arcabouco-veja-o-que-dizem-os-economistas\\\/\",\"name\":\"Risco fiscal: Falas de Lula geram incerteza crucial sobre arcabou\u00e7o; veja o que dizem os economistas - The Fortune.one\",\"isPartOf\":{\"@id\":\"https:\\\/\\\/thefortune.one\\\/pt\\\/#website\"},\"primaryImageOfPage\":{\"@id\":\"https:\\\/\\\/thefortune.one\\\/pt\\\/risco-fiscal-falas-de-lula-geram-incerteza-crucial-sobre-arcabouco-veja-o-que-dizem-os-economistas\\\/#primaryimage\"},\"image\":{\"@id\":\"https:\\\/\\\/thefortune.one\\\/pt\\\/risco-fiscal-falas-de-lula-geram-incerteza-crucial-sobre-arcabouco-veja-o-que-dizem-os-economistas\\\/#primaryimage\"},\"thumbnailUrl\":\"https:\\\/\\\/thefortune.one\\\/wp-content\\\/uploads\\\/2023\\\/10\\\/lula-inacio.jpg\",\"datePublished\":\"2023-10-30T12:36:30+00:00\",\"description\":\"Somos especialistas em gest\u00e3o patrimonial, op\u00e7\u00f5es de investimentos para diversos perfis, nosso diferencial \u00e9 comprovado com resultados.\",\"breadcrumb\":{\"@id\":\"https:\\\/\\\/thefortune.one\\\/pt\\\/risco-fiscal-falas-de-lula-geram-incerteza-crucial-sobre-arcabouco-veja-o-que-dizem-os-economistas\\\/#breadcrumb\"},\"inLanguage\":\"pt-BR\",\"potentialAction\":[{\"@type\":\"ReadAction\",\"target\":[\"https:\\\/\\\/thefortune.one\\\/pt\\\/risco-fiscal-falas-de-lula-geram-incerteza-crucial-sobre-arcabouco-veja-o-que-dizem-os-economistas\\\/\"]}]},{\"@type\":\"ImageObject\",\"inLanguage\":\"pt-BR\",\"@id\":\"https:\\\/\\\/thefortune.one\\\/pt\\\/risco-fiscal-falas-de-lula-geram-incerteza-crucial-sobre-arcabouco-veja-o-que-dizem-os-economistas\\\/#primaryimage\",\"url\":\"https:\\\/\\\/thefortune.one\\\/wp-content\\\/uploads\\\/2023\\\/10\\\/lula-inacio.jpg\",\"contentUrl\":\"https:\\\/\\\/thefortune.one\\\/wp-content\\\/uploads\\\/2023\\\/10\\\/lula-inacio.jpg\",\"width\":1280,\"height\":680},{\"@type\":\"BreadcrumbList\",\"@id\":\"https:\\\/\\\/thefortune.one\\\/pt\\\/risco-fiscal-falas-de-lula-geram-incerteza-crucial-sobre-arcabouco-veja-o-que-dizem-os-economistas\\\/#breadcrumb\",\"itemListElement\":[{\"@type\":\"ListItem\",\"position\":1,\"name\":\"In\u00edcio\",\"item\":\"https:\\\/\\\/thefortune.one\\\/pt\\\/\"},{\"@type\":\"ListItem\",\"position\":2,\"name\":\"Risco fiscal: Falas de Lula geram incerteza crucial sobre arcabou\u00e7o; veja o que dizem os economistas\"}]},{\"@type\":\"WebSite\",\"@id\":\"https:\\\/\\\/thefortune.one\\\/pt\\\/#website\",\"url\":\"https:\\\/\\\/thefortune.one\\\/pt\\\/\",\"name\":\"The Fortune.one\",\"description\":\"Gestora de Recursos Especializada em Private Equity\",\"publisher\":{\"@id\":\"https:\\\/\\\/thefortune.one\\\/pt\\\/#organization\"},\"potentialAction\":[{\"@type\":\"SearchAction\",\"target\":{\"@type\":\"EntryPoint\",\"urlTemplate\":\"https:\\\/\\\/thefortune.one\\\/pt\\\/?s={search_term_string}\"},\"query-input\":{\"@type\":\"PropertyValueSpecification\",\"valueRequired\":true,\"valueName\":\"search_term_string\"}}],\"inLanguage\":\"pt-BR\"},{\"@type\":\"Organization\",\"@id\":\"https:\\\/\\\/thefortune.one\\\/pt\\\/#organization\",\"name\":\"The Fortune One\",\"url\":\"https:\\\/\\\/thefortune.one\\\/pt\\\/\",\"logo\":{\"@type\":\"ImageObject\",\"inLanguage\":\"pt-BR\",\"@id\":\"https:\\\/\\\/thefortune.one\\\/pt\\\/#\\\/schema\\\/logo\\\/image\\\/\",\"url\":\"https:\\\/\\\/thefortune.one\\\/wp-content\\\/uploads\\\/2022\\\/11\\\/cropped-cropped-1651682701199-1.jpg\",\"contentUrl\":\"https:\\\/\\\/thefortune.one\\\/wp-content\\\/uploads\\\/2022\\\/11\\\/cropped-cropped-1651682701199-1.jpg\",\"width\":369,\"height\":421,\"caption\":\"The Fortune One\"},\"image\":{\"@id\":\"https:\\\/\\\/thefortune.one\\\/pt\\\/#\\\/schema\\\/logo\\\/image\\\/\"}},{\"@type\":\"Person\",\"@id\":\"https:\\\/\\\/thefortune.one\\\/pt\\\/#\\\/schema\\\/person\\\/6cd8fe72a627d36caabf41815984a16f\",\"name\":\"bianca\",\"image\":{\"@type\":\"ImageObject\",\"inLanguage\":\"pt-BR\",\"@id\":\"https:\\\/\\\/secure.gravatar.com\\\/avatar\\\/66cd7b00d93410555e00d1e6a911a86de0cd0cfa4f83a2f8b47eddc2968c98af?s=96&d=mm&r=g\",\"url\":\"https:\\\/\\\/secure.gravatar.com\\\/avatar\\\/66cd7b00d93410555e00d1e6a911a86de0cd0cfa4f83a2f8b47eddc2968c98af?s=96&d=mm&r=g\",\"contentUrl\":\"https:\\\/\\\/secure.gravatar.com\\\/avatar\\\/66cd7b00d93410555e00d1e6a911a86de0cd0cfa4f83a2f8b47eddc2968c98af?s=96&d=mm&r=g\",\"caption\":\"bianca\"},\"url\":\"https:\\\/\\\/thefortune.one\\\/pt\\\/author\\\/bianca\\\/\"}]}<\/script>\n<!-- \/ Yoast SEO plugin. -->","yoast_head_json":{"title":"Risco fiscal: Falas de Lula geram incerteza crucial sobre arcabou\u00e7o; veja o que dizem os economistas - The Fortune.one","description":"Somos especialistas em gest\u00e3o patrimonial, op\u00e7\u00f5es de investimentos para diversos perfis, nosso diferencial \u00e9 comprovado com resultados.","robots":{"index":"index","follow":"follow","max-snippet":"max-snippet:-1","max-image-preview":"max-image-preview:large","max-video-preview":"max-video-preview:-1"},"canonical":"https:\/\/thefortune.one\/pt\/risco-fiscal-falas-de-lula-geram-incerteza-crucial-sobre-arcabouco-veja-o-que-dizem-os-economistas\/","og_locale":"pt_BR","og_type":"article","og_title":"Risco fiscal: Falas de Lula geram incerteza crucial sobre arcabou\u00e7o; veja o que dizem os economistas - The Fortune.one","og_description":"Somos especialistas em gest\u00e3o patrimonial, op\u00e7\u00f5es de investimentos para diversos perfis, nosso diferencial \u00e9 comprovado com resultados.","og_url":"https:\/\/thefortune.one\/pt\/risco-fiscal-falas-de-lula-geram-incerteza-crucial-sobre-arcabouco-veja-o-que-dizem-os-economistas\/","og_site_name":"The Fortune.one","article_published_time":"2023-10-30T12:36:30+00:00","og_image":[{"width":1280,"height":680,"url":"https:\/\/thefortune.one\/wp-content\/uploads\/2023\/10\/lula-inacio.jpg","type":"image\/jpeg"}],"author":"bianca","twitter_card":"summary_large_image","twitter_misc":{"Escrito por":"bianca","Est. tempo de leitura":"3 minutos"},"schema":{"@context":"https:\/\/schema.org","@graph":[{"@type":"Article","@id":"https:\/\/thefortune.one\/pt\/risco-fiscal-falas-de-lula-geram-incerteza-crucial-sobre-arcabouco-veja-o-que-dizem-os-economistas\/#article","isPartOf":{"@id":"https:\/\/thefortune.one\/pt\/risco-fiscal-falas-de-lula-geram-incerteza-crucial-sobre-arcabouco-veja-o-que-dizem-os-economistas\/"},"author":{"name":"bianca","@id":"https:\/\/thefortune.one\/pt\/#\/schema\/person\/6cd8fe72a627d36caabf41815984a16f"},"headline":"Risco fiscal: Falas de Lula geram incerteza crucial sobre arcabou\u00e7o; veja o que dizem os economistas","datePublished":"2023-10-30T12:36:30+00:00","mainEntityOfPage":{"@id":"https:\/\/thefortune.one\/pt\/risco-fiscal-falas-de-lula-geram-incerteza-crucial-sobre-arcabouco-veja-o-que-dizem-os-economistas\/"},"wordCount":684,"commentCount":0,"publisher":{"@id":"https:\/\/thefortune.one\/pt\/#organization"},"image":{"@id":"https:\/\/thefortune.one\/pt\/risco-fiscal-falas-de-lula-geram-incerteza-crucial-sobre-arcabouco-veja-o-que-dizem-os-economistas\/#primaryimage"},"thumbnailUrl":"https:\/\/thefortune.one\/wp-content\/uploads\/2023\/10\/lula-inacio.jpg","articleSection":["The Fortune.one"],"inLanguage":"pt-BR","potentialAction":[{"@type":"CommentAction","name":"Comment","target":["https:\/\/thefortune.one\/pt\/risco-fiscal-falas-de-lula-geram-incerteza-crucial-sobre-arcabouco-veja-o-que-dizem-os-economistas\/#respond"]}]},{"@type":"WebPage","@id":"https:\/\/thefortune.one\/pt\/risco-fiscal-falas-de-lula-geram-incerteza-crucial-sobre-arcabouco-veja-o-que-dizem-os-economistas\/","url":"https:\/\/thefortune.one\/pt\/risco-fiscal-falas-de-lula-geram-incerteza-crucial-sobre-arcabouco-veja-o-que-dizem-os-economistas\/","name":"Risco fiscal: Falas de Lula geram incerteza crucial sobre arcabou\u00e7o; veja o que dizem os economistas - The Fortune.one","isPartOf":{"@id":"https:\/\/thefortune.one\/pt\/#website"},"primaryImageOfPage":{"@id":"https:\/\/thefortune.one\/pt\/risco-fiscal-falas-de-lula-geram-incerteza-crucial-sobre-arcabouco-veja-o-que-dizem-os-economistas\/#primaryimage"},"image":{"@id":"https:\/\/thefortune.one\/pt\/risco-fiscal-falas-de-lula-geram-incerteza-crucial-sobre-arcabouco-veja-o-que-dizem-os-economistas\/#primaryimage"},"thumbnailUrl":"https:\/\/thefortune.one\/wp-content\/uploads\/2023\/10\/lula-inacio.jpg","datePublished":"2023-10-30T12:36:30+00:00","description":"Somos especialistas em gest\u00e3o patrimonial, op\u00e7\u00f5es de investimentos para diversos perfis, nosso diferencial \u00e9 comprovado com resultados.","breadcrumb":{"@id":"https:\/\/thefortune.one\/pt\/risco-fiscal-falas-de-lula-geram-incerteza-crucial-sobre-arcabouco-veja-o-que-dizem-os-economistas\/#breadcrumb"},"inLanguage":"pt-BR","potentialAction":[{"@type":"ReadAction","target":["https:\/\/thefortune.one\/pt\/risco-fiscal-falas-de-lula-geram-incerteza-crucial-sobre-arcabouco-veja-o-que-dizem-os-economistas\/"]}]},{"@type":"ImageObject","inLanguage":"pt-BR","@id":"https:\/\/thefortune.one\/pt\/risco-fiscal-falas-de-lula-geram-incerteza-crucial-sobre-arcabouco-veja-o-que-dizem-os-economistas\/#primaryimage","url":"https:\/\/thefortune.one\/wp-content\/uploads\/2023\/10\/lula-inacio.jpg","contentUrl":"https:\/\/thefortune.one\/wp-content\/uploads\/2023\/10\/lula-inacio.jpg","width":1280,"height":680},{"@type":"BreadcrumbList","@id":"https:\/\/thefortune.one\/pt\/risco-fiscal-falas-de-lula-geram-incerteza-crucial-sobre-arcabouco-veja-o-que-dizem-os-economistas\/#breadcrumb","itemListElement":[{"@type":"ListItem","position":1,"name":"In\u00edcio","item":"https:\/\/thefortune.one\/pt\/"},{"@type":"ListItem","position":2,"name":"Risco fiscal: Falas de Lula geram incerteza crucial sobre arcabou\u00e7o; veja o que dizem os economistas"}]},{"@type":"WebSite","@id":"https:\/\/thefortune.one\/pt\/#website","url":"https:\/\/thefortune.one\/pt\/","name":"The Fortune.one","description":"Gestora de Recursos Especializada em Private Equity","publisher":{"@id":"https:\/\/thefortune.one\/pt\/#organization"},"potentialAction":[{"@type":"SearchAction","target":{"@type":"EntryPoint","urlTemplate":"https:\/\/thefortune.one\/pt\/?s={search_term_string}"},"query-input":{"@type":"PropertyValueSpecification","valueRequired":true,"valueName":"search_term_string"}}],"inLanguage":"pt-BR"},{"@type":"Organization","@id":"https:\/\/thefortune.one\/pt\/#organization","name":"The Fortune One","url":"https:\/\/thefortune.one\/pt\/","logo":{"@type":"ImageObject","inLanguage":"pt-BR","@id":"https:\/\/thefortune.one\/pt\/#\/schema\/logo\/image\/","url":"https:\/\/thefortune.one\/wp-content\/uploads\/2022\/11\/cropped-cropped-1651682701199-1.jpg","contentUrl":"https:\/\/thefortune.one\/wp-content\/uploads\/2022\/11\/cropped-cropped-1651682701199-1.jpg","width":369,"height":421,"caption":"The Fortune One"},"image":{"@id":"https:\/\/thefortune.one\/pt\/#\/schema\/logo\/image\/"}},{"@type":"Person","@id":"https:\/\/thefortune.one\/pt\/#\/schema\/person\/6cd8fe72a627d36caabf41815984a16f","name":"bianca","image":{"@type":"ImageObject","inLanguage":"pt-BR","@id":"https:\/\/secure.gravatar.com\/avatar\/66cd7b00d93410555e00d1e6a911a86de0cd0cfa4f83a2f8b47eddc2968c98af?s=96&d=mm&r=g","url":"https:\/\/secure.gravatar.com\/avatar\/66cd7b00d93410555e00d1e6a911a86de0cd0cfa4f83a2f8b47eddc2968c98af?s=96&d=mm&r=g","contentUrl":"https:\/\/secure.gravatar.com\/avatar\/66cd7b00d93410555e00d1e6a911a86de0cd0cfa4f83a2f8b47eddc2968c98af?s=96&d=mm&r=g","caption":"bianca"},"url":"https:\/\/thefortune.one\/pt\/author\/bianca\/"}]}},"_links":{"self":[{"href":"https:\/\/thefortune.one\/pt\/wp-json\/wp\/v2\/posts\/4283","targetHints":{"allow":["GET"]}}],"collection":[{"href":"https:\/\/thefortune.one\/pt\/wp-json\/wp\/v2\/posts"}],"about":[{"href":"https:\/\/thefortune.one\/pt\/wp-json\/wp\/v2\/types\/post"}],"author":[{"embeddable":true,"href":"https:\/\/thefortune.one\/pt\/wp-json\/wp\/v2\/users\/3"}],"replies":[{"embeddable":true,"href":"https:\/\/thefortune.one\/pt\/wp-json\/wp\/v2\/comments?post=4283"}],"version-history":[{"count":1,"href":"https:\/\/thefortune.one\/pt\/wp-json\/wp\/v2\/posts\/4283\/revisions"}],"predecessor-version":[{"id":4286,"href":"https:\/\/thefortune.one\/pt\/wp-json\/wp\/v2\/posts\/4283\/revisions\/4286"}],"wp:featuredmedia":[{"embeddable":true,"href":"https:\/\/thefortune.one\/pt\/wp-json\/wp\/v2\/media\/4285"}],"wp:attachment":[{"href":"https:\/\/thefortune.one\/pt\/wp-json\/wp\/v2\/media?parent=4283"}],"wp:term":[{"taxonomy":"category","embeddable":true,"href":"https:\/\/thefortune.one\/pt\/wp-json\/wp\/v2\/categories?post=4283"},{"taxonomy":"post_tag","embeddable":true,"href":"https:\/\/thefortune.one\/pt\/wp-json\/wp\/v2\/tags?post=4283"}],"curies":[{"name":"wp","href":"https:\/\/api.w.org\/{rel}","templated":true}]}}