{"id":4270,"date":"2023-10-24T12:59:06","date_gmt":"2023-10-24T12:59:06","guid":{"rendered":"https:\/\/thefortune.one\/?p=4270"},"modified":"2023-10-24T12:59:06","modified_gmt":"2023-10-24T12:59:06","slug":"relator-da-reforma-tributaria-diz-que-revisao-das-aliquotas-diferenciadas-e-sinalizacao-para-o-mercado","status":"publish","type":"post","link":"https:\/\/thefortune.one\/pt\/relator-da-reforma-tributaria-diz-que-revisao-das-aliquotas-diferenciadas-e-sinalizacao-para-o-mercado\/","title":{"rendered":"Relator da reforma tribut\u00e1ria diz que revis\u00e3o das al\u00edquotas diferenciadas \u00e9 sinaliza\u00e7\u00e3o para o mercado"},"content":{"rendered":"<p>Senador se reuniu com o ministro da Fazenda, Fernando Haddad, e com t\u00e9cnicos da pasta para repassar pontos da proposta, finalizada no final de semana<img decoding=\"async\" src=\"https:\/\/www.cnnbrasil.com.br\/wp-content\/uploads\/sites\/12\/Reuters_Direct_Media\/BrazilOnlineReportBusinessNews\/tagreuters.com2023binary_LYNXMPEJ9I0YC-FILEDIMAGE-e1697815021258.jpg?w=1220&amp;h=674&amp;crop=1\" alt=\"Senador Eduardo Braga em Bras\u00edlia\">Senador Eduardo Braga em Bras\u00edlia05\/11\/2019 REUTERS\/Adriano Machado<\/p>\n\n\n\n<p><a href=\"https:\/\/www.cnnbrasil.com.br\/autor\/cristiane-norberto\/\">Cristiane Norberto<\/a>da CNN<\/p>\n\n\n\n<p>O relator da reforma sobre o consumo no Senado, Eduardo Braga (MDB-AM), afirmou que ser\u00e1 incorporada na proposta a revis\u00e3o, a cada cinco anos, dos regimes de tributa\u00e7\u00e3o diferenciados. Segundo o parlamentar, o novo dispositivo \u00e9 uma importante sinaliza\u00e7\u00e3o para o mercado.<\/p>\n\n\n\n<p>PUBLICIDADE<\/p>\n\n\n\n<p>\u201cEu acho que uma inova\u00e7\u00e3o importante \u00e9 que a cada cinco anos haver\u00e1 uma revis\u00e3o dos regimes diferenciados, com a an\u00e1lise do custo benef\u00edcio. Eu acho que isso \u00e9 um importante sinal para o mercado e para a na\u00e7\u00e3o brasileira de que o Congresso Nacional far\u00e1 uma revis\u00e3o desses regimes diferenciados a cada cinco anos para ver se esses regimes se justificam\u201d, disse nesta segunda-feira (23).<\/p>\n\n\n\n<p>O senador se reuniu com o ministro da Fazenda, Fernando Haddad, e com t\u00e9cnicos da pasta para repassar pontos da proposta, finalizada no final de semana. Entre os pontos principais, havia uma expectativa da equipe econ\u00f4mica de que Braga reduzisse o n\u00famero de exce\u00e7\u00f5es que os deputados colocaram no texto aprovado em junho na C\u00e2mara.<\/p>\n\n\n\n<p>Mas, o parlamentar disse que buscou ser restritivo e estabelecer \u201ccom bastantes crit\u00e9rios essa quest\u00e3o\u201d.<\/p>\n\n\n\n<h2 class=\"wp-block-heading\">Trava na carga tribut\u00e1ria<\/h2>\n\n\n\n<p>O senador confirmou que j\u00e1 est\u00e1 fechado no texto a trava que ser\u00e1 proposta para a carga tribut\u00e1ria. No entanto, ele descartou a proposta do Grupo de Trabalho sobre a reforma tribut\u00e1ria, apresentada na semana passada pela Comiss\u00e3o de Assuntos Econ\u00f4micos (CAE), que previa um teto para a al\u00edquota do IVA em 25%.<\/p>\n\n\n\n<p>Segundo o parlamentar, poderia haver uma \u201cinvas\u00e3o de compet\u00eancia\u201d com rela\u00e7\u00e3o aos entes federativos.<\/p>\n\n\n\n<p>\u201cEu creio que \u00e9 inapropriado, porque a gente invade a compet\u00eancia dos estados e dos munic\u00edpios. A gente n\u00e3o tem de colocar teto para a al\u00edquota, mas a carga tribut\u00e1ria.(\u2026) Ser\u00e1 uma equa\u00e7\u00e3o m\u00f3vel que vai auferindo a carga tribut\u00e1ria e apontando o seu tamanho. Se exceder, no ano subsequente, haver\u00e1 corre\u00e7\u00e3o da al\u00edquota\u201d, justificou.<\/p>\n\n\n\n<p>A expectativa do senador \u00e9 apresentar o texto na Comiss\u00e3o de Constitui\u00e7\u00e3o e Justi\u00e7a (CCJ) do Senado at\u00e9 a noite de ter\u00e7a-feira e ler o relat\u00f3rio na quarta-feira (25). A partir da\u00ed, por quest\u00f5es regimentais da Casa, ter\u00e3o de votar no plen\u00e1rio at\u00e9 o dia 7 de novembro.<\/p>\n\n\n\n<p>Fonte:https:\/\/www.cnnbrasil.com.br\/economia\/relator-da-reforma-tributaria-diz-que-revisao-das-aliquotas-diferenciadas-e-sinalizacao-para-o-mercado\/<\/p>","protected":false},"excerpt":{"rendered":"<p>Senador se reuniu com o ministro da Fazenda, Fernando Haddad, e com t\u00e9cnicos da pasta para repassar pontos da proposta, finalizada no final de semanaSenador Eduardo Braga em Bras\u00edlia05\/11\/2019 REUTERS\/Adriano Machado Cristiane Norbertoda CNN O relator da reforma sobre o consumo no Senado, Eduardo Braga (MDB-AM), afirmou que ser\u00e1 incorporada na proposta a revis\u00e3o, a [&hellip;]<\/p>\n","protected":false},"author":3,"featured_media":4271,"comment_status":"open","ping_status":"open","sticky":false,"template":"","format":"standard","meta":{"_joinchat":[],"footnotes":""},"categories":[1],"tags":[],"class_list":["post-4270","post","type-post","status-publish","format-standard","has-post-thumbnail","hentry","category-the-fortune-one"],"yoast_head":"<!-- This site is optimized with the Yoast SEO plugin v27.5 - https:\/\/yoast.com\/product\/yoast-seo-wordpress\/ -->\n<title>Relator da reforma tribut\u00e1ria diz que revis\u00e3o das al\u00edquotas diferenciadas \u00e9 sinaliza\u00e7\u00e3o para o mercado - The Fortune.one<\/title>\n<meta name=\"description\" content=\"Somos especialistas em gest\u00e3o patrimonial, op\u00e7\u00f5es de investimentos para diversos perfis, nosso diferencial \u00e9 comprovado com resultados.\" \/>\n<meta name=\"robots\" content=\"index, follow, max-snippet:-1, max-image-preview:large, max-video-preview:-1\" \/>\n<link rel=\"canonical\" href=\"https:\/\/thefortune.one\/pt\/relator-da-reforma-tributaria-diz-que-revisao-das-aliquotas-diferenciadas-e-sinalizacao-para-o-mercado\/\" \/>\n<meta property=\"og:locale\" content=\"pt_BR\" \/>\n<meta property=\"og:type\" content=\"article\" \/>\n<meta property=\"og:title\" content=\"Relator da reforma tribut\u00e1ria diz que revis\u00e3o das al\u00edquotas diferenciadas \u00e9 sinaliza\u00e7\u00e3o para o mercado - The Fortune.one\" \/>\n<meta property=\"og:description\" content=\"Somos especialistas em gest\u00e3o patrimonial, op\u00e7\u00f5es de investimentos para diversos perfis, nosso diferencial \u00e9 comprovado com resultados.\" \/>\n<meta property=\"og:url\" content=\"https:\/\/thefortune.one\/pt\/relator-da-reforma-tributaria-diz-que-revisao-das-aliquotas-diferenciadas-e-sinalizacao-para-o-mercado\/\" \/>\n<meta property=\"og:site_name\" content=\"The Fortune.one\" \/>\n<meta property=\"article:published_time\" content=\"2023-10-24T12:59:06+00:00\" \/>\n<meta property=\"og:image\" content=\"https:\/\/thefortune.one\/wp-content\/uploads\/2023\/10\/japones.jpg\" \/>\n\t<meta property=\"og:image:width\" content=\"1220\" \/>\n\t<meta property=\"og:image:height\" content=\"674\" \/>\n\t<meta property=\"og:image:type\" content=\"image\/jpeg\" \/>\n<meta name=\"author\" content=\"bianca\" \/>\n<meta name=\"twitter:card\" content=\"summary_large_image\" \/>\n<meta name=\"twitter:label1\" content=\"Escrito por\" \/>\n\t<meta name=\"twitter:data1\" content=\"bianca\" \/>\n\t<meta name=\"twitter:label2\" content=\"Est. tempo de leitura\" \/>\n\t<meta name=\"twitter:data2\" content=\"2 minutos\" \/>\n<script type=\"application\/ld+json\" class=\"yoast-schema-graph\">{\"@context\":\"https:\\\/\\\/schema.org\",\"@graph\":[{\"@type\":\"Article\",\"@id\":\"https:\\\/\\\/thefortune.one\\\/pt\\\/relator-da-reforma-tributaria-diz-que-revisao-das-aliquotas-diferenciadas-e-sinalizacao-para-o-mercado\\\/#article\",\"isPartOf\":{\"@id\":\"https:\\\/\\\/thefortune.one\\\/pt\\\/relator-da-reforma-tributaria-diz-que-revisao-das-aliquotas-diferenciadas-e-sinalizacao-para-o-mercado\\\/\"},\"author\":{\"name\":\"bianca\",\"@id\":\"https:\\\/\\\/thefortune.one\\\/pt\\\/#\\\/schema\\\/person\\\/6cd8fe72a627d36caabf41815984a16f\"},\"headline\":\"Relator da reforma tribut\u00e1ria diz que revis\u00e3o das al\u00edquotas diferenciadas \u00e9 sinaliza\u00e7\u00e3o para o mercado\",\"datePublished\":\"2023-10-24T12:59:06+00:00\",\"mainEntityOfPage\":{\"@id\":\"https:\\\/\\\/thefortune.one\\\/pt\\\/relator-da-reforma-tributaria-diz-que-revisao-das-aliquotas-diferenciadas-e-sinalizacao-para-o-mercado\\\/\"},\"wordCount\":450,\"commentCount\":0,\"publisher\":{\"@id\":\"https:\\\/\\\/thefortune.one\\\/pt\\\/#organization\"},\"image\":{\"@id\":\"https:\\\/\\\/thefortune.one\\\/pt\\\/relator-da-reforma-tributaria-diz-que-revisao-das-aliquotas-diferenciadas-e-sinalizacao-para-o-mercado\\\/#primaryimage\"},\"thumbnailUrl\":\"https:\\\/\\\/thefortune.one\\\/wp-content\\\/uploads\\\/2023\\\/10\\\/japones.jpg\",\"articleSection\":[\"The Fortune.one\"],\"inLanguage\":\"pt-BR\",\"potentialAction\":[{\"@type\":\"CommentAction\",\"name\":\"Comment\",\"target\":[\"https:\\\/\\\/thefortune.one\\\/pt\\\/relator-da-reforma-tributaria-diz-que-revisao-das-aliquotas-diferenciadas-e-sinalizacao-para-o-mercado\\\/#respond\"]}]},{\"@type\":\"WebPage\",\"@id\":\"https:\\\/\\\/thefortune.one\\\/pt\\\/relator-da-reforma-tributaria-diz-que-revisao-das-aliquotas-diferenciadas-e-sinalizacao-para-o-mercado\\\/\",\"url\":\"https:\\\/\\\/thefortune.one\\\/pt\\\/relator-da-reforma-tributaria-diz-que-revisao-das-aliquotas-diferenciadas-e-sinalizacao-para-o-mercado\\\/\",\"name\":\"Relator da reforma tribut\u00e1ria diz que revis\u00e3o das al\u00edquotas diferenciadas \u00e9 sinaliza\u00e7\u00e3o para o mercado - The Fortune.one\",\"isPartOf\":{\"@id\":\"https:\\\/\\\/thefortune.one\\\/pt\\\/#website\"},\"primaryImageOfPage\":{\"@id\":\"https:\\\/\\\/thefortune.one\\\/pt\\\/relator-da-reforma-tributaria-diz-que-revisao-das-aliquotas-diferenciadas-e-sinalizacao-para-o-mercado\\\/#primaryimage\"},\"image\":{\"@id\":\"https:\\\/\\\/thefortune.one\\\/pt\\\/relator-da-reforma-tributaria-diz-que-revisao-das-aliquotas-diferenciadas-e-sinalizacao-para-o-mercado\\\/#primaryimage\"},\"thumbnailUrl\":\"https:\\\/\\\/thefortune.one\\\/wp-content\\\/uploads\\\/2023\\\/10\\\/japones.jpg\",\"datePublished\":\"2023-10-24T12:59:06+00:00\",\"description\":\"Somos especialistas em gest\u00e3o patrimonial, op\u00e7\u00f5es de investimentos para diversos perfis, nosso diferencial \u00e9 comprovado com resultados.\",\"breadcrumb\":{\"@id\":\"https:\\\/\\\/thefortune.one\\\/pt\\\/relator-da-reforma-tributaria-diz-que-revisao-das-aliquotas-diferenciadas-e-sinalizacao-para-o-mercado\\\/#breadcrumb\"},\"inLanguage\":\"pt-BR\",\"potentialAction\":[{\"@type\":\"ReadAction\",\"target\":[\"https:\\\/\\\/thefortune.one\\\/pt\\\/relator-da-reforma-tributaria-diz-que-revisao-das-aliquotas-diferenciadas-e-sinalizacao-para-o-mercado\\\/\"]}]},{\"@type\":\"ImageObject\",\"inLanguage\":\"pt-BR\",\"@id\":\"https:\\\/\\\/thefortune.one\\\/pt\\\/relator-da-reforma-tributaria-diz-que-revisao-das-aliquotas-diferenciadas-e-sinalizacao-para-o-mercado\\\/#primaryimage\",\"url\":\"https:\\\/\\\/thefortune.one\\\/wp-content\\\/uploads\\\/2023\\\/10\\\/japones.jpg\",\"contentUrl\":\"https:\\\/\\\/thefortune.one\\\/wp-content\\\/uploads\\\/2023\\\/10\\\/japones.jpg\",\"width\":1220,\"height\":674},{\"@type\":\"BreadcrumbList\",\"@id\":\"https:\\\/\\\/thefortune.one\\\/pt\\\/relator-da-reforma-tributaria-diz-que-revisao-das-aliquotas-diferenciadas-e-sinalizacao-para-o-mercado\\\/#breadcrumb\",\"itemListElement\":[{\"@type\":\"ListItem\",\"position\":1,\"name\":\"In\u00edcio\",\"item\":\"https:\\\/\\\/thefortune.one\\\/pt\\\/\"},{\"@type\":\"ListItem\",\"position\":2,\"name\":\"Relator da reforma tribut\u00e1ria diz que revis\u00e3o das al\u00edquotas diferenciadas \u00e9 sinaliza\u00e7\u00e3o para o mercado\"}]},{\"@type\":\"WebSite\",\"@id\":\"https:\\\/\\\/thefortune.one\\\/pt\\\/#website\",\"url\":\"https:\\\/\\\/thefortune.one\\\/pt\\\/\",\"name\":\"The Fortune.one\",\"description\":\"Gestora de Recursos Especializada em Private Equity\",\"publisher\":{\"@id\":\"https:\\\/\\\/thefortune.one\\\/pt\\\/#organization\"},\"potentialAction\":[{\"@type\":\"SearchAction\",\"target\":{\"@type\":\"EntryPoint\",\"urlTemplate\":\"https:\\\/\\\/thefortune.one\\\/pt\\\/?s={search_term_string}\"},\"query-input\":{\"@type\":\"PropertyValueSpecification\",\"valueRequired\":true,\"valueName\":\"search_term_string\"}}],\"inLanguage\":\"pt-BR\"},{\"@type\":\"Organization\",\"@id\":\"https:\\\/\\\/thefortune.one\\\/pt\\\/#organization\",\"name\":\"The Fortune One\",\"url\":\"https:\\\/\\\/thefortune.one\\\/pt\\\/\",\"logo\":{\"@type\":\"ImageObject\",\"inLanguage\":\"pt-BR\",\"@id\":\"https:\\\/\\\/thefortune.one\\\/pt\\\/#\\\/schema\\\/logo\\\/image\\\/\",\"url\":\"https:\\\/\\\/thefortune.one\\\/wp-content\\\/uploads\\\/2022\\\/11\\\/cropped-cropped-1651682701199-1.jpg\",\"contentUrl\":\"https:\\\/\\\/thefortune.one\\\/wp-content\\\/uploads\\\/2022\\\/11\\\/cropped-cropped-1651682701199-1.jpg\",\"width\":369,\"height\":421,\"caption\":\"The Fortune One\"},\"image\":{\"@id\":\"https:\\\/\\\/thefortune.one\\\/pt\\\/#\\\/schema\\\/logo\\\/image\\\/\"}},{\"@type\":\"Person\",\"@id\":\"https:\\\/\\\/thefortune.one\\\/pt\\\/#\\\/schema\\\/person\\\/6cd8fe72a627d36caabf41815984a16f\",\"name\":\"bianca\",\"image\":{\"@type\":\"ImageObject\",\"inLanguage\":\"pt-BR\",\"@id\":\"https:\\\/\\\/secure.gravatar.com\\\/avatar\\\/66cd7b00d93410555e00d1e6a911a86de0cd0cfa4f83a2f8b47eddc2968c98af?s=96&d=mm&r=g\",\"url\":\"https:\\\/\\\/secure.gravatar.com\\\/avatar\\\/66cd7b00d93410555e00d1e6a911a86de0cd0cfa4f83a2f8b47eddc2968c98af?s=96&d=mm&r=g\",\"contentUrl\":\"https:\\\/\\\/secure.gravatar.com\\\/avatar\\\/66cd7b00d93410555e00d1e6a911a86de0cd0cfa4f83a2f8b47eddc2968c98af?s=96&d=mm&r=g\",\"caption\":\"bianca\"},\"url\":\"https:\\\/\\\/thefortune.one\\\/pt\\\/author\\\/bianca\\\/\"}]}<\/script>\n<!-- \/ Yoast SEO plugin. -->","yoast_head_json":{"title":"Relator da reforma tribut\u00e1ria diz que revis\u00e3o das al\u00edquotas diferenciadas \u00e9 sinaliza\u00e7\u00e3o para o mercado - The Fortune.one","description":"Somos especialistas em gest\u00e3o patrimonial, op\u00e7\u00f5es de investimentos para diversos perfis, nosso diferencial \u00e9 comprovado com resultados.","robots":{"index":"index","follow":"follow","max-snippet":"max-snippet:-1","max-image-preview":"max-image-preview:large","max-video-preview":"max-video-preview:-1"},"canonical":"https:\/\/thefortune.one\/pt\/relator-da-reforma-tributaria-diz-que-revisao-das-aliquotas-diferenciadas-e-sinalizacao-para-o-mercado\/","og_locale":"pt_BR","og_type":"article","og_title":"Relator da reforma tribut\u00e1ria diz que revis\u00e3o das al\u00edquotas diferenciadas \u00e9 sinaliza\u00e7\u00e3o para o mercado - The Fortune.one","og_description":"Somos especialistas em gest\u00e3o patrimonial, op\u00e7\u00f5es de investimentos para diversos perfis, nosso diferencial \u00e9 comprovado com resultados.","og_url":"https:\/\/thefortune.one\/pt\/relator-da-reforma-tributaria-diz-que-revisao-das-aliquotas-diferenciadas-e-sinalizacao-para-o-mercado\/","og_site_name":"The Fortune.one","article_published_time":"2023-10-24T12:59:06+00:00","og_image":[{"width":1220,"height":674,"url":"https:\/\/thefortune.one\/wp-content\/uploads\/2023\/10\/japones.jpg","type":"image\/jpeg"}],"author":"bianca","twitter_card":"summary_large_image","twitter_misc":{"Escrito por":"bianca","Est. tempo de leitura":"2 minutos"},"schema":{"@context":"https:\/\/schema.org","@graph":[{"@type":"Article","@id":"https:\/\/thefortune.one\/pt\/relator-da-reforma-tributaria-diz-que-revisao-das-aliquotas-diferenciadas-e-sinalizacao-para-o-mercado\/#article","isPartOf":{"@id":"https:\/\/thefortune.one\/pt\/relator-da-reforma-tributaria-diz-que-revisao-das-aliquotas-diferenciadas-e-sinalizacao-para-o-mercado\/"},"author":{"name":"bianca","@id":"https:\/\/thefortune.one\/pt\/#\/schema\/person\/6cd8fe72a627d36caabf41815984a16f"},"headline":"Relator da reforma tribut\u00e1ria diz que revis\u00e3o das al\u00edquotas diferenciadas \u00e9 sinaliza\u00e7\u00e3o para o mercado","datePublished":"2023-10-24T12:59:06+00:00","mainEntityOfPage":{"@id":"https:\/\/thefortune.one\/pt\/relator-da-reforma-tributaria-diz-que-revisao-das-aliquotas-diferenciadas-e-sinalizacao-para-o-mercado\/"},"wordCount":450,"commentCount":0,"publisher":{"@id":"https:\/\/thefortune.one\/pt\/#organization"},"image":{"@id":"https:\/\/thefortune.one\/pt\/relator-da-reforma-tributaria-diz-que-revisao-das-aliquotas-diferenciadas-e-sinalizacao-para-o-mercado\/#primaryimage"},"thumbnailUrl":"https:\/\/thefortune.one\/wp-content\/uploads\/2023\/10\/japones.jpg","articleSection":["The Fortune.one"],"inLanguage":"pt-BR","potentialAction":[{"@type":"CommentAction","name":"Comment","target":["https:\/\/thefortune.one\/pt\/relator-da-reforma-tributaria-diz-que-revisao-das-aliquotas-diferenciadas-e-sinalizacao-para-o-mercado\/#respond"]}]},{"@type":"WebPage","@id":"https:\/\/thefortune.one\/pt\/relator-da-reforma-tributaria-diz-que-revisao-das-aliquotas-diferenciadas-e-sinalizacao-para-o-mercado\/","url":"https:\/\/thefortune.one\/pt\/relator-da-reforma-tributaria-diz-que-revisao-das-aliquotas-diferenciadas-e-sinalizacao-para-o-mercado\/","name":"Relator da reforma tribut\u00e1ria diz que revis\u00e3o das al\u00edquotas diferenciadas \u00e9 sinaliza\u00e7\u00e3o para o mercado - The Fortune.one","isPartOf":{"@id":"https:\/\/thefortune.one\/pt\/#website"},"primaryImageOfPage":{"@id":"https:\/\/thefortune.one\/pt\/relator-da-reforma-tributaria-diz-que-revisao-das-aliquotas-diferenciadas-e-sinalizacao-para-o-mercado\/#primaryimage"},"image":{"@id":"https:\/\/thefortune.one\/pt\/relator-da-reforma-tributaria-diz-que-revisao-das-aliquotas-diferenciadas-e-sinalizacao-para-o-mercado\/#primaryimage"},"thumbnailUrl":"https:\/\/thefortune.one\/wp-content\/uploads\/2023\/10\/japones.jpg","datePublished":"2023-10-24T12:59:06+00:00","description":"Somos especialistas em gest\u00e3o patrimonial, op\u00e7\u00f5es de investimentos para diversos perfis, nosso diferencial \u00e9 comprovado com resultados.","breadcrumb":{"@id":"https:\/\/thefortune.one\/pt\/relator-da-reforma-tributaria-diz-que-revisao-das-aliquotas-diferenciadas-e-sinalizacao-para-o-mercado\/#breadcrumb"},"inLanguage":"pt-BR","potentialAction":[{"@type":"ReadAction","target":["https:\/\/thefortune.one\/pt\/relator-da-reforma-tributaria-diz-que-revisao-das-aliquotas-diferenciadas-e-sinalizacao-para-o-mercado\/"]}]},{"@type":"ImageObject","inLanguage":"pt-BR","@id":"https:\/\/thefortune.one\/pt\/relator-da-reforma-tributaria-diz-que-revisao-das-aliquotas-diferenciadas-e-sinalizacao-para-o-mercado\/#primaryimage","url":"https:\/\/thefortune.one\/wp-content\/uploads\/2023\/10\/japones.jpg","contentUrl":"https:\/\/thefortune.one\/wp-content\/uploads\/2023\/10\/japones.jpg","width":1220,"height":674},{"@type":"BreadcrumbList","@id":"https:\/\/thefortune.one\/pt\/relator-da-reforma-tributaria-diz-que-revisao-das-aliquotas-diferenciadas-e-sinalizacao-para-o-mercado\/#breadcrumb","itemListElement":[{"@type":"ListItem","position":1,"name":"In\u00edcio","item":"https:\/\/thefortune.one\/pt\/"},{"@type":"ListItem","position":2,"name":"Relator da reforma tribut\u00e1ria diz que revis\u00e3o das al\u00edquotas diferenciadas \u00e9 sinaliza\u00e7\u00e3o para o mercado"}]},{"@type":"WebSite","@id":"https:\/\/thefortune.one\/pt\/#website","url":"https:\/\/thefortune.one\/pt\/","name":"The Fortune.one","description":"Gestora de Recursos Especializada em Private Equity","publisher":{"@id":"https:\/\/thefortune.one\/pt\/#organization"},"potentialAction":[{"@type":"SearchAction","target":{"@type":"EntryPoint","urlTemplate":"https:\/\/thefortune.one\/pt\/?s={search_term_string}"},"query-input":{"@type":"PropertyValueSpecification","valueRequired":true,"valueName":"search_term_string"}}],"inLanguage":"pt-BR"},{"@type":"Organization","@id":"https:\/\/thefortune.one\/pt\/#organization","name":"The Fortune One","url":"https:\/\/thefortune.one\/pt\/","logo":{"@type":"ImageObject","inLanguage":"pt-BR","@id":"https:\/\/thefortune.one\/pt\/#\/schema\/logo\/image\/","url":"https:\/\/thefortune.one\/wp-content\/uploads\/2022\/11\/cropped-cropped-1651682701199-1.jpg","contentUrl":"https:\/\/thefortune.one\/wp-content\/uploads\/2022\/11\/cropped-cropped-1651682701199-1.jpg","width":369,"height":421,"caption":"The Fortune One"},"image":{"@id":"https:\/\/thefortune.one\/pt\/#\/schema\/logo\/image\/"}},{"@type":"Person","@id":"https:\/\/thefortune.one\/pt\/#\/schema\/person\/6cd8fe72a627d36caabf41815984a16f","name":"bianca","image":{"@type":"ImageObject","inLanguage":"pt-BR","@id":"https:\/\/secure.gravatar.com\/avatar\/66cd7b00d93410555e00d1e6a911a86de0cd0cfa4f83a2f8b47eddc2968c98af?s=96&d=mm&r=g","url":"https:\/\/secure.gravatar.com\/avatar\/66cd7b00d93410555e00d1e6a911a86de0cd0cfa4f83a2f8b47eddc2968c98af?s=96&d=mm&r=g","contentUrl":"https:\/\/secure.gravatar.com\/avatar\/66cd7b00d93410555e00d1e6a911a86de0cd0cfa4f83a2f8b47eddc2968c98af?s=96&d=mm&r=g","caption":"bianca"},"url":"https:\/\/thefortune.one\/pt\/author\/bianca\/"}]}},"_links":{"self":[{"href":"https:\/\/thefortune.one\/pt\/wp-json\/wp\/v2\/posts\/4270","targetHints":{"allow":["GET"]}}],"collection":[{"href":"https:\/\/thefortune.one\/pt\/wp-json\/wp\/v2\/posts"}],"about":[{"href":"https:\/\/thefortune.one\/pt\/wp-json\/wp\/v2\/types\/post"}],"author":[{"embeddable":true,"href":"https:\/\/thefortune.one\/pt\/wp-json\/wp\/v2\/users\/3"}],"replies":[{"embeddable":true,"href":"https:\/\/thefortune.one\/pt\/wp-json\/wp\/v2\/comments?post=4270"}],"version-history":[{"count":1,"href":"https:\/\/thefortune.one\/pt\/wp-json\/wp\/v2\/posts\/4270\/revisions"}],"predecessor-version":[{"id":4272,"href":"https:\/\/thefortune.one\/pt\/wp-json\/wp\/v2\/posts\/4270\/revisions\/4272"}],"wp:featuredmedia":[{"embeddable":true,"href":"https:\/\/thefortune.one\/pt\/wp-json\/wp\/v2\/media\/4271"}],"wp:attachment":[{"href":"https:\/\/thefortune.one\/pt\/wp-json\/wp\/v2\/media?parent=4270"}],"wp:term":[{"taxonomy":"category","embeddable":true,"href":"https:\/\/thefortune.one\/pt\/wp-json\/wp\/v2\/categories?post=4270"},{"taxonomy":"post_tag","embeddable":true,"href":"https:\/\/thefortune.one\/pt\/wp-json\/wp\/v2\/tags?post=4270"}],"curies":[{"name":"wp","href":"https:\/\/api.w.org\/{rel}","templated":true}]}}