{"id":4266,"date":"2023-10-23T12:47:53","date_gmt":"2023-10-23T12:47:53","guid":{"rendered":"https:\/\/thefortune.one\/?p=4266"},"modified":"2023-10-23T12:47:53","modified_gmt":"2023-10-23T12:47:53","slug":"mercado-reduz-ainda-mais-projecao-de-inflacao-com-mudanca-nos-combustiveis-confira-o-focus-desta-segunda-23","status":"publish","type":"post","link":"https:\/\/thefortune.one\/pt\/mercado-reduz-ainda-mais-projecao-de-inflacao-com-mudanca-nos-combustiveis-confira-o-focus-desta-segunda-23\/","title":{"rendered":"Mercado reduz ainda mais proje\u00e7\u00e3o de infla\u00e7\u00e3o com mudan\u00e7a nos combust\u00edveis; confira o Focus desta segunda (23)"},"content":{"rendered":"<p>Por\u00a0<a href=\"https:\/\/www.moneytimes.com.br\/author\/juliana-americo\/\">Juliana Am\u00e9rico<\/a><\/p>\n\n\n\n<figure class=\"wp-block-image\" id=\"attachment_975138\"><img decoding=\"async\" src=\"https:\/\/media.moneytimes.com.br\/uploads\/2023\/10\/relatorio-focus-projecao-inflacao-banco-central-selic-ipca.webp\" alt=\"relatorio-focus-projecao-infla\u00e7\u00e3o-banco-central-selic-ipca\" class=\"wp-image-975138\" \/><figcaption class=\"wp-element-caption\">Relat\u00f3rio Focus: Para 2023, a proje\u00e7\u00e3o da infla\u00e7\u00e3o passa de 4,75% para 4,65%; j\u00e1 a Selic segue em 11,75%. (Imagem: Ag\u00eancia Brasil)<\/figcaption><\/figure>\n\n\n\n<p>Os economistas consultados pelo&nbsp;<strong><a href=\"https:\/\/www.moneytimes.com.br\/tag\/banco-central\/\">Banco Central<\/a><\/strong>&nbsp;voltaram a reduzir as proje\u00e7\u00f5es para a&nbsp;<strong><a href=\"https:\/\/www.moneytimes.com.br\/tag\/inflacao\/\">infla\u00e7\u00e3o<\/a><\/strong>, ap\u00f3s a&nbsp;<a href=\"https:\/\/www.moneytimes.com.br\/tag\/petrobras\/\"><strong>Petrobras<\/strong><\/a>&nbsp;(<a href=\"https:\/\/www.moneytimes.com.br\/cotacao\/petr4\/\"><strong>PETR4<\/strong><\/a>) anunciar um reajuste de pre\u00e7os nos combust\u00edveis em suas distribuidoras.<\/p>\n\n\n\n<p>Na quinta-feira (19), a petroleira anunciou o&nbsp;<a href=\"https:\/\/www.moneytimes.com.br\/gasolina-mais-barata-petrobras-petr4-corta-preco-em-meio-a-disparada-do-petroleo-diesel-sobe\/\" target=\"_blank\" rel=\"noreferrer noopener\">corte de R$ 0,12 no litro da gasolina e o aumento de R$ 0,25 no litro do diesel<\/a>. Agora, os pre\u00e7os m\u00e9dios dos&nbsp;<a href=\"https:\/\/www.moneytimes.com.br\/tag\/combustiveis\/\"><strong>combust\u00edveis<\/strong><\/a>&nbsp;s\u00e3o de R$ 2,81 e R$ 4,05, respectivamente.<\/p>\n\n\n\n<p>Segundo os dados do&nbsp;<strong><a href=\"https:\/\/www.moneytimes.com.br\/tag\/relatorio-focus\/\">Relat\u00f3rio Focus<\/a><\/strong>, agora, a expectativa \u00e9 de que o&nbsp;<a href=\"https:\/\/www.moneytimes.com.br\/tag\/ipca\/\"><strong>\u00cdndice Nacional de Pre\u00e7os ao Consumidor Amplo<\/strong><\/a>&nbsp;(<a href=\"https:\/\/www.moneytimes.com.br\/tag\/ipca\/\"><strong>IPCA<\/strong><\/a>) feche o ano feche em 4,65%, ante os 4,75% projetados na semana passada.<\/p>\n\n\n\n<p>Vale lembrar que, no \u00faltimo relat\u00f3rio, a previs\u00e3o de infla\u00e7\u00e3o voltou para dentro da meta pela primeira vez desde 2020. As metas de infla\u00e7\u00e3o para 2023, 2024 e 2025 s\u00e3o de 3,25%, 3% e 3%, nesta ordem, conforme estabelecido pelo Conselho Monet\u00e1rio Nacional (<strong><a href=\"https:\/\/www.moneytimes.com.br\/tag\/cmn\/\">CMN<\/a><\/strong>).<\/p>\n\n\n\n<p>A\u00a0<strong>Selic<\/strong>\u00a0ao final de 2023 e 2024 continua em\u00a011,75% e\u00a09%, respectivamente. O Focus ainda aponta a\u00a0<strong>proje\u00e7\u00e3o para o PIB\u00a0<\/strong>fica em 2,90% para este ano. Para 2024, a expectativa se manteve e segue em 1,50%.<\/p>\n\n\n\n<p>J\u00e1 o d\u00f3lar tamb\u00e9m permanece em R$ 5 para 2023, enquanto em 2024 a estimativa para a moeda chega a R$ 5,05.<\/p>\n\n\n\n<ul class=\"wp-block-list\">\n<li><strong>Como a queda do pre\u00e7o da gasolina pode impactar os ativos atrelados \u00e0 infla\u00e7\u00e3o?<\/strong>&nbsp;Assista ao Giro do Mercado e saiba mais, \u00e9 s\u00f3&nbsp;<a href=\"https:\/\/www.youtube.com\/watch?v=L-lMhmR-EeM\">clicar aqui<\/a>:<\/li>\n<\/ul>\n\n\n\n<figure class=\"wp-block-embed is-type-rich is-provider-embed-handler wp-block-embed-embed-handler\"><div class=\"wp-block-embed__wrapper\">\nhttps:\/\/youtube.com\/watch?v=L-lMhmR-EeM%3Ffeature%3Doembed\n<\/div><\/figure>\n\n\n\n<h2 class=\"wp-block-heading\"><strong>Confira as proje\u00e7\u00f5es do Relat\u00f3rio Focus desta segunda-feira (23)<\/strong><\/h2>\n\n\n\n<h3 class=\"wp-block-heading\"><strong>IPCA<\/strong><\/h3>\n\n\n\n<ul class=\"wp-block-list\">\n<li>2023: de 4,75% para 4,65%<\/li>\n\n\n\n<li>2024: de 3,88% para 3,87%<\/li>\n\n\n\n<li>2025: permanece em 3,50%<\/li>\n\n\n\n<li>2026: permanece em 3,50%<\/li>\n<\/ul>\n\n\n\n<h3 class=\"wp-block-heading\"><strong>PIB<\/strong><\/h3>\n\n\n\n<ul class=\"wp-block-list\">\n<li>2023: permanece 2,92%<\/li>\n\n\n\n<li>2024: permanece 1,50%<\/li>\n\n\n\n<li>2025: permanece 1,90%<\/li>\n\n\n\n<li>2026: permanece 2,00%<\/li>\n<\/ul>\n\n\n\n<h3 class=\"wp-block-heading\"><strong>Selic<\/strong><\/h3>\n\n\n\n<ul class=\"wp-block-list\">\n<li>2023: permanece em 11,75%<\/li>\n\n\n\n<li>2024:&nbsp;permanece em&nbsp;9%<\/li>\n\n\n\n<li>2025:&nbsp;permanece em&nbsp;8,50%<\/li>\n\n\n\n<li>2026: permanece em 8,50%<\/li>\n<\/ul>\n\n\n\n<h3 class=\"wp-block-heading\"><strong>D\u00f3lar<\/strong><\/h3>\n\n\n\n<ul class=\"wp-block-list\">\n<li>2023: permanece em R$ 5<\/li>\n\n\n\n<li>2024: permanece em R$ 5,05<\/li>\n\n\n\n<li>2025: permanece em&nbsp;R$ 5,10<\/li>\n\n\n\n<li>2026: de R$ 5,20 para R$ 5,19<\/li>\n<\/ul>\n\n\n\n<h3 class=\"wp-block-heading\"><strong>Balan\u00e7a Comercial<\/strong><\/h3>\n\n\n\n<p><strong>Super\u00e1vit da balan\u00e7a comercial:<\/strong><\/p>\n\n\n\n<ul class=\"wp-block-list\">\n<li>2023: de US$ 73,70 bilh\u00f5es para US$ 74,35 bilh\u00f5es<\/li>\n\n\n\n<li>2024: de US$ 60,35 bilh\u00f5es para US$ 61,80 bilh\u00f5es<\/li>\n\n\n\n<li>2025: de US$ 60 bilh\u00f5es para US$ 58,30 bilh\u00f5es<\/li>\n\n\n\n<li>2026: permanece em US$ 59,50 bilh\u00f5es<\/li>\n<\/ul>\n\n\n\n<p><strong>Saldo da conta corrente:<\/strong><\/p>\n\n\n\n<ul class=\"wp-block-list\">\n<li>2023: de -US$ 40,40 bilh\u00f5es para -US$ 39,70 bilh\u00f5es<\/li>\n\n\n\n<li>2024: permanece em -US$ 51 bilh\u00f5es<\/li>\n\n\n\n<li>2025: de -US$ 50,10 bilh\u00f5es para -US$ 51,60 bilh\u00f5es<\/li>\n\n\n\n<li>2026: de -US$ 51 bilh\u00f5es para -US$ 52,55 bilh\u00f5es<\/li>\n<\/ul>\n\n\n\n<p><strong>Investimento Direto no Pa\u00eds (IDP):<\/strong><\/p>\n\n\n\n<ul class=\"wp-block-list\">\n<li>2023: de US$ 80 bilh\u00f5es para US$ 79,40 bilh\u00f5es<\/li>\n\n\n\n<li>2024: permanece em US$ 80 bilh\u00f5es<\/li>\n\n\n\n<li>2025: de US$ 83,70 bilh\u00f5es para US$ 81,60 bilh\u00f5es<\/li>\n\n\n\n<li>2026: permanece em US$ 80 bilh\u00f5es<\/li>\n<\/ul>\n\n\n\n<p>Fonte:https:\/\/www.moneytimes.com.br\/mercado-reduz-ainda-mais-projecao-de-inflacao-com-mudanca-nos-combustiveis-confira-o-focus-desta-segunda-23\/<\/p>","protected":false},"excerpt":{"rendered":"<p>Por\u00a0Juliana Am\u00e9rico Os economistas consultados pelo&nbsp;Banco Central&nbsp;voltaram a reduzir as proje\u00e7\u00f5es para a&nbsp;infla\u00e7\u00e3o, ap\u00f3s a&nbsp;Petrobras&nbsp;(PETR4) anunciar um reajuste de pre\u00e7os nos combust\u00edveis em suas distribuidoras. Na quinta-feira (19), a petroleira anunciou o&nbsp;corte de R$ 0,12 no litro da gasolina e o aumento de R$ 0,25 no litro do diesel. Agora, os pre\u00e7os m\u00e9dios dos&nbsp;combust\u00edveis&nbsp;s\u00e3o de [&hellip;]<\/p>\n","protected":false},"author":3,"featured_media":4268,"comment_status":"open","ping_status":"open","sticky":false,"template":"","format":"standard","meta":{"_joinchat":[],"footnotes":""},"categories":[1],"tags":[],"class_list":["post-4266","post","type-post","status-publish","format-standard","has-post-thumbnail","hentry","category-the-fortune-one"],"yoast_head":"<!-- This site is optimized with the Yoast SEO plugin v27.5 - https:\/\/yoast.com\/product\/yoast-seo-wordpress\/ -->\n<title>Mercado reduz ainda mais proje\u00e7\u00e3o de infla\u00e7\u00e3o com mudan\u00e7a nos combust\u00edveis; confira o Focus desta segunda (23) - The Fortune.one<\/title>\n<meta name=\"description\" content=\"Somos especialistas em gest\u00e3o patrimonial, op\u00e7\u00f5es de investimentos para diversos perfis, nosso diferencial \u00e9 comprovado com resultados.\" \/>\n<meta name=\"robots\" content=\"index, follow, max-snippet:-1, max-image-preview:large, max-video-preview:-1\" \/>\n<link rel=\"canonical\" href=\"https:\/\/thefortune.one\/pt\/mercado-reduz-ainda-mais-projecao-de-inflacao-com-mudanca-nos-combustiveis-confira-o-focus-desta-segunda-23\/\" \/>\n<meta property=\"og:locale\" content=\"pt_BR\" \/>\n<meta property=\"og:type\" content=\"article\" \/>\n<meta property=\"og:title\" content=\"Mercado reduz ainda mais proje\u00e7\u00e3o de infla\u00e7\u00e3o com mudan\u00e7a nos combust\u00edveis; confira o Focus desta segunda (23) - The Fortune.one\" \/>\n<meta property=\"og:description\" content=\"Somos especialistas em gest\u00e3o patrimonial, op\u00e7\u00f5es de investimentos para diversos perfis, nosso diferencial \u00e9 comprovado com resultados.\" \/>\n<meta property=\"og:url\" content=\"https:\/\/thefortune.one\/pt\/mercado-reduz-ainda-mais-projecao-de-inflacao-com-mudanca-nos-combustiveis-confira-o-focus-desta-segunda-23\/\" \/>\n<meta property=\"og:site_name\" content=\"The Fortune.one\" \/>\n<meta property=\"article:published_time\" content=\"2023-10-23T12:47:53+00:00\" \/>\n<meta property=\"og:image\" content=\"https:\/\/thefortune.one\/wp-content\/uploads\/2023\/10\/banco-central.jpg\" \/>\n\t<meta property=\"og:image:width\" content=\"1024\" \/>\n\t<meta property=\"og:image:height\" content=\"683\" \/>\n\t<meta property=\"og:image:type\" content=\"image\/jpeg\" \/>\n<meta name=\"author\" content=\"bianca\" \/>\n<meta name=\"twitter:card\" content=\"summary_large_image\" \/>\n<meta name=\"twitter:label1\" content=\"Escrito por\" \/>\n\t<meta name=\"twitter:data1\" content=\"bianca\" \/>\n\t<meta name=\"twitter:label2\" content=\"Est. tempo de leitura\" \/>\n\t<meta name=\"twitter:data2\" content=\"2 minutos\" \/>\n<script type=\"application\/ld+json\" class=\"yoast-schema-graph\">{\"@context\":\"https:\\\/\\\/schema.org\",\"@graph\":[{\"@type\":\"Article\",\"@id\":\"https:\\\/\\\/thefortune.one\\\/pt\\\/mercado-reduz-ainda-mais-projecao-de-inflacao-com-mudanca-nos-combustiveis-confira-o-focus-desta-segunda-23\\\/#article\",\"isPartOf\":{\"@id\":\"https:\\\/\\\/thefortune.one\\\/pt\\\/mercado-reduz-ainda-mais-projecao-de-inflacao-com-mudanca-nos-combustiveis-confira-o-focus-desta-segunda-23\\\/\"},\"author\":{\"name\":\"bianca\",\"@id\":\"https:\\\/\\\/thefortune.one\\\/pt\\\/#\\\/schema\\\/person\\\/6cd8fe72a627d36caabf41815984a16f\"},\"headline\":\"Mercado reduz ainda mais proje\u00e7\u00e3o de infla\u00e7\u00e3o com mudan\u00e7a nos combust\u00edveis; confira o Focus desta segunda (23)\",\"datePublished\":\"2023-10-23T12:47:53+00:00\",\"mainEntityOfPage\":{\"@id\":\"https:\\\/\\\/thefortune.one\\\/pt\\\/mercado-reduz-ainda-mais-projecao-de-inflacao-com-mudanca-nos-combustiveis-confira-o-focus-desta-segunda-23\\\/\"},\"wordCount\":456,\"commentCount\":0,\"publisher\":{\"@id\":\"https:\\\/\\\/thefortune.one\\\/pt\\\/#organization\"},\"image\":{\"@id\":\"https:\\\/\\\/thefortune.one\\\/pt\\\/mercado-reduz-ainda-mais-projecao-de-inflacao-com-mudanca-nos-combustiveis-confira-o-focus-desta-segunda-23\\\/#primaryimage\"},\"thumbnailUrl\":\"https:\\\/\\\/thefortune.one\\\/wp-content\\\/uploads\\\/2023\\\/10\\\/banco-central.jpg\",\"articleSection\":[\"The Fortune.one\"],\"inLanguage\":\"pt-BR\",\"potentialAction\":[{\"@type\":\"CommentAction\",\"name\":\"Comment\",\"target\":[\"https:\\\/\\\/thefortune.one\\\/pt\\\/mercado-reduz-ainda-mais-projecao-de-inflacao-com-mudanca-nos-combustiveis-confira-o-focus-desta-segunda-23\\\/#respond\"]}]},{\"@type\":\"WebPage\",\"@id\":\"https:\\\/\\\/thefortune.one\\\/pt\\\/mercado-reduz-ainda-mais-projecao-de-inflacao-com-mudanca-nos-combustiveis-confira-o-focus-desta-segunda-23\\\/\",\"url\":\"https:\\\/\\\/thefortune.one\\\/pt\\\/mercado-reduz-ainda-mais-projecao-de-inflacao-com-mudanca-nos-combustiveis-confira-o-focus-desta-segunda-23\\\/\",\"name\":\"Mercado reduz ainda mais proje\u00e7\u00e3o de infla\u00e7\u00e3o com mudan\u00e7a nos combust\u00edveis; confira o Focus desta segunda (23) - The Fortune.one\",\"isPartOf\":{\"@id\":\"https:\\\/\\\/thefortune.one\\\/pt\\\/#website\"},\"primaryImageOfPage\":{\"@id\":\"https:\\\/\\\/thefortune.one\\\/pt\\\/mercado-reduz-ainda-mais-projecao-de-inflacao-com-mudanca-nos-combustiveis-confira-o-focus-desta-segunda-23\\\/#primaryimage\"},\"image\":{\"@id\":\"https:\\\/\\\/thefortune.one\\\/pt\\\/mercado-reduz-ainda-mais-projecao-de-inflacao-com-mudanca-nos-combustiveis-confira-o-focus-desta-segunda-23\\\/#primaryimage\"},\"thumbnailUrl\":\"https:\\\/\\\/thefortune.one\\\/wp-content\\\/uploads\\\/2023\\\/10\\\/banco-central.jpg\",\"datePublished\":\"2023-10-23T12:47:53+00:00\",\"description\":\"Somos especialistas em gest\u00e3o patrimonial, op\u00e7\u00f5es de investimentos para diversos perfis, nosso diferencial \u00e9 comprovado com resultados.\",\"breadcrumb\":{\"@id\":\"https:\\\/\\\/thefortune.one\\\/pt\\\/mercado-reduz-ainda-mais-projecao-de-inflacao-com-mudanca-nos-combustiveis-confira-o-focus-desta-segunda-23\\\/#breadcrumb\"},\"inLanguage\":\"pt-BR\",\"potentialAction\":[{\"@type\":\"ReadAction\",\"target\":[\"https:\\\/\\\/thefortune.one\\\/pt\\\/mercado-reduz-ainda-mais-projecao-de-inflacao-com-mudanca-nos-combustiveis-confira-o-focus-desta-segunda-23\\\/\"]}]},{\"@type\":\"ImageObject\",\"inLanguage\":\"pt-BR\",\"@id\":\"https:\\\/\\\/thefortune.one\\\/pt\\\/mercado-reduz-ainda-mais-projecao-de-inflacao-com-mudanca-nos-combustiveis-confira-o-focus-desta-segunda-23\\\/#primaryimage\",\"url\":\"https:\\\/\\\/thefortune.one\\\/wp-content\\\/uploads\\\/2023\\\/10\\\/banco-central.jpg\",\"contentUrl\":\"https:\\\/\\\/thefortune.one\\\/wp-content\\\/uploads\\\/2023\\\/10\\\/banco-central.jpg\",\"width\":1024,\"height\":683},{\"@type\":\"BreadcrumbList\",\"@id\":\"https:\\\/\\\/thefortune.one\\\/pt\\\/mercado-reduz-ainda-mais-projecao-de-inflacao-com-mudanca-nos-combustiveis-confira-o-focus-desta-segunda-23\\\/#breadcrumb\",\"itemListElement\":[{\"@type\":\"ListItem\",\"position\":1,\"name\":\"In\u00edcio\",\"item\":\"https:\\\/\\\/thefortune.one\\\/pt\\\/\"},{\"@type\":\"ListItem\",\"position\":2,\"name\":\"Mercado reduz ainda mais proje\u00e7\u00e3o de infla\u00e7\u00e3o com mudan\u00e7a nos combust\u00edveis; confira o Focus desta segunda (23)\"}]},{\"@type\":\"WebSite\",\"@id\":\"https:\\\/\\\/thefortune.one\\\/pt\\\/#website\",\"url\":\"https:\\\/\\\/thefortune.one\\\/pt\\\/\",\"name\":\"The Fortune.one\",\"description\":\"Gestora de Recursos Especializada em Private Equity\",\"publisher\":{\"@id\":\"https:\\\/\\\/thefortune.one\\\/pt\\\/#organization\"},\"potentialAction\":[{\"@type\":\"SearchAction\",\"target\":{\"@type\":\"EntryPoint\",\"urlTemplate\":\"https:\\\/\\\/thefortune.one\\\/pt\\\/?s={search_term_string}\"},\"query-input\":{\"@type\":\"PropertyValueSpecification\",\"valueRequired\":true,\"valueName\":\"search_term_string\"}}],\"inLanguage\":\"pt-BR\"},{\"@type\":\"Organization\",\"@id\":\"https:\\\/\\\/thefortune.one\\\/pt\\\/#organization\",\"name\":\"The Fortune One\",\"url\":\"https:\\\/\\\/thefortune.one\\\/pt\\\/\",\"logo\":{\"@type\":\"ImageObject\",\"inLanguage\":\"pt-BR\",\"@id\":\"https:\\\/\\\/thefortune.one\\\/pt\\\/#\\\/schema\\\/logo\\\/image\\\/\",\"url\":\"https:\\\/\\\/thefortune.one\\\/wp-content\\\/uploads\\\/2022\\\/11\\\/cropped-cropped-1651682701199-1.jpg\",\"contentUrl\":\"https:\\\/\\\/thefortune.one\\\/wp-content\\\/uploads\\\/2022\\\/11\\\/cropped-cropped-1651682701199-1.jpg\",\"width\":369,\"height\":421,\"caption\":\"The Fortune One\"},\"image\":{\"@id\":\"https:\\\/\\\/thefortune.one\\\/pt\\\/#\\\/schema\\\/logo\\\/image\\\/\"}},{\"@type\":\"Person\",\"@id\":\"https:\\\/\\\/thefortune.one\\\/pt\\\/#\\\/schema\\\/person\\\/6cd8fe72a627d36caabf41815984a16f\",\"name\":\"bianca\",\"image\":{\"@type\":\"ImageObject\",\"inLanguage\":\"pt-BR\",\"@id\":\"https:\\\/\\\/secure.gravatar.com\\\/avatar\\\/66cd7b00d93410555e00d1e6a911a86de0cd0cfa4f83a2f8b47eddc2968c98af?s=96&d=mm&r=g\",\"url\":\"https:\\\/\\\/secure.gravatar.com\\\/avatar\\\/66cd7b00d93410555e00d1e6a911a86de0cd0cfa4f83a2f8b47eddc2968c98af?s=96&d=mm&r=g\",\"contentUrl\":\"https:\\\/\\\/secure.gravatar.com\\\/avatar\\\/66cd7b00d93410555e00d1e6a911a86de0cd0cfa4f83a2f8b47eddc2968c98af?s=96&d=mm&r=g\",\"caption\":\"bianca\"},\"url\":\"https:\\\/\\\/thefortune.one\\\/pt\\\/author\\\/bianca\\\/\"}]}<\/script>\n<!-- \/ Yoast SEO plugin. -->","yoast_head_json":{"title":"Mercado reduz ainda mais proje\u00e7\u00e3o de infla\u00e7\u00e3o com mudan\u00e7a nos combust\u00edveis; confira o Focus desta segunda (23) - The Fortune.one","description":"Somos especialistas em gest\u00e3o patrimonial, op\u00e7\u00f5es de investimentos para diversos perfis, nosso diferencial \u00e9 comprovado com resultados.","robots":{"index":"index","follow":"follow","max-snippet":"max-snippet:-1","max-image-preview":"max-image-preview:large","max-video-preview":"max-video-preview:-1"},"canonical":"https:\/\/thefortune.one\/pt\/mercado-reduz-ainda-mais-projecao-de-inflacao-com-mudanca-nos-combustiveis-confira-o-focus-desta-segunda-23\/","og_locale":"pt_BR","og_type":"article","og_title":"Mercado reduz ainda mais proje\u00e7\u00e3o de infla\u00e7\u00e3o com mudan\u00e7a nos combust\u00edveis; confira o Focus desta segunda (23) - The Fortune.one","og_description":"Somos especialistas em gest\u00e3o patrimonial, op\u00e7\u00f5es de investimentos para diversos perfis, nosso diferencial \u00e9 comprovado com resultados.","og_url":"https:\/\/thefortune.one\/pt\/mercado-reduz-ainda-mais-projecao-de-inflacao-com-mudanca-nos-combustiveis-confira-o-focus-desta-segunda-23\/","og_site_name":"The Fortune.one","article_published_time":"2023-10-23T12:47:53+00:00","og_image":[{"width":1024,"height":683,"url":"https:\/\/thefortune.one\/wp-content\/uploads\/2023\/10\/banco-central.jpg","type":"image\/jpeg"}],"author":"bianca","twitter_card":"summary_large_image","twitter_misc":{"Escrito por":"bianca","Est. tempo de leitura":"2 minutos"},"schema":{"@context":"https:\/\/schema.org","@graph":[{"@type":"Article","@id":"https:\/\/thefortune.one\/pt\/mercado-reduz-ainda-mais-projecao-de-inflacao-com-mudanca-nos-combustiveis-confira-o-focus-desta-segunda-23\/#article","isPartOf":{"@id":"https:\/\/thefortune.one\/pt\/mercado-reduz-ainda-mais-projecao-de-inflacao-com-mudanca-nos-combustiveis-confira-o-focus-desta-segunda-23\/"},"author":{"name":"bianca","@id":"https:\/\/thefortune.one\/pt\/#\/schema\/person\/6cd8fe72a627d36caabf41815984a16f"},"headline":"Mercado reduz ainda mais proje\u00e7\u00e3o de infla\u00e7\u00e3o com mudan\u00e7a nos combust\u00edveis; confira o Focus desta segunda (23)","datePublished":"2023-10-23T12:47:53+00:00","mainEntityOfPage":{"@id":"https:\/\/thefortune.one\/pt\/mercado-reduz-ainda-mais-projecao-de-inflacao-com-mudanca-nos-combustiveis-confira-o-focus-desta-segunda-23\/"},"wordCount":456,"commentCount":0,"publisher":{"@id":"https:\/\/thefortune.one\/pt\/#organization"},"image":{"@id":"https:\/\/thefortune.one\/pt\/mercado-reduz-ainda-mais-projecao-de-inflacao-com-mudanca-nos-combustiveis-confira-o-focus-desta-segunda-23\/#primaryimage"},"thumbnailUrl":"https:\/\/thefortune.one\/wp-content\/uploads\/2023\/10\/banco-central.jpg","articleSection":["The Fortune.one"],"inLanguage":"pt-BR","potentialAction":[{"@type":"CommentAction","name":"Comment","target":["https:\/\/thefortune.one\/pt\/mercado-reduz-ainda-mais-projecao-de-inflacao-com-mudanca-nos-combustiveis-confira-o-focus-desta-segunda-23\/#respond"]}]},{"@type":"WebPage","@id":"https:\/\/thefortune.one\/pt\/mercado-reduz-ainda-mais-projecao-de-inflacao-com-mudanca-nos-combustiveis-confira-o-focus-desta-segunda-23\/","url":"https:\/\/thefortune.one\/pt\/mercado-reduz-ainda-mais-projecao-de-inflacao-com-mudanca-nos-combustiveis-confira-o-focus-desta-segunda-23\/","name":"Mercado reduz ainda mais proje\u00e7\u00e3o de infla\u00e7\u00e3o com mudan\u00e7a nos combust\u00edveis; confira o Focus desta segunda (23) - The Fortune.one","isPartOf":{"@id":"https:\/\/thefortune.one\/pt\/#website"},"primaryImageOfPage":{"@id":"https:\/\/thefortune.one\/pt\/mercado-reduz-ainda-mais-projecao-de-inflacao-com-mudanca-nos-combustiveis-confira-o-focus-desta-segunda-23\/#primaryimage"},"image":{"@id":"https:\/\/thefortune.one\/pt\/mercado-reduz-ainda-mais-projecao-de-inflacao-com-mudanca-nos-combustiveis-confira-o-focus-desta-segunda-23\/#primaryimage"},"thumbnailUrl":"https:\/\/thefortune.one\/wp-content\/uploads\/2023\/10\/banco-central.jpg","datePublished":"2023-10-23T12:47:53+00:00","description":"Somos especialistas em gest\u00e3o patrimonial, op\u00e7\u00f5es de investimentos para diversos perfis, nosso diferencial \u00e9 comprovado com resultados.","breadcrumb":{"@id":"https:\/\/thefortune.one\/pt\/mercado-reduz-ainda-mais-projecao-de-inflacao-com-mudanca-nos-combustiveis-confira-o-focus-desta-segunda-23\/#breadcrumb"},"inLanguage":"pt-BR","potentialAction":[{"@type":"ReadAction","target":["https:\/\/thefortune.one\/pt\/mercado-reduz-ainda-mais-projecao-de-inflacao-com-mudanca-nos-combustiveis-confira-o-focus-desta-segunda-23\/"]}]},{"@type":"ImageObject","inLanguage":"pt-BR","@id":"https:\/\/thefortune.one\/pt\/mercado-reduz-ainda-mais-projecao-de-inflacao-com-mudanca-nos-combustiveis-confira-o-focus-desta-segunda-23\/#primaryimage","url":"https:\/\/thefortune.one\/wp-content\/uploads\/2023\/10\/banco-central.jpg","contentUrl":"https:\/\/thefortune.one\/wp-content\/uploads\/2023\/10\/banco-central.jpg","width":1024,"height":683},{"@type":"BreadcrumbList","@id":"https:\/\/thefortune.one\/pt\/mercado-reduz-ainda-mais-projecao-de-inflacao-com-mudanca-nos-combustiveis-confira-o-focus-desta-segunda-23\/#breadcrumb","itemListElement":[{"@type":"ListItem","position":1,"name":"In\u00edcio","item":"https:\/\/thefortune.one\/pt\/"},{"@type":"ListItem","position":2,"name":"Mercado reduz ainda mais proje\u00e7\u00e3o de infla\u00e7\u00e3o com mudan\u00e7a nos combust\u00edveis; confira o Focus desta segunda (23)"}]},{"@type":"WebSite","@id":"https:\/\/thefortune.one\/pt\/#website","url":"https:\/\/thefortune.one\/pt\/","name":"The Fortune.one","description":"Gestora de Recursos Especializada em Private Equity","publisher":{"@id":"https:\/\/thefortune.one\/pt\/#organization"},"potentialAction":[{"@type":"SearchAction","target":{"@type":"EntryPoint","urlTemplate":"https:\/\/thefortune.one\/pt\/?s={search_term_string}"},"query-input":{"@type":"PropertyValueSpecification","valueRequired":true,"valueName":"search_term_string"}}],"inLanguage":"pt-BR"},{"@type":"Organization","@id":"https:\/\/thefortune.one\/pt\/#organization","name":"The Fortune One","url":"https:\/\/thefortune.one\/pt\/","logo":{"@type":"ImageObject","inLanguage":"pt-BR","@id":"https:\/\/thefortune.one\/pt\/#\/schema\/logo\/image\/","url":"https:\/\/thefortune.one\/wp-content\/uploads\/2022\/11\/cropped-cropped-1651682701199-1.jpg","contentUrl":"https:\/\/thefortune.one\/wp-content\/uploads\/2022\/11\/cropped-cropped-1651682701199-1.jpg","width":369,"height":421,"caption":"The Fortune One"},"image":{"@id":"https:\/\/thefortune.one\/pt\/#\/schema\/logo\/image\/"}},{"@type":"Person","@id":"https:\/\/thefortune.one\/pt\/#\/schema\/person\/6cd8fe72a627d36caabf41815984a16f","name":"bianca","image":{"@type":"ImageObject","inLanguage":"pt-BR","@id":"https:\/\/secure.gravatar.com\/avatar\/66cd7b00d93410555e00d1e6a911a86de0cd0cfa4f83a2f8b47eddc2968c98af?s=96&d=mm&r=g","url":"https:\/\/secure.gravatar.com\/avatar\/66cd7b00d93410555e00d1e6a911a86de0cd0cfa4f83a2f8b47eddc2968c98af?s=96&d=mm&r=g","contentUrl":"https:\/\/secure.gravatar.com\/avatar\/66cd7b00d93410555e00d1e6a911a86de0cd0cfa4f83a2f8b47eddc2968c98af?s=96&d=mm&r=g","caption":"bianca"},"url":"https:\/\/thefortune.one\/pt\/author\/bianca\/"}]}},"_links":{"self":[{"href":"https:\/\/thefortune.one\/pt\/wp-json\/wp\/v2\/posts\/4266","targetHints":{"allow":["GET"]}}],"collection":[{"href":"https:\/\/thefortune.one\/pt\/wp-json\/wp\/v2\/posts"}],"about":[{"href":"https:\/\/thefortune.one\/pt\/wp-json\/wp\/v2\/types\/post"}],"author":[{"embeddable":true,"href":"https:\/\/thefortune.one\/pt\/wp-json\/wp\/v2\/users\/3"}],"replies":[{"embeddable":true,"href":"https:\/\/thefortune.one\/pt\/wp-json\/wp\/v2\/comments?post=4266"}],"version-history":[{"count":1,"href":"https:\/\/thefortune.one\/pt\/wp-json\/wp\/v2\/posts\/4266\/revisions"}],"predecessor-version":[{"id":4269,"href":"https:\/\/thefortune.one\/pt\/wp-json\/wp\/v2\/posts\/4266\/revisions\/4269"}],"wp:featuredmedia":[{"embeddable":true,"href":"https:\/\/thefortune.one\/pt\/wp-json\/wp\/v2\/media\/4268"}],"wp:attachment":[{"href":"https:\/\/thefortune.one\/pt\/wp-json\/wp\/v2\/media?parent=4266"}],"wp:term":[{"taxonomy":"category","embeddable":true,"href":"https:\/\/thefortune.one\/pt\/wp-json\/wp\/v2\/categories?post=4266"},{"taxonomy":"post_tag","embeddable":true,"href":"https:\/\/thefortune.one\/pt\/wp-json\/wp\/v2\/tags?post=4266"}],"curies":[{"name":"wp","href":"https:\/\/api.w.org\/{rel}","templated":true}]}}