{"id":4245,"date":"2023-10-17T14:14:59","date_gmt":"2023-10-17T14:14:59","guid":{"rendered":"https:\/\/thefortune.one\/?p=4245"},"modified":"2023-10-17T14:14:59","modified_gmt":"2023-10-17T14:14:59","slug":"fiscal-nao-sera-resolvido-em-tres-anos-nem-creio-que-seja-o-foco-do-governo-diz-economista-do-bnp","status":"publish","type":"post","link":"https:\/\/thefortune.one\/pt\/fiscal-nao-sera-resolvido-em-tres-anos-nem-creio-que-seja-o-foco-do-governo-diz-economista-do-bnp\/","title":{"rendered":"Fiscal n\u00e3o ser\u00e1 resolvido em tr\u00eas anos, nem creio que seja o foco do governo, diz economista do BNP"},"content":{"rendered":"<p>Na avalia\u00e7\u00e3o de Gustavo Arruda, chefe de pesquisa para Am\u00e9rica Latina do banco, economia norte-americana n\u00e3o d\u00e1 sinais de perda de f\u00f4lego, o que pode levar os juros no Brasil a uma queda menor do que a esperada<\/p>\n\n\n\n<figure class=\"wp-block-image size-full\"><img fetchpriority=\"high\" decoding=\"async\" width=\"936\" height=\"624\" src=\"https:\/\/thefortune.one\/wp-content\/uploads\/2023\/10\/image-4.png\" alt=\"\" class=\"wp-image-4246\" srcset=\"https:\/\/thefortune.one\/wp-content\/uploads\/2023\/10\/image-4.png 936w, https:\/\/thefortune.one\/wp-content\/uploads\/2023\/10\/image-4-300x200.png 300w, https:\/\/thefortune.one\/wp-content\/uploads\/2023\/10\/image-4-768x512.png 768w, https:\/\/thefortune.one\/wp-content\/uploads\/2023\/10\/image-4-18x12.png 18w\" sizes=\"(max-width: 936px) 100vw, 936px\" \/><\/figure>\n\n\n\n<p>O chefe de pesquisa para Am\u00e9rica Latina do banco&nbsp;<a href=\"https:\/\/www.estadao.com.br\/tudo-sobre\/bnp-paribas\/\" target=\"_blank\" rel=\"noreferrer noopener\"><strong>BNP Paribas<\/strong><\/a>, Gustavo Arruda, n\u00e3o descarta que a Selic &#8211;&nbsp;<a href=\"https:\/\/www.estadao.com.br\/economia\/copom-faz-novo-corte-de-juros-de-050-ponto-e-selic-cai-para-1275-ao-ano-em-decisao-unanime\/\" target=\"_blank\" rel=\"noreferrer noopener\"><strong>atualmente em 12,75% ao ano<\/strong><\/a>&nbsp;&#8211; pode ficar pr\u00f3xima do patamar de 10% se a economia dos&nbsp;<a href=\"https:\/\/www.estadao.com.br\/tudo-sobre\/estados-unidos-america-do-norte\/\" target=\"_blank\" rel=\"noreferrer noopener\"><strong>Estados Unidos<\/strong><\/a>&nbsp;n\u00e3o desacelerar e permitir uma queda das taxas de juros pelo&nbsp;<a href=\"https:\/\/www.estadao.com.br\/tudo-sobre\/federal-reserve\/\" target=\"_blank\" rel=\"noreferrer noopener\"><strong>Federal Reserve<\/strong><\/a>&nbsp;(Fed, o banco central norte-americano).<\/p>\n\n\n\n<p>\u201cTemos um cen\u00e1rio base de 8,5% de juros no Brasil. Esse n\u00famero pressup\u00f5e uma desacelera\u00e7\u00e3o da economia americana, uma percep\u00e7\u00e3o que os juros americanos v\u00e3o cair em algum momento\u201d, afirma.<\/p>\n\n\n\n<p>Hoje, a previs\u00e3o do banco \u00e9 de um in\u00edcio de corte de juros pelo Fed em junho do pr\u00f3ximo ano, mas Arruda reconhece que o cen\u00e1rio alternativo, de juros altos nos EUA &#8211; e, portanto, de uma Selic mais elevada &#8211; aumentou nas discuss\u00f5es internas do banco.<\/p>\n\n\n\n<p>\u201cNos debates que fazemos dentro do banco, o cen\u00e1rio b\u00e1sico pressup\u00f5e uma desacelera\u00e7\u00e3o no primeiro e no segundo trimestres do ano que vem. Mas, conforme os dados v\u00e3o saindo, a gente come\u00e7a a se questionar se isso vai acontecer.\u201d<\/p>\n\n\n\n<p>Em rela\u00e7\u00e3o ao impacto da quest\u00e3o fiscal no Brasil sobre os juros, Arruda acredita que essa discuss\u00e3o n\u00e3o deve ser t\u00e3o importante nas pr\u00f3ximas reuni\u00f5es do Copom, at\u00e9 porque a infla\u00e7\u00e3o est\u00e1 numa trajet\u00f3ria benigna. Para ele, a din\u00e2mica fiscal n\u00e3o deve ser resolvida neste governo, nem parece que isso \u00e9 o foco. \u201cO que foi apresentado\u00a0<em>(pelo governo)<\/em>\u00a0\u00e9 para que as pontas fiquem relativamente equilibradas, com um monte de desafio no meio do caminho at\u00e9 o final do governo.\u201d<\/p>\n\n\n\n<h4 class=\"wp-block-heading\">Qual \u00e9 a leitura da piora do cen\u00e1rio internacional nas \u00faltimas semanas?<\/h4>\n\n\n\n<p>Tem dois lados para a gente discutir. Tem o lado dos Estados Unidos nessa hist\u00f3ria, e tem o lado mais recente das a\u00e7\u00f5es envolvendo Israel e Hamas. Pensando do lado norte-americano, um ponto interessante \u00e9 a percep\u00e7\u00e3o de que a economia americana n\u00e3o desacelera. Nos debates que fazemos dentro do banco, o cen\u00e1rio b\u00e1sico pressup\u00f5e uma desacelera\u00e7\u00e3o no primeiro e no segundo trimestres do ano que vem. Mas, conforme os dados v\u00e3o saindo, a gente come\u00e7a a se questionar se isso vai acontecer. Um pouco do que a gente viu dos movimentos recentes, da curva de juros americana que nos afeta diretamente, vem dessa nossa percep\u00e7\u00e3o de que o n\u00edvel de juros atual pode n\u00e3o ser suficiente ou que, se for suficiente, ter\u00e1 de ficar parado um temp\u00e3o.<\/p>\n\n\n\n<h4 class=\"wp-block-heading\">Esse cen\u00e1rio pode afetar a expectativa para a pol\u00edtica monet\u00e1ria do Brasil?<\/h4>\n\n\n\n<p>Temos um cen\u00e1rio base de 8,5% de juros no Brasil. Esse n\u00famero pressup\u00f5e uma desacelera\u00e7\u00e3o da economia americana, uma percep\u00e7\u00e3o de que os juros americanos v\u00e3o cair em algum momento.<\/p>\n\n\n\n<h4 class=\"wp-block-heading\">E se isso n\u00e3o ocorrer?<\/h4>\n\n\n\n<p>Se a gente vai para um cen\u00e1rio alternativo, em que isso n\u00e3o acontece, provavelmente, os juros ficam mais pr\u00f3ximos de 10%. Esse lado americano da hist\u00f3ria acaba sendo relevante. Uma maneira simples de tentar explicar \u00e9 que, com os juros da economia americana muito altos, o desafio \u00e9 voc\u00ea ser interessante o suficiente para o aporte do investidor estrangeiro. Juros (<em>altos<\/em>) l\u00e1, normalmente, implicam em menos interesse e, portanto, um pouco mais de volatilidade aqui.<\/p>\n\n\n\n<h4 class=\"wp-block-heading\">Hoje, a previs\u00e3o ainda \u00e9 de manuten\u00e7\u00e3o de juros nos EUA?<\/h4>\n\n\n\n<p>Isso. Manuten\u00e7\u00e3o de juros e corte a partir de junho (<em>de 2024<\/em>).<\/p>\n\n\n\n<h4 class=\"wp-block-heading\">Mas esse cen\u00e1rio alternativo tem crescido?<\/h4>\n\n\n\n<p>Tem crescido, \u00e0 medida que os n\u00fameros n\u00e3o mostram desacelera\u00e7\u00e3o. De fato, a probabilidade aumentou.<\/p>\n\n\n\n<h4 class=\"wp-block-heading\">Nesse cen\u00e1rio, o BC teria de parar antes o ciclo de corte de juros?<\/h4>\n\n\n\n<p>Enquanto a gente est\u00e1 saindo de 12,75% agora, \u00e9 dif\u00edcil imaginar algum cen\u00e1rio com probabilidade relevante para diminuir o passo (<em>de corte da Selic<\/em>) nas pr\u00f3ximas duas ou tr\u00eas reuni\u00f5es. Mas, \u00e0 medida que a gente vai se aproximando de 10%, me parece que o cen\u00e1rio global acaba sendo mais relevante. E o c\u00e2mbio, al\u00e9m da desacelera\u00e7\u00e3o da economia, \u00e9 term\u00f4metro que vai nos ajudar a entender se vai para 8,5% ou para 10%. No fundo, o pre\u00e7o do c\u00e2mbio \u00e9 o que nos diz se o fluxo dos investimentos est\u00e1 vindo para o Brasil ou n\u00e3o.<\/p>\n\n\n\n<h4 class=\"wp-block-heading\">E qual deve ser o impacto do conflito entre Israel e Hamas?<\/h4>\n\n\n\n<p>O banco v\u00ea tr\u00eas possibilidades e estamos trabalhando mais com a de n\u00famero dois. A primeira \u00e9 o conflito ficar mais concentrado entre Israel e Hamas, na Faixa de Gaza. Apesar de ser muito ruim humanitariamente, tem menos impacto macroecon\u00f4mico. O segundo caso \u2014 e que parece mais prov\u00e1vel \u2014 \u00e9 ter uma contamina\u00e7\u00e3o um pouco maior na regi\u00e3o. A gente pode come\u00e7ar a ver petr\u00f3leo um pouco mais vol\u00e1til. E tem um cen\u00e1rio de mais risco, que \u00e9 esse conflito se espalhar ainda mais, com o envolvimento do Ir\u00e3, por exemplo, e de alguns outros pa\u00edses da regi\u00e3o. E a\u00ed pensando de novo: al\u00e9m dos impactos humanit\u00e1rios, pode haver um impacto no petr\u00f3leo, com um pre\u00e7o acima de US$ 100 (<em>o barril<\/em>) e outros desafios do lado macroecon\u00f4mico.<\/p>\n\n\n\n<h4 class=\"wp-block-heading\">E as incertezas locais, como a quest\u00e3o fiscal, para o Banco Central cortar os juros?<\/h4>\n\n\n\n<p>Tem um debate para onde os juros conseguem ir, menos do que o Banco Central consegue fazer nas pr\u00f3ximas reuni\u00f5es, em novembro e dezembro. N\u00e3o acho que a discuss\u00e3o do fiscal vai ser relevante para essas reuni\u00f5es.<\/p>\n\n\n\n<h4 class=\"wp-block-heading\">Por que sr. faz essa avalia\u00e7\u00e3o?<\/h4>\n\n\n\n<p>Porque estamos num ambiente de infla\u00e7\u00e3o muito benigna. A gente viu os n\u00fameros do IPCA para baixo, com composi\u00e7\u00e3o boa e perspectiva boa para o pr\u00f3ximo m\u00eas. N\u00e3o parece que \u00e9 um ambiente em que a gente precisa adicionar outros elementos, mas o fiscal entra no debate para estabiliza\u00e7\u00e3o de longo prazo, em qual patamar esses juros conseguem se estabilizar. Tem uma promessa de aumento de despesa que vai precisar ser contrabalanceada de alguma maneira e fica bastante claro que o foco \u00e9 a amplia\u00e7\u00e3o de receita. A minha percep\u00e7\u00e3o \u00e9 que isso est\u00e1 bastante alinhado com o que foi discutido da elei\u00e7\u00e3o. Eu acho que tem uma transi\u00e7\u00e3o. A gente passou os \u00faltimos seis, sete anos discutindo muito o fiscal por ter dificuldade de encontrar os caminhos. Me parece que estamos num segundo momento em que, dada a discuss\u00e3o da elei\u00e7\u00e3o, a gente vai ter que olhar o fiscal de maneira mais transit\u00f3ria.<\/p>\n\n\n\n<h4 class=\"wp-block-heading\">Como assim?<\/h4>\n\n\n\n<p>A gente n\u00e3o vai resolver a din\u00e2mica fiscal nos pr\u00f3ximos tr\u00eas anos. E nem acho que o governo est\u00e1 se propondo a isso. O que foi apresentado \u00e9 para que as pontas fiquem relativamente equilibradas, com um monte de desafio no meio do caminho at\u00e9 o final do governo. Essa maneira absoluta (<em>de analisar o fiscal<\/em>) sempre vai ser mais cr\u00edtica no dia a dia, porque vamos ver a d\u00edvida subir e tem uma press\u00e3o de gastos muito maior. Uma forma, talvez, \u00e9 olhar o Brasil de forma relativa, que \u00e9 o que eu vejo muitos investidores estrangeiros fazendo. O Pa\u00eds tem as suas dificuldades fiscais, mas n\u00e3o est\u00e1 num momento como l\u00e1 atr\u00e1s, em que n\u00e3o conseguia controlar o resultado prim\u00e1rio. Eu vejo uma preocupa\u00e7\u00e3o menor do estrangeiro do que a gente aqui que olha o dia a dia.<\/p>\n\n\n\n<h4 class=\"wp-block-heading\">O mercado avalia que o governo n\u00e3o vai alcan\u00e7ar um resultado prim\u00e1rio zero no pr\u00f3ximo ano, embora seja uma promessa da equipe econ\u00f4mica. Essa preocupa\u00e7\u00e3o menor se mant\u00e9m mesmo se o resultado ficar distante da meta?<\/h4>\n\n\n\n<p>A preocupa\u00e7\u00e3o n\u00e3o \u00e9 linear. Passando de menos 1% (<em>do PIB de resultado prim\u00e1rio<\/em>) e caminhando para menos 2%, a piora \u00e9 mais r\u00e1pida. Esse \u00e9 um detalhe que procuro tentar analisar. N\u00e3o achamos nada que nos leva a crer que o fiscal vai piorar a ponto de ir para menos 2%. O zero parece pouco prov\u00e1vel aos olhos de hoje e, se entregar ao redor de menos 1%, n\u00e3o vejo motivo para piorar. \u00c9 como as pessoas dizem: parece que est\u00e1 no pre\u00e7o. Uma piora adicional requer essa percep\u00e7\u00e3o de que n\u00e3o vai ser zero, n\u00e3o vai ser menos 1% e vai caminhar para menos 2%. Por outro lado, se chegar mais perto de zero \u2014 mesmo que por medidas de arrecada\u00e7\u00e3o mais tempor\u00e1rias \u2014, pode ter um interesse adicional.<\/p>\n\n\n\n<h4 class=\"wp-block-heading\">As previs\u00f5es de infla\u00e7\u00e3o para 2024 e 2025 n\u00e3o est\u00e3o no centro da meta. Isso n\u00e3o \u00e9 um problema para a queda de juros?<\/h4>\n\n\n\n<p>A gente n\u00e3o v\u00ea na meta tamb\u00e9m. E qual \u00e9 a nossa percep\u00e7\u00e3o desse cen\u00e1rio? A infla\u00e7\u00e3o de curto prazo vai permitir ao Banco Central manter o caminho de corte de juros. Se o cen\u00e1rio para os Estados Unidos se confirmar, eu vejo esse juro indo para 8,5%. Por outro lado, quando se pensa no quadro fiscal, eu tenho dificuldade de ver o juro se estabilizar em 8,5%. Ent\u00e3o, a gente v\u00ea os juros em 8,5% no meio do ano, mas em 2025 voltam a subir para 10%, com a percep\u00e7\u00e3o de que o desafio para a converg\u00eancia da infla\u00e7\u00e3o vai ser maior do que aparenta.<\/p>\n\n\n\n<figure class=\"wp-block-image\"><img decoding=\"async\" src=\"https:\/\/www.estadao.com.br\/resizer\/_BqQrc7JVMdzqkFFFyMBMf2t6XQ=\/380x0\/filters:format(jpg):quality(80)\/cloudfront-us-east-1.images.arcpublishing.com\/estadao\/ZMASTJCFBVBUNBPZII542GKCUM.jpg\" alt=\"Se cen\u00e1rio b\u00e1sico se confirmar, BC deve voltar a subir os juros em 2025, afirma Arruda\" \/><figcaption class=\"wp-element-caption\">Se cen\u00e1rio b\u00e1sico se confirmar, BC deve voltar a subir os juros em 2025, afirma Arruda&nbsp;&nbsp;Foto:&nbsp;Alex Silva\/Estad\u00e3o<\/figcaption><\/figure>\n\n\n\n<h4 class=\"wp-block-heading\">E qual \u00e9 a avalia\u00e7\u00e3o do banco para os pr\u00f3ximos anos do governo Lula?<\/h4>\n\n\n\n<p>Sem d\u00favida, o fiscal vai continuar sendo o tema. Ele volta com mais for\u00e7a, menos for\u00e7a, mas vai estar com a gente. \u00c9 uma d\u00edvida que n\u00e3o est\u00e1 estabilizada, vai subir, com risco de, se acontecer alguma coisa l\u00e1 fora ou aqui dentro e o governo precisar tomar a decis\u00e3o de aumentar o d\u00e9ficit momentaneamente, a d\u00edvida suba ainda mais. Do nosso ponto de vista, pensando para os pr\u00f3ximos anos, ser\u00e1 preciso entender tamb\u00e9m qual ser\u00e1 o tamanho da participa\u00e7\u00e3o do&nbsp;<a href=\"https:\/\/www.estadao.com.br\/tudo-sobre\/bndes-banco-nacional-de-desenvolvimento-economico-e-social\/\" target=\"_blank\" rel=\"noreferrer noopener\"><strong>BNDES&nbsp;<\/strong><\/a>(<em>Banco Nacional de Desenvolvimento Econ\u00f4mico e Social<\/em>) na economia e, a cada mudan\u00e7a dos diretores do Banco Central, eu imagino que a gente vai ter um debate sobre quem est\u00e1 entrando, qual \u00e9 a diferen\u00e7a com quem est\u00e1 saindo, se ser\u00e1 um BC mais leniente com a infla\u00e7\u00e3o ou se vai ser menos.<\/p>\n\n\n\n<h4 class=\"wp-block-heading\">Com as mudan\u00e7as at\u00e9 agora no BC, deu para sentir alguma diferen\u00e7a?<\/h4>\n\n\n\n<p>N\u00e3o na a\u00e7\u00e3o, mas na comunica\u00e7\u00e3o. E eu acho que faz sentido se a gente pensar para onde o Banco Central est\u00e1 indo. Tem pessoas com cargos independentes. Isso quer dizer que a gente pode ter uma diversidade de opini\u00e3o muito maior. Se pegar a \u00faltima ata, ela \u00e9 maior em quantidade de palavras e tem mais temas. Talvez, at\u00e9 com uma falta de acordo em rela\u00e7\u00e3o a alguns temas. Eu acho que vai ser uma toada constante. A gente v\u00ea isso em outros bancos centrais independentes. A d\u00favida que eu tenho daqui para frente \u00e9 entender o quanto o desacordo de opini\u00f5es vai gerar desacordo de votos. O BC americano tem um monte de opini\u00e3o diferente, mas, normalmente, na hora do voto fica muito parecido. Tem uma coordena\u00e7\u00e3o de tentar achar um ponto comum. Aqui, a gente n\u00e3o observou muito isso. Houve um primeiro voto dividido no in\u00edcio do ciclo (<em>do corte de juros<\/em>). E, depois, voltou a ser consenso.<\/p>\n\n\n\n<p>Fonte:https:\/\/www.estadao.com.br\/economia\/entrevista-gustavo-arruda-bnp-paribas-eua-selic\/<\/p>\n\n\n\n<p><a href=\"https:\/\/www.facebook.com\/sharer\/sharer.php?u=https:\/\/www.estadao.com.br\/economia\/entrevista-gustavo-arruda-bnp-paribas-eua-selic\/%3Futm_source%3Destadao%3Afacebook%26utm_medium%3Dlink\" target=\"_blank\" rel=\"noreferrer noopener\"><\/a><a href=\"https:\/\/twitter.com\/intent\/tweet?text=Fiscal+n%C3%A3o+ser%C3%A1+resolvido+em+tr%C3%AAs+anos,+nem+creio+que+seja+o+foco+do+governo,+diz+economista+do+BNP%20@estadao%3A%20&amp;url=https:\/\/www.estadao.com.br\/economia\/entrevista-gustavo-arruda-bnp-paribas-eua-selic\/%3Futm_source%3Destadao%3Atwitter%26utm_medium%3Dlink&amp;original_referer=https:\/\/www.estadao.com.br\/economia\/entrevista-gustavo-arruda-bnp-paribas-eua-selic\/\" target=\"_blank\" rel=\"noreferrer noopener\"><\/a><a href=\"https:\/\/api.whatsapp.com\/send?text=Fiscal+n%C3%A3o+ser%C3%A1+resolvido+em+tr%C3%AAs+anos,+nem+creio+que+seja+o+foco+do+governo,+diz+economista+do+BNP%20https:\/\/www.estadao.com.br\/economia\/entrevista-gustavo-arruda-bnp-paribas-eua-selic\/%3Futm_source%3Destadao%3Awhatsapp%26utm_medium%3Dlink&amp;app_absent=0\" target=\"_blank\" rel=\"noreferrer noopener\"><\/a><a href=\"https:\/\/www.linkedin.com\/sharing\/share-offsite\/?url=https:\/\/www.estadao.com.br\/economia\/entrevista-gustavo-arruda-bnp-paribas-eua-selic\/%3Futm_source%3Destadao%3Alinkedin%26utm_medium%3Dlink\" target=\"_blank\" rel=\"noreferrer noopener\"><\/a><a href=\"mailto:?subject=Fiscal%20n%C3%A3o%20ser%C3%A1%20resolvido%20em%20tr%C3%AAs%20anos,%20nem%20creio%20que%20seja%20o%20foco%20do%20governo,%20diz%20economista%20do%20BNP&amp;body=Fiscal%20n%C3%A3o%20ser%C3%A1%20resolvido%20em%20tr%C3%AAs%20anos,%20nem%20creio%20que%20seja%20o%20foco%20do%20governo,%20diz%20economista%20do%20BNP%20-%20https:\/\/www.estadao.com.br\/economia\/entrevista-gustavo-arruda-bnp-paribas-eua-selic\/%3Futm_source%3Destadao%3Amail%26utm_medium%3Dlink\"><\/a><\/p>","protected":false},"excerpt":{"rendered":"<p>Na avalia\u00e7\u00e3o de Gustavo Arruda, chefe de pesquisa para Am\u00e9rica Latina do banco, economia norte-americana n\u00e3o d\u00e1 sinais de perda de f\u00f4lego, o que pode levar os juros no Brasil a uma queda menor do que a esperada O chefe de pesquisa para Am\u00e9rica Latina do banco&nbsp;BNP Paribas, Gustavo Arruda, n\u00e3o descarta que a Selic [&hellip;]<\/p>\n","protected":false},"author":3,"featured_media":4247,"comment_status":"open","ping_status":"open","sticky":false,"template":"","format":"standard","meta":{"_joinchat":[],"footnotes":""},"categories":[1],"tags":[],"class_list":["post-4245","post","type-post","status-publish","format-standard","has-post-thumbnail","hentry","category-the-fortune-one"],"yoast_head":"<!-- This site is optimized with the Yoast SEO plugin v27.5 - https:\/\/yoast.com\/product\/yoast-seo-wordpress\/ -->\n<title>Fiscal n\u00e3o ser\u00e1 resolvido em tr\u00eas anos, nem creio que seja o foco do governo, diz economista do BNP - The Fortune.one<\/title>\n<meta name=\"description\" content=\"Somos especialistas em gest\u00e3o patrimonial, op\u00e7\u00f5es de investimentos para diversos perfis, nosso diferencial \u00e9 comprovado com resultados.\" \/>\n<meta name=\"robots\" content=\"index, follow, max-snippet:-1, max-image-preview:large, max-video-preview:-1\" \/>\n<link rel=\"canonical\" href=\"https:\/\/thefortune.one\/pt\/fiscal-nao-sera-resolvido-em-tres-anos-nem-creio-que-seja-o-foco-do-governo-diz-economista-do-bnp\/\" \/>\n<meta property=\"og:locale\" content=\"pt_BR\" \/>\n<meta property=\"og:type\" content=\"article\" \/>\n<meta property=\"og:title\" content=\"Fiscal n\u00e3o ser\u00e1 resolvido em tr\u00eas anos, nem creio que seja o foco do governo, diz economista do BNP - The Fortune.one\" \/>\n<meta property=\"og:description\" content=\"Somos especialistas em gest\u00e3o patrimonial, op\u00e7\u00f5es de investimentos para diversos perfis, nosso diferencial \u00e9 comprovado com resultados.\" \/>\n<meta property=\"og:url\" content=\"https:\/\/thefortune.one\/pt\/fiscal-nao-sera-resolvido-em-tres-anos-nem-creio-que-seja-o-foco-do-governo-diz-economista-do-bnp\/\" \/>\n<meta property=\"og:site_name\" content=\"The Fortune.one\" \/>\n<meta property=\"article:published_time\" content=\"2023-10-17T14:14:59+00:00\" \/>\n<meta property=\"og:image\" content=\"https:\/\/thefortune.one\/wp-content\/uploads\/2023\/10\/cara.jpg\" \/>\n\t<meta property=\"og:image:width\" content=\"936\" \/>\n\t<meta property=\"og:image:height\" content=\"624\" \/>\n\t<meta property=\"og:image:type\" content=\"image\/jpeg\" \/>\n<meta name=\"author\" content=\"bianca\" \/>\n<meta name=\"twitter:card\" content=\"summary_large_image\" \/>\n<meta name=\"twitter:label1\" content=\"Escrito por\" \/>\n\t<meta name=\"twitter:data1\" content=\"bianca\" \/>\n\t<meta name=\"twitter:label2\" content=\"Est. tempo de leitura\" \/>\n\t<meta name=\"twitter:data2\" content=\"10 minutos\" \/>\n<script type=\"application\/ld+json\" class=\"yoast-schema-graph\">{\"@context\":\"https:\\\/\\\/schema.org\",\"@graph\":[{\"@type\":\"Article\",\"@id\":\"https:\\\/\\\/thefortune.one\\\/pt\\\/fiscal-nao-sera-resolvido-em-tres-anos-nem-creio-que-seja-o-foco-do-governo-diz-economista-do-bnp\\\/#article\",\"isPartOf\":{\"@id\":\"https:\\\/\\\/thefortune.one\\\/pt\\\/fiscal-nao-sera-resolvido-em-tres-anos-nem-creio-que-seja-o-foco-do-governo-diz-economista-do-bnp\\\/\"},\"author\":{\"name\":\"bianca\",\"@id\":\"https:\\\/\\\/thefortune.one\\\/pt\\\/#\\\/schema\\\/person\\\/6cd8fe72a627d36caabf41815984a16f\"},\"headline\":\"Fiscal n\u00e3o ser\u00e1 resolvido em tr\u00eas anos, nem creio que seja o foco do governo, diz economista do BNP\",\"datePublished\":\"2023-10-17T14:14:59+00:00\",\"mainEntityOfPage\":{\"@id\":\"https:\\\/\\\/thefortune.one\\\/pt\\\/fiscal-nao-sera-resolvido-em-tres-anos-nem-creio-que-seja-o-foco-do-governo-diz-economista-do-bnp\\\/\"},\"wordCount\":2026,\"commentCount\":0,\"publisher\":{\"@id\":\"https:\\\/\\\/thefortune.one\\\/pt\\\/#organization\"},\"image\":{\"@id\":\"https:\\\/\\\/thefortune.one\\\/pt\\\/fiscal-nao-sera-resolvido-em-tres-anos-nem-creio-que-seja-o-foco-do-governo-diz-economista-do-bnp\\\/#primaryimage\"},\"thumbnailUrl\":\"https:\\\/\\\/thefortune.one\\\/wp-content\\\/uploads\\\/2023\\\/10\\\/cara.jpg\",\"articleSection\":[\"The Fortune.one\"],\"inLanguage\":\"pt-BR\",\"potentialAction\":[{\"@type\":\"CommentAction\",\"name\":\"Comment\",\"target\":[\"https:\\\/\\\/thefortune.one\\\/pt\\\/fiscal-nao-sera-resolvido-em-tres-anos-nem-creio-que-seja-o-foco-do-governo-diz-economista-do-bnp\\\/#respond\"]}]},{\"@type\":\"WebPage\",\"@id\":\"https:\\\/\\\/thefortune.one\\\/pt\\\/fiscal-nao-sera-resolvido-em-tres-anos-nem-creio-que-seja-o-foco-do-governo-diz-economista-do-bnp\\\/\",\"url\":\"https:\\\/\\\/thefortune.one\\\/pt\\\/fiscal-nao-sera-resolvido-em-tres-anos-nem-creio-que-seja-o-foco-do-governo-diz-economista-do-bnp\\\/\",\"name\":\"Fiscal n\u00e3o ser\u00e1 resolvido em tr\u00eas anos, nem creio que seja o foco do governo, diz economista do BNP - The Fortune.one\",\"isPartOf\":{\"@id\":\"https:\\\/\\\/thefortune.one\\\/pt\\\/#website\"},\"primaryImageOfPage\":{\"@id\":\"https:\\\/\\\/thefortune.one\\\/pt\\\/fiscal-nao-sera-resolvido-em-tres-anos-nem-creio-que-seja-o-foco-do-governo-diz-economista-do-bnp\\\/#primaryimage\"},\"image\":{\"@id\":\"https:\\\/\\\/thefortune.one\\\/pt\\\/fiscal-nao-sera-resolvido-em-tres-anos-nem-creio-que-seja-o-foco-do-governo-diz-economista-do-bnp\\\/#primaryimage\"},\"thumbnailUrl\":\"https:\\\/\\\/thefortune.one\\\/wp-content\\\/uploads\\\/2023\\\/10\\\/cara.jpg\",\"datePublished\":\"2023-10-17T14:14:59+00:00\",\"description\":\"Somos especialistas em gest\u00e3o patrimonial, op\u00e7\u00f5es de investimentos para diversos perfis, nosso diferencial \u00e9 comprovado com resultados.\",\"breadcrumb\":{\"@id\":\"https:\\\/\\\/thefortune.one\\\/pt\\\/fiscal-nao-sera-resolvido-em-tres-anos-nem-creio-que-seja-o-foco-do-governo-diz-economista-do-bnp\\\/#breadcrumb\"},\"inLanguage\":\"pt-BR\",\"potentialAction\":[{\"@type\":\"ReadAction\",\"target\":[\"https:\\\/\\\/thefortune.one\\\/pt\\\/fiscal-nao-sera-resolvido-em-tres-anos-nem-creio-que-seja-o-foco-do-governo-diz-economista-do-bnp\\\/\"]}]},{\"@type\":\"ImageObject\",\"inLanguage\":\"pt-BR\",\"@id\":\"https:\\\/\\\/thefortune.one\\\/pt\\\/fiscal-nao-sera-resolvido-em-tres-anos-nem-creio-que-seja-o-foco-do-governo-diz-economista-do-bnp\\\/#primaryimage\",\"url\":\"https:\\\/\\\/thefortune.one\\\/wp-content\\\/uploads\\\/2023\\\/10\\\/cara.jpg\",\"contentUrl\":\"https:\\\/\\\/thefortune.one\\\/wp-content\\\/uploads\\\/2023\\\/10\\\/cara.jpg\",\"width\":936,\"height\":624},{\"@type\":\"BreadcrumbList\",\"@id\":\"https:\\\/\\\/thefortune.one\\\/pt\\\/fiscal-nao-sera-resolvido-em-tres-anos-nem-creio-que-seja-o-foco-do-governo-diz-economista-do-bnp\\\/#breadcrumb\",\"itemListElement\":[{\"@type\":\"ListItem\",\"position\":1,\"name\":\"In\u00edcio\",\"item\":\"https:\\\/\\\/thefortune.one\\\/pt\\\/\"},{\"@type\":\"ListItem\",\"position\":2,\"name\":\"Fiscal n\u00e3o ser\u00e1 resolvido em tr\u00eas anos, nem creio que seja o foco do governo, diz economista do BNP\"}]},{\"@type\":\"WebSite\",\"@id\":\"https:\\\/\\\/thefortune.one\\\/pt\\\/#website\",\"url\":\"https:\\\/\\\/thefortune.one\\\/pt\\\/\",\"name\":\"The Fortune.one\",\"description\":\"Gestora de Recursos Especializada em Private Equity\",\"publisher\":{\"@id\":\"https:\\\/\\\/thefortune.one\\\/pt\\\/#organization\"},\"potentialAction\":[{\"@type\":\"SearchAction\",\"target\":{\"@type\":\"EntryPoint\",\"urlTemplate\":\"https:\\\/\\\/thefortune.one\\\/pt\\\/?s={search_term_string}\"},\"query-input\":{\"@type\":\"PropertyValueSpecification\",\"valueRequired\":true,\"valueName\":\"search_term_string\"}}],\"inLanguage\":\"pt-BR\"},{\"@type\":\"Organization\",\"@id\":\"https:\\\/\\\/thefortune.one\\\/pt\\\/#organization\",\"name\":\"The Fortune One\",\"url\":\"https:\\\/\\\/thefortune.one\\\/pt\\\/\",\"logo\":{\"@type\":\"ImageObject\",\"inLanguage\":\"pt-BR\",\"@id\":\"https:\\\/\\\/thefortune.one\\\/pt\\\/#\\\/schema\\\/logo\\\/image\\\/\",\"url\":\"https:\\\/\\\/thefortune.one\\\/wp-content\\\/uploads\\\/2022\\\/11\\\/cropped-cropped-1651682701199-1.jpg\",\"contentUrl\":\"https:\\\/\\\/thefortune.one\\\/wp-content\\\/uploads\\\/2022\\\/11\\\/cropped-cropped-1651682701199-1.jpg\",\"width\":369,\"height\":421,\"caption\":\"The Fortune One\"},\"image\":{\"@id\":\"https:\\\/\\\/thefortune.one\\\/pt\\\/#\\\/schema\\\/logo\\\/image\\\/\"}},{\"@type\":\"Person\",\"@id\":\"https:\\\/\\\/thefortune.one\\\/pt\\\/#\\\/schema\\\/person\\\/6cd8fe72a627d36caabf41815984a16f\",\"name\":\"bianca\",\"image\":{\"@type\":\"ImageObject\",\"inLanguage\":\"pt-BR\",\"@id\":\"https:\\\/\\\/secure.gravatar.com\\\/avatar\\\/66cd7b00d93410555e00d1e6a911a86de0cd0cfa4f83a2f8b47eddc2968c98af?s=96&d=mm&r=g\",\"url\":\"https:\\\/\\\/secure.gravatar.com\\\/avatar\\\/66cd7b00d93410555e00d1e6a911a86de0cd0cfa4f83a2f8b47eddc2968c98af?s=96&d=mm&r=g\",\"contentUrl\":\"https:\\\/\\\/secure.gravatar.com\\\/avatar\\\/66cd7b00d93410555e00d1e6a911a86de0cd0cfa4f83a2f8b47eddc2968c98af?s=96&d=mm&r=g\",\"caption\":\"bianca\"},\"url\":\"https:\\\/\\\/thefortune.one\\\/pt\\\/author\\\/bianca\\\/\"}]}<\/script>\n<!-- \/ Yoast SEO plugin. -->","yoast_head_json":{"title":"Fiscal n\u00e3o ser\u00e1 resolvido em tr\u00eas anos, nem creio que seja o foco do governo, diz economista do BNP - The Fortune.one","description":"Somos especialistas em gest\u00e3o patrimonial, op\u00e7\u00f5es de investimentos para diversos perfis, nosso diferencial \u00e9 comprovado com resultados.","robots":{"index":"index","follow":"follow","max-snippet":"max-snippet:-1","max-image-preview":"max-image-preview:large","max-video-preview":"max-video-preview:-1"},"canonical":"https:\/\/thefortune.one\/pt\/fiscal-nao-sera-resolvido-em-tres-anos-nem-creio-que-seja-o-foco-do-governo-diz-economista-do-bnp\/","og_locale":"pt_BR","og_type":"article","og_title":"Fiscal n\u00e3o ser\u00e1 resolvido em tr\u00eas anos, nem creio que seja o foco do governo, diz economista do BNP - The Fortune.one","og_description":"Somos especialistas em gest\u00e3o patrimonial, op\u00e7\u00f5es de investimentos para diversos perfis, nosso diferencial \u00e9 comprovado com resultados.","og_url":"https:\/\/thefortune.one\/pt\/fiscal-nao-sera-resolvido-em-tres-anos-nem-creio-que-seja-o-foco-do-governo-diz-economista-do-bnp\/","og_site_name":"The Fortune.one","article_published_time":"2023-10-17T14:14:59+00:00","og_image":[{"width":936,"height":624,"url":"https:\/\/thefortune.one\/wp-content\/uploads\/2023\/10\/cara.jpg","type":"image\/jpeg"}],"author":"bianca","twitter_card":"summary_large_image","twitter_misc":{"Escrito por":"bianca","Est. tempo de leitura":"10 minutos"},"schema":{"@context":"https:\/\/schema.org","@graph":[{"@type":"Article","@id":"https:\/\/thefortune.one\/pt\/fiscal-nao-sera-resolvido-em-tres-anos-nem-creio-que-seja-o-foco-do-governo-diz-economista-do-bnp\/#article","isPartOf":{"@id":"https:\/\/thefortune.one\/pt\/fiscal-nao-sera-resolvido-em-tres-anos-nem-creio-que-seja-o-foco-do-governo-diz-economista-do-bnp\/"},"author":{"name":"bianca","@id":"https:\/\/thefortune.one\/pt\/#\/schema\/person\/6cd8fe72a627d36caabf41815984a16f"},"headline":"Fiscal n\u00e3o ser\u00e1 resolvido em tr\u00eas anos, nem creio que seja o foco do governo, diz economista do BNP","datePublished":"2023-10-17T14:14:59+00:00","mainEntityOfPage":{"@id":"https:\/\/thefortune.one\/pt\/fiscal-nao-sera-resolvido-em-tres-anos-nem-creio-que-seja-o-foco-do-governo-diz-economista-do-bnp\/"},"wordCount":2026,"commentCount":0,"publisher":{"@id":"https:\/\/thefortune.one\/pt\/#organization"},"image":{"@id":"https:\/\/thefortune.one\/pt\/fiscal-nao-sera-resolvido-em-tres-anos-nem-creio-que-seja-o-foco-do-governo-diz-economista-do-bnp\/#primaryimage"},"thumbnailUrl":"https:\/\/thefortune.one\/wp-content\/uploads\/2023\/10\/cara.jpg","articleSection":["The Fortune.one"],"inLanguage":"pt-BR","potentialAction":[{"@type":"CommentAction","name":"Comment","target":["https:\/\/thefortune.one\/pt\/fiscal-nao-sera-resolvido-em-tres-anos-nem-creio-que-seja-o-foco-do-governo-diz-economista-do-bnp\/#respond"]}]},{"@type":"WebPage","@id":"https:\/\/thefortune.one\/pt\/fiscal-nao-sera-resolvido-em-tres-anos-nem-creio-que-seja-o-foco-do-governo-diz-economista-do-bnp\/","url":"https:\/\/thefortune.one\/pt\/fiscal-nao-sera-resolvido-em-tres-anos-nem-creio-que-seja-o-foco-do-governo-diz-economista-do-bnp\/","name":"Fiscal n\u00e3o ser\u00e1 resolvido em tr\u00eas anos, nem creio que seja o foco do governo, diz economista do BNP - The Fortune.one","isPartOf":{"@id":"https:\/\/thefortune.one\/pt\/#website"},"primaryImageOfPage":{"@id":"https:\/\/thefortune.one\/pt\/fiscal-nao-sera-resolvido-em-tres-anos-nem-creio-que-seja-o-foco-do-governo-diz-economista-do-bnp\/#primaryimage"},"image":{"@id":"https:\/\/thefortune.one\/pt\/fiscal-nao-sera-resolvido-em-tres-anos-nem-creio-que-seja-o-foco-do-governo-diz-economista-do-bnp\/#primaryimage"},"thumbnailUrl":"https:\/\/thefortune.one\/wp-content\/uploads\/2023\/10\/cara.jpg","datePublished":"2023-10-17T14:14:59+00:00","description":"Somos especialistas em gest\u00e3o patrimonial, op\u00e7\u00f5es de investimentos para diversos perfis, nosso diferencial \u00e9 comprovado com resultados.","breadcrumb":{"@id":"https:\/\/thefortune.one\/pt\/fiscal-nao-sera-resolvido-em-tres-anos-nem-creio-que-seja-o-foco-do-governo-diz-economista-do-bnp\/#breadcrumb"},"inLanguage":"pt-BR","potentialAction":[{"@type":"ReadAction","target":["https:\/\/thefortune.one\/pt\/fiscal-nao-sera-resolvido-em-tres-anos-nem-creio-que-seja-o-foco-do-governo-diz-economista-do-bnp\/"]}]},{"@type":"ImageObject","inLanguage":"pt-BR","@id":"https:\/\/thefortune.one\/pt\/fiscal-nao-sera-resolvido-em-tres-anos-nem-creio-que-seja-o-foco-do-governo-diz-economista-do-bnp\/#primaryimage","url":"https:\/\/thefortune.one\/wp-content\/uploads\/2023\/10\/cara.jpg","contentUrl":"https:\/\/thefortune.one\/wp-content\/uploads\/2023\/10\/cara.jpg","width":936,"height":624},{"@type":"BreadcrumbList","@id":"https:\/\/thefortune.one\/pt\/fiscal-nao-sera-resolvido-em-tres-anos-nem-creio-que-seja-o-foco-do-governo-diz-economista-do-bnp\/#breadcrumb","itemListElement":[{"@type":"ListItem","position":1,"name":"In\u00edcio","item":"https:\/\/thefortune.one\/pt\/"},{"@type":"ListItem","position":2,"name":"Fiscal n\u00e3o ser\u00e1 resolvido em tr\u00eas anos, nem creio que seja o foco do governo, diz economista do BNP"}]},{"@type":"WebSite","@id":"https:\/\/thefortune.one\/pt\/#website","url":"https:\/\/thefortune.one\/pt\/","name":"The Fortune.one","description":"Gestora de Recursos Especializada em Private Equity","publisher":{"@id":"https:\/\/thefortune.one\/pt\/#organization"},"potentialAction":[{"@type":"SearchAction","target":{"@type":"EntryPoint","urlTemplate":"https:\/\/thefortune.one\/pt\/?s={search_term_string}"},"query-input":{"@type":"PropertyValueSpecification","valueRequired":true,"valueName":"search_term_string"}}],"inLanguage":"pt-BR"},{"@type":"Organization","@id":"https:\/\/thefortune.one\/pt\/#organization","name":"The Fortune One","url":"https:\/\/thefortune.one\/pt\/","logo":{"@type":"ImageObject","inLanguage":"pt-BR","@id":"https:\/\/thefortune.one\/pt\/#\/schema\/logo\/image\/","url":"https:\/\/thefortune.one\/wp-content\/uploads\/2022\/11\/cropped-cropped-1651682701199-1.jpg","contentUrl":"https:\/\/thefortune.one\/wp-content\/uploads\/2022\/11\/cropped-cropped-1651682701199-1.jpg","width":369,"height":421,"caption":"The Fortune One"},"image":{"@id":"https:\/\/thefortune.one\/pt\/#\/schema\/logo\/image\/"}},{"@type":"Person","@id":"https:\/\/thefortune.one\/pt\/#\/schema\/person\/6cd8fe72a627d36caabf41815984a16f","name":"bianca","image":{"@type":"ImageObject","inLanguage":"pt-BR","@id":"https:\/\/secure.gravatar.com\/avatar\/66cd7b00d93410555e00d1e6a911a86de0cd0cfa4f83a2f8b47eddc2968c98af?s=96&d=mm&r=g","url":"https:\/\/secure.gravatar.com\/avatar\/66cd7b00d93410555e00d1e6a911a86de0cd0cfa4f83a2f8b47eddc2968c98af?s=96&d=mm&r=g","contentUrl":"https:\/\/secure.gravatar.com\/avatar\/66cd7b00d93410555e00d1e6a911a86de0cd0cfa4f83a2f8b47eddc2968c98af?s=96&d=mm&r=g","caption":"bianca"},"url":"https:\/\/thefortune.one\/pt\/author\/bianca\/"}]}},"_links":{"self":[{"href":"https:\/\/thefortune.one\/pt\/wp-json\/wp\/v2\/posts\/4245","targetHints":{"allow":["GET"]}}],"collection":[{"href":"https:\/\/thefortune.one\/pt\/wp-json\/wp\/v2\/posts"}],"about":[{"href":"https:\/\/thefortune.one\/pt\/wp-json\/wp\/v2\/types\/post"}],"author":[{"embeddable":true,"href":"https:\/\/thefortune.one\/pt\/wp-json\/wp\/v2\/users\/3"}],"replies":[{"embeddable":true,"href":"https:\/\/thefortune.one\/pt\/wp-json\/wp\/v2\/comments?post=4245"}],"version-history":[{"count":1,"href":"https:\/\/thefortune.one\/pt\/wp-json\/wp\/v2\/posts\/4245\/revisions"}],"predecessor-version":[{"id":4248,"href":"https:\/\/thefortune.one\/pt\/wp-json\/wp\/v2\/posts\/4245\/revisions\/4248"}],"wp:featuredmedia":[{"embeddable":true,"href":"https:\/\/thefortune.one\/pt\/wp-json\/wp\/v2\/media\/4247"}],"wp:attachment":[{"href":"https:\/\/thefortune.one\/pt\/wp-json\/wp\/v2\/media?parent=4245"}],"wp:term":[{"taxonomy":"category","embeddable":true,"href":"https:\/\/thefortune.one\/pt\/wp-json\/wp\/v2\/categories?post=4245"},{"taxonomy":"post_tag","embeddable":true,"href":"https:\/\/thefortune.one\/pt\/wp-json\/wp\/v2\/tags?post=4245"}],"curies":[{"name":"wp","href":"https:\/\/api.w.org\/{rel}","templated":true}]}}