{"id":4235,"date":"2023-10-16T13:34:04","date_gmt":"2023-10-16T13:34:04","guid":{"rendered":"https:\/\/thefortune.one\/?p=4235"},"modified":"2023-10-16T13:34:04","modified_gmt":"2023-10-16T13:34:04","slug":"sem-novas-indicacoes-do-governo-lula-cade-esta-proximo-de-enfrentar-novo-apagao","status":"publish","type":"post","link":"https:\/\/thefortune.one\/pt\/sem-novas-indicacoes-do-governo-lula-cade-esta-proximo-de-enfrentar-novo-apagao\/","title":{"rendered":"Sem novas indica\u00e7\u00f5es do governo Lula, Cade est\u00e1 pr\u00f3ximo de enfrentar novo apag\u00e3o"},"content":{"rendered":"<p>At\u00e9 dezembro, Conselho deve ficar com quatro vagas em aberto<\/p>\n\n\n\n<figure class=\"wp-block-image size-full\"><img fetchpriority=\"high\" decoding=\"async\" width=\"936\" height=\"621\" src=\"https:\/\/thefortune.one\/wp-content\/uploads\/2023\/10\/image-3.png\" alt=\"\" class=\"wp-image-4236\" srcset=\"https:\/\/thefortune.one\/wp-content\/uploads\/2023\/10\/image-3.png 936w, https:\/\/thefortune.one\/wp-content\/uploads\/2023\/10\/image-3-300x199.png 300w, https:\/\/thefortune.one\/wp-content\/uploads\/2023\/10\/image-3-768x510.png 768w, https:\/\/thefortune.one\/wp-content\/uploads\/2023\/10\/image-3-18x12.png 18w\" sizes=\"(max-width: 936px) 100vw, 936px\" \/><\/figure>\n\n\n\n<p>Integrantes do Conselho Administrativo de Defesa Econ\u00f4mica (Cade) j\u00e1 preveem que dificilmente o \u00f3rg\u00e3o antitruste ir\u00e1 escapar de uma paralisia por falta de qu\u00f3rum em breve, repetindo o epis\u00f3dio de 2019 registrado durante o governo Bolsonaro. O Cade j\u00e1 est\u00e1 desfalcado desde o in\u00edcio do m\u00eas, ap\u00f3s o fim do mandato dos conselheiros Lenisa Prado e S\u00e9rgio Ravagnani. Contudo, a situa\u00e7\u00e3o ficar\u00e1 ainda mais cr\u00edtica. A sess\u00e3o de quarta-feira, 11, marcou a despedida do conselheiro Luiz Hoffmann e, no dia 4 novembro, acaba o mandato de Luis Braido, sem que o presidente Luiz In\u00e1cio Lula da Silva (PT) tenha enviado ao Senado qualquer nova indica\u00e7\u00e3o para as quatro vagas.<\/p>\n\n\n\n<p>Com a sa\u00edda de Braido, o Cade ficar\u00e1 apenas com tr\u00eas das sete cadeiras preenchidas, o que impede o conselho de abrir novas sess\u00f5es. Uma fonte que acompanha as discuss\u00f5es que envolvem os novos nomes afirmou reservadamente ser \u201cpouco prov\u00e1vel\u201d que o \u00f3rg\u00e3o n\u00e3o fique sem o qu\u00f3rum desfalcado, pelo menos durante o m\u00eas de novembro &#8211; com risco de a paralisia se estender at\u00e9 o fim do ano. Advogados que atuam no \u00f3rg\u00e3o tamb\u00e9m apontam \u201calto risco\u201d de o conselho parar em breve.<\/p>\n\n\n\n<p>Pelo calend\u00e1rio de 2023, o Cade tem sess\u00f5es programadas para o pr\u00f3ximo dia 25, quando ter\u00e1 quatro de sete conselheiros, e para os dias 7 e 29 de novembro e 13 de dezembro, quando s\u00f3 sobrar\u00e3o do quadro atual os conselheiros Alexandre Cordeiro (presidente), Gustavo Augusto e Victor Fernandes. Essas reuni\u00f5es, por sua vez, ter\u00e3o de ser suspensas se n\u00e3o houver indica\u00e7\u00e3o e aprova\u00e7\u00e3o dos novos nomes at\u00e9 l\u00e1.<\/p>\n\n\n\n<h3 class=\"wp-block-heading\">Situa\u00e7\u00e3o pode ser enfrentada j\u00e1 em outubro<\/h3>\n\n\n\n<p>Em tese, alguns processos n\u00e3o poder\u00e3o ser julgados nem mesmo na pr\u00f3xima sess\u00e3o de outubro, j\u00e1 que h\u00e1 casos em que o Cordeiro est\u00e1 impedido por ter atuado como superintendente-geral. Nos bastidores, o term\u00f4metro \u00e9 de que ainda n\u00e3o h\u00e1 nem acordo interno no governo sobre quais ser\u00e3o os quatro nomes indicados por Lula. Isso porque h\u00e1 outra vari\u00e1vel que depende de uma decis\u00e3o do petista e que deve influenciar o futuro do Cade: qual ser\u00e1 o indicado para a vaga no Supremo Tribunal Federal (STF).<\/p>\n\n\n\n<p>Um dos cotados para a cadeira na Suprema Corte \u00e9 Fl\u00e1vio Dino, atual ministro da Justi\u00e7a e Seguran\u00e7a P\u00fablica, pasta \u00e0 qual o Cade \u00e9 vinculado. A avalia\u00e7\u00e3o \u00e9 de que, se Dino conseguir ser al\u00e7ado ao STF, o apadrinhamento de um dos nomes ficaria \u201clivre\u201d. Do contr\u00e1rio, o ministro iria querer ter influ\u00eancia nas nomea\u00e7\u00f5es. Al\u00e9m disso, fontes afirmam que os escolhidos est\u00e3o sendo negociados junto ao Congresso no pacote de indica\u00e7\u00f5es as vagas que ser\u00e3o abertas tamb\u00e9m no Superior Tribunal de Justi\u00e7a (STJ).<\/p>\n\n\n\n<h3 class=\"wp-block-heading\">Mercado j\u00e1 alerta para risco de paralisia<\/h3>\n\n\n\n<p>A preocupa\u00e7\u00e3o com um prov\u00e1vel apag\u00e3o do Cade j\u00e1 est\u00e1 no radar da advocacia e do conselho h\u00e1 semanas. Como mostrou o\u00a0<strong>Broadcast<\/strong>, na sess\u00e3o que marcou a despedida dos conselheiros Lenisa Prado e S\u00e9rgio Ravagnani, o alerta foi feito pelo Diretor Presidente do Instituto Brasileiro de Estudos de Concorr\u00eancia, Consumo e Com\u00e9rcio Internacional (Ibrac), Bruno de Luca Drago. Na ocasi\u00e3o, al\u00e9m de mencionar o \u201crisco de um novo apag\u00e3o\u201d, Drago lamentou as \u201cincertezas pol\u00edticas\u201d que cercam as novas nomea\u00e7\u00f5es e afirmou que n\u00e3o h\u00e1, at\u00e9 o momento, \u201ca seriedade e o compromisso\u201d que se espera dos respons\u00e1veis por essas escolhas.<\/p>\n\n\n\n<p>Questionado pela reportagem sobre o risco da paralisia, o Cade destacou que as indica\u00e7\u00f5es dos nomes s\u00e3o realizadas pelo presidente da Rep\u00fablica, com necessidade de aprova\u00e7\u00e3o pelo Senado, onde ocorrem as sabatinas. \u201cSe os nomes forem aprovados, o presidente da Rep\u00fablica nomeia os indicados. De acordo com o artigo 9\u00ba, \u00a7 1\u00ba, da Lei 12.529\/11, \u2018as decis\u00f5es do Tribunal ser\u00e3o tomadas por maioria, com a presen\u00e7a m\u00ednima de 4 (quatro) membros, sendo o qu\u00f3rum de delibera\u00e7\u00e3o m\u00ednimo de 3 (tr\u00eas) membros\u2019. O mandato de conselheiros \u00e9 de quatro anos, vedada a recondu\u00e7\u00e3o, conforme estabelece a referida lei\u201d, ressaltou.<\/p>\n\n\n\n<p>O Planalto foi procurado, mas n\u00e3o houve retorno at\u00e9 a publica\u00e7\u00e3o deste texto.<\/p>\n\n\n\n<h3 class=\"wp-block-heading\">Cade foi rebaixado em ranking internacional<\/h3>\n\n\n\n<p>O momento tenso coincide tamb\u00e9m com outra not\u00edcia n\u00e3o t\u00e3o boa para o \u00f3rg\u00e3o antitruste. Ap\u00f3s dez anos consecutivos recebendo quatro estrelas no ranking anual promovido pela revista brit\u00e2nica Global Competition Review (GCR), a nota baixou na publica\u00e7\u00e3o deste ano, e foi a 3,5. Sobre o rebaixamento, o Cade afirmou em nota que \u00e9 considerado uma das principais ag\u00eancias antitruste das Am\u00e9ricas e figura, nos \u00faltimos anos, entre as melhores do mundo, de acordo com as avalia\u00e7\u00f5es feitas pela GCR.<\/p>\n\n\n\n<p>Sobre a classifica\u00e7\u00e3o deste ano, o \u00f3rg\u00e3o afirmou que, \u201cassim como procedeu nas edi\u00e7\u00f5es anteriores\u201d, observar\u00e1 todos os apontamentos apresentados no documento. \u201cComo parte do seu compromisso constante de aprimorar e fortalecer o sistema de defesa da concorr\u00eancia no Brasil e de manter a sua lideran\u00e7a na agenda antitruste internacional\u201d, declarou.<\/p>\n\n\n\n<p>Fonte:https:\/\/www.estadao.com.br\/economia\/coluna-do-broad\/sem-novas-indicacoes-do-governo-lula-cade-esta-proximo-de-enfrentar-novo-apagao\/<\/p>","protected":false},"excerpt":{"rendered":"<p>At\u00e9 dezembro, Conselho deve ficar com quatro vagas em aberto Integrantes do Conselho Administrativo de Defesa Econ\u00f4mica (Cade) j\u00e1 preveem que dificilmente o \u00f3rg\u00e3o antitruste ir\u00e1 escapar de uma paralisia por falta de qu\u00f3rum em breve, repetindo o epis\u00f3dio de 2019 registrado durante o governo Bolsonaro. O Cade j\u00e1 est\u00e1 desfalcado desde o in\u00edcio do [&hellip;]<\/p>\n","protected":false},"author":3,"featured_media":4237,"comment_status":"open","ping_status":"open","sticky":false,"template":"","format":"standard","meta":{"_joinchat":[],"footnotes":""},"categories":[1],"tags":[],"class_list":["post-4235","post","type-post","status-publish","format-standard","has-post-thumbnail","hentry","category-the-fortune-one"],"yoast_head":"<!-- This site is optimized with the Yoast SEO plugin v27.5 - https:\/\/yoast.com\/product\/yoast-seo-wordpress\/ -->\n<title>Sem novas indica\u00e7\u00f5es do governo Lula, Cade est\u00e1 pr\u00f3ximo de enfrentar novo apag\u00e3o - The Fortune.one<\/title>\n<meta name=\"description\" content=\"Somos especialistas em gest\u00e3o patrimonial, op\u00e7\u00f5es de investimentos para diversos perfis, nosso diferencial \u00e9 comprovado com resultados.\" \/>\n<meta name=\"robots\" content=\"index, follow, max-snippet:-1, max-image-preview:large, max-video-preview:-1\" \/>\n<link rel=\"canonical\" href=\"https:\/\/thefortune.one\/pt\/sem-novas-indicacoes-do-governo-lula-cade-esta-proximo-de-enfrentar-novo-apagao\/\" \/>\n<meta property=\"og:locale\" content=\"pt_BR\" \/>\n<meta property=\"og:type\" content=\"article\" \/>\n<meta property=\"og:title\" content=\"Sem novas indica\u00e7\u00f5es do governo Lula, Cade est\u00e1 pr\u00f3ximo de enfrentar novo apag\u00e3o - The Fortune.one\" \/>\n<meta property=\"og:description\" content=\"Somos especialistas em gest\u00e3o patrimonial, op\u00e7\u00f5es de investimentos para diversos perfis, nosso diferencial \u00e9 comprovado com resultados.\" \/>\n<meta property=\"og:url\" content=\"https:\/\/thefortune.one\/pt\/sem-novas-indicacoes-do-governo-lula-cade-esta-proximo-de-enfrentar-novo-apagao\/\" \/>\n<meta property=\"og:site_name\" content=\"The Fortune.one\" \/>\n<meta property=\"article:published_time\" content=\"2023-10-16T13:34:04+00:00\" \/>\n<meta property=\"og:image\" content=\"https:\/\/thefortune.one\/wp-content\/uploads\/2023\/10\/cade.jpg\" \/>\n\t<meta property=\"og:image:width\" content=\"936\" \/>\n\t<meta property=\"og:image:height\" content=\"621\" \/>\n\t<meta property=\"og:image:type\" content=\"image\/jpeg\" \/>\n<meta name=\"author\" content=\"bianca\" \/>\n<meta name=\"twitter:card\" content=\"summary_large_image\" \/>\n<meta name=\"twitter:label1\" content=\"Escrito por\" \/>\n\t<meta name=\"twitter:data1\" content=\"bianca\" \/>\n\t<meta name=\"twitter:label2\" content=\"Est. tempo de leitura\" \/>\n\t<meta name=\"twitter:data2\" content=\"4 minutos\" \/>\n<script type=\"application\/ld+json\" class=\"yoast-schema-graph\">{\"@context\":\"https:\\\/\\\/schema.org\",\"@graph\":[{\"@type\":\"Article\",\"@id\":\"https:\\\/\\\/thefortune.one\\\/pt\\\/sem-novas-indicacoes-do-governo-lula-cade-esta-proximo-de-enfrentar-novo-apagao\\\/#article\",\"isPartOf\":{\"@id\":\"https:\\\/\\\/thefortune.one\\\/pt\\\/sem-novas-indicacoes-do-governo-lula-cade-esta-proximo-de-enfrentar-novo-apagao\\\/\"},\"author\":{\"name\":\"bianca\",\"@id\":\"https:\\\/\\\/thefortune.one\\\/pt\\\/#\\\/schema\\\/person\\\/6cd8fe72a627d36caabf41815984a16f\"},\"headline\":\"Sem novas indica\u00e7\u00f5es do governo Lula, Cade est\u00e1 pr\u00f3ximo de enfrentar novo apag\u00e3o\",\"datePublished\":\"2023-10-16T13:34:04+00:00\",\"mainEntityOfPage\":{\"@id\":\"https:\\\/\\\/thefortune.one\\\/pt\\\/sem-novas-indicacoes-do-governo-lula-cade-esta-proximo-de-enfrentar-novo-apagao\\\/\"},\"wordCount\":913,\"commentCount\":0,\"publisher\":{\"@id\":\"https:\\\/\\\/thefortune.one\\\/pt\\\/#organization\"},\"image\":{\"@id\":\"https:\\\/\\\/thefortune.one\\\/pt\\\/sem-novas-indicacoes-do-governo-lula-cade-esta-proximo-de-enfrentar-novo-apagao\\\/#primaryimage\"},\"thumbnailUrl\":\"https:\\\/\\\/thefortune.one\\\/wp-content\\\/uploads\\\/2023\\\/10\\\/cade.jpg\",\"articleSection\":[\"The Fortune.one\"],\"inLanguage\":\"pt-BR\",\"potentialAction\":[{\"@type\":\"CommentAction\",\"name\":\"Comment\",\"target\":[\"https:\\\/\\\/thefortune.one\\\/pt\\\/sem-novas-indicacoes-do-governo-lula-cade-esta-proximo-de-enfrentar-novo-apagao\\\/#respond\"]}]},{\"@type\":\"WebPage\",\"@id\":\"https:\\\/\\\/thefortune.one\\\/pt\\\/sem-novas-indicacoes-do-governo-lula-cade-esta-proximo-de-enfrentar-novo-apagao\\\/\",\"url\":\"https:\\\/\\\/thefortune.one\\\/pt\\\/sem-novas-indicacoes-do-governo-lula-cade-esta-proximo-de-enfrentar-novo-apagao\\\/\",\"name\":\"Sem novas indica\u00e7\u00f5es do governo Lula, Cade est\u00e1 pr\u00f3ximo de enfrentar novo apag\u00e3o - The Fortune.one\",\"isPartOf\":{\"@id\":\"https:\\\/\\\/thefortune.one\\\/pt\\\/#website\"},\"primaryImageOfPage\":{\"@id\":\"https:\\\/\\\/thefortune.one\\\/pt\\\/sem-novas-indicacoes-do-governo-lula-cade-esta-proximo-de-enfrentar-novo-apagao\\\/#primaryimage\"},\"image\":{\"@id\":\"https:\\\/\\\/thefortune.one\\\/pt\\\/sem-novas-indicacoes-do-governo-lula-cade-esta-proximo-de-enfrentar-novo-apagao\\\/#primaryimage\"},\"thumbnailUrl\":\"https:\\\/\\\/thefortune.one\\\/wp-content\\\/uploads\\\/2023\\\/10\\\/cade.jpg\",\"datePublished\":\"2023-10-16T13:34:04+00:00\",\"description\":\"Somos especialistas em gest\u00e3o patrimonial, op\u00e7\u00f5es de investimentos para diversos perfis, nosso diferencial \u00e9 comprovado com resultados.\",\"breadcrumb\":{\"@id\":\"https:\\\/\\\/thefortune.one\\\/pt\\\/sem-novas-indicacoes-do-governo-lula-cade-esta-proximo-de-enfrentar-novo-apagao\\\/#breadcrumb\"},\"inLanguage\":\"pt-BR\",\"potentialAction\":[{\"@type\":\"ReadAction\",\"target\":[\"https:\\\/\\\/thefortune.one\\\/pt\\\/sem-novas-indicacoes-do-governo-lula-cade-esta-proximo-de-enfrentar-novo-apagao\\\/\"]}]},{\"@type\":\"ImageObject\",\"inLanguage\":\"pt-BR\",\"@id\":\"https:\\\/\\\/thefortune.one\\\/pt\\\/sem-novas-indicacoes-do-governo-lula-cade-esta-proximo-de-enfrentar-novo-apagao\\\/#primaryimage\",\"url\":\"https:\\\/\\\/thefortune.one\\\/wp-content\\\/uploads\\\/2023\\\/10\\\/cade.jpg\",\"contentUrl\":\"https:\\\/\\\/thefortune.one\\\/wp-content\\\/uploads\\\/2023\\\/10\\\/cade.jpg\",\"width\":936,\"height\":621},{\"@type\":\"BreadcrumbList\",\"@id\":\"https:\\\/\\\/thefortune.one\\\/pt\\\/sem-novas-indicacoes-do-governo-lula-cade-esta-proximo-de-enfrentar-novo-apagao\\\/#breadcrumb\",\"itemListElement\":[{\"@type\":\"ListItem\",\"position\":1,\"name\":\"In\u00edcio\",\"item\":\"https:\\\/\\\/thefortune.one\\\/pt\\\/\"},{\"@type\":\"ListItem\",\"position\":2,\"name\":\"Sem novas indica\u00e7\u00f5es do governo Lula, Cade est\u00e1 pr\u00f3ximo de enfrentar novo apag\u00e3o\"}]},{\"@type\":\"WebSite\",\"@id\":\"https:\\\/\\\/thefortune.one\\\/pt\\\/#website\",\"url\":\"https:\\\/\\\/thefortune.one\\\/pt\\\/\",\"name\":\"The Fortune.one\",\"description\":\"Gestora de Recursos Especializada em Private Equity\",\"publisher\":{\"@id\":\"https:\\\/\\\/thefortune.one\\\/pt\\\/#organization\"},\"potentialAction\":[{\"@type\":\"SearchAction\",\"target\":{\"@type\":\"EntryPoint\",\"urlTemplate\":\"https:\\\/\\\/thefortune.one\\\/pt\\\/?s={search_term_string}\"},\"query-input\":{\"@type\":\"PropertyValueSpecification\",\"valueRequired\":true,\"valueName\":\"search_term_string\"}}],\"inLanguage\":\"pt-BR\"},{\"@type\":\"Organization\",\"@id\":\"https:\\\/\\\/thefortune.one\\\/pt\\\/#organization\",\"name\":\"The Fortune One\",\"url\":\"https:\\\/\\\/thefortune.one\\\/pt\\\/\",\"logo\":{\"@type\":\"ImageObject\",\"inLanguage\":\"pt-BR\",\"@id\":\"https:\\\/\\\/thefortune.one\\\/pt\\\/#\\\/schema\\\/logo\\\/image\\\/\",\"url\":\"https:\\\/\\\/thefortune.one\\\/wp-content\\\/uploads\\\/2022\\\/11\\\/cropped-cropped-1651682701199-1.jpg\",\"contentUrl\":\"https:\\\/\\\/thefortune.one\\\/wp-content\\\/uploads\\\/2022\\\/11\\\/cropped-cropped-1651682701199-1.jpg\",\"width\":369,\"height\":421,\"caption\":\"The Fortune One\"},\"image\":{\"@id\":\"https:\\\/\\\/thefortune.one\\\/pt\\\/#\\\/schema\\\/logo\\\/image\\\/\"}},{\"@type\":\"Person\",\"@id\":\"https:\\\/\\\/thefortune.one\\\/pt\\\/#\\\/schema\\\/person\\\/6cd8fe72a627d36caabf41815984a16f\",\"name\":\"bianca\",\"image\":{\"@type\":\"ImageObject\",\"inLanguage\":\"pt-BR\",\"@id\":\"https:\\\/\\\/secure.gravatar.com\\\/avatar\\\/66cd7b00d93410555e00d1e6a911a86de0cd0cfa4f83a2f8b47eddc2968c98af?s=96&d=mm&r=g\",\"url\":\"https:\\\/\\\/secure.gravatar.com\\\/avatar\\\/66cd7b00d93410555e00d1e6a911a86de0cd0cfa4f83a2f8b47eddc2968c98af?s=96&d=mm&r=g\",\"contentUrl\":\"https:\\\/\\\/secure.gravatar.com\\\/avatar\\\/66cd7b00d93410555e00d1e6a911a86de0cd0cfa4f83a2f8b47eddc2968c98af?s=96&d=mm&r=g\",\"caption\":\"bianca\"},\"url\":\"https:\\\/\\\/thefortune.one\\\/pt\\\/author\\\/bianca\\\/\"}]}<\/script>\n<!-- \/ Yoast SEO plugin. -->","yoast_head_json":{"title":"Sem novas indica\u00e7\u00f5es do governo Lula, Cade est\u00e1 pr\u00f3ximo de enfrentar novo apag\u00e3o - The Fortune.one","description":"Somos especialistas em gest\u00e3o patrimonial, op\u00e7\u00f5es de investimentos para diversos perfis, nosso diferencial \u00e9 comprovado com resultados.","robots":{"index":"index","follow":"follow","max-snippet":"max-snippet:-1","max-image-preview":"max-image-preview:large","max-video-preview":"max-video-preview:-1"},"canonical":"https:\/\/thefortune.one\/pt\/sem-novas-indicacoes-do-governo-lula-cade-esta-proximo-de-enfrentar-novo-apagao\/","og_locale":"pt_BR","og_type":"article","og_title":"Sem novas indica\u00e7\u00f5es do governo Lula, Cade est\u00e1 pr\u00f3ximo de enfrentar novo apag\u00e3o - The Fortune.one","og_description":"Somos especialistas em gest\u00e3o patrimonial, op\u00e7\u00f5es de investimentos para diversos perfis, nosso diferencial \u00e9 comprovado com resultados.","og_url":"https:\/\/thefortune.one\/pt\/sem-novas-indicacoes-do-governo-lula-cade-esta-proximo-de-enfrentar-novo-apagao\/","og_site_name":"The Fortune.one","article_published_time":"2023-10-16T13:34:04+00:00","og_image":[{"width":936,"height":621,"url":"https:\/\/thefortune.one\/wp-content\/uploads\/2023\/10\/cade.jpg","type":"image\/jpeg"}],"author":"bianca","twitter_card":"summary_large_image","twitter_misc":{"Escrito por":"bianca","Est. tempo de leitura":"4 minutos"},"schema":{"@context":"https:\/\/schema.org","@graph":[{"@type":"Article","@id":"https:\/\/thefortune.one\/pt\/sem-novas-indicacoes-do-governo-lula-cade-esta-proximo-de-enfrentar-novo-apagao\/#article","isPartOf":{"@id":"https:\/\/thefortune.one\/pt\/sem-novas-indicacoes-do-governo-lula-cade-esta-proximo-de-enfrentar-novo-apagao\/"},"author":{"name":"bianca","@id":"https:\/\/thefortune.one\/pt\/#\/schema\/person\/6cd8fe72a627d36caabf41815984a16f"},"headline":"Sem novas indica\u00e7\u00f5es do governo Lula, Cade est\u00e1 pr\u00f3ximo de enfrentar novo apag\u00e3o","datePublished":"2023-10-16T13:34:04+00:00","mainEntityOfPage":{"@id":"https:\/\/thefortune.one\/pt\/sem-novas-indicacoes-do-governo-lula-cade-esta-proximo-de-enfrentar-novo-apagao\/"},"wordCount":913,"commentCount":0,"publisher":{"@id":"https:\/\/thefortune.one\/pt\/#organization"},"image":{"@id":"https:\/\/thefortune.one\/pt\/sem-novas-indicacoes-do-governo-lula-cade-esta-proximo-de-enfrentar-novo-apagao\/#primaryimage"},"thumbnailUrl":"https:\/\/thefortune.one\/wp-content\/uploads\/2023\/10\/cade.jpg","articleSection":["The Fortune.one"],"inLanguage":"pt-BR","potentialAction":[{"@type":"CommentAction","name":"Comment","target":["https:\/\/thefortune.one\/pt\/sem-novas-indicacoes-do-governo-lula-cade-esta-proximo-de-enfrentar-novo-apagao\/#respond"]}]},{"@type":"WebPage","@id":"https:\/\/thefortune.one\/pt\/sem-novas-indicacoes-do-governo-lula-cade-esta-proximo-de-enfrentar-novo-apagao\/","url":"https:\/\/thefortune.one\/pt\/sem-novas-indicacoes-do-governo-lula-cade-esta-proximo-de-enfrentar-novo-apagao\/","name":"Sem novas indica\u00e7\u00f5es do governo Lula, Cade est\u00e1 pr\u00f3ximo de enfrentar novo apag\u00e3o - The Fortune.one","isPartOf":{"@id":"https:\/\/thefortune.one\/pt\/#website"},"primaryImageOfPage":{"@id":"https:\/\/thefortune.one\/pt\/sem-novas-indicacoes-do-governo-lula-cade-esta-proximo-de-enfrentar-novo-apagao\/#primaryimage"},"image":{"@id":"https:\/\/thefortune.one\/pt\/sem-novas-indicacoes-do-governo-lula-cade-esta-proximo-de-enfrentar-novo-apagao\/#primaryimage"},"thumbnailUrl":"https:\/\/thefortune.one\/wp-content\/uploads\/2023\/10\/cade.jpg","datePublished":"2023-10-16T13:34:04+00:00","description":"Somos especialistas em gest\u00e3o patrimonial, op\u00e7\u00f5es de investimentos para diversos perfis, nosso diferencial \u00e9 comprovado com resultados.","breadcrumb":{"@id":"https:\/\/thefortune.one\/pt\/sem-novas-indicacoes-do-governo-lula-cade-esta-proximo-de-enfrentar-novo-apagao\/#breadcrumb"},"inLanguage":"pt-BR","potentialAction":[{"@type":"ReadAction","target":["https:\/\/thefortune.one\/pt\/sem-novas-indicacoes-do-governo-lula-cade-esta-proximo-de-enfrentar-novo-apagao\/"]}]},{"@type":"ImageObject","inLanguage":"pt-BR","@id":"https:\/\/thefortune.one\/pt\/sem-novas-indicacoes-do-governo-lula-cade-esta-proximo-de-enfrentar-novo-apagao\/#primaryimage","url":"https:\/\/thefortune.one\/wp-content\/uploads\/2023\/10\/cade.jpg","contentUrl":"https:\/\/thefortune.one\/wp-content\/uploads\/2023\/10\/cade.jpg","width":936,"height":621},{"@type":"BreadcrumbList","@id":"https:\/\/thefortune.one\/pt\/sem-novas-indicacoes-do-governo-lula-cade-esta-proximo-de-enfrentar-novo-apagao\/#breadcrumb","itemListElement":[{"@type":"ListItem","position":1,"name":"In\u00edcio","item":"https:\/\/thefortune.one\/pt\/"},{"@type":"ListItem","position":2,"name":"Sem novas indica\u00e7\u00f5es do governo Lula, Cade est\u00e1 pr\u00f3ximo de enfrentar novo apag\u00e3o"}]},{"@type":"WebSite","@id":"https:\/\/thefortune.one\/pt\/#website","url":"https:\/\/thefortune.one\/pt\/","name":"The Fortune.one","description":"Gestora de Recursos Especializada em Private Equity","publisher":{"@id":"https:\/\/thefortune.one\/pt\/#organization"},"potentialAction":[{"@type":"SearchAction","target":{"@type":"EntryPoint","urlTemplate":"https:\/\/thefortune.one\/pt\/?s={search_term_string}"},"query-input":{"@type":"PropertyValueSpecification","valueRequired":true,"valueName":"search_term_string"}}],"inLanguage":"pt-BR"},{"@type":"Organization","@id":"https:\/\/thefortune.one\/pt\/#organization","name":"The Fortune One","url":"https:\/\/thefortune.one\/pt\/","logo":{"@type":"ImageObject","inLanguage":"pt-BR","@id":"https:\/\/thefortune.one\/pt\/#\/schema\/logo\/image\/","url":"https:\/\/thefortune.one\/wp-content\/uploads\/2022\/11\/cropped-cropped-1651682701199-1.jpg","contentUrl":"https:\/\/thefortune.one\/wp-content\/uploads\/2022\/11\/cropped-cropped-1651682701199-1.jpg","width":369,"height":421,"caption":"The Fortune One"},"image":{"@id":"https:\/\/thefortune.one\/pt\/#\/schema\/logo\/image\/"}},{"@type":"Person","@id":"https:\/\/thefortune.one\/pt\/#\/schema\/person\/6cd8fe72a627d36caabf41815984a16f","name":"bianca","image":{"@type":"ImageObject","inLanguage":"pt-BR","@id":"https:\/\/secure.gravatar.com\/avatar\/66cd7b00d93410555e00d1e6a911a86de0cd0cfa4f83a2f8b47eddc2968c98af?s=96&d=mm&r=g","url":"https:\/\/secure.gravatar.com\/avatar\/66cd7b00d93410555e00d1e6a911a86de0cd0cfa4f83a2f8b47eddc2968c98af?s=96&d=mm&r=g","contentUrl":"https:\/\/secure.gravatar.com\/avatar\/66cd7b00d93410555e00d1e6a911a86de0cd0cfa4f83a2f8b47eddc2968c98af?s=96&d=mm&r=g","caption":"bianca"},"url":"https:\/\/thefortune.one\/pt\/author\/bianca\/"}]}},"_links":{"self":[{"href":"https:\/\/thefortune.one\/pt\/wp-json\/wp\/v2\/posts\/4235","targetHints":{"allow":["GET"]}}],"collection":[{"href":"https:\/\/thefortune.one\/pt\/wp-json\/wp\/v2\/posts"}],"about":[{"href":"https:\/\/thefortune.one\/pt\/wp-json\/wp\/v2\/types\/post"}],"author":[{"embeddable":true,"href":"https:\/\/thefortune.one\/pt\/wp-json\/wp\/v2\/users\/3"}],"replies":[{"embeddable":true,"href":"https:\/\/thefortune.one\/pt\/wp-json\/wp\/v2\/comments?post=4235"}],"version-history":[{"count":1,"href":"https:\/\/thefortune.one\/pt\/wp-json\/wp\/v2\/posts\/4235\/revisions"}],"predecessor-version":[{"id":4238,"href":"https:\/\/thefortune.one\/pt\/wp-json\/wp\/v2\/posts\/4235\/revisions\/4238"}],"wp:featuredmedia":[{"embeddable":true,"href":"https:\/\/thefortune.one\/pt\/wp-json\/wp\/v2\/media\/4237"}],"wp:attachment":[{"href":"https:\/\/thefortune.one\/pt\/wp-json\/wp\/v2\/media?parent=4235"}],"wp:term":[{"taxonomy":"category","embeddable":true,"href":"https:\/\/thefortune.one\/pt\/wp-json\/wp\/v2\/categories?post=4235"},{"taxonomy":"post_tag","embeddable":true,"href":"https:\/\/thefortune.one\/pt\/wp-json\/wp\/v2\/tags?post=4235"}],"curies":[{"name":"wp","href":"https:\/\/api.w.org\/{rel}","templated":true}]}}