{"id":4205,"date":"2023-10-04T13:16:34","date_gmt":"2023-10-04T13:16:34","guid":{"rendered":"https:\/\/thefortune.one\/?p=4205"},"modified":"2023-10-04T13:16:34","modified_gmt":"2023-10-04T13:16:34","slug":"rombo-de-r-100-bilhoes-quais-os-impactos-do-pior-resultado-das-contas-publicas-desde-a-pandemia","status":"publish","type":"post","link":"https:\/\/thefortune.one\/pt\/rombo-de-r-100-bilhoes-quais-os-impactos-do-pior-resultado-das-contas-publicas-desde-a-pandemia\/","title":{"rendered":"Rombo de R$ 100 bilh\u00f5es: quais os impactos do pior resultado das contas p\u00fablicas desde a pandemia?"},"content":{"rendered":"<h2 class=\"wp-block-heading\">D\u00e9ficit esperado pelo governo federal passa dos R$ 140 bilh\u00f5es at\u00e9 o final do ano. Contas no vermelho causam freio nos investimentos e possibilidade de estagna\u00e7\u00e3o da atividade econ\u00f4mica.<\/h2>\n\n\n\n<hr class=\"wp-block-separator has-alpha-channel-opacity\" \/>\n\n\n\n<figure class=\"wp-block-image\"><img decoding=\"async\" src=\"https:\/\/s2-g1.glbimg.com\/oSU2YY54Blv6UA181FFdYQ5EE08=\/0x0:4200x2800\/984x0\/smart\/filters:strip_icc()\/i.s3.glbimg.com\/v1\/AUTH_59edd422c0c84a879bd37670ae4f538a\/internal_photos\/bs\/2020\/b\/v\/PAWcxrRMeC8cTO8lWP5w\/fta20201016099.jpg\" alt=\"C\u00e9dulas de real dispostas em ordem, da nota de R$ 2 at\u00e9 a nova nota de R$ 200 \u2014 Foto: MARCELO MACHADO DE MELO\/FOTOARENA\/ESTAD\u00c3O CONTE\u00daDO\" \/><\/figure>\n\n\n\n<p>C\u00e9dulas de real dispostas em ordem, da nota de R$ 2 at\u00e9 a nova nota de R$ 200 \u2014 Foto: MARCELO MACHADO DE MELO\/FOTOARENA\/ESTAD\u00c3O CONTE\u00daDO<\/p>\n\n\n\n<p>O governo federal&nbsp;<a class=\"\" href=\"https:\/\/g1.globo.com\/economia\/noticia\/2023\/09\/28\/contas-do-governo-registram-rombo-de-r-1046-bilhoes-ate-agosto-informa-tesouro-nacional.ghtml\">acumula um d\u00e9ficit prim\u00e1rio que ultrapassa os R$ 105 bilh\u00f5es<\/a>&nbsp;entre janeiro e agosto deste ano, o pior resultado para as contas p\u00fablicas no per\u00edodo desde a pandemia, em 2020.<\/p>\n\n\n\n<p>Nesse ritmo de gastos mais acelerados que receitas, a estimativa do mercado financeiro \u00e9 de que as contas p\u00fablicas terminem o ano com R$ 106,5 bilh\u00f5es negativos, enquanto o pr\u00f3prio governo espera um rombo de R$ 141,4 bilh\u00f5es.<\/p>\n\n\n\n<p>Al\u00e9m disso, segundo economistas ouvidas pelo&nbsp;<a class=\"\" href=\"https:\/\/g1.globo.com\/\"><strong>g1<\/strong><\/a><strong>&nbsp;<\/strong>\u00e9 bastante improv\u00e1vel que o d\u00e9ficit seja zerado em 2024, como pretende o ministro da Fazenda, Fernando Haddad.<\/p>\n\n\n\n<p>Se essas estimativas se concretizarem, ser\u00e1 o retorno dos resultados negativos ap\u00f3s uma interrup\u00e7\u00e3o apenas em 2022, quando houve super\u00e1vit. Antes, o pa\u00eds havia passado por uma sequ\u00eancia de oito anos de d\u00e9ficit.<\/p>\n\n\n\n<p>Os resultados ruins nas contas p\u00fablicas podem gerar impactos importantes sobre a economia do pa\u00eds e, consequentemente, para a popula\u00e7\u00e3o.<\/p>\n\n\n\n<h2 class=\"wp-block-heading\">O que significa um rombo nas contas p\u00fablicas?<\/h2>\n\n\n\n<p>Em poucas palavras, um rombo nas contas p\u00fablicas significa que&nbsp;<strong>o pa\u00eds est\u00e1 gastando mais do que arrecadando, antes do pagamento de juros da d\u00edvida<\/strong>. Na literatura econ\u00f4mica, a situa\u00e7\u00e3o \u00e9 chamada de d\u00e9ficit prim\u00e1rio.<\/p>\n\n\n\n<blockquote class=\"wp-block-quote is-layout-flow wp-block-quote-is-layout-flow\">\n<p>&#8220;O d\u00e9ficit prim\u00e1rio ocorre quando a arrecada\u00e7\u00e3o federal \u00e9 inferior \u00e0s despesas, ou seja, o dinheiro que o governo possui \u00e9 insuficiente para pagar todas as contas p\u00fablicas&#8221;, explica Ariane Benedito, economista e RI da Esh Capital.<\/p>\n<\/blockquote>\n\n\n\n<p>As maiores dessas contas s\u00e3o os pagamentos de aposentados e pensionistas do&nbsp;<a class=\"\" href=\"https:\/\/g1.globo.com\/tudo-sobre\/inss\/\">INSS<\/a>, os sal\u00e1rios de funcion\u00e1rios p\u00fablicos, gastos com aux\u00edlios sociais, subs\u00eddios e as despesas essenciais de um governo.<\/p>\n\n\n\n<p>A chefe de economia da Rico, Rachel de S\u00e1, faz uma analogia: pensando a l\u00f3gica das contas do governo dentro de um or\u00e7amento familiar, o d\u00e9ficit prim\u00e1rio aconteceria quando o sal\u00e1rio n\u00e3o fosse o suficiente para pagar as contas.<\/p>\n\n\n\n<p>Assim, a fam\u00edlia pegaria um empr\u00e9stimo para pagar as contas e o seu financiador (que \u00e9 quem vai receber os juros pagos pela fam\u00edlia) seria o banco. Para conseguir pagar o empr\u00e9stimo e n\u00e3o ter mais problemas com suas contas b\u00e1sicas, a fam\u00edlia teria duas op\u00e7\u00f5es: diminuir os gastos ou aumentar os ganhos.<\/p>\n\n\n\n<p>Para o governo, a l\u00f3gica \u00e9 a mesma.&nbsp;O d\u00e9ficit s\u00f3 pode ser reduzido caso haja uma forte queda nos gastos, ou que a arrecada\u00e7\u00e3o federal aumente o suficiente para fechar no azul.<\/p>\n\n\n\n<p>A solu\u00e7\u00e3o proposta pelo governo federal tem sido a de aumentar os ganhos, como foi proposto pelo Minist\u00e9rio da Fazenda no projeto do novo arcabou\u00e7o fiscal.<\/p>\n\n\n\n<p>https:\/\/imasdk.googleapis.com\/js\/core\/bridge3.593.1_pt_br.html#goog_394064897Reproduzir v\u00eddeo<\/p>\n\n\n\n<p><video muted=\"\" preload=\"none\" poster=\"https:\/\/s02.video.glbimg.com\/x720\/11989097.jpg\"><\/video><\/p>\n\n\n\n<p>Contas p\u00fablicas t\u00eam d\u00e9ficit de R$ 79 bilh\u00f5es at\u00e9 agosto<\/p>\n\n\n\n<p>Ariane explica, no entanto, que, diferente de uma fam\u00edlia,&nbsp;<strong>o governo n\u00e3o \u00e9 um gerador de capital, mas sim um utilizador<\/strong>. Em outras palavras, nenhum governo tem a capacidade de gerar dinheiro para a economia, mas \u00e9 ele quem utiliza parte do dinheiro que empresas e popula\u00e7\u00e3o geram, distribuindo a sua parte desse capital entre todos os setores do pa\u00eds, como educa\u00e7\u00e3o, sa\u00fade e seguran\u00e7a, al\u00e9m de pagar aux\u00edlios e servidores.<\/p>\n\n\n\n<p>A forma como o governo pega sua parte de toda a receita que \u00e9 gerada dentro do pa\u00eds \u00e9 com o&nbsp;<strong>pagamento de impostos<\/strong>, tanto os pagos pelas pessoas f\u00edsicas quanto pelas pessoas jur\u00eddicas.<\/p>\n\n\n\n<p>Dessa forma, para que o Brasil tenha uma maior arrecada\u00e7\u00e3o, diminuindo o rombo nas contas p\u00fablicas, o governo precisa arrecadar mais com os impostos. E, para isso, depende de um crescimento expressivo da economia, que aumente a produ\u00e7\u00e3o de setores como a ind\u00fastria e os servi\u00e7os.<\/p>\n\n\n\n<h2 class=\"wp-block-heading\">Como o Brasil chegou ao d\u00e9ficit bilion\u00e1rio?<\/h2>\n\n\n\n<p>De 2014 a 2021, o Brasil registrou oito resultados negativos consecutivos nas contas p\u00fablicas. A situa\u00e7\u00e3o ficou ainda pior em 2020, durante a pandemia, que trouxe fortes impactos para a economia tanto por uma menor arrecada\u00e7\u00e3o quanto pelo aumento dos gastos com os aux\u00edlios emergenciais. Naquele ano, o rombo foi de quase R$ 900 bilh\u00f5es.<\/p>\n\n\n\n<p>No ano seguinte, em 2021, o pa\u00eds diminui seu d\u00e9ficit, que foi de pouco mais de R$ 40 bilh\u00f5es, mas&nbsp;<a class=\"\" href=\"https:\/\/g1.globo.com\/economia\/noticia\/2023\/01\/27\/apos-8-anos-no-vermelho-contas-do-governo-tem-superavit-de-r-54-bilhoes-em-2022-diz-tesouro.ghtml\">foi s\u00f3 em 2022, depois de oito anos, que o governo conseguiu registrar um super\u00e1vit, de quase R$ 58 bilh\u00f5es<\/a>, segundo o&nbsp;<a class=\"\" href=\"https:\/\/g1.globo.com\/tudo-sobre\/tesouro-nacional\/\">Tesouro Nacional<\/a>.<\/p>\n\n\n\n<p>Ariane, da Esh, destaca que, entre 2021 e 2022, o governo conseguiu arrecadar mais dinheiro por conta da valoriza\u00e7\u00e3o das commodities. O maior destaque foi o petr\u00f3leo, que&nbsp;valorizou 53,74% entre janeiro de 2021 e dezembro de 2022, mas chegou a disparar cerca de 120% em maio do ano passado.&nbsp;Parte dessa valoriza\u00e7\u00e3o se transformou em pagamento de dividendos recordes por parte da&nbsp;<a class=\"\" href=\"https:\/\/g1.globo.com\/tudo-sobre\/petrobras\/\">Petrobras<\/a>.<\/p>\n\n\n\n<p>Tamb\u00e9m \u00e9 importante destacar, de acordo com a economista, que&nbsp;<strong>o super\u00e1vit tem rela\u00e7\u00e3o direta com a infla\u00e7\u00e3o elevada do \u00faltimo ano.<\/strong>&nbsp;Com pre\u00e7os maiores, o peda\u00e7o que o governo consegue &#8220;abocanhar&#8221; com os impostos tamb\u00e9m \u00e9 maior.<\/p>\n\n\n\n<p>Por\u00e9m, para que a arrecada\u00e7\u00e3o seja cont\u00ednua e saud\u00e1vel (em vez de depender do sobe e desce das commodities e da infla\u00e7\u00e3o), o pa\u00eds precisa crescer. &#8220;Quanto mais produto \u00e9 produzido e empregos s\u00e3o gerados, mais impostos ser\u00e3o cobrados e maior \u00e9 a arrecada\u00e7\u00e3o&#8221;, aponta a economista.<\/p>\n\n\n\n<p>Mas o crescimento que foi observado no primeiro semestre de 2023 n\u00e3o foi o suficiente para gerar essa receita mais expressiva. Isso porque, segundo Ariane, o setor que realmente teve uma grande expans\u00e3o foi a agropecu\u00e1ria, que conta com uma s\u00e9rie de isen\u00e7\u00f5es e n\u00e3o gera tantos impostos para a Uni\u00e3o.<\/p>\n\n\n\n<p>O Produto Interno Bruto (PIB) do agro cresceu cerca de 17% no segundo trimestre de 2023 em compara\u00e7\u00e3o com o mesmo per\u00edodo de 2022. J\u00e1 os servi\u00e7os e a ind\u00fastria, que pagam mais impostos, mostram um desempenho mais t\u00edmido. Os servi\u00e7os crescerem 2,3% no mesmo per\u00edodo, enquanto a ind\u00fastria teve alta de s\u00f3 1,5%, segundo o Instituto Brasileiro de Geografia e Estat\u00edstica (<a class=\"\" href=\"https:\/\/g1.globo.com\/tudo-sobre\/ibge\/\">IBGE<\/a>).<\/p>\n\n\n\n<p>Em compara\u00e7\u00e3o trimestral,<a class=\"\" href=\"https:\/\/g1.globo.com\/economia\/noticia\/2023\/06\/01\/pib-do-brasil-cresce-19percent-no-1-trimestre-diz-ibge.ghtml\">&nbsp;a agropecu\u00e1ria avan\u00e7ou 21% no primeiro trimestre<\/a>&nbsp;deste ano e manteve o bom resultado no segundo, com uma leve corre\u00e7\u00e3o para baixo de 0,9%.<\/p>\n\n\n\n<blockquote class=\"wp-block-quote is-layout-flow wp-block-quote-is-layout-flow\">\n<p>&#8220;A gente cresceu, mas n\u00e3o de uma forma qualitativa para que o governo arrecadasse mais. E para crescer, precisa haver produ\u00e7\u00e3o, mas o empres\u00e1rio s\u00f3 vai produzir se ele entender que vai ter demanda para aquilo, se o consumo dom\u00e9stico der sinais de melhora&#8221;, pontua Ariane.<\/p>\n<\/blockquote>\n\n\n\n<h2 class=\"wp-block-heading\">Menos confian\u00e7a, menos dinheiro<\/h2>\n\n\n\n<p>Outra forma do governo arrecadar dinheiro \u00e9 com o investimento estrangeiro, que tamb\u00e9m n\u00e3o vive os melhores dias.<\/p>\n\n\n\n<p>No ano passado, com os juros bastante elevados no Brasil e as commodities em alta, de janeiro a agosto, o investimento direto somou US$ 59,2 bilh\u00f5es. No mesmo per\u00edodo de 2023,&nbsp;<a class=\"\" href=\"https:\/\/g1.globo.com\/economia\/noticia\/2023\/09\/25\/investimento-estrangeiro-direto-no-pais-e-deficit-das-contas-externas-caem-de-janeiro-a-agosto-revela-bc.ghtml\">entrou um montante de US$ 37,9 bilh\u00f5es no pa\u00eds, queda de 36%, segundo o Banco Central<\/a>.<\/p>\n\n\n\n<p>Ainda que o Brasil permane\u00e7a com taxas de juros atrativas (aos 12,75% ao ano), h\u00e1 dois aspectos que afastaram o investidor internacional do pa\u00eds. O primeiro \u00e9 o pr\u00f3prio ciclo de quedas da taxa b\u00e1sica de juros brasileira.&nbsp;A perspectiva \u00e9 que a Selic chegue a 9% no final de 2024,&nbsp;<a class=\"\" href=\"https:\/\/g1.globo.com\/economia\/noticia\/2023\/10\/02\/analistas-do-mercado-sobem-estimativa-de-inflacao-para-2024.ghtml\">segundo o boletim Focus desta semana<\/a>, o que reduz o diferencial de juros do pa\u00eds.<\/p>\n\n\n\n<p>O segundo \u00e9 o aumento das taxas nos&nbsp;<a class=\"\" href=\"https:\/\/g1.globo.com\/tudo-sobre\/estados-unidos\/\">Estados Unidos<\/a>. Com os t\u00edtulos considerados os mais seguros do mundo,&nbsp;<a class=\"\" href=\"https:\/\/g1.globo.com\/economia\/noticia\/2023\/09\/20\/fed-juros.ghtml\">nos maiores patamares em quase duas d\u00e9cadas<\/a>, h\u00e1 uma migra\u00e7\u00e3o dos investidores mais conservadores para as Treasuries americanas.<\/p>\n\n\n\n<p>Al\u00e9m disso, as especialistas ouvidas pelo&nbsp;<a class=\"\" href=\"https:\/\/g1.globo.com\/\"><strong>g1<\/strong><\/a>&nbsp;afirmam que o mais importante \u00e9 que o investidor sinta confian\u00e7a no pa\u00eds. O rombo nas contas p\u00fablicas acaba alimentando o des\u00e2nimo com o Brasil, e tende a afastar os investidores que temem o risco fiscal.<\/p>\n\n\n\n<p>A situa\u00e7\u00e3o se transforma em um c\u00edrculo vicioso: ao mesmo tempo em que a baixa perspectiva de consumo dom\u00e9stico mant\u00e9m os investimentos de empres\u00e1rios em produ\u00e7\u00e3o interna mais t\u00edmidos, h\u00e1 menos arrecada\u00e7\u00e3o e a situa\u00e7\u00e3o se agrava. A \u00fanica alternativa, ent\u00e3o, seria rever os gastos.<\/p>\n\n\n\n<h2 class=\"wp-block-heading\">Infla\u00e7\u00e3o, juros e outros velhos conhecidos dos brasileiros<\/h2>\n\n\n\n<p>Olhando para os efeitos que o endividamento do pa\u00eds tem sobre a popula\u00e7\u00e3o, o maior deles \u00e9 a infla\u00e7\u00e3o. Mas, antes de chegar esse impacto, alguns outros processos acontecem.<\/p>\n\n\n\n<p>No primeiro momento, o d\u00e9ficit nas contas p\u00fablicas torna o pa\u00eds um destino menos seguro para os investimentos, explica Rachel, da Rico. Ent\u00e3o, para atrair dinheiro,&nbsp;o Brasil precisa emitir mais t\u00edtulos de d\u00edvidas (que s\u00e3o os t\u00edtulos do Tesouro), com um retorno que tenha juros convidativos, para que a rentabilidade compense parte do risco em investir no pa\u00eds.<\/p>\n\n\n\n<blockquote class=\"wp-block-quote is-layout-flow wp-block-quote-is-layout-flow\">\n<p>&#8220;Mas existe um limite de quanto o pa\u00eds pode emitir em d\u00edvida p\u00fablica para financiar suas despesas. Quando atinge esse limite e o pa\u00eds fica sem dinheiro, a \u00faltima sa\u00edda \u00e9 imprimir dinheiro. E, como j\u00e1 sabemos, mais dinheiro em circula\u00e7\u00e3o faz subir a infla\u00e7\u00e3o&#8221;, pontua a especialista.<\/p>\n<\/blockquote>\n\n\n\n<p>Rachel destaca que&nbsp;<strong>o Brasil ainda est\u00e1 longe de chegar a essa situa\u00e7\u00e3o extrema<\/strong>, mas que, por saber exatamente como essa din\u00e2mica funciona,&nbsp;<strong>conforme o pa\u00eds eleva suas d\u00edvidas, todo o mercado come\u00e7a a projetar essa acelera\u00e7\u00e3o da infla\u00e7\u00e3o<\/strong>.<\/p>\n\n\n\n<p>As expectativas de uma infla\u00e7\u00e3o maior por si s\u00f3 j\u00e1 s\u00e3o o suficiente para fazer com que produtores comecem a elevar seus pre\u00e7os. E isso vai se espalhando pela economia, mesmo nos setores mais da ponta, at\u00e9 chegar nas fam\u00edlias de mais baixa renda, que s\u00e3o as que mais sofrem com a escalada dos pre\u00e7os.<\/p>\n\n\n\n<p>Al\u00e9m da infla\u00e7\u00e3o, um cen\u00e1rio assim tamb\u00e9m favorece juros mais altos. Primeiro porque a \u00fanica forma de conter a infla\u00e7\u00e3o \u00e9 com a eleva\u00e7\u00e3o dos juros, que tornam os processos de financiamento e tomada de cr\u00e9dito mais caros.<\/p>\n\n\n\n<p>Mas, al\u00e9m disso, retomando a ideia de que para atrair dinheiro o governo precisa emitir t\u00edtulos com bons rendimentos, o Tesouro Nacional precisaria oferecer taxas maiores aos investidores.<\/p>\n\n\n\n<blockquote class=\"wp-block-quote is-layout-flow wp-block-quote-is-layout-flow\">\n<p>&#8220;Se os juros do governo s\u00e3o maiores isso afeta toda a popula\u00e7\u00e3o, porque s\u00e3o eles que servem como base. Se os juros do governo sobem, impactam financiamento imobili\u00e1rio, de autom\u00f3veis, tudo&#8221;, comenta a chefe de economia da Rico.<\/p>\n<\/blockquote>\n\n\n\n<p>Por fim, taxas elevadas e infla\u00e7\u00e3o acelerada tornam o ambiente mais desafiador para a economia, que tem mais dificuldade para crescer.<\/p>\n\n\n\n<p>Ariane, da Esh, explica que a \u00fanica forma de solucionar a quest\u00e3o \u00e9 reduzindo gastos e aumentando a receita. Ela defende o avan\u00e7o das chamadas &#8220;reformas estruturantes&#8221;, como a tribut\u00e1ria, que est\u00e1 em andamento e deve reformular o pagamento de impostos no pa\u00eds, e a administrativa, que, quando acontecer, deve rever o funcionalismo p\u00fablico no Brasil.<\/p>\n\n\n\n<p>As economistas tamb\u00e9m concordam que, no longo prazo, outros gastos p\u00fablicos tamb\u00e9m precisam ser revistos para que as contas fechem de forma sustent\u00e1vel.<\/p>\n\n\n\n<p>Os aux\u00edlios sociais, segundo elas, s\u00e3o um exemplo: o ideal \u00e9 que o governo crie uma estrutura em que esses aux\u00edlios sejam necess\u00e1rios apenas no curto prazo, possibilitando depois que os benefici\u00e1rios possam ter uma melhor condi\u00e7\u00e3o de vida por conta pr\u00f3pria.<\/p>\n\n\n\n<p>Fonte:https:\/\/g1.globo.com\/economia\/noticia\/2023\/10\/02\/rombo-de-r-100-bilhoes-quais-os-impactos-do-pior-resultado-das-contas-publicas-desde-a-pandemia.ghtml<\/p>","protected":false},"excerpt":{"rendered":"<p>D\u00e9ficit esperado pelo governo federal passa dos R$ 140 bilh\u00f5es at\u00e9 o final do ano. Contas no vermelho causam freio nos investimentos e possibilidade de estagna\u00e7\u00e3o da atividade econ\u00f4mica. C\u00e9dulas de real dispostas em ordem, da nota de R$ 2 at\u00e9 a nova nota de R$ 200 \u2014 Foto: MARCELO MACHADO DE MELO\/FOTOARENA\/ESTAD\u00c3O CONTE\u00daDO O [&hellip;]<\/p>\n","protected":false},"author":3,"featured_media":4206,"comment_status":"open","ping_status":"open","sticky":false,"template":"","format":"standard","meta":{"_joinchat":[],"footnotes":""},"categories":[1],"tags":[],"class_list":["post-4205","post","type-post","status-publish","format-standard","has-post-thumbnail","hentry","category-the-fortune-one"],"yoast_head":"<!-- This site is optimized with the Yoast SEO plugin v27.5 - https:\/\/yoast.com\/product\/yoast-seo-wordpress\/ -->\n<title>Rombo de R$ 100 bilh\u00f5es: quais os impactos do pior resultado das contas p\u00fablicas desde a pandemia? - The Fortune.one<\/title>\n<meta name=\"description\" content=\"Somos especialistas em gest\u00e3o patrimonial, op\u00e7\u00f5es de investimentos para diversos perfis, nosso diferencial \u00e9 comprovado com resultados.\" \/>\n<meta name=\"robots\" content=\"index, follow, max-snippet:-1, max-image-preview:large, max-video-preview:-1\" \/>\n<link rel=\"canonical\" href=\"https:\/\/thefortune.one\/pt\/rombo-de-r-100-bilhoes-quais-os-impactos-do-pior-resultado-das-contas-publicas-desde-a-pandemia\/\" \/>\n<meta property=\"og:locale\" content=\"pt_BR\" \/>\n<meta property=\"og:type\" content=\"article\" \/>\n<meta property=\"og:title\" content=\"Rombo de R$ 100 bilh\u00f5es: quais os impactos do pior resultado das contas p\u00fablicas desde a pandemia? - The Fortune.one\" \/>\n<meta property=\"og:description\" content=\"Somos especialistas em gest\u00e3o patrimonial, op\u00e7\u00f5es de investimentos para diversos perfis, nosso diferencial \u00e9 comprovado com resultados.\" \/>\n<meta property=\"og:url\" content=\"https:\/\/thefortune.one\/pt\/rombo-de-r-100-bilhoes-quais-os-impactos-do-pior-resultado-das-contas-publicas-desde-a-pandemia\/\" \/>\n<meta property=\"og:site_name\" content=\"The Fortune.one\" \/>\n<meta property=\"article:published_time\" content=\"2023-10-04T13:16:34+00:00\" \/>\n<meta property=\"og:image\" content=\"https:\/\/thefortune.one\/wp-content\/uploads\/2023\/10\/muita-grana.jpg\" \/>\n\t<meta property=\"og:image:width\" content=\"984\" \/>\n\t<meta property=\"og:image:height\" content=\"656\" \/>\n\t<meta property=\"og:image:type\" content=\"image\/jpeg\" \/>\n<meta name=\"author\" content=\"bianca\" \/>\n<meta name=\"twitter:card\" content=\"summary_large_image\" \/>\n<meta name=\"twitter:label1\" content=\"Escrito por\" \/>\n\t<meta name=\"twitter:data1\" content=\"bianca\" \/>\n\t<meta name=\"twitter:label2\" content=\"Est. tempo de leitura\" \/>\n\t<meta name=\"twitter:data2\" content=\"10 minutos\" \/>\n<script type=\"application\/ld+json\" class=\"yoast-schema-graph\">{\"@context\":\"https:\\\/\\\/schema.org\",\"@graph\":[{\"@type\":\"Article\",\"@id\":\"https:\\\/\\\/thefortune.one\\\/pt\\\/rombo-de-r-100-bilhoes-quais-os-impactos-do-pior-resultado-das-contas-publicas-desde-a-pandemia\\\/#article\",\"isPartOf\":{\"@id\":\"https:\\\/\\\/thefortune.one\\\/pt\\\/rombo-de-r-100-bilhoes-quais-os-impactos-do-pior-resultado-das-contas-publicas-desde-a-pandemia\\\/\"},\"author\":{\"name\":\"bianca\",\"@id\":\"https:\\\/\\\/thefortune.one\\\/pt\\\/#\\\/schema\\\/person\\\/6cd8fe72a627d36caabf41815984a16f\"},\"headline\":\"Rombo de R$ 100 bilh\u00f5es: quais os impactos do pior resultado das contas p\u00fablicas desde a pandemia?\",\"datePublished\":\"2023-10-04T13:16:34+00:00\",\"mainEntityOfPage\":{\"@id\":\"https:\\\/\\\/thefortune.one\\\/pt\\\/rombo-de-r-100-bilhoes-quais-os-impactos-do-pior-resultado-das-contas-publicas-desde-a-pandemia\\\/\"},\"wordCount\":2054,\"commentCount\":0,\"publisher\":{\"@id\":\"https:\\\/\\\/thefortune.one\\\/pt\\\/#organization\"},\"image\":{\"@id\":\"https:\\\/\\\/thefortune.one\\\/pt\\\/rombo-de-r-100-bilhoes-quais-os-impactos-do-pior-resultado-das-contas-publicas-desde-a-pandemia\\\/#primaryimage\"},\"thumbnailUrl\":\"https:\\\/\\\/thefortune.one\\\/wp-content\\\/uploads\\\/2023\\\/10\\\/muita-grana.jpg\",\"articleSection\":[\"The Fortune.one\"],\"inLanguage\":\"pt-BR\",\"potentialAction\":[{\"@type\":\"CommentAction\",\"name\":\"Comment\",\"target\":[\"https:\\\/\\\/thefortune.one\\\/pt\\\/rombo-de-r-100-bilhoes-quais-os-impactos-do-pior-resultado-das-contas-publicas-desde-a-pandemia\\\/#respond\"]}]},{\"@type\":\"WebPage\",\"@id\":\"https:\\\/\\\/thefortune.one\\\/pt\\\/rombo-de-r-100-bilhoes-quais-os-impactos-do-pior-resultado-das-contas-publicas-desde-a-pandemia\\\/\",\"url\":\"https:\\\/\\\/thefortune.one\\\/pt\\\/rombo-de-r-100-bilhoes-quais-os-impactos-do-pior-resultado-das-contas-publicas-desde-a-pandemia\\\/\",\"name\":\"Rombo de R$ 100 bilh\u00f5es: quais os impactos do pior resultado das contas p\u00fablicas desde a pandemia? - The Fortune.one\",\"isPartOf\":{\"@id\":\"https:\\\/\\\/thefortune.one\\\/pt\\\/#website\"},\"primaryImageOfPage\":{\"@id\":\"https:\\\/\\\/thefortune.one\\\/pt\\\/rombo-de-r-100-bilhoes-quais-os-impactos-do-pior-resultado-das-contas-publicas-desde-a-pandemia\\\/#primaryimage\"},\"image\":{\"@id\":\"https:\\\/\\\/thefortune.one\\\/pt\\\/rombo-de-r-100-bilhoes-quais-os-impactos-do-pior-resultado-das-contas-publicas-desde-a-pandemia\\\/#primaryimage\"},\"thumbnailUrl\":\"https:\\\/\\\/thefortune.one\\\/wp-content\\\/uploads\\\/2023\\\/10\\\/muita-grana.jpg\",\"datePublished\":\"2023-10-04T13:16:34+00:00\",\"description\":\"Somos especialistas em gest\u00e3o patrimonial, op\u00e7\u00f5es de investimentos para diversos perfis, nosso diferencial \u00e9 comprovado com resultados.\",\"breadcrumb\":{\"@id\":\"https:\\\/\\\/thefortune.one\\\/pt\\\/rombo-de-r-100-bilhoes-quais-os-impactos-do-pior-resultado-das-contas-publicas-desde-a-pandemia\\\/#breadcrumb\"},\"inLanguage\":\"pt-BR\",\"potentialAction\":[{\"@type\":\"ReadAction\",\"target\":[\"https:\\\/\\\/thefortune.one\\\/pt\\\/rombo-de-r-100-bilhoes-quais-os-impactos-do-pior-resultado-das-contas-publicas-desde-a-pandemia\\\/\"]}]},{\"@type\":\"ImageObject\",\"inLanguage\":\"pt-BR\",\"@id\":\"https:\\\/\\\/thefortune.one\\\/pt\\\/rombo-de-r-100-bilhoes-quais-os-impactos-do-pior-resultado-das-contas-publicas-desde-a-pandemia\\\/#primaryimage\",\"url\":\"https:\\\/\\\/thefortune.one\\\/wp-content\\\/uploads\\\/2023\\\/10\\\/muita-grana.jpg\",\"contentUrl\":\"https:\\\/\\\/thefortune.one\\\/wp-content\\\/uploads\\\/2023\\\/10\\\/muita-grana.jpg\",\"width\":984,\"height\":656},{\"@type\":\"BreadcrumbList\",\"@id\":\"https:\\\/\\\/thefortune.one\\\/pt\\\/rombo-de-r-100-bilhoes-quais-os-impactos-do-pior-resultado-das-contas-publicas-desde-a-pandemia\\\/#breadcrumb\",\"itemListElement\":[{\"@type\":\"ListItem\",\"position\":1,\"name\":\"In\u00edcio\",\"item\":\"https:\\\/\\\/thefortune.one\\\/pt\\\/\"},{\"@type\":\"ListItem\",\"position\":2,\"name\":\"Rombo de R$ 100 bilh\u00f5es: quais os impactos do pior resultado das contas p\u00fablicas desde a pandemia?\"}]},{\"@type\":\"WebSite\",\"@id\":\"https:\\\/\\\/thefortune.one\\\/pt\\\/#website\",\"url\":\"https:\\\/\\\/thefortune.one\\\/pt\\\/\",\"name\":\"The Fortune.one\",\"description\":\"Gestora de Recursos Especializada em Private Equity\",\"publisher\":{\"@id\":\"https:\\\/\\\/thefortune.one\\\/pt\\\/#organization\"},\"potentialAction\":[{\"@type\":\"SearchAction\",\"target\":{\"@type\":\"EntryPoint\",\"urlTemplate\":\"https:\\\/\\\/thefortune.one\\\/pt\\\/?s={search_term_string}\"},\"query-input\":{\"@type\":\"PropertyValueSpecification\",\"valueRequired\":true,\"valueName\":\"search_term_string\"}}],\"inLanguage\":\"pt-BR\"},{\"@type\":\"Organization\",\"@id\":\"https:\\\/\\\/thefortune.one\\\/pt\\\/#organization\",\"name\":\"The Fortune One\",\"url\":\"https:\\\/\\\/thefortune.one\\\/pt\\\/\",\"logo\":{\"@type\":\"ImageObject\",\"inLanguage\":\"pt-BR\",\"@id\":\"https:\\\/\\\/thefortune.one\\\/pt\\\/#\\\/schema\\\/logo\\\/image\\\/\",\"url\":\"https:\\\/\\\/thefortune.one\\\/wp-content\\\/uploads\\\/2022\\\/11\\\/cropped-cropped-1651682701199-1.jpg\",\"contentUrl\":\"https:\\\/\\\/thefortune.one\\\/wp-content\\\/uploads\\\/2022\\\/11\\\/cropped-cropped-1651682701199-1.jpg\",\"width\":369,\"height\":421,\"caption\":\"The Fortune One\"},\"image\":{\"@id\":\"https:\\\/\\\/thefortune.one\\\/pt\\\/#\\\/schema\\\/logo\\\/image\\\/\"}},{\"@type\":\"Person\",\"@id\":\"https:\\\/\\\/thefortune.one\\\/pt\\\/#\\\/schema\\\/person\\\/6cd8fe72a627d36caabf41815984a16f\",\"name\":\"bianca\",\"image\":{\"@type\":\"ImageObject\",\"inLanguage\":\"pt-BR\",\"@id\":\"https:\\\/\\\/secure.gravatar.com\\\/avatar\\\/66cd7b00d93410555e00d1e6a911a86de0cd0cfa4f83a2f8b47eddc2968c98af?s=96&d=mm&r=g\",\"url\":\"https:\\\/\\\/secure.gravatar.com\\\/avatar\\\/66cd7b00d93410555e00d1e6a911a86de0cd0cfa4f83a2f8b47eddc2968c98af?s=96&d=mm&r=g\",\"contentUrl\":\"https:\\\/\\\/secure.gravatar.com\\\/avatar\\\/66cd7b00d93410555e00d1e6a911a86de0cd0cfa4f83a2f8b47eddc2968c98af?s=96&d=mm&r=g\",\"caption\":\"bianca\"},\"url\":\"https:\\\/\\\/thefortune.one\\\/pt\\\/author\\\/bianca\\\/\"}]}<\/script>\n<!-- \/ Yoast SEO plugin. -->","yoast_head_json":{"title":"Rombo de R$ 100 bilh\u00f5es: quais os impactos do pior resultado das contas p\u00fablicas desde a pandemia? - The Fortune.one","description":"Somos especialistas em gest\u00e3o patrimonial, op\u00e7\u00f5es de investimentos para diversos perfis, nosso diferencial \u00e9 comprovado com resultados.","robots":{"index":"index","follow":"follow","max-snippet":"max-snippet:-1","max-image-preview":"max-image-preview:large","max-video-preview":"max-video-preview:-1"},"canonical":"https:\/\/thefortune.one\/pt\/rombo-de-r-100-bilhoes-quais-os-impactos-do-pior-resultado-das-contas-publicas-desde-a-pandemia\/","og_locale":"pt_BR","og_type":"article","og_title":"Rombo de R$ 100 bilh\u00f5es: quais os impactos do pior resultado das contas p\u00fablicas desde a pandemia? - The Fortune.one","og_description":"Somos especialistas em gest\u00e3o patrimonial, op\u00e7\u00f5es de investimentos para diversos perfis, nosso diferencial \u00e9 comprovado com resultados.","og_url":"https:\/\/thefortune.one\/pt\/rombo-de-r-100-bilhoes-quais-os-impactos-do-pior-resultado-das-contas-publicas-desde-a-pandemia\/","og_site_name":"The Fortune.one","article_published_time":"2023-10-04T13:16:34+00:00","og_image":[{"width":984,"height":656,"url":"https:\/\/thefortune.one\/wp-content\/uploads\/2023\/10\/muita-grana.jpg","type":"image\/jpeg"}],"author":"bianca","twitter_card":"summary_large_image","twitter_misc":{"Escrito por":"bianca","Est. tempo de leitura":"10 minutos"},"schema":{"@context":"https:\/\/schema.org","@graph":[{"@type":"Article","@id":"https:\/\/thefortune.one\/pt\/rombo-de-r-100-bilhoes-quais-os-impactos-do-pior-resultado-das-contas-publicas-desde-a-pandemia\/#article","isPartOf":{"@id":"https:\/\/thefortune.one\/pt\/rombo-de-r-100-bilhoes-quais-os-impactos-do-pior-resultado-das-contas-publicas-desde-a-pandemia\/"},"author":{"name":"bianca","@id":"https:\/\/thefortune.one\/pt\/#\/schema\/person\/6cd8fe72a627d36caabf41815984a16f"},"headline":"Rombo de R$ 100 bilh\u00f5es: quais os impactos do pior resultado das contas p\u00fablicas desde a pandemia?","datePublished":"2023-10-04T13:16:34+00:00","mainEntityOfPage":{"@id":"https:\/\/thefortune.one\/pt\/rombo-de-r-100-bilhoes-quais-os-impactos-do-pior-resultado-das-contas-publicas-desde-a-pandemia\/"},"wordCount":2054,"commentCount":0,"publisher":{"@id":"https:\/\/thefortune.one\/pt\/#organization"},"image":{"@id":"https:\/\/thefortune.one\/pt\/rombo-de-r-100-bilhoes-quais-os-impactos-do-pior-resultado-das-contas-publicas-desde-a-pandemia\/#primaryimage"},"thumbnailUrl":"https:\/\/thefortune.one\/wp-content\/uploads\/2023\/10\/muita-grana.jpg","articleSection":["The Fortune.one"],"inLanguage":"pt-BR","potentialAction":[{"@type":"CommentAction","name":"Comment","target":["https:\/\/thefortune.one\/pt\/rombo-de-r-100-bilhoes-quais-os-impactos-do-pior-resultado-das-contas-publicas-desde-a-pandemia\/#respond"]}]},{"@type":"WebPage","@id":"https:\/\/thefortune.one\/pt\/rombo-de-r-100-bilhoes-quais-os-impactos-do-pior-resultado-das-contas-publicas-desde-a-pandemia\/","url":"https:\/\/thefortune.one\/pt\/rombo-de-r-100-bilhoes-quais-os-impactos-do-pior-resultado-das-contas-publicas-desde-a-pandemia\/","name":"Rombo de R$ 100 bilh\u00f5es: quais os impactos do pior resultado das contas p\u00fablicas desde a pandemia? - The Fortune.one","isPartOf":{"@id":"https:\/\/thefortune.one\/pt\/#website"},"primaryImageOfPage":{"@id":"https:\/\/thefortune.one\/pt\/rombo-de-r-100-bilhoes-quais-os-impactos-do-pior-resultado-das-contas-publicas-desde-a-pandemia\/#primaryimage"},"image":{"@id":"https:\/\/thefortune.one\/pt\/rombo-de-r-100-bilhoes-quais-os-impactos-do-pior-resultado-das-contas-publicas-desde-a-pandemia\/#primaryimage"},"thumbnailUrl":"https:\/\/thefortune.one\/wp-content\/uploads\/2023\/10\/muita-grana.jpg","datePublished":"2023-10-04T13:16:34+00:00","description":"Somos especialistas em gest\u00e3o patrimonial, op\u00e7\u00f5es de investimentos para diversos perfis, nosso diferencial \u00e9 comprovado com resultados.","breadcrumb":{"@id":"https:\/\/thefortune.one\/pt\/rombo-de-r-100-bilhoes-quais-os-impactos-do-pior-resultado-das-contas-publicas-desde-a-pandemia\/#breadcrumb"},"inLanguage":"pt-BR","potentialAction":[{"@type":"ReadAction","target":["https:\/\/thefortune.one\/pt\/rombo-de-r-100-bilhoes-quais-os-impactos-do-pior-resultado-das-contas-publicas-desde-a-pandemia\/"]}]},{"@type":"ImageObject","inLanguage":"pt-BR","@id":"https:\/\/thefortune.one\/pt\/rombo-de-r-100-bilhoes-quais-os-impactos-do-pior-resultado-das-contas-publicas-desde-a-pandemia\/#primaryimage","url":"https:\/\/thefortune.one\/wp-content\/uploads\/2023\/10\/muita-grana.jpg","contentUrl":"https:\/\/thefortune.one\/wp-content\/uploads\/2023\/10\/muita-grana.jpg","width":984,"height":656},{"@type":"BreadcrumbList","@id":"https:\/\/thefortune.one\/pt\/rombo-de-r-100-bilhoes-quais-os-impactos-do-pior-resultado-das-contas-publicas-desde-a-pandemia\/#breadcrumb","itemListElement":[{"@type":"ListItem","position":1,"name":"In\u00edcio","item":"https:\/\/thefortune.one\/pt\/"},{"@type":"ListItem","position":2,"name":"Rombo de R$ 100 bilh\u00f5es: quais os impactos do pior resultado das contas p\u00fablicas desde a pandemia?"}]},{"@type":"WebSite","@id":"https:\/\/thefortune.one\/pt\/#website","url":"https:\/\/thefortune.one\/pt\/","name":"The Fortune.one","description":"Gestora de Recursos Especializada em Private Equity","publisher":{"@id":"https:\/\/thefortune.one\/pt\/#organization"},"potentialAction":[{"@type":"SearchAction","target":{"@type":"EntryPoint","urlTemplate":"https:\/\/thefortune.one\/pt\/?s={search_term_string}"},"query-input":{"@type":"PropertyValueSpecification","valueRequired":true,"valueName":"search_term_string"}}],"inLanguage":"pt-BR"},{"@type":"Organization","@id":"https:\/\/thefortune.one\/pt\/#organization","name":"The Fortune One","url":"https:\/\/thefortune.one\/pt\/","logo":{"@type":"ImageObject","inLanguage":"pt-BR","@id":"https:\/\/thefortune.one\/pt\/#\/schema\/logo\/image\/","url":"https:\/\/thefortune.one\/wp-content\/uploads\/2022\/11\/cropped-cropped-1651682701199-1.jpg","contentUrl":"https:\/\/thefortune.one\/wp-content\/uploads\/2022\/11\/cropped-cropped-1651682701199-1.jpg","width":369,"height":421,"caption":"The Fortune One"},"image":{"@id":"https:\/\/thefortune.one\/pt\/#\/schema\/logo\/image\/"}},{"@type":"Person","@id":"https:\/\/thefortune.one\/pt\/#\/schema\/person\/6cd8fe72a627d36caabf41815984a16f","name":"bianca","image":{"@type":"ImageObject","inLanguage":"pt-BR","@id":"https:\/\/secure.gravatar.com\/avatar\/66cd7b00d93410555e00d1e6a911a86de0cd0cfa4f83a2f8b47eddc2968c98af?s=96&d=mm&r=g","url":"https:\/\/secure.gravatar.com\/avatar\/66cd7b00d93410555e00d1e6a911a86de0cd0cfa4f83a2f8b47eddc2968c98af?s=96&d=mm&r=g","contentUrl":"https:\/\/secure.gravatar.com\/avatar\/66cd7b00d93410555e00d1e6a911a86de0cd0cfa4f83a2f8b47eddc2968c98af?s=96&d=mm&r=g","caption":"bianca"},"url":"https:\/\/thefortune.one\/pt\/author\/bianca\/"}]}},"_links":{"self":[{"href":"https:\/\/thefortune.one\/pt\/wp-json\/wp\/v2\/posts\/4205","targetHints":{"allow":["GET"]}}],"collection":[{"href":"https:\/\/thefortune.one\/pt\/wp-json\/wp\/v2\/posts"}],"about":[{"href":"https:\/\/thefortune.one\/pt\/wp-json\/wp\/v2\/types\/post"}],"author":[{"embeddable":true,"href":"https:\/\/thefortune.one\/pt\/wp-json\/wp\/v2\/users\/3"}],"replies":[{"embeddable":true,"href":"https:\/\/thefortune.one\/pt\/wp-json\/wp\/v2\/comments?post=4205"}],"version-history":[{"count":1,"href":"https:\/\/thefortune.one\/pt\/wp-json\/wp\/v2\/posts\/4205\/revisions"}],"predecessor-version":[{"id":4207,"href":"https:\/\/thefortune.one\/pt\/wp-json\/wp\/v2\/posts\/4205\/revisions\/4207"}],"wp:featuredmedia":[{"embeddable":true,"href":"https:\/\/thefortune.one\/pt\/wp-json\/wp\/v2\/media\/4206"}],"wp:attachment":[{"href":"https:\/\/thefortune.one\/pt\/wp-json\/wp\/v2\/media?parent=4205"}],"wp:term":[{"taxonomy":"category","embeddable":true,"href":"https:\/\/thefortune.one\/pt\/wp-json\/wp\/v2\/categories?post=4205"},{"taxonomy":"post_tag","embeddable":true,"href":"https:\/\/thefortune.one\/pt\/wp-json\/wp\/v2\/tags?post=4205"}],"curies":[{"name":"wp","href":"https:\/\/api.w.org\/{rel}","templated":true}]}}