{"id":4202,"date":"2023-10-03T12:58:13","date_gmt":"2023-10-03T12:58:13","guid":{"rendered":"https:\/\/thefortune.one\/?p=4202"},"modified":"2023-10-03T12:58:13","modified_gmt":"2023-10-03T12:58:13","slug":"desenrola-juros-do-cartao-de-credito-e-taxacao-de-offshores-veja-os-principais-assuntos-da-semana","status":"publish","type":"post","link":"https:\/\/thefortune.one\/pt\/desenrola-juros-do-cartao-de-credito-e-taxacao-de-offshores-veja-os-principais-assuntos-da-semana\/","title":{"rendered":"Desenrola, juros do cart\u00e3o de cr\u00e9dito e taxa\u00e7\u00e3o de offshores: veja os principais assuntos da semana"},"content":{"rendered":"<p>Entre os indicadores, os destaques ficam por conta da produ\u00e7\u00e3o industrial no Brasil e o payroll nos Estados Unidos<\/p>\n\n\n\n<p><a href=\"https:\/\/inteligenciafinanceira.com.br\/#whatsapp\" rel=\"noreferrer noopener\" target=\"_blank\"><\/a><a href=\"https:\/\/inteligenciafinanceira.com.br\/#linkedin\" rel=\"noreferrer noopener\" target=\"_blank\"><\/a><a href=\"https:\/\/inteligenciafinanceira.com.br\/#telegram\" rel=\"noreferrer noopener\" target=\"_blank\"><\/a><a href=\"https:\/\/inteligenciafinanceira.com.br\/#twitter\" rel=\"noreferrer noopener\" target=\"_blank\"><\/a><a href=\"https:\/\/inteligenciafinanceira.com.br\/#facebook\" rel=\"noreferrer noopener\" target=\"_blank\"><\/a><a href=\"https:\/\/inteligenciafinanceira.com.br\/#email\" rel=\"noreferrer noopener\" target=\"_blank\"><\/a><a href=\"https:\/\/inteligenciafinanceira.com.br\/mercado-financeiro\/economia\/calendario-economico-2-a-6-outubro-2023\/#copy_link\"><\/a><\/p>\n\n\n\n<figure class=\"wp-block-image\"><img decoding=\"async\" src=\"https:\/\/inteligenciafinanceira.com.br\/wp-content\/uploads\/2023\/08\/arthur-lira-fernando-haddad-arcabouco-fiscal.jpg?w=833&amp;h=469&amp;crop=1\" alt=\"Foto de Arthur Lira olhando para o ministro Fernando Haddad com express\u00e3o de foco. A mat\u00e9ria descreve os desafios para a aprova\u00e7\u00e3o da meta fiscal nesta semana.\" \/><figcaption class=\"wp-element-caption\">Arthur Lira (presidente da C\u00e2mara) e Fernando Haddad (ministro da Fazenda) durante entrevista coletiva. Foto: Marcelo Camargo\/Ag\u00eancia Brasil<\/figcaption><\/figure>\n\n\n\n<p>A agenda do governo federal promete ganhar tra\u00e7\u00e3o no Congresso neste semana, enquanto novos dados de emprego ajudam a calibrar as expectativas sobre os rumos dos juros nos Estados Unidos. A seguir, a\u00a0<strong>Intelig\u00eancia Financeira<\/strong>\u00a0apresenta o calend\u00e1rio econ\u00f4mico dos fatos mais importantes para acompanhar nos pr\u00f3ximos dias.<\/p>\n\n\n\n<h2 class=\"wp-block-heading\" id=\"h-dividas-no-foco\">D\u00edvidas no foco<\/h2>\n\n\n\n<p>O presidente do Senado, Rodrigo Pacheco, convocou uma sess\u00e3o extraordin\u00e1ria nesta segunda (2) para votar o Desenrola Brasil.&nbsp;<a href=\"https:\/\/inteligenciafinanceira.com.br\/mercado-financeiro\/politica\/cae-do-senado-aprova-pl-do-desenrola-que-trata-tambem-de-juros-do-cartao-de-credito\/\" target=\"_blank\" rel=\"noreferrer noopener\">A medida provis\u00f3ria (MP) do governo Lula, que trata da&nbsp;renegocia\u00e7\u00e3o de d\u00edvidas, precisa ser apreciada pela Casa at\u00e9 ter\u00e7a (3) para n\u00e3o perder a validade.<\/a><\/p>\n\n\n\n<p>Al\u00e9m de instituir oficialmente o programa, foi incorporado o projeto de lei que imp\u00f5e regras para limitar os juros no rotativo do cart\u00e3o de cr\u00e9dito.<\/p>\n\n\n\n<p>Entre os pontos mais sens\u00edveis, a iniciativa estabelece que os emissores de cart\u00e3o de cr\u00e9dito submetam \u00e0 aprova\u00e7\u00e3o do Conselho Monet\u00e1rio Nacional (CMN) limites para taxas de juros e encargos financeiros.<\/p>\n\n\n\n<p>Conforme o Senado, esses limites dos juros do rotativo devem ser aprovados em at\u00e9 90 dias, contados da data de publica\u00e7\u00e3o da lei. Assim, caso isso n\u00e3o ocorra, o total cobrado n\u00e3o poder\u00e1 exceder 100% o valor original da d\u00edvida.<\/p>\n\n\n\n<p>Ou seja, a d\u00edvida pode no m\u00e1ximo dobrar no per\u00edodo de um ano.<\/p>\n\n\n\n<h2 class=\"wp-block-heading\">Para elevar a arrecada\u00e7\u00e3o<\/h2>\n\n\n\n<p>Ainda na esfera pol\u00edtica, os deputados podem votar ao longo da semana o projeto de lei que prev\u00ea a tributa\u00e7\u00e3o dos fundos offshore, que envolvem investimentos que os brasileiros mant\u00eam no exterior, principalmente em para\u00edsos fiscais.<\/p>\n\n\n\n<p><a href=\"https:\/\/inteligenciafinanceira.com.br\/mercado-financeiro\/politica\/taxacao-de-offshores-votacao-camara-previsao\/\" target=\"_blank\" rel=\"noreferrer noopener\">A aprecia\u00e7\u00e3o do tema deve ocorrer se o acordo entre a base governista e o presidente da C\u00e2mara, Arthur Lira, n\u00e3o for alterado.<\/a><\/p>\n\n\n\n<p>Para lembrar, o governo prop\u00f4s l\u00e1 no final de agosto uma tributa\u00e7\u00e3o anual dos rendimentos de capital aplicado no exterior com al\u00edquotas que variam de 0% a 22,5%.<\/p>\n\n\n\n<p>Atualmente, esse capital \u00e9 tributado apenas quando \u00e9 resgatado e remetido ao Brasil.<\/p>\n\n\n\n<p><a href=\"https:\/\/inteligenciafinanceira.com.br\/mercado-financeiro\/economia\/entenda-os-efeitos-da-mp-que-taxa-fundos-exclusivos-e-o-pl-das-offshores\/\" target=\"_blank\" rel=\"noreferrer noopener\">A medida \u00e9 uma das formas de a equipe do ministro Fernando Haddad (Fazenda) compensar a perda de arrecada\u00e7\u00e3o pela corre\u00e7\u00e3o da tabela do Imposto de Renda.<\/a><\/p>\n\n\n\n<h2 class=\"wp-block-heading\">Indicadores para ter no radar<\/h2>\n\n\n\n<p>As aten\u00e7\u00f5es dos agentes financeiros, conforme o calend\u00e1rio econ\u00f4mico dos pr\u00f3ximos dias, tamb\u00e9m estar\u00e3o voltadas para indicadores de Brasil e Estados Unidos. Enquanto isso, o&nbsp;<a href=\"https:\/\/inteligenciafinanceira.com.br\/financas\/planejamento-financeiro\/feriados-em-2023-datas-e-expediente-bancario\/\">feriado<\/a>&nbsp;prolongado na China deixa os mercados do pa\u00eds asi\u00e1tico fechados durante a semana inteira.<\/p>\n\n\n\n<p>Aqui, os destaques ficam por conta da cria\u00e7\u00e3o de vagas de trabalho formal (Caged) de agosto e a balan\u00e7a comercial de setembro, na segunda. Al\u00e9m disso, a produ\u00e7\u00e3o industrial de agosto sair\u00e1 na ter\u00e7a.<\/p>\n\n\n\n<p>L\u00e1 fora, os olhos do mercado estar\u00e3o concentrados no relat\u00f3rio payroll, na sexta.&nbsp;<a href=\"https:\/\/inteligenciafinanceira.com.br\/onde-investir\/investir-no-exterior\/mercados-eua-semana-pessimismo\/\" target=\"_blank\" rel=\"noreferrer noopener\">Os novos dados oficiais americanos de emprego veem em um momento em que os agentes projetam um novo aumento dos juros no pa\u00eds.<\/a><\/p>\n\n\n\n<p>A chance de uma taxa mais elevada por um per\u00edodo mais longo diminui o apetite dos investidores por ativos de risco e amplia a&nbsp;<a href=\"https:\/\/inteligenciafinanceira.com.br\/glossario-financeiro\/volatilidade\/\">volatilidade<\/a>&nbsp;de mercados emergentes, como o brasileiro.<\/p>\n\n\n\n<h2 class=\"wp-block-heading\">Calend\u00e1rio econ\u00f4mico \u2013 2 a 6 de outubro<\/h2>\n\n\n\n<h3 class=\"wp-block-heading\">Segunda (2)<\/h3>\n\n\n\n<p>Feriado na China (Dia Nacional\/Semana Dourada)<br>08h25:&nbsp;<a href=\"https:\/\/inteligenciafinanceira.com.br\/glossario-financeiro\/boletim-focus\/\">Boletim Focus<\/a>&nbsp;(Banco Central)<br>10h00: PMI Industrial de setembro do Brasil (S&amp;P Global)<br>10h45: PMI Industrial de setembro dos Estados Unidos (S&amp;P Global)<br>14h30: Cadastro Geral de Empregados e Desempregados de agosto (Caged)<br>15h00: Balan\u00e7a comercial de setembro do Brasil<\/p>\n\n\n\n<h3 class=\"wp-block-heading\">Ter\u00e7a (3)<\/h3>\n\n\n\n<p>Feriado na China (Dia Nacional\/Semana Dourada)<br>09h00: Produ\u00e7\u00e3o industrial de agosto do Brasil (IBGE)<br>11h00: Relat\u00f3rio JOLTs (ofertas de emprego) de agosto nos Estados Unidos<\/p>\n\n\n\n<h3 class=\"wp-block-heading\">Quarta (4)<\/h3>\n\n\n\n<p>Feriado na China (Dia Nacional\/Semana Dourada)<br>07h00: Reuni\u00e3o da Opep (Organiza\u00e7\u00e3o dos Pa\u00edses Exportadores de Petr\u00f3leo)<br>09h15: Varia\u00e7\u00e3o de empregos privados de setembro nos Estados Unidos (ADP)<\/p>\n\n\n\n<h3 class=\"wp-block-heading\">Quinta (5)<\/h3>\n\n\n\n<p>Feriado na China (Dia Nacional\/Semana Dourada)<br>08h00: IVAR\/\u00cdndice de Varia\u00e7\u00e3o de Alugu\u00e9is Residenciais de setembro (Ibre-FGV)<br>09h30: Balan\u00e7a comercial de agosto nos Estados Unidos<\/p>\n\n\n\n<h3 class=\"wp-block-heading\">Sexta (6)<\/h3>\n\n\n\n<p>Feriado na China (Dia Nacional\/Semana Dourada)<br>08h00: IGP-DI de setembro (Ibre-FGV)<br>09h30: Relat\u00f3rio oficial de emprego (payroll) de setembro nos Estados Unidos<\/p>\n\n\n\n<p>Fonte:https:\/\/inteligenciafinanceira.com.br\/mercado-financeiro\/economia\/calendario-economico-2-a-6-outubro-2023\/<\/p>","protected":false},"excerpt":{"rendered":"<p>Entre os indicadores, os destaques ficam por conta da produ\u00e7\u00e3o industrial no Brasil e o payroll nos Estados Unidos A agenda do governo federal promete ganhar tra\u00e7\u00e3o no Congresso neste semana, enquanto novos dados de emprego ajudam a calibrar as expectativas sobre os rumos dos juros nos Estados Unidos. A seguir, a\u00a0Intelig\u00eancia Financeira\u00a0apresenta o calend\u00e1rio [&hellip;]<\/p>\n","protected":false},"author":3,"featured_media":4203,"comment_status":"open","ping_status":"open","sticky":false,"template":"","format":"standard","meta":{"_joinchat":[],"footnotes":""},"categories":[1],"tags":[],"class_list":["post-4202","post","type-post","status-publish","format-standard","has-post-thumbnail","hentry","category-the-fortune-one"],"yoast_head":"<!-- This site is optimized with the Yoast SEO plugin v27.5 - https:\/\/yoast.com\/product\/yoast-seo-wordpress\/ -->\n<title>Desenrola, juros do cart\u00e3o de cr\u00e9dito e taxa\u00e7\u00e3o de offshores: veja os principais assuntos da semana - The Fortune.one<\/title>\n<meta name=\"description\" content=\"Somos especialistas em gest\u00e3o patrimonial, op\u00e7\u00f5es de investimentos para diversos perfis, nosso diferencial \u00e9 comprovado com resultados.\" \/>\n<meta name=\"robots\" content=\"index, follow, max-snippet:-1, max-image-preview:large, max-video-preview:-1\" \/>\n<link rel=\"canonical\" href=\"https:\/\/thefortune.one\/pt\/desenrola-juros-do-cartao-de-credito-e-taxacao-de-offshores-veja-os-principais-assuntos-da-semana\/\" \/>\n<meta property=\"og:locale\" content=\"pt_BR\" \/>\n<meta property=\"og:type\" content=\"article\" \/>\n<meta property=\"og:title\" content=\"Desenrola, juros do cart\u00e3o de cr\u00e9dito e taxa\u00e7\u00e3o de offshores: veja os principais assuntos da semana - The Fortune.one\" \/>\n<meta property=\"og:description\" content=\"Somos especialistas em gest\u00e3o patrimonial, op\u00e7\u00f5es de investimentos para diversos perfis, nosso diferencial \u00e9 comprovado com resultados.\" \/>\n<meta property=\"og:url\" content=\"https:\/\/thefortune.one\/pt\/desenrola-juros-do-cartao-de-credito-e-taxacao-de-offshores-veja-os-principais-assuntos-da-semana\/\" \/>\n<meta property=\"og:site_name\" content=\"The Fortune.one\" \/>\n<meta property=\"article:published_time\" content=\"2023-10-03T12:58:13+00:00\" \/>\n<meta property=\"og:image\" content=\"https:\/\/thefortune.one\/wp-content\/uploads\/2023\/10\/ter.jpg\" \/>\n\t<meta property=\"og:image:width\" content=\"833\" \/>\n\t<meta property=\"og:image:height\" content=\"469\" \/>\n\t<meta property=\"og:image:type\" content=\"image\/jpeg\" \/>\n<meta name=\"author\" content=\"bianca\" \/>\n<meta name=\"twitter:card\" content=\"summary_large_image\" \/>\n<meta name=\"twitter:label1\" content=\"Escrito por\" \/>\n\t<meta name=\"twitter:data1\" content=\"bianca\" \/>\n\t<meta name=\"twitter:label2\" content=\"Est. tempo de leitura\" \/>\n\t<meta name=\"twitter:data2\" content=\"4 minutos\" \/>\n<script type=\"application\/ld+json\" class=\"yoast-schema-graph\">{\"@context\":\"https:\\\/\\\/schema.org\",\"@graph\":[{\"@type\":\"Article\",\"@id\":\"https:\\\/\\\/thefortune.one\\\/pt\\\/desenrola-juros-do-cartao-de-credito-e-taxacao-de-offshores-veja-os-principais-assuntos-da-semana\\\/#article\",\"isPartOf\":{\"@id\":\"https:\\\/\\\/thefortune.one\\\/pt\\\/desenrola-juros-do-cartao-de-credito-e-taxacao-de-offshores-veja-os-principais-assuntos-da-semana\\\/\"},\"author\":{\"name\":\"bianca\",\"@id\":\"https:\\\/\\\/thefortune.one\\\/pt\\\/#\\\/schema\\\/person\\\/6cd8fe72a627d36caabf41815984a16f\"},\"headline\":\"Desenrola, juros do cart\u00e3o de cr\u00e9dito e taxa\u00e7\u00e3o de offshores: veja os principais assuntos da semana\",\"datePublished\":\"2023-10-03T12:58:13+00:00\",\"mainEntityOfPage\":{\"@id\":\"https:\\\/\\\/thefortune.one\\\/pt\\\/desenrola-juros-do-cartao-de-credito-e-taxacao-de-offshores-veja-os-principais-assuntos-da-semana\\\/\"},\"wordCount\":789,\"commentCount\":0,\"publisher\":{\"@id\":\"https:\\\/\\\/thefortune.one\\\/pt\\\/#organization\"},\"image\":{\"@id\":\"https:\\\/\\\/thefortune.one\\\/pt\\\/desenrola-juros-do-cartao-de-credito-e-taxacao-de-offshores-veja-os-principais-assuntos-da-semana\\\/#primaryimage\"},\"thumbnailUrl\":\"https:\\\/\\\/thefortune.one\\\/wp-content\\\/uploads\\\/2023\\\/10\\\/ter.jpg\",\"articleSection\":[\"The Fortune.one\"],\"inLanguage\":\"pt-BR\",\"potentialAction\":[{\"@type\":\"CommentAction\",\"name\":\"Comment\",\"target\":[\"https:\\\/\\\/thefortune.one\\\/pt\\\/desenrola-juros-do-cartao-de-credito-e-taxacao-de-offshores-veja-os-principais-assuntos-da-semana\\\/#respond\"]}]},{\"@type\":\"WebPage\",\"@id\":\"https:\\\/\\\/thefortune.one\\\/pt\\\/desenrola-juros-do-cartao-de-credito-e-taxacao-de-offshores-veja-os-principais-assuntos-da-semana\\\/\",\"url\":\"https:\\\/\\\/thefortune.one\\\/pt\\\/desenrola-juros-do-cartao-de-credito-e-taxacao-de-offshores-veja-os-principais-assuntos-da-semana\\\/\",\"name\":\"Desenrola, juros do cart\u00e3o de cr\u00e9dito e taxa\u00e7\u00e3o de offshores: veja os principais assuntos da semana - The Fortune.one\",\"isPartOf\":{\"@id\":\"https:\\\/\\\/thefortune.one\\\/pt\\\/#website\"},\"primaryImageOfPage\":{\"@id\":\"https:\\\/\\\/thefortune.one\\\/pt\\\/desenrola-juros-do-cartao-de-credito-e-taxacao-de-offshores-veja-os-principais-assuntos-da-semana\\\/#primaryimage\"},\"image\":{\"@id\":\"https:\\\/\\\/thefortune.one\\\/pt\\\/desenrola-juros-do-cartao-de-credito-e-taxacao-de-offshores-veja-os-principais-assuntos-da-semana\\\/#primaryimage\"},\"thumbnailUrl\":\"https:\\\/\\\/thefortune.one\\\/wp-content\\\/uploads\\\/2023\\\/10\\\/ter.jpg\",\"datePublished\":\"2023-10-03T12:58:13+00:00\",\"description\":\"Somos especialistas em gest\u00e3o patrimonial, op\u00e7\u00f5es de investimentos para diversos perfis, nosso diferencial \u00e9 comprovado com resultados.\",\"breadcrumb\":{\"@id\":\"https:\\\/\\\/thefortune.one\\\/pt\\\/desenrola-juros-do-cartao-de-credito-e-taxacao-de-offshores-veja-os-principais-assuntos-da-semana\\\/#breadcrumb\"},\"inLanguage\":\"pt-BR\",\"potentialAction\":[{\"@type\":\"ReadAction\",\"target\":[\"https:\\\/\\\/thefortune.one\\\/pt\\\/desenrola-juros-do-cartao-de-credito-e-taxacao-de-offshores-veja-os-principais-assuntos-da-semana\\\/\"]}]},{\"@type\":\"ImageObject\",\"inLanguage\":\"pt-BR\",\"@id\":\"https:\\\/\\\/thefortune.one\\\/pt\\\/desenrola-juros-do-cartao-de-credito-e-taxacao-de-offshores-veja-os-principais-assuntos-da-semana\\\/#primaryimage\",\"url\":\"https:\\\/\\\/thefortune.one\\\/wp-content\\\/uploads\\\/2023\\\/10\\\/ter.jpg\",\"contentUrl\":\"https:\\\/\\\/thefortune.one\\\/wp-content\\\/uploads\\\/2023\\\/10\\\/ter.jpg\",\"width\":833,\"height\":469},{\"@type\":\"BreadcrumbList\",\"@id\":\"https:\\\/\\\/thefortune.one\\\/pt\\\/desenrola-juros-do-cartao-de-credito-e-taxacao-de-offshores-veja-os-principais-assuntos-da-semana\\\/#breadcrumb\",\"itemListElement\":[{\"@type\":\"ListItem\",\"position\":1,\"name\":\"In\u00edcio\",\"item\":\"https:\\\/\\\/thefortune.one\\\/pt\\\/\"},{\"@type\":\"ListItem\",\"position\":2,\"name\":\"Desenrola, juros do cart\u00e3o de cr\u00e9dito e taxa\u00e7\u00e3o de offshores: veja os principais assuntos da semana\"}]},{\"@type\":\"WebSite\",\"@id\":\"https:\\\/\\\/thefortune.one\\\/pt\\\/#website\",\"url\":\"https:\\\/\\\/thefortune.one\\\/pt\\\/\",\"name\":\"The Fortune.one\",\"description\":\"Gestora de Recursos Especializada em Private Equity\",\"publisher\":{\"@id\":\"https:\\\/\\\/thefortune.one\\\/pt\\\/#organization\"},\"potentialAction\":[{\"@type\":\"SearchAction\",\"target\":{\"@type\":\"EntryPoint\",\"urlTemplate\":\"https:\\\/\\\/thefortune.one\\\/pt\\\/?s={search_term_string}\"},\"query-input\":{\"@type\":\"PropertyValueSpecification\",\"valueRequired\":true,\"valueName\":\"search_term_string\"}}],\"inLanguage\":\"pt-BR\"},{\"@type\":\"Organization\",\"@id\":\"https:\\\/\\\/thefortune.one\\\/pt\\\/#organization\",\"name\":\"The Fortune One\",\"url\":\"https:\\\/\\\/thefortune.one\\\/pt\\\/\",\"logo\":{\"@type\":\"ImageObject\",\"inLanguage\":\"pt-BR\",\"@id\":\"https:\\\/\\\/thefortune.one\\\/pt\\\/#\\\/schema\\\/logo\\\/image\\\/\",\"url\":\"https:\\\/\\\/thefortune.one\\\/wp-content\\\/uploads\\\/2022\\\/11\\\/cropped-cropped-1651682701199-1.jpg\",\"contentUrl\":\"https:\\\/\\\/thefortune.one\\\/wp-content\\\/uploads\\\/2022\\\/11\\\/cropped-cropped-1651682701199-1.jpg\",\"width\":369,\"height\":421,\"caption\":\"The Fortune One\"},\"image\":{\"@id\":\"https:\\\/\\\/thefortune.one\\\/pt\\\/#\\\/schema\\\/logo\\\/image\\\/\"}},{\"@type\":\"Person\",\"@id\":\"https:\\\/\\\/thefortune.one\\\/pt\\\/#\\\/schema\\\/person\\\/6cd8fe72a627d36caabf41815984a16f\",\"name\":\"bianca\",\"image\":{\"@type\":\"ImageObject\",\"inLanguage\":\"pt-BR\",\"@id\":\"https:\\\/\\\/secure.gravatar.com\\\/avatar\\\/66cd7b00d93410555e00d1e6a911a86de0cd0cfa4f83a2f8b47eddc2968c98af?s=96&d=mm&r=g\",\"url\":\"https:\\\/\\\/secure.gravatar.com\\\/avatar\\\/66cd7b00d93410555e00d1e6a911a86de0cd0cfa4f83a2f8b47eddc2968c98af?s=96&d=mm&r=g\",\"contentUrl\":\"https:\\\/\\\/secure.gravatar.com\\\/avatar\\\/66cd7b00d93410555e00d1e6a911a86de0cd0cfa4f83a2f8b47eddc2968c98af?s=96&d=mm&r=g\",\"caption\":\"bianca\"},\"url\":\"https:\\\/\\\/thefortune.one\\\/pt\\\/author\\\/bianca\\\/\"}]}<\/script>\n<!-- \/ Yoast SEO plugin. -->","yoast_head_json":{"title":"Desenrola, juros do cart\u00e3o de cr\u00e9dito e taxa\u00e7\u00e3o de offshores: veja os principais assuntos da semana - The Fortune.one","description":"Somos especialistas em gest\u00e3o patrimonial, op\u00e7\u00f5es de investimentos para diversos perfis, nosso diferencial \u00e9 comprovado com resultados.","robots":{"index":"index","follow":"follow","max-snippet":"max-snippet:-1","max-image-preview":"max-image-preview:large","max-video-preview":"max-video-preview:-1"},"canonical":"https:\/\/thefortune.one\/pt\/desenrola-juros-do-cartao-de-credito-e-taxacao-de-offshores-veja-os-principais-assuntos-da-semana\/","og_locale":"pt_BR","og_type":"article","og_title":"Desenrola, juros do cart\u00e3o de cr\u00e9dito e taxa\u00e7\u00e3o de offshores: veja os principais assuntos da semana - The Fortune.one","og_description":"Somos especialistas em gest\u00e3o patrimonial, op\u00e7\u00f5es de investimentos para diversos perfis, nosso diferencial \u00e9 comprovado com resultados.","og_url":"https:\/\/thefortune.one\/pt\/desenrola-juros-do-cartao-de-credito-e-taxacao-de-offshores-veja-os-principais-assuntos-da-semana\/","og_site_name":"The Fortune.one","article_published_time":"2023-10-03T12:58:13+00:00","og_image":[{"width":833,"height":469,"url":"https:\/\/thefortune.one\/wp-content\/uploads\/2023\/10\/ter.jpg","type":"image\/jpeg"}],"author":"bianca","twitter_card":"summary_large_image","twitter_misc":{"Escrito por":"bianca","Est. tempo de leitura":"4 minutos"},"schema":{"@context":"https:\/\/schema.org","@graph":[{"@type":"Article","@id":"https:\/\/thefortune.one\/pt\/desenrola-juros-do-cartao-de-credito-e-taxacao-de-offshores-veja-os-principais-assuntos-da-semana\/#article","isPartOf":{"@id":"https:\/\/thefortune.one\/pt\/desenrola-juros-do-cartao-de-credito-e-taxacao-de-offshores-veja-os-principais-assuntos-da-semana\/"},"author":{"name":"bianca","@id":"https:\/\/thefortune.one\/pt\/#\/schema\/person\/6cd8fe72a627d36caabf41815984a16f"},"headline":"Desenrola, juros do cart\u00e3o de cr\u00e9dito e taxa\u00e7\u00e3o de offshores: veja os principais assuntos da semana","datePublished":"2023-10-03T12:58:13+00:00","mainEntityOfPage":{"@id":"https:\/\/thefortune.one\/pt\/desenrola-juros-do-cartao-de-credito-e-taxacao-de-offshores-veja-os-principais-assuntos-da-semana\/"},"wordCount":789,"commentCount":0,"publisher":{"@id":"https:\/\/thefortune.one\/pt\/#organization"},"image":{"@id":"https:\/\/thefortune.one\/pt\/desenrola-juros-do-cartao-de-credito-e-taxacao-de-offshores-veja-os-principais-assuntos-da-semana\/#primaryimage"},"thumbnailUrl":"https:\/\/thefortune.one\/wp-content\/uploads\/2023\/10\/ter.jpg","articleSection":["The Fortune.one"],"inLanguage":"pt-BR","potentialAction":[{"@type":"CommentAction","name":"Comment","target":["https:\/\/thefortune.one\/pt\/desenrola-juros-do-cartao-de-credito-e-taxacao-de-offshores-veja-os-principais-assuntos-da-semana\/#respond"]}]},{"@type":"WebPage","@id":"https:\/\/thefortune.one\/pt\/desenrola-juros-do-cartao-de-credito-e-taxacao-de-offshores-veja-os-principais-assuntos-da-semana\/","url":"https:\/\/thefortune.one\/pt\/desenrola-juros-do-cartao-de-credito-e-taxacao-de-offshores-veja-os-principais-assuntos-da-semana\/","name":"Desenrola, juros do cart\u00e3o de cr\u00e9dito e taxa\u00e7\u00e3o de offshores: veja os principais assuntos da semana - The Fortune.one","isPartOf":{"@id":"https:\/\/thefortune.one\/pt\/#website"},"primaryImageOfPage":{"@id":"https:\/\/thefortune.one\/pt\/desenrola-juros-do-cartao-de-credito-e-taxacao-de-offshores-veja-os-principais-assuntos-da-semana\/#primaryimage"},"image":{"@id":"https:\/\/thefortune.one\/pt\/desenrola-juros-do-cartao-de-credito-e-taxacao-de-offshores-veja-os-principais-assuntos-da-semana\/#primaryimage"},"thumbnailUrl":"https:\/\/thefortune.one\/wp-content\/uploads\/2023\/10\/ter.jpg","datePublished":"2023-10-03T12:58:13+00:00","description":"Somos especialistas em gest\u00e3o patrimonial, op\u00e7\u00f5es de investimentos para diversos perfis, nosso diferencial \u00e9 comprovado com resultados.","breadcrumb":{"@id":"https:\/\/thefortune.one\/pt\/desenrola-juros-do-cartao-de-credito-e-taxacao-de-offshores-veja-os-principais-assuntos-da-semana\/#breadcrumb"},"inLanguage":"pt-BR","potentialAction":[{"@type":"ReadAction","target":["https:\/\/thefortune.one\/pt\/desenrola-juros-do-cartao-de-credito-e-taxacao-de-offshores-veja-os-principais-assuntos-da-semana\/"]}]},{"@type":"ImageObject","inLanguage":"pt-BR","@id":"https:\/\/thefortune.one\/pt\/desenrola-juros-do-cartao-de-credito-e-taxacao-de-offshores-veja-os-principais-assuntos-da-semana\/#primaryimage","url":"https:\/\/thefortune.one\/wp-content\/uploads\/2023\/10\/ter.jpg","contentUrl":"https:\/\/thefortune.one\/wp-content\/uploads\/2023\/10\/ter.jpg","width":833,"height":469},{"@type":"BreadcrumbList","@id":"https:\/\/thefortune.one\/pt\/desenrola-juros-do-cartao-de-credito-e-taxacao-de-offshores-veja-os-principais-assuntos-da-semana\/#breadcrumb","itemListElement":[{"@type":"ListItem","position":1,"name":"In\u00edcio","item":"https:\/\/thefortune.one\/pt\/"},{"@type":"ListItem","position":2,"name":"Desenrola, juros do cart\u00e3o de cr\u00e9dito e taxa\u00e7\u00e3o de offshores: veja os principais assuntos da semana"}]},{"@type":"WebSite","@id":"https:\/\/thefortune.one\/pt\/#website","url":"https:\/\/thefortune.one\/pt\/","name":"The Fortune.one","description":"Gestora de Recursos Especializada em Private Equity","publisher":{"@id":"https:\/\/thefortune.one\/pt\/#organization"},"potentialAction":[{"@type":"SearchAction","target":{"@type":"EntryPoint","urlTemplate":"https:\/\/thefortune.one\/pt\/?s={search_term_string}"},"query-input":{"@type":"PropertyValueSpecification","valueRequired":true,"valueName":"search_term_string"}}],"inLanguage":"pt-BR"},{"@type":"Organization","@id":"https:\/\/thefortune.one\/pt\/#organization","name":"The Fortune One","url":"https:\/\/thefortune.one\/pt\/","logo":{"@type":"ImageObject","inLanguage":"pt-BR","@id":"https:\/\/thefortune.one\/pt\/#\/schema\/logo\/image\/","url":"https:\/\/thefortune.one\/wp-content\/uploads\/2022\/11\/cropped-cropped-1651682701199-1.jpg","contentUrl":"https:\/\/thefortune.one\/wp-content\/uploads\/2022\/11\/cropped-cropped-1651682701199-1.jpg","width":369,"height":421,"caption":"The Fortune One"},"image":{"@id":"https:\/\/thefortune.one\/pt\/#\/schema\/logo\/image\/"}},{"@type":"Person","@id":"https:\/\/thefortune.one\/pt\/#\/schema\/person\/6cd8fe72a627d36caabf41815984a16f","name":"bianca","image":{"@type":"ImageObject","inLanguage":"pt-BR","@id":"https:\/\/secure.gravatar.com\/avatar\/66cd7b00d93410555e00d1e6a911a86de0cd0cfa4f83a2f8b47eddc2968c98af?s=96&d=mm&r=g","url":"https:\/\/secure.gravatar.com\/avatar\/66cd7b00d93410555e00d1e6a911a86de0cd0cfa4f83a2f8b47eddc2968c98af?s=96&d=mm&r=g","contentUrl":"https:\/\/secure.gravatar.com\/avatar\/66cd7b00d93410555e00d1e6a911a86de0cd0cfa4f83a2f8b47eddc2968c98af?s=96&d=mm&r=g","caption":"bianca"},"url":"https:\/\/thefortune.one\/pt\/author\/bianca\/"}]}},"_links":{"self":[{"href":"https:\/\/thefortune.one\/pt\/wp-json\/wp\/v2\/posts\/4202","targetHints":{"allow":["GET"]}}],"collection":[{"href":"https:\/\/thefortune.one\/pt\/wp-json\/wp\/v2\/posts"}],"about":[{"href":"https:\/\/thefortune.one\/pt\/wp-json\/wp\/v2\/types\/post"}],"author":[{"embeddable":true,"href":"https:\/\/thefortune.one\/pt\/wp-json\/wp\/v2\/users\/3"}],"replies":[{"embeddable":true,"href":"https:\/\/thefortune.one\/pt\/wp-json\/wp\/v2\/comments?post=4202"}],"version-history":[{"count":1,"href":"https:\/\/thefortune.one\/pt\/wp-json\/wp\/v2\/posts\/4202\/revisions"}],"predecessor-version":[{"id":4204,"href":"https:\/\/thefortune.one\/pt\/wp-json\/wp\/v2\/posts\/4202\/revisions\/4204"}],"wp:featuredmedia":[{"embeddable":true,"href":"https:\/\/thefortune.one\/pt\/wp-json\/wp\/v2\/media\/4203"}],"wp:attachment":[{"href":"https:\/\/thefortune.one\/pt\/wp-json\/wp\/v2\/media?parent=4202"}],"wp:term":[{"taxonomy":"category","embeddable":true,"href":"https:\/\/thefortune.one\/pt\/wp-json\/wp\/v2\/categories?post=4202"},{"taxonomy":"post_tag","embeddable":true,"href":"https:\/\/thefortune.one\/pt\/wp-json\/wp\/v2\/tags?post=4202"}],"curies":[{"name":"wp","href":"https:\/\/api.w.org\/{rel}","templated":true}]}}