{"id":4199,"date":"2023-10-02T12:57:49","date_gmt":"2023-10-02T12:57:49","guid":{"rendered":"https:\/\/thefortune.one\/?p=4199"},"modified":"2023-10-02T12:57:49","modified_gmt":"2023-10-02T12:57:49","slug":"mercado-hoje-presidente-do-fed-campos-neto-e-numeros-da-economia-brasileira-ficam-no-radar","status":"publish","type":"post","link":"https:\/\/thefortune.one\/pt\/mercado-hoje-presidente-do-fed-campos-neto-e-numeros-da-economia-brasileira-ficam-no-radar\/","title":{"rendered":"Mercado hoje: presidente do Fed, Campos Neto e n\u00fameros da economia brasileira ficam no radar"},"content":{"rendered":"<h2 class=\"wp-block-heading\">Bolsas europeias caem nesta manh\u00e3, ap\u00f3s divuga\u00e7\u00e3o de dados dos PMIs na regi\u00e3o<\/h2>\n\n\n\n<figure class=\"wp-block-image\"><img decoding=\"async\" src=\"https:\/\/einvestidor.estadao.com.br\/wp-content\/uploads\/2023\/09\/the-us-federal-reserve-building-in-washington-dc-2021-08-26-18-19-20-utc_150920235111.jpg.webp\" alt=\"Mercado hoje: presidente do Fed, Campos Neto e n\u00fameros da economia brasileira ficam no radar\" \/><figcaption class=\"wp-element-caption\">Edif\u00edcio do Federal Reserve nos EUA, em Washington DC (Foto: Envato Elements)<\/figcaption><\/figure>\n\n\n\n<p>A participa\u00e7\u00e3o do presidente do\u00a0<strong><a href=\"https:\/\/einvestidor.estadao.com.br\/tag\/fed\/\">Federal Reserve<\/a><\/strong>\u00a0(Fed, o banco central americano), Jerome Powell, e de outros dirigentes do Fed em eventos nos\u00a0<strong><a href=\"https:\/\/einvestidor.estadao.com.br\/tag\/eua\">Estados Unidos<\/a><\/strong>\u00a0nesta segunda-feira (2) fica nos holofotes. Os mercados repercutem as leituras finais de \u00edndices de gerentes de compras (PMI, na sigla em ingl\u00eas) industrial em v\u00e1rios pa\u00edses em meio \u00e0 expectativa na semana pelo relat\u00f3rio de emprego dos EUA, o payroll.<\/p>\n\n\n\n<p>A agenda econ\u00f4mica no Brasil traz \u00cdndice de Pre\u00e7os ao Consumidor Semanal (IPC-S), dados do Caged e da balan\u00e7a comercial. O presidente do&nbsp;<strong><a href=\"https:\/\/einvestidor.estadao.com.br\/tag\/banco-central\">Banco Central<\/a><\/strong>, Roberto Campos Neto, profere palestra em evento promovido pela Abracam, e o ministro da Fazenda, Fernando Haddad, participa de reuni\u00e3o extraordin\u00e1ria do Conselho Nacional de Pol\u00edtica Energ\u00e9tica (CNPE). Ainda nos pr\u00f3ximos dias est\u00e3o previstos o resultado da produ\u00e7\u00e3o industrial, do IPC-Fipe e do \u00cdndice Geral de Pre\u00e7os (IGP-DI).<\/p>\n\n\n\n<p>Os \u00edndices futuros das bolsas de Nova York ficaram mistos nesta manh\u00e3, sugerindo que Wall Street pode come\u00e7ar a semana com volatilidade ap\u00f3s subirem mais cedo na esteira da aprova\u00e7\u00e3o pelo Congresso dos EUA, no fim de semana, de proposta que estende por 45 dias o financiamento do governo Joe Biden, evitando um \u201cshutdown\u201d.<\/p>\n\n\n\n<p>A subida dos juros dos Treasuries e do d\u00f3lar pesam nas a\u00e7\u00f5es em Wall Street. Na&nbsp;<strong><a href=\"https:\/\/einvestidor.estadao.com.br\/tag\/europa\">Europa<\/a><\/strong>, as bolsas&nbsp;<strong><a href=\"https:\/\/einvestidor.estadao.com.br\/ultimas\/bolsas-europa-revertem-ganhos-abertura-juros-treasuries\/\">passaram a cair<\/a><\/strong>&nbsp;nesta manh\u00e3, ap\u00f3s dados de PMIs divulgados na regi\u00e3o apontarem contra\u00e7\u00e3o em ritmo acentuado na Alemanha.<\/p>\n\n\n\n<p>O PMI industrial alem\u00e3o subiu de 39,1 em agosto para 39,6 em setembro, ficando abaixo da estimativa preliminar e da previs\u00e3o de analistas, de 39,8 em ambos casos. O PMI industrial da zona do euro caiu de 43,5 em agosto para 43,4 em setembro, confirmando a estimativa preliminar e a expectativa de analistas.<\/p>\n\n\n\n<p>J\u00e1 o PMI do Reino Unido avan\u00e7ou a 44,3 em setembro, acima da pr\u00e9via. Na \u00c1sia, as bolsas subiram com dados de manufatura chineses acima da linha de expans\u00e3o e do esperado, embora com liquidez restrita devido ao fechamento das bolsas chinesas nesta semana pelo feriado \u201cDourado\u201d no pa\u00eds at\u00e9 a pr\u00f3xima sexta-feira.<\/p>\n\n\n\n<p>Os investidores operam na expectativa ainda pelos dados de manufatura americanos e coment\u00e1rios de Powell e de v\u00e1rios dirigentes do BC americano ao longo do dia.<\/p>\n\n\n\n<h3 class=\"wp-block-heading\">No Brasil<\/h3>\n\n\n\n<p>Os mercado locais come\u00e7am o quarto trimestre do ano monitorando os riscos externos de recess\u00e3o nos EUA em meio a sinais de juros mais altos por mais tempo no pa\u00eds, de olho em est\u00edmulos na China e na agenda fiscal no Brasil.<\/p>\n\n\n\n<p>O tema-chave dos mercados at\u00e9 o final do ano deve permanecer sendo a condu\u00e7\u00e3o da pol\u00edtica monet\u00e1ria nos EUA e os juros dos Treasuries voltam a pesar nesta manh\u00e3, podendo trazer cautela \u00e0 abertura local, sobretudo \u00e0 curva de juros.<\/p>\n\n\n\n<p>Os investidores v\u00e3o focar em Campos Neto e Haddad, al\u00e9m dos indicadores locais. Na sexta-feira, os ativos brasileiros reagiram aos ventos contr\u00e1rios externos e \u00e0 desconfian\u00e7a sobre o cumprimento das regras fiscais no curto prazo, provocando abertura da curva de DI, fechamento do d\u00f3lar no patamar de R$ 5,00.<\/p>\n\n\n\n<p>J\u00e1 o&nbsp;<strong><a href=\"https:\/\/einvestidor.estadao.com.br\/tag\/ibovespa\/\">Ibovespa<\/a><\/strong>&nbsp;conseguiu sustentar ganho leve na sexta aos 116.565,17 pontos (+0,72% no dia) e em setembro (+0,71%) na esteira da valoriza\u00e7\u00e3o de pap\u00e9is ligados a commodities.<\/p>\n\n\n\n<h3 class=\"wp-block-heading\">Agenda<\/h3>\n\n\n\n<p>O \u00cdndice de Pre\u00e7os ao Consumidor \u2013 Semanal (IPC-S) em setembro ser\u00e1 publicado \u00e0s 8 horas e o boletim Focus, \u00e0s 8h25. Os dados do Novo Cadastro Geral de Empregados e Desempregados (Caged) de agosto saem tamb\u00e9m \u00e0s 14h30 e ser\u00e3o comentados em entrevista com o ministro do Trabalho e Emprego, Luiz Marinho \u00e0s 15 horas.<\/p>\n\n\n\n<p>Ainda, o saldo comercial de setembro est\u00e1 programado \u00e0s 15 horas. O presidente do Banco Central, Roberto Campos Neto, profere palestra em caf\u00e9 da manh\u00e3 promovido pela Associa\u00e7\u00e3o Brasileira de C\u00e2mbio (Abracam), em S\u00e3o Paulo \u00e0s 10 horas. Nos pr\u00f3ximos dias tamb\u00e9m est\u00e3o previstos o IPC-Fipe, na ter\u00e7a; o resultado da produ\u00e7\u00e3o industrial em agosto, na quinta; e o IGP-DI de setembro, na sexta-feira.<\/p>\n\n\n\n<p>Fonte:https:\/\/einvestidor.estadao.com.br\/mercado\/mercado-hoje-presidente-fed-campos-neto-numeros-economia-brasil\/<\/p>","protected":false},"excerpt":{"rendered":"<p>Bolsas europeias caem nesta manh\u00e3, ap\u00f3s divuga\u00e7\u00e3o de dados dos PMIs na regi\u00e3o A participa\u00e7\u00e3o do presidente do\u00a0Federal Reserve\u00a0(Fed, o banco central americano), Jerome Powell, e de outros dirigentes do Fed em eventos nos\u00a0Estados Unidos\u00a0nesta segunda-feira (2) fica nos holofotes. Os mercados repercutem as leituras finais de \u00edndices de gerentes de compras (PMI, na sigla [&hellip;]<\/p>\n","protected":false},"author":3,"featured_media":4200,"comment_status":"open","ping_status":"open","sticky":false,"template":"","format":"standard","meta":{"_joinchat":[],"footnotes":""},"categories":[1],"tags":[],"class_list":["post-4199","post","type-post","status-publish","format-standard","has-post-thumbnail","hentry","category-the-fortune-one"],"yoast_head":"<!-- This site is optimized with the Yoast SEO plugin v27.5 - https:\/\/yoast.com\/product\/yoast-seo-wordpress\/ -->\n<title>Mercado hoje: presidente do Fed, Campos Neto e n\u00fameros da economia brasileira ficam no radar - The Fortune.one<\/title>\n<meta name=\"description\" content=\"Somos especialistas em gest\u00e3o patrimonial, op\u00e7\u00f5es de investimentos para diversos perfis, nosso diferencial \u00e9 comprovado com resultados.\" \/>\n<meta name=\"robots\" content=\"index, follow, max-snippet:-1, max-image-preview:large, max-video-preview:-1\" \/>\n<link rel=\"canonical\" href=\"https:\/\/thefortune.one\/pt\/mercado-hoje-presidente-do-fed-campos-neto-e-numeros-da-economia-brasileira-ficam-no-radar\/\" \/>\n<meta property=\"og:locale\" content=\"pt_BR\" \/>\n<meta property=\"og:type\" content=\"article\" \/>\n<meta property=\"og:title\" content=\"Mercado hoje: presidente do Fed, Campos Neto e n\u00fameros da economia brasileira ficam no radar - The Fortune.one\" \/>\n<meta property=\"og:description\" content=\"Somos especialistas em gest\u00e3o patrimonial, op\u00e7\u00f5es de investimentos para diversos perfis, nosso diferencial \u00e9 comprovado com resultados.\" \/>\n<meta property=\"og:url\" content=\"https:\/\/thefortune.one\/pt\/mercado-hoje-presidente-do-fed-campos-neto-e-numeros-da-economia-brasileira-ficam-no-radar\/\" \/>\n<meta property=\"og:site_name\" content=\"The Fortune.one\" \/>\n<meta property=\"article:published_time\" content=\"2023-10-02T12:57:49+00:00\" \/>\n<meta property=\"og:image\" content=\"https:\/\/thefortune.one\/wp-content\/uploads\/2023\/10\/pala.jpeg\" \/>\n\t<meta property=\"og:image:width\" content=\"699\" \/>\n\t<meta property=\"og:image:height\" content=\"499\" \/>\n\t<meta property=\"og:image:type\" content=\"image\/jpeg\" \/>\n<meta name=\"author\" content=\"bianca\" \/>\n<meta name=\"twitter:card\" content=\"summary_large_image\" \/>\n<meta name=\"twitter:label1\" content=\"Escrito por\" \/>\n\t<meta name=\"twitter:data1\" content=\"bianca\" \/>\n\t<meta name=\"twitter:label2\" content=\"Est. tempo de leitura\" \/>\n\t<meta name=\"twitter:data2\" content=\"4 minutos\" \/>\n<script type=\"application\/ld+json\" class=\"yoast-schema-graph\">{\"@context\":\"https:\\\/\\\/schema.org\",\"@graph\":[{\"@type\":\"Article\",\"@id\":\"https:\\\/\\\/thefortune.one\\\/pt\\\/mercado-hoje-presidente-do-fed-campos-neto-e-numeros-da-economia-brasileira-ficam-no-radar\\\/#article\",\"isPartOf\":{\"@id\":\"https:\\\/\\\/thefortune.one\\\/pt\\\/mercado-hoje-presidente-do-fed-campos-neto-e-numeros-da-economia-brasileira-ficam-no-radar\\\/\"},\"author\":{\"name\":\"bianca\",\"@id\":\"https:\\\/\\\/thefortune.one\\\/pt\\\/#\\\/schema\\\/person\\\/6cd8fe72a627d36caabf41815984a16f\"},\"headline\":\"Mercado hoje: presidente do Fed, Campos Neto e n\u00fameros da economia brasileira ficam no radar\",\"datePublished\":\"2023-10-02T12:57:49+00:00\",\"mainEntityOfPage\":{\"@id\":\"https:\\\/\\\/thefortune.one\\\/pt\\\/mercado-hoje-presidente-do-fed-campos-neto-e-numeros-da-economia-brasileira-ficam-no-radar\\\/\"},\"wordCount\":741,\"commentCount\":0,\"publisher\":{\"@id\":\"https:\\\/\\\/thefortune.one\\\/pt\\\/#organization\"},\"image\":{\"@id\":\"https:\\\/\\\/thefortune.one\\\/pt\\\/mercado-hoje-presidente-do-fed-campos-neto-e-numeros-da-economia-brasileira-ficam-no-radar\\\/#primaryimage\"},\"thumbnailUrl\":\"https:\\\/\\\/thefortune.one\\\/wp-content\\\/uploads\\\/2023\\\/10\\\/pala.jpeg\",\"articleSection\":[\"The Fortune.one\"],\"inLanguage\":\"pt-BR\",\"potentialAction\":[{\"@type\":\"CommentAction\",\"name\":\"Comment\",\"target\":[\"https:\\\/\\\/thefortune.one\\\/pt\\\/mercado-hoje-presidente-do-fed-campos-neto-e-numeros-da-economia-brasileira-ficam-no-radar\\\/#respond\"]}]},{\"@type\":\"WebPage\",\"@id\":\"https:\\\/\\\/thefortune.one\\\/pt\\\/mercado-hoje-presidente-do-fed-campos-neto-e-numeros-da-economia-brasileira-ficam-no-radar\\\/\",\"url\":\"https:\\\/\\\/thefortune.one\\\/pt\\\/mercado-hoje-presidente-do-fed-campos-neto-e-numeros-da-economia-brasileira-ficam-no-radar\\\/\",\"name\":\"Mercado hoje: presidente do Fed, Campos Neto e n\u00fameros da economia brasileira ficam no radar - The Fortune.one\",\"isPartOf\":{\"@id\":\"https:\\\/\\\/thefortune.one\\\/pt\\\/#website\"},\"primaryImageOfPage\":{\"@id\":\"https:\\\/\\\/thefortune.one\\\/pt\\\/mercado-hoje-presidente-do-fed-campos-neto-e-numeros-da-economia-brasileira-ficam-no-radar\\\/#primaryimage\"},\"image\":{\"@id\":\"https:\\\/\\\/thefortune.one\\\/pt\\\/mercado-hoje-presidente-do-fed-campos-neto-e-numeros-da-economia-brasileira-ficam-no-radar\\\/#primaryimage\"},\"thumbnailUrl\":\"https:\\\/\\\/thefortune.one\\\/wp-content\\\/uploads\\\/2023\\\/10\\\/pala.jpeg\",\"datePublished\":\"2023-10-02T12:57:49+00:00\",\"description\":\"Somos especialistas em gest\u00e3o patrimonial, op\u00e7\u00f5es de investimentos para diversos perfis, nosso diferencial \u00e9 comprovado com resultados.\",\"breadcrumb\":{\"@id\":\"https:\\\/\\\/thefortune.one\\\/pt\\\/mercado-hoje-presidente-do-fed-campos-neto-e-numeros-da-economia-brasileira-ficam-no-radar\\\/#breadcrumb\"},\"inLanguage\":\"pt-BR\",\"potentialAction\":[{\"@type\":\"ReadAction\",\"target\":[\"https:\\\/\\\/thefortune.one\\\/pt\\\/mercado-hoje-presidente-do-fed-campos-neto-e-numeros-da-economia-brasileira-ficam-no-radar\\\/\"]}]},{\"@type\":\"ImageObject\",\"inLanguage\":\"pt-BR\",\"@id\":\"https:\\\/\\\/thefortune.one\\\/pt\\\/mercado-hoje-presidente-do-fed-campos-neto-e-numeros-da-economia-brasileira-ficam-no-radar\\\/#primaryimage\",\"url\":\"https:\\\/\\\/thefortune.one\\\/wp-content\\\/uploads\\\/2023\\\/10\\\/pala.jpeg\",\"contentUrl\":\"https:\\\/\\\/thefortune.one\\\/wp-content\\\/uploads\\\/2023\\\/10\\\/pala.jpeg\",\"width\":699,\"height\":499},{\"@type\":\"BreadcrumbList\",\"@id\":\"https:\\\/\\\/thefortune.one\\\/pt\\\/mercado-hoje-presidente-do-fed-campos-neto-e-numeros-da-economia-brasileira-ficam-no-radar\\\/#breadcrumb\",\"itemListElement\":[{\"@type\":\"ListItem\",\"position\":1,\"name\":\"In\u00edcio\",\"item\":\"https:\\\/\\\/thefortune.one\\\/pt\\\/\"},{\"@type\":\"ListItem\",\"position\":2,\"name\":\"Mercado hoje: presidente do Fed, Campos Neto e n\u00fameros da economia brasileira ficam no radar\"}]},{\"@type\":\"WebSite\",\"@id\":\"https:\\\/\\\/thefortune.one\\\/pt\\\/#website\",\"url\":\"https:\\\/\\\/thefortune.one\\\/pt\\\/\",\"name\":\"The Fortune.one\",\"description\":\"Gestora de Recursos Especializada em Private Equity\",\"publisher\":{\"@id\":\"https:\\\/\\\/thefortune.one\\\/pt\\\/#organization\"},\"potentialAction\":[{\"@type\":\"SearchAction\",\"target\":{\"@type\":\"EntryPoint\",\"urlTemplate\":\"https:\\\/\\\/thefortune.one\\\/pt\\\/?s={search_term_string}\"},\"query-input\":{\"@type\":\"PropertyValueSpecification\",\"valueRequired\":true,\"valueName\":\"search_term_string\"}}],\"inLanguage\":\"pt-BR\"},{\"@type\":\"Organization\",\"@id\":\"https:\\\/\\\/thefortune.one\\\/pt\\\/#organization\",\"name\":\"The Fortune One\",\"url\":\"https:\\\/\\\/thefortune.one\\\/pt\\\/\",\"logo\":{\"@type\":\"ImageObject\",\"inLanguage\":\"pt-BR\",\"@id\":\"https:\\\/\\\/thefortune.one\\\/pt\\\/#\\\/schema\\\/logo\\\/image\\\/\",\"url\":\"https:\\\/\\\/thefortune.one\\\/wp-content\\\/uploads\\\/2022\\\/11\\\/cropped-cropped-1651682701199-1.jpg\",\"contentUrl\":\"https:\\\/\\\/thefortune.one\\\/wp-content\\\/uploads\\\/2022\\\/11\\\/cropped-cropped-1651682701199-1.jpg\",\"width\":369,\"height\":421,\"caption\":\"The Fortune One\"},\"image\":{\"@id\":\"https:\\\/\\\/thefortune.one\\\/pt\\\/#\\\/schema\\\/logo\\\/image\\\/\"}},{\"@type\":\"Person\",\"@id\":\"https:\\\/\\\/thefortune.one\\\/pt\\\/#\\\/schema\\\/person\\\/6cd8fe72a627d36caabf41815984a16f\",\"name\":\"bianca\",\"image\":{\"@type\":\"ImageObject\",\"inLanguage\":\"pt-BR\",\"@id\":\"https:\\\/\\\/secure.gravatar.com\\\/avatar\\\/66cd7b00d93410555e00d1e6a911a86de0cd0cfa4f83a2f8b47eddc2968c98af?s=96&d=mm&r=g\",\"url\":\"https:\\\/\\\/secure.gravatar.com\\\/avatar\\\/66cd7b00d93410555e00d1e6a911a86de0cd0cfa4f83a2f8b47eddc2968c98af?s=96&d=mm&r=g\",\"contentUrl\":\"https:\\\/\\\/secure.gravatar.com\\\/avatar\\\/66cd7b00d93410555e00d1e6a911a86de0cd0cfa4f83a2f8b47eddc2968c98af?s=96&d=mm&r=g\",\"caption\":\"bianca\"},\"url\":\"https:\\\/\\\/thefortune.one\\\/pt\\\/author\\\/bianca\\\/\"}]}<\/script>\n<!-- \/ Yoast SEO plugin. -->","yoast_head_json":{"title":"Mercado hoje: presidente do Fed, Campos Neto e n\u00fameros da economia brasileira ficam no radar - The Fortune.one","description":"Somos especialistas em gest\u00e3o patrimonial, op\u00e7\u00f5es de investimentos para diversos perfis, nosso diferencial \u00e9 comprovado com resultados.","robots":{"index":"index","follow":"follow","max-snippet":"max-snippet:-1","max-image-preview":"max-image-preview:large","max-video-preview":"max-video-preview:-1"},"canonical":"https:\/\/thefortune.one\/pt\/mercado-hoje-presidente-do-fed-campos-neto-e-numeros-da-economia-brasileira-ficam-no-radar\/","og_locale":"pt_BR","og_type":"article","og_title":"Mercado hoje: presidente do Fed, Campos Neto e n\u00fameros da economia brasileira ficam no radar - The Fortune.one","og_description":"Somos especialistas em gest\u00e3o patrimonial, op\u00e7\u00f5es de investimentos para diversos perfis, nosso diferencial \u00e9 comprovado com resultados.","og_url":"https:\/\/thefortune.one\/pt\/mercado-hoje-presidente-do-fed-campos-neto-e-numeros-da-economia-brasileira-ficam-no-radar\/","og_site_name":"The Fortune.one","article_published_time":"2023-10-02T12:57:49+00:00","og_image":[{"width":699,"height":499,"url":"https:\/\/thefortune.one\/wp-content\/uploads\/2023\/10\/pala.jpeg","type":"image\/jpeg"}],"author":"bianca","twitter_card":"summary_large_image","twitter_misc":{"Escrito por":"bianca","Est. tempo de leitura":"4 minutos"},"schema":{"@context":"https:\/\/schema.org","@graph":[{"@type":"Article","@id":"https:\/\/thefortune.one\/pt\/mercado-hoje-presidente-do-fed-campos-neto-e-numeros-da-economia-brasileira-ficam-no-radar\/#article","isPartOf":{"@id":"https:\/\/thefortune.one\/pt\/mercado-hoje-presidente-do-fed-campos-neto-e-numeros-da-economia-brasileira-ficam-no-radar\/"},"author":{"name":"bianca","@id":"https:\/\/thefortune.one\/pt\/#\/schema\/person\/6cd8fe72a627d36caabf41815984a16f"},"headline":"Mercado hoje: presidente do Fed, Campos Neto e n\u00fameros da economia brasileira ficam no radar","datePublished":"2023-10-02T12:57:49+00:00","mainEntityOfPage":{"@id":"https:\/\/thefortune.one\/pt\/mercado-hoje-presidente-do-fed-campos-neto-e-numeros-da-economia-brasileira-ficam-no-radar\/"},"wordCount":741,"commentCount":0,"publisher":{"@id":"https:\/\/thefortune.one\/pt\/#organization"},"image":{"@id":"https:\/\/thefortune.one\/pt\/mercado-hoje-presidente-do-fed-campos-neto-e-numeros-da-economia-brasileira-ficam-no-radar\/#primaryimage"},"thumbnailUrl":"https:\/\/thefortune.one\/wp-content\/uploads\/2023\/10\/pala.jpeg","articleSection":["The Fortune.one"],"inLanguage":"pt-BR","potentialAction":[{"@type":"CommentAction","name":"Comment","target":["https:\/\/thefortune.one\/pt\/mercado-hoje-presidente-do-fed-campos-neto-e-numeros-da-economia-brasileira-ficam-no-radar\/#respond"]}]},{"@type":"WebPage","@id":"https:\/\/thefortune.one\/pt\/mercado-hoje-presidente-do-fed-campos-neto-e-numeros-da-economia-brasileira-ficam-no-radar\/","url":"https:\/\/thefortune.one\/pt\/mercado-hoje-presidente-do-fed-campos-neto-e-numeros-da-economia-brasileira-ficam-no-radar\/","name":"Mercado hoje: presidente do Fed, Campos Neto e n\u00fameros da economia brasileira ficam no radar - The Fortune.one","isPartOf":{"@id":"https:\/\/thefortune.one\/pt\/#website"},"primaryImageOfPage":{"@id":"https:\/\/thefortune.one\/pt\/mercado-hoje-presidente-do-fed-campos-neto-e-numeros-da-economia-brasileira-ficam-no-radar\/#primaryimage"},"image":{"@id":"https:\/\/thefortune.one\/pt\/mercado-hoje-presidente-do-fed-campos-neto-e-numeros-da-economia-brasileira-ficam-no-radar\/#primaryimage"},"thumbnailUrl":"https:\/\/thefortune.one\/wp-content\/uploads\/2023\/10\/pala.jpeg","datePublished":"2023-10-02T12:57:49+00:00","description":"Somos especialistas em gest\u00e3o patrimonial, op\u00e7\u00f5es de investimentos para diversos perfis, nosso diferencial \u00e9 comprovado com resultados.","breadcrumb":{"@id":"https:\/\/thefortune.one\/pt\/mercado-hoje-presidente-do-fed-campos-neto-e-numeros-da-economia-brasileira-ficam-no-radar\/#breadcrumb"},"inLanguage":"pt-BR","potentialAction":[{"@type":"ReadAction","target":["https:\/\/thefortune.one\/pt\/mercado-hoje-presidente-do-fed-campos-neto-e-numeros-da-economia-brasileira-ficam-no-radar\/"]}]},{"@type":"ImageObject","inLanguage":"pt-BR","@id":"https:\/\/thefortune.one\/pt\/mercado-hoje-presidente-do-fed-campos-neto-e-numeros-da-economia-brasileira-ficam-no-radar\/#primaryimage","url":"https:\/\/thefortune.one\/wp-content\/uploads\/2023\/10\/pala.jpeg","contentUrl":"https:\/\/thefortune.one\/wp-content\/uploads\/2023\/10\/pala.jpeg","width":699,"height":499},{"@type":"BreadcrumbList","@id":"https:\/\/thefortune.one\/pt\/mercado-hoje-presidente-do-fed-campos-neto-e-numeros-da-economia-brasileira-ficam-no-radar\/#breadcrumb","itemListElement":[{"@type":"ListItem","position":1,"name":"In\u00edcio","item":"https:\/\/thefortune.one\/pt\/"},{"@type":"ListItem","position":2,"name":"Mercado hoje: presidente do Fed, Campos Neto e n\u00fameros da economia brasileira ficam no radar"}]},{"@type":"WebSite","@id":"https:\/\/thefortune.one\/pt\/#website","url":"https:\/\/thefortune.one\/pt\/","name":"The Fortune.one","description":"Gestora de Recursos Especializada em Private Equity","publisher":{"@id":"https:\/\/thefortune.one\/pt\/#organization"},"potentialAction":[{"@type":"SearchAction","target":{"@type":"EntryPoint","urlTemplate":"https:\/\/thefortune.one\/pt\/?s={search_term_string}"},"query-input":{"@type":"PropertyValueSpecification","valueRequired":true,"valueName":"search_term_string"}}],"inLanguage":"pt-BR"},{"@type":"Organization","@id":"https:\/\/thefortune.one\/pt\/#organization","name":"The Fortune One","url":"https:\/\/thefortune.one\/pt\/","logo":{"@type":"ImageObject","inLanguage":"pt-BR","@id":"https:\/\/thefortune.one\/pt\/#\/schema\/logo\/image\/","url":"https:\/\/thefortune.one\/wp-content\/uploads\/2022\/11\/cropped-cropped-1651682701199-1.jpg","contentUrl":"https:\/\/thefortune.one\/wp-content\/uploads\/2022\/11\/cropped-cropped-1651682701199-1.jpg","width":369,"height":421,"caption":"The Fortune One"},"image":{"@id":"https:\/\/thefortune.one\/pt\/#\/schema\/logo\/image\/"}},{"@type":"Person","@id":"https:\/\/thefortune.one\/pt\/#\/schema\/person\/6cd8fe72a627d36caabf41815984a16f","name":"bianca","image":{"@type":"ImageObject","inLanguage":"pt-BR","@id":"https:\/\/secure.gravatar.com\/avatar\/66cd7b00d93410555e00d1e6a911a86de0cd0cfa4f83a2f8b47eddc2968c98af?s=96&d=mm&r=g","url":"https:\/\/secure.gravatar.com\/avatar\/66cd7b00d93410555e00d1e6a911a86de0cd0cfa4f83a2f8b47eddc2968c98af?s=96&d=mm&r=g","contentUrl":"https:\/\/secure.gravatar.com\/avatar\/66cd7b00d93410555e00d1e6a911a86de0cd0cfa4f83a2f8b47eddc2968c98af?s=96&d=mm&r=g","caption":"bianca"},"url":"https:\/\/thefortune.one\/pt\/author\/bianca\/"}]}},"_links":{"self":[{"href":"https:\/\/thefortune.one\/pt\/wp-json\/wp\/v2\/posts\/4199","targetHints":{"allow":["GET"]}}],"collection":[{"href":"https:\/\/thefortune.one\/pt\/wp-json\/wp\/v2\/posts"}],"about":[{"href":"https:\/\/thefortune.one\/pt\/wp-json\/wp\/v2\/types\/post"}],"author":[{"embeddable":true,"href":"https:\/\/thefortune.one\/pt\/wp-json\/wp\/v2\/users\/3"}],"replies":[{"embeddable":true,"href":"https:\/\/thefortune.one\/pt\/wp-json\/wp\/v2\/comments?post=4199"}],"version-history":[{"count":1,"href":"https:\/\/thefortune.one\/pt\/wp-json\/wp\/v2\/posts\/4199\/revisions"}],"predecessor-version":[{"id":4201,"href":"https:\/\/thefortune.one\/pt\/wp-json\/wp\/v2\/posts\/4199\/revisions\/4201"}],"wp:featuredmedia":[{"embeddable":true,"href":"https:\/\/thefortune.one\/pt\/wp-json\/wp\/v2\/media\/4200"}],"wp:attachment":[{"href":"https:\/\/thefortune.one\/pt\/wp-json\/wp\/v2\/media?parent=4199"}],"wp:term":[{"taxonomy":"category","embeddable":true,"href":"https:\/\/thefortune.one\/pt\/wp-json\/wp\/v2\/categories?post=4199"},{"taxonomy":"post_tag","embeddable":true,"href":"https:\/\/thefortune.one\/pt\/wp-json\/wp\/v2\/tags?post=4199"}],"curies":[{"name":"wp","href":"https:\/\/api.w.org\/{rel}","templated":true}]}}