{"id":4150,"date":"2023-09-18T12:45:53","date_gmt":"2023-09-18T12:45:53","guid":{"rendered":"https:\/\/thefortune.one\/?p=4150"},"modified":"2023-09-18T12:45:53","modified_gmt":"2023-09-18T12:45:53","slug":"copom-deve-cortar-selic-em-05-p-p-e-sinalizar-manutencao-do-ritmo-diz-goldman-sachs","status":"publish","type":"post","link":"https:\/\/thefortune.one\/pt\/copom-deve-cortar-selic-em-05-p-p-e-sinalizar-manutencao-do-ritmo-diz-goldman-sachs\/","title":{"rendered":"Copom deve cortar Selic em 0,5 p.p. e sinalizar manuten\u00e7\u00e3o do ritmo, diz Goldman Sachs"},"content":{"rendered":"<p>Para o banco, colegiado deve sinalizar que manter\u00e1 esse ritmo ao menos at\u00e9 a reuni\u00e3o seguinte<\/p>\n\n\n\n<p><a href=\"https:\/\/inteligenciafinanceira.com.br\/#whatsapp\" rel=\"noreferrer noopener\" target=\"_blank\"><\/a><a href=\"https:\/\/inteligenciafinanceira.com.br\/#linkedin\" rel=\"noreferrer noopener\" target=\"_blank\"><\/a><a href=\"https:\/\/inteligenciafinanceira.com.br\/#telegram\" rel=\"noreferrer noopener\" target=\"_blank\"><\/a><a href=\"https:\/\/inteligenciafinanceira.com.br\/#twitter\" rel=\"noreferrer noopener\" target=\"_blank\"><\/a><a href=\"https:\/\/inteligenciafinanceira.com.br\/#facebook\" rel=\"noreferrer noopener\" target=\"_blank\"><\/a><a href=\"https:\/\/inteligenciafinanceira.com.br\/#email\" rel=\"noreferrer noopener\" target=\"_blank\"><\/a><a href=\"https:\/\/inteligenciafinanceira.com.br\/saiba\/economia\/copom-deve-cortar-selic-em-05-p-p-e-sinalizar-manutencao-do-ritmo-diz-goldman-sachs\/#copy_link\"><\/a><\/p>\n\n\n\n<figure class=\"wp-block-image\"><img decoding=\"async\" src=\"https:\/\/inteligenciafinanceira.com.br\/wp-content\/uploads\/2023\/04\/fachada-banco-central-brasil.jpg?w=833&amp;h=469&amp;crop=1\" alt=\"Copom deve cortar Selic em 0,5 p.p. e sinalizar manuten\u00e7\u00e3o do ritmo, diz Goldman Sachs\" \/><figcaption class=\"wp-element-caption\">Fachada da sede do Banco Central em Bras\u00edlia (DF). Foto: Marcello Casal Jr\/Ag\u00eancia Brasil<\/figcaption><\/figure>\n\n\n\n<p>O Comit\u00ea de Pol\u00edtica Monet\u00e1ria (Copom) do Banco Central deve reduzir a\u00a0<a href=\"https:\/\/inteligenciafinanceira.com.br\/glossario\/taxa-selic\/\">taxa Selic <\/a>\u00a0em 0,5 ponto porcentual na pr\u00f3xima quarta-feira, segundo o Goldman Sachs.<\/p>\n\n\n\n<p>Para o banco americano, o colegiado deve sinalizar que manter\u00e1 esse ritmo de cortes ao menos na reuni\u00e3o seguinte, em 1\u00ba de novembro.<\/p>\n\n\n\n<p>\u201cEsperamos que o Copom mantenha uma barra relativamente alta para acelerar o ritmo de cortes no curt\u00edssimo prazo\u201d, afirma o diretor de pesquisa macroecon\u00f4mica para Am\u00e9rica Latina do Goldman Sachs, Alberto Ramos.<\/p>\n\n\n\n<p>O economista lembra que as expectativas de infla\u00e7\u00e3o acima das metas, o crescimento resiliente da economia e o mercado de trabalho apertado ainda exigem \u201cprud\u00eancia\u201d do BC na calibragem da pol\u00edtica monet\u00e1ria. Tamb\u00e9m pesam contra uma acelera\u00e7\u00e3o do ciclo o aumento do risco fiscal e os riscos altistas para o IPCA via alimentos e combust\u00edveis.<\/p>\n\n\n\n<p>Para o banco americano, as proje\u00e7\u00f5es de infla\u00e7\u00e3o do Copom no cen\u00e1rio de refer\u00eancia devem avan\u00e7ar para o fim de 2024 (3,4% para 3,5%) e para o fim de 2025 (3% para 3,1%), considerando a deprecia\u00e7\u00e3o do real, o aumento dos pre\u00e7os de petr\u00f3leo e a redu\u00e7\u00e3o da trajet\u00f3ria de taxa&nbsp;<a href=\"https:\/\/inteligenciafinanceira.com.br\/glossario\/taxa-selic\/\">Selic <\/a>&nbsp;embutida no relat\u00f3rio Focus.<\/p>\n\n\n\n<p>\u201cEssas proje\u00e7\u00f5es e o balan\u00e7o de riscos geral para a infla\u00e7\u00e3o ser\u00e3o a chave para calibrar a trajet\u00f3ria da Selic, em particular a taxa terminal e o espa\u00e7o para acelera\u00e7\u00e3o do ciclo de afrouxamento at\u00e9 o fim de 2023\u201d, afirma o economista. \u201cNa ata, vamos procurar a discuss\u00e3o sobre o hiato do produto, dada a recente din\u00e2mica s\u00f3lida de crescimento.\u201d<\/p>\n\n\n\n<h2 class=\"wp-block-heading\" id=\"h-posicao-de-banco-britanico\">Posi\u00e7\u00e3o de banco brit\u00e2nico<\/h2>\n\n\n\n<p>O Copom deve seguir o plano de voo divulgado na sua \u00faltima reuni\u00e3o e reduzir a taxa Selic de 13,25% para 12,75% na quarta-feira, afirma o Barclays. O banco brit\u00e2nico espera manuten\u00e7\u00e3o do ritmo de quedas em 0,5 ponto porcentual por reuni\u00e3o, mas reconhece que uma acelera\u00e7\u00e3o \u00e9 poss\u00edvel.<\/p>\n\n\n\n<p>\u201cEsperamos que o BC corte a Selic em passos de 0,5 ponto porcentual no futuro pr\u00f3ximo, mas n\u00e3o podemos descartar a possibilidade de cortes maiores mais adiante no ciclo, \u00e0 medida que o horizonte relevante da pol\u00edtica monet\u00e1ria gradualmente muda para 2025\u201d, afirma o economista para Brasil do Barclays, Roberto Secemski, em relat\u00f3rio.<\/p>\n\n\n\n<p>Na semana que vem, o analista espera poucas mudan\u00e7as no comunicado do Copom. Secemski destaca que, desde a \u00faltima decis\u00e3o de pol\u00edtica monet\u00e1ria, em agosto, as expectativas de IPCA de longo prazo continuaram em 3,5% \u2013 0,5 ponto porcentual acima do centro da meta, de 3% -, o PIB do segundo trimestre cresceu mais do que o esperado e a infla\u00e7\u00e3o de servi\u00e7os n\u00e3o desacelerou substancialmente.<\/p>\n\n\n\n<p>O Barclays espera redu\u00e7\u00e3o da taxa Selic a 11,75% no fim de 2023 e a 9,5% no t\u00e9rmino do ciclo de cortes, que deve ocorrer em meados de 2024.<\/p>\n\n\n\n<p>Fonte:https:\/\/inteligenciafinanceira.com.br\/saiba\/economia\/copom-deve-cortar-selic-em-05-p-p-e-sinalizar-manutencao-do-ritmo-diz-goldman-sachs\/<\/p>","protected":false},"excerpt":{"rendered":"<p>Para o banco, colegiado deve sinalizar que manter\u00e1 esse ritmo ao menos at\u00e9 a reuni\u00e3o seguinte O Comit\u00ea de Pol\u00edtica Monet\u00e1ria (Copom) do Banco Central deve reduzir a\u00a0taxa Selic \u00a0em 0,5 ponto porcentual na pr\u00f3xima quarta-feira, segundo o Goldman Sachs. Para o banco americano, o colegiado deve sinalizar que manter\u00e1 esse ritmo de cortes ao [&hellip;]<\/p>\n","protected":false},"author":3,"featured_media":4151,"comment_status":"open","ping_status":"open","sticky":false,"template":"","format":"standard","meta":{"_joinchat":[],"footnotes":""},"categories":[1],"tags":[],"class_list":["post-4150","post","type-post","status-publish","format-standard","has-post-thumbnail","hentry","category-the-fortune-one"],"yoast_head":"<!-- This site is optimized with the Yoast SEO plugin v27.5 - https:\/\/yoast.com\/product\/yoast-seo-wordpress\/ -->\n<title>Copom deve cortar Selic em 0,5 p.p. e sinalizar manuten\u00e7\u00e3o do ritmo, diz Goldman Sachs - The Fortune.one<\/title>\n<meta name=\"description\" content=\"Somos especialistas em gest\u00e3o patrimonial, op\u00e7\u00f5es de investimentos para diversos perfis, nosso diferencial \u00e9 comprovado com resultados.\" \/>\n<meta name=\"robots\" content=\"index, follow, max-snippet:-1, max-image-preview:large, max-video-preview:-1\" \/>\n<link rel=\"canonical\" href=\"https:\/\/thefortune.one\/pt\/copom-deve-cortar-selic-em-05-p-p-e-sinalizar-manutencao-do-ritmo-diz-goldman-sachs\/\" \/>\n<meta property=\"og:locale\" content=\"pt_BR\" \/>\n<meta property=\"og:type\" content=\"article\" \/>\n<meta property=\"og:title\" content=\"Copom deve cortar Selic em 0,5 p.p. e sinalizar manuten\u00e7\u00e3o do ritmo, diz Goldman Sachs - The Fortune.one\" \/>\n<meta property=\"og:description\" content=\"Somos especialistas em gest\u00e3o patrimonial, op\u00e7\u00f5es de investimentos para diversos perfis, nosso diferencial \u00e9 comprovado com resultados.\" \/>\n<meta property=\"og:url\" content=\"https:\/\/thefortune.one\/pt\/copom-deve-cortar-selic-em-05-p-p-e-sinalizar-manutencao-do-ritmo-diz-goldman-sachs\/\" \/>\n<meta property=\"og:site_name\" content=\"The Fortune.one\" \/>\n<meta property=\"article:published_time\" content=\"2023-09-18T12:45:53+00:00\" \/>\n<meta property=\"og:image\" content=\"https:\/\/thefortune.one\/wp-content\/uploads\/2023\/09\/bra.jpg\" \/>\n\t<meta property=\"og:image:width\" content=\"833\" \/>\n\t<meta property=\"og:image:height\" content=\"469\" \/>\n\t<meta property=\"og:image:type\" content=\"image\/jpeg\" \/>\n<meta name=\"author\" content=\"bianca\" \/>\n<meta name=\"twitter:card\" content=\"summary_large_image\" \/>\n<meta name=\"twitter:label1\" content=\"Escrito por\" \/>\n\t<meta name=\"twitter:data1\" content=\"bianca\" \/>\n\t<meta name=\"twitter:label2\" content=\"Est. tempo de leitura\" \/>\n\t<meta name=\"twitter:data2\" content=\"3 minutos\" \/>\n<script type=\"application\/ld+json\" class=\"yoast-schema-graph\">{\"@context\":\"https:\\\/\\\/schema.org\",\"@graph\":[{\"@type\":\"Article\",\"@id\":\"https:\\\/\\\/thefortune.one\\\/pt\\\/copom-deve-cortar-selic-em-05-p-p-e-sinalizar-manutencao-do-ritmo-diz-goldman-sachs\\\/#article\",\"isPartOf\":{\"@id\":\"https:\\\/\\\/thefortune.one\\\/pt\\\/copom-deve-cortar-selic-em-05-p-p-e-sinalizar-manutencao-do-ritmo-diz-goldman-sachs\\\/\"},\"author\":{\"name\":\"bianca\",\"@id\":\"https:\\\/\\\/thefortune.one\\\/pt\\\/#\\\/schema\\\/person\\\/6cd8fe72a627d36caabf41815984a16f\"},\"headline\":\"Copom deve cortar Selic em 0,5 p.p. e sinalizar manuten\u00e7\u00e3o do ritmo, diz Goldman Sachs\",\"datePublished\":\"2023-09-18T12:45:53+00:00\",\"mainEntityOfPage\":{\"@id\":\"https:\\\/\\\/thefortune.one\\\/pt\\\/copom-deve-cortar-selic-em-05-p-p-e-sinalizar-manutencao-do-ritmo-diz-goldman-sachs\\\/\"},\"wordCount\":546,\"commentCount\":0,\"publisher\":{\"@id\":\"https:\\\/\\\/thefortune.one\\\/pt\\\/#organization\"},\"image\":{\"@id\":\"https:\\\/\\\/thefortune.one\\\/pt\\\/copom-deve-cortar-selic-em-05-p-p-e-sinalizar-manutencao-do-ritmo-diz-goldman-sachs\\\/#primaryimage\"},\"thumbnailUrl\":\"https:\\\/\\\/thefortune.one\\\/wp-content\\\/uploads\\\/2023\\\/09\\\/bra.jpg\",\"articleSection\":[\"The Fortune.one\"],\"inLanguage\":\"pt-BR\",\"potentialAction\":[{\"@type\":\"CommentAction\",\"name\":\"Comment\",\"target\":[\"https:\\\/\\\/thefortune.one\\\/pt\\\/copom-deve-cortar-selic-em-05-p-p-e-sinalizar-manutencao-do-ritmo-diz-goldman-sachs\\\/#respond\"]}]},{\"@type\":\"WebPage\",\"@id\":\"https:\\\/\\\/thefortune.one\\\/pt\\\/copom-deve-cortar-selic-em-05-p-p-e-sinalizar-manutencao-do-ritmo-diz-goldman-sachs\\\/\",\"url\":\"https:\\\/\\\/thefortune.one\\\/pt\\\/copom-deve-cortar-selic-em-05-p-p-e-sinalizar-manutencao-do-ritmo-diz-goldman-sachs\\\/\",\"name\":\"Copom deve cortar Selic em 0,5 p.p. e sinalizar manuten\u00e7\u00e3o do ritmo, diz Goldman Sachs - The Fortune.one\",\"isPartOf\":{\"@id\":\"https:\\\/\\\/thefortune.one\\\/pt\\\/#website\"},\"primaryImageOfPage\":{\"@id\":\"https:\\\/\\\/thefortune.one\\\/pt\\\/copom-deve-cortar-selic-em-05-p-p-e-sinalizar-manutencao-do-ritmo-diz-goldman-sachs\\\/#primaryimage\"},\"image\":{\"@id\":\"https:\\\/\\\/thefortune.one\\\/pt\\\/copom-deve-cortar-selic-em-05-p-p-e-sinalizar-manutencao-do-ritmo-diz-goldman-sachs\\\/#primaryimage\"},\"thumbnailUrl\":\"https:\\\/\\\/thefortune.one\\\/wp-content\\\/uploads\\\/2023\\\/09\\\/bra.jpg\",\"datePublished\":\"2023-09-18T12:45:53+00:00\",\"description\":\"Somos especialistas em gest\u00e3o patrimonial, op\u00e7\u00f5es de investimentos para diversos perfis, nosso diferencial \u00e9 comprovado com resultados.\",\"breadcrumb\":{\"@id\":\"https:\\\/\\\/thefortune.one\\\/pt\\\/copom-deve-cortar-selic-em-05-p-p-e-sinalizar-manutencao-do-ritmo-diz-goldman-sachs\\\/#breadcrumb\"},\"inLanguage\":\"pt-BR\",\"potentialAction\":[{\"@type\":\"ReadAction\",\"target\":[\"https:\\\/\\\/thefortune.one\\\/pt\\\/copom-deve-cortar-selic-em-05-p-p-e-sinalizar-manutencao-do-ritmo-diz-goldman-sachs\\\/\"]}]},{\"@type\":\"ImageObject\",\"inLanguage\":\"pt-BR\",\"@id\":\"https:\\\/\\\/thefortune.one\\\/pt\\\/copom-deve-cortar-selic-em-05-p-p-e-sinalizar-manutencao-do-ritmo-diz-goldman-sachs\\\/#primaryimage\",\"url\":\"https:\\\/\\\/thefortune.one\\\/wp-content\\\/uploads\\\/2023\\\/09\\\/bra.jpg\",\"contentUrl\":\"https:\\\/\\\/thefortune.one\\\/wp-content\\\/uploads\\\/2023\\\/09\\\/bra.jpg\",\"width\":833,\"height\":469},{\"@type\":\"BreadcrumbList\",\"@id\":\"https:\\\/\\\/thefortune.one\\\/pt\\\/copom-deve-cortar-selic-em-05-p-p-e-sinalizar-manutencao-do-ritmo-diz-goldman-sachs\\\/#breadcrumb\",\"itemListElement\":[{\"@type\":\"ListItem\",\"position\":1,\"name\":\"In\u00edcio\",\"item\":\"https:\\\/\\\/thefortune.one\\\/pt\\\/\"},{\"@type\":\"ListItem\",\"position\":2,\"name\":\"Copom deve cortar Selic em 0,5 p.p. e sinalizar manuten\u00e7\u00e3o do ritmo, diz Goldman Sachs\"}]},{\"@type\":\"WebSite\",\"@id\":\"https:\\\/\\\/thefortune.one\\\/pt\\\/#website\",\"url\":\"https:\\\/\\\/thefortune.one\\\/pt\\\/\",\"name\":\"The Fortune.one\",\"description\":\"Gestora de Recursos Especializada em Private Equity\",\"publisher\":{\"@id\":\"https:\\\/\\\/thefortune.one\\\/pt\\\/#organization\"},\"potentialAction\":[{\"@type\":\"SearchAction\",\"target\":{\"@type\":\"EntryPoint\",\"urlTemplate\":\"https:\\\/\\\/thefortune.one\\\/pt\\\/?s={search_term_string}\"},\"query-input\":{\"@type\":\"PropertyValueSpecification\",\"valueRequired\":true,\"valueName\":\"search_term_string\"}}],\"inLanguage\":\"pt-BR\"},{\"@type\":\"Organization\",\"@id\":\"https:\\\/\\\/thefortune.one\\\/pt\\\/#organization\",\"name\":\"The Fortune One\",\"url\":\"https:\\\/\\\/thefortune.one\\\/pt\\\/\",\"logo\":{\"@type\":\"ImageObject\",\"inLanguage\":\"pt-BR\",\"@id\":\"https:\\\/\\\/thefortune.one\\\/pt\\\/#\\\/schema\\\/logo\\\/image\\\/\",\"url\":\"https:\\\/\\\/thefortune.one\\\/wp-content\\\/uploads\\\/2022\\\/11\\\/cropped-cropped-1651682701199-1.jpg\",\"contentUrl\":\"https:\\\/\\\/thefortune.one\\\/wp-content\\\/uploads\\\/2022\\\/11\\\/cropped-cropped-1651682701199-1.jpg\",\"width\":369,\"height\":421,\"caption\":\"The Fortune One\"},\"image\":{\"@id\":\"https:\\\/\\\/thefortune.one\\\/pt\\\/#\\\/schema\\\/logo\\\/image\\\/\"}},{\"@type\":\"Person\",\"@id\":\"https:\\\/\\\/thefortune.one\\\/pt\\\/#\\\/schema\\\/person\\\/6cd8fe72a627d36caabf41815984a16f\",\"name\":\"bianca\",\"image\":{\"@type\":\"ImageObject\",\"inLanguage\":\"pt-BR\",\"@id\":\"https:\\\/\\\/secure.gravatar.com\\\/avatar\\\/66cd7b00d93410555e00d1e6a911a86de0cd0cfa4f83a2f8b47eddc2968c98af?s=96&d=mm&r=g\",\"url\":\"https:\\\/\\\/secure.gravatar.com\\\/avatar\\\/66cd7b00d93410555e00d1e6a911a86de0cd0cfa4f83a2f8b47eddc2968c98af?s=96&d=mm&r=g\",\"contentUrl\":\"https:\\\/\\\/secure.gravatar.com\\\/avatar\\\/66cd7b00d93410555e00d1e6a911a86de0cd0cfa4f83a2f8b47eddc2968c98af?s=96&d=mm&r=g\",\"caption\":\"bianca\"},\"url\":\"https:\\\/\\\/thefortune.one\\\/pt\\\/author\\\/bianca\\\/\"}]}<\/script>\n<!-- \/ Yoast SEO plugin. -->","yoast_head_json":{"title":"Copom deve cortar Selic em 0,5 p.p. e sinalizar manuten\u00e7\u00e3o do ritmo, diz Goldman Sachs - The Fortune.one","description":"Somos especialistas em gest\u00e3o patrimonial, op\u00e7\u00f5es de investimentos para diversos perfis, nosso diferencial \u00e9 comprovado com resultados.","robots":{"index":"index","follow":"follow","max-snippet":"max-snippet:-1","max-image-preview":"max-image-preview:large","max-video-preview":"max-video-preview:-1"},"canonical":"https:\/\/thefortune.one\/pt\/copom-deve-cortar-selic-em-05-p-p-e-sinalizar-manutencao-do-ritmo-diz-goldman-sachs\/","og_locale":"pt_BR","og_type":"article","og_title":"Copom deve cortar Selic em 0,5 p.p. e sinalizar manuten\u00e7\u00e3o do ritmo, diz Goldman Sachs - The Fortune.one","og_description":"Somos especialistas em gest\u00e3o patrimonial, op\u00e7\u00f5es de investimentos para diversos perfis, nosso diferencial \u00e9 comprovado com resultados.","og_url":"https:\/\/thefortune.one\/pt\/copom-deve-cortar-selic-em-05-p-p-e-sinalizar-manutencao-do-ritmo-diz-goldman-sachs\/","og_site_name":"The Fortune.one","article_published_time":"2023-09-18T12:45:53+00:00","og_image":[{"width":833,"height":469,"url":"https:\/\/thefortune.one\/wp-content\/uploads\/2023\/09\/bra.jpg","type":"image\/jpeg"}],"author":"bianca","twitter_card":"summary_large_image","twitter_misc":{"Escrito por":"bianca","Est. tempo de leitura":"3 minutos"},"schema":{"@context":"https:\/\/schema.org","@graph":[{"@type":"Article","@id":"https:\/\/thefortune.one\/pt\/copom-deve-cortar-selic-em-05-p-p-e-sinalizar-manutencao-do-ritmo-diz-goldman-sachs\/#article","isPartOf":{"@id":"https:\/\/thefortune.one\/pt\/copom-deve-cortar-selic-em-05-p-p-e-sinalizar-manutencao-do-ritmo-diz-goldman-sachs\/"},"author":{"name":"bianca","@id":"https:\/\/thefortune.one\/pt\/#\/schema\/person\/6cd8fe72a627d36caabf41815984a16f"},"headline":"Copom deve cortar Selic em 0,5 p.p. e sinalizar manuten\u00e7\u00e3o do ritmo, diz Goldman Sachs","datePublished":"2023-09-18T12:45:53+00:00","mainEntityOfPage":{"@id":"https:\/\/thefortune.one\/pt\/copom-deve-cortar-selic-em-05-p-p-e-sinalizar-manutencao-do-ritmo-diz-goldman-sachs\/"},"wordCount":546,"commentCount":0,"publisher":{"@id":"https:\/\/thefortune.one\/pt\/#organization"},"image":{"@id":"https:\/\/thefortune.one\/pt\/copom-deve-cortar-selic-em-05-p-p-e-sinalizar-manutencao-do-ritmo-diz-goldman-sachs\/#primaryimage"},"thumbnailUrl":"https:\/\/thefortune.one\/wp-content\/uploads\/2023\/09\/bra.jpg","articleSection":["The Fortune.one"],"inLanguage":"pt-BR","potentialAction":[{"@type":"CommentAction","name":"Comment","target":["https:\/\/thefortune.one\/pt\/copom-deve-cortar-selic-em-05-p-p-e-sinalizar-manutencao-do-ritmo-diz-goldman-sachs\/#respond"]}]},{"@type":"WebPage","@id":"https:\/\/thefortune.one\/pt\/copom-deve-cortar-selic-em-05-p-p-e-sinalizar-manutencao-do-ritmo-diz-goldman-sachs\/","url":"https:\/\/thefortune.one\/pt\/copom-deve-cortar-selic-em-05-p-p-e-sinalizar-manutencao-do-ritmo-diz-goldman-sachs\/","name":"Copom deve cortar Selic em 0,5 p.p. e sinalizar manuten\u00e7\u00e3o do ritmo, diz Goldman Sachs - The Fortune.one","isPartOf":{"@id":"https:\/\/thefortune.one\/pt\/#website"},"primaryImageOfPage":{"@id":"https:\/\/thefortune.one\/pt\/copom-deve-cortar-selic-em-05-p-p-e-sinalizar-manutencao-do-ritmo-diz-goldman-sachs\/#primaryimage"},"image":{"@id":"https:\/\/thefortune.one\/pt\/copom-deve-cortar-selic-em-05-p-p-e-sinalizar-manutencao-do-ritmo-diz-goldman-sachs\/#primaryimage"},"thumbnailUrl":"https:\/\/thefortune.one\/wp-content\/uploads\/2023\/09\/bra.jpg","datePublished":"2023-09-18T12:45:53+00:00","description":"Somos especialistas em gest\u00e3o patrimonial, op\u00e7\u00f5es de investimentos para diversos perfis, nosso diferencial \u00e9 comprovado com resultados.","breadcrumb":{"@id":"https:\/\/thefortune.one\/pt\/copom-deve-cortar-selic-em-05-p-p-e-sinalizar-manutencao-do-ritmo-diz-goldman-sachs\/#breadcrumb"},"inLanguage":"pt-BR","potentialAction":[{"@type":"ReadAction","target":["https:\/\/thefortune.one\/pt\/copom-deve-cortar-selic-em-05-p-p-e-sinalizar-manutencao-do-ritmo-diz-goldman-sachs\/"]}]},{"@type":"ImageObject","inLanguage":"pt-BR","@id":"https:\/\/thefortune.one\/pt\/copom-deve-cortar-selic-em-05-p-p-e-sinalizar-manutencao-do-ritmo-diz-goldman-sachs\/#primaryimage","url":"https:\/\/thefortune.one\/wp-content\/uploads\/2023\/09\/bra.jpg","contentUrl":"https:\/\/thefortune.one\/wp-content\/uploads\/2023\/09\/bra.jpg","width":833,"height":469},{"@type":"BreadcrumbList","@id":"https:\/\/thefortune.one\/pt\/copom-deve-cortar-selic-em-05-p-p-e-sinalizar-manutencao-do-ritmo-diz-goldman-sachs\/#breadcrumb","itemListElement":[{"@type":"ListItem","position":1,"name":"In\u00edcio","item":"https:\/\/thefortune.one\/pt\/"},{"@type":"ListItem","position":2,"name":"Copom deve cortar Selic em 0,5 p.p. e sinalizar manuten\u00e7\u00e3o do ritmo, diz Goldman Sachs"}]},{"@type":"WebSite","@id":"https:\/\/thefortune.one\/pt\/#website","url":"https:\/\/thefortune.one\/pt\/","name":"The Fortune.one","description":"Gestora de Recursos Especializada em Private Equity","publisher":{"@id":"https:\/\/thefortune.one\/pt\/#organization"},"potentialAction":[{"@type":"SearchAction","target":{"@type":"EntryPoint","urlTemplate":"https:\/\/thefortune.one\/pt\/?s={search_term_string}"},"query-input":{"@type":"PropertyValueSpecification","valueRequired":true,"valueName":"search_term_string"}}],"inLanguage":"pt-BR"},{"@type":"Organization","@id":"https:\/\/thefortune.one\/pt\/#organization","name":"The Fortune One","url":"https:\/\/thefortune.one\/pt\/","logo":{"@type":"ImageObject","inLanguage":"pt-BR","@id":"https:\/\/thefortune.one\/pt\/#\/schema\/logo\/image\/","url":"https:\/\/thefortune.one\/wp-content\/uploads\/2022\/11\/cropped-cropped-1651682701199-1.jpg","contentUrl":"https:\/\/thefortune.one\/wp-content\/uploads\/2022\/11\/cropped-cropped-1651682701199-1.jpg","width":369,"height":421,"caption":"The Fortune One"},"image":{"@id":"https:\/\/thefortune.one\/pt\/#\/schema\/logo\/image\/"}},{"@type":"Person","@id":"https:\/\/thefortune.one\/pt\/#\/schema\/person\/6cd8fe72a627d36caabf41815984a16f","name":"bianca","image":{"@type":"ImageObject","inLanguage":"pt-BR","@id":"https:\/\/secure.gravatar.com\/avatar\/66cd7b00d93410555e00d1e6a911a86de0cd0cfa4f83a2f8b47eddc2968c98af?s=96&d=mm&r=g","url":"https:\/\/secure.gravatar.com\/avatar\/66cd7b00d93410555e00d1e6a911a86de0cd0cfa4f83a2f8b47eddc2968c98af?s=96&d=mm&r=g","contentUrl":"https:\/\/secure.gravatar.com\/avatar\/66cd7b00d93410555e00d1e6a911a86de0cd0cfa4f83a2f8b47eddc2968c98af?s=96&d=mm&r=g","caption":"bianca"},"url":"https:\/\/thefortune.one\/pt\/author\/bianca\/"}]}},"_links":{"self":[{"href":"https:\/\/thefortune.one\/pt\/wp-json\/wp\/v2\/posts\/4150","targetHints":{"allow":["GET"]}}],"collection":[{"href":"https:\/\/thefortune.one\/pt\/wp-json\/wp\/v2\/posts"}],"about":[{"href":"https:\/\/thefortune.one\/pt\/wp-json\/wp\/v2\/types\/post"}],"author":[{"embeddable":true,"href":"https:\/\/thefortune.one\/pt\/wp-json\/wp\/v2\/users\/3"}],"replies":[{"embeddable":true,"href":"https:\/\/thefortune.one\/pt\/wp-json\/wp\/v2\/comments?post=4150"}],"version-history":[{"count":1,"href":"https:\/\/thefortune.one\/pt\/wp-json\/wp\/v2\/posts\/4150\/revisions"}],"predecessor-version":[{"id":4152,"href":"https:\/\/thefortune.one\/pt\/wp-json\/wp\/v2\/posts\/4150\/revisions\/4152"}],"wp:featuredmedia":[{"embeddable":true,"href":"https:\/\/thefortune.one\/pt\/wp-json\/wp\/v2\/media\/4151"}],"wp:attachment":[{"href":"https:\/\/thefortune.one\/pt\/wp-json\/wp\/v2\/media?parent=4150"}],"wp:term":[{"taxonomy":"category","embeddable":true,"href":"https:\/\/thefortune.one\/pt\/wp-json\/wp\/v2\/categories?post=4150"},{"taxonomy":"post_tag","embeddable":true,"href":"https:\/\/thefortune.one\/pt\/wp-json\/wp\/v2\/tags?post=4150"}],"curies":[{"name":"wp","href":"https:\/\/api.w.org\/{rel}","templated":true}]}}