{"id":4142,"date":"2023-09-14T12:58:39","date_gmt":"2023-09-14T12:58:39","guid":{"rendered":"https:\/\/thefortune.one\/?p=4142"},"modified":"2023-09-14T12:58:39","modified_gmt":"2023-09-14T12:58:39","slug":"alckmin-diz-crer-que-copom-reduzira-selic-em-050-ponto-e-sinalizara-continuidade-de-cortes","status":"publish","type":"post","link":"https:\/\/thefortune.one\/pt\/alckmin-diz-crer-que-copom-reduzira-selic-em-050-ponto-e-sinalizara-continuidade-de-cortes\/","title":{"rendered":"Alckmin diz crer que Copom reduzir\u00e1 Selic em 0,50 ponto e sinalizar\u00e1 continuidade de cortes"},"content":{"rendered":"<p>Para vice-presidente, n\u00edvel restritivo da taxa Selic inibe investimentos.<a rel=\"noreferrer noopener\" href=\"https:\/\/inteligenciafinanceira.com.br\/#whatsapp\" target=\"_blank\"><\/a><a rel=\"noreferrer noopener\" href=\"https:\/\/inteligenciafinanceira.com.br\/#linkedin\" target=\"_blank\"><\/a><a rel=\"noreferrer noopener\" href=\"https:\/\/inteligenciafinanceira.com.br\/#telegram\" target=\"_blank\"><\/a><a rel=\"noreferrer noopener\" href=\"https:\/\/inteligenciafinanceira.com.br\/#twitter\" target=\"_blank\"><\/a><a rel=\"noreferrer noopener\" href=\"https:\/\/inteligenciafinanceira.com.br\/#facebook\" target=\"_blank\"><\/a><a rel=\"noreferrer noopener\" href=\"https:\/\/inteligenciafinanceira.com.br\/#email\" target=\"_blank\"><\/a><a href=\"https:\/\/inteligenciafinanceira.com.br\/saiba\/economia\/alckmin-diz-crer-que-copom-reduzira-selic-em-050-ponto-e-sinalizara-continuidade-de-cortes\/#copy_link\"><\/a><\/p>\n\n\n\n<figure class=\"wp-block-image\"><img decoding=\"async\" src=\"https:\/\/inteligenciafinanceira.com.br\/wp-content\/uploads\/2023\/08\/geraldo-alckmin-vice-presidente.jpg?w=833&amp;h=469&amp;crop=1\" alt=\"Alckmin diz crer que Copom reduzir\u00e1 Selic em 0,50 ponto e sinalizar\u00e1 continuidade de cortes\" \/><figcaption class=\"wp-element-caption\">Geraldo Alckmin, vice-presidente da Rep\u00fablica e ministro do Desenvolvimento, Ind\u00fastria, Com\u00e9rcio e Servi\u00e7os, em evento. Foto: Marcelo Camargo\/Ag\u00eancia Brasil<\/figcaption><\/figure>\n\n\n\n<p>O vice-presidente da Rep\u00fablica, Geraldo Alckmin, acredita que o Comit\u00ea de Pol\u00edtica Monet\u00e1ria (Copom) do Banco Central vai manter o ritmo de cortes da\u00a0<a href=\"https:\/\/inteligenciafinanceira.com.br\/glossario\/taxa-selic\/\">taxa Selic <\/a>\u00a0na reuni\u00e3o da semana que vem, com mais uma redu\u00e7\u00e3o de 0,50 ponto porcentual (para 12,75% ao ano), e vai sinalizar a continuidade do ciclo de afrouxamento monet\u00e1rio.<\/p>\n\n\n\n<p>\u201cMais do que reduzir meio ponto, indicando que vai (continuar a) cair. Isso \u00e9 fundamental\u201d, afirmou, em&nbsp;<a href=\"https:\/\/inteligenciafinanceira.com.br\/assunto\/entrevista\/\">entrevista<\/a>&nbsp;\u00e0 jornalista Miriam Leit\u00e3o, na&nbsp;<em>GloboNews.<\/em><\/p>\n\n\n\n<p>Alckmin criticou o Banco Central por ter mantido a taxa&nbsp;<a href=\"https:\/\/inteligenciafinanceira.com.br\/glossario\/taxa-selic\/\">Selic <\/a>&nbsp;em 13,75% ao ano durante um ano.<\/p>\n\n\n\n<p>\u201cEm 2020, a infla\u00e7\u00e3o era, que nem hoje, 4%, e os juros eram 2%. Era negativo 2%. E o problema n\u00e3o \u00e9 ter levado a 13,75%, \u00e9 manter um ano a 13,75%. \u00c9 um verdadeiro milagre da economia brasileira conseguir crescer\u201d, disse o vice-presidente.<\/p>\n\n\n\n<p>Para Alckmin, o n\u00edvel restritivo da taxa Selic inibe investimentos. \u201cQuem precisa tomar empr\u00e9stimo, n\u00e3o toma, porque tem dificuldade, e quem poderia investir tamb\u00e9m n\u00e3o investe, \u00e9 desestimulado para ficar na ciranda financeira.<\/p>\n\n\n\n<p>Fonte:https:\/\/inteligenciafinanceira.com.br\/saiba\/economia\/alckmin-diz-crer-que-copom-reduzira-selic-em-050-ponto-e-sinalizara-continuidade-de-cortes\/<\/p>","protected":false},"excerpt":{"rendered":"<p>Para vice-presidente, n\u00edvel restritivo da taxa Selic inibe investimentos. O vice-presidente da Rep\u00fablica, Geraldo Alckmin, acredita que o Comit\u00ea de Pol\u00edtica Monet\u00e1ria (Copom) do Banco Central vai manter o ritmo de cortes da\u00a0taxa Selic \u00a0na reuni\u00e3o da semana que vem, com mais uma redu\u00e7\u00e3o de 0,50 ponto porcentual (para 12,75% ao ano), e vai sinalizar [&hellip;]<\/p>\n","protected":false},"author":3,"featured_media":4143,"comment_status":"open","ping_status":"open","sticky":false,"template":"","format":"standard","meta":{"_joinchat":[],"footnotes":""},"categories":[1],"tags":[],"class_list":["post-4142","post","type-post","status-publish","format-standard","has-post-thumbnail","hentry","category-the-fortune-one"],"yoast_head":"<!-- This site is optimized with the Yoast SEO plugin v27.5 - https:\/\/yoast.com\/product\/yoast-seo-wordpress\/ -->\n<title>Alckmin diz crer que Copom reduzir\u00e1 Selic em 0,50 ponto e sinalizar\u00e1 continuidade de cortes - The Fortune.one<\/title>\n<meta name=\"description\" content=\"Somos especialistas em gest\u00e3o patrimonial, op\u00e7\u00f5es de investimentos para diversos perfis, nosso diferencial \u00e9 comprovado com resultados.\" \/>\n<meta name=\"robots\" content=\"index, follow, max-snippet:-1, max-image-preview:large, max-video-preview:-1\" \/>\n<link rel=\"canonical\" href=\"https:\/\/thefortune.one\/pt\/alckmin-diz-crer-que-copom-reduzira-selic-em-050-ponto-e-sinalizara-continuidade-de-cortes\/\" \/>\n<meta property=\"og:locale\" content=\"pt_BR\" \/>\n<meta property=\"og:type\" content=\"article\" \/>\n<meta property=\"og:title\" content=\"Alckmin diz crer que Copom reduzir\u00e1 Selic em 0,50 ponto e sinalizar\u00e1 continuidade de cortes - The Fortune.one\" \/>\n<meta property=\"og:description\" content=\"Somos especialistas em gest\u00e3o patrimonial, op\u00e7\u00f5es de investimentos para diversos perfis, nosso diferencial \u00e9 comprovado com resultados.\" \/>\n<meta property=\"og:url\" content=\"https:\/\/thefortune.one\/pt\/alckmin-diz-crer-que-copom-reduzira-selic-em-050-ponto-e-sinalizara-continuidade-de-cortes\/\" \/>\n<meta property=\"og:site_name\" content=\"The Fortune.one\" \/>\n<meta property=\"article:published_time\" content=\"2023-09-14T12:58:39+00:00\" \/>\n<meta property=\"og:image\" content=\"https:\/\/thefortune.one\/wp-content\/uploads\/2023\/09\/alkiman.jpg\" \/>\n\t<meta property=\"og:image:width\" content=\"833\" \/>\n\t<meta property=\"og:image:height\" content=\"469\" \/>\n\t<meta property=\"og:image:type\" content=\"image\/jpeg\" \/>\n<meta name=\"author\" content=\"bianca\" \/>\n<meta name=\"twitter:card\" content=\"summary_large_image\" \/>\n<meta name=\"twitter:label1\" content=\"Escrito por\" \/>\n\t<meta name=\"twitter:data1\" content=\"bianca\" \/>\n\t<meta name=\"twitter:label2\" content=\"Est. tempo de leitura\" \/>\n\t<meta name=\"twitter:data2\" content=\"1 minuto\" \/>\n<script type=\"application\/ld+json\" class=\"yoast-schema-graph\">{\"@context\":\"https:\\\/\\\/schema.org\",\"@graph\":[{\"@type\":\"Article\",\"@id\":\"https:\\\/\\\/thefortune.one\\\/pt\\\/alckmin-diz-crer-que-copom-reduzira-selic-em-050-ponto-e-sinalizara-continuidade-de-cortes\\\/#article\",\"isPartOf\":{\"@id\":\"https:\\\/\\\/thefortune.one\\\/pt\\\/alckmin-diz-crer-que-copom-reduzira-selic-em-050-ponto-e-sinalizara-continuidade-de-cortes\\\/\"},\"author\":{\"name\":\"bianca\",\"@id\":\"https:\\\/\\\/thefortune.one\\\/pt\\\/#\\\/schema\\\/person\\\/6cd8fe72a627d36caabf41815984a16f\"},\"headline\":\"Alckmin diz crer que Copom reduzir\u00e1 Selic em 0,50 ponto e sinalizar\u00e1 continuidade de cortes\",\"datePublished\":\"2023-09-14T12:58:39+00:00\",\"mainEntityOfPage\":{\"@id\":\"https:\\\/\\\/thefortune.one\\\/pt\\\/alckmin-diz-crer-que-copom-reduzira-selic-em-050-ponto-e-sinalizara-continuidade-de-cortes\\\/\"},\"wordCount\":235,\"commentCount\":0,\"publisher\":{\"@id\":\"https:\\\/\\\/thefortune.one\\\/pt\\\/#organization\"},\"image\":{\"@id\":\"https:\\\/\\\/thefortune.one\\\/pt\\\/alckmin-diz-crer-que-copom-reduzira-selic-em-050-ponto-e-sinalizara-continuidade-de-cortes\\\/#primaryimage\"},\"thumbnailUrl\":\"https:\\\/\\\/thefortune.one\\\/wp-content\\\/uploads\\\/2023\\\/09\\\/alkiman.jpg\",\"articleSection\":[\"The Fortune.one\"],\"inLanguage\":\"pt-BR\",\"potentialAction\":[{\"@type\":\"CommentAction\",\"name\":\"Comment\",\"target\":[\"https:\\\/\\\/thefortune.one\\\/pt\\\/alckmin-diz-crer-que-copom-reduzira-selic-em-050-ponto-e-sinalizara-continuidade-de-cortes\\\/#respond\"]}]},{\"@type\":\"WebPage\",\"@id\":\"https:\\\/\\\/thefortune.one\\\/pt\\\/alckmin-diz-crer-que-copom-reduzira-selic-em-050-ponto-e-sinalizara-continuidade-de-cortes\\\/\",\"url\":\"https:\\\/\\\/thefortune.one\\\/pt\\\/alckmin-diz-crer-que-copom-reduzira-selic-em-050-ponto-e-sinalizara-continuidade-de-cortes\\\/\",\"name\":\"Alckmin diz crer que Copom reduzir\u00e1 Selic em 0,50 ponto e sinalizar\u00e1 continuidade de cortes - The Fortune.one\",\"isPartOf\":{\"@id\":\"https:\\\/\\\/thefortune.one\\\/pt\\\/#website\"},\"primaryImageOfPage\":{\"@id\":\"https:\\\/\\\/thefortune.one\\\/pt\\\/alckmin-diz-crer-que-copom-reduzira-selic-em-050-ponto-e-sinalizara-continuidade-de-cortes\\\/#primaryimage\"},\"image\":{\"@id\":\"https:\\\/\\\/thefortune.one\\\/pt\\\/alckmin-diz-crer-que-copom-reduzira-selic-em-050-ponto-e-sinalizara-continuidade-de-cortes\\\/#primaryimage\"},\"thumbnailUrl\":\"https:\\\/\\\/thefortune.one\\\/wp-content\\\/uploads\\\/2023\\\/09\\\/alkiman.jpg\",\"datePublished\":\"2023-09-14T12:58:39+00:00\",\"description\":\"Somos especialistas em gest\u00e3o patrimonial, op\u00e7\u00f5es de investimentos para diversos perfis, nosso diferencial \u00e9 comprovado com resultados.\",\"breadcrumb\":{\"@id\":\"https:\\\/\\\/thefortune.one\\\/pt\\\/alckmin-diz-crer-que-copom-reduzira-selic-em-050-ponto-e-sinalizara-continuidade-de-cortes\\\/#breadcrumb\"},\"inLanguage\":\"pt-BR\",\"potentialAction\":[{\"@type\":\"ReadAction\",\"target\":[\"https:\\\/\\\/thefortune.one\\\/pt\\\/alckmin-diz-crer-que-copom-reduzira-selic-em-050-ponto-e-sinalizara-continuidade-de-cortes\\\/\"]}]},{\"@type\":\"ImageObject\",\"inLanguage\":\"pt-BR\",\"@id\":\"https:\\\/\\\/thefortune.one\\\/pt\\\/alckmin-diz-crer-que-copom-reduzira-selic-em-050-ponto-e-sinalizara-continuidade-de-cortes\\\/#primaryimage\",\"url\":\"https:\\\/\\\/thefortune.one\\\/wp-content\\\/uploads\\\/2023\\\/09\\\/alkiman.jpg\",\"contentUrl\":\"https:\\\/\\\/thefortune.one\\\/wp-content\\\/uploads\\\/2023\\\/09\\\/alkiman.jpg\",\"width\":833,\"height\":469},{\"@type\":\"BreadcrumbList\",\"@id\":\"https:\\\/\\\/thefortune.one\\\/pt\\\/alckmin-diz-crer-que-copom-reduzira-selic-em-050-ponto-e-sinalizara-continuidade-de-cortes\\\/#breadcrumb\",\"itemListElement\":[{\"@type\":\"ListItem\",\"position\":1,\"name\":\"In\u00edcio\",\"item\":\"https:\\\/\\\/thefortune.one\\\/pt\\\/\"},{\"@type\":\"ListItem\",\"position\":2,\"name\":\"Alckmin diz crer que Copom reduzir\u00e1 Selic em 0,50 ponto e sinalizar\u00e1 continuidade de cortes\"}]},{\"@type\":\"WebSite\",\"@id\":\"https:\\\/\\\/thefortune.one\\\/pt\\\/#website\",\"url\":\"https:\\\/\\\/thefortune.one\\\/pt\\\/\",\"name\":\"The Fortune.one\",\"description\":\"Gestora de Recursos Especializada em Private Equity\",\"publisher\":{\"@id\":\"https:\\\/\\\/thefortune.one\\\/pt\\\/#organization\"},\"potentialAction\":[{\"@type\":\"SearchAction\",\"target\":{\"@type\":\"EntryPoint\",\"urlTemplate\":\"https:\\\/\\\/thefortune.one\\\/pt\\\/?s={search_term_string}\"},\"query-input\":{\"@type\":\"PropertyValueSpecification\",\"valueRequired\":true,\"valueName\":\"search_term_string\"}}],\"inLanguage\":\"pt-BR\"},{\"@type\":\"Organization\",\"@id\":\"https:\\\/\\\/thefortune.one\\\/pt\\\/#organization\",\"name\":\"The Fortune One\",\"url\":\"https:\\\/\\\/thefortune.one\\\/pt\\\/\",\"logo\":{\"@type\":\"ImageObject\",\"inLanguage\":\"pt-BR\",\"@id\":\"https:\\\/\\\/thefortune.one\\\/pt\\\/#\\\/schema\\\/logo\\\/image\\\/\",\"url\":\"https:\\\/\\\/thefortune.one\\\/wp-content\\\/uploads\\\/2022\\\/11\\\/cropped-cropped-1651682701199-1.jpg\",\"contentUrl\":\"https:\\\/\\\/thefortune.one\\\/wp-content\\\/uploads\\\/2022\\\/11\\\/cropped-cropped-1651682701199-1.jpg\",\"width\":369,\"height\":421,\"caption\":\"The Fortune One\"},\"image\":{\"@id\":\"https:\\\/\\\/thefortune.one\\\/pt\\\/#\\\/schema\\\/logo\\\/image\\\/\"}},{\"@type\":\"Person\",\"@id\":\"https:\\\/\\\/thefortune.one\\\/pt\\\/#\\\/schema\\\/person\\\/6cd8fe72a627d36caabf41815984a16f\",\"name\":\"bianca\",\"image\":{\"@type\":\"ImageObject\",\"inLanguage\":\"pt-BR\",\"@id\":\"https:\\\/\\\/secure.gravatar.com\\\/avatar\\\/66cd7b00d93410555e00d1e6a911a86de0cd0cfa4f83a2f8b47eddc2968c98af?s=96&d=mm&r=g\",\"url\":\"https:\\\/\\\/secure.gravatar.com\\\/avatar\\\/66cd7b00d93410555e00d1e6a911a86de0cd0cfa4f83a2f8b47eddc2968c98af?s=96&d=mm&r=g\",\"contentUrl\":\"https:\\\/\\\/secure.gravatar.com\\\/avatar\\\/66cd7b00d93410555e00d1e6a911a86de0cd0cfa4f83a2f8b47eddc2968c98af?s=96&d=mm&r=g\",\"caption\":\"bianca\"},\"url\":\"https:\\\/\\\/thefortune.one\\\/pt\\\/author\\\/bianca\\\/\"}]}<\/script>\n<!-- \/ Yoast SEO plugin. -->","yoast_head_json":{"title":"Alckmin diz crer que Copom reduzir\u00e1 Selic em 0,50 ponto e sinalizar\u00e1 continuidade de cortes - The Fortune.one","description":"Somos especialistas em gest\u00e3o patrimonial, op\u00e7\u00f5es de investimentos para diversos perfis, nosso diferencial \u00e9 comprovado com resultados.","robots":{"index":"index","follow":"follow","max-snippet":"max-snippet:-1","max-image-preview":"max-image-preview:large","max-video-preview":"max-video-preview:-1"},"canonical":"https:\/\/thefortune.one\/pt\/alckmin-diz-crer-que-copom-reduzira-selic-em-050-ponto-e-sinalizara-continuidade-de-cortes\/","og_locale":"pt_BR","og_type":"article","og_title":"Alckmin diz crer que Copom reduzir\u00e1 Selic em 0,50 ponto e sinalizar\u00e1 continuidade de cortes - The Fortune.one","og_description":"Somos especialistas em gest\u00e3o patrimonial, op\u00e7\u00f5es de investimentos para diversos perfis, nosso diferencial \u00e9 comprovado com resultados.","og_url":"https:\/\/thefortune.one\/pt\/alckmin-diz-crer-que-copom-reduzira-selic-em-050-ponto-e-sinalizara-continuidade-de-cortes\/","og_site_name":"The Fortune.one","article_published_time":"2023-09-14T12:58:39+00:00","og_image":[{"width":833,"height":469,"url":"https:\/\/thefortune.one\/wp-content\/uploads\/2023\/09\/alkiman.jpg","type":"image\/jpeg"}],"author":"bianca","twitter_card":"summary_large_image","twitter_misc":{"Escrito por":"bianca","Est. tempo de leitura":"1 minuto"},"schema":{"@context":"https:\/\/schema.org","@graph":[{"@type":"Article","@id":"https:\/\/thefortune.one\/pt\/alckmin-diz-crer-que-copom-reduzira-selic-em-050-ponto-e-sinalizara-continuidade-de-cortes\/#article","isPartOf":{"@id":"https:\/\/thefortune.one\/pt\/alckmin-diz-crer-que-copom-reduzira-selic-em-050-ponto-e-sinalizara-continuidade-de-cortes\/"},"author":{"name":"bianca","@id":"https:\/\/thefortune.one\/pt\/#\/schema\/person\/6cd8fe72a627d36caabf41815984a16f"},"headline":"Alckmin diz crer que Copom reduzir\u00e1 Selic em 0,50 ponto e sinalizar\u00e1 continuidade de cortes","datePublished":"2023-09-14T12:58:39+00:00","mainEntityOfPage":{"@id":"https:\/\/thefortune.one\/pt\/alckmin-diz-crer-que-copom-reduzira-selic-em-050-ponto-e-sinalizara-continuidade-de-cortes\/"},"wordCount":235,"commentCount":0,"publisher":{"@id":"https:\/\/thefortune.one\/pt\/#organization"},"image":{"@id":"https:\/\/thefortune.one\/pt\/alckmin-diz-crer-que-copom-reduzira-selic-em-050-ponto-e-sinalizara-continuidade-de-cortes\/#primaryimage"},"thumbnailUrl":"https:\/\/thefortune.one\/wp-content\/uploads\/2023\/09\/alkiman.jpg","articleSection":["The Fortune.one"],"inLanguage":"pt-BR","potentialAction":[{"@type":"CommentAction","name":"Comment","target":["https:\/\/thefortune.one\/pt\/alckmin-diz-crer-que-copom-reduzira-selic-em-050-ponto-e-sinalizara-continuidade-de-cortes\/#respond"]}]},{"@type":"WebPage","@id":"https:\/\/thefortune.one\/pt\/alckmin-diz-crer-que-copom-reduzira-selic-em-050-ponto-e-sinalizara-continuidade-de-cortes\/","url":"https:\/\/thefortune.one\/pt\/alckmin-diz-crer-que-copom-reduzira-selic-em-050-ponto-e-sinalizara-continuidade-de-cortes\/","name":"Alckmin diz crer que Copom reduzir\u00e1 Selic em 0,50 ponto e sinalizar\u00e1 continuidade de cortes - The Fortune.one","isPartOf":{"@id":"https:\/\/thefortune.one\/pt\/#website"},"primaryImageOfPage":{"@id":"https:\/\/thefortune.one\/pt\/alckmin-diz-crer-que-copom-reduzira-selic-em-050-ponto-e-sinalizara-continuidade-de-cortes\/#primaryimage"},"image":{"@id":"https:\/\/thefortune.one\/pt\/alckmin-diz-crer-que-copom-reduzira-selic-em-050-ponto-e-sinalizara-continuidade-de-cortes\/#primaryimage"},"thumbnailUrl":"https:\/\/thefortune.one\/wp-content\/uploads\/2023\/09\/alkiman.jpg","datePublished":"2023-09-14T12:58:39+00:00","description":"Somos especialistas em gest\u00e3o patrimonial, op\u00e7\u00f5es de investimentos para diversos perfis, nosso diferencial \u00e9 comprovado com resultados.","breadcrumb":{"@id":"https:\/\/thefortune.one\/pt\/alckmin-diz-crer-que-copom-reduzira-selic-em-050-ponto-e-sinalizara-continuidade-de-cortes\/#breadcrumb"},"inLanguage":"pt-BR","potentialAction":[{"@type":"ReadAction","target":["https:\/\/thefortune.one\/pt\/alckmin-diz-crer-que-copom-reduzira-selic-em-050-ponto-e-sinalizara-continuidade-de-cortes\/"]}]},{"@type":"ImageObject","inLanguage":"pt-BR","@id":"https:\/\/thefortune.one\/pt\/alckmin-diz-crer-que-copom-reduzira-selic-em-050-ponto-e-sinalizara-continuidade-de-cortes\/#primaryimage","url":"https:\/\/thefortune.one\/wp-content\/uploads\/2023\/09\/alkiman.jpg","contentUrl":"https:\/\/thefortune.one\/wp-content\/uploads\/2023\/09\/alkiman.jpg","width":833,"height":469},{"@type":"BreadcrumbList","@id":"https:\/\/thefortune.one\/pt\/alckmin-diz-crer-que-copom-reduzira-selic-em-050-ponto-e-sinalizara-continuidade-de-cortes\/#breadcrumb","itemListElement":[{"@type":"ListItem","position":1,"name":"In\u00edcio","item":"https:\/\/thefortune.one\/pt\/"},{"@type":"ListItem","position":2,"name":"Alckmin diz crer que Copom reduzir\u00e1 Selic em 0,50 ponto e sinalizar\u00e1 continuidade de cortes"}]},{"@type":"WebSite","@id":"https:\/\/thefortune.one\/pt\/#website","url":"https:\/\/thefortune.one\/pt\/","name":"The Fortune.one","description":"Gestora de Recursos Especializada em Private Equity","publisher":{"@id":"https:\/\/thefortune.one\/pt\/#organization"},"potentialAction":[{"@type":"SearchAction","target":{"@type":"EntryPoint","urlTemplate":"https:\/\/thefortune.one\/pt\/?s={search_term_string}"},"query-input":{"@type":"PropertyValueSpecification","valueRequired":true,"valueName":"search_term_string"}}],"inLanguage":"pt-BR"},{"@type":"Organization","@id":"https:\/\/thefortune.one\/pt\/#organization","name":"The Fortune One","url":"https:\/\/thefortune.one\/pt\/","logo":{"@type":"ImageObject","inLanguage":"pt-BR","@id":"https:\/\/thefortune.one\/pt\/#\/schema\/logo\/image\/","url":"https:\/\/thefortune.one\/wp-content\/uploads\/2022\/11\/cropped-cropped-1651682701199-1.jpg","contentUrl":"https:\/\/thefortune.one\/wp-content\/uploads\/2022\/11\/cropped-cropped-1651682701199-1.jpg","width":369,"height":421,"caption":"The Fortune One"},"image":{"@id":"https:\/\/thefortune.one\/pt\/#\/schema\/logo\/image\/"}},{"@type":"Person","@id":"https:\/\/thefortune.one\/pt\/#\/schema\/person\/6cd8fe72a627d36caabf41815984a16f","name":"bianca","image":{"@type":"ImageObject","inLanguage":"pt-BR","@id":"https:\/\/secure.gravatar.com\/avatar\/66cd7b00d93410555e00d1e6a911a86de0cd0cfa4f83a2f8b47eddc2968c98af?s=96&d=mm&r=g","url":"https:\/\/secure.gravatar.com\/avatar\/66cd7b00d93410555e00d1e6a911a86de0cd0cfa4f83a2f8b47eddc2968c98af?s=96&d=mm&r=g","contentUrl":"https:\/\/secure.gravatar.com\/avatar\/66cd7b00d93410555e00d1e6a911a86de0cd0cfa4f83a2f8b47eddc2968c98af?s=96&d=mm&r=g","caption":"bianca"},"url":"https:\/\/thefortune.one\/pt\/author\/bianca\/"}]}},"_links":{"self":[{"href":"https:\/\/thefortune.one\/pt\/wp-json\/wp\/v2\/posts\/4142","targetHints":{"allow":["GET"]}}],"collection":[{"href":"https:\/\/thefortune.one\/pt\/wp-json\/wp\/v2\/posts"}],"about":[{"href":"https:\/\/thefortune.one\/pt\/wp-json\/wp\/v2\/types\/post"}],"author":[{"embeddable":true,"href":"https:\/\/thefortune.one\/pt\/wp-json\/wp\/v2\/users\/3"}],"replies":[{"embeddable":true,"href":"https:\/\/thefortune.one\/pt\/wp-json\/wp\/v2\/comments?post=4142"}],"version-history":[{"count":1,"href":"https:\/\/thefortune.one\/pt\/wp-json\/wp\/v2\/posts\/4142\/revisions"}],"predecessor-version":[{"id":4144,"href":"https:\/\/thefortune.one\/pt\/wp-json\/wp\/v2\/posts\/4142\/revisions\/4144"}],"wp:featuredmedia":[{"embeddable":true,"href":"https:\/\/thefortune.one\/pt\/wp-json\/wp\/v2\/media\/4143"}],"wp:attachment":[{"href":"https:\/\/thefortune.one\/pt\/wp-json\/wp\/v2\/media?parent=4142"}],"wp:term":[{"taxonomy":"category","embeddable":true,"href":"https:\/\/thefortune.one\/pt\/wp-json\/wp\/v2\/categories?post=4142"},{"taxonomy":"post_tag","embeddable":true,"href":"https:\/\/thefortune.one\/pt\/wp-json\/wp\/v2\/tags?post=4142"}],"curies":[{"name":"wp","href":"https:\/\/api.w.org\/{rel}","templated":true}]}}