{"id":4071,"date":"2023-08-23T13:03:02","date_gmt":"2023-08-23T13:03:02","guid":{"rendered":"https:\/\/thefortune.one\/?p=4071"},"modified":"2023-08-23T13:03:02","modified_gmt":"2023-08-23T13:03:02","slug":"campos-neto-reajuste-dos-combustiveis-foi-correto-mas-inflacao-subira-ate-o-fim-do-ano","status":"publish","type":"post","link":"https:\/\/thefortune.one\/pt\/campos-neto-reajuste-dos-combustiveis-foi-correto-mas-inflacao-subira-ate-o-fim-do-ano\/","title":{"rendered":"Campos Neto: reajuste dos combust\u00edveis foi correto, mas infla\u00e7\u00e3o subir\u00e1 at\u00e9 o fim do ano"},"content":{"rendered":"<p>Chefe do Banco Central tamb\u00e9m explicou voto de desempate que resultou no corte de 0,5 ponto da Selic<\/p>\n\n\n\n<figure class=\"wp-block-image\"><img decoding=\"async\" src=\"https:\/\/inteligenciafinanceira.com.br\/wp-content\/uploads\/2023\/04\/52845645583_5880924190_k.jpg?w=833&amp;h=469&amp;crop=1\" alt=\"Foto de Roberto Campos Neto, presidente do Banco Central, falando ao microfone durante audi\u00eancia no Senado. Ele \u00e9 homem, usa terno azul-marinho, camisa branca.\" \/><figcaption class=\"wp-element-caption\">O presidente do Banco Central, Roberto Campos Neto. Foto: Pedro Fran\u00e7a\/Ag\u00eancia Senado<\/figcaption><\/figure>\n\n\n\n<p>O reajuste dos combust\u00edveis foi acertado, disse nesta ter\u00e7a-feira (22) o presidente do Banco Central, Roberto Campos Neto<\/p>\n\n\n\n<p>\u201cO reajuste do pre\u00e7o dos combust\u00edveis pela Petrobras foi uma medida correta\u201d, disse Campos Neto durante palestra na 24\u00aa Confer\u00eancia Anual do Santander.<\/p>\n\n\n\n<p>\u201cMas isso deve fazer a infla\u00e7\u00e3o subir at\u00e9 o final do ano\u201d, acrescentou ele.<\/p>\n\n\n\n<p>Na semana passada, a Petrobras (PETR4) anunciou aumento de R$ 0,41 por litro no seu pre\u00e7o m\u00e9dio de venda de gasolina para as distribuidoras.<\/p>\n\n\n\n<p>A decis\u00e3o veio na esteira de aumento das cota\u00e7\u00f5es internacionais do barril do petr\u00f3leo.<\/p>\n\n\n\n<p>A medida levou v\u00e1rios economistas a elevarem as proje\u00e7\u00f5es da infla\u00e7\u00e3o medida pelo IPCA para 2023.<\/p>\n\n\n\n<p>O epis\u00f3dio aconteceu dias ap\u00f3s o Comit\u00ea de Pol\u00edtica Monet\u00e1ria (Copom) do BC ter iniciado um ciclo de cortes da&nbsp;<a href=\"https:\/\/inteligenciafinanceira.com.br\/glossario\/taxa-selic\/\">Selic <\/a>, reduzindo a taxa de 13,75% para 13,25% ao ano.<\/p>\n\n\n\n<p>O Copom tamb\u00e9m indicou novos cortes da taxa b\u00e1sica nos pr\u00f3ximos meses, considerando um cen\u00e1rio inflacion\u00e1rio melhor.<\/p>\n\n\n\n<h2 class=\"wp-block-heading\" id=\"h-voto-de-minerva\">Voto de Minerva<\/h2>\n\n\n\n<p>Questionado sobre seu voto na \u00faltima reuni\u00e3o do Copom, que desempatou um debate sobre o qual deveria ser a magnitude do corte da Selic, Campos Neto explicou que essa divis\u00e3o j\u00e1 vinha desde o encontro anterior do comit\u00ea, em junho.<\/p>\n\n\n\n<p>Na reuni\u00e3o de junho, o Copom havia decidido por unanimidade manter a Selic em 13,75% ao ano.<\/p>\n\n\n\n<p>Por\u00e9m, parte dos nove diretores do \u00f3rg\u00e3o defendia que o comunicado sobre a decis\u00e3o deixasse em aberto a possibilidade de uma redu\u00e7\u00e3o na reuni\u00e3o seguinte.<\/p>\n\n\n\n<p>No entanto, outros defendiam que a ata que detalha as discuss\u00f5es do encontro n\u00e3o mencionasse a chance de corte da taxa.<\/p>\n\n\n\n<p>De acordo com Campos Neto, entre uma reuni\u00e3o e outra houve uma melhora do cen\u00e1rio de infla\u00e7\u00e3o.<\/p>\n\n\n\n<p>Al\u00e9m disso, havia uma discuss\u00e3o no governo sobre a possibilidade de o Conselho Monet\u00e1rio Nacional (CMN) elevar a meta de infla\u00e7\u00e3o a partir de 2026.<\/p>\n\n\n\n<p>No entanto, o CMN manteve no fim de junho a meta em 3% ao ano.<\/p>\n\n\n\n<p>\u201cA din\u00e2mica da infla\u00e7\u00e3o mudou de uma reuni\u00e3o para outra\u201d, afirmou Campos Neto.<\/p>\n\n\n\n<p>Com isso, os membros do Copom que defenderam a men\u00e7\u00e3o ao corte, ele inclusive, passaram a defender corte da 0,5 ponto da Selic.<\/p>\n\n\n\n<p>Foram cinco votos com esse entendimento. Os outros quatro diretores, que votaram em redu\u00e7\u00e3o de 0,25 ponto, foram vencidos.<\/p>\n\n\n\n<h2 class=\"wp-block-heading\">Rotativo<\/h2>\n\n\n\n<p>No evento, Campos Neto voltou a defender mudan\u00e7as no funcionamento do parcelado sem juros do cart\u00e3o de cr\u00e9dito.<\/p>\n\n\n\n<p>Segundo o presidente do BC, o cart\u00e3o de cr\u00e9dito representa cerca de 40% do consumo no Brasil, mais do que em qualquer pa\u00eds por larga diferen\u00e7a.<\/p>\n\n\n\n<p>E cerca de 1\/3 das compras no cart\u00e3o s\u00e3o feitas por meio do parcelado sem juros, disse.<\/p>\n\n\n\n<p>\u201cSabemos que n\u00e3o existe cr\u00e9dito sem juros, logo essa conta est\u00e1 sendo paga de alguma forma\u201d, disse o chefe da autoridade monet\u00e1ria, comparando a rela\u00e7\u00e3o com a meia entrada do cinema.<\/p>\n\n\n\n<p>Campos negou que tenha defendido o fim da modalidade do parcelado sem juros.<\/p>\n\n\n\n<p>\u201c\u00c9 importante, n\u00e3o pode ter ruptura\u201d, disse ele.<\/p>\n\n\n\n<p>Por\u00e9m, uma das consequ\u00eancias desse modelo \u00e9 que o cr\u00e9dito rotativo tem uma taxa de juros muito alto, o que influencia no n\u00edvel de inadimpl\u00eancia desse produto, ao redor de 50% de inadimpl\u00eancia.<\/p>\n\n\n\n<p>\u201cAinda n\u00e3o tem como dizer qual ser\u00e1 a solu\u00e7\u00e3o, mas n\u00e3o fazer nada talvez possa ser pior\u201d, concluiu.<\/p>\n\n\n\n<p>Fonte:https:\/\/inteligenciafinanceira.com.br\/saiba\/economia\/campos-neto-reajuste-dos-combustiveis-foi-correto-mas-inflacao-subira-ate-o-fim-do-ano\/<\/p>","protected":false},"excerpt":{"rendered":"<p>Chefe do Banco Central tamb\u00e9m explicou voto de desempate que resultou no corte de 0,5 ponto da Selic O reajuste dos combust\u00edveis foi acertado, disse nesta ter\u00e7a-feira (22) o presidente do Banco Central, Roberto Campos Neto \u201cO reajuste do pre\u00e7o dos combust\u00edveis pela Petrobras foi uma medida correta\u201d, disse Campos Neto durante palestra na 24\u00aa [&hellip;]<\/p>\n","protected":false},"author":3,"featured_media":4072,"comment_status":"open","ping_status":"open","sticky":false,"template":"","format":"standard","meta":{"_joinchat":[],"footnotes":""},"categories":[1],"tags":[],"class_list":["post-4071","post","type-post","status-publish","format-standard","has-post-thumbnail","hentry","category-the-fortune-one"],"yoast_head":"<!-- This site is optimized with the Yoast SEO plugin v27.5 - https:\/\/yoast.com\/product\/yoast-seo-wordpress\/ -->\n<title>Campos Neto: reajuste dos combust\u00edveis foi correto, mas infla\u00e7\u00e3o subir\u00e1 at\u00e9 o fim do ano - The Fortune.one<\/title>\n<meta name=\"description\" content=\"Somos especialistas em gest\u00e3o patrimonial, op\u00e7\u00f5es de investimentos para diversos perfis, nosso diferencial \u00e9 comprovado com resultados.\" \/>\n<meta name=\"robots\" content=\"index, follow, max-snippet:-1, max-image-preview:large, max-video-preview:-1\" \/>\n<link rel=\"canonical\" href=\"https:\/\/thefortune.one\/pt\/campos-neto-reajuste-dos-combustiveis-foi-correto-mas-inflacao-subira-ate-o-fim-do-ano\/\" \/>\n<meta property=\"og:locale\" content=\"pt_BR\" \/>\n<meta property=\"og:type\" content=\"article\" \/>\n<meta property=\"og:title\" content=\"Campos Neto: reajuste dos combust\u00edveis foi correto, mas infla\u00e7\u00e3o subir\u00e1 at\u00e9 o fim do ano - The Fortune.one\" \/>\n<meta property=\"og:description\" content=\"Somos especialistas em gest\u00e3o patrimonial, op\u00e7\u00f5es de investimentos para diversos perfis, nosso diferencial \u00e9 comprovado com resultados.\" \/>\n<meta property=\"og:url\" content=\"https:\/\/thefortune.one\/pt\/campos-neto-reajuste-dos-combustiveis-foi-correto-mas-inflacao-subira-ate-o-fim-do-ano\/\" \/>\n<meta property=\"og:site_name\" content=\"The Fortune.one\" \/>\n<meta property=\"article:published_time\" content=\"2023-08-23T13:03:02+00:00\" \/>\n<meta property=\"og:image\" content=\"https:\/\/thefortune.one\/wp-content\/uploads\/2023\/08\/campos-ne.jpg\" \/>\n\t<meta property=\"og:image:width\" content=\"833\" \/>\n\t<meta property=\"og:image:height\" content=\"469\" \/>\n\t<meta property=\"og:image:type\" content=\"image\/jpeg\" \/>\n<meta name=\"author\" content=\"bianca\" \/>\n<meta name=\"twitter:card\" content=\"summary_large_image\" \/>\n<meta name=\"twitter:label1\" content=\"Escrito por\" \/>\n\t<meta name=\"twitter:data1\" content=\"bianca\" \/>\n\t<meta name=\"twitter:label2\" content=\"Est. tempo de leitura\" \/>\n\t<meta name=\"twitter:data2\" content=\"3 minutos\" \/>\n<script type=\"application\/ld+json\" class=\"yoast-schema-graph\">{\"@context\":\"https:\\\/\\\/schema.org\",\"@graph\":[{\"@type\":\"Article\",\"@id\":\"https:\\\/\\\/thefortune.one\\\/pt\\\/campos-neto-reajuste-dos-combustiveis-foi-correto-mas-inflacao-subira-ate-o-fim-do-ano\\\/#article\",\"isPartOf\":{\"@id\":\"https:\\\/\\\/thefortune.one\\\/pt\\\/campos-neto-reajuste-dos-combustiveis-foi-correto-mas-inflacao-subira-ate-o-fim-do-ano\\\/\"},\"author\":{\"name\":\"bianca\",\"@id\":\"https:\\\/\\\/thefortune.one\\\/pt\\\/#\\\/schema\\\/person\\\/6cd8fe72a627d36caabf41815984a16f\"},\"headline\":\"Campos Neto: reajuste dos combust\u00edveis foi correto, mas infla\u00e7\u00e3o subir\u00e1 at\u00e9 o fim do ano\",\"datePublished\":\"2023-08-23T13:03:02+00:00\",\"mainEntityOfPage\":{\"@id\":\"https:\\\/\\\/thefortune.one\\\/pt\\\/campos-neto-reajuste-dos-combustiveis-foi-correto-mas-inflacao-subira-ate-o-fim-do-ano\\\/\"},\"wordCount\":650,\"commentCount\":0,\"publisher\":{\"@id\":\"https:\\\/\\\/thefortune.one\\\/pt\\\/#organization\"},\"image\":{\"@id\":\"https:\\\/\\\/thefortune.one\\\/pt\\\/campos-neto-reajuste-dos-combustiveis-foi-correto-mas-inflacao-subira-ate-o-fim-do-ano\\\/#primaryimage\"},\"thumbnailUrl\":\"https:\\\/\\\/thefortune.one\\\/wp-content\\\/uploads\\\/2023\\\/08\\\/campos-ne.jpg\",\"articleSection\":[\"The Fortune.one\"],\"inLanguage\":\"pt-BR\",\"potentialAction\":[{\"@type\":\"CommentAction\",\"name\":\"Comment\",\"target\":[\"https:\\\/\\\/thefortune.one\\\/pt\\\/campos-neto-reajuste-dos-combustiveis-foi-correto-mas-inflacao-subira-ate-o-fim-do-ano\\\/#respond\"]}]},{\"@type\":\"WebPage\",\"@id\":\"https:\\\/\\\/thefortune.one\\\/pt\\\/campos-neto-reajuste-dos-combustiveis-foi-correto-mas-inflacao-subira-ate-o-fim-do-ano\\\/\",\"url\":\"https:\\\/\\\/thefortune.one\\\/pt\\\/campos-neto-reajuste-dos-combustiveis-foi-correto-mas-inflacao-subira-ate-o-fim-do-ano\\\/\",\"name\":\"Campos Neto: reajuste dos combust\u00edveis foi correto, mas infla\u00e7\u00e3o subir\u00e1 at\u00e9 o fim do ano - The Fortune.one\",\"isPartOf\":{\"@id\":\"https:\\\/\\\/thefortune.one\\\/pt\\\/#website\"},\"primaryImageOfPage\":{\"@id\":\"https:\\\/\\\/thefortune.one\\\/pt\\\/campos-neto-reajuste-dos-combustiveis-foi-correto-mas-inflacao-subira-ate-o-fim-do-ano\\\/#primaryimage\"},\"image\":{\"@id\":\"https:\\\/\\\/thefortune.one\\\/pt\\\/campos-neto-reajuste-dos-combustiveis-foi-correto-mas-inflacao-subira-ate-o-fim-do-ano\\\/#primaryimage\"},\"thumbnailUrl\":\"https:\\\/\\\/thefortune.one\\\/wp-content\\\/uploads\\\/2023\\\/08\\\/campos-ne.jpg\",\"datePublished\":\"2023-08-23T13:03:02+00:00\",\"description\":\"Somos especialistas em gest\u00e3o patrimonial, op\u00e7\u00f5es de investimentos para diversos perfis, nosso diferencial \u00e9 comprovado com resultados.\",\"breadcrumb\":{\"@id\":\"https:\\\/\\\/thefortune.one\\\/pt\\\/campos-neto-reajuste-dos-combustiveis-foi-correto-mas-inflacao-subira-ate-o-fim-do-ano\\\/#breadcrumb\"},\"inLanguage\":\"pt-BR\",\"potentialAction\":[{\"@type\":\"ReadAction\",\"target\":[\"https:\\\/\\\/thefortune.one\\\/pt\\\/campos-neto-reajuste-dos-combustiveis-foi-correto-mas-inflacao-subira-ate-o-fim-do-ano\\\/\"]}]},{\"@type\":\"ImageObject\",\"inLanguage\":\"pt-BR\",\"@id\":\"https:\\\/\\\/thefortune.one\\\/pt\\\/campos-neto-reajuste-dos-combustiveis-foi-correto-mas-inflacao-subira-ate-o-fim-do-ano\\\/#primaryimage\",\"url\":\"https:\\\/\\\/thefortune.one\\\/wp-content\\\/uploads\\\/2023\\\/08\\\/campos-ne.jpg\",\"contentUrl\":\"https:\\\/\\\/thefortune.one\\\/wp-content\\\/uploads\\\/2023\\\/08\\\/campos-ne.jpg\",\"width\":833,\"height\":469},{\"@type\":\"BreadcrumbList\",\"@id\":\"https:\\\/\\\/thefortune.one\\\/pt\\\/campos-neto-reajuste-dos-combustiveis-foi-correto-mas-inflacao-subira-ate-o-fim-do-ano\\\/#breadcrumb\",\"itemListElement\":[{\"@type\":\"ListItem\",\"position\":1,\"name\":\"In\u00edcio\",\"item\":\"https:\\\/\\\/thefortune.one\\\/pt\\\/\"},{\"@type\":\"ListItem\",\"position\":2,\"name\":\"Campos Neto: reajuste dos combust\u00edveis foi correto, mas infla\u00e7\u00e3o subir\u00e1 at\u00e9 o fim do ano\"}]},{\"@type\":\"WebSite\",\"@id\":\"https:\\\/\\\/thefortune.one\\\/pt\\\/#website\",\"url\":\"https:\\\/\\\/thefortune.one\\\/pt\\\/\",\"name\":\"The Fortune.one\",\"description\":\"Gestora de Recursos Especializada em Private Equity\",\"publisher\":{\"@id\":\"https:\\\/\\\/thefortune.one\\\/pt\\\/#organization\"},\"potentialAction\":[{\"@type\":\"SearchAction\",\"target\":{\"@type\":\"EntryPoint\",\"urlTemplate\":\"https:\\\/\\\/thefortune.one\\\/pt\\\/?s={search_term_string}\"},\"query-input\":{\"@type\":\"PropertyValueSpecification\",\"valueRequired\":true,\"valueName\":\"search_term_string\"}}],\"inLanguage\":\"pt-BR\"},{\"@type\":\"Organization\",\"@id\":\"https:\\\/\\\/thefortune.one\\\/pt\\\/#organization\",\"name\":\"The Fortune One\",\"url\":\"https:\\\/\\\/thefortune.one\\\/pt\\\/\",\"logo\":{\"@type\":\"ImageObject\",\"inLanguage\":\"pt-BR\",\"@id\":\"https:\\\/\\\/thefortune.one\\\/pt\\\/#\\\/schema\\\/logo\\\/image\\\/\",\"url\":\"https:\\\/\\\/thefortune.one\\\/wp-content\\\/uploads\\\/2022\\\/11\\\/cropped-cropped-1651682701199-1.jpg\",\"contentUrl\":\"https:\\\/\\\/thefortune.one\\\/wp-content\\\/uploads\\\/2022\\\/11\\\/cropped-cropped-1651682701199-1.jpg\",\"width\":369,\"height\":421,\"caption\":\"The Fortune One\"},\"image\":{\"@id\":\"https:\\\/\\\/thefortune.one\\\/pt\\\/#\\\/schema\\\/logo\\\/image\\\/\"}},{\"@type\":\"Person\",\"@id\":\"https:\\\/\\\/thefortune.one\\\/pt\\\/#\\\/schema\\\/person\\\/6cd8fe72a627d36caabf41815984a16f\",\"name\":\"bianca\",\"image\":{\"@type\":\"ImageObject\",\"inLanguage\":\"pt-BR\",\"@id\":\"https:\\\/\\\/secure.gravatar.com\\\/avatar\\\/66cd7b00d93410555e00d1e6a911a86de0cd0cfa4f83a2f8b47eddc2968c98af?s=96&d=mm&r=g\",\"url\":\"https:\\\/\\\/secure.gravatar.com\\\/avatar\\\/66cd7b00d93410555e00d1e6a911a86de0cd0cfa4f83a2f8b47eddc2968c98af?s=96&d=mm&r=g\",\"contentUrl\":\"https:\\\/\\\/secure.gravatar.com\\\/avatar\\\/66cd7b00d93410555e00d1e6a911a86de0cd0cfa4f83a2f8b47eddc2968c98af?s=96&d=mm&r=g\",\"caption\":\"bianca\"},\"url\":\"https:\\\/\\\/thefortune.one\\\/pt\\\/author\\\/bianca\\\/\"}]}<\/script>\n<!-- \/ Yoast SEO plugin. -->","yoast_head_json":{"title":"Campos Neto: reajuste dos combust\u00edveis foi correto, mas infla\u00e7\u00e3o subir\u00e1 at\u00e9 o fim do ano - The Fortune.one","description":"Somos especialistas em gest\u00e3o patrimonial, op\u00e7\u00f5es de investimentos para diversos perfis, nosso diferencial \u00e9 comprovado com resultados.","robots":{"index":"index","follow":"follow","max-snippet":"max-snippet:-1","max-image-preview":"max-image-preview:large","max-video-preview":"max-video-preview:-1"},"canonical":"https:\/\/thefortune.one\/pt\/campos-neto-reajuste-dos-combustiveis-foi-correto-mas-inflacao-subira-ate-o-fim-do-ano\/","og_locale":"pt_BR","og_type":"article","og_title":"Campos Neto: reajuste dos combust\u00edveis foi correto, mas infla\u00e7\u00e3o subir\u00e1 at\u00e9 o fim do ano - The Fortune.one","og_description":"Somos especialistas em gest\u00e3o patrimonial, op\u00e7\u00f5es de investimentos para diversos perfis, nosso diferencial \u00e9 comprovado com resultados.","og_url":"https:\/\/thefortune.one\/pt\/campos-neto-reajuste-dos-combustiveis-foi-correto-mas-inflacao-subira-ate-o-fim-do-ano\/","og_site_name":"The Fortune.one","article_published_time":"2023-08-23T13:03:02+00:00","og_image":[{"width":833,"height":469,"url":"https:\/\/thefortune.one\/wp-content\/uploads\/2023\/08\/campos-ne.jpg","type":"image\/jpeg"}],"author":"bianca","twitter_card":"summary_large_image","twitter_misc":{"Escrito por":"bianca","Est. tempo de leitura":"3 minutos"},"schema":{"@context":"https:\/\/schema.org","@graph":[{"@type":"Article","@id":"https:\/\/thefortune.one\/pt\/campos-neto-reajuste-dos-combustiveis-foi-correto-mas-inflacao-subira-ate-o-fim-do-ano\/#article","isPartOf":{"@id":"https:\/\/thefortune.one\/pt\/campos-neto-reajuste-dos-combustiveis-foi-correto-mas-inflacao-subira-ate-o-fim-do-ano\/"},"author":{"name":"bianca","@id":"https:\/\/thefortune.one\/pt\/#\/schema\/person\/6cd8fe72a627d36caabf41815984a16f"},"headline":"Campos Neto: reajuste dos combust\u00edveis foi correto, mas infla\u00e7\u00e3o subir\u00e1 at\u00e9 o fim do ano","datePublished":"2023-08-23T13:03:02+00:00","mainEntityOfPage":{"@id":"https:\/\/thefortune.one\/pt\/campos-neto-reajuste-dos-combustiveis-foi-correto-mas-inflacao-subira-ate-o-fim-do-ano\/"},"wordCount":650,"commentCount":0,"publisher":{"@id":"https:\/\/thefortune.one\/pt\/#organization"},"image":{"@id":"https:\/\/thefortune.one\/pt\/campos-neto-reajuste-dos-combustiveis-foi-correto-mas-inflacao-subira-ate-o-fim-do-ano\/#primaryimage"},"thumbnailUrl":"https:\/\/thefortune.one\/wp-content\/uploads\/2023\/08\/campos-ne.jpg","articleSection":["The Fortune.one"],"inLanguage":"pt-BR","potentialAction":[{"@type":"CommentAction","name":"Comment","target":["https:\/\/thefortune.one\/pt\/campos-neto-reajuste-dos-combustiveis-foi-correto-mas-inflacao-subira-ate-o-fim-do-ano\/#respond"]}]},{"@type":"WebPage","@id":"https:\/\/thefortune.one\/pt\/campos-neto-reajuste-dos-combustiveis-foi-correto-mas-inflacao-subira-ate-o-fim-do-ano\/","url":"https:\/\/thefortune.one\/pt\/campos-neto-reajuste-dos-combustiveis-foi-correto-mas-inflacao-subira-ate-o-fim-do-ano\/","name":"Campos Neto: reajuste dos combust\u00edveis foi correto, mas infla\u00e7\u00e3o subir\u00e1 at\u00e9 o fim do ano - The Fortune.one","isPartOf":{"@id":"https:\/\/thefortune.one\/pt\/#website"},"primaryImageOfPage":{"@id":"https:\/\/thefortune.one\/pt\/campos-neto-reajuste-dos-combustiveis-foi-correto-mas-inflacao-subira-ate-o-fim-do-ano\/#primaryimage"},"image":{"@id":"https:\/\/thefortune.one\/pt\/campos-neto-reajuste-dos-combustiveis-foi-correto-mas-inflacao-subira-ate-o-fim-do-ano\/#primaryimage"},"thumbnailUrl":"https:\/\/thefortune.one\/wp-content\/uploads\/2023\/08\/campos-ne.jpg","datePublished":"2023-08-23T13:03:02+00:00","description":"Somos especialistas em gest\u00e3o patrimonial, op\u00e7\u00f5es de investimentos para diversos perfis, nosso diferencial \u00e9 comprovado com resultados.","breadcrumb":{"@id":"https:\/\/thefortune.one\/pt\/campos-neto-reajuste-dos-combustiveis-foi-correto-mas-inflacao-subira-ate-o-fim-do-ano\/#breadcrumb"},"inLanguage":"pt-BR","potentialAction":[{"@type":"ReadAction","target":["https:\/\/thefortune.one\/pt\/campos-neto-reajuste-dos-combustiveis-foi-correto-mas-inflacao-subira-ate-o-fim-do-ano\/"]}]},{"@type":"ImageObject","inLanguage":"pt-BR","@id":"https:\/\/thefortune.one\/pt\/campos-neto-reajuste-dos-combustiveis-foi-correto-mas-inflacao-subira-ate-o-fim-do-ano\/#primaryimage","url":"https:\/\/thefortune.one\/wp-content\/uploads\/2023\/08\/campos-ne.jpg","contentUrl":"https:\/\/thefortune.one\/wp-content\/uploads\/2023\/08\/campos-ne.jpg","width":833,"height":469},{"@type":"BreadcrumbList","@id":"https:\/\/thefortune.one\/pt\/campos-neto-reajuste-dos-combustiveis-foi-correto-mas-inflacao-subira-ate-o-fim-do-ano\/#breadcrumb","itemListElement":[{"@type":"ListItem","position":1,"name":"In\u00edcio","item":"https:\/\/thefortune.one\/pt\/"},{"@type":"ListItem","position":2,"name":"Campos Neto: reajuste dos combust\u00edveis foi correto, mas infla\u00e7\u00e3o subir\u00e1 at\u00e9 o fim do ano"}]},{"@type":"WebSite","@id":"https:\/\/thefortune.one\/pt\/#website","url":"https:\/\/thefortune.one\/pt\/","name":"The Fortune.one","description":"Gestora de Recursos Especializada em Private Equity","publisher":{"@id":"https:\/\/thefortune.one\/pt\/#organization"},"potentialAction":[{"@type":"SearchAction","target":{"@type":"EntryPoint","urlTemplate":"https:\/\/thefortune.one\/pt\/?s={search_term_string}"},"query-input":{"@type":"PropertyValueSpecification","valueRequired":true,"valueName":"search_term_string"}}],"inLanguage":"pt-BR"},{"@type":"Organization","@id":"https:\/\/thefortune.one\/pt\/#organization","name":"The Fortune One","url":"https:\/\/thefortune.one\/pt\/","logo":{"@type":"ImageObject","inLanguage":"pt-BR","@id":"https:\/\/thefortune.one\/pt\/#\/schema\/logo\/image\/","url":"https:\/\/thefortune.one\/wp-content\/uploads\/2022\/11\/cropped-cropped-1651682701199-1.jpg","contentUrl":"https:\/\/thefortune.one\/wp-content\/uploads\/2022\/11\/cropped-cropped-1651682701199-1.jpg","width":369,"height":421,"caption":"The Fortune One"},"image":{"@id":"https:\/\/thefortune.one\/pt\/#\/schema\/logo\/image\/"}},{"@type":"Person","@id":"https:\/\/thefortune.one\/pt\/#\/schema\/person\/6cd8fe72a627d36caabf41815984a16f","name":"bianca","image":{"@type":"ImageObject","inLanguage":"pt-BR","@id":"https:\/\/secure.gravatar.com\/avatar\/66cd7b00d93410555e00d1e6a911a86de0cd0cfa4f83a2f8b47eddc2968c98af?s=96&d=mm&r=g","url":"https:\/\/secure.gravatar.com\/avatar\/66cd7b00d93410555e00d1e6a911a86de0cd0cfa4f83a2f8b47eddc2968c98af?s=96&d=mm&r=g","contentUrl":"https:\/\/secure.gravatar.com\/avatar\/66cd7b00d93410555e00d1e6a911a86de0cd0cfa4f83a2f8b47eddc2968c98af?s=96&d=mm&r=g","caption":"bianca"},"url":"https:\/\/thefortune.one\/pt\/author\/bianca\/"}]}},"_links":{"self":[{"href":"https:\/\/thefortune.one\/pt\/wp-json\/wp\/v2\/posts\/4071","targetHints":{"allow":["GET"]}}],"collection":[{"href":"https:\/\/thefortune.one\/pt\/wp-json\/wp\/v2\/posts"}],"about":[{"href":"https:\/\/thefortune.one\/pt\/wp-json\/wp\/v2\/types\/post"}],"author":[{"embeddable":true,"href":"https:\/\/thefortune.one\/pt\/wp-json\/wp\/v2\/users\/3"}],"replies":[{"embeddable":true,"href":"https:\/\/thefortune.one\/pt\/wp-json\/wp\/v2\/comments?post=4071"}],"version-history":[{"count":1,"href":"https:\/\/thefortune.one\/pt\/wp-json\/wp\/v2\/posts\/4071\/revisions"}],"predecessor-version":[{"id":4073,"href":"https:\/\/thefortune.one\/pt\/wp-json\/wp\/v2\/posts\/4071\/revisions\/4073"}],"wp:featuredmedia":[{"embeddable":true,"href":"https:\/\/thefortune.one\/pt\/wp-json\/wp\/v2\/media\/4072"}],"wp:attachment":[{"href":"https:\/\/thefortune.one\/pt\/wp-json\/wp\/v2\/media?parent=4071"}],"wp:term":[{"taxonomy":"category","embeddable":true,"href":"https:\/\/thefortune.one\/pt\/wp-json\/wp\/v2\/categories?post=4071"},{"taxonomy":"post_tag","embeddable":true,"href":"https:\/\/thefortune.one\/pt\/wp-json\/wp\/v2\/tags?post=4071"}],"curies":[{"name":"wp","href":"https:\/\/api.w.org\/{rel}","templated":true}]}}