{"id":4067,"date":"2023-08-21T12:23:26","date_gmt":"2023-08-21T12:23:26","guid":{"rendered":"https:\/\/thefortune.one\/?p=4067"},"modified":"2023-08-21T12:23:26","modified_gmt":"2023-08-21T12:23:26","slug":"haddad-corre-risco-de-ver-mare-positiva-da-economia-virar-diante-de-agenda-empacada-no-congresso","status":"publish","type":"post","link":"https:\/\/thefortune.one\/pt\/haddad-corre-risco-de-ver-mare-positiva-da-economia-virar-diante-de-agenda-empacada-no-congresso\/","title":{"rendered":"Haddad corre risco de ver mar\u00e9 positiva da economia virar diante de agenda empacada no Congresso"},"content":{"rendered":"<h2 class=\"wp-block-heading\">Equipe econ\u00f4mica enfrenta dificuldades para aprovar medidas tribut\u00e1rias necess\u00e1rias ao aumento da arrecada\u00e7\u00e3o e redu\u00e7\u00e3o do rombo das contas p\u00fablicas em 2024<\/h2>\n\n\n\n<p>BRAS\u00cdLIA &#8211; O ministro da Fazenda,&nbsp;<a href=\"https:\/\/www.estadao.com.br\/tudo-sobre\/fernando-haddad\/\"><strong>Fernando Haddad<\/strong><\/a>,&nbsp;<a href=\"https:\/\/www.estadao.com.br\/economia\/governo-lula-6-meses-em-6-graficos-na-economia\/\" target=\"_blank\" rel=\"noreferrer noopener\"><strong>surfou numa onda positiva para a agenda econ\u00f4mica nos \u00faltimos meses<\/strong><\/a>, mas corre o risco de ver a mar\u00e9 virar com as dificuldades que come\u00e7ou a encontrar em agosto para&nbsp;<a href=\"https:\/\/www.estadao.com.br\/economia\/lira-mede-aceitacao-e-eficacia-de-medidas-robin-hood-as-vesperas-de-debate-sobre-orcamento\/\" target=\"_blank\" rel=\"noreferrer noopener\"><strong>aprovar as medidas tribut\u00e1rias necess\u00e1rias ao aumento da arrecada\u00e7\u00e3o<\/strong><\/a>&nbsp;e redu\u00e7\u00e3o do rombo das contas p\u00fablicas em 2024. Se houver uma percep\u00e7\u00e3o de que o risco vai piorar por falta de entrega das medidas, o alongamento do processo de queda de juros deve ficar mais dif\u00edcil.<\/p>\n\n\n\n<p>Em agosto, a pauta econ\u00f4mica parou de andar e o mercado passou a ter mais dificuldade de vislumbrar melhora no cen\u00e1rio sem novas medidas no&nbsp;<em>front&nbsp;<\/em>para alimentar a mar\u00e9 em alta. J\u00e1 se passaram 45 dias da aprova\u00e7\u00e3o da \u00faltima medida econ\u00f4mica: a&nbsp;<a href=\"https:\/\/www.estadao.com.br\/tudo-sobre\/reforma-tributaria\/\" target=\"_blank\" rel=\"noreferrer noopener\"><strong>reforma tribut\u00e1ria<\/strong><\/a>.<\/p>\n\n\n\n<p>At\u00e9 agora, a expectativa do\u00a0<a href=\"https:\/\/www.estadao.com.br\/tudo-sobre\/banco-central-do-brasil\/\"><strong>Banco Central<\/strong><\/a><strong>\u00a0<\/strong>(BC) era de que a lua de mel do mercado com a agenda econ\u00f4mica do ministro Haddad iria at\u00e9 meados do ano que vem, facilitando o processo continuado de redu\u00e7\u00e3o de juros ap\u00f3s o\u00a0<a rel=\"noreferrer noopener\" href=\"https:\/\/www.estadao.com.br\/economia\/banco-central-corte-selic-juros-copom\/\" target=\"_blank\"><strong>primeiro corte da taxa Selic de 0,50 ponto porcentual<\/strong><\/a>\u00a0no \u00faltimo dia 2.<\/p>\n\n\n\n<figure class=\"wp-block-image size-full\"><img fetchpriority=\"high\" decoding=\"async\" width=\"936\" height=\"624\" src=\"https:\/\/thefortune.one\/wp-content\/uploads\/2023\/08\/image-10.png\" alt=\"\" class=\"wp-image-4068\" srcset=\"https:\/\/thefortune.one\/wp-content\/uploads\/2023\/08\/image-10.png 936w, https:\/\/thefortune.one\/wp-content\/uploads\/2023\/08\/image-10-300x200.png 300w, https:\/\/thefortune.one\/wp-content\/uploads\/2023\/08\/image-10-768x512.png 768w, https:\/\/thefortune.one\/wp-content\/uploads\/2023\/08\/image-10-18x12.png 18w\" sizes=\"(max-width: 936px) 100vw, 936px\" \/><\/figure>\n\n\n\n<p>O cen\u00e1rio complicou com a demora da reforma ministerial do governo Lula e o estopim da&nbsp;<a href=\"https:\/\/www.estadao.com.br\/economia\/adriana-fernandes\/fala-de-haddad-ameaca-lua-de-mel-com-a-camara-e-coloca-em-risco-planos-da-fazenda\/\" target=\"_blank\" rel=\"noreferrer noopener\"><strong>crise aberta na rela\u00e7\u00e3o do presidente da C\u00e2mara, Arthur Lira (PP-AL) com Haddad<\/strong><\/a>, que&nbsp;<a href=\"https:\/\/www.estadao.com.br\/economia\/hadda-camara-poder-grande-nao-pode-humilhar-senado-executivo\/\" target=\"_blank\" rel=\"noreferrer noopener\"><strong>criticou publicamente as lideran\u00e7as da Casa<\/strong><\/a>.<\/p>\n\n\n\n<p>O presidente do BC,\u00a0<a href=\"https:\/\/www.estadao.com.br\/tudo-sobre\/roberto-campos-neto\/\"><strong>Roberto Campos Neto<\/strong><\/a>, passou os \u00faltimos dias alertando para o problema do que chama de \u201cdesancoragem g\u00eamea\u201d, tanto da pol\u00edtica monet\u00e1ria quanto da fiscal. Repetiu essa leitura em seguidos eventos de que participou, inclusive no Congresso.<\/p>\n\n\n\n<p>Essa desancoragem acontece porque, de um lado, o mercado mant\u00e9m uma proje\u00e7\u00e3o de infla\u00e7\u00e3o (IPCA) de 3,5% em 2025 e 2026, enquanto a meta \u00e9 de 3%. De outro, as proje\u00e7\u00f5es para resultado das contas p\u00fablicas \u00e9 de d\u00e9ficit de 0,8% do Produto Interno Bruto (PIB) &#8211; e o governo fixou a meta de zerar o rombo no ano que vem.<\/p>\n\n\n\n<p>\u201cH\u00e1 uma diferen\u00e7a grande entre metas fiscais do governo e o que mercado acredita. Se o mercado acreditasse que o que ser\u00e1 feito de fiscal \u00e9 exatamente o que o governo promete, a gente teria uma curva de juros l\u00e1 na frente mais baixa, propiciando uma queda maior e mais duradoura de juros. Essa harmoniza\u00e7\u00e3o de pol\u00edtica monet\u00e1ria e fiscal tamb\u00e9m depende de expectativas\u201d, disse Campos Neto. O problema para o BC \u00e9 muito menos zerar o d\u00e9ficit em 2024, mas apontar a dire\u00e7\u00e3o das medidas para melhorar o caminho n\u00e3o s\u00f3 no ano que vem, mas nos pr\u00f3ximos &#8212; inclusive, cortando despesas.<\/p>\n\n\n\n<p>Para o chefe do Centro de Estudos Monet\u00e1rios do Instituto Brasileiro de Economia (Ibre) da Funda\u00e7\u00e3o Get\u00falio Vargas (FGV), Jos\u00e9 Julio Senna, os dois lados (Haddad e Lira) t\u00eam interesse em tocar a agenda. Senna avalia que Lira n\u00e3o vai querer ficar identificado como o respons\u00e1vel pela piora das dificuldades da economia. \u201cSeria um custo muito alto\u201d, aponta.<\/p>\n\n\n\n<p>Ex-diretor do BC, ele explica que, para o banco, o mais importante \u00e9 a maneira como o mercado percebe as diretrizes da pol\u00edtica fiscal. A depender da mudan\u00e7a de percep\u00e7\u00e3o, h\u00e1 impacto em duas vari\u00e1veis-chave para a pol\u00edtica de juros: expectativa de infla\u00e7\u00e3o e a percep\u00e7\u00e3o sobre o pr\u00eamio de risco Brasil, com impacto no d\u00f3lar. \u201c\u00c0 medida que o impasse se estender mais e dificultar os novos n\u00fameros do Or\u00e7amento, o mercado vai reagir mal\u201d, diz.<\/p>\n\n\n\n<h3 class=\"wp-block-heading\">Ca\u00e7a ao Tesouro<\/h3>\n\n\n\n<p>Apesar da resist\u00eancia da C\u00e2mara, j\u00e1 identificada, de&nbsp;<a href=\"https:\/\/www.estadao.com.br\/economia\/lira-mede-aceitacao-e-eficacia-de-medidas-robin-hood-as-vesperas-de-debate-sobre-orcamento\/\" target=\"_blank\" rel=\"noreferrer noopener\"><strong>votar as medidas Robin Hood (de taxa\u00e7\u00e3o dos mais ricos)<\/strong><\/a>, Haddad tem repetido a interlocutores que as propostas s\u00e3o merit\u00f3rias e que seguir\u00e1 nessa toada. Segundo ele, n\u00e3o se trata de cria\u00e7\u00e3o de aumento de impostos, mas de reposi\u00e7\u00e3o de carga. O ministro da Fazenda e lideran\u00e7as do Congresso t\u00eam sido aconselhados a aprovar um plano para valer de&nbsp;<a href=\"https:\/\/www.estadao.com.br\/economia\/subsidios-governo-entenda\/\" target=\"_blank\" rel=\"noreferrer noopener\"><strong>redu\u00e7\u00e3o de subs\u00eddios<\/strong><\/a>&nbsp;com defini\u00e7\u00e3o de um corte anual por meio de uma \u201cescadinha\u201d a cada ano, por exemplo, 5%.<\/p>\n\n\n\n<p>Esse tipo de modelo, chamado de \u201clinha d\u2019\u00e1gua\u201d j\u00e1 foi tentado no passado, n\u00e3o avan\u00e7ou, mas volta agora ao debate. At\u00e9 agora, o governo Lula ainda n\u00e3o implementou uma pol\u00edtica de corte de subs\u00eddios, como prometeu em janeiro.<\/p>\n\n\n\n<p>Economista-chefe da corretora Warren Rena, Felipe Salto, diz que a agenda econ\u00f4mica est\u00e1 \u201centupida\u201d, ap\u00f3s a fase do&nbsp;<a href=\"https:\/\/www.estadao.com.br\/economia\/governo-lula-6-meses-em-6-graficos-na-economia\/\" target=\"_blank\" rel=\"noreferrer noopener\"><strong>primeiro semestre de medidas adotadas<\/strong><\/a>, como o arcabou\u00e7o fiscal, e uma conflu\u00eancia favor\u00e1vel dos astros que desanuviaram o cen\u00e1rio pessimista do in\u00edcio do governo Lula.<\/p>\n\n\n\n<p>\u201cS\u00f3 que, agora tem, toda a agenda de ca\u00e7a ao tesouro para o&nbsp;<a href=\"https:\/\/www.estadao.com.br\/economia\/governo-precisa-garantir-r-100-bi-extras-de-receita-para-zerar-rombo-nas-contas-em-2024\/\" target=\"_blank\" rel=\"noreferrer noopener\"><strong>ajuste fiscal baseada na arrecada\u00e7\u00e3o<\/strong><\/a>. O Haddad est\u00e1 indo na raspa do tacho para fazer o resultado fiscal\u201d, afirma. Segundo ele, o ministro fez uma escolha leg\u00edtima de buscar esse caminho, mas ela n\u00e3o \u00e9 f\u00e1cil, porque envolve custos para aprovar cada medida. Salto pontua que o grande desafio \u00e9&nbsp;<a href=\"https:\/\/www.estadao.com.br\/economia\/governo-precisa-garantir-r-100-bi-extras-de-receita-para-zerar-rombo-nas-contas-em-2024\/\" target=\"_blank\" rel=\"noreferrer noopener\"><strong>aprovar o Or\u00e7amento mostrando que vai cumprir o arcabou\u00e7o fiscal<\/strong><\/a>, que a estrat\u00e9gia fiscal \u00e9 cr\u00edvel, al\u00e9m de segurar as press\u00f5es por novos gastos &#8211; pontos mais importantes do que zerar o d\u00e9ficit em 2024.<\/p>\n\n\n\n<p>\u201cNenhum especialista falou que a meta zero seria cumprida no ano que vem\u201d, destaca. Ele prev\u00ea um d\u00e9ficit de 0,9% do PIB no ano que vem. O economista chama aten\u00e7\u00e3o de que seria um erro o governo mudar a meta fiscal, como tem sido defendido por parlamentares.<\/p>\n\n\n\n<p>Empres\u00e1ria do setor de telecomunica\u00e7\u00f5es com tr\u00e2nsito no Congresso, a presidente da Federa\u00e7\u00e3o Nacional de Call Center, Instala\u00e7\u00e3o e Manuten\u00e7\u00e3o de Infraestrutura de Redes de Telecomunica\u00e7\u00f5es e de Inform\u00e1tica (Feninfra), Vivien Suruagy, afirma que a reforma ministerial j\u00e1 deveria estar resolvida para a pauta avan\u00e7ar.<\/p>\n\n\n\n<p>\u201cO governo precisa pegar os assuntos no la\u00e7o e resolver a reforma ministerial para criar uma base efetiva de apoio com abertura de di\u00e1logo efetivo\u201d, diz. \u201cO Brasil mudou a sua classifica\u00e7\u00e3o (pelas ag\u00eancias de risco) e isso precisa permanecer\u201d, ressalta.<\/p>\n\n\n\n<p>Fonte:https:\/\/www.estadao.com.br\/economia\/haddad-corre-risco-de-ver-mare-positiva-da-economia-virar-diante-de-agenda-empacada-no-congresso\/<\/p>","protected":false},"excerpt":{"rendered":"<p>Equipe econ\u00f4mica enfrenta dificuldades para aprovar medidas tribut\u00e1rias necess\u00e1rias ao aumento da arrecada\u00e7\u00e3o e redu\u00e7\u00e3o do rombo das contas p\u00fablicas em 2024 BRAS\u00cdLIA &#8211; O ministro da Fazenda,&nbsp;Fernando Haddad,&nbsp;surfou numa onda positiva para a agenda econ\u00f4mica nos \u00faltimos meses, mas corre o risco de ver a mar\u00e9 virar com as dificuldades que come\u00e7ou a encontrar [&hellip;]<\/p>\n","protected":false},"author":3,"featured_media":4069,"comment_status":"open","ping_status":"open","sticky":false,"template":"","format":"standard","meta":{"_joinchat":[],"footnotes":""},"categories":[1],"tags":[],"class_list":["post-4067","post","type-post","status-publish","format-standard","has-post-thumbnail","hentry","category-the-fortune-one"],"yoast_head":"<!-- This site is optimized with the Yoast SEO plugin v27.5 - https:\/\/yoast.com\/product\/yoast-seo-wordpress\/ -->\n<title>Haddad corre risco de ver mar\u00e9 positiva da economia virar diante de agenda empacada no Congresso - The Fortune.one<\/title>\n<meta name=\"description\" content=\"Somos especialistas em gest\u00e3o patrimonial, op\u00e7\u00f5es de investimentos para diversos perfis, nosso diferencial \u00e9 comprovado com resultados.\" \/>\n<meta name=\"robots\" content=\"index, follow, max-snippet:-1, max-image-preview:large, max-video-preview:-1\" \/>\n<link rel=\"canonical\" href=\"https:\/\/thefortune.one\/pt\/haddad-corre-risco-de-ver-mare-positiva-da-economia-virar-diante-de-agenda-empacada-no-congresso\/\" \/>\n<meta property=\"og:locale\" content=\"pt_BR\" \/>\n<meta property=\"og:type\" content=\"article\" \/>\n<meta property=\"og:title\" content=\"Haddad corre risco de ver mar\u00e9 positiva da economia virar diante de agenda empacada no Congresso - The Fortune.one\" \/>\n<meta property=\"og:description\" content=\"Somos especialistas em gest\u00e3o patrimonial, op\u00e7\u00f5es de investimentos para diversos perfis, nosso diferencial \u00e9 comprovado com resultados.\" \/>\n<meta property=\"og:url\" content=\"https:\/\/thefortune.one\/pt\/haddad-corre-risco-de-ver-mare-positiva-da-economia-virar-diante-de-agenda-empacada-no-congresso\/\" \/>\n<meta property=\"og:site_name\" content=\"The Fortune.one\" \/>\n<meta property=\"article:published_time\" content=\"2023-08-21T12:23:26+00:00\" \/>\n<meta property=\"og:image\" content=\"https:\/\/thefortune.one\/wp-content\/uploads\/2023\/08\/aaah.jpg\" \/>\n\t<meta property=\"og:image:width\" content=\"380\" \/>\n\t<meta property=\"og:image:height\" content=\"253\" \/>\n\t<meta property=\"og:image:type\" content=\"image\/jpeg\" \/>\n<meta name=\"author\" content=\"bianca\" \/>\n<meta name=\"twitter:card\" content=\"summary_large_image\" \/>\n<meta name=\"twitter:label1\" content=\"Escrito por\" \/>\n\t<meta name=\"twitter:data1\" content=\"bianca\" \/>\n\t<meta name=\"twitter:label2\" content=\"Est. tempo de leitura\" \/>\n\t<meta name=\"twitter:data2\" content=\"6 minutos\" \/>\n<script type=\"application\/ld+json\" class=\"yoast-schema-graph\">{\"@context\":\"https:\\\/\\\/schema.org\",\"@graph\":[{\"@type\":\"Article\",\"@id\":\"https:\\\/\\\/thefortune.one\\\/pt\\\/haddad-corre-risco-de-ver-mare-positiva-da-economia-virar-diante-de-agenda-empacada-no-congresso\\\/#article\",\"isPartOf\":{\"@id\":\"https:\\\/\\\/thefortune.one\\\/pt\\\/haddad-corre-risco-de-ver-mare-positiva-da-economia-virar-diante-de-agenda-empacada-no-congresso\\\/\"},\"author\":{\"name\":\"bianca\",\"@id\":\"https:\\\/\\\/thefortune.one\\\/pt\\\/#\\\/schema\\\/person\\\/6cd8fe72a627d36caabf41815984a16f\"},\"headline\":\"Haddad corre risco de ver mar\u00e9 positiva da economia virar diante de agenda empacada no Congresso\",\"datePublished\":\"2023-08-21T12:23:26+00:00\",\"mainEntityOfPage\":{\"@id\":\"https:\\\/\\\/thefortune.one\\\/pt\\\/haddad-corre-risco-de-ver-mare-positiva-da-economia-virar-diante-de-agenda-empacada-no-congresso\\\/\"},\"wordCount\":1116,\"commentCount\":0,\"publisher\":{\"@id\":\"https:\\\/\\\/thefortune.one\\\/pt\\\/#organization\"},\"image\":{\"@id\":\"https:\\\/\\\/thefortune.one\\\/pt\\\/haddad-corre-risco-de-ver-mare-positiva-da-economia-virar-diante-de-agenda-empacada-no-congresso\\\/#primaryimage\"},\"thumbnailUrl\":\"https:\\\/\\\/thefortune.one\\\/wp-content\\\/uploads\\\/2023\\\/08\\\/aaah.jpg\",\"articleSection\":[\"The Fortune.one\"],\"inLanguage\":\"pt-BR\",\"potentialAction\":[{\"@type\":\"CommentAction\",\"name\":\"Comment\",\"target\":[\"https:\\\/\\\/thefortune.one\\\/pt\\\/haddad-corre-risco-de-ver-mare-positiva-da-economia-virar-diante-de-agenda-empacada-no-congresso\\\/#respond\"]}]},{\"@type\":\"WebPage\",\"@id\":\"https:\\\/\\\/thefortune.one\\\/pt\\\/haddad-corre-risco-de-ver-mare-positiva-da-economia-virar-diante-de-agenda-empacada-no-congresso\\\/\",\"url\":\"https:\\\/\\\/thefortune.one\\\/pt\\\/haddad-corre-risco-de-ver-mare-positiva-da-economia-virar-diante-de-agenda-empacada-no-congresso\\\/\",\"name\":\"Haddad corre risco de ver mar\u00e9 positiva da economia virar diante de agenda empacada no Congresso - The Fortune.one\",\"isPartOf\":{\"@id\":\"https:\\\/\\\/thefortune.one\\\/pt\\\/#website\"},\"primaryImageOfPage\":{\"@id\":\"https:\\\/\\\/thefortune.one\\\/pt\\\/haddad-corre-risco-de-ver-mare-positiva-da-economia-virar-diante-de-agenda-empacada-no-congresso\\\/#primaryimage\"},\"image\":{\"@id\":\"https:\\\/\\\/thefortune.one\\\/pt\\\/haddad-corre-risco-de-ver-mare-positiva-da-economia-virar-diante-de-agenda-empacada-no-congresso\\\/#primaryimage\"},\"thumbnailUrl\":\"https:\\\/\\\/thefortune.one\\\/wp-content\\\/uploads\\\/2023\\\/08\\\/aaah.jpg\",\"datePublished\":\"2023-08-21T12:23:26+00:00\",\"description\":\"Somos especialistas em gest\u00e3o patrimonial, op\u00e7\u00f5es de investimentos para diversos perfis, nosso diferencial \u00e9 comprovado com resultados.\",\"breadcrumb\":{\"@id\":\"https:\\\/\\\/thefortune.one\\\/pt\\\/haddad-corre-risco-de-ver-mare-positiva-da-economia-virar-diante-de-agenda-empacada-no-congresso\\\/#breadcrumb\"},\"inLanguage\":\"pt-BR\",\"potentialAction\":[{\"@type\":\"ReadAction\",\"target\":[\"https:\\\/\\\/thefortune.one\\\/pt\\\/haddad-corre-risco-de-ver-mare-positiva-da-economia-virar-diante-de-agenda-empacada-no-congresso\\\/\"]}]},{\"@type\":\"ImageObject\",\"inLanguage\":\"pt-BR\",\"@id\":\"https:\\\/\\\/thefortune.one\\\/pt\\\/haddad-corre-risco-de-ver-mare-positiva-da-economia-virar-diante-de-agenda-empacada-no-congresso\\\/#primaryimage\",\"url\":\"https:\\\/\\\/thefortune.one\\\/wp-content\\\/uploads\\\/2023\\\/08\\\/aaah.jpg\",\"contentUrl\":\"https:\\\/\\\/thefortune.one\\\/wp-content\\\/uploads\\\/2023\\\/08\\\/aaah.jpg\",\"width\":380,\"height\":253},{\"@type\":\"BreadcrumbList\",\"@id\":\"https:\\\/\\\/thefortune.one\\\/pt\\\/haddad-corre-risco-de-ver-mare-positiva-da-economia-virar-diante-de-agenda-empacada-no-congresso\\\/#breadcrumb\",\"itemListElement\":[{\"@type\":\"ListItem\",\"position\":1,\"name\":\"In\u00edcio\",\"item\":\"https:\\\/\\\/thefortune.one\\\/pt\\\/\"},{\"@type\":\"ListItem\",\"position\":2,\"name\":\"Haddad corre risco de ver mar\u00e9 positiva da economia virar diante de agenda empacada no Congresso\"}]},{\"@type\":\"WebSite\",\"@id\":\"https:\\\/\\\/thefortune.one\\\/pt\\\/#website\",\"url\":\"https:\\\/\\\/thefortune.one\\\/pt\\\/\",\"name\":\"The Fortune.one\",\"description\":\"Gestora de Recursos Especializada em Private Equity\",\"publisher\":{\"@id\":\"https:\\\/\\\/thefortune.one\\\/pt\\\/#organization\"},\"potentialAction\":[{\"@type\":\"SearchAction\",\"target\":{\"@type\":\"EntryPoint\",\"urlTemplate\":\"https:\\\/\\\/thefortune.one\\\/pt\\\/?s={search_term_string}\"},\"query-input\":{\"@type\":\"PropertyValueSpecification\",\"valueRequired\":true,\"valueName\":\"search_term_string\"}}],\"inLanguage\":\"pt-BR\"},{\"@type\":\"Organization\",\"@id\":\"https:\\\/\\\/thefortune.one\\\/pt\\\/#organization\",\"name\":\"The Fortune One\",\"url\":\"https:\\\/\\\/thefortune.one\\\/pt\\\/\",\"logo\":{\"@type\":\"ImageObject\",\"inLanguage\":\"pt-BR\",\"@id\":\"https:\\\/\\\/thefortune.one\\\/pt\\\/#\\\/schema\\\/logo\\\/image\\\/\",\"url\":\"https:\\\/\\\/thefortune.one\\\/wp-content\\\/uploads\\\/2022\\\/11\\\/cropped-cropped-1651682701199-1.jpg\",\"contentUrl\":\"https:\\\/\\\/thefortune.one\\\/wp-content\\\/uploads\\\/2022\\\/11\\\/cropped-cropped-1651682701199-1.jpg\",\"width\":369,\"height\":421,\"caption\":\"The Fortune One\"},\"image\":{\"@id\":\"https:\\\/\\\/thefortune.one\\\/pt\\\/#\\\/schema\\\/logo\\\/image\\\/\"}},{\"@type\":\"Person\",\"@id\":\"https:\\\/\\\/thefortune.one\\\/pt\\\/#\\\/schema\\\/person\\\/6cd8fe72a627d36caabf41815984a16f\",\"name\":\"bianca\",\"image\":{\"@type\":\"ImageObject\",\"inLanguage\":\"pt-BR\",\"@id\":\"https:\\\/\\\/secure.gravatar.com\\\/avatar\\\/66cd7b00d93410555e00d1e6a911a86de0cd0cfa4f83a2f8b47eddc2968c98af?s=96&d=mm&r=g\",\"url\":\"https:\\\/\\\/secure.gravatar.com\\\/avatar\\\/66cd7b00d93410555e00d1e6a911a86de0cd0cfa4f83a2f8b47eddc2968c98af?s=96&d=mm&r=g\",\"contentUrl\":\"https:\\\/\\\/secure.gravatar.com\\\/avatar\\\/66cd7b00d93410555e00d1e6a911a86de0cd0cfa4f83a2f8b47eddc2968c98af?s=96&d=mm&r=g\",\"caption\":\"bianca\"},\"url\":\"https:\\\/\\\/thefortune.one\\\/pt\\\/author\\\/bianca\\\/\"}]}<\/script>\n<!-- \/ Yoast SEO plugin. -->","yoast_head_json":{"title":"Haddad corre risco de ver mar\u00e9 positiva da economia virar diante de agenda empacada no Congresso - The Fortune.one","description":"Somos especialistas em gest\u00e3o patrimonial, op\u00e7\u00f5es de investimentos para diversos perfis, nosso diferencial \u00e9 comprovado com resultados.","robots":{"index":"index","follow":"follow","max-snippet":"max-snippet:-1","max-image-preview":"max-image-preview:large","max-video-preview":"max-video-preview:-1"},"canonical":"https:\/\/thefortune.one\/pt\/haddad-corre-risco-de-ver-mare-positiva-da-economia-virar-diante-de-agenda-empacada-no-congresso\/","og_locale":"pt_BR","og_type":"article","og_title":"Haddad corre risco de ver mar\u00e9 positiva da economia virar diante de agenda empacada no Congresso - The Fortune.one","og_description":"Somos especialistas em gest\u00e3o patrimonial, op\u00e7\u00f5es de investimentos para diversos perfis, nosso diferencial \u00e9 comprovado com resultados.","og_url":"https:\/\/thefortune.one\/pt\/haddad-corre-risco-de-ver-mare-positiva-da-economia-virar-diante-de-agenda-empacada-no-congresso\/","og_site_name":"The Fortune.one","article_published_time":"2023-08-21T12:23:26+00:00","og_image":[{"width":380,"height":253,"url":"https:\/\/thefortune.one\/wp-content\/uploads\/2023\/08\/aaah.jpg","type":"image\/jpeg"}],"author":"bianca","twitter_card":"summary_large_image","twitter_misc":{"Escrito por":"bianca","Est. tempo de leitura":"6 minutos"},"schema":{"@context":"https:\/\/schema.org","@graph":[{"@type":"Article","@id":"https:\/\/thefortune.one\/pt\/haddad-corre-risco-de-ver-mare-positiva-da-economia-virar-diante-de-agenda-empacada-no-congresso\/#article","isPartOf":{"@id":"https:\/\/thefortune.one\/pt\/haddad-corre-risco-de-ver-mare-positiva-da-economia-virar-diante-de-agenda-empacada-no-congresso\/"},"author":{"name":"bianca","@id":"https:\/\/thefortune.one\/pt\/#\/schema\/person\/6cd8fe72a627d36caabf41815984a16f"},"headline":"Haddad corre risco de ver mar\u00e9 positiva da economia virar diante de agenda empacada no Congresso","datePublished":"2023-08-21T12:23:26+00:00","mainEntityOfPage":{"@id":"https:\/\/thefortune.one\/pt\/haddad-corre-risco-de-ver-mare-positiva-da-economia-virar-diante-de-agenda-empacada-no-congresso\/"},"wordCount":1116,"commentCount":0,"publisher":{"@id":"https:\/\/thefortune.one\/pt\/#organization"},"image":{"@id":"https:\/\/thefortune.one\/pt\/haddad-corre-risco-de-ver-mare-positiva-da-economia-virar-diante-de-agenda-empacada-no-congresso\/#primaryimage"},"thumbnailUrl":"https:\/\/thefortune.one\/wp-content\/uploads\/2023\/08\/aaah.jpg","articleSection":["The Fortune.one"],"inLanguage":"pt-BR","potentialAction":[{"@type":"CommentAction","name":"Comment","target":["https:\/\/thefortune.one\/pt\/haddad-corre-risco-de-ver-mare-positiva-da-economia-virar-diante-de-agenda-empacada-no-congresso\/#respond"]}]},{"@type":"WebPage","@id":"https:\/\/thefortune.one\/pt\/haddad-corre-risco-de-ver-mare-positiva-da-economia-virar-diante-de-agenda-empacada-no-congresso\/","url":"https:\/\/thefortune.one\/pt\/haddad-corre-risco-de-ver-mare-positiva-da-economia-virar-diante-de-agenda-empacada-no-congresso\/","name":"Haddad corre risco de ver mar\u00e9 positiva da economia virar diante de agenda empacada no Congresso - The Fortune.one","isPartOf":{"@id":"https:\/\/thefortune.one\/pt\/#website"},"primaryImageOfPage":{"@id":"https:\/\/thefortune.one\/pt\/haddad-corre-risco-de-ver-mare-positiva-da-economia-virar-diante-de-agenda-empacada-no-congresso\/#primaryimage"},"image":{"@id":"https:\/\/thefortune.one\/pt\/haddad-corre-risco-de-ver-mare-positiva-da-economia-virar-diante-de-agenda-empacada-no-congresso\/#primaryimage"},"thumbnailUrl":"https:\/\/thefortune.one\/wp-content\/uploads\/2023\/08\/aaah.jpg","datePublished":"2023-08-21T12:23:26+00:00","description":"Somos especialistas em gest\u00e3o patrimonial, op\u00e7\u00f5es de investimentos para diversos perfis, nosso diferencial \u00e9 comprovado com resultados.","breadcrumb":{"@id":"https:\/\/thefortune.one\/pt\/haddad-corre-risco-de-ver-mare-positiva-da-economia-virar-diante-de-agenda-empacada-no-congresso\/#breadcrumb"},"inLanguage":"pt-BR","potentialAction":[{"@type":"ReadAction","target":["https:\/\/thefortune.one\/pt\/haddad-corre-risco-de-ver-mare-positiva-da-economia-virar-diante-de-agenda-empacada-no-congresso\/"]}]},{"@type":"ImageObject","inLanguage":"pt-BR","@id":"https:\/\/thefortune.one\/pt\/haddad-corre-risco-de-ver-mare-positiva-da-economia-virar-diante-de-agenda-empacada-no-congresso\/#primaryimage","url":"https:\/\/thefortune.one\/wp-content\/uploads\/2023\/08\/aaah.jpg","contentUrl":"https:\/\/thefortune.one\/wp-content\/uploads\/2023\/08\/aaah.jpg","width":380,"height":253},{"@type":"BreadcrumbList","@id":"https:\/\/thefortune.one\/pt\/haddad-corre-risco-de-ver-mare-positiva-da-economia-virar-diante-de-agenda-empacada-no-congresso\/#breadcrumb","itemListElement":[{"@type":"ListItem","position":1,"name":"In\u00edcio","item":"https:\/\/thefortune.one\/pt\/"},{"@type":"ListItem","position":2,"name":"Haddad corre risco de ver mar\u00e9 positiva da economia virar diante de agenda empacada no Congresso"}]},{"@type":"WebSite","@id":"https:\/\/thefortune.one\/pt\/#website","url":"https:\/\/thefortune.one\/pt\/","name":"The Fortune.one","description":"Gestora de Recursos Especializada em Private Equity","publisher":{"@id":"https:\/\/thefortune.one\/pt\/#organization"},"potentialAction":[{"@type":"SearchAction","target":{"@type":"EntryPoint","urlTemplate":"https:\/\/thefortune.one\/pt\/?s={search_term_string}"},"query-input":{"@type":"PropertyValueSpecification","valueRequired":true,"valueName":"search_term_string"}}],"inLanguage":"pt-BR"},{"@type":"Organization","@id":"https:\/\/thefortune.one\/pt\/#organization","name":"The Fortune One","url":"https:\/\/thefortune.one\/pt\/","logo":{"@type":"ImageObject","inLanguage":"pt-BR","@id":"https:\/\/thefortune.one\/pt\/#\/schema\/logo\/image\/","url":"https:\/\/thefortune.one\/wp-content\/uploads\/2022\/11\/cropped-cropped-1651682701199-1.jpg","contentUrl":"https:\/\/thefortune.one\/wp-content\/uploads\/2022\/11\/cropped-cropped-1651682701199-1.jpg","width":369,"height":421,"caption":"The Fortune One"},"image":{"@id":"https:\/\/thefortune.one\/pt\/#\/schema\/logo\/image\/"}},{"@type":"Person","@id":"https:\/\/thefortune.one\/pt\/#\/schema\/person\/6cd8fe72a627d36caabf41815984a16f","name":"bianca","image":{"@type":"ImageObject","inLanguage":"pt-BR","@id":"https:\/\/secure.gravatar.com\/avatar\/66cd7b00d93410555e00d1e6a911a86de0cd0cfa4f83a2f8b47eddc2968c98af?s=96&d=mm&r=g","url":"https:\/\/secure.gravatar.com\/avatar\/66cd7b00d93410555e00d1e6a911a86de0cd0cfa4f83a2f8b47eddc2968c98af?s=96&d=mm&r=g","contentUrl":"https:\/\/secure.gravatar.com\/avatar\/66cd7b00d93410555e00d1e6a911a86de0cd0cfa4f83a2f8b47eddc2968c98af?s=96&d=mm&r=g","caption":"bianca"},"url":"https:\/\/thefortune.one\/pt\/author\/bianca\/"}]}},"_links":{"self":[{"href":"https:\/\/thefortune.one\/pt\/wp-json\/wp\/v2\/posts\/4067","targetHints":{"allow":["GET"]}}],"collection":[{"href":"https:\/\/thefortune.one\/pt\/wp-json\/wp\/v2\/posts"}],"about":[{"href":"https:\/\/thefortune.one\/pt\/wp-json\/wp\/v2\/types\/post"}],"author":[{"embeddable":true,"href":"https:\/\/thefortune.one\/pt\/wp-json\/wp\/v2\/users\/3"}],"replies":[{"embeddable":true,"href":"https:\/\/thefortune.one\/pt\/wp-json\/wp\/v2\/comments?post=4067"}],"version-history":[{"count":1,"href":"https:\/\/thefortune.one\/pt\/wp-json\/wp\/v2\/posts\/4067\/revisions"}],"predecessor-version":[{"id":4070,"href":"https:\/\/thefortune.one\/pt\/wp-json\/wp\/v2\/posts\/4067\/revisions\/4070"}],"wp:featuredmedia":[{"embeddable":true,"href":"https:\/\/thefortune.one\/pt\/wp-json\/wp\/v2\/media\/4069"}],"wp:attachment":[{"href":"https:\/\/thefortune.one\/pt\/wp-json\/wp\/v2\/media?parent=4067"}],"wp:term":[{"taxonomy":"category","embeddable":true,"href":"https:\/\/thefortune.one\/pt\/wp-json\/wp\/v2\/categories?post=4067"},{"taxonomy":"post_tag","embeddable":true,"href":"https:\/\/thefortune.one\/pt\/wp-json\/wp\/v2\/tags?post=4067"}],"curies":[{"name":"wp","href":"https:\/\/api.w.org\/{rel}","templated":true}]}}