{"id":4064,"date":"2023-08-18T13:02:19","date_gmt":"2023-08-18T13:02:19","guid":{"rendered":"https:\/\/thefortune.one\/?p=4064"},"modified":"2023-08-18T13:02:19","modified_gmt":"2023-08-18T13:02:19","slug":"economia-dos-eua-ainda-resiliente-valida-as-perspectivas-mais-otimistas-do-fed","status":"publish","type":"post","link":"https:\/\/thefortune.one\/pt\/economia-dos-eua-ainda-resiliente-valida-as-perspectivas-mais-otimistas-do-fed\/","title":{"rendered":"Economia dos EUA ainda resiliente valida as perspectivas mais otimistas do Fed"},"content":{"rendered":"<p>Pouco depois do pico do \u00edndice de pre\u00e7os ao consumidor (CPI) em junho de 2022, afirmamos que guiar a infla\u00e7\u00e3o de 9,1% para 5,0% seria muito mais f\u00e1cil do que o caminho entre 5,0% e a meta do Federal Reserve (Fed) de 2,0%. Acreditamos que essa vis\u00e3o foi confirmada pelos desenvolvimentos na economia dos Estados Unidos e colocou press\u00e3o adicional sobre o Fed para tomar as pr\u00f3ximas decis\u00f5es de pol\u00edtica corretamente. \u00c9 dentro desse contexto que avaliamos a decis\u00e3o do banco central dos EUA de elevar sua\u00a0<a href=\"https:\/\/br.investing.com\/economic-calendar\/fed-interest-rate-decision-168\">taxa de juros<\/a>\u00a0de refer\u00eancia para uma faixa de 5,25% a 5,50%.<\/p>\n\n\n\n<p>Consideramos que a medida do Fed est\u00e1 bem fundamentada, uma vez que a economia dos EUA entrou em um per\u00edodo em que avan\u00e7os adicionais contra a infla\u00e7\u00e3o provavelmente ser\u00e3o dif\u00edceis. O CPI central est\u00e1 em 4,8%, ainda elevado, e &#8211; para aqueles que n\u00e3o est\u00e3o prestando aten\u00e7\u00e3o &#8211; o \u00edndice de pre\u00e7os ao consumo pessoal (<a href=\"https:\/\/br.investing.com\/economic-calendar\/pce-prices-1571\">PCE<\/a>) central preferido pelo Fed caiu apenas de um pico do ciclo de 5,4% para 4,6%. Isso est\u00e1 bem acima da zona de conforto do presidente do Fed, Jerome Powell, um ponto que ele repetiu consistentemente nos quase um ano desde seu contundente discurso em Jackson Hole, no qual afirmou que controlar a infla\u00e7\u00e3o era o foco central do banco central no momento.<\/p>\n\n\n\n<p><strong>A infla\u00e7\u00e3o central est\u00e1 provando ser persistente<\/strong><\/p>\n\n\n\n<p><em>Com o mercado de trabalho e o consumo nos Estados Unidos continuando em andamento, a campanha do Fed para conduzir a infla\u00e7\u00e3o central em dire\u00e7\u00e3o \u00e0 sua zona de conforto de 2,0% est\u00e1 longe de ser conclu\u00edda.<\/em><\/p>\n\n\n\n<figure class=\"wp-block-image\"><img decoding=\"async\" src=\"https:\/\/d30-invdn-com.investing.com\/content\/2ec78ffc0d621cbd327f5d5ea8f41047.png\" alt=\"\" title=\"\" \/><\/figure>\n\n\n\n<p>Algumas partes da comunidade de investidores parecem n\u00e3o estar percebendo esses desenvolvimentos. O \u00edndice S&amp;P 500\u00ae est\u00e1 a menos de 5,0% abaixo de sua m\u00e1xima recorde no in\u00edcio de 2022, e a diferen\u00e7a entre os rendimentos dos t\u00edtulos corporativos de alto rendimento e os de seus benchmarks livres de risco caiu mais de 25% desde mar\u00e7o passado. O fato de ativos mais arriscados estarem se valorizando tanto pode indicar que os investidores possivelmente esperam uma mudan\u00e7a de pol\u00edtica monet\u00e1ria em dire\u00e7\u00e3o a uma postura mais dovish.<\/p>\n\n\n\n<p>Embora tamb\u00e9m acreditemos que estamos nos aproximando do final do ciclo atual de aumento de taxas, sentimos a necessidade de adotar uma avalia\u00e7\u00e3o mais cautelosa em rela\u00e7\u00e3o a uma virada na pol\u00edtica, uma vez que a inclina\u00e7\u00e3o hawkish do Fed parece estar intacta.<\/p>\n\n\n\n<h2 class=\"wp-block-heading\">Tens\u00f5es crescentes?<\/h2>\n\n\n\n<p>O Presidente Powell habilmente construiu consenso dentro do Comit\u00ea Federal de Mercado Aberto (FOMC), sinalizando que os membros votantes est\u00e3o priorizando o retorno da infla\u00e7\u00e3o a n\u00edveis que sejam muito menos punitivos para os consumidores americanos. No entanto, acreditamos que a decis\u00e3o un\u00e2nime de pausar os aumentos de taxa em junho foi talvez &#8220;un\u00e2nime&#8221; apenas de nome. Em vez disso, acreditamos que essa decis\u00e3o foi um compromisso impl\u00edcito entre as alas hawkish e mais centradas do Fed, com as pombas remanescentes sendo relegadas \u00e0s margens at\u00e9 que a economia mostre sinais mais vis\u00edveis de enfraquecimento. Os hawks t\u00eam se concentrado na lenta queda dos pre\u00e7os do n\u00facleo do PCE, enquanto os centristas provavelmente t\u00eam medo de que os 16 meses de aperto anterior inevitavelmente paralisem a economia dos EUA.<\/p>\n\n\n\n<p>Nesta semana, os hawks conseguiram o aumento de 25 pontos base (pb) e os centristas tiveram tempo para analisar dados adicionais. Seis semanas se passaram desde a reuni\u00e3o de junho e mais oito semanas se passar\u00e3o at\u00e9 a atualiza\u00e7\u00e3o das proje\u00e7\u00f5es econ\u00f4micas do Fed em setembro. Juntos, isso representa mais de um quarto de ano de atividade econ\u00f4mica para examinar. At\u00e9 agora, parece que os centristas podem respirar mais aliviados, pois uma das mudan\u00e7as not\u00e1veis na declara\u00e7\u00e3o do Fed foi que agora ele v\u00ea a economia dos EUA expandindo a um ritmo moderado, em vez do ritmo modesto mencionado em junho.<\/p>\n\n\n\n<p>Essa melhoria provavelmente faz com que os hawks do Fed se sintam justificados por obter a op\u00e7\u00e3o de aumentar as taxas em mais 25 pb em algum momento. Quando questionado, o Chairman Powell n\u00e3o se comprometeu com a imin\u00eancia de outro aumento. Nossa vis\u00e3o \u00e9 que a combina\u00e7\u00e3o de dados econ\u00f4micos favor\u00e1veis e a continua\u00e7\u00e3o da unanimidade entre os votantes do Fed, se algo, mant\u00e9m a possibilidade de um aumento adicional na taxa em jogo.<\/p>\n\n\n\n<h2 class=\"wp-block-heading\">Sinais conflitantes?<\/h2>\n\n\n\n<p>A perman\u00eancia da infla\u00e7\u00e3o subjacente bem acima de 4,0% indica que o trabalho n\u00e3o est\u00e1 conclu\u00eddo. Se o objetivo dos aumentos de taxa era pressionar o mercado de trabalho, at\u00e9 agora n\u00e3o teve sucesso. Os ganhos de empregos n\u00e3o agr\u00edcolas nos EUA t\u00eam uma m\u00e9dia de 239.000 nos \u00faltimos cinco meses, bem abaixo do ritmo fren\u00e9tico de 399.000 em 2022, mas ainda dentro da faixa que sinaliza um mercado de trabalho saud\u00e1vel.<\/p>\n\n\n\n<p>De outra pesquisa, a taxa de desemprego est\u00e1 em 3,6%, um pouco acima de sua m\u00ednima hist\u00f3rica. O consumo por muitas medidas permanece s\u00f3lido. As vendas no varejo, excluindo bens, gasolina e materiais de constru\u00e7\u00e3o, superaram a previs\u00e3o consensual na maior parte do ano, e embora tenha ca\u00eddo de 3,5% no primeiro trimestre, as vendas finais ajustadas \u00e0 infla\u00e7\u00e3o para compradores privados dom\u00e9sticos atingiram um respeit\u00e1vel 2,3% anualizado no segundo trimestre.<\/p>\n\n\n\n<p>No entanto, segmentos mais intensivos em capital da economia se enfraqueceram, dada sua maior sensibilidade \u00e0s taxas de juros. As permiss\u00f5es de constru\u00e7\u00e3o residencial est\u00e3o em queda e os pre\u00e7os nacionais das casas, calculados com base em um \u00edndice amplamente acompanhado2, ca\u00edram por tr\u00eas meses consecutivos &#8211; sua primeira incurs\u00e3o em territ\u00f3rio negativo desde que os EUA sa\u00edram de sua crise habitacional. Na ind\u00fastria, o \u00cdndice de Gerentes de Compras do Instituto de Gest\u00e3o de Suprimentos tem estado em territ\u00f3rio de contra\u00e7\u00e3o por oito meses. Esses s\u00e3o os dados que fazem os centristas do Fed perderem o sono.<\/p>\n\n\n\n<h2 class=\"wp-block-heading\">O que isso significa para os mercados<\/h2>\n\n\n\n<p>Nas semanas entre as reuni\u00f5es de junho e julho do Fed, o mercado aceitou lentamente a ideia de que um aumento de taxa no meio do ver\u00e3o era inevit\u00e1vel. Com base nos sinais dos mercados futuros, os investidores t\u00eam sido mais cautelosos em rela\u00e7\u00e3o a outro &#8211; talvez final &#8211; aumento de 25 pb que possa ocorrer at\u00e9 o final do ano. Os mercados futuros est\u00e3o precificando a taxa de fundos federais terminando 2023 no n\u00edvel atual e caindo 1,25 pontos percentuais, para 4,25%, at\u00e9 dezembro de 2024. Em contraste, a pesquisa mais recente de &#8220;Dots&#8221; do Fed, al\u00e9m de projetar outro aumento de 25 pb neste ano, indica que as taxas provavelmente estar\u00e3o em 4,75% em dezembro de 2024.<\/p>\n\n\n\n<p><strong>N\u00edvel da taxa-alvo dos fundos federais impl\u00edcita no mercado de futuros<\/strong><\/p>\n\n\n\n<p><em>Em contraste com a pesquisa interna do Fed e os dados econ\u00f4micos resilientes dos EUA, o mercado de futuros espera que as taxas de pol\u00edtica monet\u00e1ria comecem a cair acentuadamente at\u00e9 o in\u00edcio de 2024.<\/em><\/p>\n\n\n\n<figure class=\"wp-block-image\"><img decoding=\"async\" src=\"https:\/\/d30-invdn-com.investing.com\/content\/f6316c29735c254881ef0f601f800b34.png\" alt=\"\" title=\"\" \/><\/figure>\n\n\n\n<p>Agora que o teto da taxa de pol\u00edtica est\u00e1 (quase) definido, acreditamos que as vis\u00f5es divergentes do Fed e do mercado se devem em grande parte a quanto tempo cada um desses grupos acredita que as taxas permanecer\u00e3o no pico do ciclo. Nossa vis\u00e3o \u00e9 que, enquanto a amea\u00e7a de um aumento adicional de 25 pontos-base for uma possibilidade, juntamente com a ambiguidade intencional sobre quando os cortes nas taxas come\u00e7ar\u00e3o, os rendimentos dos t\u00edtulos do Tesouro de curto e m\u00e9dio prazo provavelmente permanecer\u00e3o pr\u00f3ximos ao limite superior de sua faixa atual.<\/p>\n\n\n\n<p>\u00c9 importante destacar que, a menos que ocorram perturba\u00e7\u00f5es econ\u00f4micas ou geopol\u00edticas imprevistas, n\u00e3o esperamos que os t\u00edtulos de curto a m\u00e9dio prazo se valorizem at\u00e9 que fique claro que o Fed tem a latitude para pausar &#8211; e eventualmente reduzir &#8211; sua taxa de pol\u00edtica, o que n\u00e3o acreditamos que acontecer\u00e1 at\u00e9 a infla\u00e7\u00e3o cair ainda mais. Isso pode n\u00e3o ocorrer at\u00e9 bem em 2024.<\/p>\n\n\n\n<p>At\u00e9 l\u00e1, esperamos que grande parte da curva de rendimento permane\u00e7a dentro de uma faixa e que os dados divulgados entre agora e setembro gerem alguma volatilidade moderada. Portanto, acreditamos que ativos mais arriscados devem ser abordados com relativa cautela, dadas as avalia\u00e7\u00f5es atuais. Por fim, \u00e9 nossa opini\u00e3o que um enfraquecimento econ\u00f4mico adicional provavelmente ser\u00e1 o pre\u00e7o que o Fed ter\u00e1 que pagar para alcan\u00e7ar seu objetivo de deixar para tr\u00e1s esse hist\u00f3rico epis\u00f3dio de infla\u00e7\u00e3o.<\/p>\n\n\n\n<p>Fonte:https:\/\/br.investing.com\/analysis\/economia-dos-eua-ainda-resiliente-valida-as-perspectivas-mais-otimistas-do-fed-200459055<\/p>\n\n\n\n<p><\/p>","protected":false},"excerpt":{"rendered":"<p>Pouco depois do pico do \u00edndice de pre\u00e7os ao consumidor (CPI) em junho de 2022, afirmamos que guiar a infla\u00e7\u00e3o de 9,1% para 5,0% seria muito mais f\u00e1cil do que o caminho entre 5,0% e a meta do Federal Reserve (Fed) de 2,0%. Acreditamos que essa vis\u00e3o foi confirmada pelos desenvolvimentos na economia dos Estados [&hellip;]<\/p>\n","protected":false},"author":3,"featured_media":4065,"comment_status":"open","ping_status":"open","sticky":false,"template":"","format":"standard","meta":{"_joinchat":[],"footnotes":""},"categories":[1],"tags":[],"class_list":["post-4064","post","type-post","status-publish","format-standard","has-post-thumbnail","hentry","category-the-fortune-one"],"yoast_head":"<!-- This site is optimized with the Yoast SEO plugin v27.5 - https:\/\/yoast.com\/product\/yoast-seo-wordpress\/ -->\n<title>Economia dos EUA ainda resiliente valida as perspectivas mais otimistas do Fed - The Fortune.one<\/title>\n<meta name=\"description\" content=\"Somos especialistas em gest\u00e3o patrimonial, op\u00e7\u00f5es de investimentos para diversos perfis, nosso diferencial \u00e9 comprovado com resultados.\" \/>\n<meta name=\"robots\" content=\"index, follow, max-snippet:-1, max-image-preview:large, max-video-preview:-1\" \/>\n<link rel=\"canonical\" href=\"https:\/\/thefortune.one\/pt\/economia-dos-eua-ainda-resiliente-valida-as-perspectivas-mais-otimistas-do-fed\/\" \/>\n<meta property=\"og:locale\" content=\"pt_BR\" \/>\n<meta property=\"og:type\" content=\"article\" \/>\n<meta property=\"og:title\" content=\"Economia dos EUA ainda resiliente valida as perspectivas mais otimistas do Fed - The Fortune.one\" \/>\n<meta property=\"og:description\" content=\"Somos especialistas em gest\u00e3o patrimonial, op\u00e7\u00f5es de investimentos para diversos perfis, nosso diferencial \u00e9 comprovado com resultados.\" \/>\n<meta property=\"og:url\" content=\"https:\/\/thefortune.one\/pt\/economia-dos-eua-ainda-resiliente-valida-as-perspectivas-mais-otimistas-do-fed\/\" \/>\n<meta property=\"og:site_name\" content=\"The Fortune.one\" \/>\n<meta property=\"article:published_time\" content=\"2023-08-18T13:02:19+00:00\" \/>\n<meta property=\"og:image\" content=\"https:\/\/thefortune.one\/wp-content\/uploads\/2023\/08\/grafico.jpg\" \/>\n\t<meta property=\"og:image:width\" content=\"620\" \/>\n\t<meta property=\"og:image:height\" content=\"397\" \/>\n\t<meta property=\"og:image:type\" content=\"image\/jpeg\" \/>\n<meta name=\"author\" content=\"bianca\" \/>\n<meta name=\"twitter:card\" content=\"summary_large_image\" \/>\n<meta name=\"twitter:label1\" content=\"Escrito por\" \/>\n\t<meta name=\"twitter:data1\" content=\"bianca\" \/>\n\t<meta name=\"twitter:label2\" content=\"Est. tempo de leitura\" \/>\n\t<meta name=\"twitter:data2\" content=\"7 minutos\" \/>\n<script type=\"application\/ld+json\" class=\"yoast-schema-graph\">{\"@context\":\"https:\\\/\\\/schema.org\",\"@graph\":[{\"@type\":\"Article\",\"@id\":\"https:\\\/\\\/thefortune.one\\\/pt\\\/economia-dos-eua-ainda-resiliente-valida-as-perspectivas-mais-otimistas-do-fed\\\/#article\",\"isPartOf\":{\"@id\":\"https:\\\/\\\/thefortune.one\\\/pt\\\/economia-dos-eua-ainda-resiliente-valida-as-perspectivas-mais-otimistas-do-fed\\\/\"},\"author\":{\"name\":\"bianca\",\"@id\":\"https:\\\/\\\/thefortune.one\\\/pt\\\/#\\\/schema\\\/person\\\/6cd8fe72a627d36caabf41815984a16f\"},\"headline\":\"Economia dos EUA ainda resiliente valida as perspectivas mais otimistas do Fed\",\"datePublished\":\"2023-08-18T13:02:19+00:00\",\"mainEntityOfPage\":{\"@id\":\"https:\\\/\\\/thefortune.one\\\/pt\\\/economia-dos-eua-ainda-resiliente-valida-as-perspectivas-mais-otimistas-do-fed\\\/\"},\"wordCount\":1477,\"commentCount\":0,\"publisher\":{\"@id\":\"https:\\\/\\\/thefortune.one\\\/pt\\\/#organization\"},\"image\":{\"@id\":\"https:\\\/\\\/thefortune.one\\\/pt\\\/economia-dos-eua-ainda-resiliente-valida-as-perspectivas-mais-otimistas-do-fed\\\/#primaryimage\"},\"thumbnailUrl\":\"https:\\\/\\\/thefortune.one\\\/wp-content\\\/uploads\\\/2023\\\/08\\\/grafico.jpg\",\"articleSection\":[\"The Fortune.one\"],\"inLanguage\":\"pt-BR\",\"potentialAction\":[{\"@type\":\"CommentAction\",\"name\":\"Comment\",\"target\":[\"https:\\\/\\\/thefortune.one\\\/pt\\\/economia-dos-eua-ainda-resiliente-valida-as-perspectivas-mais-otimistas-do-fed\\\/#respond\"]}]},{\"@type\":\"WebPage\",\"@id\":\"https:\\\/\\\/thefortune.one\\\/pt\\\/economia-dos-eua-ainda-resiliente-valida-as-perspectivas-mais-otimistas-do-fed\\\/\",\"url\":\"https:\\\/\\\/thefortune.one\\\/pt\\\/economia-dos-eua-ainda-resiliente-valida-as-perspectivas-mais-otimistas-do-fed\\\/\",\"name\":\"Economia dos EUA ainda resiliente valida as perspectivas mais otimistas do Fed - The Fortune.one\",\"isPartOf\":{\"@id\":\"https:\\\/\\\/thefortune.one\\\/pt\\\/#website\"},\"primaryImageOfPage\":{\"@id\":\"https:\\\/\\\/thefortune.one\\\/pt\\\/economia-dos-eua-ainda-resiliente-valida-as-perspectivas-mais-otimistas-do-fed\\\/#primaryimage\"},\"image\":{\"@id\":\"https:\\\/\\\/thefortune.one\\\/pt\\\/economia-dos-eua-ainda-resiliente-valida-as-perspectivas-mais-otimistas-do-fed\\\/#primaryimage\"},\"thumbnailUrl\":\"https:\\\/\\\/thefortune.one\\\/wp-content\\\/uploads\\\/2023\\\/08\\\/grafico.jpg\",\"datePublished\":\"2023-08-18T13:02:19+00:00\",\"description\":\"Somos especialistas em gest\u00e3o patrimonial, op\u00e7\u00f5es de investimentos para diversos perfis, nosso diferencial \u00e9 comprovado com resultados.\",\"breadcrumb\":{\"@id\":\"https:\\\/\\\/thefortune.one\\\/pt\\\/economia-dos-eua-ainda-resiliente-valida-as-perspectivas-mais-otimistas-do-fed\\\/#breadcrumb\"},\"inLanguage\":\"pt-BR\",\"potentialAction\":[{\"@type\":\"ReadAction\",\"target\":[\"https:\\\/\\\/thefortune.one\\\/pt\\\/economia-dos-eua-ainda-resiliente-valida-as-perspectivas-mais-otimistas-do-fed\\\/\"]}]},{\"@type\":\"ImageObject\",\"inLanguage\":\"pt-BR\",\"@id\":\"https:\\\/\\\/thefortune.one\\\/pt\\\/economia-dos-eua-ainda-resiliente-valida-as-perspectivas-mais-otimistas-do-fed\\\/#primaryimage\",\"url\":\"https:\\\/\\\/thefortune.one\\\/wp-content\\\/uploads\\\/2023\\\/08\\\/grafico.jpg\",\"contentUrl\":\"https:\\\/\\\/thefortune.one\\\/wp-content\\\/uploads\\\/2023\\\/08\\\/grafico.jpg\",\"width\":620,\"height\":397},{\"@type\":\"BreadcrumbList\",\"@id\":\"https:\\\/\\\/thefortune.one\\\/pt\\\/economia-dos-eua-ainda-resiliente-valida-as-perspectivas-mais-otimistas-do-fed\\\/#breadcrumb\",\"itemListElement\":[{\"@type\":\"ListItem\",\"position\":1,\"name\":\"In\u00edcio\",\"item\":\"https:\\\/\\\/thefortune.one\\\/pt\\\/\"},{\"@type\":\"ListItem\",\"position\":2,\"name\":\"Economia dos EUA ainda resiliente valida as perspectivas mais otimistas do Fed\"}]},{\"@type\":\"WebSite\",\"@id\":\"https:\\\/\\\/thefortune.one\\\/pt\\\/#website\",\"url\":\"https:\\\/\\\/thefortune.one\\\/pt\\\/\",\"name\":\"The Fortune.one\",\"description\":\"Gestora de Recursos Especializada em Private Equity\",\"publisher\":{\"@id\":\"https:\\\/\\\/thefortune.one\\\/pt\\\/#organization\"},\"potentialAction\":[{\"@type\":\"SearchAction\",\"target\":{\"@type\":\"EntryPoint\",\"urlTemplate\":\"https:\\\/\\\/thefortune.one\\\/pt\\\/?s={search_term_string}\"},\"query-input\":{\"@type\":\"PropertyValueSpecification\",\"valueRequired\":true,\"valueName\":\"search_term_string\"}}],\"inLanguage\":\"pt-BR\"},{\"@type\":\"Organization\",\"@id\":\"https:\\\/\\\/thefortune.one\\\/pt\\\/#organization\",\"name\":\"The Fortune One\",\"url\":\"https:\\\/\\\/thefortune.one\\\/pt\\\/\",\"logo\":{\"@type\":\"ImageObject\",\"inLanguage\":\"pt-BR\",\"@id\":\"https:\\\/\\\/thefortune.one\\\/pt\\\/#\\\/schema\\\/logo\\\/image\\\/\",\"url\":\"https:\\\/\\\/thefortune.one\\\/wp-content\\\/uploads\\\/2022\\\/11\\\/cropped-cropped-1651682701199-1.jpg\",\"contentUrl\":\"https:\\\/\\\/thefortune.one\\\/wp-content\\\/uploads\\\/2022\\\/11\\\/cropped-cropped-1651682701199-1.jpg\",\"width\":369,\"height\":421,\"caption\":\"The Fortune One\"},\"image\":{\"@id\":\"https:\\\/\\\/thefortune.one\\\/pt\\\/#\\\/schema\\\/logo\\\/image\\\/\"}},{\"@type\":\"Person\",\"@id\":\"https:\\\/\\\/thefortune.one\\\/pt\\\/#\\\/schema\\\/person\\\/6cd8fe72a627d36caabf41815984a16f\",\"name\":\"bianca\",\"image\":{\"@type\":\"ImageObject\",\"inLanguage\":\"pt-BR\",\"@id\":\"https:\\\/\\\/secure.gravatar.com\\\/avatar\\\/66cd7b00d93410555e00d1e6a911a86de0cd0cfa4f83a2f8b47eddc2968c98af?s=96&d=mm&r=g\",\"url\":\"https:\\\/\\\/secure.gravatar.com\\\/avatar\\\/66cd7b00d93410555e00d1e6a911a86de0cd0cfa4f83a2f8b47eddc2968c98af?s=96&d=mm&r=g\",\"contentUrl\":\"https:\\\/\\\/secure.gravatar.com\\\/avatar\\\/66cd7b00d93410555e00d1e6a911a86de0cd0cfa4f83a2f8b47eddc2968c98af?s=96&d=mm&r=g\",\"caption\":\"bianca\"},\"url\":\"https:\\\/\\\/thefortune.one\\\/pt\\\/author\\\/bianca\\\/\"}]}<\/script>\n<!-- \/ Yoast SEO plugin. -->","yoast_head_json":{"title":"Economia dos EUA ainda resiliente valida as perspectivas mais otimistas do Fed - The Fortune.one","description":"Somos especialistas em gest\u00e3o patrimonial, op\u00e7\u00f5es de investimentos para diversos perfis, nosso diferencial \u00e9 comprovado com resultados.","robots":{"index":"index","follow":"follow","max-snippet":"max-snippet:-1","max-image-preview":"max-image-preview:large","max-video-preview":"max-video-preview:-1"},"canonical":"https:\/\/thefortune.one\/pt\/economia-dos-eua-ainda-resiliente-valida-as-perspectivas-mais-otimistas-do-fed\/","og_locale":"pt_BR","og_type":"article","og_title":"Economia dos EUA ainda resiliente valida as perspectivas mais otimistas do Fed - The Fortune.one","og_description":"Somos especialistas em gest\u00e3o patrimonial, op\u00e7\u00f5es de investimentos para diversos perfis, nosso diferencial \u00e9 comprovado com resultados.","og_url":"https:\/\/thefortune.one\/pt\/economia-dos-eua-ainda-resiliente-valida-as-perspectivas-mais-otimistas-do-fed\/","og_site_name":"The Fortune.one","article_published_time":"2023-08-18T13:02:19+00:00","og_image":[{"width":620,"height":397,"url":"https:\/\/thefortune.one\/wp-content\/uploads\/2023\/08\/grafico.jpg","type":"image\/jpeg"}],"author":"bianca","twitter_card":"summary_large_image","twitter_misc":{"Escrito por":"bianca","Est. tempo de leitura":"7 minutos"},"schema":{"@context":"https:\/\/schema.org","@graph":[{"@type":"Article","@id":"https:\/\/thefortune.one\/pt\/economia-dos-eua-ainda-resiliente-valida-as-perspectivas-mais-otimistas-do-fed\/#article","isPartOf":{"@id":"https:\/\/thefortune.one\/pt\/economia-dos-eua-ainda-resiliente-valida-as-perspectivas-mais-otimistas-do-fed\/"},"author":{"name":"bianca","@id":"https:\/\/thefortune.one\/pt\/#\/schema\/person\/6cd8fe72a627d36caabf41815984a16f"},"headline":"Economia dos EUA ainda resiliente valida as perspectivas mais otimistas do Fed","datePublished":"2023-08-18T13:02:19+00:00","mainEntityOfPage":{"@id":"https:\/\/thefortune.one\/pt\/economia-dos-eua-ainda-resiliente-valida-as-perspectivas-mais-otimistas-do-fed\/"},"wordCount":1477,"commentCount":0,"publisher":{"@id":"https:\/\/thefortune.one\/pt\/#organization"},"image":{"@id":"https:\/\/thefortune.one\/pt\/economia-dos-eua-ainda-resiliente-valida-as-perspectivas-mais-otimistas-do-fed\/#primaryimage"},"thumbnailUrl":"https:\/\/thefortune.one\/wp-content\/uploads\/2023\/08\/grafico.jpg","articleSection":["The Fortune.one"],"inLanguage":"pt-BR","potentialAction":[{"@type":"CommentAction","name":"Comment","target":["https:\/\/thefortune.one\/pt\/economia-dos-eua-ainda-resiliente-valida-as-perspectivas-mais-otimistas-do-fed\/#respond"]}]},{"@type":"WebPage","@id":"https:\/\/thefortune.one\/pt\/economia-dos-eua-ainda-resiliente-valida-as-perspectivas-mais-otimistas-do-fed\/","url":"https:\/\/thefortune.one\/pt\/economia-dos-eua-ainda-resiliente-valida-as-perspectivas-mais-otimistas-do-fed\/","name":"Economia dos EUA ainda resiliente valida as perspectivas mais otimistas do Fed - The Fortune.one","isPartOf":{"@id":"https:\/\/thefortune.one\/pt\/#website"},"primaryImageOfPage":{"@id":"https:\/\/thefortune.one\/pt\/economia-dos-eua-ainda-resiliente-valida-as-perspectivas-mais-otimistas-do-fed\/#primaryimage"},"image":{"@id":"https:\/\/thefortune.one\/pt\/economia-dos-eua-ainda-resiliente-valida-as-perspectivas-mais-otimistas-do-fed\/#primaryimage"},"thumbnailUrl":"https:\/\/thefortune.one\/wp-content\/uploads\/2023\/08\/grafico.jpg","datePublished":"2023-08-18T13:02:19+00:00","description":"Somos especialistas em gest\u00e3o patrimonial, op\u00e7\u00f5es de investimentos para diversos perfis, nosso diferencial \u00e9 comprovado com resultados.","breadcrumb":{"@id":"https:\/\/thefortune.one\/pt\/economia-dos-eua-ainda-resiliente-valida-as-perspectivas-mais-otimistas-do-fed\/#breadcrumb"},"inLanguage":"pt-BR","potentialAction":[{"@type":"ReadAction","target":["https:\/\/thefortune.one\/pt\/economia-dos-eua-ainda-resiliente-valida-as-perspectivas-mais-otimistas-do-fed\/"]}]},{"@type":"ImageObject","inLanguage":"pt-BR","@id":"https:\/\/thefortune.one\/pt\/economia-dos-eua-ainda-resiliente-valida-as-perspectivas-mais-otimistas-do-fed\/#primaryimage","url":"https:\/\/thefortune.one\/wp-content\/uploads\/2023\/08\/grafico.jpg","contentUrl":"https:\/\/thefortune.one\/wp-content\/uploads\/2023\/08\/grafico.jpg","width":620,"height":397},{"@type":"BreadcrumbList","@id":"https:\/\/thefortune.one\/pt\/economia-dos-eua-ainda-resiliente-valida-as-perspectivas-mais-otimistas-do-fed\/#breadcrumb","itemListElement":[{"@type":"ListItem","position":1,"name":"In\u00edcio","item":"https:\/\/thefortune.one\/pt\/"},{"@type":"ListItem","position":2,"name":"Economia dos EUA ainda resiliente valida as perspectivas mais otimistas do Fed"}]},{"@type":"WebSite","@id":"https:\/\/thefortune.one\/pt\/#website","url":"https:\/\/thefortune.one\/pt\/","name":"The Fortune.one","description":"Gestora de Recursos Especializada em Private Equity","publisher":{"@id":"https:\/\/thefortune.one\/pt\/#organization"},"potentialAction":[{"@type":"SearchAction","target":{"@type":"EntryPoint","urlTemplate":"https:\/\/thefortune.one\/pt\/?s={search_term_string}"},"query-input":{"@type":"PropertyValueSpecification","valueRequired":true,"valueName":"search_term_string"}}],"inLanguage":"pt-BR"},{"@type":"Organization","@id":"https:\/\/thefortune.one\/pt\/#organization","name":"The Fortune One","url":"https:\/\/thefortune.one\/pt\/","logo":{"@type":"ImageObject","inLanguage":"pt-BR","@id":"https:\/\/thefortune.one\/pt\/#\/schema\/logo\/image\/","url":"https:\/\/thefortune.one\/wp-content\/uploads\/2022\/11\/cropped-cropped-1651682701199-1.jpg","contentUrl":"https:\/\/thefortune.one\/wp-content\/uploads\/2022\/11\/cropped-cropped-1651682701199-1.jpg","width":369,"height":421,"caption":"The Fortune One"},"image":{"@id":"https:\/\/thefortune.one\/pt\/#\/schema\/logo\/image\/"}},{"@type":"Person","@id":"https:\/\/thefortune.one\/pt\/#\/schema\/person\/6cd8fe72a627d36caabf41815984a16f","name":"bianca","image":{"@type":"ImageObject","inLanguage":"pt-BR","@id":"https:\/\/secure.gravatar.com\/avatar\/66cd7b00d93410555e00d1e6a911a86de0cd0cfa4f83a2f8b47eddc2968c98af?s=96&d=mm&r=g","url":"https:\/\/secure.gravatar.com\/avatar\/66cd7b00d93410555e00d1e6a911a86de0cd0cfa4f83a2f8b47eddc2968c98af?s=96&d=mm&r=g","contentUrl":"https:\/\/secure.gravatar.com\/avatar\/66cd7b00d93410555e00d1e6a911a86de0cd0cfa4f83a2f8b47eddc2968c98af?s=96&d=mm&r=g","caption":"bianca"},"url":"https:\/\/thefortune.one\/pt\/author\/bianca\/"}]}},"_links":{"self":[{"href":"https:\/\/thefortune.one\/pt\/wp-json\/wp\/v2\/posts\/4064","targetHints":{"allow":["GET"]}}],"collection":[{"href":"https:\/\/thefortune.one\/pt\/wp-json\/wp\/v2\/posts"}],"about":[{"href":"https:\/\/thefortune.one\/pt\/wp-json\/wp\/v2\/types\/post"}],"author":[{"embeddable":true,"href":"https:\/\/thefortune.one\/pt\/wp-json\/wp\/v2\/users\/3"}],"replies":[{"embeddable":true,"href":"https:\/\/thefortune.one\/pt\/wp-json\/wp\/v2\/comments?post=4064"}],"version-history":[{"count":1,"href":"https:\/\/thefortune.one\/pt\/wp-json\/wp\/v2\/posts\/4064\/revisions"}],"predecessor-version":[{"id":4066,"href":"https:\/\/thefortune.one\/pt\/wp-json\/wp\/v2\/posts\/4064\/revisions\/4066"}],"wp:featuredmedia":[{"embeddable":true,"href":"https:\/\/thefortune.one\/pt\/wp-json\/wp\/v2\/media\/4065"}],"wp:attachment":[{"href":"https:\/\/thefortune.one\/pt\/wp-json\/wp\/v2\/media?parent=4064"}],"wp:term":[{"taxonomy":"category","embeddable":true,"href":"https:\/\/thefortune.one\/pt\/wp-json\/wp\/v2\/categories?post=4064"},{"taxonomy":"post_tag","embeddable":true,"href":"https:\/\/thefortune.one\/pt\/wp-json\/wp\/v2\/tags?post=4064"}],"curies":[{"name":"wp","href":"https:\/\/api.w.org\/{rel}","templated":true}]}}