{"id":4022,"date":"2023-08-10T12:56:28","date_gmt":"2023-08-10T12:56:28","guid":{"rendered":"https:\/\/thefortune.one\/?p=4022"},"modified":"2023-08-10T12:56:28","modified_gmt":"2023-08-10T12:56:28","slug":"meta-fiscal-para-2024-e-ambiciosa-mas-plenamente-possivel-cumprir-diz-guilherme-mello","status":"publish","type":"post","link":"https:\/\/thefortune.one\/pt\/meta-fiscal-para-2024-e-ambiciosa-mas-plenamente-possivel-cumprir-diz-guilherme-mello\/","title":{"rendered":"Meta fiscal para 2024 \u00e9 \u2018ambiciosa\u2019, \u2018mas plenamente poss\u00edvel\u2019 cumprir, diz Guilherme Mello"},"content":{"rendered":"<p>Representante do governo afirmou ainda que a infla\u00e7\u00e3o pode convergir para a meta neste ano<\/p>\n\n\n\n<figure class=\"wp-block-image\"><img decoding=\"async\" src=\"https:\/\/inteligenciafinanceira.com.br\/wp-content\/uploads\/2023\/08\/guilherme-mello-spe-ministerio-da-fazenda.jpg?w=833&amp;h=469&amp;crop=1\" alt=\"Foto de Guilherme Mello, secret\u00e1rio da Fazenda. Ele usa \u00f3culos, tem barba e veste terno.\" \/><figcaption class=\"wp-element-caption\">Guilherme Mello, secret\u00e1rio de Pol\u00edtica Econ\u00f4mica do Minist\u00e9rio da Fazenda. Foto: Washington Costa\/MF<\/figcaption><\/figure>\n\n\n\n<p>O Secret\u00e1rio de Pol\u00edtica Econ\u00f4mica do Minist\u00e9rio da Fazenda, Guilherme Mello, afirma que \u00e9 \u201cplenamente poss\u00edvel de cumprir a meta fiscal em 2024\u201d e zerar o d\u00e9ficit prim\u00e1rio do governo.<\/p>\n\n\n\n<p>Em\u00a0<a href=\"https:\/\/inteligenciafinanceira.com.br\/assunto\/entrevista\/\">entrevista<\/a>\u00a0exclusiva \u00e0<strong>\u00a0Intelig\u00eancia Financeira<\/strong>, Mello disse que o governo deve enviar ao Congresso o Projeto de Lei Or\u00e7ament\u00e1ria (PLOA) para 2024 com a lista de medidas previstas pelo governo para zerar o d\u00e9ficit em rela\u00e7\u00e3o ao PIB no ano que vem.<\/p>\n\n\n\n<p>Hoje, nos doze meses encerrados em junho, o setor p\u00fablico registrou d\u00e9ficit equivalente a 0,24% do PIB. Ou R$ 24,3 bilh\u00f5es.<\/p>\n\n\n\n<p>Para o secret\u00e1rio da Fazenda, a proje\u00e7\u00e3o das receitas calculada pela Receita Federal \u201csempre \u00e9 conservadora\u201d. Ou seja, pode haver uma surpresa positiva com a arrecada\u00e7\u00e3o do governo.<\/p>\n\n\n\n<h2 class=\"wp-block-heading\" id=\"h-orcamento-de-2024-sera-entregue-com-meta-do-arcabouco-fiscal\">Or\u00e7amento de 2024 ser\u00e1 entregue com meta do arcabou\u00e7o fiscal<\/h2>\n\n\n\n<p>O PLOA 2024 ser\u00e1 encaminhado ao parlamento com as estimativas do arcabou\u00e7o fiscal. A nova regra prev\u00ea o controle do d\u00e9ficit em 0% no ano que vem, dentro da banda de 0,25% para mais ou para menos.<\/p>\n\n\n\n<p>Para Guilherme Mello, al\u00e9m de as estimativas de receita com vi\u00e9s positivo, a Fazenda ir\u00e1 elencar \u201cuma s\u00e9rie de medidas para recompor a base fiscal do Estado e permitir que ano que vem o d\u00e9ficit seja zero\u201d. De acordo com o secret\u00e1rio de Pol\u00edtica Econ\u00f4mica, a lista ser\u00e1 \u201ctransparente e clara\u201d.<\/p>\n\n\n\n<p>Mello afirma que o \u201cfundamental\u201d para que o governo aumente as possibilidades de zerar o d\u00e9ficit em 2024 \u201c\u00e9 a possibilidade de recomposi\u00e7\u00e3o das receitas\u201d.<\/p>\n\n\n\n<p>\u201cE n\u00f3s achamos que, como n\u00f3s temos percebido um parlamento e um Judici\u00e1rio parceiros e que compreenderam a necessidade do Brasil de recompor a sua base fiscal, \u00e9 plenamente poss\u00edvel cumprir a meta fiscal em 2024\u201d, diz o secret\u00e1rio.<\/p>\n\n\n\n<p>O mercado financeiro, por outro lado, acredita que atingir a meta prim\u00e1ria para 2024 da forma como o governo Lula quer \u00e9 uma possibilidade remota. Agentes do mercado trabalham com um resultado abaixo de -1% do PIB, ainda fora da banda de -0,25% da Fazenda.<\/p>\n\n\n\n<h2 class=\"wp-block-heading\">Infla\u00e7\u00e3o pode convergir para meta do BC neste ano, afirma Mello<\/h2>\n\n\n\n<p>Ainda de acordo com o secret\u00e1rio da Fazenda, a infla\u00e7\u00e3o tamb\u00e9m pode surpreender o mercado neste ano. Mello diz que as proje\u00e7\u00f5es do Focus, boletim semanal do Banco Central respondido por economistas, vem convergindo ao longo do primeiro semestre com os c\u00e1lculos da SPE (Secretaria de Pol\u00edtica Econ\u00f4mica) sobre o IPCA.<\/p>\n\n\n\n<p>\u201cNa pr\u00f3pria trajet\u00f3ria do crescimento econ\u00f4mico, o mercado tamb\u00e9m se aproximou das proje\u00e7\u00f5es da SPE sobre a infla\u00e7\u00e3o. No in\u00edcio do ano, a nossa proje\u00e7\u00e3o era quase o dobro da do mercado. Hoje h\u00e1 uma diferen\u00e7a de apenas 0,2 p.p\u201d, comenta \u00e0<strong>&nbsp;Intelig\u00eancia Financeira<\/strong>.<\/p>\n\n\n\n<p>Para o secret\u00e1rio, o movimento desinflacion\u00e1rio deve perdurar por mais tempo. O motivo \u00e9 a queda nos pre\u00e7os de produtos de atacado, como em alimentos, que podem ter efeito \u201cao longo do tempo\u201d no IPCA.<\/p>\n\n\n\n<p>\u201cA depender dos pr\u00f3ximos resultados do IPCA, n\u00f3s podemos convergir para um cen\u00e1rio infla\u00e7\u00e3o dentro da meta (do BC) ainda este ano. E, ao mesmo tempo, construir um pr\u00f3ximo ano onde o pa\u00eds possa crescer de forma sustentada.\u201d<\/p>\n\n\n\n<h2 class=\"wp-block-heading\">Entrevista com Guilherme Mello, secret\u00e1rio de Pol\u00edtica Econ\u00f4mica<\/h2>\n\n\n\n<p>Confira a seguir os principais trechos da entrevista da&nbsp;<strong>Intelig\u00eancia Financeira<\/strong>&nbsp;com o secret\u00e1rio de Pol\u00edtica Econ\u00f4mica do Minist\u00e9rio da Fazenda, Guilherme Mello:<\/p>\n\n\n\n<h3 class=\"wp-block-heading\">A ata do Copom (Comit\u00ea de Pol\u00edtica Monet\u00e1ria) divulgada nesta ter\u00e7a-feira (8), mostra um comit\u00ea un\u00e2nime sobre futuros cortes de 0,50 ponto porcentual na taxa de juros. Alguma coisa mudou na rela\u00e7\u00e3o entre o governo e o Banco Central para que se chegasse a esse resultado?<\/h3>\n\n\n\n<p>Olha, minha impress\u00e3o \u00e9 que a rela\u00e7\u00e3o, pelo menos entre o Minist\u00e9rio da Fazenda com o Banco Central, sempre foi uma rela\u00e7\u00e3o muito construtiva e muito aberta. N\u00f3s trabalhamos cotidianamente com t\u00e9cnicos e tamb\u00e9m com os diretores do Banco Central. Ent\u00e3o, aqui mesmo na SPE tanto para discuss\u00e3o, mas principalmente para constru\u00e7\u00e3o do Plano Safra, por exemplo, n\u00f3s discutimos muito. S\u00e3o in\u00fameras quest\u00f5es t\u00e9cnicas com o Banco Central. A rela\u00e7\u00e3o sempre foi muito construtiva, aberta e democr\u00e1tica no sentido de que cada um coloca a sua opini\u00e3o, posi\u00e7\u00e3o. E elas s\u00e3o discutidas num n\u00edvel t\u00e9cnico bastante elevado.<\/p>\n\n\n\n<p>Mas \u00e9 \u00f3bvio que essa perspectiva que se abriu nessa reuni\u00e3o do Copom de redu\u00e7\u00e3o do vi\u00e9s contracionista da pol\u00edtica monet\u00e1ria e de caminhar para algo mais pr\u00f3ximo da taxa de juros neutra, me parece que \u00e9 uma forma do que n\u00f3s temos chamado de \u2018harmoniza\u00e7\u00e3o da pol\u00edtica econ\u00f4mica\u2019.<\/p>\n\n\n\n<p>A Fazenda e o governo t\u00eam feito v\u00e1rios esfor\u00e7os no sentido de criar um ambiente macroecon\u00f4mico mais est\u00e1vel, previs\u00edvel e tamb\u00e9m de envidados esfor\u00e7os no sentido de recompor a base fiscal do Estado. Para isso, temos contado com um apoio decisivo do Congresso Nacional, da C\u00e2mara dos Deputados, do presidente Arthur Lira, e a partir do Senado Federal, do presidente Rodrigo Pacheco, e das lideran\u00e7as.<\/p>\n\n\n\n<p>Al\u00e9m disso, tamb\u00e9m contamos com o pr\u00f3prio Poder Judici\u00e1rio, que entendeu a agenda proposta e a necessidade de n\u00f3s combatermos, digamos assim, causas da eros\u00e3o da base fiscal do Estado brasileiro.<\/p>\n\n\n\n<p>Em parte, a decis\u00e3o do Copom viabiliza uma maior sintonia e harmonia entre as pol\u00edticas macroecon\u00f4mica e fiscal e a pol\u00edtica monet\u00e1ria, ao longo do tempo.<\/p>\n\n\n\n<h3 class=\"wp-block-heading\">A entrada de (Gabriel) Gal\u00edpolo e Ailton (Aquino) teve algum impacto?<\/h3>\n\n\n\n<p>Quanto \u00e0 influ\u00eancia dos novos diretores, \u00e9 sempre positivo que, em uma institui\u00e7\u00e3o que discute um tema t\u00e3o complexo e dif\u00edcil quanto a pol\u00edtica monet\u00e1ria, voc\u00ea tenha diferentes tipos de vis\u00f5es.<\/p>\n\n\n\n<p>\u00c9 sempre muito positivo que voc\u00ea traga diversidade e essa diversidade se reflita de alguma forma nos debates do comit\u00ea como aparece na ata (do Copom). Mas tamb\u00e9m que ela se reflita na decis\u00e3o dos conselheiros, dos diretores e do presidente. A entrada de pessoas qualificadas, tecnicamente muito bem formadas, com vasta experi\u00eancia, seja no setor p\u00fablico, no setor privado, que v\u00e3o contribuir com essa riqueza do debate sobre pol\u00edtica monet\u00e1ria e o Banco Central \u00e9 ben\u00e9fica e o pa\u00eds s\u00f3 tem a ganhar com isso.<\/p>\n\n\n\n<h3 class=\"wp-block-heading\">Faltava essa pluralidade de vis\u00f5es ao Copom, antes da entrada do Gal\u00edpolo e do Ailton?<\/h3>\n\n\n\n<p>Eu n\u00e3o acompanho pessoalmente, digamos assim, como eram as reuni\u00f5es do Copom antes da nomea\u00e7\u00e3o dos novos diretores. Imagino eu que haja, e tivemos mesmo momentos com essa diretoria, de diverg\u00eancia de opini\u00f5es.<\/p>\n\n\n\n<p>Mas eu acho que, obviamente, pessoas com uma trajet\u00f3ria diferente, com uma forma\u00e7\u00e3o diferente trazem uma vis\u00e3o nova e capaz de colaborar nesse debate.<\/p>\n\n\n\n<p>O debate de pol\u00edtica monet\u00e1ria no mundo inteiro \u00e9 muito complexo. N\u00e3o existem verdades absolutas. N\u00f3s estamos tratando de um fen\u00f4meno global inflacion\u00e1rio observado nos \u00faltimos tempos e o mundo inteiro tem debatido a natureza desse fen\u00f4meno. Tamb\u00e9m est\u00e1 no centro do debate instrumentos para combat\u00ea-lo e quais s\u00e3o os impactos das pol\u00edticas de conten\u00e7\u00e3o ou redu\u00e7\u00e3o da infla\u00e7\u00e3o, o prazo para o retorno \u00e0 meta.<\/p>\n\n\n\n<p>V\u00e1rios debates muito importantes e tecnicamente relevantes que fazem com que pessoas com excelente forma\u00e7\u00e3o pensem de forma diferente. Isso, inclusive, \u00e9 a pr\u00f3pria base do mercado financeiro. Ele s\u00f3 existe porque existem pessoas, investidores, analistas e economistas que pensam diferente. Mesmo com o mesmo conjunto de informa\u00e7\u00f5es de vari\u00e1veis. Um decide comprar e outro decide vender, porque eles est\u00e3o olhando os mesmos dados e enxergando perspectivas diferentes.<\/p>\n\n\n\n<p>Portanto, eu acho mais do que natural que tamb\u00e9m dentro do Comit\u00ea de Pol\u00edtica Monet\u00e1ria e dentro do Banco Central voc\u00ea tenha essas vis\u00f5es diferentes. E eu tenho certeza que tanto o Gabriel (Gal\u00edpolo) e o Ailton (Aquino) podem trazer uma vis\u00e3o moderna, tecnicamente fundamentada. Ambos t\u00eam ampla experi\u00eancia para acrescentar e enriquecer o debate sobre pol\u00edtica monet\u00e1ria feita.<\/p>\n\n\n\n<h3 class=\"wp-block-heading\">O Copom assinala na ata que a economia passa por um cen\u00e1rio de desacelera\u00e7\u00e3o. A economia brasileira est\u00e1 estagnada?<\/h3>\n\n\n\n<p>A economia brasileira teve um primeiro trimestre muito forte. \u00c9 verdade, influenciada pelos excelentes resultados no setor agr\u00edcola. Mas esse primeiro trimestre muito forte, ainda com o crescimento dos servi\u00e7os, j\u00e1 garante um crescimento para o conjunto do ano que \u00e9 bastante vigoroso. O mercado hoje est\u00e1 com uma previs\u00e3o, est\u00e1 se aproximando de 2,3% para a proje\u00e7\u00e3o de crescimento do PIB em 2023. A proje\u00e7\u00e3o de crescimento da SPE, por outro lado, \u00e9 de uma expans\u00e3o de 2,5%.<\/p>\n\n\n\n<p>Isso representa uma desacelera\u00e7\u00e3o em rela\u00e7\u00e3o ao ano passado, mesmo pequena, mas completamente compreens\u00edvel devido aos efeitos da pol\u00edtica monet\u00e1ria. Com a pol\u00edtica monet\u00e1ria est\u00e1 um \u2018campo significativamente contracionista\u2019 \u2013 e essas s\u00e3o as palavras do pr\u00f3prio Copom \u2013 \u00e9 natural que isso impacte o mercado de cr\u00e9dito. Depois, afeta o n\u00edvel de atividade, o mercado de trabalho e at\u00e9 mesmo a arrecada\u00e7\u00e3o p\u00fablica, que sofre com essa desacelera\u00e7\u00e3o. De fato, n\u00f3s temos como perspectiva uma desacelera\u00e7\u00e3o do crescimento entre o primeiro trimestre e o segundo, terceiro trimestre, muito influenciados exatamente pelo impacto da pol\u00edtica monet\u00e1ria no n\u00edvel de atividade, em particular naqueles setores mais dependentes do mercado de cr\u00e9dito.<\/p>\n\n\n\n<p>Estamos falando de varejo, ind\u00fastria, de algumas partes do setor de servi\u00e7os. E, mais para o final do ano, com a flexibiliza\u00e7\u00e3o da pol\u00edtica monet\u00e1ria e com o avan\u00e7o das pol\u00edticas p\u00fablicas que est\u00e3o sendo adotadas para ampliar o investimento, aumentar a renda das fam\u00edlias, melhorar as condi\u00e7\u00f5es do mercado de cr\u00e9dito \u2013 entre eles o Minha Casa Minha Vida e o novo PAC, o novo valor do sal\u00e1rio-m\u00ednimo, a corre\u00e7\u00e3o da tabela do&nbsp;<a href=\"https:\/\/inteligenciafinanceira.com.br\/guia\/imposto-de-renda-rapido-descomplicado\/\">imposto de renda<\/a>, o Mais M\u00e9dicos etc. Al\u00e9m de toda a agenda microecon\u00f4mica que n\u00f3s estamos tocando para melhorar as condi\u00e7\u00f5es do mercado de cr\u00e9dito e a concorr\u00eancia no geral.<\/p>\n\n\n\n<figure class=\"wp-block-image\"><img decoding=\"async\" src=\"https:\/\/inteligenciafinanceira.com.br\/wp-content\/uploads\/2023\/08\/spe-fazenda-guilherme-mello.jpg?w=1080\" alt=\"\" class=\"wp-image-212732\" \/><figcaption class=\"wp-element-caption\">Guilherme Mello, secret\u00e1rio de Pol\u00edtica Econ\u00f4mica do Minist\u00e9rio da Fazenda, Foto: Washington Costa\/MF<\/figcaption><\/figure>\n\n\n\n<h3 class=\"wp-block-heading\">E o que a Fazenda espera de resultado do PIB para este segundo trimestre?<\/h3>\n\n\n\n<p>N\u00f3s achamos que a partir do final do ano vamos enxergar uma retomada do crescimento econ\u00f4mico, com uma composi\u00e7\u00e3o um pouco diferente do que foi o primeiro trimestre. Foi muito baseado na agricultura e no final do ano a gente j\u00e1 pode come\u00e7ar a vislumbrar um desempenho um pouco melhor de setores como ind\u00fastria e servi\u00e7os.<\/p>\n\n\n\n<h3 class=\"wp-block-heading\">D acordo com dados do Tesouro Direto, a maior despesa do governo central em 2022 foi com os juros da d\u00edvida p\u00fablica, algo em torno de 8% equivalente ao PIB. Quanto o governo poupa com a redu\u00e7\u00e3o da Selic no pagamento de juros da d\u00edvida p\u00fablica?<\/h3>\n\n\n\n<p>Isso vai depender muito do n\u00edvel que a&nbsp;<a href=\"https:\/\/inteligenciafinanceira.com.br\/glossario\/taxa-selic\/\">Selic <\/a>&nbsp;se encontrar ao final do processo de flexibiliza\u00e7\u00e3o da pol\u00edtica monet\u00e1ria. N\u00f3s sabemos que um dos principais componentes da din\u00e2mica da d\u00edvida p\u00fablica \u00e9 a taxa de juros. Porque temos, obviamente, o crescimento econ\u00f4mico como denominador da rela\u00e7\u00e3o d\u00edvida e PIB, e o estoque inicial de d\u00edvida p\u00fablica inicial tamb\u00e9m influencia. Mas isso \u00e9 um estoque dado que temos hoje, inclusive, inferior ao que era estimado inicialmente pelo mercado.<\/p>\n\n\n\n<p>O mercado tem revisto para baixo sistematicamente as suas proje\u00e7\u00f5es de d\u00edvida PIB, mas tamb\u00e9m temos essa vari\u00e1vel central que \u00e9 o gasto com juros. O resultado prim\u00e1rio tamb\u00e9m tem impacto no resultado nominal que, por sua vez, reflete em aumento ou redu\u00e7\u00e3o da d\u00edvida p\u00fablica. Por\u00e9m, \u00e9 comparativamente, em valores, o pagamento de juros da d\u00edvida \u00e9 um valor muito, muito mais expressivo. Estamos falando aqui em torno de R$ 700, R$ 600 bilh\u00f5es, que \u00e9 maior que, por exemplo, o Or\u00e7amento da Sa\u00fade e da Educa\u00e7\u00e3o juntos.<\/p>\n\n\n\n<p>Ent\u00e3o, de fato, quando voc\u00ea reduz a taxa de juros, voc\u00ea reduz tamb\u00e9m o pagamento de juros da d\u00edvida. Isso depende da composi\u00e7\u00e3o da d\u00edvida. Hoje n\u00f3s temos uma d\u00edvida que est\u00e1 altamente atrelada \u00e0 Selic, ent\u00e3o o impacto da queda \u00e9 mais r\u00e1pido, porque se transfere mais rapidamente para o pagamento de juros. Mas tamb\u00e9m tem um impacto indireto, porque se por um lado voc\u00ea reduz o gasto com juros, por outro, uma taxa de juros menor pode ajudar o pa\u00eds a crescer mais, a gerar mais renda, emprego e, portanto, aumentar as receitas p\u00fablicas. Ou seja, h\u00e1 impacto dos dois lados, voc\u00ea tem o impacto do lado do gasto e o impacto no lado da receita.<\/p>\n\n\n\n<h3 class=\"wp-block-heading\">A Secretaria de Pol\u00edtica Econ\u00f4mica tem alguma estimativa?<\/h3>\n\n\n\n<p>Como eu disse, existem c\u00e1lculos preliminares sobre quanto a cada 1% de queda dos juros impacta na d\u00edvida. Mas n\u00f3s preferimos esperar para entender qual vai ser o ritmo e o patamar em que os juros v\u00e3o encerrar esse ciclo de flexibiliza\u00e7\u00e3o. A\u00ed vai ficar muito mais claro qual ser\u00e1 o impacto fiscal dessa redu\u00e7\u00e3o.<\/p>\n\n\n\n<h3 class=\"wp-block-heading\">A Fazenda foi surpreendida com o aumento do rating soberano pela Fitch e do vi\u00e9s otimista para um aumento de rating da S&amp;P?<\/h3>\n\n\n\n<p>N\u00e3o fomos surpreendidos. N\u00f3s j\u00e1 esper\u00e1vamos que essa realidade pudesse ocorrer. E por qu\u00ea? Porque o Brasil tem todas as condi\u00e7\u00f5es, inclusive melhores do que muitos pa\u00edses em desenvolvimento, que hoje t\u00eam ou est\u00e3o muito pr\u00f3ximos do grau de investimento, para recuperar esse grau de investimento.<\/p>\n\n\n\n<p>O Brasil n\u00e3o tem problemas de balan\u00e7o de pagamento. Ao contr\u00e1rio, est\u00e1 em sequ\u00eancia de resultados de super\u00e1vit comerciais relevantes, tem um estoque de reservas bastante seguro, um n\u00edvel de d\u00edvida interna, \u00e9 verdade, superior a muitos pa\u00edses em desenvolvimento, mas bastante inferior a outros pa\u00edses desenvolvidos.<\/p>\n\n\n\n<p>O que vinha prejudicando o Brasil, na nossa leitura, era uma certa dificuldade de criar uma previsibilidade, uma seguran\u00e7a sobre o caminho que o pa\u00eds iria tomar. O caminho institucional, de estrat\u00e9gia econ\u00f4mica e diria at\u00e9 mesmo do ponto de vista das pr\u00f3prias rela\u00e7\u00f5es pol\u00edticas. A pr\u00f3pria democracia chegou a ser questionada no Brasil.<\/p>\n\n\n\n<p>E tudo isso gera incerteza, inseguran\u00e7a e, obviamente, impacta a an\u00e1lise de risco do pa\u00eds. Mas acreditamos que o pa\u00eds tem todas as condi\u00e7\u00f5es, agora com essa harmoniza\u00e7\u00e3o entre os poderes Executivo, Legislativo e Judici\u00e1rio, trabalhando em prol de uma agenda de recupera\u00e7\u00e3o da economia brasileira. Esse novo alinhamento entre a pol\u00edtica fiscal e a pol\u00edtica monet\u00e1ria pode surtir efeitos importantes ao longo do tempo.<\/p>\n\n\n\n<p>Essa combina\u00e7\u00e3o de fatores prenuncia uma melhoria das condi\u00e7\u00f5es de financiamento da economia brasileira atrav\u00e9s da redu\u00e7\u00e3o dos pr\u00eamios de risco e da melhoria das notas das ag\u00eancias avaliadoras.<\/p>\n\n\n\n<p>N\u00f3s achamos que \u00e9 positiva essa revis\u00e3o (do rating soberano). Mas ainda tem um longo trabalho iniciado no primeiro semestre pela frente que n\u00f3s pretendemos realizar e consolidar at\u00e9 o final do governo. At\u00e9 l\u00e1, vemos o Brasil de volta entre os pa\u00edses com grau de investimento.<\/p>\n\n\n\n<h3 class=\"wp-block-heading\">Ou seja, ao final do governo, o senhor avalia que o Brasil pode deixar o grau de especula\u00e7\u00e3o?<\/h3>\n\n\n\n<p>Acho que ao longo do nosso governo n\u00f3s temos tudo para conquistar essa avalia\u00e7\u00e3o. E veja, n\u00e3o \u00e9 uma quest\u00e3o de comemorar ou n\u00e3o comemorar o que uma ag\u00eancia de avalia\u00e7\u00e3o de risco diz sobre o Brasil. Isso tem impacto econ\u00f4mico sobre os pr\u00eamios de risco, sobre a percep\u00e7\u00e3o dos investidores e mesmo sobre a possibilidade de alguns investidores institucionais aplicarem e investirem no Brasil. J\u00e1 que existem regras de governan\u00e7a dos fundos que, em alguns casos, impedem a aplica\u00e7\u00e3o em pa\u00edses que n\u00e3o t\u00eam o rating soberano elevado ou grau de investimento. Mas eu acho que mais importante do que qualquer outra coisa \u00e9 a capacidade do Brasil recuperar a sua credibilidade junto \u00e0 comunidade internacional.<\/p>\n\n\n\n<p>Isso inclui, claro, as ag\u00eancias de rating soberanos. Mas hoje a volta do Brasil para o cen\u00e1rio da diplomacia internacional \u00e9 gritante. A diferen\u00e7a da participa\u00e7\u00e3o, da import\u00e2ncia dada para o Brasil nos principais \u00f3rg\u00e3os multilaterais. A import\u00e2ncia do presidente Lula, da lideran\u00e7a do Brasil, que vai presidir o G20 (bloco das vinte maiores economias do mundo) e sediar a COP-30.<\/p>\n\n\n\n<h3 class=\"wp-block-heading\">O senhor acha que existe um alinhamento entre o investidor internacional e o Brasil neste momento?<\/h3>\n\n\n\n<p>Eu acho que o investidor internacional, j\u00e1 desde o in\u00edcio (do governo), tem visto o enorme potencial que o Brasil representa. Em primeiro lugar, \u00e9 verdade, tivemos at\u00e9 pouco tempo atr\u00e1s um patamar de infla\u00e7\u00e3o elevado. Mas o Brasil conseguiu controlar sua infla\u00e7\u00e3o antes mesmo de muitos outros pa\u00edses do mundo. E mais do que isso, o Brasil \u00e9 um pa\u00eds com um enorme potencial no tema da transforma\u00e7\u00e3o ecol\u00f3gica, o que \u00e9 um ativo hoje em dia. Porque o futuro da humanidade depende disso. Na urg\u00eancia ambiental e clim\u00e1tica, o Brasil \u00e9 protagonista do ponto de vista das solu\u00e7\u00f5es e n\u00e3o do problema. Isso tende a nos tornar uma grande refer\u00eancia em atra\u00e7\u00e3o de investimentos.<\/p>\n\n\n\n<p>H\u00e1 uma oportunidade \u00fanica para o pa\u00eds e os investidores internacionais conseguem enxergar isso. Eles tamb\u00e9m veem que agora normalizamos a rela\u00e7\u00e3o entre os poderes, em um caminho promissor para a economia brasileira. Isso se reflete nas notas de risco, mas se reflete tamb\u00e9m na avalia\u00e7\u00e3o de \u00f3rg\u00e3os internacionais, como, por exemplo, o FMI e a OCDE, que j\u00e1 emitiram notas e avalia\u00e7\u00f5es sobre a estrat\u00e9gia econ\u00f4mica do Brasil.<\/p>\n\n\n\n<p>Tudo converge para o cen\u00e1rio econ\u00f4mico promissor. E se n\u00f3s mantivermos essa harmoniza\u00e7\u00e3o que n\u00f3s conseguimos construir no primeiro semestre aqui no Brasil, eu estou muito convencido que essa vis\u00e3o mais promissora sobre o Brasil vai se concretizar n\u00e3o s\u00f3 aos olhos do investidor internacional, mas tamb\u00e9m do investidor brasileiro.<\/p>\n\n\n\n<h3 class=\"wp-block-heading\">Qual \u00e9 a expectativa da Fazenda para a infla\u00e7\u00e3o at\u00e9 dezembro de 2023?<\/h3>\n\n\n\n<p>Nosso cen\u00e1rio para a infla\u00e7\u00e3o \u00e9 um pouco mais benigno do que o cen\u00e1rio de mercado, apesar que ambos estarem similares para este ano.<\/p>\n\n\n\n<p>N\u00f3s j\u00e1 esper\u00e1vamos, desde o in\u00edcio do ano, uma infla\u00e7\u00e3o menor do que a proje\u00e7\u00e3o do&nbsp;<a href=\"https:\/\/inteligenciafinanceira.com.br\/glossario\/boletim-focus\/\">Boletim Focus <\/a>. Quando o Focus j\u00e1 estava com proje\u00e7\u00e3o em quase 6%, n\u00f3s est\u00e1vamos perto de 5,6%. A\u00ed, com as surpresas positivas (sobre o IPCA), n\u00f3s hoje estamos em 4,85%, que \u00e9 muito pr\u00f3ximo do que o mercado hoje enxerga para a infla\u00e7\u00e3o at\u00e9 dezembro. No ano que vem, acreditamos em algo pr\u00f3ximo a 3,3%. O Banco Central est\u00e1 com 3,4%, enquanto o mercado est\u00e1 com previs\u00e3o um pouco maior.<\/p>\n\n\n\n<p>Mas achamos que temos todas as condi\u00e7\u00f5es para isso (atingir a meta da Fazenda), at\u00e9 porque n\u00f3s temos que lembrar que n\u00f3s estamos em um cen\u00e1rio de defla\u00e7\u00e3o dos pre\u00e7os no atacado. Como dizem por a\u00ed, o IPCA &nbsp;\u2018est\u00e1 gr\u00e1vido da infla\u00e7\u00e3o no atacado\u2019, s\u00f3 que nesse caso est\u00e1 gr\u00e1vido de uma defla\u00e7\u00e3o. Quer dizer, o atacado vai ter impacto no IPCA ao longo do tempo.<\/p>\n\n\n\n<p>Lembrando que esse processo de desinfla\u00e7\u00e3o brasileiro tem sido positivo do ponto de vista de sua composi\u00e7\u00e3o. S\u00e3o alimentos e itens consumidos majoritariamente pelas pessoas mais pobres, e cujos pre\u00e7os v\u00eam caindo mais rapidamente.<\/p>\n\n\n\n<p>Estamos com o cen\u00e1rio para infla\u00e7\u00e3o de 4,85%. Mas sabendo que \u00e9 poss\u00edvel, e cresce muito a possibilidade, de a infla\u00e7\u00e3o neste ano fechar dentro do limite superior da meta do Banco Central de 4,75%. Estamos muito pr\u00f3ximos disso. A depender dos pr\u00f3ximos resultados do IPCA, n\u00f3s podemos convergir para um cen\u00e1rio de infla\u00e7\u00e3o dentro da meta ainda este ano. E, ao mesmo tempo, construir um pr\u00f3ximo ano onde o pa\u00eds possa crescer de forma sustentada. Mas com uma infla\u00e7\u00e3o sob controle.<\/p>\n\n\n\n<p>Veja, (a converg\u00eancia das previs\u00f5es do mercado com a Fazenda) tem acontecido em v\u00e1rios indicadores. Na pr\u00f3pria trajet\u00f3ria do crescimento econ\u00f4mico, o mercado tamb\u00e9m se aproximou das proje\u00e7\u00f5es da SPE. No in\u00edcio do ano, a nossa proje\u00e7\u00e3o era quase o dobro da do mercado. Hoje \u00e9 0,2 p.p. a mais. Ou seja, na realidade, o que ocorreu ao longo desse ano foi que as expectativas do Focus foram convergindo para algo mais pr\u00f3ximo daquilo que a SPE vinha apresentando.<\/p>\n\n\n\n<h3 class=\"wp-block-heading\">No \u00faltimo Boletim Macro Fiscal da SPE, a meta do PIB de 2023 \u00e9 de 2,5%. Na resposta que o senhor me deu agora, disse que pode haver um aumento.<\/h3>\n\n\n\n<p>Na verdade a proje\u00e7\u00e3o \u00e9 de 2,5% para este ano, mas n\u00f3s trabalhamos tamb\u00e9m com um PIB potencial de 2,5%. Sei que algumas pessoas do mercado estimam um valor inferior. O PIB potencial, como n\u00f3s sabemos, \u00e9 uma vari\u00e1vel n\u00e3o observ\u00e1vel. Existem v\u00e1rias formas de calcul\u00e1-lo, assim como o chamado \u201chiato\u201d do produto. Nos nossos modelos da SPE, o Brasil ainda tem um hiato negativo, ou seja, ainda est\u00e1 abaixo do seu potencial.<\/p>\n\n\n\n<p>Quer dizer, o Brasil tem condi\u00e7\u00f5es de crescer mais, at\u00e9 superando seu potencial, sem grandes press\u00f5es inflacion\u00e1rias. Isso porque, seja nos indicadores de capacidade ociosa ou no mercado de trabalho, n\u00f3s ainda temos espa\u00e7o para melhorar esses indicadores. Ou seja, ainda tem capital e trabalho a serem empregados antes de press\u00f5es inflacion\u00e1rias mais relevantes.<\/p>\n\n\n\n<p>Muitas pessoas falam que o mercado de trabalho estaria pressionado, j\u00e1 que a taxa de desocupa\u00e7\u00e3o est\u00e1 historicamente baixa. Mas \u00e9 sempre bom observar que a taxa de participa\u00e7\u00e3o tamb\u00e9m caiu. Isso ocorreu no mundo inteiro, em particular no p\u00f3s-covid. Uma parte disso est\u00e1 relacionada \u00e0 pandemia, mas outra parte n\u00e3o.<\/p>\n\n\n\n<p>Temos convic\u00e7\u00e3o que, no caso brasileiro, al\u00e9m de uma taxa de participa\u00e7\u00e3o anormalmente baixa, que tende a crescer conforme a economia v\u00e1 se recuperando, tamb\u00e9m tem uma quest\u00e3o de informalidade. A informalidade no Brasil ainda \u00e9 muito elevada. E outra quest\u00e3o \u00e9 de composi\u00e7\u00e3o. Quer dizer, voc\u00ea pode tamb\u00e9m criar trabalhos mais produtivos em setores mais produtivos, que paguem melhor e, portanto, dinamizem ainda mais o mercado de trabalho.<\/p>\n\n\n\n<p>Em suma, a uma proje\u00e7\u00e3o de 2,5%, eu sempre falo que n\u00e3o \u00e9 \u201cci\u00eancia de foguetes\u201d. Seria algo em torno deste patamar. Pode ser um pouco mais, pode ser um pouco menos. N\u00f3s vamos acompanhando os resultados para ir revisando as nossas proje\u00e7\u00f5es. Mas tamb\u00e9m temos uma proje\u00e7\u00e3o de PIB potencial pr\u00f3ximo a isso, dadas as condi\u00e7\u00f5es da economia brasileira hoje.<\/p>\n\n\n\n<p>Agora, \u00e9 \u00f3bvio que com a aprova\u00e7\u00e3o da reforma tribut\u00e1ria sobre o consumo e sobre a renda, o lan\u00e7amento do plano de transforma\u00e7\u00e3o ecol\u00f3gica do novo PAC, as reformas microecon\u00f4micas, o pr\u00f3prio arcabou\u00e7o fiscal\u2026 tudo isso reduz os riscos e joga a taxa neutra de juros para baixo, o que pode ensejar um aumento do potencial de crescimento da economia brasileira.<\/p>\n\n\n\n<p>Ou seja, ao longo do tempo, pode ser que a gente consiga crescer 3%, 3,5% sem gerar press\u00f5es inflacion\u00e1rias.<\/p>\n\n\n\n<h3 class=\"wp-block-heading\">Existe um boato no mercado financeiro de que n\u00e3o ser\u00e1 poss\u00edvel cumprir a meta de zerar o d\u00e9ficit do governo central em 2024 dentro da banda de 0,25%. H\u00e1 um temor dentro da Fazenda e do senhor de que \u00e9 essa regra aperte a partir de 2025?<\/h3>\n\n\n\n<p>Agora, no dia 31 (de agosto), o governo vai enviar ao parlamento o Projeto de Lei Or\u00e7ament\u00e1ria Anual (PLOA) para 2024. Nesse projeto v\u00e3o aparecer todas as medidas necess\u00e1rias para zerar o d\u00e9ficit p\u00fablico em 2024.<\/p>\n\n\n\n<p>A proje\u00e7\u00e3o da gera\u00e7\u00e3o de receitas atrav\u00e9s dessas medidas, calculada pela Receita Federal, \u00e9 sempre conservadora. Estamos falando aqui de uma proje\u00e7\u00e3o em que h\u00e1 uma tend\u00eancia de geralmente se verificar que a arrecada\u00e7\u00e3o \u00e9 at\u00e9 superior \u00e0quela calculada pela Receita Federal. N\u00f3s temos tamb\u00e9m na gest\u00e3o da pol\u00edtica fiscal, no pr\u00f3ximo ano, um intervalo para cima e pra baixo.<\/p>\n\n\n\n<p>O PLOA ser\u00e1 enviado ao Congresso Nacional com uma previs\u00e3o de uma s\u00e9rie de medidas que n\u00f3s estamos elencando para recompor a base fiscal do Estado e permitir que ano que vem o d\u00e9ficit seja zero. Isso estar\u00e1 explicitado de maneira transparente e clara no projeto.<\/p>\n\n\n\n<p>A\u00ed, obviamente, muita coisa pode acontecer no meio do caminho. Muitas pessoas perguntam \u201cmas e se n\u00e3o aprovarem as medidas?\u201d \u00c9 \u00f3bvio que \u00e9 essa conta depende do comportamento das receitas. N\u00f3s temos uma proje\u00e7\u00e3o de despesas que pode ser contingenciada, mas o fundamental \u00e9 a possibilidade de recomposi\u00e7\u00e3o das receitas.<\/p>\n\n\n\n<p>E n\u00f3s achamos que, como n\u00f3s temos percebido um parlamento e um Judici\u00e1rio parceiros e que compreenderam a necessidade do Brasil de recompor a sua base fiscal, \u00e9 plenamente poss\u00edvel cumprir a meta fiscal em 2024<\/p>\n\n\n\n<p>Eu entendo que as pessoas t\u00eam d\u00favidas e desconfian\u00e7as, como tinham sobre o novo arcabou\u00e7o assim que ele foi anunciado. Depois que ele foi aprovado, as pessoas reconheceram as suas virtudes e reduziram as taxas de juros longas (longo prazo) e os pr\u00eamios de risco pelo sucesso que foi o desenho elaborado para o arcabou\u00e7o. Da mesma forma, havia d\u00favida em torno da aprova\u00e7\u00e3o da reforma tribut\u00e1ria do consumo.<\/p>\n\n\n\n<p>E v\u00e1rias medidas de recomposi\u00e7\u00e3o da receita. N\u00f3s estamos confiantes de que sim, \u00e9 plenamente poss\u00edvel. \u00c9 uma meta ambiciosa. Ningu\u00e9m nunca negou isso, mas ela s\u00f3 \u00e9 ambiciosa porque, de novo, a nova regra fiscal descriminaliza a pol\u00edtica fiscal. Ent\u00e3o n\u00f3s podemos ser ambiciosos. E contando com a parceria do parlamento, temos certeza de que seremos capazes de entregar um resultado fiscal dentro da meta para o ano que vem<\/p>\n\n\n\n<p>Fonte:https:\/\/inteligenciafinanceira.com.br\/saiba\/economia\/meta-fiscal-2024-guilherme-mello\/<\/p>\n\n\n\n<p><\/p>","protected":false},"excerpt":{"rendered":"<p>Representante do governo afirmou ainda que a infla\u00e7\u00e3o pode convergir para a meta neste ano O Secret\u00e1rio de Pol\u00edtica Econ\u00f4mica do Minist\u00e9rio da Fazenda, Guilherme Mello, afirma que \u00e9 \u201cplenamente poss\u00edvel de cumprir a meta fiscal em 2024\u201d e zerar o d\u00e9ficit prim\u00e1rio do governo. Em\u00a0entrevista\u00a0exclusiva \u00e0\u00a0Intelig\u00eancia Financeira, Mello disse que o governo deve enviar [&hellip;]<\/p>\n","protected":false},"author":3,"featured_media":4023,"comment_status":"open","ping_status":"open","sticky":false,"template":"","format":"standard","meta":{"_joinchat":[],"footnotes":""},"categories":[1],"tags":[],"class_list":["post-4022","post","type-post","status-publish","format-standard","has-post-thumbnail","hentry","category-the-fortune-one"],"yoast_head":"<!-- This site is optimized with the Yoast SEO plugin v27.5 - https:\/\/yoast.com\/product\/yoast-seo-wordpress\/ -->\n<title>Meta fiscal para 2024 \u00e9 \u2018ambiciosa\u2019, \u2018mas plenamente poss\u00edvel\u2019 cumprir, diz Guilherme Mello - The Fortune.one<\/title>\n<meta name=\"description\" content=\"Somos especialistas em gest\u00e3o patrimonial, op\u00e7\u00f5es de investimentos para diversos perfis, nosso diferencial \u00e9 comprovado com resultados.\" \/>\n<meta name=\"robots\" content=\"index, follow, max-snippet:-1, max-image-preview:large, max-video-preview:-1\" \/>\n<link rel=\"canonical\" href=\"https:\/\/thefortune.one\/pt\/meta-fiscal-para-2024-e-ambiciosa-mas-plenamente-possivel-cumprir-diz-guilherme-mello\/\" \/>\n<meta property=\"og:locale\" content=\"pt_BR\" \/>\n<meta property=\"og:type\" content=\"article\" \/>\n<meta property=\"og:title\" content=\"Meta fiscal para 2024 \u00e9 \u2018ambiciosa\u2019, \u2018mas plenamente poss\u00edvel\u2019 cumprir, diz Guilherme Mello - The Fortune.one\" \/>\n<meta property=\"og:description\" content=\"Somos especialistas em gest\u00e3o patrimonial, op\u00e7\u00f5es de investimentos para diversos perfis, nosso diferencial \u00e9 comprovado com resultados.\" \/>\n<meta property=\"og:url\" content=\"https:\/\/thefortune.one\/pt\/meta-fiscal-para-2024-e-ambiciosa-mas-plenamente-possivel-cumprir-diz-guilherme-mello\/\" \/>\n<meta property=\"og:site_name\" content=\"The Fortune.one\" \/>\n<meta property=\"article:published_time\" content=\"2023-08-10T12:56:28+00:00\" \/>\n<meta property=\"og:image\" content=\"https:\/\/thefortune.one\/wp-content\/uploads\/2023\/08\/mini.jpg\" \/>\n\t<meta property=\"og:image:width\" content=\"833\" \/>\n\t<meta property=\"og:image:height\" content=\"469\" \/>\n\t<meta property=\"og:image:type\" content=\"image\/jpeg\" \/>\n<meta name=\"author\" content=\"bianca\" \/>\n<meta name=\"twitter:card\" content=\"summary_large_image\" \/>\n<meta name=\"twitter:label1\" content=\"Escrito por\" \/>\n\t<meta name=\"twitter:data1\" content=\"bianca\" \/>\n\t<meta name=\"twitter:label2\" content=\"Est. tempo de leitura\" \/>\n\t<meta name=\"twitter:data2\" content=\"23 minutos\" \/>\n<script type=\"application\/ld+json\" class=\"yoast-schema-graph\">{\"@context\":\"https:\\\/\\\/schema.org\",\"@graph\":[{\"@type\":\"Article\",\"@id\":\"https:\\\/\\\/thefortune.one\\\/pt\\\/meta-fiscal-para-2024-e-ambiciosa-mas-plenamente-possivel-cumprir-diz-guilherme-mello\\\/#article\",\"isPartOf\":{\"@id\":\"https:\\\/\\\/thefortune.one\\\/pt\\\/meta-fiscal-para-2024-e-ambiciosa-mas-plenamente-possivel-cumprir-diz-guilherme-mello\\\/\"},\"author\":{\"name\":\"bianca\",\"@id\":\"https:\\\/\\\/thefortune.one\\\/pt\\\/#\\\/schema\\\/person\\\/6cd8fe72a627d36caabf41815984a16f\"},\"headline\":\"Meta fiscal para 2024 \u00e9 \u2018ambiciosa\u2019, \u2018mas plenamente poss\u00edvel\u2019 cumprir, diz Guilherme Mello\",\"datePublished\":\"2023-08-10T12:56:28+00:00\",\"mainEntityOfPage\":{\"@id\":\"https:\\\/\\\/thefortune.one\\\/pt\\\/meta-fiscal-para-2024-e-ambiciosa-mas-plenamente-possivel-cumprir-diz-guilherme-mello\\\/\"},\"wordCount\":4522,\"commentCount\":0,\"publisher\":{\"@id\":\"https:\\\/\\\/thefortune.one\\\/pt\\\/#organization\"},\"image\":{\"@id\":\"https:\\\/\\\/thefortune.one\\\/pt\\\/meta-fiscal-para-2024-e-ambiciosa-mas-plenamente-possivel-cumprir-diz-guilherme-mello\\\/#primaryimage\"},\"thumbnailUrl\":\"https:\\\/\\\/thefortune.one\\\/wp-content\\\/uploads\\\/2023\\\/08\\\/mini.jpg\",\"articleSection\":[\"The Fortune.one\"],\"inLanguage\":\"pt-BR\",\"potentialAction\":[{\"@type\":\"CommentAction\",\"name\":\"Comment\",\"target\":[\"https:\\\/\\\/thefortune.one\\\/pt\\\/meta-fiscal-para-2024-e-ambiciosa-mas-plenamente-possivel-cumprir-diz-guilherme-mello\\\/#respond\"]}]},{\"@type\":\"WebPage\",\"@id\":\"https:\\\/\\\/thefortune.one\\\/pt\\\/meta-fiscal-para-2024-e-ambiciosa-mas-plenamente-possivel-cumprir-diz-guilherme-mello\\\/\",\"url\":\"https:\\\/\\\/thefortune.one\\\/pt\\\/meta-fiscal-para-2024-e-ambiciosa-mas-plenamente-possivel-cumprir-diz-guilherme-mello\\\/\",\"name\":\"Meta fiscal para 2024 \u00e9 \u2018ambiciosa\u2019, \u2018mas plenamente poss\u00edvel\u2019 cumprir, diz Guilherme Mello - The Fortune.one\",\"isPartOf\":{\"@id\":\"https:\\\/\\\/thefortune.one\\\/pt\\\/#website\"},\"primaryImageOfPage\":{\"@id\":\"https:\\\/\\\/thefortune.one\\\/pt\\\/meta-fiscal-para-2024-e-ambiciosa-mas-plenamente-possivel-cumprir-diz-guilherme-mello\\\/#primaryimage\"},\"image\":{\"@id\":\"https:\\\/\\\/thefortune.one\\\/pt\\\/meta-fiscal-para-2024-e-ambiciosa-mas-plenamente-possivel-cumprir-diz-guilherme-mello\\\/#primaryimage\"},\"thumbnailUrl\":\"https:\\\/\\\/thefortune.one\\\/wp-content\\\/uploads\\\/2023\\\/08\\\/mini.jpg\",\"datePublished\":\"2023-08-10T12:56:28+00:00\",\"description\":\"Somos especialistas em gest\u00e3o patrimonial, op\u00e7\u00f5es de investimentos para diversos perfis, nosso diferencial \u00e9 comprovado com resultados.\",\"breadcrumb\":{\"@id\":\"https:\\\/\\\/thefortune.one\\\/pt\\\/meta-fiscal-para-2024-e-ambiciosa-mas-plenamente-possivel-cumprir-diz-guilherme-mello\\\/#breadcrumb\"},\"inLanguage\":\"pt-BR\",\"potentialAction\":[{\"@type\":\"ReadAction\",\"target\":[\"https:\\\/\\\/thefortune.one\\\/pt\\\/meta-fiscal-para-2024-e-ambiciosa-mas-plenamente-possivel-cumprir-diz-guilherme-mello\\\/\"]}]},{\"@type\":\"ImageObject\",\"inLanguage\":\"pt-BR\",\"@id\":\"https:\\\/\\\/thefortune.one\\\/pt\\\/meta-fiscal-para-2024-e-ambiciosa-mas-plenamente-possivel-cumprir-diz-guilherme-mello\\\/#primaryimage\",\"url\":\"https:\\\/\\\/thefortune.one\\\/wp-content\\\/uploads\\\/2023\\\/08\\\/mini.jpg\",\"contentUrl\":\"https:\\\/\\\/thefortune.one\\\/wp-content\\\/uploads\\\/2023\\\/08\\\/mini.jpg\",\"width\":833,\"height\":469},{\"@type\":\"BreadcrumbList\",\"@id\":\"https:\\\/\\\/thefortune.one\\\/pt\\\/meta-fiscal-para-2024-e-ambiciosa-mas-plenamente-possivel-cumprir-diz-guilherme-mello\\\/#breadcrumb\",\"itemListElement\":[{\"@type\":\"ListItem\",\"position\":1,\"name\":\"In\u00edcio\",\"item\":\"https:\\\/\\\/thefortune.one\\\/pt\\\/\"},{\"@type\":\"ListItem\",\"position\":2,\"name\":\"Meta fiscal para 2024 \u00e9 \u2018ambiciosa\u2019, \u2018mas plenamente poss\u00edvel\u2019 cumprir, diz Guilherme Mello\"}]},{\"@type\":\"WebSite\",\"@id\":\"https:\\\/\\\/thefortune.one\\\/pt\\\/#website\",\"url\":\"https:\\\/\\\/thefortune.one\\\/pt\\\/\",\"name\":\"The Fortune.one\",\"description\":\"Gestora de Recursos Especializada em Private Equity\",\"publisher\":{\"@id\":\"https:\\\/\\\/thefortune.one\\\/pt\\\/#organization\"},\"potentialAction\":[{\"@type\":\"SearchAction\",\"target\":{\"@type\":\"EntryPoint\",\"urlTemplate\":\"https:\\\/\\\/thefortune.one\\\/pt\\\/?s={search_term_string}\"},\"query-input\":{\"@type\":\"PropertyValueSpecification\",\"valueRequired\":true,\"valueName\":\"search_term_string\"}}],\"inLanguage\":\"pt-BR\"},{\"@type\":\"Organization\",\"@id\":\"https:\\\/\\\/thefortune.one\\\/pt\\\/#organization\",\"name\":\"The Fortune One\",\"url\":\"https:\\\/\\\/thefortune.one\\\/pt\\\/\",\"logo\":{\"@type\":\"ImageObject\",\"inLanguage\":\"pt-BR\",\"@id\":\"https:\\\/\\\/thefortune.one\\\/pt\\\/#\\\/schema\\\/logo\\\/image\\\/\",\"url\":\"https:\\\/\\\/thefortune.one\\\/wp-content\\\/uploads\\\/2022\\\/11\\\/cropped-cropped-1651682701199-1.jpg\",\"contentUrl\":\"https:\\\/\\\/thefortune.one\\\/wp-content\\\/uploads\\\/2022\\\/11\\\/cropped-cropped-1651682701199-1.jpg\",\"width\":369,\"height\":421,\"caption\":\"The Fortune One\"},\"image\":{\"@id\":\"https:\\\/\\\/thefortune.one\\\/pt\\\/#\\\/schema\\\/logo\\\/image\\\/\"}},{\"@type\":\"Person\",\"@id\":\"https:\\\/\\\/thefortune.one\\\/pt\\\/#\\\/schema\\\/person\\\/6cd8fe72a627d36caabf41815984a16f\",\"name\":\"bianca\",\"image\":{\"@type\":\"ImageObject\",\"inLanguage\":\"pt-BR\",\"@id\":\"https:\\\/\\\/secure.gravatar.com\\\/avatar\\\/66cd7b00d93410555e00d1e6a911a86de0cd0cfa4f83a2f8b47eddc2968c98af?s=96&d=mm&r=g\",\"url\":\"https:\\\/\\\/secure.gravatar.com\\\/avatar\\\/66cd7b00d93410555e00d1e6a911a86de0cd0cfa4f83a2f8b47eddc2968c98af?s=96&d=mm&r=g\",\"contentUrl\":\"https:\\\/\\\/secure.gravatar.com\\\/avatar\\\/66cd7b00d93410555e00d1e6a911a86de0cd0cfa4f83a2f8b47eddc2968c98af?s=96&d=mm&r=g\",\"caption\":\"bianca\"},\"url\":\"https:\\\/\\\/thefortune.one\\\/pt\\\/author\\\/bianca\\\/\"}]}<\/script>\n<!-- \/ Yoast SEO plugin. -->","yoast_head_json":{"title":"Meta fiscal para 2024 \u00e9 \u2018ambiciosa\u2019, \u2018mas plenamente poss\u00edvel\u2019 cumprir, diz Guilherme Mello - The Fortune.one","description":"Somos especialistas em gest\u00e3o patrimonial, op\u00e7\u00f5es de investimentos para diversos perfis, nosso diferencial \u00e9 comprovado com resultados.","robots":{"index":"index","follow":"follow","max-snippet":"max-snippet:-1","max-image-preview":"max-image-preview:large","max-video-preview":"max-video-preview:-1"},"canonical":"https:\/\/thefortune.one\/pt\/meta-fiscal-para-2024-e-ambiciosa-mas-plenamente-possivel-cumprir-diz-guilherme-mello\/","og_locale":"pt_BR","og_type":"article","og_title":"Meta fiscal para 2024 \u00e9 \u2018ambiciosa\u2019, \u2018mas plenamente poss\u00edvel\u2019 cumprir, diz Guilherme Mello - The Fortune.one","og_description":"Somos especialistas em gest\u00e3o patrimonial, op\u00e7\u00f5es de investimentos para diversos perfis, nosso diferencial \u00e9 comprovado com resultados.","og_url":"https:\/\/thefortune.one\/pt\/meta-fiscal-para-2024-e-ambiciosa-mas-plenamente-possivel-cumprir-diz-guilherme-mello\/","og_site_name":"The Fortune.one","article_published_time":"2023-08-10T12:56:28+00:00","og_image":[{"width":833,"height":469,"url":"https:\/\/thefortune.one\/wp-content\/uploads\/2023\/08\/mini.jpg","type":"image\/jpeg"}],"author":"bianca","twitter_card":"summary_large_image","twitter_misc":{"Escrito por":"bianca","Est. tempo de leitura":"23 minutos"},"schema":{"@context":"https:\/\/schema.org","@graph":[{"@type":"Article","@id":"https:\/\/thefortune.one\/pt\/meta-fiscal-para-2024-e-ambiciosa-mas-plenamente-possivel-cumprir-diz-guilherme-mello\/#article","isPartOf":{"@id":"https:\/\/thefortune.one\/pt\/meta-fiscal-para-2024-e-ambiciosa-mas-plenamente-possivel-cumprir-diz-guilherme-mello\/"},"author":{"name":"bianca","@id":"https:\/\/thefortune.one\/pt\/#\/schema\/person\/6cd8fe72a627d36caabf41815984a16f"},"headline":"Meta fiscal para 2024 \u00e9 \u2018ambiciosa\u2019, \u2018mas plenamente poss\u00edvel\u2019 cumprir, diz Guilherme Mello","datePublished":"2023-08-10T12:56:28+00:00","mainEntityOfPage":{"@id":"https:\/\/thefortune.one\/pt\/meta-fiscal-para-2024-e-ambiciosa-mas-plenamente-possivel-cumprir-diz-guilherme-mello\/"},"wordCount":4522,"commentCount":0,"publisher":{"@id":"https:\/\/thefortune.one\/pt\/#organization"},"image":{"@id":"https:\/\/thefortune.one\/pt\/meta-fiscal-para-2024-e-ambiciosa-mas-plenamente-possivel-cumprir-diz-guilherme-mello\/#primaryimage"},"thumbnailUrl":"https:\/\/thefortune.one\/wp-content\/uploads\/2023\/08\/mini.jpg","articleSection":["The Fortune.one"],"inLanguage":"pt-BR","potentialAction":[{"@type":"CommentAction","name":"Comment","target":["https:\/\/thefortune.one\/pt\/meta-fiscal-para-2024-e-ambiciosa-mas-plenamente-possivel-cumprir-diz-guilherme-mello\/#respond"]}]},{"@type":"WebPage","@id":"https:\/\/thefortune.one\/pt\/meta-fiscal-para-2024-e-ambiciosa-mas-plenamente-possivel-cumprir-diz-guilherme-mello\/","url":"https:\/\/thefortune.one\/pt\/meta-fiscal-para-2024-e-ambiciosa-mas-plenamente-possivel-cumprir-diz-guilherme-mello\/","name":"Meta fiscal para 2024 \u00e9 \u2018ambiciosa\u2019, \u2018mas plenamente poss\u00edvel\u2019 cumprir, diz Guilherme Mello - The Fortune.one","isPartOf":{"@id":"https:\/\/thefortune.one\/pt\/#website"},"primaryImageOfPage":{"@id":"https:\/\/thefortune.one\/pt\/meta-fiscal-para-2024-e-ambiciosa-mas-plenamente-possivel-cumprir-diz-guilherme-mello\/#primaryimage"},"image":{"@id":"https:\/\/thefortune.one\/pt\/meta-fiscal-para-2024-e-ambiciosa-mas-plenamente-possivel-cumprir-diz-guilherme-mello\/#primaryimage"},"thumbnailUrl":"https:\/\/thefortune.one\/wp-content\/uploads\/2023\/08\/mini.jpg","datePublished":"2023-08-10T12:56:28+00:00","description":"Somos especialistas em gest\u00e3o patrimonial, op\u00e7\u00f5es de investimentos para diversos perfis, nosso diferencial \u00e9 comprovado com resultados.","breadcrumb":{"@id":"https:\/\/thefortune.one\/pt\/meta-fiscal-para-2024-e-ambiciosa-mas-plenamente-possivel-cumprir-diz-guilherme-mello\/#breadcrumb"},"inLanguage":"pt-BR","potentialAction":[{"@type":"ReadAction","target":["https:\/\/thefortune.one\/pt\/meta-fiscal-para-2024-e-ambiciosa-mas-plenamente-possivel-cumprir-diz-guilherme-mello\/"]}]},{"@type":"ImageObject","inLanguage":"pt-BR","@id":"https:\/\/thefortune.one\/pt\/meta-fiscal-para-2024-e-ambiciosa-mas-plenamente-possivel-cumprir-diz-guilherme-mello\/#primaryimage","url":"https:\/\/thefortune.one\/wp-content\/uploads\/2023\/08\/mini.jpg","contentUrl":"https:\/\/thefortune.one\/wp-content\/uploads\/2023\/08\/mini.jpg","width":833,"height":469},{"@type":"BreadcrumbList","@id":"https:\/\/thefortune.one\/pt\/meta-fiscal-para-2024-e-ambiciosa-mas-plenamente-possivel-cumprir-diz-guilherme-mello\/#breadcrumb","itemListElement":[{"@type":"ListItem","position":1,"name":"In\u00edcio","item":"https:\/\/thefortune.one\/pt\/"},{"@type":"ListItem","position":2,"name":"Meta fiscal para 2024 \u00e9 \u2018ambiciosa\u2019, \u2018mas plenamente poss\u00edvel\u2019 cumprir, diz Guilherme Mello"}]},{"@type":"WebSite","@id":"https:\/\/thefortune.one\/pt\/#website","url":"https:\/\/thefortune.one\/pt\/","name":"The Fortune.one","description":"Gestora de Recursos Especializada em Private Equity","publisher":{"@id":"https:\/\/thefortune.one\/pt\/#organization"},"potentialAction":[{"@type":"SearchAction","target":{"@type":"EntryPoint","urlTemplate":"https:\/\/thefortune.one\/pt\/?s={search_term_string}"},"query-input":{"@type":"PropertyValueSpecification","valueRequired":true,"valueName":"search_term_string"}}],"inLanguage":"pt-BR"},{"@type":"Organization","@id":"https:\/\/thefortune.one\/pt\/#organization","name":"The Fortune One","url":"https:\/\/thefortune.one\/pt\/","logo":{"@type":"ImageObject","inLanguage":"pt-BR","@id":"https:\/\/thefortune.one\/pt\/#\/schema\/logo\/image\/","url":"https:\/\/thefortune.one\/wp-content\/uploads\/2022\/11\/cropped-cropped-1651682701199-1.jpg","contentUrl":"https:\/\/thefortune.one\/wp-content\/uploads\/2022\/11\/cropped-cropped-1651682701199-1.jpg","width":369,"height":421,"caption":"The Fortune One"},"image":{"@id":"https:\/\/thefortune.one\/pt\/#\/schema\/logo\/image\/"}},{"@type":"Person","@id":"https:\/\/thefortune.one\/pt\/#\/schema\/person\/6cd8fe72a627d36caabf41815984a16f","name":"bianca","image":{"@type":"ImageObject","inLanguage":"pt-BR","@id":"https:\/\/secure.gravatar.com\/avatar\/66cd7b00d93410555e00d1e6a911a86de0cd0cfa4f83a2f8b47eddc2968c98af?s=96&d=mm&r=g","url":"https:\/\/secure.gravatar.com\/avatar\/66cd7b00d93410555e00d1e6a911a86de0cd0cfa4f83a2f8b47eddc2968c98af?s=96&d=mm&r=g","contentUrl":"https:\/\/secure.gravatar.com\/avatar\/66cd7b00d93410555e00d1e6a911a86de0cd0cfa4f83a2f8b47eddc2968c98af?s=96&d=mm&r=g","caption":"bianca"},"url":"https:\/\/thefortune.one\/pt\/author\/bianca\/"}]}},"_links":{"self":[{"href":"https:\/\/thefortune.one\/pt\/wp-json\/wp\/v2\/posts\/4022","targetHints":{"allow":["GET"]}}],"collection":[{"href":"https:\/\/thefortune.one\/pt\/wp-json\/wp\/v2\/posts"}],"about":[{"href":"https:\/\/thefortune.one\/pt\/wp-json\/wp\/v2\/types\/post"}],"author":[{"embeddable":true,"href":"https:\/\/thefortune.one\/pt\/wp-json\/wp\/v2\/users\/3"}],"replies":[{"embeddable":true,"href":"https:\/\/thefortune.one\/pt\/wp-json\/wp\/v2\/comments?post=4022"}],"version-history":[{"count":1,"href":"https:\/\/thefortune.one\/pt\/wp-json\/wp\/v2\/posts\/4022\/revisions"}],"predecessor-version":[{"id":4024,"href":"https:\/\/thefortune.one\/pt\/wp-json\/wp\/v2\/posts\/4022\/revisions\/4024"}],"wp:featuredmedia":[{"embeddable":true,"href":"https:\/\/thefortune.one\/pt\/wp-json\/wp\/v2\/media\/4023"}],"wp:attachment":[{"href":"https:\/\/thefortune.one\/pt\/wp-json\/wp\/v2\/media?parent=4022"}],"wp:term":[{"taxonomy":"category","embeddable":true,"href":"https:\/\/thefortune.one\/pt\/wp-json\/wp\/v2\/categories?post=4022"},{"taxonomy":"post_tag","embeddable":true,"href":"https:\/\/thefortune.one\/pt\/wp-json\/wp\/v2\/tags?post=4022"}],"curies":[{"name":"wp","href":"https:\/\/api.w.org\/{rel}","templated":true}]}}