{"id":4004,"date":"2023-08-02T13:08:55","date_gmt":"2023-08-02T13:08:55","guid":{"rendered":"https:\/\/thefortune.one\/?p=4004"},"modified":"2023-08-02T13:08:55","modified_gmt":"2023-08-02T13:08:55","slug":"banco-central-deve-baixar-juros-nesta-quarta-pela-primeira-vez-em-tres-anos-veja-efeitos-na-pratica","status":"publish","type":"post","link":"https:\/\/thefortune.one\/pt\/banco-central-deve-baixar-juros-nesta-quarta-pela-primeira-vez-em-tres-anos-veja-efeitos-na-pratica\/","title":{"rendered":"Banco Central deve baixar juros nesta quarta pela primeira vez em tr\u00eas anos; veja efeitos na pr\u00e1tica"},"content":{"rendered":"\n<h2 class=\"wp-block-heading\">Corte da taxa no Brasil tende a ser repassada aos clientes e, com isso, favorece crescimento da economia. Tamb\u00e9m melhora o perfil das contas p\u00fablicas, pois gastos com juros recuam.<\/h2>\n\n\n\n<figure class=\"wp-block-image size-full\"><img fetchpriority=\"high\" decoding=\"async\" width=\"600\" height=\"338\" src=\"https:\/\/thefortune.one\/wp-content\/uploads\/2023\/08\/image-1.png\" alt=\"\" class=\"wp-image-4005\" srcset=\"https:\/\/thefortune.one\/wp-content\/uploads\/2023\/08\/image-1.png 600w, https:\/\/thefortune.one\/wp-content\/uploads\/2023\/08\/image-1-300x169.png 300w, https:\/\/thefortune.one\/wp-content\/uploads\/2023\/08\/image-1-18x10.png 18w\" sizes=\"(max-width: 600px) 100vw, 600px\" \/><\/figure>\n\n\n\n<p>O Comit\u00ea de Pol\u00edtica Monet\u00e1ria (<a class=\"\" href=\"https:\/\/g1.globo.com\/tudo-sobre\/copom\/\">Copom<\/a>) do Banco Central se re\u00fane nesta quarta-feira (2) e deve iniciar o ciclo de corte nos juros b\u00e1sicos da economia brasileira. A decis\u00e3o ser\u00e1 anunciada ap\u00f3s as 18h.<\/p>\n\n\n\n<p>Se confirmado, esse ser\u00e1 o primeiro corte dos juros em tr\u00eas anos. A \u00faltima queda aconteceu em agosto de 2020, em meio \u00e0 fase mais aguda da pandemia da Covid-19, quando a taxa Selic caiu de 2,5% para 2% ao ano (o n\u00edvel mais baixo da hist\u00f3ria).<\/p>\n\n\n\n<p>Atualmente, a taxa Selic est\u00e1 em 13,75% ao ano, o maior n\u00edvel em seis anos e meio.<\/p>\n\n\n\n<p>A expectativa da maior parte do mercado financeiro, em pesquisa realizada pelo BC com mais de 100 bancos na semana passada, \u00e9 de um corte de 0,25 ponto percentual, para 13,50% ao ano. Mas h\u00e1 analistas que projetam uma redu\u00e7\u00e3o maior, de 0,5 ponto percentual, para 13,25% ao ano.<\/p>\n\n\n\n<p>Desde o in\u00edcio do mandato, o presidente Luiz In\u00e1cio Lula da Silva e integrantes do seu governo v\u00eam criticando o BC por manter a taxa em 13,75%. O presidente do BC, Roberto Campos Neto, argumenta que a manuten\u00e7\u00e3o da taxa foi importante para conter a infla\u00e7\u00e3o. Campos Neto tem autonomia, ou seja, n\u00e3o pode ser demitido por Lula.<\/p>\n\n\n\n<p><a class=\"\" href=\"https:\/\/g1.globo.com\/economia\/noticia\/2023\/07\/30\/apos-pressao-de-lula-e-queda-da-inflacao-bc-deve-promover-nesta-semana-1o-corte-de-juros-em-tres-anos.ghtml\">A queda da infla\u00e7\u00e3o nos \u00faltimos meses<\/a>&nbsp;pode ser um fator que leve \u00e0 redu\u00e7\u00e3o dos juros nesta quarta.<\/p>\n\n\n\n<p>Em maio, a\u00a0<a class=\"\" href=\"https:\/\/g1.globo.com\/economia\/noticia\/2023\/06\/07\/ipca-sobe-023percent-em-maio-diz-ibge.ghtml\">infla\u00e7\u00e3o oficial desacelerou para 0,23% de alta<\/a>. E, em\u00a0<a class=\"\" href=\"https:\/\/g1.globo.com\/economia\/noticia\/2023\/07\/11\/ipca-cai-008percent-em-junho.ghtml\">junho, foi registrada defla\u00e7\u00e3o, ou seja, queda de pre\u00e7os, de 0,08%.<\/a><\/p>\n\n\n\n<h2 class=\"wp-block-heading\">Consequ\u00eancias de juros menores<\/h2>\n\n\n\n<p>De acordo com especialistas, a redu\u00e7\u00e3o da taxa de juros no Brasil ter\u00e1 v\u00e1rias consequ\u00eancias para a economia. Veja abaixo algumas delas:<\/p>\n\n\n\n<p><strong>Redu\u00e7\u00e3o das taxas banc\u00e1rias<\/strong>: a tend\u00eancia \u00e9 que os cortes de juros sejam repassados aos clientes. Em junho, antes mesmo do in\u00edcio do ciclo de corte da Selic pelo BC brasileiro,\u00a0<a class=\"\" href=\"https:\/\/g1.globo.com\/economia\/noticia\/2023\/07\/27\/juros-bancarios-medios-tem-1a-queda-do-ano-em-junho-para-446percent-ao-ano.ghtml\">os juros m\u00e9dios dos bancos j\u00e1 come\u00e7aram a recuar.<\/a>\u00a0<strong>Foi a primeira queda neste ano<\/strong>.<\/p>\n\n\n\n<p><strong>Maior n\u00edvel de atividade<\/strong>: Com juros mais baixos, a expectativa \u00e9 de que&nbsp;<strong>comece a haver um comportamento melhor do consumo da popula\u00e7\u00e3o e, tamb\u00e9m, melhora dos investimentos produtivos<\/strong>, impactando positivamente o Produto Interno Bruto (PIB), o emprego e a renda.<\/p>\n\n\n\n<p>&#8220;No momento que a taxa de juros cai, gera-se um incentivo para o empres\u00e1rio e a ind\u00fastria faz mais investimentos no seu neg\u00f3cio. Ter uma taxa de juros mais baixa vai fazer com que a popula\u00e7\u00e3o busque financiamentos e que as empresas destravem e fa\u00e7am investimentos necess\u00e1rios&#8221;, afirmou Rodrigo Azevedo, economista e s\u00f3cio-fundador da GT Capital.<\/p>\n\n\n\n<p><strong>Melhora das contas p\u00fablicas<\/strong>: as&nbsp;<strong>redu\u00e7\u00f5es de juros tamb\u00e9m favorecem as contas p\u00fablicas<\/strong>, pois diminuem as despesas com juros da d\u00edvida p\u00fablica. Em 2022, a despesa com juros somou R$ 586 bilh\u00f5es. Na porcentagem do PIB (5,96%), foi o maior patamar desde 2017.<\/p>\n\n\n\n<p>Com o recuo dos juros, haver\u00e1 uma press\u00e3o menor de despesas, o que favorece o perfil do endividamento brasileiro.<\/p>\n\n\n\n<p>No fim do m\u00eas passado, o secret\u00e1rio do Tesouro Nacional, Rog\u00e9rio Ceron, calculou que se a taxa b\u00e1sica de juros estivesse em 10% ao ano, em vez dos atuais 13,75%,\u00a0<a class=\"\" href=\"https:\/\/g1.globo.com\/economia\/noticia\/2023\/06\/23\/com-juros-em-10percent-haveria-quase-um-bolsa-familia-economizado-por-ano-diz-secretario-do-tesouro.ghtml\">a economia nos gastos com juros da d\u00edvida p\u00fablica permitiria o pagamento anual de quase um Bolsa Fam\u00edlia.<\/a><\/p>\n\n\n\n<p><strong>Impacto nas aplica\u00e7\u00f5es financeiras:<\/strong>&nbsp;investimentos em renda fixa, como no Tesouro Direto e em deb\u00eantures, por\u00e9m, tendem a ter um rendimento menor do que teriam com juros mais elevados.<\/p>\n\n\n\n<p>De acordo com an\u00e1lise do Paran\u00e1 Banco Investimentos, entretanto, a renda fixa ainda \u00e9 um bom investimento. Nesse caso, os pap\u00e9is pr\u00e9-fixados s\u00e3o os mais recomendados quando tem in\u00edcio um ciclo de queda nos juros.<\/p>\n\n\n\n<p>&#8220;Quanto aos investimentos de longo prazo, os t\u00edtulos indexados \u00e0 infla\u00e7\u00e3o s\u00e3o uma op\u00e7\u00e3o interessante para garantir um ganho real&#8221;, acrescentou a institui\u00e7\u00e3o.<\/p>\n\n\n\n<h2 class=\"wp-block-heading\">Juros l\u00e1 fora<\/h2>\n\n\n\n<p>A reuni\u00e3o do Copom acontece em um momento no qual os bancos centrais de pa\u00edses desenvolvidos ainda est\u00e3o elevando a taxa de juros &#8211; para conter press\u00f5es inflacion\u00e1rias &#8211; ou mantendo-as est\u00e1veis.<\/p>\n\n\n\n<ul class=\"wp-block-list\">\n<li>O Federal Reserve (Fed), o banco central dos Estados Unidos,&nbsp;<a class=\"\" href=\"https:\/\/g1.globo.com\/economia\/noticia\/2023\/07\/26\/fed-sobe-juros-dos-estados-unidos-em-025-ponto-percentual.ghtml\">aumentou os juros do pa\u00eds no fim de julho em 0,25 ponto percentual, para uma faixa de 5,25% a 5,50% ao ano \u2014 marcando o maior n\u00edvel das taxas desde 2001.<\/a><\/li>\n\n\n\n<li>O Banco Central Europeu (BCE) elevou a taxa de juros da zona do Euro em 0,25 ponto percentual na \u00faltima semana, de 3,5% para 3,75% ao ano. A presidente do BCE, Christine Lagarde, sinalizou que pode haver uma pausa no ciclo de aumento dos juros.<\/li>\n\n\n\n<li>O Banco Central do Canad\u00e1 subiu sua taxa b\u00e1sica de juros em 0,25 ponto percentual em meados de julho, para 5% ao ano.<\/li>\n\n\n\n<li>O Banco Central da Su\u00ed\u00e7a aumentou a taxa de juros pela quinta vez seguida no final de junho, para 1,75% ao ano.<\/li>\n\n\n\n<li>O Banco Central do Reino Unido elevou sua taxa b\u00e1sica de juros, tamb\u00e9m no final de junho, em 0,5 ponto percentual, para 5% ao ano.<\/li>\n<\/ul>\n\n\n\n<p>A redu\u00e7\u00e3o da taxa b\u00e1sica de juros no Brasil deve acontecer nesta quarta-feira&nbsp;<a class=\"\" href=\"https:\/\/g1.globo.com\/economia\/noticia\/2023\/07\/30\/apos-pressao-de-lula-e-queda-da-inflacao-bc-deve-promover-nesta-semana-1o-corte-de-juros-em-tres-anos.ghtml\">ap\u00f3s press\u00e3o de Lula e, tamb\u00e9m, da queda da infla\u00e7\u00e3o nos \u00faltimos meses.<\/a><\/p>\n\n\n\n<p>O presidente do Banco Central, Roberto Campos Neto,&nbsp;<a class=\"\" href=\"https:\/\/g1.globo.com\/economia\/noticia\/2023\/05\/17\/presidente-do-bc-diz-que-estrategia-de-subir-juro-cedo-para-combater-inflacao-comeca-a-dar-resultado-e-que-arcabouco-pode-ajudar.ghtml\">afirmou em maio que a estrat\u00e9gia da institui\u00e7\u00e3o foi de iniciar o processo de alta dos juros mais cedo do que em outros pa\u00edses.<\/a><\/p>\n\n\n\n<blockquote class=\"wp-block-quote is-layout-flow wp-block-quote-is-layout-flow\">\n<p>&#8220;Consideramos que essa abordagem proativa de pol\u00edtica monet\u00e1ria [defini\u00e7\u00e3o da Selic para conter a infla\u00e7\u00e3o], que levou a taxa b\u00e1sica de juros a um territ\u00f3rio significativamente restritivo [alto], foi oportuno. Note-se que que essa estrat\u00e9gia come\u00e7a a dar resultado. A infla\u00e7\u00e3o no Brasil come\u00e7ou a diminuir significativamente mais cedo em compara\u00e7\u00e3o a outros pa\u00edses em desenvolvimento&#8221;, disse Campos Neto, na ocasi\u00e3o.<\/p>\n<cite>Como as decis\u00f5es s\u00e3o tomadas<br><br>Para definir a taxa b\u00e1sica de juros e tentar conter a alta dos pre\u00e7os, no sistema de metas de infla\u00e7\u00e3o, o BC olha para frente.<br>Neste momento, a institui\u00e7\u00e3o j\u00e1 est\u00e1 mirando na meta do ano que vem, e tamb\u00e9m para o in\u00edcio de 2025 (em doze meses). Isso ocorre porque as mudan\u00e7as na taxa Selic demoram de seis a 18 meses para ter impacto pleno na economia.<br><br>A meta de infla\u00e7\u00e3o do pr\u00f3ximo ano, definida pelo Conselho Monet\u00e1rio Nacional (CMN), \u00e9 de 3% e ser\u00e1 considerada cumprida se oscilar entre 1,5% e 4,5%.<br>Na semana passada, os economistas do mercado financeiro\u00a0<a class=\"\" href=\"https:\/\/g1.globo.com\/economia\/noticia\/2023\/07\/25\/mercado-financeiro-reduz-estimativa-de-inflacao-para-490percent-em-2023.ghtml\">reduziram a estimativa de infla\u00e7\u00e3o deste ano, de 4,95% para 4,90%, e passaram a projetar uma infla\u00e7\u00e3o de 3,90% para 2024.<\/a><br>A expectativa do mercado financeiro \u00e9 de que os\u00a0<a class=\"\" href=\"https:\/\/g1.globo.com\/economia\/noticia\/2023\/07\/31\/analistas-do-mercado-reduzem-estimativa-de-inflacao-para-2023-e-2024.ghtml\">juros continuem recuando nos pr\u00f3ximos meses e que terminem 2023 em 12% ao ano, e 2024 em 9,25% ao ano.<\/a><br><br>Isso aconteceu porque os juros do mercado futuro, pactuados entre as institui\u00e7\u00f5es financeiras com base nas expectativas para a economia brasileira, j\u00e1 come\u00e7aram a recuar (antecipando o corte da Sellic).<\/cite><\/blockquote>\n\n\n\n<p>Fonte:https:\/\/g1.globo.com\/economia\/noticia\/2023\/08\/02\/banco-central-deve-baixar-juros-nesta-quarta-pela-primeira-vez-em-tres-anos-veja-efeitos-na-pratica.ghtml<\/p>\n","protected":false},"excerpt":{"rendered":"<p>Corte da taxa no Brasil tende a ser repassada aos clientes e, com isso, favorece crescimento da economia. Tamb\u00e9m melhora o perfil das contas p\u00fablicas, pois gastos com juros recuam. O Comit\u00ea de Pol\u00edtica Monet\u00e1ria (Copom) do Banco Central se re\u00fane nesta quarta-feira (2) e deve iniciar o ciclo de corte nos juros b\u00e1sicos da [&hellip;]<\/p>\n","protected":false},"author":3,"featured_media":4005,"comment_status":"open","ping_status":"open","sticky":false,"template":"","format":"standard","meta":{"_joinchat":[],"footnotes":""},"categories":[1],"tags":[],"class_list":["post-4004","post","type-post","status-publish","format-standard","has-post-thumbnail","hentry","category-the-fortune-one"],"yoast_head":"<!-- This site is optimized with the Yoast SEO plugin v27.5 - https:\/\/yoast.com\/product\/yoast-seo-wordpress\/ -->\n<title>Banco Central deve baixar juros nesta quarta pela primeira vez em tr\u00eas anos; veja efeitos na pr\u00e1tica - The Fortune.one<\/title>\n<meta name=\"description\" content=\"Somos especialistas em gest\u00e3o patrimonial, op\u00e7\u00f5es de investimentos para diversos perfis, nosso diferencial \u00e9 comprovado com resultados.\" \/>\n<meta name=\"robots\" content=\"index, follow, max-snippet:-1, max-image-preview:large, max-video-preview:-1\" \/>\n<link rel=\"canonical\" href=\"https:\/\/thefortune.one\/pt\/banco-central-deve-baixar-juros-nesta-quarta-pela-primeira-vez-em-tres-anos-veja-efeitos-na-pratica\/\" \/>\n<meta property=\"og:locale\" content=\"pt_BR\" \/>\n<meta property=\"og:type\" content=\"article\" \/>\n<meta property=\"og:title\" content=\"Banco Central deve baixar juros nesta quarta pela primeira vez em tr\u00eas anos; veja efeitos na pr\u00e1tica - The Fortune.one\" \/>\n<meta property=\"og:description\" content=\"Somos especialistas em gest\u00e3o patrimonial, op\u00e7\u00f5es de investimentos para diversos perfis, nosso diferencial \u00e9 comprovado com resultados.\" \/>\n<meta property=\"og:url\" content=\"https:\/\/thefortune.one\/pt\/banco-central-deve-baixar-juros-nesta-quarta-pela-primeira-vez-em-tres-anos-veja-efeitos-na-pratica\/\" \/>\n<meta property=\"og:site_name\" content=\"The Fortune.one\" \/>\n<meta property=\"article:published_time\" content=\"2023-08-02T13:08:55+00:00\" \/>\n<meta property=\"og:image\" content=\"https:\/\/thefortune.one\/wp-content\/uploads\/2023\/08\/image-1.png\" \/>\n\t<meta property=\"og:image:width\" content=\"600\" \/>\n\t<meta property=\"og:image:height\" content=\"338\" \/>\n\t<meta property=\"og:image:type\" content=\"image\/png\" \/>\n<meta name=\"author\" content=\"bianca\" \/>\n<meta name=\"twitter:card\" content=\"summary_large_image\" \/>\n<meta name=\"twitter:label1\" content=\"Escrito por\" \/>\n\t<meta name=\"twitter:data1\" content=\"bianca\" \/>\n\t<meta name=\"twitter:label2\" content=\"Est. tempo de leitura\" \/>\n\t<meta name=\"twitter:data2\" content=\"6 minutos\" \/>\n<script type=\"application\/ld+json\" class=\"yoast-schema-graph\">{\"@context\":\"https:\\\/\\\/schema.org\",\"@graph\":[{\"@type\":\"Article\",\"@id\":\"https:\\\/\\\/thefortune.one\\\/pt\\\/banco-central-deve-baixar-juros-nesta-quarta-pela-primeira-vez-em-tres-anos-veja-efeitos-na-pratica\\\/#article\",\"isPartOf\":{\"@id\":\"https:\\\/\\\/thefortune.one\\\/pt\\\/banco-central-deve-baixar-juros-nesta-quarta-pela-primeira-vez-em-tres-anos-veja-efeitos-na-pratica\\\/\"},\"author\":{\"name\":\"bianca\",\"@id\":\"https:\\\/\\\/thefortune.one\\\/pt\\\/#\\\/schema\\\/person\\\/6cd8fe72a627d36caabf41815984a16f\"},\"headline\":\"Banco Central deve baixar juros nesta quarta pela primeira vez em tr\u00eas anos; veja efeitos na pr\u00e1tica\",\"datePublished\":\"2023-08-02T13:08:55+00:00\",\"mainEntityOfPage\":{\"@id\":\"https:\\\/\\\/thefortune.one\\\/pt\\\/banco-central-deve-baixar-juros-nesta-quarta-pela-primeira-vez-em-tres-anos-veja-efeitos-na-pratica\\\/\"},\"wordCount\":1244,\"commentCount\":0,\"publisher\":{\"@id\":\"https:\\\/\\\/thefortune.one\\\/pt\\\/#organization\"},\"image\":{\"@id\":\"https:\\\/\\\/thefortune.one\\\/pt\\\/banco-central-deve-baixar-juros-nesta-quarta-pela-primeira-vez-em-tres-anos-veja-efeitos-na-pratica\\\/#primaryimage\"},\"thumbnailUrl\":\"https:\\\/\\\/thefortune.one\\\/wp-content\\\/uploads\\\/2023\\\/08\\\/image-1.png\",\"articleSection\":[\"The Fortune.one\"],\"inLanguage\":\"pt-BR\",\"potentialAction\":[{\"@type\":\"CommentAction\",\"name\":\"Comment\",\"target\":[\"https:\\\/\\\/thefortune.one\\\/pt\\\/banco-central-deve-baixar-juros-nesta-quarta-pela-primeira-vez-em-tres-anos-veja-efeitos-na-pratica\\\/#respond\"]}]},{\"@type\":\"WebPage\",\"@id\":\"https:\\\/\\\/thefortune.one\\\/pt\\\/banco-central-deve-baixar-juros-nesta-quarta-pela-primeira-vez-em-tres-anos-veja-efeitos-na-pratica\\\/\",\"url\":\"https:\\\/\\\/thefortune.one\\\/pt\\\/banco-central-deve-baixar-juros-nesta-quarta-pela-primeira-vez-em-tres-anos-veja-efeitos-na-pratica\\\/\",\"name\":\"Banco Central deve baixar juros nesta quarta pela primeira vez em tr\u00eas anos; veja efeitos na pr\u00e1tica - The Fortune.one\",\"isPartOf\":{\"@id\":\"https:\\\/\\\/thefortune.one\\\/pt\\\/#website\"},\"primaryImageOfPage\":{\"@id\":\"https:\\\/\\\/thefortune.one\\\/pt\\\/banco-central-deve-baixar-juros-nesta-quarta-pela-primeira-vez-em-tres-anos-veja-efeitos-na-pratica\\\/#primaryimage\"},\"image\":{\"@id\":\"https:\\\/\\\/thefortune.one\\\/pt\\\/banco-central-deve-baixar-juros-nesta-quarta-pela-primeira-vez-em-tres-anos-veja-efeitos-na-pratica\\\/#primaryimage\"},\"thumbnailUrl\":\"https:\\\/\\\/thefortune.one\\\/wp-content\\\/uploads\\\/2023\\\/08\\\/image-1.png\",\"datePublished\":\"2023-08-02T13:08:55+00:00\",\"description\":\"Somos especialistas em gest\u00e3o patrimonial, op\u00e7\u00f5es de investimentos para diversos perfis, nosso diferencial \u00e9 comprovado com resultados.\",\"breadcrumb\":{\"@id\":\"https:\\\/\\\/thefortune.one\\\/pt\\\/banco-central-deve-baixar-juros-nesta-quarta-pela-primeira-vez-em-tres-anos-veja-efeitos-na-pratica\\\/#breadcrumb\"},\"inLanguage\":\"pt-BR\",\"potentialAction\":[{\"@type\":\"ReadAction\",\"target\":[\"https:\\\/\\\/thefortune.one\\\/pt\\\/banco-central-deve-baixar-juros-nesta-quarta-pela-primeira-vez-em-tres-anos-veja-efeitos-na-pratica\\\/\"]}]},{\"@type\":\"ImageObject\",\"inLanguage\":\"pt-BR\",\"@id\":\"https:\\\/\\\/thefortune.one\\\/pt\\\/banco-central-deve-baixar-juros-nesta-quarta-pela-primeira-vez-em-tres-anos-veja-efeitos-na-pratica\\\/#primaryimage\",\"url\":\"https:\\\/\\\/thefortune.one\\\/wp-content\\\/uploads\\\/2023\\\/08\\\/image-1.png\",\"contentUrl\":\"https:\\\/\\\/thefortune.one\\\/wp-content\\\/uploads\\\/2023\\\/08\\\/image-1.png\",\"width\":600,\"height\":338},{\"@type\":\"BreadcrumbList\",\"@id\":\"https:\\\/\\\/thefortune.one\\\/pt\\\/banco-central-deve-baixar-juros-nesta-quarta-pela-primeira-vez-em-tres-anos-veja-efeitos-na-pratica\\\/#breadcrumb\",\"itemListElement\":[{\"@type\":\"ListItem\",\"position\":1,\"name\":\"In\u00edcio\",\"item\":\"https:\\\/\\\/thefortune.one\\\/pt\\\/\"},{\"@type\":\"ListItem\",\"position\":2,\"name\":\"Banco Central deve baixar juros nesta quarta pela primeira vez em tr\u00eas anos; veja efeitos na pr\u00e1tica\"}]},{\"@type\":\"WebSite\",\"@id\":\"https:\\\/\\\/thefortune.one\\\/pt\\\/#website\",\"url\":\"https:\\\/\\\/thefortune.one\\\/pt\\\/\",\"name\":\"The Fortune.one\",\"description\":\"Gestora de Recursos Especializada em Private Equity\",\"publisher\":{\"@id\":\"https:\\\/\\\/thefortune.one\\\/pt\\\/#organization\"},\"potentialAction\":[{\"@type\":\"SearchAction\",\"target\":{\"@type\":\"EntryPoint\",\"urlTemplate\":\"https:\\\/\\\/thefortune.one\\\/pt\\\/?s={search_term_string}\"},\"query-input\":{\"@type\":\"PropertyValueSpecification\",\"valueRequired\":true,\"valueName\":\"search_term_string\"}}],\"inLanguage\":\"pt-BR\"},{\"@type\":\"Organization\",\"@id\":\"https:\\\/\\\/thefortune.one\\\/pt\\\/#organization\",\"name\":\"The Fortune One\",\"url\":\"https:\\\/\\\/thefortune.one\\\/pt\\\/\",\"logo\":{\"@type\":\"ImageObject\",\"inLanguage\":\"pt-BR\",\"@id\":\"https:\\\/\\\/thefortune.one\\\/pt\\\/#\\\/schema\\\/logo\\\/image\\\/\",\"url\":\"https:\\\/\\\/thefortune.one\\\/wp-content\\\/uploads\\\/2022\\\/11\\\/cropped-cropped-1651682701199-1.jpg\",\"contentUrl\":\"https:\\\/\\\/thefortune.one\\\/wp-content\\\/uploads\\\/2022\\\/11\\\/cropped-cropped-1651682701199-1.jpg\",\"width\":369,\"height\":421,\"caption\":\"The Fortune One\"},\"image\":{\"@id\":\"https:\\\/\\\/thefortune.one\\\/pt\\\/#\\\/schema\\\/logo\\\/image\\\/\"}},{\"@type\":\"Person\",\"@id\":\"https:\\\/\\\/thefortune.one\\\/pt\\\/#\\\/schema\\\/person\\\/6cd8fe72a627d36caabf41815984a16f\",\"name\":\"bianca\",\"image\":{\"@type\":\"ImageObject\",\"inLanguage\":\"pt-BR\",\"@id\":\"https:\\\/\\\/secure.gravatar.com\\\/avatar\\\/66cd7b00d93410555e00d1e6a911a86de0cd0cfa4f83a2f8b47eddc2968c98af?s=96&d=mm&r=g\",\"url\":\"https:\\\/\\\/secure.gravatar.com\\\/avatar\\\/66cd7b00d93410555e00d1e6a911a86de0cd0cfa4f83a2f8b47eddc2968c98af?s=96&d=mm&r=g\",\"contentUrl\":\"https:\\\/\\\/secure.gravatar.com\\\/avatar\\\/66cd7b00d93410555e00d1e6a911a86de0cd0cfa4f83a2f8b47eddc2968c98af?s=96&d=mm&r=g\",\"caption\":\"bianca\"},\"url\":\"https:\\\/\\\/thefortune.one\\\/pt\\\/author\\\/bianca\\\/\"}]}<\/script>\n<!-- \/ Yoast SEO plugin. -->","yoast_head_json":{"title":"Banco Central deve baixar juros nesta quarta pela primeira vez em tr\u00eas anos; veja efeitos na pr\u00e1tica - The Fortune.one","description":"Somos especialistas em gest\u00e3o patrimonial, op\u00e7\u00f5es de investimentos para diversos perfis, nosso diferencial \u00e9 comprovado com resultados.","robots":{"index":"index","follow":"follow","max-snippet":"max-snippet:-1","max-image-preview":"max-image-preview:large","max-video-preview":"max-video-preview:-1"},"canonical":"https:\/\/thefortune.one\/pt\/banco-central-deve-baixar-juros-nesta-quarta-pela-primeira-vez-em-tres-anos-veja-efeitos-na-pratica\/","og_locale":"pt_BR","og_type":"article","og_title":"Banco Central deve baixar juros nesta quarta pela primeira vez em tr\u00eas anos; veja efeitos na pr\u00e1tica - The Fortune.one","og_description":"Somos especialistas em gest\u00e3o patrimonial, op\u00e7\u00f5es de investimentos para diversos perfis, nosso diferencial \u00e9 comprovado com resultados.","og_url":"https:\/\/thefortune.one\/pt\/banco-central-deve-baixar-juros-nesta-quarta-pela-primeira-vez-em-tres-anos-veja-efeitos-na-pratica\/","og_site_name":"The Fortune.one","article_published_time":"2023-08-02T13:08:55+00:00","og_image":[{"width":600,"height":338,"url":"https:\/\/thefortune.one\/wp-content\/uploads\/2023\/08\/image-1.png","type":"image\/png"}],"author":"bianca","twitter_card":"summary_large_image","twitter_misc":{"Escrito por":"bianca","Est. tempo de leitura":"6 minutos"},"schema":{"@context":"https:\/\/schema.org","@graph":[{"@type":"Article","@id":"https:\/\/thefortune.one\/pt\/banco-central-deve-baixar-juros-nesta-quarta-pela-primeira-vez-em-tres-anos-veja-efeitos-na-pratica\/#article","isPartOf":{"@id":"https:\/\/thefortune.one\/pt\/banco-central-deve-baixar-juros-nesta-quarta-pela-primeira-vez-em-tres-anos-veja-efeitos-na-pratica\/"},"author":{"name":"bianca","@id":"https:\/\/thefortune.one\/pt\/#\/schema\/person\/6cd8fe72a627d36caabf41815984a16f"},"headline":"Banco Central deve baixar juros nesta quarta pela primeira vez em tr\u00eas anos; veja efeitos na pr\u00e1tica","datePublished":"2023-08-02T13:08:55+00:00","mainEntityOfPage":{"@id":"https:\/\/thefortune.one\/pt\/banco-central-deve-baixar-juros-nesta-quarta-pela-primeira-vez-em-tres-anos-veja-efeitos-na-pratica\/"},"wordCount":1244,"commentCount":0,"publisher":{"@id":"https:\/\/thefortune.one\/pt\/#organization"},"image":{"@id":"https:\/\/thefortune.one\/pt\/banco-central-deve-baixar-juros-nesta-quarta-pela-primeira-vez-em-tres-anos-veja-efeitos-na-pratica\/#primaryimage"},"thumbnailUrl":"https:\/\/thefortune.one\/wp-content\/uploads\/2023\/08\/image-1.png","articleSection":["The Fortune.one"],"inLanguage":"pt-BR","potentialAction":[{"@type":"CommentAction","name":"Comment","target":["https:\/\/thefortune.one\/pt\/banco-central-deve-baixar-juros-nesta-quarta-pela-primeira-vez-em-tres-anos-veja-efeitos-na-pratica\/#respond"]}]},{"@type":"WebPage","@id":"https:\/\/thefortune.one\/pt\/banco-central-deve-baixar-juros-nesta-quarta-pela-primeira-vez-em-tres-anos-veja-efeitos-na-pratica\/","url":"https:\/\/thefortune.one\/pt\/banco-central-deve-baixar-juros-nesta-quarta-pela-primeira-vez-em-tres-anos-veja-efeitos-na-pratica\/","name":"Banco Central deve baixar juros nesta quarta pela primeira vez em tr\u00eas anos; veja efeitos na pr\u00e1tica - The Fortune.one","isPartOf":{"@id":"https:\/\/thefortune.one\/pt\/#website"},"primaryImageOfPage":{"@id":"https:\/\/thefortune.one\/pt\/banco-central-deve-baixar-juros-nesta-quarta-pela-primeira-vez-em-tres-anos-veja-efeitos-na-pratica\/#primaryimage"},"image":{"@id":"https:\/\/thefortune.one\/pt\/banco-central-deve-baixar-juros-nesta-quarta-pela-primeira-vez-em-tres-anos-veja-efeitos-na-pratica\/#primaryimage"},"thumbnailUrl":"https:\/\/thefortune.one\/wp-content\/uploads\/2023\/08\/image-1.png","datePublished":"2023-08-02T13:08:55+00:00","description":"Somos especialistas em gest\u00e3o patrimonial, op\u00e7\u00f5es de investimentos para diversos perfis, nosso diferencial \u00e9 comprovado com resultados.","breadcrumb":{"@id":"https:\/\/thefortune.one\/pt\/banco-central-deve-baixar-juros-nesta-quarta-pela-primeira-vez-em-tres-anos-veja-efeitos-na-pratica\/#breadcrumb"},"inLanguage":"pt-BR","potentialAction":[{"@type":"ReadAction","target":["https:\/\/thefortune.one\/pt\/banco-central-deve-baixar-juros-nesta-quarta-pela-primeira-vez-em-tres-anos-veja-efeitos-na-pratica\/"]}]},{"@type":"ImageObject","inLanguage":"pt-BR","@id":"https:\/\/thefortune.one\/pt\/banco-central-deve-baixar-juros-nesta-quarta-pela-primeira-vez-em-tres-anos-veja-efeitos-na-pratica\/#primaryimage","url":"https:\/\/thefortune.one\/wp-content\/uploads\/2023\/08\/image-1.png","contentUrl":"https:\/\/thefortune.one\/wp-content\/uploads\/2023\/08\/image-1.png","width":600,"height":338},{"@type":"BreadcrumbList","@id":"https:\/\/thefortune.one\/pt\/banco-central-deve-baixar-juros-nesta-quarta-pela-primeira-vez-em-tres-anos-veja-efeitos-na-pratica\/#breadcrumb","itemListElement":[{"@type":"ListItem","position":1,"name":"In\u00edcio","item":"https:\/\/thefortune.one\/pt\/"},{"@type":"ListItem","position":2,"name":"Banco Central deve baixar juros nesta quarta pela primeira vez em tr\u00eas anos; veja efeitos na pr\u00e1tica"}]},{"@type":"WebSite","@id":"https:\/\/thefortune.one\/pt\/#website","url":"https:\/\/thefortune.one\/pt\/","name":"The Fortune.one","description":"Gestora de Recursos Especializada em Private Equity","publisher":{"@id":"https:\/\/thefortune.one\/pt\/#organization"},"potentialAction":[{"@type":"SearchAction","target":{"@type":"EntryPoint","urlTemplate":"https:\/\/thefortune.one\/pt\/?s={search_term_string}"},"query-input":{"@type":"PropertyValueSpecification","valueRequired":true,"valueName":"search_term_string"}}],"inLanguage":"pt-BR"},{"@type":"Organization","@id":"https:\/\/thefortune.one\/pt\/#organization","name":"The Fortune One","url":"https:\/\/thefortune.one\/pt\/","logo":{"@type":"ImageObject","inLanguage":"pt-BR","@id":"https:\/\/thefortune.one\/pt\/#\/schema\/logo\/image\/","url":"https:\/\/thefortune.one\/wp-content\/uploads\/2022\/11\/cropped-cropped-1651682701199-1.jpg","contentUrl":"https:\/\/thefortune.one\/wp-content\/uploads\/2022\/11\/cropped-cropped-1651682701199-1.jpg","width":369,"height":421,"caption":"The Fortune One"},"image":{"@id":"https:\/\/thefortune.one\/pt\/#\/schema\/logo\/image\/"}},{"@type":"Person","@id":"https:\/\/thefortune.one\/pt\/#\/schema\/person\/6cd8fe72a627d36caabf41815984a16f","name":"bianca","image":{"@type":"ImageObject","inLanguage":"pt-BR","@id":"https:\/\/secure.gravatar.com\/avatar\/66cd7b00d93410555e00d1e6a911a86de0cd0cfa4f83a2f8b47eddc2968c98af?s=96&d=mm&r=g","url":"https:\/\/secure.gravatar.com\/avatar\/66cd7b00d93410555e00d1e6a911a86de0cd0cfa4f83a2f8b47eddc2968c98af?s=96&d=mm&r=g","contentUrl":"https:\/\/secure.gravatar.com\/avatar\/66cd7b00d93410555e00d1e6a911a86de0cd0cfa4f83a2f8b47eddc2968c98af?s=96&d=mm&r=g","caption":"bianca"},"url":"https:\/\/thefortune.one\/pt\/author\/bianca\/"}]}},"_links":{"self":[{"href":"https:\/\/thefortune.one\/pt\/wp-json\/wp\/v2\/posts\/4004","targetHints":{"allow":["GET"]}}],"collection":[{"href":"https:\/\/thefortune.one\/pt\/wp-json\/wp\/v2\/posts"}],"about":[{"href":"https:\/\/thefortune.one\/pt\/wp-json\/wp\/v2\/types\/post"}],"author":[{"embeddable":true,"href":"https:\/\/thefortune.one\/pt\/wp-json\/wp\/v2\/users\/3"}],"replies":[{"embeddable":true,"href":"https:\/\/thefortune.one\/pt\/wp-json\/wp\/v2\/comments?post=4004"}],"version-history":[{"count":1,"href":"https:\/\/thefortune.one\/pt\/wp-json\/wp\/v2\/posts\/4004\/revisions"}],"predecessor-version":[{"id":4007,"href":"https:\/\/thefortune.one\/pt\/wp-json\/wp\/v2\/posts\/4004\/revisions\/4007"}],"wp:featuredmedia":[{"embeddable":true,"href":"https:\/\/thefortune.one\/pt\/wp-json\/wp\/v2\/media\/4005"}],"wp:attachment":[{"href":"https:\/\/thefortune.one\/pt\/wp-json\/wp\/v2\/media?parent=4004"}],"wp:term":[{"taxonomy":"category","embeddable":true,"href":"https:\/\/thefortune.one\/pt\/wp-json\/wp\/v2\/categories?post=4004"},{"taxonomy":"post_tag","embeddable":true,"href":"https:\/\/thefortune.one\/pt\/wp-json\/wp\/v2\/tags?post=4004"}],"curies":[{"name":"wp","href":"https:\/\/api.w.org\/{rel}","templated":true}]}}