{"id":4000,"date":"2023-08-01T12:54:54","date_gmt":"2023-08-01T12:54:54","guid":{"rendered":"https:\/\/thefortune.one\/?p=4000"},"modified":"2023-08-01T12:54:54","modified_gmt":"2023-08-01T12:54:54","slug":"fmi-reconhece-avanco-de-reformas-no-brasil-mas-cobra-compromisso-fiscal-mais-ambicioso","status":"publish","type":"post","link":"https:\/\/thefortune.one\/pt\/fmi-reconhece-avanco-de-reformas-no-brasil-mas-cobra-compromisso-fiscal-mais-ambicioso\/","title":{"rendered":"FMI reconhece avan\u00e7o de reformas no Brasil, mas cobra compromisso fiscal mais ambicioso"},"content":{"rendered":"<h2 class=\"wp-block-heading\">Fundo espera que Pa\u00eds tenha expans\u00e3o de 2,1% neste ano, acima de estimativa anterior de 1,2%; ainda assim, ritmo deve desacelerar em rela\u00e7\u00e3o a 2022, quando Brasil cresceu 2,9%<\/h2>\n\n\n\n<figure class=\"wp-block-image size-full\"><img fetchpriority=\"high\" decoding=\"async\" width=\"936\" height=\"624\" src=\"https:\/\/thefortune.one\/wp-content\/uploads\/2023\/08\/image.png\" alt=\"\" class=\"wp-image-4001\" srcset=\"https:\/\/thefortune.one\/wp-content\/uploads\/2023\/08\/image.png 936w, https:\/\/thefortune.one\/wp-content\/uploads\/2023\/08\/image-300x200.png 300w, https:\/\/thefortune.one\/wp-content\/uploads\/2023\/08\/image-768x512.png 768w, https:\/\/thefortune.one\/wp-content\/uploads\/2023\/08\/image-18x12.png 18w\" sizes=\"(max-width: 936px) 100vw, 936px\" \/><\/figure>\n\n\n\n<p>NOVA YORK &#8211; Depois de melhorar novamente a proje\u00e7\u00e3o para o crescimento do Brasil neste ano, o&nbsp;<a href=\"https:\/\/www.estadao.com.br\/tudo-sobre\/fmi-fundo-monetario-internacional\/\" target=\"_blank\" rel=\"noreferrer noopener\"><strong>Fundo Monet\u00e1rio Internacional (FMI)<\/strong><\/a>&nbsp;reconheceu que o avan\u00e7o da agenda legislativa no Pa\u00eds, com o novo&nbsp;<a href=\"https:\/\/www.estadao.com.br\/tudo-sobre\/arcabouco-fiscal\/\" target=\"_blank\" rel=\"noreferrer noopener\"><strong>arcabou\u00e7o fiscal<\/strong><\/a>&nbsp;e a&nbsp;<a href=\"https:\/\/www.estadao.com.br\/tudo-sobre\/reforma-tributaria\/\" target=\"_blank\" rel=\"noreferrer noopener\"><strong>reforma tribut\u00e1ria<\/strong><\/a>, enviam um sinal positivo. Apesar disso, o organismo refor\u00e7a a cobran\u00e7a de uma consolida\u00e7\u00e3o fiscal mais ambiciosa no Pa\u00eds, conforme o novo relat\u00f3rio Artigo IV, documento anual do Fundo que avalia a economia de seus pa\u00edses-membros, publicado nesta segunda-feira, 31. A miss\u00e3o do Fundo ao Brasil foi realizada entre os dias 2 e 16 de maio.<\/p>\n\n\n\n<p>\u201cAvan\u00e7os recentes na agenda legislativa \u2014 com a reforma tribut\u00e1ria, o novo arcabou\u00e7o fiscal e o fortalecimento da revis\u00e3o administrativa das disputas tribut\u00e1rias avan\u00e7ando a passos largos \u2014 enviam um sinal positivo\u201d, disse o FMI, no documento.<\/p>\n\n\n\n<p>Quanto ao crescimento do Pa\u00eds, o Fundo alerta para uma modera\u00e7\u00e3o da expans\u00e3o no resto do ano, embora veja a atividade econ\u00f4mica convergindo para n\u00edveis potenciais. O FMI espera que o Brasil tenha expans\u00e3o de 2,1% neste ano, acima da sua estimativa anterior e que apontava alta de 1,2%, conforme as novas proje\u00e7\u00f5es divulgadas na semana passada. Ainda assim, o ritmo deve desacelerar frente a 2022, quando o Pa\u00eds cresceu 2,9%.<\/p>\n\n\n\n<p>\u201cO abrandamento do consumo privado e a queda do investimento apontam para uma maior modera\u00e7\u00e3o do crescimento no resto do ano\u201d, projeta o Fundo, lembrando que nos primeiros meses de 2023, a expans\u00e3o foi sustentada por uma produ\u00e7\u00e3o agr\u00edcola muito forte, enquanto a manufatura e os servi\u00e7os foram moderados.<\/p>\n\n\n\n<p>\u00c0s v\u00e9speras da reuni\u00e3o do\u00a0<a rel=\"noreferrer noopener\" href=\"https:\/\/www.estadao.com.br\/tudo-sobre\/banco-central-do-brasil\/\" target=\"_blank\"><strong>Banco Central (BC)<\/strong><\/a>, o FMI reconheceu a melhora da\u00a0<a rel=\"noreferrer noopener\" href=\"https:\/\/www.estadao.com.br\/tudo-sobre\/inflacao\/\" target=\"_blank\"><strong>infla\u00e7\u00e3o<\/strong><\/a>\u00a0brasileira e teceu elogios \u00e0 resposta proativa da pol\u00edtica monet\u00e1ria da autoridade monet\u00e1ria, que deve ser o segundo a iniciar o processo de relaxamento das taxas, ap\u00f3s o Chile. O Fundo ressalta que as decis\u00f5es do BC brasileiro devem continuar voltadas ao futuro e dependente de dados econ\u00f4micos, mas tamb\u00e9m celebra a manuten\u00e7\u00e3o das metas de infla\u00e7\u00e3o.<\/p>\n\n\n\n<p>Dirigentes do Fundo advertem que o n\u00facleo da infla\u00e7\u00e3o brasileira, que serve para medir a real temperatura dos pre\u00e7os nas economias ao excluir itens vol\u00e1teis como gastos com energia e alimentos, permanece elevado e que as expectativas de infla\u00e7\u00e3o tamb\u00e9m est\u00e3o acima da meta. Apesar disso, o Fundo espera que a infla\u00e7\u00e3o nominal alcance 5,4% at\u00e9 o fim de 2023 e convirja para a meta em meados de 2025, enquanto a infla\u00e7\u00e3o b\u00e1sica deve cair mais de forma gradual.<\/p>\n\n\n\n<p>O FMI alerta ainda para os riscos do contexto mundial e que incluem uma desacelera\u00e7\u00e3o global abrupta, um aperto acentuado das condi\u00e7\u00f5es financeiras e volatilidade dos pre\u00e7os das commodities. No \u00e2mbito dom\u00e9stico, acrescenta, os perigos residem na retomada da incerteza fiscal e de uma infla\u00e7\u00e3o mais persistente, mas acrescenta que os riscos mudaram de dire\u00e7\u00e3o e, agora, s\u00e3o positivos.<\/p>\n\n\n\n<p>\u201cConsolida\u00e7\u00e3o fiscal mais ambiciosa, a aprova\u00e7\u00e3o e implementa\u00e7\u00e3o da reforma dos impostos indiretos e as oportunidades de crescimento verde trazem riscos positivos\u201d, observa o organismo, no documento.<\/p>\n\n\n\n<p>Os dirigentes do FMI destacaram ainda os avan\u00e7os de uma agenda mais competitiva no sistema financeiro, incluindo o Pix e o Real Digital, ressaltando poss\u00edveis riscos \u00e0 estabilidade financeira relacionados \u00e0 digitaliza\u00e7\u00e3o. Neste front, tamb\u00e9m refor\u00e7aram o coro para o cuidado em torno de um papel maior dos bancos p\u00fablicos para mitigar os riscos para a sustentabilidade fiscal e a transmiss\u00e3o da pol\u00edtica monet\u00e1ria.<\/p>\n\n\n\n<p>Por fim, mencionando o papel do Brasil nos esfor\u00e7os internacionais para enfrentar os desafios da mudan\u00e7a clim\u00e1tica, os diretores do organismo saudaram os planos para fortalecer a resili\u00eancia clim\u00e1tica, deter o desmatamento ilegal e descarbonizar a economia dom\u00e9stica.<\/p>\n\n\n\n<p>Fonte:https:\/\/www.estadao.com.br\/economia\/fmi-reconhece-avanco-reformas-brasil-cobra-compromisso-fiscal\/<\/p>","protected":false},"excerpt":{"rendered":"<p>Fundo espera que Pa\u00eds tenha expans\u00e3o de 2,1% neste ano, acima de estimativa anterior de 1,2%; ainda assim, ritmo deve desacelerar em rela\u00e7\u00e3o a 2022, quando Brasil cresceu 2,9% NOVA YORK &#8211; Depois de melhorar novamente a proje\u00e7\u00e3o para o crescimento do Brasil neste ano, o&nbsp;Fundo Monet\u00e1rio Internacional (FMI)&nbsp;reconheceu que o avan\u00e7o da agenda legislativa [&hellip;]<\/p>\n","protected":false},"author":3,"featured_media":4002,"comment_status":"open","ping_status":"open","sticky":false,"template":"","format":"standard","meta":{"_joinchat":[],"footnotes":""},"categories":[1],"tags":[],"class_list":["post-4000","post","type-post","status-publish","format-standard","has-post-thumbnail","hentry","category-the-fortune-one"],"yoast_head":"<!-- This site is optimized with the Yoast SEO plugin v27.5 - https:\/\/yoast.com\/product\/yoast-seo-wordpress\/ -->\n<title>FMI reconhece avan\u00e7o de reformas no Brasil, mas cobra compromisso fiscal mais ambicioso - The Fortune.one<\/title>\n<meta name=\"description\" content=\"Somos especialistas em gest\u00e3o patrimonial, op\u00e7\u00f5es de investimentos para diversos perfis, nosso diferencial \u00e9 comprovado com resultados.\" \/>\n<meta name=\"robots\" content=\"index, follow, max-snippet:-1, max-image-preview:large, max-video-preview:-1\" \/>\n<link rel=\"canonical\" href=\"https:\/\/thefortune.one\/pt\/fmi-reconhece-avanco-de-reformas-no-brasil-mas-cobra-compromisso-fiscal-mais-ambicioso\/\" \/>\n<meta property=\"og:locale\" content=\"pt_BR\" \/>\n<meta property=\"og:type\" content=\"article\" \/>\n<meta property=\"og:title\" content=\"FMI reconhece avan\u00e7o de reformas no Brasil, mas cobra compromisso fiscal mais ambicioso - The Fortune.one\" \/>\n<meta property=\"og:description\" content=\"Somos especialistas em gest\u00e3o patrimonial, op\u00e7\u00f5es de investimentos para diversos perfis, nosso diferencial \u00e9 comprovado com resultados.\" \/>\n<meta property=\"og:url\" content=\"https:\/\/thefortune.one\/pt\/fmi-reconhece-avanco-de-reformas-no-brasil-mas-cobra-compromisso-fiscal-mais-ambicioso\/\" \/>\n<meta property=\"og:site_name\" content=\"The Fortune.one\" \/>\n<meta property=\"article:published_time\" content=\"2023-08-01T12:54:54+00:00\" \/>\n<meta property=\"og:image\" content=\"https:\/\/thefortune.one\/wp-content\/uploads\/2023\/08\/ministerio-da-fazenda.jpg\" \/>\n\t<meta property=\"og:image:width\" content=\"380\" \/>\n\t<meta property=\"og:image:height\" content=\"253\" \/>\n\t<meta property=\"og:image:type\" content=\"image\/jpeg\" \/>\n<meta name=\"author\" content=\"bianca\" \/>\n<meta name=\"twitter:card\" content=\"summary_large_image\" \/>\n<meta name=\"twitter:label1\" content=\"Escrito por\" \/>\n\t<meta name=\"twitter:data1\" content=\"bianca\" \/>\n\t<meta name=\"twitter:label2\" content=\"Est. tempo de leitura\" \/>\n\t<meta name=\"twitter:data2\" content=\"3 minutos\" \/>\n<script type=\"application\/ld+json\" class=\"yoast-schema-graph\">{\"@context\":\"https:\\\/\\\/schema.org\",\"@graph\":[{\"@type\":\"Article\",\"@id\":\"https:\\\/\\\/thefortune.one\\\/pt\\\/fmi-reconhece-avanco-de-reformas-no-brasil-mas-cobra-compromisso-fiscal-mais-ambicioso\\\/#article\",\"isPartOf\":{\"@id\":\"https:\\\/\\\/thefortune.one\\\/pt\\\/fmi-reconhece-avanco-de-reformas-no-brasil-mas-cobra-compromisso-fiscal-mais-ambicioso\\\/\"},\"author\":{\"name\":\"bianca\",\"@id\":\"https:\\\/\\\/thefortune.one\\\/pt\\\/#\\\/schema\\\/person\\\/6cd8fe72a627d36caabf41815984a16f\"},\"headline\":\"FMI reconhece avan\u00e7o de reformas no Brasil, mas cobra compromisso fiscal mais ambicioso\",\"datePublished\":\"2023-08-01T12:54:54+00:00\",\"mainEntityOfPage\":{\"@id\":\"https:\\\/\\\/thefortune.one\\\/pt\\\/fmi-reconhece-avanco-de-reformas-no-brasil-mas-cobra-compromisso-fiscal-mais-ambicioso\\\/\"},\"wordCount\":709,\"commentCount\":0,\"publisher\":{\"@id\":\"https:\\\/\\\/thefortune.one\\\/pt\\\/#organization\"},\"image\":{\"@id\":\"https:\\\/\\\/thefortune.one\\\/pt\\\/fmi-reconhece-avanco-de-reformas-no-brasil-mas-cobra-compromisso-fiscal-mais-ambicioso\\\/#primaryimage\"},\"thumbnailUrl\":\"https:\\\/\\\/thefortune.one\\\/wp-content\\\/uploads\\\/2023\\\/08\\\/ministerio-da-fazenda.jpg\",\"articleSection\":[\"The Fortune.one\"],\"inLanguage\":\"pt-BR\",\"potentialAction\":[{\"@type\":\"CommentAction\",\"name\":\"Comment\",\"target\":[\"https:\\\/\\\/thefortune.one\\\/pt\\\/fmi-reconhece-avanco-de-reformas-no-brasil-mas-cobra-compromisso-fiscal-mais-ambicioso\\\/#respond\"]}]},{\"@type\":\"WebPage\",\"@id\":\"https:\\\/\\\/thefortune.one\\\/pt\\\/fmi-reconhece-avanco-de-reformas-no-brasil-mas-cobra-compromisso-fiscal-mais-ambicioso\\\/\",\"url\":\"https:\\\/\\\/thefortune.one\\\/pt\\\/fmi-reconhece-avanco-de-reformas-no-brasil-mas-cobra-compromisso-fiscal-mais-ambicioso\\\/\",\"name\":\"FMI reconhece avan\u00e7o de reformas no Brasil, mas cobra compromisso fiscal mais ambicioso - The Fortune.one\",\"isPartOf\":{\"@id\":\"https:\\\/\\\/thefortune.one\\\/pt\\\/#website\"},\"primaryImageOfPage\":{\"@id\":\"https:\\\/\\\/thefortune.one\\\/pt\\\/fmi-reconhece-avanco-de-reformas-no-brasil-mas-cobra-compromisso-fiscal-mais-ambicioso\\\/#primaryimage\"},\"image\":{\"@id\":\"https:\\\/\\\/thefortune.one\\\/pt\\\/fmi-reconhece-avanco-de-reformas-no-brasil-mas-cobra-compromisso-fiscal-mais-ambicioso\\\/#primaryimage\"},\"thumbnailUrl\":\"https:\\\/\\\/thefortune.one\\\/wp-content\\\/uploads\\\/2023\\\/08\\\/ministerio-da-fazenda.jpg\",\"datePublished\":\"2023-08-01T12:54:54+00:00\",\"description\":\"Somos especialistas em gest\u00e3o patrimonial, op\u00e7\u00f5es de investimentos para diversos perfis, nosso diferencial \u00e9 comprovado com resultados.\",\"breadcrumb\":{\"@id\":\"https:\\\/\\\/thefortune.one\\\/pt\\\/fmi-reconhece-avanco-de-reformas-no-brasil-mas-cobra-compromisso-fiscal-mais-ambicioso\\\/#breadcrumb\"},\"inLanguage\":\"pt-BR\",\"potentialAction\":[{\"@type\":\"ReadAction\",\"target\":[\"https:\\\/\\\/thefortune.one\\\/pt\\\/fmi-reconhece-avanco-de-reformas-no-brasil-mas-cobra-compromisso-fiscal-mais-ambicioso\\\/\"]}]},{\"@type\":\"ImageObject\",\"inLanguage\":\"pt-BR\",\"@id\":\"https:\\\/\\\/thefortune.one\\\/pt\\\/fmi-reconhece-avanco-de-reformas-no-brasil-mas-cobra-compromisso-fiscal-mais-ambicioso\\\/#primaryimage\",\"url\":\"https:\\\/\\\/thefortune.one\\\/wp-content\\\/uploads\\\/2023\\\/08\\\/ministerio-da-fazenda.jpg\",\"contentUrl\":\"https:\\\/\\\/thefortune.one\\\/wp-content\\\/uploads\\\/2023\\\/08\\\/ministerio-da-fazenda.jpg\",\"width\":380,\"height\":253},{\"@type\":\"BreadcrumbList\",\"@id\":\"https:\\\/\\\/thefortune.one\\\/pt\\\/fmi-reconhece-avanco-de-reformas-no-brasil-mas-cobra-compromisso-fiscal-mais-ambicioso\\\/#breadcrumb\",\"itemListElement\":[{\"@type\":\"ListItem\",\"position\":1,\"name\":\"In\u00edcio\",\"item\":\"https:\\\/\\\/thefortune.one\\\/pt\\\/\"},{\"@type\":\"ListItem\",\"position\":2,\"name\":\"FMI reconhece avan\u00e7o de reformas no Brasil, mas cobra compromisso fiscal mais ambicioso\"}]},{\"@type\":\"WebSite\",\"@id\":\"https:\\\/\\\/thefortune.one\\\/pt\\\/#website\",\"url\":\"https:\\\/\\\/thefortune.one\\\/pt\\\/\",\"name\":\"The Fortune.one\",\"description\":\"Gestora de Recursos Especializada em Private Equity\",\"publisher\":{\"@id\":\"https:\\\/\\\/thefortune.one\\\/pt\\\/#organization\"},\"potentialAction\":[{\"@type\":\"SearchAction\",\"target\":{\"@type\":\"EntryPoint\",\"urlTemplate\":\"https:\\\/\\\/thefortune.one\\\/pt\\\/?s={search_term_string}\"},\"query-input\":{\"@type\":\"PropertyValueSpecification\",\"valueRequired\":true,\"valueName\":\"search_term_string\"}}],\"inLanguage\":\"pt-BR\"},{\"@type\":\"Organization\",\"@id\":\"https:\\\/\\\/thefortune.one\\\/pt\\\/#organization\",\"name\":\"The Fortune One\",\"url\":\"https:\\\/\\\/thefortune.one\\\/pt\\\/\",\"logo\":{\"@type\":\"ImageObject\",\"inLanguage\":\"pt-BR\",\"@id\":\"https:\\\/\\\/thefortune.one\\\/pt\\\/#\\\/schema\\\/logo\\\/image\\\/\",\"url\":\"https:\\\/\\\/thefortune.one\\\/wp-content\\\/uploads\\\/2022\\\/11\\\/cropped-cropped-1651682701199-1.jpg\",\"contentUrl\":\"https:\\\/\\\/thefortune.one\\\/wp-content\\\/uploads\\\/2022\\\/11\\\/cropped-cropped-1651682701199-1.jpg\",\"width\":369,\"height\":421,\"caption\":\"The Fortune One\"},\"image\":{\"@id\":\"https:\\\/\\\/thefortune.one\\\/pt\\\/#\\\/schema\\\/logo\\\/image\\\/\"}},{\"@type\":\"Person\",\"@id\":\"https:\\\/\\\/thefortune.one\\\/pt\\\/#\\\/schema\\\/person\\\/6cd8fe72a627d36caabf41815984a16f\",\"name\":\"bianca\",\"image\":{\"@type\":\"ImageObject\",\"inLanguage\":\"pt-BR\",\"@id\":\"https:\\\/\\\/secure.gravatar.com\\\/avatar\\\/66cd7b00d93410555e00d1e6a911a86de0cd0cfa4f83a2f8b47eddc2968c98af?s=96&d=mm&r=g\",\"url\":\"https:\\\/\\\/secure.gravatar.com\\\/avatar\\\/66cd7b00d93410555e00d1e6a911a86de0cd0cfa4f83a2f8b47eddc2968c98af?s=96&d=mm&r=g\",\"contentUrl\":\"https:\\\/\\\/secure.gravatar.com\\\/avatar\\\/66cd7b00d93410555e00d1e6a911a86de0cd0cfa4f83a2f8b47eddc2968c98af?s=96&d=mm&r=g\",\"caption\":\"bianca\"},\"url\":\"https:\\\/\\\/thefortune.one\\\/pt\\\/author\\\/bianca\\\/\"}]}<\/script>\n<!-- \/ Yoast SEO plugin. -->","yoast_head_json":{"title":"FMI reconhece avan\u00e7o de reformas no Brasil, mas cobra compromisso fiscal mais ambicioso - The Fortune.one","description":"Somos especialistas em gest\u00e3o patrimonial, op\u00e7\u00f5es de investimentos para diversos perfis, nosso diferencial \u00e9 comprovado com resultados.","robots":{"index":"index","follow":"follow","max-snippet":"max-snippet:-1","max-image-preview":"max-image-preview:large","max-video-preview":"max-video-preview:-1"},"canonical":"https:\/\/thefortune.one\/pt\/fmi-reconhece-avanco-de-reformas-no-brasil-mas-cobra-compromisso-fiscal-mais-ambicioso\/","og_locale":"pt_BR","og_type":"article","og_title":"FMI reconhece avan\u00e7o de reformas no Brasil, mas cobra compromisso fiscal mais ambicioso - The Fortune.one","og_description":"Somos especialistas em gest\u00e3o patrimonial, op\u00e7\u00f5es de investimentos para diversos perfis, nosso diferencial \u00e9 comprovado com resultados.","og_url":"https:\/\/thefortune.one\/pt\/fmi-reconhece-avanco-de-reformas-no-brasil-mas-cobra-compromisso-fiscal-mais-ambicioso\/","og_site_name":"The Fortune.one","article_published_time":"2023-08-01T12:54:54+00:00","og_image":[{"width":380,"height":253,"url":"https:\/\/thefortune.one\/wp-content\/uploads\/2023\/08\/ministerio-da-fazenda.jpg","type":"image\/jpeg"}],"author":"bianca","twitter_card":"summary_large_image","twitter_misc":{"Escrito por":"bianca","Est. tempo de leitura":"3 minutos"},"schema":{"@context":"https:\/\/schema.org","@graph":[{"@type":"Article","@id":"https:\/\/thefortune.one\/pt\/fmi-reconhece-avanco-de-reformas-no-brasil-mas-cobra-compromisso-fiscal-mais-ambicioso\/#article","isPartOf":{"@id":"https:\/\/thefortune.one\/pt\/fmi-reconhece-avanco-de-reformas-no-brasil-mas-cobra-compromisso-fiscal-mais-ambicioso\/"},"author":{"name":"bianca","@id":"https:\/\/thefortune.one\/pt\/#\/schema\/person\/6cd8fe72a627d36caabf41815984a16f"},"headline":"FMI reconhece avan\u00e7o de reformas no Brasil, mas cobra compromisso fiscal mais ambicioso","datePublished":"2023-08-01T12:54:54+00:00","mainEntityOfPage":{"@id":"https:\/\/thefortune.one\/pt\/fmi-reconhece-avanco-de-reformas-no-brasil-mas-cobra-compromisso-fiscal-mais-ambicioso\/"},"wordCount":709,"commentCount":0,"publisher":{"@id":"https:\/\/thefortune.one\/pt\/#organization"},"image":{"@id":"https:\/\/thefortune.one\/pt\/fmi-reconhece-avanco-de-reformas-no-brasil-mas-cobra-compromisso-fiscal-mais-ambicioso\/#primaryimage"},"thumbnailUrl":"https:\/\/thefortune.one\/wp-content\/uploads\/2023\/08\/ministerio-da-fazenda.jpg","articleSection":["The Fortune.one"],"inLanguage":"pt-BR","potentialAction":[{"@type":"CommentAction","name":"Comment","target":["https:\/\/thefortune.one\/pt\/fmi-reconhece-avanco-de-reformas-no-brasil-mas-cobra-compromisso-fiscal-mais-ambicioso\/#respond"]}]},{"@type":"WebPage","@id":"https:\/\/thefortune.one\/pt\/fmi-reconhece-avanco-de-reformas-no-brasil-mas-cobra-compromisso-fiscal-mais-ambicioso\/","url":"https:\/\/thefortune.one\/pt\/fmi-reconhece-avanco-de-reformas-no-brasil-mas-cobra-compromisso-fiscal-mais-ambicioso\/","name":"FMI reconhece avan\u00e7o de reformas no Brasil, mas cobra compromisso fiscal mais ambicioso - The Fortune.one","isPartOf":{"@id":"https:\/\/thefortune.one\/pt\/#website"},"primaryImageOfPage":{"@id":"https:\/\/thefortune.one\/pt\/fmi-reconhece-avanco-de-reformas-no-brasil-mas-cobra-compromisso-fiscal-mais-ambicioso\/#primaryimage"},"image":{"@id":"https:\/\/thefortune.one\/pt\/fmi-reconhece-avanco-de-reformas-no-brasil-mas-cobra-compromisso-fiscal-mais-ambicioso\/#primaryimage"},"thumbnailUrl":"https:\/\/thefortune.one\/wp-content\/uploads\/2023\/08\/ministerio-da-fazenda.jpg","datePublished":"2023-08-01T12:54:54+00:00","description":"Somos especialistas em gest\u00e3o patrimonial, op\u00e7\u00f5es de investimentos para diversos perfis, nosso diferencial \u00e9 comprovado com resultados.","breadcrumb":{"@id":"https:\/\/thefortune.one\/pt\/fmi-reconhece-avanco-de-reformas-no-brasil-mas-cobra-compromisso-fiscal-mais-ambicioso\/#breadcrumb"},"inLanguage":"pt-BR","potentialAction":[{"@type":"ReadAction","target":["https:\/\/thefortune.one\/pt\/fmi-reconhece-avanco-de-reformas-no-brasil-mas-cobra-compromisso-fiscal-mais-ambicioso\/"]}]},{"@type":"ImageObject","inLanguage":"pt-BR","@id":"https:\/\/thefortune.one\/pt\/fmi-reconhece-avanco-de-reformas-no-brasil-mas-cobra-compromisso-fiscal-mais-ambicioso\/#primaryimage","url":"https:\/\/thefortune.one\/wp-content\/uploads\/2023\/08\/ministerio-da-fazenda.jpg","contentUrl":"https:\/\/thefortune.one\/wp-content\/uploads\/2023\/08\/ministerio-da-fazenda.jpg","width":380,"height":253},{"@type":"BreadcrumbList","@id":"https:\/\/thefortune.one\/pt\/fmi-reconhece-avanco-de-reformas-no-brasil-mas-cobra-compromisso-fiscal-mais-ambicioso\/#breadcrumb","itemListElement":[{"@type":"ListItem","position":1,"name":"In\u00edcio","item":"https:\/\/thefortune.one\/pt\/"},{"@type":"ListItem","position":2,"name":"FMI reconhece avan\u00e7o de reformas no Brasil, mas cobra compromisso fiscal mais ambicioso"}]},{"@type":"WebSite","@id":"https:\/\/thefortune.one\/pt\/#website","url":"https:\/\/thefortune.one\/pt\/","name":"The Fortune.one","description":"Gestora de Recursos Especializada em Private Equity","publisher":{"@id":"https:\/\/thefortune.one\/pt\/#organization"},"potentialAction":[{"@type":"SearchAction","target":{"@type":"EntryPoint","urlTemplate":"https:\/\/thefortune.one\/pt\/?s={search_term_string}"},"query-input":{"@type":"PropertyValueSpecification","valueRequired":true,"valueName":"search_term_string"}}],"inLanguage":"pt-BR"},{"@type":"Organization","@id":"https:\/\/thefortune.one\/pt\/#organization","name":"The Fortune One","url":"https:\/\/thefortune.one\/pt\/","logo":{"@type":"ImageObject","inLanguage":"pt-BR","@id":"https:\/\/thefortune.one\/pt\/#\/schema\/logo\/image\/","url":"https:\/\/thefortune.one\/wp-content\/uploads\/2022\/11\/cropped-cropped-1651682701199-1.jpg","contentUrl":"https:\/\/thefortune.one\/wp-content\/uploads\/2022\/11\/cropped-cropped-1651682701199-1.jpg","width":369,"height":421,"caption":"The Fortune One"},"image":{"@id":"https:\/\/thefortune.one\/pt\/#\/schema\/logo\/image\/"}},{"@type":"Person","@id":"https:\/\/thefortune.one\/pt\/#\/schema\/person\/6cd8fe72a627d36caabf41815984a16f","name":"bianca","image":{"@type":"ImageObject","inLanguage":"pt-BR","@id":"https:\/\/secure.gravatar.com\/avatar\/66cd7b00d93410555e00d1e6a911a86de0cd0cfa4f83a2f8b47eddc2968c98af?s=96&d=mm&r=g","url":"https:\/\/secure.gravatar.com\/avatar\/66cd7b00d93410555e00d1e6a911a86de0cd0cfa4f83a2f8b47eddc2968c98af?s=96&d=mm&r=g","contentUrl":"https:\/\/secure.gravatar.com\/avatar\/66cd7b00d93410555e00d1e6a911a86de0cd0cfa4f83a2f8b47eddc2968c98af?s=96&d=mm&r=g","caption":"bianca"},"url":"https:\/\/thefortune.one\/pt\/author\/bianca\/"}]}},"_links":{"self":[{"href":"https:\/\/thefortune.one\/pt\/wp-json\/wp\/v2\/posts\/4000","targetHints":{"allow":["GET"]}}],"collection":[{"href":"https:\/\/thefortune.one\/pt\/wp-json\/wp\/v2\/posts"}],"about":[{"href":"https:\/\/thefortune.one\/pt\/wp-json\/wp\/v2\/types\/post"}],"author":[{"embeddable":true,"href":"https:\/\/thefortune.one\/pt\/wp-json\/wp\/v2\/users\/3"}],"replies":[{"embeddable":true,"href":"https:\/\/thefortune.one\/pt\/wp-json\/wp\/v2\/comments?post=4000"}],"version-history":[{"count":1,"href":"https:\/\/thefortune.one\/pt\/wp-json\/wp\/v2\/posts\/4000\/revisions"}],"predecessor-version":[{"id":4003,"href":"https:\/\/thefortune.one\/pt\/wp-json\/wp\/v2\/posts\/4000\/revisions\/4003"}],"wp:featuredmedia":[{"embeddable":true,"href":"https:\/\/thefortune.one\/pt\/wp-json\/wp\/v2\/media\/4002"}],"wp:attachment":[{"href":"https:\/\/thefortune.one\/pt\/wp-json\/wp\/v2\/media?parent=4000"}],"wp:term":[{"taxonomy":"category","embeddable":true,"href":"https:\/\/thefortune.one\/pt\/wp-json\/wp\/v2\/categories?post=4000"},{"taxonomy":"post_tag","embeddable":true,"href":"https:\/\/thefortune.one\/pt\/wp-json\/wp\/v2\/tags?post=4000"}],"curies":[{"name":"wp","href":"https:\/\/api.w.org\/{rel}","templated":true}]}}