{"id":3989,"date":"2023-07-27T12:41:08","date_gmt":"2023-07-27T12:41:08","guid":{"rendered":"https:\/\/thefortune.one\/?p=3989"},"modified":"2023-07-27T12:41:08","modified_gmt":"2023-07-27T12:41:08","slug":"colunista-da-inteligencia-financeira-comenta-decisao-do-fed-com-olhar-para-o-futuro","status":"publish","type":"post","link":"https:\/\/thefortune.one\/pt\/colunista-da-inteligencia-financeira-comenta-decisao-do-fed-com-olhar-para-o-futuro\/","title":{"rendered":"Colunista da Intelig\u00eancia Financeira comenta decis\u00e3o do Fed com olhar para o futuro"},"content":{"rendered":"<h2 class=\"wp-block-heading\">Confira v\u00eddeo do estrategista-chefe da corretora Avenue sobre a decis\u00e3o<\/h2>\n\n\n\n<figure class=\"wp-block-image\"><img decoding=\"async\" src=\"https:\/\/inteligenciafinanceira.com.br\/wp-content\/uploads\/2023\/06\/trader-federal-reserve-jerome-powell.jpg?w=833&amp;h=469&amp;crop=1\" alt=\"Colunista da Intelig\u00eancia Financeira comenta decis\u00e3o do Fed com olhar para o futuro\" \/><figcaption class=\"wp-element-caption\">Agente do mercado financeiro acompanha discurso do presidente do Federal Reserve, Jerome Powell. Foto: Brendan McDermid\/Reuters<\/figcaption><\/figure>\n\n\n\n<p>O colunista da<strong>\u00a0Intelig\u00eancia Financeira<\/strong>, William Castro Alves, comentou a recente decis\u00e3o do\u00a0<a href=\"https:\/\/inteligenciafinanceira.com.br\/glossario\/fed\/\">Federal Reserve <\/a>\u00a0(Fed, o banco central norte-americano) com um olhar para o futuro. A institui\u00e7\u00e3o subiu a taxa de juros nos Estados Unidos em 0,25 ponto percentual \u2013 para o intervalo de 5,25% a 5,50%.<\/p>\n\n\n\n<p><a href=\"https:\/\/inteligenciafinanceira.com.br\/saiba\/economia\/decisao-do-fed-juros-julho-2023\/\" target=\"_blank\" rel=\"noreferrer noopener\">Powell deixa porta aberta para n\u00e3o subir mais os juros<\/a><\/p>\n\n\n\n<p>\u201cEle (Jerome Powell, presidente do Fed) citou a express\u00e3o&nbsp;<em>higher for longer<\/em>, ou seja, taxas mais altas por um per\u00edodo mais longo at\u00e9 que de fato ela surta efeito na economia e ajude, sim, a controlar a infla\u00e7\u00e3o\u201d, disse William no coment\u00e1rio exclusivo abaixo; confira.<\/p>\n\n\n\n<figure class=\"wp-block-image\"><img decoding=\"async\" src=\"https:\/\/img.youtube.com\/vi\/lftNcaD0B30\/sddefault.jpg\" alt=\"\" \/><\/figure>\n\n\n\n<p>William, que \u00e9 s\u00f3cio e estrategista-chefe da corretora Avenue, tamb\u00e9m anotou em seu coment\u00e1rio que o Fed n\u00e3o v\u00ea mais riscos de recess\u00e3o nos Estados Unidos, bem como destacou que o olhar \u00e0 frente tamb\u00e9m n\u00e3o indica corte de juros neste ano.<\/p>\n\n\n\n<p>Fonte:https:\/\/inteligenciafinanceira.com.br\/saiba\/colunista-da-inteligencia-financeira-comenta-decisao-do-fed-com-olhar-para-o-futuro\/<\/p>","protected":false},"excerpt":{"rendered":"<p>Confira v\u00eddeo do estrategista-chefe da corretora Avenue sobre a decis\u00e3o O colunista da\u00a0Intelig\u00eancia Financeira, William Castro Alves, comentou a recente decis\u00e3o do\u00a0Federal Reserve \u00a0(Fed, o banco central norte-americano) com um olhar para o futuro. A institui\u00e7\u00e3o subiu a taxa de juros nos Estados Unidos em 0,25 ponto percentual \u2013 para o intervalo de 5,25% a [&hellip;]<\/p>\n","protected":false},"author":3,"featured_media":3990,"comment_status":"open","ping_status":"open","sticky":false,"template":"","format":"standard","meta":{"_joinchat":[],"footnotes":""},"categories":[1],"tags":[],"class_list":["post-3989","post","type-post","status-publish","format-standard","has-post-thumbnail","hentry","category-the-fortune-one"],"yoast_head":"<!-- This site is optimized with the Yoast SEO plugin v27.5 - https:\/\/yoast.com\/product\/yoast-seo-wordpress\/ -->\n<title>Colunista da Intelig\u00eancia Financeira comenta decis\u00e3o do Fed com olhar para o futuro - The Fortune.one<\/title>\n<meta name=\"description\" content=\"Somos especialistas em gest\u00e3o patrimonial, op\u00e7\u00f5es de investimentos para diversos perfis, nosso diferencial \u00e9 comprovado com resultados.\" \/>\n<meta name=\"robots\" content=\"index, follow, max-snippet:-1, max-image-preview:large, max-video-preview:-1\" \/>\n<link rel=\"canonical\" href=\"https:\/\/thefortune.one\/pt\/colunista-da-inteligencia-financeira-comenta-decisao-do-fed-com-olhar-para-o-futuro\/\" \/>\n<meta property=\"og:locale\" content=\"pt_BR\" \/>\n<meta property=\"og:type\" content=\"article\" \/>\n<meta property=\"og:title\" content=\"Colunista da Intelig\u00eancia Financeira comenta decis\u00e3o do Fed com olhar para o futuro - The Fortune.one\" \/>\n<meta property=\"og:description\" content=\"Somos especialistas em gest\u00e3o patrimonial, op\u00e7\u00f5es de investimentos para diversos perfis, nosso diferencial \u00e9 comprovado com resultados.\" \/>\n<meta property=\"og:url\" content=\"https:\/\/thefortune.one\/pt\/colunista-da-inteligencia-financeira-comenta-decisao-do-fed-com-olhar-para-o-futuro\/\" \/>\n<meta property=\"og:site_name\" content=\"The Fortune.one\" \/>\n<meta property=\"article:published_time\" content=\"2023-07-27T12:41:08+00:00\" \/>\n<meta property=\"og:image\" content=\"https:\/\/thefortune.one\/wp-content\/uploads\/2023\/07\/fe.jpg\" \/>\n\t<meta property=\"og:image:width\" content=\"833\" \/>\n\t<meta property=\"og:image:height\" content=\"469\" \/>\n\t<meta property=\"og:image:type\" content=\"image\/jpeg\" \/>\n<meta name=\"author\" content=\"bianca\" \/>\n<meta name=\"twitter:card\" content=\"summary_large_image\" \/>\n<meta name=\"twitter:label1\" content=\"Escrito por\" \/>\n\t<meta name=\"twitter:data1\" content=\"bianca\" \/>\n\t<meta name=\"twitter:label2\" content=\"Est. tempo de leitura\" \/>\n\t<meta name=\"twitter:data2\" content=\"1 minuto\" \/>\n<script type=\"application\/ld+json\" class=\"yoast-schema-graph\">{\"@context\":\"https:\\\/\\\/schema.org\",\"@graph\":[{\"@type\":\"Article\",\"@id\":\"https:\\\/\\\/thefortune.one\\\/pt\\\/colunista-da-inteligencia-financeira-comenta-decisao-do-fed-com-olhar-para-o-futuro\\\/#article\",\"isPartOf\":{\"@id\":\"https:\\\/\\\/thefortune.one\\\/pt\\\/colunista-da-inteligencia-financeira-comenta-decisao-do-fed-com-olhar-para-o-futuro\\\/\"},\"author\":{\"name\":\"bianca\",\"@id\":\"https:\\\/\\\/thefortune.one\\\/pt\\\/#\\\/schema\\\/person\\\/6cd8fe72a627d36caabf41815984a16f\"},\"headline\":\"Colunista da Intelig\u00eancia Financeira comenta decis\u00e3o do Fed com olhar para o futuro\",\"datePublished\":\"2023-07-27T12:41:08+00:00\",\"mainEntityOfPage\":{\"@id\":\"https:\\\/\\\/thefortune.one\\\/pt\\\/colunista-da-inteligencia-financeira-comenta-decisao-do-fed-com-olhar-para-o-futuro\\\/\"},\"wordCount\":206,\"commentCount\":0,\"publisher\":{\"@id\":\"https:\\\/\\\/thefortune.one\\\/pt\\\/#organization\"},\"image\":{\"@id\":\"https:\\\/\\\/thefortune.one\\\/pt\\\/colunista-da-inteligencia-financeira-comenta-decisao-do-fed-com-olhar-para-o-futuro\\\/#primaryimage\"},\"thumbnailUrl\":\"https:\\\/\\\/thefortune.one\\\/wp-content\\\/uploads\\\/2023\\\/07\\\/fe.jpg\",\"articleSection\":[\"The Fortune.one\"],\"inLanguage\":\"pt-BR\",\"potentialAction\":[{\"@type\":\"CommentAction\",\"name\":\"Comment\",\"target\":[\"https:\\\/\\\/thefortune.one\\\/pt\\\/colunista-da-inteligencia-financeira-comenta-decisao-do-fed-com-olhar-para-o-futuro\\\/#respond\"]}]},{\"@type\":\"WebPage\",\"@id\":\"https:\\\/\\\/thefortune.one\\\/pt\\\/colunista-da-inteligencia-financeira-comenta-decisao-do-fed-com-olhar-para-o-futuro\\\/\",\"url\":\"https:\\\/\\\/thefortune.one\\\/pt\\\/colunista-da-inteligencia-financeira-comenta-decisao-do-fed-com-olhar-para-o-futuro\\\/\",\"name\":\"Colunista da Intelig\u00eancia Financeira comenta decis\u00e3o do Fed com olhar para o futuro - The Fortune.one\",\"isPartOf\":{\"@id\":\"https:\\\/\\\/thefortune.one\\\/pt\\\/#website\"},\"primaryImageOfPage\":{\"@id\":\"https:\\\/\\\/thefortune.one\\\/pt\\\/colunista-da-inteligencia-financeira-comenta-decisao-do-fed-com-olhar-para-o-futuro\\\/#primaryimage\"},\"image\":{\"@id\":\"https:\\\/\\\/thefortune.one\\\/pt\\\/colunista-da-inteligencia-financeira-comenta-decisao-do-fed-com-olhar-para-o-futuro\\\/#primaryimage\"},\"thumbnailUrl\":\"https:\\\/\\\/thefortune.one\\\/wp-content\\\/uploads\\\/2023\\\/07\\\/fe.jpg\",\"datePublished\":\"2023-07-27T12:41:08+00:00\",\"description\":\"Somos especialistas em gest\u00e3o patrimonial, op\u00e7\u00f5es de investimentos para diversos perfis, nosso diferencial \u00e9 comprovado com resultados.\",\"breadcrumb\":{\"@id\":\"https:\\\/\\\/thefortune.one\\\/pt\\\/colunista-da-inteligencia-financeira-comenta-decisao-do-fed-com-olhar-para-o-futuro\\\/#breadcrumb\"},\"inLanguage\":\"pt-BR\",\"potentialAction\":[{\"@type\":\"ReadAction\",\"target\":[\"https:\\\/\\\/thefortune.one\\\/pt\\\/colunista-da-inteligencia-financeira-comenta-decisao-do-fed-com-olhar-para-o-futuro\\\/\"]}]},{\"@type\":\"ImageObject\",\"inLanguage\":\"pt-BR\",\"@id\":\"https:\\\/\\\/thefortune.one\\\/pt\\\/colunista-da-inteligencia-financeira-comenta-decisao-do-fed-com-olhar-para-o-futuro\\\/#primaryimage\",\"url\":\"https:\\\/\\\/thefortune.one\\\/wp-content\\\/uploads\\\/2023\\\/07\\\/fe.jpg\",\"contentUrl\":\"https:\\\/\\\/thefortune.one\\\/wp-content\\\/uploads\\\/2023\\\/07\\\/fe.jpg\",\"width\":833,\"height\":469},{\"@type\":\"BreadcrumbList\",\"@id\":\"https:\\\/\\\/thefortune.one\\\/pt\\\/colunista-da-inteligencia-financeira-comenta-decisao-do-fed-com-olhar-para-o-futuro\\\/#breadcrumb\",\"itemListElement\":[{\"@type\":\"ListItem\",\"position\":1,\"name\":\"In\u00edcio\",\"item\":\"https:\\\/\\\/thefortune.one\\\/pt\\\/\"},{\"@type\":\"ListItem\",\"position\":2,\"name\":\"Colunista da Intelig\u00eancia Financeira comenta decis\u00e3o do Fed com olhar para o futuro\"}]},{\"@type\":\"WebSite\",\"@id\":\"https:\\\/\\\/thefortune.one\\\/pt\\\/#website\",\"url\":\"https:\\\/\\\/thefortune.one\\\/pt\\\/\",\"name\":\"The Fortune.one\",\"description\":\"Gestora de Recursos Especializada em Private Equity\",\"publisher\":{\"@id\":\"https:\\\/\\\/thefortune.one\\\/pt\\\/#organization\"},\"potentialAction\":[{\"@type\":\"SearchAction\",\"target\":{\"@type\":\"EntryPoint\",\"urlTemplate\":\"https:\\\/\\\/thefortune.one\\\/pt\\\/?s={search_term_string}\"},\"query-input\":{\"@type\":\"PropertyValueSpecification\",\"valueRequired\":true,\"valueName\":\"search_term_string\"}}],\"inLanguage\":\"pt-BR\"},{\"@type\":\"Organization\",\"@id\":\"https:\\\/\\\/thefortune.one\\\/pt\\\/#organization\",\"name\":\"The Fortune One\",\"url\":\"https:\\\/\\\/thefortune.one\\\/pt\\\/\",\"logo\":{\"@type\":\"ImageObject\",\"inLanguage\":\"pt-BR\",\"@id\":\"https:\\\/\\\/thefortune.one\\\/pt\\\/#\\\/schema\\\/logo\\\/image\\\/\",\"url\":\"https:\\\/\\\/thefortune.one\\\/wp-content\\\/uploads\\\/2022\\\/11\\\/cropped-cropped-1651682701199-1.jpg\",\"contentUrl\":\"https:\\\/\\\/thefortune.one\\\/wp-content\\\/uploads\\\/2022\\\/11\\\/cropped-cropped-1651682701199-1.jpg\",\"width\":369,\"height\":421,\"caption\":\"The Fortune One\"},\"image\":{\"@id\":\"https:\\\/\\\/thefortune.one\\\/pt\\\/#\\\/schema\\\/logo\\\/image\\\/\"}},{\"@type\":\"Person\",\"@id\":\"https:\\\/\\\/thefortune.one\\\/pt\\\/#\\\/schema\\\/person\\\/6cd8fe72a627d36caabf41815984a16f\",\"name\":\"bianca\",\"image\":{\"@type\":\"ImageObject\",\"inLanguage\":\"pt-BR\",\"@id\":\"https:\\\/\\\/secure.gravatar.com\\\/avatar\\\/66cd7b00d93410555e00d1e6a911a86de0cd0cfa4f83a2f8b47eddc2968c98af?s=96&d=mm&r=g\",\"url\":\"https:\\\/\\\/secure.gravatar.com\\\/avatar\\\/66cd7b00d93410555e00d1e6a911a86de0cd0cfa4f83a2f8b47eddc2968c98af?s=96&d=mm&r=g\",\"contentUrl\":\"https:\\\/\\\/secure.gravatar.com\\\/avatar\\\/66cd7b00d93410555e00d1e6a911a86de0cd0cfa4f83a2f8b47eddc2968c98af?s=96&d=mm&r=g\",\"caption\":\"bianca\"},\"url\":\"https:\\\/\\\/thefortune.one\\\/pt\\\/author\\\/bianca\\\/\"}]}<\/script>\n<!-- \/ Yoast SEO plugin. -->","yoast_head_json":{"title":"Colunista da Intelig\u00eancia Financeira comenta decis\u00e3o do Fed com olhar para o futuro - The Fortune.one","description":"Somos especialistas em gest\u00e3o patrimonial, op\u00e7\u00f5es de investimentos para diversos perfis, nosso diferencial \u00e9 comprovado com resultados.","robots":{"index":"index","follow":"follow","max-snippet":"max-snippet:-1","max-image-preview":"max-image-preview:large","max-video-preview":"max-video-preview:-1"},"canonical":"https:\/\/thefortune.one\/pt\/colunista-da-inteligencia-financeira-comenta-decisao-do-fed-com-olhar-para-o-futuro\/","og_locale":"pt_BR","og_type":"article","og_title":"Colunista da Intelig\u00eancia Financeira comenta decis\u00e3o do Fed com olhar para o futuro - The Fortune.one","og_description":"Somos especialistas em gest\u00e3o patrimonial, op\u00e7\u00f5es de investimentos para diversos perfis, nosso diferencial \u00e9 comprovado com resultados.","og_url":"https:\/\/thefortune.one\/pt\/colunista-da-inteligencia-financeira-comenta-decisao-do-fed-com-olhar-para-o-futuro\/","og_site_name":"The Fortune.one","article_published_time":"2023-07-27T12:41:08+00:00","og_image":[{"width":833,"height":469,"url":"https:\/\/thefortune.one\/wp-content\/uploads\/2023\/07\/fe.jpg","type":"image\/jpeg"}],"author":"bianca","twitter_card":"summary_large_image","twitter_misc":{"Escrito por":"bianca","Est. tempo de leitura":"1 minuto"},"schema":{"@context":"https:\/\/schema.org","@graph":[{"@type":"Article","@id":"https:\/\/thefortune.one\/pt\/colunista-da-inteligencia-financeira-comenta-decisao-do-fed-com-olhar-para-o-futuro\/#article","isPartOf":{"@id":"https:\/\/thefortune.one\/pt\/colunista-da-inteligencia-financeira-comenta-decisao-do-fed-com-olhar-para-o-futuro\/"},"author":{"name":"bianca","@id":"https:\/\/thefortune.one\/pt\/#\/schema\/person\/6cd8fe72a627d36caabf41815984a16f"},"headline":"Colunista da Intelig\u00eancia Financeira comenta decis\u00e3o do Fed com olhar para o futuro","datePublished":"2023-07-27T12:41:08+00:00","mainEntityOfPage":{"@id":"https:\/\/thefortune.one\/pt\/colunista-da-inteligencia-financeira-comenta-decisao-do-fed-com-olhar-para-o-futuro\/"},"wordCount":206,"commentCount":0,"publisher":{"@id":"https:\/\/thefortune.one\/pt\/#organization"},"image":{"@id":"https:\/\/thefortune.one\/pt\/colunista-da-inteligencia-financeira-comenta-decisao-do-fed-com-olhar-para-o-futuro\/#primaryimage"},"thumbnailUrl":"https:\/\/thefortune.one\/wp-content\/uploads\/2023\/07\/fe.jpg","articleSection":["The Fortune.one"],"inLanguage":"pt-BR","potentialAction":[{"@type":"CommentAction","name":"Comment","target":["https:\/\/thefortune.one\/pt\/colunista-da-inteligencia-financeira-comenta-decisao-do-fed-com-olhar-para-o-futuro\/#respond"]}]},{"@type":"WebPage","@id":"https:\/\/thefortune.one\/pt\/colunista-da-inteligencia-financeira-comenta-decisao-do-fed-com-olhar-para-o-futuro\/","url":"https:\/\/thefortune.one\/pt\/colunista-da-inteligencia-financeira-comenta-decisao-do-fed-com-olhar-para-o-futuro\/","name":"Colunista da Intelig\u00eancia Financeira comenta decis\u00e3o do Fed com olhar para o futuro - The Fortune.one","isPartOf":{"@id":"https:\/\/thefortune.one\/pt\/#website"},"primaryImageOfPage":{"@id":"https:\/\/thefortune.one\/pt\/colunista-da-inteligencia-financeira-comenta-decisao-do-fed-com-olhar-para-o-futuro\/#primaryimage"},"image":{"@id":"https:\/\/thefortune.one\/pt\/colunista-da-inteligencia-financeira-comenta-decisao-do-fed-com-olhar-para-o-futuro\/#primaryimage"},"thumbnailUrl":"https:\/\/thefortune.one\/wp-content\/uploads\/2023\/07\/fe.jpg","datePublished":"2023-07-27T12:41:08+00:00","description":"Somos especialistas em gest\u00e3o patrimonial, op\u00e7\u00f5es de investimentos para diversos perfis, nosso diferencial \u00e9 comprovado com resultados.","breadcrumb":{"@id":"https:\/\/thefortune.one\/pt\/colunista-da-inteligencia-financeira-comenta-decisao-do-fed-com-olhar-para-o-futuro\/#breadcrumb"},"inLanguage":"pt-BR","potentialAction":[{"@type":"ReadAction","target":["https:\/\/thefortune.one\/pt\/colunista-da-inteligencia-financeira-comenta-decisao-do-fed-com-olhar-para-o-futuro\/"]}]},{"@type":"ImageObject","inLanguage":"pt-BR","@id":"https:\/\/thefortune.one\/pt\/colunista-da-inteligencia-financeira-comenta-decisao-do-fed-com-olhar-para-o-futuro\/#primaryimage","url":"https:\/\/thefortune.one\/wp-content\/uploads\/2023\/07\/fe.jpg","contentUrl":"https:\/\/thefortune.one\/wp-content\/uploads\/2023\/07\/fe.jpg","width":833,"height":469},{"@type":"BreadcrumbList","@id":"https:\/\/thefortune.one\/pt\/colunista-da-inteligencia-financeira-comenta-decisao-do-fed-com-olhar-para-o-futuro\/#breadcrumb","itemListElement":[{"@type":"ListItem","position":1,"name":"In\u00edcio","item":"https:\/\/thefortune.one\/pt\/"},{"@type":"ListItem","position":2,"name":"Colunista da Intelig\u00eancia Financeira comenta decis\u00e3o do Fed com olhar para o futuro"}]},{"@type":"WebSite","@id":"https:\/\/thefortune.one\/pt\/#website","url":"https:\/\/thefortune.one\/pt\/","name":"The Fortune.one","description":"Gestora de Recursos Especializada em Private Equity","publisher":{"@id":"https:\/\/thefortune.one\/pt\/#organization"},"potentialAction":[{"@type":"SearchAction","target":{"@type":"EntryPoint","urlTemplate":"https:\/\/thefortune.one\/pt\/?s={search_term_string}"},"query-input":{"@type":"PropertyValueSpecification","valueRequired":true,"valueName":"search_term_string"}}],"inLanguage":"pt-BR"},{"@type":"Organization","@id":"https:\/\/thefortune.one\/pt\/#organization","name":"The Fortune One","url":"https:\/\/thefortune.one\/pt\/","logo":{"@type":"ImageObject","inLanguage":"pt-BR","@id":"https:\/\/thefortune.one\/pt\/#\/schema\/logo\/image\/","url":"https:\/\/thefortune.one\/wp-content\/uploads\/2022\/11\/cropped-cropped-1651682701199-1.jpg","contentUrl":"https:\/\/thefortune.one\/wp-content\/uploads\/2022\/11\/cropped-cropped-1651682701199-1.jpg","width":369,"height":421,"caption":"The Fortune One"},"image":{"@id":"https:\/\/thefortune.one\/pt\/#\/schema\/logo\/image\/"}},{"@type":"Person","@id":"https:\/\/thefortune.one\/pt\/#\/schema\/person\/6cd8fe72a627d36caabf41815984a16f","name":"bianca","image":{"@type":"ImageObject","inLanguage":"pt-BR","@id":"https:\/\/secure.gravatar.com\/avatar\/66cd7b00d93410555e00d1e6a911a86de0cd0cfa4f83a2f8b47eddc2968c98af?s=96&d=mm&r=g","url":"https:\/\/secure.gravatar.com\/avatar\/66cd7b00d93410555e00d1e6a911a86de0cd0cfa4f83a2f8b47eddc2968c98af?s=96&d=mm&r=g","contentUrl":"https:\/\/secure.gravatar.com\/avatar\/66cd7b00d93410555e00d1e6a911a86de0cd0cfa4f83a2f8b47eddc2968c98af?s=96&d=mm&r=g","caption":"bianca"},"url":"https:\/\/thefortune.one\/pt\/author\/bianca\/"}]}},"_links":{"self":[{"href":"https:\/\/thefortune.one\/pt\/wp-json\/wp\/v2\/posts\/3989","targetHints":{"allow":["GET"]}}],"collection":[{"href":"https:\/\/thefortune.one\/pt\/wp-json\/wp\/v2\/posts"}],"about":[{"href":"https:\/\/thefortune.one\/pt\/wp-json\/wp\/v2\/types\/post"}],"author":[{"embeddable":true,"href":"https:\/\/thefortune.one\/pt\/wp-json\/wp\/v2\/users\/3"}],"replies":[{"embeddable":true,"href":"https:\/\/thefortune.one\/pt\/wp-json\/wp\/v2\/comments?post=3989"}],"version-history":[{"count":1,"href":"https:\/\/thefortune.one\/pt\/wp-json\/wp\/v2\/posts\/3989\/revisions"}],"predecessor-version":[{"id":3991,"href":"https:\/\/thefortune.one\/pt\/wp-json\/wp\/v2\/posts\/3989\/revisions\/3991"}],"wp:featuredmedia":[{"embeddable":true,"href":"https:\/\/thefortune.one\/pt\/wp-json\/wp\/v2\/media\/3990"}],"wp:attachment":[{"href":"https:\/\/thefortune.one\/pt\/wp-json\/wp\/v2\/media?parent=3989"}],"wp:term":[{"taxonomy":"category","embeddable":true,"href":"https:\/\/thefortune.one\/pt\/wp-json\/wp\/v2\/categories?post=3989"},{"taxonomy":"post_tag","embeddable":true,"href":"https:\/\/thefortune.one\/pt\/wp-json\/wp\/v2\/tags?post=3989"}],"curies":[{"name":"wp","href":"https:\/\/api.w.org\/{rel}","templated":true}]}}