{"id":3960,"date":"2023-07-14T12:38:28","date_gmt":"2023-07-14T12:38:28","guid":{"rendered":"https:\/\/thefortune.one\/?p=3960"},"modified":"2023-07-14T12:38:28","modified_gmt":"2023-07-14T12:38:28","slug":"iva-nao-chegara-a-30-diz-bernard-appy-sobre-reforma-tributaria","status":"publish","type":"post","link":"https:\/\/thefortune.one\/pt\/iva-nao-chegara-a-30-diz-bernard-appy-sobre-reforma-tributaria\/","title":{"rendered":"IVA n\u00e3o chegar\u00e1 a 30%, diz Bernard Appy sobre reforma tribut\u00e1ria"},"content":{"rendered":"<h2 class=\"wp-block-heading\">Em live da XP, secret\u00e1rio garantiu no entanto que n\u00e3o haver\u00e1 aumento da al\u00edquota de impostos<\/h2>\n\n\n\n<ul class=\"wp-block-list\">\n<li><a href=\"https:\/\/inteligenciafinanceira.com.br\/assunto\/impostos-e-taxas\/\">IMPOSTOS E TAXAS<\/a><\/li>\n<\/ul>\n\n\n\n<figure class=\"wp-block-image\"><img decoding=\"async\" src=\"https:\/\/inteligenciafinanceira.com.br\/wp-content\/uploads\/2023\/03\/bernard-appy-secretario-reforma-tributaria.jpg?w=833&amp;h=469&amp;crop=1\" alt=\"IVA n\u00e3o chegar\u00e1 a 30%, diz Bernard Appy sobre reforma tribut\u00e1ria\" \/><figcaption class=\"wp-element-caption\">O secret\u00e1rio extraordin\u00e1rio da reforma tribut\u00e1ria do Minist\u00e9rio da Fazenda, Bernard Appy, Foto: Edu Andrade\/MF<\/figcaption><\/figure>\n\n\n\n<p>A al\u00edquota unificada de imposto sobre o consumo (IVA) que vai vigorar no Brasil ap\u00f3s a transi\u00e7\u00e3o para o novo modelo tribut\u00e1rio n\u00e3o chegar\u00e1 a 30%, disse nesta quinta-feira (13) o secret\u00e1rio extraordin\u00e1rio da reforma tribut\u00e1ria, Bernard Appy,<\/p>\n\n\n\n<p>\u201cCom base em hip\u00f3teses razo\u00e1veis, a al\u00edquota n\u00e3o chegar\u00e1 a 30%\u201d, disse Appy durante live promovida pela XP Investimentos.<\/p>\n\n\n\n<p>Os coment\u00e1rios vieram horas depois de o ministro da Fazenda, Fernando Haddad, ter afirmado que com o passar do tempo&nbsp;<strong><a href=\"https:\/\/inteligenciafinanceira.com.br\/saiba\/haddad-acredita-que-aliquota-do-iva-atingira-equilibrio-em-patamar-inferior-a-25\/\" target=\"_blank\" rel=\"noreferrer noopener\">o IVA ficar\u00e1 em patamar inferior a 25%<\/a><\/strong>, n\u00edvel tido pela Fazenda como adequado para manter a neutralidade da carga tribut\u00e1ria ap\u00f3s a reforma.<\/p>\n\n\n\n<p><a href=\"https:\/\/inteligenciafinanceira.com.br\/saiba\/economia\/quem-e-bernard-appy-reforma-tributaria\/\" target=\"_blank\" rel=\"noreferrer noopener\">Reforma tribut\u00e1ria: quem \u00e9 Bernard Appy<\/a><\/p>\n\n\n\n<p>Por\u00e9m, a C\u00e2mara dos Deputados admitiu exce\u00e7\u00f5es e regimes diferenciados ao sistema, o que pode repercutir em uma eleva\u00e7\u00e3o da al\u00edquota m\u00e9dia.<\/p>\n\n\n\n<p>Na quarta-feira, a ministra do Planejamento, Simone Tebet, apontou al\u00edquotas entre 26% e 28% como poss\u00edveis.<\/p>\n\n\n\n<h2 class=\"wp-block-heading\">Mais exce\u00e7\u00f5es do que o desejado<\/h2>\n\n\n\n<p>\u201cHouve mais exce\u00e7\u00f5es do que gostar\u00edamos\u201d, disse Appy em rela\u00e7\u00e3o ao texto aprovado na semana passada na C\u00e2mara dos Deputados. \u201cQuanto mais exce\u00e7\u00f5es, maior a al\u00edquota de IVA\u201d.<\/p>\n\n\n\n<p>O secret\u00e1rio considerou improv\u00e1vel que haja a adi\u00e7\u00e3o de mais exce\u00e7\u00f5es no texto por parte do Senado, que deve votar a reforma em agosto.<\/p>\n\n\n\n<p>Economistas apontam a al\u00edquota base de 25% j\u00e1 como uma das maiores do mundo entre pa\u00edses que usam esse modelo de tributa\u00e7\u00e3o.<\/p>\n\n\n\n<p>Appy admitiu que haver\u00e1 mudan\u00e7a de pre\u00e7os relativos com a reforma, o que significa que alguns setores sofrer\u00e3o al\u00edquotas maiores do que hoje em alguns casos, como nos servi\u00e7os de aluguel de carros.<\/p>\n\n\n\n<h2 class=\"wp-block-heading\" id=\"h-servicos\">Servi\u00e7os<\/h2>\n\n\n\n<p>Mas o secret\u00e1rio rebateu as criticas de que o novo modelo, que passar\u00e1 por um per\u00edodo de transi\u00e7\u00e3o de 10 anos a contar de 2026, de que o setor de servi\u00e7os vai sofrer com aumentos de al\u00edquotas de impostos.<\/p>\n\n\n\n<p>\u201cPara o pequeno prestador de servi\u00e7os haver\u00e1 na verdade uma melhora, porque a al\u00edquota ser\u00e1 maior, mas haver\u00e1 cr\u00e9dito tribut\u00e1rio, o que hoje n\u00e3o existe\u201d, afirmou.<\/p>\n\n\n\n<p>Para Appy, tanto em produtos quanto em servi\u00e7os, a tend\u00eancia de longo prazo \u00e9 de queda nos pre\u00e7os finais cobrados do consumidor, porque a reforma vai acabar com a inefici\u00eancia do modelo atual, que as empresas aplicam sobre os pre\u00e7os.<\/p>\n\n\n\n<p>Fonte:https:\/\/inteligenciafinanceira.com.br\/saiba\/economia\/iva-nao-chegara-a-30-diz-bernard-appy-sobre-reforma-tributaria\/<\/p>","protected":false},"excerpt":{"rendered":"<p>Em live da XP, secret\u00e1rio garantiu no entanto que n\u00e3o haver\u00e1 aumento da al\u00edquota de impostos A al\u00edquota unificada de imposto sobre o consumo (IVA) que vai vigorar no Brasil ap\u00f3s a transi\u00e7\u00e3o para o novo modelo tribut\u00e1rio n\u00e3o chegar\u00e1 a 30%, disse nesta quinta-feira (13) o secret\u00e1rio extraordin\u00e1rio da reforma tribut\u00e1ria, Bernard Appy, \u201cCom [&hellip;]<\/p>\n","protected":false},"author":3,"featured_media":3961,"comment_status":"open","ping_status":"open","sticky":false,"template":"","format":"standard","meta":{"_joinchat":[],"footnotes":""},"categories":[1],"tags":[],"class_list":["post-3960","post","type-post","status-publish","format-standard","has-post-thumbnail","hentry","category-the-fortune-one"],"yoast_head":"<!-- This site is optimized with the Yoast SEO plugin v27.5 - https:\/\/yoast.com\/product\/yoast-seo-wordpress\/ -->\n<title>IVA n\u00e3o chegar\u00e1 a 30%, diz Bernard Appy sobre reforma tribut\u00e1ria - The Fortune.one<\/title>\n<meta name=\"description\" content=\"Somos especialistas em gest\u00e3o patrimonial, op\u00e7\u00f5es de investimentos para diversos perfis, nosso diferencial \u00e9 comprovado com resultados.\" \/>\n<meta name=\"robots\" content=\"index, follow, max-snippet:-1, max-image-preview:large, max-video-preview:-1\" \/>\n<link rel=\"canonical\" href=\"https:\/\/thefortune.one\/pt\/iva-nao-chegara-a-30-diz-bernard-appy-sobre-reforma-tributaria\/\" \/>\n<meta property=\"og:locale\" content=\"pt_BR\" \/>\n<meta property=\"og:type\" content=\"article\" \/>\n<meta property=\"og:title\" content=\"IVA n\u00e3o chegar\u00e1 a 30%, diz Bernard Appy sobre reforma tribut\u00e1ria - The Fortune.one\" \/>\n<meta property=\"og:description\" content=\"Somos especialistas em gest\u00e3o patrimonial, op\u00e7\u00f5es de investimentos para diversos perfis, nosso diferencial \u00e9 comprovado com resultados.\" \/>\n<meta property=\"og:url\" content=\"https:\/\/thefortune.one\/pt\/iva-nao-chegara-a-30-diz-bernard-appy-sobre-reforma-tributaria\/\" \/>\n<meta property=\"og:site_name\" content=\"The Fortune.one\" \/>\n<meta property=\"article:published_time\" content=\"2023-07-14T12:38:28+00:00\" \/>\n<meta property=\"og:image\" content=\"https:\/\/thefortune.one\/wp-content\/uploads\/2023\/07\/ki.jpg\" \/>\n\t<meta property=\"og:image:width\" content=\"833\" \/>\n\t<meta property=\"og:image:height\" content=\"469\" \/>\n\t<meta property=\"og:image:type\" content=\"image\/jpeg\" \/>\n<meta name=\"author\" content=\"bianca\" \/>\n<meta name=\"twitter:card\" content=\"summary_large_image\" \/>\n<meta name=\"twitter:label1\" content=\"Escrito por\" \/>\n\t<meta name=\"twitter:data1\" content=\"bianca\" \/>\n\t<meta name=\"twitter:label2\" content=\"Est. tempo de leitura\" \/>\n\t<meta name=\"twitter:data2\" content=\"2 minutos\" \/>\n<script type=\"application\/ld+json\" class=\"yoast-schema-graph\">{\"@context\":\"https:\\\/\\\/schema.org\",\"@graph\":[{\"@type\":\"Article\",\"@id\":\"https:\\\/\\\/thefortune.one\\\/pt\\\/iva-nao-chegara-a-30-diz-bernard-appy-sobre-reforma-tributaria\\\/#article\",\"isPartOf\":{\"@id\":\"https:\\\/\\\/thefortune.one\\\/pt\\\/iva-nao-chegara-a-30-diz-bernard-appy-sobre-reforma-tributaria\\\/\"},\"author\":{\"name\":\"bianca\",\"@id\":\"https:\\\/\\\/thefortune.one\\\/pt\\\/#\\\/schema\\\/person\\\/6cd8fe72a627d36caabf41815984a16f\"},\"headline\":\"IVA n\u00e3o chegar\u00e1 a 30%, diz Bernard Appy sobre reforma tribut\u00e1ria\",\"datePublished\":\"2023-07-14T12:38:28+00:00\",\"mainEntityOfPage\":{\"@id\":\"https:\\\/\\\/thefortune.one\\\/pt\\\/iva-nao-chegara-a-30-diz-bernard-appy-sobre-reforma-tributaria\\\/\"},\"wordCount\":477,\"commentCount\":0,\"publisher\":{\"@id\":\"https:\\\/\\\/thefortune.one\\\/pt\\\/#organization\"},\"image\":{\"@id\":\"https:\\\/\\\/thefortune.one\\\/pt\\\/iva-nao-chegara-a-30-diz-bernard-appy-sobre-reforma-tributaria\\\/#primaryimage\"},\"thumbnailUrl\":\"https:\\\/\\\/thefortune.one\\\/wp-content\\\/uploads\\\/2023\\\/07\\\/ki.jpg\",\"articleSection\":[\"The Fortune.one\"],\"inLanguage\":\"pt-BR\",\"potentialAction\":[{\"@type\":\"CommentAction\",\"name\":\"Comment\",\"target\":[\"https:\\\/\\\/thefortune.one\\\/pt\\\/iva-nao-chegara-a-30-diz-bernard-appy-sobre-reforma-tributaria\\\/#respond\"]}]},{\"@type\":\"WebPage\",\"@id\":\"https:\\\/\\\/thefortune.one\\\/pt\\\/iva-nao-chegara-a-30-diz-bernard-appy-sobre-reforma-tributaria\\\/\",\"url\":\"https:\\\/\\\/thefortune.one\\\/pt\\\/iva-nao-chegara-a-30-diz-bernard-appy-sobre-reforma-tributaria\\\/\",\"name\":\"IVA n\u00e3o chegar\u00e1 a 30%, diz Bernard Appy sobre reforma tribut\u00e1ria - The Fortune.one\",\"isPartOf\":{\"@id\":\"https:\\\/\\\/thefortune.one\\\/pt\\\/#website\"},\"primaryImageOfPage\":{\"@id\":\"https:\\\/\\\/thefortune.one\\\/pt\\\/iva-nao-chegara-a-30-diz-bernard-appy-sobre-reforma-tributaria\\\/#primaryimage\"},\"image\":{\"@id\":\"https:\\\/\\\/thefortune.one\\\/pt\\\/iva-nao-chegara-a-30-diz-bernard-appy-sobre-reforma-tributaria\\\/#primaryimage\"},\"thumbnailUrl\":\"https:\\\/\\\/thefortune.one\\\/wp-content\\\/uploads\\\/2023\\\/07\\\/ki.jpg\",\"datePublished\":\"2023-07-14T12:38:28+00:00\",\"description\":\"Somos especialistas em gest\u00e3o patrimonial, op\u00e7\u00f5es de investimentos para diversos perfis, nosso diferencial \u00e9 comprovado com resultados.\",\"breadcrumb\":{\"@id\":\"https:\\\/\\\/thefortune.one\\\/pt\\\/iva-nao-chegara-a-30-diz-bernard-appy-sobre-reforma-tributaria\\\/#breadcrumb\"},\"inLanguage\":\"pt-BR\",\"potentialAction\":[{\"@type\":\"ReadAction\",\"target\":[\"https:\\\/\\\/thefortune.one\\\/pt\\\/iva-nao-chegara-a-30-diz-bernard-appy-sobre-reforma-tributaria\\\/\"]}]},{\"@type\":\"ImageObject\",\"inLanguage\":\"pt-BR\",\"@id\":\"https:\\\/\\\/thefortune.one\\\/pt\\\/iva-nao-chegara-a-30-diz-bernard-appy-sobre-reforma-tributaria\\\/#primaryimage\",\"url\":\"https:\\\/\\\/thefortune.one\\\/wp-content\\\/uploads\\\/2023\\\/07\\\/ki.jpg\",\"contentUrl\":\"https:\\\/\\\/thefortune.one\\\/wp-content\\\/uploads\\\/2023\\\/07\\\/ki.jpg\",\"width\":833,\"height\":469},{\"@type\":\"BreadcrumbList\",\"@id\":\"https:\\\/\\\/thefortune.one\\\/pt\\\/iva-nao-chegara-a-30-diz-bernard-appy-sobre-reforma-tributaria\\\/#breadcrumb\",\"itemListElement\":[{\"@type\":\"ListItem\",\"position\":1,\"name\":\"In\u00edcio\",\"item\":\"https:\\\/\\\/thefortune.one\\\/pt\\\/\"},{\"@type\":\"ListItem\",\"position\":2,\"name\":\"IVA n\u00e3o chegar\u00e1 a 30%, diz Bernard Appy sobre reforma tribut\u00e1ria\"}]},{\"@type\":\"WebSite\",\"@id\":\"https:\\\/\\\/thefortune.one\\\/pt\\\/#website\",\"url\":\"https:\\\/\\\/thefortune.one\\\/pt\\\/\",\"name\":\"The Fortune.one\",\"description\":\"Gestora de Recursos Especializada em Private Equity\",\"publisher\":{\"@id\":\"https:\\\/\\\/thefortune.one\\\/pt\\\/#organization\"},\"potentialAction\":[{\"@type\":\"SearchAction\",\"target\":{\"@type\":\"EntryPoint\",\"urlTemplate\":\"https:\\\/\\\/thefortune.one\\\/pt\\\/?s={search_term_string}\"},\"query-input\":{\"@type\":\"PropertyValueSpecification\",\"valueRequired\":true,\"valueName\":\"search_term_string\"}}],\"inLanguage\":\"pt-BR\"},{\"@type\":\"Organization\",\"@id\":\"https:\\\/\\\/thefortune.one\\\/pt\\\/#organization\",\"name\":\"The Fortune One\",\"url\":\"https:\\\/\\\/thefortune.one\\\/pt\\\/\",\"logo\":{\"@type\":\"ImageObject\",\"inLanguage\":\"pt-BR\",\"@id\":\"https:\\\/\\\/thefortune.one\\\/pt\\\/#\\\/schema\\\/logo\\\/image\\\/\",\"url\":\"https:\\\/\\\/thefortune.one\\\/wp-content\\\/uploads\\\/2022\\\/11\\\/cropped-cropped-1651682701199-1.jpg\",\"contentUrl\":\"https:\\\/\\\/thefortune.one\\\/wp-content\\\/uploads\\\/2022\\\/11\\\/cropped-cropped-1651682701199-1.jpg\",\"width\":369,\"height\":421,\"caption\":\"The Fortune One\"},\"image\":{\"@id\":\"https:\\\/\\\/thefortune.one\\\/pt\\\/#\\\/schema\\\/logo\\\/image\\\/\"}},{\"@type\":\"Person\",\"@id\":\"https:\\\/\\\/thefortune.one\\\/pt\\\/#\\\/schema\\\/person\\\/6cd8fe72a627d36caabf41815984a16f\",\"name\":\"bianca\",\"image\":{\"@type\":\"ImageObject\",\"inLanguage\":\"pt-BR\",\"@id\":\"https:\\\/\\\/secure.gravatar.com\\\/avatar\\\/66cd7b00d93410555e00d1e6a911a86de0cd0cfa4f83a2f8b47eddc2968c98af?s=96&d=mm&r=g\",\"url\":\"https:\\\/\\\/secure.gravatar.com\\\/avatar\\\/66cd7b00d93410555e00d1e6a911a86de0cd0cfa4f83a2f8b47eddc2968c98af?s=96&d=mm&r=g\",\"contentUrl\":\"https:\\\/\\\/secure.gravatar.com\\\/avatar\\\/66cd7b00d93410555e00d1e6a911a86de0cd0cfa4f83a2f8b47eddc2968c98af?s=96&d=mm&r=g\",\"caption\":\"bianca\"},\"url\":\"https:\\\/\\\/thefortune.one\\\/pt\\\/author\\\/bianca\\\/\"}]}<\/script>\n<!-- \/ Yoast SEO plugin. -->","yoast_head_json":{"title":"IVA n\u00e3o chegar\u00e1 a 30%, diz Bernard Appy sobre reforma tribut\u00e1ria - The Fortune.one","description":"Somos especialistas em gest\u00e3o patrimonial, op\u00e7\u00f5es de investimentos para diversos perfis, nosso diferencial \u00e9 comprovado com resultados.","robots":{"index":"index","follow":"follow","max-snippet":"max-snippet:-1","max-image-preview":"max-image-preview:large","max-video-preview":"max-video-preview:-1"},"canonical":"https:\/\/thefortune.one\/pt\/iva-nao-chegara-a-30-diz-bernard-appy-sobre-reforma-tributaria\/","og_locale":"pt_BR","og_type":"article","og_title":"IVA n\u00e3o chegar\u00e1 a 30%, diz Bernard Appy sobre reforma tribut\u00e1ria - The Fortune.one","og_description":"Somos especialistas em gest\u00e3o patrimonial, op\u00e7\u00f5es de investimentos para diversos perfis, nosso diferencial \u00e9 comprovado com resultados.","og_url":"https:\/\/thefortune.one\/pt\/iva-nao-chegara-a-30-diz-bernard-appy-sobre-reforma-tributaria\/","og_site_name":"The Fortune.one","article_published_time":"2023-07-14T12:38:28+00:00","og_image":[{"width":833,"height":469,"url":"https:\/\/thefortune.one\/wp-content\/uploads\/2023\/07\/ki.jpg","type":"image\/jpeg"}],"author":"bianca","twitter_card":"summary_large_image","twitter_misc":{"Escrito por":"bianca","Est. tempo de leitura":"2 minutos"},"schema":{"@context":"https:\/\/schema.org","@graph":[{"@type":"Article","@id":"https:\/\/thefortune.one\/pt\/iva-nao-chegara-a-30-diz-bernard-appy-sobre-reforma-tributaria\/#article","isPartOf":{"@id":"https:\/\/thefortune.one\/pt\/iva-nao-chegara-a-30-diz-bernard-appy-sobre-reforma-tributaria\/"},"author":{"name":"bianca","@id":"https:\/\/thefortune.one\/pt\/#\/schema\/person\/6cd8fe72a627d36caabf41815984a16f"},"headline":"IVA n\u00e3o chegar\u00e1 a 30%, diz Bernard Appy sobre reforma tribut\u00e1ria","datePublished":"2023-07-14T12:38:28+00:00","mainEntityOfPage":{"@id":"https:\/\/thefortune.one\/pt\/iva-nao-chegara-a-30-diz-bernard-appy-sobre-reforma-tributaria\/"},"wordCount":477,"commentCount":0,"publisher":{"@id":"https:\/\/thefortune.one\/pt\/#organization"},"image":{"@id":"https:\/\/thefortune.one\/pt\/iva-nao-chegara-a-30-diz-bernard-appy-sobre-reforma-tributaria\/#primaryimage"},"thumbnailUrl":"https:\/\/thefortune.one\/wp-content\/uploads\/2023\/07\/ki.jpg","articleSection":["The Fortune.one"],"inLanguage":"pt-BR","potentialAction":[{"@type":"CommentAction","name":"Comment","target":["https:\/\/thefortune.one\/pt\/iva-nao-chegara-a-30-diz-bernard-appy-sobre-reforma-tributaria\/#respond"]}]},{"@type":"WebPage","@id":"https:\/\/thefortune.one\/pt\/iva-nao-chegara-a-30-diz-bernard-appy-sobre-reforma-tributaria\/","url":"https:\/\/thefortune.one\/pt\/iva-nao-chegara-a-30-diz-bernard-appy-sobre-reforma-tributaria\/","name":"IVA n\u00e3o chegar\u00e1 a 30%, diz Bernard Appy sobre reforma tribut\u00e1ria - The Fortune.one","isPartOf":{"@id":"https:\/\/thefortune.one\/pt\/#website"},"primaryImageOfPage":{"@id":"https:\/\/thefortune.one\/pt\/iva-nao-chegara-a-30-diz-bernard-appy-sobre-reforma-tributaria\/#primaryimage"},"image":{"@id":"https:\/\/thefortune.one\/pt\/iva-nao-chegara-a-30-diz-bernard-appy-sobre-reforma-tributaria\/#primaryimage"},"thumbnailUrl":"https:\/\/thefortune.one\/wp-content\/uploads\/2023\/07\/ki.jpg","datePublished":"2023-07-14T12:38:28+00:00","description":"Somos especialistas em gest\u00e3o patrimonial, op\u00e7\u00f5es de investimentos para diversos perfis, nosso diferencial \u00e9 comprovado com resultados.","breadcrumb":{"@id":"https:\/\/thefortune.one\/pt\/iva-nao-chegara-a-30-diz-bernard-appy-sobre-reforma-tributaria\/#breadcrumb"},"inLanguage":"pt-BR","potentialAction":[{"@type":"ReadAction","target":["https:\/\/thefortune.one\/pt\/iva-nao-chegara-a-30-diz-bernard-appy-sobre-reforma-tributaria\/"]}]},{"@type":"ImageObject","inLanguage":"pt-BR","@id":"https:\/\/thefortune.one\/pt\/iva-nao-chegara-a-30-diz-bernard-appy-sobre-reforma-tributaria\/#primaryimage","url":"https:\/\/thefortune.one\/wp-content\/uploads\/2023\/07\/ki.jpg","contentUrl":"https:\/\/thefortune.one\/wp-content\/uploads\/2023\/07\/ki.jpg","width":833,"height":469},{"@type":"BreadcrumbList","@id":"https:\/\/thefortune.one\/pt\/iva-nao-chegara-a-30-diz-bernard-appy-sobre-reforma-tributaria\/#breadcrumb","itemListElement":[{"@type":"ListItem","position":1,"name":"In\u00edcio","item":"https:\/\/thefortune.one\/pt\/"},{"@type":"ListItem","position":2,"name":"IVA n\u00e3o chegar\u00e1 a 30%, diz Bernard Appy sobre reforma tribut\u00e1ria"}]},{"@type":"WebSite","@id":"https:\/\/thefortune.one\/pt\/#website","url":"https:\/\/thefortune.one\/pt\/","name":"The Fortune.one","description":"Gestora de Recursos Especializada em Private Equity","publisher":{"@id":"https:\/\/thefortune.one\/pt\/#organization"},"potentialAction":[{"@type":"SearchAction","target":{"@type":"EntryPoint","urlTemplate":"https:\/\/thefortune.one\/pt\/?s={search_term_string}"},"query-input":{"@type":"PropertyValueSpecification","valueRequired":true,"valueName":"search_term_string"}}],"inLanguage":"pt-BR"},{"@type":"Organization","@id":"https:\/\/thefortune.one\/pt\/#organization","name":"The Fortune One","url":"https:\/\/thefortune.one\/pt\/","logo":{"@type":"ImageObject","inLanguage":"pt-BR","@id":"https:\/\/thefortune.one\/pt\/#\/schema\/logo\/image\/","url":"https:\/\/thefortune.one\/wp-content\/uploads\/2022\/11\/cropped-cropped-1651682701199-1.jpg","contentUrl":"https:\/\/thefortune.one\/wp-content\/uploads\/2022\/11\/cropped-cropped-1651682701199-1.jpg","width":369,"height":421,"caption":"The Fortune One"},"image":{"@id":"https:\/\/thefortune.one\/pt\/#\/schema\/logo\/image\/"}},{"@type":"Person","@id":"https:\/\/thefortune.one\/pt\/#\/schema\/person\/6cd8fe72a627d36caabf41815984a16f","name":"bianca","image":{"@type":"ImageObject","inLanguage":"pt-BR","@id":"https:\/\/secure.gravatar.com\/avatar\/66cd7b00d93410555e00d1e6a911a86de0cd0cfa4f83a2f8b47eddc2968c98af?s=96&d=mm&r=g","url":"https:\/\/secure.gravatar.com\/avatar\/66cd7b00d93410555e00d1e6a911a86de0cd0cfa4f83a2f8b47eddc2968c98af?s=96&d=mm&r=g","contentUrl":"https:\/\/secure.gravatar.com\/avatar\/66cd7b00d93410555e00d1e6a911a86de0cd0cfa4f83a2f8b47eddc2968c98af?s=96&d=mm&r=g","caption":"bianca"},"url":"https:\/\/thefortune.one\/pt\/author\/bianca\/"}]}},"_links":{"self":[{"href":"https:\/\/thefortune.one\/pt\/wp-json\/wp\/v2\/posts\/3960","targetHints":{"allow":["GET"]}}],"collection":[{"href":"https:\/\/thefortune.one\/pt\/wp-json\/wp\/v2\/posts"}],"about":[{"href":"https:\/\/thefortune.one\/pt\/wp-json\/wp\/v2\/types\/post"}],"author":[{"embeddable":true,"href":"https:\/\/thefortune.one\/pt\/wp-json\/wp\/v2\/users\/3"}],"replies":[{"embeddable":true,"href":"https:\/\/thefortune.one\/pt\/wp-json\/wp\/v2\/comments?post=3960"}],"version-history":[{"count":1,"href":"https:\/\/thefortune.one\/pt\/wp-json\/wp\/v2\/posts\/3960\/revisions"}],"predecessor-version":[{"id":3962,"href":"https:\/\/thefortune.one\/pt\/wp-json\/wp\/v2\/posts\/3960\/revisions\/3962"}],"wp:featuredmedia":[{"embeddable":true,"href":"https:\/\/thefortune.one\/pt\/wp-json\/wp\/v2\/media\/3961"}],"wp:attachment":[{"href":"https:\/\/thefortune.one\/pt\/wp-json\/wp\/v2\/media?parent=3960"}],"wp:term":[{"taxonomy":"category","embeddable":true,"href":"https:\/\/thefortune.one\/pt\/wp-json\/wp\/v2\/categories?post=3960"},{"taxonomy":"post_tag","embeddable":true,"href":"https:\/\/thefortune.one\/pt\/wp-json\/wp\/v2\/tags?post=3960"}],"curies":[{"name":"wp","href":"https:\/\/api.w.org\/{rel}","templated":true}]}}