{"id":3949,"date":"2023-07-11T13:19:30","date_gmt":"2023-07-11T13:19:30","guid":{"rendered":"https:\/\/thefortune.one\/?p=3949"},"modified":"2023-07-11T13:19:30","modified_gmt":"2023-07-11T13:19:30","slug":"agenda-do-dia-ibge-publica-ipca-de-junho-haddad-se-reune-com-pacheco-e-tebet","status":"publish","type":"post","link":"https:\/\/thefortune.one\/pt\/agenda-do-dia-ibge-publica-ipca-de-junho-haddad-se-reune-com-pacheco-e-tebet\/","title":{"rendered":"Agenda do dia: IBGE publica IPCA de junho; Haddad se re\u00fane com Pacheco e Tebet"},"content":{"rendered":"<p>Confira o que voc\u00ea precisa saber e acompanhar nesta ter\u00e7a-feira<\/p>\n\n\n\n<figure class=\"wp-block-image size-full\"><img fetchpriority=\"high\" decoding=\"async\" width=\"984\" height=\"656\" src=\"https:\/\/thefortune.one\/wp-content\/uploads\/2023\/07\/merrr.jpg\" alt=\"\" class=\"wp-image-3950\" srcset=\"https:\/\/thefortune.one\/wp-content\/uploads\/2023\/07\/merrr.jpg 984w, https:\/\/thefortune.one\/wp-content\/uploads\/2023\/07\/merrr-300x200.jpg 300w, https:\/\/thefortune.one\/wp-content\/uploads\/2023\/07\/merrr-768x512.jpg 768w, https:\/\/thefortune.one\/wp-content\/uploads\/2023\/07\/merrr-18x12.jpg 18w\" sizes=\"(max-width: 984px) 100vw, 984px\" \/><\/figure>\n\n\n\n<p>O IPCA de junho, que o IBGE divulga pela manh\u00e3, \u00e9 o principal destaque da agenda desta ter\u00e7a-feira. O indicador pode dar uma ideia do tamanho do pr\u00f3ximo corte na taxa Selic &#8211; o mercado j\u00e1 espera que o Comit\u00ea de Pol\u00edtica Monet\u00e1ria (Copom) do Banco Central inicie o ciclo de flexibiliza\u00e7\u00e3o monet\u00e1ria em agosto. Confira abaixo outros destaques da agenda desta ter\u00e7a feira :<\/p>\n\n\n\n<p><strong>FGV divulga IPC-S Capitais da primeira quadrissemana de julho<\/strong><\/p>\n\n\n\n<p>O Instituto Brasileiro de Economia da Funda\u00e7\u00e3o Getulio Vargas (Ibre-FGV) divulga, \u00e0s 8h, o \u00cdndice de Pre\u00e7os ao Consumidor \u2013 Semanal (IPC-S) para sete capitais brasileiras da primeira quadrissemana de julho. Na medi\u00e7\u00e3o anterior, a do fechamento de junho (quarta quadrissemana do m\u00eas), embora o IPC-S tenha ca\u00eddo 0,10%, houve acelera\u00e7\u00e3o da infla\u00e7\u00e3o em seis das sete capitais monitoradas: Belo Horizonte saiu de -0,09% na terceira quadrissemana de junho para +0,20% na quarta quadrissemana. Recife acelerou de +0,16% para +0,53%, Rio de Janeiro avan\u00e7ou de +0,04% para +0,30%. Porto Alegre saiu de -0,33% para +0,03%. Apenas em S\u00e3o Paulo houve mais defla\u00e7\u00e3o (de -0,28% para -0,51%).<\/p>\n\n\n\n<p><strong>FGV informa IGP-M do primeiro dec\u00eandio de julho<\/strong><\/p>\n\n\n\n<p>O Instituto Brasileiro de Economia da Funda\u00e7\u00e3o Getulio Vargas (Ibre-FGV) informa \u00e0s 8h o \u00cdndice Geral de Pre\u00e7os do Mercado (IGP-M) do primeiro dec\u00eandio de julho. Na primeira pr\u00e9via de junho, o IGP-M registrou defla\u00e7\u00e3o de 1,95%, vindo de baixa de 1,13% na mesma leitura de maio e de recuo de 1,84% no encerramento de maio. Com peso de 60%, o \u00cdndice de Pre\u00e7os ao Produtor Amplo (IPA-M) cedeu 2,74% na primeira medi\u00e7\u00e3o de junho. No mesmo per\u00edodo, o \u00cdndice de Pre\u00e7os ao Consumidor (IPC-M), que representa 30% do IGP-M, teve varia\u00e7\u00e3o negativa de 0,30%. Com os 10% restantes, o \u00cdndice Nacional de Custo da Constru\u00e7\u00e3o (INCC-M) subiu 0,72% nessa leitura.<\/p>\n\n\n\n<p><strong>IBGE publica IPCA de junho<\/strong><\/p>\n\n\n\n<p>O Instituto Brasileiro de Geografia e Estat\u00edstica (IBGE) publica, \u00e0s 9h, o \u00cdndice Nacional de Pre\u00e7os ao Consumidor Amplo (IPCA) de junho. O IPCA deve ter registrado defla\u00e7\u00e3o de 0,10% em junho, ante alta de 0,23% em maio, de acordo com a proje\u00e7\u00e3o mediana de 35 institui\u00e7\u00f5es financeiras e consultorias ouvidas pelo Valor Data. As proje\u00e7\u00f5es variam de -0,2% a &#8211; 0,01%. Em 12 meses, a expectativa mediana \u00e9 que a infla\u00e7\u00e3o ceda de 3,9% at\u00e9 maio 3,01% em junho.<\/p>\n\n\n\n<p><strong>Tesouro realiza leil\u00e3o tradicional de LFT e NTN-B<\/strong><\/p>\n\n\n\n<p>A Secretaria do Tesouro Nacional faz \u00e0s 11h45 leil\u00e3o tradicional de Letras Financeiras do Tesouro (LFT) e Notas do Tesouro Nacional S\u00e9rie B (NTN-B). As LFT vencem em 1\u00ba de setembro de 2026 e 1\u00ba de setembro de 2029. As NTN-B, em 15 de agosto de 2026, 15 de maio de 2033 e 15 de agosto de 2050. A liquida\u00e7\u00e3o financeira dos papeis ocorrer\u00e1 na quarta-feira.<\/p>\n\n\n\n<p><strong>Presidente do Fed de St. Louis participa de evento<\/strong><\/p>\n\n\n\n<p>\u00c0s 10h, o presidente do Fed de St. Louis, James Bullard, participa de evento.<br><strong>CPMI de 8\/1 recebe coronel Cid<\/strong><\/p>\n\n\n\n<p>A CPMI que apura os atos golpistas de 8 de janeiro recebe o tenente-coronel Mauro Cid e depois vota requerimentos.<br><strong>Lula recebe ministros no Planalto<\/strong><\/p>\n\n\n\n<p>O presidente Luiz In\u00e1cio Lula da Silva grava \u00e0s 8h30 o programa \u201cConversa com o Presidente\u201d, no Pal\u00e1cio do Planalto. \u00c0s 9h30 recebe o ministro da Casa Civil, Rui Costa. \u00c0s 12h conversa por telefone com o primeiro-ministro da Noruega, Jonas Gahr St\u00f8re. \u00c0s 15h recebe Rui Costa e a ministra do Esporte, Ana Moser. \u00c0s 16h recebe o ministro da Educa\u00e7\u00e3o,, Camilo Santana. \u00c0s 17h recebe o ministro da Secretaria de Rela\u00e7\u00f5es Institucionais, Alexandre Padilha.<\/p>\n\n\n\n<p><strong>Haddad se re\u00fane com Pacheco e Tebet<\/strong><\/p>\n\n\n\n<p>O ministro da Fazenda, Fernando Haddad, tem cinco reuni\u00f5es previstas para esta ter\u00e7a-feira (11). A primeira \u00e9 com o ministro da Controladoria-Geral da Uni\u00e3o (CGU), Vin\u00edcius de Carvalho, das 9h30 \u00e0s 10h30, no edif\u00edcio-sede do Minist\u00e9rio da Fazenda, em Bras\u00edlia. \u00c0s 11h, tem reuni\u00e3o com o presidente do Senado, Rodrigo Pacheco (PSD-MG), na Resid\u00eancia Oficial do Senado. A ministra do Planejamento e Or\u00e7amento, Simone Tebet, tamb\u00e9m participa. Eles v\u00e3o discutir a tramita\u00e7\u00e3o da reforma tribut\u00e1ria no Senado. \u00c0 tarde, Haddad tem reuni\u00e3o com Clara Ant, assessora-chefe da Assessoria Especial de Apoio ao Processo Decis\u00f3rio do Gabinete Pessoal do Presidente da Rep\u00fablica. A agenda \u00e9 na Fazenda e acontecer\u00e1das 15h \u00e0s 16h. \u00c0s 17h, o ministro se encontra com Jorge Gerdau, presidente do Conselho Superior do Movimento Brasil Competitivo. A agenda tamb\u00e9m ser\u00e1 na Fazenda. \u00c0s 19h, o ministro tem reuni\u00e3o com Miriam Belchior, secret\u00e1ria-executiva da Casa Civil.<\/p>\n\n\n\n<p><strong>Guardado se re\u00fane com representantes do Tesouro<\/strong><\/p>\n\n\n\n<p>A diretora de Assuntos Internacionais do Banco Central (BC), Fernanda Guardado, participa nesta ter\u00e7a-feira (11) , entre 11h30 e 12h30, de videoconfer\u00eancia com representantes da ag\u00eancia DBRS Morningstar e da Secretaria do Tesouro Nacional, no Rio de Janeiro, para avalia\u00e7\u00e3o anual de risco soberano da DBRS. \u00c0 tarde, Guardado tem despachos internos no Rio.<\/p>\n\n\n\n<p>Em Paris, o diretor de Organiza\u00e7\u00e3o do Sistema Financeiro e Resolu\u00e7\u00e3o do BC, Renato Dias de Brito Gomes, participa como ouvinte, entre 8h e 9h30, do \u201cWebinar Technical Innovation and the Future of Failure Management\u201d. Das 10h \u00e0s 12h30, Gomes ter\u00e1 reuni\u00e3o por videoconfer\u00eancia com representantes da Associa\u00e7\u00e3o Brasileira de Criptoeconomia (ABCripto), e em Paris. \u00c0 tarde, o executivo ter\u00e1 despachos internos na capital francesa.<br>O diretor de Pol\u00edtica Econ\u00f4mica e de Pol\u00edtica Monet\u00e1ria do banco, Diogo Abry Guillen, estar\u00e1 em deslocamento para Bras\u00edlia pela manh\u00e3 e de Bras\u00edlia para An\u00e1polis (GO) no per\u00edodo da tarde. Entre 16h35 e 17h45, ele participa de palestra no F\u00f3rum Anual de Economia e Cooperativerativismo de Cr\u00e9dito, organizado pelo Sicredi Celeiro Centro Oeste, no Centro de Conven\u00e7\u00f5es de An\u00e1polis-GO, retornando para Bras\u00edlia \u00e0 noite.<\/p>\n\n\n\n<p>Ot\u00e1vio Ribeiro Damaso, diretor de Regula\u00e7\u00e3o, ter\u00e1 despachos internos em Bras\u00edlia no per\u00edodo da manh\u00e3. Entre 15h e 15h30, ele se re\u00fane com representantes da Associa\u00e7\u00e3o Brasileira dos Assessores de Investimentos (ABAI), em Bras\u00edlia, para tratar de assuntos sobre regula\u00e7\u00e3o.<\/p>\n\n\n\n<p>O presidente do BC, Roberto Campos Neto, est\u00e1 em f\u00e9rias. Ele \u00e9 substitu\u00eddo pela diretora Fernanda Guardado. Demais diretores do banco est\u00e3o em f\u00e9rias ou com agendas de despachos internos.<\/p>\n\n\n\n<p>Fonte:https:\/\/valor.globo.com\/financas\/noticia\/2023\/07\/11\/agenda-do-dia-ibge-publica-ipca-de-junho-haddad-se-reune-com-pacheco-e-tebet.ghtml<\/p>\n\n\n\n<p><\/p>\n\n\n\n<p><\/p>\n\n\n\n<p><\/p>\n\n\n\n<p><\/p>\n\n\n\n<p> <\/p>\n\n\n\n<p><\/p>\n\n\n\n<p><\/p>\n\n\n\n<p><\/p>\n\n\n\n<p><\/p>\n\n\n\n<p><\/p>\n\n\n\n<p><\/p>\n\n\n\n<p><\/p>\n\n\n\n<p><\/p>\n\n\n\n<p><\/p>\n\n\n\n<p><\/p>\n\n\n\n<p><\/p>\n\n\n\n<p><\/p>\n\n\n\n<p><\/p>\n\n\n\n<p><\/p>\n\n\n\n<p><\/p>\n\n\n\n<p><\/p>\n\n\n\n<p><\/p>\n\n\n\n<p><\/p>\n\n\n\n<p><\/p>\n\n\n\n<p><\/p>","protected":false},"excerpt":{"rendered":"<p>Confira o que voc\u00ea precisa saber e acompanhar nesta ter\u00e7a-feira O IPCA de junho, que o IBGE divulga pela manh\u00e3, \u00e9 o principal destaque da agenda desta ter\u00e7a-feira. O indicador pode dar uma ideia do tamanho do pr\u00f3ximo corte na taxa Selic &#8211; o mercado j\u00e1 espera que o Comit\u00ea de Pol\u00edtica Monet\u00e1ria (Copom) do [&hellip;]<\/p>\n","protected":false},"author":3,"featured_media":3950,"comment_status":"open","ping_status":"open","sticky":false,"template":"","format":"standard","meta":{"_joinchat":[],"footnotes":""},"categories":[1],"tags":[],"class_list":["post-3949","post","type-post","status-publish","format-standard","has-post-thumbnail","hentry","category-the-fortune-one"],"yoast_head":"<!-- This site is optimized with the Yoast SEO plugin v27.5 - https:\/\/yoast.com\/product\/yoast-seo-wordpress\/ -->\n<title>Agenda do dia: IBGE publica IPCA de junho; Haddad se re\u00fane com Pacheco e Tebet - The Fortune.one<\/title>\n<meta name=\"description\" content=\"Somos especialistas em gest\u00e3o patrimonial, op\u00e7\u00f5es de investimentos para diversos perfis, nosso diferencial \u00e9 comprovado com resultados.\" \/>\n<meta name=\"robots\" content=\"index, follow, max-snippet:-1, max-image-preview:large, max-video-preview:-1\" \/>\n<link rel=\"canonical\" href=\"https:\/\/thefortune.one\/pt\/agenda-do-dia-ibge-publica-ipca-de-junho-haddad-se-reune-com-pacheco-e-tebet\/\" \/>\n<meta property=\"og:locale\" content=\"pt_BR\" \/>\n<meta property=\"og:type\" content=\"article\" \/>\n<meta property=\"og:title\" content=\"Agenda do dia: IBGE publica IPCA de junho; Haddad se re\u00fane com Pacheco e Tebet - The Fortune.one\" \/>\n<meta property=\"og:description\" content=\"Somos especialistas em gest\u00e3o patrimonial, op\u00e7\u00f5es de investimentos para diversos perfis, nosso diferencial \u00e9 comprovado com resultados.\" \/>\n<meta property=\"og:url\" content=\"https:\/\/thefortune.one\/pt\/agenda-do-dia-ibge-publica-ipca-de-junho-haddad-se-reune-com-pacheco-e-tebet\/\" \/>\n<meta property=\"og:site_name\" content=\"The Fortune.one\" \/>\n<meta property=\"article:published_time\" content=\"2023-07-11T13:19:30+00:00\" \/>\n<meta property=\"og:image\" content=\"https:\/\/thefortune.one\/wp-content\/uploads\/2023\/07\/merrr.jpg\" \/>\n\t<meta property=\"og:image:width\" content=\"984\" \/>\n\t<meta property=\"og:image:height\" content=\"656\" \/>\n\t<meta property=\"og:image:type\" content=\"image\/jpeg\" \/>\n<meta name=\"author\" content=\"bianca\" \/>\n<meta name=\"twitter:card\" content=\"summary_large_image\" \/>\n<meta name=\"twitter:label1\" content=\"Escrito por\" \/>\n\t<meta name=\"twitter:data1\" content=\"bianca\" \/>\n\t<meta name=\"twitter:label2\" content=\"Est. tempo de leitura\" \/>\n\t<meta name=\"twitter:data2\" content=\"5 minutos\" \/>\n<script type=\"application\/ld+json\" class=\"yoast-schema-graph\">{\"@context\":\"https:\\\/\\\/schema.org\",\"@graph\":[{\"@type\":\"Article\",\"@id\":\"https:\\\/\\\/thefortune.one\\\/pt\\\/agenda-do-dia-ibge-publica-ipca-de-junho-haddad-se-reune-com-pacheco-e-tebet\\\/#article\",\"isPartOf\":{\"@id\":\"https:\\\/\\\/thefortune.one\\\/pt\\\/agenda-do-dia-ibge-publica-ipca-de-junho-haddad-se-reune-com-pacheco-e-tebet\\\/\"},\"author\":{\"name\":\"bianca\",\"@id\":\"https:\\\/\\\/thefortune.one\\\/pt\\\/#\\\/schema\\\/person\\\/6cd8fe72a627d36caabf41815984a16f\"},\"headline\":\"Agenda do dia: IBGE publica IPCA de junho; Haddad se re\u00fane com Pacheco e Tebet\",\"datePublished\":\"2023-07-11T13:19:30+00:00\",\"mainEntityOfPage\":{\"@id\":\"https:\\\/\\\/thefortune.one\\\/pt\\\/agenda-do-dia-ibge-publica-ipca-de-junho-haddad-se-reune-com-pacheco-e-tebet\\\/\"},\"wordCount\":1092,\"commentCount\":0,\"publisher\":{\"@id\":\"https:\\\/\\\/thefortune.one\\\/pt\\\/#organization\"},\"image\":{\"@id\":\"https:\\\/\\\/thefortune.one\\\/pt\\\/agenda-do-dia-ibge-publica-ipca-de-junho-haddad-se-reune-com-pacheco-e-tebet\\\/#primaryimage\"},\"thumbnailUrl\":\"https:\\\/\\\/thefortune.one\\\/wp-content\\\/uploads\\\/2023\\\/07\\\/merrr.jpg\",\"articleSection\":[\"The Fortune.one\"],\"inLanguage\":\"pt-BR\",\"potentialAction\":[{\"@type\":\"CommentAction\",\"name\":\"Comment\",\"target\":[\"https:\\\/\\\/thefortune.one\\\/pt\\\/agenda-do-dia-ibge-publica-ipca-de-junho-haddad-se-reune-com-pacheco-e-tebet\\\/#respond\"]}]},{\"@type\":\"WebPage\",\"@id\":\"https:\\\/\\\/thefortune.one\\\/pt\\\/agenda-do-dia-ibge-publica-ipca-de-junho-haddad-se-reune-com-pacheco-e-tebet\\\/\",\"url\":\"https:\\\/\\\/thefortune.one\\\/pt\\\/agenda-do-dia-ibge-publica-ipca-de-junho-haddad-se-reune-com-pacheco-e-tebet\\\/\",\"name\":\"Agenda do dia: IBGE publica IPCA de junho; Haddad se re\u00fane com Pacheco e Tebet - The Fortune.one\",\"isPartOf\":{\"@id\":\"https:\\\/\\\/thefortune.one\\\/pt\\\/#website\"},\"primaryImageOfPage\":{\"@id\":\"https:\\\/\\\/thefortune.one\\\/pt\\\/agenda-do-dia-ibge-publica-ipca-de-junho-haddad-se-reune-com-pacheco-e-tebet\\\/#primaryimage\"},\"image\":{\"@id\":\"https:\\\/\\\/thefortune.one\\\/pt\\\/agenda-do-dia-ibge-publica-ipca-de-junho-haddad-se-reune-com-pacheco-e-tebet\\\/#primaryimage\"},\"thumbnailUrl\":\"https:\\\/\\\/thefortune.one\\\/wp-content\\\/uploads\\\/2023\\\/07\\\/merrr.jpg\",\"datePublished\":\"2023-07-11T13:19:30+00:00\",\"description\":\"Somos especialistas em gest\u00e3o patrimonial, op\u00e7\u00f5es de investimentos para diversos perfis, nosso diferencial \u00e9 comprovado com resultados.\",\"breadcrumb\":{\"@id\":\"https:\\\/\\\/thefortune.one\\\/pt\\\/agenda-do-dia-ibge-publica-ipca-de-junho-haddad-se-reune-com-pacheco-e-tebet\\\/#breadcrumb\"},\"inLanguage\":\"pt-BR\",\"potentialAction\":[{\"@type\":\"ReadAction\",\"target\":[\"https:\\\/\\\/thefortune.one\\\/pt\\\/agenda-do-dia-ibge-publica-ipca-de-junho-haddad-se-reune-com-pacheco-e-tebet\\\/\"]}]},{\"@type\":\"ImageObject\",\"inLanguage\":\"pt-BR\",\"@id\":\"https:\\\/\\\/thefortune.one\\\/pt\\\/agenda-do-dia-ibge-publica-ipca-de-junho-haddad-se-reune-com-pacheco-e-tebet\\\/#primaryimage\",\"url\":\"https:\\\/\\\/thefortune.one\\\/wp-content\\\/uploads\\\/2023\\\/07\\\/merrr.jpg\",\"contentUrl\":\"https:\\\/\\\/thefortune.one\\\/wp-content\\\/uploads\\\/2023\\\/07\\\/merrr.jpg\",\"width\":984,\"height\":656},{\"@type\":\"BreadcrumbList\",\"@id\":\"https:\\\/\\\/thefortune.one\\\/pt\\\/agenda-do-dia-ibge-publica-ipca-de-junho-haddad-se-reune-com-pacheco-e-tebet\\\/#breadcrumb\",\"itemListElement\":[{\"@type\":\"ListItem\",\"position\":1,\"name\":\"In\u00edcio\",\"item\":\"https:\\\/\\\/thefortune.one\\\/pt\\\/\"},{\"@type\":\"ListItem\",\"position\":2,\"name\":\"Agenda do dia: IBGE publica IPCA de junho; Haddad se re\u00fane com Pacheco e Tebet\"}]},{\"@type\":\"WebSite\",\"@id\":\"https:\\\/\\\/thefortune.one\\\/pt\\\/#website\",\"url\":\"https:\\\/\\\/thefortune.one\\\/pt\\\/\",\"name\":\"The Fortune.one\",\"description\":\"Gestora de Recursos Especializada em Private Equity\",\"publisher\":{\"@id\":\"https:\\\/\\\/thefortune.one\\\/pt\\\/#organization\"},\"potentialAction\":[{\"@type\":\"SearchAction\",\"target\":{\"@type\":\"EntryPoint\",\"urlTemplate\":\"https:\\\/\\\/thefortune.one\\\/pt\\\/?s={search_term_string}\"},\"query-input\":{\"@type\":\"PropertyValueSpecification\",\"valueRequired\":true,\"valueName\":\"search_term_string\"}}],\"inLanguage\":\"pt-BR\"},{\"@type\":\"Organization\",\"@id\":\"https:\\\/\\\/thefortune.one\\\/pt\\\/#organization\",\"name\":\"The Fortune One\",\"url\":\"https:\\\/\\\/thefortune.one\\\/pt\\\/\",\"logo\":{\"@type\":\"ImageObject\",\"inLanguage\":\"pt-BR\",\"@id\":\"https:\\\/\\\/thefortune.one\\\/pt\\\/#\\\/schema\\\/logo\\\/image\\\/\",\"url\":\"https:\\\/\\\/thefortune.one\\\/wp-content\\\/uploads\\\/2022\\\/11\\\/cropped-cropped-1651682701199-1.jpg\",\"contentUrl\":\"https:\\\/\\\/thefortune.one\\\/wp-content\\\/uploads\\\/2022\\\/11\\\/cropped-cropped-1651682701199-1.jpg\",\"width\":369,\"height\":421,\"caption\":\"The Fortune One\"},\"image\":{\"@id\":\"https:\\\/\\\/thefortune.one\\\/pt\\\/#\\\/schema\\\/logo\\\/image\\\/\"}},{\"@type\":\"Person\",\"@id\":\"https:\\\/\\\/thefortune.one\\\/pt\\\/#\\\/schema\\\/person\\\/6cd8fe72a627d36caabf41815984a16f\",\"name\":\"bianca\",\"image\":{\"@type\":\"ImageObject\",\"inLanguage\":\"pt-BR\",\"@id\":\"https:\\\/\\\/secure.gravatar.com\\\/avatar\\\/66cd7b00d93410555e00d1e6a911a86de0cd0cfa4f83a2f8b47eddc2968c98af?s=96&d=mm&r=g\",\"url\":\"https:\\\/\\\/secure.gravatar.com\\\/avatar\\\/66cd7b00d93410555e00d1e6a911a86de0cd0cfa4f83a2f8b47eddc2968c98af?s=96&d=mm&r=g\",\"contentUrl\":\"https:\\\/\\\/secure.gravatar.com\\\/avatar\\\/66cd7b00d93410555e00d1e6a911a86de0cd0cfa4f83a2f8b47eddc2968c98af?s=96&d=mm&r=g\",\"caption\":\"bianca\"},\"url\":\"https:\\\/\\\/thefortune.one\\\/pt\\\/author\\\/bianca\\\/\"}]}<\/script>\n<!-- \/ Yoast SEO plugin. -->","yoast_head_json":{"title":"Agenda do dia: IBGE publica IPCA de junho; Haddad se re\u00fane com Pacheco e Tebet - The Fortune.one","description":"Somos especialistas em gest\u00e3o patrimonial, op\u00e7\u00f5es de investimentos para diversos perfis, nosso diferencial \u00e9 comprovado com resultados.","robots":{"index":"index","follow":"follow","max-snippet":"max-snippet:-1","max-image-preview":"max-image-preview:large","max-video-preview":"max-video-preview:-1"},"canonical":"https:\/\/thefortune.one\/pt\/agenda-do-dia-ibge-publica-ipca-de-junho-haddad-se-reune-com-pacheco-e-tebet\/","og_locale":"pt_BR","og_type":"article","og_title":"Agenda do dia: IBGE publica IPCA de junho; Haddad se re\u00fane com Pacheco e Tebet - The Fortune.one","og_description":"Somos especialistas em gest\u00e3o patrimonial, op\u00e7\u00f5es de investimentos para diversos perfis, nosso diferencial \u00e9 comprovado com resultados.","og_url":"https:\/\/thefortune.one\/pt\/agenda-do-dia-ibge-publica-ipca-de-junho-haddad-se-reune-com-pacheco-e-tebet\/","og_site_name":"The Fortune.one","article_published_time":"2023-07-11T13:19:30+00:00","og_image":[{"width":984,"height":656,"url":"https:\/\/thefortune.one\/wp-content\/uploads\/2023\/07\/merrr.jpg","type":"image\/jpeg"}],"author":"bianca","twitter_card":"summary_large_image","twitter_misc":{"Escrito por":"bianca","Est. tempo de leitura":"5 minutos"},"schema":{"@context":"https:\/\/schema.org","@graph":[{"@type":"Article","@id":"https:\/\/thefortune.one\/pt\/agenda-do-dia-ibge-publica-ipca-de-junho-haddad-se-reune-com-pacheco-e-tebet\/#article","isPartOf":{"@id":"https:\/\/thefortune.one\/pt\/agenda-do-dia-ibge-publica-ipca-de-junho-haddad-se-reune-com-pacheco-e-tebet\/"},"author":{"name":"bianca","@id":"https:\/\/thefortune.one\/pt\/#\/schema\/person\/6cd8fe72a627d36caabf41815984a16f"},"headline":"Agenda do dia: IBGE publica IPCA de junho; Haddad se re\u00fane com Pacheco e Tebet","datePublished":"2023-07-11T13:19:30+00:00","mainEntityOfPage":{"@id":"https:\/\/thefortune.one\/pt\/agenda-do-dia-ibge-publica-ipca-de-junho-haddad-se-reune-com-pacheco-e-tebet\/"},"wordCount":1092,"commentCount":0,"publisher":{"@id":"https:\/\/thefortune.one\/pt\/#organization"},"image":{"@id":"https:\/\/thefortune.one\/pt\/agenda-do-dia-ibge-publica-ipca-de-junho-haddad-se-reune-com-pacheco-e-tebet\/#primaryimage"},"thumbnailUrl":"https:\/\/thefortune.one\/wp-content\/uploads\/2023\/07\/merrr.jpg","articleSection":["The Fortune.one"],"inLanguage":"pt-BR","potentialAction":[{"@type":"CommentAction","name":"Comment","target":["https:\/\/thefortune.one\/pt\/agenda-do-dia-ibge-publica-ipca-de-junho-haddad-se-reune-com-pacheco-e-tebet\/#respond"]}]},{"@type":"WebPage","@id":"https:\/\/thefortune.one\/pt\/agenda-do-dia-ibge-publica-ipca-de-junho-haddad-se-reune-com-pacheco-e-tebet\/","url":"https:\/\/thefortune.one\/pt\/agenda-do-dia-ibge-publica-ipca-de-junho-haddad-se-reune-com-pacheco-e-tebet\/","name":"Agenda do dia: IBGE publica IPCA de junho; Haddad se re\u00fane com Pacheco e Tebet - The Fortune.one","isPartOf":{"@id":"https:\/\/thefortune.one\/pt\/#website"},"primaryImageOfPage":{"@id":"https:\/\/thefortune.one\/pt\/agenda-do-dia-ibge-publica-ipca-de-junho-haddad-se-reune-com-pacheco-e-tebet\/#primaryimage"},"image":{"@id":"https:\/\/thefortune.one\/pt\/agenda-do-dia-ibge-publica-ipca-de-junho-haddad-se-reune-com-pacheco-e-tebet\/#primaryimage"},"thumbnailUrl":"https:\/\/thefortune.one\/wp-content\/uploads\/2023\/07\/merrr.jpg","datePublished":"2023-07-11T13:19:30+00:00","description":"Somos especialistas em gest\u00e3o patrimonial, op\u00e7\u00f5es de investimentos para diversos perfis, nosso diferencial \u00e9 comprovado com resultados.","breadcrumb":{"@id":"https:\/\/thefortune.one\/pt\/agenda-do-dia-ibge-publica-ipca-de-junho-haddad-se-reune-com-pacheco-e-tebet\/#breadcrumb"},"inLanguage":"pt-BR","potentialAction":[{"@type":"ReadAction","target":["https:\/\/thefortune.one\/pt\/agenda-do-dia-ibge-publica-ipca-de-junho-haddad-se-reune-com-pacheco-e-tebet\/"]}]},{"@type":"ImageObject","inLanguage":"pt-BR","@id":"https:\/\/thefortune.one\/pt\/agenda-do-dia-ibge-publica-ipca-de-junho-haddad-se-reune-com-pacheco-e-tebet\/#primaryimage","url":"https:\/\/thefortune.one\/wp-content\/uploads\/2023\/07\/merrr.jpg","contentUrl":"https:\/\/thefortune.one\/wp-content\/uploads\/2023\/07\/merrr.jpg","width":984,"height":656},{"@type":"BreadcrumbList","@id":"https:\/\/thefortune.one\/pt\/agenda-do-dia-ibge-publica-ipca-de-junho-haddad-se-reune-com-pacheco-e-tebet\/#breadcrumb","itemListElement":[{"@type":"ListItem","position":1,"name":"In\u00edcio","item":"https:\/\/thefortune.one\/pt\/"},{"@type":"ListItem","position":2,"name":"Agenda do dia: IBGE publica IPCA de junho; Haddad se re\u00fane com Pacheco e Tebet"}]},{"@type":"WebSite","@id":"https:\/\/thefortune.one\/pt\/#website","url":"https:\/\/thefortune.one\/pt\/","name":"The Fortune.one","description":"Gestora de Recursos Especializada em Private Equity","publisher":{"@id":"https:\/\/thefortune.one\/pt\/#organization"},"potentialAction":[{"@type":"SearchAction","target":{"@type":"EntryPoint","urlTemplate":"https:\/\/thefortune.one\/pt\/?s={search_term_string}"},"query-input":{"@type":"PropertyValueSpecification","valueRequired":true,"valueName":"search_term_string"}}],"inLanguage":"pt-BR"},{"@type":"Organization","@id":"https:\/\/thefortune.one\/pt\/#organization","name":"The Fortune One","url":"https:\/\/thefortune.one\/pt\/","logo":{"@type":"ImageObject","inLanguage":"pt-BR","@id":"https:\/\/thefortune.one\/pt\/#\/schema\/logo\/image\/","url":"https:\/\/thefortune.one\/wp-content\/uploads\/2022\/11\/cropped-cropped-1651682701199-1.jpg","contentUrl":"https:\/\/thefortune.one\/wp-content\/uploads\/2022\/11\/cropped-cropped-1651682701199-1.jpg","width":369,"height":421,"caption":"The Fortune One"},"image":{"@id":"https:\/\/thefortune.one\/pt\/#\/schema\/logo\/image\/"}},{"@type":"Person","@id":"https:\/\/thefortune.one\/pt\/#\/schema\/person\/6cd8fe72a627d36caabf41815984a16f","name":"bianca","image":{"@type":"ImageObject","inLanguage":"pt-BR","@id":"https:\/\/secure.gravatar.com\/avatar\/66cd7b00d93410555e00d1e6a911a86de0cd0cfa4f83a2f8b47eddc2968c98af?s=96&d=mm&r=g","url":"https:\/\/secure.gravatar.com\/avatar\/66cd7b00d93410555e00d1e6a911a86de0cd0cfa4f83a2f8b47eddc2968c98af?s=96&d=mm&r=g","contentUrl":"https:\/\/secure.gravatar.com\/avatar\/66cd7b00d93410555e00d1e6a911a86de0cd0cfa4f83a2f8b47eddc2968c98af?s=96&d=mm&r=g","caption":"bianca"},"url":"https:\/\/thefortune.one\/pt\/author\/bianca\/"}]}},"_links":{"self":[{"href":"https:\/\/thefortune.one\/pt\/wp-json\/wp\/v2\/posts\/3949","targetHints":{"allow":["GET"]}}],"collection":[{"href":"https:\/\/thefortune.one\/pt\/wp-json\/wp\/v2\/posts"}],"about":[{"href":"https:\/\/thefortune.one\/pt\/wp-json\/wp\/v2\/types\/post"}],"author":[{"embeddable":true,"href":"https:\/\/thefortune.one\/pt\/wp-json\/wp\/v2\/users\/3"}],"replies":[{"embeddable":true,"href":"https:\/\/thefortune.one\/pt\/wp-json\/wp\/v2\/comments?post=3949"}],"version-history":[{"count":1,"href":"https:\/\/thefortune.one\/pt\/wp-json\/wp\/v2\/posts\/3949\/revisions"}],"predecessor-version":[{"id":3951,"href":"https:\/\/thefortune.one\/pt\/wp-json\/wp\/v2\/posts\/3949\/revisions\/3951"}],"wp:featuredmedia":[{"embeddable":true,"href":"https:\/\/thefortune.one\/pt\/wp-json\/wp\/v2\/media\/3950"}],"wp:attachment":[{"href":"https:\/\/thefortune.one\/pt\/wp-json\/wp\/v2\/media?parent=3949"}],"wp:term":[{"taxonomy":"category","embeddable":true,"href":"https:\/\/thefortune.one\/pt\/wp-json\/wp\/v2\/categories?post=3949"},{"taxonomy":"post_tag","embeddable":true,"href":"https:\/\/thefortune.one\/pt\/wp-json\/wp\/v2\/tags?post=3949"}],"curies":[{"name":"wp","href":"https:\/\/api.w.org\/{rel}","templated":true}]}}