{"id":3934,"date":"2023-07-06T13:01:59","date_gmt":"2023-07-06T13:01:59","guid":{"rendered":"https:\/\/thefortune.one\/?p=3934"},"modified":"2023-07-06T13:01:59","modified_gmt":"2023-07-06T13:01:59","slug":"fed-reforca-tom-duro-em-ata-e-pressiona-juros-globais","status":"publish","type":"post","link":"https:\/\/thefortune.one\/pt\/fed-reforca-tom-duro-em-ata-e-pressiona-juros-globais\/","title":{"rendered":"Fed refor\u00e7a tom duro em ata e pressiona juros globais"},"content":{"rendered":"<p>\u2018Alguns\u2019 dirigentes do BC eram favor\u00e1veis \u00e0 alta das taxas em junho, em reuni\u00e3o marcada pela pausa no ciclo de aperto<\/p>\n\n\n\n<figure class=\"wp-block-image size-large\"><img fetchpriority=\"high\" decoding=\"async\" width=\"693\" height=\"1024\" src=\"https:\/\/thefortune.one\/wp-content\/uploads\/2023\/07\/fed-693x1024.jpg\" alt=\"\" class=\"wp-image-3935\" srcset=\"https:\/\/thefortune.one\/wp-content\/uploads\/2023\/07\/fed-693x1024.jpg 693w, https:\/\/thefortune.one\/wp-content\/uploads\/2023\/07\/fed-203x300.jpg 203w, https:\/\/thefortune.one\/wp-content\/uploads\/2023\/07\/fed-768x1136.jpg 768w, https:\/\/thefortune.one\/wp-content\/uploads\/2023\/07\/fed-8x12.jpg 8w, https:\/\/thefortune.one\/wp-content\/uploads\/2023\/07\/fed.jpg 984w\" sizes=\"(max-width: 693px) 100vw, 693px\" \/><\/figure>\n\n\n\n<p>A ata da decis\u00e3o de pol\u00edtica monet\u00e1ria de junho do Federal Reserve (Fed) escancarou uma divis\u00e3o entre os dirigentes do banco central dos EUA sobre a condu\u00e7\u00e3o dos juros \u00e0 frente. Embora o comit\u00ea tenha mantido as taxas paradas no intervalo entre 5% e 5,25% no m\u00eas passado, \u201calguns\u201d dirigentes foram favor\u00e1veis a um aumento nos juros. O mercado continua a se preparar para um movimento adicional de aperto nas pr\u00f3ximas semanas, mas, diante de uma atividade resiliente e da vis\u00e3o do Fed de que a infla\u00e7\u00e3o est\u00e1 \u201cinaceitavelmente alta\u201d, os juros americanos de longo prazo dispararam e voltaram a se aproximar de 4%.<\/p>\n\n\n\n<p>Dados do CME Group apontam que, ap\u00f3s a divulga\u00e7\u00e3o da ata, a probabilidade de eleva\u00e7\u00e3o de 0,25 ponto percentual nos juros neste m\u00eas estava em 88,7%, contra 11,3% de chance de manuten\u00e7\u00e3o das taxas na pr\u00f3xima reuni\u00e3o. Para a reuni\u00e3o de setembro, por\u00e9m, o mercado continua a embutir nos pre\u00e7os dos ativos chance majorit\u00e1ria de taxas paradas entre 5,25% e 5,5%.<\/p>\n\n\n\n<p>No mercado de Treasuries, a ata deu impulso adicional aos rendimentos. No fim do dia, a taxa da T-note de dois anos subiu de 4,925% para 4,955%, enquanto o retorno da T-note de dez anos avan\u00e7ou de 3,859% para 3,937%.<\/p>\n\n\n\n<p>Ata soou notavelmente semelhante \u00e0 ret\u00f3rica agressiva de Powell\u201d<br>\u2014 John Briggs<\/p>\n\n\n\n<p>De acordo com a ata da decis\u00e3o, \u201calguns participantes indicaram ser favor\u00e1veis a um aumento dos juros em 0,25 ponto nesta reuni\u00e3o ou que poderiam ter apoiado essa proposta\u201d. O documento, assim, mostra uma divis\u00e3o no comit\u00ea na medida em que o fim do ciclo de aperto dos juros pode estar pr\u00f3ximo. A ata mostra, nesse sentido, que alguns dirigentes mais conservadores teriam argumentado que o mercado de trabalho continua bastante aquecido e que h\u00e1 poucos sinais claros de que a infla\u00e7\u00e3o caminha em dire\u00e7\u00e3o \u00e0 meta de 2%.<\/p>\n\n\n\n<p>Nesse sentido, a ata mostrou, ainda, que, diante das incertezas relacionadas \u00e0s perspectivas econ\u00f4micas e do efeito defasado da pol\u00edtica monet\u00e1ria, \u201cmuitos\u201d dirigentes defenderam \u201cmodera\u00e7\u00e3o\u201d no ritmo de eleva\u00e7\u00e3o dos juros.<\/p>\n\n\n\n<p>\u201cA ata soou notavelmente semelhante \u00e0 ret\u00f3rica agressiva do presidente do Fed, Jerome Powell, em suas \u00faltimas declara\u00e7\u00f5es &#8211; uma pausa em junho foi necess\u00e1ria (e praticamente un\u00e2nime), mas a pol\u00edtica monet\u00e1ria est\u00e1 mais dependente do que nunca dos dados neste momento\u201d, afirma o chefe global de economia e estrat\u00e9gia de mercados do banco brit\u00e2nico NatWest, john Briggs.<\/p>\n\n\n\n<figure class=\"wp-block-image size-full\"><img decoding=\"async\" width=\"1000\" height=\"642\" src=\"https:\/\/thefortune.one\/wp-content\/uploads\/2023\/07\/image-1.png\" alt=\"\" class=\"wp-image-3936\" srcset=\"https:\/\/thefortune.one\/wp-content\/uploads\/2023\/07\/image-1.png 1000w, https:\/\/thefortune.one\/wp-content\/uploads\/2023\/07\/image-1-300x193.png 300w, https:\/\/thefortune.one\/wp-content\/uploads\/2023\/07\/image-1-768x493.png 768w, https:\/\/thefortune.one\/wp-content\/uploads\/2023\/07\/image-1-18x12.png 18w\" sizes=\"(max-width: 1000px) 100vw, 1000px\" \/><\/figure>\n\n\n\n<p>Ele, inclusive, avalia que a mensagem do Fed n\u00e3o \u00e9 \u201ccompletamente alinhada\u201d. \u201cSe voc\u00ea est\u00e1 esperando pelos dados e precisa de tempo para ver como as altas anteriores nos juros repercutiram na economia e acha que uma pausa \u00e9 uma boa ideia, por que falar incansavelmente que h\u00e1 mais a fazer, que a infla\u00e7\u00e3o est\u00e1 muito alta e o mercado de trabalho muito apertado?&#8221;.questiona o estrategista.<\/p>\n\n\n\n<p>Briggs nota, em relat\u00f3rio enviado a clientes, que os juros de longo prazo foram os principais afetados pela ret\u00f3rica mais dura do Fed, com a taxa de dez anos j\u00e1 pr\u00f3xima de 4%, ao mesmo tempo em que os juros de curto prazo tamb\u00e9m subiram, mas em ritmo bem mais contido. \u201cFaz mais sentido agora esperar os dados principais\u201d, afirma.<\/p>\n\n\n\n<p>O tom mais conservador emitido pela ata fez, ainda, com que as bolsas em Nova York terminassem o dia em queda. Em Wall Street, o \u00edndice Dow Jones recuou 0,38%, enquanto o S&amp;P 500 perdeu 0,20%. J\u00e1 o \u00edndice eletr\u00f4nico Nasdaq terminou a sess\u00e3o em queda de 0,18%.<\/p>\n\n\n\n<p>Cabe notar, ainda, que o tom duro do Fed e a mensagem de que os juros permanecer\u00e3o elevados promoveu uma corre\u00e7\u00e3o no mercado de Treasuries, j\u00e1 que as taxas de longo prazo foram mais pressionadas do que as curtas. Mesmo assim, a \u201cinvers\u00e3o da curva\u201d, fen\u00f4meno que costuma preceder recess\u00f5es e que se caracteriza com juros de curto prazo mais altos que os longos, se mant\u00e9m expressiva. A diferen\u00e7a entre as taxas de dez anos e as de dois anos nos EUA est\u00e1 negativa em mais de 1 ponto &#8211; a invers\u00e3o mais intensa em 40 anos, o que emite alerta sobre o desempenho futuro da economia americana.<\/p>\n\n\n\n<p>Na avalia\u00e7\u00e3o do gestor Filippe Santa F\u00e9, da ASA Investments, na medida em que a infla\u00e7\u00e3o corrente segue com dificuldades de entregar o progresso esperado pelos bancos centrais, os juros de curto prazo tendem a ficar mais pressionados. Assim, com o tom duro do Fed e de outros bancos centrais, o mercado \u201ccontinua reprecificando os ciclos de alta no curto prazo&#8217;.<\/p>\n\n\n\n<p>Com os juros em n\u00edvel elevado nos EUA, os mercados embutem nos pre\u00e7os desacelera\u00e7\u00e3o da economia \u00e0 frente. \u201cO que \u00e9 dif\u00edcil \u00e9 saber em quanto tempo exatamente isso vai acontecer\u201d, diz Bernard Tamler, gestor de mercados internacionais da Gap Asset. \u201cA curva de juros americana s\u00f3 vai voltar a ficar positivamente inclinada, ou seja, com os juros de dez anos acima das taxas de dois anos, quando o Fed come\u00e7ar a cortar os juros ou se o mercado antecipar de uma forma mais contundente cortes de juros.\u201d<\/p>\n\n\n\n<p>Nesse sentido, Santa F\u00e9, da ASA Investments, nota que os mercados devem continuar a monitorar de perto os dados de atividade, que j\u00e1 n\u00e3o t\u00eam agradado os investidores. O mercado \u201csegue ainda bastante preocupado com indicadores de atividade de maneira geral, j\u00e1 que China e Europa est\u00e3o surpreendendo negativamente\u201d.<\/p>\n\n\n\n<p>J\u00e1 nos EUA, a resili\u00eancia da economia tem surpreendido at\u00e9 mesmo o banco central. Na ata, a equipe de economistas do Fed ainda espera por uma recess\u00e3o leve &#8211; diferente da proje\u00e7\u00e3o de crescimento mais lento dos dirigentes do Fed -, mas ressalta que a possibilidade de se evitar uma recess\u00e3o \u00e9 \u201cquase t\u00e3o prov\u00e1vel quanto o cen\u00e1rio-base\u201d.<\/p>\n\n\n\n<p>Fonte:https:\/\/valor.globo.com\/financas\/noticia\/2023\/07\/06\/fed-reforca-tom-duro-em-ata-e-pressiona-juros-globais.ghtml<\/p>\n\n\n\n<p><\/p>\n\n\n\n<p><\/p>\n\n\n\n<p><\/p>\n\n\n\n<p><\/p>\n\n\n\n<p><\/p>\n\n\n\n<p><\/p>\n\n\n\n<p><\/p>\n\n\n\n<p><\/p>\n\n\n\n<p><\/p>\n\n\n\n<p><\/p>\n\n\n\n<p><\/p>","protected":false},"excerpt":{"rendered":"<p>\u2018Alguns\u2019 dirigentes do BC eram favor\u00e1veis \u00e0 alta das taxas em junho, em reuni\u00e3o marcada pela pausa no ciclo de aperto A ata da decis\u00e3o de pol\u00edtica monet\u00e1ria de junho do Federal Reserve (Fed) escancarou uma divis\u00e3o entre os dirigentes do banco central dos EUA sobre a condu\u00e7\u00e3o dos juros \u00e0 frente. Embora o comit\u00ea [&hellip;]<\/p>\n","protected":false},"author":3,"featured_media":3937,"comment_status":"open","ping_status":"open","sticky":false,"template":"","format":"standard","meta":{"_joinchat":[],"footnotes":""},"categories":[1],"tags":[],"class_list":["post-3934","post","type-post","status-publish","format-standard","has-post-thumbnail","hentry","category-the-fortune-one"],"yoast_head":"<!-- This site is optimized with the Yoast SEO plugin v27.5 - https:\/\/yoast.com\/product\/yoast-seo-wordpress\/ -->\n<title>Fed refor\u00e7a tom duro em ata e pressiona juros globais - The Fortune.one<\/title>\n<meta name=\"description\" content=\"Somos especialistas em gest\u00e3o patrimonial, op\u00e7\u00f5es de investimentos para diversos perfis, nosso diferencial \u00e9 comprovado com resultados.\" \/>\n<meta name=\"robots\" content=\"index, follow, max-snippet:-1, max-image-preview:large, max-video-preview:-1\" \/>\n<link rel=\"canonical\" href=\"https:\/\/thefortune.one\/pt\/fed-reforca-tom-duro-em-ata-e-pressiona-juros-globais\/\" \/>\n<meta property=\"og:locale\" content=\"pt_BR\" \/>\n<meta property=\"og:type\" content=\"article\" \/>\n<meta property=\"og:title\" content=\"Fed refor\u00e7a tom duro em ata e pressiona juros globais - The Fortune.one\" \/>\n<meta property=\"og:description\" content=\"Somos especialistas em gest\u00e3o patrimonial, op\u00e7\u00f5es de investimentos para diversos perfis, nosso diferencial \u00e9 comprovado com resultados.\" \/>\n<meta property=\"og:url\" content=\"https:\/\/thefortune.one\/pt\/fed-reforca-tom-duro-em-ata-e-pressiona-juros-globais\/\" \/>\n<meta property=\"og:site_name\" content=\"The Fortune.one\" \/>\n<meta property=\"article:published_time\" content=\"2023-07-06T13:01:59+00:00\" \/>\n<meta property=\"og:image\" content=\"https:\/\/thefortune.one\/wp-content\/uploads\/2023\/07\/fed-1.jpg\" \/>\n\t<meta property=\"og:image:width\" content=\"984\" \/>\n\t<meta property=\"og:image:height\" content=\"1455\" \/>\n\t<meta property=\"og:image:type\" content=\"image\/jpeg\" \/>\n<meta name=\"author\" content=\"bianca\" \/>\n<meta name=\"twitter:card\" content=\"summary_large_image\" \/>\n<meta name=\"twitter:label1\" content=\"Escrito por\" \/>\n\t<meta name=\"twitter:data1\" content=\"bianca\" \/>\n\t<meta name=\"twitter:label2\" content=\"Est. tempo de leitura\" \/>\n\t<meta name=\"twitter:data2\" content=\"5 minutos\" \/>\n<script type=\"application\/ld+json\" class=\"yoast-schema-graph\">{\"@context\":\"https:\\\/\\\/schema.org\",\"@graph\":[{\"@type\":\"Article\",\"@id\":\"https:\\\/\\\/thefortune.one\\\/pt\\\/fed-reforca-tom-duro-em-ata-e-pressiona-juros-globais\\\/#article\",\"isPartOf\":{\"@id\":\"https:\\\/\\\/thefortune.one\\\/pt\\\/fed-reforca-tom-duro-em-ata-e-pressiona-juros-globais\\\/\"},\"author\":{\"name\":\"bianca\",\"@id\":\"https:\\\/\\\/thefortune.one\\\/pt\\\/#\\\/schema\\\/person\\\/6cd8fe72a627d36caabf41815984a16f\"},\"headline\":\"Fed refor\u00e7a tom duro em ata e pressiona juros globais\",\"datePublished\":\"2023-07-06T13:01:59+00:00\",\"mainEntityOfPage\":{\"@id\":\"https:\\\/\\\/thefortune.one\\\/pt\\\/fed-reforca-tom-duro-em-ata-e-pressiona-juros-globais\\\/\"},\"wordCount\":1022,\"commentCount\":0,\"publisher\":{\"@id\":\"https:\\\/\\\/thefortune.one\\\/pt\\\/#organization\"},\"image\":{\"@id\":\"https:\\\/\\\/thefortune.one\\\/pt\\\/fed-reforca-tom-duro-em-ata-e-pressiona-juros-globais\\\/#primaryimage\"},\"thumbnailUrl\":\"https:\\\/\\\/thefortune.one\\\/wp-content\\\/uploads\\\/2023\\\/07\\\/fed-1.jpg\",\"articleSection\":[\"The Fortune.one\"],\"inLanguage\":\"pt-BR\",\"potentialAction\":[{\"@type\":\"CommentAction\",\"name\":\"Comment\",\"target\":[\"https:\\\/\\\/thefortune.one\\\/pt\\\/fed-reforca-tom-duro-em-ata-e-pressiona-juros-globais\\\/#respond\"]}]},{\"@type\":\"WebPage\",\"@id\":\"https:\\\/\\\/thefortune.one\\\/pt\\\/fed-reforca-tom-duro-em-ata-e-pressiona-juros-globais\\\/\",\"url\":\"https:\\\/\\\/thefortune.one\\\/pt\\\/fed-reforca-tom-duro-em-ata-e-pressiona-juros-globais\\\/\",\"name\":\"Fed refor\u00e7a tom duro em ata e pressiona juros globais - The Fortune.one\",\"isPartOf\":{\"@id\":\"https:\\\/\\\/thefortune.one\\\/pt\\\/#website\"},\"primaryImageOfPage\":{\"@id\":\"https:\\\/\\\/thefortune.one\\\/pt\\\/fed-reforca-tom-duro-em-ata-e-pressiona-juros-globais\\\/#primaryimage\"},\"image\":{\"@id\":\"https:\\\/\\\/thefortune.one\\\/pt\\\/fed-reforca-tom-duro-em-ata-e-pressiona-juros-globais\\\/#primaryimage\"},\"thumbnailUrl\":\"https:\\\/\\\/thefortune.one\\\/wp-content\\\/uploads\\\/2023\\\/07\\\/fed-1.jpg\",\"datePublished\":\"2023-07-06T13:01:59+00:00\",\"description\":\"Somos especialistas em gest\u00e3o patrimonial, op\u00e7\u00f5es de investimentos para diversos perfis, nosso diferencial \u00e9 comprovado com resultados.\",\"breadcrumb\":{\"@id\":\"https:\\\/\\\/thefortune.one\\\/pt\\\/fed-reforca-tom-duro-em-ata-e-pressiona-juros-globais\\\/#breadcrumb\"},\"inLanguage\":\"pt-BR\",\"potentialAction\":[{\"@type\":\"ReadAction\",\"target\":[\"https:\\\/\\\/thefortune.one\\\/pt\\\/fed-reforca-tom-duro-em-ata-e-pressiona-juros-globais\\\/\"]}]},{\"@type\":\"ImageObject\",\"inLanguage\":\"pt-BR\",\"@id\":\"https:\\\/\\\/thefortune.one\\\/pt\\\/fed-reforca-tom-duro-em-ata-e-pressiona-juros-globais\\\/#primaryimage\",\"url\":\"https:\\\/\\\/thefortune.one\\\/wp-content\\\/uploads\\\/2023\\\/07\\\/fed-1.jpg\",\"contentUrl\":\"https:\\\/\\\/thefortune.one\\\/wp-content\\\/uploads\\\/2023\\\/07\\\/fed-1.jpg\",\"width\":984,\"height\":1455},{\"@type\":\"BreadcrumbList\",\"@id\":\"https:\\\/\\\/thefortune.one\\\/pt\\\/fed-reforca-tom-duro-em-ata-e-pressiona-juros-globais\\\/#breadcrumb\",\"itemListElement\":[{\"@type\":\"ListItem\",\"position\":1,\"name\":\"In\u00edcio\",\"item\":\"https:\\\/\\\/thefortune.one\\\/pt\\\/\"},{\"@type\":\"ListItem\",\"position\":2,\"name\":\"Fed refor\u00e7a tom duro em ata e pressiona juros globais\"}]},{\"@type\":\"WebSite\",\"@id\":\"https:\\\/\\\/thefortune.one\\\/pt\\\/#website\",\"url\":\"https:\\\/\\\/thefortune.one\\\/pt\\\/\",\"name\":\"The Fortune.one\",\"description\":\"Gestora de Recursos Especializada em Private Equity\",\"publisher\":{\"@id\":\"https:\\\/\\\/thefortune.one\\\/pt\\\/#organization\"},\"potentialAction\":[{\"@type\":\"SearchAction\",\"target\":{\"@type\":\"EntryPoint\",\"urlTemplate\":\"https:\\\/\\\/thefortune.one\\\/pt\\\/?s={search_term_string}\"},\"query-input\":{\"@type\":\"PropertyValueSpecification\",\"valueRequired\":true,\"valueName\":\"search_term_string\"}}],\"inLanguage\":\"pt-BR\"},{\"@type\":\"Organization\",\"@id\":\"https:\\\/\\\/thefortune.one\\\/pt\\\/#organization\",\"name\":\"The Fortune One\",\"url\":\"https:\\\/\\\/thefortune.one\\\/pt\\\/\",\"logo\":{\"@type\":\"ImageObject\",\"inLanguage\":\"pt-BR\",\"@id\":\"https:\\\/\\\/thefortune.one\\\/pt\\\/#\\\/schema\\\/logo\\\/image\\\/\",\"url\":\"https:\\\/\\\/thefortune.one\\\/wp-content\\\/uploads\\\/2022\\\/11\\\/cropped-cropped-1651682701199-1.jpg\",\"contentUrl\":\"https:\\\/\\\/thefortune.one\\\/wp-content\\\/uploads\\\/2022\\\/11\\\/cropped-cropped-1651682701199-1.jpg\",\"width\":369,\"height\":421,\"caption\":\"The Fortune One\"},\"image\":{\"@id\":\"https:\\\/\\\/thefortune.one\\\/pt\\\/#\\\/schema\\\/logo\\\/image\\\/\"}},{\"@type\":\"Person\",\"@id\":\"https:\\\/\\\/thefortune.one\\\/pt\\\/#\\\/schema\\\/person\\\/6cd8fe72a627d36caabf41815984a16f\",\"name\":\"bianca\",\"image\":{\"@type\":\"ImageObject\",\"inLanguage\":\"pt-BR\",\"@id\":\"https:\\\/\\\/secure.gravatar.com\\\/avatar\\\/66cd7b00d93410555e00d1e6a911a86de0cd0cfa4f83a2f8b47eddc2968c98af?s=96&d=mm&r=g\",\"url\":\"https:\\\/\\\/secure.gravatar.com\\\/avatar\\\/66cd7b00d93410555e00d1e6a911a86de0cd0cfa4f83a2f8b47eddc2968c98af?s=96&d=mm&r=g\",\"contentUrl\":\"https:\\\/\\\/secure.gravatar.com\\\/avatar\\\/66cd7b00d93410555e00d1e6a911a86de0cd0cfa4f83a2f8b47eddc2968c98af?s=96&d=mm&r=g\",\"caption\":\"bianca\"},\"url\":\"https:\\\/\\\/thefortune.one\\\/pt\\\/author\\\/bianca\\\/\"}]}<\/script>\n<!-- \/ Yoast SEO plugin. -->","yoast_head_json":{"title":"Fed refor\u00e7a tom duro em ata e pressiona juros globais - The Fortune.one","description":"Somos especialistas em gest\u00e3o patrimonial, op\u00e7\u00f5es de investimentos para diversos perfis, nosso diferencial \u00e9 comprovado com resultados.","robots":{"index":"index","follow":"follow","max-snippet":"max-snippet:-1","max-image-preview":"max-image-preview:large","max-video-preview":"max-video-preview:-1"},"canonical":"https:\/\/thefortune.one\/pt\/fed-reforca-tom-duro-em-ata-e-pressiona-juros-globais\/","og_locale":"pt_BR","og_type":"article","og_title":"Fed refor\u00e7a tom duro em ata e pressiona juros globais - The Fortune.one","og_description":"Somos especialistas em gest\u00e3o patrimonial, op\u00e7\u00f5es de investimentos para diversos perfis, nosso diferencial \u00e9 comprovado com resultados.","og_url":"https:\/\/thefortune.one\/pt\/fed-reforca-tom-duro-em-ata-e-pressiona-juros-globais\/","og_site_name":"The Fortune.one","article_published_time":"2023-07-06T13:01:59+00:00","og_image":[{"width":984,"height":1455,"url":"https:\/\/thefortune.one\/wp-content\/uploads\/2023\/07\/fed-1.jpg","type":"image\/jpeg"}],"author":"bianca","twitter_card":"summary_large_image","twitter_misc":{"Escrito por":"bianca","Est. tempo de leitura":"5 minutos"},"schema":{"@context":"https:\/\/schema.org","@graph":[{"@type":"Article","@id":"https:\/\/thefortune.one\/pt\/fed-reforca-tom-duro-em-ata-e-pressiona-juros-globais\/#article","isPartOf":{"@id":"https:\/\/thefortune.one\/pt\/fed-reforca-tom-duro-em-ata-e-pressiona-juros-globais\/"},"author":{"name":"bianca","@id":"https:\/\/thefortune.one\/pt\/#\/schema\/person\/6cd8fe72a627d36caabf41815984a16f"},"headline":"Fed refor\u00e7a tom duro em ata e pressiona juros globais","datePublished":"2023-07-06T13:01:59+00:00","mainEntityOfPage":{"@id":"https:\/\/thefortune.one\/pt\/fed-reforca-tom-duro-em-ata-e-pressiona-juros-globais\/"},"wordCount":1022,"commentCount":0,"publisher":{"@id":"https:\/\/thefortune.one\/pt\/#organization"},"image":{"@id":"https:\/\/thefortune.one\/pt\/fed-reforca-tom-duro-em-ata-e-pressiona-juros-globais\/#primaryimage"},"thumbnailUrl":"https:\/\/thefortune.one\/wp-content\/uploads\/2023\/07\/fed-1.jpg","articleSection":["The Fortune.one"],"inLanguage":"pt-BR","potentialAction":[{"@type":"CommentAction","name":"Comment","target":["https:\/\/thefortune.one\/pt\/fed-reforca-tom-duro-em-ata-e-pressiona-juros-globais\/#respond"]}]},{"@type":"WebPage","@id":"https:\/\/thefortune.one\/pt\/fed-reforca-tom-duro-em-ata-e-pressiona-juros-globais\/","url":"https:\/\/thefortune.one\/pt\/fed-reforca-tom-duro-em-ata-e-pressiona-juros-globais\/","name":"Fed refor\u00e7a tom duro em ata e pressiona juros globais - The Fortune.one","isPartOf":{"@id":"https:\/\/thefortune.one\/pt\/#website"},"primaryImageOfPage":{"@id":"https:\/\/thefortune.one\/pt\/fed-reforca-tom-duro-em-ata-e-pressiona-juros-globais\/#primaryimage"},"image":{"@id":"https:\/\/thefortune.one\/pt\/fed-reforca-tom-duro-em-ata-e-pressiona-juros-globais\/#primaryimage"},"thumbnailUrl":"https:\/\/thefortune.one\/wp-content\/uploads\/2023\/07\/fed-1.jpg","datePublished":"2023-07-06T13:01:59+00:00","description":"Somos especialistas em gest\u00e3o patrimonial, op\u00e7\u00f5es de investimentos para diversos perfis, nosso diferencial \u00e9 comprovado com resultados.","breadcrumb":{"@id":"https:\/\/thefortune.one\/pt\/fed-reforca-tom-duro-em-ata-e-pressiona-juros-globais\/#breadcrumb"},"inLanguage":"pt-BR","potentialAction":[{"@type":"ReadAction","target":["https:\/\/thefortune.one\/pt\/fed-reforca-tom-duro-em-ata-e-pressiona-juros-globais\/"]}]},{"@type":"ImageObject","inLanguage":"pt-BR","@id":"https:\/\/thefortune.one\/pt\/fed-reforca-tom-duro-em-ata-e-pressiona-juros-globais\/#primaryimage","url":"https:\/\/thefortune.one\/wp-content\/uploads\/2023\/07\/fed-1.jpg","contentUrl":"https:\/\/thefortune.one\/wp-content\/uploads\/2023\/07\/fed-1.jpg","width":984,"height":1455},{"@type":"BreadcrumbList","@id":"https:\/\/thefortune.one\/pt\/fed-reforca-tom-duro-em-ata-e-pressiona-juros-globais\/#breadcrumb","itemListElement":[{"@type":"ListItem","position":1,"name":"In\u00edcio","item":"https:\/\/thefortune.one\/pt\/"},{"@type":"ListItem","position":2,"name":"Fed refor\u00e7a tom duro em ata e pressiona juros globais"}]},{"@type":"WebSite","@id":"https:\/\/thefortune.one\/pt\/#website","url":"https:\/\/thefortune.one\/pt\/","name":"The Fortune.one","description":"Gestora de Recursos Especializada em Private Equity","publisher":{"@id":"https:\/\/thefortune.one\/pt\/#organization"},"potentialAction":[{"@type":"SearchAction","target":{"@type":"EntryPoint","urlTemplate":"https:\/\/thefortune.one\/pt\/?s={search_term_string}"},"query-input":{"@type":"PropertyValueSpecification","valueRequired":true,"valueName":"search_term_string"}}],"inLanguage":"pt-BR"},{"@type":"Organization","@id":"https:\/\/thefortune.one\/pt\/#organization","name":"The Fortune One","url":"https:\/\/thefortune.one\/pt\/","logo":{"@type":"ImageObject","inLanguage":"pt-BR","@id":"https:\/\/thefortune.one\/pt\/#\/schema\/logo\/image\/","url":"https:\/\/thefortune.one\/wp-content\/uploads\/2022\/11\/cropped-cropped-1651682701199-1.jpg","contentUrl":"https:\/\/thefortune.one\/wp-content\/uploads\/2022\/11\/cropped-cropped-1651682701199-1.jpg","width":369,"height":421,"caption":"The Fortune One"},"image":{"@id":"https:\/\/thefortune.one\/pt\/#\/schema\/logo\/image\/"}},{"@type":"Person","@id":"https:\/\/thefortune.one\/pt\/#\/schema\/person\/6cd8fe72a627d36caabf41815984a16f","name":"bianca","image":{"@type":"ImageObject","inLanguage":"pt-BR","@id":"https:\/\/secure.gravatar.com\/avatar\/66cd7b00d93410555e00d1e6a911a86de0cd0cfa4f83a2f8b47eddc2968c98af?s=96&d=mm&r=g","url":"https:\/\/secure.gravatar.com\/avatar\/66cd7b00d93410555e00d1e6a911a86de0cd0cfa4f83a2f8b47eddc2968c98af?s=96&d=mm&r=g","contentUrl":"https:\/\/secure.gravatar.com\/avatar\/66cd7b00d93410555e00d1e6a911a86de0cd0cfa4f83a2f8b47eddc2968c98af?s=96&d=mm&r=g","caption":"bianca"},"url":"https:\/\/thefortune.one\/pt\/author\/bianca\/"}]}},"_links":{"self":[{"href":"https:\/\/thefortune.one\/pt\/wp-json\/wp\/v2\/posts\/3934","targetHints":{"allow":["GET"]}}],"collection":[{"href":"https:\/\/thefortune.one\/pt\/wp-json\/wp\/v2\/posts"}],"about":[{"href":"https:\/\/thefortune.one\/pt\/wp-json\/wp\/v2\/types\/post"}],"author":[{"embeddable":true,"href":"https:\/\/thefortune.one\/pt\/wp-json\/wp\/v2\/users\/3"}],"replies":[{"embeddable":true,"href":"https:\/\/thefortune.one\/pt\/wp-json\/wp\/v2\/comments?post=3934"}],"version-history":[{"count":1,"href":"https:\/\/thefortune.one\/pt\/wp-json\/wp\/v2\/posts\/3934\/revisions"}],"predecessor-version":[{"id":3938,"href":"https:\/\/thefortune.one\/pt\/wp-json\/wp\/v2\/posts\/3934\/revisions\/3938"}],"wp:featuredmedia":[{"embeddable":true,"href":"https:\/\/thefortune.one\/pt\/wp-json\/wp\/v2\/media\/3937"}],"wp:attachment":[{"href":"https:\/\/thefortune.one\/pt\/wp-json\/wp\/v2\/media?parent=3934"}],"wp:term":[{"taxonomy":"category","embeddable":true,"href":"https:\/\/thefortune.one\/pt\/wp-json\/wp\/v2\/categories?post=3934"},{"taxonomy":"post_tag","embeddable":true,"href":"https:\/\/thefortune.one\/pt\/wp-json\/wp\/v2\/tags?post=3934"}],"curies":[{"name":"wp","href":"https:\/\/api.w.org\/{rel}","templated":true}]}}