{"id":3913,"date":"2023-06-29T12:59:25","date_gmt":"2023-06-29T12:59:25","guid":{"rendered":"https:\/\/thefortune.one\/?p=3913"},"modified":"2023-06-29T12:59:25","modified_gmt":"2023-06-29T12:59:25","slug":"meta-de-inflacao-haddad-descarta-mudar-meta-de-2024-mas-defende-prazos-maiores","status":"publish","type":"post","link":"https:\/\/thefortune.one\/pt\/meta-de-inflacao-haddad-descarta-mudar-meta-de-2024-mas-defende-prazos-maiores\/","title":{"rendered":"Meta de infla\u00e7\u00e3o: Haddad descarta mudar meta de 2024, mas defende prazos maiores"},"content":{"rendered":"\n<figure class=\"wp-block-image\" id=\"attachment_887355\"><img decoding=\"async\" src=\"https:\/\/media.moneytimes.com.br\/uploads\/2023\/05\/fernando-haddad-1.jpg\" alt=\"Fernando Haddad, Minist\u00e9rio da Fazenda meta infla\u00e7\u00e3o cmn banco central bc selic juros miriam leit\u00e3o globonews entrevista\" class=\"wp-image-887355\" \/><figcaption class=\"wp-element-caption\">Tempo ao tempo: para Haddad, cumprir meta de infla\u00e7\u00e3o dentro do ano-calend\u00e1rio cria \u201cpress\u00e3o desnecess\u00e1ria\u201d (Imagem: Minist\u00e9rio da Fazenda\/ Diogo Zacarias)<\/figcaption><\/figure>\n\n\n\n<p>O ministro da&nbsp;<strong><a href=\"https:\/\/www.moneytimes.com.br\/tag\/ministerio-da-fazenda\/\">Fazenda<\/a><\/strong>,&nbsp;<strong><a href=\"https:\/\/www.moneytimes.com.br\/tag\/fernando-haddad\/\">Fernando Haddad<\/a><\/strong>, descartou uma mudan\u00e7a na&nbsp;<strong>meta de infla\u00e7\u00e3o<\/strong>&nbsp;de 2024, na reuni\u00e3o do&nbsp;<strong><a href=\"https:\/\/www.moneytimes.com.br\/tag\/cmn\/\">CMN<\/a><\/strong>&nbsp;(<strong>Conselho Monet\u00e1rio Nacional<\/strong>) programada para esta quinta-feira (28). \u201c[A meta do] Ano que vem j\u00e1 est\u00e1 definido. Isso n\u00e3o vai mudar. Estamos discutindo o futuro\u201d, afirmou Haddad \u00e0 jornalista Miriam Leit\u00e3o, em entrevista veiculada pela&nbsp;<em>GloboNews<\/em>.<\/p>\n\n\n\n<p>A atual meta de infla\u00e7\u00e3o de 2024 \u00e9 de 3%, com margem de toler\u00e2ncia de 1,5 ponto percentual para mais ou para menos, o que significa que a faixa se estende de 1,5% a 4,5%. A declara\u00e7\u00e3o de Haddad contraria a press\u00e3o do pr\u00f3prio presidente&nbsp;<strong><a href=\"https:\/\/www.moneytimes.com.br\/tag\/lula\/\">Luiz In\u00e1cio Lula da Silva<\/a><\/strong>&nbsp;e de seu partido, o&nbsp;<strong>PT<\/strong>, para revisar as metas, consideradas muito baixas para o atual cen\u00e1rio econ\u00f4mico do Brasil e do mundo.<\/p>\n\n\n\n<p>Desde o in\u00edcio de seu terceiro mandato, Lula criticou publicamente as atuais metas e cobrou sua revis\u00e3o. \u201cSe a meta est\u00e1 errada, muda-se a meta\u201d, disse&nbsp;<strong><a href=\"https:\/\/www.moneytimes.com.br\/tag\/lula\">Lula<\/a><\/strong>,&nbsp;<a href=\"https:\/\/www.moneytimes.com.br\/se-meta-de-inflacao-esta-errada-muda-se-a-meta-diz-lula\/\">em um caf\u00e9 da manh\u00e3 realizado com jornalistas no Pal\u00e1cio do Planalto<\/a>, no in\u00edcio de abril, ao ser questionado sobre o que era necess\u00e1rio para reduzir a taxa de&nbsp;<strong><a href=\"https:\/\/www.moneytimes.com.br\/tag\/juros\/\">juros<\/a><\/strong>. \u201cVamos ter que encontrar um jeito para que o&nbsp;<strong>Banco Central<\/strong>&nbsp;comece a reduzir as taxas de juros\u201d, completou.<\/p>\n\n\n\n<p>Na entrevista \u00e0 GloboNews, contudo, Haddad afirmou que n\u00e3o pretende tocar nesse assunto amanh\u00e3, quando se reunir\u00e1 com os outros titulares do CMN: a ministra do\u00a0<strong><a href=\"https:\/\/www.moneytimes.com.br\/tag\/ministerio-do-planejamento\/\">Planejamento<\/a>\u00a0<a href=\"https:\/\/www.moneytimes.com.br\/tag\/simone-tebet\/\">Simone Tebet<\/a><\/strong>, e o presidente do Banco Central,\u00a0<strong><a href=\"https:\/\/www.moneytimes.com.br\/tag\/roberto-campos-neto\/\">Roberto Campos Neto<\/a><\/strong>. \u201cEstamos discutindo o futuro\u201d, disse, em refer\u00eancia \u00e0 meta de 2026, que est\u00e1 na pauta do encontro.<\/p>\n\n\n\n<p>Mas Haddad refor\u00e7ou que defende uma mudan\u00e7a no per\u00edodo de tempo estabelecido para cada meta. Atualmente, o Brasil adota o ano-calend\u00e1rio, isto \u00e9, o Banco Central deve encerrar cada ano com a infla\u00e7\u00e3o dentro do determinado pelo CMN. Para o ministro da Fazenda, \u201cisso causa uma press\u00e3o desnecess\u00e1ria [sobre o BC]\u201d.<\/p>\n\n\n\n<p>\u201cS\u00f3 dois pa\u00edses adotam meta de infla\u00e7\u00e3o com ano-calend\u00e1rio; quase todos os pa\u00edses adotam horizontes relevantes de tempo, para acomodar eventuais choques econ\u00f4micos\u201d, explicou. Ele acrescentou que esse \u00e9 um dos pontos em que o Brasil \u201cest\u00e1 defasado em rela\u00e7\u00e3o ao mundo\u201d, quando se trata de boas pr\u00e1ticas de pol\u00edtica econ\u00f4mica.&nbsp;\u201cPenso que esta \u00e9 uma atualiza\u00e7\u00e3o do que precisa funcionar melhor\u201d, completou.<\/p>\n\n\n\n<h2 class=\"wp-block-heading\">Haddad critica \u201cfetiche\u201d por indicador \u00fanico para decidir juros<\/h2>\n\n\n\n<p>O ministro mostrou otimismo com o rumo da infla\u00e7\u00e3o, e lembrou que o pr\u00f3prio mercado j\u00e1 reduz suas proje\u00e7\u00f5es, inclusive para este ano. \u201cO mercado projetava infla\u00e7\u00e3o para 2023 acima de 6% at\u00e9 bem pouco tempo atr\u00e1s; hoje, \u00e9 de 5%, o que representa muito esfor\u00e7o\u201d, disse.<\/p>\n\n\n\n<p>Haddad tamb\u00e9m evitou polemizar com a vis\u00e3o do Banco Central sobre os rumos da infla\u00e7\u00e3o \u2013 principal cavalo de batalha entre a equipe econ\u00f4mica e o&nbsp;<strong>Copom<\/strong>&nbsp;(Comit\u00ea de Pol\u00edtica Monet\u00e1ria). \u201cMuitas vezes, em economia, voc\u00ea pensa que seu pensamento \u00e9 t\u00e9cnico, e o do outro \u00e9 ideol\u00f3gico\u201d, afirmou. \u201cVoc\u00ea vai conversar com pessoas que s\u00e3o bem formadas, nas melhores universidades do Brasil e do mundo, e h\u00e1 diverg\u00eancias\u201d, contemporizou.<\/p>\n\n\n\n<p>Ele pontuou, contudo, que \u00e9 necess\u00e1ria uma vis\u00e3o mais ampla para tomar decis\u00f5es na \u00e1rea econ\u00f4mica, como avaliar o mercado de cr\u00e9dito, o n\u00edvel de endividamento das fam\u00edlias e a capacidade de investimento das empresas.<\/p>\n\n\n\n<p>\u201cSou a favor de modelo, porque modelo ajuda; de pesquisa; pesquisa ajuda. Nada substitui uma tomada de decis\u00e3o bem embasada, mas existe tamb\u00e9m um pouco de arte no modo como voc\u00ea conduz a economia\u201d, disse. \u201cQuando voc\u00ea fetichiza um determinado indicador, voc\u00ea n\u00e3o toma a melhor decis\u00e3o\u201d, observou.<\/p>\n\n\n\n<p>Fonte:https:\/\/www.moneytimes.com.br\/meta-de-inflacao-haddad-descarta-mudar-meta-de-2024-e-2025-mas-defende-prazos-maiores\/<\/p>\n\n\n\n<p><\/p>\n\n\n\n<p><\/p>\n\n\n\n<p><\/p>\n","protected":false},"excerpt":{"rendered":"<p>O ministro da&nbsp;Fazenda,&nbsp;Fernando Haddad, descartou uma mudan\u00e7a na&nbsp;meta de infla\u00e7\u00e3o&nbsp;de 2024, na reuni\u00e3o do&nbsp;CMN&nbsp;(Conselho Monet\u00e1rio Nacional) programada para esta quinta-feira (28). \u201c[A meta do] Ano que vem j\u00e1 est\u00e1 definido. Isso n\u00e3o vai mudar. Estamos discutindo o futuro\u201d, afirmou Haddad \u00e0 jornalista Miriam Leit\u00e3o, em entrevista veiculada pela&nbsp;GloboNews. A atual meta de infla\u00e7\u00e3o de 2024 [&hellip;]<\/p>\n","protected":false},"author":3,"featured_media":3915,"comment_status":"open","ping_status":"open","sticky":false,"template":"","format":"standard","meta":{"_joinchat":[],"footnotes":""},"categories":[1],"tags":[],"class_list":["post-3913","post","type-post","status-publish","format-standard","has-post-thumbnail","hentry","category-the-fortune-one"],"yoast_head":"<!-- This site is optimized with the Yoast SEO plugin v27.5 - https:\/\/yoast.com\/product\/yoast-seo-wordpress\/ -->\n<title>Meta de infla\u00e7\u00e3o: Haddad descarta mudar meta de 2024, mas defende prazos maiores - The Fortune.one<\/title>\n<meta name=\"description\" content=\"Somos especialistas em gest\u00e3o patrimonial, op\u00e7\u00f5es de investimentos para diversos perfis, nosso diferencial \u00e9 comprovado com resultados.\" \/>\n<meta name=\"robots\" content=\"index, follow, max-snippet:-1, max-image-preview:large, max-video-preview:-1\" \/>\n<link rel=\"canonical\" href=\"https:\/\/thefortune.one\/pt\/meta-de-inflacao-haddad-descarta-mudar-meta-de-2024-mas-defende-prazos-maiores\/\" \/>\n<meta property=\"og:locale\" content=\"pt_BR\" \/>\n<meta property=\"og:type\" content=\"article\" \/>\n<meta property=\"og:title\" content=\"Meta de infla\u00e7\u00e3o: Haddad descarta mudar meta de 2024, mas defende prazos maiores - The Fortune.one\" \/>\n<meta property=\"og:description\" content=\"Somos especialistas em gest\u00e3o patrimonial, op\u00e7\u00f5es de investimentos para diversos perfis, nosso diferencial \u00e9 comprovado com resultados.\" \/>\n<meta property=\"og:url\" content=\"https:\/\/thefortune.one\/pt\/meta-de-inflacao-haddad-descarta-mudar-meta-de-2024-mas-defende-prazos-maiores\/\" \/>\n<meta property=\"og:site_name\" content=\"The Fortune.one\" \/>\n<meta property=\"article:published_time\" content=\"2023-06-29T12:59:25+00:00\" \/>\n<meta property=\"og:image\" content=\"https:\/\/thefortune.one\/wp-content\/uploads\/2023\/06\/haddad.jpg\" \/>\n\t<meta property=\"og:image:width\" content=\"1280\" \/>\n\t<meta property=\"og:image:height\" content=\"680\" \/>\n\t<meta property=\"og:image:type\" content=\"image\/jpeg\" \/>\n<meta name=\"author\" content=\"bianca\" \/>\n<meta name=\"twitter:card\" content=\"summary_large_image\" \/>\n<meta name=\"twitter:label1\" content=\"Escrito por\" \/>\n\t<meta name=\"twitter:data1\" content=\"bianca\" \/>\n\t<meta name=\"twitter:label2\" content=\"Est. tempo de leitura\" \/>\n\t<meta name=\"twitter:data2\" content=\"3 minutos\" \/>\n<script type=\"application\/ld+json\" class=\"yoast-schema-graph\">{\"@context\":\"https:\\\/\\\/schema.org\",\"@graph\":[{\"@type\":\"Article\",\"@id\":\"https:\\\/\\\/thefortune.one\\\/pt\\\/meta-de-inflacao-haddad-descarta-mudar-meta-de-2024-mas-defende-prazos-maiores\\\/#article\",\"isPartOf\":{\"@id\":\"https:\\\/\\\/thefortune.one\\\/pt\\\/meta-de-inflacao-haddad-descarta-mudar-meta-de-2024-mas-defende-prazos-maiores\\\/\"},\"author\":{\"name\":\"bianca\",\"@id\":\"https:\\\/\\\/thefortune.one\\\/pt\\\/#\\\/schema\\\/person\\\/6cd8fe72a627d36caabf41815984a16f\"},\"headline\":\"Meta de infla\u00e7\u00e3o: Haddad descarta mudar meta de 2024, mas defende prazos maiores\",\"datePublished\":\"2023-06-29T12:59:25+00:00\",\"mainEntityOfPage\":{\"@id\":\"https:\\\/\\\/thefortune.one\\\/pt\\\/meta-de-inflacao-haddad-descarta-mudar-meta-de-2024-mas-defende-prazos-maiores\\\/\"},\"wordCount\":690,\"commentCount\":0,\"publisher\":{\"@id\":\"https:\\\/\\\/thefortune.one\\\/pt\\\/#organization\"},\"image\":{\"@id\":\"https:\\\/\\\/thefortune.one\\\/pt\\\/meta-de-inflacao-haddad-descarta-mudar-meta-de-2024-mas-defende-prazos-maiores\\\/#primaryimage\"},\"thumbnailUrl\":\"https:\\\/\\\/thefortune.one\\\/wp-content\\\/uploads\\\/2023\\\/06\\\/haddad.jpg\",\"articleSection\":[\"The Fortune.one\"],\"inLanguage\":\"pt-BR\",\"potentialAction\":[{\"@type\":\"CommentAction\",\"name\":\"Comment\",\"target\":[\"https:\\\/\\\/thefortune.one\\\/pt\\\/meta-de-inflacao-haddad-descarta-mudar-meta-de-2024-mas-defende-prazos-maiores\\\/#respond\"]}]},{\"@type\":\"WebPage\",\"@id\":\"https:\\\/\\\/thefortune.one\\\/pt\\\/meta-de-inflacao-haddad-descarta-mudar-meta-de-2024-mas-defende-prazos-maiores\\\/\",\"url\":\"https:\\\/\\\/thefortune.one\\\/pt\\\/meta-de-inflacao-haddad-descarta-mudar-meta-de-2024-mas-defende-prazos-maiores\\\/\",\"name\":\"Meta de infla\u00e7\u00e3o: Haddad descarta mudar meta de 2024, mas defende prazos maiores - The Fortune.one\",\"isPartOf\":{\"@id\":\"https:\\\/\\\/thefortune.one\\\/pt\\\/#website\"},\"primaryImageOfPage\":{\"@id\":\"https:\\\/\\\/thefortune.one\\\/pt\\\/meta-de-inflacao-haddad-descarta-mudar-meta-de-2024-mas-defende-prazos-maiores\\\/#primaryimage\"},\"image\":{\"@id\":\"https:\\\/\\\/thefortune.one\\\/pt\\\/meta-de-inflacao-haddad-descarta-mudar-meta-de-2024-mas-defende-prazos-maiores\\\/#primaryimage\"},\"thumbnailUrl\":\"https:\\\/\\\/thefortune.one\\\/wp-content\\\/uploads\\\/2023\\\/06\\\/haddad.jpg\",\"datePublished\":\"2023-06-29T12:59:25+00:00\",\"description\":\"Somos especialistas em gest\u00e3o patrimonial, op\u00e7\u00f5es de investimentos para diversos perfis, nosso diferencial \u00e9 comprovado com resultados.\",\"breadcrumb\":{\"@id\":\"https:\\\/\\\/thefortune.one\\\/pt\\\/meta-de-inflacao-haddad-descarta-mudar-meta-de-2024-mas-defende-prazos-maiores\\\/#breadcrumb\"},\"inLanguage\":\"pt-BR\",\"potentialAction\":[{\"@type\":\"ReadAction\",\"target\":[\"https:\\\/\\\/thefortune.one\\\/pt\\\/meta-de-inflacao-haddad-descarta-mudar-meta-de-2024-mas-defende-prazos-maiores\\\/\"]}]},{\"@type\":\"ImageObject\",\"inLanguage\":\"pt-BR\",\"@id\":\"https:\\\/\\\/thefortune.one\\\/pt\\\/meta-de-inflacao-haddad-descarta-mudar-meta-de-2024-mas-defende-prazos-maiores\\\/#primaryimage\",\"url\":\"https:\\\/\\\/thefortune.one\\\/wp-content\\\/uploads\\\/2023\\\/06\\\/haddad.jpg\",\"contentUrl\":\"https:\\\/\\\/thefortune.one\\\/wp-content\\\/uploads\\\/2023\\\/06\\\/haddad.jpg\",\"width\":1280,\"height\":680},{\"@type\":\"BreadcrumbList\",\"@id\":\"https:\\\/\\\/thefortune.one\\\/pt\\\/meta-de-inflacao-haddad-descarta-mudar-meta-de-2024-mas-defende-prazos-maiores\\\/#breadcrumb\",\"itemListElement\":[{\"@type\":\"ListItem\",\"position\":1,\"name\":\"In\u00edcio\",\"item\":\"https:\\\/\\\/thefortune.one\\\/pt\\\/\"},{\"@type\":\"ListItem\",\"position\":2,\"name\":\"Meta de infla\u00e7\u00e3o: Haddad descarta mudar meta de 2024, mas defende prazos maiores\"}]},{\"@type\":\"WebSite\",\"@id\":\"https:\\\/\\\/thefortune.one\\\/pt\\\/#website\",\"url\":\"https:\\\/\\\/thefortune.one\\\/pt\\\/\",\"name\":\"The Fortune.one\",\"description\":\"Gestora de Recursos Especializada em Private Equity\",\"publisher\":{\"@id\":\"https:\\\/\\\/thefortune.one\\\/pt\\\/#organization\"},\"potentialAction\":[{\"@type\":\"SearchAction\",\"target\":{\"@type\":\"EntryPoint\",\"urlTemplate\":\"https:\\\/\\\/thefortune.one\\\/pt\\\/?s={search_term_string}\"},\"query-input\":{\"@type\":\"PropertyValueSpecification\",\"valueRequired\":true,\"valueName\":\"search_term_string\"}}],\"inLanguage\":\"pt-BR\"},{\"@type\":\"Organization\",\"@id\":\"https:\\\/\\\/thefortune.one\\\/pt\\\/#organization\",\"name\":\"The Fortune One\",\"url\":\"https:\\\/\\\/thefortune.one\\\/pt\\\/\",\"logo\":{\"@type\":\"ImageObject\",\"inLanguage\":\"pt-BR\",\"@id\":\"https:\\\/\\\/thefortune.one\\\/pt\\\/#\\\/schema\\\/logo\\\/image\\\/\",\"url\":\"https:\\\/\\\/thefortune.one\\\/wp-content\\\/uploads\\\/2022\\\/11\\\/cropped-cropped-1651682701199-1.jpg\",\"contentUrl\":\"https:\\\/\\\/thefortune.one\\\/wp-content\\\/uploads\\\/2022\\\/11\\\/cropped-cropped-1651682701199-1.jpg\",\"width\":369,\"height\":421,\"caption\":\"The Fortune One\"},\"image\":{\"@id\":\"https:\\\/\\\/thefortune.one\\\/pt\\\/#\\\/schema\\\/logo\\\/image\\\/\"}},{\"@type\":\"Person\",\"@id\":\"https:\\\/\\\/thefortune.one\\\/pt\\\/#\\\/schema\\\/person\\\/6cd8fe72a627d36caabf41815984a16f\",\"name\":\"bianca\",\"image\":{\"@type\":\"ImageObject\",\"inLanguage\":\"pt-BR\",\"@id\":\"https:\\\/\\\/secure.gravatar.com\\\/avatar\\\/66cd7b00d93410555e00d1e6a911a86de0cd0cfa4f83a2f8b47eddc2968c98af?s=96&d=mm&r=g\",\"url\":\"https:\\\/\\\/secure.gravatar.com\\\/avatar\\\/66cd7b00d93410555e00d1e6a911a86de0cd0cfa4f83a2f8b47eddc2968c98af?s=96&d=mm&r=g\",\"contentUrl\":\"https:\\\/\\\/secure.gravatar.com\\\/avatar\\\/66cd7b00d93410555e00d1e6a911a86de0cd0cfa4f83a2f8b47eddc2968c98af?s=96&d=mm&r=g\",\"caption\":\"bianca\"},\"url\":\"https:\\\/\\\/thefortune.one\\\/pt\\\/author\\\/bianca\\\/\"}]}<\/script>\n<!-- \/ Yoast SEO plugin. -->","yoast_head_json":{"title":"Meta de infla\u00e7\u00e3o: Haddad descarta mudar meta de 2024, mas defende prazos maiores - The Fortune.one","description":"Somos especialistas em gest\u00e3o patrimonial, op\u00e7\u00f5es de investimentos para diversos perfis, nosso diferencial \u00e9 comprovado com resultados.","robots":{"index":"index","follow":"follow","max-snippet":"max-snippet:-1","max-image-preview":"max-image-preview:large","max-video-preview":"max-video-preview:-1"},"canonical":"https:\/\/thefortune.one\/pt\/meta-de-inflacao-haddad-descarta-mudar-meta-de-2024-mas-defende-prazos-maiores\/","og_locale":"pt_BR","og_type":"article","og_title":"Meta de infla\u00e7\u00e3o: Haddad descarta mudar meta de 2024, mas defende prazos maiores - The Fortune.one","og_description":"Somos especialistas em gest\u00e3o patrimonial, op\u00e7\u00f5es de investimentos para diversos perfis, nosso diferencial \u00e9 comprovado com resultados.","og_url":"https:\/\/thefortune.one\/pt\/meta-de-inflacao-haddad-descarta-mudar-meta-de-2024-mas-defende-prazos-maiores\/","og_site_name":"The Fortune.one","article_published_time":"2023-06-29T12:59:25+00:00","og_image":[{"width":1280,"height":680,"url":"https:\/\/thefortune.one\/wp-content\/uploads\/2023\/06\/haddad.jpg","type":"image\/jpeg"}],"author":"bianca","twitter_card":"summary_large_image","twitter_misc":{"Escrito por":"bianca","Est. tempo de leitura":"3 minutos"},"schema":{"@context":"https:\/\/schema.org","@graph":[{"@type":"Article","@id":"https:\/\/thefortune.one\/pt\/meta-de-inflacao-haddad-descarta-mudar-meta-de-2024-mas-defende-prazos-maiores\/#article","isPartOf":{"@id":"https:\/\/thefortune.one\/pt\/meta-de-inflacao-haddad-descarta-mudar-meta-de-2024-mas-defende-prazos-maiores\/"},"author":{"name":"bianca","@id":"https:\/\/thefortune.one\/pt\/#\/schema\/person\/6cd8fe72a627d36caabf41815984a16f"},"headline":"Meta de infla\u00e7\u00e3o: Haddad descarta mudar meta de 2024, mas defende prazos maiores","datePublished":"2023-06-29T12:59:25+00:00","mainEntityOfPage":{"@id":"https:\/\/thefortune.one\/pt\/meta-de-inflacao-haddad-descarta-mudar-meta-de-2024-mas-defende-prazos-maiores\/"},"wordCount":690,"commentCount":0,"publisher":{"@id":"https:\/\/thefortune.one\/pt\/#organization"},"image":{"@id":"https:\/\/thefortune.one\/pt\/meta-de-inflacao-haddad-descarta-mudar-meta-de-2024-mas-defende-prazos-maiores\/#primaryimage"},"thumbnailUrl":"https:\/\/thefortune.one\/wp-content\/uploads\/2023\/06\/haddad.jpg","articleSection":["The Fortune.one"],"inLanguage":"pt-BR","potentialAction":[{"@type":"CommentAction","name":"Comment","target":["https:\/\/thefortune.one\/pt\/meta-de-inflacao-haddad-descarta-mudar-meta-de-2024-mas-defende-prazos-maiores\/#respond"]}]},{"@type":"WebPage","@id":"https:\/\/thefortune.one\/pt\/meta-de-inflacao-haddad-descarta-mudar-meta-de-2024-mas-defende-prazos-maiores\/","url":"https:\/\/thefortune.one\/pt\/meta-de-inflacao-haddad-descarta-mudar-meta-de-2024-mas-defende-prazos-maiores\/","name":"Meta de infla\u00e7\u00e3o: Haddad descarta mudar meta de 2024, mas defende prazos maiores - The Fortune.one","isPartOf":{"@id":"https:\/\/thefortune.one\/pt\/#website"},"primaryImageOfPage":{"@id":"https:\/\/thefortune.one\/pt\/meta-de-inflacao-haddad-descarta-mudar-meta-de-2024-mas-defende-prazos-maiores\/#primaryimage"},"image":{"@id":"https:\/\/thefortune.one\/pt\/meta-de-inflacao-haddad-descarta-mudar-meta-de-2024-mas-defende-prazos-maiores\/#primaryimage"},"thumbnailUrl":"https:\/\/thefortune.one\/wp-content\/uploads\/2023\/06\/haddad.jpg","datePublished":"2023-06-29T12:59:25+00:00","description":"Somos especialistas em gest\u00e3o patrimonial, op\u00e7\u00f5es de investimentos para diversos perfis, nosso diferencial \u00e9 comprovado com resultados.","breadcrumb":{"@id":"https:\/\/thefortune.one\/pt\/meta-de-inflacao-haddad-descarta-mudar-meta-de-2024-mas-defende-prazos-maiores\/#breadcrumb"},"inLanguage":"pt-BR","potentialAction":[{"@type":"ReadAction","target":["https:\/\/thefortune.one\/pt\/meta-de-inflacao-haddad-descarta-mudar-meta-de-2024-mas-defende-prazos-maiores\/"]}]},{"@type":"ImageObject","inLanguage":"pt-BR","@id":"https:\/\/thefortune.one\/pt\/meta-de-inflacao-haddad-descarta-mudar-meta-de-2024-mas-defende-prazos-maiores\/#primaryimage","url":"https:\/\/thefortune.one\/wp-content\/uploads\/2023\/06\/haddad.jpg","contentUrl":"https:\/\/thefortune.one\/wp-content\/uploads\/2023\/06\/haddad.jpg","width":1280,"height":680},{"@type":"BreadcrumbList","@id":"https:\/\/thefortune.one\/pt\/meta-de-inflacao-haddad-descarta-mudar-meta-de-2024-mas-defende-prazos-maiores\/#breadcrumb","itemListElement":[{"@type":"ListItem","position":1,"name":"In\u00edcio","item":"https:\/\/thefortune.one\/pt\/"},{"@type":"ListItem","position":2,"name":"Meta de infla\u00e7\u00e3o: Haddad descarta mudar meta de 2024, mas defende prazos maiores"}]},{"@type":"WebSite","@id":"https:\/\/thefortune.one\/pt\/#website","url":"https:\/\/thefortune.one\/pt\/","name":"The Fortune.one","description":"Gestora de Recursos Especializada em Private Equity","publisher":{"@id":"https:\/\/thefortune.one\/pt\/#organization"},"potentialAction":[{"@type":"SearchAction","target":{"@type":"EntryPoint","urlTemplate":"https:\/\/thefortune.one\/pt\/?s={search_term_string}"},"query-input":{"@type":"PropertyValueSpecification","valueRequired":true,"valueName":"search_term_string"}}],"inLanguage":"pt-BR"},{"@type":"Organization","@id":"https:\/\/thefortune.one\/pt\/#organization","name":"The Fortune One","url":"https:\/\/thefortune.one\/pt\/","logo":{"@type":"ImageObject","inLanguage":"pt-BR","@id":"https:\/\/thefortune.one\/pt\/#\/schema\/logo\/image\/","url":"https:\/\/thefortune.one\/wp-content\/uploads\/2022\/11\/cropped-cropped-1651682701199-1.jpg","contentUrl":"https:\/\/thefortune.one\/wp-content\/uploads\/2022\/11\/cropped-cropped-1651682701199-1.jpg","width":369,"height":421,"caption":"The Fortune One"},"image":{"@id":"https:\/\/thefortune.one\/pt\/#\/schema\/logo\/image\/"}},{"@type":"Person","@id":"https:\/\/thefortune.one\/pt\/#\/schema\/person\/6cd8fe72a627d36caabf41815984a16f","name":"bianca","image":{"@type":"ImageObject","inLanguage":"pt-BR","@id":"https:\/\/secure.gravatar.com\/avatar\/66cd7b00d93410555e00d1e6a911a86de0cd0cfa4f83a2f8b47eddc2968c98af?s=96&d=mm&r=g","url":"https:\/\/secure.gravatar.com\/avatar\/66cd7b00d93410555e00d1e6a911a86de0cd0cfa4f83a2f8b47eddc2968c98af?s=96&d=mm&r=g","contentUrl":"https:\/\/secure.gravatar.com\/avatar\/66cd7b00d93410555e00d1e6a911a86de0cd0cfa4f83a2f8b47eddc2968c98af?s=96&d=mm&r=g","caption":"bianca"},"url":"https:\/\/thefortune.one\/pt\/author\/bianca\/"}]}},"_links":{"self":[{"href":"https:\/\/thefortune.one\/pt\/wp-json\/wp\/v2\/posts\/3913","targetHints":{"allow":["GET"]}}],"collection":[{"href":"https:\/\/thefortune.one\/pt\/wp-json\/wp\/v2\/posts"}],"about":[{"href":"https:\/\/thefortune.one\/pt\/wp-json\/wp\/v2\/types\/post"}],"author":[{"embeddable":true,"href":"https:\/\/thefortune.one\/pt\/wp-json\/wp\/v2\/users\/3"}],"replies":[{"embeddable":true,"href":"https:\/\/thefortune.one\/pt\/wp-json\/wp\/v2\/comments?post=3913"}],"version-history":[{"count":1,"href":"https:\/\/thefortune.one\/pt\/wp-json\/wp\/v2\/posts\/3913\/revisions"}],"predecessor-version":[{"id":3916,"href":"https:\/\/thefortune.one\/pt\/wp-json\/wp\/v2\/posts\/3913\/revisions\/3916"}],"wp:featuredmedia":[{"embeddable":true,"href":"https:\/\/thefortune.one\/pt\/wp-json\/wp\/v2\/media\/3915"}],"wp:attachment":[{"href":"https:\/\/thefortune.one\/pt\/wp-json\/wp\/v2\/media?parent=3913"}],"wp:term":[{"taxonomy":"category","embeddable":true,"href":"https:\/\/thefortune.one\/pt\/wp-json\/wp\/v2\/categories?post=3913"},{"taxonomy":"post_tag","embeddable":true,"href":"https:\/\/thefortune.one\/pt\/wp-json\/wp\/v2\/tags?post=3913"}],"curies":[{"name":"wp","href":"https:\/\/api.w.org\/{rel}","templated":true}]}}