{"id":3864,"date":"2023-06-13T14:16:13","date_gmt":"2023-06-13T14:16:13","guid":{"rendered":"https:\/\/thefortune.one\/?p=3864"},"modified":"2023-06-13T14:16:13","modified_gmt":"2023-06-13T14:16:13","slug":"vendas-do-varejo-recuaram-78-no-mes-passado-aponta-indicador","status":"publish","type":"post","link":"https:\/\/thefortune.one\/pt\/vendas-do-varejo-recuaram-78-no-mes-passado-aponta-indicador\/","title":{"rendered":"Vendas do varejo recuaram 7,8% no m\u00eas passado, aponta indicador"},"content":{"rendered":"\n<p>Resultado solidifica ideia de que a atividade econ\u00f4mica est\u00e1 mais baixa que no ano passado, diz economista<\/p>\n\n\n\n<figure class=\"wp-block-image size-large\"><img fetchpriority=\"high\" decoding=\"async\" width=\"469\" height=\"1024\" src=\"https:\/\/thefortune.one\/wp-content\/uploads\/2023\/06\/varejo-469x1024.jpg\" alt=\"\" class=\"wp-image-3865\" srcset=\"https:\/\/thefortune.one\/wp-content\/uploads\/2023\/06\/varejo-469x1024.jpg 469w, https:\/\/thefortune.one\/wp-content\/uploads\/2023\/06\/varejo-137x300.jpg 137w, https:\/\/thefortune.one\/wp-content\/uploads\/2023\/06\/varejo-768x1678.jpg 768w, https:\/\/thefortune.one\/wp-content\/uploads\/2023\/06\/varejo-703x1536.jpg 703w, https:\/\/thefortune.one\/wp-content\/uploads\/2023\/06\/varejo-937x2048.jpg 937w, https:\/\/thefortune.one\/wp-content\/uploads\/2023\/06\/varejo-5x12.jpg 5w, https:\/\/thefortune.one\/wp-content\/uploads\/2023\/06\/varejo.jpg 984w\" sizes=\"(max-width: 469px) 100vw, 469px\" \/><\/figure>\n\n\n\n<p>As vendas do varejo brasileiro est\u00e3o enfraquecidas neste ano, e novos dados indicam que o cen\u00e1rio seguiu ruim em maio. O \u00cdndice de Atividade Econ\u00f4mica Stone Varejo recuou 7,8% em maio na compara\u00e7\u00e3o com maio do ano passado, confirmando o cen\u00e1rio de uma atividade mais fraca no varejo em rela\u00e7\u00e3o ao ano passado. Na compara\u00e7\u00e3o com abril, houve queda de 2,3%, na s\u00e9rie dessazonalizada.<\/p>\n\n\n\n<p>O \u00edndice &#8211; calculado com dados p\u00fablicos da Receita Federal e dados transacionais de cart\u00e3o dos clientes do grupo StoneCo &#8211; se manteve em maio em n\u00edvel inferior ao registrado no ano passado e n\u00e3o apresenta sinais de melhora.<\/p>\n\n\n\n<p>Matheus Calvelli, pesquisador econ\u00f4mico e cientista de dados da Stone, ressalta que at\u00e9 o resultado de maio era dif\u00edcil separar os efeitos de eventos como Carnaval e feriados nos resultados do com\u00e9rcio varejista. Mas ele ressalta que os dados do m\u00eas passado solidificam a ideia de que a atividade econ\u00f4mica est\u00e1 mais baixa que no ano passado.<\/p>\n\n\n\n<p>\u201cE nossa expectativa \u00e9 que isso v\u00e1 se manter. N\u00e3o necessariamente vai se manter nesse n\u00edvel o ano inteiro, mas a expectativa \u00e9 que passe a maior parte do ano pelo menos em n\u00edveis inferiores a 2022\u201d, ressalta Calvelli. \u201cParece muito claro que o com\u00e9rcio varejista vai passar a maior parte do ano em n\u00edveis inferiores ao ano passado\u201d, acrescenta.<\/p>\n\n\n\n<p><strong>Expectativa \u00e9 que com\u00e9rcio varejista passe maior parte do ano em n\u00edveis inferiores a 2022<\/strong><\/p>\n\n\n\n<p>A queda registrada em maio foi puxada, na compara\u00e7\u00e3o com maio do ano passado, pelas baixas de 16,1% de tecidos, vestu\u00e1rio e cal\u00e7ados e de 14,2% de hipermercados e supermercados. O \u00fanico avan\u00e7o foi registrado por artigos farmac\u00eauticos, que cresceram 2,6%.<\/p>\n\n\n\n<p>Calvelli afirma que o setor de vestu\u00e1rio sofre este ano com a renda comprometida de boa parte dos consumidores, al\u00e9m de sofrer os efeitos dos juros altos. O recuo de maio \u00e9 o terceiro seguido para o segmento e o economista da Stone destaca que houve apenas um m\u00eas positivo desde julho do ano passado.<\/p>\n\n\n\n<p>\u201cA quest\u00e3o toda do vestu\u00e1rio \u00e9 que as pessoas est\u00e3o com a renda comprometida e [nesses casos] o que voc\u00ea corta primeiro \u00e9 o consumo que voc\u00ea n\u00e3o precisa imediatamente. E vestu\u00e1rio \u00e9 o tipo de consumo que voc\u00ea pode jogar mais para frente\u201d, afirma Calvelli, que acrescenta que os juros altos tamb\u00e9m terminam por encarecer o parcelamento da compra de artigos de vestu\u00e1rio.<\/p>\n\n\n\n<p>No caso de hipermercados e supermercados, Calvelli destaca que h\u00e1 uma particularidade do \u00edndice da Stone, que analisa dados basicamente de pequenos e m\u00e9dios mercados de bairro, ficando de fora de grandes redes de supermercado. Ele ressalta que, em momentos como o atual, de juros altos e renda comprometida, os consumidores abrem m\u00e3o da comodidade de comprar no mercadinho de bairro perto de casa e passam a buscar redes maiores com pre\u00e7os mais vantajosos.<\/p>\n\n\n\n<p>\u201cO pequeno e m\u00e9dio supermercado est\u00e1 sofrendo mais porque tem dificuldade de n\u00e3o repassar [a alta de pre\u00e7os]\u201d, explica o economista.<\/p>\n\n\n\n<p>Na m\u00e3o contr\u00e1ria, o \u00fanico segmento a apresentar alta em maio frente a igual per\u00edodo do ano passado foi o de artigos farmac\u00eauticos, m\u00e9dicos, ortop\u00e9dicos, de perfumaria e cosm\u00e9ticos, que subiu 2,6% no volume de vendas, depois de altas de 4,3% em abril em rela\u00e7\u00e3o ao mesmo per\u00edodo de 2022 e de 11,1% em mar\u00e7o ante igual m\u00eas do ano passado.<\/p>\n\n\n\n<p>Calvelli destaca que o segmento acaba sendo o mais inel\u00e1stico, dada a necessidade de compra de medicamentos relevantes para o consumidor. \u201cTem crise, mas n\u00e3o tem como reduzir consumo\u201d, diz o economista, lembrando ainda que o crescimento do segmento este ano tamb\u00e9m pode estar ligado a uma base mais baixa no ano passado devido \u00e0 pandemia.<\/p>\n\n\n\n<p>Fonte:https:\/\/valor.globo.com\/brasil\/noticia\/2023\/06\/13\/vendas-do-varejo-recuaram-78-no-mes-passado-aponta-indicador.ghtml<\/p>\n\n\n\n<p><\/p>\n\n\n\n<p><\/p>\n\n\n\n<p><\/p>\n\n\n\n<p><\/p>\n\n\n\n<p><\/p>\n\n\n\n<p><\/p>\n","protected":false},"excerpt":{"rendered":"<p>Resultado solidifica ideia de que a atividade econ\u00f4mica est\u00e1 mais baixa que no ano passado, diz economista As vendas do varejo brasileiro est\u00e3o enfraquecidas neste ano, e novos dados indicam que o cen\u00e1rio seguiu ruim em maio. O \u00cdndice de Atividade Econ\u00f4mica Stone Varejo recuou 7,8% em maio na compara\u00e7\u00e3o com maio do ano passado, [&hellip;]<\/p>\n","protected":false},"author":3,"featured_media":3866,"comment_status":"open","ping_status":"open","sticky":false,"template":"","format":"standard","meta":{"_joinchat":[],"footnotes":""},"categories":[1],"tags":[],"class_list":["post-3864","post","type-post","status-publish","format-standard","has-post-thumbnail","hentry","category-the-fortune-one"],"yoast_head":"<!-- This site is optimized with the Yoast SEO plugin v27.5 - https:\/\/yoast.com\/product\/yoast-seo-wordpress\/ -->\n<title>Vendas do varejo recuaram 7,8% no m\u00eas passado, aponta indicador - The Fortune.one<\/title>\n<meta name=\"description\" content=\"Somos especialistas em gest\u00e3o patrimonial, op\u00e7\u00f5es de investimentos para diversos perfis, nosso diferencial \u00e9 comprovado com resultados.\" \/>\n<meta name=\"robots\" content=\"index, follow, max-snippet:-1, max-image-preview:large, max-video-preview:-1\" \/>\n<link rel=\"canonical\" href=\"https:\/\/thefortune.one\/pt\/vendas-do-varejo-recuaram-78-no-mes-passado-aponta-indicador\/\" \/>\n<meta property=\"og:locale\" content=\"pt_BR\" \/>\n<meta property=\"og:type\" content=\"article\" \/>\n<meta property=\"og:title\" content=\"Vendas do varejo recuaram 7,8% no m\u00eas passado, aponta indicador - The Fortune.one\" \/>\n<meta property=\"og:description\" content=\"Somos especialistas em gest\u00e3o patrimonial, op\u00e7\u00f5es de investimentos para diversos perfis, nosso diferencial \u00e9 comprovado com resultados.\" \/>\n<meta property=\"og:url\" content=\"https:\/\/thefortune.one\/pt\/vendas-do-varejo-recuaram-78-no-mes-passado-aponta-indicador\/\" \/>\n<meta property=\"og:site_name\" content=\"The Fortune.one\" \/>\n<meta property=\"article:published_time\" content=\"2023-06-13T14:16:13+00:00\" \/>\n<meta property=\"og:image\" content=\"https:\/\/thefortune.one\/wp-content\/uploads\/2023\/06\/varejo-1.jpg\" \/>\n\t<meta property=\"og:image:width\" content=\"984\" \/>\n\t<meta property=\"og:image:height\" content=\"2150\" \/>\n\t<meta property=\"og:image:type\" content=\"image\/jpeg\" \/>\n<meta name=\"author\" content=\"bianca\" \/>\n<meta name=\"twitter:card\" content=\"summary_large_image\" \/>\n<meta name=\"twitter:label1\" content=\"Escrito por\" \/>\n\t<meta name=\"twitter:data1\" content=\"bianca\" \/>\n\t<meta name=\"twitter:label2\" content=\"Est. tempo de leitura\" \/>\n\t<meta name=\"twitter:data2\" content=\"3 minutos\" \/>\n<script type=\"application\/ld+json\" class=\"yoast-schema-graph\">{\"@context\":\"https:\\\/\\\/schema.org\",\"@graph\":[{\"@type\":\"Article\",\"@id\":\"https:\\\/\\\/thefortune.one\\\/pt\\\/vendas-do-varejo-recuaram-78-no-mes-passado-aponta-indicador\\\/#article\",\"isPartOf\":{\"@id\":\"https:\\\/\\\/thefortune.one\\\/pt\\\/vendas-do-varejo-recuaram-78-no-mes-passado-aponta-indicador\\\/\"},\"author\":{\"name\":\"bianca\",\"@id\":\"https:\\\/\\\/thefortune.one\\\/pt\\\/#\\\/schema\\\/person\\\/6cd8fe72a627d36caabf41815984a16f\"},\"headline\":\"Vendas do varejo recuaram 7,8% no m\u00eas passado, aponta indicador\",\"datePublished\":\"2023-06-13T14:16:13+00:00\",\"mainEntityOfPage\":{\"@id\":\"https:\\\/\\\/thefortune.one\\\/pt\\\/vendas-do-varejo-recuaram-78-no-mes-passado-aponta-indicador\\\/\"},\"wordCount\":685,\"commentCount\":0,\"publisher\":{\"@id\":\"https:\\\/\\\/thefortune.one\\\/pt\\\/#organization\"},\"image\":{\"@id\":\"https:\\\/\\\/thefortune.one\\\/pt\\\/vendas-do-varejo-recuaram-78-no-mes-passado-aponta-indicador\\\/#primaryimage\"},\"thumbnailUrl\":\"https:\\\/\\\/thefortune.one\\\/wp-content\\\/uploads\\\/2023\\\/06\\\/varejo-1.jpg\",\"articleSection\":[\"The Fortune.one\"],\"inLanguage\":\"pt-BR\",\"potentialAction\":[{\"@type\":\"CommentAction\",\"name\":\"Comment\",\"target\":[\"https:\\\/\\\/thefortune.one\\\/pt\\\/vendas-do-varejo-recuaram-78-no-mes-passado-aponta-indicador\\\/#respond\"]}]},{\"@type\":\"WebPage\",\"@id\":\"https:\\\/\\\/thefortune.one\\\/pt\\\/vendas-do-varejo-recuaram-78-no-mes-passado-aponta-indicador\\\/\",\"url\":\"https:\\\/\\\/thefortune.one\\\/pt\\\/vendas-do-varejo-recuaram-78-no-mes-passado-aponta-indicador\\\/\",\"name\":\"Vendas do varejo recuaram 7,8% no m\u00eas passado, aponta indicador - The Fortune.one\",\"isPartOf\":{\"@id\":\"https:\\\/\\\/thefortune.one\\\/pt\\\/#website\"},\"primaryImageOfPage\":{\"@id\":\"https:\\\/\\\/thefortune.one\\\/pt\\\/vendas-do-varejo-recuaram-78-no-mes-passado-aponta-indicador\\\/#primaryimage\"},\"image\":{\"@id\":\"https:\\\/\\\/thefortune.one\\\/pt\\\/vendas-do-varejo-recuaram-78-no-mes-passado-aponta-indicador\\\/#primaryimage\"},\"thumbnailUrl\":\"https:\\\/\\\/thefortune.one\\\/wp-content\\\/uploads\\\/2023\\\/06\\\/varejo-1.jpg\",\"datePublished\":\"2023-06-13T14:16:13+00:00\",\"description\":\"Somos especialistas em gest\u00e3o patrimonial, op\u00e7\u00f5es de investimentos para diversos perfis, nosso diferencial \u00e9 comprovado com resultados.\",\"breadcrumb\":{\"@id\":\"https:\\\/\\\/thefortune.one\\\/pt\\\/vendas-do-varejo-recuaram-78-no-mes-passado-aponta-indicador\\\/#breadcrumb\"},\"inLanguage\":\"pt-BR\",\"potentialAction\":[{\"@type\":\"ReadAction\",\"target\":[\"https:\\\/\\\/thefortune.one\\\/pt\\\/vendas-do-varejo-recuaram-78-no-mes-passado-aponta-indicador\\\/\"]}]},{\"@type\":\"ImageObject\",\"inLanguage\":\"pt-BR\",\"@id\":\"https:\\\/\\\/thefortune.one\\\/pt\\\/vendas-do-varejo-recuaram-78-no-mes-passado-aponta-indicador\\\/#primaryimage\",\"url\":\"https:\\\/\\\/thefortune.one\\\/wp-content\\\/uploads\\\/2023\\\/06\\\/varejo-1.jpg\",\"contentUrl\":\"https:\\\/\\\/thefortune.one\\\/wp-content\\\/uploads\\\/2023\\\/06\\\/varejo-1.jpg\",\"width\":984,\"height\":2150},{\"@type\":\"BreadcrumbList\",\"@id\":\"https:\\\/\\\/thefortune.one\\\/pt\\\/vendas-do-varejo-recuaram-78-no-mes-passado-aponta-indicador\\\/#breadcrumb\",\"itemListElement\":[{\"@type\":\"ListItem\",\"position\":1,\"name\":\"In\u00edcio\",\"item\":\"https:\\\/\\\/thefortune.one\\\/pt\\\/\"},{\"@type\":\"ListItem\",\"position\":2,\"name\":\"Vendas do varejo recuaram 7,8% no m\u00eas passado, aponta indicador\"}]},{\"@type\":\"WebSite\",\"@id\":\"https:\\\/\\\/thefortune.one\\\/pt\\\/#website\",\"url\":\"https:\\\/\\\/thefortune.one\\\/pt\\\/\",\"name\":\"The Fortune.one\",\"description\":\"Gestora de Recursos Especializada em Private Equity\",\"publisher\":{\"@id\":\"https:\\\/\\\/thefortune.one\\\/pt\\\/#organization\"},\"potentialAction\":[{\"@type\":\"SearchAction\",\"target\":{\"@type\":\"EntryPoint\",\"urlTemplate\":\"https:\\\/\\\/thefortune.one\\\/pt\\\/?s={search_term_string}\"},\"query-input\":{\"@type\":\"PropertyValueSpecification\",\"valueRequired\":true,\"valueName\":\"search_term_string\"}}],\"inLanguage\":\"pt-BR\"},{\"@type\":\"Organization\",\"@id\":\"https:\\\/\\\/thefortune.one\\\/pt\\\/#organization\",\"name\":\"The Fortune One\",\"url\":\"https:\\\/\\\/thefortune.one\\\/pt\\\/\",\"logo\":{\"@type\":\"ImageObject\",\"inLanguage\":\"pt-BR\",\"@id\":\"https:\\\/\\\/thefortune.one\\\/pt\\\/#\\\/schema\\\/logo\\\/image\\\/\",\"url\":\"https:\\\/\\\/thefortune.one\\\/wp-content\\\/uploads\\\/2022\\\/11\\\/cropped-cropped-1651682701199-1.jpg\",\"contentUrl\":\"https:\\\/\\\/thefortune.one\\\/wp-content\\\/uploads\\\/2022\\\/11\\\/cropped-cropped-1651682701199-1.jpg\",\"width\":369,\"height\":421,\"caption\":\"The Fortune One\"},\"image\":{\"@id\":\"https:\\\/\\\/thefortune.one\\\/pt\\\/#\\\/schema\\\/logo\\\/image\\\/\"}},{\"@type\":\"Person\",\"@id\":\"https:\\\/\\\/thefortune.one\\\/pt\\\/#\\\/schema\\\/person\\\/6cd8fe72a627d36caabf41815984a16f\",\"name\":\"bianca\",\"image\":{\"@type\":\"ImageObject\",\"inLanguage\":\"pt-BR\",\"@id\":\"https:\\\/\\\/secure.gravatar.com\\\/avatar\\\/66cd7b00d93410555e00d1e6a911a86de0cd0cfa4f83a2f8b47eddc2968c98af?s=96&d=mm&r=g\",\"url\":\"https:\\\/\\\/secure.gravatar.com\\\/avatar\\\/66cd7b00d93410555e00d1e6a911a86de0cd0cfa4f83a2f8b47eddc2968c98af?s=96&d=mm&r=g\",\"contentUrl\":\"https:\\\/\\\/secure.gravatar.com\\\/avatar\\\/66cd7b00d93410555e00d1e6a911a86de0cd0cfa4f83a2f8b47eddc2968c98af?s=96&d=mm&r=g\",\"caption\":\"bianca\"},\"url\":\"https:\\\/\\\/thefortune.one\\\/pt\\\/author\\\/bianca\\\/\"}]}<\/script>\n<!-- \/ Yoast SEO plugin. -->","yoast_head_json":{"title":"Vendas do varejo recuaram 7,8% no m\u00eas passado, aponta indicador - The Fortune.one","description":"Somos especialistas em gest\u00e3o patrimonial, op\u00e7\u00f5es de investimentos para diversos perfis, nosso diferencial \u00e9 comprovado com resultados.","robots":{"index":"index","follow":"follow","max-snippet":"max-snippet:-1","max-image-preview":"max-image-preview:large","max-video-preview":"max-video-preview:-1"},"canonical":"https:\/\/thefortune.one\/pt\/vendas-do-varejo-recuaram-78-no-mes-passado-aponta-indicador\/","og_locale":"pt_BR","og_type":"article","og_title":"Vendas do varejo recuaram 7,8% no m\u00eas passado, aponta indicador - The Fortune.one","og_description":"Somos especialistas em gest\u00e3o patrimonial, op\u00e7\u00f5es de investimentos para diversos perfis, nosso diferencial \u00e9 comprovado com resultados.","og_url":"https:\/\/thefortune.one\/pt\/vendas-do-varejo-recuaram-78-no-mes-passado-aponta-indicador\/","og_site_name":"The Fortune.one","article_published_time":"2023-06-13T14:16:13+00:00","og_image":[{"width":984,"height":2150,"url":"https:\/\/thefortune.one\/wp-content\/uploads\/2023\/06\/varejo-1.jpg","type":"image\/jpeg"}],"author":"bianca","twitter_card":"summary_large_image","twitter_misc":{"Escrito por":"bianca","Est. tempo de leitura":"3 minutos"},"schema":{"@context":"https:\/\/schema.org","@graph":[{"@type":"Article","@id":"https:\/\/thefortune.one\/pt\/vendas-do-varejo-recuaram-78-no-mes-passado-aponta-indicador\/#article","isPartOf":{"@id":"https:\/\/thefortune.one\/pt\/vendas-do-varejo-recuaram-78-no-mes-passado-aponta-indicador\/"},"author":{"name":"bianca","@id":"https:\/\/thefortune.one\/pt\/#\/schema\/person\/6cd8fe72a627d36caabf41815984a16f"},"headline":"Vendas do varejo recuaram 7,8% no m\u00eas passado, aponta indicador","datePublished":"2023-06-13T14:16:13+00:00","mainEntityOfPage":{"@id":"https:\/\/thefortune.one\/pt\/vendas-do-varejo-recuaram-78-no-mes-passado-aponta-indicador\/"},"wordCount":685,"commentCount":0,"publisher":{"@id":"https:\/\/thefortune.one\/pt\/#organization"},"image":{"@id":"https:\/\/thefortune.one\/pt\/vendas-do-varejo-recuaram-78-no-mes-passado-aponta-indicador\/#primaryimage"},"thumbnailUrl":"https:\/\/thefortune.one\/wp-content\/uploads\/2023\/06\/varejo-1.jpg","articleSection":["The Fortune.one"],"inLanguage":"pt-BR","potentialAction":[{"@type":"CommentAction","name":"Comment","target":["https:\/\/thefortune.one\/pt\/vendas-do-varejo-recuaram-78-no-mes-passado-aponta-indicador\/#respond"]}]},{"@type":"WebPage","@id":"https:\/\/thefortune.one\/pt\/vendas-do-varejo-recuaram-78-no-mes-passado-aponta-indicador\/","url":"https:\/\/thefortune.one\/pt\/vendas-do-varejo-recuaram-78-no-mes-passado-aponta-indicador\/","name":"Vendas do varejo recuaram 7,8% no m\u00eas passado, aponta indicador - The Fortune.one","isPartOf":{"@id":"https:\/\/thefortune.one\/pt\/#website"},"primaryImageOfPage":{"@id":"https:\/\/thefortune.one\/pt\/vendas-do-varejo-recuaram-78-no-mes-passado-aponta-indicador\/#primaryimage"},"image":{"@id":"https:\/\/thefortune.one\/pt\/vendas-do-varejo-recuaram-78-no-mes-passado-aponta-indicador\/#primaryimage"},"thumbnailUrl":"https:\/\/thefortune.one\/wp-content\/uploads\/2023\/06\/varejo-1.jpg","datePublished":"2023-06-13T14:16:13+00:00","description":"Somos especialistas em gest\u00e3o patrimonial, op\u00e7\u00f5es de investimentos para diversos perfis, nosso diferencial \u00e9 comprovado com resultados.","breadcrumb":{"@id":"https:\/\/thefortune.one\/pt\/vendas-do-varejo-recuaram-78-no-mes-passado-aponta-indicador\/#breadcrumb"},"inLanguage":"pt-BR","potentialAction":[{"@type":"ReadAction","target":["https:\/\/thefortune.one\/pt\/vendas-do-varejo-recuaram-78-no-mes-passado-aponta-indicador\/"]}]},{"@type":"ImageObject","inLanguage":"pt-BR","@id":"https:\/\/thefortune.one\/pt\/vendas-do-varejo-recuaram-78-no-mes-passado-aponta-indicador\/#primaryimage","url":"https:\/\/thefortune.one\/wp-content\/uploads\/2023\/06\/varejo-1.jpg","contentUrl":"https:\/\/thefortune.one\/wp-content\/uploads\/2023\/06\/varejo-1.jpg","width":984,"height":2150},{"@type":"BreadcrumbList","@id":"https:\/\/thefortune.one\/pt\/vendas-do-varejo-recuaram-78-no-mes-passado-aponta-indicador\/#breadcrumb","itemListElement":[{"@type":"ListItem","position":1,"name":"In\u00edcio","item":"https:\/\/thefortune.one\/pt\/"},{"@type":"ListItem","position":2,"name":"Vendas do varejo recuaram 7,8% no m\u00eas passado, aponta indicador"}]},{"@type":"WebSite","@id":"https:\/\/thefortune.one\/pt\/#website","url":"https:\/\/thefortune.one\/pt\/","name":"The Fortune.one","description":"Gestora de Recursos Especializada em Private Equity","publisher":{"@id":"https:\/\/thefortune.one\/pt\/#organization"},"potentialAction":[{"@type":"SearchAction","target":{"@type":"EntryPoint","urlTemplate":"https:\/\/thefortune.one\/pt\/?s={search_term_string}"},"query-input":{"@type":"PropertyValueSpecification","valueRequired":true,"valueName":"search_term_string"}}],"inLanguage":"pt-BR"},{"@type":"Organization","@id":"https:\/\/thefortune.one\/pt\/#organization","name":"The Fortune One","url":"https:\/\/thefortune.one\/pt\/","logo":{"@type":"ImageObject","inLanguage":"pt-BR","@id":"https:\/\/thefortune.one\/pt\/#\/schema\/logo\/image\/","url":"https:\/\/thefortune.one\/wp-content\/uploads\/2022\/11\/cropped-cropped-1651682701199-1.jpg","contentUrl":"https:\/\/thefortune.one\/wp-content\/uploads\/2022\/11\/cropped-cropped-1651682701199-1.jpg","width":369,"height":421,"caption":"The Fortune One"},"image":{"@id":"https:\/\/thefortune.one\/pt\/#\/schema\/logo\/image\/"}},{"@type":"Person","@id":"https:\/\/thefortune.one\/pt\/#\/schema\/person\/6cd8fe72a627d36caabf41815984a16f","name":"bianca","image":{"@type":"ImageObject","inLanguage":"pt-BR","@id":"https:\/\/secure.gravatar.com\/avatar\/66cd7b00d93410555e00d1e6a911a86de0cd0cfa4f83a2f8b47eddc2968c98af?s=96&d=mm&r=g","url":"https:\/\/secure.gravatar.com\/avatar\/66cd7b00d93410555e00d1e6a911a86de0cd0cfa4f83a2f8b47eddc2968c98af?s=96&d=mm&r=g","contentUrl":"https:\/\/secure.gravatar.com\/avatar\/66cd7b00d93410555e00d1e6a911a86de0cd0cfa4f83a2f8b47eddc2968c98af?s=96&d=mm&r=g","caption":"bianca"},"url":"https:\/\/thefortune.one\/pt\/author\/bianca\/"}]}},"_links":{"self":[{"href":"https:\/\/thefortune.one\/pt\/wp-json\/wp\/v2\/posts\/3864","targetHints":{"allow":["GET"]}}],"collection":[{"href":"https:\/\/thefortune.one\/pt\/wp-json\/wp\/v2\/posts"}],"about":[{"href":"https:\/\/thefortune.one\/pt\/wp-json\/wp\/v2\/types\/post"}],"author":[{"embeddable":true,"href":"https:\/\/thefortune.one\/pt\/wp-json\/wp\/v2\/users\/3"}],"replies":[{"embeddable":true,"href":"https:\/\/thefortune.one\/pt\/wp-json\/wp\/v2\/comments?post=3864"}],"version-history":[{"count":1,"href":"https:\/\/thefortune.one\/pt\/wp-json\/wp\/v2\/posts\/3864\/revisions"}],"predecessor-version":[{"id":3867,"href":"https:\/\/thefortune.one\/pt\/wp-json\/wp\/v2\/posts\/3864\/revisions\/3867"}],"wp:featuredmedia":[{"embeddable":true,"href":"https:\/\/thefortune.one\/pt\/wp-json\/wp\/v2\/media\/3866"}],"wp:attachment":[{"href":"https:\/\/thefortune.one\/pt\/wp-json\/wp\/v2\/media?parent=3864"}],"wp:term":[{"taxonomy":"category","embeddable":true,"href":"https:\/\/thefortune.one\/pt\/wp-json\/wp\/v2\/categories?post=3864"},{"taxonomy":"post_tag","embeddable":true,"href":"https:\/\/thefortune.one\/pt\/wp-json\/wp\/v2\/tags?post=3864"}],"curies":[{"name":"wp","href":"https:\/\/api.w.org\/{rel}","templated":true}]}}