{"id":3847,"date":"2023-06-06T13:14:12","date_gmt":"2023-06-06T13:14:12","guid":{"rendered":"https:\/\/thefortune.one\/?p=3847"},"modified":"2023-06-06T13:14:12","modified_gmt":"2023-06-06T13:14:12","slug":"juros-futuros-tem-nova-sessao-de-forte-queda","status":"publish","type":"post","link":"https:\/\/thefortune.one\/pt\/juros-futuros-tem-nova-sessao-de-forte-queda\/","title":{"rendered":"Juros futuros t\u00eam nova sess\u00e3o de forte queda"},"content":{"rendered":"<p>Mercado mostra divis\u00e3o sobre in\u00edcio do ciclo de cortes na Selic, em agosto ou em setembro<\/p>\n\n\n\n<figure class=\"wp-block-image size-full\"><img fetchpriority=\"high\" decoding=\"async\" width=\"1008\" height=\"156\" src=\"https:\/\/thefortune.one\/wp-content\/uploads\/2023\/06\/image.png\" alt=\"\" class=\"wp-image-3848\" srcset=\"https:\/\/thefortune.one\/wp-content\/uploads\/2023\/06\/image.png 1008w, https:\/\/thefortune.one\/wp-content\/uploads\/2023\/06\/image-300x46.png 300w, https:\/\/thefortune.one\/wp-content\/uploads\/2023\/06\/image-768x119.png 768w, https:\/\/thefortune.one\/wp-content\/uploads\/2023\/06\/image-18x3.png 18w\" sizes=\"(max-width: 1008px) 100vw, 1008px\" \/><\/figure>\n\n\n\n<p>O otimismo em rela\u00e7\u00e3o aos ativos brasileiros, que deu as caras na semana passada, continuou a vigorar no preg\u00e3o de ontem. Enquanto os agentes financeiros continuam a levar em considera\u00e7\u00e3o um cen\u00e1rio mais intenso de desinfla\u00e7\u00e3o \u00e0 frente, declara\u00e7\u00f5es de dirigentes do Banco Central mais construtivas com o processo desinflacion\u00e1rio ajudaram a sustentar uma nova rodada de valoriza\u00e7\u00e3o dos ativos dom\u00e9sticos.<\/p>\n\n\n\n<p>Mais sens\u00edvel \u00e0s percep\u00e7\u00f5es sobre os rumos da pol\u00edtica monet\u00e1ria, o mercado de juros exibiu forte rea\u00e7\u00e3o aos sinais emitidos pelo Banco Central. A taxa do DI para janeiro de 2024 caiu de 13,215% para 13,16% e, em prazos mais longos, a taxa do DI para janeiro de 2027 recuou de 10,79% para 10,555%. Assim, a curva de juros precificava a Selic em torno de 12% no fim do ano e mostrava uma divis\u00e3o no mercado sobre o in\u00edcio dos cortes na taxa b\u00e1sica ocorrer em agosto ou em setembro.<\/p>\n\n\n\n<p>A sensa\u00e7\u00e3o entre participantes do mercado \u00e9 a de que, nos \u00faltimos dias, ganhou for\u00e7a uma antecipa\u00e7\u00e3o do in\u00edcio do ciclo. Declara\u00e7\u00f5es mais otimistas do presidente do Banco Central, Roberto Campos Neto, e do diretor de pol\u00edtica econ\u00f4mica do BC, Diogo Guillen, em torno de um cen\u00e1rio mais otimista de infla\u00e7\u00e3o ajudaram a derrubar as taxas futuras no preg\u00e3o de ontem.<\/p>\n\n\n\n<p>Os profissionais da Legacy Capital defendem que o ciclo de cortes na Selic pode ter in\u00edcio j\u00e1 em agosto, em um cen\u00e1rio que contempla, ainda, a manuten\u00e7\u00e3o do ponto central da meta de infla\u00e7\u00e3o em 3% e a continuidade dos sinais de desacelera\u00e7\u00e3o da infla\u00e7\u00e3o corrente.<\/p>\n\n\n\n<p>O Morgan Stanley tamb\u00e9m divulgou ontem sua revis\u00e3o de cen\u00e1rio e passou a ver um in\u00edcio do ciclo de redu\u00e7\u00e3o da Selic em setembro. Antes, a expectativa do banco americano era que o juro b\u00e1sico s\u00f3 come\u00e7aria a ser reduzido em dezembro. \u201cA concess\u00e3o de cr\u00e9dito mais fraca e um mercado de trabalho \u2018de lado\u2019 est\u00e3o reduzindo a for\u00e7a da demanda dom\u00e9stica, enquanto a redu\u00e7\u00e3o da incerteza fiscal deve levar a uma reancoragem gradual das expectativas de infla\u00e7\u00e3o\u201d, dizem os economistas Andre Loes e Thiago Machado.<\/p>\n\n\n\n<p>O Morgan Stanley projeta a Selic em 12% no fim deste ano e em 8,5% no segundo semestre de 2024. E, em rela\u00e7\u00e3o \u00e0 infla\u00e7\u00e3o, a expectativa do banco \u00e9 a de que o IPCA encerre 2023 em 5,6% e que chegue a 4% no fim do pr\u00f3ximo ano.<\/p>\n\n\n\n<p>Na medida em que o mercado de juros exibe um desempenho forte de descompress\u00e3o de pr\u00eamios de risco, o Ibovespa busca espa\u00e7o para seguir na tend\u00eancia de valoriza\u00e7\u00e3o. Na sess\u00e3o de ontem, o \u00edndice subiu apenas 0,12%, para 112.696 pontos, ajudado pelas a\u00e7\u00f5es da Petrobras e do Bradesco.<\/p>\n\n\n\n<p>Sustentados pela alta dos pre\u00e7os do petr\u00f3leo no mercado internacional, os pap\u00e9is ordin\u00e1rios da Petrobras subiram 0,62% e os preferenciais avan\u00e7aram 1,07%. J\u00e1 as a\u00e7\u00f5es preferenciais do Bradesco encerraram a segunda-feira com alta de 1,81%, ap\u00f3s o Credit Suisse mudar a recomenda\u00e7\u00e3o do papel de \u201cunderperform\u201d (equivalente a venda) para \u201cneutra\u201d.<\/p>\n\n\n\n<p>O desempenho do Ibovespa s\u00f3 n\u00e3o foi mais forte porque, no exterior, as bolsas em Nova York se ajustaram em queda na sess\u00e3o de ontem. O \u00edndice Dow Jones fechou em baixa de 0,59%; o S&amp;P 500 recuou 0,20%; e o Nasdaq perdeu 0,09%. A queda de 0,76% dos pap\u00e9is da Apple ajudou a puxar os indicadores acion\u00e1rios americanos para o vermelho. Al\u00e9m disso, os resultados mais fracos do setor de servi\u00e7os em maio nos Estados Unidos tamb\u00e9m pesaram no humor dos participantes do mercado.<\/p>\n\n\n\n<p>A sensa\u00e7\u00e3o de que a atividade econ\u00f4mica dos Estados Unidos est\u00e1 em desacelera\u00e7\u00e3o se intensificou na sess\u00e3o de ontem e derrubou a cota\u00e7\u00e3o do d\u00f3lar em n\u00edvel global. Por aqui, a moeda americana encerrou o preg\u00e3o \u00e0 vista negociada a R$ 4,9303, em queda de 0,46%.<\/p>\n\n\n\n<p>Na leitura do gerente de c\u00e2mbio da Tullett Prebon no Brasil, Italo Abucater, o diferencial de juros continua a dar apoio ao real. Ele lembra que o carrego deixa a compra de d\u00f3lares cara e aponta que, se n\u00e3o houver nenhum ru\u00eddo pol\u00edtico adicional at\u00e9 o fim do ano, a moeda brasileira deve seguir no mesmo n\u00edvel ou se valorizar um pouco mais. \u201cA meu ver, o mercado j\u00e1 \u2018comprou\u2019 a ideia de corte de juros s\u00f3 a partir de setembro.\u201d<\/p>\n\n\n\n<p>Fonte:https:\/\/valor.globo.com\/financas\/noticia\/2023\/06\/06\/juros-futuros-tem-nova-sessao-de-forte-queda.ghtml<\/p>\n\n\n\n<p><\/p>\n\n\n\n<p><\/p>\n\n\n\n<p><\/p>\n\n\n\n<p><\/p>\n\n\n\n<p><\/p>\n\n\n\n<p><\/p>\n\n\n\n<p><\/p>\n\n\n\n<p><\/p>\n\n\n\n<p><\/p>\n\n\n\n<p><\/p>\n\n\n\n<p><\/p>\n\n\n\n<p><\/p>\n\n\n\n<p><\/p>\n\n\n\n<p><\/p>","protected":false},"excerpt":{"rendered":"<p>Mercado mostra divis\u00e3o sobre in\u00edcio do ciclo de cortes na Selic, em agosto ou em setembro O otimismo em rela\u00e7\u00e3o aos ativos brasileiros, que deu as caras na semana passada, continuou a vigorar no preg\u00e3o de ontem. Enquanto os agentes financeiros continuam a levar em considera\u00e7\u00e3o um cen\u00e1rio mais intenso de desinfla\u00e7\u00e3o \u00e0 frente, declara\u00e7\u00f5es [&hellip;]<\/p>\n","protected":false},"author":3,"featured_media":3849,"comment_status":"open","ping_status":"open","sticky":false,"template":"","format":"standard","meta":{"_joinchat":[],"footnotes":""},"categories":[1],"tags":[],"class_list":["post-3847","post","type-post","status-publish","format-standard","has-post-thumbnail","hentry","category-the-fortune-one"],"yoast_head":"<!-- This site is optimized with the Yoast SEO plugin v27.5 - https:\/\/yoast.com\/product\/yoast-seo-wordpress\/ -->\n<title>Juros futuros t\u00eam nova sess\u00e3o de forte queda - The Fortune.one<\/title>\n<meta name=\"description\" content=\"Somos especialistas em gest\u00e3o patrimonial, op\u00e7\u00f5es de investimentos para diversos perfis, nosso diferencial \u00e9 comprovado com resultados.\" \/>\n<meta name=\"robots\" content=\"index, follow, max-snippet:-1, max-image-preview:large, max-video-preview:-1\" \/>\n<link rel=\"canonical\" href=\"https:\/\/thefortune.one\/pt\/juros-futuros-tem-nova-sessao-de-forte-queda\/\" \/>\n<meta property=\"og:locale\" content=\"pt_BR\" \/>\n<meta property=\"og:type\" content=\"article\" \/>\n<meta property=\"og:title\" content=\"Juros futuros t\u00eam nova sess\u00e3o de forte queda - The Fortune.one\" \/>\n<meta property=\"og:description\" content=\"Somos especialistas em gest\u00e3o patrimonial, op\u00e7\u00f5es de investimentos para diversos perfis, nosso diferencial \u00e9 comprovado com resultados.\" \/>\n<meta property=\"og:url\" content=\"https:\/\/thefortune.one\/pt\/juros-futuros-tem-nova-sessao-de-forte-queda\/\" \/>\n<meta property=\"og:site_name\" content=\"The Fortune.one\" \/>\n<meta property=\"article:published_time\" content=\"2023-06-06T13:14:12+00:00\" \/>\n<meta property=\"og:image\" content=\"https:\/\/thefortune.one\/wp-content\/uploads\/2023\/06\/taxas.jpg\" \/>\n\t<meta property=\"og:image:width\" content=\"1008\" \/>\n\t<meta property=\"og:image:height\" content=\"156\" \/>\n\t<meta property=\"og:image:type\" content=\"image\/jpeg\" \/>\n<meta name=\"author\" content=\"bianca\" \/>\n<meta name=\"twitter:card\" content=\"summary_large_image\" \/>\n<meta name=\"twitter:label1\" content=\"Escrito por\" \/>\n\t<meta name=\"twitter:data1\" content=\"bianca\" \/>\n\t<meta name=\"twitter:label2\" content=\"Est. tempo de leitura\" \/>\n\t<meta name=\"twitter:data2\" content=\"4 minutos\" \/>\n<script type=\"application\/ld+json\" class=\"yoast-schema-graph\">{\"@context\":\"https:\\\/\\\/schema.org\",\"@graph\":[{\"@type\":\"Article\",\"@id\":\"https:\\\/\\\/thefortune.one\\\/pt\\\/juros-futuros-tem-nova-sessao-de-forte-queda\\\/#article\",\"isPartOf\":{\"@id\":\"https:\\\/\\\/thefortune.one\\\/pt\\\/juros-futuros-tem-nova-sessao-de-forte-queda\\\/\"},\"author\":{\"name\":\"bianca\",\"@id\":\"https:\\\/\\\/thefortune.one\\\/pt\\\/#\\\/schema\\\/person\\\/6cd8fe72a627d36caabf41815984a16f\"},\"headline\":\"Juros futuros t\u00eam nova sess\u00e3o de forte queda\",\"datePublished\":\"2023-06-06T13:14:12+00:00\",\"mainEntityOfPage\":{\"@id\":\"https:\\\/\\\/thefortune.one\\\/pt\\\/juros-futuros-tem-nova-sessao-de-forte-queda\\\/\"},\"wordCount\":798,\"commentCount\":0,\"publisher\":{\"@id\":\"https:\\\/\\\/thefortune.one\\\/pt\\\/#organization\"},\"image\":{\"@id\":\"https:\\\/\\\/thefortune.one\\\/pt\\\/juros-futuros-tem-nova-sessao-de-forte-queda\\\/#primaryimage\"},\"thumbnailUrl\":\"https:\\\/\\\/thefortune.one\\\/wp-content\\\/uploads\\\/2023\\\/06\\\/taxas.jpg\",\"articleSection\":[\"The Fortune.one\"],\"inLanguage\":\"pt-BR\",\"potentialAction\":[{\"@type\":\"CommentAction\",\"name\":\"Comment\",\"target\":[\"https:\\\/\\\/thefortune.one\\\/pt\\\/juros-futuros-tem-nova-sessao-de-forte-queda\\\/#respond\"]}]},{\"@type\":\"WebPage\",\"@id\":\"https:\\\/\\\/thefortune.one\\\/pt\\\/juros-futuros-tem-nova-sessao-de-forte-queda\\\/\",\"url\":\"https:\\\/\\\/thefortune.one\\\/pt\\\/juros-futuros-tem-nova-sessao-de-forte-queda\\\/\",\"name\":\"Juros futuros t\u00eam nova sess\u00e3o de forte queda - The Fortune.one\",\"isPartOf\":{\"@id\":\"https:\\\/\\\/thefortune.one\\\/pt\\\/#website\"},\"primaryImageOfPage\":{\"@id\":\"https:\\\/\\\/thefortune.one\\\/pt\\\/juros-futuros-tem-nova-sessao-de-forte-queda\\\/#primaryimage\"},\"image\":{\"@id\":\"https:\\\/\\\/thefortune.one\\\/pt\\\/juros-futuros-tem-nova-sessao-de-forte-queda\\\/#primaryimage\"},\"thumbnailUrl\":\"https:\\\/\\\/thefortune.one\\\/wp-content\\\/uploads\\\/2023\\\/06\\\/taxas.jpg\",\"datePublished\":\"2023-06-06T13:14:12+00:00\",\"description\":\"Somos especialistas em gest\u00e3o patrimonial, op\u00e7\u00f5es de investimentos para diversos perfis, nosso diferencial \u00e9 comprovado com resultados.\",\"breadcrumb\":{\"@id\":\"https:\\\/\\\/thefortune.one\\\/pt\\\/juros-futuros-tem-nova-sessao-de-forte-queda\\\/#breadcrumb\"},\"inLanguage\":\"pt-BR\",\"potentialAction\":[{\"@type\":\"ReadAction\",\"target\":[\"https:\\\/\\\/thefortune.one\\\/pt\\\/juros-futuros-tem-nova-sessao-de-forte-queda\\\/\"]}]},{\"@type\":\"ImageObject\",\"inLanguage\":\"pt-BR\",\"@id\":\"https:\\\/\\\/thefortune.one\\\/pt\\\/juros-futuros-tem-nova-sessao-de-forte-queda\\\/#primaryimage\",\"url\":\"https:\\\/\\\/thefortune.one\\\/wp-content\\\/uploads\\\/2023\\\/06\\\/taxas.jpg\",\"contentUrl\":\"https:\\\/\\\/thefortune.one\\\/wp-content\\\/uploads\\\/2023\\\/06\\\/taxas.jpg\",\"width\":1008,\"height\":156},{\"@type\":\"BreadcrumbList\",\"@id\":\"https:\\\/\\\/thefortune.one\\\/pt\\\/juros-futuros-tem-nova-sessao-de-forte-queda\\\/#breadcrumb\",\"itemListElement\":[{\"@type\":\"ListItem\",\"position\":1,\"name\":\"In\u00edcio\",\"item\":\"https:\\\/\\\/thefortune.one\\\/pt\\\/\"},{\"@type\":\"ListItem\",\"position\":2,\"name\":\"Juros futuros t\u00eam nova sess\u00e3o de forte queda\"}]},{\"@type\":\"WebSite\",\"@id\":\"https:\\\/\\\/thefortune.one\\\/pt\\\/#website\",\"url\":\"https:\\\/\\\/thefortune.one\\\/pt\\\/\",\"name\":\"The Fortune.one\",\"description\":\"Gestora de Recursos Especializada em Private Equity\",\"publisher\":{\"@id\":\"https:\\\/\\\/thefortune.one\\\/pt\\\/#organization\"},\"potentialAction\":[{\"@type\":\"SearchAction\",\"target\":{\"@type\":\"EntryPoint\",\"urlTemplate\":\"https:\\\/\\\/thefortune.one\\\/pt\\\/?s={search_term_string}\"},\"query-input\":{\"@type\":\"PropertyValueSpecification\",\"valueRequired\":true,\"valueName\":\"search_term_string\"}}],\"inLanguage\":\"pt-BR\"},{\"@type\":\"Organization\",\"@id\":\"https:\\\/\\\/thefortune.one\\\/pt\\\/#organization\",\"name\":\"The Fortune One\",\"url\":\"https:\\\/\\\/thefortune.one\\\/pt\\\/\",\"logo\":{\"@type\":\"ImageObject\",\"inLanguage\":\"pt-BR\",\"@id\":\"https:\\\/\\\/thefortune.one\\\/pt\\\/#\\\/schema\\\/logo\\\/image\\\/\",\"url\":\"https:\\\/\\\/thefortune.one\\\/wp-content\\\/uploads\\\/2022\\\/11\\\/cropped-cropped-1651682701199-1.jpg\",\"contentUrl\":\"https:\\\/\\\/thefortune.one\\\/wp-content\\\/uploads\\\/2022\\\/11\\\/cropped-cropped-1651682701199-1.jpg\",\"width\":369,\"height\":421,\"caption\":\"The Fortune One\"},\"image\":{\"@id\":\"https:\\\/\\\/thefortune.one\\\/pt\\\/#\\\/schema\\\/logo\\\/image\\\/\"}},{\"@type\":\"Person\",\"@id\":\"https:\\\/\\\/thefortune.one\\\/pt\\\/#\\\/schema\\\/person\\\/6cd8fe72a627d36caabf41815984a16f\",\"name\":\"bianca\",\"image\":{\"@type\":\"ImageObject\",\"inLanguage\":\"pt-BR\",\"@id\":\"https:\\\/\\\/secure.gravatar.com\\\/avatar\\\/66cd7b00d93410555e00d1e6a911a86de0cd0cfa4f83a2f8b47eddc2968c98af?s=96&d=mm&r=g\",\"url\":\"https:\\\/\\\/secure.gravatar.com\\\/avatar\\\/66cd7b00d93410555e00d1e6a911a86de0cd0cfa4f83a2f8b47eddc2968c98af?s=96&d=mm&r=g\",\"contentUrl\":\"https:\\\/\\\/secure.gravatar.com\\\/avatar\\\/66cd7b00d93410555e00d1e6a911a86de0cd0cfa4f83a2f8b47eddc2968c98af?s=96&d=mm&r=g\",\"caption\":\"bianca\"},\"url\":\"https:\\\/\\\/thefortune.one\\\/pt\\\/author\\\/bianca\\\/\"}]}<\/script>\n<!-- \/ Yoast SEO plugin. -->","yoast_head_json":{"title":"Juros futuros t\u00eam nova sess\u00e3o de forte queda - The Fortune.one","description":"Somos especialistas em gest\u00e3o patrimonial, op\u00e7\u00f5es de investimentos para diversos perfis, nosso diferencial \u00e9 comprovado com resultados.","robots":{"index":"index","follow":"follow","max-snippet":"max-snippet:-1","max-image-preview":"max-image-preview:large","max-video-preview":"max-video-preview:-1"},"canonical":"https:\/\/thefortune.one\/pt\/juros-futuros-tem-nova-sessao-de-forte-queda\/","og_locale":"pt_BR","og_type":"article","og_title":"Juros futuros t\u00eam nova sess\u00e3o de forte queda - The Fortune.one","og_description":"Somos especialistas em gest\u00e3o patrimonial, op\u00e7\u00f5es de investimentos para diversos perfis, nosso diferencial \u00e9 comprovado com resultados.","og_url":"https:\/\/thefortune.one\/pt\/juros-futuros-tem-nova-sessao-de-forte-queda\/","og_site_name":"The Fortune.one","article_published_time":"2023-06-06T13:14:12+00:00","og_image":[{"width":1008,"height":156,"url":"https:\/\/thefortune.one\/wp-content\/uploads\/2023\/06\/taxas.jpg","type":"image\/jpeg"}],"author":"bianca","twitter_card":"summary_large_image","twitter_misc":{"Escrito por":"bianca","Est. tempo de leitura":"4 minutos"},"schema":{"@context":"https:\/\/schema.org","@graph":[{"@type":"Article","@id":"https:\/\/thefortune.one\/pt\/juros-futuros-tem-nova-sessao-de-forte-queda\/#article","isPartOf":{"@id":"https:\/\/thefortune.one\/pt\/juros-futuros-tem-nova-sessao-de-forte-queda\/"},"author":{"name":"bianca","@id":"https:\/\/thefortune.one\/pt\/#\/schema\/person\/6cd8fe72a627d36caabf41815984a16f"},"headline":"Juros futuros t\u00eam nova sess\u00e3o de forte queda","datePublished":"2023-06-06T13:14:12+00:00","mainEntityOfPage":{"@id":"https:\/\/thefortune.one\/pt\/juros-futuros-tem-nova-sessao-de-forte-queda\/"},"wordCount":798,"commentCount":0,"publisher":{"@id":"https:\/\/thefortune.one\/pt\/#organization"},"image":{"@id":"https:\/\/thefortune.one\/pt\/juros-futuros-tem-nova-sessao-de-forte-queda\/#primaryimage"},"thumbnailUrl":"https:\/\/thefortune.one\/wp-content\/uploads\/2023\/06\/taxas.jpg","articleSection":["The Fortune.one"],"inLanguage":"pt-BR","potentialAction":[{"@type":"CommentAction","name":"Comment","target":["https:\/\/thefortune.one\/pt\/juros-futuros-tem-nova-sessao-de-forte-queda\/#respond"]}]},{"@type":"WebPage","@id":"https:\/\/thefortune.one\/pt\/juros-futuros-tem-nova-sessao-de-forte-queda\/","url":"https:\/\/thefortune.one\/pt\/juros-futuros-tem-nova-sessao-de-forte-queda\/","name":"Juros futuros t\u00eam nova sess\u00e3o de forte queda - The Fortune.one","isPartOf":{"@id":"https:\/\/thefortune.one\/pt\/#website"},"primaryImageOfPage":{"@id":"https:\/\/thefortune.one\/pt\/juros-futuros-tem-nova-sessao-de-forte-queda\/#primaryimage"},"image":{"@id":"https:\/\/thefortune.one\/pt\/juros-futuros-tem-nova-sessao-de-forte-queda\/#primaryimage"},"thumbnailUrl":"https:\/\/thefortune.one\/wp-content\/uploads\/2023\/06\/taxas.jpg","datePublished":"2023-06-06T13:14:12+00:00","description":"Somos especialistas em gest\u00e3o patrimonial, op\u00e7\u00f5es de investimentos para diversos perfis, nosso diferencial \u00e9 comprovado com resultados.","breadcrumb":{"@id":"https:\/\/thefortune.one\/pt\/juros-futuros-tem-nova-sessao-de-forte-queda\/#breadcrumb"},"inLanguage":"pt-BR","potentialAction":[{"@type":"ReadAction","target":["https:\/\/thefortune.one\/pt\/juros-futuros-tem-nova-sessao-de-forte-queda\/"]}]},{"@type":"ImageObject","inLanguage":"pt-BR","@id":"https:\/\/thefortune.one\/pt\/juros-futuros-tem-nova-sessao-de-forte-queda\/#primaryimage","url":"https:\/\/thefortune.one\/wp-content\/uploads\/2023\/06\/taxas.jpg","contentUrl":"https:\/\/thefortune.one\/wp-content\/uploads\/2023\/06\/taxas.jpg","width":1008,"height":156},{"@type":"BreadcrumbList","@id":"https:\/\/thefortune.one\/pt\/juros-futuros-tem-nova-sessao-de-forte-queda\/#breadcrumb","itemListElement":[{"@type":"ListItem","position":1,"name":"In\u00edcio","item":"https:\/\/thefortune.one\/pt\/"},{"@type":"ListItem","position":2,"name":"Juros futuros t\u00eam nova sess\u00e3o de forte queda"}]},{"@type":"WebSite","@id":"https:\/\/thefortune.one\/pt\/#website","url":"https:\/\/thefortune.one\/pt\/","name":"The Fortune.one","description":"Gestora de Recursos Especializada em Private Equity","publisher":{"@id":"https:\/\/thefortune.one\/pt\/#organization"},"potentialAction":[{"@type":"SearchAction","target":{"@type":"EntryPoint","urlTemplate":"https:\/\/thefortune.one\/pt\/?s={search_term_string}"},"query-input":{"@type":"PropertyValueSpecification","valueRequired":true,"valueName":"search_term_string"}}],"inLanguage":"pt-BR"},{"@type":"Organization","@id":"https:\/\/thefortune.one\/pt\/#organization","name":"The Fortune One","url":"https:\/\/thefortune.one\/pt\/","logo":{"@type":"ImageObject","inLanguage":"pt-BR","@id":"https:\/\/thefortune.one\/pt\/#\/schema\/logo\/image\/","url":"https:\/\/thefortune.one\/wp-content\/uploads\/2022\/11\/cropped-cropped-1651682701199-1.jpg","contentUrl":"https:\/\/thefortune.one\/wp-content\/uploads\/2022\/11\/cropped-cropped-1651682701199-1.jpg","width":369,"height":421,"caption":"The Fortune One"},"image":{"@id":"https:\/\/thefortune.one\/pt\/#\/schema\/logo\/image\/"}},{"@type":"Person","@id":"https:\/\/thefortune.one\/pt\/#\/schema\/person\/6cd8fe72a627d36caabf41815984a16f","name":"bianca","image":{"@type":"ImageObject","inLanguage":"pt-BR","@id":"https:\/\/secure.gravatar.com\/avatar\/66cd7b00d93410555e00d1e6a911a86de0cd0cfa4f83a2f8b47eddc2968c98af?s=96&d=mm&r=g","url":"https:\/\/secure.gravatar.com\/avatar\/66cd7b00d93410555e00d1e6a911a86de0cd0cfa4f83a2f8b47eddc2968c98af?s=96&d=mm&r=g","contentUrl":"https:\/\/secure.gravatar.com\/avatar\/66cd7b00d93410555e00d1e6a911a86de0cd0cfa4f83a2f8b47eddc2968c98af?s=96&d=mm&r=g","caption":"bianca"},"url":"https:\/\/thefortune.one\/pt\/author\/bianca\/"}]}},"_links":{"self":[{"href":"https:\/\/thefortune.one\/pt\/wp-json\/wp\/v2\/posts\/3847","targetHints":{"allow":["GET"]}}],"collection":[{"href":"https:\/\/thefortune.one\/pt\/wp-json\/wp\/v2\/posts"}],"about":[{"href":"https:\/\/thefortune.one\/pt\/wp-json\/wp\/v2\/types\/post"}],"author":[{"embeddable":true,"href":"https:\/\/thefortune.one\/pt\/wp-json\/wp\/v2\/users\/3"}],"replies":[{"embeddable":true,"href":"https:\/\/thefortune.one\/pt\/wp-json\/wp\/v2\/comments?post=3847"}],"version-history":[{"count":1,"href":"https:\/\/thefortune.one\/pt\/wp-json\/wp\/v2\/posts\/3847\/revisions"}],"predecessor-version":[{"id":3850,"href":"https:\/\/thefortune.one\/pt\/wp-json\/wp\/v2\/posts\/3847\/revisions\/3850"}],"wp:featuredmedia":[{"embeddable":true,"href":"https:\/\/thefortune.one\/pt\/wp-json\/wp\/v2\/media\/3849"}],"wp:attachment":[{"href":"https:\/\/thefortune.one\/pt\/wp-json\/wp\/v2\/media?parent=3847"}],"wp:term":[{"taxonomy":"category","embeddable":true,"href":"https:\/\/thefortune.one\/pt\/wp-json\/wp\/v2\/categories?post=3847"},{"taxonomy":"post_tag","embeddable":true,"href":"https:\/\/thefortune.one\/pt\/wp-json\/wp\/v2\/tags?post=3847"}],"curies":[{"name":"wp","href":"https:\/\/api.w.org\/{rel}","templated":true}]}}