{"id":3836,"date":"2023-06-01T13:13:28","date_gmt":"2023-06-01T13:13:28","guid":{"rendered":"https:\/\/thefortune.one\/?p=3836"},"modified":"2023-06-01T13:13:28","modified_gmt":"2023-06-01T13:13:28","slug":"clima-favoravel-ajuda-agronegocio-a-registrar-recordes-em-safras-e-exportacoes-dizem-especialistas","status":"publish","type":"post","link":"https:\/\/thefortune.one\/pt\/clima-favoravel-ajuda-agronegocio-a-registrar-recordes-em-safras-e-exportacoes-dizem-especialistas\/","title":{"rendered":"Clima favor\u00e1vel ajuda agroneg\u00f3cio a registrar recordes em safras e exporta\u00e7\u00f5es, dizem especialistas"},"content":{"rendered":"\n<p>Apesar dos aumentos de volume de produ\u00e7\u00e3o, especialistas n\u00e3o veem novo ciclo de &#8220;boom&#8221; de commodities com recordes em receita<img decoding=\"async\" src=\"https:\/\/www.cnnbrasil.com.br\/wp-content\/uploads\/sites\/12\/2022\/03\/robert-wiedemann-FJGZFxtQWko-unsplash.jpg?w=876&amp;h=484&amp;crop=1\" alt=\"Para especialistas consultados pela CNN, ainda \u00e9 cedo para avaliar se as expans\u00f5es de quantidade devem superar os ajustes de pre\u00e7os\">Para especialistas consultados pela CNN, ainda \u00e9 cedo para avaliar se as expans\u00f5es de quantidade devem superar os ajustes de pre\u00e7osRobert Wiedemann\/ Unsplash<\/p>\n\n\n\n<p><a href=\"https:\/\/www.cnnbrasil.com.br\/autor\/pedro-zanatta\/\">Pedro Zanatta<\/a>da CNN<\/p>\n\n\n\n<p>Os recentes resultados do&nbsp;<a href=\"https:\/\/www.cnnbrasil.com.br\/tudo-sobre\/agronegocio\/\">agroneg\u00f3cio<\/a>&nbsp;brasileiro t\u00eam deixado otimistas os especialistas que acompanham o setor. A avalia\u00e7\u00e3o \u00e9 de que quest\u00f5es clim\u00e1ticas e o cen\u00e1rio de demanda global beneficiam o Brasil, principalmente, no que se refere ao volume de exporta\u00e7\u00f5es.<\/p>\n\n\n\n<p>\u201cEm volume [de&nbsp;<a href=\"https:\/\/www.cnnbrasil.com.br\/tudo-sobre\/exportacoes\/\">exporta\u00e7\u00f5es<\/a>], de fato, os cen\u00e1rios s\u00e3o muito favor\u00e1veis. Tem uma demanda forte e consolidada no mercado internacional e nesse curto prazo, de 5 anos, n\u00e3o h\u00e1 grandes fornecedores com capacidade de gerar excedentes [como o Brasil] na escala que o mercado est\u00e1 demandando\u201d, diz Felippe Serigati, pesquisador do Centro de Agroneg\u00f3cios da FGV (FGV Agro).<\/p>\n\n\n\n<p>De acordo com o&nbsp;<a href=\"https:\/\/www.cnnbrasil.com.br\/tudo-sobre\/ministerio-da-agricultura\/\">Minist\u00e9rio da Agricultura<\/a>, a receita com<a href=\"https:\/\/www.cnnbrasil.com.br\/tudo-sobre\/exportacoes\/\">&nbsp;exporta\u00e7\u00f5es<\/a>&nbsp;do agroneg\u00f3cio, nos quatro meses de 2023, alcan\u00e7ou valor recorde de US$ 50,6 bilh\u00f5es. Em nota, a pasta diz que o setor foi respons\u00e1vel por quase metade das vendas externas totais do Brasil no per\u00edodo, com participa\u00e7\u00e3o de 49%.<\/p>\n\n\n\n<p>J\u00e1 pelo lado da produ\u00e7\u00e3o, principalmente de gr\u00e3os, as perspectivas tamb\u00e9m s\u00e3o positivas. Segundo a Companhia Nacional de Abastecimento (<a href=\"https:\/\/www.cnnbrasil.com.br\/tudo-sobre\/conab\/\">Conab<\/a>), para a safra total de gr\u00e3os 2022\/23, a previs\u00e3o atual \u00e9 de recorde de 313,9 milh\u00f5es de toneladas, contra 312,5 milh\u00f5es na estimativa de abril, representando um avan\u00e7o de 15,2% na compara\u00e7\u00e3o anual.<\/p>\n\n\n\n<p>Ainda que o volume tem atingido resultados satisfat\u00f3rios, os especialistas n\u00e3o veem um novo \u201cboom\u201d de commodities agr\u00edcolas, como o registrado no segundo mandato do presidente Luiz In\u00e1cio Lula da Silva (PT), entre 2006 a 2010.<\/p>\n\n\n\n<ul class=\"wp-block-list\">\n<li><a href=\"https:\/\/www.cnnbrasil.com.br\/economia\/o-que-e-emergencia-zoossanitaria-decretada-pelo-governo\/\">O que \u00e9 emerg\u00eancia zoossanit\u00e1ria decretada pelo governo<\/a><\/li>\n\n\n\n<li><a href=\"https:\/\/www.cnnbrasil.com.br\/economia\/precos-dos-combustiveis-nos-postos-caem-cerca-de-4-na-semana-diz-anp\/\">Pre\u00e7os dos combust\u00edveis nos postos caem cerca de 4% na semana, diz ANP<\/a><\/li>\n\n\n\n<li><a href=\"https:\/\/www.cnnbrasil.com.br\/economia\/mercado-faz-nova-revisao-e-reduz-para-571-estimativa-de-inflacao-para-2023-diz-focus\/\">Mercado faz nova revis\u00e3o e reduz para 5,71% estimativa de infla\u00e7\u00e3o para 2023, diz Focus<\/a><\/li>\n<\/ul>\n\n\n\n<p>Serigati explica que, para que pud\u00e9ssemos caracterizar este cen\u00e1rio como \u201cboom\u201d de commodities agr\u00edcolas, seria preciso observar, al\u00e9m do volume, os pre\u00e7os e cota\u00e7\u00f5es e, neste sentido, o pesquisador diz n\u00e3o vislumbrar tal desdobramento, uma vez que \u201cas commodities est\u00e3o operando em n\u00edvel inferior do que visto no ano passado\u201d.<\/p>\n\n\n\n<p>Um cen\u00e1rio importante que difere daquele visto no final da d\u00e9cada retrasada, \u00e9 que, em 2010, a China registrava um crescimento econ\u00f4mico na casa dos dois d\u00edgitos, algo que beneficiou o Brasil no momento e que n\u00e3o faz parte do atual cen\u00e1rio, destaca o professor.<\/p>\n\n\n\n<p>Leonardo Alencar, head de Agro, Bebidas e Alimentos da XP, afirma tamb\u00e9m que, dentro deste contexto de produ\u00e7\u00e3o recorde, o pa\u00eds pode observar uma queda nos pre\u00e7os dos alimentos internamente.<\/p>\n\n\n\n<p>Segundo Alencar, um cen\u00e1rio de comercializa\u00e7\u00e3o das commodities com pre\u00e7os menores pode gerar uma perda de rentabilidade para os produtores, conduto, o especialista explica que o produtor est\u00e1 capitalizado. \u201cEstamos entrando neste cen\u00e1rio de pre\u00e7os mais baixos, mas ele vem de 2,3 anos de margens muito boas. Isso \u00e9 c\u00edclico, continuamos em um volume grande de exporta\u00e7\u00e3o ainda que com pre\u00e7os menores\u201d.<\/p>\n\n\n\n<p>Para os especialistas ouvidos pela&nbsp;<strong>CNN<\/strong>, ainda \u00e9 cedo para avaliar se as expans\u00f5es de quantidade devem superar os ajustes de pre\u00e7os.<\/p>\n\n\n\n<p>A leitura tamb\u00e9m \u00e9 feita pela ag\u00eancia de classifica\u00e7\u00e3o de risco S&amp;P Global Ratings, em um relat\u00f3rio divulgado no in\u00edcio do m\u00eas.<\/p>\n\n\n\n<p>O relat\u00f3rio destaca tr\u00eas subsetores do agroneg\u00f3cio que foram analisados e que representam cerca de&nbsp;72% das exporta\u00e7\u00f5es totais do setor do pa\u00eds. Os produtores de soja,<br>milho e algod\u00e3o; carne bovina, de aves e su\u00edna; e a\u00e7\u00facar e etanol \u2014 geraram US$ 114 bilh\u00f5es em receitas de exporta\u00e7\u00e3o em 2022.<\/p>\n\n\n\n<p>Segundo o documento, a desvaloriza\u00e7\u00e3o do real, a s\u00f3lida demanda global pelos produtos e as condi\u00e7\u00f5es clim\u00e1ticas \u2014 que beneficiam os volumes de produ\u00e7\u00e3o \u2014 devem sustentar a lucratividade e a qualidade de cr\u00e9dito desses subsetores em 2023, apesar das condi\u00e7\u00f5es de financiamento mais fracas.<\/p>\n\n\n\n<p>As perspectivas positivas para os gr\u00e3os tamb\u00e9m \u00e9 observada pela Conab. Segundo a companhia, a safra de&nbsp;<a href=\"https:\/\/www.cnnbrasil.com.br\/tudo-sobre\/soja\/\">soja<\/a>&nbsp;do Brasil 2022\/23&nbsp;<a href=\"https:\/\/www.cnnbrasil.com.br\/economia\/conab-eleva-previsao-de-safra-de-soja-do-brasil-para-1548-milhoes-de-toneladas\/\">est\u00e1 estimada em recorde de 154,8 milh\u00f5es de toneladas<\/a>, aumento de 1,2 milh\u00e3o de toneladas na compara\u00e7\u00e3o com o n\u00famero de abril.<\/p>\n\n\n\n<p>J\u00e1 a safra total de milho do Brasil 2022\/23 foi prevista em 125,5 milh\u00f5es de toneladas, com alta de cerca de 600 mil toneladas na compara\u00e7\u00e3o com a proje\u00e7\u00e3o divulgada no m\u00eas passado.<\/p>\n\n\n\n<p>Fl\u00e1via Bedran e Bruno Matelli, analistas respons\u00e1veis pelo relat\u00f3rio da S&amp;P, dizem que o clima foi um fator determinante para os resultados da produ\u00e7\u00e3o brasileira, principalmente ap\u00f3s a seca registrada em 2021, que trouxe preju\u00edzos para o setor.<\/p>\n\n\n\n<p>Nesta segunda-feira, a Conab&nbsp;informou que o&nbsp;aumento do volume de chuvas nas principais regi\u00f5es produtoras de gr\u00e3os do pa\u00eds, entre os dias 1\u00ba e 21 de maio, contribuiu para o&nbsp;<a href=\"https:\/\/www.cnnbrasil.com.br\/economia\/volume-de-chuvas-favoreceu-safra-2022-23-especialmente-o-milho-informa-conab\/\">desenvolvimento dos cultivos da&nbsp;safra de ver\u00e3o e inverno 2022\/23<\/a>, em especial o&nbsp;milho segunda safra.<\/p>\n\n\n\n<p>Fonte:https:\/\/www.cnnbrasil.com.br\/economia\/agronegocio-brasileiro-se-beneficia-com-clima-favoravel-safras-e-exportacoes-recordes-avaliam-especialistas\/<\/p>\n","protected":false},"excerpt":{"rendered":"<p>Apesar dos aumentos de volume de produ\u00e7\u00e3o, especialistas n\u00e3o veem novo ciclo de &#8220;boom&#8221; de commodities com recordes em receitaPara especialistas consultados pela CNN, ainda \u00e9 cedo para avaliar se as expans\u00f5es de quantidade devem superar os ajustes de pre\u00e7osRobert Wiedemann\/ Unsplash Pedro Zanattada CNN Os recentes resultados do&nbsp;agroneg\u00f3cio&nbsp;brasileiro t\u00eam deixado otimistas os especialistas que [&hellip;]<\/p>\n","protected":false},"author":3,"featured_media":3837,"comment_status":"open","ping_status":"open","sticky":false,"template":"","format":"standard","meta":{"_joinchat":[],"footnotes":""},"categories":[1],"tags":[],"class_list":["post-3836","post","type-post","status-publish","format-standard","has-post-thumbnail","hentry","category-the-fortune-one"],"yoast_head":"<!-- This site is optimized with the Yoast SEO plugin v27.5 - https:\/\/yoast.com\/product\/yoast-seo-wordpress\/ -->\n<title>Clima favor\u00e1vel ajuda agroneg\u00f3cio a registrar recordes em safras e exporta\u00e7\u00f5es, dizem especialistas - The Fortune.one<\/title>\n<meta name=\"description\" content=\"Somos especialistas em gest\u00e3o patrimonial, op\u00e7\u00f5es de investimentos para diversos perfis, nosso diferencial \u00e9 comprovado com resultados.\" \/>\n<meta name=\"robots\" content=\"index, follow, max-snippet:-1, max-image-preview:large, max-video-preview:-1\" \/>\n<link rel=\"canonical\" href=\"https:\/\/thefortune.one\/pt\/clima-favoravel-ajuda-agronegocio-a-registrar-recordes-em-safras-e-exportacoes-dizem-especialistas\/\" \/>\n<meta property=\"og:locale\" content=\"pt_BR\" \/>\n<meta property=\"og:type\" content=\"article\" \/>\n<meta property=\"og:title\" content=\"Clima favor\u00e1vel ajuda agroneg\u00f3cio a registrar recordes em safras e exporta\u00e7\u00f5es, dizem especialistas - The Fortune.one\" \/>\n<meta property=\"og:description\" content=\"Somos especialistas em gest\u00e3o patrimonial, op\u00e7\u00f5es de investimentos para diversos perfis, nosso diferencial \u00e9 comprovado com resultados.\" \/>\n<meta property=\"og:url\" content=\"https:\/\/thefortune.one\/pt\/clima-favoravel-ajuda-agronegocio-a-registrar-recordes-em-safras-e-exportacoes-dizem-especialistas\/\" \/>\n<meta property=\"og:site_name\" content=\"The Fortune.one\" \/>\n<meta property=\"article:published_time\" content=\"2023-06-01T13:13:28+00:00\" \/>\n<meta property=\"og:image\" content=\"https:\/\/thefortune.one\/wp-content\/uploads\/2023\/06\/agro.jpg\" \/>\n\t<meta property=\"og:image:width\" content=\"876\" \/>\n\t<meta property=\"og:image:height\" content=\"484\" \/>\n\t<meta property=\"og:image:type\" content=\"image\/jpeg\" \/>\n<meta name=\"author\" content=\"bianca\" \/>\n<meta name=\"twitter:card\" content=\"summary_large_image\" \/>\n<meta name=\"twitter:label1\" content=\"Escrito por\" \/>\n\t<meta name=\"twitter:data1\" content=\"bianca\" \/>\n\t<meta name=\"twitter:label2\" content=\"Est. tempo de leitura\" \/>\n\t<meta name=\"twitter:data2\" content=\"5 minutos\" \/>\n<script type=\"application\/ld+json\" class=\"yoast-schema-graph\">{\"@context\":\"https:\\\/\\\/schema.org\",\"@graph\":[{\"@type\":\"Article\",\"@id\":\"https:\\\/\\\/thefortune.one\\\/en\\\/clima-favoravel-ajuda-agronegocio-a-registrar-recordes-em-safras-e-exportacoes-dizem-especialistas\\\/#article\",\"isPartOf\":{\"@id\":\"https:\\\/\\\/thefortune.one\\\/en\\\/clima-favoravel-ajuda-agronegocio-a-registrar-recordes-em-safras-e-exportacoes-dizem-especialistas\\\/\"},\"author\":{\"name\":\"bianca\",\"@id\":\"https:\\\/\\\/thefortune.one\\\/pt\\\/#\\\/schema\\\/person\\\/6cd8fe72a627d36caabf41815984a16f\"},\"headline\":\"Clima favor\u00e1vel ajuda agroneg\u00f3cio a registrar recordes em safras e exporta\u00e7\u00f5es, dizem especialistas\",\"datePublished\":\"2023-06-01T13:13:28+00:00\",\"mainEntityOfPage\":{\"@id\":\"https:\\\/\\\/thefortune.one\\\/en\\\/clima-favoravel-ajuda-agronegocio-a-registrar-recordes-em-safras-e-exportacoes-dizem-especialistas\\\/\"},\"wordCount\":926,\"commentCount\":0,\"publisher\":{\"@id\":\"https:\\\/\\\/thefortune.one\\\/pt\\\/#organization\"},\"image\":{\"@id\":\"https:\\\/\\\/thefortune.one\\\/en\\\/clima-favoravel-ajuda-agronegocio-a-registrar-recordes-em-safras-e-exportacoes-dizem-especialistas\\\/#primaryimage\"},\"thumbnailUrl\":\"https:\\\/\\\/thefortune.one\\\/wp-content\\\/uploads\\\/2023\\\/06\\\/agro.jpg\",\"articleSection\":[\"The Fortune.one\"],\"inLanguage\":\"pt-BR\",\"potentialAction\":[{\"@type\":\"CommentAction\",\"name\":\"Comment\",\"target\":[\"https:\\\/\\\/thefortune.one\\\/en\\\/clima-favoravel-ajuda-agronegocio-a-registrar-recordes-em-safras-e-exportacoes-dizem-especialistas\\\/#respond\"]}]},{\"@type\":\"WebPage\",\"@id\":\"https:\\\/\\\/thefortune.one\\\/en\\\/clima-favoravel-ajuda-agronegocio-a-registrar-recordes-em-safras-e-exportacoes-dizem-especialistas\\\/\",\"url\":\"https:\\\/\\\/thefortune.one\\\/en\\\/clima-favoravel-ajuda-agronegocio-a-registrar-recordes-em-safras-e-exportacoes-dizem-especialistas\\\/\",\"name\":\"Clima favor\u00e1vel ajuda agroneg\u00f3cio a registrar recordes em safras e exporta\u00e7\u00f5es, dizem especialistas - The Fortune.one\",\"isPartOf\":{\"@id\":\"https:\\\/\\\/thefortune.one\\\/pt\\\/#website\"},\"primaryImageOfPage\":{\"@id\":\"https:\\\/\\\/thefortune.one\\\/en\\\/clima-favoravel-ajuda-agronegocio-a-registrar-recordes-em-safras-e-exportacoes-dizem-especialistas\\\/#primaryimage\"},\"image\":{\"@id\":\"https:\\\/\\\/thefortune.one\\\/en\\\/clima-favoravel-ajuda-agronegocio-a-registrar-recordes-em-safras-e-exportacoes-dizem-especialistas\\\/#primaryimage\"},\"thumbnailUrl\":\"https:\\\/\\\/thefortune.one\\\/wp-content\\\/uploads\\\/2023\\\/06\\\/agro.jpg\",\"datePublished\":\"2023-06-01T13:13:28+00:00\",\"description\":\"Somos especialistas em gest\u00e3o patrimonial, op\u00e7\u00f5es de investimentos para diversos perfis, nosso diferencial \u00e9 comprovado com resultados.\",\"breadcrumb\":{\"@id\":\"https:\\\/\\\/thefortune.one\\\/en\\\/clima-favoravel-ajuda-agronegocio-a-registrar-recordes-em-safras-e-exportacoes-dizem-especialistas\\\/#breadcrumb\"},\"inLanguage\":\"pt-BR\",\"potentialAction\":[{\"@type\":\"ReadAction\",\"target\":[\"https:\\\/\\\/thefortune.one\\\/en\\\/clima-favoravel-ajuda-agronegocio-a-registrar-recordes-em-safras-e-exportacoes-dizem-especialistas\\\/\"]}]},{\"@type\":\"ImageObject\",\"inLanguage\":\"pt-BR\",\"@id\":\"https:\\\/\\\/thefortune.one\\\/en\\\/clima-favoravel-ajuda-agronegocio-a-registrar-recordes-em-safras-e-exportacoes-dizem-especialistas\\\/#primaryimage\",\"url\":\"https:\\\/\\\/thefortune.one\\\/wp-content\\\/uploads\\\/2023\\\/06\\\/agro.jpg\",\"contentUrl\":\"https:\\\/\\\/thefortune.one\\\/wp-content\\\/uploads\\\/2023\\\/06\\\/agro.jpg\",\"width\":876,\"height\":484},{\"@type\":\"BreadcrumbList\",\"@id\":\"https:\\\/\\\/thefortune.one\\\/en\\\/clima-favoravel-ajuda-agronegocio-a-registrar-recordes-em-safras-e-exportacoes-dizem-especialistas\\\/#breadcrumb\",\"itemListElement\":[{\"@type\":\"ListItem\",\"position\":1,\"name\":\"In\u00edcio\",\"item\":\"https:\\\/\\\/thefortune.one\\\/pt\\\/\"},{\"@type\":\"ListItem\",\"position\":2,\"name\":\"Clima favor\u00e1vel ajuda agroneg\u00f3cio a registrar recordes em safras e exporta\u00e7\u00f5es, dizem especialistas\"}]},{\"@type\":\"WebSite\",\"@id\":\"https:\\\/\\\/thefortune.one\\\/pt\\\/#website\",\"url\":\"https:\\\/\\\/thefortune.one\\\/pt\\\/\",\"name\":\"The Fortune.one\",\"description\":\"Gestora de Recursos Especializada em Private Equity\",\"publisher\":{\"@id\":\"https:\\\/\\\/thefortune.one\\\/pt\\\/#organization\"},\"potentialAction\":[{\"@type\":\"SearchAction\",\"target\":{\"@type\":\"EntryPoint\",\"urlTemplate\":\"https:\\\/\\\/thefortune.one\\\/pt\\\/?s={search_term_string}\"},\"query-input\":{\"@type\":\"PropertyValueSpecification\",\"valueRequired\":true,\"valueName\":\"search_term_string\"}}],\"inLanguage\":\"pt-BR\"},{\"@type\":\"Organization\",\"@id\":\"https:\\\/\\\/thefortune.one\\\/pt\\\/#organization\",\"name\":\"The Fortune One\",\"url\":\"https:\\\/\\\/thefortune.one\\\/pt\\\/\",\"logo\":{\"@type\":\"ImageObject\",\"inLanguage\":\"pt-BR\",\"@id\":\"https:\\\/\\\/thefortune.one\\\/pt\\\/#\\\/schema\\\/logo\\\/image\\\/\",\"url\":\"https:\\\/\\\/thefortune.one\\\/wp-content\\\/uploads\\\/2022\\\/11\\\/cropped-cropped-1651682701199-1.jpg\",\"contentUrl\":\"https:\\\/\\\/thefortune.one\\\/wp-content\\\/uploads\\\/2022\\\/11\\\/cropped-cropped-1651682701199-1.jpg\",\"width\":369,\"height\":421,\"caption\":\"The Fortune One\"},\"image\":{\"@id\":\"https:\\\/\\\/thefortune.one\\\/pt\\\/#\\\/schema\\\/logo\\\/image\\\/\"}},{\"@type\":\"Person\",\"@id\":\"https:\\\/\\\/thefortune.one\\\/pt\\\/#\\\/schema\\\/person\\\/6cd8fe72a627d36caabf41815984a16f\",\"name\":\"bianca\",\"image\":{\"@type\":\"ImageObject\",\"inLanguage\":\"pt-BR\",\"@id\":\"https:\\\/\\\/secure.gravatar.com\\\/avatar\\\/66cd7b00d93410555e00d1e6a911a86de0cd0cfa4f83a2f8b47eddc2968c98af?s=96&d=mm&r=g\",\"url\":\"https:\\\/\\\/secure.gravatar.com\\\/avatar\\\/66cd7b00d93410555e00d1e6a911a86de0cd0cfa4f83a2f8b47eddc2968c98af?s=96&d=mm&r=g\",\"contentUrl\":\"https:\\\/\\\/secure.gravatar.com\\\/avatar\\\/66cd7b00d93410555e00d1e6a911a86de0cd0cfa4f83a2f8b47eddc2968c98af?s=96&d=mm&r=g\",\"caption\":\"bianca\"},\"url\":\"https:\\\/\\\/thefortune.one\\\/pt\\\/author\\\/bianca\\\/\"}]}<\/script>\n<!-- \/ Yoast SEO plugin. -->","yoast_head_json":{"title":"Clima favor\u00e1vel ajuda agroneg\u00f3cio a registrar recordes em safras e exporta\u00e7\u00f5es, dizem especialistas - The Fortune.one","description":"Somos especialistas em gest\u00e3o patrimonial, op\u00e7\u00f5es de investimentos para diversos perfis, nosso diferencial \u00e9 comprovado com resultados.","robots":{"index":"index","follow":"follow","max-snippet":"max-snippet:-1","max-image-preview":"max-image-preview:large","max-video-preview":"max-video-preview:-1"},"canonical":"https:\/\/thefortune.one\/pt\/clima-favoravel-ajuda-agronegocio-a-registrar-recordes-em-safras-e-exportacoes-dizem-especialistas\/","og_locale":"pt_BR","og_type":"article","og_title":"Clima favor\u00e1vel ajuda agroneg\u00f3cio a registrar recordes em safras e exporta\u00e7\u00f5es, dizem especialistas - The Fortune.one","og_description":"Somos especialistas em gest\u00e3o patrimonial, op\u00e7\u00f5es de investimentos para diversos perfis, nosso diferencial \u00e9 comprovado com resultados.","og_url":"https:\/\/thefortune.one\/pt\/clima-favoravel-ajuda-agronegocio-a-registrar-recordes-em-safras-e-exportacoes-dizem-especialistas\/","og_site_name":"The Fortune.one","article_published_time":"2023-06-01T13:13:28+00:00","og_image":[{"width":876,"height":484,"url":"https:\/\/thefortune.one\/wp-content\/uploads\/2023\/06\/agro.jpg","type":"image\/jpeg"}],"author":"bianca","twitter_card":"summary_large_image","twitter_misc":{"Escrito por":"bianca","Est. tempo de leitura":"5 minutos"},"schema":{"@context":"https:\/\/schema.org","@graph":[{"@type":"Article","@id":"https:\/\/thefortune.one\/en\/clima-favoravel-ajuda-agronegocio-a-registrar-recordes-em-safras-e-exportacoes-dizem-especialistas\/#article","isPartOf":{"@id":"https:\/\/thefortune.one\/en\/clima-favoravel-ajuda-agronegocio-a-registrar-recordes-em-safras-e-exportacoes-dizem-especialistas\/"},"author":{"name":"bianca","@id":"https:\/\/thefortune.one\/pt\/#\/schema\/person\/6cd8fe72a627d36caabf41815984a16f"},"headline":"Clima favor\u00e1vel ajuda agroneg\u00f3cio a registrar recordes em safras e exporta\u00e7\u00f5es, dizem especialistas","datePublished":"2023-06-01T13:13:28+00:00","mainEntityOfPage":{"@id":"https:\/\/thefortune.one\/en\/clima-favoravel-ajuda-agronegocio-a-registrar-recordes-em-safras-e-exportacoes-dizem-especialistas\/"},"wordCount":926,"commentCount":0,"publisher":{"@id":"https:\/\/thefortune.one\/pt\/#organization"},"image":{"@id":"https:\/\/thefortune.one\/en\/clima-favoravel-ajuda-agronegocio-a-registrar-recordes-em-safras-e-exportacoes-dizem-especialistas\/#primaryimage"},"thumbnailUrl":"https:\/\/thefortune.one\/wp-content\/uploads\/2023\/06\/agro.jpg","articleSection":["The Fortune.one"],"inLanguage":"pt-BR","potentialAction":[{"@type":"CommentAction","name":"Comment","target":["https:\/\/thefortune.one\/en\/clima-favoravel-ajuda-agronegocio-a-registrar-recordes-em-safras-e-exportacoes-dizem-especialistas\/#respond"]}]},{"@type":"WebPage","@id":"https:\/\/thefortune.one\/en\/clima-favoravel-ajuda-agronegocio-a-registrar-recordes-em-safras-e-exportacoes-dizem-especialistas\/","url":"https:\/\/thefortune.one\/en\/clima-favoravel-ajuda-agronegocio-a-registrar-recordes-em-safras-e-exportacoes-dizem-especialistas\/","name":"Clima favor\u00e1vel ajuda agroneg\u00f3cio a registrar recordes em safras e exporta\u00e7\u00f5es, dizem especialistas - The Fortune.one","isPartOf":{"@id":"https:\/\/thefortune.one\/pt\/#website"},"primaryImageOfPage":{"@id":"https:\/\/thefortune.one\/en\/clima-favoravel-ajuda-agronegocio-a-registrar-recordes-em-safras-e-exportacoes-dizem-especialistas\/#primaryimage"},"image":{"@id":"https:\/\/thefortune.one\/en\/clima-favoravel-ajuda-agronegocio-a-registrar-recordes-em-safras-e-exportacoes-dizem-especialistas\/#primaryimage"},"thumbnailUrl":"https:\/\/thefortune.one\/wp-content\/uploads\/2023\/06\/agro.jpg","datePublished":"2023-06-01T13:13:28+00:00","description":"Somos especialistas em gest\u00e3o patrimonial, op\u00e7\u00f5es de investimentos para diversos perfis, nosso diferencial \u00e9 comprovado com resultados.","breadcrumb":{"@id":"https:\/\/thefortune.one\/en\/clima-favoravel-ajuda-agronegocio-a-registrar-recordes-em-safras-e-exportacoes-dizem-especialistas\/#breadcrumb"},"inLanguage":"pt-BR","potentialAction":[{"@type":"ReadAction","target":["https:\/\/thefortune.one\/en\/clima-favoravel-ajuda-agronegocio-a-registrar-recordes-em-safras-e-exportacoes-dizem-especialistas\/"]}]},{"@type":"ImageObject","inLanguage":"pt-BR","@id":"https:\/\/thefortune.one\/en\/clima-favoravel-ajuda-agronegocio-a-registrar-recordes-em-safras-e-exportacoes-dizem-especialistas\/#primaryimage","url":"https:\/\/thefortune.one\/wp-content\/uploads\/2023\/06\/agro.jpg","contentUrl":"https:\/\/thefortune.one\/wp-content\/uploads\/2023\/06\/agro.jpg","width":876,"height":484},{"@type":"BreadcrumbList","@id":"https:\/\/thefortune.one\/en\/clima-favoravel-ajuda-agronegocio-a-registrar-recordes-em-safras-e-exportacoes-dizem-especialistas\/#breadcrumb","itemListElement":[{"@type":"ListItem","position":1,"name":"In\u00edcio","item":"https:\/\/thefortune.one\/pt\/"},{"@type":"ListItem","position":2,"name":"Clima favor\u00e1vel ajuda agroneg\u00f3cio a registrar recordes em safras e exporta\u00e7\u00f5es, dizem especialistas"}]},{"@type":"WebSite","@id":"https:\/\/thefortune.one\/pt\/#website","url":"https:\/\/thefortune.one\/pt\/","name":"The Fortune.one","description":"Gestora de Recursos Especializada em Private Equity","publisher":{"@id":"https:\/\/thefortune.one\/pt\/#organization"},"potentialAction":[{"@type":"SearchAction","target":{"@type":"EntryPoint","urlTemplate":"https:\/\/thefortune.one\/pt\/?s={search_term_string}"},"query-input":{"@type":"PropertyValueSpecification","valueRequired":true,"valueName":"search_term_string"}}],"inLanguage":"pt-BR"},{"@type":"Organization","@id":"https:\/\/thefortune.one\/pt\/#organization","name":"The Fortune One","url":"https:\/\/thefortune.one\/pt\/","logo":{"@type":"ImageObject","inLanguage":"pt-BR","@id":"https:\/\/thefortune.one\/pt\/#\/schema\/logo\/image\/","url":"https:\/\/thefortune.one\/wp-content\/uploads\/2022\/11\/cropped-cropped-1651682701199-1.jpg","contentUrl":"https:\/\/thefortune.one\/wp-content\/uploads\/2022\/11\/cropped-cropped-1651682701199-1.jpg","width":369,"height":421,"caption":"The Fortune One"},"image":{"@id":"https:\/\/thefortune.one\/pt\/#\/schema\/logo\/image\/"}},{"@type":"Person","@id":"https:\/\/thefortune.one\/pt\/#\/schema\/person\/6cd8fe72a627d36caabf41815984a16f","name":"bianca","image":{"@type":"ImageObject","inLanguage":"pt-BR","@id":"https:\/\/secure.gravatar.com\/avatar\/66cd7b00d93410555e00d1e6a911a86de0cd0cfa4f83a2f8b47eddc2968c98af?s=96&d=mm&r=g","url":"https:\/\/secure.gravatar.com\/avatar\/66cd7b00d93410555e00d1e6a911a86de0cd0cfa4f83a2f8b47eddc2968c98af?s=96&d=mm&r=g","contentUrl":"https:\/\/secure.gravatar.com\/avatar\/66cd7b00d93410555e00d1e6a911a86de0cd0cfa4f83a2f8b47eddc2968c98af?s=96&d=mm&r=g","caption":"bianca"},"url":"https:\/\/thefortune.one\/pt\/author\/bianca\/"}]}},"_links":{"self":[{"href":"https:\/\/thefortune.one\/pt\/wp-json\/wp\/v2\/posts\/3836","targetHints":{"allow":["GET"]}}],"collection":[{"href":"https:\/\/thefortune.one\/pt\/wp-json\/wp\/v2\/posts"}],"about":[{"href":"https:\/\/thefortune.one\/pt\/wp-json\/wp\/v2\/types\/post"}],"author":[{"embeddable":true,"href":"https:\/\/thefortune.one\/pt\/wp-json\/wp\/v2\/users\/3"}],"replies":[{"embeddable":true,"href":"https:\/\/thefortune.one\/pt\/wp-json\/wp\/v2\/comments?post=3836"}],"version-history":[{"count":1,"href":"https:\/\/thefortune.one\/pt\/wp-json\/wp\/v2\/posts\/3836\/revisions"}],"predecessor-version":[{"id":3838,"href":"https:\/\/thefortune.one\/pt\/wp-json\/wp\/v2\/posts\/3836\/revisions\/3838"}],"wp:featuredmedia":[{"embeddable":true,"href":"https:\/\/thefortune.one\/pt\/wp-json\/wp\/v2\/media\/3837"}],"wp:attachment":[{"href":"https:\/\/thefortune.one\/pt\/wp-json\/wp\/v2\/media?parent=3836"}],"wp:term":[{"taxonomy":"category","embeddable":true,"href":"https:\/\/thefortune.one\/pt\/wp-json\/wp\/v2\/categories?post=3836"},{"taxonomy":"post_tag","embeddable":true,"href":"https:\/\/thefortune.one\/pt\/wp-json\/wp\/v2\/tags?post=3836"}],"curies":[{"name":"wp","href":"https:\/\/api.w.org\/{rel}","templated":true}]}}