{"id":3823,"date":"2023-05-29T13:24:19","date_gmt":"2023-05-29T13:24:19","guid":{"rendered":"https:\/\/thefortune.one\/?p=3823"},"modified":"2023-05-29T13:24:19","modified_gmt":"2023-05-29T13:24:19","slug":"acordo-sobre-teto-da-divida-eleva-risco-de-recessao-nos-eua","status":"publish","type":"post","link":"https:\/\/thefortune.one\/pt\/acordo-sobre-teto-da-divida-eleva-risco-de-recessao-nos-eua\/","title":{"rendered":"Acordo sobre teto da d\u00edvida eleva risco de recess\u00e3o nos EUA"},"content":{"rendered":"<p>Gastos federais, que vinham dando suporte \u00e0 expans\u00e3o da economia ser\u00e3o limitados aos n\u00edveis de 2023 no pr\u00f3ximo ano<\/p>\n\n\n\n<figure class=\"wp-block-image size-large\"><img fetchpriority=\"high\" decoding=\"async\" width=\"776\" height=\"1024\" src=\"https:\/\/thefortune.one\/wp-content\/uploads\/2023\/05\/tetooooo-776x1024.jpg\" alt=\"\" class=\"wp-image-3824\" srcset=\"https:\/\/thefortune.one\/wp-content\/uploads\/2023\/05\/tetooooo-776x1024.jpg 776w, https:\/\/thefortune.one\/wp-content\/uploads\/2023\/05\/tetooooo-227x300.jpg 227w, https:\/\/thefortune.one\/wp-content\/uploads\/2023\/05\/tetooooo-768x1014.jpg 768w, https:\/\/thefortune.one\/wp-content\/uploads\/2023\/05\/tetooooo-9x12.jpg 9w, https:\/\/thefortune.one\/wp-content\/uploads\/2023\/05\/tetooooo.jpg 984w\" sizes=\"(max-width: 776px) 100vw, 776px\" \/><\/figure>\n\n\n\n<p>O acordo acertado em Washington para limitar os gastos do governo americano como contrapartida para elevar o teto da d\u00edvida federal acrescenta um novo problema a economia dos EUA, j\u00e1 pressionada pelas taxas de juros mais altas em d\u00e9cadas e pelo acesso reduzido ao cr\u00e9dito.<\/p>\n\n\n\n<p>O acordo preliminar negociado entre o presidente Joe Biden e o presidente da C\u00e2mara dos Deputados, o republicano Kevin McCarthy, no fim de semana &#8211; supondo-se que seja aprovado pelo Congresso nos pr\u00f3ximos dias -, evita o pior dos cen\u00e1rios, o de um colapso financeiro desencadeado por um calote dos EUA. Mas tamb\u00e9m poder\u00e1, mesmo que marginalmente elevar os riscos de uma recess\u00e3o na maior economia do mundo.<\/p>\n\n\n\n<p>Nos \u00faltimos trimestres, os gastos federais ajudaram a sustentar o crescimento nos EUA diante de dificuldades, como o colapso na constru\u00e7\u00e3o de im\u00f3veis residenciais. O acordo sobre o teto da d\u00edvida provavelmente vai reduzir esse impulso. Duas semanas antes do acordo em torno sobre o teto da d\u00edvida, economistas calculavam em 65% as chances de uma recess\u00e3o nos pr\u00f3ximos 12 meses, segundo levantamento da Bloomberg.<\/p>\n\n\n\n<p>Para o Federal Reserve (Fed, o banco central americano), o limite sobre os gastos \u00e9 um novo fator a considerar na atualiza\u00e7\u00e3o de suas proje\u00e7\u00f5es para o crescimento e a taxa de juros b\u00e1sica.<\/p>\n\n\n\n<p>\u201cEsse acordo tornar\u00e1 a pol\u00edtica fiscal ligeiramente mais restritiva, ao mesmo tempo em que a pol\u00edtica monet\u00e1ria est\u00e1 restritiva e, provavelmente, ficar\u00e1 ainda mais\u201d, disse Diane Swonk, economista-chefe da KPMG. \u201cTemos ambas as pol\u00edticas dando marcha \u00e0 r\u00e9 e se amplificando mutuamente\u201d.<\/p>\n\n\n\n<p>O limite sobre os gastos dever\u00e1 entrar em vigor em 1\u00ba de outubro (in\u00edcio do ano fiscal 2023-24), mas \u00e9 poss\u00edvel que surjam pequenos efeitos j\u00e1 antes dessa data &#8211; como a restitui\u00e7\u00e3o de recursos de programas de assist\u00eancia da covid ou o impacto da redu\u00e7\u00e3o gradual da toler\u00e2ncia para com a d\u00edvida estudantil. Mas esses pequenos efeitos n\u00e3o dever\u00e3o aparecer nas contas do Produto Interno Bruto (PIB).<\/p>\n\n\n\n<p>Tobin Marcus, estrategista-s\u00eanior de pol\u00edtica p\u00fablica e institucional da Evercore ISI, tamb\u00e9m alertou que ser\u00e1 importante avaliar o grau pelo qual os limites de gastos s\u00e3o ou n\u00e3o \u201cpuro artif\u00edcio\u201d, num momento em negociadores tentam fechar as diferen\u00e7as via manobras cont\u00e1beis.<\/p>\n\n\n\n<p>Mesmo assim, com a previs\u00e3o de que os gastos do pr\u00f3ximo ano fiscal sejam mantidos em torno dos n\u00edveis de 2023, a conten\u00e7\u00e3o imposta pelo acordo entrar\u00e1 em a\u00e7\u00e3o num momento em que a economia poder\u00e1 estar em contra\u00e7\u00e3o. Segundo pesquisa da Bloomberg, antes do acordo, economistas previam uma queda anualizada de 0,5% no PIB tanto para o terceiro quanto para o quarto trimestres.<\/p>\n\n\n\n<p>\u201cOs multiplicadores fiscais tendem a ser maiores em uma recess\u00e3o, portanto, se entrarmos numa recess\u00e3o, a redu\u00e7\u00e3o dos gastos fiscais poder\u00e1 ter um impacto maior sobre o PIB e o n\u00edvel de emprego\u201d, disse Michael Feroli, economista-chefe do JPMorgan Chase.<\/p>\n\n\n\n<p>Mesmo assim, o racioc\u00ednio mais recente de Feroli se mant\u00e9m em linha ao cen\u00e1rio-base do JPMorgan de os EUA evitando uma recess\u00e3o.<\/p>\n\n\n\n<p>Apesar de o Fed ter elevado a taxa de juros em um total de 5 pontos percentuais desde mar\u00e7o do ano passado &#8211; o mais agressivo ciclo de aperto monet\u00e1rio desde o in\u00edcio dos anos 1980 -, a economia at\u00e9 agora se revelou resiliente.<\/p>\n\n\n\n<p>O desemprego est\u00e1 em 3,4%, seu n\u00edvel mais baixo em mais de 50 anos, gra\u00e7as \u00e0 demanda elevada por trabalhadores. Os consumidores ainda t\u00eam poupan\u00e7a excedente para usar, remanescente da pandemia, como comprovou recente estudo do Fed de S\u00e3o Francisco.<\/p>\n\n\n\n<p>O Fed ter\u00e1 de fazer uma s\u00e9rie de considera\u00e7\u00f5es, porque, al\u00e9m do impacto do acordo sobre as perspectivas econ\u00f4micas do pa\u00eds, haver\u00e1 implica\u00e7\u00f5es sobre os mercados de empr\u00e9stimos de curt\u00edssimo prazo e sobre a liquidez.<\/p>\n\n\n\n<p>O Tesouro americano esgotou seu saldo em caixa continuar a pagar suas obriga\u00e7\u00f5es desde que alcan\u00e7ou o teto de d\u00edvida de US$ 31,4 trilh\u00f5es em janeiro. Assim que o teto for elevado com a aprova\u00e7\u00e3o do acordo pelo Congresso, o Tesouro vai aumentar as vendas de t\u00edtulos da d\u00edvida a fim de reconstituir o seu caixa, de forma a faz\u00ea-lo alcan\u00e7ar n\u00edveis mais normais.<\/p>\n\n\n\n<p>Essa enxurrada de novos t\u00edtulos do Tesouro vai, na pr\u00e1tica, drenar a liquidez do sistema financeiro, embora seja dif\u00edcil de avaliar seu impacto exato. O Tesouro poder\u00e1 organizar sua agenda de emiss\u00f5es de modo a minimizar movimentos desestabilizadores.<\/p>\n\n\n\n<p>Ao mesmo tempo, o Fed est\u00e1 tirando liquidez do mercado, reduzindo sua carteira de b\u00f4nus a um ritmo de US$ 95 bilh\u00f5es ao m\u00eas. Essa din\u00e2mica ser\u00e1 estreitamente monitorada pelos economistas nas pr\u00f3ximas semanas e meses.<\/p>\n\n\n\n<p>No longo prazo, a limita\u00e7\u00e3o fiscal negociada quase certamente ter\u00e1 pouca influ\u00eancia sobre a trajet\u00f3ria da d\u00edvida federal.<\/p>\n\n\n\n<p>O Fundo Monet\u00e1rio Internacional (FMI) disse na semana passada que os EUA ter\u00e3o de apertar seu or\u00e7amento prim\u00e1rio &#8211; que exclui pagamentos de juros sobre d\u00edvidas &#8211; em cerca de 5 pontos percentuais do PIB, \u201ca fim de colocar a d\u00edvida p\u00fablica em uma trajet\u00f3ria decididamente declinante at\u00e9 o fim desta d\u00e9cada\u201d. Manter os gastos nos n\u00edveis de 2023 resultar\u00e1 num n\u00edvel muito aqu\u00e9m desse limite.<\/p>\n\n\n\n<p>Fonte:https:\/\/valor.globo.com\/mundo\/noticia\/2023\/05\/29\/acordo-sobre-teto-da-divida-eleva-risco-de-recessao-nos-eua.ghtml<\/p>\n\n\n\n<p><\/p>\n\n\n\n<p><\/p>\n\n\n\n<p><\/p>\n\n\n\n<p><\/p>\n\n\n\n<p><\/p>\n\n\n\n<p><\/p>\n\n\n\n<p><\/p>\n\n\n\n<p><\/p>\n\n\n\n<p><\/p>\n\n\n\n<p><\/p>","protected":false},"excerpt":{"rendered":"<p>Gastos federais, que vinham dando suporte \u00e0 expans\u00e3o da economia ser\u00e3o limitados aos n\u00edveis de 2023 no pr\u00f3ximo ano O acordo acertado em Washington para limitar os gastos do governo americano como contrapartida para elevar o teto da d\u00edvida federal acrescenta um novo problema a economia dos EUA, j\u00e1 pressionada pelas taxas de juros mais [&hellip;]<\/p>\n","protected":false},"author":3,"featured_media":3825,"comment_status":"open","ping_status":"open","sticky":false,"template":"","format":"standard","meta":{"_joinchat":[],"footnotes":""},"categories":[1],"tags":[],"class_list":["post-3823","post","type-post","status-publish","format-standard","has-post-thumbnail","hentry","category-the-fortune-one"],"yoast_head":"<!-- This site is optimized with the Yoast SEO plugin v27.5 - https:\/\/yoast.com\/product\/yoast-seo-wordpress\/ -->\n<title>Acordo sobre teto da d\u00edvida eleva risco de recess\u00e3o nos EUA - The Fortune.one<\/title>\n<meta name=\"description\" content=\"Somos especialistas em gest\u00e3o patrimonial, op\u00e7\u00f5es de investimentos para diversos perfis, nosso diferencial \u00e9 comprovado com resultados.\" \/>\n<meta name=\"robots\" content=\"index, follow, max-snippet:-1, max-image-preview:large, max-video-preview:-1\" \/>\n<link rel=\"canonical\" href=\"https:\/\/thefortune.one\/pt\/acordo-sobre-teto-da-divida-eleva-risco-de-recessao-nos-eua\/\" \/>\n<meta property=\"og:locale\" content=\"pt_BR\" \/>\n<meta property=\"og:type\" content=\"article\" \/>\n<meta property=\"og:title\" content=\"Acordo sobre teto da d\u00edvida eleva risco de recess\u00e3o nos EUA - The Fortune.one\" \/>\n<meta property=\"og:description\" content=\"Somos especialistas em gest\u00e3o patrimonial, op\u00e7\u00f5es de investimentos para diversos perfis, nosso diferencial \u00e9 comprovado com resultados.\" \/>\n<meta property=\"og:url\" content=\"https:\/\/thefortune.one\/pt\/acordo-sobre-teto-da-divida-eleva-risco-de-recessao-nos-eua\/\" \/>\n<meta property=\"og:site_name\" content=\"The Fortune.one\" \/>\n<meta property=\"article:published_time\" content=\"2023-05-29T13:24:19+00:00\" \/>\n<meta property=\"og:image\" content=\"https:\/\/thefortune.one\/wp-content\/uploads\/2023\/05\/tetooooo-1.jpg\" \/>\n\t<meta property=\"og:image:width\" content=\"984\" \/>\n\t<meta property=\"og:image:height\" content=\"1299\" \/>\n\t<meta property=\"og:image:type\" content=\"image\/jpeg\" \/>\n<meta name=\"author\" content=\"bianca\" \/>\n<meta name=\"twitter:card\" content=\"summary_large_image\" \/>\n<meta name=\"twitter:label1\" content=\"Escrito por\" \/>\n\t<meta name=\"twitter:data1\" content=\"bianca\" \/>\n\t<meta name=\"twitter:label2\" content=\"Est. tempo de leitura\" \/>\n\t<meta name=\"twitter:data2\" content=\"5 minutos\" \/>\n<script type=\"application\/ld+json\" class=\"yoast-schema-graph\">{\"@context\":\"https:\\\/\\\/schema.org\",\"@graph\":[{\"@type\":\"Article\",\"@id\":\"https:\\\/\\\/thefortune.one\\\/pt\\\/acordo-sobre-teto-da-divida-eleva-risco-de-recessao-nos-eua\\\/#article\",\"isPartOf\":{\"@id\":\"https:\\\/\\\/thefortune.one\\\/pt\\\/acordo-sobre-teto-da-divida-eleva-risco-de-recessao-nos-eua\\\/\"},\"author\":{\"name\":\"bianca\",\"@id\":\"https:\\\/\\\/thefortune.one\\\/pt\\\/#\\\/schema\\\/person\\\/6cd8fe72a627d36caabf41815984a16f\"},\"headline\":\"Acordo sobre teto da d\u00edvida eleva risco de recess\u00e3o nos EUA\",\"datePublished\":\"2023-05-29T13:24:19+00:00\",\"mainEntityOfPage\":{\"@id\":\"https:\\\/\\\/thefortune.one\\\/pt\\\/acordo-sobre-teto-da-divida-eleva-risco-de-recessao-nos-eua\\\/\"},\"wordCount\":960,\"commentCount\":0,\"publisher\":{\"@id\":\"https:\\\/\\\/thefortune.one\\\/pt\\\/#organization\"},\"image\":{\"@id\":\"https:\\\/\\\/thefortune.one\\\/pt\\\/acordo-sobre-teto-da-divida-eleva-risco-de-recessao-nos-eua\\\/#primaryimage\"},\"thumbnailUrl\":\"https:\\\/\\\/thefortune.one\\\/wp-content\\\/uploads\\\/2023\\\/05\\\/tetooooo-1.jpg\",\"articleSection\":[\"The Fortune.one\"],\"inLanguage\":\"pt-BR\",\"potentialAction\":[{\"@type\":\"CommentAction\",\"name\":\"Comment\",\"target\":[\"https:\\\/\\\/thefortune.one\\\/pt\\\/acordo-sobre-teto-da-divida-eleva-risco-de-recessao-nos-eua\\\/#respond\"]}]},{\"@type\":\"WebPage\",\"@id\":\"https:\\\/\\\/thefortune.one\\\/pt\\\/acordo-sobre-teto-da-divida-eleva-risco-de-recessao-nos-eua\\\/\",\"url\":\"https:\\\/\\\/thefortune.one\\\/pt\\\/acordo-sobre-teto-da-divida-eleva-risco-de-recessao-nos-eua\\\/\",\"name\":\"Acordo sobre teto da d\u00edvida eleva risco de recess\u00e3o nos EUA - The Fortune.one\",\"isPartOf\":{\"@id\":\"https:\\\/\\\/thefortune.one\\\/pt\\\/#website\"},\"primaryImageOfPage\":{\"@id\":\"https:\\\/\\\/thefortune.one\\\/pt\\\/acordo-sobre-teto-da-divida-eleva-risco-de-recessao-nos-eua\\\/#primaryimage\"},\"image\":{\"@id\":\"https:\\\/\\\/thefortune.one\\\/pt\\\/acordo-sobre-teto-da-divida-eleva-risco-de-recessao-nos-eua\\\/#primaryimage\"},\"thumbnailUrl\":\"https:\\\/\\\/thefortune.one\\\/wp-content\\\/uploads\\\/2023\\\/05\\\/tetooooo-1.jpg\",\"datePublished\":\"2023-05-29T13:24:19+00:00\",\"description\":\"Somos especialistas em gest\u00e3o patrimonial, op\u00e7\u00f5es de investimentos para diversos perfis, nosso diferencial \u00e9 comprovado com resultados.\",\"breadcrumb\":{\"@id\":\"https:\\\/\\\/thefortune.one\\\/pt\\\/acordo-sobre-teto-da-divida-eleva-risco-de-recessao-nos-eua\\\/#breadcrumb\"},\"inLanguage\":\"pt-BR\",\"potentialAction\":[{\"@type\":\"ReadAction\",\"target\":[\"https:\\\/\\\/thefortune.one\\\/pt\\\/acordo-sobre-teto-da-divida-eleva-risco-de-recessao-nos-eua\\\/\"]}]},{\"@type\":\"ImageObject\",\"inLanguage\":\"pt-BR\",\"@id\":\"https:\\\/\\\/thefortune.one\\\/pt\\\/acordo-sobre-teto-da-divida-eleva-risco-de-recessao-nos-eua\\\/#primaryimage\",\"url\":\"https:\\\/\\\/thefortune.one\\\/wp-content\\\/uploads\\\/2023\\\/05\\\/tetooooo-1.jpg\",\"contentUrl\":\"https:\\\/\\\/thefortune.one\\\/wp-content\\\/uploads\\\/2023\\\/05\\\/tetooooo-1.jpg\",\"width\":984,\"height\":1299},{\"@type\":\"BreadcrumbList\",\"@id\":\"https:\\\/\\\/thefortune.one\\\/pt\\\/acordo-sobre-teto-da-divida-eleva-risco-de-recessao-nos-eua\\\/#breadcrumb\",\"itemListElement\":[{\"@type\":\"ListItem\",\"position\":1,\"name\":\"In\u00edcio\",\"item\":\"https:\\\/\\\/thefortune.one\\\/pt\\\/\"},{\"@type\":\"ListItem\",\"position\":2,\"name\":\"Acordo sobre teto da d\u00edvida eleva risco de recess\u00e3o nos EUA\"}]},{\"@type\":\"WebSite\",\"@id\":\"https:\\\/\\\/thefortune.one\\\/pt\\\/#website\",\"url\":\"https:\\\/\\\/thefortune.one\\\/pt\\\/\",\"name\":\"The Fortune.one\",\"description\":\"Gestora de Recursos Especializada em Private Equity\",\"publisher\":{\"@id\":\"https:\\\/\\\/thefortune.one\\\/pt\\\/#organization\"},\"potentialAction\":[{\"@type\":\"SearchAction\",\"target\":{\"@type\":\"EntryPoint\",\"urlTemplate\":\"https:\\\/\\\/thefortune.one\\\/pt\\\/?s={search_term_string}\"},\"query-input\":{\"@type\":\"PropertyValueSpecification\",\"valueRequired\":true,\"valueName\":\"search_term_string\"}}],\"inLanguage\":\"pt-BR\"},{\"@type\":\"Organization\",\"@id\":\"https:\\\/\\\/thefortune.one\\\/pt\\\/#organization\",\"name\":\"The Fortune One\",\"url\":\"https:\\\/\\\/thefortune.one\\\/pt\\\/\",\"logo\":{\"@type\":\"ImageObject\",\"inLanguage\":\"pt-BR\",\"@id\":\"https:\\\/\\\/thefortune.one\\\/pt\\\/#\\\/schema\\\/logo\\\/image\\\/\",\"url\":\"https:\\\/\\\/thefortune.one\\\/wp-content\\\/uploads\\\/2022\\\/11\\\/cropped-cropped-1651682701199-1.jpg\",\"contentUrl\":\"https:\\\/\\\/thefortune.one\\\/wp-content\\\/uploads\\\/2022\\\/11\\\/cropped-cropped-1651682701199-1.jpg\",\"width\":369,\"height\":421,\"caption\":\"The Fortune One\"},\"image\":{\"@id\":\"https:\\\/\\\/thefortune.one\\\/pt\\\/#\\\/schema\\\/logo\\\/image\\\/\"}},{\"@type\":\"Person\",\"@id\":\"https:\\\/\\\/thefortune.one\\\/pt\\\/#\\\/schema\\\/person\\\/6cd8fe72a627d36caabf41815984a16f\",\"name\":\"bianca\",\"image\":{\"@type\":\"ImageObject\",\"inLanguage\":\"pt-BR\",\"@id\":\"https:\\\/\\\/secure.gravatar.com\\\/avatar\\\/66cd7b00d93410555e00d1e6a911a86de0cd0cfa4f83a2f8b47eddc2968c98af?s=96&d=mm&r=g\",\"url\":\"https:\\\/\\\/secure.gravatar.com\\\/avatar\\\/66cd7b00d93410555e00d1e6a911a86de0cd0cfa4f83a2f8b47eddc2968c98af?s=96&d=mm&r=g\",\"contentUrl\":\"https:\\\/\\\/secure.gravatar.com\\\/avatar\\\/66cd7b00d93410555e00d1e6a911a86de0cd0cfa4f83a2f8b47eddc2968c98af?s=96&d=mm&r=g\",\"caption\":\"bianca\"},\"url\":\"https:\\\/\\\/thefortune.one\\\/pt\\\/author\\\/bianca\\\/\"}]}<\/script>\n<!-- \/ Yoast SEO plugin. -->","yoast_head_json":{"title":"Acordo sobre teto da d\u00edvida eleva risco de recess\u00e3o nos EUA - The Fortune.one","description":"Somos especialistas em gest\u00e3o patrimonial, op\u00e7\u00f5es de investimentos para diversos perfis, nosso diferencial \u00e9 comprovado com resultados.","robots":{"index":"index","follow":"follow","max-snippet":"max-snippet:-1","max-image-preview":"max-image-preview:large","max-video-preview":"max-video-preview:-1"},"canonical":"https:\/\/thefortune.one\/pt\/acordo-sobre-teto-da-divida-eleva-risco-de-recessao-nos-eua\/","og_locale":"pt_BR","og_type":"article","og_title":"Acordo sobre teto da d\u00edvida eleva risco de recess\u00e3o nos EUA - The Fortune.one","og_description":"Somos especialistas em gest\u00e3o patrimonial, op\u00e7\u00f5es de investimentos para diversos perfis, nosso diferencial \u00e9 comprovado com resultados.","og_url":"https:\/\/thefortune.one\/pt\/acordo-sobre-teto-da-divida-eleva-risco-de-recessao-nos-eua\/","og_site_name":"The Fortune.one","article_published_time":"2023-05-29T13:24:19+00:00","og_image":[{"width":984,"height":1299,"url":"https:\/\/thefortune.one\/wp-content\/uploads\/2023\/05\/tetooooo-1.jpg","type":"image\/jpeg"}],"author":"bianca","twitter_card":"summary_large_image","twitter_misc":{"Escrito por":"bianca","Est. tempo de leitura":"5 minutos"},"schema":{"@context":"https:\/\/schema.org","@graph":[{"@type":"Article","@id":"https:\/\/thefortune.one\/pt\/acordo-sobre-teto-da-divida-eleva-risco-de-recessao-nos-eua\/#article","isPartOf":{"@id":"https:\/\/thefortune.one\/pt\/acordo-sobre-teto-da-divida-eleva-risco-de-recessao-nos-eua\/"},"author":{"name":"bianca","@id":"https:\/\/thefortune.one\/pt\/#\/schema\/person\/6cd8fe72a627d36caabf41815984a16f"},"headline":"Acordo sobre teto da d\u00edvida eleva risco de recess\u00e3o nos EUA","datePublished":"2023-05-29T13:24:19+00:00","mainEntityOfPage":{"@id":"https:\/\/thefortune.one\/pt\/acordo-sobre-teto-da-divida-eleva-risco-de-recessao-nos-eua\/"},"wordCount":960,"commentCount":0,"publisher":{"@id":"https:\/\/thefortune.one\/pt\/#organization"},"image":{"@id":"https:\/\/thefortune.one\/pt\/acordo-sobre-teto-da-divida-eleva-risco-de-recessao-nos-eua\/#primaryimage"},"thumbnailUrl":"https:\/\/thefortune.one\/wp-content\/uploads\/2023\/05\/tetooooo-1.jpg","articleSection":["The Fortune.one"],"inLanguage":"pt-BR","potentialAction":[{"@type":"CommentAction","name":"Comment","target":["https:\/\/thefortune.one\/pt\/acordo-sobre-teto-da-divida-eleva-risco-de-recessao-nos-eua\/#respond"]}]},{"@type":"WebPage","@id":"https:\/\/thefortune.one\/pt\/acordo-sobre-teto-da-divida-eleva-risco-de-recessao-nos-eua\/","url":"https:\/\/thefortune.one\/pt\/acordo-sobre-teto-da-divida-eleva-risco-de-recessao-nos-eua\/","name":"Acordo sobre teto da d\u00edvida eleva risco de recess\u00e3o nos EUA - The Fortune.one","isPartOf":{"@id":"https:\/\/thefortune.one\/pt\/#website"},"primaryImageOfPage":{"@id":"https:\/\/thefortune.one\/pt\/acordo-sobre-teto-da-divida-eleva-risco-de-recessao-nos-eua\/#primaryimage"},"image":{"@id":"https:\/\/thefortune.one\/pt\/acordo-sobre-teto-da-divida-eleva-risco-de-recessao-nos-eua\/#primaryimage"},"thumbnailUrl":"https:\/\/thefortune.one\/wp-content\/uploads\/2023\/05\/tetooooo-1.jpg","datePublished":"2023-05-29T13:24:19+00:00","description":"Somos especialistas em gest\u00e3o patrimonial, op\u00e7\u00f5es de investimentos para diversos perfis, nosso diferencial \u00e9 comprovado com resultados.","breadcrumb":{"@id":"https:\/\/thefortune.one\/pt\/acordo-sobre-teto-da-divida-eleva-risco-de-recessao-nos-eua\/#breadcrumb"},"inLanguage":"pt-BR","potentialAction":[{"@type":"ReadAction","target":["https:\/\/thefortune.one\/pt\/acordo-sobre-teto-da-divida-eleva-risco-de-recessao-nos-eua\/"]}]},{"@type":"ImageObject","inLanguage":"pt-BR","@id":"https:\/\/thefortune.one\/pt\/acordo-sobre-teto-da-divida-eleva-risco-de-recessao-nos-eua\/#primaryimage","url":"https:\/\/thefortune.one\/wp-content\/uploads\/2023\/05\/tetooooo-1.jpg","contentUrl":"https:\/\/thefortune.one\/wp-content\/uploads\/2023\/05\/tetooooo-1.jpg","width":984,"height":1299},{"@type":"BreadcrumbList","@id":"https:\/\/thefortune.one\/pt\/acordo-sobre-teto-da-divida-eleva-risco-de-recessao-nos-eua\/#breadcrumb","itemListElement":[{"@type":"ListItem","position":1,"name":"In\u00edcio","item":"https:\/\/thefortune.one\/pt\/"},{"@type":"ListItem","position":2,"name":"Acordo sobre teto da d\u00edvida eleva risco de recess\u00e3o nos EUA"}]},{"@type":"WebSite","@id":"https:\/\/thefortune.one\/pt\/#website","url":"https:\/\/thefortune.one\/pt\/","name":"The Fortune.one","description":"Gestora de Recursos Especializada em Private Equity","publisher":{"@id":"https:\/\/thefortune.one\/pt\/#organization"},"potentialAction":[{"@type":"SearchAction","target":{"@type":"EntryPoint","urlTemplate":"https:\/\/thefortune.one\/pt\/?s={search_term_string}"},"query-input":{"@type":"PropertyValueSpecification","valueRequired":true,"valueName":"search_term_string"}}],"inLanguage":"pt-BR"},{"@type":"Organization","@id":"https:\/\/thefortune.one\/pt\/#organization","name":"The Fortune One","url":"https:\/\/thefortune.one\/pt\/","logo":{"@type":"ImageObject","inLanguage":"pt-BR","@id":"https:\/\/thefortune.one\/pt\/#\/schema\/logo\/image\/","url":"https:\/\/thefortune.one\/wp-content\/uploads\/2022\/11\/cropped-cropped-1651682701199-1.jpg","contentUrl":"https:\/\/thefortune.one\/wp-content\/uploads\/2022\/11\/cropped-cropped-1651682701199-1.jpg","width":369,"height":421,"caption":"The Fortune One"},"image":{"@id":"https:\/\/thefortune.one\/pt\/#\/schema\/logo\/image\/"}},{"@type":"Person","@id":"https:\/\/thefortune.one\/pt\/#\/schema\/person\/6cd8fe72a627d36caabf41815984a16f","name":"bianca","image":{"@type":"ImageObject","inLanguage":"pt-BR","@id":"https:\/\/secure.gravatar.com\/avatar\/66cd7b00d93410555e00d1e6a911a86de0cd0cfa4f83a2f8b47eddc2968c98af?s=96&d=mm&r=g","url":"https:\/\/secure.gravatar.com\/avatar\/66cd7b00d93410555e00d1e6a911a86de0cd0cfa4f83a2f8b47eddc2968c98af?s=96&d=mm&r=g","contentUrl":"https:\/\/secure.gravatar.com\/avatar\/66cd7b00d93410555e00d1e6a911a86de0cd0cfa4f83a2f8b47eddc2968c98af?s=96&d=mm&r=g","caption":"bianca"},"url":"https:\/\/thefortune.one\/pt\/author\/bianca\/"}]}},"_links":{"self":[{"href":"https:\/\/thefortune.one\/pt\/wp-json\/wp\/v2\/posts\/3823","targetHints":{"allow":["GET"]}}],"collection":[{"href":"https:\/\/thefortune.one\/pt\/wp-json\/wp\/v2\/posts"}],"about":[{"href":"https:\/\/thefortune.one\/pt\/wp-json\/wp\/v2\/types\/post"}],"author":[{"embeddable":true,"href":"https:\/\/thefortune.one\/pt\/wp-json\/wp\/v2\/users\/3"}],"replies":[{"embeddable":true,"href":"https:\/\/thefortune.one\/pt\/wp-json\/wp\/v2\/comments?post=3823"}],"version-history":[{"count":1,"href":"https:\/\/thefortune.one\/pt\/wp-json\/wp\/v2\/posts\/3823\/revisions"}],"predecessor-version":[{"id":3826,"href":"https:\/\/thefortune.one\/pt\/wp-json\/wp\/v2\/posts\/3823\/revisions\/3826"}],"wp:featuredmedia":[{"embeddable":true,"href":"https:\/\/thefortune.one\/pt\/wp-json\/wp\/v2\/media\/3825"}],"wp:attachment":[{"href":"https:\/\/thefortune.one\/pt\/wp-json\/wp\/v2\/media?parent=3823"}],"wp:term":[{"taxonomy":"category","embeddable":true,"href":"https:\/\/thefortune.one\/pt\/wp-json\/wp\/v2\/categories?post=3823"},{"taxonomy":"post_tag","embeddable":true,"href":"https:\/\/thefortune.one\/pt\/wp-json\/wp\/v2\/tags?post=3823"}],"curies":[{"name":"wp","href":"https:\/\/api.w.org\/{rel}","templated":true}]}}