{"id":3801,"date":"2023-05-18T13:43:42","date_gmt":"2023-05-18T13:43:42","guid":{"rendered":"https:\/\/thefortune.one\/?p=3801"},"modified":"2023-05-18T13:43:42","modified_gmt":"2023-05-18T13:43:42","slug":"governo-estima-crescimento-do-pib-de-16-em-2023-e-ve-novo-estouro-da-meta-de-inflacao-2","status":"publish","type":"post","link":"https:\/\/thefortune.one\/pt\/governo-estima-crescimento-do-pib-de-16-em-2023-e-ve-novo-estouro-da-meta-de-inflacao-2\/","title":{"rendered":"Governo estima crescimento do PIB de 1,6% em 2023 e v\u00ea novo estouro da meta de infla\u00e7\u00e3o"},"content":{"rendered":"\n<h2 class=\"wp-block-heading\">Fazenda divulgou estimativas para a economia neste ano. Se confirmado, crescimento de 1,61% significar\u00e1 desacelera\u00e7\u00e3o da atividade econ\u00f4mica em rela\u00e7\u00e3o a 2022, que registrou alta de 2,9%<\/h2>\n\n\n\n<hr class=\"wp-block-separator has-alpha-channel-opacity\" \/>\n\n\n\n<figure class=\"wp-block-image\"><img decoding=\"async\" src=\"https:\/\/s2-g1.glbimg.com\/RJiK9GMBfcbDB9Yv_mBMJzIUIuM=\/0x0:2006x1338\/984x0\/smart\/filters:strip_icc()\/i.s3.glbimg.com\/v1\/AUTH_59edd422c0c84a879bd37670ae4f538a\/internal_photos\/bs\/2023\/x\/s\/SxTD57TVOf2Z6cdUwDfQ\/2023-03-14t202152z-926360444-rc2vtz9makg5-rtrmadp-3-brazil-politics.jpg\" alt=\"Lula durante encontro com prefeitos em Bras\u00edlia em mar\u00e7o e 2023 \u2014 Foto: Adriano Machado\/Reuters\" \/><\/figure>\n\n\n\n<p>Lula durante encontro com prefeitos em Bras\u00edlia em mar\u00e7o e 2023 \u2014 Foto: Adriano Machado\/Reuters<\/p>\n\n\n\n<p>O Minist\u00e9rio da Fazenda estimou nesta sexta-feira (17) um crescimento de 1,61% do Produto Interno Bruto (PIB) brasileiro em 2023.<\/p>\n\n\n\n<p>A informa\u00e7\u00e3o consta do Boletim Macrofiscal, divulgado pela Secretaria de Pol\u00edtica Econ\u00f4mica.<\/p>\n\n\n\n<p>Essa \u00e9 a primeira previs\u00e3o do PIB de 2023 divulgada pela nova equipe econ\u00f4mica, do governo do presidente Luiz In\u00e1cio Lula da Silva.<\/p>\n\n\n\n<p>A expectativa do Minist\u00e9rio da Fazenda representa desacelera\u00e7\u00e3o frente ao ano de 2022,&nbsp;<a class=\"\" href=\"https:\/\/g1.globo.com\/economia\/noticia\/2023\/03\/02\/edit-pib-do-brasil-avanca-29percent-em-2022.ghtml\">quando a economia registrou uma alta de 2,9%.<\/a><\/p>\n\n\n\n<blockquote class=\"wp-block-quote is-layout-flow wp-block-quote-is-layout-flow\">\n<p>De acordo com o governo, a desacelera\u00e7\u00e3o da economia neste ano est\u00e1 relacionada, entre outros fatores, com os &#8220;efeitos contracionistas da pol\u00edtica monet\u00e1ria [alta dos juros pelo Banco Central para combater a infla\u00e7\u00e3o] sobre o ciclo econ\u00f4mico e sobre o mercado de cr\u00e9dito&#8221;.<\/p>\n<\/blockquote>\n\n\n\n<p>Essa \u00e9 uma nova refer\u00eancia da equipe econ\u00f4mica ao processo de alta dos juros, conduzido pelo Banco Central para tentar conter as press\u00f5es inflacion\u00e1rias.<\/p>\n\n\n\n<p>O BC aut\u00f4nomo, comandado por Roberto Campos Neto, indicado pelo ex-presidente Jair Bolsonaro, j\u00e1 foi&nbsp;<a class=\"\" href=\"https:\/\/g1.globo.com\/economia\/noticia\/2023\/02\/07\/lula-x-banco-central-entenda-as-criticas-do-presidente-e-os-efeitos-da-briga-na-economia.ghtml\">alvo de ataques do presidente Luiz In\u00e1cio Lula da Silva<\/a>, em raz\u00e3o da taxa b\u00e1sica de juros,&nbsp;<a class=\"\" href=\"https:\/\/g1.globo.com\/economia\/noticia\/2023\/02\/01\/copom-mantem-taxa-basica-de-juros-da-economia-em-1375percent-na-primeira-reuniao-do-ano.ghtml\">atualmente em 13,75%<\/a>.<\/p>\n\n\n\n<p><strong>Para 2024, o Minist\u00e9rio da Economia projetou um crescimento de 2,34% para o PIB brasileiro.<\/strong><\/p>\n\n\n\n<h2 class=\"wp-block-heading\">Outras previs\u00f5es<\/h2>\n\n\n\n<p>Apesar previs\u00e3o de desacelera\u00e7\u00e3o, a estimativa do governo federal ficou bem acima da proje\u00e7\u00e3o do mercado financeiro, fruto de coleta feita pelo BC na \u00faltima semana com mais de 100 bancos, e tamb\u00e9m do pr\u00f3prio Banco Central no fim do ano passado.<\/p>\n\n\n\n<ul class=\"wp-block-list\">\n<li>Na semana passada, o&nbsp;<a class=\"\" href=\"https:\/\/g1.globo.com\/economia\/noticia\/2023\/03\/13\/mercado-financeiro-eleva-estimativa-de-inflacao-para-596percent-neste-ano-e-ve-alta-maior-do-pib.ghtml\">mercado financeiro projetou uma alta de 0,89% para o PIB deste ano<\/a>&nbsp;e de 1,5% para 2024.<\/li>\n\n\n\n<li>Em dezembro de 2022, o Banco Central, aut\u00f4nomo e chefiado por Roberto Campos Neto, indicado pelo ex-presidente Jair Bolsonaro,&nbsp;<a class=\"\" href=\"https:\/\/g1.globo.com\/economia\/noticia\/2022\/12\/15\/bc-sobe-de-27percent-para-29percent-a-projecao-de-alta-do-pib-neste-ano-e-ve-crescimento-menor-em-2023.ghtml\">divulgou uma previs\u00e3o de alta de 1% para o PIB de 2023.<\/a><\/li>\n\n\n\n<li>J\u00e1 o antigo Minist\u00e9rio da Economia, tamb\u00e9m da gest\u00e3o anterior,&nbsp;<a class=\"\" href=\"https:\/\/g1.globo.com\/economia\/noticia\/2022\/11\/17\/governo-reduz-estimativa-de-inflacao-em-2022-e-mantem-previsao-de-alta-do-pib-em-27percent.ghtml\">estimou em novembro de 2022 que a economia teria uma expans\u00e3o de 2,1% neste ano.<\/a><\/li>\n<\/ul>\n\n\n\n<h2 class=\"wp-block-heading\">Endividamento em alta<\/h2>\n\n\n\n<p>O Minist\u00e9rio tamb\u00e9m informou que a desacelera\u00e7\u00e3o deve ocorrer tanto no setor de servi\u00e7os quando na ind\u00fastria, e tamb\u00e9m citou o alto n\u00edvel de endividamento como raz\u00e3o para a alta menor do PIB.<\/p>\n\n\n\n<p>&#8220;O elevado endividamento e comprometimento de renda da popula\u00e7\u00e3o deve afetar o ritmo das atividades no setor de servi\u00e7os, apesar das medidas de prote\u00e7\u00e3o social previstas (eleva\u00e7\u00e3o real do sal\u00e1rio-m\u00ednimo, maior faixa de isen\u00e7\u00e3o de IR e os novos programas Bolsa Fam\u00edlia, e Desenrola)&#8221;, acrescentou.<\/p>\n\n\n\n<h2 class=\"wp-block-heading\">Infla\u00e7\u00e3o<\/h2>\n\n\n\n<p>O Minist\u00e9rio da Fazenda tamb\u00e9m estimou que o&nbsp;<strong>\u00cdndice Nacional de Pre\u00e7os ao Consumidor Amplo (IPCA) de 2023 somar\u00e1 5,31%.<\/strong><\/p>\n\n\n\n<p>Para este ano, a meta central de infla\u00e7\u00e3o foi fixada em 3,25% pelo Conselho Monet\u00e1rio Nacional (CMN) e ser\u00e1 considerada formalmente cumprida se oscilar entre 1,75% e 4,75%.<\/p>\n\n\n\n<ul class=\"wp-block-list\">\n<li><strong>Especial g1:<\/strong>&nbsp;<a class=\"\" href=\"https:\/\/g1.globo.com\/economia\/inflacao-o-que-e\/platb#:~:text=%22A%20taxa%20de%20infla%C3%A7%C3%A3o%20%C3%A9,um%20fen%C3%B4meno%20de%20longo%20prazo.%22\">o que \u00e9 infla\u00e7\u00e3o<\/a><\/li>\n\n\n\n<li><strong>Entenda:<\/strong>&nbsp;<a class=\"\" href=\"https:\/\/g1.globo.com\/economia\/inflacao-efeitos\/platb\">como a infla\u00e7\u00e3o mexe no seu bolso<\/a><\/li>\n<\/ul>\n\n\n\n<p>Se confirmado, esse ser\u00e1 o&nbsp;terceiro ano seguido de estouro da meta de infla\u00e7\u00e3o, ou seja, no qual o IPCA fica acima do teto fixado pelo sistema de metas.&nbsp;<a class=\"\" href=\"https:\/\/g1.globo.com\/economia\/noticia\/2023\/01\/10\/ipca-fica-em-062percent-em-dezembro-aponta-ibge.ghtml\">Em 2022, a infla\u00e7\u00e3o somou 5,79%.<\/a><\/p>\n\n\n\n<p>Quanto maior a infla\u00e7\u00e3o, menor \u00e9 o poder de compra das pessoas, principalmente das que recebem sal\u00e1rios menores. Isso, porque os pre\u00e7os dos produtos aumentam sem que o sal\u00e1rio acompanhe esse crescimento.<\/p>\n\n\n\n<p>Para 2024, a&nbsp;<strong>Secretaria de Pol\u00edtica Econ\u00f4mica do Minist\u00e9rio da Fazenda estimou que a infla\u00e7\u00e3o oficial, medida pelo IPCA, somar\u00e1 3,52%.<\/strong><\/p>\n\n\n\n<p>A meta de infla\u00e7\u00e3o do pr\u00f3ximo ano, definida pelo Conselho Monet\u00e1rio Nacional (CMN), \u00e9 de 3% e ser\u00e1 considerada cumprida se oscilar entre 1,5% e 4,5%.<\/p>\n\n\n\n<p>Fonte:https:\/\/g1.globo.com\/economia\/noticia\/2023\/03\/17\/governo-lula-estima-desaceleracao-no-pib-de-2023-com-alta-de-16percent-e-ve-novo-estouro-da-meta-de-inflacao.ghtml<\/p>\n","protected":false},"excerpt":{"rendered":"<p>Fazenda divulgou estimativas para a economia neste ano. Se confirmado, crescimento de 1,61% significar\u00e1 desacelera\u00e7\u00e3o da atividade econ\u00f4mica em rela\u00e7\u00e3o a 2022, que registrou alta de 2,9% Lula durante encontro com prefeitos em Bras\u00edlia em mar\u00e7o e 2023 \u2014 Foto: Adriano Machado\/Reuters O Minist\u00e9rio da Fazenda estimou nesta sexta-feira (17) um crescimento de 1,61% do [&hellip;]<\/p>\n","protected":false},"author":3,"featured_media":3802,"comment_status":"open","ping_status":"open","sticky":false,"template":"","format":"standard","meta":{"_joinchat":[],"footnotes":""},"categories":[1],"tags":[],"class_list":["post-3801","post","type-post","status-publish","format-standard","has-post-thumbnail","hentry","category-the-fortune-one"],"yoast_head":"<!-- This site is optimized with the Yoast SEO plugin v27.5 - https:\/\/yoast.com\/product\/yoast-seo-wordpress\/ -->\n<title>Governo estima crescimento do PIB de 1,6% em 2023 e v\u00ea novo estouro da meta de infla\u00e7\u00e3o - The Fortune.one<\/title>\n<meta name=\"description\" content=\"Somos especialistas em gest\u00e3o patrimonial, op\u00e7\u00f5es de investimentos para diversos perfis, nosso diferencial \u00e9 comprovado com resultados.\" \/>\n<meta name=\"robots\" content=\"index, follow, max-snippet:-1, max-image-preview:large, max-video-preview:-1\" \/>\n<link rel=\"canonical\" href=\"https:\/\/thefortune.one\/pt\/governo-estima-crescimento-do-pib-de-16-em-2023-e-ve-novo-estouro-da-meta-de-inflacao-2\/\" \/>\n<meta property=\"og:locale\" content=\"pt_BR\" \/>\n<meta property=\"og:type\" content=\"article\" \/>\n<meta property=\"og:title\" content=\"Governo estima crescimento do PIB de 1,6% em 2023 e v\u00ea novo estouro da meta de infla\u00e7\u00e3o - The Fortune.one\" \/>\n<meta property=\"og:description\" content=\"Somos especialistas em gest\u00e3o patrimonial, op\u00e7\u00f5es de investimentos para diversos perfis, nosso diferencial \u00e9 comprovado com resultados.\" \/>\n<meta property=\"og:url\" content=\"https:\/\/thefortune.one\/pt\/governo-estima-crescimento-do-pib-de-16-em-2023-e-ve-novo-estouro-da-meta-de-inflacao-2\/\" \/>\n<meta property=\"og:site_name\" content=\"The Fortune.one\" \/>\n<meta property=\"article:published_time\" content=\"2023-05-18T13:43:42+00:00\" \/>\n<meta property=\"og:image\" content=\"https:\/\/thefortune.one\/wp-content\/uploads\/2023\/05\/luiz-inacio.jpg\" \/>\n\t<meta property=\"og:image:width\" content=\"984\" \/>\n\t<meta property=\"og:image:height\" content=\"656\" \/>\n\t<meta property=\"og:image:type\" content=\"image\/jpeg\" \/>\n<meta name=\"author\" content=\"bianca\" \/>\n<meta name=\"twitter:card\" content=\"summary_large_image\" \/>\n<meta name=\"twitter:label1\" content=\"Escrito por\" \/>\n\t<meta name=\"twitter:data1\" content=\"bianca\" \/>\n\t<meta name=\"twitter:label2\" content=\"Est. tempo de leitura\" \/>\n\t<meta name=\"twitter:data2\" content=\"3 minutos\" \/>\n<script type=\"application\/ld+json\" class=\"yoast-schema-graph\">{\"@context\":\"https:\\\/\\\/schema.org\",\"@graph\":[{\"@type\":\"Article\",\"@id\":\"https:\\\/\\\/thefortune.one\\\/pt\\\/governo-estima-crescimento-do-pib-de-16-em-2023-e-ve-novo-estouro-da-meta-de-inflacao-2\\\/#article\",\"isPartOf\":{\"@id\":\"https:\\\/\\\/thefortune.one\\\/pt\\\/governo-estima-crescimento-do-pib-de-16-em-2023-e-ve-novo-estouro-da-meta-de-inflacao-2\\\/\"},\"author\":{\"name\":\"bianca\",\"@id\":\"https:\\\/\\\/thefortune.one\\\/pt\\\/#\\\/schema\\\/person\\\/6cd8fe72a627d36caabf41815984a16f\"},\"headline\":\"Governo estima crescimento do PIB de 1,6% em 2023 e v\u00ea novo estouro da meta de infla\u00e7\u00e3o\",\"datePublished\":\"2023-05-18T13:43:42+00:00\",\"mainEntityOfPage\":{\"@id\":\"https:\\\/\\\/thefortune.one\\\/pt\\\/governo-estima-crescimento-do-pib-de-16-em-2023-e-ve-novo-estouro-da-meta-de-inflacao-2\\\/\"},\"wordCount\":693,\"commentCount\":0,\"publisher\":{\"@id\":\"https:\\\/\\\/thefortune.one\\\/pt\\\/#organization\"},\"image\":{\"@id\":\"https:\\\/\\\/thefortune.one\\\/pt\\\/governo-estima-crescimento-do-pib-de-16-em-2023-e-ve-novo-estouro-da-meta-de-inflacao-2\\\/#primaryimage\"},\"thumbnailUrl\":\"https:\\\/\\\/thefortune.one\\\/wp-content\\\/uploads\\\/2023\\\/05\\\/luiz-inacio.jpg\",\"articleSection\":[\"The Fortune.one\"],\"inLanguage\":\"pt-BR\",\"potentialAction\":[{\"@type\":\"CommentAction\",\"name\":\"Comment\",\"target\":[\"https:\\\/\\\/thefortune.one\\\/pt\\\/governo-estima-crescimento-do-pib-de-16-em-2023-e-ve-novo-estouro-da-meta-de-inflacao-2\\\/#respond\"]}]},{\"@type\":\"WebPage\",\"@id\":\"https:\\\/\\\/thefortune.one\\\/pt\\\/governo-estima-crescimento-do-pib-de-16-em-2023-e-ve-novo-estouro-da-meta-de-inflacao-2\\\/\",\"url\":\"https:\\\/\\\/thefortune.one\\\/pt\\\/governo-estima-crescimento-do-pib-de-16-em-2023-e-ve-novo-estouro-da-meta-de-inflacao-2\\\/\",\"name\":\"Governo estima crescimento do PIB de 1,6% em 2023 e v\u00ea novo estouro da meta de infla\u00e7\u00e3o - The Fortune.one\",\"isPartOf\":{\"@id\":\"https:\\\/\\\/thefortune.one\\\/pt\\\/#website\"},\"primaryImageOfPage\":{\"@id\":\"https:\\\/\\\/thefortune.one\\\/pt\\\/governo-estima-crescimento-do-pib-de-16-em-2023-e-ve-novo-estouro-da-meta-de-inflacao-2\\\/#primaryimage\"},\"image\":{\"@id\":\"https:\\\/\\\/thefortune.one\\\/pt\\\/governo-estima-crescimento-do-pib-de-16-em-2023-e-ve-novo-estouro-da-meta-de-inflacao-2\\\/#primaryimage\"},\"thumbnailUrl\":\"https:\\\/\\\/thefortune.one\\\/wp-content\\\/uploads\\\/2023\\\/05\\\/luiz-inacio.jpg\",\"datePublished\":\"2023-05-18T13:43:42+00:00\",\"description\":\"Somos especialistas em gest\u00e3o patrimonial, op\u00e7\u00f5es de investimentos para diversos perfis, nosso diferencial \u00e9 comprovado com resultados.\",\"breadcrumb\":{\"@id\":\"https:\\\/\\\/thefortune.one\\\/pt\\\/governo-estima-crescimento-do-pib-de-16-em-2023-e-ve-novo-estouro-da-meta-de-inflacao-2\\\/#breadcrumb\"},\"inLanguage\":\"pt-BR\",\"potentialAction\":[{\"@type\":\"ReadAction\",\"target\":[\"https:\\\/\\\/thefortune.one\\\/pt\\\/governo-estima-crescimento-do-pib-de-16-em-2023-e-ve-novo-estouro-da-meta-de-inflacao-2\\\/\"]}]},{\"@type\":\"ImageObject\",\"inLanguage\":\"pt-BR\",\"@id\":\"https:\\\/\\\/thefortune.one\\\/pt\\\/governo-estima-crescimento-do-pib-de-16-em-2023-e-ve-novo-estouro-da-meta-de-inflacao-2\\\/#primaryimage\",\"url\":\"https:\\\/\\\/thefortune.one\\\/wp-content\\\/uploads\\\/2023\\\/05\\\/luiz-inacio.jpg\",\"contentUrl\":\"https:\\\/\\\/thefortune.one\\\/wp-content\\\/uploads\\\/2023\\\/05\\\/luiz-inacio.jpg\",\"width\":984,\"height\":656},{\"@type\":\"BreadcrumbList\",\"@id\":\"https:\\\/\\\/thefortune.one\\\/pt\\\/governo-estima-crescimento-do-pib-de-16-em-2023-e-ve-novo-estouro-da-meta-de-inflacao-2\\\/#breadcrumb\",\"itemListElement\":[{\"@type\":\"ListItem\",\"position\":1,\"name\":\"In\u00edcio\",\"item\":\"https:\\\/\\\/thefortune.one\\\/pt\\\/\"},{\"@type\":\"ListItem\",\"position\":2,\"name\":\"Governo estima crescimento do PIB de 1,6% em 2023 e v\u00ea novo estouro da meta de infla\u00e7\u00e3o\"}]},{\"@type\":\"WebSite\",\"@id\":\"https:\\\/\\\/thefortune.one\\\/pt\\\/#website\",\"url\":\"https:\\\/\\\/thefortune.one\\\/pt\\\/\",\"name\":\"The Fortune.one\",\"description\":\"Gestora de Recursos Especializada em Private Equity\",\"publisher\":{\"@id\":\"https:\\\/\\\/thefortune.one\\\/pt\\\/#organization\"},\"potentialAction\":[{\"@type\":\"SearchAction\",\"target\":{\"@type\":\"EntryPoint\",\"urlTemplate\":\"https:\\\/\\\/thefortune.one\\\/pt\\\/?s={search_term_string}\"},\"query-input\":{\"@type\":\"PropertyValueSpecification\",\"valueRequired\":true,\"valueName\":\"search_term_string\"}}],\"inLanguage\":\"pt-BR\"},{\"@type\":\"Organization\",\"@id\":\"https:\\\/\\\/thefortune.one\\\/pt\\\/#organization\",\"name\":\"The Fortune One\",\"url\":\"https:\\\/\\\/thefortune.one\\\/pt\\\/\",\"logo\":{\"@type\":\"ImageObject\",\"inLanguage\":\"pt-BR\",\"@id\":\"https:\\\/\\\/thefortune.one\\\/pt\\\/#\\\/schema\\\/logo\\\/image\\\/\",\"url\":\"https:\\\/\\\/thefortune.one\\\/wp-content\\\/uploads\\\/2022\\\/11\\\/cropped-cropped-1651682701199-1.jpg\",\"contentUrl\":\"https:\\\/\\\/thefortune.one\\\/wp-content\\\/uploads\\\/2022\\\/11\\\/cropped-cropped-1651682701199-1.jpg\",\"width\":369,\"height\":421,\"caption\":\"The Fortune One\"},\"image\":{\"@id\":\"https:\\\/\\\/thefortune.one\\\/pt\\\/#\\\/schema\\\/logo\\\/image\\\/\"}},{\"@type\":\"Person\",\"@id\":\"https:\\\/\\\/thefortune.one\\\/pt\\\/#\\\/schema\\\/person\\\/6cd8fe72a627d36caabf41815984a16f\",\"name\":\"bianca\",\"image\":{\"@type\":\"ImageObject\",\"inLanguage\":\"pt-BR\",\"@id\":\"https:\\\/\\\/secure.gravatar.com\\\/avatar\\\/66cd7b00d93410555e00d1e6a911a86de0cd0cfa4f83a2f8b47eddc2968c98af?s=96&d=mm&r=g\",\"url\":\"https:\\\/\\\/secure.gravatar.com\\\/avatar\\\/66cd7b00d93410555e00d1e6a911a86de0cd0cfa4f83a2f8b47eddc2968c98af?s=96&d=mm&r=g\",\"contentUrl\":\"https:\\\/\\\/secure.gravatar.com\\\/avatar\\\/66cd7b00d93410555e00d1e6a911a86de0cd0cfa4f83a2f8b47eddc2968c98af?s=96&d=mm&r=g\",\"caption\":\"bianca\"},\"url\":\"https:\\\/\\\/thefortune.one\\\/pt\\\/author\\\/bianca\\\/\"}]}<\/script>\n<!-- \/ Yoast SEO plugin. -->","yoast_head_json":{"title":"Governo estima crescimento do PIB de 1,6% em 2023 e v\u00ea novo estouro da meta de infla\u00e7\u00e3o - The Fortune.one","description":"Somos especialistas em gest\u00e3o patrimonial, op\u00e7\u00f5es de investimentos para diversos perfis, nosso diferencial \u00e9 comprovado com resultados.","robots":{"index":"index","follow":"follow","max-snippet":"max-snippet:-1","max-image-preview":"max-image-preview:large","max-video-preview":"max-video-preview:-1"},"canonical":"https:\/\/thefortune.one\/pt\/governo-estima-crescimento-do-pib-de-16-em-2023-e-ve-novo-estouro-da-meta-de-inflacao-2\/","og_locale":"pt_BR","og_type":"article","og_title":"Governo estima crescimento do PIB de 1,6% em 2023 e v\u00ea novo estouro da meta de infla\u00e7\u00e3o - The Fortune.one","og_description":"Somos especialistas em gest\u00e3o patrimonial, op\u00e7\u00f5es de investimentos para diversos perfis, nosso diferencial \u00e9 comprovado com resultados.","og_url":"https:\/\/thefortune.one\/pt\/governo-estima-crescimento-do-pib-de-16-em-2023-e-ve-novo-estouro-da-meta-de-inflacao-2\/","og_site_name":"The Fortune.one","article_published_time":"2023-05-18T13:43:42+00:00","og_image":[{"width":984,"height":656,"url":"https:\/\/thefortune.one\/wp-content\/uploads\/2023\/05\/luiz-inacio.jpg","type":"image\/jpeg"}],"author":"bianca","twitter_card":"summary_large_image","twitter_misc":{"Escrito por":"bianca","Est. tempo de leitura":"3 minutos"},"schema":{"@context":"https:\/\/schema.org","@graph":[{"@type":"Article","@id":"https:\/\/thefortune.one\/pt\/governo-estima-crescimento-do-pib-de-16-em-2023-e-ve-novo-estouro-da-meta-de-inflacao-2\/#article","isPartOf":{"@id":"https:\/\/thefortune.one\/pt\/governo-estima-crescimento-do-pib-de-16-em-2023-e-ve-novo-estouro-da-meta-de-inflacao-2\/"},"author":{"name":"bianca","@id":"https:\/\/thefortune.one\/pt\/#\/schema\/person\/6cd8fe72a627d36caabf41815984a16f"},"headline":"Governo estima crescimento do PIB de 1,6% em 2023 e v\u00ea novo estouro da meta de infla\u00e7\u00e3o","datePublished":"2023-05-18T13:43:42+00:00","mainEntityOfPage":{"@id":"https:\/\/thefortune.one\/pt\/governo-estima-crescimento-do-pib-de-16-em-2023-e-ve-novo-estouro-da-meta-de-inflacao-2\/"},"wordCount":693,"commentCount":0,"publisher":{"@id":"https:\/\/thefortune.one\/pt\/#organization"},"image":{"@id":"https:\/\/thefortune.one\/pt\/governo-estima-crescimento-do-pib-de-16-em-2023-e-ve-novo-estouro-da-meta-de-inflacao-2\/#primaryimage"},"thumbnailUrl":"https:\/\/thefortune.one\/wp-content\/uploads\/2023\/05\/luiz-inacio.jpg","articleSection":["The Fortune.one"],"inLanguage":"pt-BR","potentialAction":[{"@type":"CommentAction","name":"Comment","target":["https:\/\/thefortune.one\/pt\/governo-estima-crescimento-do-pib-de-16-em-2023-e-ve-novo-estouro-da-meta-de-inflacao-2\/#respond"]}]},{"@type":"WebPage","@id":"https:\/\/thefortune.one\/pt\/governo-estima-crescimento-do-pib-de-16-em-2023-e-ve-novo-estouro-da-meta-de-inflacao-2\/","url":"https:\/\/thefortune.one\/pt\/governo-estima-crescimento-do-pib-de-16-em-2023-e-ve-novo-estouro-da-meta-de-inflacao-2\/","name":"Governo estima crescimento do PIB de 1,6% em 2023 e v\u00ea novo estouro da meta de infla\u00e7\u00e3o - The Fortune.one","isPartOf":{"@id":"https:\/\/thefortune.one\/pt\/#website"},"primaryImageOfPage":{"@id":"https:\/\/thefortune.one\/pt\/governo-estima-crescimento-do-pib-de-16-em-2023-e-ve-novo-estouro-da-meta-de-inflacao-2\/#primaryimage"},"image":{"@id":"https:\/\/thefortune.one\/pt\/governo-estima-crescimento-do-pib-de-16-em-2023-e-ve-novo-estouro-da-meta-de-inflacao-2\/#primaryimage"},"thumbnailUrl":"https:\/\/thefortune.one\/wp-content\/uploads\/2023\/05\/luiz-inacio.jpg","datePublished":"2023-05-18T13:43:42+00:00","description":"Somos especialistas em gest\u00e3o patrimonial, op\u00e7\u00f5es de investimentos para diversos perfis, nosso diferencial \u00e9 comprovado com resultados.","breadcrumb":{"@id":"https:\/\/thefortune.one\/pt\/governo-estima-crescimento-do-pib-de-16-em-2023-e-ve-novo-estouro-da-meta-de-inflacao-2\/#breadcrumb"},"inLanguage":"pt-BR","potentialAction":[{"@type":"ReadAction","target":["https:\/\/thefortune.one\/pt\/governo-estima-crescimento-do-pib-de-16-em-2023-e-ve-novo-estouro-da-meta-de-inflacao-2\/"]}]},{"@type":"ImageObject","inLanguage":"pt-BR","@id":"https:\/\/thefortune.one\/pt\/governo-estima-crescimento-do-pib-de-16-em-2023-e-ve-novo-estouro-da-meta-de-inflacao-2\/#primaryimage","url":"https:\/\/thefortune.one\/wp-content\/uploads\/2023\/05\/luiz-inacio.jpg","contentUrl":"https:\/\/thefortune.one\/wp-content\/uploads\/2023\/05\/luiz-inacio.jpg","width":984,"height":656},{"@type":"BreadcrumbList","@id":"https:\/\/thefortune.one\/pt\/governo-estima-crescimento-do-pib-de-16-em-2023-e-ve-novo-estouro-da-meta-de-inflacao-2\/#breadcrumb","itemListElement":[{"@type":"ListItem","position":1,"name":"In\u00edcio","item":"https:\/\/thefortune.one\/pt\/"},{"@type":"ListItem","position":2,"name":"Governo estima crescimento do PIB de 1,6% em 2023 e v\u00ea novo estouro da meta de infla\u00e7\u00e3o"}]},{"@type":"WebSite","@id":"https:\/\/thefortune.one\/pt\/#website","url":"https:\/\/thefortune.one\/pt\/","name":"The Fortune.one","description":"Gestora de Recursos Especializada em Private Equity","publisher":{"@id":"https:\/\/thefortune.one\/pt\/#organization"},"potentialAction":[{"@type":"SearchAction","target":{"@type":"EntryPoint","urlTemplate":"https:\/\/thefortune.one\/pt\/?s={search_term_string}"},"query-input":{"@type":"PropertyValueSpecification","valueRequired":true,"valueName":"search_term_string"}}],"inLanguage":"pt-BR"},{"@type":"Organization","@id":"https:\/\/thefortune.one\/pt\/#organization","name":"The Fortune One","url":"https:\/\/thefortune.one\/pt\/","logo":{"@type":"ImageObject","inLanguage":"pt-BR","@id":"https:\/\/thefortune.one\/pt\/#\/schema\/logo\/image\/","url":"https:\/\/thefortune.one\/wp-content\/uploads\/2022\/11\/cropped-cropped-1651682701199-1.jpg","contentUrl":"https:\/\/thefortune.one\/wp-content\/uploads\/2022\/11\/cropped-cropped-1651682701199-1.jpg","width":369,"height":421,"caption":"The Fortune One"},"image":{"@id":"https:\/\/thefortune.one\/pt\/#\/schema\/logo\/image\/"}},{"@type":"Person","@id":"https:\/\/thefortune.one\/pt\/#\/schema\/person\/6cd8fe72a627d36caabf41815984a16f","name":"bianca","image":{"@type":"ImageObject","inLanguage":"pt-BR","@id":"https:\/\/secure.gravatar.com\/avatar\/66cd7b00d93410555e00d1e6a911a86de0cd0cfa4f83a2f8b47eddc2968c98af?s=96&d=mm&r=g","url":"https:\/\/secure.gravatar.com\/avatar\/66cd7b00d93410555e00d1e6a911a86de0cd0cfa4f83a2f8b47eddc2968c98af?s=96&d=mm&r=g","contentUrl":"https:\/\/secure.gravatar.com\/avatar\/66cd7b00d93410555e00d1e6a911a86de0cd0cfa4f83a2f8b47eddc2968c98af?s=96&d=mm&r=g","caption":"bianca"},"url":"https:\/\/thefortune.one\/pt\/author\/bianca\/"}]}},"_links":{"self":[{"href":"https:\/\/thefortune.one\/pt\/wp-json\/wp\/v2\/posts\/3801","targetHints":{"allow":["GET"]}}],"collection":[{"href":"https:\/\/thefortune.one\/pt\/wp-json\/wp\/v2\/posts"}],"about":[{"href":"https:\/\/thefortune.one\/pt\/wp-json\/wp\/v2\/types\/post"}],"author":[{"embeddable":true,"href":"https:\/\/thefortune.one\/pt\/wp-json\/wp\/v2\/users\/3"}],"replies":[{"embeddable":true,"href":"https:\/\/thefortune.one\/pt\/wp-json\/wp\/v2\/comments?post=3801"}],"version-history":[{"count":1,"href":"https:\/\/thefortune.one\/pt\/wp-json\/wp\/v2\/posts\/3801\/revisions"}],"predecessor-version":[{"id":3803,"href":"https:\/\/thefortune.one\/pt\/wp-json\/wp\/v2\/posts\/3801\/revisions\/3803"}],"wp:featuredmedia":[{"embeddable":true,"href":"https:\/\/thefortune.one\/pt\/wp-json\/wp\/v2\/media\/3802"}],"wp:attachment":[{"href":"https:\/\/thefortune.one\/pt\/wp-json\/wp\/v2\/media?parent=3801"}],"wp:term":[{"taxonomy":"category","embeddable":true,"href":"https:\/\/thefortune.one\/pt\/wp-json\/wp\/v2\/categories?post=3801"},{"taxonomy":"post_tag","embeddable":true,"href":"https:\/\/thefortune.one\/pt\/wp-json\/wp\/v2\/tags?post=3801"}],"curies":[{"name":"wp","href":"https:\/\/api.w.org\/{rel}","templated":true}]}}